{"id":41563,"date":"2022-09-16T17:18:00","date_gmt":"2022-09-16T15:18:00","guid":{"rendered":"https:\/\/www.laguiadepamplona.com\/actualidad\/?p=41563"},"modified":"2023-04-11T11:47:50","modified_gmt":"2023-04-11T09:47:50","slug":"la-sala-de-armas-recorre-la-historia-del-ejercito-del-aire-y-del-espacio-en-la-exposicion-volar-historia-de-una-aventura-que-incluye-numerosas-maquetas-de-aeronaves","status":"publish","type":"post","link":"https:\/\/www.laguiadepamplona.com\/actualidad\/la-sala-de-armas-recorre-la-historia-del-ejercito-del-aire-y-del-espacio-en-la-exposicion-volar-historia-de-una-aventura-que-incluye-numerosas-maquetas-de-aeronaves\/","title":{"rendered":"La Sala de Armas recorre la historia del Ej\u00e9rcito del Aire y del Espacio en la exposici\u00f3n \u2018Volar, historia de una aventura\u2019, que incluye numerosas maquetas de aeronaves"},"content":{"rendered":"<h5>La mayor\u00eda de las maquetas de la muestra, que se celebra desde este viernes al 2 de octubre, est\u00e1n declaradas Bien de Inter\u00e9s Cultural<\/h5>\n<p><!--more--><\/p>\n<p>La Sala de Armas de la Ciudadela acoge entre hoy, 16 de septiembre, y el 2 de octubre la exposici\u00f3n \u2018Volar, historia de una aventura\u2019, un recorrido por los momentos m\u00e1s significativos de la historia de la Aviaci\u00f3n Militar espa\u00f1ola, desde la creaci\u00f3n del Servicio Militar de Aerostaci\u00f3n, a finales del siglo XIX, hasta llegar a nuestros d\u00edas, en los que el Ej\u00e9rcito del Aire y del Espacio se consolida como una Fuerza Aeroespacial del siglo XXI.<\/p>\n<p>En la inauguraci\u00f3n de la muestra, comisariada por el Museo de Aeron\u00e1utica y Astron\u00e1utica de Madrid (MAA) y formada por piezas procedentes de sus colecciones, ha estado presente el alcalde de Pamplona, Enrique Maya; el vicepresidente del Gobierno de Navarra, Javier Rem\u00edrez; y el general jefe del Servicio Hist\u00f3rico y Cultural del Ej\u00e9rcito del Aire y del Espacio, Jos\u00e9 Luis Figuero, entre otras autoridades pol\u00edticas y militares.<br \/>\n<script async src=\"\/\/pagead2.googlesyndication.com\/pagead\/js\/adsbygoogle.js\"><\/script><br \/>\n<!-- Noticias La Guia de Pamplona --><br \/>\n<ins class=\"adsbygoogle\"\nstyle=\"display:block\"\ndata-ad-client=\"ca-pub-6943679897239327\"\ndata-ad-slot=\"7048180777\"\ndata-ad-format=\"auto\"><\/ins><br \/>\n<script>\n(adsbygoogle = window.adsbygoogle || []).push({});\n<\/script><\/p>\n<p>La exposici\u00f3n incluye veinte maquetas de aeronaves pertenecientes a la colecci\u00f3n del Museo de Aeron\u00e1utica y Astron\u00e1utica de Madrid, una maqueta del edificio del cuartel general del Ej\u00e9rcito del Aire, una vitrina con libros de la Biblioteca Central del Ej\u00e9rcito del Aire y del Espacio, un v\u00eddeo, dos cascos de vuelo y la palanca de mando de un avi\u00f3n. Adem\u00e1s, la muestra ofrece tres fotograf\u00edas a\u00e9reas de Pamplona realizadas por el Centro Cartogr\u00e1fico del Ej\u00e9rcito del Aire (CECAF). La mayor\u00eda de las maquetas est\u00e1n declaradas Bien de Inter\u00e9s Cultural.<\/p>\n<p>La actual hip\u00f3tesis de que la primera persona que vol\u00f3 en un aeroplano en Espa\u00f1a fue el jesuita navarro Enrique Ascunce en verano de 1909, posiciona a la Comunidad Foral de Navarra en un lugar de privilegio dentro de la historia de la aeron\u00e1utica espa\u00f1ola, que se ve reforzado por la presencia del piloto franc\u00e9s Leonce Garnier en Pamplona en 1910. Estos y otros muchos datos hist\u00f3ricos est\u00e1n al alcance de las personas que visiten la exposici\u00f3n, que permite acercarse a la cultura aeron\u00e1utica a trav\u00e9s de diez unidades tem\u00e1ticas.<\/p>\n<p>La exposici\u00f3n presenta una imagen renovada, fruto de la revisi\u00f3n y mejora del discurso expositivo, as\u00ed como de sus elementos museogr\u00e1ficos y comunicativos. Se contar\u00e1 igualmente con la ayuda de los voluntarios de la Asociaci\u00f3n de Amigos del Museo del Aire, que ofrecer\u00e1n un servicio de gu\u00eda gratuito a todas aquellas personas que lo soliciten. El horario de la Sala de Armas es de martes a s\u00e1bados de 11.30 a 13.30 horas y de 18.00 a 20.30 horas; domingos y festivos, de 11.30 a 13.30 horas, y el lunes no est\u00e1 abierta al p\u00fablico.<br \/>\n<script async src=\"\/\/pagead2.googlesyndication.com\/pagead\/js\/adsbygoogle.js\"><\/script><br \/>\n<!-- Noticias La Guia de Pamplona --><br \/>\n<ins class=\"adsbygoogle\"\nstyle=\"display:block\"\ndata-ad-client=\"ca-pub-6943679897239327\"\ndata-ad-slot=\"7048180777\"\ndata-ad-format=\"auto\"><\/ins><br \/>\n<script>\n(adsbygoogle = window.adsbygoogle || []).push({});\n<\/script><\/p>\n<p>&nbsp;<\/p>\n<h3>\u2018Volar, Historia de Una Aventura\u2019<\/h3>\n<ul>\n<li>Sala de Armas de la Ciudadela, del 16 de septiembre al 2 de octubre\n<ul>\n<li>De martes a s\u00e1bados: de 11.30 a 13.30 horas y de 18.00 a 20.30 horas.<\/li>\n<li>Domingos y festivos: de 11.30 a 13.30 horas.<\/li>\n<\/ul>\n<\/li>\n<li>Entrada gratuita. Voluntarios de la Asociaci\u00f3n de Amigos del Museo del Aire ofrecen visitas guiadas<\/li>\n<\/ul>\n","protected":false},"excerpt":{"rendered":"<p>La mayor\u00eda de las maquetas de la muestra, que se celebra desde este viernes al 2 de octubre, est\u00e1n declaradas Bien de Inter\u00e9s Cultural<\/p>\n","protected":false},"author":1,"featured_media":41585,"comment_status":"open","ping_status":"closed","sticky":false,"template":"","format":"standard","meta":{"footnotes":""},"categories":[2],"tags":[],"class_list":["post-41563","post","type-post","status-publish","format-standard","has-post-thumbnail","hentry","category-ayuntamiento-pamplona"],"yoast_head":"<!-- This site is optimized with the Yoast SEO plugin v27.5 - https:\/\/yoast.com\/product\/yoast-seo-wordpress\/ -->\n<title>La Sala de Armas recorre la historia del Ej\u00e9rcito del Aire y del Espacio en la exposici\u00f3n \u2018Volar, historia de una aventura\u2019, que incluye numerosas maquetas de aeronaves<\/title>\n<meta name=\"description\" content=\"La mayor\u00eda de las maquetas de la muestra, que se celebra desde este viernes al 2 de octubre, est\u00e1n declaradas Bien de Inter\u00e9s Cultural\" \/>\n<meta name=\"robots\" content=\"index, follow, max-snippet:-1, max-image-preview:large, max-video-preview:-1\" \/>\n<link rel=\"canonical\" href=\"https:\/\/www.laguiadepamplona.com\/actualidad\/la-sala-de-armas-recorre-la-historia-del-ejercito-del-aire-y-del-espacio-en-la-exposicion-volar-historia-de-una-aventura-que-incluye-numerosas-maquetas-de-aeronaves\/\" \/>\n<meta property=\"og:locale\" content=\"es_ES\" \/>\n<meta property=\"og:type\" content=\"article\" \/>\n<meta property=\"og:title\" content=\"La Sala de Armas recorre la historia del Ej\u00e9rcito del Aire y del Espacio en la exposici\u00f3n \u2018Volar, historia de una aventura\u2019, que incluye numerosas maquetas de aeronaves\" \/>\n<meta property=\"og:description\" content=\"La mayor\u00eda de las maquetas de la muestra, que se celebra desde este viernes al 2 de octubre, est\u00e1n declaradas Bien de Inter\u00e9s Cultural\" \/>\n<meta property=\"og:url\" content=\"https:\/\/www.laguiadepamplona.com\/actualidad\/la-sala-de-armas-recorre-la-historia-del-ejercito-del-aire-y-del-espacio-en-la-exposicion-volar-historia-de-una-aventura-que-incluye-numerosas-maquetas-de-aeronaves\/\" \/>\n<meta property=\"og:site_name\" content=\"La Gu\u00eda de Pamplona\" \/>\n<meta property=\"article:publisher\" content=\"https:\/\/www.facebook.com\/laguiadepamplonacom-133175176762273\/?ref=hl\" \/>\n<meta property=\"article:published_time\" content=\"2022-09-16T15:18:00+00:00\" \/>\n<meta property=\"article:modified_time\" content=\"2023-04-11T09:47:50+00:00\" \/>\n<meta property=\"og:image\" content=\"https:\/\/www.laguiadepamplona.com\/actualidad\/wp-content\/uploads\/2022\/09\/expovolarunahistoriaee5a7137_0.webp\" \/>\n\t<meta property=\"og:image:width\" content=\"1920\" \/>\n\t<meta property=\"og:image:height\" content=\"1280\" \/>\n\t<meta property=\"og:image:type\" content=\"image\/webp\" \/>\n<meta name=\"author\" content=\"La Gu\u00eda de Pamplona\" \/>\n<meta name=\"twitter:card\" content=\"summary_large_image\" \/>\n<meta name=\"twitter:creator\" content=\"@LaGuiadPamplona\" \/>\n<meta name=\"twitter:site\" content=\"@LaGuiadPamplona\" \/>\n<meta name=\"twitter:label1\" content=\"Escrito por\" \/>\n\t<meta name=\"twitter:data1\" content=\"La Gu\u00eda de Pamplona\" \/>\n\t<meta name=\"twitter:label2\" content=\"Tiempo de lectura\" \/>\n\t<meta name=\"twitter:data2\" content=\"3 minutos\" \/>\n<script type=\"application\/ld+json\" class=\"yoast-schema-graph\">{\"@context\":\"https:\\\/\\\/schema.org\",\"@graph\":[{\"@type\":\"Article\",\"@id\":\"https:\\\/\\\/www.laguiadepamplona.com\\\/actualidad\\\/la-sala-de-armas-recorre-la-historia-del-ejercito-del-aire-y-del-espacio-en-la-exposicion-volar-historia-de-una-aventura-que-incluye-numerosas-maquetas-de-aeronaves\\\/#article\",\"isPartOf\":{\"@id\":\"https:\\\/\\\/www.laguiadepamplona.com\\\/actualidad\\\/la-sala-de-armas-recorre-la-historia-del-ejercito-del-aire-y-del-espacio-en-la-exposicion-volar-historia-de-una-aventura-que-incluye-numerosas-maquetas-de-aeronaves\\\/\"},\"author\":{\"name\":\"La Gu\u00eda de Pamplona\",\"@id\":\"https:\\\/\\\/www.laguiadepamplona.com\\\/actualidad\\\/#\\\/schema\\\/person\\\/efe887376f0213d4657c93adc50b1fdb\"},\"headline\":\"La Sala de Armas recorre la historia del Ej\u00e9rcito del Aire y del Espacio en la exposici\u00f3n \u2018Volar, historia de una aventura\u2019, que incluye numerosas maquetas de aeronaves\",\"datePublished\":\"2022-09-16T15:18:00+00:00\",\"dateModified\":\"2023-04-11T09:47:50+00:00\",\"mainEntityOfPage\":{\"@id\":\"https:\\\/\\\/www.laguiadepamplona.com\\\/actualidad\\\/la-sala-de-armas-recorre-la-historia-del-ejercito-del-aire-y-del-espacio-en-la-exposicion-volar-historia-de-una-aventura-que-incluye-numerosas-maquetas-de-aeronaves\\\/\"},\"wordCount\":565,\"commentCount\":0,\"publisher\":{\"@id\":\"https:\\\/\\\/www.laguiadepamplona.com\\\/actualidad\\\/#organization\"},\"image\":{\"@id\":\"https:\\\/\\\/www.laguiadepamplona.com\\\/actualidad\\\/la-sala-de-armas-recorre-la-historia-del-ejercito-del-aire-y-del-espacio-en-la-exposicion-volar-historia-de-una-aventura-que-incluye-numerosas-maquetas-de-aeronaves\\\/#primaryimage\"},\"thumbnailUrl\":\"https:\\\/\\\/www.laguiadepamplona.com\\\/actualidad\\\/wp-content\\\/uploads\\\/2022\\\/09\\\/expovolarunahistoriaee5a7137_0.webp\",\"articleSection\":[\"Ayto Pamplona\"],\"inLanguage\":\"es\",\"potentialAction\":[{\"@type\":\"CommentAction\",\"name\":\"Comment\",\"target\":[\"https:\\\/\\\/www.laguiadepamplona.com\\\/actualidad\\\/la-sala-de-armas-recorre-la-historia-del-ejercito-del-aire-y-del-espacio-en-la-exposicion-volar-historia-de-una-aventura-que-incluye-numerosas-maquetas-de-aeronaves\\\/#respond\"]}]},{\"@type\":\"WebPage\",\"@id\":\"https:\\\/\\\/www.laguiadepamplona.com\\\/actualidad\\\/la-sala-de-armas-recorre-la-historia-del-ejercito-del-aire-y-del-espacio-en-la-exposicion-volar-historia-de-una-aventura-que-incluye-numerosas-maquetas-de-aeronaves\\\/\",\"url\":\"https:\\\/\\\/www.laguiadepamplona.com\\\/actualidad\\\/la-sala-de-armas-recorre-la-historia-del-ejercito-del-aire-y-del-espacio-en-la-exposicion-volar-historia-de-una-aventura-que-incluye-numerosas-maquetas-de-aeronaves\\\/\",\"name\":\"La Sala de Armas recorre la historia del Ej\u00e9rcito del Aire y del Espacio en la exposici\u00f3n \u2018Volar, historia de una aventura\u2019, que incluye numerosas maquetas de aeronaves\",\"isPartOf\":{\"@id\":\"https:\\\/\\\/www.laguiadepamplona.com\\\/actualidad\\\/#website\"},\"primaryImageOfPage\":{\"@id\":\"https:\\\/\\\/www.laguiadepamplona.com\\\/actualidad\\\/la-sala-de-armas-recorre-la-historia-del-ejercito-del-aire-y-del-espacio-en-la-exposicion-volar-historia-de-una-aventura-que-incluye-numerosas-maquetas-de-aeronaves\\\/#primaryimage\"},\"image\":{\"@id\":\"https:\\\/\\\/www.laguiadepamplona.com\\\/actualidad\\\/la-sala-de-armas-recorre-la-historia-del-ejercito-del-aire-y-del-espacio-en-la-exposicion-volar-historia-de-una-aventura-que-incluye-numerosas-maquetas-de-aeronaves\\\/#primaryimage\"},\"thumbnailUrl\":\"https:\\\/\\\/www.laguiadepamplona.com\\\/actualidad\\\/wp-content\\\/uploads\\\/2022\\\/09\\\/expovolarunahistoriaee5a7137_0.webp\",\"datePublished\":\"2022-09-16T15:18:00+00:00\",\"dateModified\":\"2023-04-11T09:47:50+00:00\",\"description\":\"La mayor\u00eda de las maquetas de la muestra, que se celebra desde este viernes al 2 de octubre, est\u00e1n declaradas Bien de Inter\u00e9s Cultural\",\"breadcrumb\":{\"@id\":\"https:\\\/\\\/www.laguiadepamplona.com\\\/actualidad\\\/la-sala-de-armas-recorre-la-historia-del-ejercito-del-aire-y-del-espacio-en-la-exposicion-volar-historia-de-una-aventura-que-incluye-numerosas-maquetas-de-aeronaves\\\/#breadcrumb\"},\"inLanguage\":\"es\",\"potentialAction\":[{\"@type\":\"ReadAction\",\"target\":[\"https:\\\/\\\/www.laguiadepamplona.com\\\/actualidad\\\/la-sala-de-armas-recorre-la-historia-del-ejercito-del-aire-y-del-espacio-en-la-exposicion-volar-historia-de-una-aventura-que-incluye-numerosas-maquetas-de-aeronaves\\\/\"]}]},{\"@type\":\"ImageObject\",\"inLanguage\":\"es\",\"@id\":\"https:\\\/\\\/www.laguiadepamplona.com\\\/actualidad\\\/la-sala-de-armas-recorre-la-historia-del-ejercito-del-aire-y-del-espacio-en-la-exposicion-volar-historia-de-una-aventura-que-incluye-numerosas-maquetas-de-aeronaves\\\/#primaryimage\",\"url\":\"https:\\\/\\\/www.laguiadepamplona.com\\\/actualidad\\\/wp-content\\\/uploads\\\/2022\\\/09\\\/expovolarunahistoriaee5a7137_0.webp\",\"contentUrl\":\"https:\\\/\\\/www.laguiadepamplona.com\\\/actualidad\\\/wp-content\\\/uploads\\\/2022\\\/09\\\/expovolarunahistoriaee5a7137_0.webp\",\"width\":1920,\"height\":1280},{\"@type\":\"BreadcrumbList\",\"@id\":\"https:\\\/\\\/www.laguiadepamplona.com\\\/actualidad\\\/la-sala-de-armas-recorre-la-historia-del-ejercito-del-aire-y-del-espacio-en-la-exposicion-volar-historia-de-una-aventura-que-incluye-numerosas-maquetas-de-aeronaves\\\/#breadcrumb\",\"itemListElement\":[{\"@type\":\"ListItem\",\"position\":1,\"name\":\"Portada\",\"item\":\"https:\\\/\\\/www.laguiadepamplona.com\\\/actualidad\\\/\"},{\"@type\":\"ListItem\",\"position\":2,\"name\":\"La Sala de Armas recorre la historia del Ej\u00e9rcito del Aire y del Espacio en la exposici\u00f3n \u2018Volar, historia de una aventura\u2019, que incluye numerosas maquetas de aeronaves\"}]},{\"@type\":\"WebSite\",\"@id\":\"https:\\\/\\\/www.laguiadepamplona.com\\\/actualidad\\\/#website\",\"url\":\"https:\\\/\\\/www.laguiadepamplona.com\\\/actualidad\\\/\",\"name\":\"La gu\u00eda de Pamplona\",\"description\":\"Noticias de Pamplona\",\"publisher\":{\"@id\":\"https:\\\/\\\/www.laguiadepamplona.com\\\/actualidad\\\/#organization\"},\"potentialAction\":[{\"@type\":\"SearchAction\",\"target\":{\"@type\":\"EntryPoint\",\"urlTemplate\":\"https:\\\/\\\/www.laguiadepamplona.com\\\/actualidad\\\/?s={search_term_string}\"},\"query-input\":{\"@type\":\"PropertyValueSpecification\",\"valueRequired\":true,\"valueName\":\"search_term_string\"}}],\"inLanguage\":\"es\"},{\"@type\":\"Organization\",\"@id\":\"https:\\\/\\\/www.laguiadepamplona.com\\\/actualidad\\\/#organization\",\"name\":\"La Gu\u00eda de Pamplona \\\/ Noticias\",\"url\":\"https:\\\/\\\/www.laguiadepamplona.com\\\/actualidad\\\/\",\"logo\":{\"@type\":\"ImageObject\",\"inLanguage\":\"es\",\"@id\":\"https:\\\/\\\/www.laguiadepamplona.com\\\/actualidad\\\/#\\\/schema\\\/logo\\\/image\\\/\",\"url\":\"https:\\\/\\\/www.laguiadepamplona.com\\\/actualidad\\\/wp-content\\\/uploads\\\/2018\\\/11\\\/logo-laguiadepamplona18-web1.png\",\"contentUrl\":\"https:\\\/\\\/www.laguiadepamplona.com\\\/actualidad\\\/wp-content\\\/uploads\\\/2018\\\/11\\\/logo-laguiadepamplona18-web1.png\",\"width\":600,\"height\":196,\"caption\":\"La Gu\u00eda de Pamplona \\\/ Noticias\"},\"image\":{\"@id\":\"https:\\\/\\\/www.laguiadepamplona.com\\\/actualidad\\\/#\\\/schema\\\/logo\\\/image\\\/\"},\"sameAs\":[\"https:\\\/\\\/www.facebook.com\\\/laguiadepamplonacom-133175176762273\\\/?ref=hl\",\"https:\\\/\\\/x.com\\\/LaGuiadPamplona\",\"https:\\\/\\\/www.instagram.com\\\/la_guia_de_pamplona\\\/\",\"https:\\\/\\\/www.youtube.com\\\/user\\\/laguiadepamplona\"]},{\"@type\":\"Person\",\"@id\":\"https:\\\/\\\/www.laguiadepamplona.com\\\/actualidad\\\/#\\\/schema\\\/person\\\/efe887376f0213d4657c93adc50b1fdb\",\"name\":\"La Gu\u00eda de Pamplona\",\"image\":{\"@type\":\"ImageObject\",\"inLanguage\":\"es\",\"@id\":\"https:\\\/\\\/secure.gravatar.com\\\/avatar\\\/b6992f131dc8d30ab0dff15446e9d346d9dbd95992de0fef795073f5ea83a81c?s=96&d=mm&r=g\",\"url\":\"https:\\\/\\\/secure.gravatar.com\\\/avatar\\\/b6992f131dc8d30ab0dff15446e9d346d9dbd95992de0fef795073f5ea83a81c?s=96&d=mm&r=g\",\"contentUrl\":\"https:\\\/\\\/secure.gravatar.com\\\/avatar\\\/b6992f131dc8d30ab0dff15446e9d346d9dbd95992de0fef795073f5ea83a81c?s=96&d=mm&r=g\",\"caption\":\"La Gu\u00eda de Pamplona\"}}]}<\/script>\n<!-- \/ Yoast SEO plugin. -->","yoast_head_json":{"title":"La Sala de Armas recorre la historia del Ej\u00e9rcito del Aire y del Espacio en la exposici\u00f3n \u2018Volar, historia de una aventura\u2019, que incluye numerosas maquetas de aeronaves","description":"La mayor\u00eda de las maquetas de la muestra, que se celebra desde este viernes al 2 de octubre, est\u00e1n declaradas Bien de Inter\u00e9s Cultural","robots":{"index":"index","follow":"follow","max-snippet":"max-snippet:-1","max-image-preview":"max-image-preview:large","max-video-preview":"max-video-preview:-1"},"canonical":"https:\/\/www.laguiadepamplona.com\/actualidad\/la-sala-de-armas-recorre-la-historia-del-ejercito-del-aire-y-del-espacio-en-la-exposicion-volar-historia-de-una-aventura-que-incluye-numerosas-maquetas-de-aeronaves\/","og_locale":"es_ES","og_type":"article","og_title":"La Sala de Armas recorre la historia del Ej\u00e9rcito del Aire y del Espacio en la exposici\u00f3n \u2018Volar, historia de una aventura\u2019, que incluye numerosas maquetas de aeronaves","og_description":"La mayor\u00eda de las maquetas de la muestra, que se celebra desde este viernes al 2 de octubre, est\u00e1n declaradas Bien de Inter\u00e9s Cultural","og_url":"https:\/\/www.laguiadepamplona.com\/actualidad\/la-sala-de-armas-recorre-la-historia-del-ejercito-del-aire-y-del-espacio-en-la-exposicion-volar-historia-de-una-aventura-que-incluye-numerosas-maquetas-de-aeronaves\/","og_site_name":"La Gu\u00eda de Pamplona","article_publisher":"https:\/\/www.facebook.com\/laguiadepamplonacom-133175176762273\/?ref=hl","article_published_time":"2022-09-16T15:18:00+00:00","article_modified_time":"2023-04-11T09:47:50+00:00","og_image":[{"width":1920,"height":1280,"url":"https:\/\/www.laguiadepamplona.com\/actualidad\/wp-content\/uploads\/2022\/09\/expovolarunahistoriaee5a7137_0.webp","type":"image\/webp"}],"author":"La Gu\u00eda de Pamplona","twitter_card":"summary_large_image","twitter_creator":"@LaGuiadPamplona","twitter_site":"@LaGuiadPamplona","twitter_misc":{"Escrito por":"La Gu\u00eda de Pamplona","Tiempo de lectura":"3 minutos"},"schema":{"@context":"https:\/\/schema.org","@graph":[{"@type":"Article","@id":"https:\/\/www.laguiadepamplona.com\/actualidad\/la-sala-de-armas-recorre-la-historia-del-ejercito-del-aire-y-del-espacio-en-la-exposicion-volar-historia-de-una-aventura-que-incluye-numerosas-maquetas-de-aeronaves\/#article","isPartOf":{"@id":"https:\/\/www.laguiadepamplona.com\/actualidad\/la-sala-de-armas-recorre-la-historia-del-ejercito-del-aire-y-del-espacio-en-la-exposicion-volar-historia-de-una-aventura-que-incluye-numerosas-maquetas-de-aeronaves\/"},"author":{"name":"La Gu\u00eda de Pamplona","@id":"https:\/\/www.laguiadepamplona.com\/actualidad\/#\/schema\/person\/efe887376f0213d4657c93adc50b1fdb"},"headline":"La Sala de Armas recorre la historia del Ej\u00e9rcito del Aire y del Espacio en la exposici\u00f3n \u2018Volar, historia de una aventura\u2019, que incluye numerosas maquetas de aeronaves","datePublished":"2022-09-16T15:18:00+00:00","dateModified":"2023-04-11T09:47:50+00:00","mainEntityOfPage":{"@id":"https:\/\/www.laguiadepamplona.com\/actualidad\/la-sala-de-armas-recorre-la-historia-del-ejercito-del-aire-y-del-espacio-en-la-exposicion-volar-historia-de-una-aventura-que-incluye-numerosas-maquetas-de-aeronaves\/"},"wordCount":565,"commentCount":0,"publisher":{"@id":"https:\/\/www.laguiadepamplona.com\/actualidad\/#organization"},"image":{"@id":"https:\/\/www.laguiadepamplona.com\/actualidad\/la-sala-de-armas-recorre-la-historia-del-ejercito-del-aire-y-del-espacio-en-la-exposicion-volar-historia-de-una-aventura-que-incluye-numerosas-maquetas-de-aeronaves\/#primaryimage"},"thumbnailUrl":"https:\/\/www.laguiadepamplona.com\/actualidad\/wp-content\/uploads\/2022\/09\/expovolarunahistoriaee5a7137_0.webp","articleSection":["Ayto Pamplona"],"inLanguage":"es","potentialAction":[{"@type":"CommentAction","name":"Comment","target":["https:\/\/www.laguiadepamplona.com\/actualidad\/la-sala-de-armas-recorre-la-historia-del-ejercito-del-aire-y-del-espacio-en-la-exposicion-volar-historia-de-una-aventura-que-incluye-numerosas-maquetas-de-aeronaves\/#respond"]}]},{"@type":"WebPage","@id":"https:\/\/www.laguiadepamplona.com\/actualidad\/la-sala-de-armas-recorre-la-historia-del-ejercito-del-aire-y-del-espacio-en-la-exposicion-volar-historia-de-una-aventura-que-incluye-numerosas-maquetas-de-aeronaves\/","url":"https:\/\/www.laguiadepamplona.com\/actualidad\/la-sala-de-armas-recorre-la-historia-del-ejercito-del-aire-y-del-espacio-en-la-exposicion-volar-historia-de-una-aventura-que-incluye-numerosas-maquetas-de-aeronaves\/","name":"La Sala de Armas recorre la historia del Ej\u00e9rcito del Aire y del Espacio en la exposici\u00f3n \u2018Volar, historia de una aventura\u2019, que incluye numerosas maquetas de aeronaves","isPartOf":{"@id":"https:\/\/www.laguiadepamplona.com\/actualidad\/#website"},"primaryImageOfPage":{"@id":"https:\/\/www.laguiadepamplona.com\/actualidad\/la-sala-de-armas-recorre-la-historia-del-ejercito-del-aire-y-del-espacio-en-la-exposicion-volar-historia-de-una-aventura-que-incluye-numerosas-maquetas-de-aeronaves\/#primaryimage"},"image":{"@id":"https:\/\/www.laguiadepamplona.com\/actualidad\/la-sala-de-armas-recorre-la-historia-del-ejercito-del-aire-y-del-espacio-en-la-exposicion-volar-historia-de-una-aventura-que-incluye-numerosas-maquetas-de-aeronaves\/#primaryimage"},"thumbnailUrl":"https:\/\/www.laguiadepamplona.com\/actualidad\/wp-content\/uploads\/2022\/09\/expovolarunahistoriaee5a7137_0.webp","datePublished":"2022-09-16T15:18:00+00:00","dateModified":"2023-04-11T09:47:50+00:00","description":"La mayor\u00eda de las maquetas de la muestra, que se celebra desde este viernes al 2 de octubre, est\u00e1n declaradas Bien de Inter\u00e9s Cultural","breadcrumb":{"@id":"https:\/\/www.laguiadepamplona.com\/actualidad\/la-sala-de-armas-recorre-la-historia-del-ejercito-del-aire-y-del-espacio-en-la-exposicion-volar-historia-de-una-aventura-que-incluye-numerosas-maquetas-de-aeronaves\/#breadcrumb"},"inLanguage":"es","potentialAction":[{"@type":"ReadAction","target":["https:\/\/www.laguiadepamplona.com\/actualidad\/la-sala-de-armas-recorre-la-historia-del-ejercito-del-aire-y-del-espacio-en-la-exposicion-volar-historia-de-una-aventura-que-incluye-numerosas-maquetas-de-aeronaves\/"]}]},{"@type":"ImageObject","inLanguage":"es","@id":"https:\/\/www.laguiadepamplona.com\/actualidad\/la-sala-de-armas-recorre-la-historia-del-ejercito-del-aire-y-del-espacio-en-la-exposicion-volar-historia-de-una-aventura-que-incluye-numerosas-maquetas-de-aeronaves\/#primaryimage","url":"https:\/\/www.laguiadepamplona.com\/actualidad\/wp-content\/uploads\/2022\/09\/expovolarunahistoriaee5a7137_0.webp","contentUrl":"https:\/\/www.laguiadepamplona.com\/actualidad\/wp-content\/uploads\/2022\/09\/expovolarunahistoriaee5a7137_0.webp","width":1920,"height":1280},{"@type":"BreadcrumbList","@id":"https:\/\/www.laguiadepamplona.com\/actualidad\/la-sala-de-armas-recorre-la-historia-del-ejercito-del-aire-y-del-espacio-en-la-exposicion-volar-historia-de-una-aventura-que-incluye-numerosas-maquetas-de-aeronaves\/#breadcrumb","itemListElement":[{"@type":"ListItem","position":1,"name":"Portada","item":"https:\/\/www.laguiadepamplona.com\/actualidad\/"},{"@type":"ListItem","position":2,"name":"La Sala de Armas recorre la historia del Ej\u00e9rcito del Aire y del Espacio en la exposici\u00f3n \u2018Volar, historia de una aventura\u2019, que incluye numerosas maquetas de aeronaves"}]},{"@type":"WebSite","@id":"https:\/\/www.laguiadepamplona.com\/actualidad\/#website","url":"https:\/\/www.laguiadepamplona.com\/actualidad\/","name":"La gu\u00eda de Pamplona","description":"Noticias de Pamplona","publisher":{"@id":"https:\/\/www.laguiadepamplona.com\/actualidad\/#organization"},"potentialAction":[{"@type":"SearchAction","target":{"@type":"EntryPoint","urlTemplate":"https:\/\/www.laguiadepamplona.com\/actualidad\/?s={search_term_string}"},"query-input":{"@type":"PropertyValueSpecification","valueRequired":true,"valueName":"search_term_string"}}],"inLanguage":"es"},{"@type":"Organization","@id":"https:\/\/www.laguiadepamplona.com\/actualidad\/#organization","name":"La Gu\u00eda de Pamplona \/ Noticias","url":"https:\/\/www.laguiadepamplona.com\/actualidad\/","logo":{"@type":"ImageObject","inLanguage":"es","@id":"https:\/\/www.laguiadepamplona.com\/actualidad\/#\/schema\/logo\/image\/","url":"https:\/\/www.laguiadepamplona.com\/actualidad\/wp-content\/uploads\/2018\/11\/logo-laguiadepamplona18-web1.png","contentUrl":"https:\/\/www.laguiadepamplona.com\/actualidad\/wp-content\/uploads\/2018\/11\/logo-laguiadepamplona18-web1.png","width":600,"height":196,"caption":"La Gu\u00eda de Pamplona \/ Noticias"},"image":{"@id":"https:\/\/www.laguiadepamplona.com\/actualidad\/#\/schema\/logo\/image\/"},"sameAs":["https:\/\/www.facebook.com\/laguiadepamplonacom-133175176762273\/?ref=hl","https:\/\/x.com\/LaGuiadPamplona","https:\/\/www.instagram.com\/la_guia_de_pamplona\/","https:\/\/www.youtube.com\/user\/laguiadepamplona"]},{"@type":"Person","@id":"https:\/\/www.laguiadepamplona.com\/actualidad\/#\/schema\/person\/efe887376f0213d4657c93adc50b1fdb","name":"La Gu\u00eda de Pamplona","image":{"@type":"ImageObject","inLanguage":"es","@id":"https:\/\/secure.gravatar.com\/avatar\/b6992f131dc8d30ab0dff15446e9d346d9dbd95992de0fef795073f5ea83a81c?s=96&d=mm&r=g","url":"https:\/\/secure.gravatar.com\/avatar\/b6992f131dc8d30ab0dff15446e9d346d9dbd95992de0fef795073f5ea83a81c?s=96&d=mm&r=g","contentUrl":"https:\/\/secure.gravatar.com\/avatar\/b6992f131dc8d30ab0dff15446e9d346d9dbd95992de0fef795073f5ea83a81c?s=96&d=mm&r=g","caption":"La Gu\u00eda de Pamplona"}}]}},"post_mailing_queue_ids":[],"_links":{"self":[{"href":"https:\/\/www.laguiadepamplona.com\/actualidad\/wp-json\/wp\/v2\/posts\/41563","targetHints":{"allow":["GET"]}}],"collection":[{"href":"https:\/\/www.laguiadepamplona.com\/actualidad\/wp-json\/wp\/v2\/posts"}],"about":[{"href":"https:\/\/www.laguiadepamplona.com\/actualidad\/wp-json\/wp\/v2\/types\/post"}],"author":[{"embeddable":true,"href":"https:\/\/www.laguiadepamplona.com\/actualidad\/wp-json\/wp\/v2\/users\/1"}],"replies":[{"embeddable":true,"href":"https:\/\/www.laguiadepamplona.com\/actualidad\/wp-json\/wp\/v2\/comments?post=41563"}],"version-history":[{"count":0,"href":"https:\/\/www.laguiadepamplona.com\/actualidad\/wp-json\/wp\/v2\/posts\/41563\/revisions"}],"wp:featuredmedia":[{"embeddable":true,"href":"https:\/\/www.laguiadepamplona.com\/actualidad\/wp-json\/wp\/v2\/media\/41585"}],"wp:attachment":[{"href":"https:\/\/www.laguiadepamplona.com\/actualidad\/wp-json\/wp\/v2\/media?parent=41563"}],"wp:term":[{"taxonomy":"category","embeddable":true,"href":"https:\/\/www.laguiadepamplona.com\/actualidad\/wp-json\/wp\/v2\/categories?post=41563"},{"taxonomy":"post_tag","embeddable":true,"href":"https:\/\/www.laguiadepamplona.com\/actualidad\/wp-json\/wp\/v2\/tags?post=41563"}],"curies":[{"name":"wp","href":"https:\/\/api.w.org\/{rel}","templated":true}]}}