{"id":41559,"date":"2022-09-16T13:26:40","date_gmt":"2022-09-16T11:26:40","guid":{"rendered":"https:\/\/www.laguiadepamplona.com\/actualidad\/?p=41559"},"modified":"2023-04-11T11:47:50","modified_gmt":"2023-04-11T09:47:50","slug":"la-red-civivox-en-colaboracion-con-asociaciones-y-colectivos-del-barrio-propone-para-la-semana-que-viene-el-programa-de-actividades-callejeando-por-la-rocha-2022","status":"publish","type":"post","link":"https:\/\/www.laguiadepamplona.com\/actualidad\/la-red-civivox-en-colaboracion-con-asociaciones-y-colectivos-del-barrio-propone-para-la-semana-que-viene-el-programa-de-actividades-callejeando-por-la-rocha-2022\/","title":{"rendered":"La red Civivox, en colaboraci\u00f3n con asociaciones y colectivos del barrio, propone para la semana que viene el programa de actividades \u2018Callejeando por la Rocha 2022\u2019"},"content":{"rendered":"<h5>Se han preparado, entre otras actividades, un pasacalles multicultural, una masterclass de baile o una demostraci\u00f3n de labores con bolillos o vainicas<\/h5>\n<p><!--more--><\/p>\n<p>Civivox Jus la Rocha propone para la semana que viene el programa \u2018Callejeando por la Rocha 2022\u2019. De lunes a viernes, se llevar\u00e1n a cabo talleres intergeneracionales, pasacalles, masterclass de baile o demostraciones de encajes de bolillos y patchwork, actividades todas ellas organizadas en colaboraci\u00f3n con colectivos y asociaciones del barrio. Todas las actividades son gratuitas y varias, adem\u00e1s, se celebrar\u00e1n al aire libre.<br \/>\n<script async src=\"\/\/pagead2.googlesyndication.com\/pagead\/js\/adsbygoogle.js\"><\/script><br \/>\n<!-- Noticias La Guia de Pamplona --><br \/>\n<ins class=\"adsbygoogle\"\nstyle=\"display:block\"\ndata-ad-client=\"ca-pub-6943679897239327\"\ndata-ad-slot=\"7048180777\"\ndata-ad-format=\"auto\"><\/ins><br \/>\n<script>\n(adsbygoogle = window.adsbygoogle || []).push({});\n<\/script><\/p>\n<p>El lunes comienza el ciclo con un taller intergeneracional en el que cuatro j\u00f3venes estar\u00e1n a disposici\u00f3n de las personas mayores para ayudarles a resolver los problemas comunes que les surgen durante el uso de dispositivos como las tablets o los tel\u00e9fonos m\u00f3viles. Las inscripciones se pueden realizar en el tel\u00e9fono 010, en la red Civivox o en <a href=\"http:\/\/www.pamplonaescultura.es\" target=\"_blank\" rel=\"noopener\">www.pamplonaescultura.es<\/a>. El taller se repetir\u00e1 el taller, pero en horario de tarde, de 17 a 19 horas. Ambas sesiones cuentan con la colaboraci\u00f3n de la asociaci\u00f3n Berriztu.<\/p>\n<p>De lunes a mi\u00e9rcoles, las t\u00e9cnicas el patchwork, las vainicas o en el encaje de bolillos tendr\u00e1 su espacio en Civivox Jus la Rocha, donde se expondr\u00e1n diferentes trabajos y se realizar\u00e1n labores en vivo. El objetivo de esta actividad es motivar a otras personas a conocer estas t\u00e9cnicas artesanales. Las sesiones tendr\u00e1n lugar los tres d\u00edas de 17.30 a 19.30 horas, aptas para todos los p\u00fablicos y con entrada libre hasta completar el aforo.<br \/>\n<script async src=\"\/\/pagead2.googlesyndication.com\/pagead\/js\/adsbygoogle.js\"><\/script><br \/>\n<!-- Noticias La Guia de Pamplona --><br \/>\n<ins class=\"adsbygoogle\"\nstyle=\"display:block\"\ndata-ad-client=\"ca-pub-6943679897239327\"\ndata-ad-slot=\"7048180777\"\ndata-ad-format=\"auto\"><\/ins><br \/>\n<script>\n(adsbygoogle = window.adsbygoogle || []).push({});\n<\/script><\/p>\n<p><strong>Baile, v\u00eddeos cortos y folklore<\/strong><\/p>\n<p>Para el jueves se ha previsto una masterclass de bailes latinos y boogie rock en el paseo Anelier. A las 18 horas, Itziar Etxarte y Alfredo Arozena ense\u00f1ar\u00e1n los pasos b\u00e1sicos de diferentes ritmos como la salsa, la bachata, el merengue, el boogie rock o el chachach\u00e1. Bailes al aire libre para todos los p\u00fablicos en una tarde para pasar un rato divertido en el barrio.<\/p>\n<p>El mismo jueves, a las 19.30 horas, se entregar\u00e1n en Civivox Jus la Rocha los premios del concurso de v\u00eddeos cortos \u2018Miradas a la Rocha\u2019. El certamen ped\u00eda v\u00eddeos originales, grabados en el barrio con cualquier tipo de dispositivo y con una duraci\u00f3n m\u00e1xima de 30 segundos. El concurso establece tres premios, un primero dotado con 10 euros en vales de compra de comercios relacionados con el \u00e1mbito de art\u00edstico y cultural del barrio y otros dos de 50 euros tambi\u00e9n en vales de compra.<br \/>\n<script async src=\"\/\/pagead2.googlesyndication.com\/pagead\/js\/adsbygoogle.js\"><\/script><br \/>\n<!-- Noticias La Guia de Pamplona --><br \/>\n<ins class=\"adsbygoogle\"\nstyle=\"display:block\"\ndata-ad-client=\"ca-pub-6943679897239327\"\ndata-ad-slot=\"7048180777\"\ndata-ad-format=\"auto\"><\/ins><br \/>\n<script>\n(adsbygoogle = window.adsbygoogle || []).push({});\n<\/script><\/p>\n<p>El viernes por la tarde concluir\u00e1 este ciclo con un pasacalles multicultural. A partir de las 18 horas, varias agrupaciones folcl\u00f3ricas que conviven y ensayan en Civivox Jus la Rocha saldr\u00e1n a tocar y a bailar haciendo una ronda por el barrio para animar sus calles y plazas. Realizar\u00e1n paradas en cuatro puntos, Civivox Jus la Rocha, plaza Margarita de Navarra, parque de los Enamorados y paseo Anelier, donde exhibir\u00e1n su m\u00fasica, sus bailes y sus folklores.<\/p>\n","protected":false},"excerpt":{"rendered":"<p>Se han preparado, entre otras actividades, un pasacalles multicultural, una masterclass de baile o una demostraci\u00f3n de labores con bolillos o vainicas<\/p>\n","protected":false},"author":1,"featured_media":0,"comment_status":"open","ping_status":"closed","sticky":false,"template":"","format":"standard","meta":{"footnotes":""},"categories":[2],"tags":[],"class_list":["post-41559","post","type-post","status-publish","format-standard","hentry","category-ayuntamiento-pamplona"],"yoast_head":"<!-- This site is optimized with the Yoast SEO plugin v27.3 - https:\/\/yoast.com\/product\/yoast-seo-wordpress\/ -->\n<title>La red Civivox, en colaboraci\u00f3n con asociaciones y colectivos del barrio, propone para la semana que viene el programa de actividades \u2018Callejeando por la Rocha 2022\u2019<\/title>\n<meta name=\"description\" content=\"Se han preparado, entre otras actividades, un pasacalles multicultural, una masterclass de baile o una demostraci\u00f3n de labores con bolillos o vainicas\" \/>\n<meta name=\"robots\" content=\"index, follow, max-snippet:-1, max-image-preview:large, max-video-preview:-1\" \/>\n<link rel=\"canonical\" href=\"https:\/\/www.laguiadepamplona.com\/actualidad\/la-red-civivox-en-colaboracion-con-asociaciones-y-colectivos-del-barrio-propone-para-la-semana-que-viene-el-programa-de-actividades-callejeando-por-la-rocha-2022\/\" \/>\n<meta property=\"og:locale\" content=\"es_ES\" \/>\n<meta property=\"og:type\" content=\"article\" \/>\n<meta property=\"og:title\" content=\"La red Civivox, en colaboraci\u00f3n con asociaciones y colectivos del barrio, propone para la semana que viene el programa de actividades \u2018Callejeando por la Rocha 2022\u2019\" \/>\n<meta property=\"og:description\" content=\"Se han preparado, entre otras actividades, un pasacalles multicultural, una masterclass de baile o una demostraci\u00f3n de labores con bolillos o vainicas\" \/>\n<meta property=\"og:url\" content=\"https:\/\/www.laguiadepamplona.com\/actualidad\/la-red-civivox-en-colaboracion-con-asociaciones-y-colectivos-del-barrio-propone-para-la-semana-que-viene-el-programa-de-actividades-callejeando-por-la-rocha-2022\/\" \/>\n<meta property=\"og:site_name\" content=\"La Gu\u00eda de Pamplona\" \/>\n<meta property=\"article:publisher\" content=\"https:\/\/www.facebook.com\/laguiadepamplonacom-133175176762273\/?ref=hl\" \/>\n<meta property=\"article:published_time\" content=\"2022-09-16T11:26:40+00:00\" \/>\n<meta property=\"article:modified_time\" content=\"2023-04-11T09:47:50+00:00\" \/>\n<meta name=\"author\" content=\"La Gu\u00eda de Pamplona\" \/>\n<meta name=\"twitter:card\" content=\"summary_large_image\" \/>\n<meta name=\"twitter:creator\" content=\"@LaGuiadPamplona\" \/>\n<meta name=\"twitter:site\" content=\"@LaGuiadPamplona\" \/>\n<meta name=\"twitter:label1\" content=\"Escrito por\" \/>\n\t<meta name=\"twitter:data1\" content=\"La Gu\u00eda de Pamplona\" \/>\n\t<meta name=\"twitter:label2\" content=\"Tiempo de lectura\" \/>\n\t<meta name=\"twitter:data2\" content=\"3 minutos\" \/>\n<script type=\"application\/ld+json\" class=\"yoast-schema-graph\">{\"@context\":\"https:\\\/\\\/schema.org\",\"@graph\":[{\"@type\":\"Article\",\"@id\":\"https:\\\/\\\/www.laguiadepamplona.com\\\/actualidad\\\/la-red-civivox-en-colaboracion-con-asociaciones-y-colectivos-del-barrio-propone-para-la-semana-que-viene-el-programa-de-actividades-callejeando-por-la-rocha-2022\\\/#article\",\"isPartOf\":{\"@id\":\"https:\\\/\\\/www.laguiadepamplona.com\\\/actualidad\\\/la-red-civivox-en-colaboracion-con-asociaciones-y-colectivos-del-barrio-propone-para-la-semana-que-viene-el-programa-de-actividades-callejeando-por-la-rocha-2022\\\/\"},\"author\":{\"name\":\"La Gu\u00eda de Pamplona\",\"@id\":\"https:\\\/\\\/www.laguiadepamplona.com\\\/actualidad\\\/#\\\/schema\\\/person\\\/efe887376f0213d4657c93adc50b1fdb\"},\"headline\":\"La red Civivox, en colaboraci\u00f3n con asociaciones y colectivos del barrio, propone para la semana que viene el programa de actividades \u2018Callejeando por la Rocha 2022\u2019\",\"datePublished\":\"2022-09-16T11:26:40+00:00\",\"dateModified\":\"2023-04-11T09:47:50+00:00\",\"mainEntityOfPage\":{\"@id\":\"https:\\\/\\\/www.laguiadepamplona.com\\\/actualidad\\\/la-red-civivox-en-colaboracion-con-asociaciones-y-colectivos-del-barrio-propone-para-la-semana-que-viene-el-programa-de-actividades-callejeando-por-la-rocha-2022\\\/\"},\"wordCount\":534,\"commentCount\":0,\"publisher\":{\"@id\":\"https:\\\/\\\/www.laguiadepamplona.com\\\/actualidad\\\/#organization\"},\"articleSection\":[\"Ayto Pamplona\"],\"inLanguage\":\"es\",\"potentialAction\":[{\"@type\":\"CommentAction\",\"name\":\"Comment\",\"target\":[\"https:\\\/\\\/www.laguiadepamplona.com\\\/actualidad\\\/la-red-civivox-en-colaboracion-con-asociaciones-y-colectivos-del-barrio-propone-para-la-semana-que-viene-el-programa-de-actividades-callejeando-por-la-rocha-2022\\\/#respond\"]}]},{\"@type\":\"WebPage\",\"@id\":\"https:\\\/\\\/www.laguiadepamplona.com\\\/actualidad\\\/la-red-civivox-en-colaboracion-con-asociaciones-y-colectivos-del-barrio-propone-para-la-semana-que-viene-el-programa-de-actividades-callejeando-por-la-rocha-2022\\\/\",\"url\":\"https:\\\/\\\/www.laguiadepamplona.com\\\/actualidad\\\/la-red-civivox-en-colaboracion-con-asociaciones-y-colectivos-del-barrio-propone-para-la-semana-que-viene-el-programa-de-actividades-callejeando-por-la-rocha-2022\\\/\",\"name\":\"La red Civivox, en colaboraci\u00f3n con asociaciones y colectivos del barrio, propone para la semana que viene el programa de actividades \u2018Callejeando por la Rocha 2022\u2019\",\"isPartOf\":{\"@id\":\"https:\\\/\\\/www.laguiadepamplona.com\\\/actualidad\\\/#website\"},\"datePublished\":\"2022-09-16T11:26:40+00:00\",\"dateModified\":\"2023-04-11T09:47:50+00:00\",\"description\":\"Se han preparado, entre otras actividades, un pasacalles multicultural, una masterclass de baile o una demostraci\u00f3n de labores con bolillos o vainicas\",\"breadcrumb\":{\"@id\":\"https:\\\/\\\/www.laguiadepamplona.com\\\/actualidad\\\/la-red-civivox-en-colaboracion-con-asociaciones-y-colectivos-del-barrio-propone-para-la-semana-que-viene-el-programa-de-actividades-callejeando-por-la-rocha-2022\\\/#breadcrumb\"},\"inLanguage\":\"es\",\"potentialAction\":[{\"@type\":\"ReadAction\",\"target\":[\"https:\\\/\\\/www.laguiadepamplona.com\\\/actualidad\\\/la-red-civivox-en-colaboracion-con-asociaciones-y-colectivos-del-barrio-propone-para-la-semana-que-viene-el-programa-de-actividades-callejeando-por-la-rocha-2022\\\/\"]}]},{\"@type\":\"BreadcrumbList\",\"@id\":\"https:\\\/\\\/www.laguiadepamplona.com\\\/actualidad\\\/la-red-civivox-en-colaboracion-con-asociaciones-y-colectivos-del-barrio-propone-para-la-semana-que-viene-el-programa-de-actividades-callejeando-por-la-rocha-2022\\\/#breadcrumb\",\"itemListElement\":[{\"@type\":\"ListItem\",\"position\":1,\"name\":\"Portada\",\"item\":\"https:\\\/\\\/www.laguiadepamplona.com\\\/actualidad\\\/\"},{\"@type\":\"ListItem\",\"position\":2,\"name\":\"La red Civivox, en colaboraci\u00f3n con asociaciones y colectivos del barrio, propone para la semana que viene el programa de actividades \u2018Callejeando por la Rocha 2022\u2019\"}]},{\"@type\":\"WebSite\",\"@id\":\"https:\\\/\\\/www.laguiadepamplona.com\\\/actualidad\\\/#website\",\"url\":\"https:\\\/\\\/www.laguiadepamplona.com\\\/actualidad\\\/\",\"name\":\"La gu\u00eda de Pamplona\",\"description\":\"Noticias de Pamplona\",\"publisher\":{\"@id\":\"https:\\\/\\\/www.laguiadepamplona.com\\\/actualidad\\\/#organization\"},\"potentialAction\":[{\"@type\":\"SearchAction\",\"target\":{\"@type\":\"EntryPoint\",\"urlTemplate\":\"https:\\\/\\\/www.laguiadepamplona.com\\\/actualidad\\\/?s={search_term_string}\"},\"query-input\":{\"@type\":\"PropertyValueSpecification\",\"valueRequired\":true,\"valueName\":\"search_term_string\"}}],\"inLanguage\":\"es\"},{\"@type\":\"Organization\",\"@id\":\"https:\\\/\\\/www.laguiadepamplona.com\\\/actualidad\\\/#organization\",\"name\":\"La Gu\u00eda de Pamplona \\\/ Noticias\",\"url\":\"https:\\\/\\\/www.laguiadepamplona.com\\\/actualidad\\\/\",\"logo\":{\"@type\":\"ImageObject\",\"inLanguage\":\"es\",\"@id\":\"https:\\\/\\\/www.laguiadepamplona.com\\\/actualidad\\\/#\\\/schema\\\/logo\\\/image\\\/\",\"url\":\"https:\\\/\\\/www.laguiadepamplona.com\\\/actualidad\\\/wp-content\\\/uploads\\\/2018\\\/11\\\/logo-laguiadepamplona18-web1.png\",\"contentUrl\":\"https:\\\/\\\/www.laguiadepamplona.com\\\/actualidad\\\/wp-content\\\/uploads\\\/2018\\\/11\\\/logo-laguiadepamplona18-web1.png\",\"width\":600,\"height\":196,\"caption\":\"La Gu\u00eda de Pamplona \\\/ Noticias\"},\"image\":{\"@id\":\"https:\\\/\\\/www.laguiadepamplona.com\\\/actualidad\\\/#\\\/schema\\\/logo\\\/image\\\/\"},\"sameAs\":[\"https:\\\/\\\/www.facebook.com\\\/laguiadepamplonacom-133175176762273\\\/?ref=hl\",\"https:\\\/\\\/x.com\\\/LaGuiadPamplona\",\"https:\\\/\\\/www.instagram.com\\\/la_guia_de_pamplona\\\/\",\"https:\\\/\\\/www.youtube.com\\\/user\\\/laguiadepamplona\"]},{\"@type\":\"Person\",\"@id\":\"https:\\\/\\\/www.laguiadepamplona.com\\\/actualidad\\\/#\\\/schema\\\/person\\\/efe887376f0213d4657c93adc50b1fdb\",\"name\":\"La Gu\u00eda de Pamplona\",\"image\":{\"@type\":\"ImageObject\",\"inLanguage\":\"es\",\"@id\":\"https:\\\/\\\/secure.gravatar.com\\\/avatar\\\/b6992f131dc8d30ab0dff15446e9d346d9dbd95992de0fef795073f5ea83a81c?s=96&d=mm&r=g\",\"url\":\"https:\\\/\\\/secure.gravatar.com\\\/avatar\\\/b6992f131dc8d30ab0dff15446e9d346d9dbd95992de0fef795073f5ea83a81c?s=96&d=mm&r=g\",\"contentUrl\":\"https:\\\/\\\/secure.gravatar.com\\\/avatar\\\/b6992f131dc8d30ab0dff15446e9d346d9dbd95992de0fef795073f5ea83a81c?s=96&d=mm&r=g\",\"caption\":\"La Gu\u00eda de Pamplona\"}}]}<\/script>\n<!-- \/ Yoast SEO plugin. -->","yoast_head_json":{"title":"La red Civivox, en colaboraci\u00f3n con asociaciones y colectivos del barrio, propone para la semana que viene el programa de actividades \u2018Callejeando por la Rocha 2022\u2019","description":"Se han preparado, entre otras actividades, un pasacalles multicultural, una masterclass de baile o una demostraci\u00f3n de labores con bolillos o vainicas","robots":{"index":"index","follow":"follow","max-snippet":"max-snippet:-1","max-image-preview":"max-image-preview:large","max-video-preview":"max-video-preview:-1"},"canonical":"https:\/\/www.laguiadepamplona.com\/actualidad\/la-red-civivox-en-colaboracion-con-asociaciones-y-colectivos-del-barrio-propone-para-la-semana-que-viene-el-programa-de-actividades-callejeando-por-la-rocha-2022\/","og_locale":"es_ES","og_type":"article","og_title":"La red Civivox, en colaboraci\u00f3n con asociaciones y colectivos del barrio, propone para la semana que viene el programa de actividades \u2018Callejeando por la Rocha 2022\u2019","og_description":"Se han preparado, entre otras actividades, un pasacalles multicultural, una masterclass de baile o una demostraci\u00f3n de labores con bolillos o vainicas","og_url":"https:\/\/www.laguiadepamplona.com\/actualidad\/la-red-civivox-en-colaboracion-con-asociaciones-y-colectivos-del-barrio-propone-para-la-semana-que-viene-el-programa-de-actividades-callejeando-por-la-rocha-2022\/","og_site_name":"La Gu\u00eda de Pamplona","article_publisher":"https:\/\/www.facebook.com\/laguiadepamplonacom-133175176762273\/?ref=hl","article_published_time":"2022-09-16T11:26:40+00:00","article_modified_time":"2023-04-11T09:47:50+00:00","author":"La Gu\u00eda de Pamplona","twitter_card":"summary_large_image","twitter_creator":"@LaGuiadPamplona","twitter_site":"@LaGuiadPamplona","twitter_misc":{"Escrito por":"La Gu\u00eda de Pamplona","Tiempo de lectura":"3 minutos"},"schema":{"@context":"https:\/\/schema.org","@graph":[{"@type":"Article","@id":"https:\/\/www.laguiadepamplona.com\/actualidad\/la-red-civivox-en-colaboracion-con-asociaciones-y-colectivos-del-barrio-propone-para-la-semana-que-viene-el-programa-de-actividades-callejeando-por-la-rocha-2022\/#article","isPartOf":{"@id":"https:\/\/www.laguiadepamplona.com\/actualidad\/la-red-civivox-en-colaboracion-con-asociaciones-y-colectivos-del-barrio-propone-para-la-semana-que-viene-el-programa-de-actividades-callejeando-por-la-rocha-2022\/"},"author":{"name":"La Gu\u00eda de Pamplona","@id":"https:\/\/www.laguiadepamplona.com\/actualidad\/#\/schema\/person\/efe887376f0213d4657c93adc50b1fdb"},"headline":"La red Civivox, en colaboraci\u00f3n con asociaciones y colectivos del barrio, propone para la semana que viene el programa de actividades \u2018Callejeando por la Rocha 2022\u2019","datePublished":"2022-09-16T11:26:40+00:00","dateModified":"2023-04-11T09:47:50+00:00","mainEntityOfPage":{"@id":"https:\/\/www.laguiadepamplona.com\/actualidad\/la-red-civivox-en-colaboracion-con-asociaciones-y-colectivos-del-barrio-propone-para-la-semana-que-viene-el-programa-de-actividades-callejeando-por-la-rocha-2022\/"},"wordCount":534,"commentCount":0,"publisher":{"@id":"https:\/\/www.laguiadepamplona.com\/actualidad\/#organization"},"articleSection":["Ayto Pamplona"],"inLanguage":"es","potentialAction":[{"@type":"CommentAction","name":"Comment","target":["https:\/\/www.laguiadepamplona.com\/actualidad\/la-red-civivox-en-colaboracion-con-asociaciones-y-colectivos-del-barrio-propone-para-la-semana-que-viene-el-programa-de-actividades-callejeando-por-la-rocha-2022\/#respond"]}]},{"@type":"WebPage","@id":"https:\/\/www.laguiadepamplona.com\/actualidad\/la-red-civivox-en-colaboracion-con-asociaciones-y-colectivos-del-barrio-propone-para-la-semana-que-viene-el-programa-de-actividades-callejeando-por-la-rocha-2022\/","url":"https:\/\/www.laguiadepamplona.com\/actualidad\/la-red-civivox-en-colaboracion-con-asociaciones-y-colectivos-del-barrio-propone-para-la-semana-que-viene-el-programa-de-actividades-callejeando-por-la-rocha-2022\/","name":"La red Civivox, en colaboraci\u00f3n con asociaciones y colectivos del barrio, propone para la semana que viene el programa de actividades \u2018Callejeando por la Rocha 2022\u2019","isPartOf":{"@id":"https:\/\/www.laguiadepamplona.com\/actualidad\/#website"},"datePublished":"2022-09-16T11:26:40+00:00","dateModified":"2023-04-11T09:47:50+00:00","description":"Se han preparado, entre otras actividades, un pasacalles multicultural, una masterclass de baile o una demostraci\u00f3n de labores con bolillos o vainicas","breadcrumb":{"@id":"https:\/\/www.laguiadepamplona.com\/actualidad\/la-red-civivox-en-colaboracion-con-asociaciones-y-colectivos-del-barrio-propone-para-la-semana-que-viene-el-programa-de-actividades-callejeando-por-la-rocha-2022\/#breadcrumb"},"inLanguage":"es","potentialAction":[{"@type":"ReadAction","target":["https:\/\/www.laguiadepamplona.com\/actualidad\/la-red-civivox-en-colaboracion-con-asociaciones-y-colectivos-del-barrio-propone-para-la-semana-que-viene-el-programa-de-actividades-callejeando-por-la-rocha-2022\/"]}]},{"@type":"BreadcrumbList","@id":"https:\/\/www.laguiadepamplona.com\/actualidad\/la-red-civivox-en-colaboracion-con-asociaciones-y-colectivos-del-barrio-propone-para-la-semana-que-viene-el-programa-de-actividades-callejeando-por-la-rocha-2022\/#breadcrumb","itemListElement":[{"@type":"ListItem","position":1,"name":"Portada","item":"https:\/\/www.laguiadepamplona.com\/actualidad\/"},{"@type":"ListItem","position":2,"name":"La red Civivox, en colaboraci\u00f3n con asociaciones y colectivos del barrio, propone para la semana que viene el programa de actividades \u2018Callejeando por la Rocha 2022\u2019"}]},{"@type":"WebSite","@id":"https:\/\/www.laguiadepamplona.com\/actualidad\/#website","url":"https:\/\/www.laguiadepamplona.com\/actualidad\/","name":"La gu\u00eda de Pamplona","description":"Noticias de Pamplona","publisher":{"@id":"https:\/\/www.laguiadepamplona.com\/actualidad\/#organization"},"potentialAction":[{"@type":"SearchAction","target":{"@type":"EntryPoint","urlTemplate":"https:\/\/www.laguiadepamplona.com\/actualidad\/?s={search_term_string}"},"query-input":{"@type":"PropertyValueSpecification","valueRequired":true,"valueName":"search_term_string"}}],"inLanguage":"es"},{"@type":"Organization","@id":"https:\/\/www.laguiadepamplona.com\/actualidad\/#organization","name":"La Gu\u00eda de Pamplona \/ Noticias","url":"https:\/\/www.laguiadepamplona.com\/actualidad\/","logo":{"@type":"ImageObject","inLanguage":"es","@id":"https:\/\/www.laguiadepamplona.com\/actualidad\/#\/schema\/logo\/image\/","url":"https:\/\/www.laguiadepamplona.com\/actualidad\/wp-content\/uploads\/2018\/11\/logo-laguiadepamplona18-web1.png","contentUrl":"https:\/\/www.laguiadepamplona.com\/actualidad\/wp-content\/uploads\/2018\/11\/logo-laguiadepamplona18-web1.png","width":600,"height":196,"caption":"La Gu\u00eda de Pamplona \/ Noticias"},"image":{"@id":"https:\/\/www.laguiadepamplona.com\/actualidad\/#\/schema\/logo\/image\/"},"sameAs":["https:\/\/www.facebook.com\/laguiadepamplonacom-133175176762273\/?ref=hl","https:\/\/x.com\/LaGuiadPamplona","https:\/\/www.instagram.com\/la_guia_de_pamplona\/","https:\/\/www.youtube.com\/user\/laguiadepamplona"]},{"@type":"Person","@id":"https:\/\/www.laguiadepamplona.com\/actualidad\/#\/schema\/person\/efe887376f0213d4657c93adc50b1fdb","name":"La Gu\u00eda de Pamplona","image":{"@type":"ImageObject","inLanguage":"es","@id":"https:\/\/secure.gravatar.com\/avatar\/b6992f131dc8d30ab0dff15446e9d346d9dbd95992de0fef795073f5ea83a81c?s=96&d=mm&r=g","url":"https:\/\/secure.gravatar.com\/avatar\/b6992f131dc8d30ab0dff15446e9d346d9dbd95992de0fef795073f5ea83a81c?s=96&d=mm&r=g","contentUrl":"https:\/\/secure.gravatar.com\/avatar\/b6992f131dc8d30ab0dff15446e9d346d9dbd95992de0fef795073f5ea83a81c?s=96&d=mm&r=g","caption":"La Gu\u00eda de Pamplona"}}]}},"post_mailing_queue_ids":[],"_links":{"self":[{"href":"https:\/\/www.laguiadepamplona.com\/actualidad\/wp-json\/wp\/v2\/posts\/41559","targetHints":{"allow":["GET"]}}],"collection":[{"href":"https:\/\/www.laguiadepamplona.com\/actualidad\/wp-json\/wp\/v2\/posts"}],"about":[{"href":"https:\/\/www.laguiadepamplona.com\/actualidad\/wp-json\/wp\/v2\/types\/post"}],"author":[{"embeddable":true,"href":"https:\/\/www.laguiadepamplona.com\/actualidad\/wp-json\/wp\/v2\/users\/1"}],"replies":[{"embeddable":true,"href":"https:\/\/www.laguiadepamplona.com\/actualidad\/wp-json\/wp\/v2\/comments?post=41559"}],"version-history":[{"count":0,"href":"https:\/\/www.laguiadepamplona.com\/actualidad\/wp-json\/wp\/v2\/posts\/41559\/revisions"}],"wp:attachment":[{"href":"https:\/\/www.laguiadepamplona.com\/actualidad\/wp-json\/wp\/v2\/media?parent=41559"}],"wp:term":[{"taxonomy":"category","embeddable":true,"href":"https:\/\/www.laguiadepamplona.com\/actualidad\/wp-json\/wp\/v2\/categories?post=41559"},{"taxonomy":"post_tag","embeddable":true,"href":"https:\/\/www.laguiadepamplona.com\/actualidad\/wp-json\/wp\/v2\/tags?post=41559"}],"curies":[{"name":"wp","href":"https:\/\/api.w.org\/{rel}","templated":true}]}}