{"id":41550,"date":"2022-09-16T13:17:48","date_gmt":"2022-09-16T11:17:48","guid":{"rendered":"https:\/\/www.laguiadepamplona.com\/actualidad\/?p=41550"},"modified":"2023-04-11T11:47:50","modified_gmt":"2023-04-11T09:47:50","slug":"comienza-la-semana-europea-de-la-movilidad-con-paseos-en-bici-y-sesiones-para-conocer-el-servicio-de-bicis-electricas-y-el-sistema-de-puntos-de-recarga-de-vehiculos-electricos","status":"publish","type":"post","link":"https:\/\/www.laguiadepamplona.com\/actualidad\/comienza-la-semana-europea-de-la-movilidad-con-paseos-en-bici-y-sesiones-para-conocer-el-servicio-de-bicis-electricas-y-el-sistema-de-puntos-de-recarga-de-vehiculos-electricos\/","title":{"rendered":"Comienza la Semana Europea de la Movilidad con paseos en bici y sesiones para conocer el servicio de bicis el\u00e9ctricas y el sistema de puntos de recarga de veh\u00edculos el\u00e9ctricos"},"content":{"rendered":"<h5>Desde este viernes y hasta el 22 de septiembre, el Ayuntamiento de Pamplona ha organizado m\u00e1s de 20 actividades en torno a la movilidad sostenible<\/h5>\n<p><!--more--><\/p>\n<p>La estaci\u00f3n de bicicletas el\u00e9ctricas del Rinc\u00f3n de la Aduana ser\u00e1 el punto en el que comenzar\u00e1 esta tarde la Semana Europea de la Movilidad. Lo har\u00e1 con una sesi\u00f3n para probar el servicio de alquiler de bicis el\u00e9ctricas. El Ayuntamiento de Pamplona ha organizado entre el 16 y el 22 de septiembre m\u00e1s de una veintena de actividades orientadas a promocionar la movilidad sostenible. Estos primeros d\u00edas las actividades se centran en la movilidad ciclista, con un gui\u00f1o el s\u00e1bado al veh\u00edculo el\u00e9ctrico.<br \/>\n<script async src=\"\/\/pagead2.googlesyndication.com\/pagead\/js\/adsbygoogle.js\"><\/script><br \/>\n<!-- Noticias La Guia de Pamplona --><br \/>\n<ins class=\"adsbygoogle\"\nstyle=\"display:block\"\ndata-ad-client=\"ca-pub-6943679897239327\"\ndata-ad-slot=\"7048180777\"\ndata-ad-format=\"auto\"><\/ins><br \/>\n<script>\n(adsbygoogle = window.adsbygoogle || []).push({});\n<\/script><\/p>\n<p>Esta tarde de 17 a 20 horas y el s\u00e1bado y el domingo por la ma\u00f1ana de 11 a 14 horas s<em>e facilitar\u00e1 toda la informaci\u00f3n necesaria para poder utilizar el servicio de bicicleta el\u00e9ctrica. A trav\u00e9s de tarjetas temporales, se permitir\u00e1 probar las bicicletas en dos de las 42 bases instaladas en los diferentes barrios de la ciudad. El viernes se probar\u00e1n en la estaci\u00f3n del Rinc\u00f3n de la Aduana y el fin de semana en la estaci\u00f3n del parque de Antoniutti. Las sesiones cuentan con la colaboraci\u00f3n de Ride On Pamplona, empresa que gestiona el sistema de alquiler de bicis el\u00e9ctricas en la ciudad. <\/em><\/p>\n<p>El s\u00e1bado y el domingo, de 10 a 12.30 horas, se han organizado tambi\u00e9n paseos ciclistas con recorridos por la red ciclable de la ciudad. La asociaci\u00f3n AMTS gu\u00eda estos paseos para los que es recomendable inscribirse previamente en el correo electr\u00f3nico <a href=\"mailto:movilidad@pamplona.es\">movilidad@pamplona.es<\/a>. El s\u00e1bado la ruta llevar\u00e1 a las personas participantes a los barrios del norte de la ciudad, Txantrea, Rochapea, San Jorge y Buztintxuri, y el domingo a la zona sur, transitando por los Ensanches, San Juan, Mendebaldea, Iturrama y Lezkairu. Los recorridos se inician y finalizan en la Plaza del Castillo. Este paseo guiado permitir\u00e1 disfrutar de Pamplona de una manera diferente y ayudar\u00e1 a dise\u00f1ar los propios recorridos para moverse de manera activa, segura y sostenible, a la vez que se reciben nociones de circulaci\u00f3n segura.<\/p>\n<p>La Plaza del Castillo acoger\u00e1 tambi\u00e9n el fin de semana un punto gratuito de chequeo y ajuste de bicicletas. <em>Con la ayuda de Ciclos Mart\u00edn, se ofrecer\u00e1 un servicio gratuito para ajustes de transmisi\u00f3n, frenos, ruedas\u2026 u otros peque\u00f1os arreglos. \u00a0Se habilitar\u00e1 una carpa, entre las 11 y las 14 horas, s\u00e1bado y domingo, en la confluencia con la avenida de Carlos III. <\/em><br \/>\n<script async src=\"\/\/pagead2.googlesyndication.com\/pagead\/js\/adsbygoogle.js\"><\/script><br \/>\n<!-- Noticias La Guia de Pamplona --><br \/>\n<ins class=\"adsbygoogle\"\nstyle=\"display:block\"\ndata-ad-client=\"ca-pub-6943679897239327\"\ndata-ad-slot=\"7048180777\"\ndata-ad-format=\"auto\"><\/ins><br \/>\n<script>\n(adsbygoogle = window.adsbygoogle || []).push({});\n<\/script><\/p>\n<p><strong>C\u00f3mo funcionan los puntos de recarga de veh\u00edculos el\u00e9ctricos<\/strong><\/p>\n<p>Pero no todo ser\u00e1 movilidad ciclista este fin de semana. El s\u00e1bado se ha organizado una actividad de movilidad el\u00e9ctrica para conocer los veh\u00edculos el\u00e9ctricos y aprender c\u00f3mo se recargan. La sesi\u00f3n tendr\u00e1 lugar de 11 a 14 horas en el paseo Prem\u00edn de Iru\u00f1a, junto al punto de recarga ubicado en la confluencia con la avenida de Bara\u00f1\u00e1in.<\/p>\n<p>Vilalta Green Energy, empresa concesionaria de la red de puntos de recarga de veh\u00edculo el\u00e9ctrico en Pamplona, atender\u00e1 al p\u00fablico para resolver las dudas sobre c\u00f3mo utilizar esos cargadores.\u00a0 La Asociaci\u00f3n de Usuarios y Usuarias de Veh\u00edculo El\u00e9ctrico (AUVE) celebrar\u00e1 tambi\u00e9n uno de sus encuentros, de manera que las personas que visiten la muestra podr\u00e1n conocer su experiencia en el uso del veh\u00edculo el\u00e9ctrico.<br \/>\nAdem\u00e1s, la Mancomunidad de la Comarca de Pamplona (MCP) y el propio Ayuntamiento de Pamplona ofrecer\u00e1n una muestra de veh\u00edculos el\u00e9ctricos de sus flotas.<\/p>\n<p>&nbsp;<br \/>\n[qodef_button size=\u00bblarge\u00bb type=\u00bb\u00bb text=\u00bbfolleto semana movilidad.pdf\u00bb custom_class=\u00bb\u00bb icon_pack=\u00bbfont_elegant\u00bb fa_icon=\u00bbicon_download\u00bb link=\u00bbhttps:\/\/www.pamplona.es\/sites\/default\/files\/2022-09\/folletosemanamovilidad2022_0.pdf\u00bb target=\u00bb_blank\u00bb color=\u00bbffffff\u00bb hover_color=\u00bb\u00bb background_color=\u00bb\u00bb hover_background_color=\u00bb\u00bb border_color=\u00bb\u00bb hover_border_color=\u00bb\u00bb font_size=\u00bb\u00bb font_weight=\u00bb\u00bb margin=\u00bb\u00bb]\n&nbsp;<\/p>\n","protected":false},"excerpt":{"rendered":"<p>Desde este viernes y hasta el 22 de septiembre, el Ayuntamiento de Pamplona ha organizado m\u00e1s de 20 actividades en torno a la movilidad sostenible<\/p>\n","protected":false},"author":1,"featured_media":0,"comment_status":"open","ping_status":"closed","sticky":false,"template":"","format":"standard","meta":{"footnotes":""},"categories":[2],"tags":[],"class_list":["post-41550","post","type-post","status-publish","format-standard","hentry","category-ayuntamiento-pamplona"],"yoast_head":"<!-- This site is optimized with the Yoast SEO plugin v27.5 - https:\/\/yoast.com\/product\/yoast-seo-wordpress\/ -->\n<title>Comienza la Semana Europea de la Movilidad con paseos en bici y sesiones para conocer el servicio de bicis el\u00e9ctricas y el sistema de puntos de recarga de veh\u00edculos el\u00e9ctricos<\/title>\n<meta name=\"description\" content=\"Desde este viernes y hasta el 22 de septiembre, el Ayuntamiento de Pamplona ha organizado m\u00e1s de 20 actividades en torno a la movilidad sostenible\" \/>\n<meta name=\"robots\" content=\"index, follow, max-snippet:-1, max-image-preview:large, max-video-preview:-1\" \/>\n<link rel=\"canonical\" href=\"https:\/\/www.laguiadepamplona.com\/actualidad\/comienza-la-semana-europea-de-la-movilidad-con-paseos-en-bici-y-sesiones-para-conocer-el-servicio-de-bicis-electricas-y-el-sistema-de-puntos-de-recarga-de-vehiculos-electricos\/\" \/>\n<meta property=\"og:locale\" content=\"es_ES\" \/>\n<meta property=\"og:type\" content=\"article\" \/>\n<meta property=\"og:title\" content=\"Comienza la Semana Europea de la Movilidad con paseos en bici y sesiones para conocer el servicio de bicis el\u00e9ctricas y el sistema de puntos de recarga de veh\u00edculos el\u00e9ctricos\" \/>\n<meta property=\"og:description\" content=\"Desde este viernes y hasta el 22 de septiembre, el Ayuntamiento de Pamplona ha organizado m\u00e1s de 20 actividades en torno a la movilidad sostenible\" \/>\n<meta property=\"og:url\" content=\"https:\/\/www.laguiadepamplona.com\/actualidad\/comienza-la-semana-europea-de-la-movilidad-con-paseos-en-bici-y-sesiones-para-conocer-el-servicio-de-bicis-electricas-y-el-sistema-de-puntos-de-recarga-de-vehiculos-electricos\/\" \/>\n<meta property=\"og:site_name\" content=\"La Gu\u00eda de Pamplona\" \/>\n<meta property=\"article:publisher\" content=\"https:\/\/www.facebook.com\/laguiadepamplonacom-133175176762273\/?ref=hl\" \/>\n<meta property=\"article:published_time\" content=\"2022-09-16T11:17:48+00:00\" \/>\n<meta property=\"article:modified_time\" content=\"2023-04-11T09:47:50+00:00\" \/>\n<meta name=\"author\" content=\"La Gu\u00eda de Pamplona\" \/>\n<meta name=\"twitter:card\" content=\"summary_large_image\" \/>\n<meta name=\"twitter:creator\" content=\"@LaGuiadPamplona\" \/>\n<meta name=\"twitter:site\" content=\"@LaGuiadPamplona\" \/>\n<meta name=\"twitter:label1\" content=\"Escrito por\" \/>\n\t<meta name=\"twitter:data1\" content=\"La Gu\u00eda de Pamplona\" \/>\n\t<meta name=\"twitter:label2\" content=\"Tiempo de lectura\" \/>\n\t<meta name=\"twitter:data2\" content=\"3 minutos\" \/>\n<script type=\"application\/ld+json\" class=\"yoast-schema-graph\">{\"@context\":\"https:\\\/\\\/schema.org\",\"@graph\":[{\"@type\":\"Article\",\"@id\":\"https:\\\/\\\/www.laguiadepamplona.com\\\/actualidad\\\/comienza-la-semana-europea-de-la-movilidad-con-paseos-en-bici-y-sesiones-para-conocer-el-servicio-de-bicis-electricas-y-el-sistema-de-puntos-de-recarga-de-vehiculos-electricos\\\/#article\",\"isPartOf\":{\"@id\":\"https:\\\/\\\/www.laguiadepamplona.com\\\/actualidad\\\/comienza-la-semana-europea-de-la-movilidad-con-paseos-en-bici-y-sesiones-para-conocer-el-servicio-de-bicis-electricas-y-el-sistema-de-puntos-de-recarga-de-vehiculos-electricos\\\/\"},\"author\":{\"name\":\"La Gu\u00eda de Pamplona\",\"@id\":\"https:\\\/\\\/www.laguiadepamplona.com\\\/actualidad\\\/#\\\/schema\\\/person\\\/efe887376f0213d4657c93adc50b1fdb\"},\"headline\":\"Comienza la Semana Europea de la Movilidad con paseos en bici y sesiones para conocer el servicio de bicis el\u00e9ctricas y el sistema de puntos de recarga de veh\u00edculos el\u00e9ctricos\",\"datePublished\":\"2022-09-16T11:17:48+00:00\",\"dateModified\":\"2023-04-11T09:47:50+00:00\",\"mainEntityOfPage\":{\"@id\":\"https:\\\/\\\/www.laguiadepamplona.com\\\/actualidad\\\/comienza-la-semana-europea-de-la-movilidad-con-paseos-en-bici-y-sesiones-para-conocer-el-servicio-de-bicis-electricas-y-el-sistema-de-puntos-de-recarga-de-vehiculos-electricos\\\/\"},\"wordCount\":701,\"commentCount\":0,\"publisher\":{\"@id\":\"https:\\\/\\\/www.laguiadepamplona.com\\\/actualidad\\\/#organization\"},\"articleSection\":[\"Ayto Pamplona\"],\"inLanguage\":\"es\",\"potentialAction\":[{\"@type\":\"CommentAction\",\"name\":\"Comment\",\"target\":[\"https:\\\/\\\/www.laguiadepamplona.com\\\/actualidad\\\/comienza-la-semana-europea-de-la-movilidad-con-paseos-en-bici-y-sesiones-para-conocer-el-servicio-de-bicis-electricas-y-el-sistema-de-puntos-de-recarga-de-vehiculos-electricos\\\/#respond\"]}]},{\"@type\":\"WebPage\",\"@id\":\"https:\\\/\\\/www.laguiadepamplona.com\\\/actualidad\\\/comienza-la-semana-europea-de-la-movilidad-con-paseos-en-bici-y-sesiones-para-conocer-el-servicio-de-bicis-electricas-y-el-sistema-de-puntos-de-recarga-de-vehiculos-electricos\\\/\",\"url\":\"https:\\\/\\\/www.laguiadepamplona.com\\\/actualidad\\\/comienza-la-semana-europea-de-la-movilidad-con-paseos-en-bici-y-sesiones-para-conocer-el-servicio-de-bicis-electricas-y-el-sistema-de-puntos-de-recarga-de-vehiculos-electricos\\\/\",\"name\":\"Comienza la Semana Europea de la Movilidad con paseos en bici y sesiones para conocer el servicio de bicis el\u00e9ctricas y el sistema de puntos de recarga de veh\u00edculos el\u00e9ctricos\",\"isPartOf\":{\"@id\":\"https:\\\/\\\/www.laguiadepamplona.com\\\/actualidad\\\/#website\"},\"datePublished\":\"2022-09-16T11:17:48+00:00\",\"dateModified\":\"2023-04-11T09:47:50+00:00\",\"description\":\"Desde este viernes y hasta el 22 de septiembre, el Ayuntamiento de Pamplona ha organizado m\u00e1s de 20 actividades en torno a la movilidad sostenible\",\"breadcrumb\":{\"@id\":\"https:\\\/\\\/www.laguiadepamplona.com\\\/actualidad\\\/comienza-la-semana-europea-de-la-movilidad-con-paseos-en-bici-y-sesiones-para-conocer-el-servicio-de-bicis-electricas-y-el-sistema-de-puntos-de-recarga-de-vehiculos-electricos\\\/#breadcrumb\"},\"inLanguage\":\"es\",\"potentialAction\":[{\"@type\":\"ReadAction\",\"target\":[\"https:\\\/\\\/www.laguiadepamplona.com\\\/actualidad\\\/comienza-la-semana-europea-de-la-movilidad-con-paseos-en-bici-y-sesiones-para-conocer-el-servicio-de-bicis-electricas-y-el-sistema-de-puntos-de-recarga-de-vehiculos-electricos\\\/\"]}]},{\"@type\":\"BreadcrumbList\",\"@id\":\"https:\\\/\\\/www.laguiadepamplona.com\\\/actualidad\\\/comienza-la-semana-europea-de-la-movilidad-con-paseos-en-bici-y-sesiones-para-conocer-el-servicio-de-bicis-electricas-y-el-sistema-de-puntos-de-recarga-de-vehiculos-electricos\\\/#breadcrumb\",\"itemListElement\":[{\"@type\":\"ListItem\",\"position\":1,\"name\":\"Portada\",\"item\":\"https:\\\/\\\/www.laguiadepamplona.com\\\/actualidad\\\/\"},{\"@type\":\"ListItem\",\"position\":2,\"name\":\"Comienza la Semana Europea de la Movilidad con paseos en bici y sesiones para conocer el servicio de bicis el\u00e9ctricas y el sistema de puntos de recarga de veh\u00edculos el\u00e9ctricos\"}]},{\"@type\":\"WebSite\",\"@id\":\"https:\\\/\\\/www.laguiadepamplona.com\\\/actualidad\\\/#website\",\"url\":\"https:\\\/\\\/www.laguiadepamplona.com\\\/actualidad\\\/\",\"name\":\"La gu\u00eda de Pamplona\",\"description\":\"Noticias de Pamplona\",\"publisher\":{\"@id\":\"https:\\\/\\\/www.laguiadepamplona.com\\\/actualidad\\\/#organization\"},\"potentialAction\":[{\"@type\":\"SearchAction\",\"target\":{\"@type\":\"EntryPoint\",\"urlTemplate\":\"https:\\\/\\\/www.laguiadepamplona.com\\\/actualidad\\\/?s={search_term_string}\"},\"query-input\":{\"@type\":\"PropertyValueSpecification\",\"valueRequired\":true,\"valueName\":\"search_term_string\"}}],\"inLanguage\":\"es\"},{\"@type\":\"Organization\",\"@id\":\"https:\\\/\\\/www.laguiadepamplona.com\\\/actualidad\\\/#organization\",\"name\":\"La Gu\u00eda de Pamplona \\\/ Noticias\",\"url\":\"https:\\\/\\\/www.laguiadepamplona.com\\\/actualidad\\\/\",\"logo\":{\"@type\":\"ImageObject\",\"inLanguage\":\"es\",\"@id\":\"https:\\\/\\\/www.laguiadepamplona.com\\\/actualidad\\\/#\\\/schema\\\/logo\\\/image\\\/\",\"url\":\"https:\\\/\\\/www.laguiadepamplona.com\\\/actualidad\\\/wp-content\\\/uploads\\\/2018\\\/11\\\/logo-laguiadepamplona18-web1.png\",\"contentUrl\":\"https:\\\/\\\/www.laguiadepamplona.com\\\/actualidad\\\/wp-content\\\/uploads\\\/2018\\\/11\\\/logo-laguiadepamplona18-web1.png\",\"width\":600,\"height\":196,\"caption\":\"La Gu\u00eda de Pamplona \\\/ Noticias\"},\"image\":{\"@id\":\"https:\\\/\\\/www.laguiadepamplona.com\\\/actualidad\\\/#\\\/schema\\\/logo\\\/image\\\/\"},\"sameAs\":[\"https:\\\/\\\/www.facebook.com\\\/laguiadepamplonacom-133175176762273\\\/?ref=hl\",\"https:\\\/\\\/x.com\\\/LaGuiadPamplona\",\"https:\\\/\\\/www.instagram.com\\\/la_guia_de_pamplona\\\/\",\"https:\\\/\\\/www.youtube.com\\\/user\\\/laguiadepamplona\"]},{\"@type\":\"Person\",\"@id\":\"https:\\\/\\\/www.laguiadepamplona.com\\\/actualidad\\\/#\\\/schema\\\/person\\\/efe887376f0213d4657c93adc50b1fdb\",\"name\":\"La Gu\u00eda de Pamplona\",\"image\":{\"@type\":\"ImageObject\",\"inLanguage\":\"es\",\"@id\":\"https:\\\/\\\/secure.gravatar.com\\\/avatar\\\/b6992f131dc8d30ab0dff15446e9d346d9dbd95992de0fef795073f5ea83a81c?s=96&d=mm&r=g\",\"url\":\"https:\\\/\\\/secure.gravatar.com\\\/avatar\\\/b6992f131dc8d30ab0dff15446e9d346d9dbd95992de0fef795073f5ea83a81c?s=96&d=mm&r=g\",\"contentUrl\":\"https:\\\/\\\/secure.gravatar.com\\\/avatar\\\/b6992f131dc8d30ab0dff15446e9d346d9dbd95992de0fef795073f5ea83a81c?s=96&d=mm&r=g\",\"caption\":\"La Gu\u00eda de Pamplona\"}}]}<\/script>\n<!-- \/ Yoast SEO plugin. -->","yoast_head_json":{"title":"Comienza la Semana Europea de la Movilidad con paseos en bici y sesiones para conocer el servicio de bicis el\u00e9ctricas y el sistema de puntos de recarga de veh\u00edculos el\u00e9ctricos","description":"Desde este viernes y hasta el 22 de septiembre, el Ayuntamiento de Pamplona ha organizado m\u00e1s de 20 actividades en torno a la movilidad sostenible","robots":{"index":"index","follow":"follow","max-snippet":"max-snippet:-1","max-image-preview":"max-image-preview:large","max-video-preview":"max-video-preview:-1"},"canonical":"https:\/\/www.laguiadepamplona.com\/actualidad\/comienza-la-semana-europea-de-la-movilidad-con-paseos-en-bici-y-sesiones-para-conocer-el-servicio-de-bicis-electricas-y-el-sistema-de-puntos-de-recarga-de-vehiculos-electricos\/","og_locale":"es_ES","og_type":"article","og_title":"Comienza la Semana Europea de la Movilidad con paseos en bici y sesiones para conocer el servicio de bicis el\u00e9ctricas y el sistema de puntos de recarga de veh\u00edculos el\u00e9ctricos","og_description":"Desde este viernes y hasta el 22 de septiembre, el Ayuntamiento de Pamplona ha organizado m\u00e1s de 20 actividades en torno a la movilidad sostenible","og_url":"https:\/\/www.laguiadepamplona.com\/actualidad\/comienza-la-semana-europea-de-la-movilidad-con-paseos-en-bici-y-sesiones-para-conocer-el-servicio-de-bicis-electricas-y-el-sistema-de-puntos-de-recarga-de-vehiculos-electricos\/","og_site_name":"La Gu\u00eda de Pamplona","article_publisher":"https:\/\/www.facebook.com\/laguiadepamplonacom-133175176762273\/?ref=hl","article_published_time":"2022-09-16T11:17:48+00:00","article_modified_time":"2023-04-11T09:47:50+00:00","author":"La Gu\u00eda de Pamplona","twitter_card":"summary_large_image","twitter_creator":"@LaGuiadPamplona","twitter_site":"@LaGuiadPamplona","twitter_misc":{"Escrito por":"La Gu\u00eda de Pamplona","Tiempo de lectura":"3 minutos"},"schema":{"@context":"https:\/\/schema.org","@graph":[{"@type":"Article","@id":"https:\/\/www.laguiadepamplona.com\/actualidad\/comienza-la-semana-europea-de-la-movilidad-con-paseos-en-bici-y-sesiones-para-conocer-el-servicio-de-bicis-electricas-y-el-sistema-de-puntos-de-recarga-de-vehiculos-electricos\/#article","isPartOf":{"@id":"https:\/\/www.laguiadepamplona.com\/actualidad\/comienza-la-semana-europea-de-la-movilidad-con-paseos-en-bici-y-sesiones-para-conocer-el-servicio-de-bicis-electricas-y-el-sistema-de-puntos-de-recarga-de-vehiculos-electricos\/"},"author":{"name":"La Gu\u00eda de Pamplona","@id":"https:\/\/www.laguiadepamplona.com\/actualidad\/#\/schema\/person\/efe887376f0213d4657c93adc50b1fdb"},"headline":"Comienza la Semana Europea de la Movilidad con paseos en bici y sesiones para conocer el servicio de bicis el\u00e9ctricas y el sistema de puntos de recarga de veh\u00edculos el\u00e9ctricos","datePublished":"2022-09-16T11:17:48+00:00","dateModified":"2023-04-11T09:47:50+00:00","mainEntityOfPage":{"@id":"https:\/\/www.laguiadepamplona.com\/actualidad\/comienza-la-semana-europea-de-la-movilidad-con-paseos-en-bici-y-sesiones-para-conocer-el-servicio-de-bicis-electricas-y-el-sistema-de-puntos-de-recarga-de-vehiculos-electricos\/"},"wordCount":701,"commentCount":0,"publisher":{"@id":"https:\/\/www.laguiadepamplona.com\/actualidad\/#organization"},"articleSection":["Ayto Pamplona"],"inLanguage":"es","potentialAction":[{"@type":"CommentAction","name":"Comment","target":["https:\/\/www.laguiadepamplona.com\/actualidad\/comienza-la-semana-europea-de-la-movilidad-con-paseos-en-bici-y-sesiones-para-conocer-el-servicio-de-bicis-electricas-y-el-sistema-de-puntos-de-recarga-de-vehiculos-electricos\/#respond"]}]},{"@type":"WebPage","@id":"https:\/\/www.laguiadepamplona.com\/actualidad\/comienza-la-semana-europea-de-la-movilidad-con-paseos-en-bici-y-sesiones-para-conocer-el-servicio-de-bicis-electricas-y-el-sistema-de-puntos-de-recarga-de-vehiculos-electricos\/","url":"https:\/\/www.laguiadepamplona.com\/actualidad\/comienza-la-semana-europea-de-la-movilidad-con-paseos-en-bici-y-sesiones-para-conocer-el-servicio-de-bicis-electricas-y-el-sistema-de-puntos-de-recarga-de-vehiculos-electricos\/","name":"Comienza la Semana Europea de la Movilidad con paseos en bici y sesiones para conocer el servicio de bicis el\u00e9ctricas y el sistema de puntos de recarga de veh\u00edculos el\u00e9ctricos","isPartOf":{"@id":"https:\/\/www.laguiadepamplona.com\/actualidad\/#website"},"datePublished":"2022-09-16T11:17:48+00:00","dateModified":"2023-04-11T09:47:50+00:00","description":"Desde este viernes y hasta el 22 de septiembre, el Ayuntamiento de Pamplona ha organizado m\u00e1s de 20 actividades en torno a la movilidad sostenible","breadcrumb":{"@id":"https:\/\/www.laguiadepamplona.com\/actualidad\/comienza-la-semana-europea-de-la-movilidad-con-paseos-en-bici-y-sesiones-para-conocer-el-servicio-de-bicis-electricas-y-el-sistema-de-puntos-de-recarga-de-vehiculos-electricos\/#breadcrumb"},"inLanguage":"es","potentialAction":[{"@type":"ReadAction","target":["https:\/\/www.laguiadepamplona.com\/actualidad\/comienza-la-semana-europea-de-la-movilidad-con-paseos-en-bici-y-sesiones-para-conocer-el-servicio-de-bicis-electricas-y-el-sistema-de-puntos-de-recarga-de-vehiculos-electricos\/"]}]},{"@type":"BreadcrumbList","@id":"https:\/\/www.laguiadepamplona.com\/actualidad\/comienza-la-semana-europea-de-la-movilidad-con-paseos-en-bici-y-sesiones-para-conocer-el-servicio-de-bicis-electricas-y-el-sistema-de-puntos-de-recarga-de-vehiculos-electricos\/#breadcrumb","itemListElement":[{"@type":"ListItem","position":1,"name":"Portada","item":"https:\/\/www.laguiadepamplona.com\/actualidad\/"},{"@type":"ListItem","position":2,"name":"Comienza la Semana Europea de la Movilidad con paseos en bici y sesiones para conocer el servicio de bicis el\u00e9ctricas y el sistema de puntos de recarga de veh\u00edculos el\u00e9ctricos"}]},{"@type":"WebSite","@id":"https:\/\/www.laguiadepamplona.com\/actualidad\/#website","url":"https:\/\/www.laguiadepamplona.com\/actualidad\/","name":"La gu\u00eda de Pamplona","description":"Noticias de Pamplona","publisher":{"@id":"https:\/\/www.laguiadepamplona.com\/actualidad\/#organization"},"potentialAction":[{"@type":"SearchAction","target":{"@type":"EntryPoint","urlTemplate":"https:\/\/www.laguiadepamplona.com\/actualidad\/?s={search_term_string}"},"query-input":{"@type":"PropertyValueSpecification","valueRequired":true,"valueName":"search_term_string"}}],"inLanguage":"es"},{"@type":"Organization","@id":"https:\/\/www.laguiadepamplona.com\/actualidad\/#organization","name":"La Gu\u00eda de Pamplona \/ Noticias","url":"https:\/\/www.laguiadepamplona.com\/actualidad\/","logo":{"@type":"ImageObject","inLanguage":"es","@id":"https:\/\/www.laguiadepamplona.com\/actualidad\/#\/schema\/logo\/image\/","url":"https:\/\/www.laguiadepamplona.com\/actualidad\/wp-content\/uploads\/2018\/11\/logo-laguiadepamplona18-web1.png","contentUrl":"https:\/\/www.laguiadepamplona.com\/actualidad\/wp-content\/uploads\/2018\/11\/logo-laguiadepamplona18-web1.png","width":600,"height":196,"caption":"La Gu\u00eda de Pamplona \/ Noticias"},"image":{"@id":"https:\/\/www.laguiadepamplona.com\/actualidad\/#\/schema\/logo\/image\/"},"sameAs":["https:\/\/www.facebook.com\/laguiadepamplonacom-133175176762273\/?ref=hl","https:\/\/x.com\/LaGuiadPamplona","https:\/\/www.instagram.com\/la_guia_de_pamplona\/","https:\/\/www.youtube.com\/user\/laguiadepamplona"]},{"@type":"Person","@id":"https:\/\/www.laguiadepamplona.com\/actualidad\/#\/schema\/person\/efe887376f0213d4657c93adc50b1fdb","name":"La Gu\u00eda de Pamplona","image":{"@type":"ImageObject","inLanguage":"es","@id":"https:\/\/secure.gravatar.com\/avatar\/b6992f131dc8d30ab0dff15446e9d346d9dbd95992de0fef795073f5ea83a81c?s=96&d=mm&r=g","url":"https:\/\/secure.gravatar.com\/avatar\/b6992f131dc8d30ab0dff15446e9d346d9dbd95992de0fef795073f5ea83a81c?s=96&d=mm&r=g","contentUrl":"https:\/\/secure.gravatar.com\/avatar\/b6992f131dc8d30ab0dff15446e9d346d9dbd95992de0fef795073f5ea83a81c?s=96&d=mm&r=g","caption":"La Gu\u00eda de Pamplona"}}]}},"post_mailing_queue_ids":[],"_links":{"self":[{"href":"https:\/\/www.laguiadepamplona.com\/actualidad\/wp-json\/wp\/v2\/posts\/41550","targetHints":{"allow":["GET"]}}],"collection":[{"href":"https:\/\/www.laguiadepamplona.com\/actualidad\/wp-json\/wp\/v2\/posts"}],"about":[{"href":"https:\/\/www.laguiadepamplona.com\/actualidad\/wp-json\/wp\/v2\/types\/post"}],"author":[{"embeddable":true,"href":"https:\/\/www.laguiadepamplona.com\/actualidad\/wp-json\/wp\/v2\/users\/1"}],"replies":[{"embeddable":true,"href":"https:\/\/www.laguiadepamplona.com\/actualidad\/wp-json\/wp\/v2\/comments?post=41550"}],"version-history":[{"count":0,"href":"https:\/\/www.laguiadepamplona.com\/actualidad\/wp-json\/wp\/v2\/posts\/41550\/revisions"}],"wp:attachment":[{"href":"https:\/\/www.laguiadepamplona.com\/actualidad\/wp-json\/wp\/v2\/media?parent=41550"}],"wp:term":[{"taxonomy":"category","embeddable":true,"href":"https:\/\/www.laguiadepamplona.com\/actualidad\/wp-json\/wp\/v2\/categories?post=41550"},{"taxonomy":"post_tag","embeddable":true,"href":"https:\/\/www.laguiadepamplona.com\/actualidad\/wp-json\/wp\/v2\/tags?post=41550"}],"curies":[{"name":"wp","href":"https:\/\/api.w.org\/{rel}","templated":true}]}}