{"id":41510,"date":"2022-09-15T17:05:12","date_gmt":"2022-09-15T15:05:12","guid":{"rendered":"https:\/\/www.laguiadepamplona.com\/actualidad\/?p=41510"},"modified":"2023-04-11T11:47:50","modified_gmt":"2023-04-11T09:47:50","slug":"el-parque-de-trinitarios-acoge-este-fin-de-semana-la-primera-edicion-de-la-fiesta-del-tren-con-35-locomotoras-de-diversas-provincias-once-de-ellas-de-vapor","status":"publish","type":"post","link":"https:\/\/www.laguiadepamplona.com\/actualidad\/el-parque-de-trinitarios-acoge-este-fin-de-semana-la-primera-edicion-de-la-fiesta-del-tren-con-35-locomotoras-de-diversas-provincias-once-de-ellas-de-vapor\/","title":{"rendered":"El Parque de Trinitarios acoge este fin de semana la primera edici\u00f3n de la Fiesta del Tren, con 35 locomotoras de diversas provincias, once de ellas de vapor"},"content":{"rendered":"<h5>La fiesta comienza el viernes con la puesta en circulaci\u00f3n de las m\u00e1quinas, que estar\u00e1n en funcionamiento s\u00e1bado y domingo para el p\u00fablico en general<\/h5>\n<p><!--more--><\/p>\n<p>El Parque de Trinitarios acoge este fin de semana la primera edici\u00f3n de la Fiesta del Tren, una cita dentro del circuito de encuentros nacionales de parques de trenes de cinco pulgadas, en la que participa la Asociaci\u00f3n Navarra de Amigos del Ferrocarril (ANAF). Hasta 35 locomotoras, once de ellas de vapor, llegadas de todas las provincias circular\u00e1n por las v\u00edas del Centro de Interpretaci\u00f3n del Ferrocarril y las V\u00edas Verdes de Navarra, ubicado junto al Paseo de Kosterapea en Trinitarios.<br \/>\n<script async src=\"\/\/pagead2.googlesyndication.com\/pagead\/js\/adsbygoogle.js\"><\/script><br \/>\n<!-- Noticias La Guia de Pamplona --><br \/>\n<ins class=\"adsbygoogle\"\nstyle=\"display:block\"\ndata-ad-client=\"ca-pub-6943679897239327\"\ndata-ad-slot=\"7048180777\"\ndata-ad-format=\"auto\"><\/ins><br \/>\n<script>\n(adsbygoogle = window.adsbygoogle || []).push({});\n<\/script><\/p>\n<p>El viernes por la tarde se proceder\u00e1 a la puesta a punto de las m\u00e1quinas, que circular\u00e1n el s\u00e1bado y el domingo entre las 11.30 y las 13.30. Cualquier persona interesada puede acercarse hasta el centro para tomar parte en la fiesta. Para acceder, las personas adultas abonan 2,5 euros, y los menores acompa\u00f1ados 1,5 euros. Como novedad y al tratarse de la primera edici\u00f3n del encuentro, los participantes tendr\u00e1n los trenes en circulaci\u00f3n hasta las doce de la noche del s\u00e1bado, todo un espect\u00e1culo que se puede ver tambi\u00e9n desde el exterior del parque.<\/p>\n<p>La Asociaci\u00f3n Navarra de Amigos del Ferrocarril es responsable del Centro de Interpretaci\u00f3n del Ferrocarril y las V\u00edas Verdes de Navarra tras suscribir un convenio con el Ayuntamiento de Pamplona para gestionar el parque durante 15 a\u00f1os improrrogables. El Consistorio realiza una aportaci\u00f3n econ\u00f3mica anual de 16.660 euros, hasta los 249.000 euros, con los que ANAF ejecuta diferentes obras. El alcalde de Pamplona, Enrique Maya, visitar\u00e1 el parque el s\u00e1bado por la ma\u00f1ana, para participar en la apertura oficial de la Fiesta del Tren.<br \/>\n<script async src=\"\/\/pagead2.googlesyndication.com\/pagead\/js\/adsbygoogle.js\"><\/script><br \/>\n<!-- Noticias La Guia de Pamplona --><br \/>\n<ins class=\"adsbygoogle\"\nstyle=\"display:block\"\ndata-ad-client=\"ca-pub-6943679897239327\"\ndata-ad-slot=\"7048180777\"\ndata-ad-format=\"auto\"><\/ins><br \/>\n<script>\n(adsbygoogle = window.adsbygoogle || []).push({});\n<\/script><\/p>\n<p>El parque busca acercar a la ciudadan\u00eda la historia del ferrocarril en Navarra, con especial atenci\u00f3n a las v\u00edas verdes que recorr\u00edan la comunidad y ten\u00edan su centro neur\u00e1lgico en Pamplona. Consta de un espacio de 6.740 metros cuadrados, dotados con un circuito ambientado con elementos decorativos (vallas de madera, se\u00f1ales, marmitas, desv\u00edos y sem\u00e1foros), un edificio de cocheras, para guardar las locomotoras, y un edificio principal, simulando la estaci\u00f3n con sus taquillas y su sala de espera, donde se ubica la zona expositiva, la biblioteca y un espacio multiusos para actividades de difusi\u00f3n. El recinto cuenta, adem\u00e1s, con una zona de plato giratorio, donde poder ver distintas locomotoras, el\u00e9ctricas, de vapor, de gasolina y hasta una quitanieves, todas en uso y que llevan a los visitantes por el circuito ferroviario en las distintas \u00e9pocas del a\u00f1o.<\/p>\n<p>La Asociaci\u00f3n Navarra de Amigos del Ferrocarril se fund\u00f3 en 1959 y, entre sus objetivos, se encuentra la difusi\u00f3n de la historia del ferrocarril en la Comunidad Foral, a la que contribuye la fiesta de este fin de semana.<br \/>\n<script async src=\"\/\/pagead2.googlesyndication.com\/pagead\/js\/adsbygoogle.js\"><\/script><br \/>\n<!-- Noticias La Guia de Pamplona --><br \/>\n<ins class=\"adsbygoogle\"\nstyle=\"display:block\"\ndata-ad-client=\"ca-pub-6943679897239327\"\ndata-ad-slot=\"7048180777\"\ndata-ad-format=\"auto\"><\/ins><br \/>\n<script>\n(adsbygoogle = window.adsbygoogle || []).push({});\n<\/script><\/p>\n<h3>Primera Fiesta del Tren. Para el P\u00fablico en General.<\/h3>\n<ul>\n<li>Los trenes circulan el s\u00e1bado y el domingo, entre 11.30 y 13.30<\/li>\n<li>El parque acoge 35 locomotoras llegadas de diferentes provincias<\/li>\n<li>De manera excepcional, habr\u00e1 m\u00e1quinas circulando hasta las 12 de la noche del s\u00e1bado<\/li>\n<\/ul>\n","protected":false},"excerpt":{"rendered":"<p>La fiesta comienza el viernes con la puesta en circulaci\u00f3n de las m\u00e1quinas, que estar\u00e1n en funcionamiento s\u00e1bado y domingo para el p\u00fablico en general<\/p>\n","protected":false},"author":1,"featured_media":36688,"comment_status":"open","ping_status":"closed","sticky":false,"template":"","format":"standard","meta":{"footnotes":""},"categories":[2],"tags":[],"class_list":["post-41510","post","type-post","status-publish","format-standard","has-post-thumbnail","hentry","category-ayuntamiento-pamplona"],"yoast_head":"<!-- This site is optimized with the Yoast SEO plugin v27.3 - https:\/\/yoast.com\/product\/yoast-seo-wordpress\/ -->\n<title>El Parque de Trinitarios acoge este fin de semana la primera edici\u00f3n de la Fiesta del Tren, con 35 locomotoras de diversas provincias, once de ellas de vapor<\/title>\n<meta name=\"description\" content=\"La fiesta comienza el viernes con la puesta en circulaci\u00f3n de las m\u00e1quinas, que estar\u00e1n en funcionamiento s\u00e1bado y domingo para el p\u00fablico en general\" \/>\n<meta name=\"robots\" content=\"index, follow, max-snippet:-1, max-image-preview:large, max-video-preview:-1\" \/>\n<link rel=\"canonical\" href=\"https:\/\/www.laguiadepamplona.com\/actualidad\/el-parque-de-trinitarios-acoge-este-fin-de-semana-la-primera-edicion-de-la-fiesta-del-tren-con-35-locomotoras-de-diversas-provincias-once-de-ellas-de-vapor\/\" \/>\n<meta property=\"og:locale\" content=\"es_ES\" \/>\n<meta property=\"og:type\" content=\"article\" \/>\n<meta property=\"og:title\" content=\"El Parque de Trinitarios acoge este fin de semana la primera edici\u00f3n de la Fiesta del Tren, con 35 locomotoras de diversas provincias, once de ellas de vapor\" \/>\n<meta property=\"og:description\" content=\"La fiesta comienza el viernes con la puesta en circulaci\u00f3n de las m\u00e1quinas, que estar\u00e1n en funcionamiento s\u00e1bado y domingo para el p\u00fablico en general\" \/>\n<meta property=\"og:url\" content=\"https:\/\/www.laguiadepamplona.com\/actualidad\/el-parque-de-trinitarios-acoge-este-fin-de-semana-la-primera-edicion-de-la-fiesta-del-tren-con-35-locomotoras-de-diversas-provincias-once-de-ellas-de-vapor\/\" \/>\n<meta property=\"og:site_name\" content=\"La Gu\u00eda de Pamplona\" \/>\n<meta property=\"article:publisher\" content=\"https:\/\/www.facebook.com\/laguiadepamplonacom-133175176762273\/?ref=hl\" \/>\n<meta property=\"article:published_time\" content=\"2022-09-15T15:05:12+00:00\" \/>\n<meta property=\"article:modified_time\" content=\"2023-04-11T09:47:50+00:00\" \/>\n<meta property=\"og:image\" content=\"https:\/\/www.laguiadepamplona.com\/actualidad\/wp-content\/uploads\/2021\/09\/trinitarios_parque_tren_0.jpg\" \/>\n\t<meta property=\"og:image:width\" content=\"1920\" \/>\n\t<meta property=\"og:image:height\" content=\"1280\" \/>\n\t<meta property=\"og:image:type\" content=\"image\/jpeg\" \/>\n<meta name=\"author\" content=\"La Gu\u00eda de Pamplona\" \/>\n<meta name=\"twitter:card\" content=\"summary_large_image\" \/>\n<meta name=\"twitter:creator\" content=\"@LaGuiadPamplona\" \/>\n<meta name=\"twitter:site\" content=\"@LaGuiadPamplona\" \/>\n<meta name=\"twitter:label1\" content=\"Escrito por\" \/>\n\t<meta name=\"twitter:data1\" content=\"La Gu\u00eda de Pamplona\" \/>\n\t<meta name=\"twitter:label2\" content=\"Tiempo de lectura\" \/>\n\t<meta name=\"twitter:data2\" content=\"3 minutos\" \/>\n<script type=\"application\/ld+json\" class=\"yoast-schema-graph\">{\"@context\":\"https:\\\/\\\/schema.org\",\"@graph\":[{\"@type\":\"Article\",\"@id\":\"https:\\\/\\\/www.laguiadepamplona.com\\\/actualidad\\\/el-parque-de-trinitarios-acoge-este-fin-de-semana-la-primera-edicion-de-la-fiesta-del-tren-con-35-locomotoras-de-diversas-provincias-once-de-ellas-de-vapor\\\/#article\",\"isPartOf\":{\"@id\":\"https:\\\/\\\/www.laguiadepamplona.com\\\/actualidad\\\/el-parque-de-trinitarios-acoge-este-fin-de-semana-la-primera-edicion-de-la-fiesta-del-tren-con-35-locomotoras-de-diversas-provincias-once-de-ellas-de-vapor\\\/\"},\"author\":{\"name\":\"La Gu\u00eda de Pamplona\",\"@id\":\"https:\\\/\\\/www.laguiadepamplona.com\\\/actualidad\\\/#\\\/schema\\\/person\\\/efe887376f0213d4657c93adc50b1fdb\"},\"headline\":\"El Parque de Trinitarios acoge este fin de semana la primera edici\u00f3n de la Fiesta del Tren, con 35 locomotoras de diversas provincias, once de ellas de vapor\",\"datePublished\":\"2022-09-15T15:05:12+00:00\",\"dateModified\":\"2023-04-11T09:47:50+00:00\",\"mainEntityOfPage\":{\"@id\":\"https:\\\/\\\/www.laguiadepamplona.com\\\/actualidad\\\/el-parque-de-trinitarios-acoge-este-fin-de-semana-la-primera-edicion-de-la-fiesta-del-tren-con-35-locomotoras-de-diversas-provincias-once-de-ellas-de-vapor\\\/\"},\"wordCount\":568,\"commentCount\":0,\"publisher\":{\"@id\":\"https:\\\/\\\/www.laguiadepamplona.com\\\/actualidad\\\/#organization\"},\"image\":{\"@id\":\"https:\\\/\\\/www.laguiadepamplona.com\\\/actualidad\\\/el-parque-de-trinitarios-acoge-este-fin-de-semana-la-primera-edicion-de-la-fiesta-del-tren-con-35-locomotoras-de-diversas-provincias-once-de-ellas-de-vapor\\\/#primaryimage\"},\"thumbnailUrl\":\"https:\\\/\\\/www.laguiadepamplona.com\\\/actualidad\\\/wp-content\\\/uploads\\\/2021\\\/09\\\/trinitarios_parque_tren_0.jpg\",\"articleSection\":[\"Ayto Pamplona\"],\"inLanguage\":\"es\",\"potentialAction\":[{\"@type\":\"CommentAction\",\"name\":\"Comment\",\"target\":[\"https:\\\/\\\/www.laguiadepamplona.com\\\/actualidad\\\/el-parque-de-trinitarios-acoge-este-fin-de-semana-la-primera-edicion-de-la-fiesta-del-tren-con-35-locomotoras-de-diversas-provincias-once-de-ellas-de-vapor\\\/#respond\"]}]},{\"@type\":\"WebPage\",\"@id\":\"https:\\\/\\\/www.laguiadepamplona.com\\\/actualidad\\\/el-parque-de-trinitarios-acoge-este-fin-de-semana-la-primera-edicion-de-la-fiesta-del-tren-con-35-locomotoras-de-diversas-provincias-once-de-ellas-de-vapor\\\/\",\"url\":\"https:\\\/\\\/www.laguiadepamplona.com\\\/actualidad\\\/el-parque-de-trinitarios-acoge-este-fin-de-semana-la-primera-edicion-de-la-fiesta-del-tren-con-35-locomotoras-de-diversas-provincias-once-de-ellas-de-vapor\\\/\",\"name\":\"El Parque de Trinitarios acoge este fin de semana la primera edici\u00f3n de la Fiesta del Tren, con 35 locomotoras de diversas provincias, once de ellas de vapor\",\"isPartOf\":{\"@id\":\"https:\\\/\\\/www.laguiadepamplona.com\\\/actualidad\\\/#website\"},\"primaryImageOfPage\":{\"@id\":\"https:\\\/\\\/www.laguiadepamplona.com\\\/actualidad\\\/el-parque-de-trinitarios-acoge-este-fin-de-semana-la-primera-edicion-de-la-fiesta-del-tren-con-35-locomotoras-de-diversas-provincias-once-de-ellas-de-vapor\\\/#primaryimage\"},\"image\":{\"@id\":\"https:\\\/\\\/www.laguiadepamplona.com\\\/actualidad\\\/el-parque-de-trinitarios-acoge-este-fin-de-semana-la-primera-edicion-de-la-fiesta-del-tren-con-35-locomotoras-de-diversas-provincias-once-de-ellas-de-vapor\\\/#primaryimage\"},\"thumbnailUrl\":\"https:\\\/\\\/www.laguiadepamplona.com\\\/actualidad\\\/wp-content\\\/uploads\\\/2021\\\/09\\\/trinitarios_parque_tren_0.jpg\",\"datePublished\":\"2022-09-15T15:05:12+00:00\",\"dateModified\":\"2023-04-11T09:47:50+00:00\",\"description\":\"La fiesta comienza el viernes con la puesta en circulaci\u00f3n de las m\u00e1quinas, que estar\u00e1n en funcionamiento s\u00e1bado y domingo para el p\u00fablico en general\",\"breadcrumb\":{\"@id\":\"https:\\\/\\\/www.laguiadepamplona.com\\\/actualidad\\\/el-parque-de-trinitarios-acoge-este-fin-de-semana-la-primera-edicion-de-la-fiesta-del-tren-con-35-locomotoras-de-diversas-provincias-once-de-ellas-de-vapor\\\/#breadcrumb\"},\"inLanguage\":\"es\",\"potentialAction\":[{\"@type\":\"ReadAction\",\"target\":[\"https:\\\/\\\/www.laguiadepamplona.com\\\/actualidad\\\/el-parque-de-trinitarios-acoge-este-fin-de-semana-la-primera-edicion-de-la-fiesta-del-tren-con-35-locomotoras-de-diversas-provincias-once-de-ellas-de-vapor\\\/\"]}]},{\"@type\":\"ImageObject\",\"inLanguage\":\"es\",\"@id\":\"https:\\\/\\\/www.laguiadepamplona.com\\\/actualidad\\\/el-parque-de-trinitarios-acoge-este-fin-de-semana-la-primera-edicion-de-la-fiesta-del-tren-con-35-locomotoras-de-diversas-provincias-once-de-ellas-de-vapor\\\/#primaryimage\",\"url\":\"https:\\\/\\\/www.laguiadepamplona.com\\\/actualidad\\\/wp-content\\\/uploads\\\/2021\\\/09\\\/trinitarios_parque_tren_0.jpg\",\"contentUrl\":\"https:\\\/\\\/www.laguiadepamplona.com\\\/actualidad\\\/wp-content\\\/uploads\\\/2021\\\/09\\\/trinitarios_parque_tren_0.jpg\",\"width\":1920,\"height\":1280,\"caption\":\"A* Jes\u00fas Garzaron F* 2020_12_15 T* Barrios de Pamplona L* Rochapea\"},{\"@type\":\"BreadcrumbList\",\"@id\":\"https:\\\/\\\/www.laguiadepamplona.com\\\/actualidad\\\/el-parque-de-trinitarios-acoge-este-fin-de-semana-la-primera-edicion-de-la-fiesta-del-tren-con-35-locomotoras-de-diversas-provincias-once-de-ellas-de-vapor\\\/#breadcrumb\",\"itemListElement\":[{\"@type\":\"ListItem\",\"position\":1,\"name\":\"Portada\",\"item\":\"https:\\\/\\\/www.laguiadepamplona.com\\\/actualidad\\\/\"},{\"@type\":\"ListItem\",\"position\":2,\"name\":\"El Parque de Trinitarios acoge este fin de semana la primera edici\u00f3n de la Fiesta del Tren, con 35 locomotoras de diversas provincias, once de ellas de vapor\"}]},{\"@type\":\"WebSite\",\"@id\":\"https:\\\/\\\/www.laguiadepamplona.com\\\/actualidad\\\/#website\",\"url\":\"https:\\\/\\\/www.laguiadepamplona.com\\\/actualidad\\\/\",\"name\":\"La gu\u00eda de Pamplona\",\"description\":\"Noticias de Pamplona\",\"publisher\":{\"@id\":\"https:\\\/\\\/www.laguiadepamplona.com\\\/actualidad\\\/#organization\"},\"potentialAction\":[{\"@type\":\"SearchAction\",\"target\":{\"@type\":\"EntryPoint\",\"urlTemplate\":\"https:\\\/\\\/www.laguiadepamplona.com\\\/actualidad\\\/?s={search_term_string}\"},\"query-input\":{\"@type\":\"PropertyValueSpecification\",\"valueRequired\":true,\"valueName\":\"search_term_string\"}}],\"inLanguage\":\"es\"},{\"@type\":\"Organization\",\"@id\":\"https:\\\/\\\/www.laguiadepamplona.com\\\/actualidad\\\/#organization\",\"name\":\"La Gu\u00eda de Pamplona \\\/ Noticias\",\"url\":\"https:\\\/\\\/www.laguiadepamplona.com\\\/actualidad\\\/\",\"logo\":{\"@type\":\"ImageObject\",\"inLanguage\":\"es\",\"@id\":\"https:\\\/\\\/www.laguiadepamplona.com\\\/actualidad\\\/#\\\/schema\\\/logo\\\/image\\\/\",\"url\":\"https:\\\/\\\/www.laguiadepamplona.com\\\/actualidad\\\/wp-content\\\/uploads\\\/2018\\\/11\\\/logo-laguiadepamplona18-web1.png\",\"contentUrl\":\"https:\\\/\\\/www.laguiadepamplona.com\\\/actualidad\\\/wp-content\\\/uploads\\\/2018\\\/11\\\/logo-laguiadepamplona18-web1.png\",\"width\":600,\"height\":196,\"caption\":\"La Gu\u00eda de Pamplona \\\/ Noticias\"},\"image\":{\"@id\":\"https:\\\/\\\/www.laguiadepamplona.com\\\/actualidad\\\/#\\\/schema\\\/logo\\\/image\\\/\"},\"sameAs\":[\"https:\\\/\\\/www.facebook.com\\\/laguiadepamplonacom-133175176762273\\\/?ref=hl\",\"https:\\\/\\\/x.com\\\/LaGuiadPamplona\",\"https:\\\/\\\/www.instagram.com\\\/la_guia_de_pamplona\\\/\",\"https:\\\/\\\/www.youtube.com\\\/user\\\/laguiadepamplona\"]},{\"@type\":\"Person\",\"@id\":\"https:\\\/\\\/www.laguiadepamplona.com\\\/actualidad\\\/#\\\/schema\\\/person\\\/efe887376f0213d4657c93adc50b1fdb\",\"name\":\"La Gu\u00eda de Pamplona\",\"image\":{\"@type\":\"ImageObject\",\"inLanguage\":\"es\",\"@id\":\"https:\\\/\\\/secure.gravatar.com\\\/avatar\\\/b6992f131dc8d30ab0dff15446e9d346d9dbd95992de0fef795073f5ea83a81c?s=96&d=mm&r=g\",\"url\":\"https:\\\/\\\/secure.gravatar.com\\\/avatar\\\/b6992f131dc8d30ab0dff15446e9d346d9dbd95992de0fef795073f5ea83a81c?s=96&d=mm&r=g\",\"contentUrl\":\"https:\\\/\\\/secure.gravatar.com\\\/avatar\\\/b6992f131dc8d30ab0dff15446e9d346d9dbd95992de0fef795073f5ea83a81c?s=96&d=mm&r=g\",\"caption\":\"La Gu\u00eda de Pamplona\"}}]}<\/script>\n<!-- \/ Yoast SEO plugin. -->","yoast_head_json":{"title":"El Parque de Trinitarios acoge este fin de semana la primera edici\u00f3n de la Fiesta del Tren, con 35 locomotoras de diversas provincias, once de ellas de vapor","description":"La fiesta comienza el viernes con la puesta en circulaci\u00f3n de las m\u00e1quinas, que estar\u00e1n en funcionamiento s\u00e1bado y domingo para el p\u00fablico en general","robots":{"index":"index","follow":"follow","max-snippet":"max-snippet:-1","max-image-preview":"max-image-preview:large","max-video-preview":"max-video-preview:-1"},"canonical":"https:\/\/www.laguiadepamplona.com\/actualidad\/el-parque-de-trinitarios-acoge-este-fin-de-semana-la-primera-edicion-de-la-fiesta-del-tren-con-35-locomotoras-de-diversas-provincias-once-de-ellas-de-vapor\/","og_locale":"es_ES","og_type":"article","og_title":"El Parque de Trinitarios acoge este fin de semana la primera edici\u00f3n de la Fiesta del Tren, con 35 locomotoras de diversas provincias, once de ellas de vapor","og_description":"La fiesta comienza el viernes con la puesta en circulaci\u00f3n de las m\u00e1quinas, que estar\u00e1n en funcionamiento s\u00e1bado y domingo para el p\u00fablico en general","og_url":"https:\/\/www.laguiadepamplona.com\/actualidad\/el-parque-de-trinitarios-acoge-este-fin-de-semana-la-primera-edicion-de-la-fiesta-del-tren-con-35-locomotoras-de-diversas-provincias-once-de-ellas-de-vapor\/","og_site_name":"La Gu\u00eda de Pamplona","article_publisher":"https:\/\/www.facebook.com\/laguiadepamplonacom-133175176762273\/?ref=hl","article_published_time":"2022-09-15T15:05:12+00:00","article_modified_time":"2023-04-11T09:47:50+00:00","og_image":[{"width":1920,"height":1280,"url":"https:\/\/www.laguiadepamplona.com\/actualidad\/wp-content\/uploads\/2021\/09\/trinitarios_parque_tren_0.jpg","type":"image\/jpeg"}],"author":"La Gu\u00eda de Pamplona","twitter_card":"summary_large_image","twitter_creator":"@LaGuiadPamplona","twitter_site":"@LaGuiadPamplona","twitter_misc":{"Escrito por":"La Gu\u00eda de Pamplona","Tiempo de lectura":"3 minutos"},"schema":{"@context":"https:\/\/schema.org","@graph":[{"@type":"Article","@id":"https:\/\/www.laguiadepamplona.com\/actualidad\/el-parque-de-trinitarios-acoge-este-fin-de-semana-la-primera-edicion-de-la-fiesta-del-tren-con-35-locomotoras-de-diversas-provincias-once-de-ellas-de-vapor\/#article","isPartOf":{"@id":"https:\/\/www.laguiadepamplona.com\/actualidad\/el-parque-de-trinitarios-acoge-este-fin-de-semana-la-primera-edicion-de-la-fiesta-del-tren-con-35-locomotoras-de-diversas-provincias-once-de-ellas-de-vapor\/"},"author":{"name":"La Gu\u00eda de Pamplona","@id":"https:\/\/www.laguiadepamplona.com\/actualidad\/#\/schema\/person\/efe887376f0213d4657c93adc50b1fdb"},"headline":"El Parque de Trinitarios acoge este fin de semana la primera edici\u00f3n de la Fiesta del Tren, con 35 locomotoras de diversas provincias, once de ellas de vapor","datePublished":"2022-09-15T15:05:12+00:00","dateModified":"2023-04-11T09:47:50+00:00","mainEntityOfPage":{"@id":"https:\/\/www.laguiadepamplona.com\/actualidad\/el-parque-de-trinitarios-acoge-este-fin-de-semana-la-primera-edicion-de-la-fiesta-del-tren-con-35-locomotoras-de-diversas-provincias-once-de-ellas-de-vapor\/"},"wordCount":568,"commentCount":0,"publisher":{"@id":"https:\/\/www.laguiadepamplona.com\/actualidad\/#organization"},"image":{"@id":"https:\/\/www.laguiadepamplona.com\/actualidad\/el-parque-de-trinitarios-acoge-este-fin-de-semana-la-primera-edicion-de-la-fiesta-del-tren-con-35-locomotoras-de-diversas-provincias-once-de-ellas-de-vapor\/#primaryimage"},"thumbnailUrl":"https:\/\/www.laguiadepamplona.com\/actualidad\/wp-content\/uploads\/2021\/09\/trinitarios_parque_tren_0.jpg","articleSection":["Ayto Pamplona"],"inLanguage":"es","potentialAction":[{"@type":"CommentAction","name":"Comment","target":["https:\/\/www.laguiadepamplona.com\/actualidad\/el-parque-de-trinitarios-acoge-este-fin-de-semana-la-primera-edicion-de-la-fiesta-del-tren-con-35-locomotoras-de-diversas-provincias-once-de-ellas-de-vapor\/#respond"]}]},{"@type":"WebPage","@id":"https:\/\/www.laguiadepamplona.com\/actualidad\/el-parque-de-trinitarios-acoge-este-fin-de-semana-la-primera-edicion-de-la-fiesta-del-tren-con-35-locomotoras-de-diversas-provincias-once-de-ellas-de-vapor\/","url":"https:\/\/www.laguiadepamplona.com\/actualidad\/el-parque-de-trinitarios-acoge-este-fin-de-semana-la-primera-edicion-de-la-fiesta-del-tren-con-35-locomotoras-de-diversas-provincias-once-de-ellas-de-vapor\/","name":"El Parque de Trinitarios acoge este fin de semana la primera edici\u00f3n de la Fiesta del Tren, con 35 locomotoras de diversas provincias, once de ellas de vapor","isPartOf":{"@id":"https:\/\/www.laguiadepamplona.com\/actualidad\/#website"},"primaryImageOfPage":{"@id":"https:\/\/www.laguiadepamplona.com\/actualidad\/el-parque-de-trinitarios-acoge-este-fin-de-semana-la-primera-edicion-de-la-fiesta-del-tren-con-35-locomotoras-de-diversas-provincias-once-de-ellas-de-vapor\/#primaryimage"},"image":{"@id":"https:\/\/www.laguiadepamplona.com\/actualidad\/el-parque-de-trinitarios-acoge-este-fin-de-semana-la-primera-edicion-de-la-fiesta-del-tren-con-35-locomotoras-de-diversas-provincias-once-de-ellas-de-vapor\/#primaryimage"},"thumbnailUrl":"https:\/\/www.laguiadepamplona.com\/actualidad\/wp-content\/uploads\/2021\/09\/trinitarios_parque_tren_0.jpg","datePublished":"2022-09-15T15:05:12+00:00","dateModified":"2023-04-11T09:47:50+00:00","description":"La fiesta comienza el viernes con la puesta en circulaci\u00f3n de las m\u00e1quinas, que estar\u00e1n en funcionamiento s\u00e1bado y domingo para el p\u00fablico en general","breadcrumb":{"@id":"https:\/\/www.laguiadepamplona.com\/actualidad\/el-parque-de-trinitarios-acoge-este-fin-de-semana-la-primera-edicion-de-la-fiesta-del-tren-con-35-locomotoras-de-diversas-provincias-once-de-ellas-de-vapor\/#breadcrumb"},"inLanguage":"es","potentialAction":[{"@type":"ReadAction","target":["https:\/\/www.laguiadepamplona.com\/actualidad\/el-parque-de-trinitarios-acoge-este-fin-de-semana-la-primera-edicion-de-la-fiesta-del-tren-con-35-locomotoras-de-diversas-provincias-once-de-ellas-de-vapor\/"]}]},{"@type":"ImageObject","inLanguage":"es","@id":"https:\/\/www.laguiadepamplona.com\/actualidad\/el-parque-de-trinitarios-acoge-este-fin-de-semana-la-primera-edicion-de-la-fiesta-del-tren-con-35-locomotoras-de-diversas-provincias-once-de-ellas-de-vapor\/#primaryimage","url":"https:\/\/www.laguiadepamplona.com\/actualidad\/wp-content\/uploads\/2021\/09\/trinitarios_parque_tren_0.jpg","contentUrl":"https:\/\/www.laguiadepamplona.com\/actualidad\/wp-content\/uploads\/2021\/09\/trinitarios_parque_tren_0.jpg","width":1920,"height":1280,"caption":"A* Jes\u00fas Garzaron F* 2020_12_15 T* Barrios de Pamplona L* Rochapea"},{"@type":"BreadcrumbList","@id":"https:\/\/www.laguiadepamplona.com\/actualidad\/el-parque-de-trinitarios-acoge-este-fin-de-semana-la-primera-edicion-de-la-fiesta-del-tren-con-35-locomotoras-de-diversas-provincias-once-de-ellas-de-vapor\/#breadcrumb","itemListElement":[{"@type":"ListItem","position":1,"name":"Portada","item":"https:\/\/www.laguiadepamplona.com\/actualidad\/"},{"@type":"ListItem","position":2,"name":"El Parque de Trinitarios acoge este fin de semana la primera edici\u00f3n de la Fiesta del Tren, con 35 locomotoras de diversas provincias, once de ellas de vapor"}]},{"@type":"WebSite","@id":"https:\/\/www.laguiadepamplona.com\/actualidad\/#website","url":"https:\/\/www.laguiadepamplona.com\/actualidad\/","name":"La gu\u00eda de Pamplona","description":"Noticias de Pamplona","publisher":{"@id":"https:\/\/www.laguiadepamplona.com\/actualidad\/#organization"},"potentialAction":[{"@type":"SearchAction","target":{"@type":"EntryPoint","urlTemplate":"https:\/\/www.laguiadepamplona.com\/actualidad\/?s={search_term_string}"},"query-input":{"@type":"PropertyValueSpecification","valueRequired":true,"valueName":"search_term_string"}}],"inLanguage":"es"},{"@type":"Organization","@id":"https:\/\/www.laguiadepamplona.com\/actualidad\/#organization","name":"La Gu\u00eda de Pamplona \/ Noticias","url":"https:\/\/www.laguiadepamplona.com\/actualidad\/","logo":{"@type":"ImageObject","inLanguage":"es","@id":"https:\/\/www.laguiadepamplona.com\/actualidad\/#\/schema\/logo\/image\/","url":"https:\/\/www.laguiadepamplona.com\/actualidad\/wp-content\/uploads\/2018\/11\/logo-laguiadepamplona18-web1.png","contentUrl":"https:\/\/www.laguiadepamplona.com\/actualidad\/wp-content\/uploads\/2018\/11\/logo-laguiadepamplona18-web1.png","width":600,"height":196,"caption":"La Gu\u00eda de Pamplona \/ Noticias"},"image":{"@id":"https:\/\/www.laguiadepamplona.com\/actualidad\/#\/schema\/logo\/image\/"},"sameAs":["https:\/\/www.facebook.com\/laguiadepamplonacom-133175176762273\/?ref=hl","https:\/\/x.com\/LaGuiadPamplona","https:\/\/www.instagram.com\/la_guia_de_pamplona\/","https:\/\/www.youtube.com\/user\/laguiadepamplona"]},{"@type":"Person","@id":"https:\/\/www.laguiadepamplona.com\/actualidad\/#\/schema\/person\/efe887376f0213d4657c93adc50b1fdb","name":"La Gu\u00eda de Pamplona","image":{"@type":"ImageObject","inLanguage":"es","@id":"https:\/\/secure.gravatar.com\/avatar\/b6992f131dc8d30ab0dff15446e9d346d9dbd95992de0fef795073f5ea83a81c?s=96&d=mm&r=g","url":"https:\/\/secure.gravatar.com\/avatar\/b6992f131dc8d30ab0dff15446e9d346d9dbd95992de0fef795073f5ea83a81c?s=96&d=mm&r=g","contentUrl":"https:\/\/secure.gravatar.com\/avatar\/b6992f131dc8d30ab0dff15446e9d346d9dbd95992de0fef795073f5ea83a81c?s=96&d=mm&r=g","caption":"La Gu\u00eda de Pamplona"}}]}},"post_mailing_queue_ids":[],"_links":{"self":[{"href":"https:\/\/www.laguiadepamplona.com\/actualidad\/wp-json\/wp\/v2\/posts\/41510","targetHints":{"allow":["GET"]}}],"collection":[{"href":"https:\/\/www.laguiadepamplona.com\/actualidad\/wp-json\/wp\/v2\/posts"}],"about":[{"href":"https:\/\/www.laguiadepamplona.com\/actualidad\/wp-json\/wp\/v2\/types\/post"}],"author":[{"embeddable":true,"href":"https:\/\/www.laguiadepamplona.com\/actualidad\/wp-json\/wp\/v2\/users\/1"}],"replies":[{"embeddable":true,"href":"https:\/\/www.laguiadepamplona.com\/actualidad\/wp-json\/wp\/v2\/comments?post=41510"}],"version-history":[{"count":0,"href":"https:\/\/www.laguiadepamplona.com\/actualidad\/wp-json\/wp\/v2\/posts\/41510\/revisions"}],"wp:featuredmedia":[{"embeddable":true,"href":"https:\/\/www.laguiadepamplona.com\/actualidad\/wp-json\/wp\/v2\/media\/36688"}],"wp:attachment":[{"href":"https:\/\/www.laguiadepamplona.com\/actualidad\/wp-json\/wp\/v2\/media?parent=41510"}],"wp:term":[{"taxonomy":"category","embeddable":true,"href":"https:\/\/www.laguiadepamplona.com\/actualidad\/wp-json\/wp\/v2\/categories?post=41510"},{"taxonomy":"post_tag","embeddable":true,"href":"https:\/\/www.laguiadepamplona.com\/actualidad\/wp-json\/wp\/v2\/tags?post=41510"}],"curies":[{"name":"wp","href":"https:\/\/api.w.org\/{rel}","templated":true}]}}