{"id":41508,"date":"2022-09-15T17:02:43","date_gmt":"2022-09-15T15:02:43","guid":{"rendered":"https:\/\/www.laguiadepamplona.com\/actualidad\/?p=41508"},"modified":"2023-04-11T11:47:50","modified_gmt":"2023-04-11T09:47:50","slug":"mapamundistas-2022-reflexiona-este-ano-sobre-el-acto-de-mirar-y-lo-que-no-se-puede-llegar-a-ver-a-traves-de-exposiciones-encuentros-cine-talleres-creativos-y-charlas","status":"publish","type":"post","link":"https:\/\/www.laguiadepamplona.com\/actualidad\/mapamundistas-2022-reflexiona-este-ano-sobre-el-acto-de-mirar-y-lo-que-no-se-puede-llegar-a-ver-a-traves-de-exposiciones-encuentros-cine-talleres-creativos-y-charlas\/","title":{"rendered":"Mapamundistas 2022 reflexiona este a\u00f1o sobre el acto de mirar y lo que no se puede llegar a ver, a trav\u00e9s de exposiciones, encuentros, cine, talleres creativos y charlas"},"content":{"rendered":"<h5>El Horno de la Ciudadela acoge una exposici\u00f3n de Abigail Lazkoz y el Pabell\u00f3n de Mixtos dos muestras de Estixu Arroyo y Sandra Rocha<\/h5>\n<p><!--more--><\/p>\n<p>\u2018M\u00e1s all\u00e1 de lo que pueda ver\u2019 es el t\u00edtulo de la decimosexta edici\u00f3n de Mapamundistas, que se desarrolla en Pamplona y Villava hasta el 23 de octubre. Cinco exposiciones individuales, un ciclo de encuentros y performances, proyecciones de cine, talleres creativos y una propuesta educativa para centros escolares conforman un programa multidisciplinar que sigue poniendo el foco en el cuerpo como campo de transformaci\u00f3n social, apostando este a\u00f1o por provocar cambios de percepci\u00f3n y profundizar en lo que no se ve a primera vista.<\/p>\n<p>El director de Cultura e Igualdad, Jorge Urd\u00e1noz, la comisaria de Mapamundistas, Alexandra Baur\u00e9s, y las artistas Estitxu Arroyo y Sandra Rocha han presentado la programaci\u00f3n de este programa y de las exposiciones que Ciudadela acoge vinculadas a este ciclo. Adem\u00e1s, Mapamundistas 2022 coincide con el 50\u00ba aniversario de los Encuentros de Pamplona de 1972, que marcaron el arranque del arte como una aventura colectiva, transversal y transformadora, esta edici\u00f3n ofrece m\u00faltiples ocasiones para conversar con las artistas, haciendo del arte un lugar privilegiado para el encuentro, el aprendizaje y la celebraci\u00f3n. Todo el programa est\u00e1 disponible en <a href=\"http:\/\/www.mapamundistas.com\">www.mapamundistas.com<\/a>.<\/p>\n<p>Las artistas que participan en el programa de este a\u00f1o se sit\u00faan en los l\u00edmites de lo visible e indagan en sus trabajos zonas que quedan vedadas a la mirada, como la sombra o lo que se encuentra fuera del campo visual. Incluso se detienen en las huellas, en los restos, es decir, en lo que queda de algo que se ha desvanecido. Tambi\u00e9n se proponen desactivar la mirada, o m\u00e1s bien llevarla a todo el cuerpo, mirando con las manos, los pies o los huesos, y abriendo el camino a otras se\u00f1ales como la vibraci\u00f3n. Para ello, utilizan t\u00e9cnicas diversas como la fotograf\u00eda, la cer\u00e1mica, el cine, el dibujo, la escultura o la acci\u00f3n, a la vez que comparten campos de experimentaci\u00f3n y reflexiones comunes.<br \/>\n<script async src=\"\/\/pagead2.googlesyndication.com\/pagead\/js\/adsbygoogle.js\"><\/script><br \/>\n<!-- Noticias La Guia de Pamplona --><br \/>\n<ins class=\"adsbygoogle\"\nstyle=\"display:block\"\ndata-ad-client=\"ca-pub-6943679897239327\"\ndata-ad-slot=\"7048180777\"\ndata-ad-format=\"auto\"><\/ins><br \/>\n<script>\n(adsbygoogle = window.adsbygoogle || []).push({});\n<\/script><\/p>\n<p><strong>Exposiciones en la Ciudadela<\/strong><\/p>\n<p>La Ciudadela acoge tres exposiciones de Mapamundistas, que se suman a la de Oier Iruretagoiena (\u2018Paisaje sin mundo\u2019) que se pueden visitar en el edificio de El Sario de la UPNA y a la de Raquel Asensi (\u2018Tentare\u2019) en el Bat\u00e1n de Villava. En el Horno de la Ciudadela se expone \u2018Erebo\u2019, de Abigail Lazkoz. La artista revisita la historia del arte y recopila una serie de t\u00e9cnicas cuyo prop\u00f3sito es impedir que se vea parte de la pintura o de la escultura a la que se aplica. Se trata de un conjunto de dibujos y esculturas en torno a los conceptos de color, geometr\u00eda, trama, repetici\u00f3n o volumen, que dan origen a una gran amplitud de sombras y con diversas matices y funciones.<\/p>\n<p>En el Pabell\u00f3n de Mixtos, Sandra Rocha propone \u2018Le moindre souffl\u00e9 (El menor aliento)\u2019. Una serie de fotograf\u00edas tomadas en su isla de origen, las Azores, e inspiradas en \u2018Las metamorfosis\u2019 de Ovidio, componen unas escenas en las que chicas y chicos adolescentes transitan por este jard\u00edn del Ed\u00e9n. Al retratar estos cuerpos j\u00f3venes busca incidir en la idea de transformaci\u00f3n, y reflexiona sobre la construcci\u00f3n de la identidad, los g\u00e9neros y el encuentro \u00edntimo con el otro, estableciendo un estrecho v\u00ednculo entre humanos y el resto de seres y de elementos.<\/p>\n<p>Tambi\u00e9n en Mixtos expone Estitxu Arroyo S\u00e1nchez \u2018Lo que es vivible y lo que est\u00e1 oculto\u2019. Invita al p\u00fablico a moverse por una instalaci\u00f3n que evoca la labor de los zahor\u00edes, personas que mediante el uso de sencillos dispositivos son capaces de detectar corrientes de agua subterr\u00e1neas en el campo. Varillas, p\u00e9ndulos o ramas sirven de prolongaci\u00f3n del cuerpo para percibir se\u00f1ales en el terreno. As\u00ed, la vibraci\u00f3n se usa como un medio alternativo para observar el mundo y descubrir lo que no se ve a simple vista.<br \/>\n<script async src=\"\/\/pagead2.googlesyndication.com\/pagead\/js\/adsbygoogle.js\"><\/script><br \/>\n<!-- Noticias La Guia de Pamplona --><br \/>\n<ins class=\"adsbygoogle\"\nstyle=\"display:block\"\ndata-ad-client=\"ca-pub-6943679897239327\"\ndata-ad-slot=\"7048180777\"\ndata-ad-format=\"auto\"><\/ins><br \/>\n<script>\n(adsbygoogle = window.adsbygoogle || []).push({});\n<\/script><\/p>\n<p><strong>Ciclo de cine con tres sesiones en octubre<\/strong><\/p>\n<p>Los tres primeros jueves del mes de octubre, a las 19.30 horas, tendr\u00e1 lugar un ciclo de cine en Civivox Iturrama con la proyecci\u00f3n de tres largometrajes en versi\u00f3n original subtitulada al castellano. El 6 de octubre se podr\u00e1 ver \u2018Il \u00e9tait un for\u00eat (\u00c9rase una vez un bosque)\u2019, de Luc Jacquet, que relata a modo de documental el crecimiento de una selva tropical. \u2018San Soleil (Sin sol)\u2019, de Chris Marker, es la propuesta para el 13 de octubre. Se trata de una pel\u00edcula a modo de ensayo epistolar, diario de viaje o ensayo visual, con grabaciones realizadas en Jap\u00f3n y Guinea Bissau, en el que emerge una reflexi\u00f3n sobre el acto de mirar.<\/p>\n<p>Cerrar\u00e1 el ciclo de proyecciones una sesi\u00f3n especial, con dos cortometrajes que comparten un mismo modo de hacer cine, mediante archivos fotogr\u00e1ficos y sin necesidad de llevar a cabo expresamente ninguna grabaci\u00f3n. Se visionar\u00e1n \u2018Nijuman no Borei, 200000 fant\u00f4mes (200.000 fantasmas)\u2019, de Jean \u2013 Gabriel P\u00e9riot, y \u2018Un retrato de N.B.\u2019, de Peio Aguirre. El primero retrata sin palabras la historia de la ciudad de Hiroshima de 1915 a 2006, antes y despu\u00e9s de la ca\u00edda de la bomba at\u00f3mica; la segunda, es un \u2018docu-ensayo\u2019 del artista vasco N\u00e9stor Barrenetxea. Esta sesi\u00f3n se complementar\u00e1 con una conversaci\u00f3n con el propio Peio Aguirre.<br \/>\n<script async src=\"\/\/pagead2.googlesyndication.com\/pagead\/js\/adsbygoogle.js\"><\/script><br \/>\n<!-- Noticias La Guia de Pamplona --><br \/>\n<ins class=\"adsbygoogle\"\nstyle=\"display:block\"\ndata-ad-client=\"ca-pub-6943679897239327\"\ndata-ad-slot=\"7048180777\"\ndata-ad-format=\"auto\"><\/ins><br \/>\n<script>\n(adsbygoogle = window.adsbygoogle || []).push({});\n<\/script><\/p>\n<p><strong>Actividades complementarias<\/strong><\/p>\n<p>Mapamundistas complementa las exposiciones con una serie de actividades en la que participan las propias artistas para potenciar el contacto con el p\u00fablico y favorecer la reflexi\u00f3n sobre el proceso creativo. Esta semana se est\u00e1 celebrando un taller de fotograf\u00eda con Sandra Rocha, cuyos trabajos se expondr\u00e1n en el encuentro previsto para el s\u00e1bado 17 de septiembre, a las 12 horas, junto a Zarys Falc\u00f3n y Abigail Lazkoz en Antartika (c\/ Mayor 53).<\/p>\n<p>El Molino de San Andr\u00e9s de Villava acoger\u00e1 el 24 de septiembre, a las 12 horas, la presentaci\u00f3n del v\u00eddeo-ensayo \u2018La guaca\u2019, de Alfonso Borrag\u00e1n, sobre los fragmentos de tesoros acumulados en el r\u00edo Arga y arrastrados por la corriente, y de la propuesta \u2018De perdidos al r\u00edo\u2019, de Joana Capella &amp; Roc Domingo, con el viaje de dos seres solitarios que siguen el curso de un r\u00edo. Por \u00faltimo, el 1 de octubre a las 19 horas en el Museo de Navarra, se celebrar\u00e1 una charla performativa con Jaime Vallaure titulada \u2018Tronar y hacer vibrar la membrana del mundo\u2019, con m\u00fasica y reflexiones sobre la ignorancia, la desorientaci\u00f3n y el fracaso.<\/p>\n<p>&nbsp;<br \/>\n[qodef_button size=\u00bblarge\u00bb type=\u00bb\u00bb text=\u00bbMapamundistas 2022 cat\u00e1logo.pdf\u00bb custom_class=\u00bb\u00bb icon_pack=\u00bbfont_elegant\u00bb fa_icon=\u00bbicon_download\u00bb link=\u00bbhttps:\/\/www.pamplona.es\/sites\/default\/files\/2022-09\/catalogomapamundistas.pdf\u00bb target=\u00bb_blank\u00bb color=\u00bbffffff\u00bb hover_color=\u00bb\u00bb background_color=\u00bb\u00bb hover_background_color=\u00bb\u00bb border_color=\u00bb\u00bb hover_border_color=\u00bb\u00bb font_size=\u00bb\u00bb font_weight=\u00bb\u00bb margin=\u00bb\u00bb]\n&nbsp;<\/p>\n","protected":false},"excerpt":{"rendered":"<p>El Horno de la Ciudadela acoge una exposici\u00f3n de Abigail Lazkoz y el Pabell\u00f3n de Mixtos dos muestras de Estixu Arroyo y Sandra Rocha<\/p>\n","protected":false},"author":1,"featured_media":17342,"comment_status":"open","ping_status":"closed","sticky":false,"template":"","format":"standard","meta":{"footnotes":""},"categories":[2],"tags":[],"class_list":["post-41508","post","type-post","status-publish","format-standard","has-post-thumbnail","hentry","category-ayuntamiento-pamplona"],"yoast_head":"<!-- This site is optimized with the Yoast SEO plugin v27.3 - https:\/\/yoast.com\/product\/yoast-seo-wordpress\/ -->\n<title>Mapamundistas 2022 reflexiona este a\u00f1o sobre el acto de mirar y lo que no se puede llegar a ver, a trav\u00e9s de exposiciones, encuentros, cine, talleres creativos y charlas<\/title>\n<meta name=\"description\" content=\"El Horno de la Ciudadela acoge una exposici\u00f3n de Abigail Lazkoz y el Pabell\u00f3n de Mixtos dos muestras de Estixu Arroyo y Sandra Rocha\" \/>\n<meta name=\"robots\" content=\"index, follow, max-snippet:-1, max-image-preview:large, max-video-preview:-1\" \/>\n<link rel=\"canonical\" href=\"https:\/\/www.laguiadepamplona.com\/actualidad\/mapamundistas-2022-reflexiona-este-ano-sobre-el-acto-de-mirar-y-lo-que-no-se-puede-llegar-a-ver-a-traves-de-exposiciones-encuentros-cine-talleres-creativos-y-charlas\/\" \/>\n<meta property=\"og:locale\" content=\"es_ES\" \/>\n<meta property=\"og:type\" content=\"article\" \/>\n<meta property=\"og:title\" content=\"Mapamundistas 2022 reflexiona este a\u00f1o sobre el acto de mirar y lo que no se puede llegar a ver, a trav\u00e9s de exposiciones, encuentros, cine, talleres creativos y charlas\" \/>\n<meta property=\"og:description\" content=\"El Horno de la Ciudadela acoge una exposici\u00f3n de Abigail Lazkoz y el Pabell\u00f3n de Mixtos dos muestras de Estixu Arroyo y Sandra Rocha\" \/>\n<meta property=\"og:url\" content=\"https:\/\/www.laguiadepamplona.com\/actualidad\/mapamundistas-2022-reflexiona-este-ano-sobre-el-acto-de-mirar-y-lo-que-no-se-puede-llegar-a-ver-a-traves-de-exposiciones-encuentros-cine-talleres-creativos-y-charlas\/\" \/>\n<meta property=\"og:site_name\" content=\"La Gu\u00eda de Pamplona\" \/>\n<meta property=\"article:publisher\" content=\"https:\/\/www.facebook.com\/laguiadepamplonacom-133175176762273\/?ref=hl\" \/>\n<meta property=\"article:published_time\" content=\"2022-09-15T15:02:43+00:00\" \/>\n<meta property=\"article:modified_time\" content=\"2023-04-11T09:47:50+00:00\" \/>\n<meta property=\"og:image\" content=\"https:\/\/www.laguiadepamplona.com\/actualidad\/wp-content\/uploads\/2018\/05\/horno-ciudadela.jpg\" \/>\n\t<meta property=\"og:image:width\" content=\"1000\" \/>\n\t<meta property=\"og:image:height\" content=\"667\" \/>\n\t<meta property=\"og:image:type\" content=\"image\/jpeg\" \/>\n<meta name=\"author\" content=\"La Gu\u00eda de Pamplona\" \/>\n<meta name=\"twitter:card\" content=\"summary_large_image\" \/>\n<meta name=\"twitter:creator\" content=\"@LaGuiadPamplona\" \/>\n<meta name=\"twitter:site\" content=\"@LaGuiadPamplona\" \/>\n<meta name=\"twitter:label1\" content=\"Escrito por\" \/>\n\t<meta name=\"twitter:data1\" content=\"La Gu\u00eda de Pamplona\" \/>\n\t<meta name=\"twitter:label2\" content=\"Tiempo de lectura\" \/>\n\t<meta name=\"twitter:data2\" content=\"5 minutos\" \/>\n<script type=\"application\/ld+json\" class=\"yoast-schema-graph\">{\"@context\":\"https:\\\/\\\/schema.org\",\"@graph\":[{\"@type\":\"Article\",\"@id\":\"https:\\\/\\\/www.laguiadepamplona.com\\\/actualidad\\\/mapamundistas-2022-reflexiona-este-ano-sobre-el-acto-de-mirar-y-lo-que-no-se-puede-llegar-a-ver-a-traves-de-exposiciones-encuentros-cine-talleres-creativos-y-charlas\\\/#article\",\"isPartOf\":{\"@id\":\"https:\\\/\\\/www.laguiadepamplona.com\\\/actualidad\\\/mapamundistas-2022-reflexiona-este-ano-sobre-el-acto-de-mirar-y-lo-que-no-se-puede-llegar-a-ver-a-traves-de-exposiciones-encuentros-cine-talleres-creativos-y-charlas\\\/\"},\"author\":{\"name\":\"La Gu\u00eda de Pamplona\",\"@id\":\"https:\\\/\\\/www.laguiadepamplona.com\\\/actualidad\\\/#\\\/schema\\\/person\\\/efe887376f0213d4657c93adc50b1fdb\"},\"headline\":\"Mapamundistas 2022 reflexiona este a\u00f1o sobre el acto de mirar y lo que no se puede llegar a ver, a trav\u00e9s de exposiciones, encuentros, cine, talleres creativos y charlas\",\"datePublished\":\"2022-09-15T15:02:43+00:00\",\"dateModified\":\"2023-04-11T09:47:50+00:00\",\"mainEntityOfPage\":{\"@id\":\"https:\\\/\\\/www.laguiadepamplona.com\\\/actualidad\\\/mapamundistas-2022-reflexiona-este-ano-sobre-el-acto-de-mirar-y-lo-que-no-se-puede-llegar-a-ver-a-traves-de-exposiciones-encuentros-cine-talleres-creativos-y-charlas\\\/\"},\"wordCount\":1205,\"commentCount\":0,\"publisher\":{\"@id\":\"https:\\\/\\\/www.laguiadepamplona.com\\\/actualidad\\\/#organization\"},\"image\":{\"@id\":\"https:\\\/\\\/www.laguiadepamplona.com\\\/actualidad\\\/mapamundistas-2022-reflexiona-este-ano-sobre-el-acto-de-mirar-y-lo-que-no-se-puede-llegar-a-ver-a-traves-de-exposiciones-encuentros-cine-talleres-creativos-y-charlas\\\/#primaryimage\"},\"thumbnailUrl\":\"https:\\\/\\\/www.laguiadepamplona.com\\\/actualidad\\\/wp-content\\\/uploads\\\/2018\\\/05\\\/horno-ciudadela.jpg\",\"articleSection\":[\"Ayto Pamplona\"],\"inLanguage\":\"es\",\"potentialAction\":[{\"@type\":\"CommentAction\",\"name\":\"Comment\",\"target\":[\"https:\\\/\\\/www.laguiadepamplona.com\\\/actualidad\\\/mapamundistas-2022-reflexiona-este-ano-sobre-el-acto-de-mirar-y-lo-que-no-se-puede-llegar-a-ver-a-traves-de-exposiciones-encuentros-cine-talleres-creativos-y-charlas\\\/#respond\"]}]},{\"@type\":\"WebPage\",\"@id\":\"https:\\\/\\\/www.laguiadepamplona.com\\\/actualidad\\\/mapamundistas-2022-reflexiona-este-ano-sobre-el-acto-de-mirar-y-lo-que-no-se-puede-llegar-a-ver-a-traves-de-exposiciones-encuentros-cine-talleres-creativos-y-charlas\\\/\",\"url\":\"https:\\\/\\\/www.laguiadepamplona.com\\\/actualidad\\\/mapamundistas-2022-reflexiona-este-ano-sobre-el-acto-de-mirar-y-lo-que-no-se-puede-llegar-a-ver-a-traves-de-exposiciones-encuentros-cine-talleres-creativos-y-charlas\\\/\",\"name\":\"Mapamundistas 2022 reflexiona este a\u00f1o sobre el acto de mirar y lo que no se puede llegar a ver, a trav\u00e9s de exposiciones, encuentros, cine, talleres creativos y charlas\",\"isPartOf\":{\"@id\":\"https:\\\/\\\/www.laguiadepamplona.com\\\/actualidad\\\/#website\"},\"primaryImageOfPage\":{\"@id\":\"https:\\\/\\\/www.laguiadepamplona.com\\\/actualidad\\\/mapamundistas-2022-reflexiona-este-ano-sobre-el-acto-de-mirar-y-lo-que-no-se-puede-llegar-a-ver-a-traves-de-exposiciones-encuentros-cine-talleres-creativos-y-charlas\\\/#primaryimage\"},\"image\":{\"@id\":\"https:\\\/\\\/www.laguiadepamplona.com\\\/actualidad\\\/mapamundistas-2022-reflexiona-este-ano-sobre-el-acto-de-mirar-y-lo-que-no-se-puede-llegar-a-ver-a-traves-de-exposiciones-encuentros-cine-talleres-creativos-y-charlas\\\/#primaryimage\"},\"thumbnailUrl\":\"https:\\\/\\\/www.laguiadepamplona.com\\\/actualidad\\\/wp-content\\\/uploads\\\/2018\\\/05\\\/horno-ciudadela.jpg\",\"datePublished\":\"2022-09-15T15:02:43+00:00\",\"dateModified\":\"2023-04-11T09:47:50+00:00\",\"description\":\"El Horno de la Ciudadela acoge una exposici\u00f3n de Abigail Lazkoz y el Pabell\u00f3n de Mixtos dos muestras de Estixu Arroyo y Sandra Rocha\",\"breadcrumb\":{\"@id\":\"https:\\\/\\\/www.laguiadepamplona.com\\\/actualidad\\\/mapamundistas-2022-reflexiona-este-ano-sobre-el-acto-de-mirar-y-lo-que-no-se-puede-llegar-a-ver-a-traves-de-exposiciones-encuentros-cine-talleres-creativos-y-charlas\\\/#breadcrumb\"},\"inLanguage\":\"es\",\"potentialAction\":[{\"@type\":\"ReadAction\",\"target\":[\"https:\\\/\\\/www.laguiadepamplona.com\\\/actualidad\\\/mapamundistas-2022-reflexiona-este-ano-sobre-el-acto-de-mirar-y-lo-que-no-se-puede-llegar-a-ver-a-traves-de-exposiciones-encuentros-cine-talleres-creativos-y-charlas\\\/\"]}]},{\"@type\":\"ImageObject\",\"inLanguage\":\"es\",\"@id\":\"https:\\\/\\\/www.laguiadepamplona.com\\\/actualidad\\\/mapamundistas-2022-reflexiona-este-ano-sobre-el-acto-de-mirar-y-lo-que-no-se-puede-llegar-a-ver-a-traves-de-exposiciones-encuentros-cine-talleres-creativos-y-charlas\\\/#primaryimage\",\"url\":\"https:\\\/\\\/www.laguiadepamplona.com\\\/actualidad\\\/wp-content\\\/uploads\\\/2018\\\/05\\\/horno-ciudadela.jpg\",\"contentUrl\":\"https:\\\/\\\/www.laguiadepamplona.com\\\/actualidad\\\/wp-content\\\/uploads\\\/2018\\\/05\\\/horno-ciudadela.jpg\",\"width\":1000,\"height\":667},{\"@type\":\"BreadcrumbList\",\"@id\":\"https:\\\/\\\/www.laguiadepamplona.com\\\/actualidad\\\/mapamundistas-2022-reflexiona-este-ano-sobre-el-acto-de-mirar-y-lo-que-no-se-puede-llegar-a-ver-a-traves-de-exposiciones-encuentros-cine-talleres-creativos-y-charlas\\\/#breadcrumb\",\"itemListElement\":[{\"@type\":\"ListItem\",\"position\":1,\"name\":\"Portada\",\"item\":\"https:\\\/\\\/www.laguiadepamplona.com\\\/actualidad\\\/\"},{\"@type\":\"ListItem\",\"position\":2,\"name\":\"Mapamundistas 2022 reflexiona este a\u00f1o sobre el acto de mirar y lo que no se puede llegar a ver, a trav\u00e9s de exposiciones, encuentros, cine, talleres creativos y charlas\"}]},{\"@type\":\"WebSite\",\"@id\":\"https:\\\/\\\/www.laguiadepamplona.com\\\/actualidad\\\/#website\",\"url\":\"https:\\\/\\\/www.laguiadepamplona.com\\\/actualidad\\\/\",\"name\":\"La gu\u00eda de Pamplona\",\"description\":\"Noticias de Pamplona\",\"publisher\":{\"@id\":\"https:\\\/\\\/www.laguiadepamplona.com\\\/actualidad\\\/#organization\"},\"potentialAction\":[{\"@type\":\"SearchAction\",\"target\":{\"@type\":\"EntryPoint\",\"urlTemplate\":\"https:\\\/\\\/www.laguiadepamplona.com\\\/actualidad\\\/?s={search_term_string}\"},\"query-input\":{\"@type\":\"PropertyValueSpecification\",\"valueRequired\":true,\"valueName\":\"search_term_string\"}}],\"inLanguage\":\"es\"},{\"@type\":\"Organization\",\"@id\":\"https:\\\/\\\/www.laguiadepamplona.com\\\/actualidad\\\/#organization\",\"name\":\"La Gu\u00eda de Pamplona \\\/ Noticias\",\"url\":\"https:\\\/\\\/www.laguiadepamplona.com\\\/actualidad\\\/\",\"logo\":{\"@type\":\"ImageObject\",\"inLanguage\":\"es\",\"@id\":\"https:\\\/\\\/www.laguiadepamplona.com\\\/actualidad\\\/#\\\/schema\\\/logo\\\/image\\\/\",\"url\":\"https:\\\/\\\/www.laguiadepamplona.com\\\/actualidad\\\/wp-content\\\/uploads\\\/2018\\\/11\\\/logo-laguiadepamplona18-web1.png\",\"contentUrl\":\"https:\\\/\\\/www.laguiadepamplona.com\\\/actualidad\\\/wp-content\\\/uploads\\\/2018\\\/11\\\/logo-laguiadepamplona18-web1.png\",\"width\":600,\"height\":196,\"caption\":\"La Gu\u00eda de Pamplona \\\/ Noticias\"},\"image\":{\"@id\":\"https:\\\/\\\/www.laguiadepamplona.com\\\/actualidad\\\/#\\\/schema\\\/logo\\\/image\\\/\"},\"sameAs\":[\"https:\\\/\\\/www.facebook.com\\\/laguiadepamplonacom-133175176762273\\\/?ref=hl\",\"https:\\\/\\\/x.com\\\/LaGuiadPamplona\",\"https:\\\/\\\/www.instagram.com\\\/la_guia_de_pamplona\\\/\",\"https:\\\/\\\/www.youtube.com\\\/user\\\/laguiadepamplona\"]},{\"@type\":\"Person\",\"@id\":\"https:\\\/\\\/www.laguiadepamplona.com\\\/actualidad\\\/#\\\/schema\\\/person\\\/efe887376f0213d4657c93adc50b1fdb\",\"name\":\"La Gu\u00eda de Pamplona\",\"image\":{\"@type\":\"ImageObject\",\"inLanguage\":\"es\",\"@id\":\"https:\\\/\\\/secure.gravatar.com\\\/avatar\\\/b6992f131dc8d30ab0dff15446e9d346d9dbd95992de0fef795073f5ea83a81c?s=96&d=mm&r=g\",\"url\":\"https:\\\/\\\/secure.gravatar.com\\\/avatar\\\/b6992f131dc8d30ab0dff15446e9d346d9dbd95992de0fef795073f5ea83a81c?s=96&d=mm&r=g\",\"contentUrl\":\"https:\\\/\\\/secure.gravatar.com\\\/avatar\\\/b6992f131dc8d30ab0dff15446e9d346d9dbd95992de0fef795073f5ea83a81c?s=96&d=mm&r=g\",\"caption\":\"La Gu\u00eda de Pamplona\"}}]}<\/script>\n<!-- \/ Yoast SEO plugin. -->","yoast_head_json":{"title":"Mapamundistas 2022 reflexiona este a\u00f1o sobre el acto de mirar y lo que no se puede llegar a ver, a trav\u00e9s de exposiciones, encuentros, cine, talleres creativos y charlas","description":"El Horno de la Ciudadela acoge una exposici\u00f3n de Abigail Lazkoz y el Pabell\u00f3n de Mixtos dos muestras de Estixu Arroyo y Sandra Rocha","robots":{"index":"index","follow":"follow","max-snippet":"max-snippet:-1","max-image-preview":"max-image-preview:large","max-video-preview":"max-video-preview:-1"},"canonical":"https:\/\/www.laguiadepamplona.com\/actualidad\/mapamundistas-2022-reflexiona-este-ano-sobre-el-acto-de-mirar-y-lo-que-no-se-puede-llegar-a-ver-a-traves-de-exposiciones-encuentros-cine-talleres-creativos-y-charlas\/","og_locale":"es_ES","og_type":"article","og_title":"Mapamundistas 2022 reflexiona este a\u00f1o sobre el acto de mirar y lo que no se puede llegar a ver, a trav\u00e9s de exposiciones, encuentros, cine, talleres creativos y charlas","og_description":"El Horno de la Ciudadela acoge una exposici\u00f3n de Abigail Lazkoz y el Pabell\u00f3n de Mixtos dos muestras de Estixu Arroyo y Sandra Rocha","og_url":"https:\/\/www.laguiadepamplona.com\/actualidad\/mapamundistas-2022-reflexiona-este-ano-sobre-el-acto-de-mirar-y-lo-que-no-se-puede-llegar-a-ver-a-traves-de-exposiciones-encuentros-cine-talleres-creativos-y-charlas\/","og_site_name":"La Gu\u00eda de Pamplona","article_publisher":"https:\/\/www.facebook.com\/laguiadepamplonacom-133175176762273\/?ref=hl","article_published_time":"2022-09-15T15:02:43+00:00","article_modified_time":"2023-04-11T09:47:50+00:00","og_image":[{"width":1000,"height":667,"url":"https:\/\/www.laguiadepamplona.com\/actualidad\/wp-content\/uploads\/2018\/05\/horno-ciudadela.jpg","type":"image\/jpeg"}],"author":"La Gu\u00eda de Pamplona","twitter_card":"summary_large_image","twitter_creator":"@LaGuiadPamplona","twitter_site":"@LaGuiadPamplona","twitter_misc":{"Escrito por":"La Gu\u00eda de Pamplona","Tiempo de lectura":"5 minutos"},"schema":{"@context":"https:\/\/schema.org","@graph":[{"@type":"Article","@id":"https:\/\/www.laguiadepamplona.com\/actualidad\/mapamundistas-2022-reflexiona-este-ano-sobre-el-acto-de-mirar-y-lo-que-no-se-puede-llegar-a-ver-a-traves-de-exposiciones-encuentros-cine-talleres-creativos-y-charlas\/#article","isPartOf":{"@id":"https:\/\/www.laguiadepamplona.com\/actualidad\/mapamundistas-2022-reflexiona-este-ano-sobre-el-acto-de-mirar-y-lo-que-no-se-puede-llegar-a-ver-a-traves-de-exposiciones-encuentros-cine-talleres-creativos-y-charlas\/"},"author":{"name":"La Gu\u00eda de Pamplona","@id":"https:\/\/www.laguiadepamplona.com\/actualidad\/#\/schema\/person\/efe887376f0213d4657c93adc50b1fdb"},"headline":"Mapamundistas 2022 reflexiona este a\u00f1o sobre el acto de mirar y lo que no se puede llegar a ver, a trav\u00e9s de exposiciones, encuentros, cine, talleres creativos y charlas","datePublished":"2022-09-15T15:02:43+00:00","dateModified":"2023-04-11T09:47:50+00:00","mainEntityOfPage":{"@id":"https:\/\/www.laguiadepamplona.com\/actualidad\/mapamundistas-2022-reflexiona-este-ano-sobre-el-acto-de-mirar-y-lo-que-no-se-puede-llegar-a-ver-a-traves-de-exposiciones-encuentros-cine-talleres-creativos-y-charlas\/"},"wordCount":1205,"commentCount":0,"publisher":{"@id":"https:\/\/www.laguiadepamplona.com\/actualidad\/#organization"},"image":{"@id":"https:\/\/www.laguiadepamplona.com\/actualidad\/mapamundistas-2022-reflexiona-este-ano-sobre-el-acto-de-mirar-y-lo-que-no-se-puede-llegar-a-ver-a-traves-de-exposiciones-encuentros-cine-talleres-creativos-y-charlas\/#primaryimage"},"thumbnailUrl":"https:\/\/www.laguiadepamplona.com\/actualidad\/wp-content\/uploads\/2018\/05\/horno-ciudadela.jpg","articleSection":["Ayto Pamplona"],"inLanguage":"es","potentialAction":[{"@type":"CommentAction","name":"Comment","target":["https:\/\/www.laguiadepamplona.com\/actualidad\/mapamundistas-2022-reflexiona-este-ano-sobre-el-acto-de-mirar-y-lo-que-no-se-puede-llegar-a-ver-a-traves-de-exposiciones-encuentros-cine-talleres-creativos-y-charlas\/#respond"]}]},{"@type":"WebPage","@id":"https:\/\/www.laguiadepamplona.com\/actualidad\/mapamundistas-2022-reflexiona-este-ano-sobre-el-acto-de-mirar-y-lo-que-no-se-puede-llegar-a-ver-a-traves-de-exposiciones-encuentros-cine-talleres-creativos-y-charlas\/","url":"https:\/\/www.laguiadepamplona.com\/actualidad\/mapamundistas-2022-reflexiona-este-ano-sobre-el-acto-de-mirar-y-lo-que-no-se-puede-llegar-a-ver-a-traves-de-exposiciones-encuentros-cine-talleres-creativos-y-charlas\/","name":"Mapamundistas 2022 reflexiona este a\u00f1o sobre el acto de mirar y lo que no se puede llegar a ver, a trav\u00e9s de exposiciones, encuentros, cine, talleres creativos y charlas","isPartOf":{"@id":"https:\/\/www.laguiadepamplona.com\/actualidad\/#website"},"primaryImageOfPage":{"@id":"https:\/\/www.laguiadepamplona.com\/actualidad\/mapamundistas-2022-reflexiona-este-ano-sobre-el-acto-de-mirar-y-lo-que-no-se-puede-llegar-a-ver-a-traves-de-exposiciones-encuentros-cine-talleres-creativos-y-charlas\/#primaryimage"},"image":{"@id":"https:\/\/www.laguiadepamplona.com\/actualidad\/mapamundistas-2022-reflexiona-este-ano-sobre-el-acto-de-mirar-y-lo-que-no-se-puede-llegar-a-ver-a-traves-de-exposiciones-encuentros-cine-talleres-creativos-y-charlas\/#primaryimage"},"thumbnailUrl":"https:\/\/www.laguiadepamplona.com\/actualidad\/wp-content\/uploads\/2018\/05\/horno-ciudadela.jpg","datePublished":"2022-09-15T15:02:43+00:00","dateModified":"2023-04-11T09:47:50+00:00","description":"El Horno de la Ciudadela acoge una exposici\u00f3n de Abigail Lazkoz y el Pabell\u00f3n de Mixtos dos muestras de Estixu Arroyo y Sandra Rocha","breadcrumb":{"@id":"https:\/\/www.laguiadepamplona.com\/actualidad\/mapamundistas-2022-reflexiona-este-ano-sobre-el-acto-de-mirar-y-lo-que-no-se-puede-llegar-a-ver-a-traves-de-exposiciones-encuentros-cine-talleres-creativos-y-charlas\/#breadcrumb"},"inLanguage":"es","potentialAction":[{"@type":"ReadAction","target":["https:\/\/www.laguiadepamplona.com\/actualidad\/mapamundistas-2022-reflexiona-este-ano-sobre-el-acto-de-mirar-y-lo-que-no-se-puede-llegar-a-ver-a-traves-de-exposiciones-encuentros-cine-talleres-creativos-y-charlas\/"]}]},{"@type":"ImageObject","inLanguage":"es","@id":"https:\/\/www.laguiadepamplona.com\/actualidad\/mapamundistas-2022-reflexiona-este-ano-sobre-el-acto-de-mirar-y-lo-que-no-se-puede-llegar-a-ver-a-traves-de-exposiciones-encuentros-cine-talleres-creativos-y-charlas\/#primaryimage","url":"https:\/\/www.laguiadepamplona.com\/actualidad\/wp-content\/uploads\/2018\/05\/horno-ciudadela.jpg","contentUrl":"https:\/\/www.laguiadepamplona.com\/actualidad\/wp-content\/uploads\/2018\/05\/horno-ciudadela.jpg","width":1000,"height":667},{"@type":"BreadcrumbList","@id":"https:\/\/www.laguiadepamplona.com\/actualidad\/mapamundistas-2022-reflexiona-este-ano-sobre-el-acto-de-mirar-y-lo-que-no-se-puede-llegar-a-ver-a-traves-de-exposiciones-encuentros-cine-talleres-creativos-y-charlas\/#breadcrumb","itemListElement":[{"@type":"ListItem","position":1,"name":"Portada","item":"https:\/\/www.laguiadepamplona.com\/actualidad\/"},{"@type":"ListItem","position":2,"name":"Mapamundistas 2022 reflexiona este a\u00f1o sobre el acto de mirar y lo que no se puede llegar a ver, a trav\u00e9s de exposiciones, encuentros, cine, talleres creativos y charlas"}]},{"@type":"WebSite","@id":"https:\/\/www.laguiadepamplona.com\/actualidad\/#website","url":"https:\/\/www.laguiadepamplona.com\/actualidad\/","name":"La gu\u00eda de Pamplona","description":"Noticias de Pamplona","publisher":{"@id":"https:\/\/www.laguiadepamplona.com\/actualidad\/#organization"},"potentialAction":[{"@type":"SearchAction","target":{"@type":"EntryPoint","urlTemplate":"https:\/\/www.laguiadepamplona.com\/actualidad\/?s={search_term_string}"},"query-input":{"@type":"PropertyValueSpecification","valueRequired":true,"valueName":"search_term_string"}}],"inLanguage":"es"},{"@type":"Organization","@id":"https:\/\/www.laguiadepamplona.com\/actualidad\/#organization","name":"La Gu\u00eda de Pamplona \/ Noticias","url":"https:\/\/www.laguiadepamplona.com\/actualidad\/","logo":{"@type":"ImageObject","inLanguage":"es","@id":"https:\/\/www.laguiadepamplona.com\/actualidad\/#\/schema\/logo\/image\/","url":"https:\/\/www.laguiadepamplona.com\/actualidad\/wp-content\/uploads\/2018\/11\/logo-laguiadepamplona18-web1.png","contentUrl":"https:\/\/www.laguiadepamplona.com\/actualidad\/wp-content\/uploads\/2018\/11\/logo-laguiadepamplona18-web1.png","width":600,"height":196,"caption":"La Gu\u00eda de Pamplona \/ Noticias"},"image":{"@id":"https:\/\/www.laguiadepamplona.com\/actualidad\/#\/schema\/logo\/image\/"},"sameAs":["https:\/\/www.facebook.com\/laguiadepamplonacom-133175176762273\/?ref=hl","https:\/\/x.com\/LaGuiadPamplona","https:\/\/www.instagram.com\/la_guia_de_pamplona\/","https:\/\/www.youtube.com\/user\/laguiadepamplona"]},{"@type":"Person","@id":"https:\/\/www.laguiadepamplona.com\/actualidad\/#\/schema\/person\/efe887376f0213d4657c93adc50b1fdb","name":"La Gu\u00eda de Pamplona","image":{"@type":"ImageObject","inLanguage":"es","@id":"https:\/\/secure.gravatar.com\/avatar\/b6992f131dc8d30ab0dff15446e9d346d9dbd95992de0fef795073f5ea83a81c?s=96&d=mm&r=g","url":"https:\/\/secure.gravatar.com\/avatar\/b6992f131dc8d30ab0dff15446e9d346d9dbd95992de0fef795073f5ea83a81c?s=96&d=mm&r=g","contentUrl":"https:\/\/secure.gravatar.com\/avatar\/b6992f131dc8d30ab0dff15446e9d346d9dbd95992de0fef795073f5ea83a81c?s=96&d=mm&r=g","caption":"La Gu\u00eda de Pamplona"}}]}},"post_mailing_queue_ids":[],"_links":{"self":[{"href":"https:\/\/www.laguiadepamplona.com\/actualidad\/wp-json\/wp\/v2\/posts\/41508","targetHints":{"allow":["GET"]}}],"collection":[{"href":"https:\/\/www.laguiadepamplona.com\/actualidad\/wp-json\/wp\/v2\/posts"}],"about":[{"href":"https:\/\/www.laguiadepamplona.com\/actualidad\/wp-json\/wp\/v2\/types\/post"}],"author":[{"embeddable":true,"href":"https:\/\/www.laguiadepamplona.com\/actualidad\/wp-json\/wp\/v2\/users\/1"}],"replies":[{"embeddable":true,"href":"https:\/\/www.laguiadepamplona.com\/actualidad\/wp-json\/wp\/v2\/comments?post=41508"}],"version-history":[{"count":0,"href":"https:\/\/www.laguiadepamplona.com\/actualidad\/wp-json\/wp\/v2\/posts\/41508\/revisions"}],"wp:featuredmedia":[{"embeddable":true,"href":"https:\/\/www.laguiadepamplona.com\/actualidad\/wp-json\/wp\/v2\/media\/17342"}],"wp:attachment":[{"href":"https:\/\/www.laguiadepamplona.com\/actualidad\/wp-json\/wp\/v2\/media?parent=41508"}],"wp:term":[{"taxonomy":"category","embeddable":true,"href":"https:\/\/www.laguiadepamplona.com\/actualidad\/wp-json\/wp\/v2\/categories?post=41508"},{"taxonomy":"post_tag","embeddable":true,"href":"https:\/\/www.laguiadepamplona.com\/actualidad\/wp-json\/wp\/v2\/tags?post=41508"}],"curies":[{"name":"wp","href":"https:\/\/api.w.org\/{rel}","templated":true}]}}