{"id":41496,"date":"2022-09-14T17:03:30","date_gmt":"2022-09-14T15:03:30","guid":{"rendered":"https:\/\/www.laguiadepamplona.com\/actualidad\/?p=41496"},"modified":"2023-04-11T11:47:50","modified_gmt":"2023-04-11T09:47:50","slug":"a-partir-del-jueves-15-de-septiembre-comienza-el-horario-de-invierno-de-las-bibliotecas-publicas-y-el-museo-de-educacion-ambiental-entre-otros-servicios","status":"publish","type":"post","link":"https:\/\/www.laguiadepamplona.com\/actualidad\/a-partir-del-jueves-15-de-septiembre-comienza-el-horario-de-invierno-de-las-bibliotecas-publicas-y-el-museo-de-educacion-ambiental-entre-otros-servicios\/","title":{"rendered":"A partir del jueves 15 de septiembre comienza el horario de invierno de las bibliotecas p\u00fablicas y el Museo de Educaci\u00f3n Ambiental, entre otros servicios"},"content":{"rendered":"<h5>Los servicios p\u00fablicos siguen retomando los horarios habituales, tras el periodo estival<\/h5>\n<p><!--more--><\/p>\n<p>Los servicios municipales siguen retomando sus horarios habituales de invierno. A partir de este jueves 15 de septiembre la red de bibliotecas p\u00fablicas de Pamplona deja de abrir por las ma\u00f1anas con car\u00e1cter general, exceptuando la Biblioteca P\u00fablica de San Francisco. Las bibliotecas p\u00fablicas de Txantrea, Etxabacoitz, Iturrama, Mendillorri, Milagrosa, San Jorge, San Pedro y Yamaguchi se mantendr\u00e1n abiertas de 14 a 20 horas. En el caso de San Francisco su horario es, ininterrumpidamente, de 8.30 a 20.30 horas.<br \/>\n<script async src=\"\/\/pagead2.googlesyndication.com\/pagead\/js\/adsbygoogle.js\"><\/script><br \/>\n<!-- Noticias La Guia de Pamplona --><br \/>\n<ins class=\"adsbygoogle\"\nstyle=\"display:block\"\ndata-ad-client=\"ca-pub-6943679897239327\"\ndata-ad-slot=\"7048180777\"\ndata-ad-format=\"auto\"><\/ins><br \/>\n<script>\n(adsbygoogle = window.adsbygoogle || []).push({});\n<\/script><\/p>\n<p>Tambi\u00e9n desde este jueves el Museo de Educaci\u00f3n Ambiental (Monasterio Viejo de San Pedro s\/n) volver\u00e1 a abrir de martes a viernes. Esta dotaci\u00f3n los viernes mantendr\u00e1 un horario de ma\u00f1ana de 10 a 13 horas, mientras que de martes a jueves abrir\u00e1 ma\u00f1ana y tarde: de 10 a 13 horas y de 18 a 20 horas.<\/p>\n<p>Hay dos centros dependientes del servicio de Igualdad que modifican sus horarios a partir de este jueves 15 de septiembre. Por un lado, el centro especializado en trabajar sobre la brecha digital de g\u00e9nero, EMATIC, a partir de esa fecha abrir\u00e1 de lunes a viernes de 10 a 13 horas y de 16 a 19.30 horas. Adem\u00e1s, los s\u00e1bados el centro se mantendr\u00e1 abierto entre las 10 y las 13 horas. Por otro, Harrotu, servicio p\u00fablico de informaci\u00f3n, promoci\u00f3n de los derechos y la participaci\u00f3n LGTBI del Ayuntamiento de Pamplona, atendr\u00e1 los lunes por la tarde de 17 a 20.30 horas, los s\u00e1bados de 11 a 14 horas y, la mayor\u00eda de la semana, de martes a viernes, lo har\u00e1 con horario de ma\u00f1ana y tarde: de 10.30 a 13.30 horas y de 17 a 20.30 horas.<br \/>\n<script async src=\"\/\/pagead2.googlesyndication.com\/pagead\/js\/adsbygoogle.js\"><\/script><br \/>\n<!-- Noticias La Guia de Pamplona --><br \/>\n<ins class=\"adsbygoogle\"\nstyle=\"display:block\"\ndata-ad-client=\"ca-pub-6943679897239327\"\ndata-ad-slot=\"7048180777\"\ndata-ad-format=\"auto\"><\/ins><br \/>\n<script>\n(adsbygoogle = window.adsbygoogle || []).push({});\n<\/script><\/p>\n<p>Este a\u00f1o, por primera vez, no hay cambios entre estaciones en los horarios de la Ciudadela de Pamplona. Las salas expositivas abren de martes a s\u00e1bado de 11.30 a 13.30 horas y de 18 a 20.30 horas; domingos y festivos solo el horario de ma\u00f1ana. Por otra parte, el parque interior como tal abre de lunes a viernes de 7.30 a 21.30 horas; s\u00e1bados de 8 a 21.30 horas y domingos y festivos cierra tambi\u00e9n a las 21.30 horas, pero abre m\u00e1s tarde: a las 9 horas.<\/p>\n","protected":false},"excerpt":{"rendered":"<p>Los servicios p\u00fablicos siguen retomando los horarios habituales, tras el periodo estival<\/p>\n","protected":false},"author":1,"featured_media":32687,"comment_status":"open","ping_status":"closed","sticky":false,"template":"","format":"standard","meta":{"footnotes":""},"categories":[2],"tags":[],"class_list":["post-41496","post","type-post","status-publish","format-standard","has-post-thumbnail","hentry","category-ayuntamiento-pamplona"],"yoast_head":"<!-- This site is optimized with the Yoast SEO plugin v27.3 - https:\/\/yoast.com\/product\/yoast-seo-wordpress\/ -->\n<title>A partir del jueves 15 de septiembre comienza el horario de invierno de las bibliotecas p\u00fablicas y el Museo de Educaci\u00f3n Ambiental, entre otros servicios<\/title>\n<meta name=\"description\" content=\"Los servicios p\u00fablicos siguen retomando los horarios habituales, tras el periodo estival\" \/>\n<meta name=\"robots\" content=\"index, follow, max-snippet:-1, max-image-preview:large, max-video-preview:-1\" \/>\n<link rel=\"canonical\" href=\"https:\/\/www.laguiadepamplona.com\/actualidad\/a-partir-del-jueves-15-de-septiembre-comienza-el-horario-de-invierno-de-las-bibliotecas-publicas-y-el-museo-de-educacion-ambiental-entre-otros-servicios\/\" \/>\n<meta property=\"og:locale\" content=\"es_ES\" \/>\n<meta property=\"og:type\" content=\"article\" \/>\n<meta property=\"og:title\" content=\"A partir del jueves 15 de septiembre comienza el horario de invierno de las bibliotecas p\u00fablicas y el Museo de Educaci\u00f3n Ambiental, entre otros servicios\" \/>\n<meta property=\"og:description\" content=\"Los servicios p\u00fablicos siguen retomando los horarios habituales, tras el periodo estival\" \/>\n<meta property=\"og:url\" content=\"https:\/\/www.laguiadepamplona.com\/actualidad\/a-partir-del-jueves-15-de-septiembre-comienza-el-horario-de-invierno-de-las-bibliotecas-publicas-y-el-museo-de-educacion-ambiental-entre-otros-servicios\/\" \/>\n<meta property=\"og:site_name\" content=\"La Gu\u00eda de Pamplona\" \/>\n<meta property=\"article:publisher\" content=\"https:\/\/www.facebook.com\/laguiadepamplonacom-133175176762273\/?ref=hl\" \/>\n<meta property=\"article:published_time\" content=\"2022-09-14T15:03:30+00:00\" \/>\n<meta property=\"article:modified_time\" content=\"2023-04-11T09:47:50+00:00\" \/>\n<meta property=\"og:image\" content=\"https:\/\/www.laguiadepamplona.com\/actualidad\/wp-content\/uploads\/2021\/01\/museo-educacion-ambiental.jpg\" \/>\n\t<meta property=\"og:image:width\" content=\"1920\" \/>\n\t<meta property=\"og:image:height\" content=\"1059\" \/>\n\t<meta property=\"og:image:type\" content=\"image\/jpeg\" \/>\n<meta name=\"author\" content=\"La Gu\u00eda de Pamplona\" \/>\n<meta name=\"twitter:card\" content=\"summary_large_image\" \/>\n<meta name=\"twitter:creator\" content=\"@LaGuiadPamplona\" \/>\n<meta name=\"twitter:site\" content=\"@LaGuiadPamplona\" \/>\n<meta name=\"twitter:label1\" content=\"Escrito por\" \/>\n\t<meta name=\"twitter:data1\" content=\"La Gu\u00eda de Pamplona\" \/>\n\t<meta name=\"twitter:label2\" content=\"Tiempo de lectura\" \/>\n\t<meta name=\"twitter:data2\" content=\"2 minutos\" \/>\n<script type=\"application\/ld+json\" class=\"yoast-schema-graph\">{\"@context\":\"https:\\\/\\\/schema.org\",\"@graph\":[{\"@type\":\"Article\",\"@id\":\"https:\\\/\\\/www.laguiadepamplona.com\\\/actualidad\\\/a-partir-del-jueves-15-de-septiembre-comienza-el-horario-de-invierno-de-las-bibliotecas-publicas-y-el-museo-de-educacion-ambiental-entre-otros-servicios\\\/#article\",\"isPartOf\":{\"@id\":\"https:\\\/\\\/www.laguiadepamplona.com\\\/actualidad\\\/a-partir-del-jueves-15-de-septiembre-comienza-el-horario-de-invierno-de-las-bibliotecas-publicas-y-el-museo-de-educacion-ambiental-entre-otros-servicios\\\/\"},\"author\":{\"name\":\"La Gu\u00eda de Pamplona\",\"@id\":\"https:\\\/\\\/www.laguiadepamplona.com\\\/actualidad\\\/#\\\/schema\\\/person\\\/efe887376f0213d4657c93adc50b1fdb\"},\"headline\":\"A partir del jueves 15 de septiembre comienza el horario de invierno de las bibliotecas p\u00fablicas y el Museo de Educaci\u00f3n Ambiental, entre otros servicios\",\"datePublished\":\"2022-09-14T15:03:30+00:00\",\"dateModified\":\"2023-04-11T09:47:50+00:00\",\"mainEntityOfPage\":{\"@id\":\"https:\\\/\\\/www.laguiadepamplona.com\\\/actualidad\\\/a-partir-del-jueves-15-de-septiembre-comienza-el-horario-de-invierno-de-las-bibliotecas-publicas-y-el-museo-de-educacion-ambiental-entre-otros-servicios\\\/\"},\"wordCount\":391,\"commentCount\":0,\"publisher\":{\"@id\":\"https:\\\/\\\/www.laguiadepamplona.com\\\/actualidad\\\/#organization\"},\"image\":{\"@id\":\"https:\\\/\\\/www.laguiadepamplona.com\\\/actualidad\\\/a-partir-del-jueves-15-de-septiembre-comienza-el-horario-de-invierno-de-las-bibliotecas-publicas-y-el-museo-de-educacion-ambiental-entre-otros-servicios\\\/#primaryimage\"},\"thumbnailUrl\":\"https:\\\/\\\/www.laguiadepamplona.com\\\/actualidad\\\/wp-content\\\/uploads\\\/2021\\\/01\\\/museo-educacion-ambiental.jpg\",\"articleSection\":[\"Ayto Pamplona\"],\"inLanguage\":\"es\",\"potentialAction\":[{\"@type\":\"CommentAction\",\"name\":\"Comment\",\"target\":[\"https:\\\/\\\/www.laguiadepamplona.com\\\/actualidad\\\/a-partir-del-jueves-15-de-septiembre-comienza-el-horario-de-invierno-de-las-bibliotecas-publicas-y-el-museo-de-educacion-ambiental-entre-otros-servicios\\\/#respond\"]}]},{\"@type\":\"WebPage\",\"@id\":\"https:\\\/\\\/www.laguiadepamplona.com\\\/actualidad\\\/a-partir-del-jueves-15-de-septiembre-comienza-el-horario-de-invierno-de-las-bibliotecas-publicas-y-el-museo-de-educacion-ambiental-entre-otros-servicios\\\/\",\"url\":\"https:\\\/\\\/www.laguiadepamplona.com\\\/actualidad\\\/a-partir-del-jueves-15-de-septiembre-comienza-el-horario-de-invierno-de-las-bibliotecas-publicas-y-el-museo-de-educacion-ambiental-entre-otros-servicios\\\/\",\"name\":\"A partir del jueves 15 de septiembre comienza el horario de invierno de las bibliotecas p\u00fablicas y el Museo de Educaci\u00f3n Ambiental, entre otros servicios\",\"isPartOf\":{\"@id\":\"https:\\\/\\\/www.laguiadepamplona.com\\\/actualidad\\\/#website\"},\"primaryImageOfPage\":{\"@id\":\"https:\\\/\\\/www.laguiadepamplona.com\\\/actualidad\\\/a-partir-del-jueves-15-de-septiembre-comienza-el-horario-de-invierno-de-las-bibliotecas-publicas-y-el-museo-de-educacion-ambiental-entre-otros-servicios\\\/#primaryimage\"},\"image\":{\"@id\":\"https:\\\/\\\/www.laguiadepamplona.com\\\/actualidad\\\/a-partir-del-jueves-15-de-septiembre-comienza-el-horario-de-invierno-de-las-bibliotecas-publicas-y-el-museo-de-educacion-ambiental-entre-otros-servicios\\\/#primaryimage\"},\"thumbnailUrl\":\"https:\\\/\\\/www.laguiadepamplona.com\\\/actualidad\\\/wp-content\\\/uploads\\\/2021\\\/01\\\/museo-educacion-ambiental.jpg\",\"datePublished\":\"2022-09-14T15:03:30+00:00\",\"dateModified\":\"2023-04-11T09:47:50+00:00\",\"description\":\"Los servicios p\u00fablicos siguen retomando los horarios habituales, tras el periodo estival\",\"breadcrumb\":{\"@id\":\"https:\\\/\\\/www.laguiadepamplona.com\\\/actualidad\\\/a-partir-del-jueves-15-de-septiembre-comienza-el-horario-de-invierno-de-las-bibliotecas-publicas-y-el-museo-de-educacion-ambiental-entre-otros-servicios\\\/#breadcrumb\"},\"inLanguage\":\"es\",\"potentialAction\":[{\"@type\":\"ReadAction\",\"target\":[\"https:\\\/\\\/www.laguiadepamplona.com\\\/actualidad\\\/a-partir-del-jueves-15-de-septiembre-comienza-el-horario-de-invierno-de-las-bibliotecas-publicas-y-el-museo-de-educacion-ambiental-entre-otros-servicios\\\/\"]}]},{\"@type\":\"ImageObject\",\"inLanguage\":\"es\",\"@id\":\"https:\\\/\\\/www.laguiadepamplona.com\\\/actualidad\\\/a-partir-del-jueves-15-de-septiembre-comienza-el-horario-de-invierno-de-las-bibliotecas-publicas-y-el-museo-de-educacion-ambiental-entre-otros-servicios\\\/#primaryimage\",\"url\":\"https:\\\/\\\/www.laguiadepamplona.com\\\/actualidad\\\/wp-content\\\/uploads\\\/2021\\\/01\\\/museo-educacion-ambiental.jpg\",\"contentUrl\":\"https:\\\/\\\/www.laguiadepamplona.com\\\/actualidad\\\/wp-content\\\/uploads\\\/2021\\\/01\\\/museo-educacion-ambiental.jpg\",\"width\":1920,\"height\":1059},{\"@type\":\"BreadcrumbList\",\"@id\":\"https:\\\/\\\/www.laguiadepamplona.com\\\/actualidad\\\/a-partir-del-jueves-15-de-septiembre-comienza-el-horario-de-invierno-de-las-bibliotecas-publicas-y-el-museo-de-educacion-ambiental-entre-otros-servicios\\\/#breadcrumb\",\"itemListElement\":[{\"@type\":\"ListItem\",\"position\":1,\"name\":\"Portada\",\"item\":\"https:\\\/\\\/www.laguiadepamplona.com\\\/actualidad\\\/\"},{\"@type\":\"ListItem\",\"position\":2,\"name\":\"A partir del jueves 15 de septiembre comienza el horario de invierno de las bibliotecas p\u00fablicas y el Museo de Educaci\u00f3n Ambiental, entre otros servicios\"}]},{\"@type\":\"WebSite\",\"@id\":\"https:\\\/\\\/www.laguiadepamplona.com\\\/actualidad\\\/#website\",\"url\":\"https:\\\/\\\/www.laguiadepamplona.com\\\/actualidad\\\/\",\"name\":\"La gu\u00eda de Pamplona\",\"description\":\"Noticias de Pamplona\",\"publisher\":{\"@id\":\"https:\\\/\\\/www.laguiadepamplona.com\\\/actualidad\\\/#organization\"},\"potentialAction\":[{\"@type\":\"SearchAction\",\"target\":{\"@type\":\"EntryPoint\",\"urlTemplate\":\"https:\\\/\\\/www.laguiadepamplona.com\\\/actualidad\\\/?s={search_term_string}\"},\"query-input\":{\"@type\":\"PropertyValueSpecification\",\"valueRequired\":true,\"valueName\":\"search_term_string\"}}],\"inLanguage\":\"es\"},{\"@type\":\"Organization\",\"@id\":\"https:\\\/\\\/www.laguiadepamplona.com\\\/actualidad\\\/#organization\",\"name\":\"La Gu\u00eda de Pamplona \\\/ Noticias\",\"url\":\"https:\\\/\\\/www.laguiadepamplona.com\\\/actualidad\\\/\",\"logo\":{\"@type\":\"ImageObject\",\"inLanguage\":\"es\",\"@id\":\"https:\\\/\\\/www.laguiadepamplona.com\\\/actualidad\\\/#\\\/schema\\\/logo\\\/image\\\/\",\"url\":\"https:\\\/\\\/www.laguiadepamplona.com\\\/actualidad\\\/wp-content\\\/uploads\\\/2018\\\/11\\\/logo-laguiadepamplona18-web1.png\",\"contentUrl\":\"https:\\\/\\\/www.laguiadepamplona.com\\\/actualidad\\\/wp-content\\\/uploads\\\/2018\\\/11\\\/logo-laguiadepamplona18-web1.png\",\"width\":600,\"height\":196,\"caption\":\"La Gu\u00eda de Pamplona \\\/ Noticias\"},\"image\":{\"@id\":\"https:\\\/\\\/www.laguiadepamplona.com\\\/actualidad\\\/#\\\/schema\\\/logo\\\/image\\\/\"},\"sameAs\":[\"https:\\\/\\\/www.facebook.com\\\/laguiadepamplonacom-133175176762273\\\/?ref=hl\",\"https:\\\/\\\/x.com\\\/LaGuiadPamplona\",\"https:\\\/\\\/www.instagram.com\\\/la_guia_de_pamplona\\\/\",\"https:\\\/\\\/www.youtube.com\\\/user\\\/laguiadepamplona\"]},{\"@type\":\"Person\",\"@id\":\"https:\\\/\\\/www.laguiadepamplona.com\\\/actualidad\\\/#\\\/schema\\\/person\\\/efe887376f0213d4657c93adc50b1fdb\",\"name\":\"La Gu\u00eda de Pamplona\",\"image\":{\"@type\":\"ImageObject\",\"inLanguage\":\"es\",\"@id\":\"https:\\\/\\\/secure.gravatar.com\\\/avatar\\\/b6992f131dc8d30ab0dff15446e9d346d9dbd95992de0fef795073f5ea83a81c?s=96&d=mm&r=g\",\"url\":\"https:\\\/\\\/secure.gravatar.com\\\/avatar\\\/b6992f131dc8d30ab0dff15446e9d346d9dbd95992de0fef795073f5ea83a81c?s=96&d=mm&r=g\",\"contentUrl\":\"https:\\\/\\\/secure.gravatar.com\\\/avatar\\\/b6992f131dc8d30ab0dff15446e9d346d9dbd95992de0fef795073f5ea83a81c?s=96&d=mm&r=g\",\"caption\":\"La Gu\u00eda de Pamplona\"}}]}<\/script>\n<!-- \/ Yoast SEO plugin. -->","yoast_head_json":{"title":"A partir del jueves 15 de septiembre comienza el horario de invierno de las bibliotecas p\u00fablicas y el Museo de Educaci\u00f3n Ambiental, entre otros servicios","description":"Los servicios p\u00fablicos siguen retomando los horarios habituales, tras el periodo estival","robots":{"index":"index","follow":"follow","max-snippet":"max-snippet:-1","max-image-preview":"max-image-preview:large","max-video-preview":"max-video-preview:-1"},"canonical":"https:\/\/www.laguiadepamplona.com\/actualidad\/a-partir-del-jueves-15-de-septiembre-comienza-el-horario-de-invierno-de-las-bibliotecas-publicas-y-el-museo-de-educacion-ambiental-entre-otros-servicios\/","og_locale":"es_ES","og_type":"article","og_title":"A partir del jueves 15 de septiembre comienza el horario de invierno de las bibliotecas p\u00fablicas y el Museo de Educaci\u00f3n Ambiental, entre otros servicios","og_description":"Los servicios p\u00fablicos siguen retomando los horarios habituales, tras el periodo estival","og_url":"https:\/\/www.laguiadepamplona.com\/actualidad\/a-partir-del-jueves-15-de-septiembre-comienza-el-horario-de-invierno-de-las-bibliotecas-publicas-y-el-museo-de-educacion-ambiental-entre-otros-servicios\/","og_site_name":"La Gu\u00eda de Pamplona","article_publisher":"https:\/\/www.facebook.com\/laguiadepamplonacom-133175176762273\/?ref=hl","article_published_time":"2022-09-14T15:03:30+00:00","article_modified_time":"2023-04-11T09:47:50+00:00","og_image":[{"width":1920,"height":1059,"url":"https:\/\/www.laguiadepamplona.com\/actualidad\/wp-content\/uploads\/2021\/01\/museo-educacion-ambiental.jpg","type":"image\/jpeg"}],"author":"La Gu\u00eda de Pamplona","twitter_card":"summary_large_image","twitter_creator":"@LaGuiadPamplona","twitter_site":"@LaGuiadPamplona","twitter_misc":{"Escrito por":"La Gu\u00eda de Pamplona","Tiempo de lectura":"2 minutos"},"schema":{"@context":"https:\/\/schema.org","@graph":[{"@type":"Article","@id":"https:\/\/www.laguiadepamplona.com\/actualidad\/a-partir-del-jueves-15-de-septiembre-comienza-el-horario-de-invierno-de-las-bibliotecas-publicas-y-el-museo-de-educacion-ambiental-entre-otros-servicios\/#article","isPartOf":{"@id":"https:\/\/www.laguiadepamplona.com\/actualidad\/a-partir-del-jueves-15-de-septiembre-comienza-el-horario-de-invierno-de-las-bibliotecas-publicas-y-el-museo-de-educacion-ambiental-entre-otros-servicios\/"},"author":{"name":"La Gu\u00eda de Pamplona","@id":"https:\/\/www.laguiadepamplona.com\/actualidad\/#\/schema\/person\/efe887376f0213d4657c93adc50b1fdb"},"headline":"A partir del jueves 15 de septiembre comienza el horario de invierno de las bibliotecas p\u00fablicas y el Museo de Educaci\u00f3n Ambiental, entre otros servicios","datePublished":"2022-09-14T15:03:30+00:00","dateModified":"2023-04-11T09:47:50+00:00","mainEntityOfPage":{"@id":"https:\/\/www.laguiadepamplona.com\/actualidad\/a-partir-del-jueves-15-de-septiembre-comienza-el-horario-de-invierno-de-las-bibliotecas-publicas-y-el-museo-de-educacion-ambiental-entre-otros-servicios\/"},"wordCount":391,"commentCount":0,"publisher":{"@id":"https:\/\/www.laguiadepamplona.com\/actualidad\/#organization"},"image":{"@id":"https:\/\/www.laguiadepamplona.com\/actualidad\/a-partir-del-jueves-15-de-septiembre-comienza-el-horario-de-invierno-de-las-bibliotecas-publicas-y-el-museo-de-educacion-ambiental-entre-otros-servicios\/#primaryimage"},"thumbnailUrl":"https:\/\/www.laguiadepamplona.com\/actualidad\/wp-content\/uploads\/2021\/01\/museo-educacion-ambiental.jpg","articleSection":["Ayto Pamplona"],"inLanguage":"es","potentialAction":[{"@type":"CommentAction","name":"Comment","target":["https:\/\/www.laguiadepamplona.com\/actualidad\/a-partir-del-jueves-15-de-septiembre-comienza-el-horario-de-invierno-de-las-bibliotecas-publicas-y-el-museo-de-educacion-ambiental-entre-otros-servicios\/#respond"]}]},{"@type":"WebPage","@id":"https:\/\/www.laguiadepamplona.com\/actualidad\/a-partir-del-jueves-15-de-septiembre-comienza-el-horario-de-invierno-de-las-bibliotecas-publicas-y-el-museo-de-educacion-ambiental-entre-otros-servicios\/","url":"https:\/\/www.laguiadepamplona.com\/actualidad\/a-partir-del-jueves-15-de-septiembre-comienza-el-horario-de-invierno-de-las-bibliotecas-publicas-y-el-museo-de-educacion-ambiental-entre-otros-servicios\/","name":"A partir del jueves 15 de septiembre comienza el horario de invierno de las bibliotecas p\u00fablicas y el Museo de Educaci\u00f3n Ambiental, entre otros servicios","isPartOf":{"@id":"https:\/\/www.laguiadepamplona.com\/actualidad\/#website"},"primaryImageOfPage":{"@id":"https:\/\/www.laguiadepamplona.com\/actualidad\/a-partir-del-jueves-15-de-septiembre-comienza-el-horario-de-invierno-de-las-bibliotecas-publicas-y-el-museo-de-educacion-ambiental-entre-otros-servicios\/#primaryimage"},"image":{"@id":"https:\/\/www.laguiadepamplona.com\/actualidad\/a-partir-del-jueves-15-de-septiembre-comienza-el-horario-de-invierno-de-las-bibliotecas-publicas-y-el-museo-de-educacion-ambiental-entre-otros-servicios\/#primaryimage"},"thumbnailUrl":"https:\/\/www.laguiadepamplona.com\/actualidad\/wp-content\/uploads\/2021\/01\/museo-educacion-ambiental.jpg","datePublished":"2022-09-14T15:03:30+00:00","dateModified":"2023-04-11T09:47:50+00:00","description":"Los servicios p\u00fablicos siguen retomando los horarios habituales, tras el periodo estival","breadcrumb":{"@id":"https:\/\/www.laguiadepamplona.com\/actualidad\/a-partir-del-jueves-15-de-septiembre-comienza-el-horario-de-invierno-de-las-bibliotecas-publicas-y-el-museo-de-educacion-ambiental-entre-otros-servicios\/#breadcrumb"},"inLanguage":"es","potentialAction":[{"@type":"ReadAction","target":["https:\/\/www.laguiadepamplona.com\/actualidad\/a-partir-del-jueves-15-de-septiembre-comienza-el-horario-de-invierno-de-las-bibliotecas-publicas-y-el-museo-de-educacion-ambiental-entre-otros-servicios\/"]}]},{"@type":"ImageObject","inLanguage":"es","@id":"https:\/\/www.laguiadepamplona.com\/actualidad\/a-partir-del-jueves-15-de-septiembre-comienza-el-horario-de-invierno-de-las-bibliotecas-publicas-y-el-museo-de-educacion-ambiental-entre-otros-servicios\/#primaryimage","url":"https:\/\/www.laguiadepamplona.com\/actualidad\/wp-content\/uploads\/2021\/01\/museo-educacion-ambiental.jpg","contentUrl":"https:\/\/www.laguiadepamplona.com\/actualidad\/wp-content\/uploads\/2021\/01\/museo-educacion-ambiental.jpg","width":1920,"height":1059},{"@type":"BreadcrumbList","@id":"https:\/\/www.laguiadepamplona.com\/actualidad\/a-partir-del-jueves-15-de-septiembre-comienza-el-horario-de-invierno-de-las-bibliotecas-publicas-y-el-museo-de-educacion-ambiental-entre-otros-servicios\/#breadcrumb","itemListElement":[{"@type":"ListItem","position":1,"name":"Portada","item":"https:\/\/www.laguiadepamplona.com\/actualidad\/"},{"@type":"ListItem","position":2,"name":"A partir del jueves 15 de septiembre comienza el horario de invierno de las bibliotecas p\u00fablicas y el Museo de Educaci\u00f3n Ambiental, entre otros servicios"}]},{"@type":"WebSite","@id":"https:\/\/www.laguiadepamplona.com\/actualidad\/#website","url":"https:\/\/www.laguiadepamplona.com\/actualidad\/","name":"La gu\u00eda de Pamplona","description":"Noticias de Pamplona","publisher":{"@id":"https:\/\/www.laguiadepamplona.com\/actualidad\/#organization"},"potentialAction":[{"@type":"SearchAction","target":{"@type":"EntryPoint","urlTemplate":"https:\/\/www.laguiadepamplona.com\/actualidad\/?s={search_term_string}"},"query-input":{"@type":"PropertyValueSpecification","valueRequired":true,"valueName":"search_term_string"}}],"inLanguage":"es"},{"@type":"Organization","@id":"https:\/\/www.laguiadepamplona.com\/actualidad\/#organization","name":"La Gu\u00eda de Pamplona \/ Noticias","url":"https:\/\/www.laguiadepamplona.com\/actualidad\/","logo":{"@type":"ImageObject","inLanguage":"es","@id":"https:\/\/www.laguiadepamplona.com\/actualidad\/#\/schema\/logo\/image\/","url":"https:\/\/www.laguiadepamplona.com\/actualidad\/wp-content\/uploads\/2018\/11\/logo-laguiadepamplona18-web1.png","contentUrl":"https:\/\/www.laguiadepamplona.com\/actualidad\/wp-content\/uploads\/2018\/11\/logo-laguiadepamplona18-web1.png","width":600,"height":196,"caption":"La Gu\u00eda de Pamplona \/ Noticias"},"image":{"@id":"https:\/\/www.laguiadepamplona.com\/actualidad\/#\/schema\/logo\/image\/"},"sameAs":["https:\/\/www.facebook.com\/laguiadepamplonacom-133175176762273\/?ref=hl","https:\/\/x.com\/LaGuiadPamplona","https:\/\/www.instagram.com\/la_guia_de_pamplona\/","https:\/\/www.youtube.com\/user\/laguiadepamplona"]},{"@type":"Person","@id":"https:\/\/www.laguiadepamplona.com\/actualidad\/#\/schema\/person\/efe887376f0213d4657c93adc50b1fdb","name":"La Gu\u00eda de Pamplona","image":{"@type":"ImageObject","inLanguage":"es","@id":"https:\/\/secure.gravatar.com\/avatar\/b6992f131dc8d30ab0dff15446e9d346d9dbd95992de0fef795073f5ea83a81c?s=96&d=mm&r=g","url":"https:\/\/secure.gravatar.com\/avatar\/b6992f131dc8d30ab0dff15446e9d346d9dbd95992de0fef795073f5ea83a81c?s=96&d=mm&r=g","contentUrl":"https:\/\/secure.gravatar.com\/avatar\/b6992f131dc8d30ab0dff15446e9d346d9dbd95992de0fef795073f5ea83a81c?s=96&d=mm&r=g","caption":"La Gu\u00eda de Pamplona"}}]}},"post_mailing_queue_ids":[],"_links":{"self":[{"href":"https:\/\/www.laguiadepamplona.com\/actualidad\/wp-json\/wp\/v2\/posts\/41496","targetHints":{"allow":["GET"]}}],"collection":[{"href":"https:\/\/www.laguiadepamplona.com\/actualidad\/wp-json\/wp\/v2\/posts"}],"about":[{"href":"https:\/\/www.laguiadepamplona.com\/actualidad\/wp-json\/wp\/v2\/types\/post"}],"author":[{"embeddable":true,"href":"https:\/\/www.laguiadepamplona.com\/actualidad\/wp-json\/wp\/v2\/users\/1"}],"replies":[{"embeddable":true,"href":"https:\/\/www.laguiadepamplona.com\/actualidad\/wp-json\/wp\/v2\/comments?post=41496"}],"version-history":[{"count":0,"href":"https:\/\/www.laguiadepamplona.com\/actualidad\/wp-json\/wp\/v2\/posts\/41496\/revisions"}],"wp:featuredmedia":[{"embeddable":true,"href":"https:\/\/www.laguiadepamplona.com\/actualidad\/wp-json\/wp\/v2\/media\/32687"}],"wp:attachment":[{"href":"https:\/\/www.laguiadepamplona.com\/actualidad\/wp-json\/wp\/v2\/media?parent=41496"}],"wp:term":[{"taxonomy":"category","embeddable":true,"href":"https:\/\/www.laguiadepamplona.com\/actualidad\/wp-json\/wp\/v2\/categories?post=41496"},{"taxonomy":"post_tag","embeddable":true,"href":"https:\/\/www.laguiadepamplona.com\/actualidad\/wp-json\/wp\/v2\/tags?post=41496"}],"curies":[{"name":"wp","href":"https:\/\/api.w.org\/{rel}","templated":true}]}}