{"id":41483,"date":"2022-09-13T17:42:01","date_gmt":"2022-09-13T15:42:01","guid":{"rendered":"https:\/\/www.laguiadepamplona.com\/actualidad\/?p=41483"},"modified":"2023-04-11T11:47:51","modified_gmt":"2023-04-11T09:47:51","slug":"el-ayuntamiento-de-pamplona-y-el-gobierno-de-navarra-firman-un-convenio-de-colaboracion-para-desarrollar-el-proyecto-auna-de-itinerarios-integrados-de-inclusion","status":"publish","type":"post","link":"https:\/\/www.laguiadepamplona.com\/actualidad\/el-ayuntamiento-de-pamplona-y-el-gobierno-de-navarra-firman-un-convenio-de-colaboracion-para-desarrollar-el-proyecto-auna-de-itinerarios-integrados-de-inclusion\/","title":{"rendered":"El Ayuntamiento de Pamplona y el Gobierno de Navarra firman un convenio de colaboraci\u00f3n para desarrollar el Proyecto Auna de itinerarios integrados de inclusi\u00f3n"},"content":{"rendered":"<h5>El Departamento de Derechos Sociales financia el convenio, que incluye la contrataci\u00f3n de ocho profesionales para Pamplona, con 436.541,70 euros<\/h5>\n<p><!--more--><\/p>\n<p>El Ayuntamiento de Pamplona y el departamento de Derechos Sociales del Gobierno de Navarra han rubricado un convenio de colaboraci\u00f3n para el desarrollo del Proyecto Auna de itinerarios integrados de exclusi\u00f3n. El programa piloto, con una dotaci\u00f3n de 436.541,70 euros financiados por el Departamento de Derechos Sociales, incluye la contrataci\u00f3n de ocho trabajadores, que actuar\u00e1n en la zona b\u00e1sica de Rochapea. El convenio est\u00e1 previsto hasta el 31 de diciembre de 2023, si bien es prorrogable por acuerdo expreso de las partes.<br \/>\n<script async src=\"\/\/pagead2.googlesyndication.com\/pagead\/js\/adsbygoogle.js\"><\/script><br \/>\n<!-- Noticias La Guia de Pamplona --><br \/>\n<ins class=\"adsbygoogle\"\nstyle=\"display:block\"\ndata-ad-client=\"ca-pub-6943679897239327\"\ndata-ad-slot=\"7048180777\"\ndata-ad-format=\"auto\"><\/ins><br \/>\n<script>\n(adsbygoogle = window.adsbygoogle || []).push({});\n<\/script><\/p>\n<p>El Proyecto Auna es un proyecto de innovaci\u00f3n social y car\u00e1cter experimental que busca integrar los servicios y los componentes de los itinerarios de inclusi\u00f3n social y laboral, como son la tramitaci\u00f3n administrativa, el cribado y segmentaci\u00f3n de las personas beneficiarias de las prestaciones sociales, la valoraci\u00f3n y diagn\u00f3stico social y de empleabilidad, los procesos de mejora de \u00e9sta, el ajuste de oferta formativa, y las oportunidades de empleo.<\/p>\n<p>El equipo profesional para este proyecto trabajar\u00e1 en las instalaciones del EISOL, en la calle Errotazar s\/n de Rochapea y estar\u00e1 compuesto por un coordinador, cuatro trabajadores sociales y tres oficiales administrativos. El perfil tipo de usuario ser\u00e1n beneficiarios del ingreso m\u00ednimo vital (IMV)-renta garantizada (RG) empadronados en la zona b\u00e1sica de Rochapea. Al t\u00e9rmino del programa piloto, se evaluar\u00e1 el impacto mediante la comparaci\u00f3n con una muestra de poblaci\u00f3n que no haya participado en el mismo.<br \/>\n<script async src=\"\/\/pagead2.googlesyndication.com\/pagead\/js\/adsbygoogle.js\"><\/script><br \/>\n<!-- Noticias La Guia de Pamplona --><br \/>\n<ins class=\"adsbygoogle\"\nstyle=\"display:block\"\ndata-ad-client=\"ca-pub-6943679897239327\"\ndata-ad-slot=\"7048180777\"\ndata-ad-format=\"auto\"><\/ins><br \/>\n<script>\n(adsbygoogle = window.adsbygoogle || []).push({});\n<\/script><\/p>\n<p><strong>Fondos Europeos<\/strong><\/p>\n<p>El proyecto Auna, financiado con el Mecanismo de Recuperaci\u00f3n y Resiliencia (MRR) de la Uni\u00f3n Europea, se divide en tres paquetes principales. El paquete 1 aborda la gesti\u00f3n integrada de prestaciones mediante unidades de tramitaci\u00f3n; el paquete 2 incluye la atenci\u00f3n integrada de servicios sociales y de empleo en casos que requieren apoyos complejos; y el paquete 3 se centra en la gesti\u00f3n integrada de acceso al empleo con apoyo en el tejido empresarial. Estos tres apartados principales se completan con el paquete 0, de gesti\u00f3n y coordinaci\u00f3n general, y el paquete 4, que eval\u00faa el sistema.<br \/>\n<script async src=\"\/\/pagead2.googlesyndication.com\/pagead\/js\/adsbygoogle.js\"><\/script><br \/>\n<!-- Noticias La Guia de Pamplona --><br \/>\n<ins class=\"adsbygoogle\"\nstyle=\"display:block\"\ndata-ad-client=\"ca-pub-6943679897239327\"\ndata-ad-slot=\"7048180777\"\ndata-ad-format=\"auto\"><\/ins><br \/>\n<script>\n(adsbygoogle = window.adsbygoogle || []).push({});\n<\/script><\/p>\n<p>&nbsp;<\/p>\n<h3>Presupuesto del Convenio. De Septiembre de 2022 a Diciembre de 2023<\/h3>\n<ul>\n<li>Financiaci\u00f3n para Pamplona: 436.541,70 euros, que incluyen costes de personal y un 10% de costes indirectos.\n<ul>\n<li>523,15 euros a la firma del convenio.<\/li>\n<li>018,55 euros en el primer trimestre de 2023.<\/li>\n<\/ul>\n<\/li>\n<\/ul>\n","protected":false},"excerpt":{"rendered":"<p>El Departamento de Derechos Sociales financia el convenio, que incluye la contrataci\u00f3n de ocho profesionales para Pamplona, con 436.541,70 euros<\/p>\n","protected":false},"author":1,"featured_media":36074,"comment_status":"open","ping_status":"closed","sticky":false,"template":"","format":"standard","meta":{"footnotes":""},"categories":[2],"tags":[],"class_list":["post-41483","post","type-post","status-publish","format-standard","has-post-thumbnail","hentry","category-ayuntamiento-pamplona"],"yoast_head":"<!-- This site is optimized with the Yoast SEO plugin v27.3 - https:\/\/yoast.com\/product\/yoast-seo-wordpress\/ -->\n<title>El Ayuntamiento de Pamplona y el Gobierno de Navarra firman un convenio de colaboraci\u00f3n para desarrollar el Proyecto Auna de itinerarios integrados de inclusi\u00f3n<\/title>\n<meta name=\"description\" content=\"El Departamento de Derechos Sociales financia el convenio, que incluye la contrataci\u00f3n de ocho profesionales para Pamplona, con 436.541,70 euros\" \/>\n<meta name=\"robots\" content=\"index, follow, max-snippet:-1, max-image-preview:large, max-video-preview:-1\" \/>\n<link rel=\"canonical\" href=\"https:\/\/www.laguiadepamplona.com\/actualidad\/el-ayuntamiento-de-pamplona-y-el-gobierno-de-navarra-firman-un-convenio-de-colaboracion-para-desarrollar-el-proyecto-auna-de-itinerarios-integrados-de-inclusion\/\" \/>\n<meta property=\"og:locale\" content=\"es_ES\" \/>\n<meta property=\"og:type\" content=\"article\" \/>\n<meta property=\"og:title\" content=\"El Ayuntamiento de Pamplona y el Gobierno de Navarra firman un convenio de colaboraci\u00f3n para desarrollar el Proyecto Auna de itinerarios integrados de inclusi\u00f3n\" \/>\n<meta property=\"og:description\" content=\"El Departamento de Derechos Sociales financia el convenio, que incluye la contrataci\u00f3n de ocho profesionales para Pamplona, con 436.541,70 euros\" \/>\n<meta property=\"og:url\" content=\"https:\/\/www.laguiadepamplona.com\/actualidad\/el-ayuntamiento-de-pamplona-y-el-gobierno-de-navarra-firman-un-convenio-de-colaboracion-para-desarrollar-el-proyecto-auna-de-itinerarios-integrados-de-inclusion\/\" \/>\n<meta property=\"og:site_name\" content=\"La Gu\u00eda de Pamplona\" \/>\n<meta property=\"article:publisher\" content=\"https:\/\/www.facebook.com\/laguiadepamplonacom-133175176762273\/?ref=hl\" \/>\n<meta property=\"article:published_time\" content=\"2022-09-13T15:42:01+00:00\" \/>\n<meta property=\"article:modified_time\" content=\"2023-04-11T09:47:51+00:00\" \/>\n<meta property=\"og:image\" content=\"https:\/\/www.laguiadepamplona.com\/actualidad\/wp-content\/uploads\/2021\/08\/ayuntamiento-pamplona2.jpg\" \/>\n\t<meta property=\"og:image:width\" content=\"1920\" \/>\n\t<meta property=\"og:image:height\" content=\"1080\" \/>\n\t<meta property=\"og:image:type\" content=\"image\/jpeg\" \/>\n<meta name=\"author\" content=\"La Gu\u00eda de Pamplona\" \/>\n<meta name=\"twitter:card\" content=\"summary_large_image\" \/>\n<meta name=\"twitter:creator\" content=\"@LaGuiadPamplona\" \/>\n<meta name=\"twitter:site\" content=\"@LaGuiadPamplona\" \/>\n<meta name=\"twitter:label1\" content=\"Escrito por\" \/>\n\t<meta name=\"twitter:data1\" content=\"La Gu\u00eda de Pamplona\" \/>\n\t<meta name=\"twitter:label2\" content=\"Tiempo de lectura\" \/>\n\t<meta name=\"twitter:data2\" content=\"2 minutos\" \/>\n<script type=\"application\/ld+json\" class=\"yoast-schema-graph\">{\"@context\":\"https:\\\/\\\/schema.org\",\"@graph\":[{\"@type\":\"Article\",\"@id\":\"https:\\\/\\\/www.laguiadepamplona.com\\\/actualidad\\\/el-ayuntamiento-de-pamplona-y-el-gobierno-de-navarra-firman-un-convenio-de-colaboracion-para-desarrollar-el-proyecto-auna-de-itinerarios-integrados-de-inclusion\\\/#article\",\"isPartOf\":{\"@id\":\"https:\\\/\\\/www.laguiadepamplona.com\\\/actualidad\\\/el-ayuntamiento-de-pamplona-y-el-gobierno-de-navarra-firman-un-convenio-de-colaboracion-para-desarrollar-el-proyecto-auna-de-itinerarios-integrados-de-inclusion\\\/\"},\"author\":{\"name\":\"La Gu\u00eda de Pamplona\",\"@id\":\"https:\\\/\\\/www.laguiadepamplona.com\\\/actualidad\\\/#\\\/schema\\\/person\\\/efe887376f0213d4657c93adc50b1fdb\"},\"headline\":\"El Ayuntamiento de Pamplona y el Gobierno de Navarra firman un convenio de colaboraci\u00f3n para desarrollar el Proyecto Auna de itinerarios integrados de inclusi\u00f3n\",\"datePublished\":\"2022-09-13T15:42:01+00:00\",\"dateModified\":\"2023-04-11T09:47:51+00:00\",\"mainEntityOfPage\":{\"@id\":\"https:\\\/\\\/www.laguiadepamplona.com\\\/actualidad\\\/el-ayuntamiento-de-pamplona-y-el-gobierno-de-navarra-firman-un-convenio-de-colaboracion-para-desarrollar-el-proyecto-auna-de-itinerarios-integrados-de-inclusion\\\/\"},\"wordCount\":432,\"commentCount\":0,\"publisher\":{\"@id\":\"https:\\\/\\\/www.laguiadepamplona.com\\\/actualidad\\\/#organization\"},\"image\":{\"@id\":\"https:\\\/\\\/www.laguiadepamplona.com\\\/actualidad\\\/el-ayuntamiento-de-pamplona-y-el-gobierno-de-navarra-firman-un-convenio-de-colaboracion-para-desarrollar-el-proyecto-auna-de-itinerarios-integrados-de-inclusion\\\/#primaryimage\"},\"thumbnailUrl\":\"https:\\\/\\\/www.laguiadepamplona.com\\\/actualidad\\\/wp-content\\\/uploads\\\/2021\\\/08\\\/ayuntamiento-pamplona2.jpg\",\"articleSection\":[\"Ayto Pamplona\"],\"inLanguage\":\"es\",\"potentialAction\":[{\"@type\":\"CommentAction\",\"name\":\"Comment\",\"target\":[\"https:\\\/\\\/www.laguiadepamplona.com\\\/actualidad\\\/el-ayuntamiento-de-pamplona-y-el-gobierno-de-navarra-firman-un-convenio-de-colaboracion-para-desarrollar-el-proyecto-auna-de-itinerarios-integrados-de-inclusion\\\/#respond\"]}]},{\"@type\":\"WebPage\",\"@id\":\"https:\\\/\\\/www.laguiadepamplona.com\\\/actualidad\\\/el-ayuntamiento-de-pamplona-y-el-gobierno-de-navarra-firman-un-convenio-de-colaboracion-para-desarrollar-el-proyecto-auna-de-itinerarios-integrados-de-inclusion\\\/\",\"url\":\"https:\\\/\\\/www.laguiadepamplona.com\\\/actualidad\\\/el-ayuntamiento-de-pamplona-y-el-gobierno-de-navarra-firman-un-convenio-de-colaboracion-para-desarrollar-el-proyecto-auna-de-itinerarios-integrados-de-inclusion\\\/\",\"name\":\"El Ayuntamiento de Pamplona y el Gobierno de Navarra firman un convenio de colaboraci\u00f3n para desarrollar el Proyecto Auna de itinerarios integrados de inclusi\u00f3n\",\"isPartOf\":{\"@id\":\"https:\\\/\\\/www.laguiadepamplona.com\\\/actualidad\\\/#website\"},\"primaryImageOfPage\":{\"@id\":\"https:\\\/\\\/www.laguiadepamplona.com\\\/actualidad\\\/el-ayuntamiento-de-pamplona-y-el-gobierno-de-navarra-firman-un-convenio-de-colaboracion-para-desarrollar-el-proyecto-auna-de-itinerarios-integrados-de-inclusion\\\/#primaryimage\"},\"image\":{\"@id\":\"https:\\\/\\\/www.laguiadepamplona.com\\\/actualidad\\\/el-ayuntamiento-de-pamplona-y-el-gobierno-de-navarra-firman-un-convenio-de-colaboracion-para-desarrollar-el-proyecto-auna-de-itinerarios-integrados-de-inclusion\\\/#primaryimage\"},\"thumbnailUrl\":\"https:\\\/\\\/www.laguiadepamplona.com\\\/actualidad\\\/wp-content\\\/uploads\\\/2021\\\/08\\\/ayuntamiento-pamplona2.jpg\",\"datePublished\":\"2022-09-13T15:42:01+00:00\",\"dateModified\":\"2023-04-11T09:47:51+00:00\",\"description\":\"El Departamento de Derechos Sociales financia el convenio, que incluye la contrataci\u00f3n de ocho profesionales para Pamplona, con 436.541,70 euros\",\"breadcrumb\":{\"@id\":\"https:\\\/\\\/www.laguiadepamplona.com\\\/actualidad\\\/el-ayuntamiento-de-pamplona-y-el-gobierno-de-navarra-firman-un-convenio-de-colaboracion-para-desarrollar-el-proyecto-auna-de-itinerarios-integrados-de-inclusion\\\/#breadcrumb\"},\"inLanguage\":\"es\",\"potentialAction\":[{\"@type\":\"ReadAction\",\"target\":[\"https:\\\/\\\/www.laguiadepamplona.com\\\/actualidad\\\/el-ayuntamiento-de-pamplona-y-el-gobierno-de-navarra-firman-un-convenio-de-colaboracion-para-desarrollar-el-proyecto-auna-de-itinerarios-integrados-de-inclusion\\\/\"]}]},{\"@type\":\"ImageObject\",\"inLanguage\":\"es\",\"@id\":\"https:\\\/\\\/www.laguiadepamplona.com\\\/actualidad\\\/el-ayuntamiento-de-pamplona-y-el-gobierno-de-navarra-firman-un-convenio-de-colaboracion-para-desarrollar-el-proyecto-auna-de-itinerarios-integrados-de-inclusion\\\/#primaryimage\",\"url\":\"https:\\\/\\\/www.laguiadepamplona.com\\\/actualidad\\\/wp-content\\\/uploads\\\/2021\\\/08\\\/ayuntamiento-pamplona2.jpg\",\"contentUrl\":\"https:\\\/\\\/www.laguiadepamplona.com\\\/actualidad\\\/wp-content\\\/uploads\\\/2021\\\/08\\\/ayuntamiento-pamplona2.jpg\",\"width\":1920,\"height\":1080,\"caption\":\"ayuntamiento pamplona\"},{\"@type\":\"BreadcrumbList\",\"@id\":\"https:\\\/\\\/www.laguiadepamplona.com\\\/actualidad\\\/el-ayuntamiento-de-pamplona-y-el-gobierno-de-navarra-firman-un-convenio-de-colaboracion-para-desarrollar-el-proyecto-auna-de-itinerarios-integrados-de-inclusion\\\/#breadcrumb\",\"itemListElement\":[{\"@type\":\"ListItem\",\"position\":1,\"name\":\"Portada\",\"item\":\"https:\\\/\\\/www.laguiadepamplona.com\\\/actualidad\\\/\"},{\"@type\":\"ListItem\",\"position\":2,\"name\":\"El Ayuntamiento de Pamplona y el Gobierno de Navarra firman un convenio de colaboraci\u00f3n para desarrollar el Proyecto Auna de itinerarios integrados de inclusi\u00f3n\"}]},{\"@type\":\"WebSite\",\"@id\":\"https:\\\/\\\/www.laguiadepamplona.com\\\/actualidad\\\/#website\",\"url\":\"https:\\\/\\\/www.laguiadepamplona.com\\\/actualidad\\\/\",\"name\":\"La gu\u00eda de Pamplona\",\"description\":\"Noticias de Pamplona\",\"publisher\":{\"@id\":\"https:\\\/\\\/www.laguiadepamplona.com\\\/actualidad\\\/#organization\"},\"potentialAction\":[{\"@type\":\"SearchAction\",\"target\":{\"@type\":\"EntryPoint\",\"urlTemplate\":\"https:\\\/\\\/www.laguiadepamplona.com\\\/actualidad\\\/?s={search_term_string}\"},\"query-input\":{\"@type\":\"PropertyValueSpecification\",\"valueRequired\":true,\"valueName\":\"search_term_string\"}}],\"inLanguage\":\"es\"},{\"@type\":\"Organization\",\"@id\":\"https:\\\/\\\/www.laguiadepamplona.com\\\/actualidad\\\/#organization\",\"name\":\"La Gu\u00eda de Pamplona \\\/ Noticias\",\"url\":\"https:\\\/\\\/www.laguiadepamplona.com\\\/actualidad\\\/\",\"logo\":{\"@type\":\"ImageObject\",\"inLanguage\":\"es\",\"@id\":\"https:\\\/\\\/www.laguiadepamplona.com\\\/actualidad\\\/#\\\/schema\\\/logo\\\/image\\\/\",\"url\":\"https:\\\/\\\/www.laguiadepamplona.com\\\/actualidad\\\/wp-content\\\/uploads\\\/2018\\\/11\\\/logo-laguiadepamplona18-web1.png\",\"contentUrl\":\"https:\\\/\\\/www.laguiadepamplona.com\\\/actualidad\\\/wp-content\\\/uploads\\\/2018\\\/11\\\/logo-laguiadepamplona18-web1.png\",\"width\":600,\"height\":196,\"caption\":\"La Gu\u00eda de Pamplona \\\/ Noticias\"},\"image\":{\"@id\":\"https:\\\/\\\/www.laguiadepamplona.com\\\/actualidad\\\/#\\\/schema\\\/logo\\\/image\\\/\"},\"sameAs\":[\"https:\\\/\\\/www.facebook.com\\\/laguiadepamplonacom-133175176762273\\\/?ref=hl\",\"https:\\\/\\\/x.com\\\/LaGuiadPamplona\",\"https:\\\/\\\/www.instagram.com\\\/la_guia_de_pamplona\\\/\",\"https:\\\/\\\/www.youtube.com\\\/user\\\/laguiadepamplona\"]},{\"@type\":\"Person\",\"@id\":\"https:\\\/\\\/www.laguiadepamplona.com\\\/actualidad\\\/#\\\/schema\\\/person\\\/efe887376f0213d4657c93adc50b1fdb\",\"name\":\"La Gu\u00eda de Pamplona\",\"image\":{\"@type\":\"ImageObject\",\"inLanguage\":\"es\",\"@id\":\"https:\\\/\\\/secure.gravatar.com\\\/avatar\\\/b6992f131dc8d30ab0dff15446e9d346d9dbd95992de0fef795073f5ea83a81c?s=96&d=mm&r=g\",\"url\":\"https:\\\/\\\/secure.gravatar.com\\\/avatar\\\/b6992f131dc8d30ab0dff15446e9d346d9dbd95992de0fef795073f5ea83a81c?s=96&d=mm&r=g\",\"contentUrl\":\"https:\\\/\\\/secure.gravatar.com\\\/avatar\\\/b6992f131dc8d30ab0dff15446e9d346d9dbd95992de0fef795073f5ea83a81c?s=96&d=mm&r=g\",\"caption\":\"La Gu\u00eda de Pamplona\"}}]}<\/script>\n<!-- \/ Yoast SEO plugin. -->","yoast_head_json":{"title":"El Ayuntamiento de Pamplona y el Gobierno de Navarra firman un convenio de colaboraci\u00f3n para desarrollar el Proyecto Auna de itinerarios integrados de inclusi\u00f3n","description":"El Departamento de Derechos Sociales financia el convenio, que incluye la contrataci\u00f3n de ocho profesionales para Pamplona, con 436.541,70 euros","robots":{"index":"index","follow":"follow","max-snippet":"max-snippet:-1","max-image-preview":"max-image-preview:large","max-video-preview":"max-video-preview:-1"},"canonical":"https:\/\/www.laguiadepamplona.com\/actualidad\/el-ayuntamiento-de-pamplona-y-el-gobierno-de-navarra-firman-un-convenio-de-colaboracion-para-desarrollar-el-proyecto-auna-de-itinerarios-integrados-de-inclusion\/","og_locale":"es_ES","og_type":"article","og_title":"El Ayuntamiento de Pamplona y el Gobierno de Navarra firman un convenio de colaboraci\u00f3n para desarrollar el Proyecto Auna de itinerarios integrados de inclusi\u00f3n","og_description":"El Departamento de Derechos Sociales financia el convenio, que incluye la contrataci\u00f3n de ocho profesionales para Pamplona, con 436.541,70 euros","og_url":"https:\/\/www.laguiadepamplona.com\/actualidad\/el-ayuntamiento-de-pamplona-y-el-gobierno-de-navarra-firman-un-convenio-de-colaboracion-para-desarrollar-el-proyecto-auna-de-itinerarios-integrados-de-inclusion\/","og_site_name":"La Gu\u00eda de Pamplona","article_publisher":"https:\/\/www.facebook.com\/laguiadepamplonacom-133175176762273\/?ref=hl","article_published_time":"2022-09-13T15:42:01+00:00","article_modified_time":"2023-04-11T09:47:51+00:00","og_image":[{"width":1920,"height":1080,"url":"https:\/\/www.laguiadepamplona.com\/actualidad\/wp-content\/uploads\/2021\/08\/ayuntamiento-pamplona2.jpg","type":"image\/jpeg"}],"author":"La Gu\u00eda de Pamplona","twitter_card":"summary_large_image","twitter_creator":"@LaGuiadPamplona","twitter_site":"@LaGuiadPamplona","twitter_misc":{"Escrito por":"La Gu\u00eda de Pamplona","Tiempo de lectura":"2 minutos"},"schema":{"@context":"https:\/\/schema.org","@graph":[{"@type":"Article","@id":"https:\/\/www.laguiadepamplona.com\/actualidad\/el-ayuntamiento-de-pamplona-y-el-gobierno-de-navarra-firman-un-convenio-de-colaboracion-para-desarrollar-el-proyecto-auna-de-itinerarios-integrados-de-inclusion\/#article","isPartOf":{"@id":"https:\/\/www.laguiadepamplona.com\/actualidad\/el-ayuntamiento-de-pamplona-y-el-gobierno-de-navarra-firman-un-convenio-de-colaboracion-para-desarrollar-el-proyecto-auna-de-itinerarios-integrados-de-inclusion\/"},"author":{"name":"La Gu\u00eda de Pamplona","@id":"https:\/\/www.laguiadepamplona.com\/actualidad\/#\/schema\/person\/efe887376f0213d4657c93adc50b1fdb"},"headline":"El Ayuntamiento de Pamplona y el Gobierno de Navarra firman un convenio de colaboraci\u00f3n para desarrollar el Proyecto Auna de itinerarios integrados de inclusi\u00f3n","datePublished":"2022-09-13T15:42:01+00:00","dateModified":"2023-04-11T09:47:51+00:00","mainEntityOfPage":{"@id":"https:\/\/www.laguiadepamplona.com\/actualidad\/el-ayuntamiento-de-pamplona-y-el-gobierno-de-navarra-firman-un-convenio-de-colaboracion-para-desarrollar-el-proyecto-auna-de-itinerarios-integrados-de-inclusion\/"},"wordCount":432,"commentCount":0,"publisher":{"@id":"https:\/\/www.laguiadepamplona.com\/actualidad\/#organization"},"image":{"@id":"https:\/\/www.laguiadepamplona.com\/actualidad\/el-ayuntamiento-de-pamplona-y-el-gobierno-de-navarra-firman-un-convenio-de-colaboracion-para-desarrollar-el-proyecto-auna-de-itinerarios-integrados-de-inclusion\/#primaryimage"},"thumbnailUrl":"https:\/\/www.laguiadepamplona.com\/actualidad\/wp-content\/uploads\/2021\/08\/ayuntamiento-pamplona2.jpg","articleSection":["Ayto Pamplona"],"inLanguage":"es","potentialAction":[{"@type":"CommentAction","name":"Comment","target":["https:\/\/www.laguiadepamplona.com\/actualidad\/el-ayuntamiento-de-pamplona-y-el-gobierno-de-navarra-firman-un-convenio-de-colaboracion-para-desarrollar-el-proyecto-auna-de-itinerarios-integrados-de-inclusion\/#respond"]}]},{"@type":"WebPage","@id":"https:\/\/www.laguiadepamplona.com\/actualidad\/el-ayuntamiento-de-pamplona-y-el-gobierno-de-navarra-firman-un-convenio-de-colaboracion-para-desarrollar-el-proyecto-auna-de-itinerarios-integrados-de-inclusion\/","url":"https:\/\/www.laguiadepamplona.com\/actualidad\/el-ayuntamiento-de-pamplona-y-el-gobierno-de-navarra-firman-un-convenio-de-colaboracion-para-desarrollar-el-proyecto-auna-de-itinerarios-integrados-de-inclusion\/","name":"El Ayuntamiento de Pamplona y el Gobierno de Navarra firman un convenio de colaboraci\u00f3n para desarrollar el Proyecto Auna de itinerarios integrados de inclusi\u00f3n","isPartOf":{"@id":"https:\/\/www.laguiadepamplona.com\/actualidad\/#website"},"primaryImageOfPage":{"@id":"https:\/\/www.laguiadepamplona.com\/actualidad\/el-ayuntamiento-de-pamplona-y-el-gobierno-de-navarra-firman-un-convenio-de-colaboracion-para-desarrollar-el-proyecto-auna-de-itinerarios-integrados-de-inclusion\/#primaryimage"},"image":{"@id":"https:\/\/www.laguiadepamplona.com\/actualidad\/el-ayuntamiento-de-pamplona-y-el-gobierno-de-navarra-firman-un-convenio-de-colaboracion-para-desarrollar-el-proyecto-auna-de-itinerarios-integrados-de-inclusion\/#primaryimage"},"thumbnailUrl":"https:\/\/www.laguiadepamplona.com\/actualidad\/wp-content\/uploads\/2021\/08\/ayuntamiento-pamplona2.jpg","datePublished":"2022-09-13T15:42:01+00:00","dateModified":"2023-04-11T09:47:51+00:00","description":"El Departamento de Derechos Sociales financia el convenio, que incluye la contrataci\u00f3n de ocho profesionales para Pamplona, con 436.541,70 euros","breadcrumb":{"@id":"https:\/\/www.laguiadepamplona.com\/actualidad\/el-ayuntamiento-de-pamplona-y-el-gobierno-de-navarra-firman-un-convenio-de-colaboracion-para-desarrollar-el-proyecto-auna-de-itinerarios-integrados-de-inclusion\/#breadcrumb"},"inLanguage":"es","potentialAction":[{"@type":"ReadAction","target":["https:\/\/www.laguiadepamplona.com\/actualidad\/el-ayuntamiento-de-pamplona-y-el-gobierno-de-navarra-firman-un-convenio-de-colaboracion-para-desarrollar-el-proyecto-auna-de-itinerarios-integrados-de-inclusion\/"]}]},{"@type":"ImageObject","inLanguage":"es","@id":"https:\/\/www.laguiadepamplona.com\/actualidad\/el-ayuntamiento-de-pamplona-y-el-gobierno-de-navarra-firman-un-convenio-de-colaboracion-para-desarrollar-el-proyecto-auna-de-itinerarios-integrados-de-inclusion\/#primaryimage","url":"https:\/\/www.laguiadepamplona.com\/actualidad\/wp-content\/uploads\/2021\/08\/ayuntamiento-pamplona2.jpg","contentUrl":"https:\/\/www.laguiadepamplona.com\/actualidad\/wp-content\/uploads\/2021\/08\/ayuntamiento-pamplona2.jpg","width":1920,"height":1080,"caption":"ayuntamiento pamplona"},{"@type":"BreadcrumbList","@id":"https:\/\/www.laguiadepamplona.com\/actualidad\/el-ayuntamiento-de-pamplona-y-el-gobierno-de-navarra-firman-un-convenio-de-colaboracion-para-desarrollar-el-proyecto-auna-de-itinerarios-integrados-de-inclusion\/#breadcrumb","itemListElement":[{"@type":"ListItem","position":1,"name":"Portada","item":"https:\/\/www.laguiadepamplona.com\/actualidad\/"},{"@type":"ListItem","position":2,"name":"El Ayuntamiento de Pamplona y el Gobierno de Navarra firman un convenio de colaboraci\u00f3n para desarrollar el Proyecto Auna de itinerarios integrados de inclusi\u00f3n"}]},{"@type":"WebSite","@id":"https:\/\/www.laguiadepamplona.com\/actualidad\/#website","url":"https:\/\/www.laguiadepamplona.com\/actualidad\/","name":"La gu\u00eda de Pamplona","description":"Noticias de Pamplona","publisher":{"@id":"https:\/\/www.laguiadepamplona.com\/actualidad\/#organization"},"potentialAction":[{"@type":"SearchAction","target":{"@type":"EntryPoint","urlTemplate":"https:\/\/www.laguiadepamplona.com\/actualidad\/?s={search_term_string}"},"query-input":{"@type":"PropertyValueSpecification","valueRequired":true,"valueName":"search_term_string"}}],"inLanguage":"es"},{"@type":"Organization","@id":"https:\/\/www.laguiadepamplona.com\/actualidad\/#organization","name":"La Gu\u00eda de Pamplona \/ Noticias","url":"https:\/\/www.laguiadepamplona.com\/actualidad\/","logo":{"@type":"ImageObject","inLanguage":"es","@id":"https:\/\/www.laguiadepamplona.com\/actualidad\/#\/schema\/logo\/image\/","url":"https:\/\/www.laguiadepamplona.com\/actualidad\/wp-content\/uploads\/2018\/11\/logo-laguiadepamplona18-web1.png","contentUrl":"https:\/\/www.laguiadepamplona.com\/actualidad\/wp-content\/uploads\/2018\/11\/logo-laguiadepamplona18-web1.png","width":600,"height":196,"caption":"La Gu\u00eda de Pamplona \/ Noticias"},"image":{"@id":"https:\/\/www.laguiadepamplona.com\/actualidad\/#\/schema\/logo\/image\/"},"sameAs":["https:\/\/www.facebook.com\/laguiadepamplonacom-133175176762273\/?ref=hl","https:\/\/x.com\/LaGuiadPamplona","https:\/\/www.instagram.com\/la_guia_de_pamplona\/","https:\/\/www.youtube.com\/user\/laguiadepamplona"]},{"@type":"Person","@id":"https:\/\/www.laguiadepamplona.com\/actualidad\/#\/schema\/person\/efe887376f0213d4657c93adc50b1fdb","name":"La Gu\u00eda de Pamplona","image":{"@type":"ImageObject","inLanguage":"es","@id":"https:\/\/secure.gravatar.com\/avatar\/b6992f131dc8d30ab0dff15446e9d346d9dbd95992de0fef795073f5ea83a81c?s=96&d=mm&r=g","url":"https:\/\/secure.gravatar.com\/avatar\/b6992f131dc8d30ab0dff15446e9d346d9dbd95992de0fef795073f5ea83a81c?s=96&d=mm&r=g","contentUrl":"https:\/\/secure.gravatar.com\/avatar\/b6992f131dc8d30ab0dff15446e9d346d9dbd95992de0fef795073f5ea83a81c?s=96&d=mm&r=g","caption":"La Gu\u00eda de Pamplona"}}]}},"post_mailing_queue_ids":[],"_links":{"self":[{"href":"https:\/\/www.laguiadepamplona.com\/actualidad\/wp-json\/wp\/v2\/posts\/41483","targetHints":{"allow":["GET"]}}],"collection":[{"href":"https:\/\/www.laguiadepamplona.com\/actualidad\/wp-json\/wp\/v2\/posts"}],"about":[{"href":"https:\/\/www.laguiadepamplona.com\/actualidad\/wp-json\/wp\/v2\/types\/post"}],"author":[{"embeddable":true,"href":"https:\/\/www.laguiadepamplona.com\/actualidad\/wp-json\/wp\/v2\/users\/1"}],"replies":[{"embeddable":true,"href":"https:\/\/www.laguiadepamplona.com\/actualidad\/wp-json\/wp\/v2\/comments?post=41483"}],"version-history":[{"count":0,"href":"https:\/\/www.laguiadepamplona.com\/actualidad\/wp-json\/wp\/v2\/posts\/41483\/revisions"}],"wp:featuredmedia":[{"embeddable":true,"href":"https:\/\/www.laguiadepamplona.com\/actualidad\/wp-json\/wp\/v2\/media\/36074"}],"wp:attachment":[{"href":"https:\/\/www.laguiadepamplona.com\/actualidad\/wp-json\/wp\/v2\/media?parent=41483"}],"wp:term":[{"taxonomy":"category","embeddable":true,"href":"https:\/\/www.laguiadepamplona.com\/actualidad\/wp-json\/wp\/v2\/categories?post=41483"},{"taxonomy":"post_tag","embeddable":true,"href":"https:\/\/www.laguiadepamplona.com\/actualidad\/wp-json\/wp\/v2\/tags?post=41483"}],"curies":[{"name":"wp","href":"https:\/\/api.w.org\/{rel}","templated":true}]}}