{"id":41473,"date":"2022-09-13T13:40:25","date_gmt":"2022-09-13T11:40:25","guid":{"rendered":"https:\/\/www.laguiadepamplona.com\/actualidad\/?p=41473"},"modified":"2023-04-11T11:47:51","modified_gmt":"2023-04-11T09:47:51","slug":"el-ayuntamiento-de-pamplona-preve-para-el-ultimo-trimestre-del-ano-tres-foros-de-barrio-en-rochapea-ensanches-y-ermitagana-mendebaldea","status":"publish","type":"post","link":"https:\/\/www.laguiadepamplona.com\/actualidad\/el-ayuntamiento-de-pamplona-preve-para-el-ultimo-trimestre-del-ano-tres-foros-de-barrio-en-rochapea-ensanches-y-ermitagana-mendebaldea\/","title":{"rendered":"El Ayuntamiento de Pamplona prev\u00e9 para el \u00faltimo trimestre del a\u00f1o tres Foros de Barrio en Rochapea, Ensanches y Ermitaga\u00f1a &#8211; Mendebaldea"},"content":{"rendered":"<h5>Las citas, el 25 de octubre, el 17 de noviembre y el 15 de diciembre, respectivamente, contar\u00e1n con la presencia del alcalde de Pamplona<\/h5>\n<p><!--more--><\/p>\n<p>Los Foros de Barrio llegar\u00e1n este \u00faltimo trimestre del a\u00f1o a Rochapea, a los Ensanches y a Ermitaga\u00f1a \u2013 Mendebaldea. El Ayuntamiento de Pamplona ha organizado tres sesiones participativas, una en octubre, otra en noviembre y la \u00faltima en diciembre, que contar\u00e1n con la presencia del alcalde de Pamplona, Enrique Maya, y con el concejal o la concejala del barrio al que se acuda, adem\u00e1s de con personal t\u00e9cnico municipal de diferentes \u00e1reas.<br \/>\n<script async src=\"\/\/pagead2.googlesyndication.com\/pagead\/js\/adsbygoogle.js\"><\/script><br \/>\n<!-- Noticias La Guia de Pamplona --><br \/>\n<ins class=\"adsbygoogle\"\nstyle=\"display:block\"\ndata-ad-client=\"ca-pub-6943679897239327\"\ndata-ad-slot=\"7048180777\"\ndata-ad-format=\"auto\"><\/ins><br \/>\n<script>\n(adsbygoogle = window.adsbygoogle || []).push({});\n<\/script><\/p>\n<p>El Foro de Barrio de Rochapea tendr\u00e1 lugar el martes 25 de octubre, con la participaci\u00f3n del alcalde y de la concejala de barrio Carmen Alba. El jueves 17 de noviembre se convoca a ciudadan\u00eda, asociaciones y entidades de los Ensanches, con el alcalde y la concejala de barrio Mar\u00eda Garc\u00eda \u2013 Barberena. Por \u00faltimo, el jueves 15 de diciembre, Enrique Maya y el concejal de barrio Fernando Villanueva presidir\u00e1n la sesi\u00f3n del Foro de Barrio de Ermitaga\u00f1a \u2013 Mendebaldea. Los lugares concretos est\u00e1n todav\u00eda por definir y se prev\u00e9 que el horario se mantenga a las 18.30 horas.<\/p>\n<p>Los Foros de Barrio son espacios de di\u00e1logo organizados por el Ayuntamiento de Pamplona para que la ciudadan\u00eda formule sus propuestas, consulte, aporte y reciba informaci\u00f3n relativa a su entorno m\u00e1s cercano. Las sesiones se pueden seguir en directo a trav\u00e9s del canal de Youtube de Participaci\u00f3n Ciudadana. Se habilita tambi\u00e9n una v\u00eda de comunicaci\u00f3n online a trav\u00e9s de correo electr\u00f3nico o formulario para que las personas interesadas puedan dejar preguntas o sugerencias que despu\u00e9s se comunican en la sesi\u00f3n presencial.<br \/>\n<script async src=\"\/\/pagead2.googlesyndication.com\/pagead\/js\/adsbygoogle.js\"><\/script><br \/>\n<!-- Noticias La Guia de Pamplona --><br \/>\n<ins class=\"adsbygoogle\"\nstyle=\"display:block\"\ndata-ad-client=\"ca-pub-6943679897239327\"\ndata-ad-slot=\"7048180777\"\ndata-ad-format=\"auto\"><\/ins><br \/>\n<script>\n(adsbygoogle = window.adsbygoogle || []).push({});\n<\/script><\/p>\n<p>El Ayuntamiento de Pamplona retom\u00f3 los Foros de Barrio en el \u00faltimo trimestre del pasado a\u00f1o, una vez que las medidas de prevenci\u00f3n y las restricciones con motivo de la COVID-19 permitieron volver a hacer reuniones. Entonces se celebraron los Foros de Barrio de Mendillorri, San Jorge y Milagrosa \u2013 Arrosad\u00eda \u2013 Azpilaga\u00f1a. El 28 de abril se celebr\u00f3 la sesi\u00f3n sobre el barrio de San Juan y el 11 de mayo, el Foro de Barrio de Etxabakoitz. Con las tres sesiones previstas para este \u00faltimo trimestre se completa un ciclo de encuentros del alcalde con el vecindario de todos los barrios de la ciudad.<\/p>\n","protected":false},"excerpt":{"rendered":"<p>Las citas, el 25 de octubre, el 17 de noviembre y el 15 de diciembre, respectivamente, contar\u00e1n con la presencia del alcalde de Pamplona<\/p>\n","protected":false},"author":1,"featured_media":0,"comment_status":"open","ping_status":"closed","sticky":false,"template":"","format":"standard","meta":{"footnotes":""},"categories":[2],"tags":[],"class_list":["post-41473","post","type-post","status-publish","format-standard","hentry","category-ayuntamiento-pamplona"],"yoast_head":"<!-- This site is optimized with the Yoast SEO plugin v27.5 - https:\/\/yoast.com\/product\/yoast-seo-wordpress\/ -->\n<title>El Ayuntamiento de Pamplona prev\u00e9 para el \u00faltimo trimestre del a\u00f1o tres Foros de Barrio en Rochapea, Ensanches y Ermitaga\u00f1a - Mendebaldea<\/title>\n<meta name=\"description\" content=\"Las citas, el 25 de octubre, el 17 de noviembre y el 15 de diciembre, respectivamente, contar\u00e1n con la presencia del alcalde de Pamplona\" \/>\n<meta name=\"robots\" content=\"index, follow, max-snippet:-1, max-image-preview:large, max-video-preview:-1\" \/>\n<link rel=\"canonical\" href=\"https:\/\/www.laguiadepamplona.com\/actualidad\/el-ayuntamiento-de-pamplona-preve-para-el-ultimo-trimestre-del-ano-tres-foros-de-barrio-en-rochapea-ensanches-y-ermitagana-mendebaldea\/\" \/>\n<meta property=\"og:locale\" content=\"es_ES\" \/>\n<meta property=\"og:type\" content=\"article\" \/>\n<meta property=\"og:title\" content=\"El Ayuntamiento de Pamplona prev\u00e9 para el \u00faltimo trimestre del a\u00f1o tres Foros de Barrio en Rochapea, Ensanches y Ermitaga\u00f1a - Mendebaldea\" \/>\n<meta property=\"og:description\" content=\"Las citas, el 25 de octubre, el 17 de noviembre y el 15 de diciembre, respectivamente, contar\u00e1n con la presencia del alcalde de Pamplona\" \/>\n<meta property=\"og:url\" content=\"https:\/\/www.laguiadepamplona.com\/actualidad\/el-ayuntamiento-de-pamplona-preve-para-el-ultimo-trimestre-del-ano-tres-foros-de-barrio-en-rochapea-ensanches-y-ermitagana-mendebaldea\/\" \/>\n<meta property=\"og:site_name\" content=\"La Gu\u00eda de Pamplona\" \/>\n<meta property=\"article:publisher\" content=\"https:\/\/www.facebook.com\/laguiadepamplonacom-133175176762273\/?ref=hl\" \/>\n<meta property=\"article:published_time\" content=\"2022-09-13T11:40:25+00:00\" \/>\n<meta property=\"article:modified_time\" content=\"2023-04-11T09:47:51+00:00\" \/>\n<meta name=\"author\" content=\"La Gu\u00eda de Pamplona\" \/>\n<meta name=\"twitter:card\" content=\"summary_large_image\" \/>\n<meta name=\"twitter:creator\" content=\"@LaGuiadPamplona\" \/>\n<meta name=\"twitter:site\" content=\"@LaGuiadPamplona\" \/>\n<meta name=\"twitter:label1\" content=\"Escrito por\" \/>\n\t<meta name=\"twitter:data1\" content=\"La Gu\u00eda de Pamplona\" \/>\n\t<meta name=\"twitter:label2\" content=\"Tiempo de lectura\" \/>\n\t<meta name=\"twitter:data2\" content=\"2 minutos\" \/>\n<script type=\"application\/ld+json\" class=\"yoast-schema-graph\">{\"@context\":\"https:\\\/\\\/schema.org\",\"@graph\":[{\"@type\":\"Article\",\"@id\":\"https:\\\/\\\/www.laguiadepamplona.com\\\/actualidad\\\/el-ayuntamiento-de-pamplona-preve-para-el-ultimo-trimestre-del-ano-tres-foros-de-barrio-en-rochapea-ensanches-y-ermitagana-mendebaldea\\\/#article\",\"isPartOf\":{\"@id\":\"https:\\\/\\\/www.laguiadepamplona.com\\\/actualidad\\\/el-ayuntamiento-de-pamplona-preve-para-el-ultimo-trimestre-del-ano-tres-foros-de-barrio-en-rochapea-ensanches-y-ermitagana-mendebaldea\\\/\"},\"author\":{\"name\":\"La Gu\u00eda de Pamplona\",\"@id\":\"https:\\\/\\\/www.laguiadepamplona.com\\\/actualidad\\\/#\\\/schema\\\/person\\\/efe887376f0213d4657c93adc50b1fdb\"},\"headline\":\"El Ayuntamiento de Pamplona prev\u00e9 para el \u00faltimo trimestre del a\u00f1o tres Foros de Barrio en Rochapea, Ensanches y Ermitaga\u00f1a &#8211; Mendebaldea\",\"datePublished\":\"2022-09-13T11:40:25+00:00\",\"dateModified\":\"2023-04-11T09:47:51+00:00\",\"mainEntityOfPage\":{\"@id\":\"https:\\\/\\\/www.laguiadepamplona.com\\\/actualidad\\\/el-ayuntamiento-de-pamplona-preve-para-el-ultimo-trimestre-del-ano-tres-foros-de-barrio-en-rochapea-ensanches-y-ermitagana-mendebaldea\\\/\"},\"wordCount\":426,\"commentCount\":0,\"publisher\":{\"@id\":\"https:\\\/\\\/www.laguiadepamplona.com\\\/actualidad\\\/#organization\"},\"articleSection\":[\"Ayto Pamplona\"],\"inLanguage\":\"es\",\"potentialAction\":[{\"@type\":\"CommentAction\",\"name\":\"Comment\",\"target\":[\"https:\\\/\\\/www.laguiadepamplona.com\\\/actualidad\\\/el-ayuntamiento-de-pamplona-preve-para-el-ultimo-trimestre-del-ano-tres-foros-de-barrio-en-rochapea-ensanches-y-ermitagana-mendebaldea\\\/#respond\"]}]},{\"@type\":\"WebPage\",\"@id\":\"https:\\\/\\\/www.laguiadepamplona.com\\\/actualidad\\\/el-ayuntamiento-de-pamplona-preve-para-el-ultimo-trimestre-del-ano-tres-foros-de-barrio-en-rochapea-ensanches-y-ermitagana-mendebaldea\\\/\",\"url\":\"https:\\\/\\\/www.laguiadepamplona.com\\\/actualidad\\\/el-ayuntamiento-de-pamplona-preve-para-el-ultimo-trimestre-del-ano-tres-foros-de-barrio-en-rochapea-ensanches-y-ermitagana-mendebaldea\\\/\",\"name\":\"El Ayuntamiento de Pamplona prev\u00e9 para el \u00faltimo trimestre del a\u00f1o tres Foros de Barrio en Rochapea, Ensanches y Ermitaga\u00f1a - Mendebaldea\",\"isPartOf\":{\"@id\":\"https:\\\/\\\/www.laguiadepamplona.com\\\/actualidad\\\/#website\"},\"datePublished\":\"2022-09-13T11:40:25+00:00\",\"dateModified\":\"2023-04-11T09:47:51+00:00\",\"description\":\"Las citas, el 25 de octubre, el 17 de noviembre y el 15 de diciembre, respectivamente, contar\u00e1n con la presencia del alcalde de Pamplona\",\"breadcrumb\":{\"@id\":\"https:\\\/\\\/www.laguiadepamplona.com\\\/actualidad\\\/el-ayuntamiento-de-pamplona-preve-para-el-ultimo-trimestre-del-ano-tres-foros-de-barrio-en-rochapea-ensanches-y-ermitagana-mendebaldea\\\/#breadcrumb\"},\"inLanguage\":\"es\",\"potentialAction\":[{\"@type\":\"ReadAction\",\"target\":[\"https:\\\/\\\/www.laguiadepamplona.com\\\/actualidad\\\/el-ayuntamiento-de-pamplona-preve-para-el-ultimo-trimestre-del-ano-tres-foros-de-barrio-en-rochapea-ensanches-y-ermitagana-mendebaldea\\\/\"]}]},{\"@type\":\"BreadcrumbList\",\"@id\":\"https:\\\/\\\/www.laguiadepamplona.com\\\/actualidad\\\/el-ayuntamiento-de-pamplona-preve-para-el-ultimo-trimestre-del-ano-tres-foros-de-barrio-en-rochapea-ensanches-y-ermitagana-mendebaldea\\\/#breadcrumb\",\"itemListElement\":[{\"@type\":\"ListItem\",\"position\":1,\"name\":\"Portada\",\"item\":\"https:\\\/\\\/www.laguiadepamplona.com\\\/actualidad\\\/\"},{\"@type\":\"ListItem\",\"position\":2,\"name\":\"El Ayuntamiento de Pamplona prev\u00e9 para el \u00faltimo trimestre del a\u00f1o tres Foros de Barrio en Rochapea, Ensanches y Ermitaga\u00f1a &#8211; Mendebaldea\"}]},{\"@type\":\"WebSite\",\"@id\":\"https:\\\/\\\/www.laguiadepamplona.com\\\/actualidad\\\/#website\",\"url\":\"https:\\\/\\\/www.laguiadepamplona.com\\\/actualidad\\\/\",\"name\":\"La gu\u00eda de Pamplona\",\"description\":\"Noticias de Pamplona\",\"publisher\":{\"@id\":\"https:\\\/\\\/www.laguiadepamplona.com\\\/actualidad\\\/#organization\"},\"potentialAction\":[{\"@type\":\"SearchAction\",\"target\":{\"@type\":\"EntryPoint\",\"urlTemplate\":\"https:\\\/\\\/www.laguiadepamplona.com\\\/actualidad\\\/?s={search_term_string}\"},\"query-input\":{\"@type\":\"PropertyValueSpecification\",\"valueRequired\":true,\"valueName\":\"search_term_string\"}}],\"inLanguage\":\"es\"},{\"@type\":\"Organization\",\"@id\":\"https:\\\/\\\/www.laguiadepamplona.com\\\/actualidad\\\/#organization\",\"name\":\"La Gu\u00eda de Pamplona \\\/ Noticias\",\"url\":\"https:\\\/\\\/www.laguiadepamplona.com\\\/actualidad\\\/\",\"logo\":{\"@type\":\"ImageObject\",\"inLanguage\":\"es\",\"@id\":\"https:\\\/\\\/www.laguiadepamplona.com\\\/actualidad\\\/#\\\/schema\\\/logo\\\/image\\\/\",\"url\":\"https:\\\/\\\/www.laguiadepamplona.com\\\/actualidad\\\/wp-content\\\/uploads\\\/2018\\\/11\\\/logo-laguiadepamplona18-web1.png\",\"contentUrl\":\"https:\\\/\\\/www.laguiadepamplona.com\\\/actualidad\\\/wp-content\\\/uploads\\\/2018\\\/11\\\/logo-laguiadepamplona18-web1.png\",\"width\":600,\"height\":196,\"caption\":\"La Gu\u00eda de Pamplona \\\/ Noticias\"},\"image\":{\"@id\":\"https:\\\/\\\/www.laguiadepamplona.com\\\/actualidad\\\/#\\\/schema\\\/logo\\\/image\\\/\"},\"sameAs\":[\"https:\\\/\\\/www.facebook.com\\\/laguiadepamplonacom-133175176762273\\\/?ref=hl\",\"https:\\\/\\\/x.com\\\/LaGuiadPamplona\",\"https:\\\/\\\/www.instagram.com\\\/la_guia_de_pamplona\\\/\",\"https:\\\/\\\/www.youtube.com\\\/user\\\/laguiadepamplona\"]},{\"@type\":\"Person\",\"@id\":\"https:\\\/\\\/www.laguiadepamplona.com\\\/actualidad\\\/#\\\/schema\\\/person\\\/efe887376f0213d4657c93adc50b1fdb\",\"name\":\"La Gu\u00eda de Pamplona\",\"image\":{\"@type\":\"ImageObject\",\"inLanguage\":\"es\",\"@id\":\"https:\\\/\\\/secure.gravatar.com\\\/avatar\\\/b6992f131dc8d30ab0dff15446e9d346d9dbd95992de0fef795073f5ea83a81c?s=96&d=mm&r=g\",\"url\":\"https:\\\/\\\/secure.gravatar.com\\\/avatar\\\/b6992f131dc8d30ab0dff15446e9d346d9dbd95992de0fef795073f5ea83a81c?s=96&d=mm&r=g\",\"contentUrl\":\"https:\\\/\\\/secure.gravatar.com\\\/avatar\\\/b6992f131dc8d30ab0dff15446e9d346d9dbd95992de0fef795073f5ea83a81c?s=96&d=mm&r=g\",\"caption\":\"La Gu\u00eda de Pamplona\"}}]}<\/script>\n<!-- \/ Yoast SEO plugin. -->","yoast_head_json":{"title":"El Ayuntamiento de Pamplona prev\u00e9 para el \u00faltimo trimestre del a\u00f1o tres Foros de Barrio en Rochapea, Ensanches y Ermitaga\u00f1a - Mendebaldea","description":"Las citas, el 25 de octubre, el 17 de noviembre y el 15 de diciembre, respectivamente, contar\u00e1n con la presencia del alcalde de Pamplona","robots":{"index":"index","follow":"follow","max-snippet":"max-snippet:-1","max-image-preview":"max-image-preview:large","max-video-preview":"max-video-preview:-1"},"canonical":"https:\/\/www.laguiadepamplona.com\/actualidad\/el-ayuntamiento-de-pamplona-preve-para-el-ultimo-trimestre-del-ano-tres-foros-de-barrio-en-rochapea-ensanches-y-ermitagana-mendebaldea\/","og_locale":"es_ES","og_type":"article","og_title":"El Ayuntamiento de Pamplona prev\u00e9 para el \u00faltimo trimestre del a\u00f1o tres Foros de Barrio en Rochapea, Ensanches y Ermitaga\u00f1a - Mendebaldea","og_description":"Las citas, el 25 de octubre, el 17 de noviembre y el 15 de diciembre, respectivamente, contar\u00e1n con la presencia del alcalde de Pamplona","og_url":"https:\/\/www.laguiadepamplona.com\/actualidad\/el-ayuntamiento-de-pamplona-preve-para-el-ultimo-trimestre-del-ano-tres-foros-de-barrio-en-rochapea-ensanches-y-ermitagana-mendebaldea\/","og_site_name":"La Gu\u00eda de Pamplona","article_publisher":"https:\/\/www.facebook.com\/laguiadepamplonacom-133175176762273\/?ref=hl","article_published_time":"2022-09-13T11:40:25+00:00","article_modified_time":"2023-04-11T09:47:51+00:00","author":"La Gu\u00eda de Pamplona","twitter_card":"summary_large_image","twitter_creator":"@LaGuiadPamplona","twitter_site":"@LaGuiadPamplona","twitter_misc":{"Escrito por":"La Gu\u00eda de Pamplona","Tiempo de lectura":"2 minutos"},"schema":{"@context":"https:\/\/schema.org","@graph":[{"@type":"Article","@id":"https:\/\/www.laguiadepamplona.com\/actualidad\/el-ayuntamiento-de-pamplona-preve-para-el-ultimo-trimestre-del-ano-tres-foros-de-barrio-en-rochapea-ensanches-y-ermitagana-mendebaldea\/#article","isPartOf":{"@id":"https:\/\/www.laguiadepamplona.com\/actualidad\/el-ayuntamiento-de-pamplona-preve-para-el-ultimo-trimestre-del-ano-tres-foros-de-barrio-en-rochapea-ensanches-y-ermitagana-mendebaldea\/"},"author":{"name":"La Gu\u00eda de Pamplona","@id":"https:\/\/www.laguiadepamplona.com\/actualidad\/#\/schema\/person\/efe887376f0213d4657c93adc50b1fdb"},"headline":"El Ayuntamiento de Pamplona prev\u00e9 para el \u00faltimo trimestre del a\u00f1o tres Foros de Barrio en Rochapea, Ensanches y Ermitaga\u00f1a &#8211; Mendebaldea","datePublished":"2022-09-13T11:40:25+00:00","dateModified":"2023-04-11T09:47:51+00:00","mainEntityOfPage":{"@id":"https:\/\/www.laguiadepamplona.com\/actualidad\/el-ayuntamiento-de-pamplona-preve-para-el-ultimo-trimestre-del-ano-tres-foros-de-barrio-en-rochapea-ensanches-y-ermitagana-mendebaldea\/"},"wordCount":426,"commentCount":0,"publisher":{"@id":"https:\/\/www.laguiadepamplona.com\/actualidad\/#organization"},"articleSection":["Ayto Pamplona"],"inLanguage":"es","potentialAction":[{"@type":"CommentAction","name":"Comment","target":["https:\/\/www.laguiadepamplona.com\/actualidad\/el-ayuntamiento-de-pamplona-preve-para-el-ultimo-trimestre-del-ano-tres-foros-de-barrio-en-rochapea-ensanches-y-ermitagana-mendebaldea\/#respond"]}]},{"@type":"WebPage","@id":"https:\/\/www.laguiadepamplona.com\/actualidad\/el-ayuntamiento-de-pamplona-preve-para-el-ultimo-trimestre-del-ano-tres-foros-de-barrio-en-rochapea-ensanches-y-ermitagana-mendebaldea\/","url":"https:\/\/www.laguiadepamplona.com\/actualidad\/el-ayuntamiento-de-pamplona-preve-para-el-ultimo-trimestre-del-ano-tres-foros-de-barrio-en-rochapea-ensanches-y-ermitagana-mendebaldea\/","name":"El Ayuntamiento de Pamplona prev\u00e9 para el \u00faltimo trimestre del a\u00f1o tres Foros de Barrio en Rochapea, Ensanches y Ermitaga\u00f1a - Mendebaldea","isPartOf":{"@id":"https:\/\/www.laguiadepamplona.com\/actualidad\/#website"},"datePublished":"2022-09-13T11:40:25+00:00","dateModified":"2023-04-11T09:47:51+00:00","description":"Las citas, el 25 de octubre, el 17 de noviembre y el 15 de diciembre, respectivamente, contar\u00e1n con la presencia del alcalde de Pamplona","breadcrumb":{"@id":"https:\/\/www.laguiadepamplona.com\/actualidad\/el-ayuntamiento-de-pamplona-preve-para-el-ultimo-trimestre-del-ano-tres-foros-de-barrio-en-rochapea-ensanches-y-ermitagana-mendebaldea\/#breadcrumb"},"inLanguage":"es","potentialAction":[{"@type":"ReadAction","target":["https:\/\/www.laguiadepamplona.com\/actualidad\/el-ayuntamiento-de-pamplona-preve-para-el-ultimo-trimestre-del-ano-tres-foros-de-barrio-en-rochapea-ensanches-y-ermitagana-mendebaldea\/"]}]},{"@type":"BreadcrumbList","@id":"https:\/\/www.laguiadepamplona.com\/actualidad\/el-ayuntamiento-de-pamplona-preve-para-el-ultimo-trimestre-del-ano-tres-foros-de-barrio-en-rochapea-ensanches-y-ermitagana-mendebaldea\/#breadcrumb","itemListElement":[{"@type":"ListItem","position":1,"name":"Portada","item":"https:\/\/www.laguiadepamplona.com\/actualidad\/"},{"@type":"ListItem","position":2,"name":"El Ayuntamiento de Pamplona prev\u00e9 para el \u00faltimo trimestre del a\u00f1o tres Foros de Barrio en Rochapea, Ensanches y Ermitaga\u00f1a &#8211; Mendebaldea"}]},{"@type":"WebSite","@id":"https:\/\/www.laguiadepamplona.com\/actualidad\/#website","url":"https:\/\/www.laguiadepamplona.com\/actualidad\/","name":"La gu\u00eda de Pamplona","description":"Noticias de Pamplona","publisher":{"@id":"https:\/\/www.laguiadepamplona.com\/actualidad\/#organization"},"potentialAction":[{"@type":"SearchAction","target":{"@type":"EntryPoint","urlTemplate":"https:\/\/www.laguiadepamplona.com\/actualidad\/?s={search_term_string}"},"query-input":{"@type":"PropertyValueSpecification","valueRequired":true,"valueName":"search_term_string"}}],"inLanguage":"es"},{"@type":"Organization","@id":"https:\/\/www.laguiadepamplona.com\/actualidad\/#organization","name":"La Gu\u00eda de Pamplona \/ Noticias","url":"https:\/\/www.laguiadepamplona.com\/actualidad\/","logo":{"@type":"ImageObject","inLanguage":"es","@id":"https:\/\/www.laguiadepamplona.com\/actualidad\/#\/schema\/logo\/image\/","url":"https:\/\/www.laguiadepamplona.com\/actualidad\/wp-content\/uploads\/2018\/11\/logo-laguiadepamplona18-web1.png","contentUrl":"https:\/\/www.laguiadepamplona.com\/actualidad\/wp-content\/uploads\/2018\/11\/logo-laguiadepamplona18-web1.png","width":600,"height":196,"caption":"La Gu\u00eda de Pamplona \/ Noticias"},"image":{"@id":"https:\/\/www.laguiadepamplona.com\/actualidad\/#\/schema\/logo\/image\/"},"sameAs":["https:\/\/www.facebook.com\/laguiadepamplonacom-133175176762273\/?ref=hl","https:\/\/x.com\/LaGuiadPamplona","https:\/\/www.instagram.com\/la_guia_de_pamplona\/","https:\/\/www.youtube.com\/user\/laguiadepamplona"]},{"@type":"Person","@id":"https:\/\/www.laguiadepamplona.com\/actualidad\/#\/schema\/person\/efe887376f0213d4657c93adc50b1fdb","name":"La Gu\u00eda de Pamplona","image":{"@type":"ImageObject","inLanguage":"es","@id":"https:\/\/secure.gravatar.com\/avatar\/b6992f131dc8d30ab0dff15446e9d346d9dbd95992de0fef795073f5ea83a81c?s=96&d=mm&r=g","url":"https:\/\/secure.gravatar.com\/avatar\/b6992f131dc8d30ab0dff15446e9d346d9dbd95992de0fef795073f5ea83a81c?s=96&d=mm&r=g","contentUrl":"https:\/\/secure.gravatar.com\/avatar\/b6992f131dc8d30ab0dff15446e9d346d9dbd95992de0fef795073f5ea83a81c?s=96&d=mm&r=g","caption":"La Gu\u00eda de Pamplona"}}]}},"post_mailing_queue_ids":[],"_links":{"self":[{"href":"https:\/\/www.laguiadepamplona.com\/actualidad\/wp-json\/wp\/v2\/posts\/41473","targetHints":{"allow":["GET"]}}],"collection":[{"href":"https:\/\/www.laguiadepamplona.com\/actualidad\/wp-json\/wp\/v2\/posts"}],"about":[{"href":"https:\/\/www.laguiadepamplona.com\/actualidad\/wp-json\/wp\/v2\/types\/post"}],"author":[{"embeddable":true,"href":"https:\/\/www.laguiadepamplona.com\/actualidad\/wp-json\/wp\/v2\/users\/1"}],"replies":[{"embeddable":true,"href":"https:\/\/www.laguiadepamplona.com\/actualidad\/wp-json\/wp\/v2\/comments?post=41473"}],"version-history":[{"count":0,"href":"https:\/\/www.laguiadepamplona.com\/actualidad\/wp-json\/wp\/v2\/posts\/41473\/revisions"}],"wp:attachment":[{"href":"https:\/\/www.laguiadepamplona.com\/actualidad\/wp-json\/wp\/v2\/media?parent=41473"}],"wp:term":[{"taxonomy":"category","embeddable":true,"href":"https:\/\/www.laguiadepamplona.com\/actualidad\/wp-json\/wp\/v2\/categories?post=41473"},{"taxonomy":"post_tag","embeddable":true,"href":"https:\/\/www.laguiadepamplona.com\/actualidad\/wp-json\/wp\/v2\/tags?post=41473"}],"curies":[{"name":"wp","href":"https:\/\/api.w.org\/{rel}","templated":true}]}}