{"id":41470,"date":"2022-09-13T13:38:32","date_gmt":"2022-09-13T11:38:32","guid":{"rendered":"https:\/\/www.laguiadepamplona.com\/actualidad\/?p=41470"},"modified":"2023-04-11T11:47:51","modified_gmt":"2023-04-11T09:47:51","slug":"el-ayuntamiento-de-pamplona-y-el-museo-universidad-de-navarra-firman-un-convenio-de-colaboracion-para-incrementar-la-formacion-artistica-de-la-ciudadania","status":"publish","type":"post","link":"https:\/\/www.laguiadepamplona.com\/actualidad\/el-ayuntamiento-de-pamplona-y-el-museo-universidad-de-navarra-firman-un-convenio-de-colaboracion-para-incrementar-la-formacion-artistica-de-la-ciudadania\/","title":{"rendered":"El Ayuntamiento de Pamplona y el Museo Universidad de Navarra firman un convenio de colaboraci\u00f3n para incrementar la formaci\u00f3n art\u00edstica de la ciudadan\u00eda"},"content":{"rendered":"<h5>\u2018Un d\u00eda de arte para Pamplona\u2019 ofrece entrada gratuita al museo universitario a las personas empadronadas los mi\u00e9rcoles hasta fin de a\u00f1o<\/h5>\n<p><!--more--><\/p>\n<p>El Ayuntamiento de Pamplona y el Museo Universidad de Navarra han firmado un convenio de colaboraci\u00f3n para incrementar la formaci\u00f3n art\u00edstica de la ciudadan\u00eda a trav\u00e9s de las actividades programadas por el museo. Esta colaboraci\u00f3n busca as\u00ed mismo revalorizar la ciudad como centro cultural, incentivar el desarrollo econ\u00f3mico como producto tur\u00edstico-cultural y reforzar la imagen de marca de la ciudad vinculada a la excelencia cultural.<br \/>\n<script async src=\"\/\/pagead2.googlesyndication.com\/pagead\/js\/adsbygoogle.js\"><\/script><br \/>\n<!-- Noticias La Guia de Pamplona --><br \/>\n<ins class=\"adsbygoogle\"\nstyle=\"display:block\"\ndata-ad-client=\"ca-pub-6943679897239327\"\ndata-ad-slot=\"7048180777\"\ndata-ad-format=\"auto\"><\/ins><br \/>\n<script>\n(adsbygoogle = window.adsbygoogle || []).push({});\n<\/script><\/p>\n<p>El convenio, firmado por el alcalde de Pamplona, Enrique Maya, y la rectora de la Universidad de Navarra, Mar\u00eda Jos\u00e9 Iraburu, incluye los mi\u00e9rcoles hasta fin de a\u00f1o como \u2018Un d\u00eda de arte para Pamplona\u2019, con acceso gratuito para la ciudadan\u00eda a las exposiciones del Museo Universidad de Navarra, en sus horarios habituales. Entre estas exposiciones est\u00e1n previstas las de artistas como \u00c1lvaro Laiz, Jose Luis Alexanco o Jorge Ribalta.<\/p>\n<p>Adem\u00e1s de la programaci\u00f3n expositiva, el Museo desarrolla actividades en el campo de las artes esc\u00e9nicas y musicales, programas did\u00e1cticos dirigidos a p\u00fablicos infantiles, familiares y grupos escolares, e imparte el m\u00e1ster en estudios curatoriales. Para que estas actividades tengan mayor incidencia en la poblaci\u00f3n pamplonesa, el Ayuntamiento ceder\u00e1 la planta baja de la Sala de Armas de la Ciudadela, as\u00ed como espacios de la red Civivox y otros edificios municipales, y los estudiantes del m\u00e1ster en estudios curatoriales podr\u00e1n realizar sus pr\u00e1cticas en el Ayuntamiento. Esta entidad apoyar\u00e1 la difusi\u00f3n de las actividades asumiendo gastos de hasta 20.000 euros, IVA incluido, para marketing y publicidad y gastos de producci\u00f3n de las actividades, as\u00ed como cach\u00e9s de ponentes y dinamizadores socioculturales. Adem\u00e1s, desarrollar\u00e1 nuevas actividades art\u00edsticas aprovechando las sinergias con la programaci\u00f3n del espacio muse\u00edstico.<br \/>\n<script async src=\"\/\/pagead2.googlesyndication.com\/pagead\/js\/adsbygoogle.js\"><\/script><br \/>\n<!-- Noticias La Guia de Pamplona --><br \/>\n<ins class=\"adsbygoogle\"\nstyle=\"display:block\"\ndata-ad-client=\"ca-pub-6943679897239327\"\ndata-ad-slot=\"7048180777\"\ndata-ad-format=\"auto\"><\/ins><br \/>\n<script>\n(adsbygoogle = window.adsbygoogle || []).push({});\n<\/script><\/p>\n<p>Por su parte, el Museo Universidad de Navarra se responsabiliza de la organizaci\u00f3n, producci\u00f3n integral, promoci\u00f3n del evento y actividad, as\u00ed como de su difusi\u00f3n publicitaria, en todos aquellos aspectos que no correspondan al Ayuntamiento, cuya colaboraci\u00f3n se mencionar\u00e1 y cuyo logotipo se incorporar\u00e1 en la comunicaci\u00f3n y difusi\u00f3n como colaborador. El Museo facilitar\u00e1 la participaci\u00f3n del Ayuntamiento en las acciones protocolarias de presentaci\u00f3n, comunicaci\u00f3n y difusi\u00f3n de las actividades acordadas y se responsabilizar\u00e1 de la gesti\u00f3n y del correcto tratamiento de los derechos de autor generados por las actividades realizadas fruto de este convenio de colaboraci\u00f3n. Asimismo, asumir\u00e1 toda responsabilidad ante cualquier denuncia o reclamaci\u00f3n inherente a estos eventos por parte de las entidades de gesti\u00f3n de derechos de autor. Al finalizar el acuerdo, presentar\u00e1 una memoria de las actividades realizadas.<\/p>\n","protected":false},"excerpt":{"rendered":"<p>\u2018Un d\u00eda de arte para Pamplona\u2019 ofrece entrada gratuita al museo universitario a las personas empadronadas los mi\u00e9rcoles hasta fin de a\u00f1o<\/p>\n","protected":false},"author":1,"featured_media":0,"comment_status":"open","ping_status":"closed","sticky":false,"template":"","format":"standard","meta":{"footnotes":""},"categories":[2],"tags":[],"class_list":["post-41470","post","type-post","status-publish","format-standard","hentry","category-ayuntamiento-pamplona"],"yoast_head":"<!-- This site is optimized with the Yoast SEO plugin v27.3 - https:\/\/yoast.com\/product\/yoast-seo-wordpress\/ -->\n<title>El Ayuntamiento de Pamplona y el Museo Universidad de Navarra firman un convenio de colaboraci\u00f3n para incrementar la formaci\u00f3n art\u00edstica de la ciudadan\u00eda<\/title>\n<meta name=\"description\" content=\"\u2018Un d\u00eda de arte para Pamplona\u2019 ofrece entrada gratuita al museo universitario a las personas empadronadas los mi\u00e9rcoles hasta fin de a\u00f1o\" \/>\n<meta name=\"robots\" content=\"index, follow, max-snippet:-1, max-image-preview:large, max-video-preview:-1\" \/>\n<link rel=\"canonical\" href=\"https:\/\/www.laguiadepamplona.com\/actualidad\/el-ayuntamiento-de-pamplona-y-el-museo-universidad-de-navarra-firman-un-convenio-de-colaboracion-para-incrementar-la-formacion-artistica-de-la-ciudadania\/\" \/>\n<meta property=\"og:locale\" content=\"es_ES\" \/>\n<meta property=\"og:type\" content=\"article\" \/>\n<meta property=\"og:title\" content=\"El Ayuntamiento de Pamplona y el Museo Universidad de Navarra firman un convenio de colaboraci\u00f3n para incrementar la formaci\u00f3n art\u00edstica de la ciudadan\u00eda\" \/>\n<meta property=\"og:description\" content=\"\u2018Un d\u00eda de arte para Pamplona\u2019 ofrece entrada gratuita al museo universitario a las personas empadronadas los mi\u00e9rcoles hasta fin de a\u00f1o\" \/>\n<meta property=\"og:url\" content=\"https:\/\/www.laguiadepamplona.com\/actualidad\/el-ayuntamiento-de-pamplona-y-el-museo-universidad-de-navarra-firman-un-convenio-de-colaboracion-para-incrementar-la-formacion-artistica-de-la-ciudadania\/\" \/>\n<meta property=\"og:site_name\" content=\"La Gu\u00eda de Pamplona\" \/>\n<meta property=\"article:publisher\" content=\"https:\/\/www.facebook.com\/laguiadepamplonacom-133175176762273\/?ref=hl\" \/>\n<meta property=\"article:published_time\" content=\"2022-09-13T11:38:32+00:00\" \/>\n<meta property=\"article:modified_time\" content=\"2023-04-11T09:47:51+00:00\" \/>\n<meta name=\"author\" content=\"La Gu\u00eda de Pamplona\" \/>\n<meta name=\"twitter:card\" content=\"summary_large_image\" \/>\n<meta name=\"twitter:creator\" content=\"@LaGuiadPamplona\" \/>\n<meta name=\"twitter:site\" content=\"@LaGuiadPamplona\" \/>\n<meta name=\"twitter:label1\" content=\"Escrito por\" \/>\n\t<meta name=\"twitter:data1\" content=\"La Gu\u00eda de Pamplona\" \/>\n\t<meta name=\"twitter:label2\" content=\"Tiempo de lectura\" \/>\n\t<meta name=\"twitter:data2\" content=\"2 minutos\" \/>\n<script type=\"application\/ld+json\" class=\"yoast-schema-graph\">{\"@context\":\"https:\\\/\\\/schema.org\",\"@graph\":[{\"@type\":\"Article\",\"@id\":\"https:\\\/\\\/www.laguiadepamplona.com\\\/actualidad\\\/el-ayuntamiento-de-pamplona-y-el-museo-universidad-de-navarra-firman-un-convenio-de-colaboracion-para-incrementar-la-formacion-artistica-de-la-ciudadania\\\/#article\",\"isPartOf\":{\"@id\":\"https:\\\/\\\/www.laguiadepamplona.com\\\/actualidad\\\/el-ayuntamiento-de-pamplona-y-el-museo-universidad-de-navarra-firman-un-convenio-de-colaboracion-para-incrementar-la-formacion-artistica-de-la-ciudadania\\\/\"},\"author\":{\"name\":\"La Gu\u00eda de Pamplona\",\"@id\":\"https:\\\/\\\/www.laguiadepamplona.com\\\/actualidad\\\/#\\\/schema\\\/person\\\/efe887376f0213d4657c93adc50b1fdb\"},\"headline\":\"El Ayuntamiento de Pamplona y el Museo Universidad de Navarra firman un convenio de colaboraci\u00f3n para incrementar la formaci\u00f3n art\u00edstica de la ciudadan\u00eda\",\"datePublished\":\"2022-09-13T11:38:32+00:00\",\"dateModified\":\"2023-04-11T09:47:51+00:00\",\"mainEntityOfPage\":{\"@id\":\"https:\\\/\\\/www.laguiadepamplona.com\\\/actualidad\\\/el-ayuntamiento-de-pamplona-y-el-museo-universidad-de-navarra-firman-un-convenio-de-colaboracion-para-incrementar-la-formacion-artistica-de-la-ciudadania\\\/\"},\"wordCount\":499,\"commentCount\":0,\"publisher\":{\"@id\":\"https:\\\/\\\/www.laguiadepamplona.com\\\/actualidad\\\/#organization\"},\"articleSection\":[\"Ayto Pamplona\"],\"inLanguage\":\"es\",\"potentialAction\":[{\"@type\":\"CommentAction\",\"name\":\"Comment\",\"target\":[\"https:\\\/\\\/www.laguiadepamplona.com\\\/actualidad\\\/el-ayuntamiento-de-pamplona-y-el-museo-universidad-de-navarra-firman-un-convenio-de-colaboracion-para-incrementar-la-formacion-artistica-de-la-ciudadania\\\/#respond\"]}]},{\"@type\":\"WebPage\",\"@id\":\"https:\\\/\\\/www.laguiadepamplona.com\\\/actualidad\\\/el-ayuntamiento-de-pamplona-y-el-museo-universidad-de-navarra-firman-un-convenio-de-colaboracion-para-incrementar-la-formacion-artistica-de-la-ciudadania\\\/\",\"url\":\"https:\\\/\\\/www.laguiadepamplona.com\\\/actualidad\\\/el-ayuntamiento-de-pamplona-y-el-museo-universidad-de-navarra-firman-un-convenio-de-colaboracion-para-incrementar-la-formacion-artistica-de-la-ciudadania\\\/\",\"name\":\"El Ayuntamiento de Pamplona y el Museo Universidad de Navarra firman un convenio de colaboraci\u00f3n para incrementar la formaci\u00f3n art\u00edstica de la ciudadan\u00eda\",\"isPartOf\":{\"@id\":\"https:\\\/\\\/www.laguiadepamplona.com\\\/actualidad\\\/#website\"},\"datePublished\":\"2022-09-13T11:38:32+00:00\",\"dateModified\":\"2023-04-11T09:47:51+00:00\",\"description\":\"\u2018Un d\u00eda de arte para Pamplona\u2019 ofrece entrada gratuita al museo universitario a las personas empadronadas los mi\u00e9rcoles hasta fin de a\u00f1o\",\"breadcrumb\":{\"@id\":\"https:\\\/\\\/www.laguiadepamplona.com\\\/actualidad\\\/el-ayuntamiento-de-pamplona-y-el-museo-universidad-de-navarra-firman-un-convenio-de-colaboracion-para-incrementar-la-formacion-artistica-de-la-ciudadania\\\/#breadcrumb\"},\"inLanguage\":\"es\",\"potentialAction\":[{\"@type\":\"ReadAction\",\"target\":[\"https:\\\/\\\/www.laguiadepamplona.com\\\/actualidad\\\/el-ayuntamiento-de-pamplona-y-el-museo-universidad-de-navarra-firman-un-convenio-de-colaboracion-para-incrementar-la-formacion-artistica-de-la-ciudadania\\\/\"]}]},{\"@type\":\"BreadcrumbList\",\"@id\":\"https:\\\/\\\/www.laguiadepamplona.com\\\/actualidad\\\/el-ayuntamiento-de-pamplona-y-el-museo-universidad-de-navarra-firman-un-convenio-de-colaboracion-para-incrementar-la-formacion-artistica-de-la-ciudadania\\\/#breadcrumb\",\"itemListElement\":[{\"@type\":\"ListItem\",\"position\":1,\"name\":\"Portada\",\"item\":\"https:\\\/\\\/www.laguiadepamplona.com\\\/actualidad\\\/\"},{\"@type\":\"ListItem\",\"position\":2,\"name\":\"El Ayuntamiento de Pamplona y el Museo Universidad de Navarra firman un convenio de colaboraci\u00f3n para incrementar la formaci\u00f3n art\u00edstica de la ciudadan\u00eda\"}]},{\"@type\":\"WebSite\",\"@id\":\"https:\\\/\\\/www.laguiadepamplona.com\\\/actualidad\\\/#website\",\"url\":\"https:\\\/\\\/www.laguiadepamplona.com\\\/actualidad\\\/\",\"name\":\"La gu\u00eda de Pamplona\",\"description\":\"Noticias de Pamplona\",\"publisher\":{\"@id\":\"https:\\\/\\\/www.laguiadepamplona.com\\\/actualidad\\\/#organization\"},\"potentialAction\":[{\"@type\":\"SearchAction\",\"target\":{\"@type\":\"EntryPoint\",\"urlTemplate\":\"https:\\\/\\\/www.laguiadepamplona.com\\\/actualidad\\\/?s={search_term_string}\"},\"query-input\":{\"@type\":\"PropertyValueSpecification\",\"valueRequired\":true,\"valueName\":\"search_term_string\"}}],\"inLanguage\":\"es\"},{\"@type\":\"Organization\",\"@id\":\"https:\\\/\\\/www.laguiadepamplona.com\\\/actualidad\\\/#organization\",\"name\":\"La Gu\u00eda de Pamplona \\\/ Noticias\",\"url\":\"https:\\\/\\\/www.laguiadepamplona.com\\\/actualidad\\\/\",\"logo\":{\"@type\":\"ImageObject\",\"inLanguage\":\"es\",\"@id\":\"https:\\\/\\\/www.laguiadepamplona.com\\\/actualidad\\\/#\\\/schema\\\/logo\\\/image\\\/\",\"url\":\"https:\\\/\\\/www.laguiadepamplona.com\\\/actualidad\\\/wp-content\\\/uploads\\\/2018\\\/11\\\/logo-laguiadepamplona18-web1.png\",\"contentUrl\":\"https:\\\/\\\/www.laguiadepamplona.com\\\/actualidad\\\/wp-content\\\/uploads\\\/2018\\\/11\\\/logo-laguiadepamplona18-web1.png\",\"width\":600,\"height\":196,\"caption\":\"La Gu\u00eda de Pamplona \\\/ Noticias\"},\"image\":{\"@id\":\"https:\\\/\\\/www.laguiadepamplona.com\\\/actualidad\\\/#\\\/schema\\\/logo\\\/image\\\/\"},\"sameAs\":[\"https:\\\/\\\/www.facebook.com\\\/laguiadepamplonacom-133175176762273\\\/?ref=hl\",\"https:\\\/\\\/x.com\\\/LaGuiadPamplona\",\"https:\\\/\\\/www.instagram.com\\\/la_guia_de_pamplona\\\/\",\"https:\\\/\\\/www.youtube.com\\\/user\\\/laguiadepamplona\"]},{\"@type\":\"Person\",\"@id\":\"https:\\\/\\\/www.laguiadepamplona.com\\\/actualidad\\\/#\\\/schema\\\/person\\\/efe887376f0213d4657c93adc50b1fdb\",\"name\":\"La Gu\u00eda de Pamplona\",\"image\":{\"@type\":\"ImageObject\",\"inLanguage\":\"es\",\"@id\":\"https:\\\/\\\/secure.gravatar.com\\\/avatar\\\/b6992f131dc8d30ab0dff15446e9d346d9dbd95992de0fef795073f5ea83a81c?s=96&d=mm&r=g\",\"url\":\"https:\\\/\\\/secure.gravatar.com\\\/avatar\\\/b6992f131dc8d30ab0dff15446e9d346d9dbd95992de0fef795073f5ea83a81c?s=96&d=mm&r=g\",\"contentUrl\":\"https:\\\/\\\/secure.gravatar.com\\\/avatar\\\/b6992f131dc8d30ab0dff15446e9d346d9dbd95992de0fef795073f5ea83a81c?s=96&d=mm&r=g\",\"caption\":\"La Gu\u00eda de Pamplona\"}}]}<\/script>\n<!-- \/ Yoast SEO plugin. -->","yoast_head_json":{"title":"El Ayuntamiento de Pamplona y el Museo Universidad de Navarra firman un convenio de colaboraci\u00f3n para incrementar la formaci\u00f3n art\u00edstica de la ciudadan\u00eda","description":"\u2018Un d\u00eda de arte para Pamplona\u2019 ofrece entrada gratuita al museo universitario a las personas empadronadas los mi\u00e9rcoles hasta fin de a\u00f1o","robots":{"index":"index","follow":"follow","max-snippet":"max-snippet:-1","max-image-preview":"max-image-preview:large","max-video-preview":"max-video-preview:-1"},"canonical":"https:\/\/www.laguiadepamplona.com\/actualidad\/el-ayuntamiento-de-pamplona-y-el-museo-universidad-de-navarra-firman-un-convenio-de-colaboracion-para-incrementar-la-formacion-artistica-de-la-ciudadania\/","og_locale":"es_ES","og_type":"article","og_title":"El Ayuntamiento de Pamplona y el Museo Universidad de Navarra firman un convenio de colaboraci\u00f3n para incrementar la formaci\u00f3n art\u00edstica de la ciudadan\u00eda","og_description":"\u2018Un d\u00eda de arte para Pamplona\u2019 ofrece entrada gratuita al museo universitario a las personas empadronadas los mi\u00e9rcoles hasta fin de a\u00f1o","og_url":"https:\/\/www.laguiadepamplona.com\/actualidad\/el-ayuntamiento-de-pamplona-y-el-museo-universidad-de-navarra-firman-un-convenio-de-colaboracion-para-incrementar-la-formacion-artistica-de-la-ciudadania\/","og_site_name":"La Gu\u00eda de Pamplona","article_publisher":"https:\/\/www.facebook.com\/laguiadepamplonacom-133175176762273\/?ref=hl","article_published_time":"2022-09-13T11:38:32+00:00","article_modified_time":"2023-04-11T09:47:51+00:00","author":"La Gu\u00eda de Pamplona","twitter_card":"summary_large_image","twitter_creator":"@LaGuiadPamplona","twitter_site":"@LaGuiadPamplona","twitter_misc":{"Escrito por":"La Gu\u00eda de Pamplona","Tiempo de lectura":"2 minutos"},"schema":{"@context":"https:\/\/schema.org","@graph":[{"@type":"Article","@id":"https:\/\/www.laguiadepamplona.com\/actualidad\/el-ayuntamiento-de-pamplona-y-el-museo-universidad-de-navarra-firman-un-convenio-de-colaboracion-para-incrementar-la-formacion-artistica-de-la-ciudadania\/#article","isPartOf":{"@id":"https:\/\/www.laguiadepamplona.com\/actualidad\/el-ayuntamiento-de-pamplona-y-el-museo-universidad-de-navarra-firman-un-convenio-de-colaboracion-para-incrementar-la-formacion-artistica-de-la-ciudadania\/"},"author":{"name":"La Gu\u00eda de Pamplona","@id":"https:\/\/www.laguiadepamplona.com\/actualidad\/#\/schema\/person\/efe887376f0213d4657c93adc50b1fdb"},"headline":"El Ayuntamiento de Pamplona y el Museo Universidad de Navarra firman un convenio de colaboraci\u00f3n para incrementar la formaci\u00f3n art\u00edstica de la ciudadan\u00eda","datePublished":"2022-09-13T11:38:32+00:00","dateModified":"2023-04-11T09:47:51+00:00","mainEntityOfPage":{"@id":"https:\/\/www.laguiadepamplona.com\/actualidad\/el-ayuntamiento-de-pamplona-y-el-museo-universidad-de-navarra-firman-un-convenio-de-colaboracion-para-incrementar-la-formacion-artistica-de-la-ciudadania\/"},"wordCount":499,"commentCount":0,"publisher":{"@id":"https:\/\/www.laguiadepamplona.com\/actualidad\/#organization"},"articleSection":["Ayto Pamplona"],"inLanguage":"es","potentialAction":[{"@type":"CommentAction","name":"Comment","target":["https:\/\/www.laguiadepamplona.com\/actualidad\/el-ayuntamiento-de-pamplona-y-el-museo-universidad-de-navarra-firman-un-convenio-de-colaboracion-para-incrementar-la-formacion-artistica-de-la-ciudadania\/#respond"]}]},{"@type":"WebPage","@id":"https:\/\/www.laguiadepamplona.com\/actualidad\/el-ayuntamiento-de-pamplona-y-el-museo-universidad-de-navarra-firman-un-convenio-de-colaboracion-para-incrementar-la-formacion-artistica-de-la-ciudadania\/","url":"https:\/\/www.laguiadepamplona.com\/actualidad\/el-ayuntamiento-de-pamplona-y-el-museo-universidad-de-navarra-firman-un-convenio-de-colaboracion-para-incrementar-la-formacion-artistica-de-la-ciudadania\/","name":"El Ayuntamiento de Pamplona y el Museo Universidad de Navarra firman un convenio de colaboraci\u00f3n para incrementar la formaci\u00f3n art\u00edstica de la ciudadan\u00eda","isPartOf":{"@id":"https:\/\/www.laguiadepamplona.com\/actualidad\/#website"},"datePublished":"2022-09-13T11:38:32+00:00","dateModified":"2023-04-11T09:47:51+00:00","description":"\u2018Un d\u00eda de arte para Pamplona\u2019 ofrece entrada gratuita al museo universitario a las personas empadronadas los mi\u00e9rcoles hasta fin de a\u00f1o","breadcrumb":{"@id":"https:\/\/www.laguiadepamplona.com\/actualidad\/el-ayuntamiento-de-pamplona-y-el-museo-universidad-de-navarra-firman-un-convenio-de-colaboracion-para-incrementar-la-formacion-artistica-de-la-ciudadania\/#breadcrumb"},"inLanguage":"es","potentialAction":[{"@type":"ReadAction","target":["https:\/\/www.laguiadepamplona.com\/actualidad\/el-ayuntamiento-de-pamplona-y-el-museo-universidad-de-navarra-firman-un-convenio-de-colaboracion-para-incrementar-la-formacion-artistica-de-la-ciudadania\/"]}]},{"@type":"BreadcrumbList","@id":"https:\/\/www.laguiadepamplona.com\/actualidad\/el-ayuntamiento-de-pamplona-y-el-museo-universidad-de-navarra-firman-un-convenio-de-colaboracion-para-incrementar-la-formacion-artistica-de-la-ciudadania\/#breadcrumb","itemListElement":[{"@type":"ListItem","position":1,"name":"Portada","item":"https:\/\/www.laguiadepamplona.com\/actualidad\/"},{"@type":"ListItem","position":2,"name":"El Ayuntamiento de Pamplona y el Museo Universidad de Navarra firman un convenio de colaboraci\u00f3n para incrementar la formaci\u00f3n art\u00edstica de la ciudadan\u00eda"}]},{"@type":"WebSite","@id":"https:\/\/www.laguiadepamplona.com\/actualidad\/#website","url":"https:\/\/www.laguiadepamplona.com\/actualidad\/","name":"La gu\u00eda de Pamplona","description":"Noticias de Pamplona","publisher":{"@id":"https:\/\/www.laguiadepamplona.com\/actualidad\/#organization"},"potentialAction":[{"@type":"SearchAction","target":{"@type":"EntryPoint","urlTemplate":"https:\/\/www.laguiadepamplona.com\/actualidad\/?s={search_term_string}"},"query-input":{"@type":"PropertyValueSpecification","valueRequired":true,"valueName":"search_term_string"}}],"inLanguage":"es"},{"@type":"Organization","@id":"https:\/\/www.laguiadepamplona.com\/actualidad\/#organization","name":"La Gu\u00eda de Pamplona \/ Noticias","url":"https:\/\/www.laguiadepamplona.com\/actualidad\/","logo":{"@type":"ImageObject","inLanguage":"es","@id":"https:\/\/www.laguiadepamplona.com\/actualidad\/#\/schema\/logo\/image\/","url":"https:\/\/www.laguiadepamplona.com\/actualidad\/wp-content\/uploads\/2018\/11\/logo-laguiadepamplona18-web1.png","contentUrl":"https:\/\/www.laguiadepamplona.com\/actualidad\/wp-content\/uploads\/2018\/11\/logo-laguiadepamplona18-web1.png","width":600,"height":196,"caption":"La Gu\u00eda de Pamplona \/ Noticias"},"image":{"@id":"https:\/\/www.laguiadepamplona.com\/actualidad\/#\/schema\/logo\/image\/"},"sameAs":["https:\/\/www.facebook.com\/laguiadepamplonacom-133175176762273\/?ref=hl","https:\/\/x.com\/LaGuiadPamplona","https:\/\/www.instagram.com\/la_guia_de_pamplona\/","https:\/\/www.youtube.com\/user\/laguiadepamplona"]},{"@type":"Person","@id":"https:\/\/www.laguiadepamplona.com\/actualidad\/#\/schema\/person\/efe887376f0213d4657c93adc50b1fdb","name":"La Gu\u00eda de Pamplona","image":{"@type":"ImageObject","inLanguage":"es","@id":"https:\/\/secure.gravatar.com\/avatar\/b6992f131dc8d30ab0dff15446e9d346d9dbd95992de0fef795073f5ea83a81c?s=96&d=mm&r=g","url":"https:\/\/secure.gravatar.com\/avatar\/b6992f131dc8d30ab0dff15446e9d346d9dbd95992de0fef795073f5ea83a81c?s=96&d=mm&r=g","contentUrl":"https:\/\/secure.gravatar.com\/avatar\/b6992f131dc8d30ab0dff15446e9d346d9dbd95992de0fef795073f5ea83a81c?s=96&d=mm&r=g","caption":"La Gu\u00eda de Pamplona"}}]}},"post_mailing_queue_ids":[],"_links":{"self":[{"href":"https:\/\/www.laguiadepamplona.com\/actualidad\/wp-json\/wp\/v2\/posts\/41470","targetHints":{"allow":["GET"]}}],"collection":[{"href":"https:\/\/www.laguiadepamplona.com\/actualidad\/wp-json\/wp\/v2\/posts"}],"about":[{"href":"https:\/\/www.laguiadepamplona.com\/actualidad\/wp-json\/wp\/v2\/types\/post"}],"author":[{"embeddable":true,"href":"https:\/\/www.laguiadepamplona.com\/actualidad\/wp-json\/wp\/v2\/users\/1"}],"replies":[{"embeddable":true,"href":"https:\/\/www.laguiadepamplona.com\/actualidad\/wp-json\/wp\/v2\/comments?post=41470"}],"version-history":[{"count":0,"href":"https:\/\/www.laguiadepamplona.com\/actualidad\/wp-json\/wp\/v2\/posts\/41470\/revisions"}],"wp:attachment":[{"href":"https:\/\/www.laguiadepamplona.com\/actualidad\/wp-json\/wp\/v2\/media?parent=41470"}],"wp:term":[{"taxonomy":"category","embeddable":true,"href":"https:\/\/www.laguiadepamplona.com\/actualidad\/wp-json\/wp\/v2\/categories?post=41470"},{"taxonomy":"post_tag","embeddable":true,"href":"https:\/\/www.laguiadepamplona.com\/actualidad\/wp-json\/wp\/v2\/tags?post=41470"}],"curies":[{"name":"wp","href":"https:\/\/api.w.org\/{rel}","templated":true}]}}