{"id":41446,"date":"2022-09-12T12:17:37","date_gmt":"2022-09-12T10:17:37","guid":{"rendered":"https:\/\/www.laguiadepamplona.com\/actualidad\/?p=41446"},"modified":"2023-04-11T11:47:51","modified_gmt":"2023-04-11T09:47:51","slug":"adjudicado-el-contrato-para-la-redaccion-de-dos-proyectos-de-intervencion-global-pig-para-el-grupo-san-pedro-y-para-las-viviendas-del-mercado-del-segundo-ensanche","status":"publish","type":"post","link":"https:\/\/www.laguiadepamplona.com\/actualidad\/adjudicado-el-contrato-para-la-redaccion-de-dos-proyectos-de-intervencion-global-pig-para-el-grupo-san-pedro-y-para-las-viviendas-del-mercado-del-segundo-ensanche\/","title":{"rendered":"Adjudicado el contrato para la redacci\u00f3n de dos Proyectos de Intervenci\u00f3n Global (PIG) para el Grupo San Pedro y para las viviendas del Mercado del Segundo Ensanche"},"content":{"rendered":"<h5>Los dos lotes para la redacci\u00f3n de los PIG cuentan con un presupuesto total de 67.300,01 euros<\/h5>\n<p><!--more--><\/p>\n<p>La Junta de Gobierno Local ha aprobado este lunes la adjudicaci\u00f3n del contrato para la redacci\u00f3n de dos Proyectos de Intervenci\u00f3n Global (PIG) que afectan al Grupo San Pedro y a las viviendas del Mercado del Segundo Ensanche. El Ayuntamiento de Pamplona invertir\u00e1 un total de 67.300,01 euros para elaborar ambos PIG, adjudicados en dos lotes. Los PIG son documentos t\u00e9cnicos que afectan a un \u00e1mbito de actuaci\u00f3n y a los edificios incluidos en \u00e9l, en el que se define la acci\u00f3n coordinada de rehabilitaci\u00f3n o regeneraci\u00f3n urbana.<br \/>\n<script async src=\"\/\/pagead2.googlesyndication.com\/pagead\/js\/adsbygoogle.js\"><\/script><br \/>\n<!-- Noticias La Guia de Pamplona --><br \/>\n<ins class=\"adsbygoogle\"\nstyle=\"display:block\"\ndata-ad-client=\"ca-pub-6943679897239327\"\ndata-ad-slot=\"7048180777\"\ndata-ad-format=\"auto\"><\/ins><br \/>\n<script>\n(adsbygoogle = window.adsbygoogle || []).push({});\n<\/script><\/p>\n<p>Cada PIG pretende plantear una soluci\u00f3n unificada que conlleve una rehabilitaci\u00f3n energ\u00e9tica profunda, incluyendo tanto la envolvente t\u00e9rmica como la accesibilidad y las instalaciones energ\u00e9ticas, para reducir los impactos medioambientales del uso de estas viviendas y mejorar las condiciones de acceso a la energ\u00eda para toda la ciudadan\u00eda, tambi\u00e9n en barrios vulnerables. Ambos PIG tienen un com\u00fan que plantean actuaciones en dos zonas que se construyeron en los a\u00f1os 40 y 50, que presentan carencias y patolog\u00edas constructivas comunes. La redacci\u00f3n de cada PIG podr\u00eda derivar en la redacci\u00f3n de un Plan Especial de Actuaci\u00f3n Urbana (PEAU) o de un Estudio de Detalle, dependiendo de la soluci\u00f3n adoptada para conseguir accesibilidad a todas las viviendas.<\/p>\n<p>El lote 1, para la redacci\u00f3n del PIG del Grupo San Pedro, se ha adjudicado a Jos\u00e9 Javier Asi\u00e1in Ansorena, Pablo Flores Dom\u00ednguez, Jos\u00e9 Javier Os\u00e9s P\u00e9rez de Muni\u00e1in, Go\u00f1i Legarreta SLU e INARQ Estudio de Aplicaciones de Ingenier\u00eda SL por un importe de 48.400 euros, un 27,76% menos que los 67.000 euros previsto en la licitaci\u00f3n. El lote 2 con el PIG de las viviendas del Mercado del Ensanche lo llevar\u00e1 a cabo DG Arquitectura Habitable SCP por un importe de 18.900,01 euros, un 30% menos que el presupuesto de licitaci\u00f3n.<br \/>\n<script async src=\"\/\/pagead2.googlesyndication.com\/pagead\/js\/adsbygoogle.js\"><\/script><br \/>\n<!-- Noticias La Guia de Pamplona --><br \/>\n<ins class=\"adsbygoogle\"\nstyle=\"display:block\"\ndata-ad-client=\"ca-pub-6943679897239327\"\ndata-ad-slot=\"7048180777\"\ndata-ad-format=\"auto\"><\/ins><br \/>\n<script>\n(adsbygoogle = window.adsbygoogle || []).push({});\n<\/script><\/p>\n<p><strong>Sobre el Grupo San Pedro y las viviendas del Mercado del Ensanche<\/strong><\/p>\n<p>El PIG del Grupo San Pedro est\u00e1 delimitado por las calles Anso\u00e1in y Errotazar y por la avenida de Marcelo Celayeta. El Grupo San Pedro lo conforman 42 edificios de caracter\u00edsticas similares que albergan 235 viviendas colectivas, de planta baja m\u00e1s o tres alturas, construidas entre 1947 y 1948. Las plantas bajas est\u00e1n configuradas con locales comerciales o viviendas, seg\u00fan las diferentes tipolog\u00edas existentes en la zona. Los inmuebles no cuentan con ascensor y para acceder a las viviendas en planta baja es necesario salvar un tramo de escalera.<\/p>\n<p>El PIG del Mercado del Ensanche lo delimitan las calles Tafalla, Olite, Gorriti y Amaya. El conjunto del mercado lo componen doce edificios que albergan 72 viviendas de planta baja y tres alturas. En las plantas bajas se sit\u00faan locales comerciales y los accesos al mercado a trav\u00e9s vest\u00edbulos protegidos por marquesinas. Los inmuebles no cuentan con ascensor y los portales tiene uno o dos escalones en su acceso. Las viviendas oscilan entre los 65 y los 85 metros cuadrados.<\/p>\n","protected":false},"excerpt":{"rendered":"<p>Los dos lotes para la redacci\u00f3n de los PIG cuentan con un presupuesto total de 67.300,01 euros<\/p>\n","protected":false},"author":1,"featured_media":41316,"comment_status":"open","ping_status":"closed","sticky":false,"template":"","format":"standard","meta":{"footnotes":""},"categories":[2],"tags":[],"class_list":["post-41446","post","type-post","status-publish","format-standard","has-post-thumbnail","hentry","category-ayuntamiento-pamplona"],"yoast_head":"<!-- This site is optimized with the Yoast SEO plugin v27.3 - https:\/\/yoast.com\/product\/yoast-seo-wordpress\/ -->\n<title>Adjudicado el contrato para la redacci\u00f3n de dos Proyectos de Intervenci\u00f3n Global (PIG) para el Grupo San Pedro y para las viviendas del Mercado del Segundo Ensanche<\/title>\n<meta name=\"description\" content=\"Los dos lotes para la redacci\u00f3n de los PIG cuentan con un presupuesto total de 67.300,01 euros\" \/>\n<meta name=\"robots\" content=\"index, follow, max-snippet:-1, max-image-preview:large, max-video-preview:-1\" \/>\n<link rel=\"canonical\" href=\"https:\/\/www.laguiadepamplona.com\/actualidad\/adjudicado-el-contrato-para-la-redaccion-de-dos-proyectos-de-intervencion-global-pig-para-el-grupo-san-pedro-y-para-las-viviendas-del-mercado-del-segundo-ensanche\/\" \/>\n<meta property=\"og:locale\" content=\"es_ES\" \/>\n<meta property=\"og:type\" content=\"article\" \/>\n<meta property=\"og:title\" content=\"Adjudicado el contrato para la redacci\u00f3n de dos Proyectos de Intervenci\u00f3n Global (PIG) para el Grupo San Pedro y para las viviendas del Mercado del Segundo Ensanche\" \/>\n<meta property=\"og:description\" content=\"Los dos lotes para la redacci\u00f3n de los PIG cuentan con un presupuesto total de 67.300,01 euros\" \/>\n<meta property=\"og:url\" content=\"https:\/\/www.laguiadepamplona.com\/actualidad\/adjudicado-el-contrato-para-la-redaccion-de-dos-proyectos-de-intervencion-global-pig-para-el-grupo-san-pedro-y-para-las-viviendas-del-mercado-del-segundo-ensanche\/\" \/>\n<meta property=\"og:site_name\" content=\"La Gu\u00eda de Pamplona\" \/>\n<meta property=\"article:publisher\" content=\"https:\/\/www.facebook.com\/laguiadepamplonacom-133175176762273\/?ref=hl\" \/>\n<meta property=\"article:published_time\" content=\"2022-09-12T10:17:37+00:00\" \/>\n<meta property=\"article:modified_time\" content=\"2023-04-11T09:47:51+00:00\" \/>\n<meta property=\"og:image\" content=\"https:\/\/www.laguiadepamplona.com\/actualidad\/wp-content\/uploads\/2022\/08\/visita_viviendas_san_pedro.webp\" \/>\n\t<meta property=\"og:image:width\" content=\"1920\" \/>\n\t<meta property=\"og:image:height\" content=\"1280\" \/>\n\t<meta property=\"og:image:type\" content=\"image\/webp\" \/>\n<meta name=\"author\" content=\"La Gu\u00eda de Pamplona\" \/>\n<meta name=\"twitter:card\" content=\"summary_large_image\" \/>\n<meta name=\"twitter:creator\" content=\"@LaGuiadPamplona\" \/>\n<meta name=\"twitter:site\" content=\"@LaGuiadPamplona\" \/>\n<meta name=\"twitter:label1\" content=\"Escrito por\" \/>\n\t<meta name=\"twitter:data1\" content=\"La Gu\u00eda de Pamplona\" \/>\n\t<meta name=\"twitter:label2\" content=\"Tiempo de lectura\" \/>\n\t<meta name=\"twitter:data2\" content=\"3 minutos\" \/>\n<script type=\"application\/ld+json\" class=\"yoast-schema-graph\">{\"@context\":\"https:\\\/\\\/schema.org\",\"@graph\":[{\"@type\":\"Article\",\"@id\":\"https:\\\/\\\/www.laguiadepamplona.com\\\/actualidad\\\/adjudicado-el-contrato-para-la-redaccion-de-dos-proyectos-de-intervencion-global-pig-para-el-grupo-san-pedro-y-para-las-viviendas-del-mercado-del-segundo-ensanche\\\/#article\",\"isPartOf\":{\"@id\":\"https:\\\/\\\/www.laguiadepamplona.com\\\/actualidad\\\/adjudicado-el-contrato-para-la-redaccion-de-dos-proyectos-de-intervencion-global-pig-para-el-grupo-san-pedro-y-para-las-viviendas-del-mercado-del-segundo-ensanche\\\/\"},\"author\":{\"name\":\"La Gu\u00eda de Pamplona\",\"@id\":\"https:\\\/\\\/www.laguiadepamplona.com\\\/actualidad\\\/#\\\/schema\\\/person\\\/efe887376f0213d4657c93adc50b1fdb\"},\"headline\":\"Adjudicado el contrato para la redacci\u00f3n de dos Proyectos de Intervenci\u00f3n Global (PIG) para el Grupo San Pedro y para las viviendas del Mercado del Segundo Ensanche\",\"datePublished\":\"2022-09-12T10:17:37+00:00\",\"dateModified\":\"2023-04-11T09:47:51+00:00\",\"mainEntityOfPage\":{\"@id\":\"https:\\\/\\\/www.laguiadepamplona.com\\\/actualidad\\\/adjudicado-el-contrato-para-la-redaccion-de-dos-proyectos-de-intervencion-global-pig-para-el-grupo-san-pedro-y-para-las-viviendas-del-mercado-del-segundo-ensanche\\\/\"},\"wordCount\":548,\"commentCount\":0,\"publisher\":{\"@id\":\"https:\\\/\\\/www.laguiadepamplona.com\\\/actualidad\\\/#organization\"},\"image\":{\"@id\":\"https:\\\/\\\/www.laguiadepamplona.com\\\/actualidad\\\/adjudicado-el-contrato-para-la-redaccion-de-dos-proyectos-de-intervencion-global-pig-para-el-grupo-san-pedro-y-para-las-viviendas-del-mercado-del-segundo-ensanche\\\/#primaryimage\"},\"thumbnailUrl\":\"https:\\\/\\\/www.laguiadepamplona.com\\\/actualidad\\\/wp-content\\\/uploads\\\/2022\\\/08\\\/visita_viviendas_san_pedro.webp\",\"articleSection\":[\"Ayto Pamplona\"],\"inLanguage\":\"es\",\"potentialAction\":[{\"@type\":\"CommentAction\",\"name\":\"Comment\",\"target\":[\"https:\\\/\\\/www.laguiadepamplona.com\\\/actualidad\\\/adjudicado-el-contrato-para-la-redaccion-de-dos-proyectos-de-intervencion-global-pig-para-el-grupo-san-pedro-y-para-las-viviendas-del-mercado-del-segundo-ensanche\\\/#respond\"]}]},{\"@type\":\"WebPage\",\"@id\":\"https:\\\/\\\/www.laguiadepamplona.com\\\/actualidad\\\/adjudicado-el-contrato-para-la-redaccion-de-dos-proyectos-de-intervencion-global-pig-para-el-grupo-san-pedro-y-para-las-viviendas-del-mercado-del-segundo-ensanche\\\/\",\"url\":\"https:\\\/\\\/www.laguiadepamplona.com\\\/actualidad\\\/adjudicado-el-contrato-para-la-redaccion-de-dos-proyectos-de-intervencion-global-pig-para-el-grupo-san-pedro-y-para-las-viviendas-del-mercado-del-segundo-ensanche\\\/\",\"name\":\"Adjudicado el contrato para la redacci\u00f3n de dos Proyectos de Intervenci\u00f3n Global (PIG) para el Grupo San Pedro y para las viviendas del Mercado del Segundo Ensanche\",\"isPartOf\":{\"@id\":\"https:\\\/\\\/www.laguiadepamplona.com\\\/actualidad\\\/#website\"},\"primaryImageOfPage\":{\"@id\":\"https:\\\/\\\/www.laguiadepamplona.com\\\/actualidad\\\/adjudicado-el-contrato-para-la-redaccion-de-dos-proyectos-de-intervencion-global-pig-para-el-grupo-san-pedro-y-para-las-viviendas-del-mercado-del-segundo-ensanche\\\/#primaryimage\"},\"image\":{\"@id\":\"https:\\\/\\\/www.laguiadepamplona.com\\\/actualidad\\\/adjudicado-el-contrato-para-la-redaccion-de-dos-proyectos-de-intervencion-global-pig-para-el-grupo-san-pedro-y-para-las-viviendas-del-mercado-del-segundo-ensanche\\\/#primaryimage\"},\"thumbnailUrl\":\"https:\\\/\\\/www.laguiadepamplona.com\\\/actualidad\\\/wp-content\\\/uploads\\\/2022\\\/08\\\/visita_viviendas_san_pedro.webp\",\"datePublished\":\"2022-09-12T10:17:37+00:00\",\"dateModified\":\"2023-04-11T09:47:51+00:00\",\"description\":\"Los dos lotes para la redacci\u00f3n de los PIG cuentan con un presupuesto total de 67.300,01 euros\",\"breadcrumb\":{\"@id\":\"https:\\\/\\\/www.laguiadepamplona.com\\\/actualidad\\\/adjudicado-el-contrato-para-la-redaccion-de-dos-proyectos-de-intervencion-global-pig-para-el-grupo-san-pedro-y-para-las-viviendas-del-mercado-del-segundo-ensanche\\\/#breadcrumb\"},\"inLanguage\":\"es\",\"potentialAction\":[{\"@type\":\"ReadAction\",\"target\":[\"https:\\\/\\\/www.laguiadepamplona.com\\\/actualidad\\\/adjudicado-el-contrato-para-la-redaccion-de-dos-proyectos-de-intervencion-global-pig-para-el-grupo-san-pedro-y-para-las-viviendas-del-mercado-del-segundo-ensanche\\\/\"]}]},{\"@type\":\"ImageObject\",\"inLanguage\":\"es\",\"@id\":\"https:\\\/\\\/www.laguiadepamplona.com\\\/actualidad\\\/adjudicado-el-contrato-para-la-redaccion-de-dos-proyectos-de-intervencion-global-pig-para-el-grupo-san-pedro-y-para-las-viviendas-del-mercado-del-segundo-ensanche\\\/#primaryimage\",\"url\":\"https:\\\/\\\/www.laguiadepamplona.com\\\/actualidad\\\/wp-content\\\/uploads\\\/2022\\\/08\\\/visita_viviendas_san_pedro.webp\",\"contentUrl\":\"https:\\\/\\\/www.laguiadepamplona.com\\\/actualidad\\\/wp-content\\\/uploads\\\/2022\\\/08\\\/visita_viviendas_san_pedro.webp\",\"width\":1920,\"height\":1280},{\"@type\":\"BreadcrumbList\",\"@id\":\"https:\\\/\\\/www.laguiadepamplona.com\\\/actualidad\\\/adjudicado-el-contrato-para-la-redaccion-de-dos-proyectos-de-intervencion-global-pig-para-el-grupo-san-pedro-y-para-las-viviendas-del-mercado-del-segundo-ensanche\\\/#breadcrumb\",\"itemListElement\":[{\"@type\":\"ListItem\",\"position\":1,\"name\":\"Portada\",\"item\":\"https:\\\/\\\/www.laguiadepamplona.com\\\/actualidad\\\/\"},{\"@type\":\"ListItem\",\"position\":2,\"name\":\"Adjudicado el contrato para la redacci\u00f3n de dos Proyectos de Intervenci\u00f3n Global (PIG) para el Grupo San Pedro y para las viviendas del Mercado del Segundo Ensanche\"}]},{\"@type\":\"WebSite\",\"@id\":\"https:\\\/\\\/www.laguiadepamplona.com\\\/actualidad\\\/#website\",\"url\":\"https:\\\/\\\/www.laguiadepamplona.com\\\/actualidad\\\/\",\"name\":\"La gu\u00eda de Pamplona\",\"description\":\"Noticias de Pamplona\",\"publisher\":{\"@id\":\"https:\\\/\\\/www.laguiadepamplona.com\\\/actualidad\\\/#organization\"},\"potentialAction\":[{\"@type\":\"SearchAction\",\"target\":{\"@type\":\"EntryPoint\",\"urlTemplate\":\"https:\\\/\\\/www.laguiadepamplona.com\\\/actualidad\\\/?s={search_term_string}\"},\"query-input\":{\"@type\":\"PropertyValueSpecification\",\"valueRequired\":true,\"valueName\":\"search_term_string\"}}],\"inLanguage\":\"es\"},{\"@type\":\"Organization\",\"@id\":\"https:\\\/\\\/www.laguiadepamplona.com\\\/actualidad\\\/#organization\",\"name\":\"La Gu\u00eda de Pamplona \\\/ Noticias\",\"url\":\"https:\\\/\\\/www.laguiadepamplona.com\\\/actualidad\\\/\",\"logo\":{\"@type\":\"ImageObject\",\"inLanguage\":\"es\",\"@id\":\"https:\\\/\\\/www.laguiadepamplona.com\\\/actualidad\\\/#\\\/schema\\\/logo\\\/image\\\/\",\"url\":\"https:\\\/\\\/www.laguiadepamplona.com\\\/actualidad\\\/wp-content\\\/uploads\\\/2018\\\/11\\\/logo-laguiadepamplona18-web1.png\",\"contentUrl\":\"https:\\\/\\\/www.laguiadepamplona.com\\\/actualidad\\\/wp-content\\\/uploads\\\/2018\\\/11\\\/logo-laguiadepamplona18-web1.png\",\"width\":600,\"height\":196,\"caption\":\"La Gu\u00eda de Pamplona \\\/ Noticias\"},\"image\":{\"@id\":\"https:\\\/\\\/www.laguiadepamplona.com\\\/actualidad\\\/#\\\/schema\\\/logo\\\/image\\\/\"},\"sameAs\":[\"https:\\\/\\\/www.facebook.com\\\/laguiadepamplonacom-133175176762273\\\/?ref=hl\",\"https:\\\/\\\/x.com\\\/LaGuiadPamplona\",\"https:\\\/\\\/www.instagram.com\\\/la_guia_de_pamplona\\\/\",\"https:\\\/\\\/www.youtube.com\\\/user\\\/laguiadepamplona\"]},{\"@type\":\"Person\",\"@id\":\"https:\\\/\\\/www.laguiadepamplona.com\\\/actualidad\\\/#\\\/schema\\\/person\\\/efe887376f0213d4657c93adc50b1fdb\",\"name\":\"La Gu\u00eda de Pamplona\",\"image\":{\"@type\":\"ImageObject\",\"inLanguage\":\"es\",\"@id\":\"https:\\\/\\\/secure.gravatar.com\\\/avatar\\\/b6992f131dc8d30ab0dff15446e9d346d9dbd95992de0fef795073f5ea83a81c?s=96&d=mm&r=g\",\"url\":\"https:\\\/\\\/secure.gravatar.com\\\/avatar\\\/b6992f131dc8d30ab0dff15446e9d346d9dbd95992de0fef795073f5ea83a81c?s=96&d=mm&r=g\",\"contentUrl\":\"https:\\\/\\\/secure.gravatar.com\\\/avatar\\\/b6992f131dc8d30ab0dff15446e9d346d9dbd95992de0fef795073f5ea83a81c?s=96&d=mm&r=g\",\"caption\":\"La Gu\u00eda de Pamplona\"}}]}<\/script>\n<!-- \/ Yoast SEO plugin. -->","yoast_head_json":{"title":"Adjudicado el contrato para la redacci\u00f3n de dos Proyectos de Intervenci\u00f3n Global (PIG) para el Grupo San Pedro y para las viviendas del Mercado del Segundo Ensanche","description":"Los dos lotes para la redacci\u00f3n de los PIG cuentan con un presupuesto total de 67.300,01 euros","robots":{"index":"index","follow":"follow","max-snippet":"max-snippet:-1","max-image-preview":"max-image-preview:large","max-video-preview":"max-video-preview:-1"},"canonical":"https:\/\/www.laguiadepamplona.com\/actualidad\/adjudicado-el-contrato-para-la-redaccion-de-dos-proyectos-de-intervencion-global-pig-para-el-grupo-san-pedro-y-para-las-viviendas-del-mercado-del-segundo-ensanche\/","og_locale":"es_ES","og_type":"article","og_title":"Adjudicado el contrato para la redacci\u00f3n de dos Proyectos de Intervenci\u00f3n Global (PIG) para el Grupo San Pedro y para las viviendas del Mercado del Segundo Ensanche","og_description":"Los dos lotes para la redacci\u00f3n de los PIG cuentan con un presupuesto total de 67.300,01 euros","og_url":"https:\/\/www.laguiadepamplona.com\/actualidad\/adjudicado-el-contrato-para-la-redaccion-de-dos-proyectos-de-intervencion-global-pig-para-el-grupo-san-pedro-y-para-las-viviendas-del-mercado-del-segundo-ensanche\/","og_site_name":"La Gu\u00eda de Pamplona","article_publisher":"https:\/\/www.facebook.com\/laguiadepamplonacom-133175176762273\/?ref=hl","article_published_time":"2022-09-12T10:17:37+00:00","article_modified_time":"2023-04-11T09:47:51+00:00","og_image":[{"width":1920,"height":1280,"url":"https:\/\/www.laguiadepamplona.com\/actualidad\/wp-content\/uploads\/2022\/08\/visita_viviendas_san_pedro.webp","type":"image\/webp"}],"author":"La Gu\u00eda de Pamplona","twitter_card":"summary_large_image","twitter_creator":"@LaGuiadPamplona","twitter_site":"@LaGuiadPamplona","twitter_misc":{"Escrito por":"La Gu\u00eda de Pamplona","Tiempo de lectura":"3 minutos"},"schema":{"@context":"https:\/\/schema.org","@graph":[{"@type":"Article","@id":"https:\/\/www.laguiadepamplona.com\/actualidad\/adjudicado-el-contrato-para-la-redaccion-de-dos-proyectos-de-intervencion-global-pig-para-el-grupo-san-pedro-y-para-las-viviendas-del-mercado-del-segundo-ensanche\/#article","isPartOf":{"@id":"https:\/\/www.laguiadepamplona.com\/actualidad\/adjudicado-el-contrato-para-la-redaccion-de-dos-proyectos-de-intervencion-global-pig-para-el-grupo-san-pedro-y-para-las-viviendas-del-mercado-del-segundo-ensanche\/"},"author":{"name":"La Gu\u00eda de Pamplona","@id":"https:\/\/www.laguiadepamplona.com\/actualidad\/#\/schema\/person\/efe887376f0213d4657c93adc50b1fdb"},"headline":"Adjudicado el contrato para la redacci\u00f3n de dos Proyectos de Intervenci\u00f3n Global (PIG) para el Grupo San Pedro y para las viviendas del Mercado del Segundo Ensanche","datePublished":"2022-09-12T10:17:37+00:00","dateModified":"2023-04-11T09:47:51+00:00","mainEntityOfPage":{"@id":"https:\/\/www.laguiadepamplona.com\/actualidad\/adjudicado-el-contrato-para-la-redaccion-de-dos-proyectos-de-intervencion-global-pig-para-el-grupo-san-pedro-y-para-las-viviendas-del-mercado-del-segundo-ensanche\/"},"wordCount":548,"commentCount":0,"publisher":{"@id":"https:\/\/www.laguiadepamplona.com\/actualidad\/#organization"},"image":{"@id":"https:\/\/www.laguiadepamplona.com\/actualidad\/adjudicado-el-contrato-para-la-redaccion-de-dos-proyectos-de-intervencion-global-pig-para-el-grupo-san-pedro-y-para-las-viviendas-del-mercado-del-segundo-ensanche\/#primaryimage"},"thumbnailUrl":"https:\/\/www.laguiadepamplona.com\/actualidad\/wp-content\/uploads\/2022\/08\/visita_viviendas_san_pedro.webp","articleSection":["Ayto Pamplona"],"inLanguage":"es","potentialAction":[{"@type":"CommentAction","name":"Comment","target":["https:\/\/www.laguiadepamplona.com\/actualidad\/adjudicado-el-contrato-para-la-redaccion-de-dos-proyectos-de-intervencion-global-pig-para-el-grupo-san-pedro-y-para-las-viviendas-del-mercado-del-segundo-ensanche\/#respond"]}]},{"@type":"WebPage","@id":"https:\/\/www.laguiadepamplona.com\/actualidad\/adjudicado-el-contrato-para-la-redaccion-de-dos-proyectos-de-intervencion-global-pig-para-el-grupo-san-pedro-y-para-las-viviendas-del-mercado-del-segundo-ensanche\/","url":"https:\/\/www.laguiadepamplona.com\/actualidad\/adjudicado-el-contrato-para-la-redaccion-de-dos-proyectos-de-intervencion-global-pig-para-el-grupo-san-pedro-y-para-las-viviendas-del-mercado-del-segundo-ensanche\/","name":"Adjudicado el contrato para la redacci\u00f3n de dos Proyectos de Intervenci\u00f3n Global (PIG) para el Grupo San Pedro y para las viviendas del Mercado del Segundo Ensanche","isPartOf":{"@id":"https:\/\/www.laguiadepamplona.com\/actualidad\/#website"},"primaryImageOfPage":{"@id":"https:\/\/www.laguiadepamplona.com\/actualidad\/adjudicado-el-contrato-para-la-redaccion-de-dos-proyectos-de-intervencion-global-pig-para-el-grupo-san-pedro-y-para-las-viviendas-del-mercado-del-segundo-ensanche\/#primaryimage"},"image":{"@id":"https:\/\/www.laguiadepamplona.com\/actualidad\/adjudicado-el-contrato-para-la-redaccion-de-dos-proyectos-de-intervencion-global-pig-para-el-grupo-san-pedro-y-para-las-viviendas-del-mercado-del-segundo-ensanche\/#primaryimage"},"thumbnailUrl":"https:\/\/www.laguiadepamplona.com\/actualidad\/wp-content\/uploads\/2022\/08\/visita_viviendas_san_pedro.webp","datePublished":"2022-09-12T10:17:37+00:00","dateModified":"2023-04-11T09:47:51+00:00","description":"Los dos lotes para la redacci\u00f3n de los PIG cuentan con un presupuesto total de 67.300,01 euros","breadcrumb":{"@id":"https:\/\/www.laguiadepamplona.com\/actualidad\/adjudicado-el-contrato-para-la-redaccion-de-dos-proyectos-de-intervencion-global-pig-para-el-grupo-san-pedro-y-para-las-viviendas-del-mercado-del-segundo-ensanche\/#breadcrumb"},"inLanguage":"es","potentialAction":[{"@type":"ReadAction","target":["https:\/\/www.laguiadepamplona.com\/actualidad\/adjudicado-el-contrato-para-la-redaccion-de-dos-proyectos-de-intervencion-global-pig-para-el-grupo-san-pedro-y-para-las-viviendas-del-mercado-del-segundo-ensanche\/"]}]},{"@type":"ImageObject","inLanguage":"es","@id":"https:\/\/www.laguiadepamplona.com\/actualidad\/adjudicado-el-contrato-para-la-redaccion-de-dos-proyectos-de-intervencion-global-pig-para-el-grupo-san-pedro-y-para-las-viviendas-del-mercado-del-segundo-ensanche\/#primaryimage","url":"https:\/\/www.laguiadepamplona.com\/actualidad\/wp-content\/uploads\/2022\/08\/visita_viviendas_san_pedro.webp","contentUrl":"https:\/\/www.laguiadepamplona.com\/actualidad\/wp-content\/uploads\/2022\/08\/visita_viviendas_san_pedro.webp","width":1920,"height":1280},{"@type":"BreadcrumbList","@id":"https:\/\/www.laguiadepamplona.com\/actualidad\/adjudicado-el-contrato-para-la-redaccion-de-dos-proyectos-de-intervencion-global-pig-para-el-grupo-san-pedro-y-para-las-viviendas-del-mercado-del-segundo-ensanche\/#breadcrumb","itemListElement":[{"@type":"ListItem","position":1,"name":"Portada","item":"https:\/\/www.laguiadepamplona.com\/actualidad\/"},{"@type":"ListItem","position":2,"name":"Adjudicado el contrato para la redacci\u00f3n de dos Proyectos de Intervenci\u00f3n Global (PIG) para el Grupo San Pedro y para las viviendas del Mercado del Segundo Ensanche"}]},{"@type":"WebSite","@id":"https:\/\/www.laguiadepamplona.com\/actualidad\/#website","url":"https:\/\/www.laguiadepamplona.com\/actualidad\/","name":"La gu\u00eda de Pamplona","description":"Noticias de Pamplona","publisher":{"@id":"https:\/\/www.laguiadepamplona.com\/actualidad\/#organization"},"potentialAction":[{"@type":"SearchAction","target":{"@type":"EntryPoint","urlTemplate":"https:\/\/www.laguiadepamplona.com\/actualidad\/?s={search_term_string}"},"query-input":{"@type":"PropertyValueSpecification","valueRequired":true,"valueName":"search_term_string"}}],"inLanguage":"es"},{"@type":"Organization","@id":"https:\/\/www.laguiadepamplona.com\/actualidad\/#organization","name":"La Gu\u00eda de Pamplona \/ Noticias","url":"https:\/\/www.laguiadepamplona.com\/actualidad\/","logo":{"@type":"ImageObject","inLanguage":"es","@id":"https:\/\/www.laguiadepamplona.com\/actualidad\/#\/schema\/logo\/image\/","url":"https:\/\/www.laguiadepamplona.com\/actualidad\/wp-content\/uploads\/2018\/11\/logo-laguiadepamplona18-web1.png","contentUrl":"https:\/\/www.laguiadepamplona.com\/actualidad\/wp-content\/uploads\/2018\/11\/logo-laguiadepamplona18-web1.png","width":600,"height":196,"caption":"La Gu\u00eda de Pamplona \/ Noticias"},"image":{"@id":"https:\/\/www.laguiadepamplona.com\/actualidad\/#\/schema\/logo\/image\/"},"sameAs":["https:\/\/www.facebook.com\/laguiadepamplonacom-133175176762273\/?ref=hl","https:\/\/x.com\/LaGuiadPamplona","https:\/\/www.instagram.com\/la_guia_de_pamplona\/","https:\/\/www.youtube.com\/user\/laguiadepamplona"]},{"@type":"Person","@id":"https:\/\/www.laguiadepamplona.com\/actualidad\/#\/schema\/person\/efe887376f0213d4657c93adc50b1fdb","name":"La Gu\u00eda de Pamplona","image":{"@type":"ImageObject","inLanguage":"es","@id":"https:\/\/secure.gravatar.com\/avatar\/b6992f131dc8d30ab0dff15446e9d346d9dbd95992de0fef795073f5ea83a81c?s=96&d=mm&r=g","url":"https:\/\/secure.gravatar.com\/avatar\/b6992f131dc8d30ab0dff15446e9d346d9dbd95992de0fef795073f5ea83a81c?s=96&d=mm&r=g","contentUrl":"https:\/\/secure.gravatar.com\/avatar\/b6992f131dc8d30ab0dff15446e9d346d9dbd95992de0fef795073f5ea83a81c?s=96&d=mm&r=g","caption":"La Gu\u00eda de Pamplona"}}]}},"post_mailing_queue_ids":[],"_links":{"self":[{"href":"https:\/\/www.laguiadepamplona.com\/actualidad\/wp-json\/wp\/v2\/posts\/41446","targetHints":{"allow":["GET"]}}],"collection":[{"href":"https:\/\/www.laguiadepamplona.com\/actualidad\/wp-json\/wp\/v2\/posts"}],"about":[{"href":"https:\/\/www.laguiadepamplona.com\/actualidad\/wp-json\/wp\/v2\/types\/post"}],"author":[{"embeddable":true,"href":"https:\/\/www.laguiadepamplona.com\/actualidad\/wp-json\/wp\/v2\/users\/1"}],"replies":[{"embeddable":true,"href":"https:\/\/www.laguiadepamplona.com\/actualidad\/wp-json\/wp\/v2\/comments?post=41446"}],"version-history":[{"count":0,"href":"https:\/\/www.laguiadepamplona.com\/actualidad\/wp-json\/wp\/v2\/posts\/41446\/revisions"}],"wp:featuredmedia":[{"embeddable":true,"href":"https:\/\/www.laguiadepamplona.com\/actualidad\/wp-json\/wp\/v2\/media\/41316"}],"wp:attachment":[{"href":"https:\/\/www.laguiadepamplona.com\/actualidad\/wp-json\/wp\/v2\/media?parent=41446"}],"wp:term":[{"taxonomy":"category","embeddable":true,"href":"https:\/\/www.laguiadepamplona.com\/actualidad\/wp-json\/wp\/v2\/categories?post=41446"},{"taxonomy":"post_tag","embeddable":true,"href":"https:\/\/www.laguiadepamplona.com\/actualidad\/wp-json\/wp\/v2\/tags?post=41446"}],"curies":[{"name":"wp","href":"https:\/\/api.w.org\/{rel}","templated":true}]}}