{"id":41444,"date":"2022-09-12T12:16:24","date_gmt":"2022-09-12T10:16:24","guid":{"rendered":"https:\/\/www.laguiadepamplona.com\/actualidad\/?p=41444"},"modified":"2023-04-11T11:47:51","modified_gmt":"2023-04-11T09:47:51","slug":"civivox-san-jorge-pone-en-marcha-un-programa-de-actividades-destinadas-a-la-infancia-y-la-juventud-del-barrio","status":"publish","type":"post","link":"https:\/\/www.laguiadepamplona.com\/actualidad\/civivox-san-jorge-pone-en-marcha-un-programa-de-actividades-destinadas-a-la-infancia-y-la-juventud-del-barrio\/","title":{"rendered":"Civivox San Jorge pone en marcha un programa de actividades destinadas a la infancia y la juventud del barrio"},"content":{"rendered":"<h5>Con la colaboraci\u00f3n de asociaciones y entidades, las jornadas infanto-juveniles se cerrar\u00e1n el jueves 22 con un certamen de valses de gigantes<\/h5>\n<p><!--more--><\/p>\n<p>Civivox San Jorge, en colaboraci\u00f3n con colectivos del barrio, pone un a\u00f1o m\u00e1s en marcha las jornadas infanto-juveniles, un programa de actividades destinado a la infancia y la juventud. Con propuestas en torno al hip-hop, el manga y el anime, el punto fuerte llegar\u00e1 el pr\u00f3ximo jueves d\u00eda 22 con la celebraci\u00f3n del III Certamen (mundial) de valses con gigantes txikis San Jorge \u2013 Sanduzelai. Todas las actividades son gratuitas y tendr\u00e1n lugar en el centro Civivox del barrio.<br \/>\n<script async src=\"\/\/pagead2.googlesyndication.com\/pagead\/js\/adsbygoogle.js\"><\/script><br \/>\n<!-- Noticias La Guia de Pamplona --><br \/>\n<ins class=\"adsbygoogle\"\nstyle=\"display:block\"\ndata-ad-client=\"ca-pub-6943679897239327\"\ndata-ad-slot=\"7048180777\"\ndata-ad-format=\"auto\"><\/ins><br \/>\n<script>\n(adsbygoogle = window.adsbygoogle || []).push({});\n<\/script><\/p>\n<p>El programa de actividades arranca este martes con la puesta en marcha de un taller de introducci\u00f3n al baile hip-hop. La primera sesi\u00f3n, destinada a p\u00fablico de entre 6 y 11 a\u00f1os, tendr\u00e1 lugar el mismo martes a partir de las siete de la tarde, y la segunda, para j\u00f3venes de a partir de 12 a\u00f1os, ser\u00e1 el mi\u00e9rcoles a la misma hora. Las dos se realizan con la colaboraci\u00f3n de Breathless Dance Center, que tambi\u00e9n se encargar\u00e1 de poner en marcha el pr\u00f3ximo s\u00e1bado a partir de las 18:30 horas en las instalaciones de Civivox San Jorge unas batallas de improvisaci\u00f3n y un show de hip-hop.<\/p>\n<p>El universo otaku va a ser otro de los atractivos de estas jornadas, que pondr\u00e1n en marcha el martes y jueves de esta semana a partir de las 17.30 horas en las instalaciones de Civivox San Jorge un taller de dibujo manga. Organizado con la colaboraci\u00f3n de Sanduzelaiko Animealdia y dirigido por la ilustradora Itziar Rep\u00e1raz, est\u00e1 destinado a j\u00f3venes de entre 10 y 18 a\u00f1os. El viernes, a las 19.00 horas, se ofrecer\u00e1 un cinef\u00f3rum anime con la proyecci\u00f3n de \u2018Tren infinito &#8211; Kimetsu no Yaiba\u2019.<br \/>\n<script async src=\"\/\/pagead2.googlesyndication.com\/pagead\/js\/adsbygoogle.js\"><\/script><br \/>\n<!-- Noticias La Guia de Pamplona --><br \/>\n<ins class=\"adsbygoogle\"\nstyle=\"display:block\"\ndata-ad-client=\"ca-pub-6943679897239327\"\ndata-ad-slot=\"7048180777\"\ndata-ad-format=\"auto\"><\/ins><br \/>\n<script>\n(adsbygoogle = window.adsbygoogle || []).push({});\n<\/script><\/p>\n<p>El punto fuerte de estas jornadas llegar\u00e1 el jueves 22 con la celebraci\u00f3n del certamen (mundial) de valses con gigantes txikis San Jorge \u2013 Sanduzelai, organizado con la colaboraci\u00f3n de Umetxea Sanduzelai. Esta cita volver\u00e1 a congregar a los m\u00e1s peque\u00f1os en los aleda\u00f1os de Civivox San Jorge donde tendr\u00e1 lugar el certamen, para luego recorrer algunas de las calles del barrio. La cita ser\u00e1 a las 18.30 horas.<\/p>\n","protected":false},"excerpt":{"rendered":"<p>Con la colaboraci\u00f3n de asociaciones y entidades, las jornadas infanto-juveniles se cerrar\u00e1n el jueves 22 con un certamen de valses de gigantes<\/p>\n","protected":false},"author":1,"featured_media":37358,"comment_status":"open","ping_status":"closed","sticky":false,"template":"","format":"standard","meta":{"footnotes":""},"categories":[2],"tags":[],"class_list":["post-41444","post","type-post","status-publish","format-standard","has-post-thumbnail","hentry","category-ayuntamiento-pamplona"],"yoast_head":"<!-- This site is optimized with the Yoast SEO plugin v27.3 - https:\/\/yoast.com\/product\/yoast-seo-wordpress\/ -->\n<title>Civivox San Jorge pone en marcha un programa de actividades destinadas a la infancia y la juventud del barrio<\/title>\n<meta name=\"description\" content=\"Con la colaboraci\u00f3n de asociaciones y entidades, las jornadas infanto-juveniles se cerrar\u00e1n el jueves 22 con un certamen de valses de gigantes\" \/>\n<meta name=\"robots\" content=\"index, follow, max-snippet:-1, max-image-preview:large, max-video-preview:-1\" \/>\n<link rel=\"canonical\" href=\"https:\/\/www.laguiadepamplona.com\/actualidad\/civivox-san-jorge-pone-en-marcha-un-programa-de-actividades-destinadas-a-la-infancia-y-la-juventud-del-barrio\/\" \/>\n<meta property=\"og:locale\" content=\"es_ES\" \/>\n<meta property=\"og:type\" content=\"article\" \/>\n<meta property=\"og:title\" content=\"Civivox San Jorge pone en marcha un programa de actividades destinadas a la infancia y la juventud del barrio\" \/>\n<meta property=\"og:description\" content=\"Con la colaboraci\u00f3n de asociaciones y entidades, las jornadas infanto-juveniles se cerrar\u00e1n el jueves 22 con un certamen de valses de gigantes\" \/>\n<meta property=\"og:url\" content=\"https:\/\/www.laguiadepamplona.com\/actualidad\/civivox-san-jorge-pone-en-marcha-un-programa-de-actividades-destinadas-a-la-infancia-y-la-juventud-del-barrio\/\" \/>\n<meta property=\"og:site_name\" content=\"La Gu\u00eda de Pamplona\" \/>\n<meta property=\"article:publisher\" content=\"https:\/\/www.facebook.com\/laguiadepamplonacom-133175176762273\/?ref=hl\" \/>\n<meta property=\"article:published_time\" content=\"2022-09-12T10:16:24+00:00\" \/>\n<meta property=\"article:modified_time\" content=\"2023-04-11T09:47:51+00:00\" \/>\n<meta property=\"og:image\" content=\"https:\/\/www.laguiadepamplona.com\/actualidad\/wp-content\/uploads\/2021\/11\/civivox-san-jorge1.jpg\" \/>\n\t<meta property=\"og:image:width\" content=\"1280\" \/>\n\t<meta property=\"og:image:height\" content=\"960\" \/>\n\t<meta property=\"og:image:type\" content=\"image\/jpeg\" \/>\n<meta name=\"author\" content=\"La Gu\u00eda de Pamplona\" \/>\n<meta name=\"twitter:card\" content=\"summary_large_image\" \/>\n<meta name=\"twitter:creator\" content=\"@LaGuiadPamplona\" \/>\n<meta name=\"twitter:site\" content=\"@LaGuiadPamplona\" \/>\n<meta name=\"twitter:label1\" content=\"Escrito por\" \/>\n\t<meta name=\"twitter:data1\" content=\"La Gu\u00eda de Pamplona\" \/>\n\t<meta name=\"twitter:label2\" content=\"Tiempo de lectura\" \/>\n\t<meta name=\"twitter:data2\" content=\"2 minutos\" \/>\n<script type=\"application\/ld+json\" class=\"yoast-schema-graph\">{\"@context\":\"https:\\\/\\\/schema.org\",\"@graph\":[{\"@type\":\"Article\",\"@id\":\"https:\\\/\\\/www.laguiadepamplona.com\\\/actualidad\\\/civivox-san-jorge-pone-en-marcha-un-programa-de-actividades-destinadas-a-la-infancia-y-la-juventud-del-barrio\\\/#article\",\"isPartOf\":{\"@id\":\"https:\\\/\\\/www.laguiadepamplona.com\\\/actualidad\\\/civivox-san-jorge-pone-en-marcha-un-programa-de-actividades-destinadas-a-la-infancia-y-la-juventud-del-barrio\\\/\"},\"author\":{\"name\":\"La Gu\u00eda de Pamplona\",\"@id\":\"https:\\\/\\\/www.laguiadepamplona.com\\\/actualidad\\\/#\\\/schema\\\/person\\\/efe887376f0213d4657c93adc50b1fdb\"},\"headline\":\"Civivox San Jorge pone en marcha un programa de actividades destinadas a la infancia y la juventud del barrio\",\"datePublished\":\"2022-09-12T10:16:24+00:00\",\"dateModified\":\"2023-04-11T09:47:51+00:00\",\"mainEntityOfPage\":{\"@id\":\"https:\\\/\\\/www.laguiadepamplona.com\\\/actualidad\\\/civivox-san-jorge-pone-en-marcha-un-programa-de-actividades-destinadas-a-la-infancia-y-la-juventud-del-barrio\\\/\"},\"wordCount\":402,\"commentCount\":0,\"publisher\":{\"@id\":\"https:\\\/\\\/www.laguiadepamplona.com\\\/actualidad\\\/#organization\"},\"image\":{\"@id\":\"https:\\\/\\\/www.laguiadepamplona.com\\\/actualidad\\\/civivox-san-jorge-pone-en-marcha-un-programa-de-actividades-destinadas-a-la-infancia-y-la-juventud-del-barrio\\\/#primaryimage\"},\"thumbnailUrl\":\"https:\\\/\\\/www.laguiadepamplona.com\\\/actualidad\\\/wp-content\\\/uploads\\\/2021\\\/11\\\/civivox-san-jorge1.jpg\",\"articleSection\":[\"Ayto Pamplona\"],\"inLanguage\":\"es\",\"potentialAction\":[{\"@type\":\"CommentAction\",\"name\":\"Comment\",\"target\":[\"https:\\\/\\\/www.laguiadepamplona.com\\\/actualidad\\\/civivox-san-jorge-pone-en-marcha-un-programa-de-actividades-destinadas-a-la-infancia-y-la-juventud-del-barrio\\\/#respond\"]}]},{\"@type\":\"WebPage\",\"@id\":\"https:\\\/\\\/www.laguiadepamplona.com\\\/actualidad\\\/civivox-san-jorge-pone-en-marcha-un-programa-de-actividades-destinadas-a-la-infancia-y-la-juventud-del-barrio\\\/\",\"url\":\"https:\\\/\\\/www.laguiadepamplona.com\\\/actualidad\\\/civivox-san-jorge-pone-en-marcha-un-programa-de-actividades-destinadas-a-la-infancia-y-la-juventud-del-barrio\\\/\",\"name\":\"Civivox San Jorge pone en marcha un programa de actividades destinadas a la infancia y la juventud del barrio\",\"isPartOf\":{\"@id\":\"https:\\\/\\\/www.laguiadepamplona.com\\\/actualidad\\\/#website\"},\"primaryImageOfPage\":{\"@id\":\"https:\\\/\\\/www.laguiadepamplona.com\\\/actualidad\\\/civivox-san-jorge-pone-en-marcha-un-programa-de-actividades-destinadas-a-la-infancia-y-la-juventud-del-barrio\\\/#primaryimage\"},\"image\":{\"@id\":\"https:\\\/\\\/www.laguiadepamplona.com\\\/actualidad\\\/civivox-san-jorge-pone-en-marcha-un-programa-de-actividades-destinadas-a-la-infancia-y-la-juventud-del-barrio\\\/#primaryimage\"},\"thumbnailUrl\":\"https:\\\/\\\/www.laguiadepamplona.com\\\/actualidad\\\/wp-content\\\/uploads\\\/2021\\\/11\\\/civivox-san-jorge1.jpg\",\"datePublished\":\"2022-09-12T10:16:24+00:00\",\"dateModified\":\"2023-04-11T09:47:51+00:00\",\"description\":\"Con la colaboraci\u00f3n de asociaciones y entidades, las jornadas infanto-juveniles se cerrar\u00e1n el jueves 22 con un certamen de valses de gigantes\",\"breadcrumb\":{\"@id\":\"https:\\\/\\\/www.laguiadepamplona.com\\\/actualidad\\\/civivox-san-jorge-pone-en-marcha-un-programa-de-actividades-destinadas-a-la-infancia-y-la-juventud-del-barrio\\\/#breadcrumb\"},\"inLanguage\":\"es\",\"potentialAction\":[{\"@type\":\"ReadAction\",\"target\":[\"https:\\\/\\\/www.laguiadepamplona.com\\\/actualidad\\\/civivox-san-jorge-pone-en-marcha-un-programa-de-actividades-destinadas-a-la-infancia-y-la-juventud-del-barrio\\\/\"]}]},{\"@type\":\"ImageObject\",\"inLanguage\":\"es\",\"@id\":\"https:\\\/\\\/www.laguiadepamplona.com\\\/actualidad\\\/civivox-san-jorge-pone-en-marcha-un-programa-de-actividades-destinadas-a-la-infancia-y-la-juventud-del-barrio\\\/#primaryimage\",\"url\":\"https:\\\/\\\/www.laguiadepamplona.com\\\/actualidad\\\/wp-content\\\/uploads\\\/2021\\\/11\\\/civivox-san-jorge1.jpg\",\"contentUrl\":\"https:\\\/\\\/www.laguiadepamplona.com\\\/actualidad\\\/wp-content\\\/uploads\\\/2021\\\/11\\\/civivox-san-jorge1.jpg\",\"width\":1280,\"height\":960},{\"@type\":\"BreadcrumbList\",\"@id\":\"https:\\\/\\\/www.laguiadepamplona.com\\\/actualidad\\\/civivox-san-jorge-pone-en-marcha-un-programa-de-actividades-destinadas-a-la-infancia-y-la-juventud-del-barrio\\\/#breadcrumb\",\"itemListElement\":[{\"@type\":\"ListItem\",\"position\":1,\"name\":\"Portada\",\"item\":\"https:\\\/\\\/www.laguiadepamplona.com\\\/actualidad\\\/\"},{\"@type\":\"ListItem\",\"position\":2,\"name\":\"Civivox San Jorge pone en marcha un programa de actividades destinadas a la infancia y la juventud del barrio\"}]},{\"@type\":\"WebSite\",\"@id\":\"https:\\\/\\\/www.laguiadepamplona.com\\\/actualidad\\\/#website\",\"url\":\"https:\\\/\\\/www.laguiadepamplona.com\\\/actualidad\\\/\",\"name\":\"La gu\u00eda de Pamplona\",\"description\":\"Noticias de Pamplona\",\"publisher\":{\"@id\":\"https:\\\/\\\/www.laguiadepamplona.com\\\/actualidad\\\/#organization\"},\"potentialAction\":[{\"@type\":\"SearchAction\",\"target\":{\"@type\":\"EntryPoint\",\"urlTemplate\":\"https:\\\/\\\/www.laguiadepamplona.com\\\/actualidad\\\/?s={search_term_string}\"},\"query-input\":{\"@type\":\"PropertyValueSpecification\",\"valueRequired\":true,\"valueName\":\"search_term_string\"}}],\"inLanguage\":\"es\"},{\"@type\":\"Organization\",\"@id\":\"https:\\\/\\\/www.laguiadepamplona.com\\\/actualidad\\\/#organization\",\"name\":\"La Gu\u00eda de Pamplona \\\/ Noticias\",\"url\":\"https:\\\/\\\/www.laguiadepamplona.com\\\/actualidad\\\/\",\"logo\":{\"@type\":\"ImageObject\",\"inLanguage\":\"es\",\"@id\":\"https:\\\/\\\/www.laguiadepamplona.com\\\/actualidad\\\/#\\\/schema\\\/logo\\\/image\\\/\",\"url\":\"https:\\\/\\\/www.laguiadepamplona.com\\\/actualidad\\\/wp-content\\\/uploads\\\/2018\\\/11\\\/logo-laguiadepamplona18-web1.png\",\"contentUrl\":\"https:\\\/\\\/www.laguiadepamplona.com\\\/actualidad\\\/wp-content\\\/uploads\\\/2018\\\/11\\\/logo-laguiadepamplona18-web1.png\",\"width\":600,\"height\":196,\"caption\":\"La Gu\u00eda de Pamplona \\\/ Noticias\"},\"image\":{\"@id\":\"https:\\\/\\\/www.laguiadepamplona.com\\\/actualidad\\\/#\\\/schema\\\/logo\\\/image\\\/\"},\"sameAs\":[\"https:\\\/\\\/www.facebook.com\\\/laguiadepamplonacom-133175176762273\\\/?ref=hl\",\"https:\\\/\\\/x.com\\\/LaGuiadPamplona\",\"https:\\\/\\\/www.instagram.com\\\/la_guia_de_pamplona\\\/\",\"https:\\\/\\\/www.youtube.com\\\/user\\\/laguiadepamplona\"]},{\"@type\":\"Person\",\"@id\":\"https:\\\/\\\/www.laguiadepamplona.com\\\/actualidad\\\/#\\\/schema\\\/person\\\/efe887376f0213d4657c93adc50b1fdb\",\"name\":\"La Gu\u00eda de Pamplona\",\"image\":{\"@type\":\"ImageObject\",\"inLanguage\":\"es\",\"@id\":\"https:\\\/\\\/secure.gravatar.com\\\/avatar\\\/b6992f131dc8d30ab0dff15446e9d346d9dbd95992de0fef795073f5ea83a81c?s=96&d=mm&r=g\",\"url\":\"https:\\\/\\\/secure.gravatar.com\\\/avatar\\\/b6992f131dc8d30ab0dff15446e9d346d9dbd95992de0fef795073f5ea83a81c?s=96&d=mm&r=g\",\"contentUrl\":\"https:\\\/\\\/secure.gravatar.com\\\/avatar\\\/b6992f131dc8d30ab0dff15446e9d346d9dbd95992de0fef795073f5ea83a81c?s=96&d=mm&r=g\",\"caption\":\"La Gu\u00eda de Pamplona\"}}]}<\/script>\n<!-- \/ Yoast SEO plugin. -->","yoast_head_json":{"title":"Civivox San Jorge pone en marcha un programa de actividades destinadas a la infancia y la juventud del barrio","description":"Con la colaboraci\u00f3n de asociaciones y entidades, las jornadas infanto-juveniles se cerrar\u00e1n el jueves 22 con un certamen de valses de gigantes","robots":{"index":"index","follow":"follow","max-snippet":"max-snippet:-1","max-image-preview":"max-image-preview:large","max-video-preview":"max-video-preview:-1"},"canonical":"https:\/\/www.laguiadepamplona.com\/actualidad\/civivox-san-jorge-pone-en-marcha-un-programa-de-actividades-destinadas-a-la-infancia-y-la-juventud-del-barrio\/","og_locale":"es_ES","og_type":"article","og_title":"Civivox San Jorge pone en marcha un programa de actividades destinadas a la infancia y la juventud del barrio","og_description":"Con la colaboraci\u00f3n de asociaciones y entidades, las jornadas infanto-juveniles se cerrar\u00e1n el jueves 22 con un certamen de valses de gigantes","og_url":"https:\/\/www.laguiadepamplona.com\/actualidad\/civivox-san-jorge-pone-en-marcha-un-programa-de-actividades-destinadas-a-la-infancia-y-la-juventud-del-barrio\/","og_site_name":"La Gu\u00eda de Pamplona","article_publisher":"https:\/\/www.facebook.com\/laguiadepamplonacom-133175176762273\/?ref=hl","article_published_time":"2022-09-12T10:16:24+00:00","article_modified_time":"2023-04-11T09:47:51+00:00","og_image":[{"width":1280,"height":960,"url":"https:\/\/www.laguiadepamplona.com\/actualidad\/wp-content\/uploads\/2021\/11\/civivox-san-jorge1.jpg","type":"image\/jpeg"}],"author":"La Gu\u00eda de Pamplona","twitter_card":"summary_large_image","twitter_creator":"@LaGuiadPamplona","twitter_site":"@LaGuiadPamplona","twitter_misc":{"Escrito por":"La Gu\u00eda de Pamplona","Tiempo de lectura":"2 minutos"},"schema":{"@context":"https:\/\/schema.org","@graph":[{"@type":"Article","@id":"https:\/\/www.laguiadepamplona.com\/actualidad\/civivox-san-jorge-pone-en-marcha-un-programa-de-actividades-destinadas-a-la-infancia-y-la-juventud-del-barrio\/#article","isPartOf":{"@id":"https:\/\/www.laguiadepamplona.com\/actualidad\/civivox-san-jorge-pone-en-marcha-un-programa-de-actividades-destinadas-a-la-infancia-y-la-juventud-del-barrio\/"},"author":{"name":"La Gu\u00eda de Pamplona","@id":"https:\/\/www.laguiadepamplona.com\/actualidad\/#\/schema\/person\/efe887376f0213d4657c93adc50b1fdb"},"headline":"Civivox San Jorge pone en marcha un programa de actividades destinadas a la infancia y la juventud del barrio","datePublished":"2022-09-12T10:16:24+00:00","dateModified":"2023-04-11T09:47:51+00:00","mainEntityOfPage":{"@id":"https:\/\/www.laguiadepamplona.com\/actualidad\/civivox-san-jorge-pone-en-marcha-un-programa-de-actividades-destinadas-a-la-infancia-y-la-juventud-del-barrio\/"},"wordCount":402,"commentCount":0,"publisher":{"@id":"https:\/\/www.laguiadepamplona.com\/actualidad\/#organization"},"image":{"@id":"https:\/\/www.laguiadepamplona.com\/actualidad\/civivox-san-jorge-pone-en-marcha-un-programa-de-actividades-destinadas-a-la-infancia-y-la-juventud-del-barrio\/#primaryimage"},"thumbnailUrl":"https:\/\/www.laguiadepamplona.com\/actualidad\/wp-content\/uploads\/2021\/11\/civivox-san-jorge1.jpg","articleSection":["Ayto Pamplona"],"inLanguage":"es","potentialAction":[{"@type":"CommentAction","name":"Comment","target":["https:\/\/www.laguiadepamplona.com\/actualidad\/civivox-san-jorge-pone-en-marcha-un-programa-de-actividades-destinadas-a-la-infancia-y-la-juventud-del-barrio\/#respond"]}]},{"@type":"WebPage","@id":"https:\/\/www.laguiadepamplona.com\/actualidad\/civivox-san-jorge-pone-en-marcha-un-programa-de-actividades-destinadas-a-la-infancia-y-la-juventud-del-barrio\/","url":"https:\/\/www.laguiadepamplona.com\/actualidad\/civivox-san-jorge-pone-en-marcha-un-programa-de-actividades-destinadas-a-la-infancia-y-la-juventud-del-barrio\/","name":"Civivox San Jorge pone en marcha un programa de actividades destinadas a la infancia y la juventud del barrio","isPartOf":{"@id":"https:\/\/www.laguiadepamplona.com\/actualidad\/#website"},"primaryImageOfPage":{"@id":"https:\/\/www.laguiadepamplona.com\/actualidad\/civivox-san-jorge-pone-en-marcha-un-programa-de-actividades-destinadas-a-la-infancia-y-la-juventud-del-barrio\/#primaryimage"},"image":{"@id":"https:\/\/www.laguiadepamplona.com\/actualidad\/civivox-san-jorge-pone-en-marcha-un-programa-de-actividades-destinadas-a-la-infancia-y-la-juventud-del-barrio\/#primaryimage"},"thumbnailUrl":"https:\/\/www.laguiadepamplona.com\/actualidad\/wp-content\/uploads\/2021\/11\/civivox-san-jorge1.jpg","datePublished":"2022-09-12T10:16:24+00:00","dateModified":"2023-04-11T09:47:51+00:00","description":"Con la colaboraci\u00f3n de asociaciones y entidades, las jornadas infanto-juveniles se cerrar\u00e1n el jueves 22 con un certamen de valses de gigantes","breadcrumb":{"@id":"https:\/\/www.laguiadepamplona.com\/actualidad\/civivox-san-jorge-pone-en-marcha-un-programa-de-actividades-destinadas-a-la-infancia-y-la-juventud-del-barrio\/#breadcrumb"},"inLanguage":"es","potentialAction":[{"@type":"ReadAction","target":["https:\/\/www.laguiadepamplona.com\/actualidad\/civivox-san-jorge-pone-en-marcha-un-programa-de-actividades-destinadas-a-la-infancia-y-la-juventud-del-barrio\/"]}]},{"@type":"ImageObject","inLanguage":"es","@id":"https:\/\/www.laguiadepamplona.com\/actualidad\/civivox-san-jorge-pone-en-marcha-un-programa-de-actividades-destinadas-a-la-infancia-y-la-juventud-del-barrio\/#primaryimage","url":"https:\/\/www.laguiadepamplona.com\/actualidad\/wp-content\/uploads\/2021\/11\/civivox-san-jorge1.jpg","contentUrl":"https:\/\/www.laguiadepamplona.com\/actualidad\/wp-content\/uploads\/2021\/11\/civivox-san-jorge1.jpg","width":1280,"height":960},{"@type":"BreadcrumbList","@id":"https:\/\/www.laguiadepamplona.com\/actualidad\/civivox-san-jorge-pone-en-marcha-un-programa-de-actividades-destinadas-a-la-infancia-y-la-juventud-del-barrio\/#breadcrumb","itemListElement":[{"@type":"ListItem","position":1,"name":"Portada","item":"https:\/\/www.laguiadepamplona.com\/actualidad\/"},{"@type":"ListItem","position":2,"name":"Civivox San Jorge pone en marcha un programa de actividades destinadas a la infancia y la juventud del barrio"}]},{"@type":"WebSite","@id":"https:\/\/www.laguiadepamplona.com\/actualidad\/#website","url":"https:\/\/www.laguiadepamplona.com\/actualidad\/","name":"La gu\u00eda de Pamplona","description":"Noticias de Pamplona","publisher":{"@id":"https:\/\/www.laguiadepamplona.com\/actualidad\/#organization"},"potentialAction":[{"@type":"SearchAction","target":{"@type":"EntryPoint","urlTemplate":"https:\/\/www.laguiadepamplona.com\/actualidad\/?s={search_term_string}"},"query-input":{"@type":"PropertyValueSpecification","valueRequired":true,"valueName":"search_term_string"}}],"inLanguage":"es"},{"@type":"Organization","@id":"https:\/\/www.laguiadepamplona.com\/actualidad\/#organization","name":"La Gu\u00eda de Pamplona \/ Noticias","url":"https:\/\/www.laguiadepamplona.com\/actualidad\/","logo":{"@type":"ImageObject","inLanguage":"es","@id":"https:\/\/www.laguiadepamplona.com\/actualidad\/#\/schema\/logo\/image\/","url":"https:\/\/www.laguiadepamplona.com\/actualidad\/wp-content\/uploads\/2018\/11\/logo-laguiadepamplona18-web1.png","contentUrl":"https:\/\/www.laguiadepamplona.com\/actualidad\/wp-content\/uploads\/2018\/11\/logo-laguiadepamplona18-web1.png","width":600,"height":196,"caption":"La Gu\u00eda de Pamplona \/ Noticias"},"image":{"@id":"https:\/\/www.laguiadepamplona.com\/actualidad\/#\/schema\/logo\/image\/"},"sameAs":["https:\/\/www.facebook.com\/laguiadepamplonacom-133175176762273\/?ref=hl","https:\/\/x.com\/LaGuiadPamplona","https:\/\/www.instagram.com\/la_guia_de_pamplona\/","https:\/\/www.youtube.com\/user\/laguiadepamplona"]},{"@type":"Person","@id":"https:\/\/www.laguiadepamplona.com\/actualidad\/#\/schema\/person\/efe887376f0213d4657c93adc50b1fdb","name":"La Gu\u00eda de Pamplona","image":{"@type":"ImageObject","inLanguage":"es","@id":"https:\/\/secure.gravatar.com\/avatar\/b6992f131dc8d30ab0dff15446e9d346d9dbd95992de0fef795073f5ea83a81c?s=96&d=mm&r=g","url":"https:\/\/secure.gravatar.com\/avatar\/b6992f131dc8d30ab0dff15446e9d346d9dbd95992de0fef795073f5ea83a81c?s=96&d=mm&r=g","contentUrl":"https:\/\/secure.gravatar.com\/avatar\/b6992f131dc8d30ab0dff15446e9d346d9dbd95992de0fef795073f5ea83a81c?s=96&d=mm&r=g","caption":"La Gu\u00eda de Pamplona"}}]}},"post_mailing_queue_ids":[],"_links":{"self":[{"href":"https:\/\/www.laguiadepamplona.com\/actualidad\/wp-json\/wp\/v2\/posts\/41444","targetHints":{"allow":["GET"]}}],"collection":[{"href":"https:\/\/www.laguiadepamplona.com\/actualidad\/wp-json\/wp\/v2\/posts"}],"about":[{"href":"https:\/\/www.laguiadepamplona.com\/actualidad\/wp-json\/wp\/v2\/types\/post"}],"author":[{"embeddable":true,"href":"https:\/\/www.laguiadepamplona.com\/actualidad\/wp-json\/wp\/v2\/users\/1"}],"replies":[{"embeddable":true,"href":"https:\/\/www.laguiadepamplona.com\/actualidad\/wp-json\/wp\/v2\/comments?post=41444"}],"version-history":[{"count":0,"href":"https:\/\/www.laguiadepamplona.com\/actualidad\/wp-json\/wp\/v2\/posts\/41444\/revisions"}],"wp:featuredmedia":[{"embeddable":true,"href":"https:\/\/www.laguiadepamplona.com\/actualidad\/wp-json\/wp\/v2\/media\/37358"}],"wp:attachment":[{"href":"https:\/\/www.laguiadepamplona.com\/actualidad\/wp-json\/wp\/v2\/media?parent=41444"}],"wp:term":[{"taxonomy":"category","embeddable":true,"href":"https:\/\/www.laguiadepamplona.com\/actualidad\/wp-json\/wp\/v2\/categories?post=41444"},{"taxonomy":"post_tag","embeddable":true,"href":"https:\/\/www.laguiadepamplona.com\/actualidad\/wp-json\/wp\/v2\/tags?post=41444"}],"curies":[{"name":"wp","href":"https:\/\/api.w.org\/{rel}","templated":true}]}}