{"id":41441,"date":"2022-09-12T12:07:39","date_gmt":"2022-09-12T10:07:39","guid":{"rendered":"https:\/\/www.laguiadepamplona.com\/actualidad\/?p=41441"},"modified":"2023-04-11T11:47:51","modified_gmt":"2023-04-11T09:47:51","slug":"la-semana-europea-de-la-movilidad-sostenible-aboga-por-combinar-distintas-opciones-para-reducir-las-emisiones-de-gases-de-efecto-invernadero-y-mantener-la-calidad-del-aire","status":"publish","type":"post","link":"https:\/\/www.laguiadepamplona.com\/actualidad\/la-semana-europea-de-la-movilidad-sostenible-aboga-por-combinar-distintas-opciones-para-reducir-las-emisiones-de-gases-de-efecto-invernadero-y-mantener-la-calidad-del-aire\/","title":{"rendered":"La semana europea de la movilidad sostenible aboga por combinar distintas opciones para reducir las emisiones de gases de efecto invernadero y mantener la calidad del aire"},"content":{"rendered":"<h5>Con el lema \u2018Combina y mu\u00e9vete\u2019, incluye actividades a pie, en bicicleta y con veh\u00edculo el\u00e9ctrico, del 16 al 22 de septiembre, D\u00eda Europeo sin Coches<\/h5>\n<p><!--more--><\/p>\n<p>La semana europea de la movilidad se centra este a\u00f1o en animar a la ciudadan\u00eda a combinar opciones de transporte sostenible para reducir las emisiones de gases de efecto invernadero y contribuir a mantener una buena calidad del aire en la ciudad. Entre el 16 y el 22 de septiembre, jornada en la que se celebra el D\u00eda Europeo sin Coches, se ofrecen actividades a pie y en bicicleta, la biciescuela para personas adultas, actividades sobre movilidad el\u00e9ctrica y unas jornadas informativas y participativas. Como colof\u00f3n de la semana y cierre del programa \u2018La bicicleta en la escuela\u2019 del curso 2021-22, tendr\u00e1 lugar la bicicletada, con la participaci\u00f3n de m\u00e1s de 1.500 escolares.<\/p>\n<p>As\u00ed mismo, se han programado actividades dirigidas a entidades y colectivos, que incluyen formaci\u00f3n para pilotar triciclos, paseos terap\u00e9uticos en triciclos y la Mesa de la movilidad el\u00e9ctrica de la ciudad de Pamplona, en la que usuarios, asociaciones industriales, empresas, instituciones, centros tecnol\u00f3gicos y universidades reflexionar\u00e1n conjuntamente para impulsar la movilidad el\u00e9ctrica.<\/p>\n<p>Las actividades a pie proponen una triple oferta para todas las edades y sin inscripci\u00f3n previa. El lunes 19, de 18 a 20 horas, la gu\u00eda Marta Monreal, arquitecta restauradora de la muralla, invita a caminar y descubrir el valor y los secretos de las murallas. De hecho, se abrir\u00e1n puertas que habitualmente est\u00e1n cerradas, por lo que se podr\u00e1 recorrer pasadizos y acceder a espacios cerrados al p\u00fablico. La actividad parte desde la puerta del Front\u00f3n Labrit. La segunda propuesta se celebra el mi\u00e9rcoles 21, entre las 18 y las 20 horas, con la gu\u00eda de Marina Jim\u00e9nez, bi\u00f3loga y t\u00e9cnica municipal de Medio Ambiente. El recorrido se inicia en Civivox Iturrama, en la puerta principal, hasta el Campus de la Universidad de Navarra, en el que se demostrar\u00e1 la biodiversidad del barrio y se mostrar\u00e1n servicios de movilidad como los aparcamientos seguros de rotaci\u00f3n para bicicletas Nbici y actuaciones favorables a la movilidad peatonal, como los nuevos pasos de peatones en la avenida de Navarra y el itinerario creado entre el barrio y el campus.<\/p>\n<p>La tercera propuesta a pie, el jueves 22 y tambi\u00e9n de la mano de Marina Jim\u00e9nez, parte a las 18 horas de la puerta principal de la Biblioteca General de Navarra, para descubrir los valores ambientales de Mendebaldea y el jard\u00edn del Hospital Universitario de Navarra. En el recorrido se conocer\u00e1 una huerta urbana y se mostrar\u00e1n los servicios de movilidad destinados a facilitar el uso de la bicicleta: aparcamientos seguros de rotaci\u00f3n y estaciones de bicicletas el\u00e9ctricas.<\/p>\n<p>&nbsp;<br \/>\n<script async src=\"\/\/pagead2.googlesyndication.com\/pagead\/js\/adsbygoogle.js\"><\/script><br \/>\n<!-- Noticias La Guia de Pamplona --><br \/>\n<ins class=\"adsbygoogle\"\nstyle=\"display:block\"\ndata-ad-client=\"ca-pub-6943679897239327\"\ndata-ad-slot=\"7048180777\"\ndata-ad-format=\"auto\"><\/ins><br \/>\n<script>\n(adsbygoogle = window.adsbygoogle || []).push({});\n<\/script><\/p>\n<p><strong>Actividades en bicicleta<\/strong><\/p>\n<p>La semana de la movilidad invita a probar las bicicletas el\u00e9ctricas, en colaboraci\u00f3n con Ride On Pamplona. La cita ser\u00e1 el viernes 16, entre las 17 y las 20 horas, en la estaci\u00f3n de bicicletas del Rinc\u00f3n de la Aduana, y el s\u00e1bado 17 y domingo 18, entre las 11 y las 14 horas, en la estaci\u00f3n de bicicletas del parque de Antoniutti. Se facilitar\u00e1 toda la informaci\u00f3n para utilizar el servicio, que se podr\u00e1 probar mediante tarjetas temporales en dos de las 42 bases instaladas en los barrios.<\/p>\n<p>En la edici\u00f3n de este a\u00f1o tambi\u00e9n se ofrece el tradicional chequeo gratuito de bicis, con la ayuda de Ciclos Mart\u00edn. El fin de semana del 17 y 18, entre las 11 y las 14 horas, se habilitar\u00e1 una carpa en la plaza del Castillo, en el inicio de Carlos III, para ajustar transmisiones, frenos o ruedas. Con las bicis a punto, se puede circular por la red ciclable con la asociaci\u00f3n AMTS: el s\u00e1bado 17, de 10 a 12.30, se recorrer\u00e1 la zona norte, por los barrios de Casco Antiguo, Txantrea, Rochapea, San Jorge y Buztintxuri; el domingo 18, a la misma hora, se abordar\u00e1 la zona sur, por los barrios de Casco Antiguo, Ensanche, San Juan, Mendebaldea, Iturrama y Soto Lezkairu. Estos paseos guiados parten y terminan en la plaza del Castillo y fomentan la movilidad activa, segura y sostenible. Es recomendable la inscripci\u00f3n previa en el correo <a href=\"mailto:movilidad@pamplona.es\">movilidad@pamplona.es<\/a>.<\/p>\n<p>La biciescuela cambia este a\u00f1o de formato: en lugar de las cuatro sesiones en d\u00edas consecutivos, cada grupo recibir\u00e1 las clases un d\u00eda a la semana, durante cuatro semanas, los lunes y martes, desde el 19 de septiembre hasta el 11 de octubre. Las inscripciones se abren el 13 de septiembre a trav\u00e9s del n\u00famero 010 (948 420 100 desde fuera de Pamplona). Este programa formativo para personas adultas se organiza en tres niveles: iniciaci\u00f3n, habilidad y circulaci\u00f3n, para personas que en su infancia no adquirieron esa habilidad y desean aprender, para quienes requieren un recordatorio y mejorar su habilidad, y para personas que, teniendo habilidad, necesitan adquirir confianza para circular en bicicleta en condiciones de tr\u00e1fico reales.<\/p>\n<p>&nbsp;<br \/>\n<script async src=\"\/\/pagead2.googlesyndication.com\/pagead\/js\/adsbygoogle.js\"><\/script><br \/>\n<!-- Noticias La Guia de Pamplona --><br \/>\n<ins class=\"adsbygoogle\"\nstyle=\"display:block\"\ndata-ad-client=\"ca-pub-6943679897239327\"\ndata-ad-slot=\"7048180777\"\ndata-ad-format=\"auto\"><\/ins><br \/>\n<script>\n(adsbygoogle = window.adsbygoogle || []).push({});\n<\/script><\/p>\n<p><strong>Actividades sobre movilidad el\u00e9ctrica<\/strong><\/p>\n<p>Para conocer el veh\u00edculo el\u00e9ctrico y c\u00f3mo recargarlo, la empresa concesionaria de la red de puntos de recarga municipal, VILALTA Green Energy, atender\u00e1 al p\u00fablico interesado y resolver\u00e1 sus dudas, el s\u00e1bado 17, entre las 11 y las 14 horas, en el paseo Prem\u00edn de Iru\u00f1a, junto a la avenida de Bara\u00f1\u00e1in. Adem\u00e1s, la Mancomunidad de la Comarca de Pamplona (MCP) y el Ayuntamiento de Pamplona ofrecer\u00e1n una muestra de veh\u00edculos el\u00e9ctricos de sus flotas. La Asociaci\u00f3n de Usuarios de Veh\u00edculo El\u00e9ctrico (AUVE) celebrar\u00e1 uno de sus encuentros, de manera que las personas que visiten la muestra podr\u00e1n conocer su experiencia en el uso del veh\u00edculo el\u00e9ctrico.<\/p>\n<p>&nbsp;<br \/>\n<script async src=\"\/\/pagead2.googlesyndication.com\/pagead\/js\/adsbygoogle.js\"><\/script><br \/>\n<!-- Noticias La Guia de Pamplona --><br \/>\n<ins class=\"adsbygoogle\"\nstyle=\"display:block\"\ndata-ad-client=\"ca-pub-6943679897239327\"\ndata-ad-slot=\"7048180777\"\ndata-ad-format=\"auto\"><\/ins><br \/>\n<script>\n(adsbygoogle = window.adsbygoogle || []).push({});\n<\/script><\/p>\n<p><strong>Jornadas informativas y participativas<\/strong><\/p>\n<p>Otra de las opciones de esta semana de la movilidad son las jornadas informativas para conocer de primera mano dos proyectos del Ayuntamiento de Pamplona. El primero es el proyecto de Zona de Bajas Emisiones de la ciudad, que se est\u00e1 definiendo a partir del estudio de par\u00e1metros de calidad del aire y ruido y otros factores ambientales y de movilidad. Estos datos permitir\u00e1n establecer la estrategia que Pamplona va a seguir para adaptarse a la normativa europea y estatal en materia de cambio clim\u00e1tico y calidad del aire. Responsables municipales y el equipo redactor del proyecto ofrecer\u00e1n las principales claves el martes 20, de 18.30 a 20 horas, en la Sala de Conferencias de Civivox Condestable. Se recomienda la inscripci\u00f3n previa en el correo <a href=\"mailto:proyectobajasemisiones@pamplona.es\">proyectobajasemisiones@pamplona.es<\/a>.<\/p>\n<p>El segundo proyecto es el Plan Estrat\u00e9gico de Accesibilidad Integral, que busca garantizar la inclusi\u00f3n de todos los colectivos de personas con diversidad funcional o que presentan cualquier tipo de dificultad para interactuar con su entorno por motivos de edad o discapacidad f\u00edsica, sensorial o intelectual. Adem\u00e1s de la presentaci\u00f3n del plan, responsables municipales y el equipo redactor del proyecto desarrollar\u00e1n una primera din\u00e1mica de participaci\u00f3n con las personas asistentes enfocada al diagn\u00f3stico. Ser\u00e1 el mi\u00e9rcoles 21, entre las 10 y las 13 horas, en la Sala de Conferencias de Civivox Condestable. Al igual que en el caso anterior, se recomienda inscribirse previamente en el correo <a href=\"mailto:planaccesibilidad@pamplona.es\">planaccesibilidad@pamplona.es<\/a>.<\/p>\n<p>&nbsp;<br \/>\n<script async src=\"\/\/pagead2.googlesyndication.com\/pagead\/js\/adsbygoogle.js\"><\/script><br \/>\n<!-- Noticias La Guia de Pamplona --><br \/>\n<ins class=\"adsbygoogle\"\nstyle=\"display:block\"\ndata-ad-client=\"ca-pub-6943679897239327\"\ndata-ad-slot=\"7048180777\"\ndata-ad-format=\"auto\"><\/ins><br \/>\n<script>\n(adsbygoogle = window.adsbygoogle || []).push({});\n<\/script><\/p>\n<p><strong>D\u00eda Europeo Sin Coches, el 22 de septiembre<\/strong><\/p>\n<p>Una de las actividades con mayor participaci\u00f3n es la Bicicleta escolar, el jueves 22, que cierra la semana y el programa \u2018La bicicleta en la escuela\u2019 del curso 2021-22. Entre las 9 y las 13.30 horas, un grupo de m\u00e1s de 1.500 escolares de 14 centros educativos circular\u00e1n en grupo por distintos itinerarios hasta llegar a la Ciudadela, donde se celebrar\u00e1 un encuentro. La edici\u00f3n de este a\u00f1o cuenta con el apoyo de Conor Bikes, que va a instalar tres talleres en los recorridos, y la colaboraci\u00f3n del profesorado y expertos de las asociaciones Mujeres en bici y Medios de Transporte Saludables (AMTS), adem\u00e1s de la Polic\u00eda Municipal de Pamplona, para guiar las columnas de ciclistas.<br \/>\n<script async src=\"\/\/pagead2.googlesyndication.com\/pagead\/js\/adsbygoogle.js\"><\/script><br \/>\n<!-- Noticias La Guia de Pamplona --><br \/>\n<ins class=\"adsbygoogle\"\nstyle=\"display:block\"\ndata-ad-client=\"ca-pub-6943679897239327\"\ndata-ad-slot=\"7048180777\"\ndata-ad-format=\"auto\"><\/ins><br \/>\n<script>\n(adsbygoogle = window.adsbygoogle || []).push({});\n<\/script><\/p>\n<p>&nbsp;<\/p>\n<h3>Semana Europea de la Movilidad. Del 16 al 22 de Septiembre<\/h3>\n<ul>\n<li><strong>Actividades a pie<\/strong>\n<ul>\n<li><strong>Camina y descubre el valor y los secretos de nuestras murallas<\/strong>. Lunes, 19 de septiembre. 18 a 20 horas. Inicio en la puerta del front\u00f3n Labrit<\/li>\n<li><strong>Camina y descubre los valores ambientales de Iturrama y el campus de la Universidad de Navarra<\/strong>. Mi\u00e9rcoles, 21 de septiembre. 18 a 20 horas. Inicio en Civivox Iturrama<\/li>\n<li><strong>Camina y descubre los valores ambientales de Mendebaldea y el jard\u00edn del Hospital Universitario de Navarra<\/strong>. Jueves, 22 de septiembre. 18 a 20 horas. Inicio en la puerta principal de la Biblioteca General de Navarra<\/li>\n<\/ul>\n<\/li>\n<li><strong>Actividades en bicicleta<\/strong>\n<ul>\n<li><strong>Atr\u00e9vete a probar el servicio de bicicleta el\u00e9ctrica<\/strong>. Colabora Ride On Pamplona. Viernes, 16 de septiembre. 17 a 20 horas. Estaci\u00f3n de bicicletas de Rinc\u00f3n de la Aduana. S\u00e1bado, 17 y domingo, 18. 11 a 14 horas. Estaci\u00f3n de bicicletas del parque de Antoniutti<\/li>\n<li><strong>Chequea y ajusta tu bici gratuitamente<\/strong>. Con ayuda de Ciclos Mart\u00edn. S\u00e1bado 17 y domingo 18. 11 a 14 horas. En la plaza del Castillo (inicio de la avenida Carlos III)<\/li>\n<li><strong>Circula por la red ciclable con la asociaci\u00f3n AMTS<\/strong>. S\u00e1bado 17, de 10 a 12.30 horas. Casco Antiguo, Txantrea, Rochapea, San Jorge y Buztintxuri. Domingo 18, de 10 a 12.30 horas. Casco Antiguo, Ensanche, San Juan, Mendebaldea, Iturrama y Soto Lezkairu<\/li>\n<li><strong>Biciescuela para personas adultas.<\/strong> Durante 4 semanas, los lunes o martes, seg\u00fan los grupos, desde el 19 de septiembre hasta el 11 de octubre. Inscripciones a partir del 13 de septiembre a trav\u00e9s del tel\u00e9fono 010 (948 420 100 desde fuera de Pamplona)<\/li>\n<\/ul>\n<\/li>\n<li><strong>Actividades sobre movilidad el\u00e9ctrica<\/strong>\n<ul>\n<li><strong>Conoce los veh\u00edculos el\u00e9ctricos y aprende c\u00f3mo se recargan.<\/strong> Colabora la Asociaci\u00f3n de Usuarios de Veh\u00edculo El\u00e9ctrico (AUVE) \u2013 VILALTA Green Energy \u2013 Mancomunidad de la Comarca de Pamplona (MCP). S\u00e1bado 17, de 11 a 14 horas. Paseo Prem\u00edn de Iru\u00f1a, junto a la Avenida de Bara\u00f1\u00e1in y los cargadores de veh\u00edculo el\u00e9ctrico<\/li>\n<\/ul>\n<\/li>\n<li><strong>Jornadas informativas y participativas<\/strong>\n<ul>\n<li><strong>Proyecto de Zona de Bajas Emisiones<\/strong>. Martes, 20 de septiembre. 18.30 a 20. Civivox Condestable. Sala de Conferencias<\/li>\n<li><strong>Plan Estrat\u00e9gico de Accesibilidad Integral<\/strong>. Mi\u00e9rcoles, 21 de septiembre. 10-13. Civivox Condestable. Sala de Conferencias<\/li>\n<\/ul>\n<\/li>\n<li><strong>D\u00eda Europeo sin Coche. Bicicletada escolar. <\/strong>Jueves, 22 de septiembre. 9 a 13.30 horas. Distintos itinerarios que confluyen en la Ciudadela<\/li>\n<li><strong>Actividades dirigidas a entidades y colectivos<\/strong>\n<ul>\n<li><strong>Formaci\u00f3n para pilotar triciclos<\/strong>, con la colaboraci\u00f3n de la asociaci\u00f3n Biciclistas de Corella y sus \u201cyayacletas\u201d del programa \u2018En bici sin edad\u2019<\/li>\n<li><strong>Paseos terap\u00e9uticos en triciclos<\/strong>. Organizados con la participaci\u00f3n de las residencias de personas mayores de la ciudad y entidades de apoyo a personas con diversidad funcional y la colaboraci\u00f3n del voluntariado formado<\/li>\n<li><strong>Mesa de la movilidad el\u00e9ctrica<\/strong>. Jornada de trabajo de las asociaciones de usuarios, asociaciones industriales, empresas, instituciones, centros tecnol\u00f3gicos y universidades<\/li>\n<\/ul>\n<\/li>\n<\/ul>\n<p>&nbsp;<br \/>\n[qodef_button size=\u00bblarge\u00bb type=\u00bb\u00bb text=\u00bbfolleto semana movilidad.pdf\u00bb custom_class=\u00bb\u00bb icon_pack=\u00bbfont_elegant\u00bb fa_icon=\u00bbicon_download\u00bb link=\u00bbhttps:\/\/www.pamplona.es\/sites\/default\/files\/2022-09\/folletosemanamovilidad.pdf\u00bb target=\u00bb_blank\u00bb color=\u00bbffffff\u00bb hover_color=\u00bb\u00bb background_color=\u00bb\u00bb hover_background_color=\u00bb\u00bb border_color=\u00bb\u00bb hover_border_color=\u00bb\u00bb font_size=\u00bb\u00bb font_weight=\u00bb\u00bb margin=\u00bb\u00bb]\n&nbsp;<\/p>\n","protected":false},"excerpt":{"rendered":"<p>Con el lema \u2018Combina y mu\u00e9vete\u2019, incluye actividades a pie, en bicicleta y con veh\u00edculo el\u00e9ctrico, del 16 al 22 de septiembre, D\u00eda Europeo sin Coches<\/p>\n","protected":false},"author":1,"featured_media":0,"comment_status":"open","ping_status":"closed","sticky":false,"template":"","format":"standard","meta":{"footnotes":""},"categories":[2],"tags":[],"class_list":["post-41441","post","type-post","status-publish","format-standard","hentry","category-ayuntamiento-pamplona"],"yoast_head":"<!-- This site is optimized with the Yoast SEO plugin v27.5 - https:\/\/yoast.com\/product\/yoast-seo-wordpress\/ -->\n<title>La semana europea de la movilidad sostenible aboga por combinar distintas opciones para reducir las emisiones de gases de efecto invernadero y mantener la calidad del aire<\/title>\n<meta name=\"description\" content=\"Con el lema \u2018Combina y mu\u00e9vete\u2019, incluye actividades a pie, en bicicleta y con veh\u00edculo el\u00e9ctrico, del 16 al 22 de septiembre, D\u00eda Europeo sin Coches\" \/>\n<meta name=\"robots\" content=\"index, follow, max-snippet:-1, max-image-preview:large, max-video-preview:-1\" \/>\n<link rel=\"canonical\" href=\"https:\/\/www.laguiadepamplona.com\/actualidad\/la-semana-europea-de-la-movilidad-sostenible-aboga-por-combinar-distintas-opciones-para-reducir-las-emisiones-de-gases-de-efecto-invernadero-y-mantener-la-calidad-del-aire\/\" \/>\n<meta property=\"og:locale\" content=\"es_ES\" \/>\n<meta property=\"og:type\" content=\"article\" \/>\n<meta property=\"og:title\" content=\"La semana europea de la movilidad sostenible aboga por combinar distintas opciones para reducir las emisiones de gases de efecto invernadero y mantener la calidad del aire\" \/>\n<meta property=\"og:description\" content=\"Con el lema \u2018Combina y mu\u00e9vete\u2019, incluye actividades a pie, en bicicleta y con veh\u00edculo el\u00e9ctrico, del 16 al 22 de septiembre, D\u00eda Europeo sin Coches\" \/>\n<meta property=\"og:url\" content=\"https:\/\/www.laguiadepamplona.com\/actualidad\/la-semana-europea-de-la-movilidad-sostenible-aboga-por-combinar-distintas-opciones-para-reducir-las-emisiones-de-gases-de-efecto-invernadero-y-mantener-la-calidad-del-aire\/\" \/>\n<meta property=\"og:site_name\" content=\"La Gu\u00eda de Pamplona\" \/>\n<meta property=\"article:publisher\" content=\"https:\/\/www.facebook.com\/laguiadepamplonacom-133175176762273\/?ref=hl\" \/>\n<meta property=\"article:published_time\" content=\"2022-09-12T10:07:39+00:00\" \/>\n<meta property=\"article:modified_time\" content=\"2023-04-11T09:47:51+00:00\" \/>\n<meta name=\"author\" content=\"La Gu\u00eda de Pamplona\" \/>\n<meta name=\"twitter:card\" content=\"summary_large_image\" \/>\n<meta name=\"twitter:creator\" content=\"@LaGuiadPamplona\" \/>\n<meta name=\"twitter:site\" content=\"@LaGuiadPamplona\" \/>\n<meta name=\"twitter:label1\" content=\"Escrito por\" \/>\n\t<meta name=\"twitter:data1\" content=\"La Gu\u00eda de Pamplona\" \/>\n\t<meta name=\"twitter:label2\" content=\"Tiempo de lectura\" \/>\n\t<meta name=\"twitter:data2\" content=\"8 minutos\" \/>\n<script type=\"application\/ld+json\" class=\"yoast-schema-graph\">{\"@context\":\"https:\\\/\\\/schema.org\",\"@graph\":[{\"@type\":\"Article\",\"@id\":\"https:\\\/\\\/www.laguiadepamplona.com\\\/actualidad\\\/la-semana-europea-de-la-movilidad-sostenible-aboga-por-combinar-distintas-opciones-para-reducir-las-emisiones-de-gases-de-efecto-invernadero-y-mantener-la-calidad-del-aire\\\/#article\",\"isPartOf\":{\"@id\":\"https:\\\/\\\/www.laguiadepamplona.com\\\/actualidad\\\/la-semana-europea-de-la-movilidad-sostenible-aboga-por-combinar-distintas-opciones-para-reducir-las-emisiones-de-gases-de-efecto-invernadero-y-mantener-la-calidad-del-aire\\\/\"},\"author\":{\"name\":\"La Gu\u00eda de Pamplona\",\"@id\":\"https:\\\/\\\/www.laguiadepamplona.com\\\/actualidad\\\/#\\\/schema\\\/person\\\/efe887376f0213d4657c93adc50b1fdb\"},\"headline\":\"La semana europea de la movilidad sostenible aboga por combinar distintas opciones para reducir las emisiones de gases de efecto invernadero y mantener la calidad del aire\",\"datePublished\":\"2022-09-12T10:07:39+00:00\",\"dateModified\":\"2023-04-11T09:47:51+00:00\",\"mainEntityOfPage\":{\"@id\":\"https:\\\/\\\/www.laguiadepamplona.com\\\/actualidad\\\/la-semana-europea-de-la-movilidad-sostenible-aboga-por-combinar-distintas-opciones-para-reducir-las-emisiones-de-gases-de-efecto-invernadero-y-mantener-la-calidad-del-aire\\\/\"},\"wordCount\":1874,\"commentCount\":0,\"publisher\":{\"@id\":\"https:\\\/\\\/www.laguiadepamplona.com\\\/actualidad\\\/#organization\"},\"articleSection\":[\"Ayto Pamplona\"],\"inLanguage\":\"es\",\"potentialAction\":[{\"@type\":\"CommentAction\",\"name\":\"Comment\",\"target\":[\"https:\\\/\\\/www.laguiadepamplona.com\\\/actualidad\\\/la-semana-europea-de-la-movilidad-sostenible-aboga-por-combinar-distintas-opciones-para-reducir-las-emisiones-de-gases-de-efecto-invernadero-y-mantener-la-calidad-del-aire\\\/#respond\"]}]},{\"@type\":\"WebPage\",\"@id\":\"https:\\\/\\\/www.laguiadepamplona.com\\\/actualidad\\\/la-semana-europea-de-la-movilidad-sostenible-aboga-por-combinar-distintas-opciones-para-reducir-las-emisiones-de-gases-de-efecto-invernadero-y-mantener-la-calidad-del-aire\\\/\",\"url\":\"https:\\\/\\\/www.laguiadepamplona.com\\\/actualidad\\\/la-semana-europea-de-la-movilidad-sostenible-aboga-por-combinar-distintas-opciones-para-reducir-las-emisiones-de-gases-de-efecto-invernadero-y-mantener-la-calidad-del-aire\\\/\",\"name\":\"La semana europea de la movilidad sostenible aboga por combinar distintas opciones para reducir las emisiones de gases de efecto invernadero y mantener la calidad del aire\",\"isPartOf\":{\"@id\":\"https:\\\/\\\/www.laguiadepamplona.com\\\/actualidad\\\/#website\"},\"datePublished\":\"2022-09-12T10:07:39+00:00\",\"dateModified\":\"2023-04-11T09:47:51+00:00\",\"description\":\"Con el lema \u2018Combina y mu\u00e9vete\u2019, incluye actividades a pie, en bicicleta y con veh\u00edculo el\u00e9ctrico, del 16 al 22 de septiembre, D\u00eda Europeo sin Coches\",\"breadcrumb\":{\"@id\":\"https:\\\/\\\/www.laguiadepamplona.com\\\/actualidad\\\/la-semana-europea-de-la-movilidad-sostenible-aboga-por-combinar-distintas-opciones-para-reducir-las-emisiones-de-gases-de-efecto-invernadero-y-mantener-la-calidad-del-aire\\\/#breadcrumb\"},\"inLanguage\":\"es\",\"potentialAction\":[{\"@type\":\"ReadAction\",\"target\":[\"https:\\\/\\\/www.laguiadepamplona.com\\\/actualidad\\\/la-semana-europea-de-la-movilidad-sostenible-aboga-por-combinar-distintas-opciones-para-reducir-las-emisiones-de-gases-de-efecto-invernadero-y-mantener-la-calidad-del-aire\\\/\"]}]},{\"@type\":\"BreadcrumbList\",\"@id\":\"https:\\\/\\\/www.laguiadepamplona.com\\\/actualidad\\\/la-semana-europea-de-la-movilidad-sostenible-aboga-por-combinar-distintas-opciones-para-reducir-las-emisiones-de-gases-de-efecto-invernadero-y-mantener-la-calidad-del-aire\\\/#breadcrumb\",\"itemListElement\":[{\"@type\":\"ListItem\",\"position\":1,\"name\":\"Portada\",\"item\":\"https:\\\/\\\/www.laguiadepamplona.com\\\/actualidad\\\/\"},{\"@type\":\"ListItem\",\"position\":2,\"name\":\"La semana europea de la movilidad sostenible aboga por combinar distintas opciones para reducir las emisiones de gases de efecto invernadero y mantener la calidad del aire\"}]},{\"@type\":\"WebSite\",\"@id\":\"https:\\\/\\\/www.laguiadepamplona.com\\\/actualidad\\\/#website\",\"url\":\"https:\\\/\\\/www.laguiadepamplona.com\\\/actualidad\\\/\",\"name\":\"La gu\u00eda de Pamplona\",\"description\":\"Noticias de Pamplona\",\"publisher\":{\"@id\":\"https:\\\/\\\/www.laguiadepamplona.com\\\/actualidad\\\/#organization\"},\"potentialAction\":[{\"@type\":\"SearchAction\",\"target\":{\"@type\":\"EntryPoint\",\"urlTemplate\":\"https:\\\/\\\/www.laguiadepamplona.com\\\/actualidad\\\/?s={search_term_string}\"},\"query-input\":{\"@type\":\"PropertyValueSpecification\",\"valueRequired\":true,\"valueName\":\"search_term_string\"}}],\"inLanguage\":\"es\"},{\"@type\":\"Organization\",\"@id\":\"https:\\\/\\\/www.laguiadepamplona.com\\\/actualidad\\\/#organization\",\"name\":\"La Gu\u00eda de Pamplona \\\/ Noticias\",\"url\":\"https:\\\/\\\/www.laguiadepamplona.com\\\/actualidad\\\/\",\"logo\":{\"@type\":\"ImageObject\",\"inLanguage\":\"es\",\"@id\":\"https:\\\/\\\/www.laguiadepamplona.com\\\/actualidad\\\/#\\\/schema\\\/logo\\\/image\\\/\",\"url\":\"https:\\\/\\\/www.laguiadepamplona.com\\\/actualidad\\\/wp-content\\\/uploads\\\/2018\\\/11\\\/logo-laguiadepamplona18-web1.png\",\"contentUrl\":\"https:\\\/\\\/www.laguiadepamplona.com\\\/actualidad\\\/wp-content\\\/uploads\\\/2018\\\/11\\\/logo-laguiadepamplona18-web1.png\",\"width\":600,\"height\":196,\"caption\":\"La Gu\u00eda de Pamplona \\\/ Noticias\"},\"image\":{\"@id\":\"https:\\\/\\\/www.laguiadepamplona.com\\\/actualidad\\\/#\\\/schema\\\/logo\\\/image\\\/\"},\"sameAs\":[\"https:\\\/\\\/www.facebook.com\\\/laguiadepamplonacom-133175176762273\\\/?ref=hl\",\"https:\\\/\\\/x.com\\\/LaGuiadPamplona\",\"https:\\\/\\\/www.instagram.com\\\/la_guia_de_pamplona\\\/\",\"https:\\\/\\\/www.youtube.com\\\/user\\\/laguiadepamplona\"]},{\"@type\":\"Person\",\"@id\":\"https:\\\/\\\/www.laguiadepamplona.com\\\/actualidad\\\/#\\\/schema\\\/person\\\/efe887376f0213d4657c93adc50b1fdb\",\"name\":\"La Gu\u00eda de Pamplona\",\"image\":{\"@type\":\"ImageObject\",\"inLanguage\":\"es\",\"@id\":\"https:\\\/\\\/secure.gravatar.com\\\/avatar\\\/b6992f131dc8d30ab0dff15446e9d346d9dbd95992de0fef795073f5ea83a81c?s=96&d=mm&r=g\",\"url\":\"https:\\\/\\\/secure.gravatar.com\\\/avatar\\\/b6992f131dc8d30ab0dff15446e9d346d9dbd95992de0fef795073f5ea83a81c?s=96&d=mm&r=g\",\"contentUrl\":\"https:\\\/\\\/secure.gravatar.com\\\/avatar\\\/b6992f131dc8d30ab0dff15446e9d346d9dbd95992de0fef795073f5ea83a81c?s=96&d=mm&r=g\",\"caption\":\"La Gu\u00eda de Pamplona\"}}]}<\/script>\n<!-- \/ Yoast SEO plugin. -->","yoast_head_json":{"title":"La semana europea de la movilidad sostenible aboga por combinar distintas opciones para reducir las emisiones de gases de efecto invernadero y mantener la calidad del aire","description":"Con el lema \u2018Combina y mu\u00e9vete\u2019, incluye actividades a pie, en bicicleta y con veh\u00edculo el\u00e9ctrico, del 16 al 22 de septiembre, D\u00eda Europeo sin Coches","robots":{"index":"index","follow":"follow","max-snippet":"max-snippet:-1","max-image-preview":"max-image-preview:large","max-video-preview":"max-video-preview:-1"},"canonical":"https:\/\/www.laguiadepamplona.com\/actualidad\/la-semana-europea-de-la-movilidad-sostenible-aboga-por-combinar-distintas-opciones-para-reducir-las-emisiones-de-gases-de-efecto-invernadero-y-mantener-la-calidad-del-aire\/","og_locale":"es_ES","og_type":"article","og_title":"La semana europea de la movilidad sostenible aboga por combinar distintas opciones para reducir las emisiones de gases de efecto invernadero y mantener la calidad del aire","og_description":"Con el lema \u2018Combina y mu\u00e9vete\u2019, incluye actividades a pie, en bicicleta y con veh\u00edculo el\u00e9ctrico, del 16 al 22 de septiembre, D\u00eda Europeo sin Coches","og_url":"https:\/\/www.laguiadepamplona.com\/actualidad\/la-semana-europea-de-la-movilidad-sostenible-aboga-por-combinar-distintas-opciones-para-reducir-las-emisiones-de-gases-de-efecto-invernadero-y-mantener-la-calidad-del-aire\/","og_site_name":"La Gu\u00eda de Pamplona","article_publisher":"https:\/\/www.facebook.com\/laguiadepamplonacom-133175176762273\/?ref=hl","article_published_time":"2022-09-12T10:07:39+00:00","article_modified_time":"2023-04-11T09:47:51+00:00","author":"La Gu\u00eda de Pamplona","twitter_card":"summary_large_image","twitter_creator":"@LaGuiadPamplona","twitter_site":"@LaGuiadPamplona","twitter_misc":{"Escrito por":"La Gu\u00eda de Pamplona","Tiempo de lectura":"8 minutos"},"schema":{"@context":"https:\/\/schema.org","@graph":[{"@type":"Article","@id":"https:\/\/www.laguiadepamplona.com\/actualidad\/la-semana-europea-de-la-movilidad-sostenible-aboga-por-combinar-distintas-opciones-para-reducir-las-emisiones-de-gases-de-efecto-invernadero-y-mantener-la-calidad-del-aire\/#article","isPartOf":{"@id":"https:\/\/www.laguiadepamplona.com\/actualidad\/la-semana-europea-de-la-movilidad-sostenible-aboga-por-combinar-distintas-opciones-para-reducir-las-emisiones-de-gases-de-efecto-invernadero-y-mantener-la-calidad-del-aire\/"},"author":{"name":"La Gu\u00eda de Pamplona","@id":"https:\/\/www.laguiadepamplona.com\/actualidad\/#\/schema\/person\/efe887376f0213d4657c93adc50b1fdb"},"headline":"La semana europea de la movilidad sostenible aboga por combinar distintas opciones para reducir las emisiones de gases de efecto invernadero y mantener la calidad del aire","datePublished":"2022-09-12T10:07:39+00:00","dateModified":"2023-04-11T09:47:51+00:00","mainEntityOfPage":{"@id":"https:\/\/www.laguiadepamplona.com\/actualidad\/la-semana-europea-de-la-movilidad-sostenible-aboga-por-combinar-distintas-opciones-para-reducir-las-emisiones-de-gases-de-efecto-invernadero-y-mantener-la-calidad-del-aire\/"},"wordCount":1874,"commentCount":0,"publisher":{"@id":"https:\/\/www.laguiadepamplona.com\/actualidad\/#organization"},"articleSection":["Ayto Pamplona"],"inLanguage":"es","potentialAction":[{"@type":"CommentAction","name":"Comment","target":["https:\/\/www.laguiadepamplona.com\/actualidad\/la-semana-europea-de-la-movilidad-sostenible-aboga-por-combinar-distintas-opciones-para-reducir-las-emisiones-de-gases-de-efecto-invernadero-y-mantener-la-calidad-del-aire\/#respond"]}]},{"@type":"WebPage","@id":"https:\/\/www.laguiadepamplona.com\/actualidad\/la-semana-europea-de-la-movilidad-sostenible-aboga-por-combinar-distintas-opciones-para-reducir-las-emisiones-de-gases-de-efecto-invernadero-y-mantener-la-calidad-del-aire\/","url":"https:\/\/www.laguiadepamplona.com\/actualidad\/la-semana-europea-de-la-movilidad-sostenible-aboga-por-combinar-distintas-opciones-para-reducir-las-emisiones-de-gases-de-efecto-invernadero-y-mantener-la-calidad-del-aire\/","name":"La semana europea de la movilidad sostenible aboga por combinar distintas opciones para reducir las emisiones de gases de efecto invernadero y mantener la calidad del aire","isPartOf":{"@id":"https:\/\/www.laguiadepamplona.com\/actualidad\/#website"},"datePublished":"2022-09-12T10:07:39+00:00","dateModified":"2023-04-11T09:47:51+00:00","description":"Con el lema \u2018Combina y mu\u00e9vete\u2019, incluye actividades a pie, en bicicleta y con veh\u00edculo el\u00e9ctrico, del 16 al 22 de septiembre, D\u00eda Europeo sin Coches","breadcrumb":{"@id":"https:\/\/www.laguiadepamplona.com\/actualidad\/la-semana-europea-de-la-movilidad-sostenible-aboga-por-combinar-distintas-opciones-para-reducir-las-emisiones-de-gases-de-efecto-invernadero-y-mantener-la-calidad-del-aire\/#breadcrumb"},"inLanguage":"es","potentialAction":[{"@type":"ReadAction","target":["https:\/\/www.laguiadepamplona.com\/actualidad\/la-semana-europea-de-la-movilidad-sostenible-aboga-por-combinar-distintas-opciones-para-reducir-las-emisiones-de-gases-de-efecto-invernadero-y-mantener-la-calidad-del-aire\/"]}]},{"@type":"BreadcrumbList","@id":"https:\/\/www.laguiadepamplona.com\/actualidad\/la-semana-europea-de-la-movilidad-sostenible-aboga-por-combinar-distintas-opciones-para-reducir-las-emisiones-de-gases-de-efecto-invernadero-y-mantener-la-calidad-del-aire\/#breadcrumb","itemListElement":[{"@type":"ListItem","position":1,"name":"Portada","item":"https:\/\/www.laguiadepamplona.com\/actualidad\/"},{"@type":"ListItem","position":2,"name":"La semana europea de la movilidad sostenible aboga por combinar distintas opciones para reducir las emisiones de gases de efecto invernadero y mantener la calidad del aire"}]},{"@type":"WebSite","@id":"https:\/\/www.laguiadepamplona.com\/actualidad\/#website","url":"https:\/\/www.laguiadepamplona.com\/actualidad\/","name":"La gu\u00eda de Pamplona","description":"Noticias de Pamplona","publisher":{"@id":"https:\/\/www.laguiadepamplona.com\/actualidad\/#organization"},"potentialAction":[{"@type":"SearchAction","target":{"@type":"EntryPoint","urlTemplate":"https:\/\/www.laguiadepamplona.com\/actualidad\/?s={search_term_string}"},"query-input":{"@type":"PropertyValueSpecification","valueRequired":true,"valueName":"search_term_string"}}],"inLanguage":"es"},{"@type":"Organization","@id":"https:\/\/www.laguiadepamplona.com\/actualidad\/#organization","name":"La Gu\u00eda de Pamplona \/ Noticias","url":"https:\/\/www.laguiadepamplona.com\/actualidad\/","logo":{"@type":"ImageObject","inLanguage":"es","@id":"https:\/\/www.laguiadepamplona.com\/actualidad\/#\/schema\/logo\/image\/","url":"https:\/\/www.laguiadepamplona.com\/actualidad\/wp-content\/uploads\/2018\/11\/logo-laguiadepamplona18-web1.png","contentUrl":"https:\/\/www.laguiadepamplona.com\/actualidad\/wp-content\/uploads\/2018\/11\/logo-laguiadepamplona18-web1.png","width":600,"height":196,"caption":"La Gu\u00eda de Pamplona \/ Noticias"},"image":{"@id":"https:\/\/www.laguiadepamplona.com\/actualidad\/#\/schema\/logo\/image\/"},"sameAs":["https:\/\/www.facebook.com\/laguiadepamplonacom-133175176762273\/?ref=hl","https:\/\/x.com\/LaGuiadPamplona","https:\/\/www.instagram.com\/la_guia_de_pamplona\/","https:\/\/www.youtube.com\/user\/laguiadepamplona"]},{"@type":"Person","@id":"https:\/\/www.laguiadepamplona.com\/actualidad\/#\/schema\/person\/efe887376f0213d4657c93adc50b1fdb","name":"La Gu\u00eda de Pamplona","image":{"@type":"ImageObject","inLanguage":"es","@id":"https:\/\/secure.gravatar.com\/avatar\/b6992f131dc8d30ab0dff15446e9d346d9dbd95992de0fef795073f5ea83a81c?s=96&d=mm&r=g","url":"https:\/\/secure.gravatar.com\/avatar\/b6992f131dc8d30ab0dff15446e9d346d9dbd95992de0fef795073f5ea83a81c?s=96&d=mm&r=g","contentUrl":"https:\/\/secure.gravatar.com\/avatar\/b6992f131dc8d30ab0dff15446e9d346d9dbd95992de0fef795073f5ea83a81c?s=96&d=mm&r=g","caption":"La Gu\u00eda de Pamplona"}}]}},"post_mailing_queue_ids":[],"_links":{"self":[{"href":"https:\/\/www.laguiadepamplona.com\/actualidad\/wp-json\/wp\/v2\/posts\/41441","targetHints":{"allow":["GET"]}}],"collection":[{"href":"https:\/\/www.laguiadepamplona.com\/actualidad\/wp-json\/wp\/v2\/posts"}],"about":[{"href":"https:\/\/www.laguiadepamplona.com\/actualidad\/wp-json\/wp\/v2\/types\/post"}],"author":[{"embeddable":true,"href":"https:\/\/www.laguiadepamplona.com\/actualidad\/wp-json\/wp\/v2\/users\/1"}],"replies":[{"embeddable":true,"href":"https:\/\/www.laguiadepamplona.com\/actualidad\/wp-json\/wp\/v2\/comments?post=41441"}],"version-history":[{"count":0,"href":"https:\/\/www.laguiadepamplona.com\/actualidad\/wp-json\/wp\/v2\/posts\/41441\/revisions"}],"wp:attachment":[{"href":"https:\/\/www.laguiadepamplona.com\/actualidad\/wp-json\/wp\/v2\/media?parent=41441"}],"wp:term":[{"taxonomy":"category","embeddable":true,"href":"https:\/\/www.laguiadepamplona.com\/actualidad\/wp-json\/wp\/v2\/categories?post=41441"},{"taxonomy":"post_tag","embeddable":true,"href":"https:\/\/www.laguiadepamplona.com\/actualidad\/wp-json\/wp\/v2\/tags?post=41441"}],"curies":[{"name":"wp","href":"https:\/\/api.w.org\/{rel}","templated":true}]}}