{"id":41433,"date":"2022-08-30T13:45:51","date_gmt":"2022-08-30T11:45:51","guid":{"rendered":"https:\/\/www.laguiadepamplona.com\/actualidad\/?p=41433"},"modified":"2023-04-11T11:47:51","modified_gmt":"2023-04-11T09:47:51","slug":"el-ayuntamiento-oferta-120-plazas-mas-en-visitas-guiadas-en-castellano-a-la-casa-consistorial-una-iniciativa-vinculada-a-la-conmemoracion-del-privilegio-de-la-union","status":"publish","type":"post","link":"https:\/\/www.laguiadepamplona.com\/actualidad\/el-ayuntamiento-oferta-120-plazas-mas-en-visitas-guiadas-en-castellano-a-la-casa-consistorial-una-iniciativa-vinculada-a-la-conmemoracion-del-privilegio-de-la-union\/","title":{"rendered":"El Ayuntamiento oferta 120 plazas m\u00e1s en visitas guiadas en castellano a la Casa Consistorial, una iniciativa vinculada a la conmemoraci\u00f3n del Privilegio de la Uni\u00f3n"},"content":{"rendered":"<h5>Desde hoy se pueden reservar en el 010 y en <a href=\"http:\/\/www.pamplona.es\">www.pamplona.es<\/a>, y tienen car\u00e1cter gratuito<\/h5>\n<p><!--more--><\/p>\n<p>El Ayuntamiento de Pamplona ha decidido ampliar en 120 plazas las 600 inicialmente ofertadas en visitas guiadas en castellano a la Casa Consistorial con motivo del Privilegio de la Uni\u00f3n. Tras haberse agotado las plazas iniciales, ahora se han ampliado en cinco personas m\u00e1s los 24 grupos previstos de recorridos en castellano. Todas las plazas libres, tanto las nuevas de castellano, como las restantes de euskera, se pueden reservar desde hoy a trav\u00e9s del tel\u00e9fono de informaci\u00f3n ciudadana 010 (948 420100), o de la p\u00e1gina <a href=\"http:\/\/www.pamplona.es\/visitas-guiadas-la-casa-consistorial\" target=\"_blank\" rel=\"noopener\">www.pamplona.es\/visitas-guiadas-la-casa-consistorial<\/a> de la web municipal, que tambi\u00e9n incluye en su portada un acceso directo a esta opci\u00f3n.<br \/>\n<script async src=\"\/\/pagead2.googlesyndication.com\/pagead\/js\/adsbygoogle.js\"><\/script><br \/>\n<!-- Noticias La Guia de Pamplona --><br \/>\n<ins class=\"adsbygoogle\"\nstyle=\"display:block\"\ndata-ad-client=\"ca-pub-6943679897239327\"\ndata-ad-slot=\"7048180777\"\ndata-ad-format=\"auto\"><\/ins><br \/>\n<script>\n(adsbygoogle = window.adsbygoogle || []).push({});\n<\/script><\/p>\n<p>Entre el 2 y el 9 de septiembre hasta 920 personas podr\u00e1n participar en las visitas conmemorativas entre plazas de castellano y plazas de euskera, que se adjudican por orden de solicitud. Los grupos acoger\u00e1n un m\u00e1ximo de 30 personas y solo se registrar\u00e1 una inscripci\u00f3n por persona. Los menores de 6 a\u00f1os no requieren inscripci\u00f3n previa.<\/p>\n<p>Los recorridos visitan las estancias y espacios del edificio, desde el zagu\u00e1n de acceso hasta la llamada Planta Noble, accediendo tambi\u00e9n al balc\u00f3n desde el que se lanza el Chupinazo que da inicio a las fiestas de San Ferm\u00edn. La visita permite conocer la historia de la ciudad, del edificio y del patrimonio art\u00edstico que alberga en su interior en aproximadamente 40 minutos.<\/p>\n<p>Para quien quiera hacerse una idea de qu\u00e9 se va a visitar, o para las personas que no puedan asistir a estos recorridos, existe una alternativa virtual. En el enlace <a href=\"https:\/\/www.pamplona.es\/visita-virtual-casa-consistorial\" target=\"_blank\" rel=\"noopener\">https:\/\/www.pamplona.es\/visita-virtual-casa-consistorial<\/a> se podr\u00e1 recorrer virtualmente todas las estancias municipales y obtener informaci\u00f3n detallada de algunos puntos o elementos mediante desplegables que marcan puntos de inter\u00e9s. La visita se puede realizar en castellano o en euskera y elegir la opci\u00f3n de hacerla con o sin m\u00fasica de fondo.<br \/>\n<script async src=\"\/\/pagead2.googlesyndication.com\/pagead\/js\/adsbygoogle.js\"><\/script><br \/>\n<!-- Noticias La Guia de Pamplona --><br \/>\n<ins class=\"adsbygoogle\"\nstyle=\"display:block\"\ndata-ad-client=\"ca-pub-6943679897239327\"\ndata-ad-slot=\"7048180777\"\ndata-ad-format=\"auto\"><\/ins><br \/>\n<script>\n(adsbygoogle = window.adsbygoogle || []).push({});\n<\/script><\/p>\n<p>&nbsp;<\/p>\n<p><strong>Horarios de las visitas guiadas<\/strong><\/p>\n<ul>\n<li>Vienes, 2 de septiembre:\n<ul>\n<li>12:00 en castellano<\/li>\n<li>13:00 en castellano<\/li>\n<li>17:00 en castellano<\/li>\n<li>18:00 en euskera<\/li>\n<li>19:00 en castellano<\/li>\n<li>20:00 en castellano<\/li>\n<\/ul>\n<\/li>\n<li>S\u00e1bado, 3 de septiembre:\n<ul>\n<li>11:00 en castellano<\/li>\n<li>12:00 en castellano<\/li>\n<li>13:00 en euskera<\/li>\n<li>17:00 en castellano<\/li>\n<li>18: 00 en euskera<\/li>\n<li>19:00 en castellano<\/li>\n<\/ul>\n<\/li>\n<li>Domingo, 4 de septiembre:\n<ul>\n<li>11:00 en castellano<\/li>\n<li>12:00 en castellano<\/li>\n<li>13:00 en euskera<\/li>\n<li>17:00 en castellano<\/li>\n<li>18:00 en castellano<\/li>\n<li>19:00 en castellano<\/li>\n<\/ul>\n<\/li>\n<li>Lunes, 5 de septiembre:\n<ul>\n<li>12:00 en castellano<\/li>\n<li>13:00 en castellano<\/li>\n<li>17:00 en castellano<\/li>\n<li>18:00 en euskera<\/li>\n<li>19:00 en castellano<\/li>\n<\/ul>\n<\/li>\n<li>Martes, 6 de septiembre:\n<ul>\n<li>17:00 en castellano<\/li>\n<li>18:00 en euskera<\/li>\n<li>19:00 en castellano<\/li>\n<\/ul>\n<\/li>\n<li>Mi\u00e9rcoles, 7 de septiembre:\n<ul>\n<li>17:00 en castellano<\/li>\n<li>18:00 en euskera<\/li>\n<li>19:00 en castellano<\/li>\n<\/ul>\n<\/li>\n<li>Viernes, 9 de septiembre:\n<ul>\n<li>17:00 en castellano<\/li>\n<li>18:00 en euskera<\/li>\n<li>19:00 en castellano<\/li>\n<\/ul>\n<\/li>\n<\/ul>\n","protected":false},"excerpt":{"rendered":"<p>Desde hoy se pueden reservar en el 010 y en www.pamplona.es, y tienen car\u00e1cter gratuito<\/p>\n","protected":false},"author":1,"featured_media":41391,"comment_status":"open","ping_status":"closed","sticky":false,"template":"","format":"standard","meta":{"footnotes":""},"categories":[2],"tags":[],"class_list":["post-41433","post","type-post","status-publish","format-standard","has-post-thumbnail","hentry","category-ayuntamiento-pamplona"],"yoast_head":"<!-- This site is optimized with the Yoast SEO plugin v27.5 - https:\/\/yoast.com\/product\/yoast-seo-wordpress\/ -->\n<title>El Ayuntamiento oferta 120 plazas m\u00e1s en visitas guiadas en castellano a la Casa Consistorial, una iniciativa vinculada a la conmemoraci\u00f3n del Privilegio de la Uni\u00f3n<\/title>\n<meta name=\"description\" content=\"Desde hoy se pueden reservar en el 010 y en www.pamplona.es, y tienen car\u00e1cter gratuito\" \/>\n<meta name=\"robots\" content=\"index, follow, max-snippet:-1, max-image-preview:large, max-video-preview:-1\" \/>\n<link rel=\"canonical\" href=\"https:\/\/www.laguiadepamplona.com\/actualidad\/el-ayuntamiento-oferta-120-plazas-mas-en-visitas-guiadas-en-castellano-a-la-casa-consistorial-una-iniciativa-vinculada-a-la-conmemoracion-del-privilegio-de-la-union\/\" \/>\n<meta property=\"og:locale\" content=\"es_ES\" \/>\n<meta property=\"og:type\" content=\"article\" \/>\n<meta property=\"og:title\" content=\"El Ayuntamiento oferta 120 plazas m\u00e1s en visitas guiadas en castellano a la Casa Consistorial, una iniciativa vinculada a la conmemoraci\u00f3n del Privilegio de la Uni\u00f3n\" \/>\n<meta property=\"og:description\" content=\"Desde hoy se pueden reservar en el 010 y en www.pamplona.es, y tienen car\u00e1cter gratuito\" \/>\n<meta property=\"og:url\" content=\"https:\/\/www.laguiadepamplona.com\/actualidad\/el-ayuntamiento-oferta-120-plazas-mas-en-visitas-guiadas-en-castellano-a-la-casa-consistorial-una-iniciativa-vinculada-a-la-conmemoracion-del-privilegio-de-la-union\/\" \/>\n<meta property=\"og:site_name\" content=\"La Gu\u00eda de Pamplona\" \/>\n<meta property=\"article:publisher\" content=\"https:\/\/www.facebook.com\/laguiadepamplonacom-133175176762273\/?ref=hl\" \/>\n<meta property=\"article:published_time\" content=\"2022-08-30T11:45:51+00:00\" \/>\n<meta property=\"article:modified_time\" content=\"2023-04-11T09:47:51+00:00\" \/>\n<meta property=\"og:image\" content=\"https:\/\/www.laguiadepamplona.com\/actualidad\/wp-content\/uploads\/2022\/08\/reloj_ayuntamiento.webp\" \/>\n\t<meta property=\"og:image:width\" content=\"1920\" \/>\n\t<meta property=\"og:image:height\" content=\"1245\" \/>\n\t<meta property=\"og:image:type\" content=\"image\/webp\" \/>\n<meta name=\"author\" content=\"La Gu\u00eda de Pamplona\" \/>\n<meta name=\"twitter:card\" content=\"summary_large_image\" \/>\n<meta name=\"twitter:creator\" content=\"@LaGuiadPamplona\" \/>\n<meta name=\"twitter:site\" content=\"@LaGuiadPamplona\" \/>\n<meta name=\"twitter:label1\" content=\"Escrito por\" \/>\n\t<meta name=\"twitter:data1\" content=\"La Gu\u00eda de Pamplona\" \/>\n\t<meta name=\"twitter:label2\" content=\"Tiempo de lectura\" \/>\n\t<meta name=\"twitter:data2\" content=\"3 minutos\" \/>\n<script type=\"application\/ld+json\" class=\"yoast-schema-graph\">{\"@context\":\"https:\\\/\\\/schema.org\",\"@graph\":[{\"@type\":\"Article\",\"@id\":\"https:\\\/\\\/www.laguiadepamplona.com\\\/actualidad\\\/el-ayuntamiento-oferta-120-plazas-mas-en-visitas-guiadas-en-castellano-a-la-casa-consistorial-una-iniciativa-vinculada-a-la-conmemoracion-del-privilegio-de-la-union\\\/#article\",\"isPartOf\":{\"@id\":\"https:\\\/\\\/www.laguiadepamplona.com\\\/actualidad\\\/el-ayuntamiento-oferta-120-plazas-mas-en-visitas-guiadas-en-castellano-a-la-casa-consistorial-una-iniciativa-vinculada-a-la-conmemoracion-del-privilegio-de-la-union\\\/\"},\"author\":{\"name\":\"La Gu\u00eda de Pamplona\",\"@id\":\"https:\\\/\\\/www.laguiadepamplona.com\\\/actualidad\\\/#\\\/schema\\\/person\\\/efe887376f0213d4657c93adc50b1fdb\"},\"headline\":\"El Ayuntamiento oferta 120 plazas m\u00e1s en visitas guiadas en castellano a la Casa Consistorial, una iniciativa vinculada a la conmemoraci\u00f3n del Privilegio de la Uni\u00f3n\",\"datePublished\":\"2022-08-30T11:45:51+00:00\",\"dateModified\":\"2023-04-11T09:47:51+00:00\",\"mainEntityOfPage\":{\"@id\":\"https:\\\/\\\/www.laguiadepamplona.com\\\/actualidad\\\/el-ayuntamiento-oferta-120-plazas-mas-en-visitas-guiadas-en-castellano-a-la-casa-consistorial-una-iniciativa-vinculada-a-la-conmemoracion-del-privilegio-de-la-union\\\/\"},\"wordCount\":455,\"commentCount\":0,\"publisher\":{\"@id\":\"https:\\\/\\\/www.laguiadepamplona.com\\\/actualidad\\\/#organization\"},\"image\":{\"@id\":\"https:\\\/\\\/www.laguiadepamplona.com\\\/actualidad\\\/el-ayuntamiento-oferta-120-plazas-mas-en-visitas-guiadas-en-castellano-a-la-casa-consistorial-una-iniciativa-vinculada-a-la-conmemoracion-del-privilegio-de-la-union\\\/#primaryimage\"},\"thumbnailUrl\":\"https:\\\/\\\/www.laguiadepamplona.com\\\/actualidad\\\/wp-content\\\/uploads\\\/2022\\\/08\\\/reloj_ayuntamiento.webp\",\"articleSection\":[\"Ayto Pamplona\"],\"inLanguage\":\"es\",\"potentialAction\":[{\"@type\":\"CommentAction\",\"name\":\"Comment\",\"target\":[\"https:\\\/\\\/www.laguiadepamplona.com\\\/actualidad\\\/el-ayuntamiento-oferta-120-plazas-mas-en-visitas-guiadas-en-castellano-a-la-casa-consistorial-una-iniciativa-vinculada-a-la-conmemoracion-del-privilegio-de-la-union\\\/#respond\"]}]},{\"@type\":\"WebPage\",\"@id\":\"https:\\\/\\\/www.laguiadepamplona.com\\\/actualidad\\\/el-ayuntamiento-oferta-120-plazas-mas-en-visitas-guiadas-en-castellano-a-la-casa-consistorial-una-iniciativa-vinculada-a-la-conmemoracion-del-privilegio-de-la-union\\\/\",\"url\":\"https:\\\/\\\/www.laguiadepamplona.com\\\/actualidad\\\/el-ayuntamiento-oferta-120-plazas-mas-en-visitas-guiadas-en-castellano-a-la-casa-consistorial-una-iniciativa-vinculada-a-la-conmemoracion-del-privilegio-de-la-union\\\/\",\"name\":\"El Ayuntamiento oferta 120 plazas m\u00e1s en visitas guiadas en castellano a la Casa Consistorial, una iniciativa vinculada a la conmemoraci\u00f3n del Privilegio de la Uni\u00f3n\",\"isPartOf\":{\"@id\":\"https:\\\/\\\/www.laguiadepamplona.com\\\/actualidad\\\/#website\"},\"primaryImageOfPage\":{\"@id\":\"https:\\\/\\\/www.laguiadepamplona.com\\\/actualidad\\\/el-ayuntamiento-oferta-120-plazas-mas-en-visitas-guiadas-en-castellano-a-la-casa-consistorial-una-iniciativa-vinculada-a-la-conmemoracion-del-privilegio-de-la-union\\\/#primaryimage\"},\"image\":{\"@id\":\"https:\\\/\\\/www.laguiadepamplona.com\\\/actualidad\\\/el-ayuntamiento-oferta-120-plazas-mas-en-visitas-guiadas-en-castellano-a-la-casa-consistorial-una-iniciativa-vinculada-a-la-conmemoracion-del-privilegio-de-la-union\\\/#primaryimage\"},\"thumbnailUrl\":\"https:\\\/\\\/www.laguiadepamplona.com\\\/actualidad\\\/wp-content\\\/uploads\\\/2022\\\/08\\\/reloj_ayuntamiento.webp\",\"datePublished\":\"2022-08-30T11:45:51+00:00\",\"dateModified\":\"2023-04-11T09:47:51+00:00\",\"description\":\"Desde hoy se pueden reservar en el 010 y en www.pamplona.es, y tienen car\u00e1cter gratuito\",\"breadcrumb\":{\"@id\":\"https:\\\/\\\/www.laguiadepamplona.com\\\/actualidad\\\/el-ayuntamiento-oferta-120-plazas-mas-en-visitas-guiadas-en-castellano-a-la-casa-consistorial-una-iniciativa-vinculada-a-la-conmemoracion-del-privilegio-de-la-union\\\/#breadcrumb\"},\"inLanguage\":\"es\",\"potentialAction\":[{\"@type\":\"ReadAction\",\"target\":[\"https:\\\/\\\/www.laguiadepamplona.com\\\/actualidad\\\/el-ayuntamiento-oferta-120-plazas-mas-en-visitas-guiadas-en-castellano-a-la-casa-consistorial-una-iniciativa-vinculada-a-la-conmemoracion-del-privilegio-de-la-union\\\/\"]}]},{\"@type\":\"ImageObject\",\"inLanguage\":\"es\",\"@id\":\"https:\\\/\\\/www.laguiadepamplona.com\\\/actualidad\\\/el-ayuntamiento-oferta-120-plazas-mas-en-visitas-guiadas-en-castellano-a-la-casa-consistorial-una-iniciativa-vinculada-a-la-conmemoracion-del-privilegio-de-la-union\\\/#primaryimage\",\"url\":\"https:\\\/\\\/www.laguiadepamplona.com\\\/actualidad\\\/wp-content\\\/uploads\\\/2022\\\/08\\\/reloj_ayuntamiento.webp\",\"contentUrl\":\"https:\\\/\\\/www.laguiadepamplona.com\\\/actualidad\\\/wp-content\\\/uploads\\\/2022\\\/08\\\/reloj_ayuntamiento.webp\",\"width\":1920,\"height\":1245,\"caption\":\"ayuntamiento\"},{\"@type\":\"BreadcrumbList\",\"@id\":\"https:\\\/\\\/www.laguiadepamplona.com\\\/actualidad\\\/el-ayuntamiento-oferta-120-plazas-mas-en-visitas-guiadas-en-castellano-a-la-casa-consistorial-una-iniciativa-vinculada-a-la-conmemoracion-del-privilegio-de-la-union\\\/#breadcrumb\",\"itemListElement\":[{\"@type\":\"ListItem\",\"position\":1,\"name\":\"Portada\",\"item\":\"https:\\\/\\\/www.laguiadepamplona.com\\\/actualidad\\\/\"},{\"@type\":\"ListItem\",\"position\":2,\"name\":\"El Ayuntamiento oferta 120 plazas m\u00e1s en visitas guiadas en castellano a la Casa Consistorial, una iniciativa vinculada a la conmemoraci\u00f3n del Privilegio de la Uni\u00f3n\"}]},{\"@type\":\"WebSite\",\"@id\":\"https:\\\/\\\/www.laguiadepamplona.com\\\/actualidad\\\/#website\",\"url\":\"https:\\\/\\\/www.laguiadepamplona.com\\\/actualidad\\\/\",\"name\":\"La gu\u00eda de Pamplona\",\"description\":\"Noticias de Pamplona\",\"publisher\":{\"@id\":\"https:\\\/\\\/www.laguiadepamplona.com\\\/actualidad\\\/#organization\"},\"potentialAction\":[{\"@type\":\"SearchAction\",\"target\":{\"@type\":\"EntryPoint\",\"urlTemplate\":\"https:\\\/\\\/www.laguiadepamplona.com\\\/actualidad\\\/?s={search_term_string}\"},\"query-input\":{\"@type\":\"PropertyValueSpecification\",\"valueRequired\":true,\"valueName\":\"search_term_string\"}}],\"inLanguage\":\"es\"},{\"@type\":\"Organization\",\"@id\":\"https:\\\/\\\/www.laguiadepamplona.com\\\/actualidad\\\/#organization\",\"name\":\"La Gu\u00eda de Pamplona \\\/ Noticias\",\"url\":\"https:\\\/\\\/www.laguiadepamplona.com\\\/actualidad\\\/\",\"logo\":{\"@type\":\"ImageObject\",\"inLanguage\":\"es\",\"@id\":\"https:\\\/\\\/www.laguiadepamplona.com\\\/actualidad\\\/#\\\/schema\\\/logo\\\/image\\\/\",\"url\":\"https:\\\/\\\/www.laguiadepamplona.com\\\/actualidad\\\/wp-content\\\/uploads\\\/2018\\\/11\\\/logo-laguiadepamplona18-web1.png\",\"contentUrl\":\"https:\\\/\\\/www.laguiadepamplona.com\\\/actualidad\\\/wp-content\\\/uploads\\\/2018\\\/11\\\/logo-laguiadepamplona18-web1.png\",\"width\":600,\"height\":196,\"caption\":\"La Gu\u00eda de Pamplona \\\/ Noticias\"},\"image\":{\"@id\":\"https:\\\/\\\/www.laguiadepamplona.com\\\/actualidad\\\/#\\\/schema\\\/logo\\\/image\\\/\"},\"sameAs\":[\"https:\\\/\\\/www.facebook.com\\\/laguiadepamplonacom-133175176762273\\\/?ref=hl\",\"https:\\\/\\\/x.com\\\/LaGuiadPamplona\",\"https:\\\/\\\/www.instagram.com\\\/la_guia_de_pamplona\\\/\",\"https:\\\/\\\/www.youtube.com\\\/user\\\/laguiadepamplona\"]},{\"@type\":\"Person\",\"@id\":\"https:\\\/\\\/www.laguiadepamplona.com\\\/actualidad\\\/#\\\/schema\\\/person\\\/efe887376f0213d4657c93adc50b1fdb\",\"name\":\"La Gu\u00eda de Pamplona\",\"image\":{\"@type\":\"ImageObject\",\"inLanguage\":\"es\",\"@id\":\"https:\\\/\\\/secure.gravatar.com\\\/avatar\\\/b6992f131dc8d30ab0dff15446e9d346d9dbd95992de0fef795073f5ea83a81c?s=96&d=mm&r=g\",\"url\":\"https:\\\/\\\/secure.gravatar.com\\\/avatar\\\/b6992f131dc8d30ab0dff15446e9d346d9dbd95992de0fef795073f5ea83a81c?s=96&d=mm&r=g\",\"contentUrl\":\"https:\\\/\\\/secure.gravatar.com\\\/avatar\\\/b6992f131dc8d30ab0dff15446e9d346d9dbd95992de0fef795073f5ea83a81c?s=96&d=mm&r=g\",\"caption\":\"La Gu\u00eda de Pamplona\"}}]}<\/script>\n<!-- \/ Yoast SEO plugin. -->","yoast_head_json":{"title":"El Ayuntamiento oferta 120 plazas m\u00e1s en visitas guiadas en castellano a la Casa Consistorial, una iniciativa vinculada a la conmemoraci\u00f3n del Privilegio de la Uni\u00f3n","description":"Desde hoy se pueden reservar en el 010 y en www.pamplona.es, y tienen car\u00e1cter gratuito","robots":{"index":"index","follow":"follow","max-snippet":"max-snippet:-1","max-image-preview":"max-image-preview:large","max-video-preview":"max-video-preview:-1"},"canonical":"https:\/\/www.laguiadepamplona.com\/actualidad\/el-ayuntamiento-oferta-120-plazas-mas-en-visitas-guiadas-en-castellano-a-la-casa-consistorial-una-iniciativa-vinculada-a-la-conmemoracion-del-privilegio-de-la-union\/","og_locale":"es_ES","og_type":"article","og_title":"El Ayuntamiento oferta 120 plazas m\u00e1s en visitas guiadas en castellano a la Casa Consistorial, una iniciativa vinculada a la conmemoraci\u00f3n del Privilegio de la Uni\u00f3n","og_description":"Desde hoy se pueden reservar en el 010 y en www.pamplona.es, y tienen car\u00e1cter gratuito","og_url":"https:\/\/www.laguiadepamplona.com\/actualidad\/el-ayuntamiento-oferta-120-plazas-mas-en-visitas-guiadas-en-castellano-a-la-casa-consistorial-una-iniciativa-vinculada-a-la-conmemoracion-del-privilegio-de-la-union\/","og_site_name":"La Gu\u00eda de Pamplona","article_publisher":"https:\/\/www.facebook.com\/laguiadepamplonacom-133175176762273\/?ref=hl","article_published_time":"2022-08-30T11:45:51+00:00","article_modified_time":"2023-04-11T09:47:51+00:00","og_image":[{"width":1920,"height":1245,"url":"https:\/\/www.laguiadepamplona.com\/actualidad\/wp-content\/uploads\/2022\/08\/reloj_ayuntamiento.webp","type":"image\/webp"}],"author":"La Gu\u00eda de Pamplona","twitter_card":"summary_large_image","twitter_creator":"@LaGuiadPamplona","twitter_site":"@LaGuiadPamplona","twitter_misc":{"Escrito por":"La Gu\u00eda de Pamplona","Tiempo de lectura":"3 minutos"},"schema":{"@context":"https:\/\/schema.org","@graph":[{"@type":"Article","@id":"https:\/\/www.laguiadepamplona.com\/actualidad\/el-ayuntamiento-oferta-120-plazas-mas-en-visitas-guiadas-en-castellano-a-la-casa-consistorial-una-iniciativa-vinculada-a-la-conmemoracion-del-privilegio-de-la-union\/#article","isPartOf":{"@id":"https:\/\/www.laguiadepamplona.com\/actualidad\/el-ayuntamiento-oferta-120-plazas-mas-en-visitas-guiadas-en-castellano-a-la-casa-consistorial-una-iniciativa-vinculada-a-la-conmemoracion-del-privilegio-de-la-union\/"},"author":{"name":"La Gu\u00eda de Pamplona","@id":"https:\/\/www.laguiadepamplona.com\/actualidad\/#\/schema\/person\/efe887376f0213d4657c93adc50b1fdb"},"headline":"El Ayuntamiento oferta 120 plazas m\u00e1s en visitas guiadas en castellano a la Casa Consistorial, una iniciativa vinculada a la conmemoraci\u00f3n del Privilegio de la Uni\u00f3n","datePublished":"2022-08-30T11:45:51+00:00","dateModified":"2023-04-11T09:47:51+00:00","mainEntityOfPage":{"@id":"https:\/\/www.laguiadepamplona.com\/actualidad\/el-ayuntamiento-oferta-120-plazas-mas-en-visitas-guiadas-en-castellano-a-la-casa-consistorial-una-iniciativa-vinculada-a-la-conmemoracion-del-privilegio-de-la-union\/"},"wordCount":455,"commentCount":0,"publisher":{"@id":"https:\/\/www.laguiadepamplona.com\/actualidad\/#organization"},"image":{"@id":"https:\/\/www.laguiadepamplona.com\/actualidad\/el-ayuntamiento-oferta-120-plazas-mas-en-visitas-guiadas-en-castellano-a-la-casa-consistorial-una-iniciativa-vinculada-a-la-conmemoracion-del-privilegio-de-la-union\/#primaryimage"},"thumbnailUrl":"https:\/\/www.laguiadepamplona.com\/actualidad\/wp-content\/uploads\/2022\/08\/reloj_ayuntamiento.webp","articleSection":["Ayto Pamplona"],"inLanguage":"es","potentialAction":[{"@type":"CommentAction","name":"Comment","target":["https:\/\/www.laguiadepamplona.com\/actualidad\/el-ayuntamiento-oferta-120-plazas-mas-en-visitas-guiadas-en-castellano-a-la-casa-consistorial-una-iniciativa-vinculada-a-la-conmemoracion-del-privilegio-de-la-union\/#respond"]}]},{"@type":"WebPage","@id":"https:\/\/www.laguiadepamplona.com\/actualidad\/el-ayuntamiento-oferta-120-plazas-mas-en-visitas-guiadas-en-castellano-a-la-casa-consistorial-una-iniciativa-vinculada-a-la-conmemoracion-del-privilegio-de-la-union\/","url":"https:\/\/www.laguiadepamplona.com\/actualidad\/el-ayuntamiento-oferta-120-plazas-mas-en-visitas-guiadas-en-castellano-a-la-casa-consistorial-una-iniciativa-vinculada-a-la-conmemoracion-del-privilegio-de-la-union\/","name":"El Ayuntamiento oferta 120 plazas m\u00e1s en visitas guiadas en castellano a la Casa Consistorial, una iniciativa vinculada a la conmemoraci\u00f3n del Privilegio de la Uni\u00f3n","isPartOf":{"@id":"https:\/\/www.laguiadepamplona.com\/actualidad\/#website"},"primaryImageOfPage":{"@id":"https:\/\/www.laguiadepamplona.com\/actualidad\/el-ayuntamiento-oferta-120-plazas-mas-en-visitas-guiadas-en-castellano-a-la-casa-consistorial-una-iniciativa-vinculada-a-la-conmemoracion-del-privilegio-de-la-union\/#primaryimage"},"image":{"@id":"https:\/\/www.laguiadepamplona.com\/actualidad\/el-ayuntamiento-oferta-120-plazas-mas-en-visitas-guiadas-en-castellano-a-la-casa-consistorial-una-iniciativa-vinculada-a-la-conmemoracion-del-privilegio-de-la-union\/#primaryimage"},"thumbnailUrl":"https:\/\/www.laguiadepamplona.com\/actualidad\/wp-content\/uploads\/2022\/08\/reloj_ayuntamiento.webp","datePublished":"2022-08-30T11:45:51+00:00","dateModified":"2023-04-11T09:47:51+00:00","description":"Desde hoy se pueden reservar en el 010 y en www.pamplona.es, y tienen car\u00e1cter gratuito","breadcrumb":{"@id":"https:\/\/www.laguiadepamplona.com\/actualidad\/el-ayuntamiento-oferta-120-plazas-mas-en-visitas-guiadas-en-castellano-a-la-casa-consistorial-una-iniciativa-vinculada-a-la-conmemoracion-del-privilegio-de-la-union\/#breadcrumb"},"inLanguage":"es","potentialAction":[{"@type":"ReadAction","target":["https:\/\/www.laguiadepamplona.com\/actualidad\/el-ayuntamiento-oferta-120-plazas-mas-en-visitas-guiadas-en-castellano-a-la-casa-consistorial-una-iniciativa-vinculada-a-la-conmemoracion-del-privilegio-de-la-union\/"]}]},{"@type":"ImageObject","inLanguage":"es","@id":"https:\/\/www.laguiadepamplona.com\/actualidad\/el-ayuntamiento-oferta-120-plazas-mas-en-visitas-guiadas-en-castellano-a-la-casa-consistorial-una-iniciativa-vinculada-a-la-conmemoracion-del-privilegio-de-la-union\/#primaryimage","url":"https:\/\/www.laguiadepamplona.com\/actualidad\/wp-content\/uploads\/2022\/08\/reloj_ayuntamiento.webp","contentUrl":"https:\/\/www.laguiadepamplona.com\/actualidad\/wp-content\/uploads\/2022\/08\/reloj_ayuntamiento.webp","width":1920,"height":1245,"caption":"ayuntamiento"},{"@type":"BreadcrumbList","@id":"https:\/\/www.laguiadepamplona.com\/actualidad\/el-ayuntamiento-oferta-120-plazas-mas-en-visitas-guiadas-en-castellano-a-la-casa-consistorial-una-iniciativa-vinculada-a-la-conmemoracion-del-privilegio-de-la-union\/#breadcrumb","itemListElement":[{"@type":"ListItem","position":1,"name":"Portada","item":"https:\/\/www.laguiadepamplona.com\/actualidad\/"},{"@type":"ListItem","position":2,"name":"El Ayuntamiento oferta 120 plazas m\u00e1s en visitas guiadas en castellano a la Casa Consistorial, una iniciativa vinculada a la conmemoraci\u00f3n del Privilegio de la Uni\u00f3n"}]},{"@type":"WebSite","@id":"https:\/\/www.laguiadepamplona.com\/actualidad\/#website","url":"https:\/\/www.laguiadepamplona.com\/actualidad\/","name":"La gu\u00eda de Pamplona","description":"Noticias de Pamplona","publisher":{"@id":"https:\/\/www.laguiadepamplona.com\/actualidad\/#organization"},"potentialAction":[{"@type":"SearchAction","target":{"@type":"EntryPoint","urlTemplate":"https:\/\/www.laguiadepamplona.com\/actualidad\/?s={search_term_string}"},"query-input":{"@type":"PropertyValueSpecification","valueRequired":true,"valueName":"search_term_string"}}],"inLanguage":"es"},{"@type":"Organization","@id":"https:\/\/www.laguiadepamplona.com\/actualidad\/#organization","name":"La Gu\u00eda de Pamplona \/ Noticias","url":"https:\/\/www.laguiadepamplona.com\/actualidad\/","logo":{"@type":"ImageObject","inLanguage":"es","@id":"https:\/\/www.laguiadepamplona.com\/actualidad\/#\/schema\/logo\/image\/","url":"https:\/\/www.laguiadepamplona.com\/actualidad\/wp-content\/uploads\/2018\/11\/logo-laguiadepamplona18-web1.png","contentUrl":"https:\/\/www.laguiadepamplona.com\/actualidad\/wp-content\/uploads\/2018\/11\/logo-laguiadepamplona18-web1.png","width":600,"height":196,"caption":"La Gu\u00eda de Pamplona \/ Noticias"},"image":{"@id":"https:\/\/www.laguiadepamplona.com\/actualidad\/#\/schema\/logo\/image\/"},"sameAs":["https:\/\/www.facebook.com\/laguiadepamplonacom-133175176762273\/?ref=hl","https:\/\/x.com\/LaGuiadPamplona","https:\/\/www.instagram.com\/la_guia_de_pamplona\/","https:\/\/www.youtube.com\/user\/laguiadepamplona"]},{"@type":"Person","@id":"https:\/\/www.laguiadepamplona.com\/actualidad\/#\/schema\/person\/efe887376f0213d4657c93adc50b1fdb","name":"La Gu\u00eda de Pamplona","image":{"@type":"ImageObject","inLanguage":"es","@id":"https:\/\/secure.gravatar.com\/avatar\/b6992f131dc8d30ab0dff15446e9d346d9dbd95992de0fef795073f5ea83a81c?s=96&d=mm&r=g","url":"https:\/\/secure.gravatar.com\/avatar\/b6992f131dc8d30ab0dff15446e9d346d9dbd95992de0fef795073f5ea83a81c?s=96&d=mm&r=g","contentUrl":"https:\/\/secure.gravatar.com\/avatar\/b6992f131dc8d30ab0dff15446e9d346d9dbd95992de0fef795073f5ea83a81c?s=96&d=mm&r=g","caption":"La Gu\u00eda de Pamplona"}}]}},"post_mailing_queue_ids":[],"_links":{"self":[{"href":"https:\/\/www.laguiadepamplona.com\/actualidad\/wp-json\/wp\/v2\/posts\/41433","targetHints":{"allow":["GET"]}}],"collection":[{"href":"https:\/\/www.laguiadepamplona.com\/actualidad\/wp-json\/wp\/v2\/posts"}],"about":[{"href":"https:\/\/www.laguiadepamplona.com\/actualidad\/wp-json\/wp\/v2\/types\/post"}],"author":[{"embeddable":true,"href":"https:\/\/www.laguiadepamplona.com\/actualidad\/wp-json\/wp\/v2\/users\/1"}],"replies":[{"embeddable":true,"href":"https:\/\/www.laguiadepamplona.com\/actualidad\/wp-json\/wp\/v2\/comments?post=41433"}],"version-history":[{"count":0,"href":"https:\/\/www.laguiadepamplona.com\/actualidad\/wp-json\/wp\/v2\/posts\/41433\/revisions"}],"wp:featuredmedia":[{"embeddable":true,"href":"https:\/\/www.laguiadepamplona.com\/actualidad\/wp-json\/wp\/v2\/media\/41391"}],"wp:attachment":[{"href":"https:\/\/www.laguiadepamplona.com\/actualidad\/wp-json\/wp\/v2\/media?parent=41433"}],"wp:term":[{"taxonomy":"category","embeddable":true,"href":"https:\/\/www.laguiadepamplona.com\/actualidad\/wp-json\/wp\/v2\/categories?post=41433"},{"taxonomy":"post_tag","embeddable":true,"href":"https:\/\/www.laguiadepamplona.com\/actualidad\/wp-json\/wp\/v2\/tags?post=41433"}],"curies":[{"name":"wp","href":"https:\/\/api.w.org\/{rel}","templated":true}]}}