{"id":41427,"date":"2022-08-30T13:33:28","date_gmt":"2022-08-30T11:33:28","guid":{"rendered":"https:\/\/www.laguiadepamplona.com\/actualidad\/?p=41427"},"modified":"2023-04-11T11:47:51","modified_gmt":"2023-04-11T09:47:51","slug":"el-jueves-1-de-septiembre-comienza-el-horario-de-invierno-en-algunos-servicios-municipales-como-civivox-la-casa-de-la-juventud-o-la-biblioteca-de-mujeres","status":"publish","type":"post","link":"https:\/\/www.laguiadepamplona.com\/actualidad\/el-jueves-1-de-septiembre-comienza-el-horario-de-invierno-en-algunos-servicios-municipales-como-civivox-la-casa-de-la-juventud-o-la-biblioteca-de-mujeres\/","title":{"rendered":"El jueves 1 de septiembre comienza el horario de invierno en algunos servicios municipales como Civivox, la Casa de la Juventud o la Biblioteca de mujeres"},"content":{"rendered":"<h5>El Tel\u00e9fono de Atenci\u00f3n Ciudadana recupera las ma\u00f1anas de los s\u00e1bados y ya ha reabierto el registro de Zapater\u00eda, 40<\/h5>\n<p><!--more--><\/p>\n<p>Los servicios municipales van reinstaurando su horario habitual tras el verano. El Tel\u00e9fono de Atenci\u00f3n Ciudadana 010 (tambi\u00e9n 948 420 100) recupera su horario habitual y atender\u00e1 a la ciudadan\u00eda desde el jueves 1 de septiembre de lunes a viernes de 8 a 19 horas y las ma\u00f1anas de los s\u00e1bados, de 9.30 a 13.30 horas.<br \/>\n<script async src=\"\/\/pagead2.googlesyndication.com\/pagead\/js\/adsbygoogle.js\"><\/script><br \/>\n<!-- Noticias La Guia de Pamplona --><br \/>\n<ins class=\"adsbygoogle\"\nstyle=\"display:block\"\ndata-ad-client=\"ca-pub-6943679897239327\"\ndata-ad-slot=\"7048180777\"\ndata-ad-format=\"auto\"><\/ins><br \/>\n<script>\n(adsbygoogle = window.adsbygoogle || []).push({});\n<\/script><\/p>\n<p>Adem\u00e1s, desde esta semana el sistema de registros municipales trabaja al completo, con la reapertura del registro auxiliar de Zapater\u00eda 40, de forma que ya est\u00e1n habilitados los seis servicios presenciales ordinarios de lunes a viernes 8.30 a 14.30 horas. Adem\u00e1s del registro auxiliar del \u00c1rea de Servicios Generales (calle Zapater\u00eda, 40), el Ayuntamiento atiende desde el Registro General en Palacio del Condestable (Oficina de Atenci\u00f3n Ciudadana), la Oficina de Rehabilitaci\u00f3n (calle Eslava, 1 planta baja), el \u00c1rea de Cultura e Igualdad, (calle Descalzos, 72), en el \u00c1rea de Seguridad Ciudadana (calle Monasterio de Irache, 2) y en el \u00c1rea de Urbanismo y Vivienda (avenida del Ej\u00e9rcito 2, 5\u00aa planta).<\/p>\n<p>La red de centros Civivox abrir\u00e1 de a partir del jueves de lunes a s\u00e1bado de 9 a 14 y de 17 a 21 horas, y los de Iturrama, Mendillorri y San Jorge abrir\u00e1n algunos domingos, seg\u00fan la programaci\u00f3n que alberguen. Como es habitual Civivox Condestable (Mayor, 2) mantiene un horario extendido, de lunes a viernes de 9 a 22 horas y los s\u00e1bados de 9 a 14 y de 17 a 22 horas, adem\u00e1s de abrir algunos domingos. Tambi\u00e9n vuelve a su horario de invierno este pr\u00f3ximo d\u00eda 1 de septiembre la Casa de la Juventud (Sang\u00fcesa, 30). Desde esa fecha sus instalaciones estar\u00e1n abiertas de lunes a de 9 a 14 y de 17 a 22 horas; s\u00e1bados de 10 a 14 y de 17 a 21 horas, y los domingos, en horario de ma\u00f1ana: de 10 a 14 horas.<br \/>\n<script async src=\"\/\/pagead2.googlesyndication.com\/pagead\/js\/adsbygoogle.js\"><\/script><br \/>\n<!-- Noticias La Guia de Pamplona --><br \/>\n<ins class=\"adsbygoogle\"\nstyle=\"display:block\"\ndata-ad-client=\"ca-pub-6943679897239327\"\ndata-ad-slot=\"7048180777\"\ndata-ad-format=\"auto\"><\/ins><br \/>\n<script>\n(adsbygoogle = window.adsbygoogle || []).push({});\n<\/script><\/p>\n<p>El centro de interpretaci\u00f3n ubicado en el Fort\u00edn de San Bartolom\u00e9, entre el 1 de septiembre y el d\u00eda 7 de octubre atender\u00e1 al p\u00fablico los fines de semana: s\u00e1bados y domingos de 11 a 14 horas. La entrada al centro entre esas fechas es gratuita. Asimismo, el centro Ultreia (Mayor, 20) hasta el 15 de septiembre abrir\u00e1 en horario de ma\u00f1ana y tarde: de lunes a s\u00e1bado de 10 a 14 y de 16 a 20 horas.<\/p>\n<p>En los centros dependientes del servicio de Igualdad este pr\u00f3ximo jueves \u00fanicamente habr\u00e1 cambios en el Centro de documentaci\u00f3n y biblioteca de mujeres Silvia Fern\u00e1ndez Viguera (calle Compa\u00f1\u00eda, 19) que comenzar\u00e1 a atender de lunes a viernes de 10 a 14 y de 17 a 20 horas.<\/p>\n","protected":false},"excerpt":{"rendered":"<p>El Tel\u00e9fono de Atenci\u00f3n Ciudadana recupera las ma\u00f1anas de los s\u00e1bados y ya ha reabierto el registro de Zapater\u00eda, 40<\/p>\n","protected":false},"author":1,"featured_media":41428,"comment_status":"open","ping_status":"closed","sticky":false,"template":"","format":"standard","meta":{"footnotes":""},"categories":[2],"tags":[],"class_list":["post-41427","post","type-post","status-publish","format-standard","has-post-thumbnail","hentry","category-ayuntamiento-pamplona"],"yoast_head":"<!-- This site is optimized with the Yoast SEO plugin v27.3 - https:\/\/yoast.com\/product\/yoast-seo-wordpress\/ -->\n<title>El jueves 1 de septiembre comienza el horario de invierno en algunos servicios municipales como Civivox, la Casa de la Juventud o la Biblioteca de mujeres<\/title>\n<meta name=\"description\" content=\"El Tel\u00e9fono de Atenci\u00f3n Ciudadana recupera las ma\u00f1anas de los s\u00e1bados y ya ha reabierto el registro de Zapater\u00eda, 40\" \/>\n<meta name=\"robots\" content=\"index, follow, max-snippet:-1, max-image-preview:large, max-video-preview:-1\" \/>\n<link rel=\"canonical\" href=\"https:\/\/www.laguiadepamplona.com\/actualidad\/el-jueves-1-de-septiembre-comienza-el-horario-de-invierno-en-algunos-servicios-municipales-como-civivox-la-casa-de-la-juventud-o-la-biblioteca-de-mujeres\/\" \/>\n<meta property=\"og:locale\" content=\"es_ES\" \/>\n<meta property=\"og:type\" content=\"article\" \/>\n<meta property=\"og:title\" content=\"El jueves 1 de septiembre comienza el horario de invierno en algunos servicios municipales como Civivox, la Casa de la Juventud o la Biblioteca de mujeres\" \/>\n<meta property=\"og:description\" content=\"El Tel\u00e9fono de Atenci\u00f3n Ciudadana recupera las ma\u00f1anas de los s\u00e1bados y ya ha reabierto el registro de Zapater\u00eda, 40\" \/>\n<meta property=\"og:url\" content=\"https:\/\/www.laguiadepamplona.com\/actualidad\/el-jueves-1-de-septiembre-comienza-el-horario-de-invierno-en-algunos-servicios-municipales-como-civivox-la-casa-de-la-juventud-o-la-biblioteca-de-mujeres\/\" \/>\n<meta property=\"og:site_name\" content=\"La Gu\u00eda de Pamplona\" \/>\n<meta property=\"article:publisher\" content=\"https:\/\/www.facebook.com\/laguiadepamplonacom-133175176762273\/?ref=hl\" \/>\n<meta property=\"article:published_time\" content=\"2022-08-30T11:33:28+00:00\" \/>\n<meta property=\"article:modified_time\" content=\"2023-04-11T09:47:51+00:00\" \/>\n<meta property=\"og:image\" content=\"https:\/\/www.laguiadepamplona.com\/actualidad\/wp-content\/uploads\/2022\/08\/casamujer_JMG8107.webp\" \/>\n\t<meta property=\"og:image:width\" content=\"1920\" \/>\n\t<meta property=\"og:image:height\" content=\"1280\" \/>\n\t<meta property=\"og:image:type\" content=\"image\/webp\" \/>\n<meta name=\"author\" content=\"La Gu\u00eda de Pamplona\" \/>\n<meta name=\"twitter:card\" content=\"summary_large_image\" \/>\n<meta name=\"twitter:creator\" content=\"@LaGuiadPamplona\" \/>\n<meta name=\"twitter:site\" content=\"@LaGuiadPamplona\" \/>\n<meta name=\"twitter:label1\" content=\"Escrito por\" \/>\n\t<meta name=\"twitter:data1\" content=\"La Gu\u00eda de Pamplona\" \/>\n\t<meta name=\"twitter:label2\" content=\"Tiempo de lectura\" \/>\n\t<meta name=\"twitter:data2\" content=\"3 minutos\" \/>\n<script type=\"application\/ld+json\" class=\"yoast-schema-graph\">{\"@context\":\"https:\\\/\\\/schema.org\",\"@graph\":[{\"@type\":\"Article\",\"@id\":\"https:\\\/\\\/www.laguiadepamplona.com\\\/actualidad\\\/el-jueves-1-de-septiembre-comienza-el-horario-de-invierno-en-algunos-servicios-municipales-como-civivox-la-casa-de-la-juventud-o-la-biblioteca-de-mujeres\\\/#article\",\"isPartOf\":{\"@id\":\"https:\\\/\\\/www.laguiadepamplona.com\\\/actualidad\\\/el-jueves-1-de-septiembre-comienza-el-horario-de-invierno-en-algunos-servicios-municipales-como-civivox-la-casa-de-la-juventud-o-la-biblioteca-de-mujeres\\\/\"},\"author\":{\"name\":\"La Gu\u00eda de Pamplona\",\"@id\":\"https:\\\/\\\/www.laguiadepamplona.com\\\/actualidad\\\/#\\\/schema\\\/person\\\/efe887376f0213d4657c93adc50b1fdb\"},\"headline\":\"El jueves 1 de septiembre comienza el horario de invierno en algunos servicios municipales como Civivox, la Casa de la Juventud o la Biblioteca de mujeres\",\"datePublished\":\"2022-08-30T11:33:28+00:00\",\"dateModified\":\"2023-04-11T09:47:51+00:00\",\"mainEntityOfPage\":{\"@id\":\"https:\\\/\\\/www.laguiadepamplona.com\\\/actualidad\\\/el-jueves-1-de-septiembre-comienza-el-horario-de-invierno-en-algunos-servicios-municipales-como-civivox-la-casa-de-la-juventud-o-la-biblioteca-de-mujeres\\\/\"},\"wordCount\":464,\"commentCount\":0,\"publisher\":{\"@id\":\"https:\\\/\\\/www.laguiadepamplona.com\\\/actualidad\\\/#organization\"},\"image\":{\"@id\":\"https:\\\/\\\/www.laguiadepamplona.com\\\/actualidad\\\/el-jueves-1-de-septiembre-comienza-el-horario-de-invierno-en-algunos-servicios-municipales-como-civivox-la-casa-de-la-juventud-o-la-biblioteca-de-mujeres\\\/#primaryimage\"},\"thumbnailUrl\":\"https:\\\/\\\/www.laguiadepamplona.com\\\/actualidad\\\/wp-content\\\/uploads\\\/2022\\\/08\\\/casamujer_JMG8107.webp\",\"articleSection\":[\"Ayto Pamplona\"],\"inLanguage\":\"es\",\"potentialAction\":[{\"@type\":\"CommentAction\",\"name\":\"Comment\",\"target\":[\"https:\\\/\\\/www.laguiadepamplona.com\\\/actualidad\\\/el-jueves-1-de-septiembre-comienza-el-horario-de-invierno-en-algunos-servicios-municipales-como-civivox-la-casa-de-la-juventud-o-la-biblioteca-de-mujeres\\\/#respond\"]}]},{\"@type\":\"WebPage\",\"@id\":\"https:\\\/\\\/www.laguiadepamplona.com\\\/actualidad\\\/el-jueves-1-de-septiembre-comienza-el-horario-de-invierno-en-algunos-servicios-municipales-como-civivox-la-casa-de-la-juventud-o-la-biblioteca-de-mujeres\\\/\",\"url\":\"https:\\\/\\\/www.laguiadepamplona.com\\\/actualidad\\\/el-jueves-1-de-septiembre-comienza-el-horario-de-invierno-en-algunos-servicios-municipales-como-civivox-la-casa-de-la-juventud-o-la-biblioteca-de-mujeres\\\/\",\"name\":\"El jueves 1 de septiembre comienza el horario de invierno en algunos servicios municipales como Civivox, la Casa de la Juventud o la Biblioteca de mujeres\",\"isPartOf\":{\"@id\":\"https:\\\/\\\/www.laguiadepamplona.com\\\/actualidad\\\/#website\"},\"primaryImageOfPage\":{\"@id\":\"https:\\\/\\\/www.laguiadepamplona.com\\\/actualidad\\\/el-jueves-1-de-septiembre-comienza-el-horario-de-invierno-en-algunos-servicios-municipales-como-civivox-la-casa-de-la-juventud-o-la-biblioteca-de-mujeres\\\/#primaryimage\"},\"image\":{\"@id\":\"https:\\\/\\\/www.laguiadepamplona.com\\\/actualidad\\\/el-jueves-1-de-septiembre-comienza-el-horario-de-invierno-en-algunos-servicios-municipales-como-civivox-la-casa-de-la-juventud-o-la-biblioteca-de-mujeres\\\/#primaryimage\"},\"thumbnailUrl\":\"https:\\\/\\\/www.laguiadepamplona.com\\\/actualidad\\\/wp-content\\\/uploads\\\/2022\\\/08\\\/casamujer_JMG8107.webp\",\"datePublished\":\"2022-08-30T11:33:28+00:00\",\"dateModified\":\"2023-04-11T09:47:51+00:00\",\"description\":\"El Tel\u00e9fono de Atenci\u00f3n Ciudadana recupera las ma\u00f1anas de los s\u00e1bados y ya ha reabierto el registro de Zapater\u00eda, 40\",\"breadcrumb\":{\"@id\":\"https:\\\/\\\/www.laguiadepamplona.com\\\/actualidad\\\/el-jueves-1-de-septiembre-comienza-el-horario-de-invierno-en-algunos-servicios-municipales-como-civivox-la-casa-de-la-juventud-o-la-biblioteca-de-mujeres\\\/#breadcrumb\"},\"inLanguage\":\"es\",\"potentialAction\":[{\"@type\":\"ReadAction\",\"target\":[\"https:\\\/\\\/www.laguiadepamplona.com\\\/actualidad\\\/el-jueves-1-de-septiembre-comienza-el-horario-de-invierno-en-algunos-servicios-municipales-como-civivox-la-casa-de-la-juventud-o-la-biblioteca-de-mujeres\\\/\"]}]},{\"@type\":\"ImageObject\",\"inLanguage\":\"es\",\"@id\":\"https:\\\/\\\/www.laguiadepamplona.com\\\/actualidad\\\/el-jueves-1-de-septiembre-comienza-el-horario-de-invierno-en-algunos-servicios-municipales-como-civivox-la-casa-de-la-juventud-o-la-biblioteca-de-mujeres\\\/#primaryimage\",\"url\":\"https:\\\/\\\/www.laguiadepamplona.com\\\/actualidad\\\/wp-content\\\/uploads\\\/2022\\\/08\\\/casamujer_JMG8107.webp\",\"contentUrl\":\"https:\\\/\\\/www.laguiadepamplona.com\\\/actualidad\\\/wp-content\\\/uploads\\\/2022\\\/08\\\/casamujer_JMG8107.webp\",\"width\":1920,\"height\":1280},{\"@type\":\"BreadcrumbList\",\"@id\":\"https:\\\/\\\/www.laguiadepamplona.com\\\/actualidad\\\/el-jueves-1-de-septiembre-comienza-el-horario-de-invierno-en-algunos-servicios-municipales-como-civivox-la-casa-de-la-juventud-o-la-biblioteca-de-mujeres\\\/#breadcrumb\",\"itemListElement\":[{\"@type\":\"ListItem\",\"position\":1,\"name\":\"Portada\",\"item\":\"https:\\\/\\\/www.laguiadepamplona.com\\\/actualidad\\\/\"},{\"@type\":\"ListItem\",\"position\":2,\"name\":\"El jueves 1 de septiembre comienza el horario de invierno en algunos servicios municipales como Civivox, la Casa de la Juventud o la Biblioteca de mujeres\"}]},{\"@type\":\"WebSite\",\"@id\":\"https:\\\/\\\/www.laguiadepamplona.com\\\/actualidad\\\/#website\",\"url\":\"https:\\\/\\\/www.laguiadepamplona.com\\\/actualidad\\\/\",\"name\":\"La gu\u00eda de Pamplona\",\"description\":\"Noticias de Pamplona\",\"publisher\":{\"@id\":\"https:\\\/\\\/www.laguiadepamplona.com\\\/actualidad\\\/#organization\"},\"potentialAction\":[{\"@type\":\"SearchAction\",\"target\":{\"@type\":\"EntryPoint\",\"urlTemplate\":\"https:\\\/\\\/www.laguiadepamplona.com\\\/actualidad\\\/?s={search_term_string}\"},\"query-input\":{\"@type\":\"PropertyValueSpecification\",\"valueRequired\":true,\"valueName\":\"search_term_string\"}}],\"inLanguage\":\"es\"},{\"@type\":\"Organization\",\"@id\":\"https:\\\/\\\/www.laguiadepamplona.com\\\/actualidad\\\/#organization\",\"name\":\"La Gu\u00eda de Pamplona \\\/ Noticias\",\"url\":\"https:\\\/\\\/www.laguiadepamplona.com\\\/actualidad\\\/\",\"logo\":{\"@type\":\"ImageObject\",\"inLanguage\":\"es\",\"@id\":\"https:\\\/\\\/www.laguiadepamplona.com\\\/actualidad\\\/#\\\/schema\\\/logo\\\/image\\\/\",\"url\":\"https:\\\/\\\/www.laguiadepamplona.com\\\/actualidad\\\/wp-content\\\/uploads\\\/2018\\\/11\\\/logo-laguiadepamplona18-web1.png\",\"contentUrl\":\"https:\\\/\\\/www.laguiadepamplona.com\\\/actualidad\\\/wp-content\\\/uploads\\\/2018\\\/11\\\/logo-laguiadepamplona18-web1.png\",\"width\":600,\"height\":196,\"caption\":\"La Gu\u00eda de Pamplona \\\/ Noticias\"},\"image\":{\"@id\":\"https:\\\/\\\/www.laguiadepamplona.com\\\/actualidad\\\/#\\\/schema\\\/logo\\\/image\\\/\"},\"sameAs\":[\"https:\\\/\\\/www.facebook.com\\\/laguiadepamplonacom-133175176762273\\\/?ref=hl\",\"https:\\\/\\\/x.com\\\/LaGuiadPamplona\",\"https:\\\/\\\/www.instagram.com\\\/la_guia_de_pamplona\\\/\",\"https:\\\/\\\/www.youtube.com\\\/user\\\/laguiadepamplona\"]},{\"@type\":\"Person\",\"@id\":\"https:\\\/\\\/www.laguiadepamplona.com\\\/actualidad\\\/#\\\/schema\\\/person\\\/efe887376f0213d4657c93adc50b1fdb\",\"name\":\"La Gu\u00eda de Pamplona\",\"image\":{\"@type\":\"ImageObject\",\"inLanguage\":\"es\",\"@id\":\"https:\\\/\\\/secure.gravatar.com\\\/avatar\\\/b6992f131dc8d30ab0dff15446e9d346d9dbd95992de0fef795073f5ea83a81c?s=96&d=mm&r=g\",\"url\":\"https:\\\/\\\/secure.gravatar.com\\\/avatar\\\/b6992f131dc8d30ab0dff15446e9d346d9dbd95992de0fef795073f5ea83a81c?s=96&d=mm&r=g\",\"contentUrl\":\"https:\\\/\\\/secure.gravatar.com\\\/avatar\\\/b6992f131dc8d30ab0dff15446e9d346d9dbd95992de0fef795073f5ea83a81c?s=96&d=mm&r=g\",\"caption\":\"La Gu\u00eda de Pamplona\"}}]}<\/script>\n<!-- \/ Yoast SEO plugin. -->","yoast_head_json":{"title":"El jueves 1 de septiembre comienza el horario de invierno en algunos servicios municipales como Civivox, la Casa de la Juventud o la Biblioteca de mujeres","description":"El Tel\u00e9fono de Atenci\u00f3n Ciudadana recupera las ma\u00f1anas de los s\u00e1bados y ya ha reabierto el registro de Zapater\u00eda, 40","robots":{"index":"index","follow":"follow","max-snippet":"max-snippet:-1","max-image-preview":"max-image-preview:large","max-video-preview":"max-video-preview:-1"},"canonical":"https:\/\/www.laguiadepamplona.com\/actualidad\/el-jueves-1-de-septiembre-comienza-el-horario-de-invierno-en-algunos-servicios-municipales-como-civivox-la-casa-de-la-juventud-o-la-biblioteca-de-mujeres\/","og_locale":"es_ES","og_type":"article","og_title":"El jueves 1 de septiembre comienza el horario de invierno en algunos servicios municipales como Civivox, la Casa de la Juventud o la Biblioteca de mujeres","og_description":"El Tel\u00e9fono de Atenci\u00f3n Ciudadana recupera las ma\u00f1anas de los s\u00e1bados y ya ha reabierto el registro de Zapater\u00eda, 40","og_url":"https:\/\/www.laguiadepamplona.com\/actualidad\/el-jueves-1-de-septiembre-comienza-el-horario-de-invierno-en-algunos-servicios-municipales-como-civivox-la-casa-de-la-juventud-o-la-biblioteca-de-mujeres\/","og_site_name":"La Gu\u00eda de Pamplona","article_publisher":"https:\/\/www.facebook.com\/laguiadepamplonacom-133175176762273\/?ref=hl","article_published_time":"2022-08-30T11:33:28+00:00","article_modified_time":"2023-04-11T09:47:51+00:00","og_image":[{"width":1920,"height":1280,"url":"https:\/\/www.laguiadepamplona.com\/actualidad\/wp-content\/uploads\/2022\/08\/casamujer_JMG8107.webp","type":"image\/webp"}],"author":"La Gu\u00eda de Pamplona","twitter_card":"summary_large_image","twitter_creator":"@LaGuiadPamplona","twitter_site":"@LaGuiadPamplona","twitter_misc":{"Escrito por":"La Gu\u00eda de Pamplona","Tiempo de lectura":"3 minutos"},"schema":{"@context":"https:\/\/schema.org","@graph":[{"@type":"Article","@id":"https:\/\/www.laguiadepamplona.com\/actualidad\/el-jueves-1-de-septiembre-comienza-el-horario-de-invierno-en-algunos-servicios-municipales-como-civivox-la-casa-de-la-juventud-o-la-biblioteca-de-mujeres\/#article","isPartOf":{"@id":"https:\/\/www.laguiadepamplona.com\/actualidad\/el-jueves-1-de-septiembre-comienza-el-horario-de-invierno-en-algunos-servicios-municipales-como-civivox-la-casa-de-la-juventud-o-la-biblioteca-de-mujeres\/"},"author":{"name":"La Gu\u00eda de Pamplona","@id":"https:\/\/www.laguiadepamplona.com\/actualidad\/#\/schema\/person\/efe887376f0213d4657c93adc50b1fdb"},"headline":"El jueves 1 de septiembre comienza el horario de invierno en algunos servicios municipales como Civivox, la Casa de la Juventud o la Biblioteca de mujeres","datePublished":"2022-08-30T11:33:28+00:00","dateModified":"2023-04-11T09:47:51+00:00","mainEntityOfPage":{"@id":"https:\/\/www.laguiadepamplona.com\/actualidad\/el-jueves-1-de-septiembre-comienza-el-horario-de-invierno-en-algunos-servicios-municipales-como-civivox-la-casa-de-la-juventud-o-la-biblioteca-de-mujeres\/"},"wordCount":464,"commentCount":0,"publisher":{"@id":"https:\/\/www.laguiadepamplona.com\/actualidad\/#organization"},"image":{"@id":"https:\/\/www.laguiadepamplona.com\/actualidad\/el-jueves-1-de-septiembre-comienza-el-horario-de-invierno-en-algunos-servicios-municipales-como-civivox-la-casa-de-la-juventud-o-la-biblioteca-de-mujeres\/#primaryimage"},"thumbnailUrl":"https:\/\/www.laguiadepamplona.com\/actualidad\/wp-content\/uploads\/2022\/08\/casamujer_JMG8107.webp","articleSection":["Ayto Pamplona"],"inLanguage":"es","potentialAction":[{"@type":"CommentAction","name":"Comment","target":["https:\/\/www.laguiadepamplona.com\/actualidad\/el-jueves-1-de-septiembre-comienza-el-horario-de-invierno-en-algunos-servicios-municipales-como-civivox-la-casa-de-la-juventud-o-la-biblioteca-de-mujeres\/#respond"]}]},{"@type":"WebPage","@id":"https:\/\/www.laguiadepamplona.com\/actualidad\/el-jueves-1-de-septiembre-comienza-el-horario-de-invierno-en-algunos-servicios-municipales-como-civivox-la-casa-de-la-juventud-o-la-biblioteca-de-mujeres\/","url":"https:\/\/www.laguiadepamplona.com\/actualidad\/el-jueves-1-de-septiembre-comienza-el-horario-de-invierno-en-algunos-servicios-municipales-como-civivox-la-casa-de-la-juventud-o-la-biblioteca-de-mujeres\/","name":"El jueves 1 de septiembre comienza el horario de invierno en algunos servicios municipales como Civivox, la Casa de la Juventud o la Biblioteca de mujeres","isPartOf":{"@id":"https:\/\/www.laguiadepamplona.com\/actualidad\/#website"},"primaryImageOfPage":{"@id":"https:\/\/www.laguiadepamplona.com\/actualidad\/el-jueves-1-de-septiembre-comienza-el-horario-de-invierno-en-algunos-servicios-municipales-como-civivox-la-casa-de-la-juventud-o-la-biblioteca-de-mujeres\/#primaryimage"},"image":{"@id":"https:\/\/www.laguiadepamplona.com\/actualidad\/el-jueves-1-de-septiembre-comienza-el-horario-de-invierno-en-algunos-servicios-municipales-como-civivox-la-casa-de-la-juventud-o-la-biblioteca-de-mujeres\/#primaryimage"},"thumbnailUrl":"https:\/\/www.laguiadepamplona.com\/actualidad\/wp-content\/uploads\/2022\/08\/casamujer_JMG8107.webp","datePublished":"2022-08-30T11:33:28+00:00","dateModified":"2023-04-11T09:47:51+00:00","description":"El Tel\u00e9fono de Atenci\u00f3n Ciudadana recupera las ma\u00f1anas de los s\u00e1bados y ya ha reabierto el registro de Zapater\u00eda, 40","breadcrumb":{"@id":"https:\/\/www.laguiadepamplona.com\/actualidad\/el-jueves-1-de-septiembre-comienza-el-horario-de-invierno-en-algunos-servicios-municipales-como-civivox-la-casa-de-la-juventud-o-la-biblioteca-de-mujeres\/#breadcrumb"},"inLanguage":"es","potentialAction":[{"@type":"ReadAction","target":["https:\/\/www.laguiadepamplona.com\/actualidad\/el-jueves-1-de-septiembre-comienza-el-horario-de-invierno-en-algunos-servicios-municipales-como-civivox-la-casa-de-la-juventud-o-la-biblioteca-de-mujeres\/"]}]},{"@type":"ImageObject","inLanguage":"es","@id":"https:\/\/www.laguiadepamplona.com\/actualidad\/el-jueves-1-de-septiembre-comienza-el-horario-de-invierno-en-algunos-servicios-municipales-como-civivox-la-casa-de-la-juventud-o-la-biblioteca-de-mujeres\/#primaryimage","url":"https:\/\/www.laguiadepamplona.com\/actualidad\/wp-content\/uploads\/2022\/08\/casamujer_JMG8107.webp","contentUrl":"https:\/\/www.laguiadepamplona.com\/actualidad\/wp-content\/uploads\/2022\/08\/casamujer_JMG8107.webp","width":1920,"height":1280},{"@type":"BreadcrumbList","@id":"https:\/\/www.laguiadepamplona.com\/actualidad\/el-jueves-1-de-septiembre-comienza-el-horario-de-invierno-en-algunos-servicios-municipales-como-civivox-la-casa-de-la-juventud-o-la-biblioteca-de-mujeres\/#breadcrumb","itemListElement":[{"@type":"ListItem","position":1,"name":"Portada","item":"https:\/\/www.laguiadepamplona.com\/actualidad\/"},{"@type":"ListItem","position":2,"name":"El jueves 1 de septiembre comienza el horario de invierno en algunos servicios municipales como Civivox, la Casa de la Juventud o la Biblioteca de mujeres"}]},{"@type":"WebSite","@id":"https:\/\/www.laguiadepamplona.com\/actualidad\/#website","url":"https:\/\/www.laguiadepamplona.com\/actualidad\/","name":"La gu\u00eda de Pamplona","description":"Noticias de Pamplona","publisher":{"@id":"https:\/\/www.laguiadepamplona.com\/actualidad\/#organization"},"potentialAction":[{"@type":"SearchAction","target":{"@type":"EntryPoint","urlTemplate":"https:\/\/www.laguiadepamplona.com\/actualidad\/?s={search_term_string}"},"query-input":{"@type":"PropertyValueSpecification","valueRequired":true,"valueName":"search_term_string"}}],"inLanguage":"es"},{"@type":"Organization","@id":"https:\/\/www.laguiadepamplona.com\/actualidad\/#organization","name":"La Gu\u00eda de Pamplona \/ Noticias","url":"https:\/\/www.laguiadepamplona.com\/actualidad\/","logo":{"@type":"ImageObject","inLanguage":"es","@id":"https:\/\/www.laguiadepamplona.com\/actualidad\/#\/schema\/logo\/image\/","url":"https:\/\/www.laguiadepamplona.com\/actualidad\/wp-content\/uploads\/2018\/11\/logo-laguiadepamplona18-web1.png","contentUrl":"https:\/\/www.laguiadepamplona.com\/actualidad\/wp-content\/uploads\/2018\/11\/logo-laguiadepamplona18-web1.png","width":600,"height":196,"caption":"La Gu\u00eda de Pamplona \/ Noticias"},"image":{"@id":"https:\/\/www.laguiadepamplona.com\/actualidad\/#\/schema\/logo\/image\/"},"sameAs":["https:\/\/www.facebook.com\/laguiadepamplonacom-133175176762273\/?ref=hl","https:\/\/x.com\/LaGuiadPamplona","https:\/\/www.instagram.com\/la_guia_de_pamplona\/","https:\/\/www.youtube.com\/user\/laguiadepamplona"]},{"@type":"Person","@id":"https:\/\/www.laguiadepamplona.com\/actualidad\/#\/schema\/person\/efe887376f0213d4657c93adc50b1fdb","name":"La Gu\u00eda de Pamplona","image":{"@type":"ImageObject","inLanguage":"es","@id":"https:\/\/secure.gravatar.com\/avatar\/b6992f131dc8d30ab0dff15446e9d346d9dbd95992de0fef795073f5ea83a81c?s=96&d=mm&r=g","url":"https:\/\/secure.gravatar.com\/avatar\/b6992f131dc8d30ab0dff15446e9d346d9dbd95992de0fef795073f5ea83a81c?s=96&d=mm&r=g","contentUrl":"https:\/\/secure.gravatar.com\/avatar\/b6992f131dc8d30ab0dff15446e9d346d9dbd95992de0fef795073f5ea83a81c?s=96&d=mm&r=g","caption":"La Gu\u00eda de Pamplona"}}]}},"post_mailing_queue_ids":[],"_links":{"self":[{"href":"https:\/\/www.laguiadepamplona.com\/actualidad\/wp-json\/wp\/v2\/posts\/41427","targetHints":{"allow":["GET"]}}],"collection":[{"href":"https:\/\/www.laguiadepamplona.com\/actualidad\/wp-json\/wp\/v2\/posts"}],"about":[{"href":"https:\/\/www.laguiadepamplona.com\/actualidad\/wp-json\/wp\/v2\/types\/post"}],"author":[{"embeddable":true,"href":"https:\/\/www.laguiadepamplona.com\/actualidad\/wp-json\/wp\/v2\/users\/1"}],"replies":[{"embeddable":true,"href":"https:\/\/www.laguiadepamplona.com\/actualidad\/wp-json\/wp\/v2\/comments?post=41427"}],"version-history":[{"count":0,"href":"https:\/\/www.laguiadepamplona.com\/actualidad\/wp-json\/wp\/v2\/posts\/41427\/revisions"}],"wp:featuredmedia":[{"embeddable":true,"href":"https:\/\/www.laguiadepamplona.com\/actualidad\/wp-json\/wp\/v2\/media\/41428"}],"wp:attachment":[{"href":"https:\/\/www.laguiadepamplona.com\/actualidad\/wp-json\/wp\/v2\/media?parent=41427"}],"wp:term":[{"taxonomy":"category","embeddable":true,"href":"https:\/\/www.laguiadepamplona.com\/actualidad\/wp-json\/wp\/v2\/categories?post=41427"},{"taxonomy":"post_tag","embeddable":true,"href":"https:\/\/www.laguiadepamplona.com\/actualidad\/wp-json\/wp\/v2\/tags?post=41427"}],"curies":[{"name":"wp","href":"https:\/\/api.w.org\/{rel}","templated":true}]}}