{"id":41410,"date":"2022-08-26T19:25:39","date_gmt":"2022-08-26T17:25:39","guid":{"rendered":"https:\/\/www.laguiadepamplona.com\/actualidad\/?p=41410"},"modified":"2023-04-11T11:47:52","modified_gmt":"2023-04-11T09:47:52","slug":"la-semana-que-viene-comienzan-las-obras-que-continuaran-el-eje-sostenible-de-labrit-desde-el-fronton-hasta-la-interseccion-con-la-calle-duque-de-ahumada","status":"publish","type":"post","link":"https:\/\/www.laguiadepamplona.com\/actualidad\/la-semana-que-viene-comienzan-las-obras-que-continuaran-el-eje-sostenible-de-labrit-desde-el-fronton-hasta-la-interseccion-con-la-calle-duque-de-ahumada\/","title":{"rendered":"La semana que viene comienzan las obras que continuar\u00e1n el eje sostenible de Labrit desde el front\u00f3n hasta la intersecci\u00f3n con la calle Duque de Ahumada"},"content":{"rendered":"<h5>Los trabajos se inician con la reestructuraci\u00f3n del aparcamiento junto al front\u00f3n Labrit por el que transcurrir\u00e1 el carril bici en paralelo a la acera arbolada<\/h5>\n<p><!--more--><\/p>\n<p>El Ayuntamiento de Pamplona va a completar en los pr\u00f3ximos meses el eje sostenible del Labrit, con actuaciones a partir de la semana que viene en el tramo comprendido entre la pasarela y la intersecci\u00f3n con la calle Duque de Ahumada. Las primeras actuaciones se centrar\u00e1n en la bolsa de aparcamiento junto al front\u00f3n Labrit que reestructurar\u00e1 sus espacios para acoger el carril bici junto a la acera de los \u00e1rboles.<\/p>\n<p>Los en torno a 200 metros que quedan de eje sostenible transitar\u00e1n por la parte derecha de la v\u00eda en direcci\u00f3n subida al centro de la ciudad. La actuaci\u00f3n incluye un nuevo paso peatonal a la altura del front\u00f3n Labrit. Este paso mejorar\u00e1 la conexi\u00f3n peatonal con el Casco Antiguo y permitir\u00e1 el paso ciclista seguro desde el margen izquierdo de subida por la cuesta de Labrit a la altura de la pasarela, al margen derecho, desde donde discurrir\u00e1 el tramo final de carril bici, que atravesar\u00e1 la bolsa de aparcamiento y continuar\u00e1 por la acera arbolada hasta alcanzar Duque de Ahumada.<br \/>\n<script async src=\"\/\/pagead2.googlesyndication.com\/pagead\/js\/adsbygoogle.js\"><\/script><br \/>\n<!-- Noticias La Guia de Pamplona --><br \/>\n<ins class=\"adsbygoogle\"\nstyle=\"display:block\"\ndata-ad-client=\"ca-pub-6943679897239327\"\ndata-ad-slot=\"7048180777\"\ndata-ad-format=\"auto\"><\/ins><br \/>\n<script>\n(adsbygoogle = window.adsbygoogle || []).push({});\n<\/script><\/p>\n<p>El desarrollo de este eje supondr\u00e1 tambi\u00e9n cambios en el acceso precisamente a la bolsa de aparcamiento de Labrit. Una vez concluidos los trabajos, tanto la entrada como la salida al aparcamiento se realizar\u00e1 en la parte m\u00e1s alta, coincidiendo con el final de la calle San Agust\u00edn, que actualmente se utiliza \u00fanicamente de salida. Tras las obras, se eliminar\u00e1 la entrada de veh\u00edculos junto al front\u00f3n Labrit para garantizar la seguridad peatonal y ciclista en el cruce. Las villavesas nocturnas si podr\u00e1n continuar accediendo a la bolsa de aparcamiento por ese punto.<\/p>\n<p>As\u00ed las cosas, se mantendr\u00e1n dos carriles en sentido subida al centro de la ciudad, uno de ellos exclusivo para el autob\u00fas. El carril de coches quedar\u00e1 desdoblado como ocurre actualmente para favorecer la salida del sem\u00e1foro en la intersecci\u00f3n con calle Amaya, priorizando la del autob\u00fas. En sentido salida del centro de la ciudad, los dos carriles se mantendr\u00e1n hasta las incorporaciones de entrada y salida al aparcamiento y despu\u00e9s, a la altura del front\u00f3n Labrit, la v\u00eda se mantendr\u00e1 como carril \u00fanico como ocurre en la actualidad.<\/p>\n<p>Las obras del eje sostenible de Labrit que comunican el barrio de Txantrea con el centro de la ciudad, las est\u00e1 llevando a cabo la UTE Urbanismo T\u00e1ctico Pamplona, que conforman las empresas Lacunza Hermanos y Goyo Se\u00f1alizaciones. El presupuesto de adjudicaci\u00f3n de los trabajos fue de 1.190.000 euros. Las obras est\u00e1n financiadas con fondos europeos Next Generation EU, incluidas en el proyecto \u2018Pamplona Avanza. Medidas palanca de la movilidad sostenible y de bajas emisiones\u2019, aprobado por el Plan de Recuperaci\u00f3n, Transformaci\u00f3n y Resiliencia del Gobierno de Espa\u00f1a en la convocatoria de 2021. Este proyecto se enmarca tambi\u00e9n en la Estrategia Go Green que el Ayuntamiento de Pamplona desarrolla con medidas y actuaciones para hacer frente al cambio clim\u00e1tico.<br \/>\n<script async src=\"\/\/pagead2.googlesyndication.com\/pagead\/js\/adsbygoogle.js\"><\/script><br \/>\n<!-- Noticias La Guia de Pamplona --><br \/>\n<ins class=\"adsbygoogle\"\nstyle=\"display:block\"\ndata-ad-client=\"ca-pub-6943679897239327\"\ndata-ad-slot=\"7048180777\"\ndata-ad-format=\"auto\"><\/ins><br \/>\n<script>\n(adsbygoogle = window.adsbygoogle || []).push({});\n<\/script><\/p>\n<p><strong>Repintado de la bolsa de aparcamiento del front\u00f3n Labrit<\/strong><\/p>\n<p>Este viernes se han colocado ya las vallas que avisan de las obras de pintado que se van a ejecutar en el aparcamiento junto al front\u00f3n Labrit para garantizar que no haya veh\u00edculos estacionados el martes a las 8 de la ma\u00f1ana. El pintado se prolongar\u00e1 durante dos d\u00edas, hasta el mi\u00e9rcoles. No se limita completamente el aparcamiento en la zona, pues se podr\u00e1 acceder y salir por los lugares habituales y se podr\u00e1 estacionar los veh\u00edculos en las plazas que lindan con la acera de las viviendas.<\/p>\n<p>Se aprovechar\u00e1 el pintado para reestructurar esa zona de aparcamiento, elimin\u00e1ndose las plazas en l\u00ednea junto a la acera arbolada por ser el espacio por el transcurre el carril bici. De igual manera, el espacio central del aparcamiento se va a redistribuir para adaptarse a las dimensiones necesarias para acoger el carril bici y mantener los espacios de circulaci\u00f3n en el interior del aparcamiento.<\/p>\n","protected":false},"excerpt":{"rendered":"<p>Los trabajos se inician con la reestructuraci\u00f3n del aparcamiento junto al front\u00f3n Labrit por el que transcurrir\u00e1 el carril bici en paralelo a la acera arbolada<\/p>\n","protected":false},"author":1,"featured_media":41411,"comment_status":"open","ping_status":"closed","sticky":false,"template":"","format":"standard","meta":{"footnotes":""},"categories":[2],"tags":[],"class_list":["post-41410","post","type-post","status-publish","format-standard","has-post-thumbnail","hentry","category-ayuntamiento-pamplona"],"yoast_head":"<!-- This site is optimized with the Yoast SEO plugin v27.5 - https:\/\/yoast.com\/product\/yoast-seo-wordpress\/ -->\n<title>La semana que viene comienzan las obras que continuar\u00e1n el eje sostenible de Labrit desde el front\u00f3n hasta la intersecci\u00f3n con la calle Duque de Ahumada<\/title>\n<meta name=\"description\" content=\"Los trabajos se inician con la reestructuraci\u00f3n del aparcamiento junto al front\u00f3n Labrit por el que transcurrir\u00e1 el carril bici en paralelo a la acera arbolada\" \/>\n<meta name=\"robots\" content=\"index, follow, max-snippet:-1, max-image-preview:large, max-video-preview:-1\" \/>\n<link rel=\"canonical\" href=\"https:\/\/www.laguiadepamplona.com\/actualidad\/la-semana-que-viene-comienzan-las-obras-que-continuaran-el-eje-sostenible-de-labrit-desde-el-fronton-hasta-la-interseccion-con-la-calle-duque-de-ahumada\/\" \/>\n<meta property=\"og:locale\" content=\"es_ES\" \/>\n<meta property=\"og:type\" content=\"article\" \/>\n<meta property=\"og:title\" content=\"La semana que viene comienzan las obras que continuar\u00e1n el eje sostenible de Labrit desde el front\u00f3n hasta la intersecci\u00f3n con la calle Duque de Ahumada\" \/>\n<meta property=\"og:description\" content=\"Los trabajos se inician con la reestructuraci\u00f3n del aparcamiento junto al front\u00f3n Labrit por el que transcurrir\u00e1 el carril bici en paralelo a la acera arbolada\" \/>\n<meta property=\"og:url\" content=\"https:\/\/www.laguiadepamplona.com\/actualidad\/la-semana-que-viene-comienzan-las-obras-que-continuaran-el-eje-sostenible-de-labrit-desde-el-fronton-hasta-la-interseccion-con-la-calle-duque-de-ahumada\/\" \/>\n<meta property=\"og:site_name\" content=\"La Gu\u00eda de Pamplona\" \/>\n<meta property=\"article:publisher\" content=\"https:\/\/www.facebook.com\/laguiadepamplonacom-133175176762273\/?ref=hl\" \/>\n<meta property=\"article:published_time\" content=\"2022-08-26T17:25:39+00:00\" \/>\n<meta property=\"article:modified_time\" content=\"2023-04-11T09:47:52+00:00\" \/>\n<meta property=\"og:image\" content=\"https:\/\/www.laguiadepamplona.com\/actualidad\/wp-content\/uploads\/2022\/08\/Foto_Labrit_1_0.webp\" \/>\n\t<meta property=\"og:image:width\" content=\"1920\" \/>\n\t<meta property=\"og:image:height\" content=\"1280\" \/>\n\t<meta property=\"og:image:type\" content=\"image\/webp\" \/>\n<meta name=\"author\" content=\"La Gu\u00eda de Pamplona\" \/>\n<meta name=\"twitter:card\" content=\"summary_large_image\" \/>\n<meta name=\"twitter:creator\" content=\"@LaGuiadPamplona\" \/>\n<meta name=\"twitter:site\" content=\"@LaGuiadPamplona\" \/>\n<meta name=\"twitter:label1\" content=\"Escrito por\" \/>\n\t<meta name=\"twitter:data1\" content=\"La Gu\u00eda de Pamplona\" \/>\n\t<meta name=\"twitter:label2\" content=\"Tiempo de lectura\" \/>\n\t<meta name=\"twitter:data2\" content=\"4 minutos\" \/>\n<script type=\"application\/ld+json\" class=\"yoast-schema-graph\">{\"@context\":\"https:\\\/\\\/schema.org\",\"@graph\":[{\"@type\":\"Article\",\"@id\":\"https:\\\/\\\/www.laguiadepamplona.com\\\/actualidad\\\/la-semana-que-viene-comienzan-las-obras-que-continuaran-el-eje-sostenible-de-labrit-desde-el-fronton-hasta-la-interseccion-con-la-calle-duque-de-ahumada\\\/#article\",\"isPartOf\":{\"@id\":\"https:\\\/\\\/www.laguiadepamplona.com\\\/actualidad\\\/la-semana-que-viene-comienzan-las-obras-que-continuaran-el-eje-sostenible-de-labrit-desde-el-fronton-hasta-la-interseccion-con-la-calle-duque-de-ahumada\\\/\"},\"author\":{\"name\":\"La Gu\u00eda de Pamplona\",\"@id\":\"https:\\\/\\\/www.laguiadepamplona.com\\\/actualidad\\\/#\\\/schema\\\/person\\\/efe887376f0213d4657c93adc50b1fdb\"},\"headline\":\"La semana que viene comienzan las obras que continuar\u00e1n el eje sostenible de Labrit desde el front\u00f3n hasta la intersecci\u00f3n con la calle Duque de Ahumada\",\"datePublished\":\"2022-08-26T17:25:39+00:00\",\"dateModified\":\"2023-04-11T09:47:52+00:00\",\"mainEntityOfPage\":{\"@id\":\"https:\\\/\\\/www.laguiadepamplona.com\\\/actualidad\\\/la-semana-que-viene-comienzan-las-obras-que-continuaran-el-eje-sostenible-de-labrit-desde-el-fronton-hasta-la-interseccion-con-la-calle-duque-de-ahumada\\\/\"},\"wordCount\":732,\"commentCount\":0,\"publisher\":{\"@id\":\"https:\\\/\\\/www.laguiadepamplona.com\\\/actualidad\\\/#organization\"},\"image\":{\"@id\":\"https:\\\/\\\/www.laguiadepamplona.com\\\/actualidad\\\/la-semana-que-viene-comienzan-las-obras-que-continuaran-el-eje-sostenible-de-labrit-desde-el-fronton-hasta-la-interseccion-con-la-calle-duque-de-ahumada\\\/#primaryimage\"},\"thumbnailUrl\":\"https:\\\/\\\/www.laguiadepamplona.com\\\/actualidad\\\/wp-content\\\/uploads\\\/2022\\\/08\\\/Foto_Labrit_1_0.webp\",\"articleSection\":[\"Ayto Pamplona\"],\"inLanguage\":\"es\",\"potentialAction\":[{\"@type\":\"CommentAction\",\"name\":\"Comment\",\"target\":[\"https:\\\/\\\/www.laguiadepamplona.com\\\/actualidad\\\/la-semana-que-viene-comienzan-las-obras-que-continuaran-el-eje-sostenible-de-labrit-desde-el-fronton-hasta-la-interseccion-con-la-calle-duque-de-ahumada\\\/#respond\"]}]},{\"@type\":\"WebPage\",\"@id\":\"https:\\\/\\\/www.laguiadepamplona.com\\\/actualidad\\\/la-semana-que-viene-comienzan-las-obras-que-continuaran-el-eje-sostenible-de-labrit-desde-el-fronton-hasta-la-interseccion-con-la-calle-duque-de-ahumada\\\/\",\"url\":\"https:\\\/\\\/www.laguiadepamplona.com\\\/actualidad\\\/la-semana-que-viene-comienzan-las-obras-que-continuaran-el-eje-sostenible-de-labrit-desde-el-fronton-hasta-la-interseccion-con-la-calle-duque-de-ahumada\\\/\",\"name\":\"La semana que viene comienzan las obras que continuar\u00e1n el eje sostenible de Labrit desde el front\u00f3n hasta la intersecci\u00f3n con la calle Duque de Ahumada\",\"isPartOf\":{\"@id\":\"https:\\\/\\\/www.laguiadepamplona.com\\\/actualidad\\\/#website\"},\"primaryImageOfPage\":{\"@id\":\"https:\\\/\\\/www.laguiadepamplona.com\\\/actualidad\\\/la-semana-que-viene-comienzan-las-obras-que-continuaran-el-eje-sostenible-de-labrit-desde-el-fronton-hasta-la-interseccion-con-la-calle-duque-de-ahumada\\\/#primaryimage\"},\"image\":{\"@id\":\"https:\\\/\\\/www.laguiadepamplona.com\\\/actualidad\\\/la-semana-que-viene-comienzan-las-obras-que-continuaran-el-eje-sostenible-de-labrit-desde-el-fronton-hasta-la-interseccion-con-la-calle-duque-de-ahumada\\\/#primaryimage\"},\"thumbnailUrl\":\"https:\\\/\\\/www.laguiadepamplona.com\\\/actualidad\\\/wp-content\\\/uploads\\\/2022\\\/08\\\/Foto_Labrit_1_0.webp\",\"datePublished\":\"2022-08-26T17:25:39+00:00\",\"dateModified\":\"2023-04-11T09:47:52+00:00\",\"description\":\"Los trabajos se inician con la reestructuraci\u00f3n del aparcamiento junto al front\u00f3n Labrit por el que transcurrir\u00e1 el carril bici en paralelo a la acera arbolada\",\"breadcrumb\":{\"@id\":\"https:\\\/\\\/www.laguiadepamplona.com\\\/actualidad\\\/la-semana-que-viene-comienzan-las-obras-que-continuaran-el-eje-sostenible-de-labrit-desde-el-fronton-hasta-la-interseccion-con-la-calle-duque-de-ahumada\\\/#breadcrumb\"},\"inLanguage\":\"es\",\"potentialAction\":[{\"@type\":\"ReadAction\",\"target\":[\"https:\\\/\\\/www.laguiadepamplona.com\\\/actualidad\\\/la-semana-que-viene-comienzan-las-obras-que-continuaran-el-eje-sostenible-de-labrit-desde-el-fronton-hasta-la-interseccion-con-la-calle-duque-de-ahumada\\\/\"]}]},{\"@type\":\"ImageObject\",\"inLanguage\":\"es\",\"@id\":\"https:\\\/\\\/www.laguiadepamplona.com\\\/actualidad\\\/la-semana-que-viene-comienzan-las-obras-que-continuaran-el-eje-sostenible-de-labrit-desde-el-fronton-hasta-la-interseccion-con-la-calle-duque-de-ahumada\\\/#primaryimage\",\"url\":\"https:\\\/\\\/www.laguiadepamplona.com\\\/actualidad\\\/wp-content\\\/uploads\\\/2022\\\/08\\\/Foto_Labrit_1_0.webp\",\"contentUrl\":\"https:\\\/\\\/www.laguiadepamplona.com\\\/actualidad\\\/wp-content\\\/uploads\\\/2022\\\/08\\\/Foto_Labrit_1_0.webp\",\"width\":1920,\"height\":1280},{\"@type\":\"BreadcrumbList\",\"@id\":\"https:\\\/\\\/www.laguiadepamplona.com\\\/actualidad\\\/la-semana-que-viene-comienzan-las-obras-que-continuaran-el-eje-sostenible-de-labrit-desde-el-fronton-hasta-la-interseccion-con-la-calle-duque-de-ahumada\\\/#breadcrumb\",\"itemListElement\":[{\"@type\":\"ListItem\",\"position\":1,\"name\":\"Portada\",\"item\":\"https:\\\/\\\/www.laguiadepamplona.com\\\/actualidad\\\/\"},{\"@type\":\"ListItem\",\"position\":2,\"name\":\"La semana que viene comienzan las obras que continuar\u00e1n el eje sostenible de Labrit desde el front\u00f3n hasta la intersecci\u00f3n con la calle Duque de Ahumada\"}]},{\"@type\":\"WebSite\",\"@id\":\"https:\\\/\\\/www.laguiadepamplona.com\\\/actualidad\\\/#website\",\"url\":\"https:\\\/\\\/www.laguiadepamplona.com\\\/actualidad\\\/\",\"name\":\"La gu\u00eda de Pamplona\",\"description\":\"Noticias de Pamplona\",\"publisher\":{\"@id\":\"https:\\\/\\\/www.laguiadepamplona.com\\\/actualidad\\\/#organization\"},\"potentialAction\":[{\"@type\":\"SearchAction\",\"target\":{\"@type\":\"EntryPoint\",\"urlTemplate\":\"https:\\\/\\\/www.laguiadepamplona.com\\\/actualidad\\\/?s={search_term_string}\"},\"query-input\":{\"@type\":\"PropertyValueSpecification\",\"valueRequired\":true,\"valueName\":\"search_term_string\"}}],\"inLanguage\":\"es\"},{\"@type\":\"Organization\",\"@id\":\"https:\\\/\\\/www.laguiadepamplona.com\\\/actualidad\\\/#organization\",\"name\":\"La Gu\u00eda de Pamplona \\\/ Noticias\",\"url\":\"https:\\\/\\\/www.laguiadepamplona.com\\\/actualidad\\\/\",\"logo\":{\"@type\":\"ImageObject\",\"inLanguage\":\"es\",\"@id\":\"https:\\\/\\\/www.laguiadepamplona.com\\\/actualidad\\\/#\\\/schema\\\/logo\\\/image\\\/\",\"url\":\"https:\\\/\\\/www.laguiadepamplona.com\\\/actualidad\\\/wp-content\\\/uploads\\\/2018\\\/11\\\/logo-laguiadepamplona18-web1.png\",\"contentUrl\":\"https:\\\/\\\/www.laguiadepamplona.com\\\/actualidad\\\/wp-content\\\/uploads\\\/2018\\\/11\\\/logo-laguiadepamplona18-web1.png\",\"width\":600,\"height\":196,\"caption\":\"La Gu\u00eda de Pamplona \\\/ Noticias\"},\"image\":{\"@id\":\"https:\\\/\\\/www.laguiadepamplona.com\\\/actualidad\\\/#\\\/schema\\\/logo\\\/image\\\/\"},\"sameAs\":[\"https:\\\/\\\/www.facebook.com\\\/laguiadepamplonacom-133175176762273\\\/?ref=hl\",\"https:\\\/\\\/x.com\\\/LaGuiadPamplona\",\"https:\\\/\\\/www.instagram.com\\\/la_guia_de_pamplona\\\/\",\"https:\\\/\\\/www.youtube.com\\\/user\\\/laguiadepamplona\"]},{\"@type\":\"Person\",\"@id\":\"https:\\\/\\\/www.laguiadepamplona.com\\\/actualidad\\\/#\\\/schema\\\/person\\\/efe887376f0213d4657c93adc50b1fdb\",\"name\":\"La Gu\u00eda de Pamplona\",\"image\":{\"@type\":\"ImageObject\",\"inLanguage\":\"es\",\"@id\":\"https:\\\/\\\/secure.gravatar.com\\\/avatar\\\/b6992f131dc8d30ab0dff15446e9d346d9dbd95992de0fef795073f5ea83a81c?s=96&d=mm&r=g\",\"url\":\"https:\\\/\\\/secure.gravatar.com\\\/avatar\\\/b6992f131dc8d30ab0dff15446e9d346d9dbd95992de0fef795073f5ea83a81c?s=96&d=mm&r=g\",\"contentUrl\":\"https:\\\/\\\/secure.gravatar.com\\\/avatar\\\/b6992f131dc8d30ab0dff15446e9d346d9dbd95992de0fef795073f5ea83a81c?s=96&d=mm&r=g\",\"caption\":\"La Gu\u00eda de Pamplona\"}}]}<\/script>\n<!-- \/ Yoast SEO plugin. -->","yoast_head_json":{"title":"La semana que viene comienzan las obras que continuar\u00e1n el eje sostenible de Labrit desde el front\u00f3n hasta la intersecci\u00f3n con la calle Duque de Ahumada","description":"Los trabajos se inician con la reestructuraci\u00f3n del aparcamiento junto al front\u00f3n Labrit por el que transcurrir\u00e1 el carril bici en paralelo a la acera arbolada","robots":{"index":"index","follow":"follow","max-snippet":"max-snippet:-1","max-image-preview":"max-image-preview:large","max-video-preview":"max-video-preview:-1"},"canonical":"https:\/\/www.laguiadepamplona.com\/actualidad\/la-semana-que-viene-comienzan-las-obras-que-continuaran-el-eje-sostenible-de-labrit-desde-el-fronton-hasta-la-interseccion-con-la-calle-duque-de-ahumada\/","og_locale":"es_ES","og_type":"article","og_title":"La semana que viene comienzan las obras que continuar\u00e1n el eje sostenible de Labrit desde el front\u00f3n hasta la intersecci\u00f3n con la calle Duque de Ahumada","og_description":"Los trabajos se inician con la reestructuraci\u00f3n del aparcamiento junto al front\u00f3n Labrit por el que transcurrir\u00e1 el carril bici en paralelo a la acera arbolada","og_url":"https:\/\/www.laguiadepamplona.com\/actualidad\/la-semana-que-viene-comienzan-las-obras-que-continuaran-el-eje-sostenible-de-labrit-desde-el-fronton-hasta-la-interseccion-con-la-calle-duque-de-ahumada\/","og_site_name":"La Gu\u00eda de Pamplona","article_publisher":"https:\/\/www.facebook.com\/laguiadepamplonacom-133175176762273\/?ref=hl","article_published_time":"2022-08-26T17:25:39+00:00","article_modified_time":"2023-04-11T09:47:52+00:00","og_image":[{"width":1920,"height":1280,"url":"https:\/\/www.laguiadepamplona.com\/actualidad\/wp-content\/uploads\/2022\/08\/Foto_Labrit_1_0.webp","type":"image\/webp"}],"author":"La Gu\u00eda de Pamplona","twitter_card":"summary_large_image","twitter_creator":"@LaGuiadPamplona","twitter_site":"@LaGuiadPamplona","twitter_misc":{"Escrito por":"La Gu\u00eda de Pamplona","Tiempo de lectura":"4 minutos"},"schema":{"@context":"https:\/\/schema.org","@graph":[{"@type":"Article","@id":"https:\/\/www.laguiadepamplona.com\/actualidad\/la-semana-que-viene-comienzan-las-obras-que-continuaran-el-eje-sostenible-de-labrit-desde-el-fronton-hasta-la-interseccion-con-la-calle-duque-de-ahumada\/#article","isPartOf":{"@id":"https:\/\/www.laguiadepamplona.com\/actualidad\/la-semana-que-viene-comienzan-las-obras-que-continuaran-el-eje-sostenible-de-labrit-desde-el-fronton-hasta-la-interseccion-con-la-calle-duque-de-ahumada\/"},"author":{"name":"La Gu\u00eda de Pamplona","@id":"https:\/\/www.laguiadepamplona.com\/actualidad\/#\/schema\/person\/efe887376f0213d4657c93adc50b1fdb"},"headline":"La semana que viene comienzan las obras que continuar\u00e1n el eje sostenible de Labrit desde el front\u00f3n hasta la intersecci\u00f3n con la calle Duque de Ahumada","datePublished":"2022-08-26T17:25:39+00:00","dateModified":"2023-04-11T09:47:52+00:00","mainEntityOfPage":{"@id":"https:\/\/www.laguiadepamplona.com\/actualidad\/la-semana-que-viene-comienzan-las-obras-que-continuaran-el-eje-sostenible-de-labrit-desde-el-fronton-hasta-la-interseccion-con-la-calle-duque-de-ahumada\/"},"wordCount":732,"commentCount":0,"publisher":{"@id":"https:\/\/www.laguiadepamplona.com\/actualidad\/#organization"},"image":{"@id":"https:\/\/www.laguiadepamplona.com\/actualidad\/la-semana-que-viene-comienzan-las-obras-que-continuaran-el-eje-sostenible-de-labrit-desde-el-fronton-hasta-la-interseccion-con-la-calle-duque-de-ahumada\/#primaryimage"},"thumbnailUrl":"https:\/\/www.laguiadepamplona.com\/actualidad\/wp-content\/uploads\/2022\/08\/Foto_Labrit_1_0.webp","articleSection":["Ayto Pamplona"],"inLanguage":"es","potentialAction":[{"@type":"CommentAction","name":"Comment","target":["https:\/\/www.laguiadepamplona.com\/actualidad\/la-semana-que-viene-comienzan-las-obras-que-continuaran-el-eje-sostenible-de-labrit-desde-el-fronton-hasta-la-interseccion-con-la-calle-duque-de-ahumada\/#respond"]}]},{"@type":"WebPage","@id":"https:\/\/www.laguiadepamplona.com\/actualidad\/la-semana-que-viene-comienzan-las-obras-que-continuaran-el-eje-sostenible-de-labrit-desde-el-fronton-hasta-la-interseccion-con-la-calle-duque-de-ahumada\/","url":"https:\/\/www.laguiadepamplona.com\/actualidad\/la-semana-que-viene-comienzan-las-obras-que-continuaran-el-eje-sostenible-de-labrit-desde-el-fronton-hasta-la-interseccion-con-la-calle-duque-de-ahumada\/","name":"La semana que viene comienzan las obras que continuar\u00e1n el eje sostenible de Labrit desde el front\u00f3n hasta la intersecci\u00f3n con la calle Duque de Ahumada","isPartOf":{"@id":"https:\/\/www.laguiadepamplona.com\/actualidad\/#website"},"primaryImageOfPage":{"@id":"https:\/\/www.laguiadepamplona.com\/actualidad\/la-semana-que-viene-comienzan-las-obras-que-continuaran-el-eje-sostenible-de-labrit-desde-el-fronton-hasta-la-interseccion-con-la-calle-duque-de-ahumada\/#primaryimage"},"image":{"@id":"https:\/\/www.laguiadepamplona.com\/actualidad\/la-semana-que-viene-comienzan-las-obras-que-continuaran-el-eje-sostenible-de-labrit-desde-el-fronton-hasta-la-interseccion-con-la-calle-duque-de-ahumada\/#primaryimage"},"thumbnailUrl":"https:\/\/www.laguiadepamplona.com\/actualidad\/wp-content\/uploads\/2022\/08\/Foto_Labrit_1_0.webp","datePublished":"2022-08-26T17:25:39+00:00","dateModified":"2023-04-11T09:47:52+00:00","description":"Los trabajos se inician con la reestructuraci\u00f3n del aparcamiento junto al front\u00f3n Labrit por el que transcurrir\u00e1 el carril bici en paralelo a la acera arbolada","breadcrumb":{"@id":"https:\/\/www.laguiadepamplona.com\/actualidad\/la-semana-que-viene-comienzan-las-obras-que-continuaran-el-eje-sostenible-de-labrit-desde-el-fronton-hasta-la-interseccion-con-la-calle-duque-de-ahumada\/#breadcrumb"},"inLanguage":"es","potentialAction":[{"@type":"ReadAction","target":["https:\/\/www.laguiadepamplona.com\/actualidad\/la-semana-que-viene-comienzan-las-obras-que-continuaran-el-eje-sostenible-de-labrit-desde-el-fronton-hasta-la-interseccion-con-la-calle-duque-de-ahumada\/"]}]},{"@type":"ImageObject","inLanguage":"es","@id":"https:\/\/www.laguiadepamplona.com\/actualidad\/la-semana-que-viene-comienzan-las-obras-que-continuaran-el-eje-sostenible-de-labrit-desde-el-fronton-hasta-la-interseccion-con-la-calle-duque-de-ahumada\/#primaryimage","url":"https:\/\/www.laguiadepamplona.com\/actualidad\/wp-content\/uploads\/2022\/08\/Foto_Labrit_1_0.webp","contentUrl":"https:\/\/www.laguiadepamplona.com\/actualidad\/wp-content\/uploads\/2022\/08\/Foto_Labrit_1_0.webp","width":1920,"height":1280},{"@type":"BreadcrumbList","@id":"https:\/\/www.laguiadepamplona.com\/actualidad\/la-semana-que-viene-comienzan-las-obras-que-continuaran-el-eje-sostenible-de-labrit-desde-el-fronton-hasta-la-interseccion-con-la-calle-duque-de-ahumada\/#breadcrumb","itemListElement":[{"@type":"ListItem","position":1,"name":"Portada","item":"https:\/\/www.laguiadepamplona.com\/actualidad\/"},{"@type":"ListItem","position":2,"name":"La semana que viene comienzan las obras que continuar\u00e1n el eje sostenible de Labrit desde el front\u00f3n hasta la intersecci\u00f3n con la calle Duque de Ahumada"}]},{"@type":"WebSite","@id":"https:\/\/www.laguiadepamplona.com\/actualidad\/#website","url":"https:\/\/www.laguiadepamplona.com\/actualidad\/","name":"La gu\u00eda de Pamplona","description":"Noticias de Pamplona","publisher":{"@id":"https:\/\/www.laguiadepamplona.com\/actualidad\/#organization"},"potentialAction":[{"@type":"SearchAction","target":{"@type":"EntryPoint","urlTemplate":"https:\/\/www.laguiadepamplona.com\/actualidad\/?s={search_term_string}"},"query-input":{"@type":"PropertyValueSpecification","valueRequired":true,"valueName":"search_term_string"}}],"inLanguage":"es"},{"@type":"Organization","@id":"https:\/\/www.laguiadepamplona.com\/actualidad\/#organization","name":"La Gu\u00eda de Pamplona \/ Noticias","url":"https:\/\/www.laguiadepamplona.com\/actualidad\/","logo":{"@type":"ImageObject","inLanguage":"es","@id":"https:\/\/www.laguiadepamplona.com\/actualidad\/#\/schema\/logo\/image\/","url":"https:\/\/www.laguiadepamplona.com\/actualidad\/wp-content\/uploads\/2018\/11\/logo-laguiadepamplona18-web1.png","contentUrl":"https:\/\/www.laguiadepamplona.com\/actualidad\/wp-content\/uploads\/2018\/11\/logo-laguiadepamplona18-web1.png","width":600,"height":196,"caption":"La Gu\u00eda de Pamplona \/ Noticias"},"image":{"@id":"https:\/\/www.laguiadepamplona.com\/actualidad\/#\/schema\/logo\/image\/"},"sameAs":["https:\/\/www.facebook.com\/laguiadepamplonacom-133175176762273\/?ref=hl","https:\/\/x.com\/LaGuiadPamplona","https:\/\/www.instagram.com\/la_guia_de_pamplona\/","https:\/\/www.youtube.com\/user\/laguiadepamplona"]},{"@type":"Person","@id":"https:\/\/www.laguiadepamplona.com\/actualidad\/#\/schema\/person\/efe887376f0213d4657c93adc50b1fdb","name":"La Gu\u00eda de Pamplona","image":{"@type":"ImageObject","inLanguage":"es","@id":"https:\/\/secure.gravatar.com\/avatar\/b6992f131dc8d30ab0dff15446e9d346d9dbd95992de0fef795073f5ea83a81c?s=96&d=mm&r=g","url":"https:\/\/secure.gravatar.com\/avatar\/b6992f131dc8d30ab0dff15446e9d346d9dbd95992de0fef795073f5ea83a81c?s=96&d=mm&r=g","contentUrl":"https:\/\/secure.gravatar.com\/avatar\/b6992f131dc8d30ab0dff15446e9d346d9dbd95992de0fef795073f5ea83a81c?s=96&d=mm&r=g","caption":"La Gu\u00eda de Pamplona"}}]}},"post_mailing_queue_ids":[],"_links":{"self":[{"href":"https:\/\/www.laguiadepamplona.com\/actualidad\/wp-json\/wp\/v2\/posts\/41410","targetHints":{"allow":["GET"]}}],"collection":[{"href":"https:\/\/www.laguiadepamplona.com\/actualidad\/wp-json\/wp\/v2\/posts"}],"about":[{"href":"https:\/\/www.laguiadepamplona.com\/actualidad\/wp-json\/wp\/v2\/types\/post"}],"author":[{"embeddable":true,"href":"https:\/\/www.laguiadepamplona.com\/actualidad\/wp-json\/wp\/v2\/users\/1"}],"replies":[{"embeddable":true,"href":"https:\/\/www.laguiadepamplona.com\/actualidad\/wp-json\/wp\/v2\/comments?post=41410"}],"version-history":[{"count":0,"href":"https:\/\/www.laguiadepamplona.com\/actualidad\/wp-json\/wp\/v2\/posts\/41410\/revisions"}],"wp:featuredmedia":[{"embeddable":true,"href":"https:\/\/www.laguiadepamplona.com\/actualidad\/wp-json\/wp\/v2\/media\/41411"}],"wp:attachment":[{"href":"https:\/\/www.laguiadepamplona.com\/actualidad\/wp-json\/wp\/v2\/media?parent=41410"}],"wp:term":[{"taxonomy":"category","embeddable":true,"href":"https:\/\/www.laguiadepamplona.com\/actualidad\/wp-json\/wp\/v2\/categories?post=41410"},{"taxonomy":"post_tag","embeddable":true,"href":"https:\/\/www.laguiadepamplona.com\/actualidad\/wp-json\/wp\/v2\/tags?post=41410"}],"curies":[{"name":"wp","href":"https:\/\/api.w.org\/{rel}","templated":true}]}}