{"id":41407,"date":"2022-08-26T19:23:32","date_gmt":"2022-08-26T17:23:32","guid":{"rendered":"https:\/\/www.laguiadepamplona.com\/actualidad\/?p=41407"},"modified":"2023-04-11T11:47:52","modified_gmt":"2023-04-11T09:47:52","slug":"el-ciclo-enklaves-llega-a-su-fin-esta-tarde-de-la-mano-de-edu-errea-band-en-la-vuelta-del-castillo","status":"publish","type":"post","link":"https:\/\/www.laguiadepamplona.com\/actualidad\/el-ciclo-enklaves-llega-a-su-fin-esta-tarde-de-la-mano-de-edu-errea-band-en-la-vuelta-del-castillo\/","title":{"rendered":"El ciclo Enklaves llega a su fin esta tarde de la mano de Edu Errea Band en la Vuelta del Castillo"},"content":{"rendered":"<h5>Buffalo River Band despide el programa municipal Versionando el lunes 29 en la plaza de San Jos\u00e9<\/h5>\n<p><!--more--><\/p>\n<p>El ciclo Enklaves, dentro de la programaci\u00f3n municipal de la red Civivox, se cierra esta tarde con la actuaci\u00f3n de Edu Errea Band en la Vuelta del Castillo, a partir de las 20 horas con entrada libre hasta completar el aforo. Este ser\u00e1 la \u00faltima cita del ciclo, que se inici\u00f3 el pasado 29 de julio y ha llevado la m\u00fasica de cinco grupos locales a los escenarios del Lago de Mendillorri, el Rinc\u00f3n del Caballo Blanco, el parque de Trinitarios, el parque de Yamaguchi y, en este \u00faltimo concierto, a la Vuelta del Castillo, en la trasera de la estaci\u00f3n de autobuses. Adem\u00e1s de Edu Errea Band, han participado en el ciclo La Topadora, Brick Paco, Diabulus in Musica y Fr\u00eda Jane.<br \/>\n<script async src=\"\/\/pagead2.googlesyndication.com\/pagead\/js\/adsbygoogle.js\"><\/script><br \/>\n<!-- Noticias La Guia de Pamplona --><br \/>\n<ins class=\"adsbygoogle\"\nstyle=\"display:block\"\ndata-ad-client=\"ca-pub-6943679897239327\"\ndata-ad-slot=\"7048180777\"\ndata-ad-format=\"auto\"><\/ins><br \/>\n<script>\n(adsbygoogle = window.adsbygoogle || []).push({});\n<\/script><\/p>\n<p>La banda del pamplon\u00e9s Edu Errea ofrecer\u00e1 hoy sus temas enraizados en la m\u00fasica americana, mostrando paisajes sonoros de gran riqueza. Con dos trabajos editados en su haber, <em>Travelling<\/em> y <em>Just a Dream<\/em>, su m\u00fasica se encuadra en l\u00ednea con el country, el soul y el folk, con clara influencia de autores como Neil Young, Jayhaws o Ryan Adams.<\/p>\n<p>El otro ciclo musical de la programaci\u00f3n de verano, Versionando, llega a su fin el lunes 29 de agosto a las 20 horas, en la plaza de San Jos\u00e9, donde han tenido cabida las bandas Rock Classical Trio, Free Lane, JZ &amp; Outlanders y el protagonista final, Buffalo River Band. El programa, gratuito y con entrada libre, se ha desarrollado durante los lunes laborables del mes de agosto. Este a\u00f1o Versionando ha cumplido su decimosegunda edici\u00f3n en la programaci\u00f3n estival.<\/p>\n<p>La propuesta de Buffalo River Band para el lunes apela a la nostalgia y brinda nueva vida a est\u00e1ndares cl\u00e1sicos del rock, blues y country, principalmente de los a\u00f1os 60 y 70. La banda ofrece un repertorio variado y vers\u00e1til, para disfrute de todos los p\u00fablicos.<br \/>\n<script async src=\"\/\/pagead2.googlesyndication.com\/pagead\/js\/adsbygoogle.js\"><\/script><br \/>\n<!-- Noticias La Guia de Pamplona --><br \/>\n<ins class=\"adsbygoogle\"\nstyle=\"display:block\"\ndata-ad-client=\"ca-pub-6943679897239327\"\ndata-ad-slot=\"7048180777\"\ndata-ad-format=\"auto\"><\/ins><br \/>\n<script>\n(adsbygoogle = window.adsbygoogle || []).push({});\n<\/script><\/p>\n<p>&nbsp;<\/p>\n<h3>Enklaves. Viernes, 26 de Agosto<\/h3>\n<ul>\n<li>Edu Errea Band. Vuelta del Castillo, trasera de la Estaci\u00f3n. 20.00. Entrada libre<\/li>\n<\/ul>\n<h3>Versionando. Lunes, 29 de agosto<\/h3>\n<ul>\n<li>Buffalo River Band. Plaza de San Jos\u00e9. 20.00. Entrada libre<\/li>\n<\/ul>\n","protected":false},"excerpt":{"rendered":"<p>Buffalo River Band despide el programa municipal Versionando el lunes 29 en la plaza de San Jos\u00e9<\/p>\n","protected":false},"author":1,"featured_media":41408,"comment_status":"open","ping_status":"closed","sticky":false,"template":"","format":"standard","meta":{"footnotes":""},"categories":[2],"tags":[],"class_list":["post-41407","post","type-post","status-publish","format-standard","has-post-thumbnail","hentry","category-ayuntamiento-pamplona"],"yoast_head":"<!-- This site is optimized with the Yoast SEO plugin v27.5 - https:\/\/yoast.com\/product\/yoast-seo-wordpress\/ -->\n<title>El ciclo Enklaves llega a su fin esta tarde de la mano de Edu Errea Band en la Vuelta del Castillo<\/title>\n<meta name=\"description\" content=\"Buffalo River Band despide el programa municipal Versionando el lunes 29 en la plaza de San Jos\u00e9\" \/>\n<meta name=\"robots\" content=\"index, follow, max-snippet:-1, max-image-preview:large, max-video-preview:-1\" \/>\n<link rel=\"canonical\" href=\"https:\/\/www.laguiadepamplona.com\/actualidad\/el-ciclo-enklaves-llega-a-su-fin-esta-tarde-de-la-mano-de-edu-errea-band-en-la-vuelta-del-castillo\/\" \/>\n<meta property=\"og:locale\" content=\"es_ES\" \/>\n<meta property=\"og:type\" content=\"article\" \/>\n<meta property=\"og:title\" content=\"El ciclo Enklaves llega a su fin esta tarde de la mano de Edu Errea Band en la Vuelta del Castillo\" \/>\n<meta property=\"og:description\" content=\"Buffalo River Band despide el programa municipal Versionando el lunes 29 en la plaza de San Jos\u00e9\" \/>\n<meta property=\"og:url\" content=\"https:\/\/www.laguiadepamplona.com\/actualidad\/el-ciclo-enklaves-llega-a-su-fin-esta-tarde-de-la-mano-de-edu-errea-band-en-la-vuelta-del-castillo\/\" \/>\n<meta property=\"og:site_name\" content=\"La Gu\u00eda de Pamplona\" \/>\n<meta property=\"article:publisher\" content=\"https:\/\/www.facebook.com\/laguiadepamplonacom-133175176762273\/?ref=hl\" \/>\n<meta property=\"article:published_time\" content=\"2022-08-26T17:23:32+00:00\" \/>\n<meta property=\"article:modified_time\" content=\"2023-04-11T09:47:52+00:00\" \/>\n<meta property=\"og:image\" content=\"https:\/\/www.laguiadepamplona.com\/actualidad\/wp-content\/uploads\/2022\/08\/buffaloriverband01.jpg\" \/>\n\t<meta property=\"og:image:width\" content=\"1433\" \/>\n\t<meta property=\"og:image:height\" content=\"957\" \/>\n\t<meta property=\"og:image:type\" content=\"image\/jpeg\" \/>\n<meta name=\"author\" content=\"La Gu\u00eda de Pamplona\" \/>\n<meta name=\"twitter:card\" content=\"summary_large_image\" \/>\n<meta name=\"twitter:creator\" content=\"@LaGuiadPamplona\" \/>\n<meta name=\"twitter:site\" content=\"@LaGuiadPamplona\" \/>\n<meta name=\"twitter:label1\" content=\"Escrito por\" \/>\n\t<meta name=\"twitter:data1\" content=\"La Gu\u00eda de Pamplona\" \/>\n\t<meta name=\"twitter:label2\" content=\"Tiempo de lectura\" \/>\n\t<meta name=\"twitter:data2\" content=\"2 minutos\" \/>\n<script type=\"application\/ld+json\" class=\"yoast-schema-graph\">{\"@context\":\"https:\\\/\\\/schema.org\",\"@graph\":[{\"@type\":\"Article\",\"@id\":\"https:\\\/\\\/www.laguiadepamplona.com\\\/actualidad\\\/el-ciclo-enklaves-llega-a-su-fin-esta-tarde-de-la-mano-de-edu-errea-band-en-la-vuelta-del-castillo\\\/#article\",\"isPartOf\":{\"@id\":\"https:\\\/\\\/www.laguiadepamplona.com\\\/actualidad\\\/el-ciclo-enklaves-llega-a-su-fin-esta-tarde-de-la-mano-de-edu-errea-band-en-la-vuelta-del-castillo\\\/\"},\"author\":{\"name\":\"La Gu\u00eda de Pamplona\",\"@id\":\"https:\\\/\\\/www.laguiadepamplona.com\\\/actualidad\\\/#\\\/schema\\\/person\\\/efe887376f0213d4657c93adc50b1fdb\"},\"headline\":\"El ciclo Enklaves llega a su fin esta tarde de la mano de Edu Errea Band en la Vuelta del Castillo\",\"datePublished\":\"2022-08-26T17:23:32+00:00\",\"dateModified\":\"2023-04-11T09:47:52+00:00\",\"mainEntityOfPage\":{\"@id\":\"https:\\\/\\\/www.laguiadepamplona.com\\\/actualidad\\\/el-ciclo-enklaves-llega-a-su-fin-esta-tarde-de-la-mano-de-edu-errea-band-en-la-vuelta-del-castillo\\\/\"},\"wordCount\":390,\"commentCount\":0,\"publisher\":{\"@id\":\"https:\\\/\\\/www.laguiadepamplona.com\\\/actualidad\\\/#organization\"},\"image\":{\"@id\":\"https:\\\/\\\/www.laguiadepamplona.com\\\/actualidad\\\/el-ciclo-enklaves-llega-a-su-fin-esta-tarde-de-la-mano-de-edu-errea-band-en-la-vuelta-del-castillo\\\/#primaryimage\"},\"thumbnailUrl\":\"https:\\\/\\\/www.laguiadepamplona.com\\\/actualidad\\\/wp-content\\\/uploads\\\/2022\\\/08\\\/buffaloriverband01.jpg\",\"articleSection\":[\"Ayto Pamplona\"],\"inLanguage\":\"es\",\"potentialAction\":[{\"@type\":\"CommentAction\",\"name\":\"Comment\",\"target\":[\"https:\\\/\\\/www.laguiadepamplona.com\\\/actualidad\\\/el-ciclo-enklaves-llega-a-su-fin-esta-tarde-de-la-mano-de-edu-errea-band-en-la-vuelta-del-castillo\\\/#respond\"]}]},{\"@type\":\"WebPage\",\"@id\":\"https:\\\/\\\/www.laguiadepamplona.com\\\/actualidad\\\/el-ciclo-enklaves-llega-a-su-fin-esta-tarde-de-la-mano-de-edu-errea-band-en-la-vuelta-del-castillo\\\/\",\"url\":\"https:\\\/\\\/www.laguiadepamplona.com\\\/actualidad\\\/el-ciclo-enklaves-llega-a-su-fin-esta-tarde-de-la-mano-de-edu-errea-band-en-la-vuelta-del-castillo\\\/\",\"name\":\"El ciclo Enklaves llega a su fin esta tarde de la mano de Edu Errea Band en la Vuelta del Castillo\",\"isPartOf\":{\"@id\":\"https:\\\/\\\/www.laguiadepamplona.com\\\/actualidad\\\/#website\"},\"primaryImageOfPage\":{\"@id\":\"https:\\\/\\\/www.laguiadepamplona.com\\\/actualidad\\\/el-ciclo-enklaves-llega-a-su-fin-esta-tarde-de-la-mano-de-edu-errea-band-en-la-vuelta-del-castillo\\\/#primaryimage\"},\"image\":{\"@id\":\"https:\\\/\\\/www.laguiadepamplona.com\\\/actualidad\\\/el-ciclo-enklaves-llega-a-su-fin-esta-tarde-de-la-mano-de-edu-errea-band-en-la-vuelta-del-castillo\\\/#primaryimage\"},\"thumbnailUrl\":\"https:\\\/\\\/www.laguiadepamplona.com\\\/actualidad\\\/wp-content\\\/uploads\\\/2022\\\/08\\\/buffaloriverband01.jpg\",\"datePublished\":\"2022-08-26T17:23:32+00:00\",\"dateModified\":\"2023-04-11T09:47:52+00:00\",\"description\":\"Buffalo River Band despide el programa municipal Versionando el lunes 29 en la plaza de San Jos\u00e9\",\"breadcrumb\":{\"@id\":\"https:\\\/\\\/www.laguiadepamplona.com\\\/actualidad\\\/el-ciclo-enklaves-llega-a-su-fin-esta-tarde-de-la-mano-de-edu-errea-band-en-la-vuelta-del-castillo\\\/#breadcrumb\"},\"inLanguage\":\"es\",\"potentialAction\":[{\"@type\":\"ReadAction\",\"target\":[\"https:\\\/\\\/www.laguiadepamplona.com\\\/actualidad\\\/el-ciclo-enklaves-llega-a-su-fin-esta-tarde-de-la-mano-de-edu-errea-band-en-la-vuelta-del-castillo\\\/\"]}]},{\"@type\":\"ImageObject\",\"inLanguage\":\"es\",\"@id\":\"https:\\\/\\\/www.laguiadepamplona.com\\\/actualidad\\\/el-ciclo-enklaves-llega-a-su-fin-esta-tarde-de-la-mano-de-edu-errea-band-en-la-vuelta-del-castillo\\\/#primaryimage\",\"url\":\"https:\\\/\\\/www.laguiadepamplona.com\\\/actualidad\\\/wp-content\\\/uploads\\\/2022\\\/08\\\/buffaloriverband01.jpg\",\"contentUrl\":\"https:\\\/\\\/www.laguiadepamplona.com\\\/actualidad\\\/wp-content\\\/uploads\\\/2022\\\/08\\\/buffaloriverband01.jpg\",\"width\":1433,\"height\":957},{\"@type\":\"BreadcrumbList\",\"@id\":\"https:\\\/\\\/www.laguiadepamplona.com\\\/actualidad\\\/el-ciclo-enklaves-llega-a-su-fin-esta-tarde-de-la-mano-de-edu-errea-band-en-la-vuelta-del-castillo\\\/#breadcrumb\",\"itemListElement\":[{\"@type\":\"ListItem\",\"position\":1,\"name\":\"Portada\",\"item\":\"https:\\\/\\\/www.laguiadepamplona.com\\\/actualidad\\\/\"},{\"@type\":\"ListItem\",\"position\":2,\"name\":\"El ciclo Enklaves llega a su fin esta tarde de la mano de Edu Errea Band en la Vuelta del Castillo\"}]},{\"@type\":\"WebSite\",\"@id\":\"https:\\\/\\\/www.laguiadepamplona.com\\\/actualidad\\\/#website\",\"url\":\"https:\\\/\\\/www.laguiadepamplona.com\\\/actualidad\\\/\",\"name\":\"La gu\u00eda de Pamplona\",\"description\":\"Noticias de Pamplona\",\"publisher\":{\"@id\":\"https:\\\/\\\/www.laguiadepamplona.com\\\/actualidad\\\/#organization\"},\"potentialAction\":[{\"@type\":\"SearchAction\",\"target\":{\"@type\":\"EntryPoint\",\"urlTemplate\":\"https:\\\/\\\/www.laguiadepamplona.com\\\/actualidad\\\/?s={search_term_string}\"},\"query-input\":{\"@type\":\"PropertyValueSpecification\",\"valueRequired\":true,\"valueName\":\"search_term_string\"}}],\"inLanguage\":\"es\"},{\"@type\":\"Organization\",\"@id\":\"https:\\\/\\\/www.laguiadepamplona.com\\\/actualidad\\\/#organization\",\"name\":\"La Gu\u00eda de Pamplona \\\/ Noticias\",\"url\":\"https:\\\/\\\/www.laguiadepamplona.com\\\/actualidad\\\/\",\"logo\":{\"@type\":\"ImageObject\",\"inLanguage\":\"es\",\"@id\":\"https:\\\/\\\/www.laguiadepamplona.com\\\/actualidad\\\/#\\\/schema\\\/logo\\\/image\\\/\",\"url\":\"https:\\\/\\\/www.laguiadepamplona.com\\\/actualidad\\\/wp-content\\\/uploads\\\/2018\\\/11\\\/logo-laguiadepamplona18-web1.png\",\"contentUrl\":\"https:\\\/\\\/www.laguiadepamplona.com\\\/actualidad\\\/wp-content\\\/uploads\\\/2018\\\/11\\\/logo-laguiadepamplona18-web1.png\",\"width\":600,\"height\":196,\"caption\":\"La Gu\u00eda de Pamplona \\\/ Noticias\"},\"image\":{\"@id\":\"https:\\\/\\\/www.laguiadepamplona.com\\\/actualidad\\\/#\\\/schema\\\/logo\\\/image\\\/\"},\"sameAs\":[\"https:\\\/\\\/www.facebook.com\\\/laguiadepamplonacom-133175176762273\\\/?ref=hl\",\"https:\\\/\\\/x.com\\\/LaGuiadPamplona\",\"https:\\\/\\\/www.instagram.com\\\/la_guia_de_pamplona\\\/\",\"https:\\\/\\\/www.youtube.com\\\/user\\\/laguiadepamplona\"]},{\"@type\":\"Person\",\"@id\":\"https:\\\/\\\/www.laguiadepamplona.com\\\/actualidad\\\/#\\\/schema\\\/person\\\/efe887376f0213d4657c93adc50b1fdb\",\"name\":\"La Gu\u00eda de Pamplona\",\"image\":{\"@type\":\"ImageObject\",\"inLanguage\":\"es\",\"@id\":\"https:\\\/\\\/secure.gravatar.com\\\/avatar\\\/b6992f131dc8d30ab0dff15446e9d346d9dbd95992de0fef795073f5ea83a81c?s=96&d=mm&r=g\",\"url\":\"https:\\\/\\\/secure.gravatar.com\\\/avatar\\\/b6992f131dc8d30ab0dff15446e9d346d9dbd95992de0fef795073f5ea83a81c?s=96&d=mm&r=g\",\"contentUrl\":\"https:\\\/\\\/secure.gravatar.com\\\/avatar\\\/b6992f131dc8d30ab0dff15446e9d346d9dbd95992de0fef795073f5ea83a81c?s=96&d=mm&r=g\",\"caption\":\"La Gu\u00eda de Pamplona\"}}]}<\/script>\n<!-- \/ Yoast SEO plugin. -->","yoast_head_json":{"title":"El ciclo Enklaves llega a su fin esta tarde de la mano de Edu Errea Band en la Vuelta del Castillo","description":"Buffalo River Band despide el programa municipal Versionando el lunes 29 en la plaza de San Jos\u00e9","robots":{"index":"index","follow":"follow","max-snippet":"max-snippet:-1","max-image-preview":"max-image-preview:large","max-video-preview":"max-video-preview:-1"},"canonical":"https:\/\/www.laguiadepamplona.com\/actualidad\/el-ciclo-enklaves-llega-a-su-fin-esta-tarde-de-la-mano-de-edu-errea-band-en-la-vuelta-del-castillo\/","og_locale":"es_ES","og_type":"article","og_title":"El ciclo Enklaves llega a su fin esta tarde de la mano de Edu Errea Band en la Vuelta del Castillo","og_description":"Buffalo River Band despide el programa municipal Versionando el lunes 29 en la plaza de San Jos\u00e9","og_url":"https:\/\/www.laguiadepamplona.com\/actualidad\/el-ciclo-enklaves-llega-a-su-fin-esta-tarde-de-la-mano-de-edu-errea-band-en-la-vuelta-del-castillo\/","og_site_name":"La Gu\u00eda de Pamplona","article_publisher":"https:\/\/www.facebook.com\/laguiadepamplonacom-133175176762273\/?ref=hl","article_published_time":"2022-08-26T17:23:32+00:00","article_modified_time":"2023-04-11T09:47:52+00:00","og_image":[{"width":1433,"height":957,"url":"https:\/\/www.laguiadepamplona.com\/actualidad\/wp-content\/uploads\/2022\/08\/buffaloriverband01.jpg","type":"image\/jpeg"}],"author":"La Gu\u00eda de Pamplona","twitter_card":"summary_large_image","twitter_creator":"@LaGuiadPamplona","twitter_site":"@LaGuiadPamplona","twitter_misc":{"Escrito por":"La Gu\u00eda de Pamplona","Tiempo de lectura":"2 minutos"},"schema":{"@context":"https:\/\/schema.org","@graph":[{"@type":"Article","@id":"https:\/\/www.laguiadepamplona.com\/actualidad\/el-ciclo-enklaves-llega-a-su-fin-esta-tarde-de-la-mano-de-edu-errea-band-en-la-vuelta-del-castillo\/#article","isPartOf":{"@id":"https:\/\/www.laguiadepamplona.com\/actualidad\/el-ciclo-enklaves-llega-a-su-fin-esta-tarde-de-la-mano-de-edu-errea-band-en-la-vuelta-del-castillo\/"},"author":{"name":"La Gu\u00eda de Pamplona","@id":"https:\/\/www.laguiadepamplona.com\/actualidad\/#\/schema\/person\/efe887376f0213d4657c93adc50b1fdb"},"headline":"El ciclo Enklaves llega a su fin esta tarde de la mano de Edu Errea Band en la Vuelta del Castillo","datePublished":"2022-08-26T17:23:32+00:00","dateModified":"2023-04-11T09:47:52+00:00","mainEntityOfPage":{"@id":"https:\/\/www.laguiadepamplona.com\/actualidad\/el-ciclo-enklaves-llega-a-su-fin-esta-tarde-de-la-mano-de-edu-errea-band-en-la-vuelta-del-castillo\/"},"wordCount":390,"commentCount":0,"publisher":{"@id":"https:\/\/www.laguiadepamplona.com\/actualidad\/#organization"},"image":{"@id":"https:\/\/www.laguiadepamplona.com\/actualidad\/el-ciclo-enklaves-llega-a-su-fin-esta-tarde-de-la-mano-de-edu-errea-band-en-la-vuelta-del-castillo\/#primaryimage"},"thumbnailUrl":"https:\/\/www.laguiadepamplona.com\/actualidad\/wp-content\/uploads\/2022\/08\/buffaloriverband01.jpg","articleSection":["Ayto Pamplona"],"inLanguage":"es","potentialAction":[{"@type":"CommentAction","name":"Comment","target":["https:\/\/www.laguiadepamplona.com\/actualidad\/el-ciclo-enklaves-llega-a-su-fin-esta-tarde-de-la-mano-de-edu-errea-band-en-la-vuelta-del-castillo\/#respond"]}]},{"@type":"WebPage","@id":"https:\/\/www.laguiadepamplona.com\/actualidad\/el-ciclo-enklaves-llega-a-su-fin-esta-tarde-de-la-mano-de-edu-errea-band-en-la-vuelta-del-castillo\/","url":"https:\/\/www.laguiadepamplona.com\/actualidad\/el-ciclo-enklaves-llega-a-su-fin-esta-tarde-de-la-mano-de-edu-errea-band-en-la-vuelta-del-castillo\/","name":"El ciclo Enklaves llega a su fin esta tarde de la mano de Edu Errea Band en la Vuelta del Castillo","isPartOf":{"@id":"https:\/\/www.laguiadepamplona.com\/actualidad\/#website"},"primaryImageOfPage":{"@id":"https:\/\/www.laguiadepamplona.com\/actualidad\/el-ciclo-enklaves-llega-a-su-fin-esta-tarde-de-la-mano-de-edu-errea-band-en-la-vuelta-del-castillo\/#primaryimage"},"image":{"@id":"https:\/\/www.laguiadepamplona.com\/actualidad\/el-ciclo-enklaves-llega-a-su-fin-esta-tarde-de-la-mano-de-edu-errea-band-en-la-vuelta-del-castillo\/#primaryimage"},"thumbnailUrl":"https:\/\/www.laguiadepamplona.com\/actualidad\/wp-content\/uploads\/2022\/08\/buffaloriverband01.jpg","datePublished":"2022-08-26T17:23:32+00:00","dateModified":"2023-04-11T09:47:52+00:00","description":"Buffalo River Band despide el programa municipal Versionando el lunes 29 en la plaza de San Jos\u00e9","breadcrumb":{"@id":"https:\/\/www.laguiadepamplona.com\/actualidad\/el-ciclo-enklaves-llega-a-su-fin-esta-tarde-de-la-mano-de-edu-errea-band-en-la-vuelta-del-castillo\/#breadcrumb"},"inLanguage":"es","potentialAction":[{"@type":"ReadAction","target":["https:\/\/www.laguiadepamplona.com\/actualidad\/el-ciclo-enklaves-llega-a-su-fin-esta-tarde-de-la-mano-de-edu-errea-band-en-la-vuelta-del-castillo\/"]}]},{"@type":"ImageObject","inLanguage":"es","@id":"https:\/\/www.laguiadepamplona.com\/actualidad\/el-ciclo-enklaves-llega-a-su-fin-esta-tarde-de-la-mano-de-edu-errea-band-en-la-vuelta-del-castillo\/#primaryimage","url":"https:\/\/www.laguiadepamplona.com\/actualidad\/wp-content\/uploads\/2022\/08\/buffaloriverband01.jpg","contentUrl":"https:\/\/www.laguiadepamplona.com\/actualidad\/wp-content\/uploads\/2022\/08\/buffaloriverband01.jpg","width":1433,"height":957},{"@type":"BreadcrumbList","@id":"https:\/\/www.laguiadepamplona.com\/actualidad\/el-ciclo-enklaves-llega-a-su-fin-esta-tarde-de-la-mano-de-edu-errea-band-en-la-vuelta-del-castillo\/#breadcrumb","itemListElement":[{"@type":"ListItem","position":1,"name":"Portada","item":"https:\/\/www.laguiadepamplona.com\/actualidad\/"},{"@type":"ListItem","position":2,"name":"El ciclo Enklaves llega a su fin esta tarde de la mano de Edu Errea Band en la Vuelta del Castillo"}]},{"@type":"WebSite","@id":"https:\/\/www.laguiadepamplona.com\/actualidad\/#website","url":"https:\/\/www.laguiadepamplona.com\/actualidad\/","name":"La gu\u00eda de Pamplona","description":"Noticias de Pamplona","publisher":{"@id":"https:\/\/www.laguiadepamplona.com\/actualidad\/#organization"},"potentialAction":[{"@type":"SearchAction","target":{"@type":"EntryPoint","urlTemplate":"https:\/\/www.laguiadepamplona.com\/actualidad\/?s={search_term_string}"},"query-input":{"@type":"PropertyValueSpecification","valueRequired":true,"valueName":"search_term_string"}}],"inLanguage":"es"},{"@type":"Organization","@id":"https:\/\/www.laguiadepamplona.com\/actualidad\/#organization","name":"La Gu\u00eda de Pamplona \/ Noticias","url":"https:\/\/www.laguiadepamplona.com\/actualidad\/","logo":{"@type":"ImageObject","inLanguage":"es","@id":"https:\/\/www.laguiadepamplona.com\/actualidad\/#\/schema\/logo\/image\/","url":"https:\/\/www.laguiadepamplona.com\/actualidad\/wp-content\/uploads\/2018\/11\/logo-laguiadepamplona18-web1.png","contentUrl":"https:\/\/www.laguiadepamplona.com\/actualidad\/wp-content\/uploads\/2018\/11\/logo-laguiadepamplona18-web1.png","width":600,"height":196,"caption":"La Gu\u00eda de Pamplona \/ Noticias"},"image":{"@id":"https:\/\/www.laguiadepamplona.com\/actualidad\/#\/schema\/logo\/image\/"},"sameAs":["https:\/\/www.facebook.com\/laguiadepamplonacom-133175176762273\/?ref=hl","https:\/\/x.com\/LaGuiadPamplona","https:\/\/www.instagram.com\/la_guia_de_pamplona\/","https:\/\/www.youtube.com\/user\/laguiadepamplona"]},{"@type":"Person","@id":"https:\/\/www.laguiadepamplona.com\/actualidad\/#\/schema\/person\/efe887376f0213d4657c93adc50b1fdb","name":"La Gu\u00eda de Pamplona","image":{"@type":"ImageObject","inLanguage":"es","@id":"https:\/\/secure.gravatar.com\/avatar\/b6992f131dc8d30ab0dff15446e9d346d9dbd95992de0fef795073f5ea83a81c?s=96&d=mm&r=g","url":"https:\/\/secure.gravatar.com\/avatar\/b6992f131dc8d30ab0dff15446e9d346d9dbd95992de0fef795073f5ea83a81c?s=96&d=mm&r=g","contentUrl":"https:\/\/secure.gravatar.com\/avatar\/b6992f131dc8d30ab0dff15446e9d346d9dbd95992de0fef795073f5ea83a81c?s=96&d=mm&r=g","caption":"La Gu\u00eda de Pamplona"}}]}},"post_mailing_queue_ids":[],"_links":{"self":[{"href":"https:\/\/www.laguiadepamplona.com\/actualidad\/wp-json\/wp\/v2\/posts\/41407","targetHints":{"allow":["GET"]}}],"collection":[{"href":"https:\/\/www.laguiadepamplona.com\/actualidad\/wp-json\/wp\/v2\/posts"}],"about":[{"href":"https:\/\/www.laguiadepamplona.com\/actualidad\/wp-json\/wp\/v2\/types\/post"}],"author":[{"embeddable":true,"href":"https:\/\/www.laguiadepamplona.com\/actualidad\/wp-json\/wp\/v2\/users\/1"}],"replies":[{"embeddable":true,"href":"https:\/\/www.laguiadepamplona.com\/actualidad\/wp-json\/wp\/v2\/comments?post=41407"}],"version-history":[{"count":0,"href":"https:\/\/www.laguiadepamplona.com\/actualidad\/wp-json\/wp\/v2\/posts\/41407\/revisions"}],"wp:featuredmedia":[{"embeddable":true,"href":"https:\/\/www.laguiadepamplona.com\/actualidad\/wp-json\/wp\/v2\/media\/41408"}],"wp:attachment":[{"href":"https:\/\/www.laguiadepamplona.com\/actualidad\/wp-json\/wp\/v2\/media?parent=41407"}],"wp:term":[{"taxonomy":"category","embeddable":true,"href":"https:\/\/www.laguiadepamplona.com\/actualidad\/wp-json\/wp\/v2\/categories?post=41407"},{"taxonomy":"post_tag","embeddable":true,"href":"https:\/\/www.laguiadepamplona.com\/actualidad\/wp-json\/wp\/v2\/tags?post=41407"}],"curies":[{"name":"wp","href":"https:\/\/api.w.org\/{rel}","templated":true}]}}