{"id":41395,"date":"2022-08-25T17:28:21","date_gmt":"2022-08-25T15:28:21","guid":{"rendered":"https:\/\/www.laguiadepamplona.com\/actualidad\/?p=41395"},"modified":"2023-04-11T11:47:52","modified_gmt":"2023-04-11T09:47:52","slug":"las-instalaciones-deportivas-municipales-de-aranzadi-aquavox-san-jorge-y-trinquete-de-mendillorri-permaneceran-cerradas-manana-viernes","status":"publish","type":"post","link":"https:\/\/www.laguiadepamplona.com\/actualidad\/las-instalaciones-deportivas-municipales-de-aranzadi-aquavox-san-jorge-y-trinquete-de-mendillorri-permaneceran-cerradas-manana-viernes\/","title":{"rendered":"Las instalaciones deportivas municipales de Aranzadi, Aquavox San Jorge y Trinquete de Mendillorri permanecer\u00e1n cerradas ma\u00f1ana viernes"},"content":{"rendered":"<h5>La convocatoria de huelga del personal de varias empresas de gesti\u00f3n deportiva ha llevado al Ayuntamiento a tomar esta decisi\u00f3n<\/h5>\n<p><!--more--><\/p>\n<p>La huelga prevista para ma\u00f1ana viernes en las empresas de gesti\u00f3n deportiva ha llevado al Ayuntamiento de Pamplona a determinar el cierre de las instalaciones municipales de Aranzadi, Aquavox San Jorge y Polideportivo Trinquete de Mendillorri ante la incertidumbre de poder ofrecer un servicio de calidad a la ciudadan\u00eda durante la jornada. El cierre tendr\u00e1 lugar \u00fanicamente durante ma\u00f1ana viernes coincidiendo con esa jornada de huelga del personal que trabaja en empresas de gesti\u00f3n deportiva.<br \/>\n<script async src=\"\/\/pagead2.googlesyndication.com\/pagead\/js\/adsbygoogle.js\"><\/script><br \/>\n<!-- Noticias La Guia de Pamplona --><br \/>\n<ins class=\"adsbygoogle\"\nstyle=\"display:block\"\ndata-ad-client=\"ca-pub-6943679897239327\"\ndata-ad-slot=\"7048180777\"\ndata-ad-format=\"auto\"><\/ins><br \/>\n<script>\n(adsbygoogle = window.adsbygoogle || []).push({});\n<\/script><\/p>\n<p>El Ayuntamiento de Pamplona quiere se\u00f1alar que este conflicto laboral nada tiene que ver con el Consistorio, pues son demandas de los empleados y empleadas de esas instalaciones municipales a las empresas de gesti\u00f3n deportiva para las que trabajan, y quiere pedir disculpas a la ciudadan\u00eda por el cierre de estas instalaciones.<\/p>\n<p>Se insiste tambi\u00e9n en que el cierre afecta a esas tres instalaciones deportivas, otras como los polideportivos municipales (todos excepto el del Trinquete de Mendillorri), los campos de f\u00fatbol, los frontones o el centro de pirag\u00fcismo, permanecer\u00e1n abiertos a la ciudadan\u00eda con total normalidad<\/p>\n","protected":false},"excerpt":{"rendered":"<p>La convocatoria de huelga del personal de varias empresas de gesti\u00f3n deportiva ha llevado al Ayuntamiento a tomar esta decisi\u00f3n<\/p>\n","protected":false},"author":1,"featured_media":32747,"comment_status":"open","ping_status":"closed","sticky":false,"template":"","format":"standard","meta":{"footnotes":""},"categories":[2],"tags":[],"class_list":["post-41395","post","type-post","status-publish","format-standard","has-post-thumbnail","hentry","category-ayuntamiento-pamplona"],"yoast_head":"<!-- This site is optimized with the Yoast SEO plugin v27.3 - https:\/\/yoast.com\/product\/yoast-seo-wordpress\/ -->\n<title>Las instalaciones deportivas municipales de Aranzadi, Aquavox San Jorge y Trinquete de Mendillorri permanecer\u00e1n cerradas ma\u00f1ana viernes<\/title>\n<meta name=\"description\" content=\"La convocatoria de huelga del personal de varias empresas de gesti\u00f3n deportiva ha llevado al Ayuntamiento a tomar esta decisi\u00f3n\" \/>\n<meta name=\"robots\" content=\"index, follow, max-snippet:-1, max-image-preview:large, max-video-preview:-1\" \/>\n<link rel=\"canonical\" href=\"https:\/\/www.laguiadepamplona.com\/actualidad\/las-instalaciones-deportivas-municipales-de-aranzadi-aquavox-san-jorge-y-trinquete-de-mendillorri-permaneceran-cerradas-manana-viernes\/\" \/>\n<meta property=\"og:locale\" content=\"es_ES\" \/>\n<meta property=\"og:type\" content=\"article\" \/>\n<meta property=\"og:title\" content=\"Las instalaciones deportivas municipales de Aranzadi, Aquavox San Jorge y Trinquete de Mendillorri permanecer\u00e1n cerradas ma\u00f1ana viernes\" \/>\n<meta property=\"og:description\" content=\"La convocatoria de huelga del personal de varias empresas de gesti\u00f3n deportiva ha llevado al Ayuntamiento a tomar esta decisi\u00f3n\" \/>\n<meta property=\"og:url\" content=\"https:\/\/www.laguiadepamplona.com\/actualidad\/las-instalaciones-deportivas-municipales-de-aranzadi-aquavox-san-jorge-y-trinquete-de-mendillorri-permaneceran-cerradas-manana-viernes\/\" \/>\n<meta property=\"og:site_name\" content=\"La Gu\u00eda de Pamplona\" \/>\n<meta property=\"article:publisher\" content=\"https:\/\/www.facebook.com\/laguiadepamplonacom-133175176762273\/?ref=hl\" \/>\n<meta property=\"article:published_time\" content=\"2022-08-25T15:28:21+00:00\" \/>\n<meta property=\"article:modified_time\" content=\"2023-04-11T09:47:52+00:00\" \/>\n<meta property=\"og:image\" content=\"https:\/\/www.laguiadepamplona.com\/actualidad\/wp-content\/uploads\/2021\/01\/aquavox-san-jorge.jpg\" \/>\n\t<meta property=\"og:image:width\" content=\"1920\" \/>\n\t<meta property=\"og:image:height\" content=\"1219\" \/>\n\t<meta property=\"og:image:type\" content=\"image\/jpeg\" \/>\n<meta name=\"author\" content=\"La Gu\u00eda de Pamplona\" \/>\n<meta name=\"twitter:card\" content=\"summary_large_image\" \/>\n<meta name=\"twitter:creator\" content=\"@LaGuiadPamplona\" \/>\n<meta name=\"twitter:site\" content=\"@LaGuiadPamplona\" \/>\n<meta name=\"twitter:label1\" content=\"Escrito por\" \/>\n\t<meta name=\"twitter:data1\" content=\"La Gu\u00eda de Pamplona\" \/>\n\t<meta name=\"twitter:label2\" content=\"Tiempo de lectura\" \/>\n\t<meta name=\"twitter:data2\" content=\"1 minuto\" \/>\n<script type=\"application\/ld+json\" class=\"yoast-schema-graph\">{\"@context\":\"https:\\\/\\\/schema.org\",\"@graph\":[{\"@type\":\"Article\",\"@id\":\"https:\\\/\\\/www.laguiadepamplona.com\\\/actualidad\\\/las-instalaciones-deportivas-municipales-de-aranzadi-aquavox-san-jorge-y-trinquete-de-mendillorri-permaneceran-cerradas-manana-viernes\\\/#article\",\"isPartOf\":{\"@id\":\"https:\\\/\\\/www.laguiadepamplona.com\\\/actualidad\\\/las-instalaciones-deportivas-municipales-de-aranzadi-aquavox-san-jorge-y-trinquete-de-mendillorri-permaneceran-cerradas-manana-viernes\\\/\"},\"author\":{\"name\":\"La Gu\u00eda de Pamplona\",\"@id\":\"https:\\\/\\\/www.laguiadepamplona.com\\\/actualidad\\\/#\\\/schema\\\/person\\\/efe887376f0213d4657c93adc50b1fdb\"},\"headline\":\"Las instalaciones deportivas municipales de Aranzadi, Aquavox San Jorge y Trinquete de Mendillorri permanecer\u00e1n cerradas ma\u00f1ana viernes\",\"datePublished\":\"2022-08-25T15:28:21+00:00\",\"dateModified\":\"2023-04-11T09:47:52+00:00\",\"mainEntityOfPage\":{\"@id\":\"https:\\\/\\\/www.laguiadepamplona.com\\\/actualidad\\\/las-instalaciones-deportivas-municipales-de-aranzadi-aquavox-san-jorge-y-trinquete-de-mendillorri-permaneceran-cerradas-manana-viernes\\\/\"},\"wordCount\":225,\"commentCount\":0,\"publisher\":{\"@id\":\"https:\\\/\\\/www.laguiadepamplona.com\\\/actualidad\\\/#organization\"},\"image\":{\"@id\":\"https:\\\/\\\/www.laguiadepamplona.com\\\/actualidad\\\/las-instalaciones-deportivas-municipales-de-aranzadi-aquavox-san-jorge-y-trinquete-de-mendillorri-permaneceran-cerradas-manana-viernes\\\/#primaryimage\"},\"thumbnailUrl\":\"https:\\\/\\\/www.laguiadepamplona.com\\\/actualidad\\\/wp-content\\\/uploads\\\/2021\\\/01\\\/aquavox-san-jorge.jpg\",\"articleSection\":[\"Ayto Pamplona\"],\"inLanguage\":\"es\",\"potentialAction\":[{\"@type\":\"CommentAction\",\"name\":\"Comment\",\"target\":[\"https:\\\/\\\/www.laguiadepamplona.com\\\/actualidad\\\/las-instalaciones-deportivas-municipales-de-aranzadi-aquavox-san-jorge-y-trinquete-de-mendillorri-permaneceran-cerradas-manana-viernes\\\/#respond\"]}]},{\"@type\":\"WebPage\",\"@id\":\"https:\\\/\\\/www.laguiadepamplona.com\\\/actualidad\\\/las-instalaciones-deportivas-municipales-de-aranzadi-aquavox-san-jorge-y-trinquete-de-mendillorri-permaneceran-cerradas-manana-viernes\\\/\",\"url\":\"https:\\\/\\\/www.laguiadepamplona.com\\\/actualidad\\\/las-instalaciones-deportivas-municipales-de-aranzadi-aquavox-san-jorge-y-trinquete-de-mendillorri-permaneceran-cerradas-manana-viernes\\\/\",\"name\":\"Las instalaciones deportivas municipales de Aranzadi, Aquavox San Jorge y Trinquete de Mendillorri permanecer\u00e1n cerradas ma\u00f1ana viernes\",\"isPartOf\":{\"@id\":\"https:\\\/\\\/www.laguiadepamplona.com\\\/actualidad\\\/#website\"},\"primaryImageOfPage\":{\"@id\":\"https:\\\/\\\/www.laguiadepamplona.com\\\/actualidad\\\/las-instalaciones-deportivas-municipales-de-aranzadi-aquavox-san-jorge-y-trinquete-de-mendillorri-permaneceran-cerradas-manana-viernes\\\/#primaryimage\"},\"image\":{\"@id\":\"https:\\\/\\\/www.laguiadepamplona.com\\\/actualidad\\\/las-instalaciones-deportivas-municipales-de-aranzadi-aquavox-san-jorge-y-trinquete-de-mendillorri-permaneceran-cerradas-manana-viernes\\\/#primaryimage\"},\"thumbnailUrl\":\"https:\\\/\\\/www.laguiadepamplona.com\\\/actualidad\\\/wp-content\\\/uploads\\\/2021\\\/01\\\/aquavox-san-jorge.jpg\",\"datePublished\":\"2022-08-25T15:28:21+00:00\",\"dateModified\":\"2023-04-11T09:47:52+00:00\",\"description\":\"La convocatoria de huelga del personal de varias empresas de gesti\u00f3n deportiva ha llevado al Ayuntamiento a tomar esta decisi\u00f3n\",\"breadcrumb\":{\"@id\":\"https:\\\/\\\/www.laguiadepamplona.com\\\/actualidad\\\/las-instalaciones-deportivas-municipales-de-aranzadi-aquavox-san-jorge-y-trinquete-de-mendillorri-permaneceran-cerradas-manana-viernes\\\/#breadcrumb\"},\"inLanguage\":\"es\",\"potentialAction\":[{\"@type\":\"ReadAction\",\"target\":[\"https:\\\/\\\/www.laguiadepamplona.com\\\/actualidad\\\/las-instalaciones-deportivas-municipales-de-aranzadi-aquavox-san-jorge-y-trinquete-de-mendillorri-permaneceran-cerradas-manana-viernes\\\/\"]}]},{\"@type\":\"ImageObject\",\"inLanguage\":\"es\",\"@id\":\"https:\\\/\\\/www.laguiadepamplona.com\\\/actualidad\\\/las-instalaciones-deportivas-municipales-de-aranzadi-aquavox-san-jorge-y-trinquete-de-mendillorri-permaneceran-cerradas-manana-viernes\\\/#primaryimage\",\"url\":\"https:\\\/\\\/www.laguiadepamplona.com\\\/actualidad\\\/wp-content\\\/uploads\\\/2021\\\/01\\\/aquavox-san-jorge.jpg\",\"contentUrl\":\"https:\\\/\\\/www.laguiadepamplona.com\\\/actualidad\\\/wp-content\\\/uploads\\\/2021\\\/01\\\/aquavox-san-jorge.jpg\",\"width\":1920,\"height\":1219},{\"@type\":\"BreadcrumbList\",\"@id\":\"https:\\\/\\\/www.laguiadepamplona.com\\\/actualidad\\\/las-instalaciones-deportivas-municipales-de-aranzadi-aquavox-san-jorge-y-trinquete-de-mendillorri-permaneceran-cerradas-manana-viernes\\\/#breadcrumb\",\"itemListElement\":[{\"@type\":\"ListItem\",\"position\":1,\"name\":\"Portada\",\"item\":\"https:\\\/\\\/www.laguiadepamplona.com\\\/actualidad\\\/\"},{\"@type\":\"ListItem\",\"position\":2,\"name\":\"Las instalaciones deportivas municipales de Aranzadi, Aquavox San Jorge y Trinquete de Mendillorri permanecer\u00e1n cerradas ma\u00f1ana viernes\"}]},{\"@type\":\"WebSite\",\"@id\":\"https:\\\/\\\/www.laguiadepamplona.com\\\/actualidad\\\/#website\",\"url\":\"https:\\\/\\\/www.laguiadepamplona.com\\\/actualidad\\\/\",\"name\":\"La gu\u00eda de Pamplona\",\"description\":\"Noticias de Pamplona\",\"publisher\":{\"@id\":\"https:\\\/\\\/www.laguiadepamplona.com\\\/actualidad\\\/#organization\"},\"potentialAction\":[{\"@type\":\"SearchAction\",\"target\":{\"@type\":\"EntryPoint\",\"urlTemplate\":\"https:\\\/\\\/www.laguiadepamplona.com\\\/actualidad\\\/?s={search_term_string}\"},\"query-input\":{\"@type\":\"PropertyValueSpecification\",\"valueRequired\":true,\"valueName\":\"search_term_string\"}}],\"inLanguage\":\"es\"},{\"@type\":\"Organization\",\"@id\":\"https:\\\/\\\/www.laguiadepamplona.com\\\/actualidad\\\/#organization\",\"name\":\"La Gu\u00eda de Pamplona \\\/ Noticias\",\"url\":\"https:\\\/\\\/www.laguiadepamplona.com\\\/actualidad\\\/\",\"logo\":{\"@type\":\"ImageObject\",\"inLanguage\":\"es\",\"@id\":\"https:\\\/\\\/www.laguiadepamplona.com\\\/actualidad\\\/#\\\/schema\\\/logo\\\/image\\\/\",\"url\":\"https:\\\/\\\/www.laguiadepamplona.com\\\/actualidad\\\/wp-content\\\/uploads\\\/2018\\\/11\\\/logo-laguiadepamplona18-web1.png\",\"contentUrl\":\"https:\\\/\\\/www.laguiadepamplona.com\\\/actualidad\\\/wp-content\\\/uploads\\\/2018\\\/11\\\/logo-laguiadepamplona18-web1.png\",\"width\":600,\"height\":196,\"caption\":\"La Gu\u00eda de Pamplona \\\/ Noticias\"},\"image\":{\"@id\":\"https:\\\/\\\/www.laguiadepamplona.com\\\/actualidad\\\/#\\\/schema\\\/logo\\\/image\\\/\"},\"sameAs\":[\"https:\\\/\\\/www.facebook.com\\\/laguiadepamplonacom-133175176762273\\\/?ref=hl\",\"https:\\\/\\\/x.com\\\/LaGuiadPamplona\",\"https:\\\/\\\/www.instagram.com\\\/la_guia_de_pamplona\\\/\",\"https:\\\/\\\/www.youtube.com\\\/user\\\/laguiadepamplona\"]},{\"@type\":\"Person\",\"@id\":\"https:\\\/\\\/www.laguiadepamplona.com\\\/actualidad\\\/#\\\/schema\\\/person\\\/efe887376f0213d4657c93adc50b1fdb\",\"name\":\"La Gu\u00eda de Pamplona\",\"image\":{\"@type\":\"ImageObject\",\"inLanguage\":\"es\",\"@id\":\"https:\\\/\\\/secure.gravatar.com\\\/avatar\\\/b6992f131dc8d30ab0dff15446e9d346d9dbd95992de0fef795073f5ea83a81c?s=96&d=mm&r=g\",\"url\":\"https:\\\/\\\/secure.gravatar.com\\\/avatar\\\/b6992f131dc8d30ab0dff15446e9d346d9dbd95992de0fef795073f5ea83a81c?s=96&d=mm&r=g\",\"contentUrl\":\"https:\\\/\\\/secure.gravatar.com\\\/avatar\\\/b6992f131dc8d30ab0dff15446e9d346d9dbd95992de0fef795073f5ea83a81c?s=96&d=mm&r=g\",\"caption\":\"La Gu\u00eda de Pamplona\"}}]}<\/script>\n<!-- \/ Yoast SEO plugin. -->","yoast_head_json":{"title":"Las instalaciones deportivas municipales de Aranzadi, Aquavox San Jorge y Trinquete de Mendillorri permanecer\u00e1n cerradas ma\u00f1ana viernes","description":"La convocatoria de huelga del personal de varias empresas de gesti\u00f3n deportiva ha llevado al Ayuntamiento a tomar esta decisi\u00f3n","robots":{"index":"index","follow":"follow","max-snippet":"max-snippet:-1","max-image-preview":"max-image-preview:large","max-video-preview":"max-video-preview:-1"},"canonical":"https:\/\/www.laguiadepamplona.com\/actualidad\/las-instalaciones-deportivas-municipales-de-aranzadi-aquavox-san-jorge-y-trinquete-de-mendillorri-permaneceran-cerradas-manana-viernes\/","og_locale":"es_ES","og_type":"article","og_title":"Las instalaciones deportivas municipales de Aranzadi, Aquavox San Jorge y Trinquete de Mendillorri permanecer\u00e1n cerradas ma\u00f1ana viernes","og_description":"La convocatoria de huelga del personal de varias empresas de gesti\u00f3n deportiva ha llevado al Ayuntamiento a tomar esta decisi\u00f3n","og_url":"https:\/\/www.laguiadepamplona.com\/actualidad\/las-instalaciones-deportivas-municipales-de-aranzadi-aquavox-san-jorge-y-trinquete-de-mendillorri-permaneceran-cerradas-manana-viernes\/","og_site_name":"La Gu\u00eda de Pamplona","article_publisher":"https:\/\/www.facebook.com\/laguiadepamplonacom-133175176762273\/?ref=hl","article_published_time":"2022-08-25T15:28:21+00:00","article_modified_time":"2023-04-11T09:47:52+00:00","og_image":[{"width":1920,"height":1219,"url":"https:\/\/www.laguiadepamplona.com\/actualidad\/wp-content\/uploads\/2021\/01\/aquavox-san-jorge.jpg","type":"image\/jpeg"}],"author":"La Gu\u00eda de Pamplona","twitter_card":"summary_large_image","twitter_creator":"@LaGuiadPamplona","twitter_site":"@LaGuiadPamplona","twitter_misc":{"Escrito por":"La Gu\u00eda de Pamplona","Tiempo de lectura":"1 minuto"},"schema":{"@context":"https:\/\/schema.org","@graph":[{"@type":"Article","@id":"https:\/\/www.laguiadepamplona.com\/actualidad\/las-instalaciones-deportivas-municipales-de-aranzadi-aquavox-san-jorge-y-trinquete-de-mendillorri-permaneceran-cerradas-manana-viernes\/#article","isPartOf":{"@id":"https:\/\/www.laguiadepamplona.com\/actualidad\/las-instalaciones-deportivas-municipales-de-aranzadi-aquavox-san-jorge-y-trinquete-de-mendillorri-permaneceran-cerradas-manana-viernes\/"},"author":{"name":"La Gu\u00eda de Pamplona","@id":"https:\/\/www.laguiadepamplona.com\/actualidad\/#\/schema\/person\/efe887376f0213d4657c93adc50b1fdb"},"headline":"Las instalaciones deportivas municipales de Aranzadi, Aquavox San Jorge y Trinquete de Mendillorri permanecer\u00e1n cerradas ma\u00f1ana viernes","datePublished":"2022-08-25T15:28:21+00:00","dateModified":"2023-04-11T09:47:52+00:00","mainEntityOfPage":{"@id":"https:\/\/www.laguiadepamplona.com\/actualidad\/las-instalaciones-deportivas-municipales-de-aranzadi-aquavox-san-jorge-y-trinquete-de-mendillorri-permaneceran-cerradas-manana-viernes\/"},"wordCount":225,"commentCount":0,"publisher":{"@id":"https:\/\/www.laguiadepamplona.com\/actualidad\/#organization"},"image":{"@id":"https:\/\/www.laguiadepamplona.com\/actualidad\/las-instalaciones-deportivas-municipales-de-aranzadi-aquavox-san-jorge-y-trinquete-de-mendillorri-permaneceran-cerradas-manana-viernes\/#primaryimage"},"thumbnailUrl":"https:\/\/www.laguiadepamplona.com\/actualidad\/wp-content\/uploads\/2021\/01\/aquavox-san-jorge.jpg","articleSection":["Ayto Pamplona"],"inLanguage":"es","potentialAction":[{"@type":"CommentAction","name":"Comment","target":["https:\/\/www.laguiadepamplona.com\/actualidad\/las-instalaciones-deportivas-municipales-de-aranzadi-aquavox-san-jorge-y-trinquete-de-mendillorri-permaneceran-cerradas-manana-viernes\/#respond"]}]},{"@type":"WebPage","@id":"https:\/\/www.laguiadepamplona.com\/actualidad\/las-instalaciones-deportivas-municipales-de-aranzadi-aquavox-san-jorge-y-trinquete-de-mendillorri-permaneceran-cerradas-manana-viernes\/","url":"https:\/\/www.laguiadepamplona.com\/actualidad\/las-instalaciones-deportivas-municipales-de-aranzadi-aquavox-san-jorge-y-trinquete-de-mendillorri-permaneceran-cerradas-manana-viernes\/","name":"Las instalaciones deportivas municipales de Aranzadi, Aquavox San Jorge y Trinquete de Mendillorri permanecer\u00e1n cerradas ma\u00f1ana viernes","isPartOf":{"@id":"https:\/\/www.laguiadepamplona.com\/actualidad\/#website"},"primaryImageOfPage":{"@id":"https:\/\/www.laguiadepamplona.com\/actualidad\/las-instalaciones-deportivas-municipales-de-aranzadi-aquavox-san-jorge-y-trinquete-de-mendillorri-permaneceran-cerradas-manana-viernes\/#primaryimage"},"image":{"@id":"https:\/\/www.laguiadepamplona.com\/actualidad\/las-instalaciones-deportivas-municipales-de-aranzadi-aquavox-san-jorge-y-trinquete-de-mendillorri-permaneceran-cerradas-manana-viernes\/#primaryimage"},"thumbnailUrl":"https:\/\/www.laguiadepamplona.com\/actualidad\/wp-content\/uploads\/2021\/01\/aquavox-san-jorge.jpg","datePublished":"2022-08-25T15:28:21+00:00","dateModified":"2023-04-11T09:47:52+00:00","description":"La convocatoria de huelga del personal de varias empresas de gesti\u00f3n deportiva ha llevado al Ayuntamiento a tomar esta decisi\u00f3n","breadcrumb":{"@id":"https:\/\/www.laguiadepamplona.com\/actualidad\/las-instalaciones-deportivas-municipales-de-aranzadi-aquavox-san-jorge-y-trinquete-de-mendillorri-permaneceran-cerradas-manana-viernes\/#breadcrumb"},"inLanguage":"es","potentialAction":[{"@type":"ReadAction","target":["https:\/\/www.laguiadepamplona.com\/actualidad\/las-instalaciones-deportivas-municipales-de-aranzadi-aquavox-san-jorge-y-trinquete-de-mendillorri-permaneceran-cerradas-manana-viernes\/"]}]},{"@type":"ImageObject","inLanguage":"es","@id":"https:\/\/www.laguiadepamplona.com\/actualidad\/las-instalaciones-deportivas-municipales-de-aranzadi-aquavox-san-jorge-y-trinquete-de-mendillorri-permaneceran-cerradas-manana-viernes\/#primaryimage","url":"https:\/\/www.laguiadepamplona.com\/actualidad\/wp-content\/uploads\/2021\/01\/aquavox-san-jorge.jpg","contentUrl":"https:\/\/www.laguiadepamplona.com\/actualidad\/wp-content\/uploads\/2021\/01\/aquavox-san-jorge.jpg","width":1920,"height":1219},{"@type":"BreadcrumbList","@id":"https:\/\/www.laguiadepamplona.com\/actualidad\/las-instalaciones-deportivas-municipales-de-aranzadi-aquavox-san-jorge-y-trinquete-de-mendillorri-permaneceran-cerradas-manana-viernes\/#breadcrumb","itemListElement":[{"@type":"ListItem","position":1,"name":"Portada","item":"https:\/\/www.laguiadepamplona.com\/actualidad\/"},{"@type":"ListItem","position":2,"name":"Las instalaciones deportivas municipales de Aranzadi, Aquavox San Jorge y Trinquete de Mendillorri permanecer\u00e1n cerradas ma\u00f1ana viernes"}]},{"@type":"WebSite","@id":"https:\/\/www.laguiadepamplona.com\/actualidad\/#website","url":"https:\/\/www.laguiadepamplona.com\/actualidad\/","name":"La gu\u00eda de Pamplona","description":"Noticias de Pamplona","publisher":{"@id":"https:\/\/www.laguiadepamplona.com\/actualidad\/#organization"},"potentialAction":[{"@type":"SearchAction","target":{"@type":"EntryPoint","urlTemplate":"https:\/\/www.laguiadepamplona.com\/actualidad\/?s={search_term_string}"},"query-input":{"@type":"PropertyValueSpecification","valueRequired":true,"valueName":"search_term_string"}}],"inLanguage":"es"},{"@type":"Organization","@id":"https:\/\/www.laguiadepamplona.com\/actualidad\/#organization","name":"La Gu\u00eda de Pamplona \/ Noticias","url":"https:\/\/www.laguiadepamplona.com\/actualidad\/","logo":{"@type":"ImageObject","inLanguage":"es","@id":"https:\/\/www.laguiadepamplona.com\/actualidad\/#\/schema\/logo\/image\/","url":"https:\/\/www.laguiadepamplona.com\/actualidad\/wp-content\/uploads\/2018\/11\/logo-laguiadepamplona18-web1.png","contentUrl":"https:\/\/www.laguiadepamplona.com\/actualidad\/wp-content\/uploads\/2018\/11\/logo-laguiadepamplona18-web1.png","width":600,"height":196,"caption":"La Gu\u00eda de Pamplona \/ Noticias"},"image":{"@id":"https:\/\/www.laguiadepamplona.com\/actualidad\/#\/schema\/logo\/image\/"},"sameAs":["https:\/\/www.facebook.com\/laguiadepamplonacom-133175176762273\/?ref=hl","https:\/\/x.com\/LaGuiadPamplona","https:\/\/www.instagram.com\/la_guia_de_pamplona\/","https:\/\/www.youtube.com\/user\/laguiadepamplona"]},{"@type":"Person","@id":"https:\/\/www.laguiadepamplona.com\/actualidad\/#\/schema\/person\/efe887376f0213d4657c93adc50b1fdb","name":"La Gu\u00eda de Pamplona","image":{"@type":"ImageObject","inLanguage":"es","@id":"https:\/\/secure.gravatar.com\/avatar\/b6992f131dc8d30ab0dff15446e9d346d9dbd95992de0fef795073f5ea83a81c?s=96&d=mm&r=g","url":"https:\/\/secure.gravatar.com\/avatar\/b6992f131dc8d30ab0dff15446e9d346d9dbd95992de0fef795073f5ea83a81c?s=96&d=mm&r=g","contentUrl":"https:\/\/secure.gravatar.com\/avatar\/b6992f131dc8d30ab0dff15446e9d346d9dbd95992de0fef795073f5ea83a81c?s=96&d=mm&r=g","caption":"La Gu\u00eda de Pamplona"}}]}},"post_mailing_queue_ids":[],"_links":{"self":[{"href":"https:\/\/www.laguiadepamplona.com\/actualidad\/wp-json\/wp\/v2\/posts\/41395","targetHints":{"allow":["GET"]}}],"collection":[{"href":"https:\/\/www.laguiadepamplona.com\/actualidad\/wp-json\/wp\/v2\/posts"}],"about":[{"href":"https:\/\/www.laguiadepamplona.com\/actualidad\/wp-json\/wp\/v2\/types\/post"}],"author":[{"embeddable":true,"href":"https:\/\/www.laguiadepamplona.com\/actualidad\/wp-json\/wp\/v2\/users\/1"}],"replies":[{"embeddable":true,"href":"https:\/\/www.laguiadepamplona.com\/actualidad\/wp-json\/wp\/v2\/comments?post=41395"}],"version-history":[{"count":0,"href":"https:\/\/www.laguiadepamplona.com\/actualidad\/wp-json\/wp\/v2\/posts\/41395\/revisions"}],"wp:featuredmedia":[{"embeddable":true,"href":"https:\/\/www.laguiadepamplona.com\/actualidad\/wp-json\/wp\/v2\/media\/32747"}],"wp:attachment":[{"href":"https:\/\/www.laguiadepamplona.com\/actualidad\/wp-json\/wp\/v2\/media?parent=41395"}],"wp:term":[{"taxonomy":"category","embeddable":true,"href":"https:\/\/www.laguiadepamplona.com\/actualidad\/wp-json\/wp\/v2\/categories?post=41395"},{"taxonomy":"post_tag","embeddable":true,"href":"https:\/\/www.laguiadepamplona.com\/actualidad\/wp-json\/wp\/v2\/tags?post=41395"}],"curies":[{"name":"wp","href":"https:\/\/api.w.org\/{rel}","templated":true}]}}