{"id":41393,"date":"2022-08-25T17:26:39","date_gmt":"2022-08-25T15:26:39","guid":{"rendered":"https:\/\/www.laguiadepamplona.com\/actualidad\/?p=41393"},"modified":"2023-04-11T11:47:52","modified_gmt":"2023-04-11T09:47:52","slug":"flamenco-on-fire-abre-el-festival-al-cine-con-una-muestra-de-cuatro-documentales-y-cuatro-mesas-redondas-en-condestable-desde-este-jueves-hasta-el-domingo","status":"publish","type":"post","link":"https:\/\/www.laguiadepamplona.com\/actualidad\/flamenco-on-fire-abre-el-festival-al-cine-con-una-muestra-de-cuatro-documentales-y-cuatro-mesas-redondas-en-condestable-desde-este-jueves-hasta-el-domingo\/","title":{"rendered":"Flamenco On Fire abre el festival al cine con una muestra de cuatro documentales y cuatro mesas redondas en Condestable desde este jueves hasta el domingo"},"content":{"rendered":"<h5>Las sesiones comenzar\u00e1n todos los d\u00edas a las 18 horas, con entrada libre hasta completar el aforo<\/h5>\n<p><!--more--><\/p>\n<p>Civivox Condestable acoge esta tarde la primera proyecci\u00f3n cinematogr\u00e1fica del ciclo de cine que en esta edici\u00f3n estrena el festival Flamenco On Fire. Cuatro documentales y cuatro mesas redondas sobre el flamenco y el cine que mostrar\u00e1n c\u00f3mo se ha tratado en el s\u00e9ptimo arte a figuras trascendentales de esta m\u00fasica. Las sesiones tendr\u00e1n lugar de jueves a domingo, a las 18 horas, con entrada libre hasta completar el aforo.<br \/>\n<script async src=\"\/\/pagead2.googlesyndication.com\/pagead\/js\/adsbygoogle.js\"><\/script><br \/>\n<!-- Noticias La Guia de Pamplona --><br \/>\n<ins class=\"adsbygoogle\"\nstyle=\"display:block\"\ndata-ad-client=\"ca-pub-6943679897239327\"\ndata-ad-slot=\"7048180777\"\ndata-ad-format=\"auto\"><\/ins><br \/>\n<script>\n(adsbygoogle = window.adsbygoogle || []).push({});\n<\/script><\/p>\n<p>En su intento de experimentar el flamenco desde todos sus v\u00e9rtices, esta muestra de cine expondr\u00e1 proyectos con lo que se conocer\u00e1 a figuras como La Paquera, Terremoto de Jerez, Manolo Sanl\u00facar o Israel Fern\u00e1ndez, como una forma diferente de acercar al p\u00fablico en primera personas historias y vivencias que nutren el g\u00e9nero jondo. Las sesiones concluir\u00e1n con <strong>debates abiertos al p\u00fablico,<\/strong>\u00a0junto a sus protagonistas.<\/p>\n<p>Esta tarde se podr\u00e1 ver \u2018El legado\u2019, documental dirigido por Juanma Su\u00e1rez y Enrique Guzm\u00e1n a modo de retrospectiva de la vida y obra del maestro Manolo Sanl\u00facar, uno de los guitarristas y compositores andaluces m\u00e1s destacados de los \u00faltimos tiempos. La obra crece en presencia de su protagonista hasta transformarse en una reflexi\u00f3n profunda sobre el arte, la est\u00e9tica y la cultura, adem\u00e1s de conceptos y valores que orbitan alrededor de todo ello. El documental aborda tambi\u00e9n la creaci\u00f3n art\u00edstica, la pasi\u00f3n, la religi\u00f3n, la espiritualidad y el miedo.<br \/>\n<script async src=\"\/\/pagead2.googlesyndication.com\/pagead\/js\/adsbygoogle.js\"><\/script><br \/>\n<!-- Noticias La Guia de Pamplona --><br \/>\n<ins class=\"adsbygoogle\"\nstyle=\"display:block\"\ndata-ad-client=\"ca-pub-6943679897239327\"\ndata-ad-slot=\"7048180777\"\ndata-ad-format=\"auto\"><\/ins><br \/>\n<script>\n(adsbygoogle = window.adsbygoogle || []).push({});\n<\/script><\/p>\n<p><strong>Otras figuras importantes del flamenco<\/strong><\/p>\n<p>La faceta internacional del flamenco llegar\u00e1 el viernes de la mano de \u2018Por oriente sale el sol\u2019, un documental sobre el primer viaje a Jap\u00f3n de la\u00a0<strong>Paquera de Jerez<\/strong>, a sus 67 a\u00f1os. Ese viaje sirve como punto de partida para realizar un recorrido por la vida de la artista y analizar la figura de la cantaora, eco imprescindible del flamenco, la copla y, en definitiva, de la m\u00fasica espa\u00f1ola del pasado siglo. Desde Jerez a Tokio, donde triunf\u00f3 a avanzada edad, se desgaja un apasionante relato de facultades, honestidad y m\u00fasica elaborado por\u00a0<strong>Fernando Gonz\u00e1lez-Caballos<\/strong>\u00a0e Yvan Schrenk en 2002.<\/p>\n<p>El s\u00e1bado el protagonista ser\u00e1 el cantaor Terremoto de Jerez, con la proyecci\u00f3n de un documental sobre su figura realizado por \u00c1lvaro Mayoral e Ignacio Rojas como homenaje a una de las figuras m\u00e1s desgarradoras de la historia del cante.\u00a0La palabra, en \u00e9l, cobr\u00f3 otro sentido y se conjug\u00f3 con la emoci\u00f3n para llegar, incluso, a quebrarse. Terremoto de Jerez es trance, visceralidad y, a trav\u00e9s de su vida y obra, la de un cantaor gitano que naci\u00f3 en la Andaluc\u00eda de los a\u00f1os 30 y muri\u00f3 al comienzo de los 80 al poco de terminar una actuaci\u00f3n, la audiencia logra profundizar en un caldo de cultivo que posibilita el arte manchado de rabia.<br \/>\n<script async src=\"\/\/pagead2.googlesyndication.com\/pagead\/js\/adsbygoogle.js\"><\/script><br \/>\n<!-- Noticias La Guia de Pamplona --><br \/>\n<ins class=\"adsbygoogle\"\nstyle=\"display:block\"\ndata-ad-client=\"ca-pub-6943679897239327\"\ndata-ad-slot=\"7048180777\"\ndata-ad-format=\"auto\"><\/ins><br \/>\n<script>\n(adsbygoogle = window.adsbygoogle || []).push({});\n<\/script><\/p>\n<p>El domingo se proyectar\u00e1 el documental \u2018Canto porque tengo que vivir\u2019. <strong>Santiago Moga Perp\u00e9n\u00a0<\/strong>y<strong>\u00a0Carlos Reverte<\/strong> se adentran en la trayectoria del joven\u00a0<strong>Israel Fern\u00e1ndez<\/strong>. Gitano de Toledo, contempor\u00e1neo de su tiempo y con una carrera mete\u00f3rica a la espalda, el cantaor, presente en la programaci\u00f3n de Flamenco On Fire, ha logrado algunos hitos a su corta edad que lo han posicionado como una referencia de primer orden. Ha grabado con Diego del Morao y El Guincho, en los estudios internacionales de Colors, y tambi\u00e9n en solitario junto a un piano para conectar a trav\u00e9s de discos como \u2018Amor\u2019, nominado a un Grammy Latino, con una nueva generaci\u00f3n.<\/p>\n","protected":false},"excerpt":{"rendered":"<p>Las sesiones comenzar\u00e1n todos los d\u00edas a las 18 horas, con entrada libre hasta completar el aforo<\/p>\n","protected":false},"author":1,"featured_media":17390,"comment_status":"open","ping_status":"closed","sticky":false,"template":"","format":"standard","meta":{"footnotes":""},"categories":[2],"tags":[],"class_list":["post-41393","post","type-post","status-publish","format-standard","has-post-thumbnail","hentry","category-ayuntamiento-pamplona"],"yoast_head":"<!-- This site is optimized with the Yoast SEO plugin v27.3 - https:\/\/yoast.com\/product\/yoast-seo-wordpress\/ -->\n<title>Flamenco On Fire abre el festival al cine con una muestra de cuatro documentales y cuatro mesas redondas en Condestable desde este jueves hasta el domingo<\/title>\n<meta name=\"description\" content=\"Las sesiones comenzar\u00e1n todos los d\u00edas a las 18 horas, con entrada libre hasta completar el aforo\" \/>\n<meta name=\"robots\" content=\"index, follow, max-snippet:-1, max-image-preview:large, max-video-preview:-1\" \/>\n<link rel=\"canonical\" href=\"https:\/\/www.laguiadepamplona.com\/actualidad\/flamenco-on-fire-abre-el-festival-al-cine-con-una-muestra-de-cuatro-documentales-y-cuatro-mesas-redondas-en-condestable-desde-este-jueves-hasta-el-domingo\/\" \/>\n<meta property=\"og:locale\" content=\"es_ES\" \/>\n<meta property=\"og:type\" content=\"article\" \/>\n<meta property=\"og:title\" content=\"Flamenco On Fire abre el festival al cine con una muestra de cuatro documentales y cuatro mesas redondas en Condestable desde este jueves hasta el domingo\" \/>\n<meta property=\"og:description\" content=\"Las sesiones comenzar\u00e1n todos los d\u00edas a las 18 horas, con entrada libre hasta completar el aforo\" \/>\n<meta property=\"og:url\" content=\"https:\/\/www.laguiadepamplona.com\/actualidad\/flamenco-on-fire-abre-el-festival-al-cine-con-una-muestra-de-cuatro-documentales-y-cuatro-mesas-redondas-en-condestable-desde-este-jueves-hasta-el-domingo\/\" \/>\n<meta property=\"og:site_name\" content=\"La Gu\u00eda de Pamplona\" \/>\n<meta property=\"article:publisher\" content=\"https:\/\/www.facebook.com\/laguiadepamplonacom-133175176762273\/?ref=hl\" \/>\n<meta property=\"article:published_time\" content=\"2022-08-25T15:26:39+00:00\" \/>\n<meta property=\"article:modified_time\" content=\"2023-04-11T09:47:52+00:00\" \/>\n<meta property=\"og:image\" content=\"https:\/\/www.laguiadepamplona.com\/actualidad\/wp-content\/uploads\/2018\/05\/palacio-condestable.jpg\" \/>\n\t<meta property=\"og:image:width\" content=\"950\" \/>\n\t<meta property=\"og:image:height\" content=\"634\" \/>\n\t<meta property=\"og:image:type\" content=\"image\/jpeg\" \/>\n<meta name=\"author\" content=\"La Gu\u00eda de Pamplona\" \/>\n<meta name=\"twitter:card\" content=\"summary_large_image\" \/>\n<meta name=\"twitter:creator\" content=\"@LaGuiadPamplona\" \/>\n<meta name=\"twitter:site\" content=\"@LaGuiadPamplona\" \/>\n<meta name=\"twitter:label1\" content=\"Escrito por\" \/>\n\t<meta name=\"twitter:data1\" content=\"La Gu\u00eda de Pamplona\" \/>\n\t<meta name=\"twitter:label2\" content=\"Tiempo de lectura\" \/>\n\t<meta name=\"twitter:data2\" content=\"3 minutos\" \/>\n<script type=\"application\/ld+json\" class=\"yoast-schema-graph\">{\"@context\":\"https:\\\/\\\/schema.org\",\"@graph\":[{\"@type\":\"Article\",\"@id\":\"https:\\\/\\\/www.laguiadepamplona.com\\\/actualidad\\\/flamenco-on-fire-abre-el-festival-al-cine-con-una-muestra-de-cuatro-documentales-y-cuatro-mesas-redondas-en-condestable-desde-este-jueves-hasta-el-domingo\\\/#article\",\"isPartOf\":{\"@id\":\"https:\\\/\\\/www.laguiadepamplona.com\\\/actualidad\\\/flamenco-on-fire-abre-el-festival-al-cine-con-una-muestra-de-cuatro-documentales-y-cuatro-mesas-redondas-en-condestable-desde-este-jueves-hasta-el-domingo\\\/\"},\"author\":{\"name\":\"La Gu\u00eda de Pamplona\",\"@id\":\"https:\\\/\\\/www.laguiadepamplona.com\\\/actualidad\\\/#\\\/schema\\\/person\\\/efe887376f0213d4657c93adc50b1fdb\"},\"headline\":\"Flamenco On Fire abre el festival al cine con una muestra de cuatro documentales y cuatro mesas redondas en Condestable desde este jueves hasta el domingo\",\"datePublished\":\"2022-08-25T15:26:39+00:00\",\"dateModified\":\"2023-04-11T09:47:52+00:00\",\"mainEntityOfPage\":{\"@id\":\"https:\\\/\\\/www.laguiadepamplona.com\\\/actualidad\\\/flamenco-on-fire-abre-el-festival-al-cine-con-una-muestra-de-cuatro-documentales-y-cuatro-mesas-redondas-en-condestable-desde-este-jueves-hasta-el-domingo\\\/\"},\"wordCount\":645,\"commentCount\":0,\"publisher\":{\"@id\":\"https:\\\/\\\/www.laguiadepamplona.com\\\/actualidad\\\/#organization\"},\"image\":{\"@id\":\"https:\\\/\\\/www.laguiadepamplona.com\\\/actualidad\\\/flamenco-on-fire-abre-el-festival-al-cine-con-una-muestra-de-cuatro-documentales-y-cuatro-mesas-redondas-en-condestable-desde-este-jueves-hasta-el-domingo\\\/#primaryimage\"},\"thumbnailUrl\":\"https:\\\/\\\/www.laguiadepamplona.com\\\/actualidad\\\/wp-content\\\/uploads\\\/2018\\\/05\\\/palacio-condestable.jpg\",\"articleSection\":[\"Ayto Pamplona\"],\"inLanguage\":\"es\",\"potentialAction\":[{\"@type\":\"CommentAction\",\"name\":\"Comment\",\"target\":[\"https:\\\/\\\/www.laguiadepamplona.com\\\/actualidad\\\/flamenco-on-fire-abre-el-festival-al-cine-con-una-muestra-de-cuatro-documentales-y-cuatro-mesas-redondas-en-condestable-desde-este-jueves-hasta-el-domingo\\\/#respond\"]}]},{\"@type\":\"WebPage\",\"@id\":\"https:\\\/\\\/www.laguiadepamplona.com\\\/actualidad\\\/flamenco-on-fire-abre-el-festival-al-cine-con-una-muestra-de-cuatro-documentales-y-cuatro-mesas-redondas-en-condestable-desde-este-jueves-hasta-el-domingo\\\/\",\"url\":\"https:\\\/\\\/www.laguiadepamplona.com\\\/actualidad\\\/flamenco-on-fire-abre-el-festival-al-cine-con-una-muestra-de-cuatro-documentales-y-cuatro-mesas-redondas-en-condestable-desde-este-jueves-hasta-el-domingo\\\/\",\"name\":\"Flamenco On Fire abre el festival al cine con una muestra de cuatro documentales y cuatro mesas redondas en Condestable desde este jueves hasta el domingo\",\"isPartOf\":{\"@id\":\"https:\\\/\\\/www.laguiadepamplona.com\\\/actualidad\\\/#website\"},\"primaryImageOfPage\":{\"@id\":\"https:\\\/\\\/www.laguiadepamplona.com\\\/actualidad\\\/flamenco-on-fire-abre-el-festival-al-cine-con-una-muestra-de-cuatro-documentales-y-cuatro-mesas-redondas-en-condestable-desde-este-jueves-hasta-el-domingo\\\/#primaryimage\"},\"image\":{\"@id\":\"https:\\\/\\\/www.laguiadepamplona.com\\\/actualidad\\\/flamenco-on-fire-abre-el-festival-al-cine-con-una-muestra-de-cuatro-documentales-y-cuatro-mesas-redondas-en-condestable-desde-este-jueves-hasta-el-domingo\\\/#primaryimage\"},\"thumbnailUrl\":\"https:\\\/\\\/www.laguiadepamplona.com\\\/actualidad\\\/wp-content\\\/uploads\\\/2018\\\/05\\\/palacio-condestable.jpg\",\"datePublished\":\"2022-08-25T15:26:39+00:00\",\"dateModified\":\"2023-04-11T09:47:52+00:00\",\"description\":\"Las sesiones comenzar\u00e1n todos los d\u00edas a las 18 horas, con entrada libre hasta completar el aforo\",\"breadcrumb\":{\"@id\":\"https:\\\/\\\/www.laguiadepamplona.com\\\/actualidad\\\/flamenco-on-fire-abre-el-festival-al-cine-con-una-muestra-de-cuatro-documentales-y-cuatro-mesas-redondas-en-condestable-desde-este-jueves-hasta-el-domingo\\\/#breadcrumb\"},\"inLanguage\":\"es\",\"potentialAction\":[{\"@type\":\"ReadAction\",\"target\":[\"https:\\\/\\\/www.laguiadepamplona.com\\\/actualidad\\\/flamenco-on-fire-abre-el-festival-al-cine-con-una-muestra-de-cuatro-documentales-y-cuatro-mesas-redondas-en-condestable-desde-este-jueves-hasta-el-domingo\\\/\"]}]},{\"@type\":\"ImageObject\",\"inLanguage\":\"es\",\"@id\":\"https:\\\/\\\/www.laguiadepamplona.com\\\/actualidad\\\/flamenco-on-fire-abre-el-festival-al-cine-con-una-muestra-de-cuatro-documentales-y-cuatro-mesas-redondas-en-condestable-desde-este-jueves-hasta-el-domingo\\\/#primaryimage\",\"url\":\"https:\\\/\\\/www.laguiadepamplona.com\\\/actualidad\\\/wp-content\\\/uploads\\\/2018\\\/05\\\/palacio-condestable.jpg\",\"contentUrl\":\"https:\\\/\\\/www.laguiadepamplona.com\\\/actualidad\\\/wp-content\\\/uploads\\\/2018\\\/05\\\/palacio-condestable.jpg\",\"width\":950,\"height\":634,\"caption\":\"civivox condestable\"},{\"@type\":\"BreadcrumbList\",\"@id\":\"https:\\\/\\\/www.laguiadepamplona.com\\\/actualidad\\\/flamenco-on-fire-abre-el-festival-al-cine-con-una-muestra-de-cuatro-documentales-y-cuatro-mesas-redondas-en-condestable-desde-este-jueves-hasta-el-domingo\\\/#breadcrumb\",\"itemListElement\":[{\"@type\":\"ListItem\",\"position\":1,\"name\":\"Portada\",\"item\":\"https:\\\/\\\/www.laguiadepamplona.com\\\/actualidad\\\/\"},{\"@type\":\"ListItem\",\"position\":2,\"name\":\"Flamenco On Fire abre el festival al cine con una muestra de cuatro documentales y cuatro mesas redondas en Condestable desde este jueves hasta el domingo\"}]},{\"@type\":\"WebSite\",\"@id\":\"https:\\\/\\\/www.laguiadepamplona.com\\\/actualidad\\\/#website\",\"url\":\"https:\\\/\\\/www.laguiadepamplona.com\\\/actualidad\\\/\",\"name\":\"La gu\u00eda de Pamplona\",\"description\":\"Noticias de Pamplona\",\"publisher\":{\"@id\":\"https:\\\/\\\/www.laguiadepamplona.com\\\/actualidad\\\/#organization\"},\"potentialAction\":[{\"@type\":\"SearchAction\",\"target\":{\"@type\":\"EntryPoint\",\"urlTemplate\":\"https:\\\/\\\/www.laguiadepamplona.com\\\/actualidad\\\/?s={search_term_string}\"},\"query-input\":{\"@type\":\"PropertyValueSpecification\",\"valueRequired\":true,\"valueName\":\"search_term_string\"}}],\"inLanguage\":\"es\"},{\"@type\":\"Organization\",\"@id\":\"https:\\\/\\\/www.laguiadepamplona.com\\\/actualidad\\\/#organization\",\"name\":\"La Gu\u00eda de Pamplona \\\/ Noticias\",\"url\":\"https:\\\/\\\/www.laguiadepamplona.com\\\/actualidad\\\/\",\"logo\":{\"@type\":\"ImageObject\",\"inLanguage\":\"es\",\"@id\":\"https:\\\/\\\/www.laguiadepamplona.com\\\/actualidad\\\/#\\\/schema\\\/logo\\\/image\\\/\",\"url\":\"https:\\\/\\\/www.laguiadepamplona.com\\\/actualidad\\\/wp-content\\\/uploads\\\/2018\\\/11\\\/logo-laguiadepamplona18-web1.png\",\"contentUrl\":\"https:\\\/\\\/www.laguiadepamplona.com\\\/actualidad\\\/wp-content\\\/uploads\\\/2018\\\/11\\\/logo-laguiadepamplona18-web1.png\",\"width\":600,\"height\":196,\"caption\":\"La Gu\u00eda de Pamplona \\\/ Noticias\"},\"image\":{\"@id\":\"https:\\\/\\\/www.laguiadepamplona.com\\\/actualidad\\\/#\\\/schema\\\/logo\\\/image\\\/\"},\"sameAs\":[\"https:\\\/\\\/www.facebook.com\\\/laguiadepamplonacom-133175176762273\\\/?ref=hl\",\"https:\\\/\\\/x.com\\\/LaGuiadPamplona\",\"https:\\\/\\\/www.instagram.com\\\/la_guia_de_pamplona\\\/\",\"https:\\\/\\\/www.youtube.com\\\/user\\\/laguiadepamplona\"]},{\"@type\":\"Person\",\"@id\":\"https:\\\/\\\/www.laguiadepamplona.com\\\/actualidad\\\/#\\\/schema\\\/person\\\/efe887376f0213d4657c93adc50b1fdb\",\"name\":\"La Gu\u00eda de Pamplona\",\"image\":{\"@type\":\"ImageObject\",\"inLanguage\":\"es\",\"@id\":\"https:\\\/\\\/secure.gravatar.com\\\/avatar\\\/b6992f131dc8d30ab0dff15446e9d346d9dbd95992de0fef795073f5ea83a81c?s=96&d=mm&r=g\",\"url\":\"https:\\\/\\\/secure.gravatar.com\\\/avatar\\\/b6992f131dc8d30ab0dff15446e9d346d9dbd95992de0fef795073f5ea83a81c?s=96&d=mm&r=g\",\"contentUrl\":\"https:\\\/\\\/secure.gravatar.com\\\/avatar\\\/b6992f131dc8d30ab0dff15446e9d346d9dbd95992de0fef795073f5ea83a81c?s=96&d=mm&r=g\",\"caption\":\"La Gu\u00eda de Pamplona\"}}]}<\/script>\n<!-- \/ Yoast SEO plugin. -->","yoast_head_json":{"title":"Flamenco On Fire abre el festival al cine con una muestra de cuatro documentales y cuatro mesas redondas en Condestable desde este jueves hasta el domingo","description":"Las sesiones comenzar\u00e1n todos los d\u00edas a las 18 horas, con entrada libre hasta completar el aforo","robots":{"index":"index","follow":"follow","max-snippet":"max-snippet:-1","max-image-preview":"max-image-preview:large","max-video-preview":"max-video-preview:-1"},"canonical":"https:\/\/www.laguiadepamplona.com\/actualidad\/flamenco-on-fire-abre-el-festival-al-cine-con-una-muestra-de-cuatro-documentales-y-cuatro-mesas-redondas-en-condestable-desde-este-jueves-hasta-el-domingo\/","og_locale":"es_ES","og_type":"article","og_title":"Flamenco On Fire abre el festival al cine con una muestra de cuatro documentales y cuatro mesas redondas en Condestable desde este jueves hasta el domingo","og_description":"Las sesiones comenzar\u00e1n todos los d\u00edas a las 18 horas, con entrada libre hasta completar el aforo","og_url":"https:\/\/www.laguiadepamplona.com\/actualidad\/flamenco-on-fire-abre-el-festival-al-cine-con-una-muestra-de-cuatro-documentales-y-cuatro-mesas-redondas-en-condestable-desde-este-jueves-hasta-el-domingo\/","og_site_name":"La Gu\u00eda de Pamplona","article_publisher":"https:\/\/www.facebook.com\/laguiadepamplonacom-133175176762273\/?ref=hl","article_published_time":"2022-08-25T15:26:39+00:00","article_modified_time":"2023-04-11T09:47:52+00:00","og_image":[{"width":950,"height":634,"url":"https:\/\/www.laguiadepamplona.com\/actualidad\/wp-content\/uploads\/2018\/05\/palacio-condestable.jpg","type":"image\/jpeg"}],"author":"La Gu\u00eda de Pamplona","twitter_card":"summary_large_image","twitter_creator":"@LaGuiadPamplona","twitter_site":"@LaGuiadPamplona","twitter_misc":{"Escrito por":"La Gu\u00eda de Pamplona","Tiempo de lectura":"3 minutos"},"schema":{"@context":"https:\/\/schema.org","@graph":[{"@type":"Article","@id":"https:\/\/www.laguiadepamplona.com\/actualidad\/flamenco-on-fire-abre-el-festival-al-cine-con-una-muestra-de-cuatro-documentales-y-cuatro-mesas-redondas-en-condestable-desde-este-jueves-hasta-el-domingo\/#article","isPartOf":{"@id":"https:\/\/www.laguiadepamplona.com\/actualidad\/flamenco-on-fire-abre-el-festival-al-cine-con-una-muestra-de-cuatro-documentales-y-cuatro-mesas-redondas-en-condestable-desde-este-jueves-hasta-el-domingo\/"},"author":{"name":"La Gu\u00eda de Pamplona","@id":"https:\/\/www.laguiadepamplona.com\/actualidad\/#\/schema\/person\/efe887376f0213d4657c93adc50b1fdb"},"headline":"Flamenco On Fire abre el festival al cine con una muestra de cuatro documentales y cuatro mesas redondas en Condestable desde este jueves hasta el domingo","datePublished":"2022-08-25T15:26:39+00:00","dateModified":"2023-04-11T09:47:52+00:00","mainEntityOfPage":{"@id":"https:\/\/www.laguiadepamplona.com\/actualidad\/flamenco-on-fire-abre-el-festival-al-cine-con-una-muestra-de-cuatro-documentales-y-cuatro-mesas-redondas-en-condestable-desde-este-jueves-hasta-el-domingo\/"},"wordCount":645,"commentCount":0,"publisher":{"@id":"https:\/\/www.laguiadepamplona.com\/actualidad\/#organization"},"image":{"@id":"https:\/\/www.laguiadepamplona.com\/actualidad\/flamenco-on-fire-abre-el-festival-al-cine-con-una-muestra-de-cuatro-documentales-y-cuatro-mesas-redondas-en-condestable-desde-este-jueves-hasta-el-domingo\/#primaryimage"},"thumbnailUrl":"https:\/\/www.laguiadepamplona.com\/actualidad\/wp-content\/uploads\/2018\/05\/palacio-condestable.jpg","articleSection":["Ayto Pamplona"],"inLanguage":"es","potentialAction":[{"@type":"CommentAction","name":"Comment","target":["https:\/\/www.laguiadepamplona.com\/actualidad\/flamenco-on-fire-abre-el-festival-al-cine-con-una-muestra-de-cuatro-documentales-y-cuatro-mesas-redondas-en-condestable-desde-este-jueves-hasta-el-domingo\/#respond"]}]},{"@type":"WebPage","@id":"https:\/\/www.laguiadepamplona.com\/actualidad\/flamenco-on-fire-abre-el-festival-al-cine-con-una-muestra-de-cuatro-documentales-y-cuatro-mesas-redondas-en-condestable-desde-este-jueves-hasta-el-domingo\/","url":"https:\/\/www.laguiadepamplona.com\/actualidad\/flamenco-on-fire-abre-el-festival-al-cine-con-una-muestra-de-cuatro-documentales-y-cuatro-mesas-redondas-en-condestable-desde-este-jueves-hasta-el-domingo\/","name":"Flamenco On Fire abre el festival al cine con una muestra de cuatro documentales y cuatro mesas redondas en Condestable desde este jueves hasta el domingo","isPartOf":{"@id":"https:\/\/www.laguiadepamplona.com\/actualidad\/#website"},"primaryImageOfPage":{"@id":"https:\/\/www.laguiadepamplona.com\/actualidad\/flamenco-on-fire-abre-el-festival-al-cine-con-una-muestra-de-cuatro-documentales-y-cuatro-mesas-redondas-en-condestable-desde-este-jueves-hasta-el-domingo\/#primaryimage"},"image":{"@id":"https:\/\/www.laguiadepamplona.com\/actualidad\/flamenco-on-fire-abre-el-festival-al-cine-con-una-muestra-de-cuatro-documentales-y-cuatro-mesas-redondas-en-condestable-desde-este-jueves-hasta-el-domingo\/#primaryimage"},"thumbnailUrl":"https:\/\/www.laguiadepamplona.com\/actualidad\/wp-content\/uploads\/2018\/05\/palacio-condestable.jpg","datePublished":"2022-08-25T15:26:39+00:00","dateModified":"2023-04-11T09:47:52+00:00","description":"Las sesiones comenzar\u00e1n todos los d\u00edas a las 18 horas, con entrada libre hasta completar el aforo","breadcrumb":{"@id":"https:\/\/www.laguiadepamplona.com\/actualidad\/flamenco-on-fire-abre-el-festival-al-cine-con-una-muestra-de-cuatro-documentales-y-cuatro-mesas-redondas-en-condestable-desde-este-jueves-hasta-el-domingo\/#breadcrumb"},"inLanguage":"es","potentialAction":[{"@type":"ReadAction","target":["https:\/\/www.laguiadepamplona.com\/actualidad\/flamenco-on-fire-abre-el-festival-al-cine-con-una-muestra-de-cuatro-documentales-y-cuatro-mesas-redondas-en-condestable-desde-este-jueves-hasta-el-domingo\/"]}]},{"@type":"ImageObject","inLanguage":"es","@id":"https:\/\/www.laguiadepamplona.com\/actualidad\/flamenco-on-fire-abre-el-festival-al-cine-con-una-muestra-de-cuatro-documentales-y-cuatro-mesas-redondas-en-condestable-desde-este-jueves-hasta-el-domingo\/#primaryimage","url":"https:\/\/www.laguiadepamplona.com\/actualidad\/wp-content\/uploads\/2018\/05\/palacio-condestable.jpg","contentUrl":"https:\/\/www.laguiadepamplona.com\/actualidad\/wp-content\/uploads\/2018\/05\/palacio-condestable.jpg","width":950,"height":634,"caption":"civivox condestable"},{"@type":"BreadcrumbList","@id":"https:\/\/www.laguiadepamplona.com\/actualidad\/flamenco-on-fire-abre-el-festival-al-cine-con-una-muestra-de-cuatro-documentales-y-cuatro-mesas-redondas-en-condestable-desde-este-jueves-hasta-el-domingo\/#breadcrumb","itemListElement":[{"@type":"ListItem","position":1,"name":"Portada","item":"https:\/\/www.laguiadepamplona.com\/actualidad\/"},{"@type":"ListItem","position":2,"name":"Flamenco On Fire abre el festival al cine con una muestra de cuatro documentales y cuatro mesas redondas en Condestable desde este jueves hasta el domingo"}]},{"@type":"WebSite","@id":"https:\/\/www.laguiadepamplona.com\/actualidad\/#website","url":"https:\/\/www.laguiadepamplona.com\/actualidad\/","name":"La gu\u00eda de Pamplona","description":"Noticias de Pamplona","publisher":{"@id":"https:\/\/www.laguiadepamplona.com\/actualidad\/#organization"},"potentialAction":[{"@type":"SearchAction","target":{"@type":"EntryPoint","urlTemplate":"https:\/\/www.laguiadepamplona.com\/actualidad\/?s={search_term_string}"},"query-input":{"@type":"PropertyValueSpecification","valueRequired":true,"valueName":"search_term_string"}}],"inLanguage":"es"},{"@type":"Organization","@id":"https:\/\/www.laguiadepamplona.com\/actualidad\/#organization","name":"La Gu\u00eda de Pamplona \/ Noticias","url":"https:\/\/www.laguiadepamplona.com\/actualidad\/","logo":{"@type":"ImageObject","inLanguage":"es","@id":"https:\/\/www.laguiadepamplona.com\/actualidad\/#\/schema\/logo\/image\/","url":"https:\/\/www.laguiadepamplona.com\/actualidad\/wp-content\/uploads\/2018\/11\/logo-laguiadepamplona18-web1.png","contentUrl":"https:\/\/www.laguiadepamplona.com\/actualidad\/wp-content\/uploads\/2018\/11\/logo-laguiadepamplona18-web1.png","width":600,"height":196,"caption":"La Gu\u00eda de Pamplona \/ Noticias"},"image":{"@id":"https:\/\/www.laguiadepamplona.com\/actualidad\/#\/schema\/logo\/image\/"},"sameAs":["https:\/\/www.facebook.com\/laguiadepamplonacom-133175176762273\/?ref=hl","https:\/\/x.com\/LaGuiadPamplona","https:\/\/www.instagram.com\/la_guia_de_pamplona\/","https:\/\/www.youtube.com\/user\/laguiadepamplona"]},{"@type":"Person","@id":"https:\/\/www.laguiadepamplona.com\/actualidad\/#\/schema\/person\/efe887376f0213d4657c93adc50b1fdb","name":"La Gu\u00eda de Pamplona","image":{"@type":"ImageObject","inLanguage":"es","@id":"https:\/\/secure.gravatar.com\/avatar\/b6992f131dc8d30ab0dff15446e9d346d9dbd95992de0fef795073f5ea83a81c?s=96&d=mm&r=g","url":"https:\/\/secure.gravatar.com\/avatar\/b6992f131dc8d30ab0dff15446e9d346d9dbd95992de0fef795073f5ea83a81c?s=96&d=mm&r=g","contentUrl":"https:\/\/secure.gravatar.com\/avatar\/b6992f131dc8d30ab0dff15446e9d346d9dbd95992de0fef795073f5ea83a81c?s=96&d=mm&r=g","caption":"La Gu\u00eda de Pamplona"}}]}},"post_mailing_queue_ids":[],"_links":{"self":[{"href":"https:\/\/www.laguiadepamplona.com\/actualidad\/wp-json\/wp\/v2\/posts\/41393","targetHints":{"allow":["GET"]}}],"collection":[{"href":"https:\/\/www.laguiadepamplona.com\/actualidad\/wp-json\/wp\/v2\/posts"}],"about":[{"href":"https:\/\/www.laguiadepamplona.com\/actualidad\/wp-json\/wp\/v2\/types\/post"}],"author":[{"embeddable":true,"href":"https:\/\/www.laguiadepamplona.com\/actualidad\/wp-json\/wp\/v2\/users\/1"}],"replies":[{"embeddable":true,"href":"https:\/\/www.laguiadepamplona.com\/actualidad\/wp-json\/wp\/v2\/comments?post=41393"}],"version-history":[{"count":0,"href":"https:\/\/www.laguiadepamplona.com\/actualidad\/wp-json\/wp\/v2\/posts\/41393\/revisions"}],"wp:featuredmedia":[{"embeddable":true,"href":"https:\/\/www.laguiadepamplona.com\/actualidad\/wp-json\/wp\/v2\/media\/17390"}],"wp:attachment":[{"href":"https:\/\/www.laguiadepamplona.com\/actualidad\/wp-json\/wp\/v2\/media?parent=41393"}],"wp:term":[{"taxonomy":"category","embeddable":true,"href":"https:\/\/www.laguiadepamplona.com\/actualidad\/wp-json\/wp\/v2\/categories?post=41393"},{"taxonomy":"post_tag","embeddable":true,"href":"https:\/\/www.laguiadepamplona.com\/actualidad\/wp-json\/wp\/v2\/tags?post=41393"}],"curies":[{"name":"wp","href":"https:\/\/api.w.org\/{rel}","templated":true}]}}