{"id":41390,"date":"2022-08-25T17:24:59","date_gmt":"2022-08-25T15:24:59","guid":{"rendered":"https:\/\/www.laguiadepamplona.com\/actualidad\/?p=41390"},"modified":"2023-04-11T11:47:52","modified_gmt":"2023-04-11T09:47:52","slug":"la-casa-consistorial-se-abre-a-la-ciudadania-para-conmemorar-el-privilegio-de-la-union-y-la-creacion-de-la-ciudad-moderna-con-800-plazas-en-visitas-guiadas-gratuitas","status":"publish","type":"post","link":"https:\/\/www.laguiadepamplona.com\/actualidad\/la-casa-consistorial-se-abre-a-la-ciudadania-para-conmemorar-el-privilegio-de-la-union-y-la-creacion-de-la-ciudad-moderna-con-800-plazas-en-visitas-guiadas-gratuitas\/","title":{"rendered":"La Casa Consistorial se abre a la ciudadan\u00eda para conmemorar el Privilegio de la Uni\u00f3n y la creaci\u00f3n de la ciudad moderna con 800 plazas en visitas guiadas gratuitas"},"content":{"rendered":"<h5>Las inscripciones se pueden realizar desde este viernes a trav\u00e9s de pamplona.es y del tel\u00e9fono 010 para recorridos del 2 al 9 de septiembre<\/h5>\n<p><!--more--><\/p>\n<p>El Ayuntamiento de Pamplona organiza, en las fechas pr\u00f3ximas a la conmemoraci\u00f3n del nacimiento de la ciudad moderna con el otorgamiento del Privilegio de la Uni\u00f3n, una serie de visitas guiadas gratuitas a la Casa Consistorial. Entre el 2 y el 9 se de septiembre ofrecen plazas en castellano y euskera en 32 grupos diferentes, con una media de m\u00e1s de 100 plazas diarias. Cada grupo acoger\u00e1 un m\u00e1ximo de 25 personas hasta un total 800 plazas y solo se registrar\u00e1 una inscripci\u00f3n por persona. Los menores de 6 a\u00f1os no requieren inscripci\u00f3n previa.<\/p>\n<p>Las inscripciones se pueden realizar desde ma\u00f1ana viernes a trav\u00e9s del tel\u00e9fono de informaci\u00f3n ciudadana 010 (948 420100), o de la p\u00e1gina <a href=\"http:\/\/www.pamplona.es\/visitas-guiadas-la-casa-consistorial\" target=\"_blank\" rel=\"noopener\">www.pamplona.es\/visitas-guiadas-la-casa-consistorial<\/a> de la web municipal, que tambi\u00e9n incluir\u00e1 en su portada un acceso directo a esta opci\u00f3n. Las plazas se adjudicar\u00e1n por orden de solicitud.<br \/>\n<script async src=\"\/\/pagead2.googlesyndication.com\/pagead\/js\/adsbygoogle.js\"><\/script><br \/>\n<!-- Noticias La Guia de Pamplona --><br \/>\n<ins class=\"adsbygoogle\"\nstyle=\"display:block\"\ndata-ad-client=\"ca-pub-6943679897239327\"\ndata-ad-slot=\"7048180777\"\ndata-ad-format=\"auto\"><\/ins><br \/>\n<script>\n(adsbygoogle = window.adsbygoogle || []).push({});\n<\/script><\/p>\n<p>Un a\u00f1o m\u00e1s, entre los actos organizados con motivo del d\u00eda del Privilegio de la Uni\u00f3n y como reza en el dintel de la entrada (\u201c<em>Patet omnibus jauna, cor valde magis<\/em>\u201d \/ \u201cLa puerta est\u00e1 abierta para todos, pero sobre todo el coraz\u00f3n\u201d) la Casa Consistorial brinda a la ciudadan\u00eda la posibilidad de participar en visitas guiadas para conocer la historia del actual edificio, sus precedentes, su funci\u00f3n simb\u00f3lica y representativa a lo largo de los siglos.<\/p>\n<p>Durante cuarenta minutos, los visitantes podr\u00e1n recorrer las estancias y espacios desde las que se lleva a cabo la gesti\u00f3n de la ciudad y de sus relaciones protocolarias (entre otros el Sal\u00f3n de Plenos, el despacho de Alcald\u00eda o el Sal\u00f3n de Recepciones), asomarse al balc\u00f3n m\u00e1s conocido de Pamplona: el espacio desde el que se da inicio a las fiestas de San Ferm\u00edn con el lanzamiento del Chupinazo o a la capilla escondida en uno de los espacios m\u00e1s simb\u00f3licos de la llamada \u2018Planta noble\u2019. La Casa Consistorial alberga en su interior, adem\u00e1s, distintos elementos art\u00edsticos (cuadros, esculturas, fotograf\u00edas, pa\u00f1os bordados, escudos\u2026.<\/p>\n<p>Por supuesto, la visita har\u00e1 parada en el zagu\u00e1n de acceso al edificio, donde se encuentra expuesto el facs\u00edmil del Privilegio de la Uni\u00f3n que se custodia en el Archivo Municipal, las mazas de plata que desde antiguo son el s\u00edmbolo del poder municipal y que a\u00fan hoy lo encarnan cuando se llevan en desfiles y precesiones, o las llaves \u2018de la ciudad\u2019, aunque las de la vitrina son que se entregaban a los ilustres visitantes cuando llegaban a Pamplona, copias estilizadas de las llaves \u2018de uso\u2019 de las puertas de las murallas de la ciudad. De estas \u00faltimas tambi\u00e9n hay muestras en el Sal\u00f3n de Plenos.<br \/>\n<script async src=\"\/\/pagead2.googlesyndication.com\/pagead\/js\/adsbygoogle.js\"><\/script><br \/>\n<!-- Noticias La Guia de Pamplona --><br \/>\n<ins class=\"adsbygoogle\"\nstyle=\"display:block\"\ndata-ad-client=\"ca-pub-6943679897239327\"\ndata-ad-slot=\"7048180777\"\ndata-ad-format=\"auto\"><\/ins><br \/>\n<script>\n(adsbygoogle = window.adsbygoogle || []).push({});\n<\/script><\/p>\n<p><strong>Y abierta tambi\u00e9n a la visita virtual<\/strong><\/p>\n<p>Para quien quiera hacerse una idea de qu\u00e9 se va a visitar o para las personas que no puedan asistir a estos recorridos, existe una alternativa: la visita virtual. Desde noviembre de 2020 el Ayuntamiento de Pamplona ofrece en la web municipal a trav\u00e9s del enlace <a href=\"https:\/\/www.pamplona.es\/visita-virtual-casa-consistorial\" target=\"_blank\" rel=\"noopener\">https:\/\/www.pamplona.es\/visita-virtual-casa-consistorial<\/a>.<\/p>\n<p>Esta aplicaci\u00f3n permite las personas usuarias recorrer todas las estancias municipales y marca puntos de inter\u00e9s en los que se desarrolla informaci\u00f3n en detalle de cada elemento o estancia. La visita se puede realizar en castellano y en euskera, con la opci\u00f3n, adem\u00e1s, de poder llevarla a cabo con una m\u00fasica de fondo. Durante los primeros d\u00edas de septiembre se podr\u00e1 acceder tambi\u00e9n a esta recurso digital a trav\u00e9s de la cabecera de la p\u00e1gina de inicio del Ayuntamiento de Pamplona, <a href=\"http:\/\/www.pamplona.es\" target=\"_blank\" rel=\"noopener\">www.pamplona.es<\/a>.<br \/>\n<script async src=\"\/\/pagead2.googlesyndication.com\/pagead\/js\/adsbygoogle.js\"><\/script><br \/>\n<!-- Noticias La Guia de Pamplona --><br \/>\n<ins class=\"adsbygoogle\"\nstyle=\"display:block\"\ndata-ad-client=\"ca-pub-6943679897239327\"\ndata-ad-slot=\"7048180777\"\ndata-ad-format=\"auto\"><\/ins><br \/>\n<script>\n(adsbygoogle = window.adsbygoogle || []).push({});\n<\/script><\/p>\n<p>&nbsp;<\/p>\n<h3><strong>Horarios de las visitas guiadas<\/strong><\/h3>\n<ul>\n<li>Vienes, 2 de septiembre:\n<ul>\n<li>12:00 en castellano<\/li>\n<li>13:00 en castellano<\/li>\n<li>17:00 en castellano<\/li>\n<li>18:00 en euskera<\/li>\n<li>19:00 en castellano<\/li>\n<li>20:00 en castellano<\/li>\n<\/ul>\n<\/li>\n<li>S\u00e1bado, 3 de septiembre:\n<ul>\n<li>11:00 en castellano<\/li>\n<li>12:00 en castellano<\/li>\n<li>13:00 en euskera<\/li>\n<li>17:00 en castellano<\/li>\n<li>18: 00 en euskera<\/li>\n<li>19:00 en castellano<\/li>\n<\/ul>\n<\/li>\n<li>Domingo, 4 de septiembre:\n<ul>\n<li>11:00 en castellano<\/li>\n<li>12:00 en castellano<\/li>\n<li>13:00 en euskera<\/li>\n<li>17:00 en castellano<\/li>\n<li>18:00 en castellano<\/li>\n<li>19:00 en castellano<\/li>\n<\/ul>\n<\/li>\n<li>Lunes, 5 de septiembre:\n<ul>\n<li>12:00 en castellano<\/li>\n<li>13:00 en castellano<\/li>\n<li>17:00 en castellano<\/li>\n<li>18:00 en euskera<\/li>\n<li>19:00 en castellano<\/li>\n<\/ul>\n<\/li>\n<li>Martes, 6 de septiembre:\n<ul>\n<li>17:00 en castellano<\/li>\n<li>18:00 en euskera<\/li>\n<li>19:00 en castellano<\/li>\n<\/ul>\n<\/li>\n<li>Mi\u00e9rcoles, 7 de septiembre:\n<ul>\n<li>17:00 en castellano<\/li>\n<li>18:00 en euskera<\/li>\n<li>19:00 en castellano<\/li>\n<\/ul>\n<\/li>\n<li>Viernes, 9 de septiembre:\n<ul>\n<li>17:00 en castellano<\/li>\n<li>18:00 en euskera<\/li>\n<li>19:00 en castellano<\/li>\n<\/ul>\n<\/li>\n<\/ul>\n","protected":false},"excerpt":{"rendered":"<p>Las inscripciones se pueden realizar desde este viernes a trav\u00e9s de pamplona.es y del tel\u00e9fono 010 para recorridos del 2 al 9 de septiembre<\/p>\n","protected":false},"author":1,"featured_media":41391,"comment_status":"open","ping_status":"closed","sticky":false,"template":"","format":"standard","meta":{"footnotes":""},"categories":[2],"tags":[],"class_list":["post-41390","post","type-post","status-publish","format-standard","has-post-thumbnail","hentry","category-ayuntamiento-pamplona"],"yoast_head":"<!-- This site is optimized with the Yoast SEO plugin v27.3 - https:\/\/yoast.com\/product\/yoast-seo-wordpress\/ -->\n<title>La Casa Consistorial se abre a la ciudadan\u00eda para conmemorar el Privilegio de la Uni\u00f3n y la creaci\u00f3n de la ciudad moderna con 800 plazas en visitas guiadas gratuitas<\/title>\n<meta name=\"description\" content=\"Las inscripciones se pueden realizar desde este viernes a trav\u00e9s de pamplona.es y del tel\u00e9fono 010 para recorridos del 2 al 9 de septiembre\" \/>\n<meta name=\"robots\" content=\"index, follow, max-snippet:-1, max-image-preview:large, max-video-preview:-1\" \/>\n<link rel=\"canonical\" href=\"https:\/\/www.laguiadepamplona.com\/actualidad\/la-casa-consistorial-se-abre-a-la-ciudadania-para-conmemorar-el-privilegio-de-la-union-y-la-creacion-de-la-ciudad-moderna-con-800-plazas-en-visitas-guiadas-gratuitas\/\" \/>\n<meta property=\"og:locale\" content=\"es_ES\" \/>\n<meta property=\"og:type\" content=\"article\" \/>\n<meta property=\"og:title\" content=\"La Casa Consistorial se abre a la ciudadan\u00eda para conmemorar el Privilegio de la Uni\u00f3n y la creaci\u00f3n de la ciudad moderna con 800 plazas en visitas guiadas gratuitas\" \/>\n<meta property=\"og:description\" content=\"Las inscripciones se pueden realizar desde este viernes a trav\u00e9s de pamplona.es y del tel\u00e9fono 010 para recorridos del 2 al 9 de septiembre\" \/>\n<meta property=\"og:url\" content=\"https:\/\/www.laguiadepamplona.com\/actualidad\/la-casa-consistorial-se-abre-a-la-ciudadania-para-conmemorar-el-privilegio-de-la-union-y-la-creacion-de-la-ciudad-moderna-con-800-plazas-en-visitas-guiadas-gratuitas\/\" \/>\n<meta property=\"og:site_name\" content=\"La Gu\u00eda de Pamplona\" \/>\n<meta property=\"article:publisher\" content=\"https:\/\/www.facebook.com\/laguiadepamplonacom-133175176762273\/?ref=hl\" \/>\n<meta property=\"article:published_time\" content=\"2022-08-25T15:24:59+00:00\" \/>\n<meta property=\"article:modified_time\" content=\"2023-04-11T09:47:52+00:00\" \/>\n<meta property=\"og:image\" content=\"https:\/\/www.laguiadepamplona.com\/actualidad\/wp-content\/uploads\/2022\/08\/reloj_ayuntamiento.webp\" \/>\n\t<meta property=\"og:image:width\" content=\"1920\" \/>\n\t<meta property=\"og:image:height\" content=\"1245\" \/>\n\t<meta property=\"og:image:type\" content=\"image\/webp\" \/>\n<meta name=\"author\" content=\"La Gu\u00eda de Pamplona\" \/>\n<meta name=\"twitter:card\" content=\"summary_large_image\" \/>\n<meta name=\"twitter:creator\" content=\"@LaGuiadPamplona\" \/>\n<meta name=\"twitter:site\" content=\"@LaGuiadPamplona\" \/>\n<meta name=\"twitter:label1\" content=\"Escrito por\" \/>\n\t<meta name=\"twitter:data1\" content=\"La Gu\u00eda de Pamplona\" \/>\n\t<meta name=\"twitter:label2\" content=\"Tiempo de lectura\" \/>\n\t<meta name=\"twitter:data2\" content=\"4 minutos\" \/>\n<script type=\"application\/ld+json\" class=\"yoast-schema-graph\">{\"@context\":\"https:\\\/\\\/schema.org\",\"@graph\":[{\"@type\":\"Article\",\"@id\":\"https:\\\/\\\/www.laguiadepamplona.com\\\/actualidad\\\/la-casa-consistorial-se-abre-a-la-ciudadania-para-conmemorar-el-privilegio-de-la-union-y-la-creacion-de-la-ciudad-moderna-con-800-plazas-en-visitas-guiadas-gratuitas\\\/#article\",\"isPartOf\":{\"@id\":\"https:\\\/\\\/www.laguiadepamplona.com\\\/actualidad\\\/la-casa-consistorial-se-abre-a-la-ciudadania-para-conmemorar-el-privilegio-de-la-union-y-la-creacion-de-la-ciudad-moderna-con-800-plazas-en-visitas-guiadas-gratuitas\\\/\"},\"author\":{\"name\":\"La Gu\u00eda de Pamplona\",\"@id\":\"https:\\\/\\\/www.laguiadepamplona.com\\\/actualidad\\\/#\\\/schema\\\/person\\\/efe887376f0213d4657c93adc50b1fdb\"},\"headline\":\"La Casa Consistorial se abre a la ciudadan\u00eda para conmemorar el Privilegio de la Uni\u00f3n y la creaci\u00f3n de la ciudad moderna con 800 plazas en visitas guiadas gratuitas\",\"datePublished\":\"2022-08-25T15:24:59+00:00\",\"dateModified\":\"2023-04-11T09:47:52+00:00\",\"mainEntityOfPage\":{\"@id\":\"https:\\\/\\\/www.laguiadepamplona.com\\\/actualidad\\\/la-casa-consistorial-se-abre-a-la-ciudadania-para-conmemorar-el-privilegio-de-la-union-y-la-creacion-de-la-ciudad-moderna-con-800-plazas-en-visitas-guiadas-gratuitas\\\/\"},\"wordCount\":766,\"commentCount\":0,\"publisher\":{\"@id\":\"https:\\\/\\\/www.laguiadepamplona.com\\\/actualidad\\\/#organization\"},\"image\":{\"@id\":\"https:\\\/\\\/www.laguiadepamplona.com\\\/actualidad\\\/la-casa-consistorial-se-abre-a-la-ciudadania-para-conmemorar-el-privilegio-de-la-union-y-la-creacion-de-la-ciudad-moderna-con-800-plazas-en-visitas-guiadas-gratuitas\\\/#primaryimage\"},\"thumbnailUrl\":\"https:\\\/\\\/www.laguiadepamplona.com\\\/actualidad\\\/wp-content\\\/uploads\\\/2022\\\/08\\\/reloj_ayuntamiento.webp\",\"articleSection\":[\"Ayto Pamplona\"],\"inLanguage\":\"es\",\"potentialAction\":[{\"@type\":\"CommentAction\",\"name\":\"Comment\",\"target\":[\"https:\\\/\\\/www.laguiadepamplona.com\\\/actualidad\\\/la-casa-consistorial-se-abre-a-la-ciudadania-para-conmemorar-el-privilegio-de-la-union-y-la-creacion-de-la-ciudad-moderna-con-800-plazas-en-visitas-guiadas-gratuitas\\\/#respond\"]}]},{\"@type\":\"WebPage\",\"@id\":\"https:\\\/\\\/www.laguiadepamplona.com\\\/actualidad\\\/la-casa-consistorial-se-abre-a-la-ciudadania-para-conmemorar-el-privilegio-de-la-union-y-la-creacion-de-la-ciudad-moderna-con-800-plazas-en-visitas-guiadas-gratuitas\\\/\",\"url\":\"https:\\\/\\\/www.laguiadepamplona.com\\\/actualidad\\\/la-casa-consistorial-se-abre-a-la-ciudadania-para-conmemorar-el-privilegio-de-la-union-y-la-creacion-de-la-ciudad-moderna-con-800-plazas-en-visitas-guiadas-gratuitas\\\/\",\"name\":\"La Casa Consistorial se abre a la ciudadan\u00eda para conmemorar el Privilegio de la Uni\u00f3n y la creaci\u00f3n de la ciudad moderna con 800 plazas en visitas guiadas gratuitas\",\"isPartOf\":{\"@id\":\"https:\\\/\\\/www.laguiadepamplona.com\\\/actualidad\\\/#website\"},\"primaryImageOfPage\":{\"@id\":\"https:\\\/\\\/www.laguiadepamplona.com\\\/actualidad\\\/la-casa-consistorial-se-abre-a-la-ciudadania-para-conmemorar-el-privilegio-de-la-union-y-la-creacion-de-la-ciudad-moderna-con-800-plazas-en-visitas-guiadas-gratuitas\\\/#primaryimage\"},\"image\":{\"@id\":\"https:\\\/\\\/www.laguiadepamplona.com\\\/actualidad\\\/la-casa-consistorial-se-abre-a-la-ciudadania-para-conmemorar-el-privilegio-de-la-union-y-la-creacion-de-la-ciudad-moderna-con-800-plazas-en-visitas-guiadas-gratuitas\\\/#primaryimage\"},\"thumbnailUrl\":\"https:\\\/\\\/www.laguiadepamplona.com\\\/actualidad\\\/wp-content\\\/uploads\\\/2022\\\/08\\\/reloj_ayuntamiento.webp\",\"datePublished\":\"2022-08-25T15:24:59+00:00\",\"dateModified\":\"2023-04-11T09:47:52+00:00\",\"description\":\"Las inscripciones se pueden realizar desde este viernes a trav\u00e9s de pamplona.es y del tel\u00e9fono 010 para recorridos del 2 al 9 de septiembre\",\"breadcrumb\":{\"@id\":\"https:\\\/\\\/www.laguiadepamplona.com\\\/actualidad\\\/la-casa-consistorial-se-abre-a-la-ciudadania-para-conmemorar-el-privilegio-de-la-union-y-la-creacion-de-la-ciudad-moderna-con-800-plazas-en-visitas-guiadas-gratuitas\\\/#breadcrumb\"},\"inLanguage\":\"es\",\"potentialAction\":[{\"@type\":\"ReadAction\",\"target\":[\"https:\\\/\\\/www.laguiadepamplona.com\\\/actualidad\\\/la-casa-consistorial-se-abre-a-la-ciudadania-para-conmemorar-el-privilegio-de-la-union-y-la-creacion-de-la-ciudad-moderna-con-800-plazas-en-visitas-guiadas-gratuitas\\\/\"]}]},{\"@type\":\"ImageObject\",\"inLanguage\":\"es\",\"@id\":\"https:\\\/\\\/www.laguiadepamplona.com\\\/actualidad\\\/la-casa-consistorial-se-abre-a-la-ciudadania-para-conmemorar-el-privilegio-de-la-union-y-la-creacion-de-la-ciudad-moderna-con-800-plazas-en-visitas-guiadas-gratuitas\\\/#primaryimage\",\"url\":\"https:\\\/\\\/www.laguiadepamplona.com\\\/actualidad\\\/wp-content\\\/uploads\\\/2022\\\/08\\\/reloj_ayuntamiento.webp\",\"contentUrl\":\"https:\\\/\\\/www.laguiadepamplona.com\\\/actualidad\\\/wp-content\\\/uploads\\\/2022\\\/08\\\/reloj_ayuntamiento.webp\",\"width\":1920,\"height\":1245,\"caption\":\"ayuntamiento\"},{\"@type\":\"BreadcrumbList\",\"@id\":\"https:\\\/\\\/www.laguiadepamplona.com\\\/actualidad\\\/la-casa-consistorial-se-abre-a-la-ciudadania-para-conmemorar-el-privilegio-de-la-union-y-la-creacion-de-la-ciudad-moderna-con-800-plazas-en-visitas-guiadas-gratuitas\\\/#breadcrumb\",\"itemListElement\":[{\"@type\":\"ListItem\",\"position\":1,\"name\":\"Portada\",\"item\":\"https:\\\/\\\/www.laguiadepamplona.com\\\/actualidad\\\/\"},{\"@type\":\"ListItem\",\"position\":2,\"name\":\"La Casa Consistorial se abre a la ciudadan\u00eda para conmemorar el Privilegio de la Uni\u00f3n y la creaci\u00f3n de la ciudad moderna con 800 plazas en visitas guiadas gratuitas\"}]},{\"@type\":\"WebSite\",\"@id\":\"https:\\\/\\\/www.laguiadepamplona.com\\\/actualidad\\\/#website\",\"url\":\"https:\\\/\\\/www.laguiadepamplona.com\\\/actualidad\\\/\",\"name\":\"La gu\u00eda de Pamplona\",\"description\":\"Noticias de Pamplona\",\"publisher\":{\"@id\":\"https:\\\/\\\/www.laguiadepamplona.com\\\/actualidad\\\/#organization\"},\"potentialAction\":[{\"@type\":\"SearchAction\",\"target\":{\"@type\":\"EntryPoint\",\"urlTemplate\":\"https:\\\/\\\/www.laguiadepamplona.com\\\/actualidad\\\/?s={search_term_string}\"},\"query-input\":{\"@type\":\"PropertyValueSpecification\",\"valueRequired\":true,\"valueName\":\"search_term_string\"}}],\"inLanguage\":\"es\"},{\"@type\":\"Organization\",\"@id\":\"https:\\\/\\\/www.laguiadepamplona.com\\\/actualidad\\\/#organization\",\"name\":\"La Gu\u00eda de Pamplona \\\/ Noticias\",\"url\":\"https:\\\/\\\/www.laguiadepamplona.com\\\/actualidad\\\/\",\"logo\":{\"@type\":\"ImageObject\",\"inLanguage\":\"es\",\"@id\":\"https:\\\/\\\/www.laguiadepamplona.com\\\/actualidad\\\/#\\\/schema\\\/logo\\\/image\\\/\",\"url\":\"https:\\\/\\\/www.laguiadepamplona.com\\\/actualidad\\\/wp-content\\\/uploads\\\/2018\\\/11\\\/logo-laguiadepamplona18-web1.png\",\"contentUrl\":\"https:\\\/\\\/www.laguiadepamplona.com\\\/actualidad\\\/wp-content\\\/uploads\\\/2018\\\/11\\\/logo-laguiadepamplona18-web1.png\",\"width\":600,\"height\":196,\"caption\":\"La Gu\u00eda de Pamplona \\\/ Noticias\"},\"image\":{\"@id\":\"https:\\\/\\\/www.laguiadepamplona.com\\\/actualidad\\\/#\\\/schema\\\/logo\\\/image\\\/\"},\"sameAs\":[\"https:\\\/\\\/www.facebook.com\\\/laguiadepamplonacom-133175176762273\\\/?ref=hl\",\"https:\\\/\\\/x.com\\\/LaGuiadPamplona\",\"https:\\\/\\\/www.instagram.com\\\/la_guia_de_pamplona\\\/\",\"https:\\\/\\\/www.youtube.com\\\/user\\\/laguiadepamplona\"]},{\"@type\":\"Person\",\"@id\":\"https:\\\/\\\/www.laguiadepamplona.com\\\/actualidad\\\/#\\\/schema\\\/person\\\/efe887376f0213d4657c93adc50b1fdb\",\"name\":\"La Gu\u00eda de Pamplona\",\"image\":{\"@type\":\"ImageObject\",\"inLanguage\":\"es\",\"@id\":\"https:\\\/\\\/secure.gravatar.com\\\/avatar\\\/b6992f131dc8d30ab0dff15446e9d346d9dbd95992de0fef795073f5ea83a81c?s=96&d=mm&r=g\",\"url\":\"https:\\\/\\\/secure.gravatar.com\\\/avatar\\\/b6992f131dc8d30ab0dff15446e9d346d9dbd95992de0fef795073f5ea83a81c?s=96&d=mm&r=g\",\"contentUrl\":\"https:\\\/\\\/secure.gravatar.com\\\/avatar\\\/b6992f131dc8d30ab0dff15446e9d346d9dbd95992de0fef795073f5ea83a81c?s=96&d=mm&r=g\",\"caption\":\"La Gu\u00eda de Pamplona\"}}]}<\/script>\n<!-- \/ Yoast SEO plugin. -->","yoast_head_json":{"title":"La Casa Consistorial se abre a la ciudadan\u00eda para conmemorar el Privilegio de la Uni\u00f3n y la creaci\u00f3n de la ciudad moderna con 800 plazas en visitas guiadas gratuitas","description":"Las inscripciones se pueden realizar desde este viernes a trav\u00e9s de pamplona.es y del tel\u00e9fono 010 para recorridos del 2 al 9 de septiembre","robots":{"index":"index","follow":"follow","max-snippet":"max-snippet:-1","max-image-preview":"max-image-preview:large","max-video-preview":"max-video-preview:-1"},"canonical":"https:\/\/www.laguiadepamplona.com\/actualidad\/la-casa-consistorial-se-abre-a-la-ciudadania-para-conmemorar-el-privilegio-de-la-union-y-la-creacion-de-la-ciudad-moderna-con-800-plazas-en-visitas-guiadas-gratuitas\/","og_locale":"es_ES","og_type":"article","og_title":"La Casa Consistorial se abre a la ciudadan\u00eda para conmemorar el Privilegio de la Uni\u00f3n y la creaci\u00f3n de la ciudad moderna con 800 plazas en visitas guiadas gratuitas","og_description":"Las inscripciones se pueden realizar desde este viernes a trav\u00e9s de pamplona.es y del tel\u00e9fono 010 para recorridos del 2 al 9 de septiembre","og_url":"https:\/\/www.laguiadepamplona.com\/actualidad\/la-casa-consistorial-se-abre-a-la-ciudadania-para-conmemorar-el-privilegio-de-la-union-y-la-creacion-de-la-ciudad-moderna-con-800-plazas-en-visitas-guiadas-gratuitas\/","og_site_name":"La Gu\u00eda de Pamplona","article_publisher":"https:\/\/www.facebook.com\/laguiadepamplonacom-133175176762273\/?ref=hl","article_published_time":"2022-08-25T15:24:59+00:00","article_modified_time":"2023-04-11T09:47:52+00:00","og_image":[{"width":1920,"height":1245,"url":"https:\/\/www.laguiadepamplona.com\/actualidad\/wp-content\/uploads\/2022\/08\/reloj_ayuntamiento.webp","type":"image\/webp"}],"author":"La Gu\u00eda de Pamplona","twitter_card":"summary_large_image","twitter_creator":"@LaGuiadPamplona","twitter_site":"@LaGuiadPamplona","twitter_misc":{"Escrito por":"La Gu\u00eda de Pamplona","Tiempo de lectura":"4 minutos"},"schema":{"@context":"https:\/\/schema.org","@graph":[{"@type":"Article","@id":"https:\/\/www.laguiadepamplona.com\/actualidad\/la-casa-consistorial-se-abre-a-la-ciudadania-para-conmemorar-el-privilegio-de-la-union-y-la-creacion-de-la-ciudad-moderna-con-800-plazas-en-visitas-guiadas-gratuitas\/#article","isPartOf":{"@id":"https:\/\/www.laguiadepamplona.com\/actualidad\/la-casa-consistorial-se-abre-a-la-ciudadania-para-conmemorar-el-privilegio-de-la-union-y-la-creacion-de-la-ciudad-moderna-con-800-plazas-en-visitas-guiadas-gratuitas\/"},"author":{"name":"La Gu\u00eda de Pamplona","@id":"https:\/\/www.laguiadepamplona.com\/actualidad\/#\/schema\/person\/efe887376f0213d4657c93adc50b1fdb"},"headline":"La Casa Consistorial se abre a la ciudadan\u00eda para conmemorar el Privilegio de la Uni\u00f3n y la creaci\u00f3n de la ciudad moderna con 800 plazas en visitas guiadas gratuitas","datePublished":"2022-08-25T15:24:59+00:00","dateModified":"2023-04-11T09:47:52+00:00","mainEntityOfPage":{"@id":"https:\/\/www.laguiadepamplona.com\/actualidad\/la-casa-consistorial-se-abre-a-la-ciudadania-para-conmemorar-el-privilegio-de-la-union-y-la-creacion-de-la-ciudad-moderna-con-800-plazas-en-visitas-guiadas-gratuitas\/"},"wordCount":766,"commentCount":0,"publisher":{"@id":"https:\/\/www.laguiadepamplona.com\/actualidad\/#organization"},"image":{"@id":"https:\/\/www.laguiadepamplona.com\/actualidad\/la-casa-consistorial-se-abre-a-la-ciudadania-para-conmemorar-el-privilegio-de-la-union-y-la-creacion-de-la-ciudad-moderna-con-800-plazas-en-visitas-guiadas-gratuitas\/#primaryimage"},"thumbnailUrl":"https:\/\/www.laguiadepamplona.com\/actualidad\/wp-content\/uploads\/2022\/08\/reloj_ayuntamiento.webp","articleSection":["Ayto Pamplona"],"inLanguage":"es","potentialAction":[{"@type":"CommentAction","name":"Comment","target":["https:\/\/www.laguiadepamplona.com\/actualidad\/la-casa-consistorial-se-abre-a-la-ciudadania-para-conmemorar-el-privilegio-de-la-union-y-la-creacion-de-la-ciudad-moderna-con-800-plazas-en-visitas-guiadas-gratuitas\/#respond"]}]},{"@type":"WebPage","@id":"https:\/\/www.laguiadepamplona.com\/actualidad\/la-casa-consistorial-se-abre-a-la-ciudadania-para-conmemorar-el-privilegio-de-la-union-y-la-creacion-de-la-ciudad-moderna-con-800-plazas-en-visitas-guiadas-gratuitas\/","url":"https:\/\/www.laguiadepamplona.com\/actualidad\/la-casa-consistorial-se-abre-a-la-ciudadania-para-conmemorar-el-privilegio-de-la-union-y-la-creacion-de-la-ciudad-moderna-con-800-plazas-en-visitas-guiadas-gratuitas\/","name":"La Casa Consistorial se abre a la ciudadan\u00eda para conmemorar el Privilegio de la Uni\u00f3n y la creaci\u00f3n de la ciudad moderna con 800 plazas en visitas guiadas gratuitas","isPartOf":{"@id":"https:\/\/www.laguiadepamplona.com\/actualidad\/#website"},"primaryImageOfPage":{"@id":"https:\/\/www.laguiadepamplona.com\/actualidad\/la-casa-consistorial-se-abre-a-la-ciudadania-para-conmemorar-el-privilegio-de-la-union-y-la-creacion-de-la-ciudad-moderna-con-800-plazas-en-visitas-guiadas-gratuitas\/#primaryimage"},"image":{"@id":"https:\/\/www.laguiadepamplona.com\/actualidad\/la-casa-consistorial-se-abre-a-la-ciudadania-para-conmemorar-el-privilegio-de-la-union-y-la-creacion-de-la-ciudad-moderna-con-800-plazas-en-visitas-guiadas-gratuitas\/#primaryimage"},"thumbnailUrl":"https:\/\/www.laguiadepamplona.com\/actualidad\/wp-content\/uploads\/2022\/08\/reloj_ayuntamiento.webp","datePublished":"2022-08-25T15:24:59+00:00","dateModified":"2023-04-11T09:47:52+00:00","description":"Las inscripciones se pueden realizar desde este viernes a trav\u00e9s de pamplona.es y del tel\u00e9fono 010 para recorridos del 2 al 9 de septiembre","breadcrumb":{"@id":"https:\/\/www.laguiadepamplona.com\/actualidad\/la-casa-consistorial-se-abre-a-la-ciudadania-para-conmemorar-el-privilegio-de-la-union-y-la-creacion-de-la-ciudad-moderna-con-800-plazas-en-visitas-guiadas-gratuitas\/#breadcrumb"},"inLanguage":"es","potentialAction":[{"@type":"ReadAction","target":["https:\/\/www.laguiadepamplona.com\/actualidad\/la-casa-consistorial-se-abre-a-la-ciudadania-para-conmemorar-el-privilegio-de-la-union-y-la-creacion-de-la-ciudad-moderna-con-800-plazas-en-visitas-guiadas-gratuitas\/"]}]},{"@type":"ImageObject","inLanguage":"es","@id":"https:\/\/www.laguiadepamplona.com\/actualidad\/la-casa-consistorial-se-abre-a-la-ciudadania-para-conmemorar-el-privilegio-de-la-union-y-la-creacion-de-la-ciudad-moderna-con-800-plazas-en-visitas-guiadas-gratuitas\/#primaryimage","url":"https:\/\/www.laguiadepamplona.com\/actualidad\/wp-content\/uploads\/2022\/08\/reloj_ayuntamiento.webp","contentUrl":"https:\/\/www.laguiadepamplona.com\/actualidad\/wp-content\/uploads\/2022\/08\/reloj_ayuntamiento.webp","width":1920,"height":1245,"caption":"ayuntamiento"},{"@type":"BreadcrumbList","@id":"https:\/\/www.laguiadepamplona.com\/actualidad\/la-casa-consistorial-se-abre-a-la-ciudadania-para-conmemorar-el-privilegio-de-la-union-y-la-creacion-de-la-ciudad-moderna-con-800-plazas-en-visitas-guiadas-gratuitas\/#breadcrumb","itemListElement":[{"@type":"ListItem","position":1,"name":"Portada","item":"https:\/\/www.laguiadepamplona.com\/actualidad\/"},{"@type":"ListItem","position":2,"name":"La Casa Consistorial se abre a la ciudadan\u00eda para conmemorar el Privilegio de la Uni\u00f3n y la creaci\u00f3n de la ciudad moderna con 800 plazas en visitas guiadas gratuitas"}]},{"@type":"WebSite","@id":"https:\/\/www.laguiadepamplona.com\/actualidad\/#website","url":"https:\/\/www.laguiadepamplona.com\/actualidad\/","name":"La gu\u00eda de Pamplona","description":"Noticias de Pamplona","publisher":{"@id":"https:\/\/www.laguiadepamplona.com\/actualidad\/#organization"},"potentialAction":[{"@type":"SearchAction","target":{"@type":"EntryPoint","urlTemplate":"https:\/\/www.laguiadepamplona.com\/actualidad\/?s={search_term_string}"},"query-input":{"@type":"PropertyValueSpecification","valueRequired":true,"valueName":"search_term_string"}}],"inLanguage":"es"},{"@type":"Organization","@id":"https:\/\/www.laguiadepamplona.com\/actualidad\/#organization","name":"La Gu\u00eda de Pamplona \/ Noticias","url":"https:\/\/www.laguiadepamplona.com\/actualidad\/","logo":{"@type":"ImageObject","inLanguage":"es","@id":"https:\/\/www.laguiadepamplona.com\/actualidad\/#\/schema\/logo\/image\/","url":"https:\/\/www.laguiadepamplona.com\/actualidad\/wp-content\/uploads\/2018\/11\/logo-laguiadepamplona18-web1.png","contentUrl":"https:\/\/www.laguiadepamplona.com\/actualidad\/wp-content\/uploads\/2018\/11\/logo-laguiadepamplona18-web1.png","width":600,"height":196,"caption":"La Gu\u00eda de Pamplona \/ Noticias"},"image":{"@id":"https:\/\/www.laguiadepamplona.com\/actualidad\/#\/schema\/logo\/image\/"},"sameAs":["https:\/\/www.facebook.com\/laguiadepamplonacom-133175176762273\/?ref=hl","https:\/\/x.com\/LaGuiadPamplona","https:\/\/www.instagram.com\/la_guia_de_pamplona\/","https:\/\/www.youtube.com\/user\/laguiadepamplona"]},{"@type":"Person","@id":"https:\/\/www.laguiadepamplona.com\/actualidad\/#\/schema\/person\/efe887376f0213d4657c93adc50b1fdb","name":"La Gu\u00eda de Pamplona","image":{"@type":"ImageObject","inLanguage":"es","@id":"https:\/\/secure.gravatar.com\/avatar\/b6992f131dc8d30ab0dff15446e9d346d9dbd95992de0fef795073f5ea83a81c?s=96&d=mm&r=g","url":"https:\/\/secure.gravatar.com\/avatar\/b6992f131dc8d30ab0dff15446e9d346d9dbd95992de0fef795073f5ea83a81c?s=96&d=mm&r=g","contentUrl":"https:\/\/secure.gravatar.com\/avatar\/b6992f131dc8d30ab0dff15446e9d346d9dbd95992de0fef795073f5ea83a81c?s=96&d=mm&r=g","caption":"La Gu\u00eda de Pamplona"}}]}},"post_mailing_queue_ids":[],"_links":{"self":[{"href":"https:\/\/www.laguiadepamplona.com\/actualidad\/wp-json\/wp\/v2\/posts\/41390","targetHints":{"allow":["GET"]}}],"collection":[{"href":"https:\/\/www.laguiadepamplona.com\/actualidad\/wp-json\/wp\/v2\/posts"}],"about":[{"href":"https:\/\/www.laguiadepamplona.com\/actualidad\/wp-json\/wp\/v2\/types\/post"}],"author":[{"embeddable":true,"href":"https:\/\/www.laguiadepamplona.com\/actualidad\/wp-json\/wp\/v2\/users\/1"}],"replies":[{"embeddable":true,"href":"https:\/\/www.laguiadepamplona.com\/actualidad\/wp-json\/wp\/v2\/comments?post=41390"}],"version-history":[{"count":0,"href":"https:\/\/www.laguiadepamplona.com\/actualidad\/wp-json\/wp\/v2\/posts\/41390\/revisions"}],"wp:featuredmedia":[{"embeddable":true,"href":"https:\/\/www.laguiadepamplona.com\/actualidad\/wp-json\/wp\/v2\/media\/41391"}],"wp:attachment":[{"href":"https:\/\/www.laguiadepamplona.com\/actualidad\/wp-json\/wp\/v2\/media?parent=41390"}],"wp:term":[{"taxonomy":"category","embeddable":true,"href":"https:\/\/www.laguiadepamplona.com\/actualidad\/wp-json\/wp\/v2\/categories?post=41390"},{"taxonomy":"post_tag","embeddable":true,"href":"https:\/\/www.laguiadepamplona.com\/actualidad\/wp-json\/wp\/v2\/tags?post=41390"}],"curies":[{"name":"wp","href":"https:\/\/api.w.org\/{rel}","templated":true}]}}