{"id":41385,"date":"2022-08-25T13:21:06","date_gmt":"2022-08-25T11:21:06","guid":{"rendered":"https:\/\/www.laguiadepamplona.com\/actualidad\/?p=41385"},"modified":"2023-04-11T11:47:52","modified_gmt":"2023-04-11T09:47:52","slug":"cincuenta-y-cinco-entidades-sin-animo-de-lucro-se-reparten-340-000-euros-para-actividades-de-accion-social-en-programas-de-discapacidad-dependencia-e-insercion-social","status":"publish","type":"post","link":"https:\/\/www.laguiadepamplona.com\/actualidad\/cincuenta-y-cinco-entidades-sin-animo-de-lucro-se-reparten-340-000-euros-para-actividades-de-accion-social-en-programas-de-discapacidad-dependencia-e-insercion-social\/","title":{"rendered":"Cincuenta y cinco entidades sin \u00e1nimo de lucro se reparten 340.000 euros para actividades de acci\u00f3n social en programas de discapacidad\/dependencia e inserci\u00f3n social"},"content":{"rendered":"<h5>Esta convocatoria municipal de ayudas trata de favorecer la integraci\u00f3n, la igualdad de oportunidades o el tratamiento de situaciones de vulnerabilidad<\/h5>\n<p><!--more--><\/p>\n<p>El Ayuntamiento de Pamplona ha resuelto la convocatoria de subvenciones para favorecer, a trav\u00e9s de la realizaci\u00f3n de actividades, el desarrollo de proyectos de acci\u00f3n social en el \u00e1mbito de programas espec\u00edficos de discapacidad\/dependencia y de inclusi\u00f3n social. Un total de 55 entidades sin \u00e1nimo de lucro han recibido estas ayudas, que cuentan con un presupuesto de 340.000 euros.<\/p>\n<p>La convocatoria manten\u00eda dos l\u00edneas de ayudas, seg\u00fan fueran entidades del \u00e1mbito de la discapacidad\/dependencia o del \u00e1mbito de la inclusi\u00f3n social. Los 202.000 euros para discapacidad\/dependencia se han repartido entre 32 asociaciones. ANADI, Eunate, Fundaci\u00f3n Atena, ACODIFNA, ADANO, Asociaci\u00f3n Navarra de Esclerosis M\u00faltiple, ANFAS, COCEMFE, ANASAPS o SARAY han sido las entidades que m\u00e1s ayuda han recibido a trav\u00e9s de esta convocatoria. Los 138.000 euros restantes se destinan a inclusi\u00f3n social, con 23 entidades subvencionadas, entre ellas, SEI, REMAR Navarra, ACOAD Servicios Asistenciales, Goizargi, Fundaci\u00f3n CORE, Fundaci\u00f3n Santa Luc\u00eda ADSIS, Asociaci\u00f3n de Lud\u00f3patas Aralar, ANDEVI, asociaci\u00f3n Itxaropen Gune \u2013 Lugar de Esperanza (AIGLE) o Fundaci\u00f3n Koine Aequalitas para la calidad y el desarrollo social.<br \/>\n<script async src=\"\/\/pagead2.googlesyndication.com\/pagead\/js\/adsbygoogle.js\"><\/script><br \/>\n<!-- Noticias La Guia de Pamplona --><br \/>\n<ins class=\"adsbygoogle\"\nstyle=\"display:block\"\ndata-ad-client=\"ca-pub-6943679897239327\"\ndata-ad-slot=\"7048180777\"\ndata-ad-format=\"auto\"><\/ins><br \/>\n<script>\n(adsbygoogle = window.adsbygoogle || []).push({});\n<\/script><\/p>\n<p>Con esta convocatoria de subvenciones, el Ayuntamiento de Pamplona busca favorecer la integraci\u00f3n, la igualdad de oportunidades, la prevenci\u00f3n de situaciones de riesgo social o el tratamiento de situaciones de vulnerabilidad, desprotecci\u00f3n, dependencia o exclusi\u00f3n social de diferentes colectivos y personas. Los proyectos del \u00e1mbito de la discapacidad\/dependencia est\u00e1n orientados a complementar aspectos educativos, formativos, psicosociales, de integraci\u00f3n y de promoci\u00f3n de la autonom\u00eda que no se contemplan en otros \u00e1mbitos; favorecer las condiciones de acceso a un empleo como medio de autonom\u00eda personal e independencia econ\u00f3mica; fomentar la formaci\u00f3n del voluntariado en el \u00e1mbito socio-sanitario; y apoyar los proyectos de autoayuda.<\/p>\n<p>En el \u00e1mbito de la inclusi\u00f3n social, los proyectos subvencionados est\u00e1n orientados la mejora de aspectos psicosociales, formativos, residenciales, sociosanitarios y de integraci\u00f3n social; a favorecer las condiciones de acceso a un empleo; a fomentar la formaci\u00f3n del voluntariado; o a apoyar los proyectos de autoayuda en torno a una afectaci\u00f3n com\u00fan.<br \/>\n&nbsp;<\/p>\n<p><script async src=\"\/\/pagead2.googlesyndication.com\/pagead\/js\/adsbygoogle.js\"><\/script><br \/>\n<!-- Noticias La Guia de Pamplona --><br \/>\n<ins class=\"adsbygoogle\"\nstyle=\"display:block\"\ndata-ad-client=\"ca-pub-6943679897239327\"\ndata-ad-slot=\"7048180777\"\ndata-ad-format=\"auto\"><\/ins><br \/>\n<script>\n(adsbygoogle = window.adsbygoogle || []).push({});\n<\/script><\/p>\n<p>&nbsp;<\/p>\n<h3>Subvenciones de acci\u00f3n social en \u00e1mbitos de discapacidad\/dependencia e inserci\u00f3n social<\/h3>\n<ul>\n<li>\n<h4>\u00c1mbito de la discapacidad\/dependencia:<\/h4>\n<\/li>\n<\/ul>\n<p>&nbsp;<\/p>\n<table width=\"595\">\n<tbody>\n<tr>\n<td width=\"227\">A TU LADO MICROCOOPERATIVA DE INICIATIVA SOCIAL<\/td>\n<td width=\"302\">BIDEA ZUREKIN. Apoyo individualizado en el entorno natural para personas con discapacidad intelectual y enfermedad mental.<\/td>\n<td width=\"66\">937 \u20ac<\/td>\n<\/tr>\n<tr>\n<td width=\"227\">ASOCIACI\u00d3N CONTRA LA FIBROSIS QU\u00cdSTICA DE NAVARRA<\/td>\n<td width=\"302\">Servicio de atenci\u00f3n psicol\u00f3gica para personas con Fibrosis Qu\u00edstica y sus familias<\/td>\n<td width=\"66\">455 \u20ac<\/td>\n<\/tr>\n<tr>\n<td width=\"227\">ASOCIACI\u00d3N COORDINADORA DE PERSONAS CON DISCAPACIDAD F\u00cdSICA DE NAVARRA (ACODIFNA)<\/td>\n<td width=\"302\">Servicio de atenci\u00f3n psico-social para personas con discapacidad y\/o dependencia y sus familias<\/td>\n<td width=\"66\">9.506 \u20ac<\/td>\n<\/tr>\n<tr>\n<td width=\"227\">ASOCIACI\u00d3N DE AYUDA A NI\u00d1OS CON C\u00c1NCER DE NAVARRA (ADANO)<\/td>\n<td width=\"302\">Apoyo psicosocial y econ\u00f3mico a ni\u00f1os, ni\u00f1as y adolescentes con c\u00e1ncer y sus familias<\/td>\n<td width=\"66\">9.792 \u20ac<\/td>\n<\/tr>\n<tr>\n<td width=\"227\">ASOCIACI\u00d3N DE DA\u00d1O CEREBRAL DE NAVARRA (ADACEN)<\/td>\n<td width=\"302\">Fomento de la autonom\u00eda y promoci\u00f3n de la integraci\u00f3n social de personas con da\u00f1o cerebral adquirido.<\/td>\n<td width=\"66\">6.710 \u20ac<\/td>\n<\/tr>\n<tr>\n<td width=\"227\">ASOCIACI\u00d3N DE ESCLEROSIS M\u00daLTIPLE DE NAVARRA<\/td>\n<td width=\"302\">En positivo se puede, un proyecto para personas con esclerosis m\u00faltiple que quieren crecer<\/td>\n<td width=\"66\">9.632 \u20ac<\/td>\n<\/tr>\n<tr>\n<td width=\"227\">ASOCIACI\u00d3N DE FAMILIARES DE ENFERMOS DE ALZHEIMER EN NAVARRA (AFAN)<\/td>\n<td width=\"302\">Asesoramiento y acompa\u00f1amiento a familiares de personas con alzheimer y otras demencias, a nivel grupal<\/td>\n<td width=\"66\">6.109 \u20ac<\/td>\n<\/tr>\n<tr>\n<td width=\"227\">ASOCIACI\u00d3N DE FIBROMIALGIA Y FATIGA CR\u00d3NICA DE NAVARRA (AFINA)<\/td>\n<td width=\"302\">Alimentaci\u00f3n social para personas con discapacidad<\/td>\n<td width=\"66\">1.420 \u20ac<\/td>\n<\/tr>\n<tr>\n<td width=\"227\">ASOCIACI\u00d3N DE PERSONAS SORDAS DE NAVARRA (ASORNA)<\/td>\n<td width=\"302\">Proyecto de educaci\u00f3n para personas sordas<\/td>\n<td width=\"66\">2.097 \u20ac<\/td>\n<\/tr>\n<tr>\n<td width=\"227\">ASOCIACI\u00d3N EUNATE DE FAMILIAS DE PERSONAS CON DISCAPACIDAD AUDITIVA DE NAVARRA<\/td>\n<td width=\"302\">Atenci\u00f3n integral a las personas con discapacidad auditiva y sus familias: habilidades auditivas-comunicativas, autoayuda y bienestar emocional<\/td>\n<td width=\"66\">10.065 \u20ac<\/td>\n<\/tr>\n<tr>\n<td width=\"227\">ASOCIACI\u00d3N FAMILIARES Y AMIGOS DE DISCAPACITADOS INTELECTUALES DEL CENTRO VALLE RONCAL<\/td>\n<td width=\"302\">Actividades terap\u00e9uticas por medio de Musicoterapia<\/td>\n<td width=\"66\">5.955 \u20ac<\/td>\n<\/tr>\n<tr>\n<td width=\"227\">ASOCIACI\u00d3N NAVARRA A FAVOR DE LAS PERSONAS CON DISCAPACIDAD INTELECTUAL (ANFAS)<\/td>\n<td width=\"302\">Habilidades acad\u00e9micas, sociales y de comunicaci\u00f3n para personas con discapacidad intelectual o trastornos del desarrollo de Pamplona<\/td>\n<td width=\"66\">9.730 \u20ac<\/td>\n<\/tr>\n<tr>\n<td width=\"227\">ASOCIACI\u00d3N NAVARRA DE AUTISMO<\/td>\n<td width=\"302\">Escuelas de atenci\u00f3n espec\u00edfica y continuada con formaci\u00f3n en TEA de familias, voluntariado\/personas en pr\u00e1cticas en periodos estivales<\/td>\n<td width=\"66\">7.873 \u20ac<\/td>\n<\/tr>\n<tr>\n<td width=\"227\">ASOCIACI\u00d3N NAVARRA DE AYUDA A LA PAR\u00c1LISIS CEREBRAL (ASPACE)<\/td>\n<td width=\"302\">Programa de Ciudadan\u00eda Activa: Autonom\u00eda, autodeterminaci\u00f3n y participaci\u00f3n<\/td>\n<td width=\"66\">9.506 \u20ac<\/td>\n<\/tr>\n<tr>\n<td width=\"227\">ASOCIACI\u00d3N NAVARRA DE DIABETES (ANADI)<\/td>\n<td width=\"302\">Atenci\u00f3n integral a personas con diabetes y sus familias<\/td>\n<td width=\"66\">10.401 \u20ac<\/td>\n<\/tr>\n<tr>\n<td width=\"227\">ASOCIACI\u00d3N NAVARRA DE ENFERMEDADES NEUROMUSCULARES (ASNAEN)<\/td>\n<td width=\"302\">Proyecto grupos de ayuda mutua para personas afectadas por enfermedades neuromusculares y sus acompa\u00f1antes, en Pamplona<\/td>\n<td width=\"66\">1.062 \u20ac<\/td>\n<\/tr>\n<tr>\n<td width=\"227\">ASOCIACI\u00d3N NAVARRA DE ESCLEROSIS LATERAL AMIOTR\u00d3FICA (ANELA)<\/td>\n<td width=\"302\">Creaci\u00f3n GRUPO de AYUDA MUTUA<\/td>\n<td width=\"66\">309 \u20ac<\/td>\n<\/tr>\n<tr>\n<td width=\"227\">ASOCIACI\u00d3N NAVARRA DE LARINGECTOMIZADOS<\/td>\n<td width=\"302\">Voluntariado por y para personas laringectomizadas.<\/td>\n<td width=\"66\">707 \u20ac<\/td>\n<\/tr>\n<tr>\n<td width=\"227\">ASOCIACI\u00d3N NAVARRA DE PARKINSON (ANAPAR)<\/td>\n<td width=\"302\">Prevenci\u00f3n de la dependencia y mejora de la integraci\u00f3n social<\/td>\n<td width=\"66\">8.388 \u20ac<\/td>\n<\/tr>\n<tr>\n<td width=\"227\">ASOCIACI\u00d3N NAVARRA PADRES HIJOS ESPINA B\u00cdFIDA E HIDROCEFALIA (ANPHEB)<\/td>\n<td width=\"302\">Proyecto de apoyo formativo y estimulaci\u00f3n vocacional temprana<\/td>\n<td width=\"66\">5.318 \u20ac<\/td>\n<\/tr>\n<tr>\n<td width=\"227\">ASOCIACI\u00d3N NAVARRA PARA LA SALUD MENTAL (ANASAPS)<\/td>\n<td width=\"302\">Promoci\u00f3n, mantenimiento y recuperaci\u00f3n de la autonom\u00eda<\/td>\n<td width=\"66\">9.506 \u20ac<\/td>\n<\/tr>\n<tr>\n<td width=\"227\">ASOCIACI\u00d3N RETINA NAVARRA NAFARROA RETINA ELKARTEA<\/td>\n<td width=\"302\">Construyendo el Futuro en Com\u00fan<\/td>\n<td width=\"66\">4.809 \u20ac<\/td>\n<\/tr>\n<tr>\n<td width=\"227\">ASOCIACI\u00d3N S\u00cdNDROME DE DOWN DE NAVARRA (ASDN)<\/td>\n<td width=\"302\">Aprendizaje no formal en el entorno natural de la empresa<\/td>\n<td width=\"66\">5.932 \u20ac<\/td>\n<\/tr>\n<tr>\n<td width=\"227\">FEDERACI\u00d3N DE ASOCIACIONES DE PERSONAS CON DISCAPACIDAD F\u00cdSICA Y ORG\u00c1NICA DE NAVARRA (COCEMFE Navarra)<\/td>\n<td width=\"302\">Empleo y empoderamiento para personas con discapacidad.<\/td>\n<td width=\"66\">9.730 \u20ac<\/td>\n<\/tr>\n<tr>\n<td width=\"227\">FUNDACI\u00d3N ADACEN<\/td>\n<td width=\"302\">Informaci\u00f3n, Orientaci\u00f3n, y Apoyo dirigido al entorno familiar de personas con dependencia neurol\u00f3gica<\/td>\n<td width=\"66\">3.595 \u20ac<\/td>\n<\/tr>\n<tr>\n<td width=\"227\">FUNDACI\u00d3N ADECCO<\/td>\n<td width=\"302\">Por la inserci\u00f3n sociolaboral de las personas con discapacidad en Pamplona 2020<\/td>\n<td width=\"66\">8.723 \u20ac<\/td>\n<\/tr>\n<tr>\n<td width=\"227\">FUNDACI\u00d3N ATENA<\/td>\n<td width=\"302\">Escuela de m\u00fasica y danza ARTE Y DISCAPACIDAD<\/td>\n<td width=\"66\">10.401 \u20ac<\/td>\n<\/tr>\n<tr>\n<td width=\"227\">FUNDACI\u00d3N MEJORANDO CADA DIA<\/td>\n<td width=\"302\">\u00a1ACOMP\u00c1\u00d1AME!<\/td>\n<td width=\"66\">4.379 \u20ac<\/td>\n<\/tr>\n<tr>\n<td width=\"227\">FUNDACI\u00d3N PROFESIONALES SOLIDARIOS<\/td>\n<td width=\"302\">Soledad y Mayores<\/td>\n<td width=\"66\">6.173 \u20ac<\/td>\n<\/tr>\n<tr>\n<td width=\"227\">INCLUYE SOCIEDAD MICROCOOPERATIVA<\/td>\n<td width=\"302\">Servicio de terapia educativa, f\u00edsico-cognitiva y social para personas con discapacidad.<\/td>\n<td width=\"66\">4.183 \u20ac<\/td>\n<\/tr>\n<tr>\n<td width=\"227\">SARAY, ASOCIACI\u00d3N NAVARRA DE C\u00c1NCER DE MAMA<\/td>\n<td width=\"302\">Atenci\u00f3n Psicosocial a personas con c\u00e1ncer de mama y a sus familias<\/td>\n<td width=\"66\">9.700 \u20ac<\/td>\n<\/tr>\n<tr>\n<td width=\"227\">TXIRIBUELTA SOCIEDAD MICROCOOPERATIVA<\/td>\n<td width=\"302\">Programa de promoci\u00f3n de la autonom\u00eda personal. \u2018Sentir es vivir\u2019.<\/td>\n<td width=\"66\">8.897 \u20ac<\/td>\n<\/tr>\n<\/tbody>\n<\/table>\n<p>&nbsp;<\/p>\n<ul>\n<li>\n<h4>\u00c1mbito de inclusi\u00f3n social:<\/h4>\n<\/li>\n<\/ul>\n<p>&nbsp;<\/p>\n<table width=\"595\">\n<tbody>\n<tr>\n<td width=\"227\">AGINTZARI SOCIEDAD COOPERATIVA DE INICIATIVA SOCIAL<\/td>\n<td width=\"302\">Programa preventivo grupal de Resiliencia y Mentalizaci\u00f3n para Adolescentes en situaci\u00f3n de dificultad social<\/td>\n<td width=\"66\">5.442 \u20ac<\/td>\n<\/tr>\n<tr>\n<td width=\"227\">ASOCIACI\u00d3N ACOAD SERVICIOS ASISTENCIALES<\/td>\n<td width=\"302\">Programa de incorporaci\u00f3n sociolaboral<\/td>\n<td width=\"66\">7.375 \u20ac<\/td>\n<\/tr>\n<tr>\n<td width=\"227\">ASOCIACI\u00d3N COLECTIVO ALAIZ<\/td>\n<td width=\"302\">Integraci\u00f3n social de mujeres en riesgo de exclusi\u00f3n social<\/td>\n<td width=\"66\">2.182 \u20ac<\/td>\n<\/tr>\n<tr>\n<td width=\"227\">ASOCIACI\u00d3N CRISTIANA VIDA NUEVA<\/td>\n<td width=\"302\">Programa de reinserci\u00f3n y rehabilitaci\u00f3n socioeducativa integral para reclusos y exreclusos<\/td>\n<td width=\"66\">2.548 \u20ac<\/td>\n<\/tr>\n<tr>\n<td width=\"227\">ASOCIACI\u00d3N DE FAMILIAS Y AMIGOS EN DUELO GOIZARGI (AFAD GOIZARGI)<\/td>\n<td width=\"302\">Atenci\u00f3n social a personas en situaci\u00f3n de vulnerabilidad social y exclusi\u00f3n social en procesos de duelo de Pamplona<\/td>\n<td width=\"66\">7.241 \u20ac<\/td>\n<\/tr>\n<tr>\n<td width=\"227\">ASOCIACI\u00d3N DE LUD\u00d3PATAS DE NAVARRA ARALAR<\/td>\n<td width=\"302\">Programa de ayuda, prevenci\u00f3n y sensibilizaci\u00f3n sobre juego patol\u00f3gico y adicci\u00f3n a nuevas tecnolog\u00edas<\/td>\n<td width=\"66\">8.088 \u20ac<\/td>\n<\/tr>\n<tr>\n<td width=\"227\">ASOCIACI\u00d3N ITXAROPEN GUNE-LUGAR DE ESPERANZA (AIGLE)<\/td>\n<td width=\"302\">AGAR: Mujeres en prostituci\u00f3n y\/o posibles v\u00edctimas de trata con fines de explotaci\u00f3n sexual<\/td>\n<td width=\"66\">8.502 \u20ac<\/td>\n<\/tr>\n<tr>\n<td width=\"227\">ASOCIACI\u00d3N NAVARRA DE DEFENSA DE LA VIDA (ANDEVI)<\/td>\n<td width=\"302\">Asistencia integral a mujeres embarazadas en situaci\u00f3n de dificultad y riesgo de exclusi\u00f3n social<\/td>\n<td width=\"66\">7.012 \u20ac<\/td>\n<\/tr>\n<tr>\n<td width=\"227\">ASOCIACI\u00d3N NAVARRA PARA LA INVESTIGACI\u00d3N, PREVENCI\u00d3N Y REHABILITACI\u00d3N DE DROGODEPENDIENTES (ANTOX)<\/td>\n<td width=\"302\">Atenci\u00f3n a las personas con adicciones y a sus familias para favorecer su inclusi\u00f3n social<\/td>\n<td width=\"66\">4.960 \u20ac<\/td>\n<\/tr>\n<tr>\n<td width=\"227\">ASOCIACI\u00d3N POSTHAC &#8211; ENTIDAD SOCIAL POR EL EMPLEO<\/td>\n<td width=\"302\">Concilia Oportunidades<\/td>\n<td width=\"66\">3.906 \u20ac<\/td>\n<\/tr>\n<tr>\n<td width=\"227\">ASOCIACI\u00d3N REMAR NAVARRA<\/td>\n<td width=\"302\">Programa Integra: Atenci\u00f3n integral para personas en situaci\u00f3n de exclusi\u00f3n social y\/o residencial, potenciando las habilidades personales y sociales para logar la inserci\u00f3n social en la localidad de Pamplona.<\/td>\n<td width=\"66\">8.151 \u20ac<\/td>\n<\/tr>\n<tr>\n<td width=\"227\">ASOCIACI\u00d3N SARE<\/td>\n<td width=\"302\">VIVIR+: Apoyo social y emocional a personas que viven con VIH<\/td>\n<td width=\"66\">5.766 \u20ac<\/td>\n<\/tr>\n<tr>\n<td width=\"227\">ASOCIACI\u00d3N SERVICIO SOCIOEDUCATIVO INTERCULTURAL (SEI)<\/td>\n<td width=\"302\">Proyecto para la socializaci\u00f3n, participaci\u00f3n e incorporaci\u00f3n de adolescentes reci\u00e9n inmigrados\/as en proceso de adaptaci\u00f3n.<\/td>\n<td width=\"66\">8.023 \u20ac<\/td>\n<\/tr>\n<tr>\n<td width=\"227\">ASOCIACI\u00d3N UNZUTXIKI BERRI<\/td>\n<td width=\"302\">Unzutxiki Berri por la Igualdad Social<\/td>\n<td width=\"66\">5.953 \u20ac<\/td>\n<\/tr>\n<tr>\n<td width=\"227\">COMISI\u00d3N CIUDADANA ANTISIDA<\/td>\n<td width=\"302\">Programa de intervenci\u00f3n comunitaria en el \u00e1mbito de inclusi\u00f3n social<\/td>\n<td width=\"66\">4.418 \u20ac<\/td>\n<\/tr>\n<tr>\n<td width=\"227\">FUNDACI\u00d3N CORE<\/td>\n<td width=\"302\">Ayuda a la incorporaci\u00f3n sociolaboral de los inmigrantes<\/td>\n<td width=\"66\">8.326 \u20ac<\/td>\n<\/tr>\n<tr>\n<td width=\"227\">FUNDACI\u00d3N ELKARTE<\/td>\n<td width=\"302\">Taller Ocupacional Operario Industrial<\/td>\n<td width=\"66\">4.023 \u20ac<\/td>\n<\/tr>\n<tr>\n<td width=\"227\">FUNDACI\u00d3N KOINEAEQUALITAS PARA LA CALIDAD Y DESARROLLO SOCIAL<\/td>\n<td width=\"302\">Acompa\u00f1ando-T: Proyecto experimental de tr\u00e1nsito a la vida adulta para personas j\u00f3venes en riesgo de exclusi\u00f3n<\/td>\n<td width=\"66\">8.151 \u20ac<\/td>\n<\/tr>\n<tr>\n<td width=\"227\">FUNDACI\u00d3N PROYECTO HOMBRE NAVARRA (PHN)<\/td>\n<td width=\"302\">Seguimiento m\u00e9dico y apoyo familiar en el programa de acogida, diagn\u00f3stico inicial y acompa\u00f1amiento a personas atendidas en la Fundaci\u00f3n Proyecto Hombre Navarra<\/td>\n<td width=\"66\">6.486 \u20ac<\/td>\n<\/tr>\n<tr>\n<td width=\"227\">FUNDACI\u00d3N SANTA LUCIA ADSIS<\/td>\n<td width=\"302\">Programa de Transici\u00f3n a la Vida Adulta para j\u00f3venes en situaci\u00f3n vulnerable<\/td>\n<td width=\"66\">8.589 \u20ac<\/td>\n<\/tr>\n<tr>\n<td width=\"227\">GRANJA ESCUELA GURE SUSTRAIAK SOCIEDAD COOP DE INICIATIVA SOCIAL<\/td>\n<td width=\"302\">Centro Ocupacional HIRIKIMUAK<\/td>\n<td width=\"66\">5.627 \u20ac<\/td>\n<\/tr>\n<tr>\n<td width=\"227\">M\u00c9DICOS DEL MUNDO<\/td>\n<td width=\"302\">Mediaci\u00f3n como estrategia facilitadora de la inclusi\u00f3n social para la poblaci\u00f3n africana y afrodescendiente.<\/td>\n<td width=\"66\">4.996 \u20ac<\/td>\n<\/tr>\n<tr>\n<td width=\"227\">SERVICIO CAPUCHINO PARA EL DESARROLLO Y LA SOLIDARIDAD SERCADE<\/td>\n<td width=\"302\">Acompa\u00f1amiento a personas mayores solas, dependientes o con escasa red social<\/td>\n<td width=\"66\">2.235 \u20ac<\/td>\n<\/tr>\n<\/tbody>\n<\/table>\n","protected":false},"excerpt":{"rendered":"<p>Esta convocatoria municipal de ayudas trata de favorecer la integraci\u00f3n, la igualdad de oportunidades o el tratamiento de situaciones de vulnerabilidad<\/p>\n","protected":false},"author":1,"featured_media":41386,"comment_status":"open","ping_status":"closed","sticky":false,"template":"","format":"standard","meta":{"footnotes":""},"categories":[2],"tags":[],"class_list":["post-41385","post","type-post","status-publish","format-standard","has-post-thumbnail","hentry","category-ayuntamiento-pamplona"],"yoast_head":"<!-- This site is optimized with the Yoast SEO plugin v27.3 - https:\/\/yoast.com\/product\/yoast-seo-wordpress\/ -->\n<title>Cincuenta y cinco entidades sin \u00e1nimo de lucro se reparten 340.000 euros para actividades de acci\u00f3n social en programas de discapacidad\/dependencia e inserci\u00f3n social<\/title>\n<meta name=\"description\" content=\"Esta convocatoria municipal de ayudas trata de favorecer la integraci\u00f3n, la igualdad de oportunidades o el tratamiento de situaciones de vulnerabilidad\" \/>\n<meta name=\"robots\" content=\"index, follow, max-snippet:-1, max-image-preview:large, max-video-preview:-1\" \/>\n<link rel=\"canonical\" href=\"https:\/\/www.laguiadepamplona.com\/actualidad\/cincuenta-y-cinco-entidades-sin-animo-de-lucro-se-reparten-340-000-euros-para-actividades-de-accion-social-en-programas-de-discapacidad-dependencia-e-insercion-social\/\" \/>\n<meta property=\"og:locale\" content=\"es_ES\" \/>\n<meta property=\"og:type\" content=\"article\" \/>\n<meta property=\"og:title\" content=\"Cincuenta y cinco entidades sin \u00e1nimo de lucro se reparten 340.000 euros para actividades de acci\u00f3n social en programas de discapacidad\/dependencia e inserci\u00f3n social\" \/>\n<meta property=\"og:description\" content=\"Esta convocatoria municipal de ayudas trata de favorecer la integraci\u00f3n, la igualdad de oportunidades o el tratamiento de situaciones de vulnerabilidad\" \/>\n<meta property=\"og:url\" content=\"https:\/\/www.laguiadepamplona.com\/actualidad\/cincuenta-y-cinco-entidades-sin-animo-de-lucro-se-reparten-340-000-euros-para-actividades-de-accion-social-en-programas-de-discapacidad-dependencia-e-insercion-social\/\" \/>\n<meta property=\"og:site_name\" content=\"La Gu\u00eda de Pamplona\" \/>\n<meta property=\"article:publisher\" content=\"https:\/\/www.facebook.com\/laguiadepamplonacom-133175176762273\/?ref=hl\" \/>\n<meta property=\"article:published_time\" content=\"2022-08-25T11:21:06+00:00\" \/>\n<meta property=\"article:modified_time\" content=\"2023-04-11T09:47:52+00:00\" \/>\n<meta property=\"og:image\" content=\"https:\/\/www.laguiadepamplona.com\/actualidad\/wp-content\/uploads\/2022\/08\/emad_tercera_edad_atencion_domicilio_apoyo_04_4.webp\" \/>\n\t<meta property=\"og:image:width\" content=\"1920\" \/>\n\t<meta property=\"og:image:height\" content=\"1280\" \/>\n\t<meta property=\"og:image:type\" content=\"image\/webp\" \/>\n<meta name=\"author\" content=\"La Gu\u00eda de Pamplona\" \/>\n<meta name=\"twitter:card\" content=\"summary_large_image\" \/>\n<meta name=\"twitter:creator\" content=\"@LaGuiadPamplona\" \/>\n<meta name=\"twitter:site\" content=\"@LaGuiadPamplona\" \/>\n<meta name=\"twitter:label1\" content=\"Escrito por\" \/>\n\t<meta name=\"twitter:data1\" content=\"La Gu\u00eda de Pamplona\" \/>\n\t<meta name=\"twitter:label2\" content=\"Tiempo de lectura\" \/>\n\t<meta name=\"twitter:data2\" content=\"7 minutos\" \/>\n<script type=\"application\/ld+json\" class=\"yoast-schema-graph\">{\"@context\":\"https:\\\/\\\/schema.org\",\"@graph\":[{\"@type\":\"Article\",\"@id\":\"https:\\\/\\\/www.laguiadepamplona.com\\\/actualidad\\\/cincuenta-y-cinco-entidades-sin-animo-de-lucro-se-reparten-340-000-euros-para-actividades-de-accion-social-en-programas-de-discapacidad-dependencia-e-insercion-social\\\/#article\",\"isPartOf\":{\"@id\":\"https:\\\/\\\/www.laguiadepamplona.com\\\/actualidad\\\/cincuenta-y-cinco-entidades-sin-animo-de-lucro-se-reparten-340-000-euros-para-actividades-de-accion-social-en-programas-de-discapacidad-dependencia-e-insercion-social\\\/\"},\"author\":{\"name\":\"La Gu\u00eda de Pamplona\",\"@id\":\"https:\\\/\\\/www.laguiadepamplona.com\\\/actualidad\\\/#\\\/schema\\\/person\\\/efe887376f0213d4657c93adc50b1fdb\"},\"headline\":\"Cincuenta y cinco entidades sin \u00e1nimo de lucro se reparten 340.000 euros para actividades de acci\u00f3n social en programas de discapacidad\\\/dependencia e inserci\u00f3n social\",\"datePublished\":\"2022-08-25T11:21:06+00:00\",\"dateModified\":\"2023-04-11T09:47:52+00:00\",\"mainEntityOfPage\":{\"@id\":\"https:\\\/\\\/www.laguiadepamplona.com\\\/actualidad\\\/cincuenta-y-cinco-entidades-sin-animo-de-lucro-se-reparten-340-000-euros-para-actividades-de-accion-social-en-programas-de-discapacidad-dependencia-e-insercion-social\\\/\"},\"wordCount\":1557,\"commentCount\":0,\"publisher\":{\"@id\":\"https:\\\/\\\/www.laguiadepamplona.com\\\/actualidad\\\/#organization\"},\"image\":{\"@id\":\"https:\\\/\\\/www.laguiadepamplona.com\\\/actualidad\\\/cincuenta-y-cinco-entidades-sin-animo-de-lucro-se-reparten-340-000-euros-para-actividades-de-accion-social-en-programas-de-discapacidad-dependencia-e-insercion-social\\\/#primaryimage\"},\"thumbnailUrl\":\"https:\\\/\\\/www.laguiadepamplona.com\\\/actualidad\\\/wp-content\\\/uploads\\\/2022\\\/08\\\/emad_tercera_edad_atencion_domicilio_apoyo_04_4.webp\",\"articleSection\":[\"Ayto Pamplona\"],\"inLanguage\":\"es\",\"potentialAction\":[{\"@type\":\"CommentAction\",\"name\":\"Comment\",\"target\":[\"https:\\\/\\\/www.laguiadepamplona.com\\\/actualidad\\\/cincuenta-y-cinco-entidades-sin-animo-de-lucro-se-reparten-340-000-euros-para-actividades-de-accion-social-en-programas-de-discapacidad-dependencia-e-insercion-social\\\/#respond\"]}]},{\"@type\":\"WebPage\",\"@id\":\"https:\\\/\\\/www.laguiadepamplona.com\\\/actualidad\\\/cincuenta-y-cinco-entidades-sin-animo-de-lucro-se-reparten-340-000-euros-para-actividades-de-accion-social-en-programas-de-discapacidad-dependencia-e-insercion-social\\\/\",\"url\":\"https:\\\/\\\/www.laguiadepamplona.com\\\/actualidad\\\/cincuenta-y-cinco-entidades-sin-animo-de-lucro-se-reparten-340-000-euros-para-actividades-de-accion-social-en-programas-de-discapacidad-dependencia-e-insercion-social\\\/\",\"name\":\"Cincuenta y cinco entidades sin \u00e1nimo de lucro se reparten 340.000 euros para actividades de acci\u00f3n social en programas de discapacidad\\\/dependencia e inserci\u00f3n social\",\"isPartOf\":{\"@id\":\"https:\\\/\\\/www.laguiadepamplona.com\\\/actualidad\\\/#website\"},\"primaryImageOfPage\":{\"@id\":\"https:\\\/\\\/www.laguiadepamplona.com\\\/actualidad\\\/cincuenta-y-cinco-entidades-sin-animo-de-lucro-se-reparten-340-000-euros-para-actividades-de-accion-social-en-programas-de-discapacidad-dependencia-e-insercion-social\\\/#primaryimage\"},\"image\":{\"@id\":\"https:\\\/\\\/www.laguiadepamplona.com\\\/actualidad\\\/cincuenta-y-cinco-entidades-sin-animo-de-lucro-se-reparten-340-000-euros-para-actividades-de-accion-social-en-programas-de-discapacidad-dependencia-e-insercion-social\\\/#primaryimage\"},\"thumbnailUrl\":\"https:\\\/\\\/www.laguiadepamplona.com\\\/actualidad\\\/wp-content\\\/uploads\\\/2022\\\/08\\\/emad_tercera_edad_atencion_domicilio_apoyo_04_4.webp\",\"datePublished\":\"2022-08-25T11:21:06+00:00\",\"dateModified\":\"2023-04-11T09:47:52+00:00\",\"description\":\"Esta convocatoria municipal de ayudas trata de favorecer la integraci\u00f3n, la igualdad de oportunidades o el tratamiento de situaciones de vulnerabilidad\",\"breadcrumb\":{\"@id\":\"https:\\\/\\\/www.laguiadepamplona.com\\\/actualidad\\\/cincuenta-y-cinco-entidades-sin-animo-de-lucro-se-reparten-340-000-euros-para-actividades-de-accion-social-en-programas-de-discapacidad-dependencia-e-insercion-social\\\/#breadcrumb\"},\"inLanguage\":\"es\",\"potentialAction\":[{\"@type\":\"ReadAction\",\"target\":[\"https:\\\/\\\/www.laguiadepamplona.com\\\/actualidad\\\/cincuenta-y-cinco-entidades-sin-animo-de-lucro-se-reparten-340-000-euros-para-actividades-de-accion-social-en-programas-de-discapacidad-dependencia-e-insercion-social\\\/\"]}]},{\"@type\":\"ImageObject\",\"inLanguage\":\"es\",\"@id\":\"https:\\\/\\\/www.laguiadepamplona.com\\\/actualidad\\\/cincuenta-y-cinco-entidades-sin-animo-de-lucro-se-reparten-340-000-euros-para-actividades-de-accion-social-en-programas-de-discapacidad-dependencia-e-insercion-social\\\/#primaryimage\",\"url\":\"https:\\\/\\\/www.laguiadepamplona.com\\\/actualidad\\\/wp-content\\\/uploads\\\/2022\\\/08\\\/emad_tercera_edad_atencion_domicilio_apoyo_04_4.webp\",\"contentUrl\":\"https:\\\/\\\/www.laguiadepamplona.com\\\/actualidad\\\/wp-content\\\/uploads\\\/2022\\\/08\\\/emad_tercera_edad_atencion_domicilio_apoyo_04_4.webp\",\"width\":1920,\"height\":1280},{\"@type\":\"BreadcrumbList\",\"@id\":\"https:\\\/\\\/www.laguiadepamplona.com\\\/actualidad\\\/cincuenta-y-cinco-entidades-sin-animo-de-lucro-se-reparten-340-000-euros-para-actividades-de-accion-social-en-programas-de-discapacidad-dependencia-e-insercion-social\\\/#breadcrumb\",\"itemListElement\":[{\"@type\":\"ListItem\",\"position\":1,\"name\":\"Portada\",\"item\":\"https:\\\/\\\/www.laguiadepamplona.com\\\/actualidad\\\/\"},{\"@type\":\"ListItem\",\"position\":2,\"name\":\"Cincuenta y cinco entidades sin \u00e1nimo de lucro se reparten 340.000 euros para actividades de acci\u00f3n social en programas de discapacidad\\\/dependencia e inserci\u00f3n social\"}]},{\"@type\":\"WebSite\",\"@id\":\"https:\\\/\\\/www.laguiadepamplona.com\\\/actualidad\\\/#website\",\"url\":\"https:\\\/\\\/www.laguiadepamplona.com\\\/actualidad\\\/\",\"name\":\"La gu\u00eda de Pamplona\",\"description\":\"Noticias de Pamplona\",\"publisher\":{\"@id\":\"https:\\\/\\\/www.laguiadepamplona.com\\\/actualidad\\\/#organization\"},\"potentialAction\":[{\"@type\":\"SearchAction\",\"target\":{\"@type\":\"EntryPoint\",\"urlTemplate\":\"https:\\\/\\\/www.laguiadepamplona.com\\\/actualidad\\\/?s={search_term_string}\"},\"query-input\":{\"@type\":\"PropertyValueSpecification\",\"valueRequired\":true,\"valueName\":\"search_term_string\"}}],\"inLanguage\":\"es\"},{\"@type\":\"Organization\",\"@id\":\"https:\\\/\\\/www.laguiadepamplona.com\\\/actualidad\\\/#organization\",\"name\":\"La Gu\u00eda de Pamplona \\\/ Noticias\",\"url\":\"https:\\\/\\\/www.laguiadepamplona.com\\\/actualidad\\\/\",\"logo\":{\"@type\":\"ImageObject\",\"inLanguage\":\"es\",\"@id\":\"https:\\\/\\\/www.laguiadepamplona.com\\\/actualidad\\\/#\\\/schema\\\/logo\\\/image\\\/\",\"url\":\"https:\\\/\\\/www.laguiadepamplona.com\\\/actualidad\\\/wp-content\\\/uploads\\\/2018\\\/11\\\/logo-laguiadepamplona18-web1.png\",\"contentUrl\":\"https:\\\/\\\/www.laguiadepamplona.com\\\/actualidad\\\/wp-content\\\/uploads\\\/2018\\\/11\\\/logo-laguiadepamplona18-web1.png\",\"width\":600,\"height\":196,\"caption\":\"La Gu\u00eda de Pamplona \\\/ Noticias\"},\"image\":{\"@id\":\"https:\\\/\\\/www.laguiadepamplona.com\\\/actualidad\\\/#\\\/schema\\\/logo\\\/image\\\/\"},\"sameAs\":[\"https:\\\/\\\/www.facebook.com\\\/laguiadepamplonacom-133175176762273\\\/?ref=hl\",\"https:\\\/\\\/x.com\\\/LaGuiadPamplona\",\"https:\\\/\\\/www.instagram.com\\\/la_guia_de_pamplona\\\/\",\"https:\\\/\\\/www.youtube.com\\\/user\\\/laguiadepamplona\"]},{\"@type\":\"Person\",\"@id\":\"https:\\\/\\\/www.laguiadepamplona.com\\\/actualidad\\\/#\\\/schema\\\/person\\\/efe887376f0213d4657c93adc50b1fdb\",\"name\":\"La Gu\u00eda de Pamplona\",\"image\":{\"@type\":\"ImageObject\",\"inLanguage\":\"es\",\"@id\":\"https:\\\/\\\/secure.gravatar.com\\\/avatar\\\/b6992f131dc8d30ab0dff15446e9d346d9dbd95992de0fef795073f5ea83a81c?s=96&d=mm&r=g\",\"url\":\"https:\\\/\\\/secure.gravatar.com\\\/avatar\\\/b6992f131dc8d30ab0dff15446e9d346d9dbd95992de0fef795073f5ea83a81c?s=96&d=mm&r=g\",\"contentUrl\":\"https:\\\/\\\/secure.gravatar.com\\\/avatar\\\/b6992f131dc8d30ab0dff15446e9d346d9dbd95992de0fef795073f5ea83a81c?s=96&d=mm&r=g\",\"caption\":\"La Gu\u00eda de Pamplona\"}}]}<\/script>\n<!-- \/ Yoast SEO plugin. -->","yoast_head_json":{"title":"Cincuenta y cinco entidades sin \u00e1nimo de lucro se reparten 340.000 euros para actividades de acci\u00f3n social en programas de discapacidad\/dependencia e inserci\u00f3n social","description":"Esta convocatoria municipal de ayudas trata de favorecer la integraci\u00f3n, la igualdad de oportunidades o el tratamiento de situaciones de vulnerabilidad","robots":{"index":"index","follow":"follow","max-snippet":"max-snippet:-1","max-image-preview":"max-image-preview:large","max-video-preview":"max-video-preview:-1"},"canonical":"https:\/\/www.laguiadepamplona.com\/actualidad\/cincuenta-y-cinco-entidades-sin-animo-de-lucro-se-reparten-340-000-euros-para-actividades-de-accion-social-en-programas-de-discapacidad-dependencia-e-insercion-social\/","og_locale":"es_ES","og_type":"article","og_title":"Cincuenta y cinco entidades sin \u00e1nimo de lucro se reparten 340.000 euros para actividades de acci\u00f3n social en programas de discapacidad\/dependencia e inserci\u00f3n social","og_description":"Esta convocatoria municipal de ayudas trata de favorecer la integraci\u00f3n, la igualdad de oportunidades o el tratamiento de situaciones de vulnerabilidad","og_url":"https:\/\/www.laguiadepamplona.com\/actualidad\/cincuenta-y-cinco-entidades-sin-animo-de-lucro-se-reparten-340-000-euros-para-actividades-de-accion-social-en-programas-de-discapacidad-dependencia-e-insercion-social\/","og_site_name":"La Gu\u00eda de Pamplona","article_publisher":"https:\/\/www.facebook.com\/laguiadepamplonacom-133175176762273\/?ref=hl","article_published_time":"2022-08-25T11:21:06+00:00","article_modified_time":"2023-04-11T09:47:52+00:00","og_image":[{"width":1920,"height":1280,"url":"https:\/\/www.laguiadepamplona.com\/actualidad\/wp-content\/uploads\/2022\/08\/emad_tercera_edad_atencion_domicilio_apoyo_04_4.webp","type":"image\/webp"}],"author":"La Gu\u00eda de Pamplona","twitter_card":"summary_large_image","twitter_creator":"@LaGuiadPamplona","twitter_site":"@LaGuiadPamplona","twitter_misc":{"Escrito por":"La Gu\u00eda de Pamplona","Tiempo de lectura":"7 minutos"},"schema":{"@context":"https:\/\/schema.org","@graph":[{"@type":"Article","@id":"https:\/\/www.laguiadepamplona.com\/actualidad\/cincuenta-y-cinco-entidades-sin-animo-de-lucro-se-reparten-340-000-euros-para-actividades-de-accion-social-en-programas-de-discapacidad-dependencia-e-insercion-social\/#article","isPartOf":{"@id":"https:\/\/www.laguiadepamplona.com\/actualidad\/cincuenta-y-cinco-entidades-sin-animo-de-lucro-se-reparten-340-000-euros-para-actividades-de-accion-social-en-programas-de-discapacidad-dependencia-e-insercion-social\/"},"author":{"name":"La Gu\u00eda de Pamplona","@id":"https:\/\/www.laguiadepamplona.com\/actualidad\/#\/schema\/person\/efe887376f0213d4657c93adc50b1fdb"},"headline":"Cincuenta y cinco entidades sin \u00e1nimo de lucro se reparten 340.000 euros para actividades de acci\u00f3n social en programas de discapacidad\/dependencia e inserci\u00f3n social","datePublished":"2022-08-25T11:21:06+00:00","dateModified":"2023-04-11T09:47:52+00:00","mainEntityOfPage":{"@id":"https:\/\/www.laguiadepamplona.com\/actualidad\/cincuenta-y-cinco-entidades-sin-animo-de-lucro-se-reparten-340-000-euros-para-actividades-de-accion-social-en-programas-de-discapacidad-dependencia-e-insercion-social\/"},"wordCount":1557,"commentCount":0,"publisher":{"@id":"https:\/\/www.laguiadepamplona.com\/actualidad\/#organization"},"image":{"@id":"https:\/\/www.laguiadepamplona.com\/actualidad\/cincuenta-y-cinco-entidades-sin-animo-de-lucro-se-reparten-340-000-euros-para-actividades-de-accion-social-en-programas-de-discapacidad-dependencia-e-insercion-social\/#primaryimage"},"thumbnailUrl":"https:\/\/www.laguiadepamplona.com\/actualidad\/wp-content\/uploads\/2022\/08\/emad_tercera_edad_atencion_domicilio_apoyo_04_4.webp","articleSection":["Ayto Pamplona"],"inLanguage":"es","potentialAction":[{"@type":"CommentAction","name":"Comment","target":["https:\/\/www.laguiadepamplona.com\/actualidad\/cincuenta-y-cinco-entidades-sin-animo-de-lucro-se-reparten-340-000-euros-para-actividades-de-accion-social-en-programas-de-discapacidad-dependencia-e-insercion-social\/#respond"]}]},{"@type":"WebPage","@id":"https:\/\/www.laguiadepamplona.com\/actualidad\/cincuenta-y-cinco-entidades-sin-animo-de-lucro-se-reparten-340-000-euros-para-actividades-de-accion-social-en-programas-de-discapacidad-dependencia-e-insercion-social\/","url":"https:\/\/www.laguiadepamplona.com\/actualidad\/cincuenta-y-cinco-entidades-sin-animo-de-lucro-se-reparten-340-000-euros-para-actividades-de-accion-social-en-programas-de-discapacidad-dependencia-e-insercion-social\/","name":"Cincuenta y cinco entidades sin \u00e1nimo de lucro se reparten 340.000 euros para actividades de acci\u00f3n social en programas de discapacidad\/dependencia e inserci\u00f3n social","isPartOf":{"@id":"https:\/\/www.laguiadepamplona.com\/actualidad\/#website"},"primaryImageOfPage":{"@id":"https:\/\/www.laguiadepamplona.com\/actualidad\/cincuenta-y-cinco-entidades-sin-animo-de-lucro-se-reparten-340-000-euros-para-actividades-de-accion-social-en-programas-de-discapacidad-dependencia-e-insercion-social\/#primaryimage"},"image":{"@id":"https:\/\/www.laguiadepamplona.com\/actualidad\/cincuenta-y-cinco-entidades-sin-animo-de-lucro-se-reparten-340-000-euros-para-actividades-de-accion-social-en-programas-de-discapacidad-dependencia-e-insercion-social\/#primaryimage"},"thumbnailUrl":"https:\/\/www.laguiadepamplona.com\/actualidad\/wp-content\/uploads\/2022\/08\/emad_tercera_edad_atencion_domicilio_apoyo_04_4.webp","datePublished":"2022-08-25T11:21:06+00:00","dateModified":"2023-04-11T09:47:52+00:00","description":"Esta convocatoria municipal de ayudas trata de favorecer la integraci\u00f3n, la igualdad de oportunidades o el tratamiento de situaciones de vulnerabilidad","breadcrumb":{"@id":"https:\/\/www.laguiadepamplona.com\/actualidad\/cincuenta-y-cinco-entidades-sin-animo-de-lucro-se-reparten-340-000-euros-para-actividades-de-accion-social-en-programas-de-discapacidad-dependencia-e-insercion-social\/#breadcrumb"},"inLanguage":"es","potentialAction":[{"@type":"ReadAction","target":["https:\/\/www.laguiadepamplona.com\/actualidad\/cincuenta-y-cinco-entidades-sin-animo-de-lucro-se-reparten-340-000-euros-para-actividades-de-accion-social-en-programas-de-discapacidad-dependencia-e-insercion-social\/"]}]},{"@type":"ImageObject","inLanguage":"es","@id":"https:\/\/www.laguiadepamplona.com\/actualidad\/cincuenta-y-cinco-entidades-sin-animo-de-lucro-se-reparten-340-000-euros-para-actividades-de-accion-social-en-programas-de-discapacidad-dependencia-e-insercion-social\/#primaryimage","url":"https:\/\/www.laguiadepamplona.com\/actualidad\/wp-content\/uploads\/2022\/08\/emad_tercera_edad_atencion_domicilio_apoyo_04_4.webp","contentUrl":"https:\/\/www.laguiadepamplona.com\/actualidad\/wp-content\/uploads\/2022\/08\/emad_tercera_edad_atencion_domicilio_apoyo_04_4.webp","width":1920,"height":1280},{"@type":"BreadcrumbList","@id":"https:\/\/www.laguiadepamplona.com\/actualidad\/cincuenta-y-cinco-entidades-sin-animo-de-lucro-se-reparten-340-000-euros-para-actividades-de-accion-social-en-programas-de-discapacidad-dependencia-e-insercion-social\/#breadcrumb","itemListElement":[{"@type":"ListItem","position":1,"name":"Portada","item":"https:\/\/www.laguiadepamplona.com\/actualidad\/"},{"@type":"ListItem","position":2,"name":"Cincuenta y cinco entidades sin \u00e1nimo de lucro se reparten 340.000 euros para actividades de acci\u00f3n social en programas de discapacidad\/dependencia e inserci\u00f3n social"}]},{"@type":"WebSite","@id":"https:\/\/www.laguiadepamplona.com\/actualidad\/#website","url":"https:\/\/www.laguiadepamplona.com\/actualidad\/","name":"La gu\u00eda de Pamplona","description":"Noticias de Pamplona","publisher":{"@id":"https:\/\/www.laguiadepamplona.com\/actualidad\/#organization"},"potentialAction":[{"@type":"SearchAction","target":{"@type":"EntryPoint","urlTemplate":"https:\/\/www.laguiadepamplona.com\/actualidad\/?s={search_term_string}"},"query-input":{"@type":"PropertyValueSpecification","valueRequired":true,"valueName":"search_term_string"}}],"inLanguage":"es"},{"@type":"Organization","@id":"https:\/\/www.laguiadepamplona.com\/actualidad\/#organization","name":"La Gu\u00eda de Pamplona \/ Noticias","url":"https:\/\/www.laguiadepamplona.com\/actualidad\/","logo":{"@type":"ImageObject","inLanguage":"es","@id":"https:\/\/www.laguiadepamplona.com\/actualidad\/#\/schema\/logo\/image\/","url":"https:\/\/www.laguiadepamplona.com\/actualidad\/wp-content\/uploads\/2018\/11\/logo-laguiadepamplona18-web1.png","contentUrl":"https:\/\/www.laguiadepamplona.com\/actualidad\/wp-content\/uploads\/2018\/11\/logo-laguiadepamplona18-web1.png","width":600,"height":196,"caption":"La Gu\u00eda de Pamplona \/ Noticias"},"image":{"@id":"https:\/\/www.laguiadepamplona.com\/actualidad\/#\/schema\/logo\/image\/"},"sameAs":["https:\/\/www.facebook.com\/laguiadepamplonacom-133175176762273\/?ref=hl","https:\/\/x.com\/LaGuiadPamplona","https:\/\/www.instagram.com\/la_guia_de_pamplona\/","https:\/\/www.youtube.com\/user\/laguiadepamplona"]},{"@type":"Person","@id":"https:\/\/www.laguiadepamplona.com\/actualidad\/#\/schema\/person\/efe887376f0213d4657c93adc50b1fdb","name":"La Gu\u00eda de Pamplona","image":{"@type":"ImageObject","inLanguage":"es","@id":"https:\/\/secure.gravatar.com\/avatar\/b6992f131dc8d30ab0dff15446e9d346d9dbd95992de0fef795073f5ea83a81c?s=96&d=mm&r=g","url":"https:\/\/secure.gravatar.com\/avatar\/b6992f131dc8d30ab0dff15446e9d346d9dbd95992de0fef795073f5ea83a81c?s=96&d=mm&r=g","contentUrl":"https:\/\/secure.gravatar.com\/avatar\/b6992f131dc8d30ab0dff15446e9d346d9dbd95992de0fef795073f5ea83a81c?s=96&d=mm&r=g","caption":"La Gu\u00eda de Pamplona"}}]}},"post_mailing_queue_ids":[],"_links":{"self":[{"href":"https:\/\/www.laguiadepamplona.com\/actualidad\/wp-json\/wp\/v2\/posts\/41385","targetHints":{"allow":["GET"]}}],"collection":[{"href":"https:\/\/www.laguiadepamplona.com\/actualidad\/wp-json\/wp\/v2\/posts"}],"about":[{"href":"https:\/\/www.laguiadepamplona.com\/actualidad\/wp-json\/wp\/v2\/types\/post"}],"author":[{"embeddable":true,"href":"https:\/\/www.laguiadepamplona.com\/actualidad\/wp-json\/wp\/v2\/users\/1"}],"replies":[{"embeddable":true,"href":"https:\/\/www.laguiadepamplona.com\/actualidad\/wp-json\/wp\/v2\/comments?post=41385"}],"version-history":[{"count":0,"href":"https:\/\/www.laguiadepamplona.com\/actualidad\/wp-json\/wp\/v2\/posts\/41385\/revisions"}],"wp:featuredmedia":[{"embeddable":true,"href":"https:\/\/www.laguiadepamplona.com\/actualidad\/wp-json\/wp\/v2\/media\/41386"}],"wp:attachment":[{"href":"https:\/\/www.laguiadepamplona.com\/actualidad\/wp-json\/wp\/v2\/media?parent=41385"}],"wp:term":[{"taxonomy":"category","embeddable":true,"href":"https:\/\/www.laguiadepamplona.com\/actualidad\/wp-json\/wp\/v2\/categories?post=41385"},{"taxonomy":"post_tag","embeddable":true,"href":"https:\/\/www.laguiadepamplona.com\/actualidad\/wp-json\/wp\/v2\/tags?post=41385"}],"curies":[{"name":"wp","href":"https:\/\/api.w.org\/{rel}","templated":true}]}}