{"id":41382,"date":"2022-08-24T13:12:08","date_gmt":"2022-08-24T11:12:08","guid":{"rendered":"https:\/\/www.laguiadepamplona.com\/actualidad\/?p=41382"},"modified":"2023-04-11T11:47:52","modified_gmt":"2023-04-11T09:47:52","slug":"las-tres-ultimas-proyecciones-de-noches-de-cine-ponen-fin-a-las-20-sesiones-cinematograficas-al-aire-libre-del-verano-2022","status":"publish","type":"post","link":"https:\/\/www.laguiadepamplona.com\/actualidad\/las-tres-ultimas-proyecciones-de-noches-de-cine-ponen-fin-a-las-20-sesiones-cinematograficas-al-aire-libre-del-verano-2022\/","title":{"rendered":"Las tres \u00faltimas proyecciones de Noches de cine ponen fin a las 20 sesiones cinematogr\u00e1ficas al aire libre del verano 2022"},"content":{"rendered":"<h5>Un thriller, una pel\u00edcula de animaci\u00f3n y un drama sobre la vejez son las propuestas finales de esta programaci\u00f3n municipal en espacios p\u00fablicos<\/h5>\n<p><!--more--><\/p>\n<p>Este jueves se inicia la cuenta atr\u00e1s para el final \u2018Noches de cine\u2019 de este a\u00f1o. Al ciclo cinematogr\u00e1fico del Ayuntamiento de Pamplona le restan por proyectar tres filmes: jueves 25 en Milagros, viernes 26 en Rochapea y lunes 29 en Iturrama, siempre a partir d elas 22 horas y con entrada libre.<\/p>\n<p>Cuando eso suceda se habr\u00e1n exhibido veinte pel\u00edculas de muy diversos g\u00e9neros y procedencias en diez escenarios de otros tantos barrios de la ciudad, siempre a raz\u00f3n de dos filmes por zona. Los escenarios, al aire libre, est\u00e1n siendo el parque de Etxabakoitz, el paseo de Buztintxuri, el parque de Yamaguchi, el parque del Lago de Mendillorri, el patio del Palacio de Ezpeleta en el Casco Antiguo, la plaza de Arriurdi\u00f1eta en la Txantrea, la plaza del Doctor Gortari en San Jorge, la plaza de Alfredo Florist\u00e1n en la Milagrosa, el parque Enamorados de la Rochapea y el boulevard de Iturrama.<br \/>\n<script async src=\"\/\/pagead2.googlesyndication.com\/pagead\/js\/adsbygoogle.js\"><\/script><br \/>\n<!-- Noticias La Guia de Pamplona --><br \/>\n<ins class=\"adsbygoogle\"\nstyle=\"display:block\"\ndata-ad-client=\"ca-pub-6943679897239327\"\ndata-ad-slot=\"7048180777\"\ndata-ad-format=\"auto\"><\/ins><br \/>\n<script>\n(adsbygoogle = window.adsbygoogle || []).push({});\n<\/script><\/p>\n<p>Encarando el final de la semana, este jueves 25 llega a Milagrosa \u2018Un lugar tranquilo 2\u2019 (EEUU, 2020, 97\u2019), un thriller postapocal\u00edptico, fant\u00e1stico y de terror dirigido por John Krasisnki. Continuando con el escenario que dejo la primera pel\u00edcula la familia Abbot trata de sobrevivir y enfrentarse a amenazas desconocidas. Y el viernes, la noche estar\u00e1 protagonizado por la segunda parte de los Croods (EEUU, 2020, 95\u2019), el filme de animaci\u00f3n de la factor\u00eda DreamWorks que narra las aventuras de esta familia de cavern\u00edcolas entre dos eras. La segunda pel\u00edcula repita la exitosa f\u00f3rmula que hico triunfar a la primera cinta en 2013.<\/p>\n<p>Para despedir Noches de cine, el lunes 29 de agosto llegar\u00e1 al boulevard de Iturrama (RU, 2020, 97\u2019), un drama psicol\u00f3gico sobre la vejez y el alzheimer protagonizado por Anthony Hopkins, un hombre de 80 a\u00f1os que ha decidido vivir solo y reivindica el derecho a decidir en su d\u00eda a d\u00eda, contra al intento de su hija por facilitarle la vida y los cuidados que, seg\u00fan piensa ella, su deterioro cognitivo requiere.<\/p>\n<p>El ciclo Noches de cine que realiza el Ayuntamiento de Pamplona a trav\u00e9s de la red Civivox, es una de las actividades que cada verano, desde 1997, m\u00e1s p\u00fablico aglutina, siempre dependiendo de tener una climatolog\u00eda favorable a la hora de medir su afluencia. En estos 26 a\u00f1os el ciclo ha ido extendiendo sus escenarios, aumentando su programaci\u00f3n y modificando los criterios de exhibici\u00f3n. Este lunes se apagar\u00e1 el proyector del 2022 que se ha mantenido encendido entre el 1 y el 29 de agosto.<br \/>\n<script async src=\"\/\/pagead2.googlesyndication.com\/pagead\/js\/adsbygoogle.js\"><\/script><br \/>\n<!-- Noticias La Guia de Pamplona --><br \/>\n<ins class=\"adsbygoogle\"\nstyle=\"display:block\"\ndata-ad-client=\"ca-pub-6943679897239327\"\ndata-ad-slot=\"7048180777\"\ndata-ad-format=\"auto\"><\/ins><br \/>\n<script>\n(adsbygoogle = window.adsbygoogle || []).push({});\n<\/script><\/p>\n<p>&nbsp;<\/p>\n<h3>Noches de cine<\/h3>\n<p><strong>Jueves 25 de agosto<\/strong><\/p>\n<ul>\n<li>Un lugar tranquilo 2 (EEUU, 2020, 97\u2019)<\/li>\n<li>Plaza Alfredo Florist\u00e1n (Milagrosa)<\/li>\n<\/ul>\n<p><strong>Viernes 26 de agosto<\/strong><\/p>\n<ul>\n<li>Los Croods 2: una nueva era (EEUU, 2020, 95\u2019)<\/li>\n<li>Parque Enamorados (Rochapea)<\/li>\n<\/ul>\n<p><strong>Lunes 29 de agosto<\/strong><\/p>\n<ul>\n<li>El padre (RU, 2020, 97\u2019)<\/li>\n<li>Boulevard de Iturrama<\/li>\n<\/ul>\n","protected":false},"excerpt":{"rendered":"<p>Un thriller, una pel\u00edcula de animaci\u00f3n y un drama sobre la vejez son las propuestas finales de esta programaci\u00f3n municipal en espacios p\u00fablicos<\/p>\n","protected":false},"author":1,"featured_media":41383,"comment_status":"open","ping_status":"closed","sticky":false,"template":"","format":"standard","meta":{"footnotes":""},"categories":[2],"tags":[],"class_list":["post-41382","post","type-post","status-publish","format-standard","has-post-thumbnail","hentry","category-ayuntamiento-pamplona"],"yoast_head":"<!-- This site is optimized with the Yoast SEO plugin v27.3 - https:\/\/yoast.com\/product\/yoast-seo-wordpress\/ -->\n<title>Las tres \u00faltimas proyecciones de Noches de cine ponen fin a las 20 sesiones cinematogr\u00e1ficas al aire libre del verano 2022<\/title>\n<meta name=\"description\" content=\"Un thriller, una pel\u00edcula de animaci\u00f3n y un drama sobre la vejez son las propuestas finales de esta programaci\u00f3n municipal en espacios p\u00fablicos\" \/>\n<meta name=\"robots\" content=\"index, follow, max-snippet:-1, max-image-preview:large, max-video-preview:-1\" \/>\n<link rel=\"canonical\" href=\"https:\/\/www.laguiadepamplona.com\/actualidad\/las-tres-ultimas-proyecciones-de-noches-de-cine-ponen-fin-a-las-20-sesiones-cinematograficas-al-aire-libre-del-verano-2022\/\" \/>\n<meta property=\"og:locale\" content=\"es_ES\" \/>\n<meta property=\"og:type\" content=\"article\" \/>\n<meta property=\"og:title\" content=\"Las tres \u00faltimas proyecciones de Noches de cine ponen fin a las 20 sesiones cinematogr\u00e1ficas al aire libre del verano 2022\" \/>\n<meta property=\"og:description\" content=\"Un thriller, una pel\u00edcula de animaci\u00f3n y un drama sobre la vejez son las propuestas finales de esta programaci\u00f3n municipal en espacios p\u00fablicos\" \/>\n<meta property=\"og:url\" content=\"https:\/\/www.laguiadepamplona.com\/actualidad\/las-tres-ultimas-proyecciones-de-noches-de-cine-ponen-fin-a-las-20-sesiones-cinematograficas-al-aire-libre-del-verano-2022\/\" \/>\n<meta property=\"og:site_name\" content=\"La Gu\u00eda de Pamplona\" \/>\n<meta property=\"article:publisher\" content=\"https:\/\/www.facebook.com\/laguiadepamplonacom-133175176762273\/?ref=hl\" \/>\n<meta property=\"article:published_time\" content=\"2022-08-24T11:12:08+00:00\" \/>\n<meta property=\"article:modified_time\" content=\"2023-04-11T09:47:52+00:00\" \/>\n<meta property=\"og:image\" content=\"https:\/\/www.laguiadepamplona.com\/actualidad\/wp-content\/uploads\/2022\/08\/Q5A8510nochescine22-08-18.webp\" \/>\n\t<meta property=\"og:image:width\" content=\"1920\" \/>\n\t<meta property=\"og:image:height\" content=\"1281\" \/>\n\t<meta property=\"og:image:type\" content=\"image\/webp\" \/>\n<meta name=\"author\" content=\"La Gu\u00eda de Pamplona\" \/>\n<meta name=\"twitter:card\" content=\"summary_large_image\" \/>\n<meta name=\"twitter:creator\" content=\"@LaGuiadPamplona\" \/>\n<meta name=\"twitter:site\" content=\"@LaGuiadPamplona\" \/>\n<meta name=\"twitter:label1\" content=\"Escrito por\" \/>\n\t<meta name=\"twitter:data1\" content=\"La Gu\u00eda de Pamplona\" \/>\n\t<meta name=\"twitter:label2\" content=\"Tiempo de lectura\" \/>\n\t<meta name=\"twitter:data2\" content=\"3 minutos\" \/>\n<script type=\"application\/ld+json\" class=\"yoast-schema-graph\">{\"@context\":\"https:\\\/\\\/schema.org\",\"@graph\":[{\"@type\":\"Article\",\"@id\":\"https:\\\/\\\/www.laguiadepamplona.com\\\/actualidad\\\/las-tres-ultimas-proyecciones-de-noches-de-cine-ponen-fin-a-las-20-sesiones-cinematograficas-al-aire-libre-del-verano-2022\\\/#article\",\"isPartOf\":{\"@id\":\"https:\\\/\\\/www.laguiadepamplona.com\\\/actualidad\\\/las-tres-ultimas-proyecciones-de-noches-de-cine-ponen-fin-a-las-20-sesiones-cinematograficas-al-aire-libre-del-verano-2022\\\/\"},\"author\":{\"name\":\"La Gu\u00eda de Pamplona\",\"@id\":\"https:\\\/\\\/www.laguiadepamplona.com\\\/actualidad\\\/#\\\/schema\\\/person\\\/efe887376f0213d4657c93adc50b1fdb\"},\"headline\":\"Las tres \u00faltimas proyecciones de Noches de cine ponen fin a las 20 sesiones cinematogr\u00e1ficas al aire libre del verano 2022\",\"datePublished\":\"2022-08-24T11:12:08+00:00\",\"dateModified\":\"2023-04-11T09:47:52+00:00\",\"mainEntityOfPage\":{\"@id\":\"https:\\\/\\\/www.laguiadepamplona.com\\\/actualidad\\\/las-tres-ultimas-proyecciones-de-noches-de-cine-ponen-fin-a-las-20-sesiones-cinematograficas-al-aire-libre-del-verano-2022\\\/\"},\"wordCount\":509,\"commentCount\":0,\"publisher\":{\"@id\":\"https:\\\/\\\/www.laguiadepamplona.com\\\/actualidad\\\/#organization\"},\"image\":{\"@id\":\"https:\\\/\\\/www.laguiadepamplona.com\\\/actualidad\\\/las-tres-ultimas-proyecciones-de-noches-de-cine-ponen-fin-a-las-20-sesiones-cinematograficas-al-aire-libre-del-verano-2022\\\/#primaryimage\"},\"thumbnailUrl\":\"https:\\\/\\\/www.laguiadepamplona.com\\\/actualidad\\\/wp-content\\\/uploads\\\/2022\\\/08\\\/Q5A8510nochescine22-08-18.webp\",\"articleSection\":[\"Ayto Pamplona\"],\"inLanguage\":\"es\",\"potentialAction\":[{\"@type\":\"CommentAction\",\"name\":\"Comment\",\"target\":[\"https:\\\/\\\/www.laguiadepamplona.com\\\/actualidad\\\/las-tres-ultimas-proyecciones-de-noches-de-cine-ponen-fin-a-las-20-sesiones-cinematograficas-al-aire-libre-del-verano-2022\\\/#respond\"]}]},{\"@type\":\"WebPage\",\"@id\":\"https:\\\/\\\/www.laguiadepamplona.com\\\/actualidad\\\/las-tres-ultimas-proyecciones-de-noches-de-cine-ponen-fin-a-las-20-sesiones-cinematograficas-al-aire-libre-del-verano-2022\\\/\",\"url\":\"https:\\\/\\\/www.laguiadepamplona.com\\\/actualidad\\\/las-tres-ultimas-proyecciones-de-noches-de-cine-ponen-fin-a-las-20-sesiones-cinematograficas-al-aire-libre-del-verano-2022\\\/\",\"name\":\"Las tres \u00faltimas proyecciones de Noches de cine ponen fin a las 20 sesiones cinematogr\u00e1ficas al aire libre del verano 2022\",\"isPartOf\":{\"@id\":\"https:\\\/\\\/www.laguiadepamplona.com\\\/actualidad\\\/#website\"},\"primaryImageOfPage\":{\"@id\":\"https:\\\/\\\/www.laguiadepamplona.com\\\/actualidad\\\/las-tres-ultimas-proyecciones-de-noches-de-cine-ponen-fin-a-las-20-sesiones-cinematograficas-al-aire-libre-del-verano-2022\\\/#primaryimage\"},\"image\":{\"@id\":\"https:\\\/\\\/www.laguiadepamplona.com\\\/actualidad\\\/las-tres-ultimas-proyecciones-de-noches-de-cine-ponen-fin-a-las-20-sesiones-cinematograficas-al-aire-libre-del-verano-2022\\\/#primaryimage\"},\"thumbnailUrl\":\"https:\\\/\\\/www.laguiadepamplona.com\\\/actualidad\\\/wp-content\\\/uploads\\\/2022\\\/08\\\/Q5A8510nochescine22-08-18.webp\",\"datePublished\":\"2022-08-24T11:12:08+00:00\",\"dateModified\":\"2023-04-11T09:47:52+00:00\",\"description\":\"Un thriller, una pel\u00edcula de animaci\u00f3n y un drama sobre la vejez son las propuestas finales de esta programaci\u00f3n municipal en espacios p\u00fablicos\",\"breadcrumb\":{\"@id\":\"https:\\\/\\\/www.laguiadepamplona.com\\\/actualidad\\\/las-tres-ultimas-proyecciones-de-noches-de-cine-ponen-fin-a-las-20-sesiones-cinematograficas-al-aire-libre-del-verano-2022\\\/#breadcrumb\"},\"inLanguage\":\"es\",\"potentialAction\":[{\"@type\":\"ReadAction\",\"target\":[\"https:\\\/\\\/www.laguiadepamplona.com\\\/actualidad\\\/las-tres-ultimas-proyecciones-de-noches-de-cine-ponen-fin-a-las-20-sesiones-cinematograficas-al-aire-libre-del-verano-2022\\\/\"]}]},{\"@type\":\"ImageObject\",\"inLanguage\":\"es\",\"@id\":\"https:\\\/\\\/www.laguiadepamplona.com\\\/actualidad\\\/las-tres-ultimas-proyecciones-de-noches-de-cine-ponen-fin-a-las-20-sesiones-cinematograficas-al-aire-libre-del-verano-2022\\\/#primaryimage\",\"url\":\"https:\\\/\\\/www.laguiadepamplona.com\\\/actualidad\\\/wp-content\\\/uploads\\\/2022\\\/08\\\/Q5A8510nochescine22-08-18.webp\",\"contentUrl\":\"https:\\\/\\\/www.laguiadepamplona.com\\\/actualidad\\\/wp-content\\\/uploads\\\/2022\\\/08\\\/Q5A8510nochescine22-08-18.webp\",\"width\":1920,\"height\":1281},{\"@type\":\"BreadcrumbList\",\"@id\":\"https:\\\/\\\/www.laguiadepamplona.com\\\/actualidad\\\/las-tres-ultimas-proyecciones-de-noches-de-cine-ponen-fin-a-las-20-sesiones-cinematograficas-al-aire-libre-del-verano-2022\\\/#breadcrumb\",\"itemListElement\":[{\"@type\":\"ListItem\",\"position\":1,\"name\":\"Portada\",\"item\":\"https:\\\/\\\/www.laguiadepamplona.com\\\/actualidad\\\/\"},{\"@type\":\"ListItem\",\"position\":2,\"name\":\"Las tres \u00faltimas proyecciones de Noches de cine ponen fin a las 20 sesiones cinematogr\u00e1ficas al aire libre del verano 2022\"}]},{\"@type\":\"WebSite\",\"@id\":\"https:\\\/\\\/www.laguiadepamplona.com\\\/actualidad\\\/#website\",\"url\":\"https:\\\/\\\/www.laguiadepamplona.com\\\/actualidad\\\/\",\"name\":\"La gu\u00eda de Pamplona\",\"description\":\"Noticias de Pamplona\",\"publisher\":{\"@id\":\"https:\\\/\\\/www.laguiadepamplona.com\\\/actualidad\\\/#organization\"},\"potentialAction\":[{\"@type\":\"SearchAction\",\"target\":{\"@type\":\"EntryPoint\",\"urlTemplate\":\"https:\\\/\\\/www.laguiadepamplona.com\\\/actualidad\\\/?s={search_term_string}\"},\"query-input\":{\"@type\":\"PropertyValueSpecification\",\"valueRequired\":true,\"valueName\":\"search_term_string\"}}],\"inLanguage\":\"es\"},{\"@type\":\"Organization\",\"@id\":\"https:\\\/\\\/www.laguiadepamplona.com\\\/actualidad\\\/#organization\",\"name\":\"La Gu\u00eda de Pamplona \\\/ Noticias\",\"url\":\"https:\\\/\\\/www.laguiadepamplona.com\\\/actualidad\\\/\",\"logo\":{\"@type\":\"ImageObject\",\"inLanguage\":\"es\",\"@id\":\"https:\\\/\\\/www.laguiadepamplona.com\\\/actualidad\\\/#\\\/schema\\\/logo\\\/image\\\/\",\"url\":\"https:\\\/\\\/www.laguiadepamplona.com\\\/actualidad\\\/wp-content\\\/uploads\\\/2018\\\/11\\\/logo-laguiadepamplona18-web1.png\",\"contentUrl\":\"https:\\\/\\\/www.laguiadepamplona.com\\\/actualidad\\\/wp-content\\\/uploads\\\/2018\\\/11\\\/logo-laguiadepamplona18-web1.png\",\"width\":600,\"height\":196,\"caption\":\"La Gu\u00eda de Pamplona \\\/ Noticias\"},\"image\":{\"@id\":\"https:\\\/\\\/www.laguiadepamplona.com\\\/actualidad\\\/#\\\/schema\\\/logo\\\/image\\\/\"},\"sameAs\":[\"https:\\\/\\\/www.facebook.com\\\/laguiadepamplonacom-133175176762273\\\/?ref=hl\",\"https:\\\/\\\/x.com\\\/LaGuiadPamplona\",\"https:\\\/\\\/www.instagram.com\\\/la_guia_de_pamplona\\\/\",\"https:\\\/\\\/www.youtube.com\\\/user\\\/laguiadepamplona\"]},{\"@type\":\"Person\",\"@id\":\"https:\\\/\\\/www.laguiadepamplona.com\\\/actualidad\\\/#\\\/schema\\\/person\\\/efe887376f0213d4657c93adc50b1fdb\",\"name\":\"La Gu\u00eda de Pamplona\",\"image\":{\"@type\":\"ImageObject\",\"inLanguage\":\"es\",\"@id\":\"https:\\\/\\\/secure.gravatar.com\\\/avatar\\\/b6992f131dc8d30ab0dff15446e9d346d9dbd95992de0fef795073f5ea83a81c?s=96&d=mm&r=g\",\"url\":\"https:\\\/\\\/secure.gravatar.com\\\/avatar\\\/b6992f131dc8d30ab0dff15446e9d346d9dbd95992de0fef795073f5ea83a81c?s=96&d=mm&r=g\",\"contentUrl\":\"https:\\\/\\\/secure.gravatar.com\\\/avatar\\\/b6992f131dc8d30ab0dff15446e9d346d9dbd95992de0fef795073f5ea83a81c?s=96&d=mm&r=g\",\"caption\":\"La Gu\u00eda de Pamplona\"}}]}<\/script>\n<!-- \/ Yoast SEO plugin. -->","yoast_head_json":{"title":"Las tres \u00faltimas proyecciones de Noches de cine ponen fin a las 20 sesiones cinematogr\u00e1ficas al aire libre del verano 2022","description":"Un thriller, una pel\u00edcula de animaci\u00f3n y un drama sobre la vejez son las propuestas finales de esta programaci\u00f3n municipal en espacios p\u00fablicos","robots":{"index":"index","follow":"follow","max-snippet":"max-snippet:-1","max-image-preview":"max-image-preview:large","max-video-preview":"max-video-preview:-1"},"canonical":"https:\/\/www.laguiadepamplona.com\/actualidad\/las-tres-ultimas-proyecciones-de-noches-de-cine-ponen-fin-a-las-20-sesiones-cinematograficas-al-aire-libre-del-verano-2022\/","og_locale":"es_ES","og_type":"article","og_title":"Las tres \u00faltimas proyecciones de Noches de cine ponen fin a las 20 sesiones cinematogr\u00e1ficas al aire libre del verano 2022","og_description":"Un thriller, una pel\u00edcula de animaci\u00f3n y un drama sobre la vejez son las propuestas finales de esta programaci\u00f3n municipal en espacios p\u00fablicos","og_url":"https:\/\/www.laguiadepamplona.com\/actualidad\/las-tres-ultimas-proyecciones-de-noches-de-cine-ponen-fin-a-las-20-sesiones-cinematograficas-al-aire-libre-del-verano-2022\/","og_site_name":"La Gu\u00eda de Pamplona","article_publisher":"https:\/\/www.facebook.com\/laguiadepamplonacom-133175176762273\/?ref=hl","article_published_time":"2022-08-24T11:12:08+00:00","article_modified_time":"2023-04-11T09:47:52+00:00","og_image":[{"width":1920,"height":1281,"url":"https:\/\/www.laguiadepamplona.com\/actualidad\/wp-content\/uploads\/2022\/08\/Q5A8510nochescine22-08-18.webp","type":"image\/webp"}],"author":"La Gu\u00eda de Pamplona","twitter_card":"summary_large_image","twitter_creator":"@LaGuiadPamplona","twitter_site":"@LaGuiadPamplona","twitter_misc":{"Escrito por":"La Gu\u00eda de Pamplona","Tiempo de lectura":"3 minutos"},"schema":{"@context":"https:\/\/schema.org","@graph":[{"@type":"Article","@id":"https:\/\/www.laguiadepamplona.com\/actualidad\/las-tres-ultimas-proyecciones-de-noches-de-cine-ponen-fin-a-las-20-sesiones-cinematograficas-al-aire-libre-del-verano-2022\/#article","isPartOf":{"@id":"https:\/\/www.laguiadepamplona.com\/actualidad\/las-tres-ultimas-proyecciones-de-noches-de-cine-ponen-fin-a-las-20-sesiones-cinematograficas-al-aire-libre-del-verano-2022\/"},"author":{"name":"La Gu\u00eda de Pamplona","@id":"https:\/\/www.laguiadepamplona.com\/actualidad\/#\/schema\/person\/efe887376f0213d4657c93adc50b1fdb"},"headline":"Las tres \u00faltimas proyecciones de Noches de cine ponen fin a las 20 sesiones cinematogr\u00e1ficas al aire libre del verano 2022","datePublished":"2022-08-24T11:12:08+00:00","dateModified":"2023-04-11T09:47:52+00:00","mainEntityOfPage":{"@id":"https:\/\/www.laguiadepamplona.com\/actualidad\/las-tres-ultimas-proyecciones-de-noches-de-cine-ponen-fin-a-las-20-sesiones-cinematograficas-al-aire-libre-del-verano-2022\/"},"wordCount":509,"commentCount":0,"publisher":{"@id":"https:\/\/www.laguiadepamplona.com\/actualidad\/#organization"},"image":{"@id":"https:\/\/www.laguiadepamplona.com\/actualidad\/las-tres-ultimas-proyecciones-de-noches-de-cine-ponen-fin-a-las-20-sesiones-cinematograficas-al-aire-libre-del-verano-2022\/#primaryimage"},"thumbnailUrl":"https:\/\/www.laguiadepamplona.com\/actualidad\/wp-content\/uploads\/2022\/08\/Q5A8510nochescine22-08-18.webp","articleSection":["Ayto Pamplona"],"inLanguage":"es","potentialAction":[{"@type":"CommentAction","name":"Comment","target":["https:\/\/www.laguiadepamplona.com\/actualidad\/las-tres-ultimas-proyecciones-de-noches-de-cine-ponen-fin-a-las-20-sesiones-cinematograficas-al-aire-libre-del-verano-2022\/#respond"]}]},{"@type":"WebPage","@id":"https:\/\/www.laguiadepamplona.com\/actualidad\/las-tres-ultimas-proyecciones-de-noches-de-cine-ponen-fin-a-las-20-sesiones-cinematograficas-al-aire-libre-del-verano-2022\/","url":"https:\/\/www.laguiadepamplona.com\/actualidad\/las-tres-ultimas-proyecciones-de-noches-de-cine-ponen-fin-a-las-20-sesiones-cinematograficas-al-aire-libre-del-verano-2022\/","name":"Las tres \u00faltimas proyecciones de Noches de cine ponen fin a las 20 sesiones cinematogr\u00e1ficas al aire libre del verano 2022","isPartOf":{"@id":"https:\/\/www.laguiadepamplona.com\/actualidad\/#website"},"primaryImageOfPage":{"@id":"https:\/\/www.laguiadepamplona.com\/actualidad\/las-tres-ultimas-proyecciones-de-noches-de-cine-ponen-fin-a-las-20-sesiones-cinematograficas-al-aire-libre-del-verano-2022\/#primaryimage"},"image":{"@id":"https:\/\/www.laguiadepamplona.com\/actualidad\/las-tres-ultimas-proyecciones-de-noches-de-cine-ponen-fin-a-las-20-sesiones-cinematograficas-al-aire-libre-del-verano-2022\/#primaryimage"},"thumbnailUrl":"https:\/\/www.laguiadepamplona.com\/actualidad\/wp-content\/uploads\/2022\/08\/Q5A8510nochescine22-08-18.webp","datePublished":"2022-08-24T11:12:08+00:00","dateModified":"2023-04-11T09:47:52+00:00","description":"Un thriller, una pel\u00edcula de animaci\u00f3n y un drama sobre la vejez son las propuestas finales de esta programaci\u00f3n municipal en espacios p\u00fablicos","breadcrumb":{"@id":"https:\/\/www.laguiadepamplona.com\/actualidad\/las-tres-ultimas-proyecciones-de-noches-de-cine-ponen-fin-a-las-20-sesiones-cinematograficas-al-aire-libre-del-verano-2022\/#breadcrumb"},"inLanguage":"es","potentialAction":[{"@type":"ReadAction","target":["https:\/\/www.laguiadepamplona.com\/actualidad\/las-tres-ultimas-proyecciones-de-noches-de-cine-ponen-fin-a-las-20-sesiones-cinematograficas-al-aire-libre-del-verano-2022\/"]}]},{"@type":"ImageObject","inLanguage":"es","@id":"https:\/\/www.laguiadepamplona.com\/actualidad\/las-tres-ultimas-proyecciones-de-noches-de-cine-ponen-fin-a-las-20-sesiones-cinematograficas-al-aire-libre-del-verano-2022\/#primaryimage","url":"https:\/\/www.laguiadepamplona.com\/actualidad\/wp-content\/uploads\/2022\/08\/Q5A8510nochescine22-08-18.webp","contentUrl":"https:\/\/www.laguiadepamplona.com\/actualidad\/wp-content\/uploads\/2022\/08\/Q5A8510nochescine22-08-18.webp","width":1920,"height":1281},{"@type":"BreadcrumbList","@id":"https:\/\/www.laguiadepamplona.com\/actualidad\/las-tres-ultimas-proyecciones-de-noches-de-cine-ponen-fin-a-las-20-sesiones-cinematograficas-al-aire-libre-del-verano-2022\/#breadcrumb","itemListElement":[{"@type":"ListItem","position":1,"name":"Portada","item":"https:\/\/www.laguiadepamplona.com\/actualidad\/"},{"@type":"ListItem","position":2,"name":"Las tres \u00faltimas proyecciones de Noches de cine ponen fin a las 20 sesiones cinematogr\u00e1ficas al aire libre del verano 2022"}]},{"@type":"WebSite","@id":"https:\/\/www.laguiadepamplona.com\/actualidad\/#website","url":"https:\/\/www.laguiadepamplona.com\/actualidad\/","name":"La gu\u00eda de Pamplona","description":"Noticias de Pamplona","publisher":{"@id":"https:\/\/www.laguiadepamplona.com\/actualidad\/#organization"},"potentialAction":[{"@type":"SearchAction","target":{"@type":"EntryPoint","urlTemplate":"https:\/\/www.laguiadepamplona.com\/actualidad\/?s={search_term_string}"},"query-input":{"@type":"PropertyValueSpecification","valueRequired":true,"valueName":"search_term_string"}}],"inLanguage":"es"},{"@type":"Organization","@id":"https:\/\/www.laguiadepamplona.com\/actualidad\/#organization","name":"La Gu\u00eda de Pamplona \/ Noticias","url":"https:\/\/www.laguiadepamplona.com\/actualidad\/","logo":{"@type":"ImageObject","inLanguage":"es","@id":"https:\/\/www.laguiadepamplona.com\/actualidad\/#\/schema\/logo\/image\/","url":"https:\/\/www.laguiadepamplona.com\/actualidad\/wp-content\/uploads\/2018\/11\/logo-laguiadepamplona18-web1.png","contentUrl":"https:\/\/www.laguiadepamplona.com\/actualidad\/wp-content\/uploads\/2018\/11\/logo-laguiadepamplona18-web1.png","width":600,"height":196,"caption":"La Gu\u00eda de Pamplona \/ Noticias"},"image":{"@id":"https:\/\/www.laguiadepamplona.com\/actualidad\/#\/schema\/logo\/image\/"},"sameAs":["https:\/\/www.facebook.com\/laguiadepamplonacom-133175176762273\/?ref=hl","https:\/\/x.com\/LaGuiadPamplona","https:\/\/www.instagram.com\/la_guia_de_pamplona\/","https:\/\/www.youtube.com\/user\/laguiadepamplona"]},{"@type":"Person","@id":"https:\/\/www.laguiadepamplona.com\/actualidad\/#\/schema\/person\/efe887376f0213d4657c93adc50b1fdb","name":"La Gu\u00eda de Pamplona","image":{"@type":"ImageObject","inLanguage":"es","@id":"https:\/\/secure.gravatar.com\/avatar\/b6992f131dc8d30ab0dff15446e9d346d9dbd95992de0fef795073f5ea83a81c?s=96&d=mm&r=g","url":"https:\/\/secure.gravatar.com\/avatar\/b6992f131dc8d30ab0dff15446e9d346d9dbd95992de0fef795073f5ea83a81c?s=96&d=mm&r=g","contentUrl":"https:\/\/secure.gravatar.com\/avatar\/b6992f131dc8d30ab0dff15446e9d346d9dbd95992de0fef795073f5ea83a81c?s=96&d=mm&r=g","caption":"La Gu\u00eda de Pamplona"}}]}},"post_mailing_queue_ids":[],"_links":{"self":[{"href":"https:\/\/www.laguiadepamplona.com\/actualidad\/wp-json\/wp\/v2\/posts\/41382","targetHints":{"allow":["GET"]}}],"collection":[{"href":"https:\/\/www.laguiadepamplona.com\/actualidad\/wp-json\/wp\/v2\/posts"}],"about":[{"href":"https:\/\/www.laguiadepamplona.com\/actualidad\/wp-json\/wp\/v2\/types\/post"}],"author":[{"embeddable":true,"href":"https:\/\/www.laguiadepamplona.com\/actualidad\/wp-json\/wp\/v2\/users\/1"}],"replies":[{"embeddable":true,"href":"https:\/\/www.laguiadepamplona.com\/actualidad\/wp-json\/wp\/v2\/comments?post=41382"}],"version-history":[{"count":0,"href":"https:\/\/www.laguiadepamplona.com\/actualidad\/wp-json\/wp\/v2\/posts\/41382\/revisions"}],"wp:featuredmedia":[{"embeddable":true,"href":"https:\/\/www.laguiadepamplona.com\/actualidad\/wp-json\/wp\/v2\/media\/41383"}],"wp:attachment":[{"href":"https:\/\/www.laguiadepamplona.com\/actualidad\/wp-json\/wp\/v2\/media?parent=41382"}],"wp:term":[{"taxonomy":"category","embeddable":true,"href":"https:\/\/www.laguiadepamplona.com\/actualidad\/wp-json\/wp\/v2\/categories?post=41382"},{"taxonomy":"post_tag","embeddable":true,"href":"https:\/\/www.laguiadepamplona.com\/actualidad\/wp-json\/wp\/v2\/tags?post=41382"}],"curies":[{"name":"wp","href":"https:\/\/api.w.org\/{rel}","templated":true}]}}