{"id":41378,"date":"2022-08-24T13:10:23","date_gmt":"2022-08-24T11:10:23","guid":{"rendered":"https:\/\/www.laguiadepamplona.com\/actualidad\/?p=41378"},"modified":"2023-04-11T11:47:52","modified_gmt":"2023-04-11T09:47:52","slug":"los-balcones-de-la-casa-consistorial-se-abren-a-la-musica-flamenca-de-jueves-a-domingo-con-las-actuaciones-de-jose-merce-maria-jose-llergo-juan-villar-y-juana-la-del-pipa","status":"publish","type":"post","link":"https:\/\/www.laguiadepamplona.com\/actualidad\/los-balcones-de-la-casa-consistorial-se-abren-a-la-musica-flamenca-de-jueves-a-domingo-con-las-actuaciones-de-jose-merce-maria-jose-llergo-juan-villar-y-juana-la-del-pipa\/","title":{"rendered":"Los balcones de la Casa Consistorial se abren a la m\u00fasica flamenca de jueves a domingo con las actuaciones de Jos\u00e9 Merc\u00e9, Mar\u00eda Jos\u00e9 Llergo, Juan Villar y Juana la del Pipa"},"content":{"rendered":"<h5>Las actuaciones, que se podr\u00e1n ver desde la Plaza Consistorial, tendr\u00e1n lugar a las 12 horas y son gratuitas<\/h5>\n<p><!--more--><\/p>\n<p>Cuatro grandes de la m\u00fasica flamenca, Juan Villar, Mar\u00eda Jos\u00e9 Llergo, Jos\u00e9 Merc\u00e9 y Juana la del Pipa, saldr\u00e1n jueves, viernes, s\u00e1bado y domingo, respectivamente, al balc\u00f3n de la primera planta de la Casa Consistorial para ofrecer un peque\u00f1o concierto dentro de la programaci\u00f3n del festival Flamenco On Fire. La m\u00fasica flamenca vuelve un verano m\u00e1s a la ciudad y el balc\u00f3n del Ayuntamiento, junto a la Plaza Consistorial, se convierten de nuevo en escenario. Las cuatro actuaciones tendr\u00e1n lugar a las 12 horas y son gratuitas.<br \/>\n<script async src=\"\/\/pagead2.googlesyndication.com\/pagead\/js\/adsbygoogle.js\"><\/script><br \/>\n<!-- Noticias La Guia de Pamplona --><br \/>\n<ins class=\"adsbygoogle\"\nstyle=\"display:block\"\ndata-ad-client=\"ca-pub-6943679897239327\"\ndata-ad-slot=\"7048180777\"\ndata-ad-format=\"auto\"><\/ins><br \/>\n<script>\n(adsbygoogle = window.adsbygoogle || []).push({});\n<\/script><\/p>\n<p>Abrir\u00e1n los conciertos ma\u00f1ana jueves Juan Villar y Nono Reyes. <strong>Juanito Villar<\/strong>\u00a0encandil\u00f3 con su voz, de matices puramente gaditanos, al maestro Manolo Caracol, que siempre mostr\u00f3 un inter\u00e9s enorme por aquel ni\u00f1o de comp\u00e1s superdotado, fraseo sencillo y grandes capacidades para la expresi\u00f3n. Aquel ni\u00f1o, que aprendi\u00f3 el cante como un juego, se hizo grande, y manifest\u00f3 sus facultades en una discograf\u00eda que deja t\u00edtulos muy populares como \u2018Qu\u00e9 cara m\u00e1s bonita\u2019, \u2018C\u00e1llate\u2019, \u2018D\u00edmelo, d\u00edmelo\u2019, \u2018Cuchillo y espada\u2019\u2026 <strong>Nono Reyes<\/strong>, hijo del cantaor Antonio Reyes que contin\u00faa con la tradici\u00f3n familiar a trav\u00e9s del toque.<\/p>\n<p>El viernes, turno para el arrebato, el descaro y la fusi\u00f3n de Mar\u00eda Jos\u00e9 Llergo, una de las artistas m\u00e1s reconocidas en los \u00faltimos tiempos, que actuar\u00e1 la v\u00edspera en Baluarte. Su flamenco est\u00e1 aderezado con todo tipo de sonidos, pero presume de ra\u00edces \u00e1rabes y hondas, luminosas y oscuras, plagadas siempre de bellos melismas que acuden al pasado a beber para proyectarse en el presente. \u2018Ni\u00f1a de las dunas\u2019, su primer tema, junto al guitarrista flamenco Marc L\u00f3pez, sorprendi\u00f3 a aficionados y curiosos, como el disco en el que se incluye, \u2018Sanaci\u00f3n\u2019. Un espacio de expresi\u00f3n libre que trata de emocionar por encima de las etiquetas. Estar\u00e1 acompa\u00f1ada con la guitarra de\u00a0<strong>Paco Soto<\/strong>, quien ha colaborado con artistas de la talla de Jorge Pardo y Guadiana y girado por todo el mundo a sus poco m\u00e1s de 30 a\u00f1os.<br \/>\n<script async src=\"\/\/pagead2.googlesyndication.com\/pagead\/js\/adsbygoogle.js\"><\/script><br \/>\n<!-- Noticias La Guia de Pamplona --><br \/>\n<ins class=\"adsbygoogle\"\nstyle=\"display:block\"\ndata-ad-client=\"ca-pub-6943679897239327\"\ndata-ad-slot=\"7048180777\"\ndata-ad-format=\"auto\"><\/ins><br \/>\n<script>\n(adsbygoogle = window.adsbygoogle || []).push({});\n<\/script><\/p>\n<p>El s\u00e1bado, tras su actuaci\u00f3n en Baluarte del viernes, mostrar\u00e1 su arte Jos\u00e9 Merc\u00e9, el artista flamenco que m\u00e1s discos ha vendido. Se form\u00f3 en Jerez de la Frontera, donde naci\u00f3 y dio sus primeros pasos, y en Madrid, m\u00e1s tarde, donde fue a parar a casa de su t\u00edo, el cantaor Manuel Soto Sordera, y donde se dio a conocer por los tablaos. Ha girado por el mundo acompa\u00f1ando a bailaores de la talla de Antonio Gades y, despu\u00e9s, llegaron sus \u00e9xitos como solista con \u2018Del amanecer\u2019, \u2018Aire\u2019, \u2018Conf\u00ed de fu\u00e1\u2019 y su m\u00e1s reciente \u2018El oripand\u00f3\u2019, entre otros trabajos.\u00a0Habitual del Flamenco On Fire, ser\u00e1 la primera vez que se asome al balc\u00f3n del Ayuntamiento para cantar al p\u00fablico que se re\u00fana en la Plaza Consistorial. Para la ocasi\u00f3n, el m\u00e1s popular de todos los cantaores actuar\u00e1 junto a una promesa de la guitarra,\u00a0<strong>Manuel Cerpa<\/strong>, joven con quien ha colaborado en los fandangos \u2018Chipiona\u2019.<\/p>\n<p>El domingo cerrar\u00e1n el programa de actuaciones en el balc\u00f3n del Ayuntamiento Juana la del Pipa y Manuel Parrilla. Hija de una bailaora hist\u00f3rica, ha girado por todo el mundo con su mirada desafiante, su ce\u00f1o fruncido y los ojos clavados hacia dentro. Su disco \u2018Mujerez\u2019, junto a La Macanita y Dolores Agujetas, supuso una revelaci\u00f3n y la demostraci\u00f3n de que en el arte jondo, a veces, menos es m\u00e1s. <strong>Manuel Parrilla<\/strong>, heredero de una de las dinast\u00edas m\u00e1s importantes en lo que a la guitarra se refiere, le acompa\u00f1ar\u00e1 en esta actuaci\u00f3n.<\/p>\n","protected":false},"excerpt":{"rendered":"<p>Las actuaciones, que se podr\u00e1n ver desde la Plaza Consistorial, tendr\u00e1n lugar a las 12 horas y son gratuitas<\/p>\n","protected":false},"author":1,"featured_media":41380,"comment_status":"open","ping_status":"closed","sticky":false,"template":"","format":"standard","meta":{"footnotes":""},"categories":[2],"tags":[],"class_list":["post-41378","post","type-post","status-publish","format-standard","has-post-thumbnail","hentry","category-ayuntamiento-pamplona"],"yoast_head":"<!-- This site is optimized with the Yoast SEO plugin v27.3 - https:\/\/yoast.com\/product\/yoast-seo-wordpress\/ -->\n<title>Los balcones de la Casa Consistorial se abren a la m\u00fasica flamenca de jueves a domingo con las actuaciones de Jos\u00e9 Merc\u00e9, Mar\u00eda Jos\u00e9 Llergo, Juan Villar y Juana la del Pipa<\/title>\n<meta name=\"description\" content=\"Las actuaciones, que se podr\u00e1n ver desde la Plaza Consistorial, tendr\u00e1n lugar a las 12 horas y son gratuitas\" \/>\n<meta name=\"robots\" content=\"index, follow, max-snippet:-1, max-image-preview:large, max-video-preview:-1\" \/>\n<link rel=\"canonical\" href=\"https:\/\/www.laguiadepamplona.com\/actualidad\/los-balcones-de-la-casa-consistorial-se-abren-a-la-musica-flamenca-de-jueves-a-domingo-con-las-actuaciones-de-jose-merce-maria-jose-llergo-juan-villar-y-juana-la-del-pipa\/\" \/>\n<meta property=\"og:locale\" content=\"es_ES\" \/>\n<meta property=\"og:type\" content=\"article\" \/>\n<meta property=\"og:title\" content=\"Los balcones de la Casa Consistorial se abren a la m\u00fasica flamenca de jueves a domingo con las actuaciones de Jos\u00e9 Merc\u00e9, Mar\u00eda Jos\u00e9 Llergo, Juan Villar y Juana la del Pipa\" \/>\n<meta property=\"og:description\" content=\"Las actuaciones, que se podr\u00e1n ver desde la Plaza Consistorial, tendr\u00e1n lugar a las 12 horas y son gratuitas\" \/>\n<meta property=\"og:url\" content=\"https:\/\/www.laguiadepamplona.com\/actualidad\/los-balcones-de-la-casa-consistorial-se-abren-a-la-musica-flamenca-de-jueves-a-domingo-con-las-actuaciones-de-jose-merce-maria-jose-llergo-juan-villar-y-juana-la-del-pipa\/\" \/>\n<meta property=\"og:site_name\" content=\"La Gu\u00eda de Pamplona\" \/>\n<meta property=\"article:publisher\" content=\"https:\/\/www.facebook.com\/laguiadepamplonacom-133175176762273\/?ref=hl\" \/>\n<meta property=\"article:published_time\" content=\"2022-08-24T11:10:23+00:00\" \/>\n<meta property=\"article:modified_time\" content=\"2023-04-11T09:47:52+00:00\" \/>\n<meta property=\"og:image\" content=\"https:\/\/www.laguiadepamplona.com\/actualidad\/wp-content\/uploads\/2022\/08\/flamencoonfire_JGV1343.webp\" \/>\n\t<meta property=\"og:image:width\" content=\"1920\" \/>\n\t<meta property=\"og:image:height\" content=\"1280\" \/>\n\t<meta property=\"og:image:type\" content=\"image\/webp\" \/>\n<meta name=\"author\" content=\"La Gu\u00eda de Pamplona\" \/>\n<meta name=\"twitter:card\" content=\"summary_large_image\" \/>\n<meta name=\"twitter:creator\" content=\"@LaGuiadPamplona\" \/>\n<meta name=\"twitter:site\" content=\"@LaGuiadPamplona\" \/>\n<meta name=\"twitter:label1\" content=\"Escrito por\" \/>\n\t<meta name=\"twitter:data1\" content=\"La Gu\u00eda de Pamplona\" \/>\n\t<meta name=\"twitter:label2\" content=\"Tiempo de lectura\" \/>\n\t<meta name=\"twitter:data2\" content=\"3 minutos\" \/>\n<script type=\"application\/ld+json\" class=\"yoast-schema-graph\">{\"@context\":\"https:\\\/\\\/schema.org\",\"@graph\":[{\"@type\":\"Article\",\"@id\":\"https:\\\/\\\/www.laguiadepamplona.com\\\/actualidad\\\/los-balcones-de-la-casa-consistorial-se-abren-a-la-musica-flamenca-de-jueves-a-domingo-con-las-actuaciones-de-jose-merce-maria-jose-llergo-juan-villar-y-juana-la-del-pipa\\\/#article\",\"isPartOf\":{\"@id\":\"https:\\\/\\\/www.laguiadepamplona.com\\\/actualidad\\\/los-balcones-de-la-casa-consistorial-se-abren-a-la-musica-flamenca-de-jueves-a-domingo-con-las-actuaciones-de-jose-merce-maria-jose-llergo-juan-villar-y-juana-la-del-pipa\\\/\"},\"author\":{\"name\":\"La Gu\u00eda de Pamplona\",\"@id\":\"https:\\\/\\\/www.laguiadepamplona.com\\\/actualidad\\\/#\\\/schema\\\/person\\\/efe887376f0213d4657c93adc50b1fdb\"},\"headline\":\"Los balcones de la Casa Consistorial se abren a la m\u00fasica flamenca de jueves a domingo con las actuaciones de Jos\u00e9 Merc\u00e9, Mar\u00eda Jos\u00e9 Llergo, Juan Villar y Juana la del Pipa\",\"datePublished\":\"2022-08-24T11:10:23+00:00\",\"dateModified\":\"2023-04-11T09:47:52+00:00\",\"mainEntityOfPage\":{\"@id\":\"https:\\\/\\\/www.laguiadepamplona.com\\\/actualidad\\\/los-balcones-de-la-casa-consistorial-se-abren-a-la-musica-flamenca-de-jueves-a-domingo-con-las-actuaciones-de-jose-merce-maria-jose-llergo-juan-villar-y-juana-la-del-pipa\\\/\"},\"wordCount\":689,\"commentCount\":0,\"publisher\":{\"@id\":\"https:\\\/\\\/www.laguiadepamplona.com\\\/actualidad\\\/#organization\"},\"image\":{\"@id\":\"https:\\\/\\\/www.laguiadepamplona.com\\\/actualidad\\\/los-balcones-de-la-casa-consistorial-se-abren-a-la-musica-flamenca-de-jueves-a-domingo-con-las-actuaciones-de-jose-merce-maria-jose-llergo-juan-villar-y-juana-la-del-pipa\\\/#primaryimage\"},\"thumbnailUrl\":\"https:\\\/\\\/www.laguiadepamplona.com\\\/actualidad\\\/wp-content\\\/uploads\\\/2022\\\/08\\\/flamencoonfire_JGV1343.webp\",\"articleSection\":[\"Ayto Pamplona\"],\"inLanguage\":\"es\",\"potentialAction\":[{\"@type\":\"CommentAction\",\"name\":\"Comment\",\"target\":[\"https:\\\/\\\/www.laguiadepamplona.com\\\/actualidad\\\/los-balcones-de-la-casa-consistorial-se-abren-a-la-musica-flamenca-de-jueves-a-domingo-con-las-actuaciones-de-jose-merce-maria-jose-llergo-juan-villar-y-juana-la-del-pipa\\\/#respond\"]}]},{\"@type\":\"WebPage\",\"@id\":\"https:\\\/\\\/www.laguiadepamplona.com\\\/actualidad\\\/los-balcones-de-la-casa-consistorial-se-abren-a-la-musica-flamenca-de-jueves-a-domingo-con-las-actuaciones-de-jose-merce-maria-jose-llergo-juan-villar-y-juana-la-del-pipa\\\/\",\"url\":\"https:\\\/\\\/www.laguiadepamplona.com\\\/actualidad\\\/los-balcones-de-la-casa-consistorial-se-abren-a-la-musica-flamenca-de-jueves-a-domingo-con-las-actuaciones-de-jose-merce-maria-jose-llergo-juan-villar-y-juana-la-del-pipa\\\/\",\"name\":\"Los balcones de la Casa Consistorial se abren a la m\u00fasica flamenca de jueves a domingo con las actuaciones de Jos\u00e9 Merc\u00e9, Mar\u00eda Jos\u00e9 Llergo, Juan Villar y Juana la del Pipa\",\"isPartOf\":{\"@id\":\"https:\\\/\\\/www.laguiadepamplona.com\\\/actualidad\\\/#website\"},\"primaryImageOfPage\":{\"@id\":\"https:\\\/\\\/www.laguiadepamplona.com\\\/actualidad\\\/los-balcones-de-la-casa-consistorial-se-abren-a-la-musica-flamenca-de-jueves-a-domingo-con-las-actuaciones-de-jose-merce-maria-jose-llergo-juan-villar-y-juana-la-del-pipa\\\/#primaryimage\"},\"image\":{\"@id\":\"https:\\\/\\\/www.laguiadepamplona.com\\\/actualidad\\\/los-balcones-de-la-casa-consistorial-se-abren-a-la-musica-flamenca-de-jueves-a-domingo-con-las-actuaciones-de-jose-merce-maria-jose-llergo-juan-villar-y-juana-la-del-pipa\\\/#primaryimage\"},\"thumbnailUrl\":\"https:\\\/\\\/www.laguiadepamplona.com\\\/actualidad\\\/wp-content\\\/uploads\\\/2022\\\/08\\\/flamencoonfire_JGV1343.webp\",\"datePublished\":\"2022-08-24T11:10:23+00:00\",\"dateModified\":\"2023-04-11T09:47:52+00:00\",\"description\":\"Las actuaciones, que se podr\u00e1n ver desde la Plaza Consistorial, tendr\u00e1n lugar a las 12 horas y son gratuitas\",\"breadcrumb\":{\"@id\":\"https:\\\/\\\/www.laguiadepamplona.com\\\/actualidad\\\/los-balcones-de-la-casa-consistorial-se-abren-a-la-musica-flamenca-de-jueves-a-domingo-con-las-actuaciones-de-jose-merce-maria-jose-llergo-juan-villar-y-juana-la-del-pipa\\\/#breadcrumb\"},\"inLanguage\":\"es\",\"potentialAction\":[{\"@type\":\"ReadAction\",\"target\":[\"https:\\\/\\\/www.laguiadepamplona.com\\\/actualidad\\\/los-balcones-de-la-casa-consistorial-se-abren-a-la-musica-flamenca-de-jueves-a-domingo-con-las-actuaciones-de-jose-merce-maria-jose-llergo-juan-villar-y-juana-la-del-pipa\\\/\"]}]},{\"@type\":\"ImageObject\",\"inLanguage\":\"es\",\"@id\":\"https:\\\/\\\/www.laguiadepamplona.com\\\/actualidad\\\/los-balcones-de-la-casa-consistorial-se-abren-a-la-musica-flamenca-de-jueves-a-domingo-con-las-actuaciones-de-jose-merce-maria-jose-llergo-juan-villar-y-juana-la-del-pipa\\\/#primaryimage\",\"url\":\"https:\\\/\\\/www.laguiadepamplona.com\\\/actualidad\\\/wp-content\\\/uploads\\\/2022\\\/08\\\/flamencoonfire_JGV1343.webp\",\"contentUrl\":\"https:\\\/\\\/www.laguiadepamplona.com\\\/actualidad\\\/wp-content\\\/uploads\\\/2022\\\/08\\\/flamencoonfire_JGV1343.webp\",\"width\":1920,\"height\":1280},{\"@type\":\"BreadcrumbList\",\"@id\":\"https:\\\/\\\/www.laguiadepamplona.com\\\/actualidad\\\/los-balcones-de-la-casa-consistorial-se-abren-a-la-musica-flamenca-de-jueves-a-domingo-con-las-actuaciones-de-jose-merce-maria-jose-llergo-juan-villar-y-juana-la-del-pipa\\\/#breadcrumb\",\"itemListElement\":[{\"@type\":\"ListItem\",\"position\":1,\"name\":\"Portada\",\"item\":\"https:\\\/\\\/www.laguiadepamplona.com\\\/actualidad\\\/\"},{\"@type\":\"ListItem\",\"position\":2,\"name\":\"Los balcones de la Casa Consistorial se abren a la m\u00fasica flamenca de jueves a domingo con las actuaciones de Jos\u00e9 Merc\u00e9, Mar\u00eda Jos\u00e9 Llergo, Juan Villar y Juana la del Pipa\"}]},{\"@type\":\"WebSite\",\"@id\":\"https:\\\/\\\/www.laguiadepamplona.com\\\/actualidad\\\/#website\",\"url\":\"https:\\\/\\\/www.laguiadepamplona.com\\\/actualidad\\\/\",\"name\":\"La gu\u00eda de Pamplona\",\"description\":\"Noticias de Pamplona\",\"publisher\":{\"@id\":\"https:\\\/\\\/www.laguiadepamplona.com\\\/actualidad\\\/#organization\"},\"potentialAction\":[{\"@type\":\"SearchAction\",\"target\":{\"@type\":\"EntryPoint\",\"urlTemplate\":\"https:\\\/\\\/www.laguiadepamplona.com\\\/actualidad\\\/?s={search_term_string}\"},\"query-input\":{\"@type\":\"PropertyValueSpecification\",\"valueRequired\":true,\"valueName\":\"search_term_string\"}}],\"inLanguage\":\"es\"},{\"@type\":\"Organization\",\"@id\":\"https:\\\/\\\/www.laguiadepamplona.com\\\/actualidad\\\/#organization\",\"name\":\"La Gu\u00eda de Pamplona \\\/ Noticias\",\"url\":\"https:\\\/\\\/www.laguiadepamplona.com\\\/actualidad\\\/\",\"logo\":{\"@type\":\"ImageObject\",\"inLanguage\":\"es\",\"@id\":\"https:\\\/\\\/www.laguiadepamplona.com\\\/actualidad\\\/#\\\/schema\\\/logo\\\/image\\\/\",\"url\":\"https:\\\/\\\/www.laguiadepamplona.com\\\/actualidad\\\/wp-content\\\/uploads\\\/2018\\\/11\\\/logo-laguiadepamplona18-web1.png\",\"contentUrl\":\"https:\\\/\\\/www.laguiadepamplona.com\\\/actualidad\\\/wp-content\\\/uploads\\\/2018\\\/11\\\/logo-laguiadepamplona18-web1.png\",\"width\":600,\"height\":196,\"caption\":\"La Gu\u00eda de Pamplona \\\/ Noticias\"},\"image\":{\"@id\":\"https:\\\/\\\/www.laguiadepamplona.com\\\/actualidad\\\/#\\\/schema\\\/logo\\\/image\\\/\"},\"sameAs\":[\"https:\\\/\\\/www.facebook.com\\\/laguiadepamplonacom-133175176762273\\\/?ref=hl\",\"https:\\\/\\\/x.com\\\/LaGuiadPamplona\",\"https:\\\/\\\/www.instagram.com\\\/la_guia_de_pamplona\\\/\",\"https:\\\/\\\/www.youtube.com\\\/user\\\/laguiadepamplona\"]},{\"@type\":\"Person\",\"@id\":\"https:\\\/\\\/www.laguiadepamplona.com\\\/actualidad\\\/#\\\/schema\\\/person\\\/efe887376f0213d4657c93adc50b1fdb\",\"name\":\"La Gu\u00eda de Pamplona\",\"image\":{\"@type\":\"ImageObject\",\"inLanguage\":\"es\",\"@id\":\"https:\\\/\\\/secure.gravatar.com\\\/avatar\\\/b6992f131dc8d30ab0dff15446e9d346d9dbd95992de0fef795073f5ea83a81c?s=96&d=mm&r=g\",\"url\":\"https:\\\/\\\/secure.gravatar.com\\\/avatar\\\/b6992f131dc8d30ab0dff15446e9d346d9dbd95992de0fef795073f5ea83a81c?s=96&d=mm&r=g\",\"contentUrl\":\"https:\\\/\\\/secure.gravatar.com\\\/avatar\\\/b6992f131dc8d30ab0dff15446e9d346d9dbd95992de0fef795073f5ea83a81c?s=96&d=mm&r=g\",\"caption\":\"La Gu\u00eda de Pamplona\"}}]}<\/script>\n<!-- \/ Yoast SEO plugin. -->","yoast_head_json":{"title":"Los balcones de la Casa Consistorial se abren a la m\u00fasica flamenca de jueves a domingo con las actuaciones de Jos\u00e9 Merc\u00e9, Mar\u00eda Jos\u00e9 Llergo, Juan Villar y Juana la del Pipa","description":"Las actuaciones, que se podr\u00e1n ver desde la Plaza Consistorial, tendr\u00e1n lugar a las 12 horas y son gratuitas","robots":{"index":"index","follow":"follow","max-snippet":"max-snippet:-1","max-image-preview":"max-image-preview:large","max-video-preview":"max-video-preview:-1"},"canonical":"https:\/\/www.laguiadepamplona.com\/actualidad\/los-balcones-de-la-casa-consistorial-se-abren-a-la-musica-flamenca-de-jueves-a-domingo-con-las-actuaciones-de-jose-merce-maria-jose-llergo-juan-villar-y-juana-la-del-pipa\/","og_locale":"es_ES","og_type":"article","og_title":"Los balcones de la Casa Consistorial se abren a la m\u00fasica flamenca de jueves a domingo con las actuaciones de Jos\u00e9 Merc\u00e9, Mar\u00eda Jos\u00e9 Llergo, Juan Villar y Juana la del Pipa","og_description":"Las actuaciones, que se podr\u00e1n ver desde la Plaza Consistorial, tendr\u00e1n lugar a las 12 horas y son gratuitas","og_url":"https:\/\/www.laguiadepamplona.com\/actualidad\/los-balcones-de-la-casa-consistorial-se-abren-a-la-musica-flamenca-de-jueves-a-domingo-con-las-actuaciones-de-jose-merce-maria-jose-llergo-juan-villar-y-juana-la-del-pipa\/","og_site_name":"La Gu\u00eda de Pamplona","article_publisher":"https:\/\/www.facebook.com\/laguiadepamplonacom-133175176762273\/?ref=hl","article_published_time":"2022-08-24T11:10:23+00:00","article_modified_time":"2023-04-11T09:47:52+00:00","og_image":[{"width":1920,"height":1280,"url":"https:\/\/www.laguiadepamplona.com\/actualidad\/wp-content\/uploads\/2022\/08\/flamencoonfire_JGV1343.webp","type":"image\/webp"}],"author":"La Gu\u00eda de Pamplona","twitter_card":"summary_large_image","twitter_creator":"@LaGuiadPamplona","twitter_site":"@LaGuiadPamplona","twitter_misc":{"Escrito por":"La Gu\u00eda de Pamplona","Tiempo de lectura":"3 minutos"},"schema":{"@context":"https:\/\/schema.org","@graph":[{"@type":"Article","@id":"https:\/\/www.laguiadepamplona.com\/actualidad\/los-balcones-de-la-casa-consistorial-se-abren-a-la-musica-flamenca-de-jueves-a-domingo-con-las-actuaciones-de-jose-merce-maria-jose-llergo-juan-villar-y-juana-la-del-pipa\/#article","isPartOf":{"@id":"https:\/\/www.laguiadepamplona.com\/actualidad\/los-balcones-de-la-casa-consistorial-se-abren-a-la-musica-flamenca-de-jueves-a-domingo-con-las-actuaciones-de-jose-merce-maria-jose-llergo-juan-villar-y-juana-la-del-pipa\/"},"author":{"name":"La Gu\u00eda de Pamplona","@id":"https:\/\/www.laguiadepamplona.com\/actualidad\/#\/schema\/person\/efe887376f0213d4657c93adc50b1fdb"},"headline":"Los balcones de la Casa Consistorial se abren a la m\u00fasica flamenca de jueves a domingo con las actuaciones de Jos\u00e9 Merc\u00e9, Mar\u00eda Jos\u00e9 Llergo, Juan Villar y Juana la del Pipa","datePublished":"2022-08-24T11:10:23+00:00","dateModified":"2023-04-11T09:47:52+00:00","mainEntityOfPage":{"@id":"https:\/\/www.laguiadepamplona.com\/actualidad\/los-balcones-de-la-casa-consistorial-se-abren-a-la-musica-flamenca-de-jueves-a-domingo-con-las-actuaciones-de-jose-merce-maria-jose-llergo-juan-villar-y-juana-la-del-pipa\/"},"wordCount":689,"commentCount":0,"publisher":{"@id":"https:\/\/www.laguiadepamplona.com\/actualidad\/#organization"},"image":{"@id":"https:\/\/www.laguiadepamplona.com\/actualidad\/los-balcones-de-la-casa-consistorial-se-abren-a-la-musica-flamenca-de-jueves-a-domingo-con-las-actuaciones-de-jose-merce-maria-jose-llergo-juan-villar-y-juana-la-del-pipa\/#primaryimage"},"thumbnailUrl":"https:\/\/www.laguiadepamplona.com\/actualidad\/wp-content\/uploads\/2022\/08\/flamencoonfire_JGV1343.webp","articleSection":["Ayto Pamplona"],"inLanguage":"es","potentialAction":[{"@type":"CommentAction","name":"Comment","target":["https:\/\/www.laguiadepamplona.com\/actualidad\/los-balcones-de-la-casa-consistorial-se-abren-a-la-musica-flamenca-de-jueves-a-domingo-con-las-actuaciones-de-jose-merce-maria-jose-llergo-juan-villar-y-juana-la-del-pipa\/#respond"]}]},{"@type":"WebPage","@id":"https:\/\/www.laguiadepamplona.com\/actualidad\/los-balcones-de-la-casa-consistorial-se-abren-a-la-musica-flamenca-de-jueves-a-domingo-con-las-actuaciones-de-jose-merce-maria-jose-llergo-juan-villar-y-juana-la-del-pipa\/","url":"https:\/\/www.laguiadepamplona.com\/actualidad\/los-balcones-de-la-casa-consistorial-se-abren-a-la-musica-flamenca-de-jueves-a-domingo-con-las-actuaciones-de-jose-merce-maria-jose-llergo-juan-villar-y-juana-la-del-pipa\/","name":"Los balcones de la Casa Consistorial se abren a la m\u00fasica flamenca de jueves a domingo con las actuaciones de Jos\u00e9 Merc\u00e9, Mar\u00eda Jos\u00e9 Llergo, Juan Villar y Juana la del Pipa","isPartOf":{"@id":"https:\/\/www.laguiadepamplona.com\/actualidad\/#website"},"primaryImageOfPage":{"@id":"https:\/\/www.laguiadepamplona.com\/actualidad\/los-balcones-de-la-casa-consistorial-se-abren-a-la-musica-flamenca-de-jueves-a-domingo-con-las-actuaciones-de-jose-merce-maria-jose-llergo-juan-villar-y-juana-la-del-pipa\/#primaryimage"},"image":{"@id":"https:\/\/www.laguiadepamplona.com\/actualidad\/los-balcones-de-la-casa-consistorial-se-abren-a-la-musica-flamenca-de-jueves-a-domingo-con-las-actuaciones-de-jose-merce-maria-jose-llergo-juan-villar-y-juana-la-del-pipa\/#primaryimage"},"thumbnailUrl":"https:\/\/www.laguiadepamplona.com\/actualidad\/wp-content\/uploads\/2022\/08\/flamencoonfire_JGV1343.webp","datePublished":"2022-08-24T11:10:23+00:00","dateModified":"2023-04-11T09:47:52+00:00","description":"Las actuaciones, que se podr\u00e1n ver desde la Plaza Consistorial, tendr\u00e1n lugar a las 12 horas y son gratuitas","breadcrumb":{"@id":"https:\/\/www.laguiadepamplona.com\/actualidad\/los-balcones-de-la-casa-consistorial-se-abren-a-la-musica-flamenca-de-jueves-a-domingo-con-las-actuaciones-de-jose-merce-maria-jose-llergo-juan-villar-y-juana-la-del-pipa\/#breadcrumb"},"inLanguage":"es","potentialAction":[{"@type":"ReadAction","target":["https:\/\/www.laguiadepamplona.com\/actualidad\/los-balcones-de-la-casa-consistorial-se-abren-a-la-musica-flamenca-de-jueves-a-domingo-con-las-actuaciones-de-jose-merce-maria-jose-llergo-juan-villar-y-juana-la-del-pipa\/"]}]},{"@type":"ImageObject","inLanguage":"es","@id":"https:\/\/www.laguiadepamplona.com\/actualidad\/los-balcones-de-la-casa-consistorial-se-abren-a-la-musica-flamenca-de-jueves-a-domingo-con-las-actuaciones-de-jose-merce-maria-jose-llergo-juan-villar-y-juana-la-del-pipa\/#primaryimage","url":"https:\/\/www.laguiadepamplona.com\/actualidad\/wp-content\/uploads\/2022\/08\/flamencoonfire_JGV1343.webp","contentUrl":"https:\/\/www.laguiadepamplona.com\/actualidad\/wp-content\/uploads\/2022\/08\/flamencoonfire_JGV1343.webp","width":1920,"height":1280},{"@type":"BreadcrumbList","@id":"https:\/\/www.laguiadepamplona.com\/actualidad\/los-balcones-de-la-casa-consistorial-se-abren-a-la-musica-flamenca-de-jueves-a-domingo-con-las-actuaciones-de-jose-merce-maria-jose-llergo-juan-villar-y-juana-la-del-pipa\/#breadcrumb","itemListElement":[{"@type":"ListItem","position":1,"name":"Portada","item":"https:\/\/www.laguiadepamplona.com\/actualidad\/"},{"@type":"ListItem","position":2,"name":"Los balcones de la Casa Consistorial se abren a la m\u00fasica flamenca de jueves a domingo con las actuaciones de Jos\u00e9 Merc\u00e9, Mar\u00eda Jos\u00e9 Llergo, Juan Villar y Juana la del Pipa"}]},{"@type":"WebSite","@id":"https:\/\/www.laguiadepamplona.com\/actualidad\/#website","url":"https:\/\/www.laguiadepamplona.com\/actualidad\/","name":"La gu\u00eda de Pamplona","description":"Noticias de Pamplona","publisher":{"@id":"https:\/\/www.laguiadepamplona.com\/actualidad\/#organization"},"potentialAction":[{"@type":"SearchAction","target":{"@type":"EntryPoint","urlTemplate":"https:\/\/www.laguiadepamplona.com\/actualidad\/?s={search_term_string}"},"query-input":{"@type":"PropertyValueSpecification","valueRequired":true,"valueName":"search_term_string"}}],"inLanguage":"es"},{"@type":"Organization","@id":"https:\/\/www.laguiadepamplona.com\/actualidad\/#organization","name":"La Gu\u00eda de Pamplona \/ Noticias","url":"https:\/\/www.laguiadepamplona.com\/actualidad\/","logo":{"@type":"ImageObject","inLanguage":"es","@id":"https:\/\/www.laguiadepamplona.com\/actualidad\/#\/schema\/logo\/image\/","url":"https:\/\/www.laguiadepamplona.com\/actualidad\/wp-content\/uploads\/2018\/11\/logo-laguiadepamplona18-web1.png","contentUrl":"https:\/\/www.laguiadepamplona.com\/actualidad\/wp-content\/uploads\/2018\/11\/logo-laguiadepamplona18-web1.png","width":600,"height":196,"caption":"La Gu\u00eda de Pamplona \/ Noticias"},"image":{"@id":"https:\/\/www.laguiadepamplona.com\/actualidad\/#\/schema\/logo\/image\/"},"sameAs":["https:\/\/www.facebook.com\/laguiadepamplonacom-133175176762273\/?ref=hl","https:\/\/x.com\/LaGuiadPamplona","https:\/\/www.instagram.com\/la_guia_de_pamplona\/","https:\/\/www.youtube.com\/user\/laguiadepamplona"]},{"@type":"Person","@id":"https:\/\/www.laguiadepamplona.com\/actualidad\/#\/schema\/person\/efe887376f0213d4657c93adc50b1fdb","name":"La Gu\u00eda de Pamplona","image":{"@type":"ImageObject","inLanguage":"es","@id":"https:\/\/secure.gravatar.com\/avatar\/b6992f131dc8d30ab0dff15446e9d346d9dbd95992de0fef795073f5ea83a81c?s=96&d=mm&r=g","url":"https:\/\/secure.gravatar.com\/avatar\/b6992f131dc8d30ab0dff15446e9d346d9dbd95992de0fef795073f5ea83a81c?s=96&d=mm&r=g","contentUrl":"https:\/\/secure.gravatar.com\/avatar\/b6992f131dc8d30ab0dff15446e9d346d9dbd95992de0fef795073f5ea83a81c?s=96&d=mm&r=g","caption":"La Gu\u00eda de Pamplona"}}]}},"post_mailing_queue_ids":[],"_links":{"self":[{"href":"https:\/\/www.laguiadepamplona.com\/actualidad\/wp-json\/wp\/v2\/posts\/41378","targetHints":{"allow":["GET"]}}],"collection":[{"href":"https:\/\/www.laguiadepamplona.com\/actualidad\/wp-json\/wp\/v2\/posts"}],"about":[{"href":"https:\/\/www.laguiadepamplona.com\/actualidad\/wp-json\/wp\/v2\/types\/post"}],"author":[{"embeddable":true,"href":"https:\/\/www.laguiadepamplona.com\/actualidad\/wp-json\/wp\/v2\/users\/1"}],"replies":[{"embeddable":true,"href":"https:\/\/www.laguiadepamplona.com\/actualidad\/wp-json\/wp\/v2\/comments?post=41378"}],"version-history":[{"count":0,"href":"https:\/\/www.laguiadepamplona.com\/actualidad\/wp-json\/wp\/v2\/posts\/41378\/revisions"}],"wp:featuredmedia":[{"embeddable":true,"href":"https:\/\/www.laguiadepamplona.com\/actualidad\/wp-json\/wp\/v2\/media\/41380"}],"wp:attachment":[{"href":"https:\/\/www.laguiadepamplona.com\/actualidad\/wp-json\/wp\/v2\/media?parent=41378"}],"wp:term":[{"taxonomy":"category","embeddable":true,"href":"https:\/\/www.laguiadepamplona.com\/actualidad\/wp-json\/wp\/v2\/categories?post=41378"},{"taxonomy":"post_tag","embeddable":true,"href":"https:\/\/www.laguiadepamplona.com\/actualidad\/wp-json\/wp\/v2\/tags?post=41378"}],"curies":[{"name":"wp","href":"https:\/\/api.w.org\/{rel}","templated":true}]}}