{"id":41376,"date":"2022-08-24T13:04:45","date_gmt":"2022-08-24T11:04:45","guid":{"rendered":"https:\/\/www.laguiadepamplona.com\/actualidad\/?p=41376"},"modified":"2023-04-11T11:47:52","modified_gmt":"2023-04-11T09:47:52","slug":"el-21-de-septiembre-finaliza-el-plazo-de-presentacion-de-solicitudes-para-la-convocatoria-municipal-de-ayudas-al-deporte-aficionado","status":"publish","type":"post","link":"https:\/\/www.laguiadepamplona.com\/actualidad\/el-21-de-septiembre-finaliza-el-plazo-de-presentacion-de-solicitudes-para-la-convocatoria-municipal-de-ayudas-al-deporte-aficionado\/","title":{"rendered":"El 21 de septiembre finaliza el plazo de presentaci\u00f3n de solicitudes para la convocatoria municipal de ayudas al deporte aficionado"},"content":{"rendered":"<h5>El Ayuntamiento de Pamplona repartir\u00e1 150.000 euros entre las entidades que acojan a deportistas federados nacidos a partir de los 6 a\u00f1os<\/h5>\n<p><!--more--><\/p>\n<p>Pamplona vuelve a convocar las ayudas al deporte oficial aficionado, desde los 6 a\u00f1os de edad en adelante, para subvencionar la organizaci\u00f3n de entrenamientos regulares y la participaci\u00f3n en determinadas competiciones deportivas oficiales durante la temporada 2021 &#8211; 2022. La convocatoria est\u00e1 ya abierta y las solicitudes se pueden presentar hasta el 21 de septiembre, a trav\u00e9s del tr\u00e1mite \u2018<a href=\"https:\/\/sedeelectronica.pamplona.es\/FichaTramite.aspx?id=229967TA&amp;idioma=1\" target=\"_blank\" rel=\"noopener\">Solicitud electr\u00f3nica de subvenciones para personas jur\u00eddicas<\/a>\u2019, publicado en la Sede Electr\u00f3nica del Ayuntamiento de Pamplona.<br \/>\n<script async src=\"\/\/pagead2.googlesyndication.com\/pagead\/js\/adsbygoogle.js\"><\/script><br \/>\n<!-- Noticias La Guia de Pamplona --><br \/>\n<ins class=\"adsbygoogle\"\nstyle=\"display:block\"\ndata-ad-client=\"ca-pub-6943679897239327\"\ndata-ad-slot=\"7048180777\"\ndata-ad-format=\"auto\"><\/ins><br \/>\n<script>\n(adsbygoogle = window.adsbygoogle || []).push({});\n<\/script><\/p>\n<p>La convocatoria busca apoyar la actividad formativa y promocional de aquellas entidades deportivas pamplonesas que promueven la pr\u00e1ctica de deportes oficiales. Con car\u00e1cter general, la pr\u00e1ctica deportiva federada permitir\u00e1 conseguir una progresi\u00f3n al deporte de \u00e9lite a las personas con un rendimiento deportivo m\u00e1s destacado, mantener durante un cierto tiempo limitado a personas con intereses o motivaciones en la competici\u00f3n deportiva y una relativa mayor cantidad de ejercicio semanal moderado e intenso por persona respecto al que se obtiene en la pr\u00e1ctica deportiva recreativa por libre.<\/p>\n<p>Las entidades que quieran concurrir a esta convocatoria deben estar legalmente constituidas e inscritas en el registro correspondiente a la fecha de finalizaci\u00f3n del plazo de presentaci\u00f3n de solicitudes; tener el domicilio social y fiscal en Pamplona; y no tener \u00e1nimo de lucro. Asimismo, deber\u00e1n tener en sus estatutos, entre sus objetivos, la realizaci\u00f3n de actividades deportivas relacionadas con el objeto de esta convocatoria. No deber\u00e1n haber sido sancionadas durante la temporada 2021-2022, con car\u00e1cter firme en v\u00eda administrativa, por infracciones tipificadas como \u2018muy graves\u2019 en normas como la Ley 19\/2007, de 11 de julio, contra la violencia, el racismo, la xenofobia y la intolerancia en el deporte, la Ley Foral 15\/2001, de 5 de julio, del Deporte de Navarra y la Ley Foral 2\/1989, de 13 de marzo, reguladora de Espect\u00e1culos P\u00fablicos y Actividades Recreativas.<\/p>\n<p>La actividad subvencionable se deber\u00e1 desarrollar en la temporada deportiva 2021-2022, durante el periodo comprendido entre el 1 de septiembre de 2021 y hasta el 31 de agosto de 2022. Las bases de la convocatoria se pueden consultar en la web municipal, <a href=\"http:\/\/www.pamplona.es\" target=\"_blank\" rel=\"noopener\">www.pamplona.es<\/a>, y en el <a href=\"https:\/\/bon.navarra.es\/es\/anuncio\/-\/texto\/2022\/160\/43\" target=\"_blank\" rel=\"noopener\">Bolet\u00edn Oficial de Navarra n\u00famero 160<\/a> de 11 de agosto.<br \/>\n<script async src=\"\/\/pagead2.googlesyndication.com\/pagead\/js\/adsbygoogle.js\"><\/script><br \/>\n<!-- Noticias La Guia de Pamplona --><br \/>\n<ins class=\"adsbygoogle\"\nstyle=\"display:block\"\ndata-ad-client=\"ca-pub-6943679897239327\"\ndata-ad-slot=\"7048180777\"\ndata-ad-format=\"auto\"><\/ins><br \/>\n<script>\n(adsbygoogle = window.adsbygoogle || []).push({});\n<\/script><\/p>\n<p><strong>Deporte aficionado<\/strong><\/p>\n<p>Se considera \u2018deporte oficial aficionado\u2019 al conjunto de entidades y deportistas que las integran siempre que cumplan alguna de las caracter\u00edsticas que se describen en las bases. Deben ser deportistas federados desde los 6 a\u00f1os (2015 o anteriores), que mayoritariamente compiten regularmente, pero no necesariamente, en competiciones deportivas en el marco de un club deportivo oficial. Tambi\u00e9n se incluye a deportistas federados que participan en los Campeonatos, Copas, Supercopas de Espa\u00f1a de duraci\u00f3n inferior a tres d\u00edas, desde el a\u00f1o 2009 hasta la categor\u00eda senior, siempre y cuando dicha participaci\u00f3n no hubiera sido subvencionada en otras convocatorias municipales.<\/p>\n<p>Se refiere tambi\u00e9n a equipos que participan en competiciones deportivas oficiales de fase de ascenso y descenso, fase sector, o promoci\u00f3n de categor\u00eda en un deporte en categor\u00eda senior, seg\u00fan la denominaci\u00f3n oficial dada a esta categor\u00eda en la reglamentaci\u00f3n oficial de cada deporte. Igualmente, se incluyen deportistas federados desde el a\u00f1o 2003 hasta el \u00faltimo a\u00f1o de categor\u00eda senior que participan en ligas deportivas regulares de \u00e1mbito estatal, y categor\u00eda senior, no reconocidas como profesionales por el Consejo Superior de Deportes. Por \u00faltimo, se mencionan otras competiciones deportivas oficiales de \u00e1mbito estatal, inter-auton\u00f3mico (no estatal), navarras o locales que no formen parte de ninguna liga.<br \/>\n<script async src=\"\/\/pagead2.googlesyndication.com\/pagead\/js\/adsbygoogle.js\"><\/script><br \/>\n<!-- Noticias La Guia de Pamplona --><br \/>\n<ins class=\"adsbygoogle\"\nstyle=\"display:block\"\ndata-ad-client=\"ca-pub-6943679897239327\"\ndata-ad-slot=\"7048180777\"\ndata-ad-format=\"auto\"><\/ins><br \/>\n<script>\n(adsbygoogle = window.adsbygoogle || []).push({});\n<\/script><\/p>\n<p><strong>Gastos subvencionables<\/strong><\/p>\n<p>Ser\u00e1n gastos subvencionables aquellos que de manera indudable respondan a la naturaleza de la actividad subvencionada, resulten estrictamente necesarios y se realicen en el plazo establecido en las bases. Espec\u00edficamente, a los efectos de esta convocatoria, se considerar\u00e1n gastos subvencionables el uso de instalaciones deportivas; gastos para los Campeonatos, Copas, Supercopas de Espa\u00f1a desde el a\u00f1o 2009 hasta la categor\u00eda senior inclusive, y para las fases de ascenso\/descenso, fases sector, o promoci\u00f3n de categor\u00eda en un deporte oficial y \u00fanicamente en la categor\u00eda senior; y las acciones sobre igualdad en el marco del proyecto correspondiente. Aquellas acciones que impliquen un desembolso espec\u00edfico de las entidades deber\u00e1n estar debidamente justificadas y razonadas en la solicitud. El tope m\u00e1ximo de subvenci\u00f3n por entidad no podr\u00e1 ser superior a los 16.000 euros.<\/p>\n<p>Cuando el importe de cada gasto subvencionable individualmente considerado supere la cuant\u00eda de 12.000 euros en el supuesto de suministro de bienes de equipo o prestaci\u00f3n de servicios por empresas de consultor\u00eda o asistencia t\u00e9cnica, el beneficiario deber\u00e1 solicitar como m\u00ednimo tres ofertas de diferentes proveedores, con car\u00e1cter previo a la asunci\u00f3n del compromiso de prestaci\u00f3n del servicio o la entrega del bien, salvo que por las especiales caracter\u00edsticas de los gastos subvencionables no exista en el mercado suficiente n\u00famero de entidades que lo suministren o presten, o salvo que el gasto se hubiera realizado con anterioridad a la solicitud de la subvenci\u00f3n. La elecci\u00f3n entre las ofertas presentadas, que deber\u00e1 aportarse en la justificaci\u00f3n, o, en su caso, en la solicitud de la subvenci\u00f3n, se realizar\u00e1 conforme a criterios de eficiencia y econom\u00eda, debiendo justificarse expresamente en una memoria la elecci\u00f3n cuando no recaiga en la propuesta econ\u00f3mica m\u00e1s ventajosa.<\/p>\n","protected":false},"excerpt":{"rendered":"<p>El Ayuntamiento de Pamplona repartir\u00e1 150.000 euros entre las entidades que acojan a deportistas federados nacidos a partir de los 6 a\u00f1os<\/p>\n","protected":false},"author":1,"featured_media":41126,"comment_status":"open","ping_status":"closed","sticky":false,"template":"","format":"standard","meta":{"footnotes":""},"categories":[2],"tags":[],"class_list":["post-41376","post","type-post","status-publish","format-standard","has-post-thumbnail","hentry","category-ayuntamiento-pamplona"],"yoast_head":"<!-- This site is optimized with the Yoast SEO plugin v27.3 - https:\/\/yoast.com\/product\/yoast-seo-wordpress\/ -->\n<title>El 21 de septiembre finaliza el plazo de presentaci\u00f3n de solicitudes para la convocatoria municipal de ayudas al deporte aficionado<\/title>\n<meta name=\"description\" content=\"El Ayuntamiento de Pamplona repartir\u00e1 150.000 euros entre las entidades que acojan a deportistas federados nacidos a partir de los 6 a\u00f1os\" \/>\n<meta name=\"robots\" content=\"index, follow, max-snippet:-1, max-image-preview:large, max-video-preview:-1\" \/>\n<link rel=\"canonical\" href=\"https:\/\/www.laguiadepamplona.com\/actualidad\/el-21-de-septiembre-finaliza-el-plazo-de-presentacion-de-solicitudes-para-la-convocatoria-municipal-de-ayudas-al-deporte-aficionado\/\" \/>\n<meta property=\"og:locale\" content=\"es_ES\" \/>\n<meta property=\"og:type\" content=\"article\" \/>\n<meta property=\"og:title\" content=\"El 21 de septiembre finaliza el plazo de presentaci\u00f3n de solicitudes para la convocatoria municipal de ayudas al deporte aficionado\" \/>\n<meta property=\"og:description\" content=\"El Ayuntamiento de Pamplona repartir\u00e1 150.000 euros entre las entidades que acojan a deportistas federados nacidos a partir de los 6 a\u00f1os\" \/>\n<meta property=\"og:url\" content=\"https:\/\/www.laguiadepamplona.com\/actualidad\/el-21-de-septiembre-finaliza-el-plazo-de-presentacion-de-solicitudes-para-la-convocatoria-municipal-de-ayudas-al-deporte-aficionado\/\" \/>\n<meta property=\"og:site_name\" content=\"La Gu\u00eda de Pamplona\" \/>\n<meta property=\"article:publisher\" content=\"https:\/\/www.facebook.com\/laguiadepamplonacom-133175176762273\/?ref=hl\" \/>\n<meta property=\"article:published_time\" content=\"2022-08-24T11:04:45+00:00\" \/>\n<meta property=\"article:modified_time\" content=\"2023-04-11T09:47:52+00:00\" \/>\n<meta property=\"og:image\" content=\"https:\/\/www.laguiadepamplona.com\/actualidad\/wp-content\/uploads\/2022\/07\/NATACION_1.webp\" \/>\n\t<meta property=\"og:image:width\" content=\"1920\" \/>\n\t<meta property=\"og:image:height\" content=\"1280\" \/>\n\t<meta property=\"og:image:type\" content=\"image\/webp\" \/>\n<meta name=\"author\" content=\"La Gu\u00eda de Pamplona\" \/>\n<meta name=\"twitter:card\" content=\"summary_large_image\" \/>\n<meta name=\"twitter:creator\" content=\"@LaGuiadPamplona\" \/>\n<meta name=\"twitter:site\" content=\"@LaGuiadPamplona\" \/>\n<meta name=\"twitter:label1\" content=\"Escrito por\" \/>\n\t<meta name=\"twitter:data1\" content=\"La Gu\u00eda de Pamplona\" \/>\n\t<meta name=\"twitter:label2\" content=\"Tiempo de lectura\" \/>\n\t<meta name=\"twitter:data2\" content=\"4 minutos\" \/>\n<script type=\"application\/ld+json\" class=\"yoast-schema-graph\">{\"@context\":\"https:\\\/\\\/schema.org\",\"@graph\":[{\"@type\":\"Article\",\"@id\":\"https:\\\/\\\/www.laguiadepamplona.com\\\/actualidad\\\/el-21-de-septiembre-finaliza-el-plazo-de-presentacion-de-solicitudes-para-la-convocatoria-municipal-de-ayudas-al-deporte-aficionado\\\/#article\",\"isPartOf\":{\"@id\":\"https:\\\/\\\/www.laguiadepamplona.com\\\/actualidad\\\/el-21-de-septiembre-finaliza-el-plazo-de-presentacion-de-solicitudes-para-la-convocatoria-municipal-de-ayudas-al-deporte-aficionado\\\/\"},\"author\":{\"name\":\"La Gu\u00eda de Pamplona\",\"@id\":\"https:\\\/\\\/www.laguiadepamplona.com\\\/actualidad\\\/#\\\/schema\\\/person\\\/efe887376f0213d4657c93adc50b1fdb\"},\"headline\":\"El 21 de septiembre finaliza el plazo de presentaci\u00f3n de solicitudes para la convocatoria municipal de ayudas al deporte aficionado\",\"datePublished\":\"2022-08-24T11:04:45+00:00\",\"dateModified\":\"2023-04-11T09:47:52+00:00\",\"mainEntityOfPage\":{\"@id\":\"https:\\\/\\\/www.laguiadepamplona.com\\\/actualidad\\\/el-21-de-septiembre-finaliza-el-plazo-de-presentacion-de-solicitudes-para-la-convocatoria-municipal-de-ayudas-al-deporte-aficionado\\\/\"},\"wordCount\":941,\"commentCount\":0,\"publisher\":{\"@id\":\"https:\\\/\\\/www.laguiadepamplona.com\\\/actualidad\\\/#organization\"},\"image\":{\"@id\":\"https:\\\/\\\/www.laguiadepamplona.com\\\/actualidad\\\/el-21-de-septiembre-finaliza-el-plazo-de-presentacion-de-solicitudes-para-la-convocatoria-municipal-de-ayudas-al-deporte-aficionado\\\/#primaryimage\"},\"thumbnailUrl\":\"https:\\\/\\\/www.laguiadepamplona.com\\\/actualidad\\\/wp-content\\\/uploads\\\/2022\\\/07\\\/NATACION_1.webp\",\"articleSection\":[\"Ayto Pamplona\"],\"inLanguage\":\"es\",\"potentialAction\":[{\"@type\":\"CommentAction\",\"name\":\"Comment\",\"target\":[\"https:\\\/\\\/www.laguiadepamplona.com\\\/actualidad\\\/el-21-de-septiembre-finaliza-el-plazo-de-presentacion-de-solicitudes-para-la-convocatoria-municipal-de-ayudas-al-deporte-aficionado\\\/#respond\"]}]},{\"@type\":\"WebPage\",\"@id\":\"https:\\\/\\\/www.laguiadepamplona.com\\\/actualidad\\\/el-21-de-septiembre-finaliza-el-plazo-de-presentacion-de-solicitudes-para-la-convocatoria-municipal-de-ayudas-al-deporte-aficionado\\\/\",\"url\":\"https:\\\/\\\/www.laguiadepamplona.com\\\/actualidad\\\/el-21-de-septiembre-finaliza-el-plazo-de-presentacion-de-solicitudes-para-la-convocatoria-municipal-de-ayudas-al-deporte-aficionado\\\/\",\"name\":\"El 21 de septiembre finaliza el plazo de presentaci\u00f3n de solicitudes para la convocatoria municipal de ayudas al deporte aficionado\",\"isPartOf\":{\"@id\":\"https:\\\/\\\/www.laguiadepamplona.com\\\/actualidad\\\/#website\"},\"primaryImageOfPage\":{\"@id\":\"https:\\\/\\\/www.laguiadepamplona.com\\\/actualidad\\\/el-21-de-septiembre-finaliza-el-plazo-de-presentacion-de-solicitudes-para-la-convocatoria-municipal-de-ayudas-al-deporte-aficionado\\\/#primaryimage\"},\"image\":{\"@id\":\"https:\\\/\\\/www.laguiadepamplona.com\\\/actualidad\\\/el-21-de-septiembre-finaliza-el-plazo-de-presentacion-de-solicitudes-para-la-convocatoria-municipal-de-ayudas-al-deporte-aficionado\\\/#primaryimage\"},\"thumbnailUrl\":\"https:\\\/\\\/www.laguiadepamplona.com\\\/actualidad\\\/wp-content\\\/uploads\\\/2022\\\/07\\\/NATACION_1.webp\",\"datePublished\":\"2022-08-24T11:04:45+00:00\",\"dateModified\":\"2023-04-11T09:47:52+00:00\",\"description\":\"El Ayuntamiento de Pamplona repartir\u00e1 150.000 euros entre las entidades que acojan a deportistas federados nacidos a partir de los 6 a\u00f1os\",\"breadcrumb\":{\"@id\":\"https:\\\/\\\/www.laguiadepamplona.com\\\/actualidad\\\/el-21-de-septiembre-finaliza-el-plazo-de-presentacion-de-solicitudes-para-la-convocatoria-municipal-de-ayudas-al-deporte-aficionado\\\/#breadcrumb\"},\"inLanguage\":\"es\",\"potentialAction\":[{\"@type\":\"ReadAction\",\"target\":[\"https:\\\/\\\/www.laguiadepamplona.com\\\/actualidad\\\/el-21-de-septiembre-finaliza-el-plazo-de-presentacion-de-solicitudes-para-la-convocatoria-municipal-de-ayudas-al-deporte-aficionado\\\/\"]}]},{\"@type\":\"ImageObject\",\"inLanguage\":\"es\",\"@id\":\"https:\\\/\\\/www.laguiadepamplona.com\\\/actualidad\\\/el-21-de-septiembre-finaliza-el-plazo-de-presentacion-de-solicitudes-para-la-convocatoria-municipal-de-ayudas-al-deporte-aficionado\\\/#primaryimage\",\"url\":\"https:\\\/\\\/www.laguiadepamplona.com\\\/actualidad\\\/wp-content\\\/uploads\\\/2022\\\/07\\\/NATACION_1.webp\",\"contentUrl\":\"https:\\\/\\\/www.laguiadepamplona.com\\\/actualidad\\\/wp-content\\\/uploads\\\/2022\\\/07\\\/NATACION_1.webp\",\"width\":1920,\"height\":1280},{\"@type\":\"BreadcrumbList\",\"@id\":\"https:\\\/\\\/www.laguiadepamplona.com\\\/actualidad\\\/el-21-de-septiembre-finaliza-el-plazo-de-presentacion-de-solicitudes-para-la-convocatoria-municipal-de-ayudas-al-deporte-aficionado\\\/#breadcrumb\",\"itemListElement\":[{\"@type\":\"ListItem\",\"position\":1,\"name\":\"Portada\",\"item\":\"https:\\\/\\\/www.laguiadepamplona.com\\\/actualidad\\\/\"},{\"@type\":\"ListItem\",\"position\":2,\"name\":\"El 21 de septiembre finaliza el plazo de presentaci\u00f3n de solicitudes para la convocatoria municipal de ayudas al deporte aficionado\"}]},{\"@type\":\"WebSite\",\"@id\":\"https:\\\/\\\/www.laguiadepamplona.com\\\/actualidad\\\/#website\",\"url\":\"https:\\\/\\\/www.laguiadepamplona.com\\\/actualidad\\\/\",\"name\":\"La gu\u00eda de Pamplona\",\"description\":\"Noticias de Pamplona\",\"publisher\":{\"@id\":\"https:\\\/\\\/www.laguiadepamplona.com\\\/actualidad\\\/#organization\"},\"potentialAction\":[{\"@type\":\"SearchAction\",\"target\":{\"@type\":\"EntryPoint\",\"urlTemplate\":\"https:\\\/\\\/www.laguiadepamplona.com\\\/actualidad\\\/?s={search_term_string}\"},\"query-input\":{\"@type\":\"PropertyValueSpecification\",\"valueRequired\":true,\"valueName\":\"search_term_string\"}}],\"inLanguage\":\"es\"},{\"@type\":\"Organization\",\"@id\":\"https:\\\/\\\/www.laguiadepamplona.com\\\/actualidad\\\/#organization\",\"name\":\"La Gu\u00eda de Pamplona \\\/ Noticias\",\"url\":\"https:\\\/\\\/www.laguiadepamplona.com\\\/actualidad\\\/\",\"logo\":{\"@type\":\"ImageObject\",\"inLanguage\":\"es\",\"@id\":\"https:\\\/\\\/www.laguiadepamplona.com\\\/actualidad\\\/#\\\/schema\\\/logo\\\/image\\\/\",\"url\":\"https:\\\/\\\/www.laguiadepamplona.com\\\/actualidad\\\/wp-content\\\/uploads\\\/2018\\\/11\\\/logo-laguiadepamplona18-web1.png\",\"contentUrl\":\"https:\\\/\\\/www.laguiadepamplona.com\\\/actualidad\\\/wp-content\\\/uploads\\\/2018\\\/11\\\/logo-laguiadepamplona18-web1.png\",\"width\":600,\"height\":196,\"caption\":\"La Gu\u00eda de Pamplona \\\/ Noticias\"},\"image\":{\"@id\":\"https:\\\/\\\/www.laguiadepamplona.com\\\/actualidad\\\/#\\\/schema\\\/logo\\\/image\\\/\"},\"sameAs\":[\"https:\\\/\\\/www.facebook.com\\\/laguiadepamplonacom-133175176762273\\\/?ref=hl\",\"https:\\\/\\\/x.com\\\/LaGuiadPamplona\",\"https:\\\/\\\/www.instagram.com\\\/la_guia_de_pamplona\\\/\",\"https:\\\/\\\/www.youtube.com\\\/user\\\/laguiadepamplona\"]},{\"@type\":\"Person\",\"@id\":\"https:\\\/\\\/www.laguiadepamplona.com\\\/actualidad\\\/#\\\/schema\\\/person\\\/efe887376f0213d4657c93adc50b1fdb\",\"name\":\"La Gu\u00eda de Pamplona\",\"image\":{\"@type\":\"ImageObject\",\"inLanguage\":\"es\",\"@id\":\"https:\\\/\\\/secure.gravatar.com\\\/avatar\\\/b6992f131dc8d30ab0dff15446e9d346d9dbd95992de0fef795073f5ea83a81c?s=96&d=mm&r=g\",\"url\":\"https:\\\/\\\/secure.gravatar.com\\\/avatar\\\/b6992f131dc8d30ab0dff15446e9d346d9dbd95992de0fef795073f5ea83a81c?s=96&d=mm&r=g\",\"contentUrl\":\"https:\\\/\\\/secure.gravatar.com\\\/avatar\\\/b6992f131dc8d30ab0dff15446e9d346d9dbd95992de0fef795073f5ea83a81c?s=96&d=mm&r=g\",\"caption\":\"La Gu\u00eda de Pamplona\"}}]}<\/script>\n<!-- \/ Yoast SEO plugin. -->","yoast_head_json":{"title":"El 21 de septiembre finaliza el plazo de presentaci\u00f3n de solicitudes para la convocatoria municipal de ayudas al deporte aficionado","description":"El Ayuntamiento de Pamplona repartir\u00e1 150.000 euros entre las entidades que acojan a deportistas federados nacidos a partir de los 6 a\u00f1os","robots":{"index":"index","follow":"follow","max-snippet":"max-snippet:-1","max-image-preview":"max-image-preview:large","max-video-preview":"max-video-preview:-1"},"canonical":"https:\/\/www.laguiadepamplona.com\/actualidad\/el-21-de-septiembre-finaliza-el-plazo-de-presentacion-de-solicitudes-para-la-convocatoria-municipal-de-ayudas-al-deporte-aficionado\/","og_locale":"es_ES","og_type":"article","og_title":"El 21 de septiembre finaliza el plazo de presentaci\u00f3n de solicitudes para la convocatoria municipal de ayudas al deporte aficionado","og_description":"El Ayuntamiento de Pamplona repartir\u00e1 150.000 euros entre las entidades que acojan a deportistas federados nacidos a partir de los 6 a\u00f1os","og_url":"https:\/\/www.laguiadepamplona.com\/actualidad\/el-21-de-septiembre-finaliza-el-plazo-de-presentacion-de-solicitudes-para-la-convocatoria-municipal-de-ayudas-al-deporte-aficionado\/","og_site_name":"La Gu\u00eda de Pamplona","article_publisher":"https:\/\/www.facebook.com\/laguiadepamplonacom-133175176762273\/?ref=hl","article_published_time":"2022-08-24T11:04:45+00:00","article_modified_time":"2023-04-11T09:47:52+00:00","og_image":[{"width":1920,"height":1280,"url":"https:\/\/www.laguiadepamplona.com\/actualidad\/wp-content\/uploads\/2022\/07\/NATACION_1.webp","type":"image\/webp"}],"author":"La Gu\u00eda de Pamplona","twitter_card":"summary_large_image","twitter_creator":"@LaGuiadPamplona","twitter_site":"@LaGuiadPamplona","twitter_misc":{"Escrito por":"La Gu\u00eda de Pamplona","Tiempo de lectura":"4 minutos"},"schema":{"@context":"https:\/\/schema.org","@graph":[{"@type":"Article","@id":"https:\/\/www.laguiadepamplona.com\/actualidad\/el-21-de-septiembre-finaliza-el-plazo-de-presentacion-de-solicitudes-para-la-convocatoria-municipal-de-ayudas-al-deporte-aficionado\/#article","isPartOf":{"@id":"https:\/\/www.laguiadepamplona.com\/actualidad\/el-21-de-septiembre-finaliza-el-plazo-de-presentacion-de-solicitudes-para-la-convocatoria-municipal-de-ayudas-al-deporte-aficionado\/"},"author":{"name":"La Gu\u00eda de Pamplona","@id":"https:\/\/www.laguiadepamplona.com\/actualidad\/#\/schema\/person\/efe887376f0213d4657c93adc50b1fdb"},"headline":"El 21 de septiembre finaliza el plazo de presentaci\u00f3n de solicitudes para la convocatoria municipal de ayudas al deporte aficionado","datePublished":"2022-08-24T11:04:45+00:00","dateModified":"2023-04-11T09:47:52+00:00","mainEntityOfPage":{"@id":"https:\/\/www.laguiadepamplona.com\/actualidad\/el-21-de-septiembre-finaliza-el-plazo-de-presentacion-de-solicitudes-para-la-convocatoria-municipal-de-ayudas-al-deporte-aficionado\/"},"wordCount":941,"commentCount":0,"publisher":{"@id":"https:\/\/www.laguiadepamplona.com\/actualidad\/#organization"},"image":{"@id":"https:\/\/www.laguiadepamplona.com\/actualidad\/el-21-de-septiembre-finaliza-el-plazo-de-presentacion-de-solicitudes-para-la-convocatoria-municipal-de-ayudas-al-deporte-aficionado\/#primaryimage"},"thumbnailUrl":"https:\/\/www.laguiadepamplona.com\/actualidad\/wp-content\/uploads\/2022\/07\/NATACION_1.webp","articleSection":["Ayto Pamplona"],"inLanguage":"es","potentialAction":[{"@type":"CommentAction","name":"Comment","target":["https:\/\/www.laguiadepamplona.com\/actualidad\/el-21-de-septiembre-finaliza-el-plazo-de-presentacion-de-solicitudes-para-la-convocatoria-municipal-de-ayudas-al-deporte-aficionado\/#respond"]}]},{"@type":"WebPage","@id":"https:\/\/www.laguiadepamplona.com\/actualidad\/el-21-de-septiembre-finaliza-el-plazo-de-presentacion-de-solicitudes-para-la-convocatoria-municipal-de-ayudas-al-deporte-aficionado\/","url":"https:\/\/www.laguiadepamplona.com\/actualidad\/el-21-de-septiembre-finaliza-el-plazo-de-presentacion-de-solicitudes-para-la-convocatoria-municipal-de-ayudas-al-deporte-aficionado\/","name":"El 21 de septiembre finaliza el plazo de presentaci\u00f3n de solicitudes para la convocatoria municipal de ayudas al deporte aficionado","isPartOf":{"@id":"https:\/\/www.laguiadepamplona.com\/actualidad\/#website"},"primaryImageOfPage":{"@id":"https:\/\/www.laguiadepamplona.com\/actualidad\/el-21-de-septiembre-finaliza-el-plazo-de-presentacion-de-solicitudes-para-la-convocatoria-municipal-de-ayudas-al-deporte-aficionado\/#primaryimage"},"image":{"@id":"https:\/\/www.laguiadepamplona.com\/actualidad\/el-21-de-septiembre-finaliza-el-plazo-de-presentacion-de-solicitudes-para-la-convocatoria-municipal-de-ayudas-al-deporte-aficionado\/#primaryimage"},"thumbnailUrl":"https:\/\/www.laguiadepamplona.com\/actualidad\/wp-content\/uploads\/2022\/07\/NATACION_1.webp","datePublished":"2022-08-24T11:04:45+00:00","dateModified":"2023-04-11T09:47:52+00:00","description":"El Ayuntamiento de Pamplona repartir\u00e1 150.000 euros entre las entidades que acojan a deportistas federados nacidos a partir de los 6 a\u00f1os","breadcrumb":{"@id":"https:\/\/www.laguiadepamplona.com\/actualidad\/el-21-de-septiembre-finaliza-el-plazo-de-presentacion-de-solicitudes-para-la-convocatoria-municipal-de-ayudas-al-deporte-aficionado\/#breadcrumb"},"inLanguage":"es","potentialAction":[{"@type":"ReadAction","target":["https:\/\/www.laguiadepamplona.com\/actualidad\/el-21-de-septiembre-finaliza-el-plazo-de-presentacion-de-solicitudes-para-la-convocatoria-municipal-de-ayudas-al-deporte-aficionado\/"]}]},{"@type":"ImageObject","inLanguage":"es","@id":"https:\/\/www.laguiadepamplona.com\/actualidad\/el-21-de-septiembre-finaliza-el-plazo-de-presentacion-de-solicitudes-para-la-convocatoria-municipal-de-ayudas-al-deporte-aficionado\/#primaryimage","url":"https:\/\/www.laguiadepamplona.com\/actualidad\/wp-content\/uploads\/2022\/07\/NATACION_1.webp","contentUrl":"https:\/\/www.laguiadepamplona.com\/actualidad\/wp-content\/uploads\/2022\/07\/NATACION_1.webp","width":1920,"height":1280},{"@type":"BreadcrumbList","@id":"https:\/\/www.laguiadepamplona.com\/actualidad\/el-21-de-septiembre-finaliza-el-plazo-de-presentacion-de-solicitudes-para-la-convocatoria-municipal-de-ayudas-al-deporte-aficionado\/#breadcrumb","itemListElement":[{"@type":"ListItem","position":1,"name":"Portada","item":"https:\/\/www.laguiadepamplona.com\/actualidad\/"},{"@type":"ListItem","position":2,"name":"El 21 de septiembre finaliza el plazo de presentaci\u00f3n de solicitudes para la convocatoria municipal de ayudas al deporte aficionado"}]},{"@type":"WebSite","@id":"https:\/\/www.laguiadepamplona.com\/actualidad\/#website","url":"https:\/\/www.laguiadepamplona.com\/actualidad\/","name":"La gu\u00eda de Pamplona","description":"Noticias de Pamplona","publisher":{"@id":"https:\/\/www.laguiadepamplona.com\/actualidad\/#organization"},"potentialAction":[{"@type":"SearchAction","target":{"@type":"EntryPoint","urlTemplate":"https:\/\/www.laguiadepamplona.com\/actualidad\/?s={search_term_string}"},"query-input":{"@type":"PropertyValueSpecification","valueRequired":true,"valueName":"search_term_string"}}],"inLanguage":"es"},{"@type":"Organization","@id":"https:\/\/www.laguiadepamplona.com\/actualidad\/#organization","name":"La Gu\u00eda de Pamplona \/ Noticias","url":"https:\/\/www.laguiadepamplona.com\/actualidad\/","logo":{"@type":"ImageObject","inLanguage":"es","@id":"https:\/\/www.laguiadepamplona.com\/actualidad\/#\/schema\/logo\/image\/","url":"https:\/\/www.laguiadepamplona.com\/actualidad\/wp-content\/uploads\/2018\/11\/logo-laguiadepamplona18-web1.png","contentUrl":"https:\/\/www.laguiadepamplona.com\/actualidad\/wp-content\/uploads\/2018\/11\/logo-laguiadepamplona18-web1.png","width":600,"height":196,"caption":"La Gu\u00eda de Pamplona \/ Noticias"},"image":{"@id":"https:\/\/www.laguiadepamplona.com\/actualidad\/#\/schema\/logo\/image\/"},"sameAs":["https:\/\/www.facebook.com\/laguiadepamplonacom-133175176762273\/?ref=hl","https:\/\/x.com\/LaGuiadPamplona","https:\/\/www.instagram.com\/la_guia_de_pamplona\/","https:\/\/www.youtube.com\/user\/laguiadepamplona"]},{"@type":"Person","@id":"https:\/\/www.laguiadepamplona.com\/actualidad\/#\/schema\/person\/efe887376f0213d4657c93adc50b1fdb","name":"La Gu\u00eda de Pamplona","image":{"@type":"ImageObject","inLanguage":"es","@id":"https:\/\/secure.gravatar.com\/avatar\/b6992f131dc8d30ab0dff15446e9d346d9dbd95992de0fef795073f5ea83a81c?s=96&d=mm&r=g","url":"https:\/\/secure.gravatar.com\/avatar\/b6992f131dc8d30ab0dff15446e9d346d9dbd95992de0fef795073f5ea83a81c?s=96&d=mm&r=g","contentUrl":"https:\/\/secure.gravatar.com\/avatar\/b6992f131dc8d30ab0dff15446e9d346d9dbd95992de0fef795073f5ea83a81c?s=96&d=mm&r=g","caption":"La Gu\u00eda de Pamplona"}}]}},"post_mailing_queue_ids":[],"_links":{"self":[{"href":"https:\/\/www.laguiadepamplona.com\/actualidad\/wp-json\/wp\/v2\/posts\/41376","targetHints":{"allow":["GET"]}}],"collection":[{"href":"https:\/\/www.laguiadepamplona.com\/actualidad\/wp-json\/wp\/v2\/posts"}],"about":[{"href":"https:\/\/www.laguiadepamplona.com\/actualidad\/wp-json\/wp\/v2\/types\/post"}],"author":[{"embeddable":true,"href":"https:\/\/www.laguiadepamplona.com\/actualidad\/wp-json\/wp\/v2\/users\/1"}],"replies":[{"embeddable":true,"href":"https:\/\/www.laguiadepamplona.com\/actualidad\/wp-json\/wp\/v2\/comments?post=41376"}],"version-history":[{"count":0,"href":"https:\/\/www.laguiadepamplona.com\/actualidad\/wp-json\/wp\/v2\/posts\/41376\/revisions"}],"wp:featuredmedia":[{"embeddable":true,"href":"https:\/\/www.laguiadepamplona.com\/actualidad\/wp-json\/wp\/v2\/media\/41126"}],"wp:attachment":[{"href":"https:\/\/www.laguiadepamplona.com\/actualidad\/wp-json\/wp\/v2\/media?parent=41376"}],"wp:term":[{"taxonomy":"category","embeddable":true,"href":"https:\/\/www.laguiadepamplona.com\/actualidad\/wp-json\/wp\/v2\/categories?post=41376"},{"taxonomy":"post_tag","embeddable":true,"href":"https:\/\/www.laguiadepamplona.com\/actualidad\/wp-json\/wp\/v2\/tags?post=41376"}],"curies":[{"name":"wp","href":"https:\/\/api.w.org\/{rel}","templated":true}]}}