{"id":41371,"date":"2022-08-23T18:20:26","date_gmt":"2022-08-23T16:20:26","guid":{"rendered":"https:\/\/www.laguiadepamplona.com\/actualidad\/?p=41371"},"modified":"2023-04-11T11:47:52","modified_gmt":"2023-04-11T09:47:52","slug":"convocadas-las-ayudas-dirigidas-a-asociaciones-de-comerciantes-de-pamplona-para-financiar-actuaciones-de-fomento-dinamizacion-y-promocion-comercial","status":"publish","type":"post","link":"https:\/\/www.laguiadepamplona.com\/actualidad\/convocadas-las-ayudas-dirigidas-a-asociaciones-de-comerciantes-de-pamplona-para-financiar-actuaciones-de-fomento-dinamizacion-y-promocion-comercial\/","title":{"rendered":"Convocadas las ayudas dirigidas a asociaciones de comerciantes de Pamplona para financiar actuaciones de fomento, dinamizaci\u00f3n y promoci\u00f3n comercial"},"content":{"rendered":"<h5>La convocatoria est\u00e1 dotada con 200.000 euros y se pueden presentar solicitudes hasta el 19 de septiembre<\/h5>\n<p><!--more--><\/p>\n<p>El Ayuntamiento de Pamplona repartir\u00e1 200.000 euros entre las asociaciones de comerciantes de la ciudad para subvencionar el dise\u00f1o, desarrollo y seguimiento de actividades de fomento del sector comercial y actividades de dinamizaci\u00f3n y promoci\u00f3n comercial durante el periodo comprendido entre el 1 de noviembre del a\u00f1o 2021 y el 15 de octubre del a\u00f1o 2022. La convocatoria de ayudas est\u00e1 ya abierta y publicada en el Bolet\u00edn Oficial de Navarra. Las solicitudes se pueden registrar hasta el 19 de septiembre.<\/p>\n<p>Se subvencionar\u00e1n acciones de Animaci\u00f3n y Dinamizaci\u00f3n, acciones de Promoci\u00f3n y Comunicaci\u00f3n, acciones de Fomento Empresarial y Asociacionismo Comercial y acciones de Urbanismo Comercial. La finalidad de esta convocatoria es el apoyo al sector del comercio minorista de Pamplona y el fomento del asociacionismo comercial, tal y como recogen los objetivos estrat\u00e9gicos de la Agenda Urbana Pamplona\u2013Estrategia 2030. Las asociaciones de comerciantes de la ciudad han sido agentes activos en el proceso de dise\u00f1o y aprobaci\u00f3n de la Estrategia 2030 Agenda Urbana y forman parte del Comit\u00e9 2030, \u00f3rgano de representaci\u00f3n de agentes privados y p\u00fablicos de la ciudad. Las solicitudes se deber\u00e1n presentar de forma telem\u00e1tica a trav\u00e9s del tr\u00e1mite \u2018<a href=\"https:\/\/sedeelectronica.pamplona.es\/FichaTramite.aspx?id=229967TA&amp;idioma=1\" target=\"_blank\" rel=\"noopener\">Solicitud electr\u00f3nica de subvenciones para personas jur\u00eddicas<\/a>\u2019 en la Sede Electr\u00f3nica municipal.<\/p>\n<p>La percepci\u00f3n de esta subvenci\u00f3n municipal es compatible con la percepci\u00f3n de otras subvenciones, ayudas, ingresos o recursos para la misma finalidad, procedentes de cualesquiera administraci\u00f3n, entidad o persona. Sin embargo, las actuaciones subvencionadas conforme a la convocatoria de fomento y gesti\u00f3n de colectivos comerciales minoristas de 2022, aprobada en Resoluci\u00f3n 109E\/2022, de 26 de julio, por la Direcci\u00f3n General de Turismo, Comercio y Consumo (BON N\u00ba 87 de 5 de mayo de 2022) del Gobierno de Navarra, no podr\u00e1n ser objeto de subvenci\u00f3n en esta convocatoria, dado que son incompatibles con la percepci\u00f3n de cualquier otra subvenci\u00f3n<br \/>\n<script async src=\"\/\/pagead2.googlesyndication.com\/pagead\/js\/adsbygoogle.js\"><\/script><br \/>\n<!-- Noticias La Guia de Pamplona --><br \/>\n<ins class=\"adsbygoogle\"\nstyle=\"display:block\"\ndata-ad-client=\"ca-pub-6943679897239327\"\ndata-ad-slot=\"7048180777\"\ndata-ad-format=\"auto\"><\/ins><br \/>\n<script>\n(adsbygoogle = window.adsbygoogle || []).push({});\n<\/script><\/p>\n<p><strong>Sobre las acciones subvencionables<\/strong><\/p>\n<p>Las acciones de Animaci\u00f3n y Dinamizaci\u00f3n de Proyectos incluyen actuaciones que tengan como finalidad generar un ambiente ameno y atractivo, de manera que se incentiven las visitas por motivo de compras a las distintas zonas comerciales de la ciudad por parte de clientes potenciales y actuales. Pueden ser actuaciones como ambientaci\u00f3n musical y otras actividades art\u00edsticas de animaci\u00f3n callejera; actividades de ocio infantil y juvenil o familiar; actividades divulgativas y formativas orientadas a mejorar h\u00e1bitos y comportamientos sociales que beneficien al comercio o a la sociedad en su conjunto o actividades gastron\u00f3micas, de demostraci\u00f3n y \/o de degustaci\u00f3n de alimentos, entre otras.<\/p>\n<p>Las acciones de Promoci\u00f3n y Comunicaci\u00f3n son actuaciones para captar, incrementar y fidelizar clientes para las zonas comerciales y retener e incrementar su gasto comercial en negocios locales y, por ende, incrementar ventas de los comercios de la zona de actuaci\u00f3n. Se integran en este grupo actuaciones orientadas a mejorar la imagen del comercio y de las zonas comerciales, acciones de sensibilizaci\u00f3n y de comunicaci\u00f3n relacionadas con el \u00e1mbito de actuaci\u00f3n de la asociaci\u00f3n sea zonal o sectorial. Deber\u00e1n tratarse de acciones comunes y globales para el conjunto de comercios asociados a la entidad solicitante, no acept\u00e1ndose promociones o campa\u00f1as de comercios a t\u00edtulo individual.<\/p>\n<p>En las acciones de Fomento Empresarial y Asociacionismo Comercial se enmarcan las actuaciones que refuerzan y consolidan el tejido empresarial del sector del comercio minorista, hosteler\u00eda y servicios a la persona de los distintos barrios de la ciudad. Son actuaciones que, impulsadas por las asociaciones, ya sea con el trabajo desarrollado con medios propios o subcontratando servicios, contribuyan a la mejora de la competitividad y a la supervivencia de los negocios locales de su \u00e1mbito de actuaci\u00f3n. Asimismo, se incluyen acciones que se desarrollen en colaboraci\u00f3n con otras asociaciones o entidades representativas que contribuyan a la mejora del sector comercial y a la mejora de la diversidad y calidad de los servicios de esa zona.<\/p>\n<p>Las acciones de Urbanismo Comercial acogen proyectos y actuaciones que busquen la mejora del espacio urbano de las \u00e1reas comerciales tanto en sentido est\u00e9tico (embellecimiento) como en cuanto a conveniencia (accesibilidad y movilidad). Entre otras, se mencionan en las bases acciones para reducir el n\u00famero de locales vac\u00edos en las zonas comerciales; actuaciones de mejora de la imagen de locales vac\u00edos o deteriorados en zonas comerciales; acciones orientadas a la mejora del \u2018mix\u2019 o de la oferta comercial de la zona; actuaciones de decoraci\u00f3n navide\u00f1a en la zona comercial; o acciones de se\u00f1al\u00e9tica comercial.<br \/>\n<script async src=\"\/\/pagead2.googlesyndication.com\/pagead\/js\/adsbygoogle.js\"><\/script><br \/>\n<!-- Noticias La Guia de Pamplona --><br \/>\n<ins class=\"adsbygoogle\"\nstyle=\"display:block\"\ndata-ad-client=\"ca-pub-6943679897239327\"\ndata-ad-slot=\"7048180777\"\ndata-ad-format=\"auto\"><\/ins><br \/>\n<script>\n(adsbygoogle = window.adsbygoogle || []).push({});\n<\/script><\/p>\n<p><strong>Entidades beneficiarias<\/strong><\/p>\n<p>Podr\u00e1n acogerse a esta convocatoria las asociaciones de comerciantes legalmente constituidas en la fecha de presentaci\u00f3n de la solicitud, con domicilio social y fiscal en Pamplona y que est\u00e9n al corriente en el cumplimiento de sus obligaciones fiscales y de Seguridad Social. La subvenci\u00f3n m\u00e1xima por proyecto ser\u00e1 de 30.000 euros<\/p>\n<p>En el caso de asociaciones zonales, deber\u00e1n contar con un m\u00ednimo de 20 comercios minoristas asociados en el t\u00e9rmino municipal de Pamplona, en el momento de la solicitud. En el que caso de contar con una cifra menor, podr\u00e1n ser beneficiarias las organizaciones que cuenten con una cifra de comercios minoristas asociados que suponga al menos un 20% de las actividades de comercio al por menor activas en el barrio o calle que suponga su \u00e1mbito de actuaci\u00f3n seg\u00fan sus estatutos. En el caso de asociaciones gremiales, deber\u00e1n tener una representaci\u00f3n significativa de comercios minoristas asociados de Pamplona. Por significativa se entender\u00e1 que los asociados con establecimiento en Pamplona representen al menos un 25% del total de su base de asociados.<br \/>\n<script async src=\"\/\/pagead2.googlesyndication.com\/pagead\/js\/adsbygoogle.js\"><\/script><br \/>\n<!-- Noticias La Guia de Pamplona --><br \/>\n<ins class=\"adsbygoogle\"\nstyle=\"display:block\"\ndata-ad-client=\"ca-pub-6943679897239327\"\ndata-ad-slot=\"7048180777\"\ndata-ad-format=\"auto\"><\/ins><br \/>\n<script>\n(adsbygoogle = window.adsbygoogle || []).push({});\n<\/script><\/p>\n<p><strong>Gastos subvencionables<\/strong><\/p>\n<p>Espec\u00edficamente, a los efectos de esta convocatoria, se considerar\u00e1n gastos subvencionables los gastos indirectos, administrativos y de funcionamiento de la entidad, as\u00ed como los gastos directos asociados a las actividades o proyectos presentados. En relaci\u00f3n a los gastos indirectos, por cada actividad o proyecto se podr\u00e1 imputar hasta un m\u00e1ximo del 15% del gasto total justificado. Podr\u00e1n ser referidos a gastos de personal t\u00e9cnico de la entidad, gastos de alquiler de la sede de la entidad, gastos de suministros (luz, agua, gas&#8230;) y servicios de telefon\u00eda o internet, o gastos generales diversos (seguros).<\/p>\n<p>Podr\u00e1n imputarse tambi\u00e9n los gastos que sean necesarios para el correcto desarrollo de la actividad o proyecto y que puedan vincularse directamente con esta actividad, siempre y cuando no conlleven un beneficio directo e inmediato a las personas integrantes de la asociaci\u00f3n por formar parte de su actividad propia. Se entienden como gastos de este tipo los gastos imprescindibles de organizaci\u00f3n directamente relacionados con la actividad o proyecto; los gastos de servicios diversos de animaci\u00f3n y dinamizaci\u00f3n; la asistencia t\u00e9cnica externa de organizaci\u00f3n y coordinaci\u00f3n, asesoramiento, consultor\u00eda y formaci\u00f3n; la asistencia t\u00e9cnica externa de servicios diversos necesarios para el dise\u00f1o o desarrollo de la actividad; gastos de inserciones publicitarias on y off line y otros gastos de comunicaci\u00f3n; gastos de premios de concursos o sorteos con un tope m\u00e1ximo del 20% del total de la campa\u00f1a; o gastos de transporte, alojamiento y manutenci\u00f3n cuando se muestren necesarios para el desarrollo de la actividad, entre otros.<\/p>\n","protected":false},"excerpt":{"rendered":"<p>La convocatoria est\u00e1 dotada con 200.000 euros y se pueden presentar solicitudes hasta el 19 de septiembre<\/p>\n","protected":false},"author":1,"featured_media":40540,"comment_status":"open","ping_status":"closed","sticky":false,"template":"","format":"standard","meta":{"footnotes":""},"categories":[2],"tags":[],"class_list":["post-41371","post","type-post","status-publish","format-standard","has-post-thumbnail","hentry","category-ayuntamiento-pamplona"],"yoast_head":"<!-- This site is optimized with the Yoast SEO plugin v27.5 - https:\/\/yoast.com\/product\/yoast-seo-wordpress\/ -->\n<title>Convocadas las ayudas dirigidas a asociaciones de comerciantes de Pamplona para financiar actuaciones de fomento, dinamizaci\u00f3n y promoci\u00f3n comercial<\/title>\n<meta name=\"description\" content=\"La convocatoria est\u00e1 dotada con 200.000 euros y se pueden presentar solicitudes hasta el 19 de septiembre\" \/>\n<meta name=\"robots\" content=\"index, follow, max-snippet:-1, max-image-preview:large, max-video-preview:-1\" \/>\n<link rel=\"canonical\" href=\"https:\/\/www.laguiadepamplona.com\/actualidad\/convocadas-las-ayudas-dirigidas-a-asociaciones-de-comerciantes-de-pamplona-para-financiar-actuaciones-de-fomento-dinamizacion-y-promocion-comercial\/\" \/>\n<meta property=\"og:locale\" content=\"es_ES\" \/>\n<meta property=\"og:type\" content=\"article\" \/>\n<meta property=\"og:title\" content=\"Convocadas las ayudas dirigidas a asociaciones de comerciantes de Pamplona para financiar actuaciones de fomento, dinamizaci\u00f3n y promoci\u00f3n comercial\" \/>\n<meta property=\"og:description\" content=\"La convocatoria est\u00e1 dotada con 200.000 euros y se pueden presentar solicitudes hasta el 19 de septiembre\" \/>\n<meta property=\"og:url\" content=\"https:\/\/www.laguiadepamplona.com\/actualidad\/convocadas-las-ayudas-dirigidas-a-asociaciones-de-comerciantes-de-pamplona-para-financiar-actuaciones-de-fomento-dinamizacion-y-promocion-comercial\/\" \/>\n<meta property=\"og:site_name\" content=\"La Gu\u00eda de Pamplona\" \/>\n<meta property=\"article:publisher\" content=\"https:\/\/www.facebook.com\/laguiadepamplonacom-133175176762273\/?ref=hl\" \/>\n<meta property=\"article:published_time\" content=\"2022-08-23T16:20:26+00:00\" \/>\n<meta property=\"article:modified_time\" content=\"2023-04-11T09:47:52+00:00\" \/>\n<meta property=\"og:image\" content=\"https:\/\/www.laguiadepamplona.com\/actualidad\/wp-content\/uploads\/2022\/05\/comercio-hace-ciudad.webp\" \/>\n\t<meta property=\"og:image:width\" content=\"2362\" \/>\n\t<meta property=\"og:image:height\" content=\"1535\" \/>\n\t<meta property=\"og:image:type\" content=\"image\/webp\" \/>\n<meta name=\"author\" content=\"La Gu\u00eda de Pamplona\" \/>\n<meta name=\"twitter:card\" content=\"summary_large_image\" \/>\n<meta name=\"twitter:creator\" content=\"@LaGuiadPamplona\" \/>\n<meta name=\"twitter:site\" content=\"@LaGuiadPamplona\" \/>\n<meta name=\"twitter:label1\" content=\"Escrito por\" \/>\n\t<meta name=\"twitter:data1\" content=\"La Gu\u00eda de Pamplona\" \/>\n\t<meta name=\"twitter:label2\" content=\"Tiempo de lectura\" \/>\n\t<meta name=\"twitter:data2\" content=\"6 minutos\" \/>\n<script type=\"application\/ld+json\" class=\"yoast-schema-graph\">{\"@context\":\"https:\\\/\\\/schema.org\",\"@graph\":[{\"@type\":\"Article\",\"@id\":\"https:\\\/\\\/www.laguiadepamplona.com\\\/actualidad\\\/convocadas-las-ayudas-dirigidas-a-asociaciones-de-comerciantes-de-pamplona-para-financiar-actuaciones-de-fomento-dinamizacion-y-promocion-comercial\\\/#article\",\"isPartOf\":{\"@id\":\"https:\\\/\\\/www.laguiadepamplona.com\\\/actualidad\\\/convocadas-las-ayudas-dirigidas-a-asociaciones-de-comerciantes-de-pamplona-para-financiar-actuaciones-de-fomento-dinamizacion-y-promocion-comercial\\\/\"},\"author\":{\"name\":\"La Gu\u00eda de Pamplona\",\"@id\":\"https:\\\/\\\/www.laguiadepamplona.com\\\/actualidad\\\/#\\\/schema\\\/person\\\/efe887376f0213d4657c93adc50b1fdb\"},\"headline\":\"Convocadas las ayudas dirigidas a asociaciones de comerciantes de Pamplona para financiar actuaciones de fomento, dinamizaci\u00f3n y promoci\u00f3n comercial\",\"datePublished\":\"2022-08-23T16:20:26+00:00\",\"dateModified\":\"2023-04-11T09:47:52+00:00\",\"mainEntityOfPage\":{\"@id\":\"https:\\\/\\\/www.laguiadepamplona.com\\\/actualidad\\\/convocadas-las-ayudas-dirigidas-a-asociaciones-de-comerciantes-de-pamplona-para-financiar-actuaciones-de-fomento-dinamizacion-y-promocion-comercial\\\/\"},\"wordCount\":1265,\"commentCount\":0,\"publisher\":{\"@id\":\"https:\\\/\\\/www.laguiadepamplona.com\\\/actualidad\\\/#organization\"},\"image\":{\"@id\":\"https:\\\/\\\/www.laguiadepamplona.com\\\/actualidad\\\/convocadas-las-ayudas-dirigidas-a-asociaciones-de-comerciantes-de-pamplona-para-financiar-actuaciones-de-fomento-dinamizacion-y-promocion-comercial\\\/#primaryimage\"},\"thumbnailUrl\":\"https:\\\/\\\/www.laguiadepamplona.com\\\/actualidad\\\/wp-content\\\/uploads\\\/2022\\\/05\\\/comercio-hace-ciudad.webp\",\"articleSection\":[\"Ayto Pamplona\"],\"inLanguage\":\"es\",\"potentialAction\":[{\"@type\":\"CommentAction\",\"name\":\"Comment\",\"target\":[\"https:\\\/\\\/www.laguiadepamplona.com\\\/actualidad\\\/convocadas-las-ayudas-dirigidas-a-asociaciones-de-comerciantes-de-pamplona-para-financiar-actuaciones-de-fomento-dinamizacion-y-promocion-comercial\\\/#respond\"]}]},{\"@type\":\"WebPage\",\"@id\":\"https:\\\/\\\/www.laguiadepamplona.com\\\/actualidad\\\/convocadas-las-ayudas-dirigidas-a-asociaciones-de-comerciantes-de-pamplona-para-financiar-actuaciones-de-fomento-dinamizacion-y-promocion-comercial\\\/\",\"url\":\"https:\\\/\\\/www.laguiadepamplona.com\\\/actualidad\\\/convocadas-las-ayudas-dirigidas-a-asociaciones-de-comerciantes-de-pamplona-para-financiar-actuaciones-de-fomento-dinamizacion-y-promocion-comercial\\\/\",\"name\":\"Convocadas las ayudas dirigidas a asociaciones de comerciantes de Pamplona para financiar actuaciones de fomento, dinamizaci\u00f3n y promoci\u00f3n comercial\",\"isPartOf\":{\"@id\":\"https:\\\/\\\/www.laguiadepamplona.com\\\/actualidad\\\/#website\"},\"primaryImageOfPage\":{\"@id\":\"https:\\\/\\\/www.laguiadepamplona.com\\\/actualidad\\\/convocadas-las-ayudas-dirigidas-a-asociaciones-de-comerciantes-de-pamplona-para-financiar-actuaciones-de-fomento-dinamizacion-y-promocion-comercial\\\/#primaryimage\"},\"image\":{\"@id\":\"https:\\\/\\\/www.laguiadepamplona.com\\\/actualidad\\\/convocadas-las-ayudas-dirigidas-a-asociaciones-de-comerciantes-de-pamplona-para-financiar-actuaciones-de-fomento-dinamizacion-y-promocion-comercial\\\/#primaryimage\"},\"thumbnailUrl\":\"https:\\\/\\\/www.laguiadepamplona.com\\\/actualidad\\\/wp-content\\\/uploads\\\/2022\\\/05\\\/comercio-hace-ciudad.webp\",\"datePublished\":\"2022-08-23T16:20:26+00:00\",\"dateModified\":\"2023-04-11T09:47:52+00:00\",\"description\":\"La convocatoria est\u00e1 dotada con 200.000 euros y se pueden presentar solicitudes hasta el 19 de septiembre\",\"breadcrumb\":{\"@id\":\"https:\\\/\\\/www.laguiadepamplona.com\\\/actualidad\\\/convocadas-las-ayudas-dirigidas-a-asociaciones-de-comerciantes-de-pamplona-para-financiar-actuaciones-de-fomento-dinamizacion-y-promocion-comercial\\\/#breadcrumb\"},\"inLanguage\":\"es\",\"potentialAction\":[{\"@type\":\"ReadAction\",\"target\":[\"https:\\\/\\\/www.laguiadepamplona.com\\\/actualidad\\\/convocadas-las-ayudas-dirigidas-a-asociaciones-de-comerciantes-de-pamplona-para-financiar-actuaciones-de-fomento-dinamizacion-y-promocion-comercial\\\/\"]}]},{\"@type\":\"ImageObject\",\"inLanguage\":\"es\",\"@id\":\"https:\\\/\\\/www.laguiadepamplona.com\\\/actualidad\\\/convocadas-las-ayudas-dirigidas-a-asociaciones-de-comerciantes-de-pamplona-para-financiar-actuaciones-de-fomento-dinamizacion-y-promocion-comercial\\\/#primaryimage\",\"url\":\"https:\\\/\\\/www.laguiadepamplona.com\\\/actualidad\\\/wp-content\\\/uploads\\\/2022\\\/05\\\/comercio-hace-ciudad.webp\",\"contentUrl\":\"https:\\\/\\\/www.laguiadepamplona.com\\\/actualidad\\\/wp-content\\\/uploads\\\/2022\\\/05\\\/comercio-hace-ciudad.webp\",\"width\":2362,\"height\":1535},{\"@type\":\"BreadcrumbList\",\"@id\":\"https:\\\/\\\/www.laguiadepamplona.com\\\/actualidad\\\/convocadas-las-ayudas-dirigidas-a-asociaciones-de-comerciantes-de-pamplona-para-financiar-actuaciones-de-fomento-dinamizacion-y-promocion-comercial\\\/#breadcrumb\",\"itemListElement\":[{\"@type\":\"ListItem\",\"position\":1,\"name\":\"Portada\",\"item\":\"https:\\\/\\\/www.laguiadepamplona.com\\\/actualidad\\\/\"},{\"@type\":\"ListItem\",\"position\":2,\"name\":\"Convocadas las ayudas dirigidas a asociaciones de comerciantes de Pamplona para financiar actuaciones de fomento, dinamizaci\u00f3n y promoci\u00f3n comercial\"}]},{\"@type\":\"WebSite\",\"@id\":\"https:\\\/\\\/www.laguiadepamplona.com\\\/actualidad\\\/#website\",\"url\":\"https:\\\/\\\/www.laguiadepamplona.com\\\/actualidad\\\/\",\"name\":\"La gu\u00eda de Pamplona\",\"description\":\"Noticias de Pamplona\",\"publisher\":{\"@id\":\"https:\\\/\\\/www.laguiadepamplona.com\\\/actualidad\\\/#organization\"},\"potentialAction\":[{\"@type\":\"SearchAction\",\"target\":{\"@type\":\"EntryPoint\",\"urlTemplate\":\"https:\\\/\\\/www.laguiadepamplona.com\\\/actualidad\\\/?s={search_term_string}\"},\"query-input\":{\"@type\":\"PropertyValueSpecification\",\"valueRequired\":true,\"valueName\":\"search_term_string\"}}],\"inLanguage\":\"es\"},{\"@type\":\"Organization\",\"@id\":\"https:\\\/\\\/www.laguiadepamplona.com\\\/actualidad\\\/#organization\",\"name\":\"La Gu\u00eda de Pamplona \\\/ Noticias\",\"url\":\"https:\\\/\\\/www.laguiadepamplona.com\\\/actualidad\\\/\",\"logo\":{\"@type\":\"ImageObject\",\"inLanguage\":\"es\",\"@id\":\"https:\\\/\\\/www.laguiadepamplona.com\\\/actualidad\\\/#\\\/schema\\\/logo\\\/image\\\/\",\"url\":\"https:\\\/\\\/www.laguiadepamplona.com\\\/actualidad\\\/wp-content\\\/uploads\\\/2018\\\/11\\\/logo-laguiadepamplona18-web1.png\",\"contentUrl\":\"https:\\\/\\\/www.laguiadepamplona.com\\\/actualidad\\\/wp-content\\\/uploads\\\/2018\\\/11\\\/logo-laguiadepamplona18-web1.png\",\"width\":600,\"height\":196,\"caption\":\"La Gu\u00eda de Pamplona \\\/ Noticias\"},\"image\":{\"@id\":\"https:\\\/\\\/www.laguiadepamplona.com\\\/actualidad\\\/#\\\/schema\\\/logo\\\/image\\\/\"},\"sameAs\":[\"https:\\\/\\\/www.facebook.com\\\/laguiadepamplonacom-133175176762273\\\/?ref=hl\",\"https:\\\/\\\/x.com\\\/LaGuiadPamplona\",\"https:\\\/\\\/www.instagram.com\\\/la_guia_de_pamplona\\\/\",\"https:\\\/\\\/www.youtube.com\\\/user\\\/laguiadepamplona\"]},{\"@type\":\"Person\",\"@id\":\"https:\\\/\\\/www.laguiadepamplona.com\\\/actualidad\\\/#\\\/schema\\\/person\\\/efe887376f0213d4657c93adc50b1fdb\",\"name\":\"La Gu\u00eda de Pamplona\",\"image\":{\"@type\":\"ImageObject\",\"inLanguage\":\"es\",\"@id\":\"https:\\\/\\\/secure.gravatar.com\\\/avatar\\\/b6992f131dc8d30ab0dff15446e9d346d9dbd95992de0fef795073f5ea83a81c?s=96&d=mm&r=g\",\"url\":\"https:\\\/\\\/secure.gravatar.com\\\/avatar\\\/b6992f131dc8d30ab0dff15446e9d346d9dbd95992de0fef795073f5ea83a81c?s=96&d=mm&r=g\",\"contentUrl\":\"https:\\\/\\\/secure.gravatar.com\\\/avatar\\\/b6992f131dc8d30ab0dff15446e9d346d9dbd95992de0fef795073f5ea83a81c?s=96&d=mm&r=g\",\"caption\":\"La Gu\u00eda de Pamplona\"}}]}<\/script>\n<!-- \/ Yoast SEO plugin. -->","yoast_head_json":{"title":"Convocadas las ayudas dirigidas a asociaciones de comerciantes de Pamplona para financiar actuaciones de fomento, dinamizaci\u00f3n y promoci\u00f3n comercial","description":"La convocatoria est\u00e1 dotada con 200.000 euros y se pueden presentar solicitudes hasta el 19 de septiembre","robots":{"index":"index","follow":"follow","max-snippet":"max-snippet:-1","max-image-preview":"max-image-preview:large","max-video-preview":"max-video-preview:-1"},"canonical":"https:\/\/www.laguiadepamplona.com\/actualidad\/convocadas-las-ayudas-dirigidas-a-asociaciones-de-comerciantes-de-pamplona-para-financiar-actuaciones-de-fomento-dinamizacion-y-promocion-comercial\/","og_locale":"es_ES","og_type":"article","og_title":"Convocadas las ayudas dirigidas a asociaciones de comerciantes de Pamplona para financiar actuaciones de fomento, dinamizaci\u00f3n y promoci\u00f3n comercial","og_description":"La convocatoria est\u00e1 dotada con 200.000 euros y se pueden presentar solicitudes hasta el 19 de septiembre","og_url":"https:\/\/www.laguiadepamplona.com\/actualidad\/convocadas-las-ayudas-dirigidas-a-asociaciones-de-comerciantes-de-pamplona-para-financiar-actuaciones-de-fomento-dinamizacion-y-promocion-comercial\/","og_site_name":"La Gu\u00eda de Pamplona","article_publisher":"https:\/\/www.facebook.com\/laguiadepamplonacom-133175176762273\/?ref=hl","article_published_time":"2022-08-23T16:20:26+00:00","article_modified_time":"2023-04-11T09:47:52+00:00","og_image":[{"width":2362,"height":1535,"url":"https:\/\/www.laguiadepamplona.com\/actualidad\/wp-content\/uploads\/2022\/05\/comercio-hace-ciudad.webp","type":"image\/webp"}],"author":"La Gu\u00eda de Pamplona","twitter_card":"summary_large_image","twitter_creator":"@LaGuiadPamplona","twitter_site":"@LaGuiadPamplona","twitter_misc":{"Escrito por":"La Gu\u00eda de Pamplona","Tiempo de lectura":"6 minutos"},"schema":{"@context":"https:\/\/schema.org","@graph":[{"@type":"Article","@id":"https:\/\/www.laguiadepamplona.com\/actualidad\/convocadas-las-ayudas-dirigidas-a-asociaciones-de-comerciantes-de-pamplona-para-financiar-actuaciones-de-fomento-dinamizacion-y-promocion-comercial\/#article","isPartOf":{"@id":"https:\/\/www.laguiadepamplona.com\/actualidad\/convocadas-las-ayudas-dirigidas-a-asociaciones-de-comerciantes-de-pamplona-para-financiar-actuaciones-de-fomento-dinamizacion-y-promocion-comercial\/"},"author":{"name":"La Gu\u00eda de Pamplona","@id":"https:\/\/www.laguiadepamplona.com\/actualidad\/#\/schema\/person\/efe887376f0213d4657c93adc50b1fdb"},"headline":"Convocadas las ayudas dirigidas a asociaciones de comerciantes de Pamplona para financiar actuaciones de fomento, dinamizaci\u00f3n y promoci\u00f3n comercial","datePublished":"2022-08-23T16:20:26+00:00","dateModified":"2023-04-11T09:47:52+00:00","mainEntityOfPage":{"@id":"https:\/\/www.laguiadepamplona.com\/actualidad\/convocadas-las-ayudas-dirigidas-a-asociaciones-de-comerciantes-de-pamplona-para-financiar-actuaciones-de-fomento-dinamizacion-y-promocion-comercial\/"},"wordCount":1265,"commentCount":0,"publisher":{"@id":"https:\/\/www.laguiadepamplona.com\/actualidad\/#organization"},"image":{"@id":"https:\/\/www.laguiadepamplona.com\/actualidad\/convocadas-las-ayudas-dirigidas-a-asociaciones-de-comerciantes-de-pamplona-para-financiar-actuaciones-de-fomento-dinamizacion-y-promocion-comercial\/#primaryimage"},"thumbnailUrl":"https:\/\/www.laguiadepamplona.com\/actualidad\/wp-content\/uploads\/2022\/05\/comercio-hace-ciudad.webp","articleSection":["Ayto Pamplona"],"inLanguage":"es","potentialAction":[{"@type":"CommentAction","name":"Comment","target":["https:\/\/www.laguiadepamplona.com\/actualidad\/convocadas-las-ayudas-dirigidas-a-asociaciones-de-comerciantes-de-pamplona-para-financiar-actuaciones-de-fomento-dinamizacion-y-promocion-comercial\/#respond"]}]},{"@type":"WebPage","@id":"https:\/\/www.laguiadepamplona.com\/actualidad\/convocadas-las-ayudas-dirigidas-a-asociaciones-de-comerciantes-de-pamplona-para-financiar-actuaciones-de-fomento-dinamizacion-y-promocion-comercial\/","url":"https:\/\/www.laguiadepamplona.com\/actualidad\/convocadas-las-ayudas-dirigidas-a-asociaciones-de-comerciantes-de-pamplona-para-financiar-actuaciones-de-fomento-dinamizacion-y-promocion-comercial\/","name":"Convocadas las ayudas dirigidas a asociaciones de comerciantes de Pamplona para financiar actuaciones de fomento, dinamizaci\u00f3n y promoci\u00f3n comercial","isPartOf":{"@id":"https:\/\/www.laguiadepamplona.com\/actualidad\/#website"},"primaryImageOfPage":{"@id":"https:\/\/www.laguiadepamplona.com\/actualidad\/convocadas-las-ayudas-dirigidas-a-asociaciones-de-comerciantes-de-pamplona-para-financiar-actuaciones-de-fomento-dinamizacion-y-promocion-comercial\/#primaryimage"},"image":{"@id":"https:\/\/www.laguiadepamplona.com\/actualidad\/convocadas-las-ayudas-dirigidas-a-asociaciones-de-comerciantes-de-pamplona-para-financiar-actuaciones-de-fomento-dinamizacion-y-promocion-comercial\/#primaryimage"},"thumbnailUrl":"https:\/\/www.laguiadepamplona.com\/actualidad\/wp-content\/uploads\/2022\/05\/comercio-hace-ciudad.webp","datePublished":"2022-08-23T16:20:26+00:00","dateModified":"2023-04-11T09:47:52+00:00","description":"La convocatoria est\u00e1 dotada con 200.000 euros y se pueden presentar solicitudes hasta el 19 de septiembre","breadcrumb":{"@id":"https:\/\/www.laguiadepamplona.com\/actualidad\/convocadas-las-ayudas-dirigidas-a-asociaciones-de-comerciantes-de-pamplona-para-financiar-actuaciones-de-fomento-dinamizacion-y-promocion-comercial\/#breadcrumb"},"inLanguage":"es","potentialAction":[{"@type":"ReadAction","target":["https:\/\/www.laguiadepamplona.com\/actualidad\/convocadas-las-ayudas-dirigidas-a-asociaciones-de-comerciantes-de-pamplona-para-financiar-actuaciones-de-fomento-dinamizacion-y-promocion-comercial\/"]}]},{"@type":"ImageObject","inLanguage":"es","@id":"https:\/\/www.laguiadepamplona.com\/actualidad\/convocadas-las-ayudas-dirigidas-a-asociaciones-de-comerciantes-de-pamplona-para-financiar-actuaciones-de-fomento-dinamizacion-y-promocion-comercial\/#primaryimage","url":"https:\/\/www.laguiadepamplona.com\/actualidad\/wp-content\/uploads\/2022\/05\/comercio-hace-ciudad.webp","contentUrl":"https:\/\/www.laguiadepamplona.com\/actualidad\/wp-content\/uploads\/2022\/05\/comercio-hace-ciudad.webp","width":2362,"height":1535},{"@type":"BreadcrumbList","@id":"https:\/\/www.laguiadepamplona.com\/actualidad\/convocadas-las-ayudas-dirigidas-a-asociaciones-de-comerciantes-de-pamplona-para-financiar-actuaciones-de-fomento-dinamizacion-y-promocion-comercial\/#breadcrumb","itemListElement":[{"@type":"ListItem","position":1,"name":"Portada","item":"https:\/\/www.laguiadepamplona.com\/actualidad\/"},{"@type":"ListItem","position":2,"name":"Convocadas las ayudas dirigidas a asociaciones de comerciantes de Pamplona para financiar actuaciones de fomento, dinamizaci\u00f3n y promoci\u00f3n comercial"}]},{"@type":"WebSite","@id":"https:\/\/www.laguiadepamplona.com\/actualidad\/#website","url":"https:\/\/www.laguiadepamplona.com\/actualidad\/","name":"La gu\u00eda de Pamplona","description":"Noticias de Pamplona","publisher":{"@id":"https:\/\/www.laguiadepamplona.com\/actualidad\/#organization"},"potentialAction":[{"@type":"SearchAction","target":{"@type":"EntryPoint","urlTemplate":"https:\/\/www.laguiadepamplona.com\/actualidad\/?s={search_term_string}"},"query-input":{"@type":"PropertyValueSpecification","valueRequired":true,"valueName":"search_term_string"}}],"inLanguage":"es"},{"@type":"Organization","@id":"https:\/\/www.laguiadepamplona.com\/actualidad\/#organization","name":"La Gu\u00eda de Pamplona \/ Noticias","url":"https:\/\/www.laguiadepamplona.com\/actualidad\/","logo":{"@type":"ImageObject","inLanguage":"es","@id":"https:\/\/www.laguiadepamplona.com\/actualidad\/#\/schema\/logo\/image\/","url":"https:\/\/www.laguiadepamplona.com\/actualidad\/wp-content\/uploads\/2018\/11\/logo-laguiadepamplona18-web1.png","contentUrl":"https:\/\/www.laguiadepamplona.com\/actualidad\/wp-content\/uploads\/2018\/11\/logo-laguiadepamplona18-web1.png","width":600,"height":196,"caption":"La Gu\u00eda de Pamplona \/ Noticias"},"image":{"@id":"https:\/\/www.laguiadepamplona.com\/actualidad\/#\/schema\/logo\/image\/"},"sameAs":["https:\/\/www.facebook.com\/laguiadepamplonacom-133175176762273\/?ref=hl","https:\/\/x.com\/LaGuiadPamplona","https:\/\/www.instagram.com\/la_guia_de_pamplona\/","https:\/\/www.youtube.com\/user\/laguiadepamplona"]},{"@type":"Person","@id":"https:\/\/www.laguiadepamplona.com\/actualidad\/#\/schema\/person\/efe887376f0213d4657c93adc50b1fdb","name":"La Gu\u00eda de Pamplona","image":{"@type":"ImageObject","inLanguage":"es","@id":"https:\/\/secure.gravatar.com\/avatar\/b6992f131dc8d30ab0dff15446e9d346d9dbd95992de0fef795073f5ea83a81c?s=96&d=mm&r=g","url":"https:\/\/secure.gravatar.com\/avatar\/b6992f131dc8d30ab0dff15446e9d346d9dbd95992de0fef795073f5ea83a81c?s=96&d=mm&r=g","contentUrl":"https:\/\/secure.gravatar.com\/avatar\/b6992f131dc8d30ab0dff15446e9d346d9dbd95992de0fef795073f5ea83a81c?s=96&d=mm&r=g","caption":"La Gu\u00eda de Pamplona"}}]}},"post_mailing_queue_ids":[],"_links":{"self":[{"href":"https:\/\/www.laguiadepamplona.com\/actualidad\/wp-json\/wp\/v2\/posts\/41371","targetHints":{"allow":["GET"]}}],"collection":[{"href":"https:\/\/www.laguiadepamplona.com\/actualidad\/wp-json\/wp\/v2\/posts"}],"about":[{"href":"https:\/\/www.laguiadepamplona.com\/actualidad\/wp-json\/wp\/v2\/types\/post"}],"author":[{"embeddable":true,"href":"https:\/\/www.laguiadepamplona.com\/actualidad\/wp-json\/wp\/v2\/users\/1"}],"replies":[{"embeddable":true,"href":"https:\/\/www.laguiadepamplona.com\/actualidad\/wp-json\/wp\/v2\/comments?post=41371"}],"version-history":[{"count":0,"href":"https:\/\/www.laguiadepamplona.com\/actualidad\/wp-json\/wp\/v2\/posts\/41371\/revisions"}],"wp:featuredmedia":[{"embeddable":true,"href":"https:\/\/www.laguiadepamplona.com\/actualidad\/wp-json\/wp\/v2\/media\/40540"}],"wp:attachment":[{"href":"https:\/\/www.laguiadepamplona.com\/actualidad\/wp-json\/wp\/v2\/media?parent=41371"}],"wp:term":[{"taxonomy":"category","embeddable":true,"href":"https:\/\/www.laguiadepamplona.com\/actualidad\/wp-json\/wp\/v2\/categories?post=41371"},{"taxonomy":"post_tag","embeddable":true,"href":"https:\/\/www.laguiadepamplona.com\/actualidad\/wp-json\/wp\/v2\/tags?post=41371"}],"curies":[{"name":"wp","href":"https:\/\/api.w.org\/{rel}","templated":true}]}}