{"id":41368,"date":"2022-08-23T11:59:24","date_gmt":"2022-08-23T09:59:24","guid":{"rendered":"https:\/\/www.laguiadepamplona.com\/actualidad\/?p=41368"},"modified":"2023-04-11T11:47:53","modified_gmt":"2023-04-11T09:47:53","slug":"broken-brothers-brass-band-lleva-la-fiesta-a-la-calle-mayor-dentro-del-ciclo-municipal-de-salas-de-musica-en-la-calle","status":"publish","type":"post","link":"https:\/\/www.laguiadepamplona.com\/actualidad\/broken-brothers-brass-band-lleva-la-fiesta-a-la-calle-mayor-dentro-del-ciclo-municipal-de-salas-de-musica-en-la-calle\/","title":{"rendered":"Broken Brothers Brass Band lleva la fiesta a la calle Mayor dentro del ciclo municipal de Salas de M\u00fasica en la Calle"},"content":{"rendered":"<h5>El programa con el que el Ayuntamiento apoya a las salas de m\u00fasica de Pamplona ofrece conciertos todos los mi\u00e9rcoles de agosto y septiembre<\/h5>\n<p><!--more--><\/p>\n<p>La calle Mayor de Pamplona se anima el mi\u00e9rcoles 24 con los ritmos de Broken Brothers Brass Band, en apoyo a la sala Katakrak. El concierto se enmarca en el ciclo Salas de M\u00fasica en la Calle, con el que el Ayuntamiento de Pamplona respalda la labor cultural de las salas de m\u00fasica de la ciudad, en un programa que incluye nueve conciertos en seis espacios abiertos, los mi\u00e9rcoles de agosto y septiembre, a partir de las 20.00, con entrada libre. Los conciertos abarcan todo tipo de estilos musicales, desde el country al heavy metal o el ska.<br \/>\n<script async src=\"\/\/pagead2.googlesyndication.com\/pagead\/js\/adsbygoogle.js\"><\/script><br \/>\n<!-- Noticias La Guia de Pamplona --><br \/>\n<ins class=\"adsbygoogle\"\nstyle=\"display:block\"\ndata-ad-client=\"ca-pub-6943679897239327\"\ndata-ad-slot=\"7048180777\"\ndata-ad-format=\"auto\"><\/ins><br \/>\n<script>\n(adsbygoogle = window.adsbygoogle || []).push({});\n<\/script><\/p>\n<p>La banda de metales y percusi\u00f3n Broken Brothers sigue la estela de las brass bands actuales de Nueva Orleans, que combinan ritmos funk y jazz moderno con el g\u00f3spel y el sonido latino, con un marcado car\u00e1cter popular y festivo. El resultado es un festival de energ\u00eda, a partir de la improvisaci\u00f3n colectiva. La Broken Brothers Brass Band es una formaci\u00f3n de larga trayectoria y ha participado en eventos de todo tipo, entre ellos, el Jazzaldia de Donostia-San Sebasti\u00e1n o el Festival de Jazz de Getxo. Los pamploneses atesoran una interesante discograf\u00eda que destila su inter\u00e9s por la m\u00fasica con ra\u00edz afroamericana.<\/p>\n<p>Los conciertos de este ciclo se realizan con la colaboraci\u00f3n de las salas de m\u00fasica Rockcollection, Zentral, Toki Leza, Katrakrak, Terminal, Txintxarri, Akelarre, Garazi y Krawill &amp; Infernu. El primer concierto y el \u00faltimo tienen por escenario el fort\u00edn de San Bartolom\u00e9, y el resto se reparten por la plaza de Compa\u00f1\u00eda, la plaza de los Burgos, la calle Mayor, la plaza de la O y el patio de las Salesianas en el barrio de Txantrea.<br \/>\n<script async src=\"\/\/pagead2.googlesyndication.com\/pagead\/js\/adsbygoogle.js\"><\/script><br \/>\n<!-- Noticias La Guia de Pamplona --><br \/>\n<ins class=\"adsbygoogle\"\nstyle=\"display:block\"\ndata-ad-client=\"ca-pub-6943679897239327\"\ndata-ad-slot=\"7048180777\"\ndata-ad-format=\"auto\"><\/ins><br \/>\n<script>\n(adsbygoogle = window.adsbygoogle || []).push({});\n<\/script><\/p>\n<p>El ciclo se abri\u00f3 con el quinteto bilba\u00edno Micky &amp; The Buzz, mezcla de rock&amp;roll, rockabilly, rhythm and blues, swing y twist, con la colaboraci\u00f3n de Rockcollection; continu\u00f3 con el indie pop de Mirua en la plaza de los Burgos, en apoyo al Zentral; y el mi\u00e9rcoles pasado se celebr\u00f3 el tercero, con la m\u00fasica country y <em>rockabilly<\/em> de Russafians, en la plaza de Compa\u00f1\u00eda, en colaboraci\u00f3n con el Toki Leza. El rock de Thursday\u2019s Pussy Dogs cierra los conciertos de este mes, en la plaza de Compa\u00f1\u00eda, en respaldo al Terminal.<\/p>\n<p>Para el mes de septiembre, la programaci\u00f3n ofrece el pop\u2013rock de Miqui Puig Canta (Sound System) en la plaza de la O el d\u00eda 7, el ska rock de La Topadora en Salesianas el 14, el indie rock de Mouth en la plaza de la Compa\u00f1\u00eda el mi\u00e9rcoles 21 y concluye en el fort\u00edn de San Bartolom\u00e9 el 28 de septiembre con la m\u00fasica trash y heavy metal de Electrikeel y Wojtyla.<\/p>\n","protected":false},"excerpt":{"rendered":"<p>El programa con el que el Ayuntamiento apoya a las salas de m\u00fasica de Pamplona ofrece conciertos todos los mi\u00e9rcoles de agosto y septiembre<\/p>\n","protected":false},"author":1,"featured_media":41369,"comment_status":"open","ping_status":"closed","sticky":false,"template":"","format":"standard","meta":{"footnotes":""},"categories":[2],"tags":[],"class_list":["post-41368","post","type-post","status-publish","format-standard","has-post-thumbnail","hentry","category-ayuntamiento-pamplona"],"yoast_head":"<!-- This site is optimized with the Yoast SEO plugin v27.5 - https:\/\/yoast.com\/product\/yoast-seo-wordpress\/ -->\n<title>Broken Brothers Brass Band lleva la fiesta a la calle Mayor dentro del ciclo municipal de Salas de M\u00fasica en la Calle<\/title>\n<meta name=\"description\" content=\"El programa con el que el Ayuntamiento apoya a las salas de m\u00fasica de Pamplona ofrece conciertos todos los mi\u00e9rcoles de agosto y septiembre\" \/>\n<meta name=\"robots\" content=\"index, follow, max-snippet:-1, max-image-preview:large, max-video-preview:-1\" \/>\n<link rel=\"canonical\" href=\"https:\/\/www.laguiadepamplona.com\/actualidad\/broken-brothers-brass-band-lleva-la-fiesta-a-la-calle-mayor-dentro-del-ciclo-municipal-de-salas-de-musica-en-la-calle\/\" \/>\n<meta property=\"og:locale\" content=\"es_ES\" \/>\n<meta property=\"og:type\" content=\"article\" \/>\n<meta property=\"og:title\" content=\"Broken Brothers Brass Band lleva la fiesta a la calle Mayor dentro del ciclo municipal de Salas de M\u00fasica en la Calle\" \/>\n<meta property=\"og:description\" content=\"El programa con el que el Ayuntamiento apoya a las salas de m\u00fasica de Pamplona ofrece conciertos todos los mi\u00e9rcoles de agosto y septiembre\" \/>\n<meta property=\"og:url\" content=\"https:\/\/www.laguiadepamplona.com\/actualidad\/broken-brothers-brass-band-lleva-la-fiesta-a-la-calle-mayor-dentro-del-ciclo-municipal-de-salas-de-musica-en-la-calle\/\" \/>\n<meta property=\"og:site_name\" content=\"La Gu\u00eda de Pamplona\" \/>\n<meta property=\"article:publisher\" content=\"https:\/\/www.facebook.com\/laguiadepamplonacom-133175176762273\/?ref=hl\" \/>\n<meta property=\"article:published_time\" content=\"2022-08-23T09:59:24+00:00\" \/>\n<meta property=\"article:modified_time\" content=\"2023-04-11T09:47:53+00:00\" \/>\n<meta property=\"og:image\" content=\"https:\/\/www.laguiadepamplona.com\/actualidad\/wp-content\/uploads\/2022\/08\/Broken-Brothers-Brass-Band.jpg\" \/>\n\t<meta property=\"og:image:width\" content=\"1600\" \/>\n\t<meta property=\"og:image:height\" content=\"871\" \/>\n\t<meta property=\"og:image:type\" content=\"image\/jpeg\" \/>\n<meta name=\"author\" content=\"La Gu\u00eda de Pamplona\" \/>\n<meta name=\"twitter:card\" content=\"summary_large_image\" \/>\n<meta name=\"twitter:creator\" content=\"@LaGuiadPamplona\" \/>\n<meta name=\"twitter:site\" content=\"@LaGuiadPamplona\" \/>\n<meta name=\"twitter:label1\" content=\"Escrito por\" \/>\n\t<meta name=\"twitter:data1\" content=\"La Gu\u00eda de Pamplona\" \/>\n\t<meta name=\"twitter:label2\" content=\"Tiempo de lectura\" \/>\n\t<meta name=\"twitter:data2\" content=\"3 minutos\" \/>\n<script type=\"application\/ld+json\" class=\"yoast-schema-graph\">{\"@context\":\"https:\\\/\\\/schema.org\",\"@graph\":[{\"@type\":\"Article\",\"@id\":\"https:\\\/\\\/www.laguiadepamplona.com\\\/actualidad\\\/broken-brothers-brass-band-lleva-la-fiesta-a-la-calle-mayor-dentro-del-ciclo-municipal-de-salas-de-musica-en-la-calle\\\/#article\",\"isPartOf\":{\"@id\":\"https:\\\/\\\/www.laguiadepamplona.com\\\/actualidad\\\/broken-brothers-brass-band-lleva-la-fiesta-a-la-calle-mayor-dentro-del-ciclo-municipal-de-salas-de-musica-en-la-calle\\\/\"},\"author\":{\"name\":\"La Gu\u00eda de Pamplona\",\"@id\":\"https:\\\/\\\/www.laguiadepamplona.com\\\/actualidad\\\/#\\\/schema\\\/person\\\/efe887376f0213d4657c93adc50b1fdb\"},\"headline\":\"Broken Brothers Brass Band lleva la fiesta a la calle Mayor dentro del ciclo municipal de Salas de M\u00fasica en la Calle\",\"datePublished\":\"2022-08-23T09:59:24+00:00\",\"dateModified\":\"2023-04-11T09:47:53+00:00\",\"mainEntityOfPage\":{\"@id\":\"https:\\\/\\\/www.laguiadepamplona.com\\\/actualidad\\\/broken-brothers-brass-band-lleva-la-fiesta-a-la-calle-mayor-dentro-del-ciclo-municipal-de-salas-de-musica-en-la-calle\\\/\"},\"wordCount\":519,\"commentCount\":0,\"publisher\":{\"@id\":\"https:\\\/\\\/www.laguiadepamplona.com\\\/actualidad\\\/#organization\"},\"image\":{\"@id\":\"https:\\\/\\\/www.laguiadepamplona.com\\\/actualidad\\\/broken-brothers-brass-band-lleva-la-fiesta-a-la-calle-mayor-dentro-del-ciclo-municipal-de-salas-de-musica-en-la-calle\\\/#primaryimage\"},\"thumbnailUrl\":\"https:\\\/\\\/www.laguiadepamplona.com\\\/actualidad\\\/wp-content\\\/uploads\\\/2022\\\/08\\\/Broken-Brothers-Brass-Band.jpg\",\"articleSection\":[\"Ayto Pamplona\"],\"inLanguage\":\"es\",\"potentialAction\":[{\"@type\":\"CommentAction\",\"name\":\"Comment\",\"target\":[\"https:\\\/\\\/www.laguiadepamplona.com\\\/actualidad\\\/broken-brothers-brass-band-lleva-la-fiesta-a-la-calle-mayor-dentro-del-ciclo-municipal-de-salas-de-musica-en-la-calle\\\/#respond\"]}]},{\"@type\":\"WebPage\",\"@id\":\"https:\\\/\\\/www.laguiadepamplona.com\\\/actualidad\\\/broken-brothers-brass-band-lleva-la-fiesta-a-la-calle-mayor-dentro-del-ciclo-municipal-de-salas-de-musica-en-la-calle\\\/\",\"url\":\"https:\\\/\\\/www.laguiadepamplona.com\\\/actualidad\\\/broken-brothers-brass-band-lleva-la-fiesta-a-la-calle-mayor-dentro-del-ciclo-municipal-de-salas-de-musica-en-la-calle\\\/\",\"name\":\"Broken Brothers Brass Band lleva la fiesta a la calle Mayor dentro del ciclo municipal de Salas de M\u00fasica en la Calle\",\"isPartOf\":{\"@id\":\"https:\\\/\\\/www.laguiadepamplona.com\\\/actualidad\\\/#website\"},\"primaryImageOfPage\":{\"@id\":\"https:\\\/\\\/www.laguiadepamplona.com\\\/actualidad\\\/broken-brothers-brass-band-lleva-la-fiesta-a-la-calle-mayor-dentro-del-ciclo-municipal-de-salas-de-musica-en-la-calle\\\/#primaryimage\"},\"image\":{\"@id\":\"https:\\\/\\\/www.laguiadepamplona.com\\\/actualidad\\\/broken-brothers-brass-band-lleva-la-fiesta-a-la-calle-mayor-dentro-del-ciclo-municipal-de-salas-de-musica-en-la-calle\\\/#primaryimage\"},\"thumbnailUrl\":\"https:\\\/\\\/www.laguiadepamplona.com\\\/actualidad\\\/wp-content\\\/uploads\\\/2022\\\/08\\\/Broken-Brothers-Brass-Band.jpg\",\"datePublished\":\"2022-08-23T09:59:24+00:00\",\"dateModified\":\"2023-04-11T09:47:53+00:00\",\"description\":\"El programa con el que el Ayuntamiento apoya a las salas de m\u00fasica de Pamplona ofrece conciertos todos los mi\u00e9rcoles de agosto y septiembre\",\"breadcrumb\":{\"@id\":\"https:\\\/\\\/www.laguiadepamplona.com\\\/actualidad\\\/broken-brothers-brass-band-lleva-la-fiesta-a-la-calle-mayor-dentro-del-ciclo-municipal-de-salas-de-musica-en-la-calle\\\/#breadcrumb\"},\"inLanguage\":\"es\",\"potentialAction\":[{\"@type\":\"ReadAction\",\"target\":[\"https:\\\/\\\/www.laguiadepamplona.com\\\/actualidad\\\/broken-brothers-brass-band-lleva-la-fiesta-a-la-calle-mayor-dentro-del-ciclo-municipal-de-salas-de-musica-en-la-calle\\\/\"]}]},{\"@type\":\"ImageObject\",\"inLanguage\":\"es\",\"@id\":\"https:\\\/\\\/www.laguiadepamplona.com\\\/actualidad\\\/broken-brothers-brass-band-lleva-la-fiesta-a-la-calle-mayor-dentro-del-ciclo-municipal-de-salas-de-musica-en-la-calle\\\/#primaryimage\",\"url\":\"https:\\\/\\\/www.laguiadepamplona.com\\\/actualidad\\\/wp-content\\\/uploads\\\/2022\\\/08\\\/Broken-Brothers-Brass-Band.jpg\",\"contentUrl\":\"https:\\\/\\\/www.laguiadepamplona.com\\\/actualidad\\\/wp-content\\\/uploads\\\/2022\\\/08\\\/Broken-Brothers-Brass-Band.jpg\",\"width\":1600,\"height\":871},{\"@type\":\"BreadcrumbList\",\"@id\":\"https:\\\/\\\/www.laguiadepamplona.com\\\/actualidad\\\/broken-brothers-brass-band-lleva-la-fiesta-a-la-calle-mayor-dentro-del-ciclo-municipal-de-salas-de-musica-en-la-calle\\\/#breadcrumb\",\"itemListElement\":[{\"@type\":\"ListItem\",\"position\":1,\"name\":\"Portada\",\"item\":\"https:\\\/\\\/www.laguiadepamplona.com\\\/actualidad\\\/\"},{\"@type\":\"ListItem\",\"position\":2,\"name\":\"Broken Brothers Brass Band lleva la fiesta a la calle Mayor dentro del ciclo municipal de Salas de M\u00fasica en la Calle\"}]},{\"@type\":\"WebSite\",\"@id\":\"https:\\\/\\\/www.laguiadepamplona.com\\\/actualidad\\\/#website\",\"url\":\"https:\\\/\\\/www.laguiadepamplona.com\\\/actualidad\\\/\",\"name\":\"La gu\u00eda de Pamplona\",\"description\":\"Noticias de Pamplona\",\"publisher\":{\"@id\":\"https:\\\/\\\/www.laguiadepamplona.com\\\/actualidad\\\/#organization\"},\"potentialAction\":[{\"@type\":\"SearchAction\",\"target\":{\"@type\":\"EntryPoint\",\"urlTemplate\":\"https:\\\/\\\/www.laguiadepamplona.com\\\/actualidad\\\/?s={search_term_string}\"},\"query-input\":{\"@type\":\"PropertyValueSpecification\",\"valueRequired\":true,\"valueName\":\"search_term_string\"}}],\"inLanguage\":\"es\"},{\"@type\":\"Organization\",\"@id\":\"https:\\\/\\\/www.laguiadepamplona.com\\\/actualidad\\\/#organization\",\"name\":\"La Gu\u00eda de Pamplona \\\/ Noticias\",\"url\":\"https:\\\/\\\/www.laguiadepamplona.com\\\/actualidad\\\/\",\"logo\":{\"@type\":\"ImageObject\",\"inLanguage\":\"es\",\"@id\":\"https:\\\/\\\/www.laguiadepamplona.com\\\/actualidad\\\/#\\\/schema\\\/logo\\\/image\\\/\",\"url\":\"https:\\\/\\\/www.laguiadepamplona.com\\\/actualidad\\\/wp-content\\\/uploads\\\/2018\\\/11\\\/logo-laguiadepamplona18-web1.png\",\"contentUrl\":\"https:\\\/\\\/www.laguiadepamplona.com\\\/actualidad\\\/wp-content\\\/uploads\\\/2018\\\/11\\\/logo-laguiadepamplona18-web1.png\",\"width\":600,\"height\":196,\"caption\":\"La Gu\u00eda de Pamplona \\\/ Noticias\"},\"image\":{\"@id\":\"https:\\\/\\\/www.laguiadepamplona.com\\\/actualidad\\\/#\\\/schema\\\/logo\\\/image\\\/\"},\"sameAs\":[\"https:\\\/\\\/www.facebook.com\\\/laguiadepamplonacom-133175176762273\\\/?ref=hl\",\"https:\\\/\\\/x.com\\\/LaGuiadPamplona\",\"https:\\\/\\\/www.instagram.com\\\/la_guia_de_pamplona\\\/\",\"https:\\\/\\\/www.youtube.com\\\/user\\\/laguiadepamplona\"]},{\"@type\":\"Person\",\"@id\":\"https:\\\/\\\/www.laguiadepamplona.com\\\/actualidad\\\/#\\\/schema\\\/person\\\/efe887376f0213d4657c93adc50b1fdb\",\"name\":\"La Gu\u00eda de Pamplona\",\"image\":{\"@type\":\"ImageObject\",\"inLanguage\":\"es\",\"@id\":\"https:\\\/\\\/secure.gravatar.com\\\/avatar\\\/b6992f131dc8d30ab0dff15446e9d346d9dbd95992de0fef795073f5ea83a81c?s=96&d=mm&r=g\",\"url\":\"https:\\\/\\\/secure.gravatar.com\\\/avatar\\\/b6992f131dc8d30ab0dff15446e9d346d9dbd95992de0fef795073f5ea83a81c?s=96&d=mm&r=g\",\"contentUrl\":\"https:\\\/\\\/secure.gravatar.com\\\/avatar\\\/b6992f131dc8d30ab0dff15446e9d346d9dbd95992de0fef795073f5ea83a81c?s=96&d=mm&r=g\",\"caption\":\"La Gu\u00eda de Pamplona\"}}]}<\/script>\n<!-- \/ Yoast SEO plugin. -->","yoast_head_json":{"title":"Broken Brothers Brass Band lleva la fiesta a la calle Mayor dentro del ciclo municipal de Salas de M\u00fasica en la Calle","description":"El programa con el que el Ayuntamiento apoya a las salas de m\u00fasica de Pamplona ofrece conciertos todos los mi\u00e9rcoles de agosto y septiembre","robots":{"index":"index","follow":"follow","max-snippet":"max-snippet:-1","max-image-preview":"max-image-preview:large","max-video-preview":"max-video-preview:-1"},"canonical":"https:\/\/www.laguiadepamplona.com\/actualidad\/broken-brothers-brass-band-lleva-la-fiesta-a-la-calle-mayor-dentro-del-ciclo-municipal-de-salas-de-musica-en-la-calle\/","og_locale":"es_ES","og_type":"article","og_title":"Broken Brothers Brass Band lleva la fiesta a la calle Mayor dentro del ciclo municipal de Salas de M\u00fasica en la Calle","og_description":"El programa con el que el Ayuntamiento apoya a las salas de m\u00fasica de Pamplona ofrece conciertos todos los mi\u00e9rcoles de agosto y septiembre","og_url":"https:\/\/www.laguiadepamplona.com\/actualidad\/broken-brothers-brass-band-lleva-la-fiesta-a-la-calle-mayor-dentro-del-ciclo-municipal-de-salas-de-musica-en-la-calle\/","og_site_name":"La Gu\u00eda de Pamplona","article_publisher":"https:\/\/www.facebook.com\/laguiadepamplonacom-133175176762273\/?ref=hl","article_published_time":"2022-08-23T09:59:24+00:00","article_modified_time":"2023-04-11T09:47:53+00:00","og_image":[{"width":1600,"height":871,"url":"https:\/\/www.laguiadepamplona.com\/actualidad\/wp-content\/uploads\/2022\/08\/Broken-Brothers-Brass-Band.jpg","type":"image\/jpeg"}],"author":"La Gu\u00eda de Pamplona","twitter_card":"summary_large_image","twitter_creator":"@LaGuiadPamplona","twitter_site":"@LaGuiadPamplona","twitter_misc":{"Escrito por":"La Gu\u00eda de Pamplona","Tiempo de lectura":"3 minutos"},"schema":{"@context":"https:\/\/schema.org","@graph":[{"@type":"Article","@id":"https:\/\/www.laguiadepamplona.com\/actualidad\/broken-brothers-brass-band-lleva-la-fiesta-a-la-calle-mayor-dentro-del-ciclo-municipal-de-salas-de-musica-en-la-calle\/#article","isPartOf":{"@id":"https:\/\/www.laguiadepamplona.com\/actualidad\/broken-brothers-brass-band-lleva-la-fiesta-a-la-calle-mayor-dentro-del-ciclo-municipal-de-salas-de-musica-en-la-calle\/"},"author":{"name":"La Gu\u00eda de Pamplona","@id":"https:\/\/www.laguiadepamplona.com\/actualidad\/#\/schema\/person\/efe887376f0213d4657c93adc50b1fdb"},"headline":"Broken Brothers Brass Band lleva la fiesta a la calle Mayor dentro del ciclo municipal de Salas de M\u00fasica en la Calle","datePublished":"2022-08-23T09:59:24+00:00","dateModified":"2023-04-11T09:47:53+00:00","mainEntityOfPage":{"@id":"https:\/\/www.laguiadepamplona.com\/actualidad\/broken-brothers-brass-band-lleva-la-fiesta-a-la-calle-mayor-dentro-del-ciclo-municipal-de-salas-de-musica-en-la-calle\/"},"wordCount":519,"commentCount":0,"publisher":{"@id":"https:\/\/www.laguiadepamplona.com\/actualidad\/#organization"},"image":{"@id":"https:\/\/www.laguiadepamplona.com\/actualidad\/broken-brothers-brass-band-lleva-la-fiesta-a-la-calle-mayor-dentro-del-ciclo-municipal-de-salas-de-musica-en-la-calle\/#primaryimage"},"thumbnailUrl":"https:\/\/www.laguiadepamplona.com\/actualidad\/wp-content\/uploads\/2022\/08\/Broken-Brothers-Brass-Band.jpg","articleSection":["Ayto Pamplona"],"inLanguage":"es","potentialAction":[{"@type":"CommentAction","name":"Comment","target":["https:\/\/www.laguiadepamplona.com\/actualidad\/broken-brothers-brass-band-lleva-la-fiesta-a-la-calle-mayor-dentro-del-ciclo-municipal-de-salas-de-musica-en-la-calle\/#respond"]}]},{"@type":"WebPage","@id":"https:\/\/www.laguiadepamplona.com\/actualidad\/broken-brothers-brass-band-lleva-la-fiesta-a-la-calle-mayor-dentro-del-ciclo-municipal-de-salas-de-musica-en-la-calle\/","url":"https:\/\/www.laguiadepamplona.com\/actualidad\/broken-brothers-brass-band-lleva-la-fiesta-a-la-calle-mayor-dentro-del-ciclo-municipal-de-salas-de-musica-en-la-calle\/","name":"Broken Brothers Brass Band lleva la fiesta a la calle Mayor dentro del ciclo municipal de Salas de M\u00fasica en la Calle","isPartOf":{"@id":"https:\/\/www.laguiadepamplona.com\/actualidad\/#website"},"primaryImageOfPage":{"@id":"https:\/\/www.laguiadepamplona.com\/actualidad\/broken-brothers-brass-band-lleva-la-fiesta-a-la-calle-mayor-dentro-del-ciclo-municipal-de-salas-de-musica-en-la-calle\/#primaryimage"},"image":{"@id":"https:\/\/www.laguiadepamplona.com\/actualidad\/broken-brothers-brass-band-lleva-la-fiesta-a-la-calle-mayor-dentro-del-ciclo-municipal-de-salas-de-musica-en-la-calle\/#primaryimage"},"thumbnailUrl":"https:\/\/www.laguiadepamplona.com\/actualidad\/wp-content\/uploads\/2022\/08\/Broken-Brothers-Brass-Band.jpg","datePublished":"2022-08-23T09:59:24+00:00","dateModified":"2023-04-11T09:47:53+00:00","description":"El programa con el que el Ayuntamiento apoya a las salas de m\u00fasica de Pamplona ofrece conciertos todos los mi\u00e9rcoles de agosto y septiembre","breadcrumb":{"@id":"https:\/\/www.laguiadepamplona.com\/actualidad\/broken-brothers-brass-band-lleva-la-fiesta-a-la-calle-mayor-dentro-del-ciclo-municipal-de-salas-de-musica-en-la-calle\/#breadcrumb"},"inLanguage":"es","potentialAction":[{"@type":"ReadAction","target":["https:\/\/www.laguiadepamplona.com\/actualidad\/broken-brothers-brass-band-lleva-la-fiesta-a-la-calle-mayor-dentro-del-ciclo-municipal-de-salas-de-musica-en-la-calle\/"]}]},{"@type":"ImageObject","inLanguage":"es","@id":"https:\/\/www.laguiadepamplona.com\/actualidad\/broken-brothers-brass-band-lleva-la-fiesta-a-la-calle-mayor-dentro-del-ciclo-municipal-de-salas-de-musica-en-la-calle\/#primaryimage","url":"https:\/\/www.laguiadepamplona.com\/actualidad\/wp-content\/uploads\/2022\/08\/Broken-Brothers-Brass-Band.jpg","contentUrl":"https:\/\/www.laguiadepamplona.com\/actualidad\/wp-content\/uploads\/2022\/08\/Broken-Brothers-Brass-Band.jpg","width":1600,"height":871},{"@type":"BreadcrumbList","@id":"https:\/\/www.laguiadepamplona.com\/actualidad\/broken-brothers-brass-band-lleva-la-fiesta-a-la-calle-mayor-dentro-del-ciclo-municipal-de-salas-de-musica-en-la-calle\/#breadcrumb","itemListElement":[{"@type":"ListItem","position":1,"name":"Portada","item":"https:\/\/www.laguiadepamplona.com\/actualidad\/"},{"@type":"ListItem","position":2,"name":"Broken Brothers Brass Band lleva la fiesta a la calle Mayor dentro del ciclo municipal de Salas de M\u00fasica en la Calle"}]},{"@type":"WebSite","@id":"https:\/\/www.laguiadepamplona.com\/actualidad\/#website","url":"https:\/\/www.laguiadepamplona.com\/actualidad\/","name":"La gu\u00eda de Pamplona","description":"Noticias de Pamplona","publisher":{"@id":"https:\/\/www.laguiadepamplona.com\/actualidad\/#organization"},"potentialAction":[{"@type":"SearchAction","target":{"@type":"EntryPoint","urlTemplate":"https:\/\/www.laguiadepamplona.com\/actualidad\/?s={search_term_string}"},"query-input":{"@type":"PropertyValueSpecification","valueRequired":true,"valueName":"search_term_string"}}],"inLanguage":"es"},{"@type":"Organization","@id":"https:\/\/www.laguiadepamplona.com\/actualidad\/#organization","name":"La Gu\u00eda de Pamplona \/ Noticias","url":"https:\/\/www.laguiadepamplona.com\/actualidad\/","logo":{"@type":"ImageObject","inLanguage":"es","@id":"https:\/\/www.laguiadepamplona.com\/actualidad\/#\/schema\/logo\/image\/","url":"https:\/\/www.laguiadepamplona.com\/actualidad\/wp-content\/uploads\/2018\/11\/logo-laguiadepamplona18-web1.png","contentUrl":"https:\/\/www.laguiadepamplona.com\/actualidad\/wp-content\/uploads\/2018\/11\/logo-laguiadepamplona18-web1.png","width":600,"height":196,"caption":"La Gu\u00eda de Pamplona \/ Noticias"},"image":{"@id":"https:\/\/www.laguiadepamplona.com\/actualidad\/#\/schema\/logo\/image\/"},"sameAs":["https:\/\/www.facebook.com\/laguiadepamplonacom-133175176762273\/?ref=hl","https:\/\/x.com\/LaGuiadPamplona","https:\/\/www.instagram.com\/la_guia_de_pamplona\/","https:\/\/www.youtube.com\/user\/laguiadepamplona"]},{"@type":"Person","@id":"https:\/\/www.laguiadepamplona.com\/actualidad\/#\/schema\/person\/efe887376f0213d4657c93adc50b1fdb","name":"La Gu\u00eda de Pamplona","image":{"@type":"ImageObject","inLanguage":"es","@id":"https:\/\/secure.gravatar.com\/avatar\/b6992f131dc8d30ab0dff15446e9d346d9dbd95992de0fef795073f5ea83a81c?s=96&d=mm&r=g","url":"https:\/\/secure.gravatar.com\/avatar\/b6992f131dc8d30ab0dff15446e9d346d9dbd95992de0fef795073f5ea83a81c?s=96&d=mm&r=g","contentUrl":"https:\/\/secure.gravatar.com\/avatar\/b6992f131dc8d30ab0dff15446e9d346d9dbd95992de0fef795073f5ea83a81c?s=96&d=mm&r=g","caption":"La Gu\u00eda de Pamplona"}}]}},"post_mailing_queue_ids":[],"_links":{"self":[{"href":"https:\/\/www.laguiadepamplona.com\/actualidad\/wp-json\/wp\/v2\/posts\/41368","targetHints":{"allow":["GET"]}}],"collection":[{"href":"https:\/\/www.laguiadepamplona.com\/actualidad\/wp-json\/wp\/v2\/posts"}],"about":[{"href":"https:\/\/www.laguiadepamplona.com\/actualidad\/wp-json\/wp\/v2\/types\/post"}],"author":[{"embeddable":true,"href":"https:\/\/www.laguiadepamplona.com\/actualidad\/wp-json\/wp\/v2\/users\/1"}],"replies":[{"embeddable":true,"href":"https:\/\/www.laguiadepamplona.com\/actualidad\/wp-json\/wp\/v2\/comments?post=41368"}],"version-history":[{"count":0,"href":"https:\/\/www.laguiadepamplona.com\/actualidad\/wp-json\/wp\/v2\/posts\/41368\/revisions"}],"wp:featuredmedia":[{"embeddable":true,"href":"https:\/\/www.laguiadepamplona.com\/actualidad\/wp-json\/wp\/v2\/media\/41369"}],"wp:attachment":[{"href":"https:\/\/www.laguiadepamplona.com\/actualidad\/wp-json\/wp\/v2\/media?parent=41368"}],"wp:term":[{"taxonomy":"category","embeddable":true,"href":"https:\/\/www.laguiadepamplona.com\/actualidad\/wp-json\/wp\/v2\/categories?post=41368"},{"taxonomy":"post_tag","embeddable":true,"href":"https:\/\/www.laguiadepamplona.com\/actualidad\/wp-json\/wp\/v2\/tags?post=41368"}],"curies":[{"name":"wp","href":"https:\/\/api.w.org\/{rel}","templated":true}]}}