{"id":41365,"date":"2022-08-23T11:56:18","date_gmt":"2022-08-23T09:56:18","guid":{"rendered":"https:\/\/www.laguiadepamplona.com\/actualidad\/?p=41365"},"modified":"2023-04-11T11:47:53","modified_gmt":"2023-04-11T09:47:53","slug":"las-altas-temperaturas-de-primavera-verano-reducen-de-forma-drastica-en-la-ciudad-los-nidos-de-avispa-asiatica-vespa-velutina","status":"publish","type":"post","link":"https:\/\/www.laguiadepamplona.com\/actualidad\/las-altas-temperaturas-de-primavera-verano-reducen-de-forma-drastica-en-la-ciudad-los-nidos-de-avispa-asiatica-vespa-velutina\/","title":{"rendered":"Las altas temperaturas de primavera-verano reducen de forma dr\u00e1stica en la ciudad los nidos de avispa asi\u00e1tica (Vespa velutina)"},"content":{"rendered":"<h5>El Parque de Desinfecci\u00f3n del Ayuntamiento solicita a la ciudadan\u00eda ayuda para detectar antes de que llegue el oto\u00f1o los que est\u00e1n ahora en formaci\u00f3n<\/h5>\n<p><!--more--><\/p>\n<p>Desde primavera, el Parque de Desinfecci\u00f3n del Ayuntamiento de Pamplona ha retirado 11 nidos primarios y 3 secundarias de <em>Vespa velutina<\/em>, la llamada avispa asi\u00e1tica. Las temperaturas excesivamente altas de este verano han ayudado a reducir la presencia de esta especie en el espacio p\u00fablico respecto del a\u00f1o pasado ya que, en estas mismas fechas en 2021, se hab\u00edan retirado 25 nidos, sumando los de las dos tipolog\u00edas. El avisp\u00f3n asi\u00e1tico viene de climas muy h\u00famedos y temperaturas agradables, por lo que las condiciones clim\u00e1ticas extremas son poco favorables para su desarrollo.<\/p>\n<p>Gracias a las inspecciones habituales y a los avisos de los ciudadanos se han ido retirando nidos primarios de casetas de nido de p\u00e1jaros, registros de alumbrado o saneamiento, porches de viviendas, dinteles de ventanas, etc. Ahora en agosto, esta especie se mueve de los nidos primeros, m\u00e1s peque\u00f1os y expuestos, a lugares mucho menos accesibles (\u00e1rboles a gran altura, aleros de edificios\u2026) donde hacen nidos de mayor tama\u00f1o que son m\u00e1s dif\u00edciles de detectar.<br \/>\n<script async src=\"\/\/pagead2.googlesyndication.com\/pagead\/js\/adsbygoogle.js\"><\/script><br \/>\n<!-- Noticias La Guia de Pamplona --><br \/>\n<ins class=\"adsbygoogle\"\nstyle=\"display:block\"\ndata-ad-client=\"ca-pub-6943679897239327\"\ndata-ad-slot=\"7048180777\"\ndata-ad-format=\"auto\"><\/ins><br \/>\n<script>\n(adsbygoogle = window.adsbygoogle || []).push({});\n<\/script><\/p>\n<p>Ahora es el momento de localizar y retirar esos nidos, ya que una vez que pase el verano con la llegada de los primeros fr\u00edos, la actividad del enjambre va disminuyendo hasta la absoluta inactividad en invierno; esos nidos ya no se reutilizan por lo que en esa fase ya no es excesivamente importante la retirada. De hecho, con la ca\u00edda de las hojas de los \u00e1rboles, los servicios municipales ya s\u00f3lo toman datos de ubicaci\u00f3n y marcan el tronco con una \u201cV\u201d roja para dar a conocer a la ciudadan\u00eda que ese nido ya est\u00e1 controlado.<\/p>\n<p>El Parque de Desinfecci\u00f3n del Ayuntamiento de Pamplona recoge avisos de presencia de nidos a cualquier hora del d\u00eda, todos los d\u00edas de la semana, tanto por tel\u00e9fono (948420994) como por whatsapp (639636433) o e-mail (<a href=\"mailto:avisosparquedesinfeccion@pamplona.es\">avisosparquedesinfeccion@pamplona.es<\/a>). Es muy importante que la ciudadan\u00eda, en su mensaje, describa la ubicaci\u00f3n con la mayor precisi\u00f3n posible para que los t\u00e9cnicos determinen como retirarlo. Ante un aviso, los t\u00e9cnicos realizan una inspecci\u00f3n lo antes posible sin atender a que el nido se encuentre en v\u00eda p\u00fablica o en una propiedad privada; tras la inspecci\u00f3n se decide la forma de actuar. Si se hace con medios propios, el personal dispone de trajes especiales, insecticidas espec\u00edficos e incluso p\u00e9rtigas de hasta 10 metros. Si con sus propios medios no pueden retirar o inactivar el nido, lo derivan a bomberos<\/p>\n<p>Como pauta para distinguir de forma sencilla el avisp\u00f3n asi\u00e1tico de la avispa aut\u00f3ctona hay que fijarse en la configuraci\u00f3n de los colores del insecto: la avispa com\u00fan tiene el abdomen con franjas amarillas y negras m\u00e1s o menos del mismo grosor, mientras que el cuerpo de avisp\u00f3n asi\u00e1tico es pr\u00e1cticamente negro, salvo el cuarto segmento que es enteramente naranja. Esta \u00faltima especie tiene, adem\u00e1s, un tama\u00f1o mayor.<br \/>\n<script async src=\"\/\/pagead2.googlesyndication.com\/pagead\/js\/adsbygoogle.js\"><\/script><br \/>\n<!-- Noticias La Guia de Pamplona --><br \/>\n<ins class=\"adsbygoogle\"\nstyle=\"display:block\"\ndata-ad-client=\"ca-pub-6943679897239327\"\ndata-ad-slot=\"7048180777\"\ndata-ad-format=\"auto\"><\/ins><br \/>\n<script>\n(adsbygoogle = window.adsbygoogle || []).push({});\n<\/script><\/p>\n<p>&nbsp;<\/p>\n<h3>Datos de nidos retirados (a fecha de 18\/08\/22)<\/h3>\n<p><strong>2022<\/strong><\/p>\n<ul>\n<li>14 nidos retirados, los 3 \u00faltimos secundarios (uno de ellos derivado a bomberos por encontrarse a gran altura)<\/li>\n<\/ul>\n<p><strong>2021<\/strong><\/p>\n<ul>\n<li>25 nidos retirados -hasta la misma fecha-<\/li>\n<\/ul>\n","protected":false},"excerpt":{"rendered":"<p>El Parque de Desinfecci\u00f3n del Ayuntamiento solicita a la ciudadan\u00eda ayuda para detectar antes de que llegue el oto\u00f1o los que est\u00e1n ahora en formaci\u00f3n<\/p>\n","protected":false},"author":1,"featured_media":41366,"comment_status":"open","ping_status":"closed","sticky":false,"template":"","format":"standard","meta":{"footnotes":""},"categories":[2],"tags":[],"class_list":["post-41365","post","type-post","status-publish","format-standard","has-post-thumbnail","hentry","category-ayuntamiento-pamplona"],"yoast_head":"<!-- This site is optimized with the Yoast SEO plugin v27.5 - https:\/\/yoast.com\/product\/yoast-seo-wordpress\/ -->\n<title>Las altas temperaturas de primavera-verano reducen de forma dr\u00e1stica en la ciudad los nidos de avispa asi\u00e1tica (Vespa velutina)<\/title>\n<meta name=\"description\" content=\"El Parque de Desinfecci\u00f3n del Ayuntamiento solicita a la ciudadan\u00eda ayuda para detectar antes de que llegue el oto\u00f1o los que est\u00e1n ahora en formaci\u00f3n\" \/>\n<meta name=\"robots\" content=\"index, follow, max-snippet:-1, max-image-preview:large, max-video-preview:-1\" \/>\n<link rel=\"canonical\" href=\"https:\/\/www.laguiadepamplona.com\/actualidad\/las-altas-temperaturas-de-primavera-verano-reducen-de-forma-drastica-en-la-ciudad-los-nidos-de-avispa-asiatica-vespa-velutina\/\" \/>\n<meta property=\"og:locale\" content=\"es_ES\" \/>\n<meta property=\"og:type\" content=\"article\" \/>\n<meta property=\"og:title\" content=\"Las altas temperaturas de primavera-verano reducen de forma dr\u00e1stica en la ciudad los nidos de avispa asi\u00e1tica (Vespa velutina)\" \/>\n<meta property=\"og:description\" content=\"El Parque de Desinfecci\u00f3n del Ayuntamiento solicita a la ciudadan\u00eda ayuda para detectar antes de que llegue el oto\u00f1o los que est\u00e1n ahora en formaci\u00f3n\" \/>\n<meta property=\"og:url\" content=\"https:\/\/www.laguiadepamplona.com\/actualidad\/las-altas-temperaturas-de-primavera-verano-reducen-de-forma-drastica-en-la-ciudad-los-nidos-de-avispa-asiatica-vespa-velutina\/\" \/>\n<meta property=\"og:site_name\" content=\"La Gu\u00eda de Pamplona\" \/>\n<meta property=\"article:publisher\" content=\"https:\/\/www.facebook.com\/laguiadepamplonacom-133175176762273\/?ref=hl\" \/>\n<meta property=\"article:published_time\" content=\"2022-08-23T09:56:18+00:00\" \/>\n<meta property=\"article:modified_time\" content=\"2023-04-11T09:47:53+00:00\" \/>\n<meta property=\"og:image\" content=\"https:\/\/www.laguiadepamplona.com\/actualidad\/wp-content\/uploads\/2022\/08\/20220804-actuacionupna_avispa-asiatica.webp\" \/>\n\t<meta property=\"og:image:width\" content=\"1920\" \/>\n\t<meta property=\"og:image:height\" content=\"1080\" \/>\n\t<meta property=\"og:image:type\" content=\"image\/webp\" \/>\n<meta name=\"author\" content=\"La Gu\u00eda de Pamplona\" \/>\n<meta name=\"twitter:card\" content=\"summary_large_image\" \/>\n<meta name=\"twitter:creator\" content=\"@LaGuiadPamplona\" \/>\n<meta name=\"twitter:site\" content=\"@LaGuiadPamplona\" \/>\n<meta name=\"twitter:label1\" content=\"Escrito por\" \/>\n\t<meta name=\"twitter:data1\" content=\"La Gu\u00eda de Pamplona\" \/>\n\t<meta name=\"twitter:label2\" content=\"Tiempo de lectura\" \/>\n\t<meta name=\"twitter:data2\" content=\"3 minutos\" \/>\n<script type=\"application\/ld+json\" class=\"yoast-schema-graph\">{\"@context\":\"https:\\\/\\\/schema.org\",\"@graph\":[{\"@type\":\"Article\",\"@id\":\"https:\\\/\\\/www.laguiadepamplona.com\\\/actualidad\\\/las-altas-temperaturas-de-primavera-verano-reducen-de-forma-drastica-en-la-ciudad-los-nidos-de-avispa-asiatica-vespa-velutina\\\/#article\",\"isPartOf\":{\"@id\":\"https:\\\/\\\/www.laguiadepamplona.com\\\/actualidad\\\/las-altas-temperaturas-de-primavera-verano-reducen-de-forma-drastica-en-la-ciudad-los-nidos-de-avispa-asiatica-vespa-velutina\\\/\"},\"author\":{\"name\":\"La Gu\u00eda de Pamplona\",\"@id\":\"https:\\\/\\\/www.laguiadepamplona.com\\\/actualidad\\\/#\\\/schema\\\/person\\\/efe887376f0213d4657c93adc50b1fdb\"},\"headline\":\"Las altas temperaturas de primavera-verano reducen de forma dr\u00e1stica en la ciudad los nidos de avispa asi\u00e1tica (Vespa velutina)\",\"datePublished\":\"2022-08-23T09:56:18+00:00\",\"dateModified\":\"2023-04-11T09:47:53+00:00\",\"mainEntityOfPage\":{\"@id\":\"https:\\\/\\\/www.laguiadepamplona.com\\\/actualidad\\\/las-altas-temperaturas-de-primavera-verano-reducen-de-forma-drastica-en-la-ciudad-los-nidos-de-avispa-asiatica-vespa-velutina\\\/\"},\"wordCount\":588,\"commentCount\":0,\"publisher\":{\"@id\":\"https:\\\/\\\/www.laguiadepamplona.com\\\/actualidad\\\/#organization\"},\"image\":{\"@id\":\"https:\\\/\\\/www.laguiadepamplona.com\\\/actualidad\\\/las-altas-temperaturas-de-primavera-verano-reducen-de-forma-drastica-en-la-ciudad-los-nidos-de-avispa-asiatica-vespa-velutina\\\/#primaryimage\"},\"thumbnailUrl\":\"https:\\\/\\\/www.laguiadepamplona.com\\\/actualidad\\\/wp-content\\\/uploads\\\/2022\\\/08\\\/20220804-actuacionupna_avispa-asiatica.webp\",\"articleSection\":[\"Ayto Pamplona\"],\"inLanguage\":\"es\",\"potentialAction\":[{\"@type\":\"CommentAction\",\"name\":\"Comment\",\"target\":[\"https:\\\/\\\/www.laguiadepamplona.com\\\/actualidad\\\/las-altas-temperaturas-de-primavera-verano-reducen-de-forma-drastica-en-la-ciudad-los-nidos-de-avispa-asiatica-vespa-velutina\\\/#respond\"]}]},{\"@type\":\"WebPage\",\"@id\":\"https:\\\/\\\/www.laguiadepamplona.com\\\/actualidad\\\/las-altas-temperaturas-de-primavera-verano-reducen-de-forma-drastica-en-la-ciudad-los-nidos-de-avispa-asiatica-vespa-velutina\\\/\",\"url\":\"https:\\\/\\\/www.laguiadepamplona.com\\\/actualidad\\\/las-altas-temperaturas-de-primavera-verano-reducen-de-forma-drastica-en-la-ciudad-los-nidos-de-avispa-asiatica-vespa-velutina\\\/\",\"name\":\"Las altas temperaturas de primavera-verano reducen de forma dr\u00e1stica en la ciudad los nidos de avispa asi\u00e1tica (Vespa velutina)\",\"isPartOf\":{\"@id\":\"https:\\\/\\\/www.laguiadepamplona.com\\\/actualidad\\\/#website\"},\"primaryImageOfPage\":{\"@id\":\"https:\\\/\\\/www.laguiadepamplona.com\\\/actualidad\\\/las-altas-temperaturas-de-primavera-verano-reducen-de-forma-drastica-en-la-ciudad-los-nidos-de-avispa-asiatica-vespa-velutina\\\/#primaryimage\"},\"image\":{\"@id\":\"https:\\\/\\\/www.laguiadepamplona.com\\\/actualidad\\\/las-altas-temperaturas-de-primavera-verano-reducen-de-forma-drastica-en-la-ciudad-los-nidos-de-avispa-asiatica-vespa-velutina\\\/#primaryimage\"},\"thumbnailUrl\":\"https:\\\/\\\/www.laguiadepamplona.com\\\/actualidad\\\/wp-content\\\/uploads\\\/2022\\\/08\\\/20220804-actuacionupna_avispa-asiatica.webp\",\"datePublished\":\"2022-08-23T09:56:18+00:00\",\"dateModified\":\"2023-04-11T09:47:53+00:00\",\"description\":\"El Parque de Desinfecci\u00f3n del Ayuntamiento solicita a la ciudadan\u00eda ayuda para detectar antes de que llegue el oto\u00f1o los que est\u00e1n ahora en formaci\u00f3n\",\"breadcrumb\":{\"@id\":\"https:\\\/\\\/www.laguiadepamplona.com\\\/actualidad\\\/las-altas-temperaturas-de-primavera-verano-reducen-de-forma-drastica-en-la-ciudad-los-nidos-de-avispa-asiatica-vespa-velutina\\\/#breadcrumb\"},\"inLanguage\":\"es\",\"potentialAction\":[{\"@type\":\"ReadAction\",\"target\":[\"https:\\\/\\\/www.laguiadepamplona.com\\\/actualidad\\\/las-altas-temperaturas-de-primavera-verano-reducen-de-forma-drastica-en-la-ciudad-los-nidos-de-avispa-asiatica-vespa-velutina\\\/\"]}]},{\"@type\":\"ImageObject\",\"inLanguage\":\"es\",\"@id\":\"https:\\\/\\\/www.laguiadepamplona.com\\\/actualidad\\\/las-altas-temperaturas-de-primavera-verano-reducen-de-forma-drastica-en-la-ciudad-los-nidos-de-avispa-asiatica-vespa-velutina\\\/#primaryimage\",\"url\":\"https:\\\/\\\/www.laguiadepamplona.com\\\/actualidad\\\/wp-content\\\/uploads\\\/2022\\\/08\\\/20220804-actuacionupna_avispa-asiatica.webp\",\"contentUrl\":\"https:\\\/\\\/www.laguiadepamplona.com\\\/actualidad\\\/wp-content\\\/uploads\\\/2022\\\/08\\\/20220804-actuacionupna_avispa-asiatica.webp\",\"width\":1920,\"height\":1080},{\"@type\":\"BreadcrumbList\",\"@id\":\"https:\\\/\\\/www.laguiadepamplona.com\\\/actualidad\\\/las-altas-temperaturas-de-primavera-verano-reducen-de-forma-drastica-en-la-ciudad-los-nidos-de-avispa-asiatica-vespa-velutina\\\/#breadcrumb\",\"itemListElement\":[{\"@type\":\"ListItem\",\"position\":1,\"name\":\"Portada\",\"item\":\"https:\\\/\\\/www.laguiadepamplona.com\\\/actualidad\\\/\"},{\"@type\":\"ListItem\",\"position\":2,\"name\":\"Las altas temperaturas de primavera-verano reducen de forma dr\u00e1stica en la ciudad los nidos de avispa asi\u00e1tica (Vespa velutina)\"}]},{\"@type\":\"WebSite\",\"@id\":\"https:\\\/\\\/www.laguiadepamplona.com\\\/actualidad\\\/#website\",\"url\":\"https:\\\/\\\/www.laguiadepamplona.com\\\/actualidad\\\/\",\"name\":\"La gu\u00eda de Pamplona\",\"description\":\"Noticias de Pamplona\",\"publisher\":{\"@id\":\"https:\\\/\\\/www.laguiadepamplona.com\\\/actualidad\\\/#organization\"},\"potentialAction\":[{\"@type\":\"SearchAction\",\"target\":{\"@type\":\"EntryPoint\",\"urlTemplate\":\"https:\\\/\\\/www.laguiadepamplona.com\\\/actualidad\\\/?s={search_term_string}\"},\"query-input\":{\"@type\":\"PropertyValueSpecification\",\"valueRequired\":true,\"valueName\":\"search_term_string\"}}],\"inLanguage\":\"es\"},{\"@type\":\"Organization\",\"@id\":\"https:\\\/\\\/www.laguiadepamplona.com\\\/actualidad\\\/#organization\",\"name\":\"La Gu\u00eda de Pamplona \\\/ Noticias\",\"url\":\"https:\\\/\\\/www.laguiadepamplona.com\\\/actualidad\\\/\",\"logo\":{\"@type\":\"ImageObject\",\"inLanguage\":\"es\",\"@id\":\"https:\\\/\\\/www.laguiadepamplona.com\\\/actualidad\\\/#\\\/schema\\\/logo\\\/image\\\/\",\"url\":\"https:\\\/\\\/www.laguiadepamplona.com\\\/actualidad\\\/wp-content\\\/uploads\\\/2018\\\/11\\\/logo-laguiadepamplona18-web1.png\",\"contentUrl\":\"https:\\\/\\\/www.laguiadepamplona.com\\\/actualidad\\\/wp-content\\\/uploads\\\/2018\\\/11\\\/logo-laguiadepamplona18-web1.png\",\"width\":600,\"height\":196,\"caption\":\"La Gu\u00eda de Pamplona \\\/ Noticias\"},\"image\":{\"@id\":\"https:\\\/\\\/www.laguiadepamplona.com\\\/actualidad\\\/#\\\/schema\\\/logo\\\/image\\\/\"},\"sameAs\":[\"https:\\\/\\\/www.facebook.com\\\/laguiadepamplonacom-133175176762273\\\/?ref=hl\",\"https:\\\/\\\/x.com\\\/LaGuiadPamplona\",\"https:\\\/\\\/www.instagram.com\\\/la_guia_de_pamplona\\\/\",\"https:\\\/\\\/www.youtube.com\\\/user\\\/laguiadepamplona\"]},{\"@type\":\"Person\",\"@id\":\"https:\\\/\\\/www.laguiadepamplona.com\\\/actualidad\\\/#\\\/schema\\\/person\\\/efe887376f0213d4657c93adc50b1fdb\",\"name\":\"La Gu\u00eda de Pamplona\",\"image\":{\"@type\":\"ImageObject\",\"inLanguage\":\"es\",\"@id\":\"https:\\\/\\\/secure.gravatar.com\\\/avatar\\\/b6992f131dc8d30ab0dff15446e9d346d9dbd95992de0fef795073f5ea83a81c?s=96&d=mm&r=g\",\"url\":\"https:\\\/\\\/secure.gravatar.com\\\/avatar\\\/b6992f131dc8d30ab0dff15446e9d346d9dbd95992de0fef795073f5ea83a81c?s=96&d=mm&r=g\",\"contentUrl\":\"https:\\\/\\\/secure.gravatar.com\\\/avatar\\\/b6992f131dc8d30ab0dff15446e9d346d9dbd95992de0fef795073f5ea83a81c?s=96&d=mm&r=g\",\"caption\":\"La Gu\u00eda de Pamplona\"}}]}<\/script>\n<!-- \/ Yoast SEO plugin. -->","yoast_head_json":{"title":"Las altas temperaturas de primavera-verano reducen de forma dr\u00e1stica en la ciudad los nidos de avispa asi\u00e1tica (Vespa velutina)","description":"El Parque de Desinfecci\u00f3n del Ayuntamiento solicita a la ciudadan\u00eda ayuda para detectar antes de que llegue el oto\u00f1o los que est\u00e1n ahora en formaci\u00f3n","robots":{"index":"index","follow":"follow","max-snippet":"max-snippet:-1","max-image-preview":"max-image-preview:large","max-video-preview":"max-video-preview:-1"},"canonical":"https:\/\/www.laguiadepamplona.com\/actualidad\/las-altas-temperaturas-de-primavera-verano-reducen-de-forma-drastica-en-la-ciudad-los-nidos-de-avispa-asiatica-vespa-velutina\/","og_locale":"es_ES","og_type":"article","og_title":"Las altas temperaturas de primavera-verano reducen de forma dr\u00e1stica en la ciudad los nidos de avispa asi\u00e1tica (Vespa velutina)","og_description":"El Parque de Desinfecci\u00f3n del Ayuntamiento solicita a la ciudadan\u00eda ayuda para detectar antes de que llegue el oto\u00f1o los que est\u00e1n ahora en formaci\u00f3n","og_url":"https:\/\/www.laguiadepamplona.com\/actualidad\/las-altas-temperaturas-de-primavera-verano-reducen-de-forma-drastica-en-la-ciudad-los-nidos-de-avispa-asiatica-vespa-velutina\/","og_site_name":"La Gu\u00eda de Pamplona","article_publisher":"https:\/\/www.facebook.com\/laguiadepamplonacom-133175176762273\/?ref=hl","article_published_time":"2022-08-23T09:56:18+00:00","article_modified_time":"2023-04-11T09:47:53+00:00","og_image":[{"width":1920,"height":1080,"url":"https:\/\/www.laguiadepamplona.com\/actualidad\/wp-content\/uploads\/2022\/08\/20220804-actuacionupna_avispa-asiatica.webp","type":"image\/webp"}],"author":"La Gu\u00eda de Pamplona","twitter_card":"summary_large_image","twitter_creator":"@LaGuiadPamplona","twitter_site":"@LaGuiadPamplona","twitter_misc":{"Escrito por":"La Gu\u00eda de Pamplona","Tiempo de lectura":"3 minutos"},"schema":{"@context":"https:\/\/schema.org","@graph":[{"@type":"Article","@id":"https:\/\/www.laguiadepamplona.com\/actualidad\/las-altas-temperaturas-de-primavera-verano-reducen-de-forma-drastica-en-la-ciudad-los-nidos-de-avispa-asiatica-vespa-velutina\/#article","isPartOf":{"@id":"https:\/\/www.laguiadepamplona.com\/actualidad\/las-altas-temperaturas-de-primavera-verano-reducen-de-forma-drastica-en-la-ciudad-los-nidos-de-avispa-asiatica-vespa-velutina\/"},"author":{"name":"La Gu\u00eda de Pamplona","@id":"https:\/\/www.laguiadepamplona.com\/actualidad\/#\/schema\/person\/efe887376f0213d4657c93adc50b1fdb"},"headline":"Las altas temperaturas de primavera-verano reducen de forma dr\u00e1stica en la ciudad los nidos de avispa asi\u00e1tica (Vespa velutina)","datePublished":"2022-08-23T09:56:18+00:00","dateModified":"2023-04-11T09:47:53+00:00","mainEntityOfPage":{"@id":"https:\/\/www.laguiadepamplona.com\/actualidad\/las-altas-temperaturas-de-primavera-verano-reducen-de-forma-drastica-en-la-ciudad-los-nidos-de-avispa-asiatica-vespa-velutina\/"},"wordCount":588,"commentCount":0,"publisher":{"@id":"https:\/\/www.laguiadepamplona.com\/actualidad\/#organization"},"image":{"@id":"https:\/\/www.laguiadepamplona.com\/actualidad\/las-altas-temperaturas-de-primavera-verano-reducen-de-forma-drastica-en-la-ciudad-los-nidos-de-avispa-asiatica-vespa-velutina\/#primaryimage"},"thumbnailUrl":"https:\/\/www.laguiadepamplona.com\/actualidad\/wp-content\/uploads\/2022\/08\/20220804-actuacionupna_avispa-asiatica.webp","articleSection":["Ayto Pamplona"],"inLanguage":"es","potentialAction":[{"@type":"CommentAction","name":"Comment","target":["https:\/\/www.laguiadepamplona.com\/actualidad\/las-altas-temperaturas-de-primavera-verano-reducen-de-forma-drastica-en-la-ciudad-los-nidos-de-avispa-asiatica-vespa-velutina\/#respond"]}]},{"@type":"WebPage","@id":"https:\/\/www.laguiadepamplona.com\/actualidad\/las-altas-temperaturas-de-primavera-verano-reducen-de-forma-drastica-en-la-ciudad-los-nidos-de-avispa-asiatica-vespa-velutina\/","url":"https:\/\/www.laguiadepamplona.com\/actualidad\/las-altas-temperaturas-de-primavera-verano-reducen-de-forma-drastica-en-la-ciudad-los-nidos-de-avispa-asiatica-vespa-velutina\/","name":"Las altas temperaturas de primavera-verano reducen de forma dr\u00e1stica en la ciudad los nidos de avispa asi\u00e1tica (Vespa velutina)","isPartOf":{"@id":"https:\/\/www.laguiadepamplona.com\/actualidad\/#website"},"primaryImageOfPage":{"@id":"https:\/\/www.laguiadepamplona.com\/actualidad\/las-altas-temperaturas-de-primavera-verano-reducen-de-forma-drastica-en-la-ciudad-los-nidos-de-avispa-asiatica-vespa-velutina\/#primaryimage"},"image":{"@id":"https:\/\/www.laguiadepamplona.com\/actualidad\/las-altas-temperaturas-de-primavera-verano-reducen-de-forma-drastica-en-la-ciudad-los-nidos-de-avispa-asiatica-vespa-velutina\/#primaryimage"},"thumbnailUrl":"https:\/\/www.laguiadepamplona.com\/actualidad\/wp-content\/uploads\/2022\/08\/20220804-actuacionupna_avispa-asiatica.webp","datePublished":"2022-08-23T09:56:18+00:00","dateModified":"2023-04-11T09:47:53+00:00","description":"El Parque de Desinfecci\u00f3n del Ayuntamiento solicita a la ciudadan\u00eda ayuda para detectar antes de que llegue el oto\u00f1o los que est\u00e1n ahora en formaci\u00f3n","breadcrumb":{"@id":"https:\/\/www.laguiadepamplona.com\/actualidad\/las-altas-temperaturas-de-primavera-verano-reducen-de-forma-drastica-en-la-ciudad-los-nidos-de-avispa-asiatica-vespa-velutina\/#breadcrumb"},"inLanguage":"es","potentialAction":[{"@type":"ReadAction","target":["https:\/\/www.laguiadepamplona.com\/actualidad\/las-altas-temperaturas-de-primavera-verano-reducen-de-forma-drastica-en-la-ciudad-los-nidos-de-avispa-asiatica-vespa-velutina\/"]}]},{"@type":"ImageObject","inLanguage":"es","@id":"https:\/\/www.laguiadepamplona.com\/actualidad\/las-altas-temperaturas-de-primavera-verano-reducen-de-forma-drastica-en-la-ciudad-los-nidos-de-avispa-asiatica-vespa-velutina\/#primaryimage","url":"https:\/\/www.laguiadepamplona.com\/actualidad\/wp-content\/uploads\/2022\/08\/20220804-actuacionupna_avispa-asiatica.webp","contentUrl":"https:\/\/www.laguiadepamplona.com\/actualidad\/wp-content\/uploads\/2022\/08\/20220804-actuacionupna_avispa-asiatica.webp","width":1920,"height":1080},{"@type":"BreadcrumbList","@id":"https:\/\/www.laguiadepamplona.com\/actualidad\/las-altas-temperaturas-de-primavera-verano-reducen-de-forma-drastica-en-la-ciudad-los-nidos-de-avispa-asiatica-vespa-velutina\/#breadcrumb","itemListElement":[{"@type":"ListItem","position":1,"name":"Portada","item":"https:\/\/www.laguiadepamplona.com\/actualidad\/"},{"@type":"ListItem","position":2,"name":"Las altas temperaturas de primavera-verano reducen de forma dr\u00e1stica en la ciudad los nidos de avispa asi\u00e1tica (Vespa velutina)"}]},{"@type":"WebSite","@id":"https:\/\/www.laguiadepamplona.com\/actualidad\/#website","url":"https:\/\/www.laguiadepamplona.com\/actualidad\/","name":"La gu\u00eda de Pamplona","description":"Noticias de Pamplona","publisher":{"@id":"https:\/\/www.laguiadepamplona.com\/actualidad\/#organization"},"potentialAction":[{"@type":"SearchAction","target":{"@type":"EntryPoint","urlTemplate":"https:\/\/www.laguiadepamplona.com\/actualidad\/?s={search_term_string}"},"query-input":{"@type":"PropertyValueSpecification","valueRequired":true,"valueName":"search_term_string"}}],"inLanguage":"es"},{"@type":"Organization","@id":"https:\/\/www.laguiadepamplona.com\/actualidad\/#organization","name":"La Gu\u00eda de Pamplona \/ Noticias","url":"https:\/\/www.laguiadepamplona.com\/actualidad\/","logo":{"@type":"ImageObject","inLanguage":"es","@id":"https:\/\/www.laguiadepamplona.com\/actualidad\/#\/schema\/logo\/image\/","url":"https:\/\/www.laguiadepamplona.com\/actualidad\/wp-content\/uploads\/2018\/11\/logo-laguiadepamplona18-web1.png","contentUrl":"https:\/\/www.laguiadepamplona.com\/actualidad\/wp-content\/uploads\/2018\/11\/logo-laguiadepamplona18-web1.png","width":600,"height":196,"caption":"La Gu\u00eda de Pamplona \/ Noticias"},"image":{"@id":"https:\/\/www.laguiadepamplona.com\/actualidad\/#\/schema\/logo\/image\/"},"sameAs":["https:\/\/www.facebook.com\/laguiadepamplonacom-133175176762273\/?ref=hl","https:\/\/x.com\/LaGuiadPamplona","https:\/\/www.instagram.com\/la_guia_de_pamplona\/","https:\/\/www.youtube.com\/user\/laguiadepamplona"]},{"@type":"Person","@id":"https:\/\/www.laguiadepamplona.com\/actualidad\/#\/schema\/person\/efe887376f0213d4657c93adc50b1fdb","name":"La Gu\u00eda de Pamplona","image":{"@type":"ImageObject","inLanguage":"es","@id":"https:\/\/secure.gravatar.com\/avatar\/b6992f131dc8d30ab0dff15446e9d346d9dbd95992de0fef795073f5ea83a81c?s=96&d=mm&r=g","url":"https:\/\/secure.gravatar.com\/avatar\/b6992f131dc8d30ab0dff15446e9d346d9dbd95992de0fef795073f5ea83a81c?s=96&d=mm&r=g","contentUrl":"https:\/\/secure.gravatar.com\/avatar\/b6992f131dc8d30ab0dff15446e9d346d9dbd95992de0fef795073f5ea83a81c?s=96&d=mm&r=g","caption":"La Gu\u00eda de Pamplona"}}]}},"post_mailing_queue_ids":[],"_links":{"self":[{"href":"https:\/\/www.laguiadepamplona.com\/actualidad\/wp-json\/wp\/v2\/posts\/41365","targetHints":{"allow":["GET"]}}],"collection":[{"href":"https:\/\/www.laguiadepamplona.com\/actualidad\/wp-json\/wp\/v2\/posts"}],"about":[{"href":"https:\/\/www.laguiadepamplona.com\/actualidad\/wp-json\/wp\/v2\/types\/post"}],"author":[{"embeddable":true,"href":"https:\/\/www.laguiadepamplona.com\/actualidad\/wp-json\/wp\/v2\/users\/1"}],"replies":[{"embeddable":true,"href":"https:\/\/www.laguiadepamplona.com\/actualidad\/wp-json\/wp\/v2\/comments?post=41365"}],"version-history":[{"count":0,"href":"https:\/\/www.laguiadepamplona.com\/actualidad\/wp-json\/wp\/v2\/posts\/41365\/revisions"}],"wp:featuredmedia":[{"embeddable":true,"href":"https:\/\/www.laguiadepamplona.com\/actualidad\/wp-json\/wp\/v2\/media\/41366"}],"wp:attachment":[{"href":"https:\/\/www.laguiadepamplona.com\/actualidad\/wp-json\/wp\/v2\/media?parent=41365"}],"wp:term":[{"taxonomy":"category","embeddable":true,"href":"https:\/\/www.laguiadepamplona.com\/actualidad\/wp-json\/wp\/v2\/categories?post=41365"},{"taxonomy":"post_tag","embeddable":true,"href":"https:\/\/www.laguiadepamplona.com\/actualidad\/wp-json\/wp\/v2\/tags?post=41365"}],"curies":[{"name":"wp","href":"https:\/\/api.w.org\/{rel}","templated":true}]}}