{"id":41359,"date":"2022-08-22T16:59:33","date_gmt":"2022-08-22T14:59:33","guid":{"rendered":"https:\/\/www.laguiadepamplona.com\/actualidad\/?p=41359"},"modified":"2023-04-11T11:47:53","modified_gmt":"2023-04-11T09:47:53","slug":"un-total-de-1-507-escolares-de-1o-y-5o-de-primaria-participaron-el-pasado-curso-en-el-programa-municipal-de-talleres-de-teatro-en-centros-educativos","status":"publish","type":"post","link":"https:\/\/www.laguiadepamplona.com\/actualidad\/un-total-de-1-507-escolares-de-1o-y-5o-de-primaria-participaron-el-pasado-curso-en-el-programa-municipal-de-talleres-de-teatro-en-centros-educativos\/","title":{"rendered":"Un total de 1.507 escolares de 1\u00ba y 5\u00ba de Primaria participaron el pasado curso en el programa municipal de talleres de teatro en centros educativos"},"content":{"rendered":"<h5>La Junta de Gobierno Local ha aprobado la segunda pr\u00f3rroga del contrato, con un presupuesto de 97.008 euros<\/h5>\n<p><!--more--><\/p>\n<p>La Junta de Gobierno Local del Ayuntamiento de Pamplona ha aprobado la segunda pr\u00f3rroga del contrato para la organizaci\u00f3n y desarrollo del programa municipal de talleres de teatro en centros escolares de la ciudad. Se invertir\u00e1n 97.008 euros en una formaci\u00f3n dirigida a escolares de 1\u00ba y 5\u00ba de Primaria que seguir\u00e1 imparti\u00e9ndose durante el pr\u00f3ximo curso 2022 \u2013 2023. El curso pasado participaron en este programa 1.507 escolares de 1\u00ba y 5\u00ba de Primaria.<br \/>\n<script async src=\"\/\/pagead2.googlesyndication.com\/pagead\/js\/adsbygoogle.js\"><\/script><br \/>\n<!-- Noticias La Guia de Pamplona --><br \/>\n<ins class=\"adsbygoogle\"\nstyle=\"display:block\"\ndata-ad-client=\"ca-pub-6943679897239327\"\ndata-ad-slot=\"7048180777\"\ndata-ad-format=\"auto\"><\/ins><br \/>\n<script>\n(adsbygoogle = window.adsbygoogle || []).push({});\n<\/script><\/p>\n<p>El programa se basa en una concepci\u00f3n del juego dram\u00e1tico y la dramatizaci\u00f3n dirigida a posibilitar una expresi\u00f3n libre y creadora de todos los ni\u00f1os y ni\u00f1as, con el fin de aportar recursos educativos para una experiencia integradora de lenguajes expresivos. La dimensi\u00f3n educativa del teatro favorece la consecuci\u00f3n de capacidades y objetivos importantes en la educaci\u00f3n, tales como el desarrollo corporal, cognoscitivo, emocional, la interacci\u00f3n social acompa\u00f1ada de valores y actitudes, as\u00ed como la utilizaci\u00f3n de los recursos dram\u00e1ticos como actividad de apoyo, de manera transversal, para los aprendizajes instrumentales.<\/p>\n<p>Se busca enriquecer el campo de la experiencia y las relaciones de los escolares a trav\u00e9s de las situaciones m\u00e1s diversas, superando inhibiciones, miedos y complejos, en un espacio y un tiempo para aumentar la sensibilidad, la observaci\u00f3n y la escucha y para desarrollar la creatividad expresiva y contribuyendo al desarrollo integral de la personalidad de todos los ni\u00f1os y ni\u00f1as por parte de personas especialistas en la materia. El programa lo impartir\u00e1 la Escuela Navarra de Teatro \u2018El Colectivo\u2019, entre el 1 de septiembre de 2022 y el 30 de junio de 2023.<br \/>\n<script async src=\"\/\/pagead2.googlesyndication.com\/pagead\/js\/adsbygoogle.js\"><\/script><br \/>\n<!-- Noticias La Guia de Pamplona --><br \/>\n<ins class=\"adsbygoogle\"\nstyle=\"display:block\"\ndata-ad-client=\"ca-pub-6943679897239327\"\ndata-ad-slot=\"7048180777\"\ndata-ad-format=\"auto\"><\/ins><br \/>\n<script>\n(adsbygoogle = window.adsbygoogle || []).push({});\n<\/script><\/p>\n<p>Cada centro escolar puede elegir el nivel educativo que participar\u00e1 en el programa (1\u00ba o 5\u00ba curso de Primaria). Se imparten un m\u00e1ximo de 30 sesiones semanales, de 50 minutos de duraci\u00f3n, a lo largo de todo el curso por cada grupo participante. Dentro de ese n\u00famero m\u00e1ximo de sesiones est\u00e1n incluidas las destinadas a la formaci\u00f3n del profesorado y a la evaluaci\u00f3n del mismo. Las sesiones se realizan en castellano, euskera o ingl\u00e9s, seg\u00fan lo demanden los centros participantes.<\/p>\n","protected":false},"excerpt":{"rendered":"<p>La Junta de Gobierno Local ha aprobado la segunda pr\u00f3rroga del contrato, con un presupuesto de 97.008 euros<\/p>\n","protected":false},"author":1,"featured_media":41360,"comment_status":"open","ping_status":"closed","sticky":false,"template":"","format":"standard","meta":{"footnotes":""},"categories":[2],"tags":[],"class_list":["post-41359","post","type-post","status-publish","format-standard","has-post-thumbnail","hentry","category-ayuntamiento-pamplona"],"yoast_head":"<!-- This site is optimized with the Yoast SEO plugin v27.3 - https:\/\/yoast.com\/product\/yoast-seo-wordpress\/ -->\n<title>Un total de 1.507 escolares de 1\u00ba y 5\u00ba de Primaria participaron el pasado curso en el programa municipal de talleres de teatro en centros educativos<\/title>\n<meta name=\"description\" content=\"La Junta de Gobierno Local ha aprobado la segunda pr\u00f3rroga del contrato, con un presupuesto de 97.008 euros\" \/>\n<meta name=\"robots\" content=\"index, follow, max-snippet:-1, max-image-preview:large, max-video-preview:-1\" \/>\n<link rel=\"canonical\" href=\"https:\/\/www.laguiadepamplona.com\/actualidad\/un-total-de-1-507-escolares-de-1o-y-5o-de-primaria-participaron-el-pasado-curso-en-el-programa-municipal-de-talleres-de-teatro-en-centros-educativos\/\" \/>\n<meta property=\"og:locale\" content=\"es_ES\" \/>\n<meta property=\"og:type\" content=\"article\" \/>\n<meta property=\"og:title\" content=\"Un total de 1.507 escolares de 1\u00ba y 5\u00ba de Primaria participaron el pasado curso en el programa municipal de talleres de teatro en centros educativos\" \/>\n<meta property=\"og:description\" content=\"La Junta de Gobierno Local ha aprobado la segunda pr\u00f3rroga del contrato, con un presupuesto de 97.008 euros\" \/>\n<meta property=\"og:url\" content=\"https:\/\/www.laguiadepamplona.com\/actualidad\/un-total-de-1-507-escolares-de-1o-y-5o-de-primaria-participaron-el-pasado-curso-en-el-programa-municipal-de-talleres-de-teatro-en-centros-educativos\/\" \/>\n<meta property=\"og:site_name\" content=\"La Gu\u00eda de Pamplona\" \/>\n<meta property=\"article:publisher\" content=\"https:\/\/www.facebook.com\/laguiadepamplonacom-133175176762273\/?ref=hl\" \/>\n<meta property=\"article:published_time\" content=\"2022-08-22T14:59:33+00:00\" \/>\n<meta property=\"article:modified_time\" content=\"2023-04-11T09:47:53+00:00\" \/>\n<meta property=\"og:image\" content=\"https:\/\/www.laguiadepamplona.com\/actualidad\/wp-content\/uploads\/2022\/08\/talleres_teatro_cardenal_ilundain.webp\" \/>\n\t<meta property=\"og:image:width\" content=\"1199\" \/>\n\t<meta property=\"og:image:height\" content=\"797\" \/>\n\t<meta property=\"og:image:type\" content=\"image\/webp\" \/>\n<meta name=\"author\" content=\"La Gu\u00eda de Pamplona\" \/>\n<meta name=\"twitter:card\" content=\"summary_large_image\" \/>\n<meta name=\"twitter:creator\" content=\"@LaGuiadPamplona\" \/>\n<meta name=\"twitter:site\" content=\"@LaGuiadPamplona\" \/>\n<meta name=\"twitter:label1\" content=\"Escrito por\" \/>\n\t<meta name=\"twitter:data1\" content=\"La Gu\u00eda de Pamplona\" \/>\n\t<meta name=\"twitter:label2\" content=\"Tiempo de lectura\" \/>\n\t<meta name=\"twitter:data2\" content=\"2 minutos\" \/>\n<script type=\"application\/ld+json\" class=\"yoast-schema-graph\">{\"@context\":\"https:\\\/\\\/schema.org\",\"@graph\":[{\"@type\":\"Article\",\"@id\":\"https:\\\/\\\/www.laguiadepamplona.com\\\/actualidad\\\/un-total-de-1-507-escolares-de-1o-y-5o-de-primaria-participaron-el-pasado-curso-en-el-programa-municipal-de-talleres-de-teatro-en-centros-educativos\\\/#article\",\"isPartOf\":{\"@id\":\"https:\\\/\\\/www.laguiadepamplona.com\\\/actualidad\\\/un-total-de-1-507-escolares-de-1o-y-5o-de-primaria-participaron-el-pasado-curso-en-el-programa-municipal-de-talleres-de-teatro-en-centros-educativos\\\/\"},\"author\":{\"name\":\"La Gu\u00eda de Pamplona\",\"@id\":\"https:\\\/\\\/www.laguiadepamplona.com\\\/actualidad\\\/#\\\/schema\\\/person\\\/efe887376f0213d4657c93adc50b1fdb\"},\"headline\":\"Un total de 1.507 escolares de 1\u00ba y 5\u00ba de Primaria participaron el pasado curso en el programa municipal de talleres de teatro en centros educativos\",\"datePublished\":\"2022-08-22T14:59:33+00:00\",\"dateModified\":\"2023-04-11T09:47:53+00:00\",\"mainEntityOfPage\":{\"@id\":\"https:\\\/\\\/www.laguiadepamplona.com\\\/actualidad\\\/un-total-de-1-507-escolares-de-1o-y-5o-de-primaria-participaron-el-pasado-curso-en-el-programa-municipal-de-talleres-de-teatro-en-centros-educativos\\\/\"},\"wordCount\":397,\"commentCount\":0,\"publisher\":{\"@id\":\"https:\\\/\\\/www.laguiadepamplona.com\\\/actualidad\\\/#organization\"},\"image\":{\"@id\":\"https:\\\/\\\/www.laguiadepamplona.com\\\/actualidad\\\/un-total-de-1-507-escolares-de-1o-y-5o-de-primaria-participaron-el-pasado-curso-en-el-programa-municipal-de-talleres-de-teatro-en-centros-educativos\\\/#primaryimage\"},\"thumbnailUrl\":\"https:\\\/\\\/www.laguiadepamplona.com\\\/actualidad\\\/wp-content\\\/uploads\\\/2022\\\/08\\\/talleres_teatro_cardenal_ilundain.webp\",\"articleSection\":[\"Ayto Pamplona\"],\"inLanguage\":\"es\",\"potentialAction\":[{\"@type\":\"CommentAction\",\"name\":\"Comment\",\"target\":[\"https:\\\/\\\/www.laguiadepamplona.com\\\/actualidad\\\/un-total-de-1-507-escolares-de-1o-y-5o-de-primaria-participaron-el-pasado-curso-en-el-programa-municipal-de-talleres-de-teatro-en-centros-educativos\\\/#respond\"]}]},{\"@type\":\"WebPage\",\"@id\":\"https:\\\/\\\/www.laguiadepamplona.com\\\/actualidad\\\/un-total-de-1-507-escolares-de-1o-y-5o-de-primaria-participaron-el-pasado-curso-en-el-programa-municipal-de-talleres-de-teatro-en-centros-educativos\\\/\",\"url\":\"https:\\\/\\\/www.laguiadepamplona.com\\\/actualidad\\\/un-total-de-1-507-escolares-de-1o-y-5o-de-primaria-participaron-el-pasado-curso-en-el-programa-municipal-de-talleres-de-teatro-en-centros-educativos\\\/\",\"name\":\"Un total de 1.507 escolares de 1\u00ba y 5\u00ba de Primaria participaron el pasado curso en el programa municipal de talleres de teatro en centros educativos\",\"isPartOf\":{\"@id\":\"https:\\\/\\\/www.laguiadepamplona.com\\\/actualidad\\\/#website\"},\"primaryImageOfPage\":{\"@id\":\"https:\\\/\\\/www.laguiadepamplona.com\\\/actualidad\\\/un-total-de-1-507-escolares-de-1o-y-5o-de-primaria-participaron-el-pasado-curso-en-el-programa-municipal-de-talleres-de-teatro-en-centros-educativos\\\/#primaryimage\"},\"image\":{\"@id\":\"https:\\\/\\\/www.laguiadepamplona.com\\\/actualidad\\\/un-total-de-1-507-escolares-de-1o-y-5o-de-primaria-participaron-el-pasado-curso-en-el-programa-municipal-de-talleres-de-teatro-en-centros-educativos\\\/#primaryimage\"},\"thumbnailUrl\":\"https:\\\/\\\/www.laguiadepamplona.com\\\/actualidad\\\/wp-content\\\/uploads\\\/2022\\\/08\\\/talleres_teatro_cardenal_ilundain.webp\",\"datePublished\":\"2022-08-22T14:59:33+00:00\",\"dateModified\":\"2023-04-11T09:47:53+00:00\",\"description\":\"La Junta de Gobierno Local ha aprobado la segunda pr\u00f3rroga del contrato, con un presupuesto de 97.008 euros\",\"breadcrumb\":{\"@id\":\"https:\\\/\\\/www.laguiadepamplona.com\\\/actualidad\\\/un-total-de-1-507-escolares-de-1o-y-5o-de-primaria-participaron-el-pasado-curso-en-el-programa-municipal-de-talleres-de-teatro-en-centros-educativos\\\/#breadcrumb\"},\"inLanguage\":\"es\",\"potentialAction\":[{\"@type\":\"ReadAction\",\"target\":[\"https:\\\/\\\/www.laguiadepamplona.com\\\/actualidad\\\/un-total-de-1-507-escolares-de-1o-y-5o-de-primaria-participaron-el-pasado-curso-en-el-programa-municipal-de-talleres-de-teatro-en-centros-educativos\\\/\"]}]},{\"@type\":\"ImageObject\",\"inLanguage\":\"es\",\"@id\":\"https:\\\/\\\/www.laguiadepamplona.com\\\/actualidad\\\/un-total-de-1-507-escolares-de-1o-y-5o-de-primaria-participaron-el-pasado-curso-en-el-programa-municipal-de-talleres-de-teatro-en-centros-educativos\\\/#primaryimage\",\"url\":\"https:\\\/\\\/www.laguiadepamplona.com\\\/actualidad\\\/wp-content\\\/uploads\\\/2022\\\/08\\\/talleres_teatro_cardenal_ilundain.webp\",\"contentUrl\":\"https:\\\/\\\/www.laguiadepamplona.com\\\/actualidad\\\/wp-content\\\/uploads\\\/2022\\\/08\\\/talleres_teatro_cardenal_ilundain.webp\",\"width\":1199,\"height\":797},{\"@type\":\"BreadcrumbList\",\"@id\":\"https:\\\/\\\/www.laguiadepamplona.com\\\/actualidad\\\/un-total-de-1-507-escolares-de-1o-y-5o-de-primaria-participaron-el-pasado-curso-en-el-programa-municipal-de-talleres-de-teatro-en-centros-educativos\\\/#breadcrumb\",\"itemListElement\":[{\"@type\":\"ListItem\",\"position\":1,\"name\":\"Portada\",\"item\":\"https:\\\/\\\/www.laguiadepamplona.com\\\/actualidad\\\/\"},{\"@type\":\"ListItem\",\"position\":2,\"name\":\"Un total de 1.507 escolares de 1\u00ba y 5\u00ba de Primaria participaron el pasado curso en el programa municipal de talleres de teatro en centros educativos\"}]},{\"@type\":\"WebSite\",\"@id\":\"https:\\\/\\\/www.laguiadepamplona.com\\\/actualidad\\\/#website\",\"url\":\"https:\\\/\\\/www.laguiadepamplona.com\\\/actualidad\\\/\",\"name\":\"La gu\u00eda de Pamplona\",\"description\":\"Noticias de Pamplona\",\"publisher\":{\"@id\":\"https:\\\/\\\/www.laguiadepamplona.com\\\/actualidad\\\/#organization\"},\"potentialAction\":[{\"@type\":\"SearchAction\",\"target\":{\"@type\":\"EntryPoint\",\"urlTemplate\":\"https:\\\/\\\/www.laguiadepamplona.com\\\/actualidad\\\/?s={search_term_string}\"},\"query-input\":{\"@type\":\"PropertyValueSpecification\",\"valueRequired\":true,\"valueName\":\"search_term_string\"}}],\"inLanguage\":\"es\"},{\"@type\":\"Organization\",\"@id\":\"https:\\\/\\\/www.laguiadepamplona.com\\\/actualidad\\\/#organization\",\"name\":\"La Gu\u00eda de Pamplona \\\/ Noticias\",\"url\":\"https:\\\/\\\/www.laguiadepamplona.com\\\/actualidad\\\/\",\"logo\":{\"@type\":\"ImageObject\",\"inLanguage\":\"es\",\"@id\":\"https:\\\/\\\/www.laguiadepamplona.com\\\/actualidad\\\/#\\\/schema\\\/logo\\\/image\\\/\",\"url\":\"https:\\\/\\\/www.laguiadepamplona.com\\\/actualidad\\\/wp-content\\\/uploads\\\/2018\\\/11\\\/logo-laguiadepamplona18-web1.png\",\"contentUrl\":\"https:\\\/\\\/www.laguiadepamplona.com\\\/actualidad\\\/wp-content\\\/uploads\\\/2018\\\/11\\\/logo-laguiadepamplona18-web1.png\",\"width\":600,\"height\":196,\"caption\":\"La Gu\u00eda de Pamplona \\\/ Noticias\"},\"image\":{\"@id\":\"https:\\\/\\\/www.laguiadepamplona.com\\\/actualidad\\\/#\\\/schema\\\/logo\\\/image\\\/\"},\"sameAs\":[\"https:\\\/\\\/www.facebook.com\\\/laguiadepamplonacom-133175176762273\\\/?ref=hl\",\"https:\\\/\\\/x.com\\\/LaGuiadPamplona\",\"https:\\\/\\\/www.instagram.com\\\/la_guia_de_pamplona\\\/\",\"https:\\\/\\\/www.youtube.com\\\/user\\\/laguiadepamplona\"]},{\"@type\":\"Person\",\"@id\":\"https:\\\/\\\/www.laguiadepamplona.com\\\/actualidad\\\/#\\\/schema\\\/person\\\/efe887376f0213d4657c93adc50b1fdb\",\"name\":\"La Gu\u00eda de Pamplona\",\"image\":{\"@type\":\"ImageObject\",\"inLanguage\":\"es\",\"@id\":\"https:\\\/\\\/secure.gravatar.com\\\/avatar\\\/b6992f131dc8d30ab0dff15446e9d346d9dbd95992de0fef795073f5ea83a81c?s=96&d=mm&r=g\",\"url\":\"https:\\\/\\\/secure.gravatar.com\\\/avatar\\\/b6992f131dc8d30ab0dff15446e9d346d9dbd95992de0fef795073f5ea83a81c?s=96&d=mm&r=g\",\"contentUrl\":\"https:\\\/\\\/secure.gravatar.com\\\/avatar\\\/b6992f131dc8d30ab0dff15446e9d346d9dbd95992de0fef795073f5ea83a81c?s=96&d=mm&r=g\",\"caption\":\"La Gu\u00eda de Pamplona\"}}]}<\/script>\n<!-- \/ Yoast SEO plugin. -->","yoast_head_json":{"title":"Un total de 1.507 escolares de 1\u00ba y 5\u00ba de Primaria participaron el pasado curso en el programa municipal de talleres de teatro en centros educativos","description":"La Junta de Gobierno Local ha aprobado la segunda pr\u00f3rroga del contrato, con un presupuesto de 97.008 euros","robots":{"index":"index","follow":"follow","max-snippet":"max-snippet:-1","max-image-preview":"max-image-preview:large","max-video-preview":"max-video-preview:-1"},"canonical":"https:\/\/www.laguiadepamplona.com\/actualidad\/un-total-de-1-507-escolares-de-1o-y-5o-de-primaria-participaron-el-pasado-curso-en-el-programa-municipal-de-talleres-de-teatro-en-centros-educativos\/","og_locale":"es_ES","og_type":"article","og_title":"Un total de 1.507 escolares de 1\u00ba y 5\u00ba de Primaria participaron el pasado curso en el programa municipal de talleres de teatro en centros educativos","og_description":"La Junta de Gobierno Local ha aprobado la segunda pr\u00f3rroga del contrato, con un presupuesto de 97.008 euros","og_url":"https:\/\/www.laguiadepamplona.com\/actualidad\/un-total-de-1-507-escolares-de-1o-y-5o-de-primaria-participaron-el-pasado-curso-en-el-programa-municipal-de-talleres-de-teatro-en-centros-educativos\/","og_site_name":"La Gu\u00eda de Pamplona","article_publisher":"https:\/\/www.facebook.com\/laguiadepamplonacom-133175176762273\/?ref=hl","article_published_time":"2022-08-22T14:59:33+00:00","article_modified_time":"2023-04-11T09:47:53+00:00","og_image":[{"width":1199,"height":797,"url":"https:\/\/www.laguiadepamplona.com\/actualidad\/wp-content\/uploads\/2022\/08\/talleres_teatro_cardenal_ilundain.webp","type":"image\/webp"}],"author":"La Gu\u00eda de Pamplona","twitter_card":"summary_large_image","twitter_creator":"@LaGuiadPamplona","twitter_site":"@LaGuiadPamplona","twitter_misc":{"Escrito por":"La Gu\u00eda de Pamplona","Tiempo de lectura":"2 minutos"},"schema":{"@context":"https:\/\/schema.org","@graph":[{"@type":"Article","@id":"https:\/\/www.laguiadepamplona.com\/actualidad\/un-total-de-1-507-escolares-de-1o-y-5o-de-primaria-participaron-el-pasado-curso-en-el-programa-municipal-de-talleres-de-teatro-en-centros-educativos\/#article","isPartOf":{"@id":"https:\/\/www.laguiadepamplona.com\/actualidad\/un-total-de-1-507-escolares-de-1o-y-5o-de-primaria-participaron-el-pasado-curso-en-el-programa-municipal-de-talleres-de-teatro-en-centros-educativos\/"},"author":{"name":"La Gu\u00eda de Pamplona","@id":"https:\/\/www.laguiadepamplona.com\/actualidad\/#\/schema\/person\/efe887376f0213d4657c93adc50b1fdb"},"headline":"Un total de 1.507 escolares de 1\u00ba y 5\u00ba de Primaria participaron el pasado curso en el programa municipal de talleres de teatro en centros educativos","datePublished":"2022-08-22T14:59:33+00:00","dateModified":"2023-04-11T09:47:53+00:00","mainEntityOfPage":{"@id":"https:\/\/www.laguiadepamplona.com\/actualidad\/un-total-de-1-507-escolares-de-1o-y-5o-de-primaria-participaron-el-pasado-curso-en-el-programa-municipal-de-talleres-de-teatro-en-centros-educativos\/"},"wordCount":397,"commentCount":0,"publisher":{"@id":"https:\/\/www.laguiadepamplona.com\/actualidad\/#organization"},"image":{"@id":"https:\/\/www.laguiadepamplona.com\/actualidad\/un-total-de-1-507-escolares-de-1o-y-5o-de-primaria-participaron-el-pasado-curso-en-el-programa-municipal-de-talleres-de-teatro-en-centros-educativos\/#primaryimage"},"thumbnailUrl":"https:\/\/www.laguiadepamplona.com\/actualidad\/wp-content\/uploads\/2022\/08\/talleres_teatro_cardenal_ilundain.webp","articleSection":["Ayto Pamplona"],"inLanguage":"es","potentialAction":[{"@type":"CommentAction","name":"Comment","target":["https:\/\/www.laguiadepamplona.com\/actualidad\/un-total-de-1-507-escolares-de-1o-y-5o-de-primaria-participaron-el-pasado-curso-en-el-programa-municipal-de-talleres-de-teatro-en-centros-educativos\/#respond"]}]},{"@type":"WebPage","@id":"https:\/\/www.laguiadepamplona.com\/actualidad\/un-total-de-1-507-escolares-de-1o-y-5o-de-primaria-participaron-el-pasado-curso-en-el-programa-municipal-de-talleres-de-teatro-en-centros-educativos\/","url":"https:\/\/www.laguiadepamplona.com\/actualidad\/un-total-de-1-507-escolares-de-1o-y-5o-de-primaria-participaron-el-pasado-curso-en-el-programa-municipal-de-talleres-de-teatro-en-centros-educativos\/","name":"Un total de 1.507 escolares de 1\u00ba y 5\u00ba de Primaria participaron el pasado curso en el programa municipal de talleres de teatro en centros educativos","isPartOf":{"@id":"https:\/\/www.laguiadepamplona.com\/actualidad\/#website"},"primaryImageOfPage":{"@id":"https:\/\/www.laguiadepamplona.com\/actualidad\/un-total-de-1-507-escolares-de-1o-y-5o-de-primaria-participaron-el-pasado-curso-en-el-programa-municipal-de-talleres-de-teatro-en-centros-educativos\/#primaryimage"},"image":{"@id":"https:\/\/www.laguiadepamplona.com\/actualidad\/un-total-de-1-507-escolares-de-1o-y-5o-de-primaria-participaron-el-pasado-curso-en-el-programa-municipal-de-talleres-de-teatro-en-centros-educativos\/#primaryimage"},"thumbnailUrl":"https:\/\/www.laguiadepamplona.com\/actualidad\/wp-content\/uploads\/2022\/08\/talleres_teatro_cardenal_ilundain.webp","datePublished":"2022-08-22T14:59:33+00:00","dateModified":"2023-04-11T09:47:53+00:00","description":"La Junta de Gobierno Local ha aprobado la segunda pr\u00f3rroga del contrato, con un presupuesto de 97.008 euros","breadcrumb":{"@id":"https:\/\/www.laguiadepamplona.com\/actualidad\/un-total-de-1-507-escolares-de-1o-y-5o-de-primaria-participaron-el-pasado-curso-en-el-programa-municipal-de-talleres-de-teatro-en-centros-educativos\/#breadcrumb"},"inLanguage":"es","potentialAction":[{"@type":"ReadAction","target":["https:\/\/www.laguiadepamplona.com\/actualidad\/un-total-de-1-507-escolares-de-1o-y-5o-de-primaria-participaron-el-pasado-curso-en-el-programa-municipal-de-talleres-de-teatro-en-centros-educativos\/"]}]},{"@type":"ImageObject","inLanguage":"es","@id":"https:\/\/www.laguiadepamplona.com\/actualidad\/un-total-de-1-507-escolares-de-1o-y-5o-de-primaria-participaron-el-pasado-curso-en-el-programa-municipal-de-talleres-de-teatro-en-centros-educativos\/#primaryimage","url":"https:\/\/www.laguiadepamplona.com\/actualidad\/wp-content\/uploads\/2022\/08\/talleres_teatro_cardenal_ilundain.webp","contentUrl":"https:\/\/www.laguiadepamplona.com\/actualidad\/wp-content\/uploads\/2022\/08\/talleres_teatro_cardenal_ilundain.webp","width":1199,"height":797},{"@type":"BreadcrumbList","@id":"https:\/\/www.laguiadepamplona.com\/actualidad\/un-total-de-1-507-escolares-de-1o-y-5o-de-primaria-participaron-el-pasado-curso-en-el-programa-municipal-de-talleres-de-teatro-en-centros-educativos\/#breadcrumb","itemListElement":[{"@type":"ListItem","position":1,"name":"Portada","item":"https:\/\/www.laguiadepamplona.com\/actualidad\/"},{"@type":"ListItem","position":2,"name":"Un total de 1.507 escolares de 1\u00ba y 5\u00ba de Primaria participaron el pasado curso en el programa municipal de talleres de teatro en centros educativos"}]},{"@type":"WebSite","@id":"https:\/\/www.laguiadepamplona.com\/actualidad\/#website","url":"https:\/\/www.laguiadepamplona.com\/actualidad\/","name":"La gu\u00eda de Pamplona","description":"Noticias de Pamplona","publisher":{"@id":"https:\/\/www.laguiadepamplona.com\/actualidad\/#organization"},"potentialAction":[{"@type":"SearchAction","target":{"@type":"EntryPoint","urlTemplate":"https:\/\/www.laguiadepamplona.com\/actualidad\/?s={search_term_string}"},"query-input":{"@type":"PropertyValueSpecification","valueRequired":true,"valueName":"search_term_string"}}],"inLanguage":"es"},{"@type":"Organization","@id":"https:\/\/www.laguiadepamplona.com\/actualidad\/#organization","name":"La Gu\u00eda de Pamplona \/ Noticias","url":"https:\/\/www.laguiadepamplona.com\/actualidad\/","logo":{"@type":"ImageObject","inLanguage":"es","@id":"https:\/\/www.laguiadepamplona.com\/actualidad\/#\/schema\/logo\/image\/","url":"https:\/\/www.laguiadepamplona.com\/actualidad\/wp-content\/uploads\/2018\/11\/logo-laguiadepamplona18-web1.png","contentUrl":"https:\/\/www.laguiadepamplona.com\/actualidad\/wp-content\/uploads\/2018\/11\/logo-laguiadepamplona18-web1.png","width":600,"height":196,"caption":"La Gu\u00eda de Pamplona \/ Noticias"},"image":{"@id":"https:\/\/www.laguiadepamplona.com\/actualidad\/#\/schema\/logo\/image\/"},"sameAs":["https:\/\/www.facebook.com\/laguiadepamplonacom-133175176762273\/?ref=hl","https:\/\/x.com\/LaGuiadPamplona","https:\/\/www.instagram.com\/la_guia_de_pamplona\/","https:\/\/www.youtube.com\/user\/laguiadepamplona"]},{"@type":"Person","@id":"https:\/\/www.laguiadepamplona.com\/actualidad\/#\/schema\/person\/efe887376f0213d4657c93adc50b1fdb","name":"La Gu\u00eda de Pamplona","image":{"@type":"ImageObject","inLanguage":"es","@id":"https:\/\/secure.gravatar.com\/avatar\/b6992f131dc8d30ab0dff15446e9d346d9dbd95992de0fef795073f5ea83a81c?s=96&d=mm&r=g","url":"https:\/\/secure.gravatar.com\/avatar\/b6992f131dc8d30ab0dff15446e9d346d9dbd95992de0fef795073f5ea83a81c?s=96&d=mm&r=g","contentUrl":"https:\/\/secure.gravatar.com\/avatar\/b6992f131dc8d30ab0dff15446e9d346d9dbd95992de0fef795073f5ea83a81c?s=96&d=mm&r=g","caption":"La Gu\u00eda de Pamplona"}}]}},"post_mailing_queue_ids":[],"_links":{"self":[{"href":"https:\/\/www.laguiadepamplona.com\/actualidad\/wp-json\/wp\/v2\/posts\/41359","targetHints":{"allow":["GET"]}}],"collection":[{"href":"https:\/\/www.laguiadepamplona.com\/actualidad\/wp-json\/wp\/v2\/posts"}],"about":[{"href":"https:\/\/www.laguiadepamplona.com\/actualidad\/wp-json\/wp\/v2\/types\/post"}],"author":[{"embeddable":true,"href":"https:\/\/www.laguiadepamplona.com\/actualidad\/wp-json\/wp\/v2\/users\/1"}],"replies":[{"embeddable":true,"href":"https:\/\/www.laguiadepamplona.com\/actualidad\/wp-json\/wp\/v2\/comments?post=41359"}],"version-history":[{"count":0,"href":"https:\/\/www.laguiadepamplona.com\/actualidad\/wp-json\/wp\/v2\/posts\/41359\/revisions"}],"wp:featuredmedia":[{"embeddable":true,"href":"https:\/\/www.laguiadepamplona.com\/actualidad\/wp-json\/wp\/v2\/media\/41360"}],"wp:attachment":[{"href":"https:\/\/www.laguiadepamplona.com\/actualidad\/wp-json\/wp\/v2\/media?parent=41359"}],"wp:term":[{"taxonomy":"category","embeddable":true,"href":"https:\/\/www.laguiadepamplona.com\/actualidad\/wp-json\/wp\/v2\/categories?post=41359"},{"taxonomy":"post_tag","embeddable":true,"href":"https:\/\/www.laguiadepamplona.com\/actualidad\/wp-json\/wp\/v2\/tags?post=41359"}],"curies":[{"name":"wp","href":"https:\/\/api.w.org\/{rel}","templated":true}]}}