{"id":41352,"date":"2022-08-22T12:42:11","date_gmt":"2022-08-22T10:42:11","guid":{"rendered":"https:\/\/www.laguiadepamplona.com\/actualidad\/?p=41352"},"modified":"2023-04-11T11:47:53","modified_gmt":"2023-04-11T09:47:53","slug":"el-palacio-de-ezpeleta-acoge-los-tres-ultimos-espectaculos-del-verano-burbugrafia-circo-y-un-trio-que-utiliza-instrumentos-construidos-con-materiales-reutilizados","status":"publish","type":"post","link":"https:\/\/www.laguiadepamplona.com\/actualidad\/el-palacio-de-ezpeleta-acoge-los-tres-ultimos-espectaculos-del-verano-burbugrafia-circo-y-un-trio-que-utiliza-instrumentos-construidos-con-materiales-reutilizados\/","title":{"rendered":"El palacio de Ezpeleta acoge los tres \u00faltimos espect\u00e1culos del verano: burbugraf\u00eda, circo y un tr\u00edo que utiliza instrumentos construidos con materiales reutilizados"},"content":{"rendered":"<h5>En cuatro semanas se est\u00e1n desarrollando 15 propuestas gratuitas destinadas a p\u00fablico familiar entre espect\u00e1culos, talleres e instalaciones<\/h5>\n<p><!--more--><\/p>\n<p>Comienza la \u00faltima semana de actividades familiares en el palacio de Ezpeleta, enclavado en el Casco Antiguo de la ciudad. Esta tarde el colectivo Ak-Kaligramak y Art Cinco propone a p\u00fablico infantil a partir de 5 a\u00f1os acercarse a su \u2018Universo Burbuja\u2019, un circuito para experimentar con la burbugraf\u00eda en juego libre. El entorno se llenar\u00e1 de burbujas de todos los tama\u00f1os y colores y se realizar\u00e1 un taller espec\u00edfico sobre burbugraf\u00eda a las 18.30 horas. La participaci\u00f3n es libre, pero los menores deber\u00e1n estar acompa\u00f1ados por una persona adulta en el transcurso de la actividad.<br \/>\n<script async src=\"\/\/pagead2.googlesyndication.com\/pagead\/js\/adsbygoogle.js\"><\/script><br \/>\n<!-- Noticias La Guia de Pamplona --><br \/>\n<ins class=\"adsbygoogle\"\nstyle=\"display:block\"\ndata-ad-client=\"ca-pub-6943679897239327\"\ndata-ad-slot=\"7048180777\"\ndata-ad-format=\"auto\"><\/ins><br \/>\n<script>\n(adsbygoogle = window.adsbygoogle || []).push({});\n<\/script><\/p>\n<p>Y el martes 23 de agosto la propuesta es de artes de calle. La compa\u00f1\u00eda burgalesa Tiritirantes, a las 19 horas y con entrada libre, pondr\u00e1 sobre el escenario una simbiosis de circo, magia y humor con dos personajes de la tradici\u00f3n oral: Birly y Birloque. Ambos trabajan en el Hotel Para\u00edso, un establecimiento que vivi\u00f3 mejores tiempos. Acrobacias, malabares y monociclos salpimentar\u00e1n este espect\u00e1culo gratuito, de aproximadamente 60 minutos de duraci\u00f3n y destinado a p\u00fablico infantil. La Compa\u00f1\u00eda de Circo y Teatro Tiritirantes comenz\u00f3 su andadura en 2004 y mantiene una escuela de circo infantil y juvenil.<\/p>\n<p>Finalmente, el mi\u00e9rcoles 24 tendr\u00e1 lugar la \u00faltima cita del ciclo con \u2018M\u00fasica de lo ins\u00f3lito\u2019 un concierto que ofrecer\u00e1 ORT, el tr\u00edo autodenominado \u201corquesta reus\u00f3nica\u201d, un vocablo que viene inspirado en el concepto de reutilizaci\u00f3n. Su espect\u00e1culo es un viaje por m\u00fasica, desde la m\u00e1s tradicional hasta el jazz, y por distintas historias con el objetivo de ayudar a reducir la huella ecol\u00f3gica. Este concierto se centra, concretamente, en el ecosistema marino. Sus integrantes son tres m\u00fasicos con larga experiencia en trabajar con objetos inusuales que se re\u00fanen en un concierto realizado con instrumentos auto-construidos.<br \/>\n<script async src=\"\/\/pagead2.googlesyndication.com\/pagead\/js\/adsbygoogle.js\"><\/script><br \/>\n<!-- Noticias La Guia de Pamplona --><br \/>\n<ins class=\"adsbygoogle\"\nstyle=\"display:block\"\ndata-ad-client=\"ca-pub-6943679897239327\"\ndata-ad-slot=\"7048180777\"\ndata-ad-format=\"auto\"><\/ins><br \/>\n<script>\n(adsbygoogle = window.adsbygoogle || []).push({});\n<\/script><\/p>\n<p>Sobre el escenario, el compositor, instrumentista y cantante Rocco Pap\u00eca, Xavi Lozano, conocido por su faceta de colaborador en programas de educaci\u00f3n musical en radio y televisi\u00f3n, y Antonio S\u00e1nchez Barranco, un percusionista que ha colaborado con artistas como Silvia P\u00e9rez-Cruz, Maria del Mar Bonet o Miguel Poveda. Un encuentro \u00fanico y diferente que pretende sensibilizar al p\u00fablico a trav\u00e9s de la reutilizaci\u00f3n creativa de objetos y materiales de desecho en m\u00fasica.<\/p>\n<p>En este ciclo del Ayuntamiento de Pamplona a trav\u00e9s de la red Civivox del 2 al 24 de agosto se han programados espect\u00e1culos con tres ejes tem\u00e1ticos: las artes de calle, encuentros musicales de car\u00e1cter familiar y espacios para talleres y juegos. A lo largo de cuatro semanas se est\u00e1n desarrollando 15 propuestas gratuitas destinadas a p\u00fablico familiar entre espect\u00e1culos, talleres e instalaciones.<\/p>\n","protected":false},"excerpt":{"rendered":"<p>En cuatro semanas se est\u00e1n desarrollando 15 propuestas gratuitas destinadas a p\u00fablico familiar entre espect\u00e1culos, talleres e instalaciones<\/p>\n","protected":false},"author":1,"featured_media":41353,"comment_status":"open","ping_status":"closed","sticky":false,"template":"","format":"standard","meta":{"footnotes":""},"categories":[2],"tags":[],"class_list":["post-41352","post","type-post","status-publish","format-standard","has-post-thumbnail","hentry","category-ayuntamiento-pamplona"],"yoast_head":"<!-- This site is optimized with the Yoast SEO plugin v27.3 - https:\/\/yoast.com\/product\/yoast-seo-wordpress\/ -->\n<title>El palacio de Ezpeleta acoge los tres \u00faltimos espect\u00e1culos del verano: burbugraf\u00eda, circo y un tr\u00edo que utiliza instrumentos construidos con materiales reutilizados<\/title>\n<meta name=\"description\" content=\"En cuatro semanas se est\u00e1n desarrollando 15 propuestas gratuitas destinadas a p\u00fablico familiar entre espect\u00e1culos, talleres e instalaciones\" \/>\n<meta name=\"robots\" content=\"index, follow, max-snippet:-1, max-image-preview:large, max-video-preview:-1\" \/>\n<link rel=\"canonical\" href=\"https:\/\/www.laguiadepamplona.com\/actualidad\/el-palacio-de-ezpeleta-acoge-los-tres-ultimos-espectaculos-del-verano-burbugrafia-circo-y-un-trio-que-utiliza-instrumentos-construidos-con-materiales-reutilizados\/\" \/>\n<meta property=\"og:locale\" content=\"es_ES\" \/>\n<meta property=\"og:type\" content=\"article\" \/>\n<meta property=\"og:title\" content=\"El palacio de Ezpeleta acoge los tres \u00faltimos espect\u00e1culos del verano: burbugraf\u00eda, circo y un tr\u00edo que utiliza instrumentos construidos con materiales reutilizados\" \/>\n<meta property=\"og:description\" content=\"En cuatro semanas se est\u00e1n desarrollando 15 propuestas gratuitas destinadas a p\u00fablico familiar entre espect\u00e1culos, talleres e instalaciones\" \/>\n<meta property=\"og:url\" content=\"https:\/\/www.laguiadepamplona.com\/actualidad\/el-palacio-de-ezpeleta-acoge-los-tres-ultimos-espectaculos-del-verano-burbugrafia-circo-y-un-trio-que-utiliza-instrumentos-construidos-con-materiales-reutilizados\/\" \/>\n<meta property=\"og:site_name\" content=\"La Gu\u00eda de Pamplona\" \/>\n<meta property=\"article:publisher\" content=\"https:\/\/www.facebook.com\/laguiadepamplonacom-133175176762273\/?ref=hl\" \/>\n<meta property=\"article:published_time\" content=\"2022-08-22T10:42:11+00:00\" \/>\n<meta property=\"article:modified_time\" content=\"2023-04-11T09:47:53+00:00\" \/>\n<meta property=\"og:image\" content=\"https:\/\/www.laguiadepamplona.com\/actualidad\/wp-content\/uploads\/2022\/08\/q5a8250infantil22-08-03.webp\" \/>\n\t<meta property=\"og:image:width\" content=\"1920\" \/>\n\t<meta property=\"og:image:height\" content=\"1281\" \/>\n\t<meta property=\"og:image:type\" content=\"image\/webp\" \/>\n<meta name=\"author\" content=\"La Gu\u00eda de Pamplona\" \/>\n<meta name=\"twitter:card\" content=\"summary_large_image\" \/>\n<meta name=\"twitter:creator\" content=\"@LaGuiadPamplona\" \/>\n<meta name=\"twitter:site\" content=\"@LaGuiadPamplona\" \/>\n<meta name=\"twitter:label1\" content=\"Escrito por\" \/>\n\t<meta name=\"twitter:data1\" content=\"La Gu\u00eda de Pamplona\" \/>\n\t<meta name=\"twitter:label2\" content=\"Tiempo de lectura\" \/>\n\t<meta name=\"twitter:data2\" content=\"3 minutos\" \/>\n<script type=\"application\/ld+json\" class=\"yoast-schema-graph\">{\"@context\":\"https:\\\/\\\/schema.org\",\"@graph\":[{\"@type\":\"Article\",\"@id\":\"https:\\\/\\\/www.laguiadepamplona.com\\\/actualidad\\\/el-palacio-de-ezpeleta-acoge-los-tres-ultimos-espectaculos-del-verano-burbugrafia-circo-y-un-trio-que-utiliza-instrumentos-construidos-con-materiales-reutilizados\\\/#article\",\"isPartOf\":{\"@id\":\"https:\\\/\\\/www.laguiadepamplona.com\\\/actualidad\\\/el-palacio-de-ezpeleta-acoge-los-tres-ultimos-espectaculos-del-verano-burbugrafia-circo-y-un-trio-que-utiliza-instrumentos-construidos-con-materiales-reutilizados\\\/\"},\"author\":{\"name\":\"La Gu\u00eda de Pamplona\",\"@id\":\"https:\\\/\\\/www.laguiadepamplona.com\\\/actualidad\\\/#\\\/schema\\\/person\\\/efe887376f0213d4657c93adc50b1fdb\"},\"headline\":\"El palacio de Ezpeleta acoge los tres \u00faltimos espect\u00e1culos del verano: burbugraf\u00eda, circo y un tr\u00edo que utiliza instrumentos construidos con materiales reutilizados\",\"datePublished\":\"2022-08-22T10:42:11+00:00\",\"dateModified\":\"2023-04-11T09:47:53+00:00\",\"mainEntityOfPage\":{\"@id\":\"https:\\\/\\\/www.laguiadepamplona.com\\\/actualidad\\\/el-palacio-de-ezpeleta-acoge-los-tres-ultimos-espectaculos-del-verano-burbugrafia-circo-y-un-trio-que-utiliza-instrumentos-construidos-con-materiales-reutilizados\\\/\"},\"wordCount\":506,\"commentCount\":0,\"publisher\":{\"@id\":\"https:\\\/\\\/www.laguiadepamplona.com\\\/actualidad\\\/#organization\"},\"image\":{\"@id\":\"https:\\\/\\\/www.laguiadepamplona.com\\\/actualidad\\\/el-palacio-de-ezpeleta-acoge-los-tres-ultimos-espectaculos-del-verano-burbugrafia-circo-y-un-trio-que-utiliza-instrumentos-construidos-con-materiales-reutilizados\\\/#primaryimage\"},\"thumbnailUrl\":\"https:\\\/\\\/www.laguiadepamplona.com\\\/actualidad\\\/wp-content\\\/uploads\\\/2022\\\/08\\\/q5a8250infantil22-08-03.webp\",\"articleSection\":[\"Ayto Pamplona\"],\"inLanguage\":\"es\",\"potentialAction\":[{\"@type\":\"CommentAction\",\"name\":\"Comment\",\"target\":[\"https:\\\/\\\/www.laguiadepamplona.com\\\/actualidad\\\/el-palacio-de-ezpeleta-acoge-los-tres-ultimos-espectaculos-del-verano-burbugrafia-circo-y-un-trio-que-utiliza-instrumentos-construidos-con-materiales-reutilizados\\\/#respond\"]}]},{\"@type\":\"WebPage\",\"@id\":\"https:\\\/\\\/www.laguiadepamplona.com\\\/actualidad\\\/el-palacio-de-ezpeleta-acoge-los-tres-ultimos-espectaculos-del-verano-burbugrafia-circo-y-un-trio-que-utiliza-instrumentos-construidos-con-materiales-reutilizados\\\/\",\"url\":\"https:\\\/\\\/www.laguiadepamplona.com\\\/actualidad\\\/el-palacio-de-ezpeleta-acoge-los-tres-ultimos-espectaculos-del-verano-burbugrafia-circo-y-un-trio-que-utiliza-instrumentos-construidos-con-materiales-reutilizados\\\/\",\"name\":\"El palacio de Ezpeleta acoge los tres \u00faltimos espect\u00e1culos del verano: burbugraf\u00eda, circo y un tr\u00edo que utiliza instrumentos construidos con materiales reutilizados\",\"isPartOf\":{\"@id\":\"https:\\\/\\\/www.laguiadepamplona.com\\\/actualidad\\\/#website\"},\"primaryImageOfPage\":{\"@id\":\"https:\\\/\\\/www.laguiadepamplona.com\\\/actualidad\\\/el-palacio-de-ezpeleta-acoge-los-tres-ultimos-espectaculos-del-verano-burbugrafia-circo-y-un-trio-que-utiliza-instrumentos-construidos-con-materiales-reutilizados\\\/#primaryimage\"},\"image\":{\"@id\":\"https:\\\/\\\/www.laguiadepamplona.com\\\/actualidad\\\/el-palacio-de-ezpeleta-acoge-los-tres-ultimos-espectaculos-del-verano-burbugrafia-circo-y-un-trio-que-utiliza-instrumentos-construidos-con-materiales-reutilizados\\\/#primaryimage\"},\"thumbnailUrl\":\"https:\\\/\\\/www.laguiadepamplona.com\\\/actualidad\\\/wp-content\\\/uploads\\\/2022\\\/08\\\/q5a8250infantil22-08-03.webp\",\"datePublished\":\"2022-08-22T10:42:11+00:00\",\"dateModified\":\"2023-04-11T09:47:53+00:00\",\"description\":\"En cuatro semanas se est\u00e1n desarrollando 15 propuestas gratuitas destinadas a p\u00fablico familiar entre espect\u00e1culos, talleres e instalaciones\",\"breadcrumb\":{\"@id\":\"https:\\\/\\\/www.laguiadepamplona.com\\\/actualidad\\\/el-palacio-de-ezpeleta-acoge-los-tres-ultimos-espectaculos-del-verano-burbugrafia-circo-y-un-trio-que-utiliza-instrumentos-construidos-con-materiales-reutilizados\\\/#breadcrumb\"},\"inLanguage\":\"es\",\"potentialAction\":[{\"@type\":\"ReadAction\",\"target\":[\"https:\\\/\\\/www.laguiadepamplona.com\\\/actualidad\\\/el-palacio-de-ezpeleta-acoge-los-tres-ultimos-espectaculos-del-verano-burbugrafia-circo-y-un-trio-que-utiliza-instrumentos-construidos-con-materiales-reutilizados\\\/\"]}]},{\"@type\":\"ImageObject\",\"inLanguage\":\"es\",\"@id\":\"https:\\\/\\\/www.laguiadepamplona.com\\\/actualidad\\\/el-palacio-de-ezpeleta-acoge-los-tres-ultimos-espectaculos-del-verano-burbugrafia-circo-y-un-trio-que-utiliza-instrumentos-construidos-con-materiales-reutilizados\\\/#primaryimage\",\"url\":\"https:\\\/\\\/www.laguiadepamplona.com\\\/actualidad\\\/wp-content\\\/uploads\\\/2022\\\/08\\\/q5a8250infantil22-08-03.webp\",\"contentUrl\":\"https:\\\/\\\/www.laguiadepamplona.com\\\/actualidad\\\/wp-content\\\/uploads\\\/2022\\\/08\\\/q5a8250infantil22-08-03.webp\",\"width\":1920,\"height\":1281},{\"@type\":\"BreadcrumbList\",\"@id\":\"https:\\\/\\\/www.laguiadepamplona.com\\\/actualidad\\\/el-palacio-de-ezpeleta-acoge-los-tres-ultimos-espectaculos-del-verano-burbugrafia-circo-y-un-trio-que-utiliza-instrumentos-construidos-con-materiales-reutilizados\\\/#breadcrumb\",\"itemListElement\":[{\"@type\":\"ListItem\",\"position\":1,\"name\":\"Portada\",\"item\":\"https:\\\/\\\/www.laguiadepamplona.com\\\/actualidad\\\/\"},{\"@type\":\"ListItem\",\"position\":2,\"name\":\"El palacio de Ezpeleta acoge los tres \u00faltimos espect\u00e1culos del verano: burbugraf\u00eda, circo y un tr\u00edo que utiliza instrumentos construidos con materiales reutilizados\"}]},{\"@type\":\"WebSite\",\"@id\":\"https:\\\/\\\/www.laguiadepamplona.com\\\/actualidad\\\/#website\",\"url\":\"https:\\\/\\\/www.laguiadepamplona.com\\\/actualidad\\\/\",\"name\":\"La gu\u00eda de Pamplona\",\"description\":\"Noticias de Pamplona\",\"publisher\":{\"@id\":\"https:\\\/\\\/www.laguiadepamplona.com\\\/actualidad\\\/#organization\"},\"potentialAction\":[{\"@type\":\"SearchAction\",\"target\":{\"@type\":\"EntryPoint\",\"urlTemplate\":\"https:\\\/\\\/www.laguiadepamplona.com\\\/actualidad\\\/?s={search_term_string}\"},\"query-input\":{\"@type\":\"PropertyValueSpecification\",\"valueRequired\":true,\"valueName\":\"search_term_string\"}}],\"inLanguage\":\"es\"},{\"@type\":\"Organization\",\"@id\":\"https:\\\/\\\/www.laguiadepamplona.com\\\/actualidad\\\/#organization\",\"name\":\"La Gu\u00eda de Pamplona \\\/ Noticias\",\"url\":\"https:\\\/\\\/www.laguiadepamplona.com\\\/actualidad\\\/\",\"logo\":{\"@type\":\"ImageObject\",\"inLanguage\":\"es\",\"@id\":\"https:\\\/\\\/www.laguiadepamplona.com\\\/actualidad\\\/#\\\/schema\\\/logo\\\/image\\\/\",\"url\":\"https:\\\/\\\/www.laguiadepamplona.com\\\/actualidad\\\/wp-content\\\/uploads\\\/2018\\\/11\\\/logo-laguiadepamplona18-web1.png\",\"contentUrl\":\"https:\\\/\\\/www.laguiadepamplona.com\\\/actualidad\\\/wp-content\\\/uploads\\\/2018\\\/11\\\/logo-laguiadepamplona18-web1.png\",\"width\":600,\"height\":196,\"caption\":\"La Gu\u00eda de Pamplona \\\/ Noticias\"},\"image\":{\"@id\":\"https:\\\/\\\/www.laguiadepamplona.com\\\/actualidad\\\/#\\\/schema\\\/logo\\\/image\\\/\"},\"sameAs\":[\"https:\\\/\\\/www.facebook.com\\\/laguiadepamplonacom-133175176762273\\\/?ref=hl\",\"https:\\\/\\\/x.com\\\/LaGuiadPamplona\",\"https:\\\/\\\/www.instagram.com\\\/la_guia_de_pamplona\\\/\",\"https:\\\/\\\/www.youtube.com\\\/user\\\/laguiadepamplona\"]},{\"@type\":\"Person\",\"@id\":\"https:\\\/\\\/www.laguiadepamplona.com\\\/actualidad\\\/#\\\/schema\\\/person\\\/efe887376f0213d4657c93adc50b1fdb\",\"name\":\"La Gu\u00eda de Pamplona\",\"image\":{\"@type\":\"ImageObject\",\"inLanguage\":\"es\",\"@id\":\"https:\\\/\\\/secure.gravatar.com\\\/avatar\\\/b6992f131dc8d30ab0dff15446e9d346d9dbd95992de0fef795073f5ea83a81c?s=96&d=mm&r=g\",\"url\":\"https:\\\/\\\/secure.gravatar.com\\\/avatar\\\/b6992f131dc8d30ab0dff15446e9d346d9dbd95992de0fef795073f5ea83a81c?s=96&d=mm&r=g\",\"contentUrl\":\"https:\\\/\\\/secure.gravatar.com\\\/avatar\\\/b6992f131dc8d30ab0dff15446e9d346d9dbd95992de0fef795073f5ea83a81c?s=96&d=mm&r=g\",\"caption\":\"La Gu\u00eda de Pamplona\"}}]}<\/script>\n<!-- \/ Yoast SEO plugin. -->","yoast_head_json":{"title":"El palacio de Ezpeleta acoge los tres \u00faltimos espect\u00e1culos del verano: burbugraf\u00eda, circo y un tr\u00edo que utiliza instrumentos construidos con materiales reutilizados","description":"En cuatro semanas se est\u00e1n desarrollando 15 propuestas gratuitas destinadas a p\u00fablico familiar entre espect\u00e1culos, talleres e instalaciones","robots":{"index":"index","follow":"follow","max-snippet":"max-snippet:-1","max-image-preview":"max-image-preview:large","max-video-preview":"max-video-preview:-1"},"canonical":"https:\/\/www.laguiadepamplona.com\/actualidad\/el-palacio-de-ezpeleta-acoge-los-tres-ultimos-espectaculos-del-verano-burbugrafia-circo-y-un-trio-que-utiliza-instrumentos-construidos-con-materiales-reutilizados\/","og_locale":"es_ES","og_type":"article","og_title":"El palacio de Ezpeleta acoge los tres \u00faltimos espect\u00e1culos del verano: burbugraf\u00eda, circo y un tr\u00edo que utiliza instrumentos construidos con materiales reutilizados","og_description":"En cuatro semanas se est\u00e1n desarrollando 15 propuestas gratuitas destinadas a p\u00fablico familiar entre espect\u00e1culos, talleres e instalaciones","og_url":"https:\/\/www.laguiadepamplona.com\/actualidad\/el-palacio-de-ezpeleta-acoge-los-tres-ultimos-espectaculos-del-verano-burbugrafia-circo-y-un-trio-que-utiliza-instrumentos-construidos-con-materiales-reutilizados\/","og_site_name":"La Gu\u00eda de Pamplona","article_publisher":"https:\/\/www.facebook.com\/laguiadepamplonacom-133175176762273\/?ref=hl","article_published_time":"2022-08-22T10:42:11+00:00","article_modified_time":"2023-04-11T09:47:53+00:00","og_image":[{"width":1920,"height":1281,"url":"https:\/\/www.laguiadepamplona.com\/actualidad\/wp-content\/uploads\/2022\/08\/q5a8250infantil22-08-03.webp","type":"image\/webp"}],"author":"La Gu\u00eda de Pamplona","twitter_card":"summary_large_image","twitter_creator":"@LaGuiadPamplona","twitter_site":"@LaGuiadPamplona","twitter_misc":{"Escrito por":"La Gu\u00eda de Pamplona","Tiempo de lectura":"3 minutos"},"schema":{"@context":"https:\/\/schema.org","@graph":[{"@type":"Article","@id":"https:\/\/www.laguiadepamplona.com\/actualidad\/el-palacio-de-ezpeleta-acoge-los-tres-ultimos-espectaculos-del-verano-burbugrafia-circo-y-un-trio-que-utiliza-instrumentos-construidos-con-materiales-reutilizados\/#article","isPartOf":{"@id":"https:\/\/www.laguiadepamplona.com\/actualidad\/el-palacio-de-ezpeleta-acoge-los-tres-ultimos-espectaculos-del-verano-burbugrafia-circo-y-un-trio-que-utiliza-instrumentos-construidos-con-materiales-reutilizados\/"},"author":{"name":"La Gu\u00eda de Pamplona","@id":"https:\/\/www.laguiadepamplona.com\/actualidad\/#\/schema\/person\/efe887376f0213d4657c93adc50b1fdb"},"headline":"El palacio de Ezpeleta acoge los tres \u00faltimos espect\u00e1culos del verano: burbugraf\u00eda, circo y un tr\u00edo que utiliza instrumentos construidos con materiales reutilizados","datePublished":"2022-08-22T10:42:11+00:00","dateModified":"2023-04-11T09:47:53+00:00","mainEntityOfPage":{"@id":"https:\/\/www.laguiadepamplona.com\/actualidad\/el-palacio-de-ezpeleta-acoge-los-tres-ultimos-espectaculos-del-verano-burbugrafia-circo-y-un-trio-que-utiliza-instrumentos-construidos-con-materiales-reutilizados\/"},"wordCount":506,"commentCount":0,"publisher":{"@id":"https:\/\/www.laguiadepamplona.com\/actualidad\/#organization"},"image":{"@id":"https:\/\/www.laguiadepamplona.com\/actualidad\/el-palacio-de-ezpeleta-acoge-los-tres-ultimos-espectaculos-del-verano-burbugrafia-circo-y-un-trio-que-utiliza-instrumentos-construidos-con-materiales-reutilizados\/#primaryimage"},"thumbnailUrl":"https:\/\/www.laguiadepamplona.com\/actualidad\/wp-content\/uploads\/2022\/08\/q5a8250infantil22-08-03.webp","articleSection":["Ayto Pamplona"],"inLanguage":"es","potentialAction":[{"@type":"CommentAction","name":"Comment","target":["https:\/\/www.laguiadepamplona.com\/actualidad\/el-palacio-de-ezpeleta-acoge-los-tres-ultimos-espectaculos-del-verano-burbugrafia-circo-y-un-trio-que-utiliza-instrumentos-construidos-con-materiales-reutilizados\/#respond"]}]},{"@type":"WebPage","@id":"https:\/\/www.laguiadepamplona.com\/actualidad\/el-palacio-de-ezpeleta-acoge-los-tres-ultimos-espectaculos-del-verano-burbugrafia-circo-y-un-trio-que-utiliza-instrumentos-construidos-con-materiales-reutilizados\/","url":"https:\/\/www.laguiadepamplona.com\/actualidad\/el-palacio-de-ezpeleta-acoge-los-tres-ultimos-espectaculos-del-verano-burbugrafia-circo-y-un-trio-que-utiliza-instrumentos-construidos-con-materiales-reutilizados\/","name":"El palacio de Ezpeleta acoge los tres \u00faltimos espect\u00e1culos del verano: burbugraf\u00eda, circo y un tr\u00edo que utiliza instrumentos construidos con materiales reutilizados","isPartOf":{"@id":"https:\/\/www.laguiadepamplona.com\/actualidad\/#website"},"primaryImageOfPage":{"@id":"https:\/\/www.laguiadepamplona.com\/actualidad\/el-palacio-de-ezpeleta-acoge-los-tres-ultimos-espectaculos-del-verano-burbugrafia-circo-y-un-trio-que-utiliza-instrumentos-construidos-con-materiales-reutilizados\/#primaryimage"},"image":{"@id":"https:\/\/www.laguiadepamplona.com\/actualidad\/el-palacio-de-ezpeleta-acoge-los-tres-ultimos-espectaculos-del-verano-burbugrafia-circo-y-un-trio-que-utiliza-instrumentos-construidos-con-materiales-reutilizados\/#primaryimage"},"thumbnailUrl":"https:\/\/www.laguiadepamplona.com\/actualidad\/wp-content\/uploads\/2022\/08\/q5a8250infantil22-08-03.webp","datePublished":"2022-08-22T10:42:11+00:00","dateModified":"2023-04-11T09:47:53+00:00","description":"En cuatro semanas se est\u00e1n desarrollando 15 propuestas gratuitas destinadas a p\u00fablico familiar entre espect\u00e1culos, talleres e instalaciones","breadcrumb":{"@id":"https:\/\/www.laguiadepamplona.com\/actualidad\/el-palacio-de-ezpeleta-acoge-los-tres-ultimos-espectaculos-del-verano-burbugrafia-circo-y-un-trio-que-utiliza-instrumentos-construidos-con-materiales-reutilizados\/#breadcrumb"},"inLanguage":"es","potentialAction":[{"@type":"ReadAction","target":["https:\/\/www.laguiadepamplona.com\/actualidad\/el-palacio-de-ezpeleta-acoge-los-tres-ultimos-espectaculos-del-verano-burbugrafia-circo-y-un-trio-que-utiliza-instrumentos-construidos-con-materiales-reutilizados\/"]}]},{"@type":"ImageObject","inLanguage":"es","@id":"https:\/\/www.laguiadepamplona.com\/actualidad\/el-palacio-de-ezpeleta-acoge-los-tres-ultimos-espectaculos-del-verano-burbugrafia-circo-y-un-trio-que-utiliza-instrumentos-construidos-con-materiales-reutilizados\/#primaryimage","url":"https:\/\/www.laguiadepamplona.com\/actualidad\/wp-content\/uploads\/2022\/08\/q5a8250infantil22-08-03.webp","contentUrl":"https:\/\/www.laguiadepamplona.com\/actualidad\/wp-content\/uploads\/2022\/08\/q5a8250infantil22-08-03.webp","width":1920,"height":1281},{"@type":"BreadcrumbList","@id":"https:\/\/www.laguiadepamplona.com\/actualidad\/el-palacio-de-ezpeleta-acoge-los-tres-ultimos-espectaculos-del-verano-burbugrafia-circo-y-un-trio-que-utiliza-instrumentos-construidos-con-materiales-reutilizados\/#breadcrumb","itemListElement":[{"@type":"ListItem","position":1,"name":"Portada","item":"https:\/\/www.laguiadepamplona.com\/actualidad\/"},{"@type":"ListItem","position":2,"name":"El palacio de Ezpeleta acoge los tres \u00faltimos espect\u00e1culos del verano: burbugraf\u00eda, circo y un tr\u00edo que utiliza instrumentos construidos con materiales reutilizados"}]},{"@type":"WebSite","@id":"https:\/\/www.laguiadepamplona.com\/actualidad\/#website","url":"https:\/\/www.laguiadepamplona.com\/actualidad\/","name":"La gu\u00eda de Pamplona","description":"Noticias de Pamplona","publisher":{"@id":"https:\/\/www.laguiadepamplona.com\/actualidad\/#organization"},"potentialAction":[{"@type":"SearchAction","target":{"@type":"EntryPoint","urlTemplate":"https:\/\/www.laguiadepamplona.com\/actualidad\/?s={search_term_string}"},"query-input":{"@type":"PropertyValueSpecification","valueRequired":true,"valueName":"search_term_string"}}],"inLanguage":"es"},{"@type":"Organization","@id":"https:\/\/www.laguiadepamplona.com\/actualidad\/#organization","name":"La Gu\u00eda de Pamplona \/ Noticias","url":"https:\/\/www.laguiadepamplona.com\/actualidad\/","logo":{"@type":"ImageObject","inLanguage":"es","@id":"https:\/\/www.laguiadepamplona.com\/actualidad\/#\/schema\/logo\/image\/","url":"https:\/\/www.laguiadepamplona.com\/actualidad\/wp-content\/uploads\/2018\/11\/logo-laguiadepamplona18-web1.png","contentUrl":"https:\/\/www.laguiadepamplona.com\/actualidad\/wp-content\/uploads\/2018\/11\/logo-laguiadepamplona18-web1.png","width":600,"height":196,"caption":"La Gu\u00eda de Pamplona \/ Noticias"},"image":{"@id":"https:\/\/www.laguiadepamplona.com\/actualidad\/#\/schema\/logo\/image\/"},"sameAs":["https:\/\/www.facebook.com\/laguiadepamplonacom-133175176762273\/?ref=hl","https:\/\/x.com\/LaGuiadPamplona","https:\/\/www.instagram.com\/la_guia_de_pamplona\/","https:\/\/www.youtube.com\/user\/laguiadepamplona"]},{"@type":"Person","@id":"https:\/\/www.laguiadepamplona.com\/actualidad\/#\/schema\/person\/efe887376f0213d4657c93adc50b1fdb","name":"La Gu\u00eda de Pamplona","image":{"@type":"ImageObject","inLanguage":"es","@id":"https:\/\/secure.gravatar.com\/avatar\/b6992f131dc8d30ab0dff15446e9d346d9dbd95992de0fef795073f5ea83a81c?s=96&d=mm&r=g","url":"https:\/\/secure.gravatar.com\/avatar\/b6992f131dc8d30ab0dff15446e9d346d9dbd95992de0fef795073f5ea83a81c?s=96&d=mm&r=g","contentUrl":"https:\/\/secure.gravatar.com\/avatar\/b6992f131dc8d30ab0dff15446e9d346d9dbd95992de0fef795073f5ea83a81c?s=96&d=mm&r=g","caption":"La Gu\u00eda de Pamplona"}}]}},"post_mailing_queue_ids":[],"_links":{"self":[{"href":"https:\/\/www.laguiadepamplona.com\/actualidad\/wp-json\/wp\/v2\/posts\/41352","targetHints":{"allow":["GET"]}}],"collection":[{"href":"https:\/\/www.laguiadepamplona.com\/actualidad\/wp-json\/wp\/v2\/posts"}],"about":[{"href":"https:\/\/www.laguiadepamplona.com\/actualidad\/wp-json\/wp\/v2\/types\/post"}],"author":[{"embeddable":true,"href":"https:\/\/www.laguiadepamplona.com\/actualidad\/wp-json\/wp\/v2\/users\/1"}],"replies":[{"embeddable":true,"href":"https:\/\/www.laguiadepamplona.com\/actualidad\/wp-json\/wp\/v2\/comments?post=41352"}],"version-history":[{"count":0,"href":"https:\/\/www.laguiadepamplona.com\/actualidad\/wp-json\/wp\/v2\/posts\/41352\/revisions"}],"wp:featuredmedia":[{"embeddable":true,"href":"https:\/\/www.laguiadepamplona.com\/actualidad\/wp-json\/wp\/v2\/media\/41353"}],"wp:attachment":[{"href":"https:\/\/www.laguiadepamplona.com\/actualidad\/wp-json\/wp\/v2\/media?parent=41352"}],"wp:term":[{"taxonomy":"category","embeddable":true,"href":"https:\/\/www.laguiadepamplona.com\/actualidad\/wp-json\/wp\/v2\/categories?post=41352"},{"taxonomy":"post_tag","embeddable":true,"href":"https:\/\/www.laguiadepamplona.com\/actualidad\/wp-json\/wp\/v2\/tags?post=41352"}],"curies":[{"name":"wp","href":"https:\/\/api.w.org\/{rel}","templated":true}]}}