{"id":41349,"date":"2022-08-22T12:39:50","date_gmt":"2022-08-22T10:39:50","guid":{"rendered":"https:\/\/www.laguiadepamplona.com\/actualidad\/?p=41349"},"modified":"2023-04-11T11:47:53","modified_gmt":"2023-04-11T09:47:53","slug":"la-oferta-estival-de-turismo-permite-recorrer-la-historia-y-parques-de-pamplona-en-patinete-electrico-de-montana","status":"publish","type":"post","link":"https:\/\/www.laguiadepamplona.com\/actualidad\/la-oferta-estival-de-turismo-permite-recorrer-la-historia-y-parques-de-pamplona-en-patinete-electrico-de-montana\/","title":{"rendered":"La oferta estival de Turismo permite recorrer la historia y parques de Pamplona en patinete el\u00e9ctrico de monta\u00f1a"},"content":{"rendered":"<h5>La visita guiada, con reserva previa en la web, es posible gracias a las mejoras en los carriles bici y se puede realizar desde este viernes<\/h5>\n<p><!--more--><\/p>\n<p>La riqueza cultural y ecol\u00f3gica de Pamplona se puede descubrir este verano de una manera especial con las visitas guiadas a la ciudad en patinete el\u00e9ctrico de monta\u00f1a. La propuesta de Turismo consiste en un plan de ma\u00f1ana completa, entre las 9.30 y las 13.30, ideado para cualquier persona interesada, incluidas familias con ni\u00f1os y ni\u00f1as peque\u00f1os, para los que se ofrece un carrito biplaza adosado al patinete. Las visitas se ofrecen desde este viernes d\u00eda 26 en castellano, franc\u00e9s, ingl\u00e9s e italiano y es necesario reservar en la web <a href=\"https:\/\/feelnavarra.com\/rutas\/visita-guiada-en-pamplona\/\" target=\"_blank\" rel=\"noopener\">https:\/\/feelnavarra.com\/rutas\/visita-guiada-en-pamplona\/<\/a>.<br \/>\n<script async src=\"\/\/pagead2.googlesyndication.com\/pagead\/js\/adsbygoogle.js\"><\/script><br \/>\n<!-- Noticias La Guia de Pamplona --><br \/>\n<ins class=\"adsbygoogle\"\nstyle=\"display:block\"\ndata-ad-client=\"ca-pub-6943679897239327\"\ndata-ad-slot=\"7048180777\"\ndata-ad-format=\"auto\"><\/ins><br \/>\n<script>\n(adsbygoogle = window.adsbygoogle || []).push({});\n<\/script><\/p>\n<p>El recorrido en los conocidos como <em>e-scooters <\/em>sigue la cronolog\u00eda hist\u00f3rica en la construcci\u00f3n de Pamplona e incluye algunas zonas en las que se debe ir a pie, es decir, combina partes con apoyo el\u00e9ctrico, partes con impulso de zancada y otras como peatones. Los gu\u00edas acompa\u00f1an la actividad en todo momento y realizan paradas explicativas de los puntos m\u00e1s relevantes. Adem\u00e1s de las murallas y zonas verdes de la ciudad, se recorren varias calles del Casco Antiguo y puntos del Camino Santiago. Para terminar la visita, se ofrece una peque\u00f1a degustaci\u00f3n gastron\u00f3mica. Es posible grabar un v\u00eddeo de la experiencia, previa demanda, o utilizar una c\u00e1mara GoPro o similar, puesto que hay cascos adaptados. Tambi\u00e9n se puede solicitar servicio de recogida y retorno en el caso de estar alojados en un establecimiento hotelero.<\/p>\n<p>La visita guiada, que cuenta con su correspondiente seguro, se inicia con la instrucci\u00f3n en el manejo de los patinetes, en una zona segura. El manejo es sencillo. Cuando el funcionamiento ya est\u00e1 dominado, se inicia el recorrido propiamente, desde el parque de la Media Luna hacia la catedral, pasando por el mirador del Caballo Blanco. Desde all\u00ed, con diversas paradas explicativas, se llega a la plaza Consistorial, al parque de la Taconera y, siguiendo el Camino de Santiago, al recinto amurallado de la Ciudadela, para volver hacia la plaza del Castillo, el Monumento al Encierro y la Plaza de Toros. El broche final a este recorrido por el patrimonio cultural de la ciudad tiene un toque gastron\u00f3mico: un pintxo-pote concertado, para el que se puede utilizar la tarjeta Pamplona Iru\u00f1a Card (PIC).<br \/>\n<script async src=\"\/\/pagead2.googlesyndication.com\/pagead\/js\/adsbygoogle.js\"><\/script><br \/>\n<!-- Noticias La Guia de Pamplona --><br \/>\n<ins class=\"adsbygoogle\"\nstyle=\"display:block\"\ndata-ad-client=\"ca-pub-6943679897239327\"\ndata-ad-slot=\"7048180777\"\ndata-ad-format=\"auto\"><\/ins><br \/>\n<script>\n(adsbygoogle = window.adsbygoogle || []).push({});\n<\/script><\/p>\n<p>Esta actividad con <em>e-scooters<\/em> todocamino o patinetes el\u00e9ctricos de monta\u00f1a se alinea con el programa \u2018Pamplona es verde\u2019, un proyecto com\u00fan de las \u00e1reas de Sostenibilidad, Cultura y Turismo del Ayuntamiento de Pamplona que propone actividades de ocio sostenible en las principales \u00e1reas verdes de la ciudad. De hecho, Pamplona cuenta con 60.000 \u00e1rboles y 300 hect\u00e1reas de zonas verdes que suponen el 15% de la superficie de la ciudad y le otorgan una mejor calidad de vida.<\/p>\n","protected":false},"excerpt":{"rendered":"<p>La visita guiada, con reserva previa en la web, es posible gracias a las mejoras en los carriles bici y se puede realizar desde este viernes<\/p>\n","protected":false},"author":1,"featured_media":41350,"comment_status":"open","ping_status":"closed","sticky":false,"template":"","format":"standard","meta":{"footnotes":""},"categories":[2],"tags":[],"class_list":["post-41349","post","type-post","status-publish","format-standard","has-post-thumbnail","hentry","category-ayuntamiento-pamplona"],"yoast_head":"<!-- This site is optimized with the Yoast SEO plugin v27.5 - https:\/\/yoast.com\/product\/yoast-seo-wordpress\/ -->\n<title>La oferta estival de Turismo permite recorrer la historia y parques de Pamplona en patinete el\u00e9ctrico de monta\u00f1a<\/title>\n<meta name=\"description\" content=\"La visita guiada, con reserva previa en la web, es posible gracias a las mejoras en los carriles bici y se puede realizar desde este viernes\" \/>\n<meta name=\"robots\" content=\"index, follow, max-snippet:-1, max-image-preview:large, max-video-preview:-1\" \/>\n<link rel=\"canonical\" href=\"https:\/\/www.laguiadepamplona.com\/actualidad\/la-oferta-estival-de-turismo-permite-recorrer-la-historia-y-parques-de-pamplona-en-patinete-electrico-de-montana\/\" \/>\n<meta property=\"og:locale\" content=\"es_ES\" \/>\n<meta property=\"og:type\" content=\"article\" \/>\n<meta property=\"og:title\" content=\"La oferta estival de Turismo permite recorrer la historia y parques de Pamplona en patinete el\u00e9ctrico de monta\u00f1a\" \/>\n<meta property=\"og:description\" content=\"La visita guiada, con reserva previa en la web, es posible gracias a las mejoras en los carriles bici y se puede realizar desde este viernes\" \/>\n<meta property=\"og:url\" content=\"https:\/\/www.laguiadepamplona.com\/actualidad\/la-oferta-estival-de-turismo-permite-recorrer-la-historia-y-parques-de-pamplona-en-patinete-electrico-de-montana\/\" \/>\n<meta property=\"og:site_name\" content=\"La Gu\u00eda de Pamplona\" \/>\n<meta property=\"article:publisher\" content=\"https:\/\/www.facebook.com\/laguiadepamplonacom-133175176762273\/?ref=hl\" \/>\n<meta property=\"article:published_time\" content=\"2022-08-22T10:39:50+00:00\" \/>\n<meta property=\"article:modified_time\" content=\"2023-04-11T09:47:53+00:00\" \/>\n<meta property=\"og:image\" content=\"https:\/\/www.laguiadepamplona.com\/actualidad\/wp-content\/uploads\/2022\/08\/bicisfoto4_0.webp\" \/>\n\t<meta property=\"og:image:width\" content=\"1500\" \/>\n\t<meta property=\"og:image:height\" content=\"844\" \/>\n\t<meta property=\"og:image:type\" content=\"image\/webp\" \/>\n<meta name=\"author\" content=\"La Gu\u00eda de Pamplona\" \/>\n<meta name=\"twitter:card\" content=\"summary_large_image\" \/>\n<meta name=\"twitter:creator\" content=\"@LaGuiadPamplona\" \/>\n<meta name=\"twitter:site\" content=\"@LaGuiadPamplona\" \/>\n<meta name=\"twitter:label1\" content=\"Escrito por\" \/>\n\t<meta name=\"twitter:data1\" content=\"La Gu\u00eda de Pamplona\" \/>\n\t<meta name=\"twitter:label2\" content=\"Tiempo de lectura\" \/>\n\t<meta name=\"twitter:data2\" content=\"3 minutos\" \/>\n<script type=\"application\/ld+json\" class=\"yoast-schema-graph\">{\"@context\":\"https:\\\/\\\/schema.org\",\"@graph\":[{\"@type\":\"Article\",\"@id\":\"https:\\\/\\\/www.laguiadepamplona.com\\\/actualidad\\\/la-oferta-estival-de-turismo-permite-recorrer-la-historia-y-parques-de-pamplona-en-patinete-electrico-de-montana\\\/#article\",\"isPartOf\":{\"@id\":\"https:\\\/\\\/www.laguiadepamplona.com\\\/actualidad\\\/la-oferta-estival-de-turismo-permite-recorrer-la-historia-y-parques-de-pamplona-en-patinete-electrico-de-montana\\\/\"},\"author\":{\"name\":\"La Gu\u00eda de Pamplona\",\"@id\":\"https:\\\/\\\/www.laguiadepamplona.com\\\/actualidad\\\/#\\\/schema\\\/person\\\/efe887376f0213d4657c93adc50b1fdb\"},\"headline\":\"La oferta estival de Turismo permite recorrer la historia y parques de Pamplona en patinete el\u00e9ctrico de monta\u00f1a\",\"datePublished\":\"2022-08-22T10:39:50+00:00\",\"dateModified\":\"2023-04-11T09:47:53+00:00\",\"mainEntityOfPage\":{\"@id\":\"https:\\\/\\\/www.laguiadepamplona.com\\\/actualidad\\\/la-oferta-estival-de-turismo-permite-recorrer-la-historia-y-parques-de-pamplona-en-patinete-electrico-de-montana\\\/\"},\"wordCount\":511,\"commentCount\":0,\"publisher\":{\"@id\":\"https:\\\/\\\/www.laguiadepamplona.com\\\/actualidad\\\/#organization\"},\"image\":{\"@id\":\"https:\\\/\\\/www.laguiadepamplona.com\\\/actualidad\\\/la-oferta-estival-de-turismo-permite-recorrer-la-historia-y-parques-de-pamplona-en-patinete-electrico-de-montana\\\/#primaryimage\"},\"thumbnailUrl\":\"https:\\\/\\\/www.laguiadepamplona.com\\\/actualidad\\\/wp-content\\\/uploads\\\/2022\\\/08\\\/bicisfoto4_0.webp\",\"articleSection\":[\"Ayto Pamplona\"],\"inLanguage\":\"es\",\"potentialAction\":[{\"@type\":\"CommentAction\",\"name\":\"Comment\",\"target\":[\"https:\\\/\\\/www.laguiadepamplona.com\\\/actualidad\\\/la-oferta-estival-de-turismo-permite-recorrer-la-historia-y-parques-de-pamplona-en-patinete-electrico-de-montana\\\/#respond\"]}]},{\"@type\":\"WebPage\",\"@id\":\"https:\\\/\\\/www.laguiadepamplona.com\\\/actualidad\\\/la-oferta-estival-de-turismo-permite-recorrer-la-historia-y-parques-de-pamplona-en-patinete-electrico-de-montana\\\/\",\"url\":\"https:\\\/\\\/www.laguiadepamplona.com\\\/actualidad\\\/la-oferta-estival-de-turismo-permite-recorrer-la-historia-y-parques-de-pamplona-en-patinete-electrico-de-montana\\\/\",\"name\":\"La oferta estival de Turismo permite recorrer la historia y parques de Pamplona en patinete el\u00e9ctrico de monta\u00f1a\",\"isPartOf\":{\"@id\":\"https:\\\/\\\/www.laguiadepamplona.com\\\/actualidad\\\/#website\"},\"primaryImageOfPage\":{\"@id\":\"https:\\\/\\\/www.laguiadepamplona.com\\\/actualidad\\\/la-oferta-estival-de-turismo-permite-recorrer-la-historia-y-parques-de-pamplona-en-patinete-electrico-de-montana\\\/#primaryimage\"},\"image\":{\"@id\":\"https:\\\/\\\/www.laguiadepamplona.com\\\/actualidad\\\/la-oferta-estival-de-turismo-permite-recorrer-la-historia-y-parques-de-pamplona-en-patinete-electrico-de-montana\\\/#primaryimage\"},\"thumbnailUrl\":\"https:\\\/\\\/www.laguiadepamplona.com\\\/actualidad\\\/wp-content\\\/uploads\\\/2022\\\/08\\\/bicisfoto4_0.webp\",\"datePublished\":\"2022-08-22T10:39:50+00:00\",\"dateModified\":\"2023-04-11T09:47:53+00:00\",\"description\":\"La visita guiada, con reserva previa en la web, es posible gracias a las mejoras en los carriles bici y se puede realizar desde este viernes\",\"breadcrumb\":{\"@id\":\"https:\\\/\\\/www.laguiadepamplona.com\\\/actualidad\\\/la-oferta-estival-de-turismo-permite-recorrer-la-historia-y-parques-de-pamplona-en-patinete-electrico-de-montana\\\/#breadcrumb\"},\"inLanguage\":\"es\",\"potentialAction\":[{\"@type\":\"ReadAction\",\"target\":[\"https:\\\/\\\/www.laguiadepamplona.com\\\/actualidad\\\/la-oferta-estival-de-turismo-permite-recorrer-la-historia-y-parques-de-pamplona-en-patinete-electrico-de-montana\\\/\"]}]},{\"@type\":\"ImageObject\",\"inLanguage\":\"es\",\"@id\":\"https:\\\/\\\/www.laguiadepamplona.com\\\/actualidad\\\/la-oferta-estival-de-turismo-permite-recorrer-la-historia-y-parques-de-pamplona-en-patinete-electrico-de-montana\\\/#primaryimage\",\"url\":\"https:\\\/\\\/www.laguiadepamplona.com\\\/actualidad\\\/wp-content\\\/uploads\\\/2022\\\/08\\\/bicisfoto4_0.webp\",\"contentUrl\":\"https:\\\/\\\/www.laguiadepamplona.com\\\/actualidad\\\/wp-content\\\/uploads\\\/2022\\\/08\\\/bicisfoto4_0.webp\",\"width\":1500,\"height\":844},{\"@type\":\"BreadcrumbList\",\"@id\":\"https:\\\/\\\/www.laguiadepamplona.com\\\/actualidad\\\/la-oferta-estival-de-turismo-permite-recorrer-la-historia-y-parques-de-pamplona-en-patinete-electrico-de-montana\\\/#breadcrumb\",\"itemListElement\":[{\"@type\":\"ListItem\",\"position\":1,\"name\":\"Portada\",\"item\":\"https:\\\/\\\/www.laguiadepamplona.com\\\/actualidad\\\/\"},{\"@type\":\"ListItem\",\"position\":2,\"name\":\"La oferta estival de Turismo permite recorrer la historia y parques de Pamplona en patinete el\u00e9ctrico de monta\u00f1a\"}]},{\"@type\":\"WebSite\",\"@id\":\"https:\\\/\\\/www.laguiadepamplona.com\\\/actualidad\\\/#website\",\"url\":\"https:\\\/\\\/www.laguiadepamplona.com\\\/actualidad\\\/\",\"name\":\"La gu\u00eda de Pamplona\",\"description\":\"Noticias de Pamplona\",\"publisher\":{\"@id\":\"https:\\\/\\\/www.laguiadepamplona.com\\\/actualidad\\\/#organization\"},\"potentialAction\":[{\"@type\":\"SearchAction\",\"target\":{\"@type\":\"EntryPoint\",\"urlTemplate\":\"https:\\\/\\\/www.laguiadepamplona.com\\\/actualidad\\\/?s={search_term_string}\"},\"query-input\":{\"@type\":\"PropertyValueSpecification\",\"valueRequired\":true,\"valueName\":\"search_term_string\"}}],\"inLanguage\":\"es\"},{\"@type\":\"Organization\",\"@id\":\"https:\\\/\\\/www.laguiadepamplona.com\\\/actualidad\\\/#organization\",\"name\":\"La Gu\u00eda de Pamplona \\\/ Noticias\",\"url\":\"https:\\\/\\\/www.laguiadepamplona.com\\\/actualidad\\\/\",\"logo\":{\"@type\":\"ImageObject\",\"inLanguage\":\"es\",\"@id\":\"https:\\\/\\\/www.laguiadepamplona.com\\\/actualidad\\\/#\\\/schema\\\/logo\\\/image\\\/\",\"url\":\"https:\\\/\\\/www.laguiadepamplona.com\\\/actualidad\\\/wp-content\\\/uploads\\\/2018\\\/11\\\/logo-laguiadepamplona18-web1.png\",\"contentUrl\":\"https:\\\/\\\/www.laguiadepamplona.com\\\/actualidad\\\/wp-content\\\/uploads\\\/2018\\\/11\\\/logo-laguiadepamplona18-web1.png\",\"width\":600,\"height\":196,\"caption\":\"La Gu\u00eda de Pamplona \\\/ Noticias\"},\"image\":{\"@id\":\"https:\\\/\\\/www.laguiadepamplona.com\\\/actualidad\\\/#\\\/schema\\\/logo\\\/image\\\/\"},\"sameAs\":[\"https:\\\/\\\/www.facebook.com\\\/laguiadepamplonacom-133175176762273\\\/?ref=hl\",\"https:\\\/\\\/x.com\\\/LaGuiadPamplona\",\"https:\\\/\\\/www.instagram.com\\\/la_guia_de_pamplona\\\/\",\"https:\\\/\\\/www.youtube.com\\\/user\\\/laguiadepamplona\"]},{\"@type\":\"Person\",\"@id\":\"https:\\\/\\\/www.laguiadepamplona.com\\\/actualidad\\\/#\\\/schema\\\/person\\\/efe887376f0213d4657c93adc50b1fdb\",\"name\":\"La Gu\u00eda de Pamplona\",\"image\":{\"@type\":\"ImageObject\",\"inLanguage\":\"es\",\"@id\":\"https:\\\/\\\/secure.gravatar.com\\\/avatar\\\/b6992f131dc8d30ab0dff15446e9d346d9dbd95992de0fef795073f5ea83a81c?s=96&d=mm&r=g\",\"url\":\"https:\\\/\\\/secure.gravatar.com\\\/avatar\\\/b6992f131dc8d30ab0dff15446e9d346d9dbd95992de0fef795073f5ea83a81c?s=96&d=mm&r=g\",\"contentUrl\":\"https:\\\/\\\/secure.gravatar.com\\\/avatar\\\/b6992f131dc8d30ab0dff15446e9d346d9dbd95992de0fef795073f5ea83a81c?s=96&d=mm&r=g\",\"caption\":\"La Gu\u00eda de Pamplona\"}}]}<\/script>\n<!-- \/ Yoast SEO plugin. -->","yoast_head_json":{"title":"La oferta estival de Turismo permite recorrer la historia y parques de Pamplona en patinete el\u00e9ctrico de monta\u00f1a","description":"La visita guiada, con reserva previa en la web, es posible gracias a las mejoras en los carriles bici y se puede realizar desde este viernes","robots":{"index":"index","follow":"follow","max-snippet":"max-snippet:-1","max-image-preview":"max-image-preview:large","max-video-preview":"max-video-preview:-1"},"canonical":"https:\/\/www.laguiadepamplona.com\/actualidad\/la-oferta-estival-de-turismo-permite-recorrer-la-historia-y-parques-de-pamplona-en-patinete-electrico-de-montana\/","og_locale":"es_ES","og_type":"article","og_title":"La oferta estival de Turismo permite recorrer la historia y parques de Pamplona en patinete el\u00e9ctrico de monta\u00f1a","og_description":"La visita guiada, con reserva previa en la web, es posible gracias a las mejoras en los carriles bici y se puede realizar desde este viernes","og_url":"https:\/\/www.laguiadepamplona.com\/actualidad\/la-oferta-estival-de-turismo-permite-recorrer-la-historia-y-parques-de-pamplona-en-patinete-electrico-de-montana\/","og_site_name":"La Gu\u00eda de Pamplona","article_publisher":"https:\/\/www.facebook.com\/laguiadepamplonacom-133175176762273\/?ref=hl","article_published_time":"2022-08-22T10:39:50+00:00","article_modified_time":"2023-04-11T09:47:53+00:00","og_image":[{"width":1500,"height":844,"url":"https:\/\/www.laguiadepamplona.com\/actualidad\/wp-content\/uploads\/2022\/08\/bicisfoto4_0.webp","type":"image\/webp"}],"author":"La Gu\u00eda de Pamplona","twitter_card":"summary_large_image","twitter_creator":"@LaGuiadPamplona","twitter_site":"@LaGuiadPamplona","twitter_misc":{"Escrito por":"La Gu\u00eda de Pamplona","Tiempo de lectura":"3 minutos"},"schema":{"@context":"https:\/\/schema.org","@graph":[{"@type":"Article","@id":"https:\/\/www.laguiadepamplona.com\/actualidad\/la-oferta-estival-de-turismo-permite-recorrer-la-historia-y-parques-de-pamplona-en-patinete-electrico-de-montana\/#article","isPartOf":{"@id":"https:\/\/www.laguiadepamplona.com\/actualidad\/la-oferta-estival-de-turismo-permite-recorrer-la-historia-y-parques-de-pamplona-en-patinete-electrico-de-montana\/"},"author":{"name":"La Gu\u00eda de Pamplona","@id":"https:\/\/www.laguiadepamplona.com\/actualidad\/#\/schema\/person\/efe887376f0213d4657c93adc50b1fdb"},"headline":"La oferta estival de Turismo permite recorrer la historia y parques de Pamplona en patinete el\u00e9ctrico de monta\u00f1a","datePublished":"2022-08-22T10:39:50+00:00","dateModified":"2023-04-11T09:47:53+00:00","mainEntityOfPage":{"@id":"https:\/\/www.laguiadepamplona.com\/actualidad\/la-oferta-estival-de-turismo-permite-recorrer-la-historia-y-parques-de-pamplona-en-patinete-electrico-de-montana\/"},"wordCount":511,"commentCount":0,"publisher":{"@id":"https:\/\/www.laguiadepamplona.com\/actualidad\/#organization"},"image":{"@id":"https:\/\/www.laguiadepamplona.com\/actualidad\/la-oferta-estival-de-turismo-permite-recorrer-la-historia-y-parques-de-pamplona-en-patinete-electrico-de-montana\/#primaryimage"},"thumbnailUrl":"https:\/\/www.laguiadepamplona.com\/actualidad\/wp-content\/uploads\/2022\/08\/bicisfoto4_0.webp","articleSection":["Ayto Pamplona"],"inLanguage":"es","potentialAction":[{"@type":"CommentAction","name":"Comment","target":["https:\/\/www.laguiadepamplona.com\/actualidad\/la-oferta-estival-de-turismo-permite-recorrer-la-historia-y-parques-de-pamplona-en-patinete-electrico-de-montana\/#respond"]}]},{"@type":"WebPage","@id":"https:\/\/www.laguiadepamplona.com\/actualidad\/la-oferta-estival-de-turismo-permite-recorrer-la-historia-y-parques-de-pamplona-en-patinete-electrico-de-montana\/","url":"https:\/\/www.laguiadepamplona.com\/actualidad\/la-oferta-estival-de-turismo-permite-recorrer-la-historia-y-parques-de-pamplona-en-patinete-electrico-de-montana\/","name":"La oferta estival de Turismo permite recorrer la historia y parques de Pamplona en patinete el\u00e9ctrico de monta\u00f1a","isPartOf":{"@id":"https:\/\/www.laguiadepamplona.com\/actualidad\/#website"},"primaryImageOfPage":{"@id":"https:\/\/www.laguiadepamplona.com\/actualidad\/la-oferta-estival-de-turismo-permite-recorrer-la-historia-y-parques-de-pamplona-en-patinete-electrico-de-montana\/#primaryimage"},"image":{"@id":"https:\/\/www.laguiadepamplona.com\/actualidad\/la-oferta-estival-de-turismo-permite-recorrer-la-historia-y-parques-de-pamplona-en-patinete-electrico-de-montana\/#primaryimage"},"thumbnailUrl":"https:\/\/www.laguiadepamplona.com\/actualidad\/wp-content\/uploads\/2022\/08\/bicisfoto4_0.webp","datePublished":"2022-08-22T10:39:50+00:00","dateModified":"2023-04-11T09:47:53+00:00","description":"La visita guiada, con reserva previa en la web, es posible gracias a las mejoras en los carriles bici y se puede realizar desde este viernes","breadcrumb":{"@id":"https:\/\/www.laguiadepamplona.com\/actualidad\/la-oferta-estival-de-turismo-permite-recorrer-la-historia-y-parques-de-pamplona-en-patinete-electrico-de-montana\/#breadcrumb"},"inLanguage":"es","potentialAction":[{"@type":"ReadAction","target":["https:\/\/www.laguiadepamplona.com\/actualidad\/la-oferta-estival-de-turismo-permite-recorrer-la-historia-y-parques-de-pamplona-en-patinete-electrico-de-montana\/"]}]},{"@type":"ImageObject","inLanguage":"es","@id":"https:\/\/www.laguiadepamplona.com\/actualidad\/la-oferta-estival-de-turismo-permite-recorrer-la-historia-y-parques-de-pamplona-en-patinete-electrico-de-montana\/#primaryimage","url":"https:\/\/www.laguiadepamplona.com\/actualidad\/wp-content\/uploads\/2022\/08\/bicisfoto4_0.webp","contentUrl":"https:\/\/www.laguiadepamplona.com\/actualidad\/wp-content\/uploads\/2022\/08\/bicisfoto4_0.webp","width":1500,"height":844},{"@type":"BreadcrumbList","@id":"https:\/\/www.laguiadepamplona.com\/actualidad\/la-oferta-estival-de-turismo-permite-recorrer-la-historia-y-parques-de-pamplona-en-patinete-electrico-de-montana\/#breadcrumb","itemListElement":[{"@type":"ListItem","position":1,"name":"Portada","item":"https:\/\/www.laguiadepamplona.com\/actualidad\/"},{"@type":"ListItem","position":2,"name":"La oferta estival de Turismo permite recorrer la historia y parques de Pamplona en patinete el\u00e9ctrico de monta\u00f1a"}]},{"@type":"WebSite","@id":"https:\/\/www.laguiadepamplona.com\/actualidad\/#website","url":"https:\/\/www.laguiadepamplona.com\/actualidad\/","name":"La gu\u00eda de Pamplona","description":"Noticias de Pamplona","publisher":{"@id":"https:\/\/www.laguiadepamplona.com\/actualidad\/#organization"},"potentialAction":[{"@type":"SearchAction","target":{"@type":"EntryPoint","urlTemplate":"https:\/\/www.laguiadepamplona.com\/actualidad\/?s={search_term_string}"},"query-input":{"@type":"PropertyValueSpecification","valueRequired":true,"valueName":"search_term_string"}}],"inLanguage":"es"},{"@type":"Organization","@id":"https:\/\/www.laguiadepamplona.com\/actualidad\/#organization","name":"La Gu\u00eda de Pamplona \/ Noticias","url":"https:\/\/www.laguiadepamplona.com\/actualidad\/","logo":{"@type":"ImageObject","inLanguage":"es","@id":"https:\/\/www.laguiadepamplona.com\/actualidad\/#\/schema\/logo\/image\/","url":"https:\/\/www.laguiadepamplona.com\/actualidad\/wp-content\/uploads\/2018\/11\/logo-laguiadepamplona18-web1.png","contentUrl":"https:\/\/www.laguiadepamplona.com\/actualidad\/wp-content\/uploads\/2018\/11\/logo-laguiadepamplona18-web1.png","width":600,"height":196,"caption":"La Gu\u00eda de Pamplona \/ Noticias"},"image":{"@id":"https:\/\/www.laguiadepamplona.com\/actualidad\/#\/schema\/logo\/image\/"},"sameAs":["https:\/\/www.facebook.com\/laguiadepamplonacom-133175176762273\/?ref=hl","https:\/\/x.com\/LaGuiadPamplona","https:\/\/www.instagram.com\/la_guia_de_pamplona\/","https:\/\/www.youtube.com\/user\/laguiadepamplona"]},{"@type":"Person","@id":"https:\/\/www.laguiadepamplona.com\/actualidad\/#\/schema\/person\/efe887376f0213d4657c93adc50b1fdb","name":"La Gu\u00eda de Pamplona","image":{"@type":"ImageObject","inLanguage":"es","@id":"https:\/\/secure.gravatar.com\/avatar\/b6992f131dc8d30ab0dff15446e9d346d9dbd95992de0fef795073f5ea83a81c?s=96&d=mm&r=g","url":"https:\/\/secure.gravatar.com\/avatar\/b6992f131dc8d30ab0dff15446e9d346d9dbd95992de0fef795073f5ea83a81c?s=96&d=mm&r=g","contentUrl":"https:\/\/secure.gravatar.com\/avatar\/b6992f131dc8d30ab0dff15446e9d346d9dbd95992de0fef795073f5ea83a81c?s=96&d=mm&r=g","caption":"La Gu\u00eda de Pamplona"}}]}},"post_mailing_queue_ids":[],"_links":{"self":[{"href":"https:\/\/www.laguiadepamplona.com\/actualidad\/wp-json\/wp\/v2\/posts\/41349","targetHints":{"allow":["GET"]}}],"collection":[{"href":"https:\/\/www.laguiadepamplona.com\/actualidad\/wp-json\/wp\/v2\/posts"}],"about":[{"href":"https:\/\/www.laguiadepamplona.com\/actualidad\/wp-json\/wp\/v2\/types\/post"}],"author":[{"embeddable":true,"href":"https:\/\/www.laguiadepamplona.com\/actualidad\/wp-json\/wp\/v2\/users\/1"}],"replies":[{"embeddable":true,"href":"https:\/\/www.laguiadepamplona.com\/actualidad\/wp-json\/wp\/v2\/comments?post=41349"}],"version-history":[{"count":0,"href":"https:\/\/www.laguiadepamplona.com\/actualidad\/wp-json\/wp\/v2\/posts\/41349\/revisions"}],"wp:featuredmedia":[{"embeddable":true,"href":"https:\/\/www.laguiadepamplona.com\/actualidad\/wp-json\/wp\/v2\/media\/41350"}],"wp:attachment":[{"href":"https:\/\/www.laguiadepamplona.com\/actualidad\/wp-json\/wp\/v2\/media?parent=41349"}],"wp:term":[{"taxonomy":"category","embeddable":true,"href":"https:\/\/www.laguiadepamplona.com\/actualidad\/wp-json\/wp\/v2\/categories?post=41349"},{"taxonomy":"post_tag","embeddable":true,"href":"https:\/\/www.laguiadepamplona.com\/actualidad\/wp-json\/wp\/v2\/tags?post=41349"}],"curies":[{"name":"wp","href":"https:\/\/api.w.org\/{rel}","templated":true}]}}