{"id":41344,"date":"2022-08-19T12:46:25","date_gmt":"2022-08-19T10:46:25","guid":{"rendered":"https:\/\/www.laguiadepamplona.com\/actualidad\/?p=41344"},"modified":"2023-04-11T11:47:53","modified_gmt":"2023-04-11T09:47:53","slug":"magia-danza-manualidades-y-expresion-corporal-esta-proxima-semana-en-la-casa-de-la-juventud","status":"publish","type":"post","link":"https:\/\/www.laguiadepamplona.com\/actualidad\/magia-danza-manualidades-y-expresion-corporal-esta-proxima-semana-en-la-casa-de-la-juventud\/","title":{"rendered":"Magia, danza, manualidades y expresi\u00f3n corporal, esta pr\u00f3xima semana en la Casa de la Juventud"},"content":{"rendered":"<h5>La propuesta \u2018Cada d\u00eda un plan\u2019 ofrece actividades gratuitas desde las 19 a las 20.30 horas para j\u00f3venes de 14 a 30 a\u00f1os<\/h5>\n<p><!--more--><\/p>\n<p>La programaci\u00f3n de \u2018Cada d\u00eda un plan\u2019 de la Casa de la Juventud contin\u00faa la pr\u00f3xima semana con una variedad de ofertas de ocio para chicos y chicas de 14 a 30 a\u00f1os. En esta ocasi\u00f3n, quienes acudan a la Casa podr\u00e1n participar en actividades de danza y expresi\u00f3n corporal, en talleres y en cursos de manualidades. Todas se realizar\u00e1n en el mismo horario, de 19 a 20.30 horas y son gratuitas. No es necesaria la realizaci\u00f3n de inscripci\u00f3n previa.<\/p>\n<p>La semana arrancar\u00e1 el lunes, con un taller de magia e ilusionismo, en el que las personas participantes podr\u00e1n ver en directo algunos n\u00fameros de ilusionismo y aprender algunas t\u00e9cnicas de magia con cartas de la mano del Mago Massil. Este taller parte de la idea de acercar a las personas j\u00f3venes una forma de ocio alternativo, creativo e interesante que puedan desarrollar a trav\u00e9s de un arte esc\u00e9nica poco com\u00fan como es el ilusionismo.<br \/>\n<script async src=\"\/\/pagead2.googlesyndication.com\/pagead\/js\/adsbygoogle.js\"><\/script><br \/>\n<!-- Noticias La Guia de Pamplona --><br \/>\n<ins class=\"adsbygoogle\"\nstyle=\"display:block\"\ndata-ad-client=\"ca-pub-6943679897239327\"\ndata-ad-slot=\"7048180777\"\ndata-ad-format=\"auto\"><\/ins><br \/>\n<script>\n(adsbygoogle = window.adsbygoogle || []).push({});\n<\/script><\/p>\n<p>Tras la magia, el martes llegar\u00e1 el turno del baile, con una clase de dancehall, impartida en euskera por Itsaso Luna. En esta masterclass las personas asistentes podr\u00e1n iniciarse en este estilo de baile con or\u00edgenes jamaicanos, que se ha ido expandiendo alrededor del mundo. Con referencias a la danza africana y caribe\u00f1a, el dancehall mezcla tambi\u00e9n movimientos de hip hop, todo ello inundado de energ\u00eda.<\/p>\n<p>El mi\u00e9rcoles, a las 19 horas, la Casa de la Juventud acoger\u00e1 un taller de manualidades, en el que se ense\u00f1ar\u00e1 a modificar unas chanclas para darles un aspecto m\u00e1s actual y moderno. En \u2018Transforma unas chanclas en unas estilosas sandalias\u2019, Leyre Monge, profesora de la Casa de la Juventud y graduada en Dise\u00f1o de Moda en la Escuela Superior de Dise\u00f1o de la Rioja, ofrecer\u00e1 trucos sobre el uso de distintos materiales y t\u00e9cnicas para dar una segunda vida a esas chanclas que ya no se usan, convirti\u00e9ndolas en sandalias personalizadas.<br \/>\n<script async src=\"\/\/pagead2.googlesyndication.com\/pagead\/js\/adsbygoogle.js\"><\/script><br \/>\n<!-- Noticias La Guia de Pamplona --><br \/>\n<ins class=\"adsbygoogle\"\nstyle=\"display:block\"\ndata-ad-client=\"ca-pub-6943679897239327\"\ndata-ad-slot=\"7048180777\"\ndata-ad-format=\"auto\"><\/ins><br \/>\n<script>\n(adsbygoogle = window.adsbygoogle || []).push({});\n<\/script><\/p>\n<p>El jueves, d\u00eda 25, volver\u00e1 el ritmo y actividad con una clase de danza fit. Esta sesi\u00f3n, impartida por Alexandra Modrean, que pone fin a la propuesta de \u2018En forma con\u2026\u2019. En la clase del jueves, se realizar\u00e1n ejercicios aer\u00f3bicos al ritmo de m\u00fasica latina (merengue, samba, reggaet\u00f3n, cumbia y salsa), todo ello desde una actitud positiva y alegre.<\/p>\n<p>La semana se cerrar\u00e1 con una nueva actividad dentro del ciclo \u2018A escena con\u2026\u2019 en el que, tras trabajar la improvisaci\u00f3n teatral y eliminar el p\u00e1nico esc\u00e9nico a cantar a principios de mes, en esta sesi\u00f3n se trabajar\u00e1 la expresi\u00f3n corporal en el escenario. En esta masterclass de expresi\u00f3n corporal, se utilizar\u00e1 el cuerpo como canal de comunicaci\u00f3n mediante diversos juegos teatrales, desarrollando la imaginaci\u00f3n y favoreciendo la adquisici\u00f3n de t\u00e9cnicas corporales como la flexibilidad, la desinhibici\u00f3n y sobre todo se dejar\u00e1 volar la imaginaci\u00f3n.<br \/>\n<script async src=\"\/\/pagead2.googlesyndication.com\/pagead\/js\/adsbygoogle.js\"><\/script><br \/>\n<!-- Noticias La Guia de Pamplona --><br \/>\n<ins class=\"adsbygoogle\"\nstyle=\"display:block\"\ndata-ad-client=\"ca-pub-6943679897239327\"\ndata-ad-slot=\"7048180777\"\ndata-ad-format=\"auto\"><\/ins><br \/>\n<script>\n(adsbygoogle = window.adsbygoogle || []).push({});\n<\/script><\/p>\n<p><strong>Juegos con la animadora de la Casa<\/strong><\/p>\n<p>Adem\u00e1s de estas actividades y talleres, la Casa de la Juventud organiza este pr\u00f3ximo martes, d\u00eda 23 y el viernes 26, sendas tardes de juegos a cargo de la animadora del centro. La cita ser\u00e1 a las 18 horas, ambos d\u00edas.<\/p>\n<p>La tarde del martes se jugar\u00e1 a \u2018El efecto\u2019, \u2018La escalada\u2019 y \u2018Ranitas\u2019. En el primero, se trata de un juego de ingenio. Con cuatro vasos en una mesa, la idea es desencadenar un movimiento en cadena que acabe con el \u00faltimo vaso en la canasta situada en el suelo al otro lado de la mesa.\u00a0 Por su parte, en \u2018La escalada\u2019, cada jugador cuenta con una pila de vasos, deben tomar un vaso de la parte superior de la pila y moverlo al fondo con una mano, luego repetir el proceso con la otra mano. En \u2018Ranitas\u2019 tambi\u00e9n los vasos son el elemento fundamental junto con las cucharas. El objetivo es introducir las cucharas en el fondo de los vasos. El viernes la cita ser\u00e1 a las 18.30 y la propuesta de ocio pasa por una tarde de karaoke.<br \/>\n<script async src=\"\/\/pagead2.googlesyndication.com\/pagead\/js\/adsbygoogle.js\"><\/script><br \/>\n<!-- Noticias La Guia de Pamplona --><br \/>\n<ins class=\"adsbygoogle\"\nstyle=\"display:block\"\ndata-ad-client=\"ca-pub-6943679897239327\"\ndata-ad-slot=\"7048180777\"\ndata-ad-format=\"auto\"><\/ins><br \/>\n<script>\n(adsbygoogle = window.adsbygoogle || []).push({});\n<\/script><\/p>\n<p>&nbsp;<\/p>\n<h3>Actividades de \u2018Cada d\u00eda un plan\u2019. A las 19 horas. En la Casa de la Juventud<\/h3>\n<ul>\n<li>Lunes, 22 de agosto: Taller de magia e ilusionismo<\/li>\n<li>Martes, 23 de agosto: Dancehall (en euskera)<\/li>\n<li>Mi\u00e9rcoles, 24 de agosto: Taller DIY: Transforma unas chanclas en unas estilosas sandalias.<\/li>\n<li>Jueves, 25 de agosto: Danza Fit<\/li>\n<li>Viernes, 26 de agosto: Expresi\u00f3n corporal<\/li>\n<\/ul>\n","protected":false},"excerpt":{"rendered":"<p>La propuesta \u2018Cada d\u00eda un plan\u2019 ofrece actividades gratuitas desde las 19 a las 20.30 horas para j\u00f3venes de 14 a 30 a\u00f1os<\/p>\n","protected":false},"author":1,"featured_media":41229,"comment_status":"open","ping_status":"closed","sticky":false,"template":"","format":"standard","meta":{"footnotes":""},"categories":[2],"tags":[],"class_list":["post-41344","post","type-post","status-publish","format-standard","has-post-thumbnail","hentry","category-ayuntamiento-pamplona"],"yoast_head":"<!-- This site is optimized with the Yoast SEO plugin v27.5 - https:\/\/yoast.com\/product\/yoast-seo-wordpress\/ -->\n<title>Magia, danza, manualidades y expresi\u00f3n corporal, esta pr\u00f3xima semana en la Casa de la Juventud<\/title>\n<meta name=\"description\" content=\"La propuesta \u2018Cada d\u00eda un plan\u2019 ofrece actividades gratuitas desde las 19 a las 20.30 horas para j\u00f3venes de 14 a 30 a\u00f1os\" \/>\n<meta name=\"robots\" content=\"index, follow, max-snippet:-1, max-image-preview:large, max-video-preview:-1\" \/>\n<link rel=\"canonical\" href=\"https:\/\/www.laguiadepamplona.com\/actualidad\/magia-danza-manualidades-y-expresion-corporal-esta-proxima-semana-en-la-casa-de-la-juventud\/\" \/>\n<meta property=\"og:locale\" content=\"es_ES\" \/>\n<meta property=\"og:type\" content=\"article\" \/>\n<meta property=\"og:title\" content=\"Magia, danza, manualidades y expresi\u00f3n corporal, esta pr\u00f3xima semana en la Casa de la Juventud\" \/>\n<meta property=\"og:description\" content=\"La propuesta \u2018Cada d\u00eda un plan\u2019 ofrece actividades gratuitas desde las 19 a las 20.30 horas para j\u00f3venes de 14 a 30 a\u00f1os\" \/>\n<meta property=\"og:url\" content=\"https:\/\/www.laguiadepamplona.com\/actualidad\/magia-danza-manualidades-y-expresion-corporal-esta-proxima-semana-en-la-casa-de-la-juventud\/\" \/>\n<meta property=\"og:site_name\" content=\"La Gu\u00eda de Pamplona\" \/>\n<meta property=\"article:publisher\" content=\"https:\/\/www.facebook.com\/laguiadepamplonacom-133175176762273\/?ref=hl\" \/>\n<meta property=\"article:published_time\" content=\"2022-08-19T10:46:25+00:00\" \/>\n<meta property=\"article:modified_time\" content=\"2023-04-11T09:47:53+00:00\" \/>\n<meta property=\"og:image\" content=\"https:\/\/www.laguiadepamplona.com\/actualidad\/wp-content\/uploads\/2022\/08\/bailecasajuventudee5a2716_1.webp\" \/>\n\t<meta property=\"og:image:width\" content=\"1920\" \/>\n\t<meta property=\"og:image:height\" content=\"1280\" \/>\n\t<meta property=\"og:image:type\" content=\"image\/webp\" \/>\n<meta name=\"author\" content=\"La Gu\u00eda de Pamplona\" \/>\n<meta name=\"twitter:card\" content=\"summary_large_image\" \/>\n<meta name=\"twitter:creator\" content=\"@LaGuiadPamplona\" \/>\n<meta name=\"twitter:site\" content=\"@LaGuiadPamplona\" \/>\n<meta name=\"twitter:label1\" content=\"Escrito por\" \/>\n\t<meta name=\"twitter:data1\" content=\"La Gu\u00eda de Pamplona\" \/>\n\t<meta name=\"twitter:label2\" content=\"Tiempo de lectura\" \/>\n\t<meta name=\"twitter:data2\" content=\"4 minutos\" \/>\n<script type=\"application\/ld+json\" class=\"yoast-schema-graph\">{\"@context\":\"https:\\\/\\\/schema.org\",\"@graph\":[{\"@type\":\"Article\",\"@id\":\"https:\\\/\\\/www.laguiadepamplona.com\\\/actualidad\\\/magia-danza-manualidades-y-expresion-corporal-esta-proxima-semana-en-la-casa-de-la-juventud\\\/#article\",\"isPartOf\":{\"@id\":\"https:\\\/\\\/www.laguiadepamplona.com\\\/actualidad\\\/magia-danza-manualidades-y-expresion-corporal-esta-proxima-semana-en-la-casa-de-la-juventud\\\/\"},\"author\":{\"name\":\"La Gu\u00eda de Pamplona\",\"@id\":\"https:\\\/\\\/www.laguiadepamplona.com\\\/actualidad\\\/#\\\/schema\\\/person\\\/efe887376f0213d4657c93adc50b1fdb\"},\"headline\":\"Magia, danza, manualidades y expresi\u00f3n corporal, esta pr\u00f3xima semana en la Casa de la Juventud\",\"datePublished\":\"2022-08-19T10:46:25+00:00\",\"dateModified\":\"2023-04-11T09:47:53+00:00\",\"mainEntityOfPage\":{\"@id\":\"https:\\\/\\\/www.laguiadepamplona.com\\\/actualidad\\\/magia-danza-manualidades-y-expresion-corporal-esta-proxima-semana-en-la-casa-de-la-juventud\\\/\"},\"wordCount\":782,\"commentCount\":0,\"publisher\":{\"@id\":\"https:\\\/\\\/www.laguiadepamplona.com\\\/actualidad\\\/#organization\"},\"image\":{\"@id\":\"https:\\\/\\\/www.laguiadepamplona.com\\\/actualidad\\\/magia-danza-manualidades-y-expresion-corporal-esta-proxima-semana-en-la-casa-de-la-juventud\\\/#primaryimage\"},\"thumbnailUrl\":\"https:\\\/\\\/www.laguiadepamplona.com\\\/actualidad\\\/wp-content\\\/uploads\\\/2022\\\/08\\\/bailecasajuventudee5a2716_1.webp\",\"articleSection\":[\"Ayto Pamplona\"],\"inLanguage\":\"es\",\"potentialAction\":[{\"@type\":\"CommentAction\",\"name\":\"Comment\",\"target\":[\"https:\\\/\\\/www.laguiadepamplona.com\\\/actualidad\\\/magia-danza-manualidades-y-expresion-corporal-esta-proxima-semana-en-la-casa-de-la-juventud\\\/#respond\"]}]},{\"@type\":\"WebPage\",\"@id\":\"https:\\\/\\\/www.laguiadepamplona.com\\\/actualidad\\\/magia-danza-manualidades-y-expresion-corporal-esta-proxima-semana-en-la-casa-de-la-juventud\\\/\",\"url\":\"https:\\\/\\\/www.laguiadepamplona.com\\\/actualidad\\\/magia-danza-manualidades-y-expresion-corporal-esta-proxima-semana-en-la-casa-de-la-juventud\\\/\",\"name\":\"Magia, danza, manualidades y expresi\u00f3n corporal, esta pr\u00f3xima semana en la Casa de la Juventud\",\"isPartOf\":{\"@id\":\"https:\\\/\\\/www.laguiadepamplona.com\\\/actualidad\\\/#website\"},\"primaryImageOfPage\":{\"@id\":\"https:\\\/\\\/www.laguiadepamplona.com\\\/actualidad\\\/magia-danza-manualidades-y-expresion-corporal-esta-proxima-semana-en-la-casa-de-la-juventud\\\/#primaryimage\"},\"image\":{\"@id\":\"https:\\\/\\\/www.laguiadepamplona.com\\\/actualidad\\\/magia-danza-manualidades-y-expresion-corporal-esta-proxima-semana-en-la-casa-de-la-juventud\\\/#primaryimage\"},\"thumbnailUrl\":\"https:\\\/\\\/www.laguiadepamplona.com\\\/actualidad\\\/wp-content\\\/uploads\\\/2022\\\/08\\\/bailecasajuventudee5a2716_1.webp\",\"datePublished\":\"2022-08-19T10:46:25+00:00\",\"dateModified\":\"2023-04-11T09:47:53+00:00\",\"description\":\"La propuesta \u2018Cada d\u00eda un plan\u2019 ofrece actividades gratuitas desde las 19 a las 20.30 horas para j\u00f3venes de 14 a 30 a\u00f1os\",\"breadcrumb\":{\"@id\":\"https:\\\/\\\/www.laguiadepamplona.com\\\/actualidad\\\/magia-danza-manualidades-y-expresion-corporal-esta-proxima-semana-en-la-casa-de-la-juventud\\\/#breadcrumb\"},\"inLanguage\":\"es\",\"potentialAction\":[{\"@type\":\"ReadAction\",\"target\":[\"https:\\\/\\\/www.laguiadepamplona.com\\\/actualidad\\\/magia-danza-manualidades-y-expresion-corporal-esta-proxima-semana-en-la-casa-de-la-juventud\\\/\"]}]},{\"@type\":\"ImageObject\",\"inLanguage\":\"es\",\"@id\":\"https:\\\/\\\/www.laguiadepamplona.com\\\/actualidad\\\/magia-danza-manualidades-y-expresion-corporal-esta-proxima-semana-en-la-casa-de-la-juventud\\\/#primaryimage\",\"url\":\"https:\\\/\\\/www.laguiadepamplona.com\\\/actualidad\\\/wp-content\\\/uploads\\\/2022\\\/08\\\/bailecasajuventudee5a2716_1.webp\",\"contentUrl\":\"https:\\\/\\\/www.laguiadepamplona.com\\\/actualidad\\\/wp-content\\\/uploads\\\/2022\\\/08\\\/bailecasajuventudee5a2716_1.webp\",\"width\":1920,\"height\":1280},{\"@type\":\"BreadcrumbList\",\"@id\":\"https:\\\/\\\/www.laguiadepamplona.com\\\/actualidad\\\/magia-danza-manualidades-y-expresion-corporal-esta-proxima-semana-en-la-casa-de-la-juventud\\\/#breadcrumb\",\"itemListElement\":[{\"@type\":\"ListItem\",\"position\":1,\"name\":\"Portada\",\"item\":\"https:\\\/\\\/www.laguiadepamplona.com\\\/actualidad\\\/\"},{\"@type\":\"ListItem\",\"position\":2,\"name\":\"Magia, danza, manualidades y expresi\u00f3n corporal, esta pr\u00f3xima semana en la Casa de la Juventud\"}]},{\"@type\":\"WebSite\",\"@id\":\"https:\\\/\\\/www.laguiadepamplona.com\\\/actualidad\\\/#website\",\"url\":\"https:\\\/\\\/www.laguiadepamplona.com\\\/actualidad\\\/\",\"name\":\"La gu\u00eda de Pamplona\",\"description\":\"Noticias de Pamplona\",\"publisher\":{\"@id\":\"https:\\\/\\\/www.laguiadepamplona.com\\\/actualidad\\\/#organization\"},\"potentialAction\":[{\"@type\":\"SearchAction\",\"target\":{\"@type\":\"EntryPoint\",\"urlTemplate\":\"https:\\\/\\\/www.laguiadepamplona.com\\\/actualidad\\\/?s={search_term_string}\"},\"query-input\":{\"@type\":\"PropertyValueSpecification\",\"valueRequired\":true,\"valueName\":\"search_term_string\"}}],\"inLanguage\":\"es\"},{\"@type\":\"Organization\",\"@id\":\"https:\\\/\\\/www.laguiadepamplona.com\\\/actualidad\\\/#organization\",\"name\":\"La Gu\u00eda de Pamplona \\\/ Noticias\",\"url\":\"https:\\\/\\\/www.laguiadepamplona.com\\\/actualidad\\\/\",\"logo\":{\"@type\":\"ImageObject\",\"inLanguage\":\"es\",\"@id\":\"https:\\\/\\\/www.laguiadepamplona.com\\\/actualidad\\\/#\\\/schema\\\/logo\\\/image\\\/\",\"url\":\"https:\\\/\\\/www.laguiadepamplona.com\\\/actualidad\\\/wp-content\\\/uploads\\\/2018\\\/11\\\/logo-laguiadepamplona18-web1.png\",\"contentUrl\":\"https:\\\/\\\/www.laguiadepamplona.com\\\/actualidad\\\/wp-content\\\/uploads\\\/2018\\\/11\\\/logo-laguiadepamplona18-web1.png\",\"width\":600,\"height\":196,\"caption\":\"La Gu\u00eda de Pamplona \\\/ Noticias\"},\"image\":{\"@id\":\"https:\\\/\\\/www.laguiadepamplona.com\\\/actualidad\\\/#\\\/schema\\\/logo\\\/image\\\/\"},\"sameAs\":[\"https:\\\/\\\/www.facebook.com\\\/laguiadepamplonacom-133175176762273\\\/?ref=hl\",\"https:\\\/\\\/x.com\\\/LaGuiadPamplona\",\"https:\\\/\\\/www.instagram.com\\\/la_guia_de_pamplona\\\/\",\"https:\\\/\\\/www.youtube.com\\\/user\\\/laguiadepamplona\"]},{\"@type\":\"Person\",\"@id\":\"https:\\\/\\\/www.laguiadepamplona.com\\\/actualidad\\\/#\\\/schema\\\/person\\\/efe887376f0213d4657c93adc50b1fdb\",\"name\":\"La Gu\u00eda de Pamplona\",\"image\":{\"@type\":\"ImageObject\",\"inLanguage\":\"es\",\"@id\":\"https:\\\/\\\/secure.gravatar.com\\\/avatar\\\/b6992f131dc8d30ab0dff15446e9d346d9dbd95992de0fef795073f5ea83a81c?s=96&d=mm&r=g\",\"url\":\"https:\\\/\\\/secure.gravatar.com\\\/avatar\\\/b6992f131dc8d30ab0dff15446e9d346d9dbd95992de0fef795073f5ea83a81c?s=96&d=mm&r=g\",\"contentUrl\":\"https:\\\/\\\/secure.gravatar.com\\\/avatar\\\/b6992f131dc8d30ab0dff15446e9d346d9dbd95992de0fef795073f5ea83a81c?s=96&d=mm&r=g\",\"caption\":\"La Gu\u00eda de Pamplona\"}}]}<\/script>\n<!-- \/ Yoast SEO plugin. -->","yoast_head_json":{"title":"Magia, danza, manualidades y expresi\u00f3n corporal, esta pr\u00f3xima semana en la Casa de la Juventud","description":"La propuesta \u2018Cada d\u00eda un plan\u2019 ofrece actividades gratuitas desde las 19 a las 20.30 horas para j\u00f3venes de 14 a 30 a\u00f1os","robots":{"index":"index","follow":"follow","max-snippet":"max-snippet:-1","max-image-preview":"max-image-preview:large","max-video-preview":"max-video-preview:-1"},"canonical":"https:\/\/www.laguiadepamplona.com\/actualidad\/magia-danza-manualidades-y-expresion-corporal-esta-proxima-semana-en-la-casa-de-la-juventud\/","og_locale":"es_ES","og_type":"article","og_title":"Magia, danza, manualidades y expresi\u00f3n corporal, esta pr\u00f3xima semana en la Casa de la Juventud","og_description":"La propuesta \u2018Cada d\u00eda un plan\u2019 ofrece actividades gratuitas desde las 19 a las 20.30 horas para j\u00f3venes de 14 a 30 a\u00f1os","og_url":"https:\/\/www.laguiadepamplona.com\/actualidad\/magia-danza-manualidades-y-expresion-corporal-esta-proxima-semana-en-la-casa-de-la-juventud\/","og_site_name":"La Gu\u00eda de Pamplona","article_publisher":"https:\/\/www.facebook.com\/laguiadepamplonacom-133175176762273\/?ref=hl","article_published_time":"2022-08-19T10:46:25+00:00","article_modified_time":"2023-04-11T09:47:53+00:00","og_image":[{"width":1920,"height":1280,"url":"https:\/\/www.laguiadepamplona.com\/actualidad\/wp-content\/uploads\/2022\/08\/bailecasajuventudee5a2716_1.webp","type":"image\/webp"}],"author":"La Gu\u00eda de Pamplona","twitter_card":"summary_large_image","twitter_creator":"@LaGuiadPamplona","twitter_site":"@LaGuiadPamplona","twitter_misc":{"Escrito por":"La Gu\u00eda de Pamplona","Tiempo de lectura":"4 minutos"},"schema":{"@context":"https:\/\/schema.org","@graph":[{"@type":"Article","@id":"https:\/\/www.laguiadepamplona.com\/actualidad\/magia-danza-manualidades-y-expresion-corporal-esta-proxima-semana-en-la-casa-de-la-juventud\/#article","isPartOf":{"@id":"https:\/\/www.laguiadepamplona.com\/actualidad\/magia-danza-manualidades-y-expresion-corporal-esta-proxima-semana-en-la-casa-de-la-juventud\/"},"author":{"name":"La Gu\u00eda de Pamplona","@id":"https:\/\/www.laguiadepamplona.com\/actualidad\/#\/schema\/person\/efe887376f0213d4657c93adc50b1fdb"},"headline":"Magia, danza, manualidades y expresi\u00f3n corporal, esta pr\u00f3xima semana en la Casa de la Juventud","datePublished":"2022-08-19T10:46:25+00:00","dateModified":"2023-04-11T09:47:53+00:00","mainEntityOfPage":{"@id":"https:\/\/www.laguiadepamplona.com\/actualidad\/magia-danza-manualidades-y-expresion-corporal-esta-proxima-semana-en-la-casa-de-la-juventud\/"},"wordCount":782,"commentCount":0,"publisher":{"@id":"https:\/\/www.laguiadepamplona.com\/actualidad\/#organization"},"image":{"@id":"https:\/\/www.laguiadepamplona.com\/actualidad\/magia-danza-manualidades-y-expresion-corporal-esta-proxima-semana-en-la-casa-de-la-juventud\/#primaryimage"},"thumbnailUrl":"https:\/\/www.laguiadepamplona.com\/actualidad\/wp-content\/uploads\/2022\/08\/bailecasajuventudee5a2716_1.webp","articleSection":["Ayto Pamplona"],"inLanguage":"es","potentialAction":[{"@type":"CommentAction","name":"Comment","target":["https:\/\/www.laguiadepamplona.com\/actualidad\/magia-danza-manualidades-y-expresion-corporal-esta-proxima-semana-en-la-casa-de-la-juventud\/#respond"]}]},{"@type":"WebPage","@id":"https:\/\/www.laguiadepamplona.com\/actualidad\/magia-danza-manualidades-y-expresion-corporal-esta-proxima-semana-en-la-casa-de-la-juventud\/","url":"https:\/\/www.laguiadepamplona.com\/actualidad\/magia-danza-manualidades-y-expresion-corporal-esta-proxima-semana-en-la-casa-de-la-juventud\/","name":"Magia, danza, manualidades y expresi\u00f3n corporal, esta pr\u00f3xima semana en la Casa de la Juventud","isPartOf":{"@id":"https:\/\/www.laguiadepamplona.com\/actualidad\/#website"},"primaryImageOfPage":{"@id":"https:\/\/www.laguiadepamplona.com\/actualidad\/magia-danza-manualidades-y-expresion-corporal-esta-proxima-semana-en-la-casa-de-la-juventud\/#primaryimage"},"image":{"@id":"https:\/\/www.laguiadepamplona.com\/actualidad\/magia-danza-manualidades-y-expresion-corporal-esta-proxima-semana-en-la-casa-de-la-juventud\/#primaryimage"},"thumbnailUrl":"https:\/\/www.laguiadepamplona.com\/actualidad\/wp-content\/uploads\/2022\/08\/bailecasajuventudee5a2716_1.webp","datePublished":"2022-08-19T10:46:25+00:00","dateModified":"2023-04-11T09:47:53+00:00","description":"La propuesta \u2018Cada d\u00eda un plan\u2019 ofrece actividades gratuitas desde las 19 a las 20.30 horas para j\u00f3venes de 14 a 30 a\u00f1os","breadcrumb":{"@id":"https:\/\/www.laguiadepamplona.com\/actualidad\/magia-danza-manualidades-y-expresion-corporal-esta-proxima-semana-en-la-casa-de-la-juventud\/#breadcrumb"},"inLanguage":"es","potentialAction":[{"@type":"ReadAction","target":["https:\/\/www.laguiadepamplona.com\/actualidad\/magia-danza-manualidades-y-expresion-corporal-esta-proxima-semana-en-la-casa-de-la-juventud\/"]}]},{"@type":"ImageObject","inLanguage":"es","@id":"https:\/\/www.laguiadepamplona.com\/actualidad\/magia-danza-manualidades-y-expresion-corporal-esta-proxima-semana-en-la-casa-de-la-juventud\/#primaryimage","url":"https:\/\/www.laguiadepamplona.com\/actualidad\/wp-content\/uploads\/2022\/08\/bailecasajuventudee5a2716_1.webp","contentUrl":"https:\/\/www.laguiadepamplona.com\/actualidad\/wp-content\/uploads\/2022\/08\/bailecasajuventudee5a2716_1.webp","width":1920,"height":1280},{"@type":"BreadcrumbList","@id":"https:\/\/www.laguiadepamplona.com\/actualidad\/magia-danza-manualidades-y-expresion-corporal-esta-proxima-semana-en-la-casa-de-la-juventud\/#breadcrumb","itemListElement":[{"@type":"ListItem","position":1,"name":"Portada","item":"https:\/\/www.laguiadepamplona.com\/actualidad\/"},{"@type":"ListItem","position":2,"name":"Magia, danza, manualidades y expresi\u00f3n corporal, esta pr\u00f3xima semana en la Casa de la Juventud"}]},{"@type":"WebSite","@id":"https:\/\/www.laguiadepamplona.com\/actualidad\/#website","url":"https:\/\/www.laguiadepamplona.com\/actualidad\/","name":"La gu\u00eda de Pamplona","description":"Noticias de Pamplona","publisher":{"@id":"https:\/\/www.laguiadepamplona.com\/actualidad\/#organization"},"potentialAction":[{"@type":"SearchAction","target":{"@type":"EntryPoint","urlTemplate":"https:\/\/www.laguiadepamplona.com\/actualidad\/?s={search_term_string}"},"query-input":{"@type":"PropertyValueSpecification","valueRequired":true,"valueName":"search_term_string"}}],"inLanguage":"es"},{"@type":"Organization","@id":"https:\/\/www.laguiadepamplona.com\/actualidad\/#organization","name":"La Gu\u00eda de Pamplona \/ Noticias","url":"https:\/\/www.laguiadepamplona.com\/actualidad\/","logo":{"@type":"ImageObject","inLanguage":"es","@id":"https:\/\/www.laguiadepamplona.com\/actualidad\/#\/schema\/logo\/image\/","url":"https:\/\/www.laguiadepamplona.com\/actualidad\/wp-content\/uploads\/2018\/11\/logo-laguiadepamplona18-web1.png","contentUrl":"https:\/\/www.laguiadepamplona.com\/actualidad\/wp-content\/uploads\/2018\/11\/logo-laguiadepamplona18-web1.png","width":600,"height":196,"caption":"La Gu\u00eda de Pamplona \/ Noticias"},"image":{"@id":"https:\/\/www.laguiadepamplona.com\/actualidad\/#\/schema\/logo\/image\/"},"sameAs":["https:\/\/www.facebook.com\/laguiadepamplonacom-133175176762273\/?ref=hl","https:\/\/x.com\/LaGuiadPamplona","https:\/\/www.instagram.com\/la_guia_de_pamplona\/","https:\/\/www.youtube.com\/user\/laguiadepamplona"]},{"@type":"Person","@id":"https:\/\/www.laguiadepamplona.com\/actualidad\/#\/schema\/person\/efe887376f0213d4657c93adc50b1fdb","name":"La Gu\u00eda de Pamplona","image":{"@type":"ImageObject","inLanguage":"es","@id":"https:\/\/secure.gravatar.com\/avatar\/b6992f131dc8d30ab0dff15446e9d346d9dbd95992de0fef795073f5ea83a81c?s=96&d=mm&r=g","url":"https:\/\/secure.gravatar.com\/avatar\/b6992f131dc8d30ab0dff15446e9d346d9dbd95992de0fef795073f5ea83a81c?s=96&d=mm&r=g","contentUrl":"https:\/\/secure.gravatar.com\/avatar\/b6992f131dc8d30ab0dff15446e9d346d9dbd95992de0fef795073f5ea83a81c?s=96&d=mm&r=g","caption":"La Gu\u00eda de Pamplona"}}]}},"post_mailing_queue_ids":[],"_links":{"self":[{"href":"https:\/\/www.laguiadepamplona.com\/actualidad\/wp-json\/wp\/v2\/posts\/41344","targetHints":{"allow":["GET"]}}],"collection":[{"href":"https:\/\/www.laguiadepamplona.com\/actualidad\/wp-json\/wp\/v2\/posts"}],"about":[{"href":"https:\/\/www.laguiadepamplona.com\/actualidad\/wp-json\/wp\/v2\/types\/post"}],"author":[{"embeddable":true,"href":"https:\/\/www.laguiadepamplona.com\/actualidad\/wp-json\/wp\/v2\/users\/1"}],"replies":[{"embeddable":true,"href":"https:\/\/www.laguiadepamplona.com\/actualidad\/wp-json\/wp\/v2\/comments?post=41344"}],"version-history":[{"count":0,"href":"https:\/\/www.laguiadepamplona.com\/actualidad\/wp-json\/wp\/v2\/posts\/41344\/revisions"}],"wp:featuredmedia":[{"embeddable":true,"href":"https:\/\/www.laguiadepamplona.com\/actualidad\/wp-json\/wp\/v2\/media\/41229"}],"wp:attachment":[{"href":"https:\/\/www.laguiadepamplona.com\/actualidad\/wp-json\/wp\/v2\/media?parent=41344"}],"wp:term":[{"taxonomy":"category","embeddable":true,"href":"https:\/\/www.laguiadepamplona.com\/actualidad\/wp-json\/wp\/v2\/categories?post=41344"},{"taxonomy":"post_tag","embeddable":true,"href":"https:\/\/www.laguiadepamplona.com\/actualidad\/wp-json\/wp\/v2\/tags?post=41344"}],"curies":[{"name":"wp","href":"https:\/\/api.w.org\/{rel}","templated":true}]}}