{"id":41338,"date":"2022-08-19T12:38:46","date_gmt":"2022-08-19T10:38:46","guid":{"rendered":"https:\/\/www.laguiadepamplona.com\/actualidad\/?p=41338"},"modified":"2023-04-11T11:47:53","modified_gmt":"2023-04-11T09:47:53","slug":"danzad-danzad-malditos-concluye-este-sabado-con-las-actuaciones-de-areli-moran-stefano-mattiello-clarissa-costagliola-y-anuar-daemon-en-la-ronda-barbazana","status":"publish","type":"post","link":"https:\/\/www.laguiadepamplona.com\/actualidad\/danzad-danzad-malditos-concluye-este-sabado-con-las-actuaciones-de-areli-moran-stefano-mattiello-clarissa-costagliola-y-anuar-daemon-en-la-ronda-barbazana\/","title":{"rendered":"\u2018Danzad, danzad, malditos\u2019 concluye este s\u00e1bado con las actuaciones de Areli Mor\u00e1n, Stefano Mattiello, Clarissa Costagliola y Anuar Daemon en la Ronda Barbazana"},"content":{"rendered":"<h5>Un equipo de parkour enlaza las tres piezas del programa de danza, que se celebra a partir de las 20.00 con entrada gratuita<\/h5>\n<p><!--more--><\/p>\n<p>El ciclo Danzad, danzad, malditos, dentro del Festival de las Murallas del Ayuntamiento de Pamplona, pone este s\u00e1bado el broche final a su s\u00e9ptima edici\u00f3n, con las actuaciones de Areli Mor\u00e1n, Stefano Mattiello y Clarissa Costagliola, y Anuar Daemon. La Ronda Barbazana ser\u00e1 de nuevo el escenario de esta triple cita con la danza contempor\u00e1nea actual, a partir de las 20.00, en la que se han ofrecido nueve propuestas nacionales e internacionales durante los tres primeros s\u00e1bados de agosto.<br \/>\n<script async src=\"\/\/pagead2.googlesyndication.com\/pagead\/js\/adsbygoogle.js\"><\/script><br \/>\n<!-- Noticias La Guia de Pamplona --><br \/>\n<ins class=\"adsbygoogle\"\nstyle=\"display:block\"\ndata-ad-client=\"ca-pub-6943679897239327\"\ndata-ad-slot=\"7048180777\"\ndata-ad-format=\"auto\"><\/ins><br \/>\n<script>\n(adsbygoogle = window.adsbygoogle || []).push({});\n<\/script><\/p>\n<p>El programa se abre en el Rinc\u00f3n del Caballo Blanco con \u2018Seguir el curso de una acci\u00f3n en particular\u2019, muestra experimental al aire libre creada e interpretada por la bailarina Areli Mor\u00e1n. La obra escenifica el proceso de resiliencia que afronta el cuerpo de la artista a trav\u00e9s de la superaci\u00f3n de dificultades inherentes a la vida humana. Areli Mor\u00e1n ha realizado diversos proyectos y residencias de creaci\u00f3n en ciudades como Berl\u00edn, Monterrey y Pamplona. Al t\u00e9rmino de su espect\u00e1culo, acompa\u00f1a el recorrido por la muralla el equipo de parkour, con una apertura creada por Javi P\u00e9rez, Blackflip.<\/p>\n<p>La segunda parte de la cita, en el front\u00f3n Jito Alai, lleva por t\u00edtulo \u2018Entre el v\u00ednculo y la ruptura\u2019. Creado por Stefano Mattiello y Clarissa Costagliola, vinculados a Italia y a Pamplona, la obra indaga en el enlace que se crea entre dos cuerpos: en funci\u00f3n de la distancia que hay entre ellos, tanto f\u00edsica como mental, este v\u00ednculo se transforma y de esa manera va alcanzando un equilibrio definido como inestable. Desde el front\u00f3n, de nuevo el equipo de parkour acompa\u00f1a el recorrido de vuelta al Caballo Blanco.<\/p>\n<p>La tercera pieza del programa es \u2018Vogue\u2019, del polifac\u00e9tico artista navarro Anuar Daemon. El vogue, evoluci\u00f3n de la danza house nacida en el barrio de Harlem en los a\u00f1os 80, se centra en la b\u00fasqueda de lo femenino y lo masculino, sin excluir lo transg\u00e9nero, lo transexual y otras formas de identidad. El punto final del ciclo en el Caballo Blanco lo firma la coreograf\u00eda del equipo de parkour.<br \/>\n<script async src=\"\/\/pagead2.googlesyndication.com\/pagead\/js\/adsbygoogle.js\"><\/script><br \/>\n<!-- Noticias La Guia de Pamplona --><br \/>\n<ins class=\"adsbygoogle\"\nstyle=\"display:block\"\ndata-ad-client=\"ca-pub-6943679897239327\"\ndata-ad-slot=\"7048180777\"\ndata-ad-format=\"auto\"><\/ins><br \/>\n<script>\n(adsbygoogle = window.adsbygoogle || []).push({});\n<\/script><\/p>\n<p>&nbsp;<\/p>\n<h3>Danzad, Danzad, Malditos. S\u00e1bado 20 de Agosto, 20.00. Ronda Barbazana<\/h3>\n<ul>\n<li>Seguir el curso de una acci\u00f3n en particular. Areli Mor\u00e1n, Berl\u00edn\/M\u00e9xico (Caballo Blanco).<\/li>\n<li>Entre el v\u00ednculo y la ruptura. Stefano Mattiello y Clarissa Costagliola, Italia\/Pamplona (Jito Alai).<\/li>\n<li>Anuar Daemon (Caballo Blanco)<\/li>\n<li>Apertura, recorrido y coreograf\u00eda de cierre con equipo de parkour.<\/li>\n<\/ul>\n","protected":false},"excerpt":{"rendered":"<p>Un equipo de parkour enlaza las tres piezas del programa de danza, que se celebra a partir de las 20.00 con entrada gratuita<\/p>\n","protected":false},"author":1,"featured_media":41322,"comment_status":"open","ping_status":"closed","sticky":false,"template":"","format":"standard","meta":{"footnotes":""},"categories":[2],"tags":[],"class_list":["post-41338","post","type-post","status-publish","format-standard","has-post-thumbnail","hentry","category-ayuntamiento-pamplona"],"yoast_head":"<!-- This site is optimized with the Yoast SEO plugin v27.3 - https:\/\/yoast.com\/product\/yoast-seo-wordpress\/ -->\n<title>\u2018Danzad, danzad, malditos\u2019 concluye este s\u00e1bado con las actuaciones de Areli Mor\u00e1n, Stefano Mattiello, Clarissa Costagliola y Anuar Daemon en la Ronda Barbazana<\/title>\n<meta name=\"description\" content=\"Un equipo de parkour enlaza las tres piezas del programa de danza, que se celebra a partir de las 20.00 con entrada gratuita. Danzad\" \/>\n<meta name=\"robots\" content=\"index, follow, max-snippet:-1, max-image-preview:large, max-video-preview:-1\" \/>\n<link rel=\"canonical\" href=\"https:\/\/www.laguiadepamplona.com\/actualidad\/danzad-danzad-malditos-concluye-este-sabado-con-las-actuaciones-de-areli-moran-stefano-mattiello-clarissa-costagliola-y-anuar-daemon-en-la-ronda-barbazana\/\" \/>\n<meta property=\"og:locale\" content=\"es_ES\" \/>\n<meta property=\"og:type\" content=\"article\" \/>\n<meta property=\"og:title\" content=\"\u2018Danzad, danzad, malditos\u2019 concluye este s\u00e1bado con las actuaciones de Areli Mor\u00e1n, Stefano Mattiello, Clarissa Costagliola y Anuar Daemon en la Ronda Barbazana\" \/>\n<meta property=\"og:description\" content=\"Un equipo de parkour enlaza las tres piezas del programa de danza, que se celebra a partir de las 20.00 con entrada gratuita. Danzad\" \/>\n<meta property=\"og:url\" content=\"https:\/\/www.laguiadepamplona.com\/actualidad\/danzad-danzad-malditos-concluye-este-sabado-con-las-actuaciones-de-areli-moran-stefano-mattiello-clarissa-costagliola-y-anuar-daemon-en-la-ronda-barbazana\/\" \/>\n<meta property=\"og:site_name\" content=\"La Gu\u00eda de Pamplona\" \/>\n<meta property=\"article:publisher\" content=\"https:\/\/www.facebook.com\/laguiadepamplonacom-133175176762273\/?ref=hl\" \/>\n<meta property=\"article:published_time\" content=\"2022-08-19T10:38:46+00:00\" \/>\n<meta property=\"article:modified_time\" content=\"2023-04-11T09:47:53+00:00\" \/>\n<meta property=\"og:image\" content=\"https:\/\/www.laguiadepamplona.com\/actualidad\/wp-content\/uploads\/2022\/08\/35elelei.webp\" \/>\n\t<meta property=\"og:image:width\" content=\"1920\" \/>\n\t<meta property=\"og:image:height\" content=\"1520\" \/>\n\t<meta property=\"og:image:type\" content=\"image\/webp\" \/>\n<meta name=\"author\" content=\"La Gu\u00eda de Pamplona\" \/>\n<meta name=\"twitter:card\" content=\"summary_large_image\" \/>\n<meta name=\"twitter:creator\" content=\"@LaGuiadPamplona\" \/>\n<meta name=\"twitter:site\" content=\"@LaGuiadPamplona\" \/>\n<meta name=\"twitter:label1\" content=\"Escrito por\" \/>\n\t<meta name=\"twitter:data1\" content=\"La Gu\u00eda de Pamplona\" \/>\n\t<meta name=\"twitter:label2\" content=\"Tiempo de lectura\" \/>\n\t<meta name=\"twitter:data2\" content=\"2 minutos\" \/>\n<script type=\"application\/ld+json\" class=\"yoast-schema-graph\">{\"@context\":\"https:\\\/\\\/schema.org\",\"@graph\":[{\"@type\":\"Article\",\"@id\":\"https:\\\/\\\/www.laguiadepamplona.com\\\/actualidad\\\/danzad-danzad-malditos-concluye-este-sabado-con-las-actuaciones-de-areli-moran-stefano-mattiello-clarissa-costagliola-y-anuar-daemon-en-la-ronda-barbazana\\\/#article\",\"isPartOf\":{\"@id\":\"https:\\\/\\\/www.laguiadepamplona.com\\\/actualidad\\\/danzad-danzad-malditos-concluye-este-sabado-con-las-actuaciones-de-areli-moran-stefano-mattiello-clarissa-costagliola-y-anuar-daemon-en-la-ronda-barbazana\\\/\"},\"author\":{\"name\":\"La Gu\u00eda de Pamplona\",\"@id\":\"https:\\\/\\\/www.laguiadepamplona.com\\\/actualidad\\\/#\\\/schema\\\/person\\\/efe887376f0213d4657c93adc50b1fdb\"},\"headline\":\"\u2018Danzad, danzad, malditos\u2019 concluye este s\u00e1bado con las actuaciones de Areli Mor\u00e1n, Stefano Mattiello, Clarissa Costagliola y Anuar Daemon en la Ronda Barbazana\",\"datePublished\":\"2022-08-19T10:38:46+00:00\",\"dateModified\":\"2023-04-11T09:47:53+00:00\",\"mainEntityOfPage\":{\"@id\":\"https:\\\/\\\/www.laguiadepamplona.com\\\/actualidad\\\/danzad-danzad-malditos-concluye-este-sabado-con-las-actuaciones-de-areli-moran-stefano-mattiello-clarissa-costagliola-y-anuar-daemon-en-la-ronda-barbazana\\\/\"},\"wordCount\":472,\"commentCount\":0,\"publisher\":{\"@id\":\"https:\\\/\\\/www.laguiadepamplona.com\\\/actualidad\\\/#organization\"},\"image\":{\"@id\":\"https:\\\/\\\/www.laguiadepamplona.com\\\/actualidad\\\/danzad-danzad-malditos-concluye-este-sabado-con-las-actuaciones-de-areli-moran-stefano-mattiello-clarissa-costagliola-y-anuar-daemon-en-la-ronda-barbazana\\\/#primaryimage\"},\"thumbnailUrl\":\"https:\\\/\\\/www.laguiadepamplona.com\\\/actualidad\\\/wp-content\\\/uploads\\\/2022\\\/08\\\/35elelei.webp\",\"articleSection\":[\"Ayto Pamplona\"],\"inLanguage\":\"es\",\"potentialAction\":[{\"@type\":\"CommentAction\",\"name\":\"Comment\",\"target\":[\"https:\\\/\\\/www.laguiadepamplona.com\\\/actualidad\\\/danzad-danzad-malditos-concluye-este-sabado-con-las-actuaciones-de-areli-moran-stefano-mattiello-clarissa-costagliola-y-anuar-daemon-en-la-ronda-barbazana\\\/#respond\"]}]},{\"@type\":\"WebPage\",\"@id\":\"https:\\\/\\\/www.laguiadepamplona.com\\\/actualidad\\\/danzad-danzad-malditos-concluye-este-sabado-con-las-actuaciones-de-areli-moran-stefano-mattiello-clarissa-costagliola-y-anuar-daemon-en-la-ronda-barbazana\\\/\",\"url\":\"https:\\\/\\\/www.laguiadepamplona.com\\\/actualidad\\\/danzad-danzad-malditos-concluye-este-sabado-con-las-actuaciones-de-areli-moran-stefano-mattiello-clarissa-costagliola-y-anuar-daemon-en-la-ronda-barbazana\\\/\",\"name\":\"\u2018Danzad, danzad, malditos\u2019 concluye este s\u00e1bado con las actuaciones de Areli Mor\u00e1n, Stefano Mattiello, Clarissa Costagliola y Anuar Daemon en la Ronda Barbazana\",\"isPartOf\":{\"@id\":\"https:\\\/\\\/www.laguiadepamplona.com\\\/actualidad\\\/#website\"},\"primaryImageOfPage\":{\"@id\":\"https:\\\/\\\/www.laguiadepamplona.com\\\/actualidad\\\/danzad-danzad-malditos-concluye-este-sabado-con-las-actuaciones-de-areli-moran-stefano-mattiello-clarissa-costagliola-y-anuar-daemon-en-la-ronda-barbazana\\\/#primaryimage\"},\"image\":{\"@id\":\"https:\\\/\\\/www.laguiadepamplona.com\\\/actualidad\\\/danzad-danzad-malditos-concluye-este-sabado-con-las-actuaciones-de-areli-moran-stefano-mattiello-clarissa-costagliola-y-anuar-daemon-en-la-ronda-barbazana\\\/#primaryimage\"},\"thumbnailUrl\":\"https:\\\/\\\/www.laguiadepamplona.com\\\/actualidad\\\/wp-content\\\/uploads\\\/2022\\\/08\\\/35elelei.webp\",\"datePublished\":\"2022-08-19T10:38:46+00:00\",\"dateModified\":\"2023-04-11T09:47:53+00:00\",\"description\":\"Un equipo de parkour enlaza las tres piezas del programa de danza, que se celebra a partir de las 20.00 con entrada gratuita. Danzad\",\"breadcrumb\":{\"@id\":\"https:\\\/\\\/www.laguiadepamplona.com\\\/actualidad\\\/danzad-danzad-malditos-concluye-este-sabado-con-las-actuaciones-de-areli-moran-stefano-mattiello-clarissa-costagliola-y-anuar-daemon-en-la-ronda-barbazana\\\/#breadcrumb\"},\"inLanguage\":\"es\",\"potentialAction\":[{\"@type\":\"ReadAction\",\"target\":[\"https:\\\/\\\/www.laguiadepamplona.com\\\/actualidad\\\/danzad-danzad-malditos-concluye-este-sabado-con-las-actuaciones-de-areli-moran-stefano-mattiello-clarissa-costagliola-y-anuar-daemon-en-la-ronda-barbazana\\\/\"]}]},{\"@type\":\"ImageObject\",\"inLanguage\":\"es\",\"@id\":\"https:\\\/\\\/www.laguiadepamplona.com\\\/actualidad\\\/danzad-danzad-malditos-concluye-este-sabado-con-las-actuaciones-de-areli-moran-stefano-mattiello-clarissa-costagliola-y-anuar-daemon-en-la-ronda-barbazana\\\/#primaryimage\",\"url\":\"https:\\\/\\\/www.laguiadepamplona.com\\\/actualidad\\\/wp-content\\\/uploads\\\/2022\\\/08\\\/35elelei.webp\",\"contentUrl\":\"https:\\\/\\\/www.laguiadepamplona.com\\\/actualidad\\\/wp-content\\\/uploads\\\/2022\\\/08\\\/35elelei.webp\",\"width\":1920,\"height\":1520,\"caption\":\"danzad\"},{\"@type\":\"BreadcrumbList\",\"@id\":\"https:\\\/\\\/www.laguiadepamplona.com\\\/actualidad\\\/danzad-danzad-malditos-concluye-este-sabado-con-las-actuaciones-de-areli-moran-stefano-mattiello-clarissa-costagliola-y-anuar-daemon-en-la-ronda-barbazana\\\/#breadcrumb\",\"itemListElement\":[{\"@type\":\"ListItem\",\"position\":1,\"name\":\"Portada\",\"item\":\"https:\\\/\\\/www.laguiadepamplona.com\\\/actualidad\\\/\"},{\"@type\":\"ListItem\",\"position\":2,\"name\":\"\u2018Danzad, danzad, malditos\u2019 concluye este s\u00e1bado con las actuaciones de Areli Mor\u00e1n, Stefano Mattiello, Clarissa Costagliola y Anuar Daemon en la Ronda Barbazana\"}]},{\"@type\":\"WebSite\",\"@id\":\"https:\\\/\\\/www.laguiadepamplona.com\\\/actualidad\\\/#website\",\"url\":\"https:\\\/\\\/www.laguiadepamplona.com\\\/actualidad\\\/\",\"name\":\"La gu\u00eda de Pamplona\",\"description\":\"Noticias de Pamplona\",\"publisher\":{\"@id\":\"https:\\\/\\\/www.laguiadepamplona.com\\\/actualidad\\\/#organization\"},\"potentialAction\":[{\"@type\":\"SearchAction\",\"target\":{\"@type\":\"EntryPoint\",\"urlTemplate\":\"https:\\\/\\\/www.laguiadepamplona.com\\\/actualidad\\\/?s={search_term_string}\"},\"query-input\":{\"@type\":\"PropertyValueSpecification\",\"valueRequired\":true,\"valueName\":\"search_term_string\"}}],\"inLanguage\":\"es\"},{\"@type\":\"Organization\",\"@id\":\"https:\\\/\\\/www.laguiadepamplona.com\\\/actualidad\\\/#organization\",\"name\":\"La Gu\u00eda de Pamplona \\\/ Noticias\",\"url\":\"https:\\\/\\\/www.laguiadepamplona.com\\\/actualidad\\\/\",\"logo\":{\"@type\":\"ImageObject\",\"inLanguage\":\"es\",\"@id\":\"https:\\\/\\\/www.laguiadepamplona.com\\\/actualidad\\\/#\\\/schema\\\/logo\\\/image\\\/\",\"url\":\"https:\\\/\\\/www.laguiadepamplona.com\\\/actualidad\\\/wp-content\\\/uploads\\\/2018\\\/11\\\/logo-laguiadepamplona18-web1.png\",\"contentUrl\":\"https:\\\/\\\/www.laguiadepamplona.com\\\/actualidad\\\/wp-content\\\/uploads\\\/2018\\\/11\\\/logo-laguiadepamplona18-web1.png\",\"width\":600,\"height\":196,\"caption\":\"La Gu\u00eda de Pamplona \\\/ Noticias\"},\"image\":{\"@id\":\"https:\\\/\\\/www.laguiadepamplona.com\\\/actualidad\\\/#\\\/schema\\\/logo\\\/image\\\/\"},\"sameAs\":[\"https:\\\/\\\/www.facebook.com\\\/laguiadepamplonacom-133175176762273\\\/?ref=hl\",\"https:\\\/\\\/x.com\\\/LaGuiadPamplona\",\"https:\\\/\\\/www.instagram.com\\\/la_guia_de_pamplona\\\/\",\"https:\\\/\\\/www.youtube.com\\\/user\\\/laguiadepamplona\"]},{\"@type\":\"Person\",\"@id\":\"https:\\\/\\\/www.laguiadepamplona.com\\\/actualidad\\\/#\\\/schema\\\/person\\\/efe887376f0213d4657c93adc50b1fdb\",\"name\":\"La Gu\u00eda de Pamplona\",\"image\":{\"@type\":\"ImageObject\",\"inLanguage\":\"es\",\"@id\":\"https:\\\/\\\/secure.gravatar.com\\\/avatar\\\/b6992f131dc8d30ab0dff15446e9d346d9dbd95992de0fef795073f5ea83a81c?s=96&d=mm&r=g\",\"url\":\"https:\\\/\\\/secure.gravatar.com\\\/avatar\\\/b6992f131dc8d30ab0dff15446e9d346d9dbd95992de0fef795073f5ea83a81c?s=96&d=mm&r=g\",\"contentUrl\":\"https:\\\/\\\/secure.gravatar.com\\\/avatar\\\/b6992f131dc8d30ab0dff15446e9d346d9dbd95992de0fef795073f5ea83a81c?s=96&d=mm&r=g\",\"caption\":\"La Gu\u00eda de Pamplona\"}}]}<\/script>\n<!-- \/ Yoast SEO plugin. -->","yoast_head_json":{"title":"\u2018Danzad, danzad, malditos\u2019 concluye este s\u00e1bado con las actuaciones de Areli Mor\u00e1n, Stefano Mattiello, Clarissa Costagliola y Anuar Daemon en la Ronda Barbazana","description":"Un equipo de parkour enlaza las tres piezas del programa de danza, que se celebra a partir de las 20.00 con entrada gratuita. Danzad","robots":{"index":"index","follow":"follow","max-snippet":"max-snippet:-1","max-image-preview":"max-image-preview:large","max-video-preview":"max-video-preview:-1"},"canonical":"https:\/\/www.laguiadepamplona.com\/actualidad\/danzad-danzad-malditos-concluye-este-sabado-con-las-actuaciones-de-areli-moran-stefano-mattiello-clarissa-costagliola-y-anuar-daemon-en-la-ronda-barbazana\/","og_locale":"es_ES","og_type":"article","og_title":"\u2018Danzad, danzad, malditos\u2019 concluye este s\u00e1bado con las actuaciones de Areli Mor\u00e1n, Stefano Mattiello, Clarissa Costagliola y Anuar Daemon en la Ronda Barbazana","og_description":"Un equipo de parkour enlaza las tres piezas del programa de danza, que se celebra a partir de las 20.00 con entrada gratuita. Danzad","og_url":"https:\/\/www.laguiadepamplona.com\/actualidad\/danzad-danzad-malditos-concluye-este-sabado-con-las-actuaciones-de-areli-moran-stefano-mattiello-clarissa-costagliola-y-anuar-daemon-en-la-ronda-barbazana\/","og_site_name":"La Gu\u00eda de Pamplona","article_publisher":"https:\/\/www.facebook.com\/laguiadepamplonacom-133175176762273\/?ref=hl","article_published_time":"2022-08-19T10:38:46+00:00","article_modified_time":"2023-04-11T09:47:53+00:00","og_image":[{"width":1920,"height":1520,"url":"https:\/\/www.laguiadepamplona.com\/actualidad\/wp-content\/uploads\/2022\/08\/35elelei.webp","type":"image\/webp"}],"author":"La Gu\u00eda de Pamplona","twitter_card":"summary_large_image","twitter_creator":"@LaGuiadPamplona","twitter_site":"@LaGuiadPamplona","twitter_misc":{"Escrito por":"La Gu\u00eda de Pamplona","Tiempo de lectura":"2 minutos"},"schema":{"@context":"https:\/\/schema.org","@graph":[{"@type":"Article","@id":"https:\/\/www.laguiadepamplona.com\/actualidad\/danzad-danzad-malditos-concluye-este-sabado-con-las-actuaciones-de-areli-moran-stefano-mattiello-clarissa-costagliola-y-anuar-daemon-en-la-ronda-barbazana\/#article","isPartOf":{"@id":"https:\/\/www.laguiadepamplona.com\/actualidad\/danzad-danzad-malditos-concluye-este-sabado-con-las-actuaciones-de-areli-moran-stefano-mattiello-clarissa-costagliola-y-anuar-daemon-en-la-ronda-barbazana\/"},"author":{"name":"La Gu\u00eda de Pamplona","@id":"https:\/\/www.laguiadepamplona.com\/actualidad\/#\/schema\/person\/efe887376f0213d4657c93adc50b1fdb"},"headline":"\u2018Danzad, danzad, malditos\u2019 concluye este s\u00e1bado con las actuaciones de Areli Mor\u00e1n, Stefano Mattiello, Clarissa Costagliola y Anuar Daemon en la Ronda Barbazana","datePublished":"2022-08-19T10:38:46+00:00","dateModified":"2023-04-11T09:47:53+00:00","mainEntityOfPage":{"@id":"https:\/\/www.laguiadepamplona.com\/actualidad\/danzad-danzad-malditos-concluye-este-sabado-con-las-actuaciones-de-areli-moran-stefano-mattiello-clarissa-costagliola-y-anuar-daemon-en-la-ronda-barbazana\/"},"wordCount":472,"commentCount":0,"publisher":{"@id":"https:\/\/www.laguiadepamplona.com\/actualidad\/#organization"},"image":{"@id":"https:\/\/www.laguiadepamplona.com\/actualidad\/danzad-danzad-malditos-concluye-este-sabado-con-las-actuaciones-de-areli-moran-stefano-mattiello-clarissa-costagliola-y-anuar-daemon-en-la-ronda-barbazana\/#primaryimage"},"thumbnailUrl":"https:\/\/www.laguiadepamplona.com\/actualidad\/wp-content\/uploads\/2022\/08\/35elelei.webp","articleSection":["Ayto Pamplona"],"inLanguage":"es","potentialAction":[{"@type":"CommentAction","name":"Comment","target":["https:\/\/www.laguiadepamplona.com\/actualidad\/danzad-danzad-malditos-concluye-este-sabado-con-las-actuaciones-de-areli-moran-stefano-mattiello-clarissa-costagliola-y-anuar-daemon-en-la-ronda-barbazana\/#respond"]}]},{"@type":"WebPage","@id":"https:\/\/www.laguiadepamplona.com\/actualidad\/danzad-danzad-malditos-concluye-este-sabado-con-las-actuaciones-de-areli-moran-stefano-mattiello-clarissa-costagliola-y-anuar-daemon-en-la-ronda-barbazana\/","url":"https:\/\/www.laguiadepamplona.com\/actualidad\/danzad-danzad-malditos-concluye-este-sabado-con-las-actuaciones-de-areli-moran-stefano-mattiello-clarissa-costagliola-y-anuar-daemon-en-la-ronda-barbazana\/","name":"\u2018Danzad, danzad, malditos\u2019 concluye este s\u00e1bado con las actuaciones de Areli Mor\u00e1n, Stefano Mattiello, Clarissa Costagliola y Anuar Daemon en la Ronda Barbazana","isPartOf":{"@id":"https:\/\/www.laguiadepamplona.com\/actualidad\/#website"},"primaryImageOfPage":{"@id":"https:\/\/www.laguiadepamplona.com\/actualidad\/danzad-danzad-malditos-concluye-este-sabado-con-las-actuaciones-de-areli-moran-stefano-mattiello-clarissa-costagliola-y-anuar-daemon-en-la-ronda-barbazana\/#primaryimage"},"image":{"@id":"https:\/\/www.laguiadepamplona.com\/actualidad\/danzad-danzad-malditos-concluye-este-sabado-con-las-actuaciones-de-areli-moran-stefano-mattiello-clarissa-costagliola-y-anuar-daemon-en-la-ronda-barbazana\/#primaryimage"},"thumbnailUrl":"https:\/\/www.laguiadepamplona.com\/actualidad\/wp-content\/uploads\/2022\/08\/35elelei.webp","datePublished":"2022-08-19T10:38:46+00:00","dateModified":"2023-04-11T09:47:53+00:00","description":"Un equipo de parkour enlaza las tres piezas del programa de danza, que se celebra a partir de las 20.00 con entrada gratuita. Danzad","breadcrumb":{"@id":"https:\/\/www.laguiadepamplona.com\/actualidad\/danzad-danzad-malditos-concluye-este-sabado-con-las-actuaciones-de-areli-moran-stefano-mattiello-clarissa-costagliola-y-anuar-daemon-en-la-ronda-barbazana\/#breadcrumb"},"inLanguage":"es","potentialAction":[{"@type":"ReadAction","target":["https:\/\/www.laguiadepamplona.com\/actualidad\/danzad-danzad-malditos-concluye-este-sabado-con-las-actuaciones-de-areli-moran-stefano-mattiello-clarissa-costagliola-y-anuar-daemon-en-la-ronda-barbazana\/"]}]},{"@type":"ImageObject","inLanguage":"es","@id":"https:\/\/www.laguiadepamplona.com\/actualidad\/danzad-danzad-malditos-concluye-este-sabado-con-las-actuaciones-de-areli-moran-stefano-mattiello-clarissa-costagliola-y-anuar-daemon-en-la-ronda-barbazana\/#primaryimage","url":"https:\/\/www.laguiadepamplona.com\/actualidad\/wp-content\/uploads\/2022\/08\/35elelei.webp","contentUrl":"https:\/\/www.laguiadepamplona.com\/actualidad\/wp-content\/uploads\/2022\/08\/35elelei.webp","width":1920,"height":1520,"caption":"danzad"},{"@type":"BreadcrumbList","@id":"https:\/\/www.laguiadepamplona.com\/actualidad\/danzad-danzad-malditos-concluye-este-sabado-con-las-actuaciones-de-areli-moran-stefano-mattiello-clarissa-costagliola-y-anuar-daemon-en-la-ronda-barbazana\/#breadcrumb","itemListElement":[{"@type":"ListItem","position":1,"name":"Portada","item":"https:\/\/www.laguiadepamplona.com\/actualidad\/"},{"@type":"ListItem","position":2,"name":"\u2018Danzad, danzad, malditos\u2019 concluye este s\u00e1bado con las actuaciones de Areli Mor\u00e1n, Stefano Mattiello, Clarissa Costagliola y Anuar Daemon en la Ronda Barbazana"}]},{"@type":"WebSite","@id":"https:\/\/www.laguiadepamplona.com\/actualidad\/#website","url":"https:\/\/www.laguiadepamplona.com\/actualidad\/","name":"La gu\u00eda de Pamplona","description":"Noticias de Pamplona","publisher":{"@id":"https:\/\/www.laguiadepamplona.com\/actualidad\/#organization"},"potentialAction":[{"@type":"SearchAction","target":{"@type":"EntryPoint","urlTemplate":"https:\/\/www.laguiadepamplona.com\/actualidad\/?s={search_term_string}"},"query-input":{"@type":"PropertyValueSpecification","valueRequired":true,"valueName":"search_term_string"}}],"inLanguage":"es"},{"@type":"Organization","@id":"https:\/\/www.laguiadepamplona.com\/actualidad\/#organization","name":"La Gu\u00eda de Pamplona \/ Noticias","url":"https:\/\/www.laguiadepamplona.com\/actualidad\/","logo":{"@type":"ImageObject","inLanguage":"es","@id":"https:\/\/www.laguiadepamplona.com\/actualidad\/#\/schema\/logo\/image\/","url":"https:\/\/www.laguiadepamplona.com\/actualidad\/wp-content\/uploads\/2018\/11\/logo-laguiadepamplona18-web1.png","contentUrl":"https:\/\/www.laguiadepamplona.com\/actualidad\/wp-content\/uploads\/2018\/11\/logo-laguiadepamplona18-web1.png","width":600,"height":196,"caption":"La Gu\u00eda de Pamplona \/ Noticias"},"image":{"@id":"https:\/\/www.laguiadepamplona.com\/actualidad\/#\/schema\/logo\/image\/"},"sameAs":["https:\/\/www.facebook.com\/laguiadepamplonacom-133175176762273\/?ref=hl","https:\/\/x.com\/LaGuiadPamplona","https:\/\/www.instagram.com\/la_guia_de_pamplona\/","https:\/\/www.youtube.com\/user\/laguiadepamplona"]},{"@type":"Person","@id":"https:\/\/www.laguiadepamplona.com\/actualidad\/#\/schema\/person\/efe887376f0213d4657c93adc50b1fdb","name":"La Gu\u00eda de Pamplona","image":{"@type":"ImageObject","inLanguage":"es","@id":"https:\/\/secure.gravatar.com\/avatar\/b6992f131dc8d30ab0dff15446e9d346d9dbd95992de0fef795073f5ea83a81c?s=96&d=mm&r=g","url":"https:\/\/secure.gravatar.com\/avatar\/b6992f131dc8d30ab0dff15446e9d346d9dbd95992de0fef795073f5ea83a81c?s=96&d=mm&r=g","contentUrl":"https:\/\/secure.gravatar.com\/avatar\/b6992f131dc8d30ab0dff15446e9d346d9dbd95992de0fef795073f5ea83a81c?s=96&d=mm&r=g","caption":"La Gu\u00eda de Pamplona"}}]}},"post_mailing_queue_ids":[],"_links":{"self":[{"href":"https:\/\/www.laguiadepamplona.com\/actualidad\/wp-json\/wp\/v2\/posts\/41338","targetHints":{"allow":["GET"]}}],"collection":[{"href":"https:\/\/www.laguiadepamplona.com\/actualidad\/wp-json\/wp\/v2\/posts"}],"about":[{"href":"https:\/\/www.laguiadepamplona.com\/actualidad\/wp-json\/wp\/v2\/types\/post"}],"author":[{"embeddable":true,"href":"https:\/\/www.laguiadepamplona.com\/actualidad\/wp-json\/wp\/v2\/users\/1"}],"replies":[{"embeddable":true,"href":"https:\/\/www.laguiadepamplona.com\/actualidad\/wp-json\/wp\/v2\/comments?post=41338"}],"version-history":[{"count":0,"href":"https:\/\/www.laguiadepamplona.com\/actualidad\/wp-json\/wp\/v2\/posts\/41338\/revisions"}],"wp:featuredmedia":[{"embeddable":true,"href":"https:\/\/www.laguiadepamplona.com\/actualidad\/wp-json\/wp\/v2\/media\/41322"}],"wp:attachment":[{"href":"https:\/\/www.laguiadepamplona.com\/actualidad\/wp-json\/wp\/v2\/media?parent=41338"}],"wp:term":[{"taxonomy":"category","embeddable":true,"href":"https:\/\/www.laguiadepamplona.com\/actualidad\/wp-json\/wp\/v2\/categories?post=41338"},{"taxonomy":"post_tag","embeddable":true,"href":"https:\/\/www.laguiadepamplona.com\/actualidad\/wp-json\/wp\/v2\/tags?post=41338"}],"curies":[{"name":"wp","href":"https:\/\/api.w.org\/{rel}","templated":true}]}}