{"id":41335,"date":"2022-08-18T18:07:30","date_gmt":"2022-08-18T16:07:30","guid":{"rendered":"https:\/\/www.laguiadepamplona.com\/actualidad\/?p=41335"},"modified":"2023-04-11T11:47:53","modified_gmt":"2023-04-11T09:47:53","slug":"licitado-nuevamente-el-contrato-de-iluminacion-navidena-de-pamplona-tras-quedar-desierta-la-primera-convocatoria","status":"publish","type":"post","link":"https:\/\/www.laguiadepamplona.com\/actualidad\/licitado-nuevamente-el-contrato-de-iluminacion-navidena-de-pamplona-tras-quedar-desierta-la-primera-convocatoria\/","title":{"rendered":"Licitado nuevamente el contrato de iluminaci\u00f3n navide\u00f1a de Pamplona tras quedar desierta la primera convocatoria"},"content":{"rendered":"<h5>Con esta iniciativa, el Ayuntamiento busca apoyar al comercio local durante la campa\u00f1a de Navidad<\/h5>\n<p><!--more--><\/p>\n<p>La Junta de Gobierno Local del Ayuntamiento de Pamplona ha aprobado licitar de nuevo el contrato de suministro de la iluminaci\u00f3n de la ciudad para las fiestas de Navidad tras quedar desierta la primera licitaci\u00f3n, anunciada en el mes de mayo. El Consistorio, que mantiene el mismo importe de partida, 215.000 euros, s\u00ed ha modificado parte del condicionado. En este sentido, en la primera convocatoria se planteaba una adjudicaci\u00f3n para dos a\u00f1os consecutivos, en la que las empresas deb\u00edan ofrecer dos propuestas creativas distintas. Ante la complejidad de presentar dos proyectos de iluminaci\u00f3n diferentes en un mismo acto, se ha optado por licitar \u00fanicamente la iluminaci\u00f3n de las pr\u00f3ximas navidades.<br \/>\n<script async src=\"\/\/pagead2.googlesyndication.com\/pagead\/js\/adsbygoogle.js\"><\/script><br \/>\n<!-- Noticias La Guia de Pamplona --><br \/>\n<ins class=\"adsbygoogle\"\nstyle=\"display:block\"\ndata-ad-client=\"ca-pub-6943679897239327\"\ndata-ad-slot=\"7048180777\"\ndata-ad-format=\"auto\"><\/ins><br \/>\n<script>\n(adsbygoogle = window.adsbygoogle || []).push({});\n<\/script><\/p>\n<p>Seg\u00fan se desprende del nuevo pliego de condiciones ahora aprobado, tambi\u00e9n se ha modificado ligeramente el espacio que deber\u00e1 iluminarse, para aligerar las exigencias de montaje. No obstante, se mantienen los cuatro espacios concretos de la ciudad en los que se admiten propuestas de libre creaci\u00f3n de las empresas licitadoras: la fachada del Ayuntamiento de Pamplona, la Plaza Consistorial, la avenida de Carlos III (desde la Plaza del Castillo hasta la Plaza de la Libertad) y la Plaza del Castillo.<\/p>\n<p>La iluminaci\u00f3n y la decoraci\u00f3n navide\u00f1as llegar\u00e1n no solo al centro de la ciudad y el Ensanche, sino tambi\u00e9n a otros barrios de la ciudad, como la zona comercial de Mart\u00edn Azpilcueta, y los barrios de Ermitaga\u00f1a, Mendebaldea, San Jorge, Txantrea y Mendillorri. En concreto, adem\u00e1s de estos cuatro espacios de libre creaci\u00f3n, se instalar\u00e1n 231 arcos y se iluminar\u00e1n seis avenidas, as\u00ed como la plaza de la Libertad, la plaza de la Cruz, Merindades, Pr\u00edncipe de Viana, el Teatro Gayarre, el parque de los Enamorados y la trasera del Front\u00f3n L\u00f3pez. El 100% de la iluminaci\u00f3n deber\u00e1 ser de tecnolog\u00eda led y cumplir la normativa legal.<br \/>\n<script async src=\"\/\/pagead2.googlesyndication.com\/pagead\/js\/adsbygoogle.js\"><\/script><br \/>\n<!-- Noticias La Guia de Pamplona --><br \/>\n<ins class=\"adsbygoogle\"\nstyle=\"display:block\"\ndata-ad-client=\"ca-pub-6943679897239327\"\ndata-ad-slot=\"7048180777\"\ndata-ad-format=\"auto\"><\/ins><br \/>\n<script>\n(adsbygoogle = window.adsbygoogle || []).push({});\n<\/script><\/p>\n<p>La iluminaci\u00f3n navide\u00f1a arrancar\u00e1 el 29 de noviembre y se extender\u00e1 hasta el 6 de enero. El horario habitual ser\u00e1 de 17.45 a 23 horas, con ampliaciones hasta la 1 de la madrugada los viernes y s\u00e1bados y hasta las 2 las v\u00edsperas de festivos navide\u00f1os, es decir, 24 y 31 de diciembre y 5 de enero.<\/p>\n","protected":false},"excerpt":{"rendered":"<p>Con esta iniciativa, el Ayuntamiento busca apoyar al comercio local durante la campa\u00f1a de Navidad<\/p>\n","protected":false},"author":1,"featured_media":41336,"comment_status":"open","ping_status":"closed","sticky":false,"template":"","format":"standard","meta":{"footnotes":""},"categories":[2],"tags":[],"class_list":["post-41335","post","type-post","status-publish","format-standard","has-post-thumbnail","hentry","category-ayuntamiento-pamplona"],"yoast_head":"<!-- This site is optimized with the Yoast SEO plugin v27.3 - https:\/\/yoast.com\/product\/yoast-seo-wordpress\/ -->\n<title>Licitado nuevamente el contrato de iluminaci\u00f3n navide\u00f1a de Pamplona tras quedar desierta la primera convocatoria<\/title>\n<meta name=\"description\" content=\"Con esta iniciativa, el Ayuntamiento busca apoyar al comercio local durante la campa\u00f1a de Navidad\" \/>\n<meta name=\"robots\" content=\"index, follow, max-snippet:-1, max-image-preview:large, max-video-preview:-1\" \/>\n<link rel=\"canonical\" href=\"https:\/\/www.laguiadepamplona.com\/actualidad\/licitado-nuevamente-el-contrato-de-iluminacion-navidena-de-pamplona-tras-quedar-desierta-la-primera-convocatoria\/\" \/>\n<meta property=\"og:locale\" content=\"es_ES\" \/>\n<meta property=\"og:type\" content=\"article\" \/>\n<meta property=\"og:title\" content=\"Licitado nuevamente el contrato de iluminaci\u00f3n navide\u00f1a de Pamplona tras quedar desierta la primera convocatoria\" \/>\n<meta property=\"og:description\" content=\"Con esta iniciativa, el Ayuntamiento busca apoyar al comercio local durante la campa\u00f1a de Navidad\" \/>\n<meta property=\"og:url\" content=\"https:\/\/www.laguiadepamplona.com\/actualidad\/licitado-nuevamente-el-contrato-de-iluminacion-navidena-de-pamplona-tras-quedar-desierta-la-primera-convocatoria\/\" \/>\n<meta property=\"og:site_name\" content=\"La Gu\u00eda de Pamplona\" \/>\n<meta property=\"article:publisher\" content=\"https:\/\/www.facebook.com\/laguiadepamplonacom-133175176762273\/?ref=hl\" \/>\n<meta property=\"article:published_time\" content=\"2022-08-18T16:07:30+00:00\" \/>\n<meta property=\"article:modified_time\" content=\"2023-04-11T09:47:53+00:00\" \/>\n<meta property=\"og:image\" content=\"https:\/\/www.laguiadepamplona.com\/actualidad\/wp-content\/uploads\/2022\/08\/encendidoluces20211126_Q5A9455_0.webp\" \/>\n\t<meta property=\"og:image:width\" content=\"1920\" \/>\n\t<meta property=\"og:image:height\" content=\"1281\" \/>\n\t<meta property=\"og:image:type\" content=\"image\/webp\" \/>\n<meta name=\"author\" content=\"La Gu\u00eda de Pamplona\" \/>\n<meta name=\"twitter:card\" content=\"summary_large_image\" \/>\n<meta name=\"twitter:creator\" content=\"@LaGuiadPamplona\" \/>\n<meta name=\"twitter:site\" content=\"@LaGuiadPamplona\" \/>\n<meta name=\"twitter:label1\" content=\"Escrito por\" \/>\n\t<meta name=\"twitter:data1\" content=\"La Gu\u00eda de Pamplona\" \/>\n\t<meta name=\"twitter:label2\" content=\"Tiempo de lectura\" \/>\n\t<meta name=\"twitter:data2\" content=\"2 minutos\" \/>\n<script type=\"application\/ld+json\" class=\"yoast-schema-graph\">{\"@context\":\"https:\\\/\\\/schema.org\",\"@graph\":[{\"@type\":\"Article\",\"@id\":\"https:\\\/\\\/www.laguiadepamplona.com\\\/actualidad\\\/licitado-nuevamente-el-contrato-de-iluminacion-navidena-de-pamplona-tras-quedar-desierta-la-primera-convocatoria\\\/#article\",\"isPartOf\":{\"@id\":\"https:\\\/\\\/www.laguiadepamplona.com\\\/actualidad\\\/licitado-nuevamente-el-contrato-de-iluminacion-navidena-de-pamplona-tras-quedar-desierta-la-primera-convocatoria\\\/\"},\"author\":{\"name\":\"La Gu\u00eda de Pamplona\",\"@id\":\"https:\\\/\\\/www.laguiadepamplona.com\\\/actualidad\\\/#\\\/schema\\\/person\\\/efe887376f0213d4657c93adc50b1fdb\"},\"headline\":\"Licitado nuevamente el contrato de iluminaci\u00f3n navide\u00f1a de Pamplona tras quedar desierta la primera convocatoria\",\"datePublished\":\"2022-08-18T16:07:30+00:00\",\"dateModified\":\"2023-04-11T09:47:53+00:00\",\"mainEntityOfPage\":{\"@id\":\"https:\\\/\\\/www.laguiadepamplona.com\\\/actualidad\\\/licitado-nuevamente-el-contrato-de-iluminacion-navidena-de-pamplona-tras-quedar-desierta-la-primera-convocatoria\\\/\"},\"wordCount\":407,\"commentCount\":0,\"publisher\":{\"@id\":\"https:\\\/\\\/www.laguiadepamplona.com\\\/actualidad\\\/#organization\"},\"image\":{\"@id\":\"https:\\\/\\\/www.laguiadepamplona.com\\\/actualidad\\\/licitado-nuevamente-el-contrato-de-iluminacion-navidena-de-pamplona-tras-quedar-desierta-la-primera-convocatoria\\\/#primaryimage\"},\"thumbnailUrl\":\"https:\\\/\\\/www.laguiadepamplona.com\\\/actualidad\\\/wp-content\\\/uploads\\\/2022\\\/08\\\/encendidoluces20211126_Q5A9455_0.webp\",\"articleSection\":[\"Ayto Pamplona\"],\"inLanguage\":\"es\",\"potentialAction\":[{\"@type\":\"CommentAction\",\"name\":\"Comment\",\"target\":[\"https:\\\/\\\/www.laguiadepamplona.com\\\/actualidad\\\/licitado-nuevamente-el-contrato-de-iluminacion-navidena-de-pamplona-tras-quedar-desierta-la-primera-convocatoria\\\/#respond\"]}]},{\"@type\":\"WebPage\",\"@id\":\"https:\\\/\\\/www.laguiadepamplona.com\\\/actualidad\\\/licitado-nuevamente-el-contrato-de-iluminacion-navidena-de-pamplona-tras-quedar-desierta-la-primera-convocatoria\\\/\",\"url\":\"https:\\\/\\\/www.laguiadepamplona.com\\\/actualidad\\\/licitado-nuevamente-el-contrato-de-iluminacion-navidena-de-pamplona-tras-quedar-desierta-la-primera-convocatoria\\\/\",\"name\":\"Licitado nuevamente el contrato de iluminaci\u00f3n navide\u00f1a de Pamplona tras quedar desierta la primera convocatoria\",\"isPartOf\":{\"@id\":\"https:\\\/\\\/www.laguiadepamplona.com\\\/actualidad\\\/#website\"},\"primaryImageOfPage\":{\"@id\":\"https:\\\/\\\/www.laguiadepamplona.com\\\/actualidad\\\/licitado-nuevamente-el-contrato-de-iluminacion-navidena-de-pamplona-tras-quedar-desierta-la-primera-convocatoria\\\/#primaryimage\"},\"image\":{\"@id\":\"https:\\\/\\\/www.laguiadepamplona.com\\\/actualidad\\\/licitado-nuevamente-el-contrato-de-iluminacion-navidena-de-pamplona-tras-quedar-desierta-la-primera-convocatoria\\\/#primaryimage\"},\"thumbnailUrl\":\"https:\\\/\\\/www.laguiadepamplona.com\\\/actualidad\\\/wp-content\\\/uploads\\\/2022\\\/08\\\/encendidoluces20211126_Q5A9455_0.webp\",\"datePublished\":\"2022-08-18T16:07:30+00:00\",\"dateModified\":\"2023-04-11T09:47:53+00:00\",\"description\":\"Con esta iniciativa, el Ayuntamiento busca apoyar al comercio local durante la campa\u00f1a de Navidad\",\"breadcrumb\":{\"@id\":\"https:\\\/\\\/www.laguiadepamplona.com\\\/actualidad\\\/licitado-nuevamente-el-contrato-de-iluminacion-navidena-de-pamplona-tras-quedar-desierta-la-primera-convocatoria\\\/#breadcrumb\"},\"inLanguage\":\"es\",\"potentialAction\":[{\"@type\":\"ReadAction\",\"target\":[\"https:\\\/\\\/www.laguiadepamplona.com\\\/actualidad\\\/licitado-nuevamente-el-contrato-de-iluminacion-navidena-de-pamplona-tras-quedar-desierta-la-primera-convocatoria\\\/\"]}]},{\"@type\":\"ImageObject\",\"inLanguage\":\"es\",\"@id\":\"https:\\\/\\\/www.laguiadepamplona.com\\\/actualidad\\\/licitado-nuevamente-el-contrato-de-iluminacion-navidena-de-pamplona-tras-quedar-desierta-la-primera-convocatoria\\\/#primaryimage\",\"url\":\"https:\\\/\\\/www.laguiadepamplona.com\\\/actualidad\\\/wp-content\\\/uploads\\\/2022\\\/08\\\/encendidoluces20211126_Q5A9455_0.webp\",\"contentUrl\":\"https:\\\/\\\/www.laguiadepamplona.com\\\/actualidad\\\/wp-content\\\/uploads\\\/2022\\\/08\\\/encendidoluces20211126_Q5A9455_0.webp\",\"width\":1920,\"height\":1281},{\"@type\":\"BreadcrumbList\",\"@id\":\"https:\\\/\\\/www.laguiadepamplona.com\\\/actualidad\\\/licitado-nuevamente-el-contrato-de-iluminacion-navidena-de-pamplona-tras-quedar-desierta-la-primera-convocatoria\\\/#breadcrumb\",\"itemListElement\":[{\"@type\":\"ListItem\",\"position\":1,\"name\":\"Portada\",\"item\":\"https:\\\/\\\/www.laguiadepamplona.com\\\/actualidad\\\/\"},{\"@type\":\"ListItem\",\"position\":2,\"name\":\"Licitado nuevamente el contrato de iluminaci\u00f3n navide\u00f1a de Pamplona tras quedar desierta la primera convocatoria\"}]},{\"@type\":\"WebSite\",\"@id\":\"https:\\\/\\\/www.laguiadepamplona.com\\\/actualidad\\\/#website\",\"url\":\"https:\\\/\\\/www.laguiadepamplona.com\\\/actualidad\\\/\",\"name\":\"La gu\u00eda de Pamplona\",\"description\":\"Noticias de Pamplona\",\"publisher\":{\"@id\":\"https:\\\/\\\/www.laguiadepamplona.com\\\/actualidad\\\/#organization\"},\"potentialAction\":[{\"@type\":\"SearchAction\",\"target\":{\"@type\":\"EntryPoint\",\"urlTemplate\":\"https:\\\/\\\/www.laguiadepamplona.com\\\/actualidad\\\/?s={search_term_string}\"},\"query-input\":{\"@type\":\"PropertyValueSpecification\",\"valueRequired\":true,\"valueName\":\"search_term_string\"}}],\"inLanguage\":\"es\"},{\"@type\":\"Organization\",\"@id\":\"https:\\\/\\\/www.laguiadepamplona.com\\\/actualidad\\\/#organization\",\"name\":\"La Gu\u00eda de Pamplona \\\/ Noticias\",\"url\":\"https:\\\/\\\/www.laguiadepamplona.com\\\/actualidad\\\/\",\"logo\":{\"@type\":\"ImageObject\",\"inLanguage\":\"es\",\"@id\":\"https:\\\/\\\/www.laguiadepamplona.com\\\/actualidad\\\/#\\\/schema\\\/logo\\\/image\\\/\",\"url\":\"https:\\\/\\\/www.laguiadepamplona.com\\\/actualidad\\\/wp-content\\\/uploads\\\/2018\\\/11\\\/logo-laguiadepamplona18-web1.png\",\"contentUrl\":\"https:\\\/\\\/www.laguiadepamplona.com\\\/actualidad\\\/wp-content\\\/uploads\\\/2018\\\/11\\\/logo-laguiadepamplona18-web1.png\",\"width\":600,\"height\":196,\"caption\":\"La Gu\u00eda de Pamplona \\\/ Noticias\"},\"image\":{\"@id\":\"https:\\\/\\\/www.laguiadepamplona.com\\\/actualidad\\\/#\\\/schema\\\/logo\\\/image\\\/\"},\"sameAs\":[\"https:\\\/\\\/www.facebook.com\\\/laguiadepamplonacom-133175176762273\\\/?ref=hl\",\"https:\\\/\\\/x.com\\\/LaGuiadPamplona\",\"https:\\\/\\\/www.instagram.com\\\/la_guia_de_pamplona\\\/\",\"https:\\\/\\\/www.youtube.com\\\/user\\\/laguiadepamplona\"]},{\"@type\":\"Person\",\"@id\":\"https:\\\/\\\/www.laguiadepamplona.com\\\/actualidad\\\/#\\\/schema\\\/person\\\/efe887376f0213d4657c93adc50b1fdb\",\"name\":\"La Gu\u00eda de Pamplona\",\"image\":{\"@type\":\"ImageObject\",\"inLanguage\":\"es\",\"@id\":\"https:\\\/\\\/secure.gravatar.com\\\/avatar\\\/b6992f131dc8d30ab0dff15446e9d346d9dbd95992de0fef795073f5ea83a81c?s=96&d=mm&r=g\",\"url\":\"https:\\\/\\\/secure.gravatar.com\\\/avatar\\\/b6992f131dc8d30ab0dff15446e9d346d9dbd95992de0fef795073f5ea83a81c?s=96&d=mm&r=g\",\"contentUrl\":\"https:\\\/\\\/secure.gravatar.com\\\/avatar\\\/b6992f131dc8d30ab0dff15446e9d346d9dbd95992de0fef795073f5ea83a81c?s=96&d=mm&r=g\",\"caption\":\"La Gu\u00eda de Pamplona\"}}]}<\/script>\n<!-- \/ Yoast SEO plugin. -->","yoast_head_json":{"title":"Licitado nuevamente el contrato de iluminaci\u00f3n navide\u00f1a de Pamplona tras quedar desierta la primera convocatoria","description":"Con esta iniciativa, el Ayuntamiento busca apoyar al comercio local durante la campa\u00f1a de Navidad","robots":{"index":"index","follow":"follow","max-snippet":"max-snippet:-1","max-image-preview":"max-image-preview:large","max-video-preview":"max-video-preview:-1"},"canonical":"https:\/\/www.laguiadepamplona.com\/actualidad\/licitado-nuevamente-el-contrato-de-iluminacion-navidena-de-pamplona-tras-quedar-desierta-la-primera-convocatoria\/","og_locale":"es_ES","og_type":"article","og_title":"Licitado nuevamente el contrato de iluminaci\u00f3n navide\u00f1a de Pamplona tras quedar desierta la primera convocatoria","og_description":"Con esta iniciativa, el Ayuntamiento busca apoyar al comercio local durante la campa\u00f1a de Navidad","og_url":"https:\/\/www.laguiadepamplona.com\/actualidad\/licitado-nuevamente-el-contrato-de-iluminacion-navidena-de-pamplona-tras-quedar-desierta-la-primera-convocatoria\/","og_site_name":"La Gu\u00eda de Pamplona","article_publisher":"https:\/\/www.facebook.com\/laguiadepamplonacom-133175176762273\/?ref=hl","article_published_time":"2022-08-18T16:07:30+00:00","article_modified_time":"2023-04-11T09:47:53+00:00","og_image":[{"width":1920,"height":1281,"url":"https:\/\/www.laguiadepamplona.com\/actualidad\/wp-content\/uploads\/2022\/08\/encendidoluces20211126_Q5A9455_0.webp","type":"image\/webp"}],"author":"La Gu\u00eda de Pamplona","twitter_card":"summary_large_image","twitter_creator":"@LaGuiadPamplona","twitter_site":"@LaGuiadPamplona","twitter_misc":{"Escrito por":"La Gu\u00eda de Pamplona","Tiempo de lectura":"2 minutos"},"schema":{"@context":"https:\/\/schema.org","@graph":[{"@type":"Article","@id":"https:\/\/www.laguiadepamplona.com\/actualidad\/licitado-nuevamente-el-contrato-de-iluminacion-navidena-de-pamplona-tras-quedar-desierta-la-primera-convocatoria\/#article","isPartOf":{"@id":"https:\/\/www.laguiadepamplona.com\/actualidad\/licitado-nuevamente-el-contrato-de-iluminacion-navidena-de-pamplona-tras-quedar-desierta-la-primera-convocatoria\/"},"author":{"name":"La Gu\u00eda de Pamplona","@id":"https:\/\/www.laguiadepamplona.com\/actualidad\/#\/schema\/person\/efe887376f0213d4657c93adc50b1fdb"},"headline":"Licitado nuevamente el contrato de iluminaci\u00f3n navide\u00f1a de Pamplona tras quedar desierta la primera convocatoria","datePublished":"2022-08-18T16:07:30+00:00","dateModified":"2023-04-11T09:47:53+00:00","mainEntityOfPage":{"@id":"https:\/\/www.laguiadepamplona.com\/actualidad\/licitado-nuevamente-el-contrato-de-iluminacion-navidena-de-pamplona-tras-quedar-desierta-la-primera-convocatoria\/"},"wordCount":407,"commentCount":0,"publisher":{"@id":"https:\/\/www.laguiadepamplona.com\/actualidad\/#organization"},"image":{"@id":"https:\/\/www.laguiadepamplona.com\/actualidad\/licitado-nuevamente-el-contrato-de-iluminacion-navidena-de-pamplona-tras-quedar-desierta-la-primera-convocatoria\/#primaryimage"},"thumbnailUrl":"https:\/\/www.laguiadepamplona.com\/actualidad\/wp-content\/uploads\/2022\/08\/encendidoluces20211126_Q5A9455_0.webp","articleSection":["Ayto Pamplona"],"inLanguage":"es","potentialAction":[{"@type":"CommentAction","name":"Comment","target":["https:\/\/www.laguiadepamplona.com\/actualidad\/licitado-nuevamente-el-contrato-de-iluminacion-navidena-de-pamplona-tras-quedar-desierta-la-primera-convocatoria\/#respond"]}]},{"@type":"WebPage","@id":"https:\/\/www.laguiadepamplona.com\/actualidad\/licitado-nuevamente-el-contrato-de-iluminacion-navidena-de-pamplona-tras-quedar-desierta-la-primera-convocatoria\/","url":"https:\/\/www.laguiadepamplona.com\/actualidad\/licitado-nuevamente-el-contrato-de-iluminacion-navidena-de-pamplona-tras-quedar-desierta-la-primera-convocatoria\/","name":"Licitado nuevamente el contrato de iluminaci\u00f3n navide\u00f1a de Pamplona tras quedar desierta la primera convocatoria","isPartOf":{"@id":"https:\/\/www.laguiadepamplona.com\/actualidad\/#website"},"primaryImageOfPage":{"@id":"https:\/\/www.laguiadepamplona.com\/actualidad\/licitado-nuevamente-el-contrato-de-iluminacion-navidena-de-pamplona-tras-quedar-desierta-la-primera-convocatoria\/#primaryimage"},"image":{"@id":"https:\/\/www.laguiadepamplona.com\/actualidad\/licitado-nuevamente-el-contrato-de-iluminacion-navidena-de-pamplona-tras-quedar-desierta-la-primera-convocatoria\/#primaryimage"},"thumbnailUrl":"https:\/\/www.laguiadepamplona.com\/actualidad\/wp-content\/uploads\/2022\/08\/encendidoluces20211126_Q5A9455_0.webp","datePublished":"2022-08-18T16:07:30+00:00","dateModified":"2023-04-11T09:47:53+00:00","description":"Con esta iniciativa, el Ayuntamiento busca apoyar al comercio local durante la campa\u00f1a de Navidad","breadcrumb":{"@id":"https:\/\/www.laguiadepamplona.com\/actualidad\/licitado-nuevamente-el-contrato-de-iluminacion-navidena-de-pamplona-tras-quedar-desierta-la-primera-convocatoria\/#breadcrumb"},"inLanguage":"es","potentialAction":[{"@type":"ReadAction","target":["https:\/\/www.laguiadepamplona.com\/actualidad\/licitado-nuevamente-el-contrato-de-iluminacion-navidena-de-pamplona-tras-quedar-desierta-la-primera-convocatoria\/"]}]},{"@type":"ImageObject","inLanguage":"es","@id":"https:\/\/www.laguiadepamplona.com\/actualidad\/licitado-nuevamente-el-contrato-de-iluminacion-navidena-de-pamplona-tras-quedar-desierta-la-primera-convocatoria\/#primaryimage","url":"https:\/\/www.laguiadepamplona.com\/actualidad\/wp-content\/uploads\/2022\/08\/encendidoluces20211126_Q5A9455_0.webp","contentUrl":"https:\/\/www.laguiadepamplona.com\/actualidad\/wp-content\/uploads\/2022\/08\/encendidoluces20211126_Q5A9455_0.webp","width":1920,"height":1281},{"@type":"BreadcrumbList","@id":"https:\/\/www.laguiadepamplona.com\/actualidad\/licitado-nuevamente-el-contrato-de-iluminacion-navidena-de-pamplona-tras-quedar-desierta-la-primera-convocatoria\/#breadcrumb","itemListElement":[{"@type":"ListItem","position":1,"name":"Portada","item":"https:\/\/www.laguiadepamplona.com\/actualidad\/"},{"@type":"ListItem","position":2,"name":"Licitado nuevamente el contrato de iluminaci\u00f3n navide\u00f1a de Pamplona tras quedar desierta la primera convocatoria"}]},{"@type":"WebSite","@id":"https:\/\/www.laguiadepamplona.com\/actualidad\/#website","url":"https:\/\/www.laguiadepamplona.com\/actualidad\/","name":"La gu\u00eda de Pamplona","description":"Noticias de Pamplona","publisher":{"@id":"https:\/\/www.laguiadepamplona.com\/actualidad\/#organization"},"potentialAction":[{"@type":"SearchAction","target":{"@type":"EntryPoint","urlTemplate":"https:\/\/www.laguiadepamplona.com\/actualidad\/?s={search_term_string}"},"query-input":{"@type":"PropertyValueSpecification","valueRequired":true,"valueName":"search_term_string"}}],"inLanguage":"es"},{"@type":"Organization","@id":"https:\/\/www.laguiadepamplona.com\/actualidad\/#organization","name":"La Gu\u00eda de Pamplona \/ Noticias","url":"https:\/\/www.laguiadepamplona.com\/actualidad\/","logo":{"@type":"ImageObject","inLanguage":"es","@id":"https:\/\/www.laguiadepamplona.com\/actualidad\/#\/schema\/logo\/image\/","url":"https:\/\/www.laguiadepamplona.com\/actualidad\/wp-content\/uploads\/2018\/11\/logo-laguiadepamplona18-web1.png","contentUrl":"https:\/\/www.laguiadepamplona.com\/actualidad\/wp-content\/uploads\/2018\/11\/logo-laguiadepamplona18-web1.png","width":600,"height":196,"caption":"La Gu\u00eda de Pamplona \/ Noticias"},"image":{"@id":"https:\/\/www.laguiadepamplona.com\/actualidad\/#\/schema\/logo\/image\/"},"sameAs":["https:\/\/www.facebook.com\/laguiadepamplonacom-133175176762273\/?ref=hl","https:\/\/x.com\/LaGuiadPamplona","https:\/\/www.instagram.com\/la_guia_de_pamplona\/","https:\/\/www.youtube.com\/user\/laguiadepamplona"]},{"@type":"Person","@id":"https:\/\/www.laguiadepamplona.com\/actualidad\/#\/schema\/person\/efe887376f0213d4657c93adc50b1fdb","name":"La Gu\u00eda de Pamplona","image":{"@type":"ImageObject","inLanguage":"es","@id":"https:\/\/secure.gravatar.com\/avatar\/b6992f131dc8d30ab0dff15446e9d346d9dbd95992de0fef795073f5ea83a81c?s=96&d=mm&r=g","url":"https:\/\/secure.gravatar.com\/avatar\/b6992f131dc8d30ab0dff15446e9d346d9dbd95992de0fef795073f5ea83a81c?s=96&d=mm&r=g","contentUrl":"https:\/\/secure.gravatar.com\/avatar\/b6992f131dc8d30ab0dff15446e9d346d9dbd95992de0fef795073f5ea83a81c?s=96&d=mm&r=g","caption":"La Gu\u00eda de Pamplona"}}]}},"post_mailing_queue_ids":[],"_links":{"self":[{"href":"https:\/\/www.laguiadepamplona.com\/actualidad\/wp-json\/wp\/v2\/posts\/41335","targetHints":{"allow":["GET"]}}],"collection":[{"href":"https:\/\/www.laguiadepamplona.com\/actualidad\/wp-json\/wp\/v2\/posts"}],"about":[{"href":"https:\/\/www.laguiadepamplona.com\/actualidad\/wp-json\/wp\/v2\/types\/post"}],"author":[{"embeddable":true,"href":"https:\/\/www.laguiadepamplona.com\/actualidad\/wp-json\/wp\/v2\/users\/1"}],"replies":[{"embeddable":true,"href":"https:\/\/www.laguiadepamplona.com\/actualidad\/wp-json\/wp\/v2\/comments?post=41335"}],"version-history":[{"count":0,"href":"https:\/\/www.laguiadepamplona.com\/actualidad\/wp-json\/wp\/v2\/posts\/41335\/revisions"}],"wp:featuredmedia":[{"embeddable":true,"href":"https:\/\/www.laguiadepamplona.com\/actualidad\/wp-json\/wp\/v2\/media\/41336"}],"wp:attachment":[{"href":"https:\/\/www.laguiadepamplona.com\/actualidad\/wp-json\/wp\/v2\/media?parent=41335"}],"wp:term":[{"taxonomy":"category","embeddable":true,"href":"https:\/\/www.laguiadepamplona.com\/actualidad\/wp-json\/wp\/v2\/categories?post=41335"},{"taxonomy":"post_tag","embeddable":true,"href":"https:\/\/www.laguiadepamplona.com\/actualidad\/wp-json\/wp\/v2\/tags?post=41335"}],"curies":[{"name":"wp","href":"https:\/\/api.w.org\/{rel}","templated":true}]}}