{"id":41332,"date":"2022-08-18T18:05:52","date_gmt":"2022-08-18T16:05:52","guid":{"rendered":"https:\/\/www.laguiadepamplona.com\/actualidad\/?p=41332"},"modified":"2023-04-11T11:47:53","modified_gmt":"2023-04-11T09:47:53","slug":"una-performance-de-danza-contemporanea-de-danzai-cierra-manana-el-espacio-artistico-tecnologico-atardecer-pamplona","status":"publish","type":"post","link":"https:\/\/www.laguiadepamplona.com\/actualidad\/una-performance-de-danza-contemporanea-de-danzai-cierra-manana-el-espacio-artistico-tecnologico-atardecer-pamplona\/","title":{"rendered":"Una performance de danza contempor\u00e1nea de DanzAI cierra ma\u00f1ana el espacio art\u00edstico-tecnol\u00f3gico \u2018Atardecer Pamplona\u2019"},"content":{"rendered":"<h5>\u2018Dentro, fuera o en ning\u00fan lugar\u2019 se iniciar\u00e1 a las 20 horas en la plaza de la Virgen de la 0, con entrada libre<\/h5>\n<p><!--more--><\/p>\n<p>Ma\u00f1ana viernes 19 de agosto concluye el ciclo de cultura y tecnolog\u00eda \u2018Atardecer Pamplona\u2019 en la Plaza Virgen de la O, dentro de la programaci\u00f3n del Festival de las Murallas. En este caso la propuesta es la danza contempor\u00e1nea DanzAI con la performance \u2018Dentro, fuera o en ning\u00fan lugar\u2019 que busca examinar el car\u00e1cter espacial, temporal y energ\u00e9tico del automovimiento, transformando la din\u00e1mica de la experiencia cinest\u00e9tica, representando al cuerpo no s\u00f3lo como un objeto m\u00e1s en el espacio, sino como algo que desarrolla una forma de temporalidad propia mediante el movimiento<br \/>\n<script async src=\"\/\/pagead2.googlesyndication.com\/pagead\/js\/adsbygoogle.js\"><\/script><br \/>\n<!-- Noticias La Guia de Pamplona --><br \/>\n<ins class=\"adsbygoogle\"\nstyle=\"display:block\"\ndata-ad-client=\"ca-pub-6943679897239327\"\ndata-ad-slot=\"7048180777\"\ndata-ad-format=\"auto\"><\/ins><br \/>\n<script>\n(adsbygoogle = window.adsbygoogle || []).push({});\n<\/script><\/p>\n<p>La \u00faltima propuesta de este ciclo, destinado a todo tipo de p\u00fablico, se iniciar\u00e1 a las 20 horas, con entrada libre. Estar\u00e1 interpretada por cuatro bailarinas que ejecutar\u00e1n la coreograf\u00eda dise\u00f1ada por Andrea Irurzun.<\/p>\n<p>DanzAI es un proyecto joven y emergente de compa\u00f1\u00eda de Danza Contempor\u00e1nea de la bailarina y core\u00f3grafa navarra Andrea Irurzun que, con un estilo propio, pretende combinar el plano f\u00edsico y virtual a favor de la creaci\u00f3n y difusi\u00f3n de la danza contempor\u00e1nea. Irurzun realiz\u00f3 estudios de danza cl\u00e1sica en la Escuela de Danza del Gobierno de Navarra, fue becada para completar sus estudios en danza contempor\u00e1nea en MDC y estudio con KCDC en Israel, pa\u00eds donde comenz\u00f3 su carrera profesional.<br \/>\n<script async src=\"\/\/pagead2.googlesyndication.com\/pagead\/js\/adsbygoogle.js\"><\/script><br \/>\n<!-- Noticias La Guia de Pamplona --><br \/>\n<ins class=\"adsbygoogle\"\nstyle=\"display:block\"\ndata-ad-client=\"ca-pub-6943679897239327\"\ndata-ad-slot=\"7048180777\"\ndata-ad-format=\"auto\"><\/ins><br \/>\n<script>\n(adsbygoogle = window.adsbygoogle || []).push({});\n<\/script><\/p>\n<p>Adem\u00e1s de participar en diversos festivales, ha trabajado en la compa\u00f1\u00eda Madridanza y en Navarra en formaciones como Konmocion, Fueradeleje y Fundaci\u00f3n Atena, donde continua en la actualidad como docente y core\u00f3grafa. En agosto del pasado a\u00f1o realizo una de las residencias art\u00edsticas del festival DNA del Gobierno de Navarra en el Teatro Municipal de Ansoain (Teatro Asociado a la red de Teatros de Navarra) donde est\u00e1 desarrollando la pieza \u201cErre al cubo\u201d.<\/p>\n","protected":false},"excerpt":{"rendered":"<p>\u2018Dentro, fuera o en ning\u00fan lugar\u2019 se iniciar\u00e1 a las 20 horas en la plaza de la Virgen de la 0, con entrada libre<\/p>\n","protected":false},"author":1,"featured_media":41333,"comment_status":"open","ping_status":"closed","sticky":false,"template":"","format":"standard","meta":{"footnotes":""},"categories":[2],"tags":[],"class_list":["post-41332","post","type-post","status-publish","format-standard","has-post-thumbnail","hentry","category-ayuntamiento-pamplona"],"yoast_head":"<!-- This site is optimized with the Yoast SEO plugin v27.3 - https:\/\/yoast.com\/product\/yoast-seo-wordpress\/ -->\n<title>Una performance de danza contempor\u00e1nea de DanzAI cierra ma\u00f1ana el espacio art\u00edstico-tecnol\u00f3gico \u2018Atardecer Pamplona\u2019<\/title>\n<meta name=\"description\" content=\"\u2018Dentro, fuera o en ning\u00fan lugar\u2019 se iniciar\u00e1 a las 20 horas en la plaza de la Virgen de la 0, con entrada libre\" \/>\n<meta name=\"robots\" content=\"index, follow, max-snippet:-1, max-image-preview:large, max-video-preview:-1\" \/>\n<link rel=\"canonical\" href=\"https:\/\/www.laguiadepamplona.com\/actualidad\/una-performance-de-danza-contemporanea-de-danzai-cierra-manana-el-espacio-artistico-tecnologico-atardecer-pamplona\/\" \/>\n<meta property=\"og:locale\" content=\"es_ES\" \/>\n<meta property=\"og:type\" content=\"article\" \/>\n<meta property=\"og:title\" content=\"Una performance de danza contempor\u00e1nea de DanzAI cierra ma\u00f1ana el espacio art\u00edstico-tecnol\u00f3gico \u2018Atardecer Pamplona\u2019\" \/>\n<meta property=\"og:description\" content=\"\u2018Dentro, fuera o en ning\u00fan lugar\u2019 se iniciar\u00e1 a las 20 horas en la plaza de la Virgen de la 0, con entrada libre\" \/>\n<meta property=\"og:url\" content=\"https:\/\/www.laguiadepamplona.com\/actualidad\/una-performance-de-danza-contemporanea-de-danzai-cierra-manana-el-espacio-artistico-tecnologico-atardecer-pamplona\/\" \/>\n<meta property=\"og:site_name\" content=\"La Gu\u00eda de Pamplona\" \/>\n<meta property=\"article:publisher\" content=\"https:\/\/www.facebook.com\/laguiadepamplonacom-133175176762273\/?ref=hl\" \/>\n<meta property=\"article:published_time\" content=\"2022-08-18T16:05:52+00:00\" \/>\n<meta property=\"article:modified_time\" content=\"2023-04-11T09:47:53+00:00\" \/>\n<meta property=\"og:image\" content=\"https:\/\/www.laguiadepamplona.com\/actualidad\/wp-content\/uploads\/2022\/08\/Q5A9633atardecer22-08-05.webp\" \/>\n\t<meta property=\"og:image:width\" content=\"1920\" \/>\n\t<meta property=\"og:image:height\" content=\"1281\" \/>\n\t<meta property=\"og:image:type\" content=\"image\/webp\" \/>\n<meta name=\"author\" content=\"La Gu\u00eda de Pamplona\" \/>\n<meta name=\"twitter:card\" content=\"summary_large_image\" \/>\n<meta name=\"twitter:creator\" content=\"@LaGuiadPamplona\" \/>\n<meta name=\"twitter:site\" content=\"@LaGuiadPamplona\" \/>\n<meta name=\"twitter:label1\" content=\"Escrito por\" \/>\n\t<meta name=\"twitter:data1\" content=\"La Gu\u00eda de Pamplona\" \/>\n\t<meta name=\"twitter:label2\" content=\"Tiempo de lectura\" \/>\n\t<meta name=\"twitter:data2\" content=\"2 minutos\" \/>\n<script type=\"application\/ld+json\" class=\"yoast-schema-graph\">{\"@context\":\"https:\\\/\\\/schema.org\",\"@graph\":[{\"@type\":\"Article\",\"@id\":\"https:\\\/\\\/www.laguiadepamplona.com\\\/actualidad\\\/una-performance-de-danza-contemporanea-de-danzai-cierra-manana-el-espacio-artistico-tecnologico-atardecer-pamplona\\\/#article\",\"isPartOf\":{\"@id\":\"https:\\\/\\\/www.laguiadepamplona.com\\\/actualidad\\\/una-performance-de-danza-contemporanea-de-danzai-cierra-manana-el-espacio-artistico-tecnologico-atardecer-pamplona\\\/\"},\"author\":{\"name\":\"La Gu\u00eda de Pamplona\",\"@id\":\"https:\\\/\\\/www.laguiadepamplona.com\\\/actualidad\\\/#\\\/schema\\\/person\\\/efe887376f0213d4657c93adc50b1fdb\"},\"headline\":\"Una performance de danza contempor\u00e1nea de DanzAI cierra ma\u00f1ana el espacio art\u00edstico-tecnol\u00f3gico \u2018Atardecer Pamplona\u2019\",\"datePublished\":\"2022-08-18T16:05:52+00:00\",\"dateModified\":\"2023-04-11T09:47:53+00:00\",\"mainEntityOfPage\":{\"@id\":\"https:\\\/\\\/www.laguiadepamplona.com\\\/actualidad\\\/una-performance-de-danza-contemporanea-de-danzai-cierra-manana-el-espacio-artistico-tecnologico-atardecer-pamplona\\\/\"},\"wordCount\":350,\"commentCount\":0,\"publisher\":{\"@id\":\"https:\\\/\\\/www.laguiadepamplona.com\\\/actualidad\\\/#organization\"},\"image\":{\"@id\":\"https:\\\/\\\/www.laguiadepamplona.com\\\/actualidad\\\/una-performance-de-danza-contemporanea-de-danzai-cierra-manana-el-espacio-artistico-tecnologico-atardecer-pamplona\\\/#primaryimage\"},\"thumbnailUrl\":\"https:\\\/\\\/www.laguiadepamplona.com\\\/actualidad\\\/wp-content\\\/uploads\\\/2022\\\/08\\\/Q5A9633atardecer22-08-05.webp\",\"articleSection\":[\"Ayto Pamplona\"],\"inLanguage\":\"es\",\"potentialAction\":[{\"@type\":\"CommentAction\",\"name\":\"Comment\",\"target\":[\"https:\\\/\\\/www.laguiadepamplona.com\\\/actualidad\\\/una-performance-de-danza-contemporanea-de-danzai-cierra-manana-el-espacio-artistico-tecnologico-atardecer-pamplona\\\/#respond\"]}]},{\"@type\":\"WebPage\",\"@id\":\"https:\\\/\\\/www.laguiadepamplona.com\\\/actualidad\\\/una-performance-de-danza-contemporanea-de-danzai-cierra-manana-el-espacio-artistico-tecnologico-atardecer-pamplona\\\/\",\"url\":\"https:\\\/\\\/www.laguiadepamplona.com\\\/actualidad\\\/una-performance-de-danza-contemporanea-de-danzai-cierra-manana-el-espacio-artistico-tecnologico-atardecer-pamplona\\\/\",\"name\":\"Una performance de danza contempor\u00e1nea de DanzAI cierra ma\u00f1ana el espacio art\u00edstico-tecnol\u00f3gico \u2018Atardecer Pamplona\u2019\",\"isPartOf\":{\"@id\":\"https:\\\/\\\/www.laguiadepamplona.com\\\/actualidad\\\/#website\"},\"primaryImageOfPage\":{\"@id\":\"https:\\\/\\\/www.laguiadepamplona.com\\\/actualidad\\\/una-performance-de-danza-contemporanea-de-danzai-cierra-manana-el-espacio-artistico-tecnologico-atardecer-pamplona\\\/#primaryimage\"},\"image\":{\"@id\":\"https:\\\/\\\/www.laguiadepamplona.com\\\/actualidad\\\/una-performance-de-danza-contemporanea-de-danzai-cierra-manana-el-espacio-artistico-tecnologico-atardecer-pamplona\\\/#primaryimage\"},\"thumbnailUrl\":\"https:\\\/\\\/www.laguiadepamplona.com\\\/actualidad\\\/wp-content\\\/uploads\\\/2022\\\/08\\\/Q5A9633atardecer22-08-05.webp\",\"datePublished\":\"2022-08-18T16:05:52+00:00\",\"dateModified\":\"2023-04-11T09:47:53+00:00\",\"description\":\"\u2018Dentro, fuera o en ning\u00fan lugar\u2019 se iniciar\u00e1 a las 20 horas en la plaza de la Virgen de la 0, con entrada libre\",\"breadcrumb\":{\"@id\":\"https:\\\/\\\/www.laguiadepamplona.com\\\/actualidad\\\/una-performance-de-danza-contemporanea-de-danzai-cierra-manana-el-espacio-artistico-tecnologico-atardecer-pamplona\\\/#breadcrumb\"},\"inLanguage\":\"es\",\"potentialAction\":[{\"@type\":\"ReadAction\",\"target\":[\"https:\\\/\\\/www.laguiadepamplona.com\\\/actualidad\\\/una-performance-de-danza-contemporanea-de-danzai-cierra-manana-el-espacio-artistico-tecnologico-atardecer-pamplona\\\/\"]}]},{\"@type\":\"ImageObject\",\"inLanguage\":\"es\",\"@id\":\"https:\\\/\\\/www.laguiadepamplona.com\\\/actualidad\\\/una-performance-de-danza-contemporanea-de-danzai-cierra-manana-el-espacio-artistico-tecnologico-atardecer-pamplona\\\/#primaryimage\",\"url\":\"https:\\\/\\\/www.laguiadepamplona.com\\\/actualidad\\\/wp-content\\\/uploads\\\/2022\\\/08\\\/Q5A9633atardecer22-08-05.webp\",\"contentUrl\":\"https:\\\/\\\/www.laguiadepamplona.com\\\/actualidad\\\/wp-content\\\/uploads\\\/2022\\\/08\\\/Q5A9633atardecer22-08-05.webp\",\"width\":1920,\"height\":1281},{\"@type\":\"BreadcrumbList\",\"@id\":\"https:\\\/\\\/www.laguiadepamplona.com\\\/actualidad\\\/una-performance-de-danza-contemporanea-de-danzai-cierra-manana-el-espacio-artistico-tecnologico-atardecer-pamplona\\\/#breadcrumb\",\"itemListElement\":[{\"@type\":\"ListItem\",\"position\":1,\"name\":\"Portada\",\"item\":\"https:\\\/\\\/www.laguiadepamplona.com\\\/actualidad\\\/\"},{\"@type\":\"ListItem\",\"position\":2,\"name\":\"Una performance de danza contempor\u00e1nea de DanzAI cierra ma\u00f1ana el espacio art\u00edstico-tecnol\u00f3gico \u2018Atardecer Pamplona\u2019\"}]},{\"@type\":\"WebSite\",\"@id\":\"https:\\\/\\\/www.laguiadepamplona.com\\\/actualidad\\\/#website\",\"url\":\"https:\\\/\\\/www.laguiadepamplona.com\\\/actualidad\\\/\",\"name\":\"La gu\u00eda de Pamplona\",\"description\":\"Noticias de Pamplona\",\"publisher\":{\"@id\":\"https:\\\/\\\/www.laguiadepamplona.com\\\/actualidad\\\/#organization\"},\"potentialAction\":[{\"@type\":\"SearchAction\",\"target\":{\"@type\":\"EntryPoint\",\"urlTemplate\":\"https:\\\/\\\/www.laguiadepamplona.com\\\/actualidad\\\/?s={search_term_string}\"},\"query-input\":{\"@type\":\"PropertyValueSpecification\",\"valueRequired\":true,\"valueName\":\"search_term_string\"}}],\"inLanguage\":\"es\"},{\"@type\":\"Organization\",\"@id\":\"https:\\\/\\\/www.laguiadepamplona.com\\\/actualidad\\\/#organization\",\"name\":\"La Gu\u00eda de Pamplona \\\/ Noticias\",\"url\":\"https:\\\/\\\/www.laguiadepamplona.com\\\/actualidad\\\/\",\"logo\":{\"@type\":\"ImageObject\",\"inLanguage\":\"es\",\"@id\":\"https:\\\/\\\/www.laguiadepamplona.com\\\/actualidad\\\/#\\\/schema\\\/logo\\\/image\\\/\",\"url\":\"https:\\\/\\\/www.laguiadepamplona.com\\\/actualidad\\\/wp-content\\\/uploads\\\/2018\\\/11\\\/logo-laguiadepamplona18-web1.png\",\"contentUrl\":\"https:\\\/\\\/www.laguiadepamplona.com\\\/actualidad\\\/wp-content\\\/uploads\\\/2018\\\/11\\\/logo-laguiadepamplona18-web1.png\",\"width\":600,\"height\":196,\"caption\":\"La Gu\u00eda de Pamplona \\\/ Noticias\"},\"image\":{\"@id\":\"https:\\\/\\\/www.laguiadepamplona.com\\\/actualidad\\\/#\\\/schema\\\/logo\\\/image\\\/\"},\"sameAs\":[\"https:\\\/\\\/www.facebook.com\\\/laguiadepamplonacom-133175176762273\\\/?ref=hl\",\"https:\\\/\\\/x.com\\\/LaGuiadPamplona\",\"https:\\\/\\\/www.instagram.com\\\/la_guia_de_pamplona\\\/\",\"https:\\\/\\\/www.youtube.com\\\/user\\\/laguiadepamplona\"]},{\"@type\":\"Person\",\"@id\":\"https:\\\/\\\/www.laguiadepamplona.com\\\/actualidad\\\/#\\\/schema\\\/person\\\/efe887376f0213d4657c93adc50b1fdb\",\"name\":\"La Gu\u00eda de Pamplona\",\"image\":{\"@type\":\"ImageObject\",\"inLanguage\":\"es\",\"@id\":\"https:\\\/\\\/secure.gravatar.com\\\/avatar\\\/b6992f131dc8d30ab0dff15446e9d346d9dbd95992de0fef795073f5ea83a81c?s=96&d=mm&r=g\",\"url\":\"https:\\\/\\\/secure.gravatar.com\\\/avatar\\\/b6992f131dc8d30ab0dff15446e9d346d9dbd95992de0fef795073f5ea83a81c?s=96&d=mm&r=g\",\"contentUrl\":\"https:\\\/\\\/secure.gravatar.com\\\/avatar\\\/b6992f131dc8d30ab0dff15446e9d346d9dbd95992de0fef795073f5ea83a81c?s=96&d=mm&r=g\",\"caption\":\"La Gu\u00eda de Pamplona\"}}]}<\/script>\n<!-- \/ Yoast SEO plugin. -->","yoast_head_json":{"title":"Una performance de danza contempor\u00e1nea de DanzAI cierra ma\u00f1ana el espacio art\u00edstico-tecnol\u00f3gico \u2018Atardecer Pamplona\u2019","description":"\u2018Dentro, fuera o en ning\u00fan lugar\u2019 se iniciar\u00e1 a las 20 horas en la plaza de la Virgen de la 0, con entrada libre","robots":{"index":"index","follow":"follow","max-snippet":"max-snippet:-1","max-image-preview":"max-image-preview:large","max-video-preview":"max-video-preview:-1"},"canonical":"https:\/\/www.laguiadepamplona.com\/actualidad\/una-performance-de-danza-contemporanea-de-danzai-cierra-manana-el-espacio-artistico-tecnologico-atardecer-pamplona\/","og_locale":"es_ES","og_type":"article","og_title":"Una performance de danza contempor\u00e1nea de DanzAI cierra ma\u00f1ana el espacio art\u00edstico-tecnol\u00f3gico \u2018Atardecer Pamplona\u2019","og_description":"\u2018Dentro, fuera o en ning\u00fan lugar\u2019 se iniciar\u00e1 a las 20 horas en la plaza de la Virgen de la 0, con entrada libre","og_url":"https:\/\/www.laguiadepamplona.com\/actualidad\/una-performance-de-danza-contemporanea-de-danzai-cierra-manana-el-espacio-artistico-tecnologico-atardecer-pamplona\/","og_site_name":"La Gu\u00eda de Pamplona","article_publisher":"https:\/\/www.facebook.com\/laguiadepamplonacom-133175176762273\/?ref=hl","article_published_time":"2022-08-18T16:05:52+00:00","article_modified_time":"2023-04-11T09:47:53+00:00","og_image":[{"width":1920,"height":1281,"url":"https:\/\/www.laguiadepamplona.com\/actualidad\/wp-content\/uploads\/2022\/08\/Q5A9633atardecer22-08-05.webp","type":"image\/webp"}],"author":"La Gu\u00eda de Pamplona","twitter_card":"summary_large_image","twitter_creator":"@LaGuiadPamplona","twitter_site":"@LaGuiadPamplona","twitter_misc":{"Escrito por":"La Gu\u00eda de Pamplona","Tiempo de lectura":"2 minutos"},"schema":{"@context":"https:\/\/schema.org","@graph":[{"@type":"Article","@id":"https:\/\/www.laguiadepamplona.com\/actualidad\/una-performance-de-danza-contemporanea-de-danzai-cierra-manana-el-espacio-artistico-tecnologico-atardecer-pamplona\/#article","isPartOf":{"@id":"https:\/\/www.laguiadepamplona.com\/actualidad\/una-performance-de-danza-contemporanea-de-danzai-cierra-manana-el-espacio-artistico-tecnologico-atardecer-pamplona\/"},"author":{"name":"La Gu\u00eda de Pamplona","@id":"https:\/\/www.laguiadepamplona.com\/actualidad\/#\/schema\/person\/efe887376f0213d4657c93adc50b1fdb"},"headline":"Una performance de danza contempor\u00e1nea de DanzAI cierra ma\u00f1ana el espacio art\u00edstico-tecnol\u00f3gico \u2018Atardecer Pamplona\u2019","datePublished":"2022-08-18T16:05:52+00:00","dateModified":"2023-04-11T09:47:53+00:00","mainEntityOfPage":{"@id":"https:\/\/www.laguiadepamplona.com\/actualidad\/una-performance-de-danza-contemporanea-de-danzai-cierra-manana-el-espacio-artistico-tecnologico-atardecer-pamplona\/"},"wordCount":350,"commentCount":0,"publisher":{"@id":"https:\/\/www.laguiadepamplona.com\/actualidad\/#organization"},"image":{"@id":"https:\/\/www.laguiadepamplona.com\/actualidad\/una-performance-de-danza-contemporanea-de-danzai-cierra-manana-el-espacio-artistico-tecnologico-atardecer-pamplona\/#primaryimage"},"thumbnailUrl":"https:\/\/www.laguiadepamplona.com\/actualidad\/wp-content\/uploads\/2022\/08\/Q5A9633atardecer22-08-05.webp","articleSection":["Ayto Pamplona"],"inLanguage":"es","potentialAction":[{"@type":"CommentAction","name":"Comment","target":["https:\/\/www.laguiadepamplona.com\/actualidad\/una-performance-de-danza-contemporanea-de-danzai-cierra-manana-el-espacio-artistico-tecnologico-atardecer-pamplona\/#respond"]}]},{"@type":"WebPage","@id":"https:\/\/www.laguiadepamplona.com\/actualidad\/una-performance-de-danza-contemporanea-de-danzai-cierra-manana-el-espacio-artistico-tecnologico-atardecer-pamplona\/","url":"https:\/\/www.laguiadepamplona.com\/actualidad\/una-performance-de-danza-contemporanea-de-danzai-cierra-manana-el-espacio-artistico-tecnologico-atardecer-pamplona\/","name":"Una performance de danza contempor\u00e1nea de DanzAI cierra ma\u00f1ana el espacio art\u00edstico-tecnol\u00f3gico \u2018Atardecer Pamplona\u2019","isPartOf":{"@id":"https:\/\/www.laguiadepamplona.com\/actualidad\/#website"},"primaryImageOfPage":{"@id":"https:\/\/www.laguiadepamplona.com\/actualidad\/una-performance-de-danza-contemporanea-de-danzai-cierra-manana-el-espacio-artistico-tecnologico-atardecer-pamplona\/#primaryimage"},"image":{"@id":"https:\/\/www.laguiadepamplona.com\/actualidad\/una-performance-de-danza-contemporanea-de-danzai-cierra-manana-el-espacio-artistico-tecnologico-atardecer-pamplona\/#primaryimage"},"thumbnailUrl":"https:\/\/www.laguiadepamplona.com\/actualidad\/wp-content\/uploads\/2022\/08\/Q5A9633atardecer22-08-05.webp","datePublished":"2022-08-18T16:05:52+00:00","dateModified":"2023-04-11T09:47:53+00:00","description":"\u2018Dentro, fuera o en ning\u00fan lugar\u2019 se iniciar\u00e1 a las 20 horas en la plaza de la Virgen de la 0, con entrada libre","breadcrumb":{"@id":"https:\/\/www.laguiadepamplona.com\/actualidad\/una-performance-de-danza-contemporanea-de-danzai-cierra-manana-el-espacio-artistico-tecnologico-atardecer-pamplona\/#breadcrumb"},"inLanguage":"es","potentialAction":[{"@type":"ReadAction","target":["https:\/\/www.laguiadepamplona.com\/actualidad\/una-performance-de-danza-contemporanea-de-danzai-cierra-manana-el-espacio-artistico-tecnologico-atardecer-pamplona\/"]}]},{"@type":"ImageObject","inLanguage":"es","@id":"https:\/\/www.laguiadepamplona.com\/actualidad\/una-performance-de-danza-contemporanea-de-danzai-cierra-manana-el-espacio-artistico-tecnologico-atardecer-pamplona\/#primaryimage","url":"https:\/\/www.laguiadepamplona.com\/actualidad\/wp-content\/uploads\/2022\/08\/Q5A9633atardecer22-08-05.webp","contentUrl":"https:\/\/www.laguiadepamplona.com\/actualidad\/wp-content\/uploads\/2022\/08\/Q5A9633atardecer22-08-05.webp","width":1920,"height":1281},{"@type":"BreadcrumbList","@id":"https:\/\/www.laguiadepamplona.com\/actualidad\/una-performance-de-danza-contemporanea-de-danzai-cierra-manana-el-espacio-artistico-tecnologico-atardecer-pamplona\/#breadcrumb","itemListElement":[{"@type":"ListItem","position":1,"name":"Portada","item":"https:\/\/www.laguiadepamplona.com\/actualidad\/"},{"@type":"ListItem","position":2,"name":"Una performance de danza contempor\u00e1nea de DanzAI cierra ma\u00f1ana el espacio art\u00edstico-tecnol\u00f3gico \u2018Atardecer Pamplona\u2019"}]},{"@type":"WebSite","@id":"https:\/\/www.laguiadepamplona.com\/actualidad\/#website","url":"https:\/\/www.laguiadepamplona.com\/actualidad\/","name":"La gu\u00eda de Pamplona","description":"Noticias de Pamplona","publisher":{"@id":"https:\/\/www.laguiadepamplona.com\/actualidad\/#organization"},"potentialAction":[{"@type":"SearchAction","target":{"@type":"EntryPoint","urlTemplate":"https:\/\/www.laguiadepamplona.com\/actualidad\/?s={search_term_string}"},"query-input":{"@type":"PropertyValueSpecification","valueRequired":true,"valueName":"search_term_string"}}],"inLanguage":"es"},{"@type":"Organization","@id":"https:\/\/www.laguiadepamplona.com\/actualidad\/#organization","name":"La Gu\u00eda de Pamplona \/ Noticias","url":"https:\/\/www.laguiadepamplona.com\/actualidad\/","logo":{"@type":"ImageObject","inLanguage":"es","@id":"https:\/\/www.laguiadepamplona.com\/actualidad\/#\/schema\/logo\/image\/","url":"https:\/\/www.laguiadepamplona.com\/actualidad\/wp-content\/uploads\/2018\/11\/logo-laguiadepamplona18-web1.png","contentUrl":"https:\/\/www.laguiadepamplona.com\/actualidad\/wp-content\/uploads\/2018\/11\/logo-laguiadepamplona18-web1.png","width":600,"height":196,"caption":"La Gu\u00eda de Pamplona \/ Noticias"},"image":{"@id":"https:\/\/www.laguiadepamplona.com\/actualidad\/#\/schema\/logo\/image\/"},"sameAs":["https:\/\/www.facebook.com\/laguiadepamplonacom-133175176762273\/?ref=hl","https:\/\/x.com\/LaGuiadPamplona","https:\/\/www.instagram.com\/la_guia_de_pamplona\/","https:\/\/www.youtube.com\/user\/laguiadepamplona"]},{"@type":"Person","@id":"https:\/\/www.laguiadepamplona.com\/actualidad\/#\/schema\/person\/efe887376f0213d4657c93adc50b1fdb","name":"La Gu\u00eda de Pamplona","image":{"@type":"ImageObject","inLanguage":"es","@id":"https:\/\/secure.gravatar.com\/avatar\/b6992f131dc8d30ab0dff15446e9d346d9dbd95992de0fef795073f5ea83a81c?s=96&d=mm&r=g","url":"https:\/\/secure.gravatar.com\/avatar\/b6992f131dc8d30ab0dff15446e9d346d9dbd95992de0fef795073f5ea83a81c?s=96&d=mm&r=g","contentUrl":"https:\/\/secure.gravatar.com\/avatar\/b6992f131dc8d30ab0dff15446e9d346d9dbd95992de0fef795073f5ea83a81c?s=96&d=mm&r=g","caption":"La Gu\u00eda de Pamplona"}}]}},"post_mailing_queue_ids":[],"_links":{"self":[{"href":"https:\/\/www.laguiadepamplona.com\/actualidad\/wp-json\/wp\/v2\/posts\/41332","targetHints":{"allow":["GET"]}}],"collection":[{"href":"https:\/\/www.laguiadepamplona.com\/actualidad\/wp-json\/wp\/v2\/posts"}],"about":[{"href":"https:\/\/www.laguiadepamplona.com\/actualidad\/wp-json\/wp\/v2\/types\/post"}],"author":[{"embeddable":true,"href":"https:\/\/www.laguiadepamplona.com\/actualidad\/wp-json\/wp\/v2\/users\/1"}],"replies":[{"embeddable":true,"href":"https:\/\/www.laguiadepamplona.com\/actualidad\/wp-json\/wp\/v2\/comments?post=41332"}],"version-history":[{"count":0,"href":"https:\/\/www.laguiadepamplona.com\/actualidad\/wp-json\/wp\/v2\/posts\/41332\/revisions"}],"wp:featuredmedia":[{"embeddable":true,"href":"https:\/\/www.laguiadepamplona.com\/actualidad\/wp-json\/wp\/v2\/media\/41333"}],"wp:attachment":[{"href":"https:\/\/www.laguiadepamplona.com\/actualidad\/wp-json\/wp\/v2\/media?parent=41332"}],"wp:term":[{"taxonomy":"category","embeddable":true,"href":"https:\/\/www.laguiadepamplona.com\/actualidad\/wp-json\/wp\/v2\/categories?post=41332"},{"taxonomy":"post_tag","embeddable":true,"href":"https:\/\/www.laguiadepamplona.com\/actualidad\/wp-json\/wp\/v2\/tags?post=41332"}],"curies":[{"name":"wp","href":"https:\/\/api.w.org\/{rel}","templated":true}]}}