{"id":41329,"date":"2022-08-18T18:04:00","date_gmt":"2022-08-18T16:04:00","guid":{"rendered":"https:\/\/www.laguiadepamplona.com\/actualidad\/?p=41329"},"modified":"2023-04-11T11:47:54","modified_gmt":"2023-04-11T09:47:54","slug":"el-ciclo-enklaves-lleva-la-musica-este-viernes-al-parque-yamaguchi-con-fria-jane","status":"publish","type":"post","link":"https:\/\/www.laguiadepamplona.com\/actualidad\/el-ciclo-enklaves-lleva-la-musica-este-viernes-al-parque-yamaguchi-con-fria-jane\/","title":{"rendered":"El ciclo Enklaves lleva la m\u00fasica este viernes al parque Yamaguchi con Fr\u00eda Jane"},"content":{"rendered":"<h5>El lunes, d\u00eda 22, la Plaza San Jos\u00e9 acoger\u00e1 a JZ &amp; Outlanders dentro de la propuesta musical Versionando<\/h5>\n<p><!--more--><\/p>\n<p>La programaci\u00f3n musical de calle organizada por el Ayuntamiento de Pamplona contin\u00faa ma\u00f1ana viernes de la mano de Fr\u00eda Jane, dentro del ciclo Enklaves. Esta propuesta de m\u00fasica itinerante llevar\u00e1 en esta ocasi\u00f3n los ritmos indie rock hasta el mirador del parque de Yamaguchi. All\u00ed, a las 20.00 horas, el grupo navarro Fr\u00eda Jane interpretar\u00e1 sus \u00faltimos \u00e9xitos recogidos en el trabajo \u2018Los Hinchables\u2019.<\/p>\n<p>El ciclo Enklaves, que arranc\u00f3 el 29 de julio, ha hecho paradas semanales en el Lago de Mendillorri, el mirador del Caballo Blanco, el parque Trinitarios y, ahora, recala en el parque Yamaguchi. El grupo Fr\u00edas Jane, surgido en 2017 de la mano de \u00cd\u00f1igo Fern\u00e1ndez (guitarra principal), Edurne Maya (voz y guitarra r\u00edtmica), Clara Maya (voz y bajo) y Xabi Torrea (bater\u00eda), interpretar\u00e1 sus temas, combinando el ingl\u00e9s y el castellano, en los que reflejan sus influencias del rock internacional desde finales del siglo pasado hasta la actualidad. El concierto, dirigido a todos los p\u00fablicos, dar\u00e1 comienzo a las 20 horas y es gratuito hasta completar aforo.<br \/>\n<script async src=\"\/\/pagead2.googlesyndication.com\/pagead\/js\/adsbygoogle.js\"><\/script><br \/>\n<!-- Noticias La Guia de Pamplona --><br \/>\n<ins class=\"adsbygoogle\"\nstyle=\"display:block\"\ndata-ad-client=\"ca-pub-6943679897239327\"\ndata-ad-slot=\"7048180777\"\ndata-ad-format=\"auto\"><\/ins><br \/>\n<script>\n(adsbygoogle = window.adsbygoogle || []).push({});\n<\/script><\/p>\n<p>\u00c9sta ser\u00e1 la pen\u00faltima cita del ciclo, que echar\u00e1 el tel\u00f3n el 26 de agosto en la Vuelta del Castillo, con Edu Errea Band.<\/p>\n<p><strong>JZ &amp; Outlanders en Versionando<\/strong><\/p>\n<p>Por su parte, la plaza San Jos\u00e9, junto a la catedral, volver\u00e1 a ser el pr\u00f3ximo lunes el escenario de los conciertos de \u2018Versionando\u2019, tras el par\u00f3n del d\u00eda 15 con motivo de la festividad de la Asunci\u00f3n. As\u00ed, este pr\u00f3ximo d\u00eda 22, ser\u00e1 el turno de JZ &amp; Outlanders, una banda \u2018americana\u2019 nacida en Pamplona, como ellos mismos se definen. El grupo, que hasta 2021 se conoc\u00eda como JZ Havest &amp; The Outlaws, cuenta con un repertorio espec\u00edfico de m\u00fasica americana, con el que atraer a un p\u00fablico entregado por los ritmos de los Estados Unidos. Al igual que en el ciclo Enklaves, Versionando ofrece m\u00fasica para todos los p\u00fablicos y con entrada libre hasta completar aforo.<br \/>\n<script async src=\"\/\/pagead2.googlesyndication.com\/pagead\/js\/adsbygoogle.js\"><\/script><br \/>\n<!-- Noticias La Guia de Pamplona --><br \/>\n<ins class=\"adsbygoogle\"\nstyle=\"display:block\"\ndata-ad-client=\"ca-pub-6943679897239327\"\ndata-ad-slot=\"7048180777\"\ndata-ad-format=\"auto\"><\/ins><br \/>\n<script>\n(adsbygoogle = window.adsbygoogle || []).push({});\n<\/script><\/p>\n<p>&nbsp;<\/p>\n<h3>Conciertos<\/h3>\n<ul>\n<li>19 de agosto. Ciclo Enklaves. <strong>Fr\u00eda Jane<\/strong>.\n<ul>\n<li>Mirador del Parque de Yamaguchi.<\/li>\n<li>00 horas.<\/li>\n<li>Entrada gratuita hasta completar aforo.<\/li>\n<\/ul>\n<\/li>\n<li>22 de agosto. Ciclo Versionando. <strong>JZ &amp; OUTLANDERS<\/strong>\n<ul>\n<li>Plaza San Jos\u00e9<\/li>\n<li>00 horas.<\/li>\n<li>Entrada gratuita hasta completar aforo.<\/li>\n<\/ul>\n<\/li>\n<\/ul>\n","protected":false},"excerpt":{"rendered":"<p>El lunes, d\u00eda 22, la Plaza San Jos\u00e9 acoger\u00e1 a JZ &amp; Outlanders dentro de la propuesta musical Versionando<\/p>\n","protected":false},"author":1,"featured_media":41330,"comment_status":"open","ping_status":"closed","sticky":false,"template":"","format":"standard","meta":{"footnotes":""},"categories":[2],"tags":[],"class_list":["post-41329","post","type-post","status-publish","format-standard","has-post-thumbnail","hentry","category-ayuntamiento-pamplona"],"yoast_head":"<!-- This site is optimized with the Yoast SEO plugin v27.3 - https:\/\/yoast.com\/product\/yoast-seo-wordpress\/ -->\n<title>El ciclo Enklaves lleva la m\u00fasica este viernes al parque Yamaguchi con Fr\u00eda Jane<\/title>\n<meta name=\"description\" content=\"El lunes, d\u00eda 22, la Plaza San Jos\u00e9 acoger\u00e1 a JZ &amp; Outlanders dentro de la propuesta musical Versionando\" \/>\n<meta name=\"robots\" content=\"index, follow, max-snippet:-1, max-image-preview:large, max-video-preview:-1\" \/>\n<link rel=\"canonical\" href=\"https:\/\/www.laguiadepamplona.com\/actualidad\/el-ciclo-enklaves-lleva-la-musica-este-viernes-al-parque-yamaguchi-con-fria-jane\/\" \/>\n<meta property=\"og:locale\" content=\"es_ES\" \/>\n<meta property=\"og:type\" content=\"article\" \/>\n<meta property=\"og:title\" content=\"El ciclo Enklaves lleva la m\u00fasica este viernes al parque Yamaguchi con Fr\u00eda Jane\" \/>\n<meta property=\"og:description\" content=\"El lunes, d\u00eda 22, la Plaza San Jos\u00e9 acoger\u00e1 a JZ &amp; Outlanders dentro de la propuesta musical Versionando\" \/>\n<meta property=\"og:url\" content=\"https:\/\/www.laguiadepamplona.com\/actualidad\/el-ciclo-enklaves-lleva-la-musica-este-viernes-al-parque-yamaguchi-con-fria-jane\/\" \/>\n<meta property=\"og:site_name\" content=\"La Gu\u00eda de Pamplona\" \/>\n<meta property=\"article:publisher\" content=\"https:\/\/www.facebook.com\/laguiadepamplonacom-133175176762273\/?ref=hl\" \/>\n<meta property=\"article:published_time\" content=\"2022-08-18T16:04:00+00:00\" \/>\n<meta property=\"article:modified_time\" content=\"2023-04-11T09:47:54+00:00\" \/>\n<meta property=\"og:image\" content=\"https:\/\/www.laguiadepamplona.com\/actualidad\/wp-content\/uploads\/2022\/08\/fria-jane.jpg\" \/>\n\t<meta property=\"og:image:width\" content=\"870\" \/>\n\t<meta property=\"og:image:height\" content=\"480\" \/>\n\t<meta property=\"og:image:type\" content=\"image\/jpeg\" \/>\n<meta name=\"author\" content=\"La Gu\u00eda de Pamplona\" \/>\n<meta name=\"twitter:card\" content=\"summary_large_image\" \/>\n<meta name=\"twitter:creator\" content=\"@LaGuiadPamplona\" \/>\n<meta name=\"twitter:site\" content=\"@LaGuiadPamplona\" \/>\n<meta name=\"twitter:label1\" content=\"Escrito por\" \/>\n\t<meta name=\"twitter:data1\" content=\"La Gu\u00eda de Pamplona\" \/>\n\t<meta name=\"twitter:label2\" content=\"Tiempo de lectura\" \/>\n\t<meta name=\"twitter:data2\" content=\"2 minutos\" \/>\n<script type=\"application\/ld+json\" class=\"yoast-schema-graph\">{\"@context\":\"https:\\\/\\\/schema.org\",\"@graph\":[{\"@type\":\"Article\",\"@id\":\"https:\\\/\\\/www.laguiadepamplona.com\\\/actualidad\\\/el-ciclo-enklaves-lleva-la-musica-este-viernes-al-parque-yamaguchi-con-fria-jane\\\/#article\",\"isPartOf\":{\"@id\":\"https:\\\/\\\/www.laguiadepamplona.com\\\/actualidad\\\/el-ciclo-enklaves-lleva-la-musica-este-viernes-al-parque-yamaguchi-con-fria-jane\\\/\"},\"author\":{\"name\":\"La Gu\u00eda de Pamplona\",\"@id\":\"https:\\\/\\\/www.laguiadepamplona.com\\\/actualidad\\\/#\\\/schema\\\/person\\\/efe887376f0213d4657c93adc50b1fdb\"},\"headline\":\"El ciclo Enklaves lleva la m\u00fasica este viernes al parque Yamaguchi con Fr\u00eda Jane\",\"datePublished\":\"2022-08-18T16:04:00+00:00\",\"dateModified\":\"2023-04-11T09:47:54+00:00\",\"mainEntityOfPage\":{\"@id\":\"https:\\\/\\\/www.laguiadepamplona.com\\\/actualidad\\\/el-ciclo-enklaves-lleva-la-musica-este-viernes-al-parque-yamaguchi-con-fria-jane\\\/\"},\"wordCount\":409,\"commentCount\":0,\"publisher\":{\"@id\":\"https:\\\/\\\/www.laguiadepamplona.com\\\/actualidad\\\/#organization\"},\"image\":{\"@id\":\"https:\\\/\\\/www.laguiadepamplona.com\\\/actualidad\\\/el-ciclo-enklaves-lleva-la-musica-este-viernes-al-parque-yamaguchi-con-fria-jane\\\/#primaryimage\"},\"thumbnailUrl\":\"https:\\\/\\\/www.laguiadepamplona.com\\\/actualidad\\\/wp-content\\\/uploads\\\/2022\\\/08\\\/fria-jane.jpg\",\"articleSection\":[\"Ayto Pamplona\"],\"inLanguage\":\"es\",\"potentialAction\":[{\"@type\":\"CommentAction\",\"name\":\"Comment\",\"target\":[\"https:\\\/\\\/www.laguiadepamplona.com\\\/actualidad\\\/el-ciclo-enklaves-lleva-la-musica-este-viernes-al-parque-yamaguchi-con-fria-jane\\\/#respond\"]}]},{\"@type\":\"WebPage\",\"@id\":\"https:\\\/\\\/www.laguiadepamplona.com\\\/actualidad\\\/el-ciclo-enklaves-lleva-la-musica-este-viernes-al-parque-yamaguchi-con-fria-jane\\\/\",\"url\":\"https:\\\/\\\/www.laguiadepamplona.com\\\/actualidad\\\/el-ciclo-enklaves-lleva-la-musica-este-viernes-al-parque-yamaguchi-con-fria-jane\\\/\",\"name\":\"El ciclo Enklaves lleva la m\u00fasica este viernes al parque Yamaguchi con Fr\u00eda Jane\",\"isPartOf\":{\"@id\":\"https:\\\/\\\/www.laguiadepamplona.com\\\/actualidad\\\/#website\"},\"primaryImageOfPage\":{\"@id\":\"https:\\\/\\\/www.laguiadepamplona.com\\\/actualidad\\\/el-ciclo-enklaves-lleva-la-musica-este-viernes-al-parque-yamaguchi-con-fria-jane\\\/#primaryimage\"},\"image\":{\"@id\":\"https:\\\/\\\/www.laguiadepamplona.com\\\/actualidad\\\/el-ciclo-enklaves-lleva-la-musica-este-viernes-al-parque-yamaguchi-con-fria-jane\\\/#primaryimage\"},\"thumbnailUrl\":\"https:\\\/\\\/www.laguiadepamplona.com\\\/actualidad\\\/wp-content\\\/uploads\\\/2022\\\/08\\\/fria-jane.jpg\",\"datePublished\":\"2022-08-18T16:04:00+00:00\",\"dateModified\":\"2023-04-11T09:47:54+00:00\",\"description\":\"El lunes, d\u00eda 22, la Plaza San Jos\u00e9 acoger\u00e1 a JZ & Outlanders dentro de la propuesta musical Versionando\",\"breadcrumb\":{\"@id\":\"https:\\\/\\\/www.laguiadepamplona.com\\\/actualidad\\\/el-ciclo-enklaves-lleva-la-musica-este-viernes-al-parque-yamaguchi-con-fria-jane\\\/#breadcrumb\"},\"inLanguage\":\"es\",\"potentialAction\":[{\"@type\":\"ReadAction\",\"target\":[\"https:\\\/\\\/www.laguiadepamplona.com\\\/actualidad\\\/el-ciclo-enklaves-lleva-la-musica-este-viernes-al-parque-yamaguchi-con-fria-jane\\\/\"]}]},{\"@type\":\"ImageObject\",\"inLanguage\":\"es\",\"@id\":\"https:\\\/\\\/www.laguiadepamplona.com\\\/actualidad\\\/el-ciclo-enklaves-lleva-la-musica-este-viernes-al-parque-yamaguchi-con-fria-jane\\\/#primaryimage\",\"url\":\"https:\\\/\\\/www.laguiadepamplona.com\\\/actualidad\\\/wp-content\\\/uploads\\\/2022\\\/08\\\/fria-jane.jpg\",\"contentUrl\":\"https:\\\/\\\/www.laguiadepamplona.com\\\/actualidad\\\/wp-content\\\/uploads\\\/2022\\\/08\\\/fria-jane.jpg\",\"width\":870,\"height\":480},{\"@type\":\"BreadcrumbList\",\"@id\":\"https:\\\/\\\/www.laguiadepamplona.com\\\/actualidad\\\/el-ciclo-enklaves-lleva-la-musica-este-viernes-al-parque-yamaguchi-con-fria-jane\\\/#breadcrumb\",\"itemListElement\":[{\"@type\":\"ListItem\",\"position\":1,\"name\":\"Portada\",\"item\":\"https:\\\/\\\/www.laguiadepamplona.com\\\/actualidad\\\/\"},{\"@type\":\"ListItem\",\"position\":2,\"name\":\"El ciclo Enklaves lleva la m\u00fasica este viernes al parque Yamaguchi con Fr\u00eda Jane\"}]},{\"@type\":\"WebSite\",\"@id\":\"https:\\\/\\\/www.laguiadepamplona.com\\\/actualidad\\\/#website\",\"url\":\"https:\\\/\\\/www.laguiadepamplona.com\\\/actualidad\\\/\",\"name\":\"La gu\u00eda de Pamplona\",\"description\":\"Noticias de Pamplona\",\"publisher\":{\"@id\":\"https:\\\/\\\/www.laguiadepamplona.com\\\/actualidad\\\/#organization\"},\"potentialAction\":[{\"@type\":\"SearchAction\",\"target\":{\"@type\":\"EntryPoint\",\"urlTemplate\":\"https:\\\/\\\/www.laguiadepamplona.com\\\/actualidad\\\/?s={search_term_string}\"},\"query-input\":{\"@type\":\"PropertyValueSpecification\",\"valueRequired\":true,\"valueName\":\"search_term_string\"}}],\"inLanguage\":\"es\"},{\"@type\":\"Organization\",\"@id\":\"https:\\\/\\\/www.laguiadepamplona.com\\\/actualidad\\\/#organization\",\"name\":\"La Gu\u00eda de Pamplona \\\/ Noticias\",\"url\":\"https:\\\/\\\/www.laguiadepamplona.com\\\/actualidad\\\/\",\"logo\":{\"@type\":\"ImageObject\",\"inLanguage\":\"es\",\"@id\":\"https:\\\/\\\/www.laguiadepamplona.com\\\/actualidad\\\/#\\\/schema\\\/logo\\\/image\\\/\",\"url\":\"https:\\\/\\\/www.laguiadepamplona.com\\\/actualidad\\\/wp-content\\\/uploads\\\/2018\\\/11\\\/logo-laguiadepamplona18-web1.png\",\"contentUrl\":\"https:\\\/\\\/www.laguiadepamplona.com\\\/actualidad\\\/wp-content\\\/uploads\\\/2018\\\/11\\\/logo-laguiadepamplona18-web1.png\",\"width\":600,\"height\":196,\"caption\":\"La Gu\u00eda de Pamplona \\\/ Noticias\"},\"image\":{\"@id\":\"https:\\\/\\\/www.laguiadepamplona.com\\\/actualidad\\\/#\\\/schema\\\/logo\\\/image\\\/\"},\"sameAs\":[\"https:\\\/\\\/www.facebook.com\\\/laguiadepamplonacom-133175176762273\\\/?ref=hl\",\"https:\\\/\\\/x.com\\\/LaGuiadPamplona\",\"https:\\\/\\\/www.instagram.com\\\/la_guia_de_pamplona\\\/\",\"https:\\\/\\\/www.youtube.com\\\/user\\\/laguiadepamplona\"]},{\"@type\":\"Person\",\"@id\":\"https:\\\/\\\/www.laguiadepamplona.com\\\/actualidad\\\/#\\\/schema\\\/person\\\/efe887376f0213d4657c93adc50b1fdb\",\"name\":\"La Gu\u00eda de Pamplona\",\"image\":{\"@type\":\"ImageObject\",\"inLanguage\":\"es\",\"@id\":\"https:\\\/\\\/secure.gravatar.com\\\/avatar\\\/b6992f131dc8d30ab0dff15446e9d346d9dbd95992de0fef795073f5ea83a81c?s=96&d=mm&r=g\",\"url\":\"https:\\\/\\\/secure.gravatar.com\\\/avatar\\\/b6992f131dc8d30ab0dff15446e9d346d9dbd95992de0fef795073f5ea83a81c?s=96&d=mm&r=g\",\"contentUrl\":\"https:\\\/\\\/secure.gravatar.com\\\/avatar\\\/b6992f131dc8d30ab0dff15446e9d346d9dbd95992de0fef795073f5ea83a81c?s=96&d=mm&r=g\",\"caption\":\"La Gu\u00eda de Pamplona\"}}]}<\/script>\n<!-- \/ Yoast SEO plugin. -->","yoast_head_json":{"title":"El ciclo Enklaves lleva la m\u00fasica este viernes al parque Yamaguchi con Fr\u00eda Jane","description":"El lunes, d\u00eda 22, la Plaza San Jos\u00e9 acoger\u00e1 a JZ & Outlanders dentro de la propuesta musical Versionando","robots":{"index":"index","follow":"follow","max-snippet":"max-snippet:-1","max-image-preview":"max-image-preview:large","max-video-preview":"max-video-preview:-1"},"canonical":"https:\/\/www.laguiadepamplona.com\/actualidad\/el-ciclo-enklaves-lleva-la-musica-este-viernes-al-parque-yamaguchi-con-fria-jane\/","og_locale":"es_ES","og_type":"article","og_title":"El ciclo Enklaves lleva la m\u00fasica este viernes al parque Yamaguchi con Fr\u00eda Jane","og_description":"El lunes, d\u00eda 22, la Plaza San Jos\u00e9 acoger\u00e1 a JZ & Outlanders dentro de la propuesta musical Versionando","og_url":"https:\/\/www.laguiadepamplona.com\/actualidad\/el-ciclo-enklaves-lleva-la-musica-este-viernes-al-parque-yamaguchi-con-fria-jane\/","og_site_name":"La Gu\u00eda de Pamplona","article_publisher":"https:\/\/www.facebook.com\/laguiadepamplonacom-133175176762273\/?ref=hl","article_published_time":"2022-08-18T16:04:00+00:00","article_modified_time":"2023-04-11T09:47:54+00:00","og_image":[{"width":870,"height":480,"url":"https:\/\/www.laguiadepamplona.com\/actualidad\/wp-content\/uploads\/2022\/08\/fria-jane.jpg","type":"image\/jpeg"}],"author":"La Gu\u00eda de Pamplona","twitter_card":"summary_large_image","twitter_creator":"@LaGuiadPamplona","twitter_site":"@LaGuiadPamplona","twitter_misc":{"Escrito por":"La Gu\u00eda de Pamplona","Tiempo de lectura":"2 minutos"},"schema":{"@context":"https:\/\/schema.org","@graph":[{"@type":"Article","@id":"https:\/\/www.laguiadepamplona.com\/actualidad\/el-ciclo-enklaves-lleva-la-musica-este-viernes-al-parque-yamaguchi-con-fria-jane\/#article","isPartOf":{"@id":"https:\/\/www.laguiadepamplona.com\/actualidad\/el-ciclo-enklaves-lleva-la-musica-este-viernes-al-parque-yamaguchi-con-fria-jane\/"},"author":{"name":"La Gu\u00eda de Pamplona","@id":"https:\/\/www.laguiadepamplona.com\/actualidad\/#\/schema\/person\/efe887376f0213d4657c93adc50b1fdb"},"headline":"El ciclo Enklaves lleva la m\u00fasica este viernes al parque Yamaguchi con Fr\u00eda Jane","datePublished":"2022-08-18T16:04:00+00:00","dateModified":"2023-04-11T09:47:54+00:00","mainEntityOfPage":{"@id":"https:\/\/www.laguiadepamplona.com\/actualidad\/el-ciclo-enklaves-lleva-la-musica-este-viernes-al-parque-yamaguchi-con-fria-jane\/"},"wordCount":409,"commentCount":0,"publisher":{"@id":"https:\/\/www.laguiadepamplona.com\/actualidad\/#organization"},"image":{"@id":"https:\/\/www.laguiadepamplona.com\/actualidad\/el-ciclo-enklaves-lleva-la-musica-este-viernes-al-parque-yamaguchi-con-fria-jane\/#primaryimage"},"thumbnailUrl":"https:\/\/www.laguiadepamplona.com\/actualidad\/wp-content\/uploads\/2022\/08\/fria-jane.jpg","articleSection":["Ayto Pamplona"],"inLanguage":"es","potentialAction":[{"@type":"CommentAction","name":"Comment","target":["https:\/\/www.laguiadepamplona.com\/actualidad\/el-ciclo-enklaves-lleva-la-musica-este-viernes-al-parque-yamaguchi-con-fria-jane\/#respond"]}]},{"@type":"WebPage","@id":"https:\/\/www.laguiadepamplona.com\/actualidad\/el-ciclo-enklaves-lleva-la-musica-este-viernes-al-parque-yamaguchi-con-fria-jane\/","url":"https:\/\/www.laguiadepamplona.com\/actualidad\/el-ciclo-enklaves-lleva-la-musica-este-viernes-al-parque-yamaguchi-con-fria-jane\/","name":"El ciclo Enklaves lleva la m\u00fasica este viernes al parque Yamaguchi con Fr\u00eda Jane","isPartOf":{"@id":"https:\/\/www.laguiadepamplona.com\/actualidad\/#website"},"primaryImageOfPage":{"@id":"https:\/\/www.laguiadepamplona.com\/actualidad\/el-ciclo-enklaves-lleva-la-musica-este-viernes-al-parque-yamaguchi-con-fria-jane\/#primaryimage"},"image":{"@id":"https:\/\/www.laguiadepamplona.com\/actualidad\/el-ciclo-enklaves-lleva-la-musica-este-viernes-al-parque-yamaguchi-con-fria-jane\/#primaryimage"},"thumbnailUrl":"https:\/\/www.laguiadepamplona.com\/actualidad\/wp-content\/uploads\/2022\/08\/fria-jane.jpg","datePublished":"2022-08-18T16:04:00+00:00","dateModified":"2023-04-11T09:47:54+00:00","description":"El lunes, d\u00eda 22, la Plaza San Jos\u00e9 acoger\u00e1 a JZ & Outlanders dentro de la propuesta musical Versionando","breadcrumb":{"@id":"https:\/\/www.laguiadepamplona.com\/actualidad\/el-ciclo-enklaves-lleva-la-musica-este-viernes-al-parque-yamaguchi-con-fria-jane\/#breadcrumb"},"inLanguage":"es","potentialAction":[{"@type":"ReadAction","target":["https:\/\/www.laguiadepamplona.com\/actualidad\/el-ciclo-enklaves-lleva-la-musica-este-viernes-al-parque-yamaguchi-con-fria-jane\/"]}]},{"@type":"ImageObject","inLanguage":"es","@id":"https:\/\/www.laguiadepamplona.com\/actualidad\/el-ciclo-enklaves-lleva-la-musica-este-viernes-al-parque-yamaguchi-con-fria-jane\/#primaryimage","url":"https:\/\/www.laguiadepamplona.com\/actualidad\/wp-content\/uploads\/2022\/08\/fria-jane.jpg","contentUrl":"https:\/\/www.laguiadepamplona.com\/actualidad\/wp-content\/uploads\/2022\/08\/fria-jane.jpg","width":870,"height":480},{"@type":"BreadcrumbList","@id":"https:\/\/www.laguiadepamplona.com\/actualidad\/el-ciclo-enklaves-lleva-la-musica-este-viernes-al-parque-yamaguchi-con-fria-jane\/#breadcrumb","itemListElement":[{"@type":"ListItem","position":1,"name":"Portada","item":"https:\/\/www.laguiadepamplona.com\/actualidad\/"},{"@type":"ListItem","position":2,"name":"El ciclo Enklaves lleva la m\u00fasica este viernes al parque Yamaguchi con Fr\u00eda Jane"}]},{"@type":"WebSite","@id":"https:\/\/www.laguiadepamplona.com\/actualidad\/#website","url":"https:\/\/www.laguiadepamplona.com\/actualidad\/","name":"La gu\u00eda de Pamplona","description":"Noticias de Pamplona","publisher":{"@id":"https:\/\/www.laguiadepamplona.com\/actualidad\/#organization"},"potentialAction":[{"@type":"SearchAction","target":{"@type":"EntryPoint","urlTemplate":"https:\/\/www.laguiadepamplona.com\/actualidad\/?s={search_term_string}"},"query-input":{"@type":"PropertyValueSpecification","valueRequired":true,"valueName":"search_term_string"}}],"inLanguage":"es"},{"@type":"Organization","@id":"https:\/\/www.laguiadepamplona.com\/actualidad\/#organization","name":"La Gu\u00eda de Pamplona \/ Noticias","url":"https:\/\/www.laguiadepamplona.com\/actualidad\/","logo":{"@type":"ImageObject","inLanguage":"es","@id":"https:\/\/www.laguiadepamplona.com\/actualidad\/#\/schema\/logo\/image\/","url":"https:\/\/www.laguiadepamplona.com\/actualidad\/wp-content\/uploads\/2018\/11\/logo-laguiadepamplona18-web1.png","contentUrl":"https:\/\/www.laguiadepamplona.com\/actualidad\/wp-content\/uploads\/2018\/11\/logo-laguiadepamplona18-web1.png","width":600,"height":196,"caption":"La Gu\u00eda de Pamplona \/ Noticias"},"image":{"@id":"https:\/\/www.laguiadepamplona.com\/actualidad\/#\/schema\/logo\/image\/"},"sameAs":["https:\/\/www.facebook.com\/laguiadepamplonacom-133175176762273\/?ref=hl","https:\/\/x.com\/LaGuiadPamplona","https:\/\/www.instagram.com\/la_guia_de_pamplona\/","https:\/\/www.youtube.com\/user\/laguiadepamplona"]},{"@type":"Person","@id":"https:\/\/www.laguiadepamplona.com\/actualidad\/#\/schema\/person\/efe887376f0213d4657c93adc50b1fdb","name":"La Gu\u00eda de Pamplona","image":{"@type":"ImageObject","inLanguage":"es","@id":"https:\/\/secure.gravatar.com\/avatar\/b6992f131dc8d30ab0dff15446e9d346d9dbd95992de0fef795073f5ea83a81c?s=96&d=mm&r=g","url":"https:\/\/secure.gravatar.com\/avatar\/b6992f131dc8d30ab0dff15446e9d346d9dbd95992de0fef795073f5ea83a81c?s=96&d=mm&r=g","contentUrl":"https:\/\/secure.gravatar.com\/avatar\/b6992f131dc8d30ab0dff15446e9d346d9dbd95992de0fef795073f5ea83a81c?s=96&d=mm&r=g","caption":"La Gu\u00eda de Pamplona"}}]}},"post_mailing_queue_ids":[],"_links":{"self":[{"href":"https:\/\/www.laguiadepamplona.com\/actualidad\/wp-json\/wp\/v2\/posts\/41329","targetHints":{"allow":["GET"]}}],"collection":[{"href":"https:\/\/www.laguiadepamplona.com\/actualidad\/wp-json\/wp\/v2\/posts"}],"about":[{"href":"https:\/\/www.laguiadepamplona.com\/actualidad\/wp-json\/wp\/v2\/types\/post"}],"author":[{"embeddable":true,"href":"https:\/\/www.laguiadepamplona.com\/actualidad\/wp-json\/wp\/v2\/users\/1"}],"replies":[{"embeddable":true,"href":"https:\/\/www.laguiadepamplona.com\/actualidad\/wp-json\/wp\/v2\/comments?post=41329"}],"version-history":[{"count":0,"href":"https:\/\/www.laguiadepamplona.com\/actualidad\/wp-json\/wp\/v2\/posts\/41329\/revisions"}],"wp:featuredmedia":[{"embeddable":true,"href":"https:\/\/www.laguiadepamplona.com\/actualidad\/wp-json\/wp\/v2\/media\/41330"}],"wp:attachment":[{"href":"https:\/\/www.laguiadepamplona.com\/actualidad\/wp-json\/wp\/v2\/media?parent=41329"}],"wp:term":[{"taxonomy":"category","embeddable":true,"href":"https:\/\/www.laguiadepamplona.com\/actualidad\/wp-json\/wp\/v2\/categories?post=41329"},{"taxonomy":"post_tag","embeddable":true,"href":"https:\/\/www.laguiadepamplona.com\/actualidad\/wp-json\/wp\/v2\/tags?post=41329"}],"curies":[{"name":"wp","href":"https:\/\/api.w.org\/{rel}","templated":true}]}}