{"id":41321,"date":"2022-08-12T12:52:35","date_gmt":"2022-08-12T10:52:35","guid":{"rendered":"https:\/\/www.laguiadepamplona.com\/actualidad\/?p=41321"},"modified":"2023-04-11T11:47:54","modified_gmt":"2023-04-11T09:47:54","slug":"el-festival-de-las-murallas-no-se-va-de-puente-danzad-danzad-malditos-presenta-tres-propuestas-con-la-mujer-como-referente","status":"publish","type":"post","link":"https:\/\/www.laguiadepamplona.com\/actualidad\/el-festival-de-las-murallas-no-se-va-de-puente-danzad-danzad-malditos-presenta-tres-propuestas-con-la-mujer-como-referente\/","title":{"rendered":"El Festival de las Murallas no se va de puente: \u2018Danzad, danzad, malditos\u2019 presenta tres propuestas con la mujer como referente"},"content":{"rendered":"<h5>\u2018Danzad, danzad, malditos\u2019, adem\u00e1s, modifica su recorrido: \u2018Fuga\u2019 tendr\u00e1 lugar en el Jito Alai y \u2018Oblivion\u2019 en el Caballo Blanco<\/h5>\n<p><!--more--><\/p>\n<p>El Festival de las Murallas propone para estos d\u00edas dos espect\u00e1culos de danza y circo dentro de los ciclos \u2018Danzad, danzad, malditos\u2019 y \u2018Cinco Puntas\u2019. Ma\u00f1ana, s\u00e1bado 13, a las 20.00 la danza en m\u00faltiples modalidades recorre la Ronda Barbazana desde el Caballo Blanco hasta el Jito Alai.<\/p>\n<p>Las murallas de la Ronda Barbazana acogen la triple cita con la danza, con las representaciones \u2018A ciegas\u2019, \u2018Fuga\u2019 y \u2018Oblivion\u2019. El programa se inicia en el Rinc\u00f3n del Caballo Blanco, con el espect\u00e1culo de calle \u2018A ciegas\u2019, de la compa\u00f1\u00eda Elelei, de Barcelona, en la que dos bailarines dan vida a los recuerdos y las decisiones tomadas a trav\u00e9s del dinamismo de la danza contempor\u00e1nea y acrobacias de gran vistosidad. Este es el primer trabajo fruto de la colaboraci\u00f3n de los artistas Sabrina Gargano (Italia) y Rafa Jagat (Valencia), que han recibido el premio Festival Mais Imaginarius de Portugal y el premio del p\u00fablico de la 35\u00aa International Choreographic Competition de Hannover por este montaje. Tras esta representaci\u00f3n, desde el escenario del Caballo Blanco se inicia el recorrido del equipo de parkour, con una apertura creada por Javi P\u00e9rez, Blackflip, que conducir\u00e1 al p\u00fablico hasta el Jito Alai. Durante este recorrido, Mari Paula presentar\u00e1 \u2018Cartograf\u00edas\u2019, una intervenci\u00f3n de danza que ha desarrollado durante esta semana en la ciudad.<br \/>\n<script async src=\"\/\/pagead2.googlesyndication.com\/pagead\/js\/adsbygoogle.js\"><\/script><br \/>\n<!-- Noticias La Guia de Pamplona --><br \/>\n<ins class=\"adsbygoogle\"\nstyle=\"display:block\"\ndata-ad-client=\"ca-pub-6943679897239327\"\ndata-ad-slot=\"7048180777\"\ndata-ad-format=\"auto\"><\/ins><br \/>\n<script>\n(adsbygoogle = window.adsbygoogle || []).push({});\n<\/script><\/p>\n<p>En el Jito Alai, la compa\u00f1\u00eda M\u00e9dula, de la bailarina mexicana Melissa Castillo, core\u00f3grafa y directora art\u00edstica, presenta \u2018Fuga\u2019, un montaje unipersonal de danza contempor\u00e1nea en el que las l\u00edneas de fuga huyen del centro y de las convenciones para crear un mundo diferente. Melissa Castillo entiende la fuga como una manera de liberaci\u00f3n. A su t\u00e9rmino, durante la vuelta al Caballo Blanco, se escenificar\u00e1 una coreograf\u00eda de cierre con el equipo de parkour por la Ronda Barbazana.<\/p>\n<p>Por \u00faltimo, llega el turno de \u2018Oblivion\u2019, de la mano de la compa\u00f1\u00eda catalana Silvia Batet, que se caracteriza por la simplicidad formal y la complejidad estructural de sus creaciones. \u2018Oblivion\u2019, que cerrar\u00e1 el d\u00eda en el Caballo Blanco, se traduce como olvido, amnist\u00eda o perd\u00f3n, y aqu\u00ed se presenta como un lugar de transformaci\u00f3n, sito entre el duelo y el vac\u00edo, mediante una danza que crece en entrop\u00eda. La obra se alz\u00f3 con el Premi de Dansa de l\u2019Institut del Teatre en 2020 y fue estrenada en formato de larga duraci\u00f3n en el Festival Grec 2021. Cierra la cita el equipo de parkour con una creaci\u00f3n espec\u00edfica de Judith S\u00e1nchez para la zona amurallada.<br \/>\n<script async src=\"\/\/pagead2.googlesyndication.com\/pagead\/js\/adsbygoogle.js\"><\/script><br \/>\n<!-- Noticias La Guia de Pamplona --><br \/>\n<ins class=\"adsbygoogle\"\nstyle=\"display:block\"\ndata-ad-client=\"ca-pub-6943679897239327\"\ndata-ad-slot=\"7048180777\"\ndata-ad-format=\"auto\"><\/ins><br \/>\n<script>\n(adsbygoogle = window.adsbygoogle || []).push({});\n<\/script><\/p>\n<p><strong>Artes circenses en \u2018Cinco Puntas\u2019<\/strong><\/p>\n<p>Por su parte, el martes 16 a las 20.00 regresa el ciclo \u2018Cinco Puntas\u2019, con \u2018Poi\u2019, de la compa\u00f1\u00eda D\u00b4es Tro. Un montaje sorprendente con la peonza como reclamo, que ha obtenido el Premio Tac. Lo protagoniza un personaje atrapado desde la infancia por el efecto girosc\u00f3pico de su peonza. La obra se plantea como un viaje de enredos y giros al que nos transporta el juego, uno de los estados m\u00e1s importantes de la vida.<\/p>\n<p>D\u2019es Tro es un proyecto personal de Guillem Vizca\u00edno, artista de circo mallorqu\u00edn con veinte a\u00f1os de trayectoria art\u00edstica, especialmente vinculado al Circ Bover desde 2005, siendo integrante de la mayor parte de sus espect\u00e1culos. Tras especializarse en disciplinas cl\u00e1sicas de malabares (pelotas, mazas, cuchillos\u2026), comenz\u00f3 a investigar con otros elementos, especialmente las peonzas, que le llevaron a coronarse en 2020 como Campe\u00f3n del Mundo de Peonzas en estilo libre.<br \/>\n<script async src=\"\/\/pagead2.googlesyndication.com\/pagead\/js\/adsbygoogle.js\"><\/script><br \/>\n<!-- Noticias La Guia de Pamplona --><br \/>\n<ins class=\"adsbygoogle\"\nstyle=\"display:block\"\ndata-ad-client=\"ca-pub-6943679897239327\"\ndata-ad-slot=\"7048180777\"\ndata-ad-format=\"auto\"><\/ins><br \/>\n<script>\n(adsbygoogle = window.adsbygoogle || []).push({});\n<\/script><\/p>\n<p>&nbsp;<\/p>\n<h3>Festival de las Murallas 2022<\/h3>\n<ul>\n<li><strong>S\u00e1bado 13 de agosto. Danzad, danzad, malditos. 20 horas. Ronda Barbazana<\/strong>\n<ul>\n<li>A ciegas. Compa\u00f1\u00eda Elelei, Barcelona (Caballo Blanco).<\/li>\n<li>Melissa Castillo, M\u00e9xico (Jito Alai).<\/li>\n<li>Silvia Batet, Catalu\u00f1a (Caballo Blanco).<\/li>\n<li>Apertura, recorrido y coreograf\u00eda de cierre con equipo de parkour.<\/li>\n<\/ul>\n<\/li>\n<li><strong>Martes 16 de agosto. Cinco Puntas. 20 horas. Ciudadela<\/strong>\n<ul>\n<li>D\u2019es tro (Circo)<\/li>\n<\/ul>\n<\/li>\n<\/ul>\n<p>&nbsp;<\/p>\n<p><strong><em>Nota: se ha modificado el recorrido inicial de \u2018Danzad, danzad<\/em><\/strong><strong><em>,<\/em><\/strong><strong><em> malditos\u2019. De esta manera, las obras \u2018Fuga\u2019 y \u2018Oblivion\u2019 se realizar\u00e1n en el Jito Alai y en el Caballo Blanco, respectivamente, al contrario de como estaban planteadas in<\/em><\/strong><strong><em>i<\/em><\/strong><strong><em>cialmente.<\/em><\/strong><\/p>\n","protected":false},"excerpt":{"rendered":"<p>\u2018Danzad, danzad, malditos\u2019, adem\u00e1s, modifica su recorrido: \u2018Fuga\u2019 tendr\u00e1 lugar en el Jito Alai y \u2018Oblivion\u2019 en el Caballo Blanco<\/p>\n","protected":false},"author":1,"featured_media":41322,"comment_status":"open","ping_status":"closed","sticky":false,"template":"","format":"standard","meta":{"footnotes":""},"categories":[2],"tags":[],"class_list":["post-41321","post","type-post","status-publish","format-standard","has-post-thumbnail","hentry","category-ayuntamiento-pamplona"],"yoast_head":"<!-- This site is optimized with the Yoast SEO plugin v27.3 - https:\/\/yoast.com\/product\/yoast-seo-wordpress\/ -->\n<title>El Festival de las Murallas no se va de puente: \u2018Danzad, danzad, malditos\u2019 presenta tres propuestas con la mujer como referente<\/title>\n<meta name=\"description\" content=\"\u2018Danzad, danzad, malditos\u2019, adem\u00e1s, modifica su recorrido: \u2018Fuga\u2019 tendr\u00e1 lugar en el Jito Alai y \u2018Oblivion\u2019 en el Caballo Blanco\" \/>\n<meta name=\"robots\" content=\"index, follow, max-snippet:-1, max-image-preview:large, max-video-preview:-1\" \/>\n<link rel=\"canonical\" href=\"https:\/\/www.laguiadepamplona.com\/actualidad\/el-festival-de-las-murallas-no-se-va-de-puente-danzad-danzad-malditos-presenta-tres-propuestas-con-la-mujer-como-referente\/\" \/>\n<meta property=\"og:locale\" content=\"es_ES\" \/>\n<meta property=\"og:type\" content=\"article\" \/>\n<meta property=\"og:title\" content=\"El Festival de las Murallas no se va de puente: \u2018Danzad, danzad, malditos\u2019 presenta tres propuestas con la mujer como referente\" \/>\n<meta property=\"og:description\" content=\"\u2018Danzad, danzad, malditos\u2019, adem\u00e1s, modifica su recorrido: \u2018Fuga\u2019 tendr\u00e1 lugar en el Jito Alai y \u2018Oblivion\u2019 en el Caballo Blanco\" \/>\n<meta property=\"og:url\" content=\"https:\/\/www.laguiadepamplona.com\/actualidad\/el-festival-de-las-murallas-no-se-va-de-puente-danzad-danzad-malditos-presenta-tres-propuestas-con-la-mujer-como-referente\/\" \/>\n<meta property=\"og:site_name\" content=\"La Gu\u00eda de Pamplona\" \/>\n<meta property=\"article:publisher\" content=\"https:\/\/www.facebook.com\/laguiadepamplonacom-133175176762273\/?ref=hl\" \/>\n<meta property=\"article:published_time\" content=\"2022-08-12T10:52:35+00:00\" \/>\n<meta property=\"article:modified_time\" content=\"2023-04-11T09:47:54+00:00\" \/>\n<meta property=\"og:image\" content=\"https:\/\/www.laguiadepamplona.com\/actualidad\/wp-content\/uploads\/2022\/08\/35elelei.webp\" \/>\n\t<meta property=\"og:image:width\" content=\"1920\" \/>\n\t<meta property=\"og:image:height\" content=\"1520\" \/>\n\t<meta property=\"og:image:type\" content=\"image\/webp\" \/>\n<meta name=\"author\" content=\"La Gu\u00eda de Pamplona\" \/>\n<meta name=\"twitter:card\" content=\"summary_large_image\" \/>\n<meta name=\"twitter:creator\" content=\"@LaGuiadPamplona\" \/>\n<meta name=\"twitter:site\" content=\"@LaGuiadPamplona\" \/>\n<meta name=\"twitter:label1\" content=\"Escrito por\" \/>\n\t<meta name=\"twitter:data1\" content=\"La Gu\u00eda de Pamplona\" \/>\n\t<meta name=\"twitter:label2\" content=\"Tiempo de lectura\" \/>\n\t<meta name=\"twitter:data2\" content=\"4 minutos\" \/>\n<script type=\"application\/ld+json\" class=\"yoast-schema-graph\">{\"@context\":\"https:\\\/\\\/schema.org\",\"@graph\":[{\"@type\":\"Article\",\"@id\":\"https:\\\/\\\/www.laguiadepamplona.com\\\/actualidad\\\/el-festival-de-las-murallas-no-se-va-de-puente-danzad-danzad-malditos-presenta-tres-propuestas-con-la-mujer-como-referente\\\/#article\",\"isPartOf\":{\"@id\":\"https:\\\/\\\/www.laguiadepamplona.com\\\/actualidad\\\/el-festival-de-las-murallas-no-se-va-de-puente-danzad-danzad-malditos-presenta-tres-propuestas-con-la-mujer-como-referente\\\/\"},\"author\":{\"name\":\"La Gu\u00eda de Pamplona\",\"@id\":\"https:\\\/\\\/www.laguiadepamplona.com\\\/actualidad\\\/#\\\/schema\\\/person\\\/efe887376f0213d4657c93adc50b1fdb\"},\"headline\":\"El Festival de las Murallas no se va de puente: \u2018Danzad, danzad, malditos\u2019 presenta tres propuestas con la mujer como referente\",\"datePublished\":\"2022-08-12T10:52:35+00:00\",\"dateModified\":\"2023-04-11T09:47:54+00:00\",\"mainEntityOfPage\":{\"@id\":\"https:\\\/\\\/www.laguiadepamplona.com\\\/actualidad\\\/el-festival-de-las-murallas-no-se-va-de-puente-danzad-danzad-malditos-presenta-tres-propuestas-con-la-mujer-como-referente\\\/\"},\"wordCount\":743,\"commentCount\":0,\"publisher\":{\"@id\":\"https:\\\/\\\/www.laguiadepamplona.com\\\/actualidad\\\/#organization\"},\"image\":{\"@id\":\"https:\\\/\\\/www.laguiadepamplona.com\\\/actualidad\\\/el-festival-de-las-murallas-no-se-va-de-puente-danzad-danzad-malditos-presenta-tres-propuestas-con-la-mujer-como-referente\\\/#primaryimage\"},\"thumbnailUrl\":\"https:\\\/\\\/www.laguiadepamplona.com\\\/actualidad\\\/wp-content\\\/uploads\\\/2022\\\/08\\\/35elelei.webp\",\"articleSection\":[\"Ayto Pamplona\"],\"inLanguage\":\"es\",\"potentialAction\":[{\"@type\":\"CommentAction\",\"name\":\"Comment\",\"target\":[\"https:\\\/\\\/www.laguiadepamplona.com\\\/actualidad\\\/el-festival-de-las-murallas-no-se-va-de-puente-danzad-danzad-malditos-presenta-tres-propuestas-con-la-mujer-como-referente\\\/#respond\"]}]},{\"@type\":\"WebPage\",\"@id\":\"https:\\\/\\\/www.laguiadepamplona.com\\\/actualidad\\\/el-festival-de-las-murallas-no-se-va-de-puente-danzad-danzad-malditos-presenta-tres-propuestas-con-la-mujer-como-referente\\\/\",\"url\":\"https:\\\/\\\/www.laguiadepamplona.com\\\/actualidad\\\/el-festival-de-las-murallas-no-se-va-de-puente-danzad-danzad-malditos-presenta-tres-propuestas-con-la-mujer-como-referente\\\/\",\"name\":\"El Festival de las Murallas no se va de puente: \u2018Danzad, danzad, malditos\u2019 presenta tres propuestas con la mujer como referente\",\"isPartOf\":{\"@id\":\"https:\\\/\\\/www.laguiadepamplona.com\\\/actualidad\\\/#website\"},\"primaryImageOfPage\":{\"@id\":\"https:\\\/\\\/www.laguiadepamplona.com\\\/actualidad\\\/el-festival-de-las-murallas-no-se-va-de-puente-danzad-danzad-malditos-presenta-tres-propuestas-con-la-mujer-como-referente\\\/#primaryimage\"},\"image\":{\"@id\":\"https:\\\/\\\/www.laguiadepamplona.com\\\/actualidad\\\/el-festival-de-las-murallas-no-se-va-de-puente-danzad-danzad-malditos-presenta-tres-propuestas-con-la-mujer-como-referente\\\/#primaryimage\"},\"thumbnailUrl\":\"https:\\\/\\\/www.laguiadepamplona.com\\\/actualidad\\\/wp-content\\\/uploads\\\/2022\\\/08\\\/35elelei.webp\",\"datePublished\":\"2022-08-12T10:52:35+00:00\",\"dateModified\":\"2023-04-11T09:47:54+00:00\",\"description\":\"\u2018Danzad, danzad, malditos\u2019, adem\u00e1s, modifica su recorrido: \u2018Fuga\u2019 tendr\u00e1 lugar en el Jito Alai y \u2018Oblivion\u2019 en el Caballo Blanco\",\"breadcrumb\":{\"@id\":\"https:\\\/\\\/www.laguiadepamplona.com\\\/actualidad\\\/el-festival-de-las-murallas-no-se-va-de-puente-danzad-danzad-malditos-presenta-tres-propuestas-con-la-mujer-como-referente\\\/#breadcrumb\"},\"inLanguage\":\"es\",\"potentialAction\":[{\"@type\":\"ReadAction\",\"target\":[\"https:\\\/\\\/www.laguiadepamplona.com\\\/actualidad\\\/el-festival-de-las-murallas-no-se-va-de-puente-danzad-danzad-malditos-presenta-tres-propuestas-con-la-mujer-como-referente\\\/\"]}]},{\"@type\":\"ImageObject\",\"inLanguage\":\"es\",\"@id\":\"https:\\\/\\\/www.laguiadepamplona.com\\\/actualidad\\\/el-festival-de-las-murallas-no-se-va-de-puente-danzad-danzad-malditos-presenta-tres-propuestas-con-la-mujer-como-referente\\\/#primaryimage\",\"url\":\"https:\\\/\\\/www.laguiadepamplona.com\\\/actualidad\\\/wp-content\\\/uploads\\\/2022\\\/08\\\/35elelei.webp\",\"contentUrl\":\"https:\\\/\\\/www.laguiadepamplona.com\\\/actualidad\\\/wp-content\\\/uploads\\\/2022\\\/08\\\/35elelei.webp\",\"width\":1920,\"height\":1520,\"caption\":\"danzad\"},{\"@type\":\"BreadcrumbList\",\"@id\":\"https:\\\/\\\/www.laguiadepamplona.com\\\/actualidad\\\/el-festival-de-las-murallas-no-se-va-de-puente-danzad-danzad-malditos-presenta-tres-propuestas-con-la-mujer-como-referente\\\/#breadcrumb\",\"itemListElement\":[{\"@type\":\"ListItem\",\"position\":1,\"name\":\"Portada\",\"item\":\"https:\\\/\\\/www.laguiadepamplona.com\\\/actualidad\\\/\"},{\"@type\":\"ListItem\",\"position\":2,\"name\":\"El Festival de las Murallas no se va de puente: \u2018Danzad, danzad, malditos\u2019 presenta tres propuestas con la mujer como referente\"}]},{\"@type\":\"WebSite\",\"@id\":\"https:\\\/\\\/www.laguiadepamplona.com\\\/actualidad\\\/#website\",\"url\":\"https:\\\/\\\/www.laguiadepamplona.com\\\/actualidad\\\/\",\"name\":\"La gu\u00eda de Pamplona\",\"description\":\"Noticias de Pamplona\",\"publisher\":{\"@id\":\"https:\\\/\\\/www.laguiadepamplona.com\\\/actualidad\\\/#organization\"},\"potentialAction\":[{\"@type\":\"SearchAction\",\"target\":{\"@type\":\"EntryPoint\",\"urlTemplate\":\"https:\\\/\\\/www.laguiadepamplona.com\\\/actualidad\\\/?s={search_term_string}\"},\"query-input\":{\"@type\":\"PropertyValueSpecification\",\"valueRequired\":true,\"valueName\":\"search_term_string\"}}],\"inLanguage\":\"es\"},{\"@type\":\"Organization\",\"@id\":\"https:\\\/\\\/www.laguiadepamplona.com\\\/actualidad\\\/#organization\",\"name\":\"La Gu\u00eda de Pamplona \\\/ Noticias\",\"url\":\"https:\\\/\\\/www.laguiadepamplona.com\\\/actualidad\\\/\",\"logo\":{\"@type\":\"ImageObject\",\"inLanguage\":\"es\",\"@id\":\"https:\\\/\\\/www.laguiadepamplona.com\\\/actualidad\\\/#\\\/schema\\\/logo\\\/image\\\/\",\"url\":\"https:\\\/\\\/www.laguiadepamplona.com\\\/actualidad\\\/wp-content\\\/uploads\\\/2018\\\/11\\\/logo-laguiadepamplona18-web1.png\",\"contentUrl\":\"https:\\\/\\\/www.laguiadepamplona.com\\\/actualidad\\\/wp-content\\\/uploads\\\/2018\\\/11\\\/logo-laguiadepamplona18-web1.png\",\"width\":600,\"height\":196,\"caption\":\"La Gu\u00eda de Pamplona \\\/ Noticias\"},\"image\":{\"@id\":\"https:\\\/\\\/www.laguiadepamplona.com\\\/actualidad\\\/#\\\/schema\\\/logo\\\/image\\\/\"},\"sameAs\":[\"https:\\\/\\\/www.facebook.com\\\/laguiadepamplonacom-133175176762273\\\/?ref=hl\",\"https:\\\/\\\/x.com\\\/LaGuiadPamplona\",\"https:\\\/\\\/www.instagram.com\\\/la_guia_de_pamplona\\\/\",\"https:\\\/\\\/www.youtube.com\\\/user\\\/laguiadepamplona\"]},{\"@type\":\"Person\",\"@id\":\"https:\\\/\\\/www.laguiadepamplona.com\\\/actualidad\\\/#\\\/schema\\\/person\\\/efe887376f0213d4657c93adc50b1fdb\",\"name\":\"La Gu\u00eda de Pamplona\",\"image\":{\"@type\":\"ImageObject\",\"inLanguage\":\"es\",\"@id\":\"https:\\\/\\\/secure.gravatar.com\\\/avatar\\\/b6992f131dc8d30ab0dff15446e9d346d9dbd95992de0fef795073f5ea83a81c?s=96&d=mm&r=g\",\"url\":\"https:\\\/\\\/secure.gravatar.com\\\/avatar\\\/b6992f131dc8d30ab0dff15446e9d346d9dbd95992de0fef795073f5ea83a81c?s=96&d=mm&r=g\",\"contentUrl\":\"https:\\\/\\\/secure.gravatar.com\\\/avatar\\\/b6992f131dc8d30ab0dff15446e9d346d9dbd95992de0fef795073f5ea83a81c?s=96&d=mm&r=g\",\"caption\":\"La Gu\u00eda de Pamplona\"}}]}<\/script>\n<!-- \/ Yoast SEO plugin. -->","yoast_head_json":{"title":"El Festival de las Murallas no se va de puente: \u2018Danzad, danzad, malditos\u2019 presenta tres propuestas con la mujer como referente","description":"\u2018Danzad, danzad, malditos\u2019, adem\u00e1s, modifica su recorrido: \u2018Fuga\u2019 tendr\u00e1 lugar en el Jito Alai y \u2018Oblivion\u2019 en el Caballo Blanco","robots":{"index":"index","follow":"follow","max-snippet":"max-snippet:-1","max-image-preview":"max-image-preview:large","max-video-preview":"max-video-preview:-1"},"canonical":"https:\/\/www.laguiadepamplona.com\/actualidad\/el-festival-de-las-murallas-no-se-va-de-puente-danzad-danzad-malditos-presenta-tres-propuestas-con-la-mujer-como-referente\/","og_locale":"es_ES","og_type":"article","og_title":"El Festival de las Murallas no se va de puente: \u2018Danzad, danzad, malditos\u2019 presenta tres propuestas con la mujer como referente","og_description":"\u2018Danzad, danzad, malditos\u2019, adem\u00e1s, modifica su recorrido: \u2018Fuga\u2019 tendr\u00e1 lugar en el Jito Alai y \u2018Oblivion\u2019 en el Caballo Blanco","og_url":"https:\/\/www.laguiadepamplona.com\/actualidad\/el-festival-de-las-murallas-no-se-va-de-puente-danzad-danzad-malditos-presenta-tres-propuestas-con-la-mujer-como-referente\/","og_site_name":"La Gu\u00eda de Pamplona","article_publisher":"https:\/\/www.facebook.com\/laguiadepamplonacom-133175176762273\/?ref=hl","article_published_time":"2022-08-12T10:52:35+00:00","article_modified_time":"2023-04-11T09:47:54+00:00","og_image":[{"width":1920,"height":1520,"url":"https:\/\/www.laguiadepamplona.com\/actualidad\/wp-content\/uploads\/2022\/08\/35elelei.webp","type":"image\/webp"}],"author":"La Gu\u00eda de Pamplona","twitter_card":"summary_large_image","twitter_creator":"@LaGuiadPamplona","twitter_site":"@LaGuiadPamplona","twitter_misc":{"Escrito por":"La Gu\u00eda de Pamplona","Tiempo de lectura":"4 minutos"},"schema":{"@context":"https:\/\/schema.org","@graph":[{"@type":"Article","@id":"https:\/\/www.laguiadepamplona.com\/actualidad\/el-festival-de-las-murallas-no-se-va-de-puente-danzad-danzad-malditos-presenta-tres-propuestas-con-la-mujer-como-referente\/#article","isPartOf":{"@id":"https:\/\/www.laguiadepamplona.com\/actualidad\/el-festival-de-las-murallas-no-se-va-de-puente-danzad-danzad-malditos-presenta-tres-propuestas-con-la-mujer-como-referente\/"},"author":{"name":"La Gu\u00eda de Pamplona","@id":"https:\/\/www.laguiadepamplona.com\/actualidad\/#\/schema\/person\/efe887376f0213d4657c93adc50b1fdb"},"headline":"El Festival de las Murallas no se va de puente: \u2018Danzad, danzad, malditos\u2019 presenta tres propuestas con la mujer como referente","datePublished":"2022-08-12T10:52:35+00:00","dateModified":"2023-04-11T09:47:54+00:00","mainEntityOfPage":{"@id":"https:\/\/www.laguiadepamplona.com\/actualidad\/el-festival-de-las-murallas-no-se-va-de-puente-danzad-danzad-malditos-presenta-tres-propuestas-con-la-mujer-como-referente\/"},"wordCount":743,"commentCount":0,"publisher":{"@id":"https:\/\/www.laguiadepamplona.com\/actualidad\/#organization"},"image":{"@id":"https:\/\/www.laguiadepamplona.com\/actualidad\/el-festival-de-las-murallas-no-se-va-de-puente-danzad-danzad-malditos-presenta-tres-propuestas-con-la-mujer-como-referente\/#primaryimage"},"thumbnailUrl":"https:\/\/www.laguiadepamplona.com\/actualidad\/wp-content\/uploads\/2022\/08\/35elelei.webp","articleSection":["Ayto Pamplona"],"inLanguage":"es","potentialAction":[{"@type":"CommentAction","name":"Comment","target":["https:\/\/www.laguiadepamplona.com\/actualidad\/el-festival-de-las-murallas-no-se-va-de-puente-danzad-danzad-malditos-presenta-tres-propuestas-con-la-mujer-como-referente\/#respond"]}]},{"@type":"WebPage","@id":"https:\/\/www.laguiadepamplona.com\/actualidad\/el-festival-de-las-murallas-no-se-va-de-puente-danzad-danzad-malditos-presenta-tres-propuestas-con-la-mujer-como-referente\/","url":"https:\/\/www.laguiadepamplona.com\/actualidad\/el-festival-de-las-murallas-no-se-va-de-puente-danzad-danzad-malditos-presenta-tres-propuestas-con-la-mujer-como-referente\/","name":"El Festival de las Murallas no se va de puente: \u2018Danzad, danzad, malditos\u2019 presenta tres propuestas con la mujer como referente","isPartOf":{"@id":"https:\/\/www.laguiadepamplona.com\/actualidad\/#website"},"primaryImageOfPage":{"@id":"https:\/\/www.laguiadepamplona.com\/actualidad\/el-festival-de-las-murallas-no-se-va-de-puente-danzad-danzad-malditos-presenta-tres-propuestas-con-la-mujer-como-referente\/#primaryimage"},"image":{"@id":"https:\/\/www.laguiadepamplona.com\/actualidad\/el-festival-de-las-murallas-no-se-va-de-puente-danzad-danzad-malditos-presenta-tres-propuestas-con-la-mujer-como-referente\/#primaryimage"},"thumbnailUrl":"https:\/\/www.laguiadepamplona.com\/actualidad\/wp-content\/uploads\/2022\/08\/35elelei.webp","datePublished":"2022-08-12T10:52:35+00:00","dateModified":"2023-04-11T09:47:54+00:00","description":"\u2018Danzad, danzad, malditos\u2019, adem\u00e1s, modifica su recorrido: \u2018Fuga\u2019 tendr\u00e1 lugar en el Jito Alai y \u2018Oblivion\u2019 en el Caballo Blanco","breadcrumb":{"@id":"https:\/\/www.laguiadepamplona.com\/actualidad\/el-festival-de-las-murallas-no-se-va-de-puente-danzad-danzad-malditos-presenta-tres-propuestas-con-la-mujer-como-referente\/#breadcrumb"},"inLanguage":"es","potentialAction":[{"@type":"ReadAction","target":["https:\/\/www.laguiadepamplona.com\/actualidad\/el-festival-de-las-murallas-no-se-va-de-puente-danzad-danzad-malditos-presenta-tres-propuestas-con-la-mujer-como-referente\/"]}]},{"@type":"ImageObject","inLanguage":"es","@id":"https:\/\/www.laguiadepamplona.com\/actualidad\/el-festival-de-las-murallas-no-se-va-de-puente-danzad-danzad-malditos-presenta-tres-propuestas-con-la-mujer-como-referente\/#primaryimage","url":"https:\/\/www.laguiadepamplona.com\/actualidad\/wp-content\/uploads\/2022\/08\/35elelei.webp","contentUrl":"https:\/\/www.laguiadepamplona.com\/actualidad\/wp-content\/uploads\/2022\/08\/35elelei.webp","width":1920,"height":1520,"caption":"danzad"},{"@type":"BreadcrumbList","@id":"https:\/\/www.laguiadepamplona.com\/actualidad\/el-festival-de-las-murallas-no-se-va-de-puente-danzad-danzad-malditos-presenta-tres-propuestas-con-la-mujer-como-referente\/#breadcrumb","itemListElement":[{"@type":"ListItem","position":1,"name":"Portada","item":"https:\/\/www.laguiadepamplona.com\/actualidad\/"},{"@type":"ListItem","position":2,"name":"El Festival de las Murallas no se va de puente: \u2018Danzad, danzad, malditos\u2019 presenta tres propuestas con la mujer como referente"}]},{"@type":"WebSite","@id":"https:\/\/www.laguiadepamplona.com\/actualidad\/#website","url":"https:\/\/www.laguiadepamplona.com\/actualidad\/","name":"La gu\u00eda de Pamplona","description":"Noticias de Pamplona","publisher":{"@id":"https:\/\/www.laguiadepamplona.com\/actualidad\/#organization"},"potentialAction":[{"@type":"SearchAction","target":{"@type":"EntryPoint","urlTemplate":"https:\/\/www.laguiadepamplona.com\/actualidad\/?s={search_term_string}"},"query-input":{"@type":"PropertyValueSpecification","valueRequired":true,"valueName":"search_term_string"}}],"inLanguage":"es"},{"@type":"Organization","@id":"https:\/\/www.laguiadepamplona.com\/actualidad\/#organization","name":"La Gu\u00eda de Pamplona \/ Noticias","url":"https:\/\/www.laguiadepamplona.com\/actualidad\/","logo":{"@type":"ImageObject","inLanguage":"es","@id":"https:\/\/www.laguiadepamplona.com\/actualidad\/#\/schema\/logo\/image\/","url":"https:\/\/www.laguiadepamplona.com\/actualidad\/wp-content\/uploads\/2018\/11\/logo-laguiadepamplona18-web1.png","contentUrl":"https:\/\/www.laguiadepamplona.com\/actualidad\/wp-content\/uploads\/2018\/11\/logo-laguiadepamplona18-web1.png","width":600,"height":196,"caption":"La Gu\u00eda de Pamplona \/ Noticias"},"image":{"@id":"https:\/\/www.laguiadepamplona.com\/actualidad\/#\/schema\/logo\/image\/"},"sameAs":["https:\/\/www.facebook.com\/laguiadepamplonacom-133175176762273\/?ref=hl","https:\/\/x.com\/LaGuiadPamplona","https:\/\/www.instagram.com\/la_guia_de_pamplona\/","https:\/\/www.youtube.com\/user\/laguiadepamplona"]},{"@type":"Person","@id":"https:\/\/www.laguiadepamplona.com\/actualidad\/#\/schema\/person\/efe887376f0213d4657c93adc50b1fdb","name":"La Gu\u00eda de Pamplona","image":{"@type":"ImageObject","inLanguage":"es","@id":"https:\/\/secure.gravatar.com\/avatar\/b6992f131dc8d30ab0dff15446e9d346d9dbd95992de0fef795073f5ea83a81c?s=96&d=mm&r=g","url":"https:\/\/secure.gravatar.com\/avatar\/b6992f131dc8d30ab0dff15446e9d346d9dbd95992de0fef795073f5ea83a81c?s=96&d=mm&r=g","contentUrl":"https:\/\/secure.gravatar.com\/avatar\/b6992f131dc8d30ab0dff15446e9d346d9dbd95992de0fef795073f5ea83a81c?s=96&d=mm&r=g","caption":"La Gu\u00eda de Pamplona"}}]}},"post_mailing_queue_ids":[],"_links":{"self":[{"href":"https:\/\/www.laguiadepamplona.com\/actualidad\/wp-json\/wp\/v2\/posts\/41321","targetHints":{"allow":["GET"]}}],"collection":[{"href":"https:\/\/www.laguiadepamplona.com\/actualidad\/wp-json\/wp\/v2\/posts"}],"about":[{"href":"https:\/\/www.laguiadepamplona.com\/actualidad\/wp-json\/wp\/v2\/types\/post"}],"author":[{"embeddable":true,"href":"https:\/\/www.laguiadepamplona.com\/actualidad\/wp-json\/wp\/v2\/users\/1"}],"replies":[{"embeddable":true,"href":"https:\/\/www.laguiadepamplona.com\/actualidad\/wp-json\/wp\/v2\/comments?post=41321"}],"version-history":[{"count":0,"href":"https:\/\/www.laguiadepamplona.com\/actualidad\/wp-json\/wp\/v2\/posts\/41321\/revisions"}],"wp:featuredmedia":[{"embeddable":true,"href":"https:\/\/www.laguiadepamplona.com\/actualidad\/wp-json\/wp\/v2\/media\/41322"}],"wp:attachment":[{"href":"https:\/\/www.laguiadepamplona.com\/actualidad\/wp-json\/wp\/v2\/media?parent=41321"}],"wp:term":[{"taxonomy":"category","embeddable":true,"href":"https:\/\/www.laguiadepamplona.com\/actualidad\/wp-json\/wp\/v2\/categories?post=41321"},{"taxonomy":"post_tag","embeddable":true,"href":"https:\/\/www.laguiadepamplona.com\/actualidad\/wp-json\/wp\/v2\/tags?post=41321"}],"curies":[{"name":"wp","href":"https:\/\/api.w.org\/{rel}","templated":true}]}}