{"id":41318,"date":"2022-08-12T12:50:18","date_gmt":"2022-08-12T10:50:18","guid":{"rendered":"https:\/\/www.laguiadepamplona.com\/actualidad\/?p=41318"},"modified":"2023-04-11T11:47:54","modified_gmt":"2023-04-11T09:47:54","slug":"dos-actividades-fisicas-y-dos-talleres-actividades-de-cada-dia-un-plan-para-las-tardes-de-la-semana-que-viene-en-la-casa-de-la-juventud","status":"publish","type":"post","link":"https:\/\/www.laguiadepamplona.com\/actualidad\/dos-actividades-fisicas-y-dos-talleres-actividades-de-cada-dia-un-plan-para-las-tardes-de-la-semana-que-viene-en-la-casa-de-la-juventud\/","title":{"rendered":"Dos actividades f\u00edsicas y dos talleres, actividades de Cada d\u00eda un Plan para las tardes de la semana que viene en la Casa de la Juventud"},"content":{"rendered":"<h5>Comercial Dance, teatro y Core+estiramientos en euskera y trucos para la mejora de <em>selfies<\/em>, las propuestas del programa del 16 al 19 de agosto<\/h5>\n<p><!--more--><\/p>\n<p>Contin\u00faa la semana que viene el programa \u2018Cada d\u00eda un plan\u2019 en la casa de la Juventud: de martes 16 a viernes 19 de agosto, la propuesta es una masterclass de Comercial Dance, un taller de teatro, una actividad deportiva de <em>Core<\/em>+estiramientos (las dos \u00faltimas en euskera) y el viernes un taller de Trucos para mejorar los <em>selfies<\/em> con el m\u00f3vil. Como todas las propuestas del programa, est\u00e1n dise\u00f1adas para j\u00f3venes de 14 a 30 a\u00f1os, tendr\u00e1n lugar de 19 a 20.30 horas en las instalaciones de la Casa y son gratuitas. Quienes est\u00e1n interesados pueden acudir a la calle Sang\u00fcesa 30 a la hora indicada, ya que no es necesaria la inscripci\u00f3n previa.<\/p>\n<p>Este programa municipal est\u00e1 ofreciendo por sexto verano consecutivo ocio inclusivo de contenidos variados y se extienda a los diferentes gustos e inquietudes de la juventud. As\u00ed pues, incluye actividades de manualidades, baile, deporte o de desarrollo personal, muchas de las cuales configuran la oferta estable de cursos de la casa durante el resto del a\u00f1o.<br \/>\n<script async src=\"\/\/pagead2.googlesyndication.com\/pagead\/js\/adsbygoogle.js\"><\/script><br \/>\n<!-- Noticias La Guia de Pamplona --><br \/>\n<ins class=\"adsbygoogle\"\nstyle=\"display:block\"\ndata-ad-client=\"ca-pub-6943679897239327\"\ndata-ad-slot=\"7048180777\"\ndata-ad-format=\"auto\"><\/ins><br \/>\n<script>\n(adsbygoogle = window.adsbygoogle || []).push({});\n<\/script><\/p>\n<p><strong>Baile y actividad f\u00edsica: martes y jueves<\/strong><\/p>\n<p>Abel Silva, este martes 16 volver\u00e1 a impartir otra masterclass de danza, en concreto Comercial Dance, una modalidad ecl\u00e9ctica de coreograf\u00edas creadas para artistas pop. En este tipo de baile el enfoque est\u00e1 puesto en la actitud de sus protagonistas que pueden incorporar movimientos de: modern-jazz, danzas latinas y muchos del New Style Hip hop, etc., dependiendo de la emoci\u00f3n que se quiera transmitir.<\/p>\n<p>Y el jueves 18 de agosto vuelve una actividad que permite mantenerse en forma este verano. tres actividades deportivas para mantenerse en forma durante el verano, en este caso una sesi\u00f3n de Core+estiramientos. La actividad se desarrollar\u00e1 en euskera y estar\u00e1 impartida Joanes Sagarzazu, graduado en Ciencias de la Actividad F\u00edsica y del Deporte, monitor deportivo, entrenador personal y, monitor de musculaci\u00f3n y fitness. La idea es trabajar la parte central del tronco: abdominales, lumbares, pelvis, gl\u00fateos y la musculatura profunda de la columna, para finalizar con unos estiramientos de todo el cuerpo.<br \/>\n<script async src=\"\/\/pagead2.googlesyndication.com\/pagead\/js\/adsbygoogle.js\"><\/script><br \/>\n<!-- Noticias La Guia de Pamplona --><br \/>\n<ins class=\"adsbygoogle\"\nstyle=\"display:block\"\ndata-ad-client=\"ca-pub-6943679897239327\"\ndata-ad-slot=\"7048180777\"\ndata-ad-format=\"auto\"><\/ins><br \/>\n<script>\n(adsbygoogle = window.adsbygoogle || []).push({});\n<\/script><\/p>\n<p><strong>Teatro y \u201cmaqueo\u201d del selfies<\/strong><\/p>\n<p>Las tardes de mi\u00e9rcoles 17 y viernes 19 se dedicar\u00e1n a sendos talleres de teatro (en euskera) y de trucos para mejorar los <em>selfies<\/em> con el m\u00f3vil, respectivamente. En el primero Xabier Flamarique y Jaione Urtasun, que actualmente compaginan la actuaci\u00f3n con la ense\u00f1anza y que tienen en su haber una amplia experiencia en el mundo de la interpretaci\u00f3n, buscar\u00e1n favorecer la espontaneidad y a incentivar la creatividad e imaginaci\u00f3n de las personas que acudan, desarrollando habilidades y destrezas verbales y gestuales, utilizando el teatro como una herramienta educativa y como un medio para expresarse.<\/p>\n<p>En el segundo Mikel Tolosana, titulado en sistemas de telecomunicaci\u00f3n e inform\u00e1ticos, y con una experiencia profesional de m\u00e1s de diecisiete a\u00f1os en el mundo de la imagen, ayudar\u00e1 a las quienes participen a mejorar el manejo de sus dispositivos m\u00f3viles en lo tocante a un tipo de fotograf\u00eda que ya tiene categor\u00eda propia: los <em>selfies<\/em>. Cada vez se extiende m\u00e1s el uso de la c\u00e1mara de los smartphones como sustitutivo de las c\u00e1maras tradicionales, especialmente en el \u00e1mbito de las redes sociales. El taller busca ayudar a obtener la calidad deseada en este tipo de retrato mediante sencillos trucos y reglas.<\/p>\n","protected":false},"excerpt":{"rendered":"<p>Comercial Dance, teatro y Core+estiramientos en euskera y trucos para la mejora de selfies, las propuestas del programa del 16 al 19 de agosto<\/p>\n","protected":false},"author":1,"featured_media":41319,"comment_status":"open","ping_status":"closed","sticky":false,"template":"","format":"standard","meta":{"footnotes":""},"categories":[2],"tags":[],"class_list":["post-41318","post","type-post","status-publish","format-standard","has-post-thumbnail","hentry","category-ayuntamiento-pamplona"],"yoast_head":"<!-- This site is optimized with the Yoast SEO plugin v27.3 - https:\/\/yoast.com\/product\/yoast-seo-wordpress\/ -->\n<title>Dos actividades f\u00edsicas y dos talleres, actividades de Cada d\u00eda un Plan para las tardes de la semana que viene en la Casa de la Juventud<\/title>\n<meta name=\"description\" content=\"Comercial Dance, teatro y Core+estiramientos en euskera y trucos para la mejora de selfies, las propuestas del programa del 16 al 19 de agosto\" \/>\n<meta name=\"robots\" content=\"index, follow, max-snippet:-1, max-image-preview:large, max-video-preview:-1\" \/>\n<link rel=\"canonical\" href=\"https:\/\/www.laguiadepamplona.com\/actualidad\/dos-actividades-fisicas-y-dos-talleres-actividades-de-cada-dia-un-plan-para-las-tardes-de-la-semana-que-viene-en-la-casa-de-la-juventud\/\" \/>\n<meta property=\"og:locale\" content=\"es_ES\" \/>\n<meta property=\"og:type\" content=\"article\" \/>\n<meta property=\"og:title\" content=\"Dos actividades f\u00edsicas y dos talleres, actividades de Cada d\u00eda un Plan para las tardes de la semana que viene en la Casa de la Juventud\" \/>\n<meta property=\"og:description\" content=\"Comercial Dance, teatro y Core+estiramientos en euskera y trucos para la mejora de selfies, las propuestas del programa del 16 al 19 de agosto\" \/>\n<meta property=\"og:url\" content=\"https:\/\/www.laguiadepamplona.com\/actualidad\/dos-actividades-fisicas-y-dos-talleres-actividades-de-cada-dia-un-plan-para-las-tardes-de-la-semana-que-viene-en-la-casa-de-la-juventud\/\" \/>\n<meta property=\"og:site_name\" content=\"La Gu\u00eda de Pamplona\" \/>\n<meta property=\"article:publisher\" content=\"https:\/\/www.facebook.com\/laguiadepamplonacom-133175176762273\/?ref=hl\" \/>\n<meta property=\"article:published_time\" content=\"2022-08-12T10:50:18+00:00\" \/>\n<meta property=\"article:modified_time\" content=\"2023-04-11T09:47:54+00:00\" \/>\n<meta property=\"og:image\" content=\"https:\/\/www.laguiadepamplona.com\/actualidad\/wp-content\/uploads\/2022\/08\/BAILE-CASA-JUVENTUD_EE5A2585.webp\" \/>\n\t<meta property=\"og:image:width\" content=\"1920\" \/>\n\t<meta property=\"og:image:height\" content=\"1280\" \/>\n\t<meta property=\"og:image:type\" content=\"image\/webp\" \/>\n<meta name=\"author\" content=\"La Gu\u00eda de Pamplona\" \/>\n<meta name=\"twitter:card\" content=\"summary_large_image\" \/>\n<meta name=\"twitter:creator\" content=\"@LaGuiadPamplona\" \/>\n<meta name=\"twitter:site\" content=\"@LaGuiadPamplona\" \/>\n<meta name=\"twitter:label1\" content=\"Escrito por\" \/>\n\t<meta name=\"twitter:data1\" content=\"La Gu\u00eda de Pamplona\" \/>\n\t<meta name=\"twitter:label2\" content=\"Tiempo de lectura\" \/>\n\t<meta name=\"twitter:data2\" content=\"3 minutos\" \/>\n<script type=\"application\/ld+json\" class=\"yoast-schema-graph\">{\"@context\":\"https:\\\/\\\/schema.org\",\"@graph\":[{\"@type\":\"Article\",\"@id\":\"https:\\\/\\\/www.laguiadepamplona.com\\\/actualidad\\\/dos-actividades-fisicas-y-dos-talleres-actividades-de-cada-dia-un-plan-para-las-tardes-de-la-semana-que-viene-en-la-casa-de-la-juventud\\\/#article\",\"isPartOf\":{\"@id\":\"https:\\\/\\\/www.laguiadepamplona.com\\\/actualidad\\\/dos-actividades-fisicas-y-dos-talleres-actividades-de-cada-dia-un-plan-para-las-tardes-de-la-semana-que-viene-en-la-casa-de-la-juventud\\\/\"},\"author\":{\"name\":\"La Gu\u00eda de Pamplona\",\"@id\":\"https:\\\/\\\/www.laguiadepamplona.com\\\/actualidad\\\/#\\\/schema\\\/person\\\/efe887376f0213d4657c93adc50b1fdb\"},\"headline\":\"Dos actividades f\u00edsicas y dos talleres, actividades de Cada d\u00eda un Plan para las tardes de la semana que viene en la Casa de la Juventud\",\"datePublished\":\"2022-08-12T10:50:18+00:00\",\"dateModified\":\"2023-04-11T09:47:54+00:00\",\"mainEntityOfPage\":{\"@id\":\"https:\\\/\\\/www.laguiadepamplona.com\\\/actualidad\\\/dos-actividades-fisicas-y-dos-talleres-actividades-de-cada-dia-un-plan-para-las-tardes-de-la-semana-que-viene-en-la-casa-de-la-juventud\\\/\"},\"wordCount\":616,\"commentCount\":0,\"publisher\":{\"@id\":\"https:\\\/\\\/www.laguiadepamplona.com\\\/actualidad\\\/#organization\"},\"image\":{\"@id\":\"https:\\\/\\\/www.laguiadepamplona.com\\\/actualidad\\\/dos-actividades-fisicas-y-dos-talleres-actividades-de-cada-dia-un-plan-para-las-tardes-de-la-semana-que-viene-en-la-casa-de-la-juventud\\\/#primaryimage\"},\"thumbnailUrl\":\"https:\\\/\\\/www.laguiadepamplona.com\\\/actualidad\\\/wp-content\\\/uploads\\\/2022\\\/08\\\/BAILE-CASA-JUVENTUD_EE5A2585.webp\",\"articleSection\":[\"Ayto Pamplona\"],\"inLanguage\":\"es\",\"potentialAction\":[{\"@type\":\"CommentAction\",\"name\":\"Comment\",\"target\":[\"https:\\\/\\\/www.laguiadepamplona.com\\\/actualidad\\\/dos-actividades-fisicas-y-dos-talleres-actividades-de-cada-dia-un-plan-para-las-tardes-de-la-semana-que-viene-en-la-casa-de-la-juventud\\\/#respond\"]}]},{\"@type\":\"WebPage\",\"@id\":\"https:\\\/\\\/www.laguiadepamplona.com\\\/actualidad\\\/dos-actividades-fisicas-y-dos-talleres-actividades-de-cada-dia-un-plan-para-las-tardes-de-la-semana-que-viene-en-la-casa-de-la-juventud\\\/\",\"url\":\"https:\\\/\\\/www.laguiadepamplona.com\\\/actualidad\\\/dos-actividades-fisicas-y-dos-talleres-actividades-de-cada-dia-un-plan-para-las-tardes-de-la-semana-que-viene-en-la-casa-de-la-juventud\\\/\",\"name\":\"Dos actividades f\u00edsicas y dos talleres, actividades de Cada d\u00eda un Plan para las tardes de la semana que viene en la Casa de la Juventud\",\"isPartOf\":{\"@id\":\"https:\\\/\\\/www.laguiadepamplona.com\\\/actualidad\\\/#website\"},\"primaryImageOfPage\":{\"@id\":\"https:\\\/\\\/www.laguiadepamplona.com\\\/actualidad\\\/dos-actividades-fisicas-y-dos-talleres-actividades-de-cada-dia-un-plan-para-las-tardes-de-la-semana-que-viene-en-la-casa-de-la-juventud\\\/#primaryimage\"},\"image\":{\"@id\":\"https:\\\/\\\/www.laguiadepamplona.com\\\/actualidad\\\/dos-actividades-fisicas-y-dos-talleres-actividades-de-cada-dia-un-plan-para-las-tardes-de-la-semana-que-viene-en-la-casa-de-la-juventud\\\/#primaryimage\"},\"thumbnailUrl\":\"https:\\\/\\\/www.laguiadepamplona.com\\\/actualidad\\\/wp-content\\\/uploads\\\/2022\\\/08\\\/BAILE-CASA-JUVENTUD_EE5A2585.webp\",\"datePublished\":\"2022-08-12T10:50:18+00:00\",\"dateModified\":\"2023-04-11T09:47:54+00:00\",\"description\":\"Comercial Dance, teatro y Core+estiramientos en euskera y trucos para la mejora de selfies, las propuestas del programa del 16 al 19 de agosto\",\"breadcrumb\":{\"@id\":\"https:\\\/\\\/www.laguiadepamplona.com\\\/actualidad\\\/dos-actividades-fisicas-y-dos-talleres-actividades-de-cada-dia-un-plan-para-las-tardes-de-la-semana-que-viene-en-la-casa-de-la-juventud\\\/#breadcrumb\"},\"inLanguage\":\"es\",\"potentialAction\":[{\"@type\":\"ReadAction\",\"target\":[\"https:\\\/\\\/www.laguiadepamplona.com\\\/actualidad\\\/dos-actividades-fisicas-y-dos-talleres-actividades-de-cada-dia-un-plan-para-las-tardes-de-la-semana-que-viene-en-la-casa-de-la-juventud\\\/\"]}]},{\"@type\":\"ImageObject\",\"inLanguage\":\"es\",\"@id\":\"https:\\\/\\\/www.laguiadepamplona.com\\\/actualidad\\\/dos-actividades-fisicas-y-dos-talleres-actividades-de-cada-dia-un-plan-para-las-tardes-de-la-semana-que-viene-en-la-casa-de-la-juventud\\\/#primaryimage\",\"url\":\"https:\\\/\\\/www.laguiadepamplona.com\\\/actualidad\\\/wp-content\\\/uploads\\\/2022\\\/08\\\/BAILE-CASA-JUVENTUD_EE5A2585.webp\",\"contentUrl\":\"https:\\\/\\\/www.laguiadepamplona.com\\\/actualidad\\\/wp-content\\\/uploads\\\/2022\\\/08\\\/BAILE-CASA-JUVENTUD_EE5A2585.webp\",\"width\":1920,\"height\":1280},{\"@type\":\"BreadcrumbList\",\"@id\":\"https:\\\/\\\/www.laguiadepamplona.com\\\/actualidad\\\/dos-actividades-fisicas-y-dos-talleres-actividades-de-cada-dia-un-plan-para-las-tardes-de-la-semana-que-viene-en-la-casa-de-la-juventud\\\/#breadcrumb\",\"itemListElement\":[{\"@type\":\"ListItem\",\"position\":1,\"name\":\"Portada\",\"item\":\"https:\\\/\\\/www.laguiadepamplona.com\\\/actualidad\\\/\"},{\"@type\":\"ListItem\",\"position\":2,\"name\":\"Dos actividades f\u00edsicas y dos talleres, actividades de Cada d\u00eda un Plan para las tardes de la semana que viene en la Casa de la Juventud\"}]},{\"@type\":\"WebSite\",\"@id\":\"https:\\\/\\\/www.laguiadepamplona.com\\\/actualidad\\\/#website\",\"url\":\"https:\\\/\\\/www.laguiadepamplona.com\\\/actualidad\\\/\",\"name\":\"La gu\u00eda de Pamplona\",\"description\":\"Noticias de Pamplona\",\"publisher\":{\"@id\":\"https:\\\/\\\/www.laguiadepamplona.com\\\/actualidad\\\/#organization\"},\"potentialAction\":[{\"@type\":\"SearchAction\",\"target\":{\"@type\":\"EntryPoint\",\"urlTemplate\":\"https:\\\/\\\/www.laguiadepamplona.com\\\/actualidad\\\/?s={search_term_string}\"},\"query-input\":{\"@type\":\"PropertyValueSpecification\",\"valueRequired\":true,\"valueName\":\"search_term_string\"}}],\"inLanguage\":\"es\"},{\"@type\":\"Organization\",\"@id\":\"https:\\\/\\\/www.laguiadepamplona.com\\\/actualidad\\\/#organization\",\"name\":\"La Gu\u00eda de Pamplona \\\/ Noticias\",\"url\":\"https:\\\/\\\/www.laguiadepamplona.com\\\/actualidad\\\/\",\"logo\":{\"@type\":\"ImageObject\",\"inLanguage\":\"es\",\"@id\":\"https:\\\/\\\/www.laguiadepamplona.com\\\/actualidad\\\/#\\\/schema\\\/logo\\\/image\\\/\",\"url\":\"https:\\\/\\\/www.laguiadepamplona.com\\\/actualidad\\\/wp-content\\\/uploads\\\/2018\\\/11\\\/logo-laguiadepamplona18-web1.png\",\"contentUrl\":\"https:\\\/\\\/www.laguiadepamplona.com\\\/actualidad\\\/wp-content\\\/uploads\\\/2018\\\/11\\\/logo-laguiadepamplona18-web1.png\",\"width\":600,\"height\":196,\"caption\":\"La Gu\u00eda de Pamplona \\\/ Noticias\"},\"image\":{\"@id\":\"https:\\\/\\\/www.laguiadepamplona.com\\\/actualidad\\\/#\\\/schema\\\/logo\\\/image\\\/\"},\"sameAs\":[\"https:\\\/\\\/www.facebook.com\\\/laguiadepamplonacom-133175176762273\\\/?ref=hl\",\"https:\\\/\\\/x.com\\\/LaGuiadPamplona\",\"https:\\\/\\\/www.instagram.com\\\/la_guia_de_pamplona\\\/\",\"https:\\\/\\\/www.youtube.com\\\/user\\\/laguiadepamplona\"]},{\"@type\":\"Person\",\"@id\":\"https:\\\/\\\/www.laguiadepamplona.com\\\/actualidad\\\/#\\\/schema\\\/person\\\/efe887376f0213d4657c93adc50b1fdb\",\"name\":\"La Gu\u00eda de Pamplona\",\"image\":{\"@type\":\"ImageObject\",\"inLanguage\":\"es\",\"@id\":\"https:\\\/\\\/secure.gravatar.com\\\/avatar\\\/b6992f131dc8d30ab0dff15446e9d346d9dbd95992de0fef795073f5ea83a81c?s=96&d=mm&r=g\",\"url\":\"https:\\\/\\\/secure.gravatar.com\\\/avatar\\\/b6992f131dc8d30ab0dff15446e9d346d9dbd95992de0fef795073f5ea83a81c?s=96&d=mm&r=g\",\"contentUrl\":\"https:\\\/\\\/secure.gravatar.com\\\/avatar\\\/b6992f131dc8d30ab0dff15446e9d346d9dbd95992de0fef795073f5ea83a81c?s=96&d=mm&r=g\",\"caption\":\"La Gu\u00eda de Pamplona\"}}]}<\/script>\n<!-- \/ Yoast SEO plugin. -->","yoast_head_json":{"title":"Dos actividades f\u00edsicas y dos talleres, actividades de Cada d\u00eda un Plan para las tardes de la semana que viene en la Casa de la Juventud","description":"Comercial Dance, teatro y Core+estiramientos en euskera y trucos para la mejora de selfies, las propuestas del programa del 16 al 19 de agosto","robots":{"index":"index","follow":"follow","max-snippet":"max-snippet:-1","max-image-preview":"max-image-preview:large","max-video-preview":"max-video-preview:-1"},"canonical":"https:\/\/www.laguiadepamplona.com\/actualidad\/dos-actividades-fisicas-y-dos-talleres-actividades-de-cada-dia-un-plan-para-las-tardes-de-la-semana-que-viene-en-la-casa-de-la-juventud\/","og_locale":"es_ES","og_type":"article","og_title":"Dos actividades f\u00edsicas y dos talleres, actividades de Cada d\u00eda un Plan para las tardes de la semana que viene en la Casa de la Juventud","og_description":"Comercial Dance, teatro y Core+estiramientos en euskera y trucos para la mejora de selfies, las propuestas del programa del 16 al 19 de agosto","og_url":"https:\/\/www.laguiadepamplona.com\/actualidad\/dos-actividades-fisicas-y-dos-talleres-actividades-de-cada-dia-un-plan-para-las-tardes-de-la-semana-que-viene-en-la-casa-de-la-juventud\/","og_site_name":"La Gu\u00eda de Pamplona","article_publisher":"https:\/\/www.facebook.com\/laguiadepamplonacom-133175176762273\/?ref=hl","article_published_time":"2022-08-12T10:50:18+00:00","article_modified_time":"2023-04-11T09:47:54+00:00","og_image":[{"width":1920,"height":1280,"url":"https:\/\/www.laguiadepamplona.com\/actualidad\/wp-content\/uploads\/2022\/08\/BAILE-CASA-JUVENTUD_EE5A2585.webp","type":"image\/webp"}],"author":"La Gu\u00eda de Pamplona","twitter_card":"summary_large_image","twitter_creator":"@LaGuiadPamplona","twitter_site":"@LaGuiadPamplona","twitter_misc":{"Escrito por":"La Gu\u00eda de Pamplona","Tiempo de lectura":"3 minutos"},"schema":{"@context":"https:\/\/schema.org","@graph":[{"@type":"Article","@id":"https:\/\/www.laguiadepamplona.com\/actualidad\/dos-actividades-fisicas-y-dos-talleres-actividades-de-cada-dia-un-plan-para-las-tardes-de-la-semana-que-viene-en-la-casa-de-la-juventud\/#article","isPartOf":{"@id":"https:\/\/www.laguiadepamplona.com\/actualidad\/dos-actividades-fisicas-y-dos-talleres-actividades-de-cada-dia-un-plan-para-las-tardes-de-la-semana-que-viene-en-la-casa-de-la-juventud\/"},"author":{"name":"La Gu\u00eda de Pamplona","@id":"https:\/\/www.laguiadepamplona.com\/actualidad\/#\/schema\/person\/efe887376f0213d4657c93adc50b1fdb"},"headline":"Dos actividades f\u00edsicas y dos talleres, actividades de Cada d\u00eda un Plan para las tardes de la semana que viene en la Casa de la Juventud","datePublished":"2022-08-12T10:50:18+00:00","dateModified":"2023-04-11T09:47:54+00:00","mainEntityOfPage":{"@id":"https:\/\/www.laguiadepamplona.com\/actualidad\/dos-actividades-fisicas-y-dos-talleres-actividades-de-cada-dia-un-plan-para-las-tardes-de-la-semana-que-viene-en-la-casa-de-la-juventud\/"},"wordCount":616,"commentCount":0,"publisher":{"@id":"https:\/\/www.laguiadepamplona.com\/actualidad\/#organization"},"image":{"@id":"https:\/\/www.laguiadepamplona.com\/actualidad\/dos-actividades-fisicas-y-dos-talleres-actividades-de-cada-dia-un-plan-para-las-tardes-de-la-semana-que-viene-en-la-casa-de-la-juventud\/#primaryimage"},"thumbnailUrl":"https:\/\/www.laguiadepamplona.com\/actualidad\/wp-content\/uploads\/2022\/08\/BAILE-CASA-JUVENTUD_EE5A2585.webp","articleSection":["Ayto Pamplona"],"inLanguage":"es","potentialAction":[{"@type":"CommentAction","name":"Comment","target":["https:\/\/www.laguiadepamplona.com\/actualidad\/dos-actividades-fisicas-y-dos-talleres-actividades-de-cada-dia-un-plan-para-las-tardes-de-la-semana-que-viene-en-la-casa-de-la-juventud\/#respond"]}]},{"@type":"WebPage","@id":"https:\/\/www.laguiadepamplona.com\/actualidad\/dos-actividades-fisicas-y-dos-talleres-actividades-de-cada-dia-un-plan-para-las-tardes-de-la-semana-que-viene-en-la-casa-de-la-juventud\/","url":"https:\/\/www.laguiadepamplona.com\/actualidad\/dos-actividades-fisicas-y-dos-talleres-actividades-de-cada-dia-un-plan-para-las-tardes-de-la-semana-que-viene-en-la-casa-de-la-juventud\/","name":"Dos actividades f\u00edsicas y dos talleres, actividades de Cada d\u00eda un Plan para las tardes de la semana que viene en la Casa de la Juventud","isPartOf":{"@id":"https:\/\/www.laguiadepamplona.com\/actualidad\/#website"},"primaryImageOfPage":{"@id":"https:\/\/www.laguiadepamplona.com\/actualidad\/dos-actividades-fisicas-y-dos-talleres-actividades-de-cada-dia-un-plan-para-las-tardes-de-la-semana-que-viene-en-la-casa-de-la-juventud\/#primaryimage"},"image":{"@id":"https:\/\/www.laguiadepamplona.com\/actualidad\/dos-actividades-fisicas-y-dos-talleres-actividades-de-cada-dia-un-plan-para-las-tardes-de-la-semana-que-viene-en-la-casa-de-la-juventud\/#primaryimage"},"thumbnailUrl":"https:\/\/www.laguiadepamplona.com\/actualidad\/wp-content\/uploads\/2022\/08\/BAILE-CASA-JUVENTUD_EE5A2585.webp","datePublished":"2022-08-12T10:50:18+00:00","dateModified":"2023-04-11T09:47:54+00:00","description":"Comercial Dance, teatro y Core+estiramientos en euskera y trucos para la mejora de selfies, las propuestas del programa del 16 al 19 de agosto","breadcrumb":{"@id":"https:\/\/www.laguiadepamplona.com\/actualidad\/dos-actividades-fisicas-y-dos-talleres-actividades-de-cada-dia-un-plan-para-las-tardes-de-la-semana-que-viene-en-la-casa-de-la-juventud\/#breadcrumb"},"inLanguage":"es","potentialAction":[{"@type":"ReadAction","target":["https:\/\/www.laguiadepamplona.com\/actualidad\/dos-actividades-fisicas-y-dos-talleres-actividades-de-cada-dia-un-plan-para-las-tardes-de-la-semana-que-viene-en-la-casa-de-la-juventud\/"]}]},{"@type":"ImageObject","inLanguage":"es","@id":"https:\/\/www.laguiadepamplona.com\/actualidad\/dos-actividades-fisicas-y-dos-talleres-actividades-de-cada-dia-un-plan-para-las-tardes-de-la-semana-que-viene-en-la-casa-de-la-juventud\/#primaryimage","url":"https:\/\/www.laguiadepamplona.com\/actualidad\/wp-content\/uploads\/2022\/08\/BAILE-CASA-JUVENTUD_EE5A2585.webp","contentUrl":"https:\/\/www.laguiadepamplona.com\/actualidad\/wp-content\/uploads\/2022\/08\/BAILE-CASA-JUVENTUD_EE5A2585.webp","width":1920,"height":1280},{"@type":"BreadcrumbList","@id":"https:\/\/www.laguiadepamplona.com\/actualidad\/dos-actividades-fisicas-y-dos-talleres-actividades-de-cada-dia-un-plan-para-las-tardes-de-la-semana-que-viene-en-la-casa-de-la-juventud\/#breadcrumb","itemListElement":[{"@type":"ListItem","position":1,"name":"Portada","item":"https:\/\/www.laguiadepamplona.com\/actualidad\/"},{"@type":"ListItem","position":2,"name":"Dos actividades f\u00edsicas y dos talleres, actividades de Cada d\u00eda un Plan para las tardes de la semana que viene en la Casa de la Juventud"}]},{"@type":"WebSite","@id":"https:\/\/www.laguiadepamplona.com\/actualidad\/#website","url":"https:\/\/www.laguiadepamplona.com\/actualidad\/","name":"La gu\u00eda de Pamplona","description":"Noticias de Pamplona","publisher":{"@id":"https:\/\/www.laguiadepamplona.com\/actualidad\/#organization"},"potentialAction":[{"@type":"SearchAction","target":{"@type":"EntryPoint","urlTemplate":"https:\/\/www.laguiadepamplona.com\/actualidad\/?s={search_term_string}"},"query-input":{"@type":"PropertyValueSpecification","valueRequired":true,"valueName":"search_term_string"}}],"inLanguage":"es"},{"@type":"Organization","@id":"https:\/\/www.laguiadepamplona.com\/actualidad\/#organization","name":"La Gu\u00eda de Pamplona \/ Noticias","url":"https:\/\/www.laguiadepamplona.com\/actualidad\/","logo":{"@type":"ImageObject","inLanguage":"es","@id":"https:\/\/www.laguiadepamplona.com\/actualidad\/#\/schema\/logo\/image\/","url":"https:\/\/www.laguiadepamplona.com\/actualidad\/wp-content\/uploads\/2018\/11\/logo-laguiadepamplona18-web1.png","contentUrl":"https:\/\/www.laguiadepamplona.com\/actualidad\/wp-content\/uploads\/2018\/11\/logo-laguiadepamplona18-web1.png","width":600,"height":196,"caption":"La Gu\u00eda de Pamplona \/ Noticias"},"image":{"@id":"https:\/\/www.laguiadepamplona.com\/actualidad\/#\/schema\/logo\/image\/"},"sameAs":["https:\/\/www.facebook.com\/laguiadepamplonacom-133175176762273\/?ref=hl","https:\/\/x.com\/LaGuiadPamplona","https:\/\/www.instagram.com\/la_guia_de_pamplona\/","https:\/\/www.youtube.com\/user\/laguiadepamplona"]},{"@type":"Person","@id":"https:\/\/www.laguiadepamplona.com\/actualidad\/#\/schema\/person\/efe887376f0213d4657c93adc50b1fdb","name":"La Gu\u00eda de Pamplona","image":{"@type":"ImageObject","inLanguage":"es","@id":"https:\/\/secure.gravatar.com\/avatar\/b6992f131dc8d30ab0dff15446e9d346d9dbd95992de0fef795073f5ea83a81c?s=96&d=mm&r=g","url":"https:\/\/secure.gravatar.com\/avatar\/b6992f131dc8d30ab0dff15446e9d346d9dbd95992de0fef795073f5ea83a81c?s=96&d=mm&r=g","contentUrl":"https:\/\/secure.gravatar.com\/avatar\/b6992f131dc8d30ab0dff15446e9d346d9dbd95992de0fef795073f5ea83a81c?s=96&d=mm&r=g","caption":"La Gu\u00eda de Pamplona"}}]}},"post_mailing_queue_ids":[],"_links":{"self":[{"href":"https:\/\/www.laguiadepamplona.com\/actualidad\/wp-json\/wp\/v2\/posts\/41318","targetHints":{"allow":["GET"]}}],"collection":[{"href":"https:\/\/www.laguiadepamplona.com\/actualidad\/wp-json\/wp\/v2\/posts"}],"about":[{"href":"https:\/\/www.laguiadepamplona.com\/actualidad\/wp-json\/wp\/v2\/types\/post"}],"author":[{"embeddable":true,"href":"https:\/\/www.laguiadepamplona.com\/actualidad\/wp-json\/wp\/v2\/users\/1"}],"replies":[{"embeddable":true,"href":"https:\/\/www.laguiadepamplona.com\/actualidad\/wp-json\/wp\/v2\/comments?post=41318"}],"version-history":[{"count":0,"href":"https:\/\/www.laguiadepamplona.com\/actualidad\/wp-json\/wp\/v2\/posts\/41318\/revisions"}],"wp:featuredmedia":[{"embeddable":true,"href":"https:\/\/www.laguiadepamplona.com\/actualidad\/wp-json\/wp\/v2\/media\/41319"}],"wp:attachment":[{"href":"https:\/\/www.laguiadepamplona.com\/actualidad\/wp-json\/wp\/v2\/media?parent=41318"}],"wp:term":[{"taxonomy":"category","embeddable":true,"href":"https:\/\/www.laguiadepamplona.com\/actualidad\/wp-json\/wp\/v2\/categories?post=41318"},{"taxonomy":"post_tag","embeddable":true,"href":"https:\/\/www.laguiadepamplona.com\/actualidad\/wp-json\/wp\/v2\/tags?post=41318"}],"curies":[{"name":"wp","href":"https:\/\/api.w.org\/{rel}","templated":true}]}}