{"id":41312,"date":"2022-08-12T12:46:11","date_gmt":"2022-08-12T10:46:11","guid":{"rendered":"https:\/\/www.laguiadepamplona.com\/actualidad\/?p=41312"},"modified":"2023-04-11T11:47:54","modified_gmt":"2023-04-11T09:47:54","slug":"el-ayuntamiento-mejora-la-movilidad-en-el-entorno-del-sadar-y-de-la-upna-y-uned-con-un-nuevo-carril-bici","status":"publish","type":"post","link":"https:\/\/www.laguiadepamplona.com\/actualidad\/el-ayuntamiento-mejora-la-movilidad-en-el-entorno-del-sadar-y-de-la-upna-y-uned-con-un-nuevo-carril-bici\/","title":{"rendered":"El Ayuntamiento mejora la movilidad en el entorno del Sadar y de la UPNA y UNED con un nuevo carril bici"},"content":{"rendered":"<h5>Son 1,7 kil\u00f3metros de carril bidireccional segregado que conectan Milagrosa y Soto de Lezkairu con una zona de importantes equipamientos<\/h5>\n<p><!--more--><\/p>\n<p>A falta de la colocaci\u00f3n de alg\u00fan elemento de balizamiento y se\u00f1alizaci\u00f3n, ya est\u00e1 terminado el carril bici del entorno de la Universidad P\u00fablica de Navarra (UPNA). 1,7 kil\u00f3metros de trazado de carril bidireccional segregado que discurre por las calles Tajonar y Sadar y la avenida de Catalu\u00f1a, cuya ejecuci\u00f3n ha sido financiada con fondos Next Generation EU, dentro del Plan de Recuperaci\u00f3n, Transformaci\u00f3n y Resiliencia del Gobierno de Espa\u00f1a. Este carril ha supuesto la mejora de la conexi\u00f3n ciclista entre los barrios del Soto de Lezkairu y Milagrosa-Arrosad\u00eda y hacia las universidades p\u00fablicas y los importantes equipamientos ubicados al Sur de la ciudad. La incorporaci\u00f3n del carril en el viario ya existente, conllevado reordenaciones en el entorno urbano.<br \/>\n<script async src=\"\/\/pagead2.googlesyndication.com\/pagead\/js\/adsbygoogle.js\"><\/script><br \/>\n<!-- Noticias La Guia de Pamplona --><br \/>\n<ins class=\"adsbygoogle\"\nstyle=\"display:block\"\ndata-ad-client=\"ca-pub-6943679897239327\"\ndata-ad-slot=\"7048180777\"\ndata-ad-format=\"auto\"><\/ins><br \/>\n<script>\n(adsbygoogle = window.adsbygoogle || []).push({});\n<\/script><\/p>\n<p>En ese sentido se han realizado trabajos de pavimentaci\u00f3n y ampliaci\u00f3n de aceras, creaci\u00f3n de pasos peatonales y ciclistas, construcci\u00f3n de paradas avanzadas para las villavesas con una gran parada de 25 metros de longitud en el tramo de la avenida de Catalu\u00f1a y, en algunos tramos, reducci\u00f3n del ancho de la calzada destinada al tr\u00e1fico rodado.<\/p>\n<p>Esta nueva v\u00eda ciclable conecta Milagrosa con Soto de Lezkairu. Se inicia en la rotonda de la calle Tajonar con la avenida Catalu\u00f1a y llega hasta El Sario, donde conecta con el carril bici del tramo de la calle Sadar que transcurre por el Soto de Lezkairu, para despu\u00e9s encauzar el tramo de la calle Sadar que bordea el campus de Arrosad\u00eda y volver a tomar la avenida Catalu\u00f1a hasta la rotonda en la que confluyen la calle Pablo Anto\u00f1ana y Fernando Remacha. Previsiblemente esta nueva infraestructura, adem\u00e1s de forzar un calmado del tr\u00e1fico, tendr\u00e1 un importante uso, ya que el entorno del Sadar alberga espacios con grandes movimientos de personas: un extremo del campus de la Universidad P\u00fablica de Navarra, las instalaciones de la Universidad Nacional de Educaci\u00f3n a Distancia, el Pabell\u00f3n Reino Arena, el Polideportivo de la UPNA y el estadio de Osasuna. De hecho, esta tarde quienes se acerquen al primer partido de la temporada en el Sadar tendr\u00e1n la opci\u00f3n de hacerlo en bicicleta de forma f\u00e1cil y segura.<br \/>\n<script async src=\"\/\/pagead2.googlesyndication.com\/pagead\/js\/adsbygoogle.js\"><\/script><br \/>\n<!-- Noticias La Guia de Pamplona --><br \/>\n<ins class=\"adsbygoogle\"\nstyle=\"display:block\"\ndata-ad-client=\"ca-pub-6943679897239327\"\ndata-ad-slot=\"7048180777\"\ndata-ad-format=\"auto\"><\/ins><br \/>\n<script>\n(adsbygoogle = window.adsbygoogle || []).push({});\n<\/script><\/p>\n<p>Estas actuaciones se enmarcan en la estrategia Go Green Pamplona, que engloba las acciones que se desarrollan en la ciudad en materia de cambio clim\u00e1tico y transici\u00f3n energ\u00e9tica. El cambio hacia un modelo de movilidad m\u00e1s sostenible es parte del esfuerzo que est\u00e1 realizando Pamplona frente al cambio clim\u00e1tico.<\/p>\n","protected":false},"excerpt":{"rendered":"<p>Son 1,7 kil\u00f3metros de carril bidireccional segregado que conectan Milagrosa y Soto de Lezkairu con una zona de importantes equipamientos<\/p>\n","protected":false},"author":1,"featured_media":41313,"comment_status":"open","ping_status":"closed","sticky":false,"template":"","format":"standard","meta":{"footnotes":""},"categories":[2],"tags":[],"class_list":["post-41312","post","type-post","status-publish","format-standard","has-post-thumbnail","hentry","category-ayuntamiento-pamplona"],"yoast_head":"<!-- This site is optimized with the Yoast SEO plugin v27.3 - https:\/\/yoast.com\/product\/yoast-seo-wordpress\/ -->\n<title>El Ayuntamiento mejora la movilidad en el entorno del Sadar y de la UPNA y UNED con un nuevo carril bici<\/title>\n<meta name=\"description\" content=\"Son 1,7 kil\u00f3metros de carril bidireccional segregado que conectan Milagrosa y Soto de Lezkairu con una zona de importantes equipamientos\" \/>\n<meta name=\"robots\" content=\"index, follow, max-snippet:-1, max-image-preview:large, max-video-preview:-1\" \/>\n<link rel=\"canonical\" href=\"https:\/\/www.laguiadepamplona.com\/actualidad\/el-ayuntamiento-mejora-la-movilidad-en-el-entorno-del-sadar-y-de-la-upna-y-uned-con-un-nuevo-carril-bici\/\" \/>\n<meta property=\"og:locale\" content=\"es_ES\" \/>\n<meta property=\"og:type\" content=\"article\" \/>\n<meta property=\"og:title\" content=\"El Ayuntamiento mejora la movilidad en el entorno del Sadar y de la UPNA y UNED con un nuevo carril bici\" \/>\n<meta property=\"og:description\" content=\"Son 1,7 kil\u00f3metros de carril bidireccional segregado que conectan Milagrosa y Soto de Lezkairu con una zona de importantes equipamientos\" \/>\n<meta property=\"og:url\" content=\"https:\/\/www.laguiadepamplona.com\/actualidad\/el-ayuntamiento-mejora-la-movilidad-en-el-entorno-del-sadar-y-de-la-upna-y-uned-con-un-nuevo-carril-bici\/\" \/>\n<meta property=\"og:site_name\" content=\"La Gu\u00eda de Pamplona\" \/>\n<meta property=\"article:publisher\" content=\"https:\/\/www.facebook.com\/laguiadepamplonacom-133175176762273\/?ref=hl\" \/>\n<meta property=\"article:published_time\" content=\"2022-08-12T10:46:11+00:00\" \/>\n<meta property=\"article:modified_time\" content=\"2023-04-11T09:47:54+00:00\" \/>\n<meta property=\"og:image\" content=\"https:\/\/www.laguiadepamplona.com\/actualidad\/wp-content\/uploads\/2022\/08\/carrilbicisadaree5a5111.webp\" \/>\n\t<meta property=\"og:image:width\" content=\"1920\" \/>\n\t<meta property=\"og:image:height\" content=\"1280\" \/>\n\t<meta property=\"og:image:type\" content=\"image\/webp\" \/>\n<meta name=\"author\" content=\"La Gu\u00eda de Pamplona\" \/>\n<meta name=\"twitter:card\" content=\"summary_large_image\" \/>\n<meta name=\"twitter:creator\" content=\"@LaGuiadPamplona\" \/>\n<meta name=\"twitter:site\" content=\"@LaGuiadPamplona\" \/>\n<meta name=\"twitter:label1\" content=\"Escrito por\" \/>\n\t<meta name=\"twitter:data1\" content=\"La Gu\u00eda de Pamplona\" \/>\n\t<meta name=\"twitter:label2\" content=\"Tiempo de lectura\" \/>\n\t<meta name=\"twitter:data2\" content=\"2 minutos\" \/>\n<script type=\"application\/ld+json\" class=\"yoast-schema-graph\">{\"@context\":\"https:\\\/\\\/schema.org\",\"@graph\":[{\"@type\":\"Article\",\"@id\":\"https:\\\/\\\/www.laguiadepamplona.com\\\/actualidad\\\/el-ayuntamiento-mejora-la-movilidad-en-el-entorno-del-sadar-y-de-la-upna-y-uned-con-un-nuevo-carril-bici\\\/#article\",\"isPartOf\":{\"@id\":\"https:\\\/\\\/www.laguiadepamplona.com\\\/actualidad\\\/el-ayuntamiento-mejora-la-movilidad-en-el-entorno-del-sadar-y-de-la-upna-y-uned-con-un-nuevo-carril-bici\\\/\"},\"author\":{\"name\":\"La Gu\u00eda de Pamplona\",\"@id\":\"https:\\\/\\\/www.laguiadepamplona.com\\\/actualidad\\\/#\\\/schema\\\/person\\\/efe887376f0213d4657c93adc50b1fdb\"},\"headline\":\"El Ayuntamiento mejora la movilidad en el entorno del Sadar y de la UPNA y UNED con un nuevo carril bici\",\"datePublished\":\"2022-08-12T10:46:11+00:00\",\"dateModified\":\"2023-04-11T09:47:54+00:00\",\"mainEntityOfPage\":{\"@id\":\"https:\\\/\\\/www.laguiadepamplona.com\\\/actualidad\\\/el-ayuntamiento-mejora-la-movilidad-en-el-entorno-del-sadar-y-de-la-upna-y-uned-con-un-nuevo-carril-bici\\\/\"},\"wordCount\":478,\"commentCount\":0,\"publisher\":{\"@id\":\"https:\\\/\\\/www.laguiadepamplona.com\\\/actualidad\\\/#organization\"},\"image\":{\"@id\":\"https:\\\/\\\/www.laguiadepamplona.com\\\/actualidad\\\/el-ayuntamiento-mejora-la-movilidad-en-el-entorno-del-sadar-y-de-la-upna-y-uned-con-un-nuevo-carril-bici\\\/#primaryimage\"},\"thumbnailUrl\":\"https:\\\/\\\/www.laguiadepamplona.com\\\/actualidad\\\/wp-content\\\/uploads\\\/2022\\\/08\\\/carrilbicisadaree5a5111.webp\",\"articleSection\":[\"Ayto Pamplona\"],\"inLanguage\":\"es\",\"potentialAction\":[{\"@type\":\"CommentAction\",\"name\":\"Comment\",\"target\":[\"https:\\\/\\\/www.laguiadepamplona.com\\\/actualidad\\\/el-ayuntamiento-mejora-la-movilidad-en-el-entorno-del-sadar-y-de-la-upna-y-uned-con-un-nuevo-carril-bici\\\/#respond\"]}]},{\"@type\":\"WebPage\",\"@id\":\"https:\\\/\\\/www.laguiadepamplona.com\\\/actualidad\\\/el-ayuntamiento-mejora-la-movilidad-en-el-entorno-del-sadar-y-de-la-upna-y-uned-con-un-nuevo-carril-bici\\\/\",\"url\":\"https:\\\/\\\/www.laguiadepamplona.com\\\/actualidad\\\/el-ayuntamiento-mejora-la-movilidad-en-el-entorno-del-sadar-y-de-la-upna-y-uned-con-un-nuevo-carril-bici\\\/\",\"name\":\"El Ayuntamiento mejora la movilidad en el entorno del Sadar y de la UPNA y UNED con un nuevo carril bici\",\"isPartOf\":{\"@id\":\"https:\\\/\\\/www.laguiadepamplona.com\\\/actualidad\\\/#website\"},\"primaryImageOfPage\":{\"@id\":\"https:\\\/\\\/www.laguiadepamplona.com\\\/actualidad\\\/el-ayuntamiento-mejora-la-movilidad-en-el-entorno-del-sadar-y-de-la-upna-y-uned-con-un-nuevo-carril-bici\\\/#primaryimage\"},\"image\":{\"@id\":\"https:\\\/\\\/www.laguiadepamplona.com\\\/actualidad\\\/el-ayuntamiento-mejora-la-movilidad-en-el-entorno-del-sadar-y-de-la-upna-y-uned-con-un-nuevo-carril-bici\\\/#primaryimage\"},\"thumbnailUrl\":\"https:\\\/\\\/www.laguiadepamplona.com\\\/actualidad\\\/wp-content\\\/uploads\\\/2022\\\/08\\\/carrilbicisadaree5a5111.webp\",\"datePublished\":\"2022-08-12T10:46:11+00:00\",\"dateModified\":\"2023-04-11T09:47:54+00:00\",\"description\":\"Son 1,7 kil\u00f3metros de carril bidireccional segregado que conectan Milagrosa y Soto de Lezkairu con una zona de importantes equipamientos\",\"breadcrumb\":{\"@id\":\"https:\\\/\\\/www.laguiadepamplona.com\\\/actualidad\\\/el-ayuntamiento-mejora-la-movilidad-en-el-entorno-del-sadar-y-de-la-upna-y-uned-con-un-nuevo-carril-bici\\\/#breadcrumb\"},\"inLanguage\":\"es\",\"potentialAction\":[{\"@type\":\"ReadAction\",\"target\":[\"https:\\\/\\\/www.laguiadepamplona.com\\\/actualidad\\\/el-ayuntamiento-mejora-la-movilidad-en-el-entorno-del-sadar-y-de-la-upna-y-uned-con-un-nuevo-carril-bici\\\/\"]}]},{\"@type\":\"ImageObject\",\"inLanguage\":\"es\",\"@id\":\"https:\\\/\\\/www.laguiadepamplona.com\\\/actualidad\\\/el-ayuntamiento-mejora-la-movilidad-en-el-entorno-del-sadar-y-de-la-upna-y-uned-con-un-nuevo-carril-bici\\\/#primaryimage\",\"url\":\"https:\\\/\\\/www.laguiadepamplona.com\\\/actualidad\\\/wp-content\\\/uploads\\\/2022\\\/08\\\/carrilbicisadaree5a5111.webp\",\"contentUrl\":\"https:\\\/\\\/www.laguiadepamplona.com\\\/actualidad\\\/wp-content\\\/uploads\\\/2022\\\/08\\\/carrilbicisadaree5a5111.webp\",\"width\":1920,\"height\":1280},{\"@type\":\"BreadcrumbList\",\"@id\":\"https:\\\/\\\/www.laguiadepamplona.com\\\/actualidad\\\/el-ayuntamiento-mejora-la-movilidad-en-el-entorno-del-sadar-y-de-la-upna-y-uned-con-un-nuevo-carril-bici\\\/#breadcrumb\",\"itemListElement\":[{\"@type\":\"ListItem\",\"position\":1,\"name\":\"Portada\",\"item\":\"https:\\\/\\\/www.laguiadepamplona.com\\\/actualidad\\\/\"},{\"@type\":\"ListItem\",\"position\":2,\"name\":\"El Ayuntamiento mejora la movilidad en el entorno del Sadar y de la UPNA y UNED con un nuevo carril bici\"}]},{\"@type\":\"WebSite\",\"@id\":\"https:\\\/\\\/www.laguiadepamplona.com\\\/actualidad\\\/#website\",\"url\":\"https:\\\/\\\/www.laguiadepamplona.com\\\/actualidad\\\/\",\"name\":\"La gu\u00eda de Pamplona\",\"description\":\"Noticias de Pamplona\",\"publisher\":{\"@id\":\"https:\\\/\\\/www.laguiadepamplona.com\\\/actualidad\\\/#organization\"},\"potentialAction\":[{\"@type\":\"SearchAction\",\"target\":{\"@type\":\"EntryPoint\",\"urlTemplate\":\"https:\\\/\\\/www.laguiadepamplona.com\\\/actualidad\\\/?s={search_term_string}\"},\"query-input\":{\"@type\":\"PropertyValueSpecification\",\"valueRequired\":true,\"valueName\":\"search_term_string\"}}],\"inLanguage\":\"es\"},{\"@type\":\"Organization\",\"@id\":\"https:\\\/\\\/www.laguiadepamplona.com\\\/actualidad\\\/#organization\",\"name\":\"La Gu\u00eda de Pamplona \\\/ Noticias\",\"url\":\"https:\\\/\\\/www.laguiadepamplona.com\\\/actualidad\\\/\",\"logo\":{\"@type\":\"ImageObject\",\"inLanguage\":\"es\",\"@id\":\"https:\\\/\\\/www.laguiadepamplona.com\\\/actualidad\\\/#\\\/schema\\\/logo\\\/image\\\/\",\"url\":\"https:\\\/\\\/www.laguiadepamplona.com\\\/actualidad\\\/wp-content\\\/uploads\\\/2018\\\/11\\\/logo-laguiadepamplona18-web1.png\",\"contentUrl\":\"https:\\\/\\\/www.laguiadepamplona.com\\\/actualidad\\\/wp-content\\\/uploads\\\/2018\\\/11\\\/logo-laguiadepamplona18-web1.png\",\"width\":600,\"height\":196,\"caption\":\"La Gu\u00eda de Pamplona \\\/ Noticias\"},\"image\":{\"@id\":\"https:\\\/\\\/www.laguiadepamplona.com\\\/actualidad\\\/#\\\/schema\\\/logo\\\/image\\\/\"},\"sameAs\":[\"https:\\\/\\\/www.facebook.com\\\/laguiadepamplonacom-133175176762273\\\/?ref=hl\",\"https:\\\/\\\/x.com\\\/LaGuiadPamplona\",\"https:\\\/\\\/www.instagram.com\\\/la_guia_de_pamplona\\\/\",\"https:\\\/\\\/www.youtube.com\\\/user\\\/laguiadepamplona\"]},{\"@type\":\"Person\",\"@id\":\"https:\\\/\\\/www.laguiadepamplona.com\\\/actualidad\\\/#\\\/schema\\\/person\\\/efe887376f0213d4657c93adc50b1fdb\",\"name\":\"La Gu\u00eda de Pamplona\",\"image\":{\"@type\":\"ImageObject\",\"inLanguage\":\"es\",\"@id\":\"https:\\\/\\\/secure.gravatar.com\\\/avatar\\\/b6992f131dc8d30ab0dff15446e9d346d9dbd95992de0fef795073f5ea83a81c?s=96&d=mm&r=g\",\"url\":\"https:\\\/\\\/secure.gravatar.com\\\/avatar\\\/b6992f131dc8d30ab0dff15446e9d346d9dbd95992de0fef795073f5ea83a81c?s=96&d=mm&r=g\",\"contentUrl\":\"https:\\\/\\\/secure.gravatar.com\\\/avatar\\\/b6992f131dc8d30ab0dff15446e9d346d9dbd95992de0fef795073f5ea83a81c?s=96&d=mm&r=g\",\"caption\":\"La Gu\u00eda de Pamplona\"}}]}<\/script>\n<!-- \/ Yoast SEO plugin. -->","yoast_head_json":{"title":"El Ayuntamiento mejora la movilidad en el entorno del Sadar y de la UPNA y UNED con un nuevo carril bici","description":"Son 1,7 kil\u00f3metros de carril bidireccional segregado que conectan Milagrosa y Soto de Lezkairu con una zona de importantes equipamientos","robots":{"index":"index","follow":"follow","max-snippet":"max-snippet:-1","max-image-preview":"max-image-preview:large","max-video-preview":"max-video-preview:-1"},"canonical":"https:\/\/www.laguiadepamplona.com\/actualidad\/el-ayuntamiento-mejora-la-movilidad-en-el-entorno-del-sadar-y-de-la-upna-y-uned-con-un-nuevo-carril-bici\/","og_locale":"es_ES","og_type":"article","og_title":"El Ayuntamiento mejora la movilidad en el entorno del Sadar y de la UPNA y UNED con un nuevo carril bici","og_description":"Son 1,7 kil\u00f3metros de carril bidireccional segregado que conectan Milagrosa y Soto de Lezkairu con una zona de importantes equipamientos","og_url":"https:\/\/www.laguiadepamplona.com\/actualidad\/el-ayuntamiento-mejora-la-movilidad-en-el-entorno-del-sadar-y-de-la-upna-y-uned-con-un-nuevo-carril-bici\/","og_site_name":"La Gu\u00eda de Pamplona","article_publisher":"https:\/\/www.facebook.com\/laguiadepamplonacom-133175176762273\/?ref=hl","article_published_time":"2022-08-12T10:46:11+00:00","article_modified_time":"2023-04-11T09:47:54+00:00","og_image":[{"width":1920,"height":1280,"url":"https:\/\/www.laguiadepamplona.com\/actualidad\/wp-content\/uploads\/2022\/08\/carrilbicisadaree5a5111.webp","type":"image\/webp"}],"author":"La Gu\u00eda de Pamplona","twitter_card":"summary_large_image","twitter_creator":"@LaGuiadPamplona","twitter_site":"@LaGuiadPamplona","twitter_misc":{"Escrito por":"La Gu\u00eda de Pamplona","Tiempo de lectura":"2 minutos"},"schema":{"@context":"https:\/\/schema.org","@graph":[{"@type":"Article","@id":"https:\/\/www.laguiadepamplona.com\/actualidad\/el-ayuntamiento-mejora-la-movilidad-en-el-entorno-del-sadar-y-de-la-upna-y-uned-con-un-nuevo-carril-bici\/#article","isPartOf":{"@id":"https:\/\/www.laguiadepamplona.com\/actualidad\/el-ayuntamiento-mejora-la-movilidad-en-el-entorno-del-sadar-y-de-la-upna-y-uned-con-un-nuevo-carril-bici\/"},"author":{"name":"La Gu\u00eda de Pamplona","@id":"https:\/\/www.laguiadepamplona.com\/actualidad\/#\/schema\/person\/efe887376f0213d4657c93adc50b1fdb"},"headline":"El Ayuntamiento mejora la movilidad en el entorno del Sadar y de la UPNA y UNED con un nuevo carril bici","datePublished":"2022-08-12T10:46:11+00:00","dateModified":"2023-04-11T09:47:54+00:00","mainEntityOfPage":{"@id":"https:\/\/www.laguiadepamplona.com\/actualidad\/el-ayuntamiento-mejora-la-movilidad-en-el-entorno-del-sadar-y-de-la-upna-y-uned-con-un-nuevo-carril-bici\/"},"wordCount":478,"commentCount":0,"publisher":{"@id":"https:\/\/www.laguiadepamplona.com\/actualidad\/#organization"},"image":{"@id":"https:\/\/www.laguiadepamplona.com\/actualidad\/el-ayuntamiento-mejora-la-movilidad-en-el-entorno-del-sadar-y-de-la-upna-y-uned-con-un-nuevo-carril-bici\/#primaryimage"},"thumbnailUrl":"https:\/\/www.laguiadepamplona.com\/actualidad\/wp-content\/uploads\/2022\/08\/carrilbicisadaree5a5111.webp","articleSection":["Ayto Pamplona"],"inLanguage":"es","potentialAction":[{"@type":"CommentAction","name":"Comment","target":["https:\/\/www.laguiadepamplona.com\/actualidad\/el-ayuntamiento-mejora-la-movilidad-en-el-entorno-del-sadar-y-de-la-upna-y-uned-con-un-nuevo-carril-bici\/#respond"]}]},{"@type":"WebPage","@id":"https:\/\/www.laguiadepamplona.com\/actualidad\/el-ayuntamiento-mejora-la-movilidad-en-el-entorno-del-sadar-y-de-la-upna-y-uned-con-un-nuevo-carril-bici\/","url":"https:\/\/www.laguiadepamplona.com\/actualidad\/el-ayuntamiento-mejora-la-movilidad-en-el-entorno-del-sadar-y-de-la-upna-y-uned-con-un-nuevo-carril-bici\/","name":"El Ayuntamiento mejora la movilidad en el entorno del Sadar y de la UPNA y UNED con un nuevo carril bici","isPartOf":{"@id":"https:\/\/www.laguiadepamplona.com\/actualidad\/#website"},"primaryImageOfPage":{"@id":"https:\/\/www.laguiadepamplona.com\/actualidad\/el-ayuntamiento-mejora-la-movilidad-en-el-entorno-del-sadar-y-de-la-upna-y-uned-con-un-nuevo-carril-bici\/#primaryimage"},"image":{"@id":"https:\/\/www.laguiadepamplona.com\/actualidad\/el-ayuntamiento-mejora-la-movilidad-en-el-entorno-del-sadar-y-de-la-upna-y-uned-con-un-nuevo-carril-bici\/#primaryimage"},"thumbnailUrl":"https:\/\/www.laguiadepamplona.com\/actualidad\/wp-content\/uploads\/2022\/08\/carrilbicisadaree5a5111.webp","datePublished":"2022-08-12T10:46:11+00:00","dateModified":"2023-04-11T09:47:54+00:00","description":"Son 1,7 kil\u00f3metros de carril bidireccional segregado que conectan Milagrosa y Soto de Lezkairu con una zona de importantes equipamientos","breadcrumb":{"@id":"https:\/\/www.laguiadepamplona.com\/actualidad\/el-ayuntamiento-mejora-la-movilidad-en-el-entorno-del-sadar-y-de-la-upna-y-uned-con-un-nuevo-carril-bici\/#breadcrumb"},"inLanguage":"es","potentialAction":[{"@type":"ReadAction","target":["https:\/\/www.laguiadepamplona.com\/actualidad\/el-ayuntamiento-mejora-la-movilidad-en-el-entorno-del-sadar-y-de-la-upna-y-uned-con-un-nuevo-carril-bici\/"]}]},{"@type":"ImageObject","inLanguage":"es","@id":"https:\/\/www.laguiadepamplona.com\/actualidad\/el-ayuntamiento-mejora-la-movilidad-en-el-entorno-del-sadar-y-de-la-upna-y-uned-con-un-nuevo-carril-bici\/#primaryimage","url":"https:\/\/www.laguiadepamplona.com\/actualidad\/wp-content\/uploads\/2022\/08\/carrilbicisadaree5a5111.webp","contentUrl":"https:\/\/www.laguiadepamplona.com\/actualidad\/wp-content\/uploads\/2022\/08\/carrilbicisadaree5a5111.webp","width":1920,"height":1280},{"@type":"BreadcrumbList","@id":"https:\/\/www.laguiadepamplona.com\/actualidad\/el-ayuntamiento-mejora-la-movilidad-en-el-entorno-del-sadar-y-de-la-upna-y-uned-con-un-nuevo-carril-bici\/#breadcrumb","itemListElement":[{"@type":"ListItem","position":1,"name":"Portada","item":"https:\/\/www.laguiadepamplona.com\/actualidad\/"},{"@type":"ListItem","position":2,"name":"El Ayuntamiento mejora la movilidad en el entorno del Sadar y de la UPNA y UNED con un nuevo carril bici"}]},{"@type":"WebSite","@id":"https:\/\/www.laguiadepamplona.com\/actualidad\/#website","url":"https:\/\/www.laguiadepamplona.com\/actualidad\/","name":"La gu\u00eda de Pamplona","description":"Noticias de Pamplona","publisher":{"@id":"https:\/\/www.laguiadepamplona.com\/actualidad\/#organization"},"potentialAction":[{"@type":"SearchAction","target":{"@type":"EntryPoint","urlTemplate":"https:\/\/www.laguiadepamplona.com\/actualidad\/?s={search_term_string}"},"query-input":{"@type":"PropertyValueSpecification","valueRequired":true,"valueName":"search_term_string"}}],"inLanguage":"es"},{"@type":"Organization","@id":"https:\/\/www.laguiadepamplona.com\/actualidad\/#organization","name":"La Gu\u00eda de Pamplona \/ Noticias","url":"https:\/\/www.laguiadepamplona.com\/actualidad\/","logo":{"@type":"ImageObject","inLanguage":"es","@id":"https:\/\/www.laguiadepamplona.com\/actualidad\/#\/schema\/logo\/image\/","url":"https:\/\/www.laguiadepamplona.com\/actualidad\/wp-content\/uploads\/2018\/11\/logo-laguiadepamplona18-web1.png","contentUrl":"https:\/\/www.laguiadepamplona.com\/actualidad\/wp-content\/uploads\/2018\/11\/logo-laguiadepamplona18-web1.png","width":600,"height":196,"caption":"La Gu\u00eda de Pamplona \/ Noticias"},"image":{"@id":"https:\/\/www.laguiadepamplona.com\/actualidad\/#\/schema\/logo\/image\/"},"sameAs":["https:\/\/www.facebook.com\/laguiadepamplonacom-133175176762273\/?ref=hl","https:\/\/x.com\/LaGuiadPamplona","https:\/\/www.instagram.com\/la_guia_de_pamplona\/","https:\/\/www.youtube.com\/user\/laguiadepamplona"]},{"@type":"Person","@id":"https:\/\/www.laguiadepamplona.com\/actualidad\/#\/schema\/person\/efe887376f0213d4657c93adc50b1fdb","name":"La Gu\u00eda de Pamplona","image":{"@type":"ImageObject","inLanguage":"es","@id":"https:\/\/secure.gravatar.com\/avatar\/b6992f131dc8d30ab0dff15446e9d346d9dbd95992de0fef795073f5ea83a81c?s=96&d=mm&r=g","url":"https:\/\/secure.gravatar.com\/avatar\/b6992f131dc8d30ab0dff15446e9d346d9dbd95992de0fef795073f5ea83a81c?s=96&d=mm&r=g","contentUrl":"https:\/\/secure.gravatar.com\/avatar\/b6992f131dc8d30ab0dff15446e9d346d9dbd95992de0fef795073f5ea83a81c?s=96&d=mm&r=g","caption":"La Gu\u00eda de Pamplona"}}]}},"post_mailing_queue_ids":[],"_links":{"self":[{"href":"https:\/\/www.laguiadepamplona.com\/actualidad\/wp-json\/wp\/v2\/posts\/41312","targetHints":{"allow":["GET"]}}],"collection":[{"href":"https:\/\/www.laguiadepamplona.com\/actualidad\/wp-json\/wp\/v2\/posts"}],"about":[{"href":"https:\/\/www.laguiadepamplona.com\/actualidad\/wp-json\/wp\/v2\/types\/post"}],"author":[{"embeddable":true,"href":"https:\/\/www.laguiadepamplona.com\/actualidad\/wp-json\/wp\/v2\/users\/1"}],"replies":[{"embeddable":true,"href":"https:\/\/www.laguiadepamplona.com\/actualidad\/wp-json\/wp\/v2\/comments?post=41312"}],"version-history":[{"count":0,"href":"https:\/\/www.laguiadepamplona.com\/actualidad\/wp-json\/wp\/v2\/posts\/41312\/revisions"}],"wp:featuredmedia":[{"embeddable":true,"href":"https:\/\/www.laguiadepamplona.com\/actualidad\/wp-json\/wp\/v2\/media\/41313"}],"wp:attachment":[{"href":"https:\/\/www.laguiadepamplona.com\/actualidad\/wp-json\/wp\/v2\/media?parent=41312"}],"wp:term":[{"taxonomy":"category","embeddable":true,"href":"https:\/\/www.laguiadepamplona.com\/actualidad\/wp-json\/wp\/v2\/categories?post=41312"},{"taxonomy":"post_tag","embeddable":true,"href":"https:\/\/www.laguiadepamplona.com\/actualidad\/wp-json\/wp\/v2\/tags?post=41312"}],"curies":[{"name":"wp","href":"https:\/\/api.w.org\/{rel}","templated":true}]}}