{"id":41299,"date":"2022-08-11T13:27:33","date_gmt":"2022-08-11T11:27:33","guid":{"rendered":"https:\/\/www.laguiadepamplona.com\/actualidad\/?p=41299"},"modified":"2023-04-11T11:47:54","modified_gmt":"2023-04-11T09:47:54","slug":"la-casa-de-la-juventud-abre-hasta-el-16-de-septiembre-el-plazo-para-solicitar-la-cesion-gratuita-de-salas-para-usuarios-estables","status":"publish","type":"post","link":"https:\/\/www.laguiadepamplona.com\/actualidad\/la-casa-de-la-juventud-abre-hasta-el-16-de-septiembre-el-plazo-para-solicitar-la-cesion-gratuita-de-salas-para-usuarios-estables\/","title":{"rendered":"La Casa de la Juventud abre hasta el 16 de septiembre el plazo para solicitar la cesi\u00f3n gratuita de salas para usuarios estables"},"content":{"rendered":"<h5>J\u00f3venes y colectivos de j\u00f3venes de entre 14 y 30 a\u00f1os pueden solicitar ya este servicio, en el que se recibieron 64 solicitudes el curso pasado<\/h5>\n<p><!--more--><\/p>\n<p>La Casa de la Juventud del Ayuntamiento de Pamplona ha abierto el plazo de solicitud para la cesi\u00f3n de salas a usuarios estables. El plazo est\u00e1 abierto entre el 16 de agosto y el 16 de septiembre. Esta convocatoria, para el curso 2022\/2023, est\u00e1 dirigida a j\u00f3venes y colectivos de j\u00f3venes con edades comprendidas entre los 14 y los 30 a\u00f1os. Para solicitar el uso de alguna de las salas o dependencias, se debe acudir a la Casa y rellenar el correspondiente formulario. Durante la anterior temporada, de septiembre 2021 a junio del 2022, se atendieron en la Casa de la Juventud un total de 64 solicitudes de grupos juveniles que utilizaron las instalaciones semanalmente como usuarios estables.<\/p>\n<p>Los usuarios estables, individuales o colectivos, son quienes realizan actividades de forma regular y continuada y, una vez concedida una sala, esta queda reservada para ese grupo en las horas y d\u00edas solicitados durante todas las semanas del a\u00f1o, entre septiembre y junio, salvo que renuncien expresamente a su utilizaci\u00f3n o que la reiterada falta de asistencia les prive del derecho de utilizaci\u00f3n de la misma.<br \/>\n<script async src=\"\/\/pagead2.googlesyndication.com\/pagead\/js\/adsbygoogle.js\"><\/script><br \/>\n<!-- Noticias La Guia de Pamplona --><br \/>\n<ins class=\"adsbygoogle\"\nstyle=\"display:block\"\ndata-ad-client=\"ca-pub-6943679897239327\"\ndata-ad-slot=\"7048180777\"\ndata-ad-format=\"auto\"><\/ins><br \/>\n<script>\n(adsbygoogle = window.adsbygoogle || []).push({});\n<\/script><\/p>\n<p>Las actividades para las que se puede solicitar sala son muy variadas y no constituyen una lista cerrada: ensayar teatro, danza, juegos de mesa, artes pl\u00e1sticas, reuniones de diversa \u00edndole (literatura, cine, c\u00f3mic&#8230;), ensayos de diferentes tipos de m\u00fasica (cl\u00e1sica, folcl\u00f3rica, coral, Rock&#8230;), actividades alternativas (artes marciales, juegos malabares, boxeo&#8230;). No se conceden salas para estudio ni para actividades con \u00e1nimo de lucro. En contrapartida a la cesi\u00f3n gratuita de las salas, los grupos estables se comprometen a realizar una muestra abierta de sus actividades (un concierto, una representaci\u00f3n teatral&#8230;) en las instalaciones de la Casa de la Juventud.<\/p>\n<p>Una vez recogidas todas las solicitudes, se procede a la adjudicaci\u00f3n de d\u00edas y horas conforme a la actividad que vayan a realizar y a las salas disponibles. Los horarios para los que se puede solicitar sala son los siguientes: en el mes de agosto, de lunes a viernes, de 10.30 a 13.30 horas y de 17.00 a 22.00 horas; y a partir de septiembre: de lunes a viernes, entre las 9.00 y las 14.00 horas, y entre las 17.00 y las 22.00 horas; s\u00e1bados, entre las 10.00 y las 14.00 horas, y entre las 17.00 y las 21.00 horas; domingos, entre las 10.00 y las 14.00 horas.<br \/>\n<script async src=\"\/\/pagead2.googlesyndication.com\/pagead\/js\/adsbygoogle.js\"><\/script><br \/>\n<!-- Noticias La Guia de Pamplona --><br \/>\n<ins class=\"adsbygoogle\"\nstyle=\"display:block\"\ndata-ad-client=\"ca-pub-6943679897239327\"\ndata-ad-slot=\"7048180777\"\ndata-ad-format=\"auto\"><\/ins><br \/>\n<script>\n(adsbygoogle = window.adsbygoogle || []).push({});\n<\/script><\/p>\n<p><strong>Usos puntuales de las salas<\/strong><\/p>\n<p>Adem\u00e1s de las cesiones estables, se pueden solicitar salas de la Casa de la Juventud para uso puntual, sin continuidad, mediante la correspondiente reserva. El plazo permanece abierto durante todo el a\u00f1o y la solicitud puede realizarse con hasta tres meses de antelaci\u00f3n y un m\u00e1ximo dos d\u00edas antes del inicio de la actividad. Las actividades, normativa, horarios y restricciones son las mismas que para los usuarios estables y se pueden consultar en la <a href=\"https:\/\/sedeelectronica.pamplona.es\/fichatramite.aspx?id=20-42131&amp;Idioma=1\" target=\"_blank\" rel=\"noopener\">web municipal<\/a>.<br \/>\n<script async src=\"\/\/pagead2.googlesyndication.com\/pagead\/js\/adsbygoogle.js\"><\/script><br \/>\n<!-- Noticias La Guia de Pamplona --><br \/>\n<ins class=\"adsbygoogle\"\nstyle=\"display:block\"\ndata-ad-client=\"ca-pub-6943679897239327\"\ndata-ad-slot=\"7048180777\"\ndata-ad-format=\"auto\"><\/ins><br \/>\n<script>\n(adsbygoogle = window.adsbygoogle || []).push({});\n<\/script><\/p>\n<p>&nbsp;<\/p>\n<h3>Los Datos<\/h3>\n<ul>\n<li>El plazo de solicitud es del 16 de agosto al 16 de septiembre<\/li>\n<li>La cesi\u00f3n se concede entre septiembre y junio de a\u00f1o siguiente<\/li>\n<li>Est\u00e1 dirigida a j\u00f3venes o grupos interesados con edades entre 14 y 30 a\u00f1os<\/li>\n<li>Las actividades para las que se puede solicitar sala son muy variadas<\/li>\n<\/ul>\n","protected":false},"excerpt":{"rendered":"<p>J\u00f3venes y colectivos de j\u00f3venes de entre 14 y 30 a\u00f1os pueden solicitar ya este servicio, en el que se recibieron 64 solicitudes el curso pasado<\/p>\n","protected":false},"author":1,"featured_media":32672,"comment_status":"open","ping_status":"closed","sticky":false,"template":"","format":"standard","meta":{"footnotes":""},"categories":[2],"tags":[],"class_list":["post-41299","post","type-post","status-publish","format-standard","has-post-thumbnail","hentry","category-ayuntamiento-pamplona"],"yoast_head":"<!-- This site is optimized with the Yoast SEO plugin v27.3 - https:\/\/yoast.com\/product\/yoast-seo-wordpress\/ -->\n<title>La Casa de la Juventud abre hasta el 16 de septiembre el plazo para solicitar la cesi\u00f3n gratuita de salas para usuarios estables<\/title>\n<meta name=\"description\" content=\"J\u00f3venes y colectivos de j\u00f3venes de entre 14 y 30 a\u00f1os pueden solicitar ya este servicio, en el que se recibieron 64 solicitudes el curso pasado\" \/>\n<meta name=\"robots\" content=\"index, follow, max-snippet:-1, max-image-preview:large, max-video-preview:-1\" \/>\n<link rel=\"canonical\" href=\"https:\/\/www.laguiadepamplona.com\/actualidad\/la-casa-de-la-juventud-abre-hasta-el-16-de-septiembre-el-plazo-para-solicitar-la-cesion-gratuita-de-salas-para-usuarios-estables\/\" \/>\n<meta property=\"og:locale\" content=\"es_ES\" \/>\n<meta property=\"og:type\" content=\"article\" \/>\n<meta property=\"og:title\" content=\"La Casa de la Juventud abre hasta el 16 de septiembre el plazo para solicitar la cesi\u00f3n gratuita de salas para usuarios estables\" \/>\n<meta property=\"og:description\" content=\"J\u00f3venes y colectivos de j\u00f3venes de entre 14 y 30 a\u00f1os pueden solicitar ya este servicio, en el que se recibieron 64 solicitudes el curso pasado\" \/>\n<meta property=\"og:url\" content=\"https:\/\/www.laguiadepamplona.com\/actualidad\/la-casa-de-la-juventud-abre-hasta-el-16-de-septiembre-el-plazo-para-solicitar-la-cesion-gratuita-de-salas-para-usuarios-estables\/\" \/>\n<meta property=\"og:site_name\" content=\"La Gu\u00eda de Pamplona\" \/>\n<meta property=\"article:publisher\" content=\"https:\/\/www.facebook.com\/laguiadepamplonacom-133175176762273\/?ref=hl\" \/>\n<meta property=\"article:published_time\" content=\"2022-08-11T11:27:33+00:00\" \/>\n<meta property=\"article:modified_time\" content=\"2023-04-11T09:47:54+00:00\" \/>\n<meta property=\"og:image\" content=\"https:\/\/www.laguiadepamplona.com\/actualidad\/wp-content\/uploads\/2021\/01\/CASA-DE-LA-JUVENTUD.jpg\" \/>\n\t<meta property=\"og:image:width\" content=\"1920\" \/>\n\t<meta property=\"og:image:height\" content=\"1080\" \/>\n\t<meta property=\"og:image:type\" content=\"image\/jpeg\" \/>\n<meta name=\"author\" content=\"La Gu\u00eda de Pamplona\" \/>\n<meta name=\"twitter:card\" content=\"summary_large_image\" \/>\n<meta name=\"twitter:creator\" content=\"@LaGuiadPamplona\" \/>\n<meta name=\"twitter:site\" content=\"@LaGuiadPamplona\" \/>\n<meta name=\"twitter:label1\" content=\"Escrito por\" \/>\n\t<meta name=\"twitter:data1\" content=\"La Gu\u00eda de Pamplona\" \/>\n\t<meta name=\"twitter:label2\" content=\"Tiempo de lectura\" \/>\n\t<meta name=\"twitter:data2\" content=\"3 minutos\" \/>\n<script type=\"application\/ld+json\" class=\"yoast-schema-graph\">{\"@context\":\"https:\\\/\\\/schema.org\",\"@graph\":[{\"@type\":\"Article\",\"@id\":\"https:\\\/\\\/www.laguiadepamplona.com\\\/actualidad\\\/la-casa-de-la-juventud-abre-hasta-el-16-de-septiembre-el-plazo-para-solicitar-la-cesion-gratuita-de-salas-para-usuarios-estables\\\/#article\",\"isPartOf\":{\"@id\":\"https:\\\/\\\/www.laguiadepamplona.com\\\/actualidad\\\/la-casa-de-la-juventud-abre-hasta-el-16-de-septiembre-el-plazo-para-solicitar-la-cesion-gratuita-de-salas-para-usuarios-estables\\\/\"},\"author\":{\"name\":\"La Gu\u00eda de Pamplona\",\"@id\":\"https:\\\/\\\/www.laguiadepamplona.com\\\/actualidad\\\/#\\\/schema\\\/person\\\/efe887376f0213d4657c93adc50b1fdb\"},\"headline\":\"La Casa de la Juventud abre hasta el 16 de septiembre el plazo para solicitar la cesi\u00f3n gratuita de salas para usuarios estables\",\"datePublished\":\"2022-08-11T11:27:33+00:00\",\"dateModified\":\"2023-04-11T09:47:54+00:00\",\"mainEntityOfPage\":{\"@id\":\"https:\\\/\\\/www.laguiadepamplona.com\\\/actualidad\\\/la-casa-de-la-juventud-abre-hasta-el-16-de-septiembre-el-plazo-para-solicitar-la-cesion-gratuita-de-salas-para-usuarios-estables\\\/\"},\"wordCount\":575,\"commentCount\":0,\"publisher\":{\"@id\":\"https:\\\/\\\/www.laguiadepamplona.com\\\/actualidad\\\/#organization\"},\"image\":{\"@id\":\"https:\\\/\\\/www.laguiadepamplona.com\\\/actualidad\\\/la-casa-de-la-juventud-abre-hasta-el-16-de-septiembre-el-plazo-para-solicitar-la-cesion-gratuita-de-salas-para-usuarios-estables\\\/#primaryimage\"},\"thumbnailUrl\":\"https:\\\/\\\/www.laguiadepamplona.com\\\/actualidad\\\/wp-content\\\/uploads\\\/2021\\\/01\\\/CASA-DE-LA-JUVENTUD.jpg\",\"articleSection\":[\"Ayto Pamplona\"],\"inLanguage\":\"es\",\"potentialAction\":[{\"@type\":\"CommentAction\",\"name\":\"Comment\",\"target\":[\"https:\\\/\\\/www.laguiadepamplona.com\\\/actualidad\\\/la-casa-de-la-juventud-abre-hasta-el-16-de-septiembre-el-plazo-para-solicitar-la-cesion-gratuita-de-salas-para-usuarios-estables\\\/#respond\"]}]},{\"@type\":\"WebPage\",\"@id\":\"https:\\\/\\\/www.laguiadepamplona.com\\\/actualidad\\\/la-casa-de-la-juventud-abre-hasta-el-16-de-septiembre-el-plazo-para-solicitar-la-cesion-gratuita-de-salas-para-usuarios-estables\\\/\",\"url\":\"https:\\\/\\\/www.laguiadepamplona.com\\\/actualidad\\\/la-casa-de-la-juventud-abre-hasta-el-16-de-septiembre-el-plazo-para-solicitar-la-cesion-gratuita-de-salas-para-usuarios-estables\\\/\",\"name\":\"La Casa de la Juventud abre hasta el 16 de septiembre el plazo para solicitar la cesi\u00f3n gratuita de salas para usuarios estables\",\"isPartOf\":{\"@id\":\"https:\\\/\\\/www.laguiadepamplona.com\\\/actualidad\\\/#website\"},\"primaryImageOfPage\":{\"@id\":\"https:\\\/\\\/www.laguiadepamplona.com\\\/actualidad\\\/la-casa-de-la-juventud-abre-hasta-el-16-de-septiembre-el-plazo-para-solicitar-la-cesion-gratuita-de-salas-para-usuarios-estables\\\/#primaryimage\"},\"image\":{\"@id\":\"https:\\\/\\\/www.laguiadepamplona.com\\\/actualidad\\\/la-casa-de-la-juventud-abre-hasta-el-16-de-septiembre-el-plazo-para-solicitar-la-cesion-gratuita-de-salas-para-usuarios-estables\\\/#primaryimage\"},\"thumbnailUrl\":\"https:\\\/\\\/www.laguiadepamplona.com\\\/actualidad\\\/wp-content\\\/uploads\\\/2021\\\/01\\\/CASA-DE-LA-JUVENTUD.jpg\",\"datePublished\":\"2022-08-11T11:27:33+00:00\",\"dateModified\":\"2023-04-11T09:47:54+00:00\",\"description\":\"J\u00f3venes y colectivos de j\u00f3venes de entre 14 y 30 a\u00f1os pueden solicitar ya este servicio, en el que se recibieron 64 solicitudes el curso pasado\",\"breadcrumb\":{\"@id\":\"https:\\\/\\\/www.laguiadepamplona.com\\\/actualidad\\\/la-casa-de-la-juventud-abre-hasta-el-16-de-septiembre-el-plazo-para-solicitar-la-cesion-gratuita-de-salas-para-usuarios-estables\\\/#breadcrumb\"},\"inLanguage\":\"es\",\"potentialAction\":[{\"@type\":\"ReadAction\",\"target\":[\"https:\\\/\\\/www.laguiadepamplona.com\\\/actualidad\\\/la-casa-de-la-juventud-abre-hasta-el-16-de-septiembre-el-plazo-para-solicitar-la-cesion-gratuita-de-salas-para-usuarios-estables\\\/\"]}]},{\"@type\":\"ImageObject\",\"inLanguage\":\"es\",\"@id\":\"https:\\\/\\\/www.laguiadepamplona.com\\\/actualidad\\\/la-casa-de-la-juventud-abre-hasta-el-16-de-septiembre-el-plazo-para-solicitar-la-cesion-gratuita-de-salas-para-usuarios-estables\\\/#primaryimage\",\"url\":\"https:\\\/\\\/www.laguiadepamplona.com\\\/actualidad\\\/wp-content\\\/uploads\\\/2021\\\/01\\\/CASA-DE-LA-JUVENTUD.jpg\",\"contentUrl\":\"https:\\\/\\\/www.laguiadepamplona.com\\\/actualidad\\\/wp-content\\\/uploads\\\/2021\\\/01\\\/CASA-DE-LA-JUVENTUD.jpg\",\"width\":1920,\"height\":1080,\"caption\":\"casa juventud\"},{\"@type\":\"BreadcrumbList\",\"@id\":\"https:\\\/\\\/www.laguiadepamplona.com\\\/actualidad\\\/la-casa-de-la-juventud-abre-hasta-el-16-de-septiembre-el-plazo-para-solicitar-la-cesion-gratuita-de-salas-para-usuarios-estables\\\/#breadcrumb\",\"itemListElement\":[{\"@type\":\"ListItem\",\"position\":1,\"name\":\"Portada\",\"item\":\"https:\\\/\\\/www.laguiadepamplona.com\\\/actualidad\\\/\"},{\"@type\":\"ListItem\",\"position\":2,\"name\":\"La Casa de la Juventud abre hasta el 16 de septiembre el plazo para solicitar la cesi\u00f3n gratuita de salas para usuarios estables\"}]},{\"@type\":\"WebSite\",\"@id\":\"https:\\\/\\\/www.laguiadepamplona.com\\\/actualidad\\\/#website\",\"url\":\"https:\\\/\\\/www.laguiadepamplona.com\\\/actualidad\\\/\",\"name\":\"La gu\u00eda de Pamplona\",\"description\":\"Noticias de Pamplona\",\"publisher\":{\"@id\":\"https:\\\/\\\/www.laguiadepamplona.com\\\/actualidad\\\/#organization\"},\"potentialAction\":[{\"@type\":\"SearchAction\",\"target\":{\"@type\":\"EntryPoint\",\"urlTemplate\":\"https:\\\/\\\/www.laguiadepamplona.com\\\/actualidad\\\/?s={search_term_string}\"},\"query-input\":{\"@type\":\"PropertyValueSpecification\",\"valueRequired\":true,\"valueName\":\"search_term_string\"}}],\"inLanguage\":\"es\"},{\"@type\":\"Organization\",\"@id\":\"https:\\\/\\\/www.laguiadepamplona.com\\\/actualidad\\\/#organization\",\"name\":\"La Gu\u00eda de Pamplona \\\/ Noticias\",\"url\":\"https:\\\/\\\/www.laguiadepamplona.com\\\/actualidad\\\/\",\"logo\":{\"@type\":\"ImageObject\",\"inLanguage\":\"es\",\"@id\":\"https:\\\/\\\/www.laguiadepamplona.com\\\/actualidad\\\/#\\\/schema\\\/logo\\\/image\\\/\",\"url\":\"https:\\\/\\\/www.laguiadepamplona.com\\\/actualidad\\\/wp-content\\\/uploads\\\/2018\\\/11\\\/logo-laguiadepamplona18-web1.png\",\"contentUrl\":\"https:\\\/\\\/www.laguiadepamplona.com\\\/actualidad\\\/wp-content\\\/uploads\\\/2018\\\/11\\\/logo-laguiadepamplona18-web1.png\",\"width\":600,\"height\":196,\"caption\":\"La Gu\u00eda de Pamplona \\\/ Noticias\"},\"image\":{\"@id\":\"https:\\\/\\\/www.laguiadepamplona.com\\\/actualidad\\\/#\\\/schema\\\/logo\\\/image\\\/\"},\"sameAs\":[\"https:\\\/\\\/www.facebook.com\\\/laguiadepamplonacom-133175176762273\\\/?ref=hl\",\"https:\\\/\\\/x.com\\\/LaGuiadPamplona\",\"https:\\\/\\\/www.instagram.com\\\/la_guia_de_pamplona\\\/\",\"https:\\\/\\\/www.youtube.com\\\/user\\\/laguiadepamplona\"]},{\"@type\":\"Person\",\"@id\":\"https:\\\/\\\/www.laguiadepamplona.com\\\/actualidad\\\/#\\\/schema\\\/person\\\/efe887376f0213d4657c93adc50b1fdb\",\"name\":\"La Gu\u00eda de Pamplona\",\"image\":{\"@type\":\"ImageObject\",\"inLanguage\":\"es\",\"@id\":\"https:\\\/\\\/secure.gravatar.com\\\/avatar\\\/b6992f131dc8d30ab0dff15446e9d346d9dbd95992de0fef795073f5ea83a81c?s=96&d=mm&r=g\",\"url\":\"https:\\\/\\\/secure.gravatar.com\\\/avatar\\\/b6992f131dc8d30ab0dff15446e9d346d9dbd95992de0fef795073f5ea83a81c?s=96&d=mm&r=g\",\"contentUrl\":\"https:\\\/\\\/secure.gravatar.com\\\/avatar\\\/b6992f131dc8d30ab0dff15446e9d346d9dbd95992de0fef795073f5ea83a81c?s=96&d=mm&r=g\",\"caption\":\"La Gu\u00eda de Pamplona\"}}]}<\/script>\n<!-- \/ Yoast SEO plugin. -->","yoast_head_json":{"title":"La Casa de la Juventud abre hasta el 16 de septiembre el plazo para solicitar la cesi\u00f3n gratuita de salas para usuarios estables","description":"J\u00f3venes y colectivos de j\u00f3venes de entre 14 y 30 a\u00f1os pueden solicitar ya este servicio, en el que se recibieron 64 solicitudes el curso pasado","robots":{"index":"index","follow":"follow","max-snippet":"max-snippet:-1","max-image-preview":"max-image-preview:large","max-video-preview":"max-video-preview:-1"},"canonical":"https:\/\/www.laguiadepamplona.com\/actualidad\/la-casa-de-la-juventud-abre-hasta-el-16-de-septiembre-el-plazo-para-solicitar-la-cesion-gratuita-de-salas-para-usuarios-estables\/","og_locale":"es_ES","og_type":"article","og_title":"La Casa de la Juventud abre hasta el 16 de septiembre el plazo para solicitar la cesi\u00f3n gratuita de salas para usuarios estables","og_description":"J\u00f3venes y colectivos de j\u00f3venes de entre 14 y 30 a\u00f1os pueden solicitar ya este servicio, en el que se recibieron 64 solicitudes el curso pasado","og_url":"https:\/\/www.laguiadepamplona.com\/actualidad\/la-casa-de-la-juventud-abre-hasta-el-16-de-septiembre-el-plazo-para-solicitar-la-cesion-gratuita-de-salas-para-usuarios-estables\/","og_site_name":"La Gu\u00eda de Pamplona","article_publisher":"https:\/\/www.facebook.com\/laguiadepamplonacom-133175176762273\/?ref=hl","article_published_time":"2022-08-11T11:27:33+00:00","article_modified_time":"2023-04-11T09:47:54+00:00","og_image":[{"width":1920,"height":1080,"url":"https:\/\/www.laguiadepamplona.com\/actualidad\/wp-content\/uploads\/2021\/01\/CASA-DE-LA-JUVENTUD.jpg","type":"image\/jpeg"}],"author":"La Gu\u00eda de Pamplona","twitter_card":"summary_large_image","twitter_creator":"@LaGuiadPamplona","twitter_site":"@LaGuiadPamplona","twitter_misc":{"Escrito por":"La Gu\u00eda de Pamplona","Tiempo de lectura":"3 minutos"},"schema":{"@context":"https:\/\/schema.org","@graph":[{"@type":"Article","@id":"https:\/\/www.laguiadepamplona.com\/actualidad\/la-casa-de-la-juventud-abre-hasta-el-16-de-septiembre-el-plazo-para-solicitar-la-cesion-gratuita-de-salas-para-usuarios-estables\/#article","isPartOf":{"@id":"https:\/\/www.laguiadepamplona.com\/actualidad\/la-casa-de-la-juventud-abre-hasta-el-16-de-septiembre-el-plazo-para-solicitar-la-cesion-gratuita-de-salas-para-usuarios-estables\/"},"author":{"name":"La Gu\u00eda de Pamplona","@id":"https:\/\/www.laguiadepamplona.com\/actualidad\/#\/schema\/person\/efe887376f0213d4657c93adc50b1fdb"},"headline":"La Casa de la Juventud abre hasta el 16 de septiembre el plazo para solicitar la cesi\u00f3n gratuita de salas para usuarios estables","datePublished":"2022-08-11T11:27:33+00:00","dateModified":"2023-04-11T09:47:54+00:00","mainEntityOfPage":{"@id":"https:\/\/www.laguiadepamplona.com\/actualidad\/la-casa-de-la-juventud-abre-hasta-el-16-de-septiembre-el-plazo-para-solicitar-la-cesion-gratuita-de-salas-para-usuarios-estables\/"},"wordCount":575,"commentCount":0,"publisher":{"@id":"https:\/\/www.laguiadepamplona.com\/actualidad\/#organization"},"image":{"@id":"https:\/\/www.laguiadepamplona.com\/actualidad\/la-casa-de-la-juventud-abre-hasta-el-16-de-septiembre-el-plazo-para-solicitar-la-cesion-gratuita-de-salas-para-usuarios-estables\/#primaryimage"},"thumbnailUrl":"https:\/\/www.laguiadepamplona.com\/actualidad\/wp-content\/uploads\/2021\/01\/CASA-DE-LA-JUVENTUD.jpg","articleSection":["Ayto Pamplona"],"inLanguage":"es","potentialAction":[{"@type":"CommentAction","name":"Comment","target":["https:\/\/www.laguiadepamplona.com\/actualidad\/la-casa-de-la-juventud-abre-hasta-el-16-de-septiembre-el-plazo-para-solicitar-la-cesion-gratuita-de-salas-para-usuarios-estables\/#respond"]}]},{"@type":"WebPage","@id":"https:\/\/www.laguiadepamplona.com\/actualidad\/la-casa-de-la-juventud-abre-hasta-el-16-de-septiembre-el-plazo-para-solicitar-la-cesion-gratuita-de-salas-para-usuarios-estables\/","url":"https:\/\/www.laguiadepamplona.com\/actualidad\/la-casa-de-la-juventud-abre-hasta-el-16-de-septiembre-el-plazo-para-solicitar-la-cesion-gratuita-de-salas-para-usuarios-estables\/","name":"La Casa de la Juventud abre hasta el 16 de septiembre el plazo para solicitar la cesi\u00f3n gratuita de salas para usuarios estables","isPartOf":{"@id":"https:\/\/www.laguiadepamplona.com\/actualidad\/#website"},"primaryImageOfPage":{"@id":"https:\/\/www.laguiadepamplona.com\/actualidad\/la-casa-de-la-juventud-abre-hasta-el-16-de-septiembre-el-plazo-para-solicitar-la-cesion-gratuita-de-salas-para-usuarios-estables\/#primaryimage"},"image":{"@id":"https:\/\/www.laguiadepamplona.com\/actualidad\/la-casa-de-la-juventud-abre-hasta-el-16-de-septiembre-el-plazo-para-solicitar-la-cesion-gratuita-de-salas-para-usuarios-estables\/#primaryimage"},"thumbnailUrl":"https:\/\/www.laguiadepamplona.com\/actualidad\/wp-content\/uploads\/2021\/01\/CASA-DE-LA-JUVENTUD.jpg","datePublished":"2022-08-11T11:27:33+00:00","dateModified":"2023-04-11T09:47:54+00:00","description":"J\u00f3venes y colectivos de j\u00f3venes de entre 14 y 30 a\u00f1os pueden solicitar ya este servicio, en el que se recibieron 64 solicitudes el curso pasado","breadcrumb":{"@id":"https:\/\/www.laguiadepamplona.com\/actualidad\/la-casa-de-la-juventud-abre-hasta-el-16-de-septiembre-el-plazo-para-solicitar-la-cesion-gratuita-de-salas-para-usuarios-estables\/#breadcrumb"},"inLanguage":"es","potentialAction":[{"@type":"ReadAction","target":["https:\/\/www.laguiadepamplona.com\/actualidad\/la-casa-de-la-juventud-abre-hasta-el-16-de-septiembre-el-plazo-para-solicitar-la-cesion-gratuita-de-salas-para-usuarios-estables\/"]}]},{"@type":"ImageObject","inLanguage":"es","@id":"https:\/\/www.laguiadepamplona.com\/actualidad\/la-casa-de-la-juventud-abre-hasta-el-16-de-septiembre-el-plazo-para-solicitar-la-cesion-gratuita-de-salas-para-usuarios-estables\/#primaryimage","url":"https:\/\/www.laguiadepamplona.com\/actualidad\/wp-content\/uploads\/2021\/01\/CASA-DE-LA-JUVENTUD.jpg","contentUrl":"https:\/\/www.laguiadepamplona.com\/actualidad\/wp-content\/uploads\/2021\/01\/CASA-DE-LA-JUVENTUD.jpg","width":1920,"height":1080,"caption":"casa juventud"},{"@type":"BreadcrumbList","@id":"https:\/\/www.laguiadepamplona.com\/actualidad\/la-casa-de-la-juventud-abre-hasta-el-16-de-septiembre-el-plazo-para-solicitar-la-cesion-gratuita-de-salas-para-usuarios-estables\/#breadcrumb","itemListElement":[{"@type":"ListItem","position":1,"name":"Portada","item":"https:\/\/www.laguiadepamplona.com\/actualidad\/"},{"@type":"ListItem","position":2,"name":"La Casa de la Juventud abre hasta el 16 de septiembre el plazo para solicitar la cesi\u00f3n gratuita de salas para usuarios estables"}]},{"@type":"WebSite","@id":"https:\/\/www.laguiadepamplona.com\/actualidad\/#website","url":"https:\/\/www.laguiadepamplona.com\/actualidad\/","name":"La gu\u00eda de Pamplona","description":"Noticias de Pamplona","publisher":{"@id":"https:\/\/www.laguiadepamplona.com\/actualidad\/#organization"},"potentialAction":[{"@type":"SearchAction","target":{"@type":"EntryPoint","urlTemplate":"https:\/\/www.laguiadepamplona.com\/actualidad\/?s={search_term_string}"},"query-input":{"@type":"PropertyValueSpecification","valueRequired":true,"valueName":"search_term_string"}}],"inLanguage":"es"},{"@type":"Organization","@id":"https:\/\/www.laguiadepamplona.com\/actualidad\/#organization","name":"La Gu\u00eda de Pamplona \/ Noticias","url":"https:\/\/www.laguiadepamplona.com\/actualidad\/","logo":{"@type":"ImageObject","inLanguage":"es","@id":"https:\/\/www.laguiadepamplona.com\/actualidad\/#\/schema\/logo\/image\/","url":"https:\/\/www.laguiadepamplona.com\/actualidad\/wp-content\/uploads\/2018\/11\/logo-laguiadepamplona18-web1.png","contentUrl":"https:\/\/www.laguiadepamplona.com\/actualidad\/wp-content\/uploads\/2018\/11\/logo-laguiadepamplona18-web1.png","width":600,"height":196,"caption":"La Gu\u00eda de Pamplona \/ Noticias"},"image":{"@id":"https:\/\/www.laguiadepamplona.com\/actualidad\/#\/schema\/logo\/image\/"},"sameAs":["https:\/\/www.facebook.com\/laguiadepamplonacom-133175176762273\/?ref=hl","https:\/\/x.com\/LaGuiadPamplona","https:\/\/www.instagram.com\/la_guia_de_pamplona\/","https:\/\/www.youtube.com\/user\/laguiadepamplona"]},{"@type":"Person","@id":"https:\/\/www.laguiadepamplona.com\/actualidad\/#\/schema\/person\/efe887376f0213d4657c93adc50b1fdb","name":"La Gu\u00eda de Pamplona","image":{"@type":"ImageObject","inLanguage":"es","@id":"https:\/\/secure.gravatar.com\/avatar\/b6992f131dc8d30ab0dff15446e9d346d9dbd95992de0fef795073f5ea83a81c?s=96&d=mm&r=g","url":"https:\/\/secure.gravatar.com\/avatar\/b6992f131dc8d30ab0dff15446e9d346d9dbd95992de0fef795073f5ea83a81c?s=96&d=mm&r=g","contentUrl":"https:\/\/secure.gravatar.com\/avatar\/b6992f131dc8d30ab0dff15446e9d346d9dbd95992de0fef795073f5ea83a81c?s=96&d=mm&r=g","caption":"La Gu\u00eda de Pamplona"}}]}},"post_mailing_queue_ids":[],"_links":{"self":[{"href":"https:\/\/www.laguiadepamplona.com\/actualidad\/wp-json\/wp\/v2\/posts\/41299","targetHints":{"allow":["GET"]}}],"collection":[{"href":"https:\/\/www.laguiadepamplona.com\/actualidad\/wp-json\/wp\/v2\/posts"}],"about":[{"href":"https:\/\/www.laguiadepamplona.com\/actualidad\/wp-json\/wp\/v2\/types\/post"}],"author":[{"embeddable":true,"href":"https:\/\/www.laguiadepamplona.com\/actualidad\/wp-json\/wp\/v2\/users\/1"}],"replies":[{"embeddable":true,"href":"https:\/\/www.laguiadepamplona.com\/actualidad\/wp-json\/wp\/v2\/comments?post=41299"}],"version-history":[{"count":0,"href":"https:\/\/www.laguiadepamplona.com\/actualidad\/wp-json\/wp\/v2\/posts\/41299\/revisions"}],"wp:featuredmedia":[{"embeddable":true,"href":"https:\/\/www.laguiadepamplona.com\/actualidad\/wp-json\/wp\/v2\/media\/32672"}],"wp:attachment":[{"href":"https:\/\/www.laguiadepamplona.com\/actualidad\/wp-json\/wp\/v2\/media?parent=41299"}],"wp:term":[{"taxonomy":"category","embeddable":true,"href":"https:\/\/www.laguiadepamplona.com\/actualidad\/wp-json\/wp\/v2\/categories?post=41299"},{"taxonomy":"post_tag","embeddable":true,"href":"https:\/\/www.laguiadepamplona.com\/actualidad\/wp-json\/wp\/v2\/tags?post=41299"}],"curies":[{"name":"wp","href":"https:\/\/api.w.org\/{rel}","templated":true}]}}