{"id":41296,"date":"2022-08-11T13:25:09","date_gmt":"2022-08-11T11:25:09","guid":{"rendered":"https:\/\/www.laguiadepamplona.com\/actualidad\/?p=41296"},"modified":"2023-04-11T11:47:54","modified_gmt":"2023-04-11T09:47:54","slug":"el-martes-16-de-agosto-reabren-los-ocho-polideportivos-municipales","status":"publish","type":"post","link":"https:\/\/www.laguiadepamplona.com\/actualidad\/el-martes-16-de-agosto-reabren-los-ocho-polideportivos-municipales\/","title":{"rendered":"El martes 16 de agosto reabren los ocho polideportivos municipales"},"content":{"rendered":"<h5>Ese mismo d\u00eda finaliza el plazo para solicitar el uso de instalaciones deportivas municipales para esta temporada<\/h5>\n<p><!--more--><\/p>\n<p>Este pr\u00f3ximo martes 16 de agosto el Ayuntamiento de Pamplona reabre los polideportivos p\u00fablicos de la ciudad. Esta decisi\u00f3n afecta a ocho polideportivos: Arrosad\u00eda, Azpilaga\u00f1a, Ermitaga\u00f1a, Ezcaba, Jose Mar\u00eda Iribarren, Mendillorri, San Jorge y Rochapea. El <a href=\"https:\/\/www.pamplona.es\/temas\/deporte\/polideportivos-municipales\" target=\"_blank\" rel=\"noopener\">conjunto de instalaciones<\/a> del Consistorio estar\u00e1 abierto lunes a viernes de 8.30 a 22 horas s\u00e1bados de 8.30 a 21.30 horas y, \u00fanicamente los Polideportivos de Arrosad\u00eda, Ezcaba, Mendillorri, Rochapea y San Jorge, Mendillorri tambi\u00e9n los domingos de 8.30 a 13.30 horas. En esta \u00faltima instalaci\u00f3n, adem\u00e1s de la cancha, estar\u00e1n disponiblesel trinquete y la sala de musculaci\u00f3n.<br \/>\n<script async src=\"\/\/pagead2.googlesyndication.com\/pagead\/js\/adsbygoogle.js\"><\/script><br \/>\n<!-- Noticias La Guia de Pamplona --><br \/>\n<ins class=\"adsbygoogle\"\nstyle=\"display:block\"\ndata-ad-client=\"ca-pub-6943679897239327\"\ndata-ad-slot=\"7048180777\"\ndata-ad-format=\"auto\"><\/ins><br \/>\n<script>\n(adsbygoogle = window.adsbygoogle || []).push({});\n<\/script><\/p>\n<p><strong>Solicitar el uso estable de instalaciones municipales<\/strong><\/p>\n<p>Las personas jur\u00eddicas que pueden optar al uso de esas instalaciones para la temporada deportiva 2022\/2023 son clubes\/sociedades deportivas, entes de promoci\u00f3n deportiva, APYMAS, federaciones, asociaciones deportivas, centros educativos\/consejos escolares, empresas, Gobierno de Navarra o equipos participantes en competiciones regladas, entre otros. Los impresos correspondientes para realizar la solicitud se pueden obtener en la <a href=\"https:\/\/sedeelectronica.pamplona.es\/\" target=\"_blank\" rel=\"noopener\">Sede Electr\u00f3nica<\/a> del Ayuntamiento de Pamplona, en la <a href=\"http:\/\/www.pamplona.es\/temas\/deporte\" target=\"_blank\" rel=\"noopener\">web municipal de deporte<\/a> o a trav\u00e9s del 010 (948 420 100 si se llama desde fuera de Pamplona o a desde el m\u00f3vil).<\/p>\n<p>Los espacios deportivos que pueden ser cedidos en el marco de esta convocatoria son los campos de f\u00fatbol de San Jorge, Lezkairu y Rochapea (El Irati); las pistas de los polideportivos municipales de Arrosad\u00eda, Azpilaga\u00f1a, Ermitaga\u00f1a, Ezcaba, Jos\u00e9 M\u00aa Iribarren, Mendillorri, Rochapea y San Jorge; salas deportivas (excluyendo gimnasios y salas de reuniones\/oficinas); trinquete de Mendillorri; pistas de p\u00e1del de Aranzadi; y calles de piscina en los complejos de Aranzadi y San Jorge.<br \/>\n<script async src=\"\/\/pagead2.googlesyndication.com\/pagead\/js\/adsbygoogle.js\"><\/script><br \/>\n<!-- Noticias La Guia de Pamplona --><br \/>\n<ins class=\"adsbygoogle\"\nstyle=\"display:block\"\ndata-ad-client=\"ca-pub-6943679897239327\"\ndata-ad-slot=\"7048180777\"\ndata-ad-format=\"auto\"><\/ins><br \/>\n<script>\n(adsbygoogle = window.adsbygoogle || []).push({});\n<\/script><\/p>\n<p><strong>Para actividades puntuales<\/strong><\/p>\n<p>En relaci\u00f3n a la solicitud de usos puntuales de espacios de los polideportivos municipales para un d\u00eda, en todas las instalaciones excepto las de Mendillorri, se podr\u00e1n pedir en el tel\u00e9fono 948 152278, el d\u00eda anterior al uso a partir de las 15 horas. Se requerir\u00e1 identificarse con nombre, DNI y tel\u00e9fono de contacto del solicitante. La prioridad de utilizaci\u00f3n la marcar\u00e1 el orden en el que se hayan realizado las solicitudes. En el caso del Trinquete-Polideportivo de Mendillorri la din\u00e1mica es la misma, pero el tel\u00e9fono de contacto es el 948 161607.<\/p>\n","protected":false},"excerpt":{"rendered":"<p>Ese mismo d\u00eda finaliza el plazo para solicitar el uso de instalaciones deportivas municipales para esta temporada<\/p>\n","protected":false},"author":1,"featured_media":41297,"comment_status":"open","ping_status":"closed","sticky":false,"template":"","format":"standard","meta":{"footnotes":""},"categories":[2],"tags":[],"class_list":["post-41296","post","type-post","status-publish","format-standard","has-post-thumbnail","hentry","category-ayuntamiento-pamplona"],"yoast_head":"<!-- This site is optimized with the Yoast SEO plugin v27.3 - https:\/\/yoast.com\/product\/yoast-seo-wordpress\/ -->\n<title>El martes 16 de agosto reabren los ocho polideportivos municipales<\/title>\n<meta name=\"description\" content=\"Ese mismo d\u00eda finaliza el plazo para solicitar el uso de instalaciones deportivas municipales o polideportivos para esta temporada\" \/>\n<meta name=\"robots\" content=\"index, follow, max-snippet:-1, max-image-preview:large, max-video-preview:-1\" \/>\n<link rel=\"canonical\" href=\"https:\/\/www.laguiadepamplona.com\/actualidad\/el-martes-16-de-agosto-reabren-los-ocho-polideportivos-municipales\/\" \/>\n<meta property=\"og:locale\" content=\"es_ES\" \/>\n<meta property=\"og:type\" content=\"article\" \/>\n<meta property=\"og:title\" content=\"El martes 16 de agosto reabren los ocho polideportivos municipales\" \/>\n<meta property=\"og:description\" content=\"Ese mismo d\u00eda finaliza el plazo para solicitar el uso de instalaciones deportivas municipales o polideportivos para esta temporada\" \/>\n<meta property=\"og:url\" content=\"https:\/\/www.laguiadepamplona.com\/actualidad\/el-martes-16-de-agosto-reabren-los-ocho-polideportivos-municipales\/\" \/>\n<meta property=\"og:site_name\" content=\"La Gu\u00eda de Pamplona\" \/>\n<meta property=\"article:publisher\" content=\"https:\/\/www.facebook.com\/laguiadepamplonacom-133175176762273\/?ref=hl\" \/>\n<meta property=\"article:published_time\" content=\"2022-08-11T11:25:09+00:00\" \/>\n<meta property=\"article:modified_time\" content=\"2023-04-11T09:47:54+00:00\" \/>\n<meta property=\"og:image\" content=\"https:\/\/www.laguiadepamplona.com\/actualidad\/wp-content\/uploads\/2022\/08\/18.08.31_Polideportivo-Arrosadia_2.webp\" \/>\n\t<meta property=\"og:image:width\" content=\"1620\" \/>\n\t<meta property=\"og:image:height\" content=\"1080\" \/>\n\t<meta property=\"og:image:type\" content=\"image\/webp\" \/>\n<meta name=\"author\" content=\"La Gu\u00eda de Pamplona\" \/>\n<meta name=\"twitter:card\" content=\"summary_large_image\" \/>\n<meta name=\"twitter:creator\" content=\"@LaGuiadPamplona\" \/>\n<meta name=\"twitter:site\" content=\"@LaGuiadPamplona\" \/>\n<meta name=\"twitter:label1\" content=\"Escrito por\" \/>\n\t<meta name=\"twitter:data1\" content=\"La Gu\u00eda de Pamplona\" \/>\n\t<meta name=\"twitter:label2\" content=\"Tiempo de lectura\" \/>\n\t<meta name=\"twitter:data2\" content=\"2 minutos\" \/>\n<script type=\"application\/ld+json\" class=\"yoast-schema-graph\">{\"@context\":\"https:\\\/\\\/schema.org\",\"@graph\":[{\"@type\":\"Article\",\"@id\":\"https:\\\/\\\/www.laguiadepamplona.com\\\/actualidad\\\/el-martes-16-de-agosto-reabren-los-ocho-polideportivos-municipales\\\/#article\",\"isPartOf\":{\"@id\":\"https:\\\/\\\/www.laguiadepamplona.com\\\/actualidad\\\/el-martes-16-de-agosto-reabren-los-ocho-polideportivos-municipales\\\/\"},\"author\":{\"name\":\"La Gu\u00eda de Pamplona\",\"@id\":\"https:\\\/\\\/www.laguiadepamplona.com\\\/actualidad\\\/#\\\/schema\\\/person\\\/efe887376f0213d4657c93adc50b1fdb\"},\"headline\":\"El martes 16 de agosto reabren los ocho polideportivos municipales\",\"datePublished\":\"2022-08-11T11:25:09+00:00\",\"dateModified\":\"2023-04-11T09:47:54+00:00\",\"mainEntityOfPage\":{\"@id\":\"https:\\\/\\\/www.laguiadepamplona.com\\\/actualidad\\\/el-martes-16-de-agosto-reabren-los-ocho-polideportivos-municipales\\\/\"},\"wordCount\":402,\"commentCount\":0,\"publisher\":{\"@id\":\"https:\\\/\\\/www.laguiadepamplona.com\\\/actualidad\\\/#organization\"},\"image\":{\"@id\":\"https:\\\/\\\/www.laguiadepamplona.com\\\/actualidad\\\/el-martes-16-de-agosto-reabren-los-ocho-polideportivos-municipales\\\/#primaryimage\"},\"thumbnailUrl\":\"https:\\\/\\\/www.laguiadepamplona.com\\\/actualidad\\\/wp-content\\\/uploads\\\/2022\\\/08\\\/18.08.31_Polideportivo-Arrosadia_2.webp\",\"articleSection\":[\"Ayto Pamplona\"],\"inLanguage\":\"es\",\"potentialAction\":[{\"@type\":\"CommentAction\",\"name\":\"Comment\",\"target\":[\"https:\\\/\\\/www.laguiadepamplona.com\\\/actualidad\\\/el-martes-16-de-agosto-reabren-los-ocho-polideportivos-municipales\\\/#respond\"]}]},{\"@type\":\"WebPage\",\"@id\":\"https:\\\/\\\/www.laguiadepamplona.com\\\/actualidad\\\/el-martes-16-de-agosto-reabren-los-ocho-polideportivos-municipales\\\/\",\"url\":\"https:\\\/\\\/www.laguiadepamplona.com\\\/actualidad\\\/el-martes-16-de-agosto-reabren-los-ocho-polideportivos-municipales\\\/\",\"name\":\"El martes 16 de agosto reabren los ocho polideportivos municipales\",\"isPartOf\":{\"@id\":\"https:\\\/\\\/www.laguiadepamplona.com\\\/actualidad\\\/#website\"},\"primaryImageOfPage\":{\"@id\":\"https:\\\/\\\/www.laguiadepamplona.com\\\/actualidad\\\/el-martes-16-de-agosto-reabren-los-ocho-polideportivos-municipales\\\/#primaryimage\"},\"image\":{\"@id\":\"https:\\\/\\\/www.laguiadepamplona.com\\\/actualidad\\\/el-martes-16-de-agosto-reabren-los-ocho-polideportivos-municipales\\\/#primaryimage\"},\"thumbnailUrl\":\"https:\\\/\\\/www.laguiadepamplona.com\\\/actualidad\\\/wp-content\\\/uploads\\\/2022\\\/08\\\/18.08.31_Polideportivo-Arrosadia_2.webp\",\"datePublished\":\"2022-08-11T11:25:09+00:00\",\"dateModified\":\"2023-04-11T09:47:54+00:00\",\"description\":\"Ese mismo d\u00eda finaliza el plazo para solicitar el uso de instalaciones deportivas municipales o polideportivos para esta temporada\",\"breadcrumb\":{\"@id\":\"https:\\\/\\\/www.laguiadepamplona.com\\\/actualidad\\\/el-martes-16-de-agosto-reabren-los-ocho-polideportivos-municipales\\\/#breadcrumb\"},\"inLanguage\":\"es\",\"potentialAction\":[{\"@type\":\"ReadAction\",\"target\":[\"https:\\\/\\\/www.laguiadepamplona.com\\\/actualidad\\\/el-martes-16-de-agosto-reabren-los-ocho-polideportivos-municipales\\\/\"]}]},{\"@type\":\"ImageObject\",\"inLanguage\":\"es\",\"@id\":\"https:\\\/\\\/www.laguiadepamplona.com\\\/actualidad\\\/el-martes-16-de-agosto-reabren-los-ocho-polideportivos-municipales\\\/#primaryimage\",\"url\":\"https:\\\/\\\/www.laguiadepamplona.com\\\/actualidad\\\/wp-content\\\/uploads\\\/2022\\\/08\\\/18.08.31_Polideportivo-Arrosadia_2.webp\",\"contentUrl\":\"https:\\\/\\\/www.laguiadepamplona.com\\\/actualidad\\\/wp-content\\\/uploads\\\/2022\\\/08\\\/18.08.31_Polideportivo-Arrosadia_2.webp\",\"width\":1620,\"height\":1080,\"caption\":\"polideportivos\"},{\"@type\":\"BreadcrumbList\",\"@id\":\"https:\\\/\\\/www.laguiadepamplona.com\\\/actualidad\\\/el-martes-16-de-agosto-reabren-los-ocho-polideportivos-municipales\\\/#breadcrumb\",\"itemListElement\":[{\"@type\":\"ListItem\",\"position\":1,\"name\":\"Portada\",\"item\":\"https:\\\/\\\/www.laguiadepamplona.com\\\/actualidad\\\/\"},{\"@type\":\"ListItem\",\"position\":2,\"name\":\"El martes 16 de agosto reabren los ocho polideportivos municipales\"}]},{\"@type\":\"WebSite\",\"@id\":\"https:\\\/\\\/www.laguiadepamplona.com\\\/actualidad\\\/#website\",\"url\":\"https:\\\/\\\/www.laguiadepamplona.com\\\/actualidad\\\/\",\"name\":\"La gu\u00eda de Pamplona\",\"description\":\"Noticias de Pamplona\",\"publisher\":{\"@id\":\"https:\\\/\\\/www.laguiadepamplona.com\\\/actualidad\\\/#organization\"},\"potentialAction\":[{\"@type\":\"SearchAction\",\"target\":{\"@type\":\"EntryPoint\",\"urlTemplate\":\"https:\\\/\\\/www.laguiadepamplona.com\\\/actualidad\\\/?s={search_term_string}\"},\"query-input\":{\"@type\":\"PropertyValueSpecification\",\"valueRequired\":true,\"valueName\":\"search_term_string\"}}],\"inLanguage\":\"es\"},{\"@type\":\"Organization\",\"@id\":\"https:\\\/\\\/www.laguiadepamplona.com\\\/actualidad\\\/#organization\",\"name\":\"La Gu\u00eda de Pamplona \\\/ Noticias\",\"url\":\"https:\\\/\\\/www.laguiadepamplona.com\\\/actualidad\\\/\",\"logo\":{\"@type\":\"ImageObject\",\"inLanguage\":\"es\",\"@id\":\"https:\\\/\\\/www.laguiadepamplona.com\\\/actualidad\\\/#\\\/schema\\\/logo\\\/image\\\/\",\"url\":\"https:\\\/\\\/www.laguiadepamplona.com\\\/actualidad\\\/wp-content\\\/uploads\\\/2018\\\/11\\\/logo-laguiadepamplona18-web1.png\",\"contentUrl\":\"https:\\\/\\\/www.laguiadepamplona.com\\\/actualidad\\\/wp-content\\\/uploads\\\/2018\\\/11\\\/logo-laguiadepamplona18-web1.png\",\"width\":600,\"height\":196,\"caption\":\"La Gu\u00eda de Pamplona \\\/ Noticias\"},\"image\":{\"@id\":\"https:\\\/\\\/www.laguiadepamplona.com\\\/actualidad\\\/#\\\/schema\\\/logo\\\/image\\\/\"},\"sameAs\":[\"https:\\\/\\\/www.facebook.com\\\/laguiadepamplonacom-133175176762273\\\/?ref=hl\",\"https:\\\/\\\/x.com\\\/LaGuiadPamplona\",\"https:\\\/\\\/www.instagram.com\\\/la_guia_de_pamplona\\\/\",\"https:\\\/\\\/www.youtube.com\\\/user\\\/laguiadepamplona\"]},{\"@type\":\"Person\",\"@id\":\"https:\\\/\\\/www.laguiadepamplona.com\\\/actualidad\\\/#\\\/schema\\\/person\\\/efe887376f0213d4657c93adc50b1fdb\",\"name\":\"La Gu\u00eda de Pamplona\",\"image\":{\"@type\":\"ImageObject\",\"inLanguage\":\"es\",\"@id\":\"https:\\\/\\\/secure.gravatar.com\\\/avatar\\\/b6992f131dc8d30ab0dff15446e9d346d9dbd95992de0fef795073f5ea83a81c?s=96&d=mm&r=g\",\"url\":\"https:\\\/\\\/secure.gravatar.com\\\/avatar\\\/b6992f131dc8d30ab0dff15446e9d346d9dbd95992de0fef795073f5ea83a81c?s=96&d=mm&r=g\",\"contentUrl\":\"https:\\\/\\\/secure.gravatar.com\\\/avatar\\\/b6992f131dc8d30ab0dff15446e9d346d9dbd95992de0fef795073f5ea83a81c?s=96&d=mm&r=g\",\"caption\":\"La Gu\u00eda de Pamplona\"}}]}<\/script>\n<!-- \/ Yoast SEO plugin. -->","yoast_head_json":{"title":"El martes 16 de agosto reabren los ocho polideportivos municipales","description":"Ese mismo d\u00eda finaliza el plazo para solicitar el uso de instalaciones deportivas municipales o polideportivos para esta temporada","robots":{"index":"index","follow":"follow","max-snippet":"max-snippet:-1","max-image-preview":"max-image-preview:large","max-video-preview":"max-video-preview:-1"},"canonical":"https:\/\/www.laguiadepamplona.com\/actualidad\/el-martes-16-de-agosto-reabren-los-ocho-polideportivos-municipales\/","og_locale":"es_ES","og_type":"article","og_title":"El martes 16 de agosto reabren los ocho polideportivos municipales","og_description":"Ese mismo d\u00eda finaliza el plazo para solicitar el uso de instalaciones deportivas municipales o polideportivos para esta temporada","og_url":"https:\/\/www.laguiadepamplona.com\/actualidad\/el-martes-16-de-agosto-reabren-los-ocho-polideportivos-municipales\/","og_site_name":"La Gu\u00eda de Pamplona","article_publisher":"https:\/\/www.facebook.com\/laguiadepamplonacom-133175176762273\/?ref=hl","article_published_time":"2022-08-11T11:25:09+00:00","article_modified_time":"2023-04-11T09:47:54+00:00","og_image":[{"width":1620,"height":1080,"url":"https:\/\/www.laguiadepamplona.com\/actualidad\/wp-content\/uploads\/2022\/08\/18.08.31_Polideportivo-Arrosadia_2.webp","type":"image\/webp"}],"author":"La Gu\u00eda de Pamplona","twitter_card":"summary_large_image","twitter_creator":"@LaGuiadPamplona","twitter_site":"@LaGuiadPamplona","twitter_misc":{"Escrito por":"La Gu\u00eda de Pamplona","Tiempo de lectura":"2 minutos"},"schema":{"@context":"https:\/\/schema.org","@graph":[{"@type":"Article","@id":"https:\/\/www.laguiadepamplona.com\/actualidad\/el-martes-16-de-agosto-reabren-los-ocho-polideportivos-municipales\/#article","isPartOf":{"@id":"https:\/\/www.laguiadepamplona.com\/actualidad\/el-martes-16-de-agosto-reabren-los-ocho-polideportivos-municipales\/"},"author":{"name":"La Gu\u00eda de Pamplona","@id":"https:\/\/www.laguiadepamplona.com\/actualidad\/#\/schema\/person\/efe887376f0213d4657c93adc50b1fdb"},"headline":"El martes 16 de agosto reabren los ocho polideportivos municipales","datePublished":"2022-08-11T11:25:09+00:00","dateModified":"2023-04-11T09:47:54+00:00","mainEntityOfPage":{"@id":"https:\/\/www.laguiadepamplona.com\/actualidad\/el-martes-16-de-agosto-reabren-los-ocho-polideportivos-municipales\/"},"wordCount":402,"commentCount":0,"publisher":{"@id":"https:\/\/www.laguiadepamplona.com\/actualidad\/#organization"},"image":{"@id":"https:\/\/www.laguiadepamplona.com\/actualidad\/el-martes-16-de-agosto-reabren-los-ocho-polideportivos-municipales\/#primaryimage"},"thumbnailUrl":"https:\/\/www.laguiadepamplona.com\/actualidad\/wp-content\/uploads\/2022\/08\/18.08.31_Polideportivo-Arrosadia_2.webp","articleSection":["Ayto Pamplona"],"inLanguage":"es","potentialAction":[{"@type":"CommentAction","name":"Comment","target":["https:\/\/www.laguiadepamplona.com\/actualidad\/el-martes-16-de-agosto-reabren-los-ocho-polideportivos-municipales\/#respond"]}]},{"@type":"WebPage","@id":"https:\/\/www.laguiadepamplona.com\/actualidad\/el-martes-16-de-agosto-reabren-los-ocho-polideportivos-municipales\/","url":"https:\/\/www.laguiadepamplona.com\/actualidad\/el-martes-16-de-agosto-reabren-los-ocho-polideportivos-municipales\/","name":"El martes 16 de agosto reabren los ocho polideportivos municipales","isPartOf":{"@id":"https:\/\/www.laguiadepamplona.com\/actualidad\/#website"},"primaryImageOfPage":{"@id":"https:\/\/www.laguiadepamplona.com\/actualidad\/el-martes-16-de-agosto-reabren-los-ocho-polideportivos-municipales\/#primaryimage"},"image":{"@id":"https:\/\/www.laguiadepamplona.com\/actualidad\/el-martes-16-de-agosto-reabren-los-ocho-polideportivos-municipales\/#primaryimage"},"thumbnailUrl":"https:\/\/www.laguiadepamplona.com\/actualidad\/wp-content\/uploads\/2022\/08\/18.08.31_Polideportivo-Arrosadia_2.webp","datePublished":"2022-08-11T11:25:09+00:00","dateModified":"2023-04-11T09:47:54+00:00","description":"Ese mismo d\u00eda finaliza el plazo para solicitar el uso de instalaciones deportivas municipales o polideportivos para esta temporada","breadcrumb":{"@id":"https:\/\/www.laguiadepamplona.com\/actualidad\/el-martes-16-de-agosto-reabren-los-ocho-polideportivos-municipales\/#breadcrumb"},"inLanguage":"es","potentialAction":[{"@type":"ReadAction","target":["https:\/\/www.laguiadepamplona.com\/actualidad\/el-martes-16-de-agosto-reabren-los-ocho-polideportivos-municipales\/"]}]},{"@type":"ImageObject","inLanguage":"es","@id":"https:\/\/www.laguiadepamplona.com\/actualidad\/el-martes-16-de-agosto-reabren-los-ocho-polideportivos-municipales\/#primaryimage","url":"https:\/\/www.laguiadepamplona.com\/actualidad\/wp-content\/uploads\/2022\/08\/18.08.31_Polideportivo-Arrosadia_2.webp","contentUrl":"https:\/\/www.laguiadepamplona.com\/actualidad\/wp-content\/uploads\/2022\/08\/18.08.31_Polideportivo-Arrosadia_2.webp","width":1620,"height":1080,"caption":"polideportivos"},{"@type":"BreadcrumbList","@id":"https:\/\/www.laguiadepamplona.com\/actualidad\/el-martes-16-de-agosto-reabren-los-ocho-polideportivos-municipales\/#breadcrumb","itemListElement":[{"@type":"ListItem","position":1,"name":"Portada","item":"https:\/\/www.laguiadepamplona.com\/actualidad\/"},{"@type":"ListItem","position":2,"name":"El martes 16 de agosto reabren los ocho polideportivos municipales"}]},{"@type":"WebSite","@id":"https:\/\/www.laguiadepamplona.com\/actualidad\/#website","url":"https:\/\/www.laguiadepamplona.com\/actualidad\/","name":"La gu\u00eda de Pamplona","description":"Noticias de Pamplona","publisher":{"@id":"https:\/\/www.laguiadepamplona.com\/actualidad\/#organization"},"potentialAction":[{"@type":"SearchAction","target":{"@type":"EntryPoint","urlTemplate":"https:\/\/www.laguiadepamplona.com\/actualidad\/?s={search_term_string}"},"query-input":{"@type":"PropertyValueSpecification","valueRequired":true,"valueName":"search_term_string"}}],"inLanguage":"es"},{"@type":"Organization","@id":"https:\/\/www.laguiadepamplona.com\/actualidad\/#organization","name":"La Gu\u00eda de Pamplona \/ Noticias","url":"https:\/\/www.laguiadepamplona.com\/actualidad\/","logo":{"@type":"ImageObject","inLanguage":"es","@id":"https:\/\/www.laguiadepamplona.com\/actualidad\/#\/schema\/logo\/image\/","url":"https:\/\/www.laguiadepamplona.com\/actualidad\/wp-content\/uploads\/2018\/11\/logo-laguiadepamplona18-web1.png","contentUrl":"https:\/\/www.laguiadepamplona.com\/actualidad\/wp-content\/uploads\/2018\/11\/logo-laguiadepamplona18-web1.png","width":600,"height":196,"caption":"La Gu\u00eda de Pamplona \/ Noticias"},"image":{"@id":"https:\/\/www.laguiadepamplona.com\/actualidad\/#\/schema\/logo\/image\/"},"sameAs":["https:\/\/www.facebook.com\/laguiadepamplonacom-133175176762273\/?ref=hl","https:\/\/x.com\/LaGuiadPamplona","https:\/\/www.instagram.com\/la_guia_de_pamplona\/","https:\/\/www.youtube.com\/user\/laguiadepamplona"]},{"@type":"Person","@id":"https:\/\/www.laguiadepamplona.com\/actualidad\/#\/schema\/person\/efe887376f0213d4657c93adc50b1fdb","name":"La Gu\u00eda de Pamplona","image":{"@type":"ImageObject","inLanguage":"es","@id":"https:\/\/secure.gravatar.com\/avatar\/b6992f131dc8d30ab0dff15446e9d346d9dbd95992de0fef795073f5ea83a81c?s=96&d=mm&r=g","url":"https:\/\/secure.gravatar.com\/avatar\/b6992f131dc8d30ab0dff15446e9d346d9dbd95992de0fef795073f5ea83a81c?s=96&d=mm&r=g","contentUrl":"https:\/\/secure.gravatar.com\/avatar\/b6992f131dc8d30ab0dff15446e9d346d9dbd95992de0fef795073f5ea83a81c?s=96&d=mm&r=g","caption":"La Gu\u00eda de Pamplona"}}]}},"post_mailing_queue_ids":[],"_links":{"self":[{"href":"https:\/\/www.laguiadepamplona.com\/actualidad\/wp-json\/wp\/v2\/posts\/41296","targetHints":{"allow":["GET"]}}],"collection":[{"href":"https:\/\/www.laguiadepamplona.com\/actualidad\/wp-json\/wp\/v2\/posts"}],"about":[{"href":"https:\/\/www.laguiadepamplona.com\/actualidad\/wp-json\/wp\/v2\/types\/post"}],"author":[{"embeddable":true,"href":"https:\/\/www.laguiadepamplona.com\/actualidad\/wp-json\/wp\/v2\/users\/1"}],"replies":[{"embeddable":true,"href":"https:\/\/www.laguiadepamplona.com\/actualidad\/wp-json\/wp\/v2\/comments?post=41296"}],"version-history":[{"count":0,"href":"https:\/\/www.laguiadepamplona.com\/actualidad\/wp-json\/wp\/v2\/posts\/41296\/revisions"}],"wp:featuredmedia":[{"embeddable":true,"href":"https:\/\/www.laguiadepamplona.com\/actualidad\/wp-json\/wp\/v2\/media\/41297"}],"wp:attachment":[{"href":"https:\/\/www.laguiadepamplona.com\/actualidad\/wp-json\/wp\/v2\/media?parent=41296"}],"wp:term":[{"taxonomy":"category","embeddable":true,"href":"https:\/\/www.laguiadepamplona.com\/actualidad\/wp-json\/wp\/v2\/categories?post=41296"},{"taxonomy":"post_tag","embeddable":true,"href":"https:\/\/www.laguiadepamplona.com\/actualidad\/wp-json\/wp\/v2\/tags?post=41296"}],"curies":[{"name":"wp","href":"https:\/\/api.w.org\/{rel}","templated":true}]}}