{"id":41289,"date":"2022-08-10T13:26:13","date_gmt":"2022-08-10T11:26:13","guid":{"rendered":"https:\/\/www.laguiadepamplona.com\/actualidad\/?p=41289"},"modified":"2023-04-11T11:47:54","modified_gmt":"2023-04-11T09:47:54","slug":"este-jueves-11-de-agosto-llega-el-cine-en-euskera-al-parque-del-lago-de-mendillorri-con-la-proyeccion-de-la-pelicula-francesa-el-chef-la-receta-de-la-felicidad","status":"publish","type":"post","link":"https:\/\/www.laguiadepamplona.com\/actualidad\/este-jueves-11-de-agosto-llega-el-cine-en-euskera-al-parque-del-lago-de-mendillorri-con-la-proyeccion-de-la-pelicula-francesa-el-chef-la-receta-de-la-felicidad\/","title":{"rendered":"Este jueves 11 de agosto llega el cine en euskera al parque del Lago de Mendillorri con la proyecci\u00f3n de la pel\u00edcula francesa \u2018El chef. La receta de la felicidad\u2019"},"content":{"rendered":"<h5>La semana acabar\u00e1 el viernes con m\u00e1s cine europeo en el patio del palacio de Ezpeleta: \u2018\u00a1A todo tren! Destino Asturias\u2019<\/h5>\n<p><!--more--><\/p>\n<p>Esta noche a las 22 horas se proyectar\u00e1 en el parque de Yamaguchi \u2018\u00a1Va por nosotras!\u2019 (Francia, 2019, 95\u2019) un drama feminista ambientado en el \u00e1mbito del deporte femenino y, con esa cinta, llega a la mitad de su segunda semana el ciclo Noche de Cine.<\/p>\n<p>Este jueves 11 de agosto lo previsto es la proyecci\u00f3n de la pel\u00edcula \u2018El chef. La receta de la felicidad\u2019 (Francia, 2012, 85\u2019), en su traducci\u00f3n al euskera \u2018Chef zorionaren errezeta\u2019, siempre con subt\u00edtulos en castellano. La comedia est\u00e1 protagonizada por el conocido actor Jean Reno y el joven Michael Youn, y narra las aventuras de un joven de empleo precario en cuyo destino laboral se cruza un c\u00e9lebre chef que ve amenazar su acomodada posici\u00f3n por el grupo financiero propietario de sus restaurantes.<br \/>\n<script async src=\"\/\/pagead2.googlesyndication.com\/pagead\/js\/adsbygoogle.js\"><\/script><br \/>\n<!-- Noticias La Guia de Pamplona --><br \/>\n<ins class=\"adsbygoogle\"\nstyle=\"display:block\"\ndata-ad-client=\"ca-pub-6943679897239327\"\ndata-ad-slot=\"7048180777\"\ndata-ad-format=\"auto\"><\/ins><br \/>\n<script>\n(adsbygoogle = window.adsbygoogle || []).push({});\n<\/script><\/p>\n<p>El ciclo completo llega a su ecuador el viernes 12 de agosto con la proyecci\u00f3n de otra cinta de humor \u2018\u00a1A todo tren! Destino Asturias\u2019 (Espa\u00f1a, 2021, 88\u2019), una cinta dirigida por Santiago Segura que se proyectar\u00e1 en el patio del Palacio de Ezpeleta, en el Casco Antiguo. Su guion, protagonizado por algunos de los actores y actrices de comedia m\u00e1s conocidos del pa\u00eds: desde el propio Santiago Segura a Leo Harlem, Joaqu\u00edn Reyes o Josema Yuste; adem\u00e1s, en el elenco hay caras habituales del cine y la televisi\u00f3n: Paz Vega, Jorge Sanz, Cristina Pedroche, Paz Padilla, Antonio Resines, etc.<\/p>\n<p>La pel\u00edcula es una <em>road movie<\/em> a la espa\u00f1ola; Ricardo, un padre responsable volcado en su hijo y Felipe, un abuelo extravagante e irresponsable deciden llevar en tren a un campamento a un grupo de ni\u00f1os y ni\u00f1as. Cuando el transporte arranque, los adultos no estar\u00e1n dentro y comenzar\u00e1 la disparatada persecuci\u00f3n y el viaje sin supervisi\u00f3n de los menores.<br \/>\n<script async src=\"\/\/pagead2.googlesyndication.com\/pagead\/js\/adsbygoogle.js\"><\/script><br \/>\n<!-- Noticias La Guia de Pamplona --><br \/>\n<ins class=\"adsbygoogle\"\nstyle=\"display:block\"\ndata-ad-client=\"ca-pub-6943679897239327\"\ndata-ad-slot=\"7048180777\"\ndata-ad-format=\"auto\"><\/ins><br \/>\n<script>\n(adsbygoogle = window.adsbygoogle || []).push({});\n<\/script><\/p>\n<p>&nbsp;<\/p>\n<h3><strong>Noches de Cine<\/strong><\/h3>\n<ul>\n<li><strong>Mi\u00e9rcoles 10 de agosto<\/strong>. Parque de Yamaguchi<\/li>\n<\/ul>\n<p>\u00a1Va por nosotras<\/p>\n<ul>\n<li><strong>Jueves 11 de agosto<\/strong>. Parque del Lago de Mendillorri<\/li>\n<\/ul>\n<p>El chef. La receta de la felicidad\/Chef zorionaren errezeta (en euskera, con subt\u00edtulos en castellano)<\/p>\n<ul>\n<li><strong>Viernes 12 de agosto<\/strong>. Patio del Palacio de Ezpeleta<\/li>\n<\/ul>\n<p>\u00a1A todo tren! Destino Asturias<\/p>\n","protected":false},"excerpt":{"rendered":"<p>La semana acabar\u00e1 el viernes con m\u00e1s cine europeo en el patio del palacio de Ezpeleta: \u2018\u00a1A todo tren! Destino Asturias\u2019<\/p>\n","protected":false},"author":1,"featured_media":41235,"comment_status":"open","ping_status":"closed","sticky":false,"template":"","format":"standard","meta":{"footnotes":""},"categories":[2],"tags":[],"class_list":["post-41289","post","type-post","status-publish","format-standard","has-post-thumbnail","hentry","category-ayuntamiento-pamplona"],"yoast_head":"<!-- This site is optimized with the Yoast SEO plugin v27.3 - https:\/\/yoast.com\/product\/yoast-seo-wordpress\/ -->\n<title>Este jueves 11 de agosto llega el cine en euskera al parque del Lago de Mendillorri con la proyecci\u00f3n de la pel\u00edcula francesa \u2018El chef. La receta de la felicidad\u2019<\/title>\n<meta name=\"description\" content=\"La semana acabar\u00e1 el viernes con m\u00e1s cine europeo en el patio del palacio de Ezpeleta: \u2018\u00a1A todo tren! Destino Asturias\u2019\" \/>\n<meta name=\"robots\" content=\"index, follow, max-snippet:-1, max-image-preview:large, max-video-preview:-1\" \/>\n<link rel=\"canonical\" href=\"https:\/\/www.laguiadepamplona.com\/actualidad\/este-jueves-11-de-agosto-llega-el-cine-en-euskera-al-parque-del-lago-de-mendillorri-con-la-proyeccion-de-la-pelicula-francesa-el-chef-la-receta-de-la-felicidad\/\" \/>\n<meta property=\"og:locale\" content=\"es_ES\" \/>\n<meta property=\"og:type\" content=\"article\" \/>\n<meta property=\"og:title\" content=\"Este jueves 11 de agosto llega el cine en euskera al parque del Lago de Mendillorri con la proyecci\u00f3n de la pel\u00edcula francesa \u2018El chef. La receta de la felicidad\u2019\" \/>\n<meta property=\"og:description\" content=\"La semana acabar\u00e1 el viernes con m\u00e1s cine europeo en el patio del palacio de Ezpeleta: \u2018\u00a1A todo tren! Destino Asturias\u2019\" \/>\n<meta property=\"og:url\" content=\"https:\/\/www.laguiadepamplona.com\/actualidad\/este-jueves-11-de-agosto-llega-el-cine-en-euskera-al-parque-del-lago-de-mendillorri-con-la-proyeccion-de-la-pelicula-francesa-el-chef-la-receta-de-la-felicidad\/\" \/>\n<meta property=\"og:site_name\" content=\"La Gu\u00eda de Pamplona\" \/>\n<meta property=\"article:publisher\" content=\"https:\/\/www.facebook.com\/laguiadepamplonacom-133175176762273\/?ref=hl\" \/>\n<meta property=\"article:published_time\" content=\"2022-08-10T11:26:13+00:00\" \/>\n<meta property=\"article:modified_time\" content=\"2023-04-11T09:47:54+00:00\" \/>\n<meta property=\"og:image\" content=\"https:\/\/www.laguiadepamplona.com\/actualidad\/wp-content\/uploads\/2022\/08\/CINE-VERANO-BUSTINTXURI_EE5A3973.webp\" \/>\n\t<meta property=\"og:image:width\" content=\"1920\" \/>\n\t<meta property=\"og:image:height\" content=\"1280\" \/>\n\t<meta property=\"og:image:type\" content=\"image\/webp\" \/>\n<meta name=\"author\" content=\"La Gu\u00eda de Pamplona\" \/>\n<meta name=\"twitter:card\" content=\"summary_large_image\" \/>\n<meta name=\"twitter:creator\" content=\"@LaGuiadPamplona\" \/>\n<meta name=\"twitter:site\" content=\"@LaGuiadPamplona\" \/>\n<meta name=\"twitter:label1\" content=\"Escrito por\" \/>\n\t<meta name=\"twitter:data1\" content=\"La Gu\u00eda de Pamplona\" \/>\n\t<meta name=\"twitter:label2\" content=\"Tiempo de lectura\" \/>\n\t<meta name=\"twitter:data2\" content=\"2 minutos\" \/>\n<script type=\"application\/ld+json\" class=\"yoast-schema-graph\">{\"@context\":\"https:\\\/\\\/schema.org\",\"@graph\":[{\"@type\":\"Article\",\"@id\":\"https:\\\/\\\/www.laguiadepamplona.com\\\/actualidad\\\/este-jueves-11-de-agosto-llega-el-cine-en-euskera-al-parque-del-lago-de-mendillorri-con-la-proyeccion-de-la-pelicula-francesa-el-chef-la-receta-de-la-felicidad\\\/#article\",\"isPartOf\":{\"@id\":\"https:\\\/\\\/www.laguiadepamplona.com\\\/actualidad\\\/este-jueves-11-de-agosto-llega-el-cine-en-euskera-al-parque-del-lago-de-mendillorri-con-la-proyeccion-de-la-pelicula-francesa-el-chef-la-receta-de-la-felicidad\\\/\"},\"author\":{\"name\":\"La Gu\u00eda de Pamplona\",\"@id\":\"https:\\\/\\\/www.laguiadepamplona.com\\\/actualidad\\\/#\\\/schema\\\/person\\\/efe887376f0213d4657c93adc50b1fdb\"},\"headline\":\"Este jueves 11 de agosto llega el cine en euskera al parque del Lago de Mendillorri con la proyecci\u00f3n de la pel\u00edcula francesa \u2018El chef. La receta de la felicidad\u2019\",\"datePublished\":\"2022-08-10T11:26:13+00:00\",\"dateModified\":\"2023-04-11T09:47:54+00:00\",\"mainEntityOfPage\":{\"@id\":\"https:\\\/\\\/www.laguiadepamplona.com\\\/actualidad\\\/este-jueves-11-de-agosto-llega-el-cine-en-euskera-al-parque-del-lago-de-mendillorri-con-la-proyeccion-de-la-pelicula-francesa-el-chef-la-receta-de-la-felicidad\\\/\"},\"wordCount\":406,\"commentCount\":0,\"publisher\":{\"@id\":\"https:\\\/\\\/www.laguiadepamplona.com\\\/actualidad\\\/#organization\"},\"image\":{\"@id\":\"https:\\\/\\\/www.laguiadepamplona.com\\\/actualidad\\\/este-jueves-11-de-agosto-llega-el-cine-en-euskera-al-parque-del-lago-de-mendillorri-con-la-proyeccion-de-la-pelicula-francesa-el-chef-la-receta-de-la-felicidad\\\/#primaryimage\"},\"thumbnailUrl\":\"https:\\\/\\\/www.laguiadepamplona.com\\\/actualidad\\\/wp-content\\\/uploads\\\/2022\\\/08\\\/CINE-VERANO-BUSTINTXURI_EE5A3973.webp\",\"articleSection\":[\"Ayto Pamplona\"],\"inLanguage\":\"es\",\"potentialAction\":[{\"@type\":\"CommentAction\",\"name\":\"Comment\",\"target\":[\"https:\\\/\\\/www.laguiadepamplona.com\\\/actualidad\\\/este-jueves-11-de-agosto-llega-el-cine-en-euskera-al-parque-del-lago-de-mendillorri-con-la-proyeccion-de-la-pelicula-francesa-el-chef-la-receta-de-la-felicidad\\\/#respond\"]}]},{\"@type\":\"WebPage\",\"@id\":\"https:\\\/\\\/www.laguiadepamplona.com\\\/actualidad\\\/este-jueves-11-de-agosto-llega-el-cine-en-euskera-al-parque-del-lago-de-mendillorri-con-la-proyeccion-de-la-pelicula-francesa-el-chef-la-receta-de-la-felicidad\\\/\",\"url\":\"https:\\\/\\\/www.laguiadepamplona.com\\\/actualidad\\\/este-jueves-11-de-agosto-llega-el-cine-en-euskera-al-parque-del-lago-de-mendillorri-con-la-proyeccion-de-la-pelicula-francesa-el-chef-la-receta-de-la-felicidad\\\/\",\"name\":\"Este jueves 11 de agosto llega el cine en euskera al parque del Lago de Mendillorri con la proyecci\u00f3n de la pel\u00edcula francesa \u2018El chef. La receta de la felicidad\u2019\",\"isPartOf\":{\"@id\":\"https:\\\/\\\/www.laguiadepamplona.com\\\/actualidad\\\/#website\"},\"primaryImageOfPage\":{\"@id\":\"https:\\\/\\\/www.laguiadepamplona.com\\\/actualidad\\\/este-jueves-11-de-agosto-llega-el-cine-en-euskera-al-parque-del-lago-de-mendillorri-con-la-proyeccion-de-la-pelicula-francesa-el-chef-la-receta-de-la-felicidad\\\/#primaryimage\"},\"image\":{\"@id\":\"https:\\\/\\\/www.laguiadepamplona.com\\\/actualidad\\\/este-jueves-11-de-agosto-llega-el-cine-en-euskera-al-parque-del-lago-de-mendillorri-con-la-proyeccion-de-la-pelicula-francesa-el-chef-la-receta-de-la-felicidad\\\/#primaryimage\"},\"thumbnailUrl\":\"https:\\\/\\\/www.laguiadepamplona.com\\\/actualidad\\\/wp-content\\\/uploads\\\/2022\\\/08\\\/CINE-VERANO-BUSTINTXURI_EE5A3973.webp\",\"datePublished\":\"2022-08-10T11:26:13+00:00\",\"dateModified\":\"2023-04-11T09:47:54+00:00\",\"description\":\"La semana acabar\u00e1 el viernes con m\u00e1s cine europeo en el patio del palacio de Ezpeleta: \u2018\u00a1A todo tren! Destino Asturias\u2019\",\"breadcrumb\":{\"@id\":\"https:\\\/\\\/www.laguiadepamplona.com\\\/actualidad\\\/este-jueves-11-de-agosto-llega-el-cine-en-euskera-al-parque-del-lago-de-mendillorri-con-la-proyeccion-de-la-pelicula-francesa-el-chef-la-receta-de-la-felicidad\\\/#breadcrumb\"},\"inLanguage\":\"es\",\"potentialAction\":[{\"@type\":\"ReadAction\",\"target\":[\"https:\\\/\\\/www.laguiadepamplona.com\\\/actualidad\\\/este-jueves-11-de-agosto-llega-el-cine-en-euskera-al-parque-del-lago-de-mendillorri-con-la-proyeccion-de-la-pelicula-francesa-el-chef-la-receta-de-la-felicidad\\\/\"]}]},{\"@type\":\"ImageObject\",\"inLanguage\":\"es\",\"@id\":\"https:\\\/\\\/www.laguiadepamplona.com\\\/actualidad\\\/este-jueves-11-de-agosto-llega-el-cine-en-euskera-al-parque-del-lago-de-mendillorri-con-la-proyeccion-de-la-pelicula-francesa-el-chef-la-receta-de-la-felicidad\\\/#primaryimage\",\"url\":\"https:\\\/\\\/www.laguiadepamplona.com\\\/actualidad\\\/wp-content\\\/uploads\\\/2022\\\/08\\\/CINE-VERANO-BUSTINTXURI_EE5A3973.webp\",\"contentUrl\":\"https:\\\/\\\/www.laguiadepamplona.com\\\/actualidad\\\/wp-content\\\/uploads\\\/2022\\\/08\\\/CINE-VERANO-BUSTINTXURI_EE5A3973.webp\",\"width\":1920,\"height\":1280,\"caption\":\"noche de cine\"},{\"@type\":\"BreadcrumbList\",\"@id\":\"https:\\\/\\\/www.laguiadepamplona.com\\\/actualidad\\\/este-jueves-11-de-agosto-llega-el-cine-en-euskera-al-parque-del-lago-de-mendillorri-con-la-proyeccion-de-la-pelicula-francesa-el-chef-la-receta-de-la-felicidad\\\/#breadcrumb\",\"itemListElement\":[{\"@type\":\"ListItem\",\"position\":1,\"name\":\"Portada\",\"item\":\"https:\\\/\\\/www.laguiadepamplona.com\\\/actualidad\\\/\"},{\"@type\":\"ListItem\",\"position\":2,\"name\":\"Este jueves 11 de agosto llega el cine en euskera al parque del Lago de Mendillorri con la proyecci\u00f3n de la pel\u00edcula francesa \u2018El chef. La receta de la felicidad\u2019\"}]},{\"@type\":\"WebSite\",\"@id\":\"https:\\\/\\\/www.laguiadepamplona.com\\\/actualidad\\\/#website\",\"url\":\"https:\\\/\\\/www.laguiadepamplona.com\\\/actualidad\\\/\",\"name\":\"La gu\u00eda de Pamplona\",\"description\":\"Noticias de Pamplona\",\"publisher\":{\"@id\":\"https:\\\/\\\/www.laguiadepamplona.com\\\/actualidad\\\/#organization\"},\"potentialAction\":[{\"@type\":\"SearchAction\",\"target\":{\"@type\":\"EntryPoint\",\"urlTemplate\":\"https:\\\/\\\/www.laguiadepamplona.com\\\/actualidad\\\/?s={search_term_string}\"},\"query-input\":{\"@type\":\"PropertyValueSpecification\",\"valueRequired\":true,\"valueName\":\"search_term_string\"}}],\"inLanguage\":\"es\"},{\"@type\":\"Organization\",\"@id\":\"https:\\\/\\\/www.laguiadepamplona.com\\\/actualidad\\\/#organization\",\"name\":\"La Gu\u00eda de Pamplona \\\/ Noticias\",\"url\":\"https:\\\/\\\/www.laguiadepamplona.com\\\/actualidad\\\/\",\"logo\":{\"@type\":\"ImageObject\",\"inLanguage\":\"es\",\"@id\":\"https:\\\/\\\/www.laguiadepamplona.com\\\/actualidad\\\/#\\\/schema\\\/logo\\\/image\\\/\",\"url\":\"https:\\\/\\\/www.laguiadepamplona.com\\\/actualidad\\\/wp-content\\\/uploads\\\/2018\\\/11\\\/logo-laguiadepamplona18-web1.png\",\"contentUrl\":\"https:\\\/\\\/www.laguiadepamplona.com\\\/actualidad\\\/wp-content\\\/uploads\\\/2018\\\/11\\\/logo-laguiadepamplona18-web1.png\",\"width\":600,\"height\":196,\"caption\":\"La Gu\u00eda de Pamplona \\\/ Noticias\"},\"image\":{\"@id\":\"https:\\\/\\\/www.laguiadepamplona.com\\\/actualidad\\\/#\\\/schema\\\/logo\\\/image\\\/\"},\"sameAs\":[\"https:\\\/\\\/www.facebook.com\\\/laguiadepamplonacom-133175176762273\\\/?ref=hl\",\"https:\\\/\\\/x.com\\\/LaGuiadPamplona\",\"https:\\\/\\\/www.instagram.com\\\/la_guia_de_pamplona\\\/\",\"https:\\\/\\\/www.youtube.com\\\/user\\\/laguiadepamplona\"]},{\"@type\":\"Person\",\"@id\":\"https:\\\/\\\/www.laguiadepamplona.com\\\/actualidad\\\/#\\\/schema\\\/person\\\/efe887376f0213d4657c93adc50b1fdb\",\"name\":\"La Gu\u00eda de Pamplona\",\"image\":{\"@type\":\"ImageObject\",\"inLanguage\":\"es\",\"@id\":\"https:\\\/\\\/secure.gravatar.com\\\/avatar\\\/b6992f131dc8d30ab0dff15446e9d346d9dbd95992de0fef795073f5ea83a81c?s=96&d=mm&r=g\",\"url\":\"https:\\\/\\\/secure.gravatar.com\\\/avatar\\\/b6992f131dc8d30ab0dff15446e9d346d9dbd95992de0fef795073f5ea83a81c?s=96&d=mm&r=g\",\"contentUrl\":\"https:\\\/\\\/secure.gravatar.com\\\/avatar\\\/b6992f131dc8d30ab0dff15446e9d346d9dbd95992de0fef795073f5ea83a81c?s=96&d=mm&r=g\",\"caption\":\"La Gu\u00eda de Pamplona\"}}]}<\/script>\n<!-- \/ Yoast SEO plugin. -->","yoast_head_json":{"title":"Este jueves 11 de agosto llega el cine en euskera al parque del Lago de Mendillorri con la proyecci\u00f3n de la pel\u00edcula francesa \u2018El chef. La receta de la felicidad\u2019","description":"La semana acabar\u00e1 el viernes con m\u00e1s cine europeo en el patio del palacio de Ezpeleta: \u2018\u00a1A todo tren! Destino Asturias\u2019","robots":{"index":"index","follow":"follow","max-snippet":"max-snippet:-1","max-image-preview":"max-image-preview:large","max-video-preview":"max-video-preview:-1"},"canonical":"https:\/\/www.laguiadepamplona.com\/actualidad\/este-jueves-11-de-agosto-llega-el-cine-en-euskera-al-parque-del-lago-de-mendillorri-con-la-proyeccion-de-la-pelicula-francesa-el-chef-la-receta-de-la-felicidad\/","og_locale":"es_ES","og_type":"article","og_title":"Este jueves 11 de agosto llega el cine en euskera al parque del Lago de Mendillorri con la proyecci\u00f3n de la pel\u00edcula francesa \u2018El chef. La receta de la felicidad\u2019","og_description":"La semana acabar\u00e1 el viernes con m\u00e1s cine europeo en el patio del palacio de Ezpeleta: \u2018\u00a1A todo tren! Destino Asturias\u2019","og_url":"https:\/\/www.laguiadepamplona.com\/actualidad\/este-jueves-11-de-agosto-llega-el-cine-en-euskera-al-parque-del-lago-de-mendillorri-con-la-proyeccion-de-la-pelicula-francesa-el-chef-la-receta-de-la-felicidad\/","og_site_name":"La Gu\u00eda de Pamplona","article_publisher":"https:\/\/www.facebook.com\/laguiadepamplonacom-133175176762273\/?ref=hl","article_published_time":"2022-08-10T11:26:13+00:00","article_modified_time":"2023-04-11T09:47:54+00:00","og_image":[{"width":1920,"height":1280,"url":"https:\/\/www.laguiadepamplona.com\/actualidad\/wp-content\/uploads\/2022\/08\/CINE-VERANO-BUSTINTXURI_EE5A3973.webp","type":"image\/webp"}],"author":"La Gu\u00eda de Pamplona","twitter_card":"summary_large_image","twitter_creator":"@LaGuiadPamplona","twitter_site":"@LaGuiadPamplona","twitter_misc":{"Escrito por":"La Gu\u00eda de Pamplona","Tiempo de lectura":"2 minutos"},"schema":{"@context":"https:\/\/schema.org","@graph":[{"@type":"Article","@id":"https:\/\/www.laguiadepamplona.com\/actualidad\/este-jueves-11-de-agosto-llega-el-cine-en-euskera-al-parque-del-lago-de-mendillorri-con-la-proyeccion-de-la-pelicula-francesa-el-chef-la-receta-de-la-felicidad\/#article","isPartOf":{"@id":"https:\/\/www.laguiadepamplona.com\/actualidad\/este-jueves-11-de-agosto-llega-el-cine-en-euskera-al-parque-del-lago-de-mendillorri-con-la-proyeccion-de-la-pelicula-francesa-el-chef-la-receta-de-la-felicidad\/"},"author":{"name":"La Gu\u00eda de Pamplona","@id":"https:\/\/www.laguiadepamplona.com\/actualidad\/#\/schema\/person\/efe887376f0213d4657c93adc50b1fdb"},"headline":"Este jueves 11 de agosto llega el cine en euskera al parque del Lago de Mendillorri con la proyecci\u00f3n de la pel\u00edcula francesa \u2018El chef. La receta de la felicidad\u2019","datePublished":"2022-08-10T11:26:13+00:00","dateModified":"2023-04-11T09:47:54+00:00","mainEntityOfPage":{"@id":"https:\/\/www.laguiadepamplona.com\/actualidad\/este-jueves-11-de-agosto-llega-el-cine-en-euskera-al-parque-del-lago-de-mendillorri-con-la-proyeccion-de-la-pelicula-francesa-el-chef-la-receta-de-la-felicidad\/"},"wordCount":406,"commentCount":0,"publisher":{"@id":"https:\/\/www.laguiadepamplona.com\/actualidad\/#organization"},"image":{"@id":"https:\/\/www.laguiadepamplona.com\/actualidad\/este-jueves-11-de-agosto-llega-el-cine-en-euskera-al-parque-del-lago-de-mendillorri-con-la-proyeccion-de-la-pelicula-francesa-el-chef-la-receta-de-la-felicidad\/#primaryimage"},"thumbnailUrl":"https:\/\/www.laguiadepamplona.com\/actualidad\/wp-content\/uploads\/2022\/08\/CINE-VERANO-BUSTINTXURI_EE5A3973.webp","articleSection":["Ayto Pamplona"],"inLanguage":"es","potentialAction":[{"@type":"CommentAction","name":"Comment","target":["https:\/\/www.laguiadepamplona.com\/actualidad\/este-jueves-11-de-agosto-llega-el-cine-en-euskera-al-parque-del-lago-de-mendillorri-con-la-proyeccion-de-la-pelicula-francesa-el-chef-la-receta-de-la-felicidad\/#respond"]}]},{"@type":"WebPage","@id":"https:\/\/www.laguiadepamplona.com\/actualidad\/este-jueves-11-de-agosto-llega-el-cine-en-euskera-al-parque-del-lago-de-mendillorri-con-la-proyeccion-de-la-pelicula-francesa-el-chef-la-receta-de-la-felicidad\/","url":"https:\/\/www.laguiadepamplona.com\/actualidad\/este-jueves-11-de-agosto-llega-el-cine-en-euskera-al-parque-del-lago-de-mendillorri-con-la-proyeccion-de-la-pelicula-francesa-el-chef-la-receta-de-la-felicidad\/","name":"Este jueves 11 de agosto llega el cine en euskera al parque del Lago de Mendillorri con la proyecci\u00f3n de la pel\u00edcula francesa \u2018El chef. La receta de la felicidad\u2019","isPartOf":{"@id":"https:\/\/www.laguiadepamplona.com\/actualidad\/#website"},"primaryImageOfPage":{"@id":"https:\/\/www.laguiadepamplona.com\/actualidad\/este-jueves-11-de-agosto-llega-el-cine-en-euskera-al-parque-del-lago-de-mendillorri-con-la-proyeccion-de-la-pelicula-francesa-el-chef-la-receta-de-la-felicidad\/#primaryimage"},"image":{"@id":"https:\/\/www.laguiadepamplona.com\/actualidad\/este-jueves-11-de-agosto-llega-el-cine-en-euskera-al-parque-del-lago-de-mendillorri-con-la-proyeccion-de-la-pelicula-francesa-el-chef-la-receta-de-la-felicidad\/#primaryimage"},"thumbnailUrl":"https:\/\/www.laguiadepamplona.com\/actualidad\/wp-content\/uploads\/2022\/08\/CINE-VERANO-BUSTINTXURI_EE5A3973.webp","datePublished":"2022-08-10T11:26:13+00:00","dateModified":"2023-04-11T09:47:54+00:00","description":"La semana acabar\u00e1 el viernes con m\u00e1s cine europeo en el patio del palacio de Ezpeleta: \u2018\u00a1A todo tren! Destino Asturias\u2019","breadcrumb":{"@id":"https:\/\/www.laguiadepamplona.com\/actualidad\/este-jueves-11-de-agosto-llega-el-cine-en-euskera-al-parque-del-lago-de-mendillorri-con-la-proyeccion-de-la-pelicula-francesa-el-chef-la-receta-de-la-felicidad\/#breadcrumb"},"inLanguage":"es","potentialAction":[{"@type":"ReadAction","target":["https:\/\/www.laguiadepamplona.com\/actualidad\/este-jueves-11-de-agosto-llega-el-cine-en-euskera-al-parque-del-lago-de-mendillorri-con-la-proyeccion-de-la-pelicula-francesa-el-chef-la-receta-de-la-felicidad\/"]}]},{"@type":"ImageObject","inLanguage":"es","@id":"https:\/\/www.laguiadepamplona.com\/actualidad\/este-jueves-11-de-agosto-llega-el-cine-en-euskera-al-parque-del-lago-de-mendillorri-con-la-proyeccion-de-la-pelicula-francesa-el-chef-la-receta-de-la-felicidad\/#primaryimage","url":"https:\/\/www.laguiadepamplona.com\/actualidad\/wp-content\/uploads\/2022\/08\/CINE-VERANO-BUSTINTXURI_EE5A3973.webp","contentUrl":"https:\/\/www.laguiadepamplona.com\/actualidad\/wp-content\/uploads\/2022\/08\/CINE-VERANO-BUSTINTXURI_EE5A3973.webp","width":1920,"height":1280,"caption":"noche de cine"},{"@type":"BreadcrumbList","@id":"https:\/\/www.laguiadepamplona.com\/actualidad\/este-jueves-11-de-agosto-llega-el-cine-en-euskera-al-parque-del-lago-de-mendillorri-con-la-proyeccion-de-la-pelicula-francesa-el-chef-la-receta-de-la-felicidad\/#breadcrumb","itemListElement":[{"@type":"ListItem","position":1,"name":"Portada","item":"https:\/\/www.laguiadepamplona.com\/actualidad\/"},{"@type":"ListItem","position":2,"name":"Este jueves 11 de agosto llega el cine en euskera al parque del Lago de Mendillorri con la proyecci\u00f3n de la pel\u00edcula francesa \u2018El chef. La receta de la felicidad\u2019"}]},{"@type":"WebSite","@id":"https:\/\/www.laguiadepamplona.com\/actualidad\/#website","url":"https:\/\/www.laguiadepamplona.com\/actualidad\/","name":"La gu\u00eda de Pamplona","description":"Noticias de Pamplona","publisher":{"@id":"https:\/\/www.laguiadepamplona.com\/actualidad\/#organization"},"potentialAction":[{"@type":"SearchAction","target":{"@type":"EntryPoint","urlTemplate":"https:\/\/www.laguiadepamplona.com\/actualidad\/?s={search_term_string}"},"query-input":{"@type":"PropertyValueSpecification","valueRequired":true,"valueName":"search_term_string"}}],"inLanguage":"es"},{"@type":"Organization","@id":"https:\/\/www.laguiadepamplona.com\/actualidad\/#organization","name":"La Gu\u00eda de Pamplona \/ Noticias","url":"https:\/\/www.laguiadepamplona.com\/actualidad\/","logo":{"@type":"ImageObject","inLanguage":"es","@id":"https:\/\/www.laguiadepamplona.com\/actualidad\/#\/schema\/logo\/image\/","url":"https:\/\/www.laguiadepamplona.com\/actualidad\/wp-content\/uploads\/2018\/11\/logo-laguiadepamplona18-web1.png","contentUrl":"https:\/\/www.laguiadepamplona.com\/actualidad\/wp-content\/uploads\/2018\/11\/logo-laguiadepamplona18-web1.png","width":600,"height":196,"caption":"La Gu\u00eda de Pamplona \/ Noticias"},"image":{"@id":"https:\/\/www.laguiadepamplona.com\/actualidad\/#\/schema\/logo\/image\/"},"sameAs":["https:\/\/www.facebook.com\/laguiadepamplonacom-133175176762273\/?ref=hl","https:\/\/x.com\/LaGuiadPamplona","https:\/\/www.instagram.com\/la_guia_de_pamplona\/","https:\/\/www.youtube.com\/user\/laguiadepamplona"]},{"@type":"Person","@id":"https:\/\/www.laguiadepamplona.com\/actualidad\/#\/schema\/person\/efe887376f0213d4657c93adc50b1fdb","name":"La Gu\u00eda de Pamplona","image":{"@type":"ImageObject","inLanguage":"es","@id":"https:\/\/secure.gravatar.com\/avatar\/b6992f131dc8d30ab0dff15446e9d346d9dbd95992de0fef795073f5ea83a81c?s=96&d=mm&r=g","url":"https:\/\/secure.gravatar.com\/avatar\/b6992f131dc8d30ab0dff15446e9d346d9dbd95992de0fef795073f5ea83a81c?s=96&d=mm&r=g","contentUrl":"https:\/\/secure.gravatar.com\/avatar\/b6992f131dc8d30ab0dff15446e9d346d9dbd95992de0fef795073f5ea83a81c?s=96&d=mm&r=g","caption":"La Gu\u00eda de Pamplona"}}]}},"post_mailing_queue_ids":[],"_links":{"self":[{"href":"https:\/\/www.laguiadepamplona.com\/actualidad\/wp-json\/wp\/v2\/posts\/41289","targetHints":{"allow":["GET"]}}],"collection":[{"href":"https:\/\/www.laguiadepamplona.com\/actualidad\/wp-json\/wp\/v2\/posts"}],"about":[{"href":"https:\/\/www.laguiadepamplona.com\/actualidad\/wp-json\/wp\/v2\/types\/post"}],"author":[{"embeddable":true,"href":"https:\/\/www.laguiadepamplona.com\/actualidad\/wp-json\/wp\/v2\/users\/1"}],"replies":[{"embeddable":true,"href":"https:\/\/www.laguiadepamplona.com\/actualidad\/wp-json\/wp\/v2\/comments?post=41289"}],"version-history":[{"count":0,"href":"https:\/\/www.laguiadepamplona.com\/actualidad\/wp-json\/wp\/v2\/posts\/41289\/revisions"}],"wp:featuredmedia":[{"embeddable":true,"href":"https:\/\/www.laguiadepamplona.com\/actualidad\/wp-json\/wp\/v2\/media\/41235"}],"wp:attachment":[{"href":"https:\/\/www.laguiadepamplona.com\/actualidad\/wp-json\/wp\/v2\/media?parent=41289"}],"wp:term":[{"taxonomy":"category","embeddable":true,"href":"https:\/\/www.laguiadepamplona.com\/actualidad\/wp-json\/wp\/v2\/categories?post=41289"},{"taxonomy":"post_tag","embeddable":true,"href":"https:\/\/www.laguiadepamplona.com\/actualidad\/wp-json\/wp\/v2\/tags?post=41289"}],"curies":[{"name":"wp","href":"https:\/\/api.w.org\/{rel}","templated":true}]}}