{"id":41286,"date":"2022-08-10T13:24:57","date_gmt":"2022-08-10T11:24:57","guid":{"rendered":"https:\/\/www.laguiadepamplona.com\/actualidad\/?p=41286"},"modified":"2023-04-11T11:47:55","modified_gmt":"2023-04-11T09:47:55","slug":"la-fachada-de-la-casa-consistorial-ha-modificado-su-iluminacion-con-30-proyectores-que-resaltan-su-arquitectura-y-pueden-generar-hasta-500-escenas-cromaticas","status":"publish","type":"post","link":"https:\/\/www.laguiadepamplona.com\/actualidad\/la-fachada-de-la-casa-consistorial-ha-modificado-su-iluminacion-con-30-proyectores-que-resaltan-su-arquitectura-y-pueden-generar-hasta-500-escenas-cromaticas\/","title":{"rendered":"La fachada de la Casa Consistorial ha modificado su iluminaci\u00f3n con 30 proyectores que resaltan su arquitectura y pueden generar hasta 500 escenas crom\u00e1ticas"},"content":{"rendered":"<h5>La nueva tecnolog\u00eda lum\u00ednica permite reducir la potencia instalada de 6.800 a 708 watios, con el consiguiente ahorro econ\u00f3mico<\/h5>\n<p><!--more--><\/p>\n<p>M\u00e1s puntos de luz, con un dise\u00f1o espec\u00edfico para resaltar los elementos arquitect\u00f3nicos de la fachada y con una potencialidad de m\u00e1s de 500 escenas crom\u00e1ticas. La iluminaci\u00f3n ornamental que ha estrenado la Casa Consistorial supone, adem\u00e1s, una reducci\u00f3n de la potencia lum\u00ednica desde los 6.800 watios anteriores hasta los 708, con el consiguiente ahorro econ\u00f3mico y, debido a la menor dispersi\u00f3n del haz luminoso propio del led, de sostenibilidad, pues se reduce la contaminaci\u00f3n lum\u00ednica.<br \/>\n<script async src=\"\/\/pagead2.googlesyndication.com\/pagead\/js\/adsbygoogle.js\"><\/script><br \/>\n<!-- Noticias La Guia de Pamplona --><br \/>\n<ins class=\"adsbygoogle\"\nstyle=\"display:block\"\ndata-ad-client=\"ca-pub-6943679897239327\"\ndata-ad-slot=\"7048180777\"\ndata-ad-format=\"auto\"><\/ins><br \/>\n<script>\n(adsbygoogle = window.adsbygoogle || []).push({});\n<\/script><\/p>\n<p>Con este dise\u00f1o, la fachada de la Casa Consistorial tiene una iluminaci\u00f3n m\u00e1s uniforme, con proyectores en todas sus plantas, aprovechando principalmente las columnas, los balcones y las balaustradas. Se ha reforzado la presencia de luminarias en la planta baja, en el balc\u00f3n de la planta superior bajo el reloj y en la escultura de \u2018La Fama\u2019, que corona el Ayuntamiento, ubicaciones en las que no hab\u00eda dispositivos lum\u00ednicos. Se han eliminado tambi\u00e9n los focos de Casa Seminario, que proyectaban luz al Ayuntamiento de Pamplona, para no distorsionar la iluminaci\u00f3n instalada.<\/p>\n<p>Se ha considerado una disposici\u00f3n de proyectores que permita obtener una uniformidad de iluminaci\u00f3n, amortiguando las diferencias entre brillos medios y m\u00e1ximos-puntales y que pueda obviar la contaminaci\u00f3n por luz intrusa circundante que proviene de las instalaciones de alumbrado exterior.<br \/>\n<script async src=\"\/\/pagead2.googlesyndication.com\/pagead\/js\/adsbygoogle.js\"><\/script><br \/>\n<!-- Noticias La Guia de Pamplona --><br \/>\n<ins class=\"adsbygoogle\"\nstyle=\"display:block\"\ndata-ad-client=\"ca-pub-6943679897239327\"\ndata-ad-slot=\"7048180777\"\ndata-ad-format=\"auto\"><\/ins><br \/>\n<script>\n(adsbygoogle = window.adsbygoogle || []).push({});\n<\/script><\/p>\n<p><strong>Control programable de la iluminaci\u00f3n<\/strong><\/p>\n<p>Las escenas crom\u00e1ticas est\u00e1n predeterminadas a trav\u00e9s de un sistema de control programable de la iluminaci\u00f3n, que facilita el establecimiento tanto del horario de encendido y apagado en funci\u00f3n de la \u00e9poca del a\u00f1o como de los colores ya gamas concretas, seg\u00fan a qu\u00e9 se dedique la iluminaci\u00f3n. Y es que la Casa Consistorial es uno de los elementos recurrentes para iluminar a lo largo del a\u00f1o por diferentes causas, principalmente solidarias, como uno de los s\u00edmbolos m\u00e1s reconocibles de la ciudad<\/p>\n<p>Su dise\u00f1o e instalaci\u00f3n la ha llevado a cabo la empresa Gabyl. La fachada de la Casa Consistorial se ilumina de acuerdo con los est\u00e1ndares indicados por la normativa ITC-EA-02 \/EN13201-2015) \u2013 Normativa Iluminaci\u00f3n para Exteriores, particularizada para la secci\u00f3n de alumbrado ornamental, seg\u00fan los est\u00e1ndares exigidos para el tipo y color de material.<br \/>\n<script async src=\"\/\/pagead2.googlesyndication.com\/pagead\/js\/adsbygoogle.js\"><\/script><br \/>\n<!-- Noticias La Guia de Pamplona --><br \/>\n<ins class=\"adsbygoogle\"\nstyle=\"display:block\"\ndata-ad-client=\"ca-pub-6943679897239327\"\ndata-ad-slot=\"7048180777\"\ndata-ad-format=\"auto\"><\/ins><br \/>\n<script>\n(adsbygoogle = window.adsbygoogle || []).push({});\n<\/script><\/p>\n<p>La iniciativa resultaba oportuna debido a la necesidad de renovaci\u00f3n de equipos y mejora de la iluminaci\u00f3n de fachada y se enmarca dentro de la reducci\u00f3n progresiva de potencia instalada en iluminaci\u00f3n tanto de exteriores (alumbrado p\u00fablico, ya con 20% de l\u00e1mparas LED) como de edificios municipales, en que la sustituci\u00f3n de luminarias por l\u00e1mparas de bajo consumo o directamente LED es pr\u00e1cticamente completa en la actualidad.<\/p>\n","protected":false},"excerpt":{"rendered":"<p>La nueva tecnolog\u00eda lum\u00ednica permite reducir la potencia instalada de 6.800 a 708 watios, con el consiguiente ahorro econ\u00f3mico<\/p>\n","protected":false},"author":1,"featured_media":41287,"comment_status":"open","ping_status":"closed","sticky":false,"template":"","format":"standard","meta":{"footnotes":""},"categories":[2],"tags":[],"class_list":["post-41286","post","type-post","status-publish","format-standard","has-post-thumbnail","hentry","category-ayuntamiento-pamplona"],"yoast_head":"<!-- This site is optimized with the Yoast SEO plugin v27.3 - https:\/\/yoast.com\/product\/yoast-seo-wordpress\/ -->\n<title>La fachada de la Casa Consistorial ha modificado su iluminaci\u00f3n con 30 proyectores que resaltan su arquitectura y pueden generar hasta 500 escenas crom\u00e1ticas<\/title>\n<meta name=\"description\" content=\"La nueva tecnolog\u00eda lum\u00ednica permite reducir la potencia instalada de 6.800 a 708 watios, con el consiguiente ahorro econ\u00f3mico\" \/>\n<meta name=\"robots\" content=\"index, follow, max-snippet:-1, max-image-preview:large, max-video-preview:-1\" \/>\n<link rel=\"canonical\" href=\"https:\/\/www.laguiadepamplona.com\/actualidad\/la-fachada-de-la-casa-consistorial-ha-modificado-su-iluminacion-con-30-proyectores-que-resaltan-su-arquitectura-y-pueden-generar-hasta-500-escenas-cromaticas\/\" \/>\n<meta property=\"og:locale\" content=\"es_ES\" \/>\n<meta property=\"og:type\" content=\"article\" \/>\n<meta property=\"og:title\" content=\"La fachada de la Casa Consistorial ha modificado su iluminaci\u00f3n con 30 proyectores que resaltan su arquitectura y pueden generar hasta 500 escenas crom\u00e1ticas\" \/>\n<meta property=\"og:description\" content=\"La nueva tecnolog\u00eda lum\u00ednica permite reducir la potencia instalada de 6.800 a 708 watios, con el consiguiente ahorro econ\u00f3mico\" \/>\n<meta property=\"og:url\" content=\"https:\/\/www.laguiadepamplona.com\/actualidad\/la-fachada-de-la-casa-consistorial-ha-modificado-su-iluminacion-con-30-proyectores-que-resaltan-su-arquitectura-y-pueden-generar-hasta-500-escenas-cromaticas\/\" \/>\n<meta property=\"og:site_name\" content=\"La Gu\u00eda de Pamplona\" \/>\n<meta property=\"article:publisher\" content=\"https:\/\/www.facebook.com\/laguiadepamplonacom-133175176762273\/?ref=hl\" \/>\n<meta property=\"article:published_time\" content=\"2022-08-10T11:24:57+00:00\" \/>\n<meta property=\"article:modified_time\" content=\"2023-04-11T09:47:55+00:00\" \/>\n<meta property=\"og:image\" content=\"https:\/\/www.laguiadepamplona.com\/actualidad\/wp-content\/uploads\/2022\/08\/fachadaazulverde7956.webp\" \/>\n\t<meta property=\"og:image:width\" content=\"1920\" \/>\n\t<meta property=\"og:image:height\" content=\"1280\" \/>\n\t<meta property=\"og:image:type\" content=\"image\/webp\" \/>\n<meta name=\"author\" content=\"La Gu\u00eda de Pamplona\" \/>\n<meta name=\"twitter:card\" content=\"summary_large_image\" \/>\n<meta name=\"twitter:creator\" content=\"@LaGuiadPamplona\" \/>\n<meta name=\"twitter:site\" content=\"@LaGuiadPamplona\" \/>\n<meta name=\"twitter:label1\" content=\"Escrito por\" \/>\n\t<meta name=\"twitter:data1\" content=\"La Gu\u00eda de Pamplona\" \/>\n\t<meta name=\"twitter:label2\" content=\"Tiempo de lectura\" \/>\n\t<meta name=\"twitter:data2\" content=\"2 minutos\" \/>\n<script type=\"application\/ld+json\" class=\"yoast-schema-graph\">{\"@context\":\"https:\\\/\\\/schema.org\",\"@graph\":[{\"@type\":\"Article\",\"@id\":\"https:\\\/\\\/www.laguiadepamplona.com\\\/actualidad\\\/la-fachada-de-la-casa-consistorial-ha-modificado-su-iluminacion-con-30-proyectores-que-resaltan-su-arquitectura-y-pueden-generar-hasta-500-escenas-cromaticas\\\/#article\",\"isPartOf\":{\"@id\":\"https:\\\/\\\/www.laguiadepamplona.com\\\/actualidad\\\/la-fachada-de-la-casa-consistorial-ha-modificado-su-iluminacion-con-30-proyectores-que-resaltan-su-arquitectura-y-pueden-generar-hasta-500-escenas-cromaticas\\\/\"},\"author\":{\"name\":\"La Gu\u00eda de Pamplona\",\"@id\":\"https:\\\/\\\/www.laguiadepamplona.com\\\/actualidad\\\/#\\\/schema\\\/person\\\/efe887376f0213d4657c93adc50b1fdb\"},\"headline\":\"La fachada de la Casa Consistorial ha modificado su iluminaci\u00f3n con 30 proyectores que resaltan su arquitectura y pueden generar hasta 500 escenas crom\u00e1ticas\",\"datePublished\":\"2022-08-10T11:24:57+00:00\",\"dateModified\":\"2023-04-11T09:47:55+00:00\",\"mainEntityOfPage\":{\"@id\":\"https:\\\/\\\/www.laguiadepamplona.com\\\/actualidad\\\/la-fachada-de-la-casa-consistorial-ha-modificado-su-iluminacion-con-30-proyectores-que-resaltan-su-arquitectura-y-pueden-generar-hasta-500-escenas-cromaticas\\\/\"},\"wordCount\":509,\"commentCount\":0,\"publisher\":{\"@id\":\"https:\\\/\\\/www.laguiadepamplona.com\\\/actualidad\\\/#organization\"},\"image\":{\"@id\":\"https:\\\/\\\/www.laguiadepamplona.com\\\/actualidad\\\/la-fachada-de-la-casa-consistorial-ha-modificado-su-iluminacion-con-30-proyectores-que-resaltan-su-arquitectura-y-pueden-generar-hasta-500-escenas-cromaticas\\\/#primaryimage\"},\"thumbnailUrl\":\"https:\\\/\\\/www.laguiadepamplona.com\\\/actualidad\\\/wp-content\\\/uploads\\\/2022\\\/08\\\/fachadaazulverde7956.webp\",\"articleSection\":[\"Ayto Pamplona\"],\"inLanguage\":\"es\",\"potentialAction\":[{\"@type\":\"CommentAction\",\"name\":\"Comment\",\"target\":[\"https:\\\/\\\/www.laguiadepamplona.com\\\/actualidad\\\/la-fachada-de-la-casa-consistorial-ha-modificado-su-iluminacion-con-30-proyectores-que-resaltan-su-arquitectura-y-pueden-generar-hasta-500-escenas-cromaticas\\\/#respond\"]}]},{\"@type\":\"WebPage\",\"@id\":\"https:\\\/\\\/www.laguiadepamplona.com\\\/actualidad\\\/la-fachada-de-la-casa-consistorial-ha-modificado-su-iluminacion-con-30-proyectores-que-resaltan-su-arquitectura-y-pueden-generar-hasta-500-escenas-cromaticas\\\/\",\"url\":\"https:\\\/\\\/www.laguiadepamplona.com\\\/actualidad\\\/la-fachada-de-la-casa-consistorial-ha-modificado-su-iluminacion-con-30-proyectores-que-resaltan-su-arquitectura-y-pueden-generar-hasta-500-escenas-cromaticas\\\/\",\"name\":\"La fachada de la Casa Consistorial ha modificado su iluminaci\u00f3n con 30 proyectores que resaltan su arquitectura y pueden generar hasta 500 escenas crom\u00e1ticas\",\"isPartOf\":{\"@id\":\"https:\\\/\\\/www.laguiadepamplona.com\\\/actualidad\\\/#website\"},\"primaryImageOfPage\":{\"@id\":\"https:\\\/\\\/www.laguiadepamplona.com\\\/actualidad\\\/la-fachada-de-la-casa-consistorial-ha-modificado-su-iluminacion-con-30-proyectores-que-resaltan-su-arquitectura-y-pueden-generar-hasta-500-escenas-cromaticas\\\/#primaryimage\"},\"image\":{\"@id\":\"https:\\\/\\\/www.laguiadepamplona.com\\\/actualidad\\\/la-fachada-de-la-casa-consistorial-ha-modificado-su-iluminacion-con-30-proyectores-que-resaltan-su-arquitectura-y-pueden-generar-hasta-500-escenas-cromaticas\\\/#primaryimage\"},\"thumbnailUrl\":\"https:\\\/\\\/www.laguiadepamplona.com\\\/actualidad\\\/wp-content\\\/uploads\\\/2022\\\/08\\\/fachadaazulverde7956.webp\",\"datePublished\":\"2022-08-10T11:24:57+00:00\",\"dateModified\":\"2023-04-11T09:47:55+00:00\",\"description\":\"La nueva tecnolog\u00eda lum\u00ednica permite reducir la potencia instalada de 6.800 a 708 watios, con el consiguiente ahorro econ\u00f3mico\",\"breadcrumb\":{\"@id\":\"https:\\\/\\\/www.laguiadepamplona.com\\\/actualidad\\\/la-fachada-de-la-casa-consistorial-ha-modificado-su-iluminacion-con-30-proyectores-que-resaltan-su-arquitectura-y-pueden-generar-hasta-500-escenas-cromaticas\\\/#breadcrumb\"},\"inLanguage\":\"es\",\"potentialAction\":[{\"@type\":\"ReadAction\",\"target\":[\"https:\\\/\\\/www.laguiadepamplona.com\\\/actualidad\\\/la-fachada-de-la-casa-consistorial-ha-modificado-su-iluminacion-con-30-proyectores-que-resaltan-su-arquitectura-y-pueden-generar-hasta-500-escenas-cromaticas\\\/\"]}]},{\"@type\":\"ImageObject\",\"inLanguage\":\"es\",\"@id\":\"https:\\\/\\\/www.laguiadepamplona.com\\\/actualidad\\\/la-fachada-de-la-casa-consistorial-ha-modificado-su-iluminacion-con-30-proyectores-que-resaltan-su-arquitectura-y-pueden-generar-hasta-500-escenas-cromaticas\\\/#primaryimage\",\"url\":\"https:\\\/\\\/www.laguiadepamplona.com\\\/actualidad\\\/wp-content\\\/uploads\\\/2022\\\/08\\\/fachadaazulverde7956.webp\",\"contentUrl\":\"https:\\\/\\\/www.laguiadepamplona.com\\\/actualidad\\\/wp-content\\\/uploads\\\/2022\\\/08\\\/fachadaazulverde7956.webp\",\"width\":1920,\"height\":1280},{\"@type\":\"BreadcrumbList\",\"@id\":\"https:\\\/\\\/www.laguiadepamplona.com\\\/actualidad\\\/la-fachada-de-la-casa-consistorial-ha-modificado-su-iluminacion-con-30-proyectores-que-resaltan-su-arquitectura-y-pueden-generar-hasta-500-escenas-cromaticas\\\/#breadcrumb\",\"itemListElement\":[{\"@type\":\"ListItem\",\"position\":1,\"name\":\"Portada\",\"item\":\"https:\\\/\\\/www.laguiadepamplona.com\\\/actualidad\\\/\"},{\"@type\":\"ListItem\",\"position\":2,\"name\":\"La fachada de la Casa Consistorial ha modificado su iluminaci\u00f3n con 30 proyectores que resaltan su arquitectura y pueden generar hasta 500 escenas crom\u00e1ticas\"}]},{\"@type\":\"WebSite\",\"@id\":\"https:\\\/\\\/www.laguiadepamplona.com\\\/actualidad\\\/#website\",\"url\":\"https:\\\/\\\/www.laguiadepamplona.com\\\/actualidad\\\/\",\"name\":\"La gu\u00eda de Pamplona\",\"description\":\"Noticias de Pamplona\",\"publisher\":{\"@id\":\"https:\\\/\\\/www.laguiadepamplona.com\\\/actualidad\\\/#organization\"},\"potentialAction\":[{\"@type\":\"SearchAction\",\"target\":{\"@type\":\"EntryPoint\",\"urlTemplate\":\"https:\\\/\\\/www.laguiadepamplona.com\\\/actualidad\\\/?s={search_term_string}\"},\"query-input\":{\"@type\":\"PropertyValueSpecification\",\"valueRequired\":true,\"valueName\":\"search_term_string\"}}],\"inLanguage\":\"es\"},{\"@type\":\"Organization\",\"@id\":\"https:\\\/\\\/www.laguiadepamplona.com\\\/actualidad\\\/#organization\",\"name\":\"La Gu\u00eda de Pamplona \\\/ Noticias\",\"url\":\"https:\\\/\\\/www.laguiadepamplona.com\\\/actualidad\\\/\",\"logo\":{\"@type\":\"ImageObject\",\"inLanguage\":\"es\",\"@id\":\"https:\\\/\\\/www.laguiadepamplona.com\\\/actualidad\\\/#\\\/schema\\\/logo\\\/image\\\/\",\"url\":\"https:\\\/\\\/www.laguiadepamplona.com\\\/actualidad\\\/wp-content\\\/uploads\\\/2018\\\/11\\\/logo-laguiadepamplona18-web1.png\",\"contentUrl\":\"https:\\\/\\\/www.laguiadepamplona.com\\\/actualidad\\\/wp-content\\\/uploads\\\/2018\\\/11\\\/logo-laguiadepamplona18-web1.png\",\"width\":600,\"height\":196,\"caption\":\"La Gu\u00eda de Pamplona \\\/ Noticias\"},\"image\":{\"@id\":\"https:\\\/\\\/www.laguiadepamplona.com\\\/actualidad\\\/#\\\/schema\\\/logo\\\/image\\\/\"},\"sameAs\":[\"https:\\\/\\\/www.facebook.com\\\/laguiadepamplonacom-133175176762273\\\/?ref=hl\",\"https:\\\/\\\/x.com\\\/LaGuiadPamplona\",\"https:\\\/\\\/www.instagram.com\\\/la_guia_de_pamplona\\\/\",\"https:\\\/\\\/www.youtube.com\\\/user\\\/laguiadepamplona\"]},{\"@type\":\"Person\",\"@id\":\"https:\\\/\\\/www.laguiadepamplona.com\\\/actualidad\\\/#\\\/schema\\\/person\\\/efe887376f0213d4657c93adc50b1fdb\",\"name\":\"La Gu\u00eda de Pamplona\",\"image\":{\"@type\":\"ImageObject\",\"inLanguage\":\"es\",\"@id\":\"https:\\\/\\\/secure.gravatar.com\\\/avatar\\\/b6992f131dc8d30ab0dff15446e9d346d9dbd95992de0fef795073f5ea83a81c?s=96&d=mm&r=g\",\"url\":\"https:\\\/\\\/secure.gravatar.com\\\/avatar\\\/b6992f131dc8d30ab0dff15446e9d346d9dbd95992de0fef795073f5ea83a81c?s=96&d=mm&r=g\",\"contentUrl\":\"https:\\\/\\\/secure.gravatar.com\\\/avatar\\\/b6992f131dc8d30ab0dff15446e9d346d9dbd95992de0fef795073f5ea83a81c?s=96&d=mm&r=g\",\"caption\":\"La Gu\u00eda de Pamplona\"}}]}<\/script>\n<!-- \/ Yoast SEO plugin. -->","yoast_head_json":{"title":"La fachada de la Casa Consistorial ha modificado su iluminaci\u00f3n con 30 proyectores que resaltan su arquitectura y pueden generar hasta 500 escenas crom\u00e1ticas","description":"La nueva tecnolog\u00eda lum\u00ednica permite reducir la potencia instalada de 6.800 a 708 watios, con el consiguiente ahorro econ\u00f3mico","robots":{"index":"index","follow":"follow","max-snippet":"max-snippet:-1","max-image-preview":"max-image-preview:large","max-video-preview":"max-video-preview:-1"},"canonical":"https:\/\/www.laguiadepamplona.com\/actualidad\/la-fachada-de-la-casa-consistorial-ha-modificado-su-iluminacion-con-30-proyectores-que-resaltan-su-arquitectura-y-pueden-generar-hasta-500-escenas-cromaticas\/","og_locale":"es_ES","og_type":"article","og_title":"La fachada de la Casa Consistorial ha modificado su iluminaci\u00f3n con 30 proyectores que resaltan su arquitectura y pueden generar hasta 500 escenas crom\u00e1ticas","og_description":"La nueva tecnolog\u00eda lum\u00ednica permite reducir la potencia instalada de 6.800 a 708 watios, con el consiguiente ahorro econ\u00f3mico","og_url":"https:\/\/www.laguiadepamplona.com\/actualidad\/la-fachada-de-la-casa-consistorial-ha-modificado-su-iluminacion-con-30-proyectores-que-resaltan-su-arquitectura-y-pueden-generar-hasta-500-escenas-cromaticas\/","og_site_name":"La Gu\u00eda de Pamplona","article_publisher":"https:\/\/www.facebook.com\/laguiadepamplonacom-133175176762273\/?ref=hl","article_published_time":"2022-08-10T11:24:57+00:00","article_modified_time":"2023-04-11T09:47:55+00:00","og_image":[{"width":1920,"height":1280,"url":"https:\/\/www.laguiadepamplona.com\/actualidad\/wp-content\/uploads\/2022\/08\/fachadaazulverde7956.webp","type":"image\/webp"}],"author":"La Gu\u00eda de Pamplona","twitter_card":"summary_large_image","twitter_creator":"@LaGuiadPamplona","twitter_site":"@LaGuiadPamplona","twitter_misc":{"Escrito por":"La Gu\u00eda de Pamplona","Tiempo de lectura":"2 minutos"},"schema":{"@context":"https:\/\/schema.org","@graph":[{"@type":"Article","@id":"https:\/\/www.laguiadepamplona.com\/actualidad\/la-fachada-de-la-casa-consistorial-ha-modificado-su-iluminacion-con-30-proyectores-que-resaltan-su-arquitectura-y-pueden-generar-hasta-500-escenas-cromaticas\/#article","isPartOf":{"@id":"https:\/\/www.laguiadepamplona.com\/actualidad\/la-fachada-de-la-casa-consistorial-ha-modificado-su-iluminacion-con-30-proyectores-que-resaltan-su-arquitectura-y-pueden-generar-hasta-500-escenas-cromaticas\/"},"author":{"name":"La Gu\u00eda de Pamplona","@id":"https:\/\/www.laguiadepamplona.com\/actualidad\/#\/schema\/person\/efe887376f0213d4657c93adc50b1fdb"},"headline":"La fachada de la Casa Consistorial ha modificado su iluminaci\u00f3n con 30 proyectores que resaltan su arquitectura y pueden generar hasta 500 escenas crom\u00e1ticas","datePublished":"2022-08-10T11:24:57+00:00","dateModified":"2023-04-11T09:47:55+00:00","mainEntityOfPage":{"@id":"https:\/\/www.laguiadepamplona.com\/actualidad\/la-fachada-de-la-casa-consistorial-ha-modificado-su-iluminacion-con-30-proyectores-que-resaltan-su-arquitectura-y-pueden-generar-hasta-500-escenas-cromaticas\/"},"wordCount":509,"commentCount":0,"publisher":{"@id":"https:\/\/www.laguiadepamplona.com\/actualidad\/#organization"},"image":{"@id":"https:\/\/www.laguiadepamplona.com\/actualidad\/la-fachada-de-la-casa-consistorial-ha-modificado-su-iluminacion-con-30-proyectores-que-resaltan-su-arquitectura-y-pueden-generar-hasta-500-escenas-cromaticas\/#primaryimage"},"thumbnailUrl":"https:\/\/www.laguiadepamplona.com\/actualidad\/wp-content\/uploads\/2022\/08\/fachadaazulverde7956.webp","articleSection":["Ayto Pamplona"],"inLanguage":"es","potentialAction":[{"@type":"CommentAction","name":"Comment","target":["https:\/\/www.laguiadepamplona.com\/actualidad\/la-fachada-de-la-casa-consistorial-ha-modificado-su-iluminacion-con-30-proyectores-que-resaltan-su-arquitectura-y-pueden-generar-hasta-500-escenas-cromaticas\/#respond"]}]},{"@type":"WebPage","@id":"https:\/\/www.laguiadepamplona.com\/actualidad\/la-fachada-de-la-casa-consistorial-ha-modificado-su-iluminacion-con-30-proyectores-que-resaltan-su-arquitectura-y-pueden-generar-hasta-500-escenas-cromaticas\/","url":"https:\/\/www.laguiadepamplona.com\/actualidad\/la-fachada-de-la-casa-consistorial-ha-modificado-su-iluminacion-con-30-proyectores-que-resaltan-su-arquitectura-y-pueden-generar-hasta-500-escenas-cromaticas\/","name":"La fachada de la Casa Consistorial ha modificado su iluminaci\u00f3n con 30 proyectores que resaltan su arquitectura y pueden generar hasta 500 escenas crom\u00e1ticas","isPartOf":{"@id":"https:\/\/www.laguiadepamplona.com\/actualidad\/#website"},"primaryImageOfPage":{"@id":"https:\/\/www.laguiadepamplona.com\/actualidad\/la-fachada-de-la-casa-consistorial-ha-modificado-su-iluminacion-con-30-proyectores-que-resaltan-su-arquitectura-y-pueden-generar-hasta-500-escenas-cromaticas\/#primaryimage"},"image":{"@id":"https:\/\/www.laguiadepamplona.com\/actualidad\/la-fachada-de-la-casa-consistorial-ha-modificado-su-iluminacion-con-30-proyectores-que-resaltan-su-arquitectura-y-pueden-generar-hasta-500-escenas-cromaticas\/#primaryimage"},"thumbnailUrl":"https:\/\/www.laguiadepamplona.com\/actualidad\/wp-content\/uploads\/2022\/08\/fachadaazulverde7956.webp","datePublished":"2022-08-10T11:24:57+00:00","dateModified":"2023-04-11T09:47:55+00:00","description":"La nueva tecnolog\u00eda lum\u00ednica permite reducir la potencia instalada de 6.800 a 708 watios, con el consiguiente ahorro econ\u00f3mico","breadcrumb":{"@id":"https:\/\/www.laguiadepamplona.com\/actualidad\/la-fachada-de-la-casa-consistorial-ha-modificado-su-iluminacion-con-30-proyectores-que-resaltan-su-arquitectura-y-pueden-generar-hasta-500-escenas-cromaticas\/#breadcrumb"},"inLanguage":"es","potentialAction":[{"@type":"ReadAction","target":["https:\/\/www.laguiadepamplona.com\/actualidad\/la-fachada-de-la-casa-consistorial-ha-modificado-su-iluminacion-con-30-proyectores-que-resaltan-su-arquitectura-y-pueden-generar-hasta-500-escenas-cromaticas\/"]}]},{"@type":"ImageObject","inLanguage":"es","@id":"https:\/\/www.laguiadepamplona.com\/actualidad\/la-fachada-de-la-casa-consistorial-ha-modificado-su-iluminacion-con-30-proyectores-que-resaltan-su-arquitectura-y-pueden-generar-hasta-500-escenas-cromaticas\/#primaryimage","url":"https:\/\/www.laguiadepamplona.com\/actualidad\/wp-content\/uploads\/2022\/08\/fachadaazulverde7956.webp","contentUrl":"https:\/\/www.laguiadepamplona.com\/actualidad\/wp-content\/uploads\/2022\/08\/fachadaazulverde7956.webp","width":1920,"height":1280},{"@type":"BreadcrumbList","@id":"https:\/\/www.laguiadepamplona.com\/actualidad\/la-fachada-de-la-casa-consistorial-ha-modificado-su-iluminacion-con-30-proyectores-que-resaltan-su-arquitectura-y-pueden-generar-hasta-500-escenas-cromaticas\/#breadcrumb","itemListElement":[{"@type":"ListItem","position":1,"name":"Portada","item":"https:\/\/www.laguiadepamplona.com\/actualidad\/"},{"@type":"ListItem","position":2,"name":"La fachada de la Casa Consistorial ha modificado su iluminaci\u00f3n con 30 proyectores que resaltan su arquitectura y pueden generar hasta 500 escenas crom\u00e1ticas"}]},{"@type":"WebSite","@id":"https:\/\/www.laguiadepamplona.com\/actualidad\/#website","url":"https:\/\/www.laguiadepamplona.com\/actualidad\/","name":"La gu\u00eda de Pamplona","description":"Noticias de Pamplona","publisher":{"@id":"https:\/\/www.laguiadepamplona.com\/actualidad\/#organization"},"potentialAction":[{"@type":"SearchAction","target":{"@type":"EntryPoint","urlTemplate":"https:\/\/www.laguiadepamplona.com\/actualidad\/?s={search_term_string}"},"query-input":{"@type":"PropertyValueSpecification","valueRequired":true,"valueName":"search_term_string"}}],"inLanguage":"es"},{"@type":"Organization","@id":"https:\/\/www.laguiadepamplona.com\/actualidad\/#organization","name":"La Gu\u00eda de Pamplona \/ Noticias","url":"https:\/\/www.laguiadepamplona.com\/actualidad\/","logo":{"@type":"ImageObject","inLanguage":"es","@id":"https:\/\/www.laguiadepamplona.com\/actualidad\/#\/schema\/logo\/image\/","url":"https:\/\/www.laguiadepamplona.com\/actualidad\/wp-content\/uploads\/2018\/11\/logo-laguiadepamplona18-web1.png","contentUrl":"https:\/\/www.laguiadepamplona.com\/actualidad\/wp-content\/uploads\/2018\/11\/logo-laguiadepamplona18-web1.png","width":600,"height":196,"caption":"La Gu\u00eda de Pamplona \/ Noticias"},"image":{"@id":"https:\/\/www.laguiadepamplona.com\/actualidad\/#\/schema\/logo\/image\/"},"sameAs":["https:\/\/www.facebook.com\/laguiadepamplonacom-133175176762273\/?ref=hl","https:\/\/x.com\/LaGuiadPamplona","https:\/\/www.instagram.com\/la_guia_de_pamplona\/","https:\/\/www.youtube.com\/user\/laguiadepamplona"]},{"@type":"Person","@id":"https:\/\/www.laguiadepamplona.com\/actualidad\/#\/schema\/person\/efe887376f0213d4657c93adc50b1fdb","name":"La Gu\u00eda de Pamplona","image":{"@type":"ImageObject","inLanguage":"es","@id":"https:\/\/secure.gravatar.com\/avatar\/b6992f131dc8d30ab0dff15446e9d346d9dbd95992de0fef795073f5ea83a81c?s=96&d=mm&r=g","url":"https:\/\/secure.gravatar.com\/avatar\/b6992f131dc8d30ab0dff15446e9d346d9dbd95992de0fef795073f5ea83a81c?s=96&d=mm&r=g","contentUrl":"https:\/\/secure.gravatar.com\/avatar\/b6992f131dc8d30ab0dff15446e9d346d9dbd95992de0fef795073f5ea83a81c?s=96&d=mm&r=g","caption":"La Gu\u00eda de Pamplona"}}]}},"post_mailing_queue_ids":[],"_links":{"self":[{"href":"https:\/\/www.laguiadepamplona.com\/actualidad\/wp-json\/wp\/v2\/posts\/41286","targetHints":{"allow":["GET"]}}],"collection":[{"href":"https:\/\/www.laguiadepamplona.com\/actualidad\/wp-json\/wp\/v2\/posts"}],"about":[{"href":"https:\/\/www.laguiadepamplona.com\/actualidad\/wp-json\/wp\/v2\/types\/post"}],"author":[{"embeddable":true,"href":"https:\/\/www.laguiadepamplona.com\/actualidad\/wp-json\/wp\/v2\/users\/1"}],"replies":[{"embeddable":true,"href":"https:\/\/www.laguiadepamplona.com\/actualidad\/wp-json\/wp\/v2\/comments?post=41286"}],"version-history":[{"count":0,"href":"https:\/\/www.laguiadepamplona.com\/actualidad\/wp-json\/wp\/v2\/posts\/41286\/revisions"}],"wp:featuredmedia":[{"embeddable":true,"href":"https:\/\/www.laguiadepamplona.com\/actualidad\/wp-json\/wp\/v2\/media\/41287"}],"wp:attachment":[{"href":"https:\/\/www.laguiadepamplona.com\/actualidad\/wp-json\/wp\/v2\/media?parent=41286"}],"wp:term":[{"taxonomy":"category","embeddable":true,"href":"https:\/\/www.laguiadepamplona.com\/actualidad\/wp-json\/wp\/v2\/categories?post=41286"},{"taxonomy":"post_tag","embeddable":true,"href":"https:\/\/www.laguiadepamplona.com\/actualidad\/wp-json\/wp\/v2\/tags?post=41286"}],"curies":[{"name":"wp","href":"https:\/\/api.w.org\/{rel}","templated":true}]}}