{"id":41280,"date":"2022-08-10T13:20:54","date_gmt":"2022-08-10T11:20:54","guid":{"rendered":"https:\/\/www.laguiadepamplona.com\/actualidad\/?p=41280"},"modified":"2023-04-11T11:47:55","modified_gmt":"2023-04-11T09:47:55","slug":"siete-personas-de-colectivos-afectados-por-el-desempleo-realizan-obras-de-mejora-en-los-apartamentos-tutelados-para-personas-mayores-txoko-berri-en-san-juan","status":"publish","type":"post","link":"https:\/\/www.laguiadepamplona.com\/actualidad\/siete-personas-de-colectivos-afectados-por-el-desempleo-realizan-obras-de-mejora-en-los-apartamentos-tutelados-para-personas-mayores-txoko-berri-en-san-juan\/","title":{"rendered":"Siete personas de colectivos afectados por el desempleo realizan obras de mejora en los apartamentos tutelados para personas mayores Txoko Berri en San Juan"},"content":{"rendered":"<h5>El programa de Empleo Social Protegido del Ayuntamiento de Pamplona da empleo a un encargado de obra, tres oficiales de alba\u00f1iler\u00eda y tres peones<\/h5>\n<p><!--more--><\/p>\n<p>El \u00c1rea de Servicios Sociales del Ayuntamiento de Pamplona ha contratado a siete personas pertenecientes a colectivos especialmente afectados por el desempleo para obras de mejora en los apartamentos para personas mayores Txoko Berri, en el barrio de San Juan. El programa, subvencionado por el Servicio Navarro de Empleo-Nafar Lansare y cofinanciado por el Servicio P\u00fablico de Empleo Estatal, proporciona un puesto de trabajo para un encargado de obra, tres oficiales de alba\u00f1iler\u00eda y tres peones. Todos ellos, en su mayor\u00eda perceptores de Renta Garantizada, se emplean durante seis meses, en un plan que dio comienzo el 7 de junio.<br \/>\n<script async src=\"\/\/pagead2.googlesyndication.com\/pagead\/js\/adsbygoogle.js\"><\/script><br \/>\n<!-- Noticias La Guia de Pamplona --><br \/>\n<ins class=\"adsbygoogle\"\nstyle=\"display:block\"\ndata-ad-client=\"ca-pub-6943679897239327\"\ndata-ad-slot=\"7048180777\"\ndata-ad-format=\"auto\"><\/ins><br \/>\n<script>\n(adsbygoogle = window.adsbygoogle || []).push({});\n<\/script><\/p>\n<p>El objetivo de este programa de empleo social es acometer la rehabilitaci\u00f3n y mejora de la accesibilidad de los 17 ba\u00f1os de los apartamentos para personas mayores Txoko Berri, eliminando barreras arquitect\u00f3nicas y renovando solados, alicatados y elementos del ba\u00f1o. As\u00ed mismo, se prev\u00e9 realizar la impermeabilizaci\u00f3n y renovaci\u00f3n del pavimento de 6 terrazas comunitarias. Hasta la fecha, se ha intervenido en la rehabilitaci\u00f3n de cuatro ba\u00f1os y las terrazas comunes de la primera y segunda planta.<\/p>\n<p>El programa supone una intervenci\u00f3n integral sobre poblaci\u00f3n vulnerable, puesto que ofrece empleo a colectivos que tienen problemas para acceder al mercado laboral y este trabajo que realizan mejora las condiciones de vida de las personas mayores que residen en los apartamentos tutelados municipales. El Ayuntamiento brinda, adem\u00e1s del empleo para seis meses, el seguimiento laboral de las personas participantes, para que a la finalizaci\u00f3n del programa hayan mejorado sus capacidades para la reincorporaci\u00f3n al mercado laboral. Todas las actividades est\u00e1n dirigidas a mejorar la calidad de vida de la ciudad.<br \/>\n<script async src=\"\/\/pagead2.googlesyndication.com\/pagead\/js\/adsbygoogle.js\"><\/script><br \/>\n<!-- Noticias La Guia de Pamplona --><br \/>\n<ins class=\"adsbygoogle\"\nstyle=\"display:block\"\ndata-ad-client=\"ca-pub-6943679897239327\"\ndata-ad-slot=\"7048180777\"\ndata-ad-format=\"auto\"><\/ins><br \/>\n<script>\n(adsbygoogle = window.adsbygoogle || []).push({});\n<\/script><\/p>\n<p>La gesti\u00f3n del proceso ha estado a cargo del programa de Empleo Social Protegido del \u00c1rea de Servicios Sociales. El Equipo de Inserci\u00f3n Sociolaboral (EISOL) se encarg\u00f3 de la selecci\u00f3n de una parte del personal, entre las personas usuarias. Las personas seleccionadas tienen un contrato de seis meses a jornada completa, de junio a diciembre de este a\u00f1o.<\/p>\n","protected":false},"excerpt":{"rendered":"<p>El programa de Empleo Social Protegido del Ayuntamiento de Pamplona da empleo a un encargado de obra, tres oficiales de alba\u00f1iler\u00eda y tres peones<\/p>\n","protected":false},"author":1,"featured_media":41281,"comment_status":"open","ping_status":"closed","sticky":false,"template":"","format":"standard","meta":{"footnotes":""},"categories":[2],"tags":[],"class_list":["post-41280","post","type-post","status-publish","format-standard","has-post-thumbnail","hentry","category-ayuntamiento-pamplona"],"yoast_head":"<!-- This site is optimized with the Yoast SEO plugin v27.3 - https:\/\/yoast.com\/product\/yoast-seo-wordpress\/ -->\n<title>Siete personas de colectivos afectados por el desempleo realizan obras de mejora en los apartamentos tutelados para personas mayores Txoko Berri en San Juan<\/title>\n<meta name=\"description\" content=\"El programa de Empleo Social Protegido del Ayuntamiento de Pamplona da empleo a un encargado de obra, tres oficiales de alba\u00f1iler\u00eda y tres peones\" \/>\n<meta name=\"robots\" content=\"index, follow, max-snippet:-1, max-image-preview:large, max-video-preview:-1\" \/>\n<link rel=\"canonical\" href=\"https:\/\/www.laguiadepamplona.com\/actualidad\/siete-personas-de-colectivos-afectados-por-el-desempleo-realizan-obras-de-mejora-en-los-apartamentos-tutelados-para-personas-mayores-txoko-berri-en-san-juan\/\" \/>\n<meta property=\"og:locale\" content=\"es_ES\" \/>\n<meta property=\"og:type\" content=\"article\" \/>\n<meta property=\"og:title\" content=\"Siete personas de colectivos afectados por el desempleo realizan obras de mejora en los apartamentos tutelados para personas mayores Txoko Berri en San Juan\" \/>\n<meta property=\"og:description\" content=\"El programa de Empleo Social Protegido del Ayuntamiento de Pamplona da empleo a un encargado de obra, tres oficiales de alba\u00f1iler\u00eda y tres peones\" \/>\n<meta property=\"og:url\" content=\"https:\/\/www.laguiadepamplona.com\/actualidad\/siete-personas-de-colectivos-afectados-por-el-desempleo-realizan-obras-de-mejora-en-los-apartamentos-tutelados-para-personas-mayores-txoko-berri-en-san-juan\/\" \/>\n<meta property=\"og:site_name\" content=\"La Gu\u00eda de Pamplona\" \/>\n<meta property=\"article:publisher\" content=\"https:\/\/www.facebook.com\/laguiadepamplonacom-133175176762273\/?ref=hl\" \/>\n<meta property=\"article:published_time\" content=\"2022-08-10T11:20:54+00:00\" \/>\n<meta property=\"article:modified_time\" content=\"2023-04-11T09:47:55+00:00\" \/>\n<meta property=\"og:image\" content=\"https:\/\/www.laguiadepamplona.com\/actualidad\/wp-content\/uploads\/2022\/08\/apartamentostuteladostxokoberriee5a4527.webp\" \/>\n\t<meta property=\"og:image:width\" content=\"1920\" \/>\n\t<meta property=\"og:image:height\" content=\"1280\" \/>\n\t<meta property=\"og:image:type\" content=\"image\/webp\" \/>\n<meta name=\"author\" content=\"La Gu\u00eda de Pamplona\" \/>\n<meta name=\"twitter:card\" content=\"summary_large_image\" \/>\n<meta name=\"twitter:creator\" content=\"@LaGuiadPamplona\" \/>\n<meta name=\"twitter:site\" content=\"@LaGuiadPamplona\" \/>\n<meta name=\"twitter:label1\" content=\"Escrito por\" \/>\n\t<meta name=\"twitter:data1\" content=\"La Gu\u00eda de Pamplona\" \/>\n\t<meta name=\"twitter:label2\" content=\"Tiempo de lectura\" \/>\n\t<meta name=\"twitter:data2\" content=\"2 minutos\" \/>\n<script type=\"application\/ld+json\" class=\"yoast-schema-graph\">{\"@context\":\"https:\\\/\\\/schema.org\",\"@graph\":[{\"@type\":\"Article\",\"@id\":\"https:\\\/\\\/www.laguiadepamplona.com\\\/actualidad\\\/siete-personas-de-colectivos-afectados-por-el-desempleo-realizan-obras-de-mejora-en-los-apartamentos-tutelados-para-personas-mayores-txoko-berri-en-san-juan\\\/#article\",\"isPartOf\":{\"@id\":\"https:\\\/\\\/www.laguiadepamplona.com\\\/actualidad\\\/siete-personas-de-colectivos-afectados-por-el-desempleo-realizan-obras-de-mejora-en-los-apartamentos-tutelados-para-personas-mayores-txoko-berri-en-san-juan\\\/\"},\"author\":{\"name\":\"La Gu\u00eda de Pamplona\",\"@id\":\"https:\\\/\\\/www.laguiadepamplona.com\\\/actualidad\\\/#\\\/schema\\\/person\\\/efe887376f0213d4657c93adc50b1fdb\"},\"headline\":\"Siete personas de colectivos afectados por el desempleo realizan obras de mejora en los apartamentos tutelados para personas mayores Txoko Berri en San Juan\",\"datePublished\":\"2022-08-10T11:20:54+00:00\",\"dateModified\":\"2023-04-11T09:47:55+00:00\",\"mainEntityOfPage\":{\"@id\":\"https:\\\/\\\/www.laguiadepamplona.com\\\/actualidad\\\/siete-personas-de-colectivos-afectados-por-el-desempleo-realizan-obras-de-mejora-en-los-apartamentos-tutelados-para-personas-mayores-txoko-berri-en-san-juan\\\/\"},\"wordCount\":395,\"commentCount\":0,\"publisher\":{\"@id\":\"https:\\\/\\\/www.laguiadepamplona.com\\\/actualidad\\\/#organization\"},\"image\":{\"@id\":\"https:\\\/\\\/www.laguiadepamplona.com\\\/actualidad\\\/siete-personas-de-colectivos-afectados-por-el-desempleo-realizan-obras-de-mejora-en-los-apartamentos-tutelados-para-personas-mayores-txoko-berri-en-san-juan\\\/#primaryimage\"},\"thumbnailUrl\":\"https:\\\/\\\/www.laguiadepamplona.com\\\/actualidad\\\/wp-content\\\/uploads\\\/2022\\\/08\\\/apartamentostuteladostxokoberriee5a4527.webp\",\"articleSection\":[\"Ayto Pamplona\"],\"inLanguage\":\"es\",\"potentialAction\":[{\"@type\":\"CommentAction\",\"name\":\"Comment\",\"target\":[\"https:\\\/\\\/www.laguiadepamplona.com\\\/actualidad\\\/siete-personas-de-colectivos-afectados-por-el-desempleo-realizan-obras-de-mejora-en-los-apartamentos-tutelados-para-personas-mayores-txoko-berri-en-san-juan\\\/#respond\"]}]},{\"@type\":\"WebPage\",\"@id\":\"https:\\\/\\\/www.laguiadepamplona.com\\\/actualidad\\\/siete-personas-de-colectivos-afectados-por-el-desempleo-realizan-obras-de-mejora-en-los-apartamentos-tutelados-para-personas-mayores-txoko-berri-en-san-juan\\\/\",\"url\":\"https:\\\/\\\/www.laguiadepamplona.com\\\/actualidad\\\/siete-personas-de-colectivos-afectados-por-el-desempleo-realizan-obras-de-mejora-en-los-apartamentos-tutelados-para-personas-mayores-txoko-berri-en-san-juan\\\/\",\"name\":\"Siete personas de colectivos afectados por el desempleo realizan obras de mejora en los apartamentos tutelados para personas mayores Txoko Berri en San Juan\",\"isPartOf\":{\"@id\":\"https:\\\/\\\/www.laguiadepamplona.com\\\/actualidad\\\/#website\"},\"primaryImageOfPage\":{\"@id\":\"https:\\\/\\\/www.laguiadepamplona.com\\\/actualidad\\\/siete-personas-de-colectivos-afectados-por-el-desempleo-realizan-obras-de-mejora-en-los-apartamentos-tutelados-para-personas-mayores-txoko-berri-en-san-juan\\\/#primaryimage\"},\"image\":{\"@id\":\"https:\\\/\\\/www.laguiadepamplona.com\\\/actualidad\\\/siete-personas-de-colectivos-afectados-por-el-desempleo-realizan-obras-de-mejora-en-los-apartamentos-tutelados-para-personas-mayores-txoko-berri-en-san-juan\\\/#primaryimage\"},\"thumbnailUrl\":\"https:\\\/\\\/www.laguiadepamplona.com\\\/actualidad\\\/wp-content\\\/uploads\\\/2022\\\/08\\\/apartamentostuteladostxokoberriee5a4527.webp\",\"datePublished\":\"2022-08-10T11:20:54+00:00\",\"dateModified\":\"2023-04-11T09:47:55+00:00\",\"description\":\"El programa de Empleo Social Protegido del Ayuntamiento de Pamplona da empleo a un encargado de obra, tres oficiales de alba\u00f1iler\u00eda y tres peones\",\"breadcrumb\":{\"@id\":\"https:\\\/\\\/www.laguiadepamplona.com\\\/actualidad\\\/siete-personas-de-colectivos-afectados-por-el-desempleo-realizan-obras-de-mejora-en-los-apartamentos-tutelados-para-personas-mayores-txoko-berri-en-san-juan\\\/#breadcrumb\"},\"inLanguage\":\"es\",\"potentialAction\":[{\"@type\":\"ReadAction\",\"target\":[\"https:\\\/\\\/www.laguiadepamplona.com\\\/actualidad\\\/siete-personas-de-colectivos-afectados-por-el-desempleo-realizan-obras-de-mejora-en-los-apartamentos-tutelados-para-personas-mayores-txoko-berri-en-san-juan\\\/\"]}]},{\"@type\":\"ImageObject\",\"inLanguage\":\"es\",\"@id\":\"https:\\\/\\\/www.laguiadepamplona.com\\\/actualidad\\\/siete-personas-de-colectivos-afectados-por-el-desempleo-realizan-obras-de-mejora-en-los-apartamentos-tutelados-para-personas-mayores-txoko-berri-en-san-juan\\\/#primaryimage\",\"url\":\"https:\\\/\\\/www.laguiadepamplona.com\\\/actualidad\\\/wp-content\\\/uploads\\\/2022\\\/08\\\/apartamentostuteladostxokoberriee5a4527.webp\",\"contentUrl\":\"https:\\\/\\\/www.laguiadepamplona.com\\\/actualidad\\\/wp-content\\\/uploads\\\/2022\\\/08\\\/apartamentostuteladostxokoberriee5a4527.webp\",\"width\":1920,\"height\":1280,\"caption\":\"apartamentos\"},{\"@type\":\"BreadcrumbList\",\"@id\":\"https:\\\/\\\/www.laguiadepamplona.com\\\/actualidad\\\/siete-personas-de-colectivos-afectados-por-el-desempleo-realizan-obras-de-mejora-en-los-apartamentos-tutelados-para-personas-mayores-txoko-berri-en-san-juan\\\/#breadcrumb\",\"itemListElement\":[{\"@type\":\"ListItem\",\"position\":1,\"name\":\"Portada\",\"item\":\"https:\\\/\\\/www.laguiadepamplona.com\\\/actualidad\\\/\"},{\"@type\":\"ListItem\",\"position\":2,\"name\":\"Siete personas de colectivos afectados por el desempleo realizan obras de mejora en los apartamentos tutelados para personas mayores Txoko Berri en San Juan\"}]},{\"@type\":\"WebSite\",\"@id\":\"https:\\\/\\\/www.laguiadepamplona.com\\\/actualidad\\\/#website\",\"url\":\"https:\\\/\\\/www.laguiadepamplona.com\\\/actualidad\\\/\",\"name\":\"La gu\u00eda de Pamplona\",\"description\":\"Noticias de Pamplona\",\"publisher\":{\"@id\":\"https:\\\/\\\/www.laguiadepamplona.com\\\/actualidad\\\/#organization\"},\"potentialAction\":[{\"@type\":\"SearchAction\",\"target\":{\"@type\":\"EntryPoint\",\"urlTemplate\":\"https:\\\/\\\/www.laguiadepamplona.com\\\/actualidad\\\/?s={search_term_string}\"},\"query-input\":{\"@type\":\"PropertyValueSpecification\",\"valueRequired\":true,\"valueName\":\"search_term_string\"}}],\"inLanguage\":\"es\"},{\"@type\":\"Organization\",\"@id\":\"https:\\\/\\\/www.laguiadepamplona.com\\\/actualidad\\\/#organization\",\"name\":\"La Gu\u00eda de Pamplona \\\/ Noticias\",\"url\":\"https:\\\/\\\/www.laguiadepamplona.com\\\/actualidad\\\/\",\"logo\":{\"@type\":\"ImageObject\",\"inLanguage\":\"es\",\"@id\":\"https:\\\/\\\/www.laguiadepamplona.com\\\/actualidad\\\/#\\\/schema\\\/logo\\\/image\\\/\",\"url\":\"https:\\\/\\\/www.laguiadepamplona.com\\\/actualidad\\\/wp-content\\\/uploads\\\/2018\\\/11\\\/logo-laguiadepamplona18-web1.png\",\"contentUrl\":\"https:\\\/\\\/www.laguiadepamplona.com\\\/actualidad\\\/wp-content\\\/uploads\\\/2018\\\/11\\\/logo-laguiadepamplona18-web1.png\",\"width\":600,\"height\":196,\"caption\":\"La Gu\u00eda de Pamplona \\\/ Noticias\"},\"image\":{\"@id\":\"https:\\\/\\\/www.laguiadepamplona.com\\\/actualidad\\\/#\\\/schema\\\/logo\\\/image\\\/\"},\"sameAs\":[\"https:\\\/\\\/www.facebook.com\\\/laguiadepamplonacom-133175176762273\\\/?ref=hl\",\"https:\\\/\\\/x.com\\\/LaGuiadPamplona\",\"https:\\\/\\\/www.instagram.com\\\/la_guia_de_pamplona\\\/\",\"https:\\\/\\\/www.youtube.com\\\/user\\\/laguiadepamplona\"]},{\"@type\":\"Person\",\"@id\":\"https:\\\/\\\/www.laguiadepamplona.com\\\/actualidad\\\/#\\\/schema\\\/person\\\/efe887376f0213d4657c93adc50b1fdb\",\"name\":\"La Gu\u00eda de Pamplona\",\"image\":{\"@type\":\"ImageObject\",\"inLanguage\":\"es\",\"@id\":\"https:\\\/\\\/secure.gravatar.com\\\/avatar\\\/b6992f131dc8d30ab0dff15446e9d346d9dbd95992de0fef795073f5ea83a81c?s=96&d=mm&r=g\",\"url\":\"https:\\\/\\\/secure.gravatar.com\\\/avatar\\\/b6992f131dc8d30ab0dff15446e9d346d9dbd95992de0fef795073f5ea83a81c?s=96&d=mm&r=g\",\"contentUrl\":\"https:\\\/\\\/secure.gravatar.com\\\/avatar\\\/b6992f131dc8d30ab0dff15446e9d346d9dbd95992de0fef795073f5ea83a81c?s=96&d=mm&r=g\",\"caption\":\"La Gu\u00eda de Pamplona\"}}]}<\/script>\n<!-- \/ Yoast SEO plugin. -->","yoast_head_json":{"title":"Siete personas de colectivos afectados por el desempleo realizan obras de mejora en los apartamentos tutelados para personas mayores Txoko Berri en San Juan","description":"El programa de Empleo Social Protegido del Ayuntamiento de Pamplona da empleo a un encargado de obra, tres oficiales de alba\u00f1iler\u00eda y tres peones","robots":{"index":"index","follow":"follow","max-snippet":"max-snippet:-1","max-image-preview":"max-image-preview:large","max-video-preview":"max-video-preview:-1"},"canonical":"https:\/\/www.laguiadepamplona.com\/actualidad\/siete-personas-de-colectivos-afectados-por-el-desempleo-realizan-obras-de-mejora-en-los-apartamentos-tutelados-para-personas-mayores-txoko-berri-en-san-juan\/","og_locale":"es_ES","og_type":"article","og_title":"Siete personas de colectivos afectados por el desempleo realizan obras de mejora en los apartamentos tutelados para personas mayores Txoko Berri en San Juan","og_description":"El programa de Empleo Social Protegido del Ayuntamiento de Pamplona da empleo a un encargado de obra, tres oficiales de alba\u00f1iler\u00eda y tres peones","og_url":"https:\/\/www.laguiadepamplona.com\/actualidad\/siete-personas-de-colectivos-afectados-por-el-desempleo-realizan-obras-de-mejora-en-los-apartamentos-tutelados-para-personas-mayores-txoko-berri-en-san-juan\/","og_site_name":"La Gu\u00eda de Pamplona","article_publisher":"https:\/\/www.facebook.com\/laguiadepamplonacom-133175176762273\/?ref=hl","article_published_time":"2022-08-10T11:20:54+00:00","article_modified_time":"2023-04-11T09:47:55+00:00","og_image":[{"width":1920,"height":1280,"url":"https:\/\/www.laguiadepamplona.com\/actualidad\/wp-content\/uploads\/2022\/08\/apartamentostuteladostxokoberriee5a4527.webp","type":"image\/webp"}],"author":"La Gu\u00eda de Pamplona","twitter_card":"summary_large_image","twitter_creator":"@LaGuiadPamplona","twitter_site":"@LaGuiadPamplona","twitter_misc":{"Escrito por":"La Gu\u00eda de Pamplona","Tiempo de lectura":"2 minutos"},"schema":{"@context":"https:\/\/schema.org","@graph":[{"@type":"Article","@id":"https:\/\/www.laguiadepamplona.com\/actualidad\/siete-personas-de-colectivos-afectados-por-el-desempleo-realizan-obras-de-mejora-en-los-apartamentos-tutelados-para-personas-mayores-txoko-berri-en-san-juan\/#article","isPartOf":{"@id":"https:\/\/www.laguiadepamplona.com\/actualidad\/siete-personas-de-colectivos-afectados-por-el-desempleo-realizan-obras-de-mejora-en-los-apartamentos-tutelados-para-personas-mayores-txoko-berri-en-san-juan\/"},"author":{"name":"La Gu\u00eda de Pamplona","@id":"https:\/\/www.laguiadepamplona.com\/actualidad\/#\/schema\/person\/efe887376f0213d4657c93adc50b1fdb"},"headline":"Siete personas de colectivos afectados por el desempleo realizan obras de mejora en los apartamentos tutelados para personas mayores Txoko Berri en San Juan","datePublished":"2022-08-10T11:20:54+00:00","dateModified":"2023-04-11T09:47:55+00:00","mainEntityOfPage":{"@id":"https:\/\/www.laguiadepamplona.com\/actualidad\/siete-personas-de-colectivos-afectados-por-el-desempleo-realizan-obras-de-mejora-en-los-apartamentos-tutelados-para-personas-mayores-txoko-berri-en-san-juan\/"},"wordCount":395,"commentCount":0,"publisher":{"@id":"https:\/\/www.laguiadepamplona.com\/actualidad\/#organization"},"image":{"@id":"https:\/\/www.laguiadepamplona.com\/actualidad\/siete-personas-de-colectivos-afectados-por-el-desempleo-realizan-obras-de-mejora-en-los-apartamentos-tutelados-para-personas-mayores-txoko-berri-en-san-juan\/#primaryimage"},"thumbnailUrl":"https:\/\/www.laguiadepamplona.com\/actualidad\/wp-content\/uploads\/2022\/08\/apartamentostuteladostxokoberriee5a4527.webp","articleSection":["Ayto Pamplona"],"inLanguage":"es","potentialAction":[{"@type":"CommentAction","name":"Comment","target":["https:\/\/www.laguiadepamplona.com\/actualidad\/siete-personas-de-colectivos-afectados-por-el-desempleo-realizan-obras-de-mejora-en-los-apartamentos-tutelados-para-personas-mayores-txoko-berri-en-san-juan\/#respond"]}]},{"@type":"WebPage","@id":"https:\/\/www.laguiadepamplona.com\/actualidad\/siete-personas-de-colectivos-afectados-por-el-desempleo-realizan-obras-de-mejora-en-los-apartamentos-tutelados-para-personas-mayores-txoko-berri-en-san-juan\/","url":"https:\/\/www.laguiadepamplona.com\/actualidad\/siete-personas-de-colectivos-afectados-por-el-desempleo-realizan-obras-de-mejora-en-los-apartamentos-tutelados-para-personas-mayores-txoko-berri-en-san-juan\/","name":"Siete personas de colectivos afectados por el desempleo realizan obras de mejora en los apartamentos tutelados para personas mayores Txoko Berri en San Juan","isPartOf":{"@id":"https:\/\/www.laguiadepamplona.com\/actualidad\/#website"},"primaryImageOfPage":{"@id":"https:\/\/www.laguiadepamplona.com\/actualidad\/siete-personas-de-colectivos-afectados-por-el-desempleo-realizan-obras-de-mejora-en-los-apartamentos-tutelados-para-personas-mayores-txoko-berri-en-san-juan\/#primaryimage"},"image":{"@id":"https:\/\/www.laguiadepamplona.com\/actualidad\/siete-personas-de-colectivos-afectados-por-el-desempleo-realizan-obras-de-mejora-en-los-apartamentos-tutelados-para-personas-mayores-txoko-berri-en-san-juan\/#primaryimage"},"thumbnailUrl":"https:\/\/www.laguiadepamplona.com\/actualidad\/wp-content\/uploads\/2022\/08\/apartamentostuteladostxokoberriee5a4527.webp","datePublished":"2022-08-10T11:20:54+00:00","dateModified":"2023-04-11T09:47:55+00:00","description":"El programa de Empleo Social Protegido del Ayuntamiento de Pamplona da empleo a un encargado de obra, tres oficiales de alba\u00f1iler\u00eda y tres peones","breadcrumb":{"@id":"https:\/\/www.laguiadepamplona.com\/actualidad\/siete-personas-de-colectivos-afectados-por-el-desempleo-realizan-obras-de-mejora-en-los-apartamentos-tutelados-para-personas-mayores-txoko-berri-en-san-juan\/#breadcrumb"},"inLanguage":"es","potentialAction":[{"@type":"ReadAction","target":["https:\/\/www.laguiadepamplona.com\/actualidad\/siete-personas-de-colectivos-afectados-por-el-desempleo-realizan-obras-de-mejora-en-los-apartamentos-tutelados-para-personas-mayores-txoko-berri-en-san-juan\/"]}]},{"@type":"ImageObject","inLanguage":"es","@id":"https:\/\/www.laguiadepamplona.com\/actualidad\/siete-personas-de-colectivos-afectados-por-el-desempleo-realizan-obras-de-mejora-en-los-apartamentos-tutelados-para-personas-mayores-txoko-berri-en-san-juan\/#primaryimage","url":"https:\/\/www.laguiadepamplona.com\/actualidad\/wp-content\/uploads\/2022\/08\/apartamentostuteladostxokoberriee5a4527.webp","contentUrl":"https:\/\/www.laguiadepamplona.com\/actualidad\/wp-content\/uploads\/2022\/08\/apartamentostuteladostxokoberriee5a4527.webp","width":1920,"height":1280,"caption":"apartamentos"},{"@type":"BreadcrumbList","@id":"https:\/\/www.laguiadepamplona.com\/actualidad\/siete-personas-de-colectivos-afectados-por-el-desempleo-realizan-obras-de-mejora-en-los-apartamentos-tutelados-para-personas-mayores-txoko-berri-en-san-juan\/#breadcrumb","itemListElement":[{"@type":"ListItem","position":1,"name":"Portada","item":"https:\/\/www.laguiadepamplona.com\/actualidad\/"},{"@type":"ListItem","position":2,"name":"Siete personas de colectivos afectados por el desempleo realizan obras de mejora en los apartamentos tutelados para personas mayores Txoko Berri en San Juan"}]},{"@type":"WebSite","@id":"https:\/\/www.laguiadepamplona.com\/actualidad\/#website","url":"https:\/\/www.laguiadepamplona.com\/actualidad\/","name":"La gu\u00eda de Pamplona","description":"Noticias de Pamplona","publisher":{"@id":"https:\/\/www.laguiadepamplona.com\/actualidad\/#organization"},"potentialAction":[{"@type":"SearchAction","target":{"@type":"EntryPoint","urlTemplate":"https:\/\/www.laguiadepamplona.com\/actualidad\/?s={search_term_string}"},"query-input":{"@type":"PropertyValueSpecification","valueRequired":true,"valueName":"search_term_string"}}],"inLanguage":"es"},{"@type":"Organization","@id":"https:\/\/www.laguiadepamplona.com\/actualidad\/#organization","name":"La Gu\u00eda de Pamplona \/ Noticias","url":"https:\/\/www.laguiadepamplona.com\/actualidad\/","logo":{"@type":"ImageObject","inLanguage":"es","@id":"https:\/\/www.laguiadepamplona.com\/actualidad\/#\/schema\/logo\/image\/","url":"https:\/\/www.laguiadepamplona.com\/actualidad\/wp-content\/uploads\/2018\/11\/logo-laguiadepamplona18-web1.png","contentUrl":"https:\/\/www.laguiadepamplona.com\/actualidad\/wp-content\/uploads\/2018\/11\/logo-laguiadepamplona18-web1.png","width":600,"height":196,"caption":"La Gu\u00eda de Pamplona \/ Noticias"},"image":{"@id":"https:\/\/www.laguiadepamplona.com\/actualidad\/#\/schema\/logo\/image\/"},"sameAs":["https:\/\/www.facebook.com\/laguiadepamplonacom-133175176762273\/?ref=hl","https:\/\/x.com\/LaGuiadPamplona","https:\/\/www.instagram.com\/la_guia_de_pamplona\/","https:\/\/www.youtube.com\/user\/laguiadepamplona"]},{"@type":"Person","@id":"https:\/\/www.laguiadepamplona.com\/actualidad\/#\/schema\/person\/efe887376f0213d4657c93adc50b1fdb","name":"La Gu\u00eda de Pamplona","image":{"@type":"ImageObject","inLanguage":"es","@id":"https:\/\/secure.gravatar.com\/avatar\/b6992f131dc8d30ab0dff15446e9d346d9dbd95992de0fef795073f5ea83a81c?s=96&d=mm&r=g","url":"https:\/\/secure.gravatar.com\/avatar\/b6992f131dc8d30ab0dff15446e9d346d9dbd95992de0fef795073f5ea83a81c?s=96&d=mm&r=g","contentUrl":"https:\/\/secure.gravatar.com\/avatar\/b6992f131dc8d30ab0dff15446e9d346d9dbd95992de0fef795073f5ea83a81c?s=96&d=mm&r=g","caption":"La Gu\u00eda de Pamplona"}}]}},"post_mailing_queue_ids":[],"_links":{"self":[{"href":"https:\/\/www.laguiadepamplona.com\/actualidad\/wp-json\/wp\/v2\/posts\/41280","targetHints":{"allow":["GET"]}}],"collection":[{"href":"https:\/\/www.laguiadepamplona.com\/actualidad\/wp-json\/wp\/v2\/posts"}],"about":[{"href":"https:\/\/www.laguiadepamplona.com\/actualidad\/wp-json\/wp\/v2\/types\/post"}],"author":[{"embeddable":true,"href":"https:\/\/www.laguiadepamplona.com\/actualidad\/wp-json\/wp\/v2\/users\/1"}],"replies":[{"embeddable":true,"href":"https:\/\/www.laguiadepamplona.com\/actualidad\/wp-json\/wp\/v2\/comments?post=41280"}],"version-history":[{"count":0,"href":"https:\/\/www.laguiadepamplona.com\/actualidad\/wp-json\/wp\/v2\/posts\/41280\/revisions"}],"wp:featuredmedia":[{"embeddable":true,"href":"https:\/\/www.laguiadepamplona.com\/actualidad\/wp-json\/wp\/v2\/media\/41281"}],"wp:attachment":[{"href":"https:\/\/www.laguiadepamplona.com\/actualidad\/wp-json\/wp\/v2\/media?parent=41280"}],"wp:term":[{"taxonomy":"category","embeddable":true,"href":"https:\/\/www.laguiadepamplona.com\/actualidad\/wp-json\/wp\/v2\/categories?post=41280"},{"taxonomy":"post_tag","embeddable":true,"href":"https:\/\/www.laguiadepamplona.com\/actualidad\/wp-json\/wp\/v2\/tags?post=41280"}],"curies":[{"name":"wp","href":"https:\/\/api.w.org\/{rel}","templated":true}]}}