{"id":41277,"date":"2022-08-09T13:59:10","date_gmt":"2022-08-09T11:59:10","guid":{"rendered":"https:\/\/www.laguiadepamplona.com\/actualidad\/?p=41277"},"modified":"2023-04-11T11:47:55","modified_gmt":"2023-04-11T09:47:55","slug":"la-escuela-infantil-de-lezkairu-preparada-para-acoger-114-ninas-y-ninos-de-0-a-3-anos-en-jornada-completa-este-proximo-curso","status":"publish","type":"post","link":"https:\/\/www.laguiadepamplona.com\/actualidad\/la-escuela-infantil-de-lezkairu-preparada-para-acoger-114-ninas-y-ninos-de-0-a-3-anos-en-jornada-completa-este-proximo-curso\/","title":{"rendered":"La Escuela Infantil de Lezkairu, preparada para acoger 114 ni\u00f1as y ni\u00f1os de 0 a 3 a\u00f1os en jornada completa este pr\u00f3ximo curso"},"content":{"rendered":"<h5>Disfrutar\u00e1n de sus ambientes, material pedag\u00f3gico y mobiliario natural, en un edificio en el que la ciudad ha invertido m\u00e1s de 3,7 millones de euro<\/h5>\n<p><!--more--><\/p>\n<p>Ya est\u00e1 terminada y equipada la nueva Escuela Infantil de Lezkairu, que suma la duod\u00e9cima equipaci\u00f3n en la red de Escuelas Infantiles P\u00fablicas de Pamplona. Es un edificio singular que se identifica f\u00e1cilmente por su tejado a dos aguas y su gran estructura en madera. Ha sido concebido como un edificio eficiente desde el punto de vista del consumo energ\u00e9tico que alberga, adem\u00e1s, placas solares de la cubierta y se estructura en torno a una plaza interior central. Su propio dise\u00f1o es una elecci\u00f3n pedag\u00f3gica: lo educativo articula sus espacios en torno a esa plaza, y a sus patios y jardines exteriores adaptados al mundo infantil con escalas m\u00e1s reducidas. Los espacios centrales del edificio obtienen iluminaci\u00f3n natural a trav\u00e9s de grandes lucernarios de vidrio de la cubierta.<br \/>\n<script async src=\"\/\/pagead2.googlesyndication.com\/pagead\/js\/adsbygoogle.js\"><\/script><br \/>\n<!-- Noticias La Guia de Pamplona --><br \/>\n<ins class=\"adsbygoogle\"\nstyle=\"display:block\"\ndata-ad-client=\"ca-pub-6943679897239327\"\ndata-ad-slot=\"7048180777\"\ndata-ad-format=\"auto\"><\/ins><br \/>\n<script>\n(adsbygoogle = window.adsbygoogle || []).push({});\n<\/script><\/p>\n<p>El edificio acoger\u00e1 a los diferentes grupos de menores de 0 a 3 a\u00f1os. Los espacios para lactantes se sit\u00faan en la parte norte de la plaza, donde tambi\u00e9n hay caminantes, y otros caminantes, junto con medianos y mayores se ubicar\u00e1n en la parte sur. Est\u00e1n configurados como elementos abiertos y transparentes, con relaci\u00f3n directa hacia los pasillos y espacios de encuentro y hacia a el patio-jard\u00edn exterior. Los comedores est\u00e1n colocados cerca de las v\u00edas de circulaci\u00f3n para facilitar los servicios. Tambi\u00e9n es especial el amueblamiento, realizado en materiales naturales, de car\u00e1cter amable y en sinton\u00eda con el esp\u00edritu del edificio. Est\u00e1n adaptados a la evoluci\u00f3n educativa de los menores y son diferentes en los distintos espacios en funci\u00f3n de las edades de ni\u00f1as y ni\u00f1os.<\/p>\n<p>As\u00ed estilo arquitect\u00f3nico, iluminaci\u00f3n, distribuci\u00f3n y mobiliario quieren ser los \u00f3ptimos para el aprendizaje a trav\u00e9s del juego y para el bienestar de los menores. Y es que el pr\u00f3ximo 16 de agosto 114 ni\u00f1as y ni\u00f1os de 0 a 3 a\u00f1os iniciar\u00e1n el curso en sus aulas. Todos ellos estar\u00e1n a jornada completa en l\u00edneas educativas en castellano (70) y euskera (44) que incluyen actividades de ingl\u00e9s. Dentro de su matr\u00edcula hay tambi\u00e9n alumnado de inclusi\u00f3n.<br \/>\n<script async src=\"\/\/pagead2.googlesyndication.com\/pagead\/js\/adsbygoogle.js\"><\/script><br \/>\n<!-- Noticias La Guia de Pamplona --><br \/>\n<ins class=\"adsbygoogle\"\nstyle=\"display:block\"\ndata-ad-client=\"ca-pub-6943679897239327\"\ndata-ad-slot=\"7048180777\"\ndata-ad-format=\"auto\"><\/ins><br \/>\n<script>\n(adsbygoogle = window.adsbygoogle || []).push({});\n<\/script><\/p>\n<p>La ciudad ha invertido en esta infraestructura 3.771.310 euros en unas obras que se han desarrollado durante 17 meses. La escuela Infantil de Lezkairu, que se inaugura este curso, es la primera que se construye en la ciudad desde al a\u00f1o 2011. Con ella la red alcanza las 12 escuelas que se distribuyen por los diferentes barrios de la ciudad, como Azpilaga\u00f1a, Milagrosa-Arrosadia, Buztintxuri, Txantrea, Mendebaldea, Mendillorri, Rotxapea o San Juan, barrios a los que este curso se suma Lezkairu.<\/p>\n","protected":false},"excerpt":{"rendered":"<p>Disfrutar\u00e1n de sus ambientes, material pedag\u00f3gico y mobiliario natural, en un edificio en el que la ciudad ha invertido m\u00e1s de 3,7 millones de euro<\/p>\n","protected":false},"author":1,"featured_media":41278,"comment_status":"open","ping_status":"closed","sticky":false,"template":"","format":"standard","meta":{"footnotes":""},"categories":[2],"tags":[],"class_list":["post-41277","post","type-post","status-publish","format-standard","has-post-thumbnail","hentry","category-ayuntamiento-pamplona"],"yoast_head":"<!-- This site is optimized with the Yoast SEO plugin v27.3 - https:\/\/yoast.com\/product\/yoast-seo-wordpress\/ -->\n<title>La Escuela Infantil de Lezkairu, preparada para acoger 114 ni\u00f1as y ni\u00f1os de 0 a 3 a\u00f1os en jornada completa este pr\u00f3ximo curso<\/title>\n<meta name=\"description\" content=\"Disfrutar\u00e1n de sus ambientes, material pedag\u00f3gico y mobiliario natural, en un edificio en el que la ciudad ha invertido m\u00e1s de 3,7 millones de euros\" \/>\n<meta name=\"robots\" content=\"index, follow, max-snippet:-1, max-image-preview:large, max-video-preview:-1\" \/>\n<link rel=\"canonical\" href=\"https:\/\/www.laguiadepamplona.com\/actualidad\/la-escuela-infantil-de-lezkairu-preparada-para-acoger-114-ninas-y-ninos-de-0-a-3-anos-en-jornada-completa-este-proximo-curso\/\" \/>\n<meta property=\"og:locale\" content=\"es_ES\" \/>\n<meta property=\"og:type\" content=\"article\" \/>\n<meta property=\"og:title\" content=\"La Escuela Infantil de Lezkairu, preparada para acoger 114 ni\u00f1as y ni\u00f1os de 0 a 3 a\u00f1os en jornada completa este pr\u00f3ximo curso\" \/>\n<meta property=\"og:description\" content=\"Disfrutar\u00e1n de sus ambientes, material pedag\u00f3gico y mobiliario natural, en un edificio en el que la ciudad ha invertido m\u00e1s de 3,7 millones de euros\" \/>\n<meta property=\"og:url\" content=\"https:\/\/www.laguiadepamplona.com\/actualidad\/la-escuela-infantil-de-lezkairu-preparada-para-acoger-114-ninas-y-ninos-de-0-a-3-anos-en-jornada-completa-este-proximo-curso\/\" \/>\n<meta property=\"og:site_name\" content=\"La Gu\u00eda de Pamplona\" \/>\n<meta property=\"article:publisher\" content=\"https:\/\/www.facebook.com\/laguiadepamplonacom-133175176762273\/?ref=hl\" \/>\n<meta property=\"article:published_time\" content=\"2022-08-09T11:59:10+00:00\" \/>\n<meta property=\"article:modified_time\" content=\"2023-04-11T09:47:55+00:00\" \/>\n<meta property=\"og:image\" content=\"https:\/\/www.laguiadepamplona.com\/actualidad\/wp-content\/uploads\/2022\/08\/lezkairu0.jpg\" \/>\n\t<meta property=\"og:image:width\" content=\"1543\" \/>\n\t<meta property=\"og:image:height\" content=\"903\" \/>\n\t<meta property=\"og:image:type\" content=\"image\/jpeg\" \/>\n<meta name=\"author\" content=\"La Gu\u00eda de Pamplona\" \/>\n<meta name=\"twitter:card\" content=\"summary_large_image\" \/>\n<meta name=\"twitter:creator\" content=\"@LaGuiadPamplona\" \/>\n<meta name=\"twitter:site\" content=\"@LaGuiadPamplona\" \/>\n<meta name=\"twitter:label1\" content=\"Escrito por\" \/>\n\t<meta name=\"twitter:data1\" content=\"La Gu\u00eda de Pamplona\" \/>\n\t<meta name=\"twitter:label2\" content=\"Tiempo de lectura\" \/>\n\t<meta name=\"twitter:data2\" content=\"3 minutos\" \/>\n<script type=\"application\/ld+json\" class=\"yoast-schema-graph\">{\"@context\":\"https:\\\/\\\/schema.org\",\"@graph\":[{\"@type\":\"Article\",\"@id\":\"https:\\\/\\\/www.laguiadepamplona.com\\\/actualidad\\\/la-escuela-infantil-de-lezkairu-preparada-para-acoger-114-ninas-y-ninos-de-0-a-3-anos-en-jornada-completa-este-proximo-curso\\\/#article\",\"isPartOf\":{\"@id\":\"https:\\\/\\\/www.laguiadepamplona.com\\\/actualidad\\\/la-escuela-infantil-de-lezkairu-preparada-para-acoger-114-ninas-y-ninos-de-0-a-3-anos-en-jornada-completa-este-proximo-curso\\\/\"},\"author\":{\"name\":\"La Gu\u00eda de Pamplona\",\"@id\":\"https:\\\/\\\/www.laguiadepamplona.com\\\/actualidad\\\/#\\\/schema\\\/person\\\/efe887376f0213d4657c93adc50b1fdb\"},\"headline\":\"La Escuela Infantil de Lezkairu, preparada para acoger 114 ni\u00f1as y ni\u00f1os de 0 a 3 a\u00f1os en jornada completa este pr\u00f3ximo curso\",\"datePublished\":\"2022-08-09T11:59:10+00:00\",\"dateModified\":\"2023-04-11T09:47:55+00:00\",\"mainEntityOfPage\":{\"@id\":\"https:\\\/\\\/www.laguiadepamplona.com\\\/actualidad\\\/la-escuela-infantil-de-lezkairu-preparada-para-acoger-114-ninas-y-ninos-de-0-a-3-anos-en-jornada-completa-este-proximo-curso\\\/\"},\"wordCount\":499,\"commentCount\":0,\"publisher\":{\"@id\":\"https:\\\/\\\/www.laguiadepamplona.com\\\/actualidad\\\/#organization\"},\"image\":{\"@id\":\"https:\\\/\\\/www.laguiadepamplona.com\\\/actualidad\\\/la-escuela-infantil-de-lezkairu-preparada-para-acoger-114-ninas-y-ninos-de-0-a-3-anos-en-jornada-completa-este-proximo-curso\\\/#primaryimage\"},\"thumbnailUrl\":\"https:\\\/\\\/www.laguiadepamplona.com\\\/actualidad\\\/wp-content\\\/uploads\\\/2022\\\/08\\\/lezkairu0.jpg\",\"articleSection\":[\"Ayto Pamplona\"],\"inLanguage\":\"es\",\"potentialAction\":[{\"@type\":\"CommentAction\",\"name\":\"Comment\",\"target\":[\"https:\\\/\\\/www.laguiadepamplona.com\\\/actualidad\\\/la-escuela-infantil-de-lezkairu-preparada-para-acoger-114-ninas-y-ninos-de-0-a-3-anos-en-jornada-completa-este-proximo-curso\\\/#respond\"]}]},{\"@type\":\"WebPage\",\"@id\":\"https:\\\/\\\/www.laguiadepamplona.com\\\/actualidad\\\/la-escuela-infantil-de-lezkairu-preparada-para-acoger-114-ninas-y-ninos-de-0-a-3-anos-en-jornada-completa-este-proximo-curso\\\/\",\"url\":\"https:\\\/\\\/www.laguiadepamplona.com\\\/actualidad\\\/la-escuela-infantil-de-lezkairu-preparada-para-acoger-114-ninas-y-ninos-de-0-a-3-anos-en-jornada-completa-este-proximo-curso\\\/\",\"name\":\"La Escuela Infantil de Lezkairu, preparada para acoger 114 ni\u00f1as y ni\u00f1os de 0 a 3 a\u00f1os en jornada completa este pr\u00f3ximo curso\",\"isPartOf\":{\"@id\":\"https:\\\/\\\/www.laguiadepamplona.com\\\/actualidad\\\/#website\"},\"primaryImageOfPage\":{\"@id\":\"https:\\\/\\\/www.laguiadepamplona.com\\\/actualidad\\\/la-escuela-infantil-de-lezkairu-preparada-para-acoger-114-ninas-y-ninos-de-0-a-3-anos-en-jornada-completa-este-proximo-curso\\\/#primaryimage\"},\"image\":{\"@id\":\"https:\\\/\\\/www.laguiadepamplona.com\\\/actualidad\\\/la-escuela-infantil-de-lezkairu-preparada-para-acoger-114-ninas-y-ninos-de-0-a-3-anos-en-jornada-completa-este-proximo-curso\\\/#primaryimage\"},\"thumbnailUrl\":\"https:\\\/\\\/www.laguiadepamplona.com\\\/actualidad\\\/wp-content\\\/uploads\\\/2022\\\/08\\\/lezkairu0.jpg\",\"datePublished\":\"2022-08-09T11:59:10+00:00\",\"dateModified\":\"2023-04-11T09:47:55+00:00\",\"description\":\"Disfrutar\u00e1n de sus ambientes, material pedag\u00f3gico y mobiliario natural, en un edificio en el que la ciudad ha invertido m\u00e1s de 3,7 millones de euros\",\"breadcrumb\":{\"@id\":\"https:\\\/\\\/www.laguiadepamplona.com\\\/actualidad\\\/la-escuela-infantil-de-lezkairu-preparada-para-acoger-114-ninas-y-ninos-de-0-a-3-anos-en-jornada-completa-este-proximo-curso\\\/#breadcrumb\"},\"inLanguage\":\"es\",\"potentialAction\":[{\"@type\":\"ReadAction\",\"target\":[\"https:\\\/\\\/www.laguiadepamplona.com\\\/actualidad\\\/la-escuela-infantil-de-lezkairu-preparada-para-acoger-114-ninas-y-ninos-de-0-a-3-anos-en-jornada-completa-este-proximo-curso\\\/\"]}]},{\"@type\":\"ImageObject\",\"inLanguage\":\"es\",\"@id\":\"https:\\\/\\\/www.laguiadepamplona.com\\\/actualidad\\\/la-escuela-infantil-de-lezkairu-preparada-para-acoger-114-ninas-y-ninos-de-0-a-3-anos-en-jornada-completa-este-proximo-curso\\\/#primaryimage\",\"url\":\"https:\\\/\\\/www.laguiadepamplona.com\\\/actualidad\\\/wp-content\\\/uploads\\\/2022\\\/08\\\/lezkairu0.jpg\",\"contentUrl\":\"https:\\\/\\\/www.laguiadepamplona.com\\\/actualidad\\\/wp-content\\\/uploads\\\/2022\\\/08\\\/lezkairu0.jpg\",\"width\":1543,\"height\":903},{\"@type\":\"BreadcrumbList\",\"@id\":\"https:\\\/\\\/www.laguiadepamplona.com\\\/actualidad\\\/la-escuela-infantil-de-lezkairu-preparada-para-acoger-114-ninas-y-ninos-de-0-a-3-anos-en-jornada-completa-este-proximo-curso\\\/#breadcrumb\",\"itemListElement\":[{\"@type\":\"ListItem\",\"position\":1,\"name\":\"Portada\",\"item\":\"https:\\\/\\\/www.laguiadepamplona.com\\\/actualidad\\\/\"},{\"@type\":\"ListItem\",\"position\":2,\"name\":\"La Escuela Infantil de Lezkairu, preparada para acoger 114 ni\u00f1as y ni\u00f1os de 0 a 3 a\u00f1os en jornada completa este pr\u00f3ximo curso\"}]},{\"@type\":\"WebSite\",\"@id\":\"https:\\\/\\\/www.laguiadepamplona.com\\\/actualidad\\\/#website\",\"url\":\"https:\\\/\\\/www.laguiadepamplona.com\\\/actualidad\\\/\",\"name\":\"La gu\u00eda de Pamplona\",\"description\":\"Noticias de Pamplona\",\"publisher\":{\"@id\":\"https:\\\/\\\/www.laguiadepamplona.com\\\/actualidad\\\/#organization\"},\"potentialAction\":[{\"@type\":\"SearchAction\",\"target\":{\"@type\":\"EntryPoint\",\"urlTemplate\":\"https:\\\/\\\/www.laguiadepamplona.com\\\/actualidad\\\/?s={search_term_string}\"},\"query-input\":{\"@type\":\"PropertyValueSpecification\",\"valueRequired\":true,\"valueName\":\"search_term_string\"}}],\"inLanguage\":\"es\"},{\"@type\":\"Organization\",\"@id\":\"https:\\\/\\\/www.laguiadepamplona.com\\\/actualidad\\\/#organization\",\"name\":\"La Gu\u00eda de Pamplona \\\/ Noticias\",\"url\":\"https:\\\/\\\/www.laguiadepamplona.com\\\/actualidad\\\/\",\"logo\":{\"@type\":\"ImageObject\",\"inLanguage\":\"es\",\"@id\":\"https:\\\/\\\/www.laguiadepamplona.com\\\/actualidad\\\/#\\\/schema\\\/logo\\\/image\\\/\",\"url\":\"https:\\\/\\\/www.laguiadepamplona.com\\\/actualidad\\\/wp-content\\\/uploads\\\/2018\\\/11\\\/logo-laguiadepamplona18-web1.png\",\"contentUrl\":\"https:\\\/\\\/www.laguiadepamplona.com\\\/actualidad\\\/wp-content\\\/uploads\\\/2018\\\/11\\\/logo-laguiadepamplona18-web1.png\",\"width\":600,\"height\":196,\"caption\":\"La Gu\u00eda de Pamplona \\\/ Noticias\"},\"image\":{\"@id\":\"https:\\\/\\\/www.laguiadepamplona.com\\\/actualidad\\\/#\\\/schema\\\/logo\\\/image\\\/\"},\"sameAs\":[\"https:\\\/\\\/www.facebook.com\\\/laguiadepamplonacom-133175176762273\\\/?ref=hl\",\"https:\\\/\\\/x.com\\\/LaGuiadPamplona\",\"https:\\\/\\\/www.instagram.com\\\/la_guia_de_pamplona\\\/\",\"https:\\\/\\\/www.youtube.com\\\/user\\\/laguiadepamplona\"]},{\"@type\":\"Person\",\"@id\":\"https:\\\/\\\/www.laguiadepamplona.com\\\/actualidad\\\/#\\\/schema\\\/person\\\/efe887376f0213d4657c93adc50b1fdb\",\"name\":\"La Gu\u00eda de Pamplona\",\"image\":{\"@type\":\"ImageObject\",\"inLanguage\":\"es\",\"@id\":\"https:\\\/\\\/secure.gravatar.com\\\/avatar\\\/b6992f131dc8d30ab0dff15446e9d346d9dbd95992de0fef795073f5ea83a81c?s=96&d=mm&r=g\",\"url\":\"https:\\\/\\\/secure.gravatar.com\\\/avatar\\\/b6992f131dc8d30ab0dff15446e9d346d9dbd95992de0fef795073f5ea83a81c?s=96&d=mm&r=g\",\"contentUrl\":\"https:\\\/\\\/secure.gravatar.com\\\/avatar\\\/b6992f131dc8d30ab0dff15446e9d346d9dbd95992de0fef795073f5ea83a81c?s=96&d=mm&r=g\",\"caption\":\"La Gu\u00eda de Pamplona\"}}]}<\/script>\n<!-- \/ Yoast SEO plugin. -->","yoast_head_json":{"title":"La Escuela Infantil de Lezkairu, preparada para acoger 114 ni\u00f1as y ni\u00f1os de 0 a 3 a\u00f1os en jornada completa este pr\u00f3ximo curso","description":"Disfrutar\u00e1n de sus ambientes, material pedag\u00f3gico y mobiliario natural, en un edificio en el que la ciudad ha invertido m\u00e1s de 3,7 millones de euros","robots":{"index":"index","follow":"follow","max-snippet":"max-snippet:-1","max-image-preview":"max-image-preview:large","max-video-preview":"max-video-preview:-1"},"canonical":"https:\/\/www.laguiadepamplona.com\/actualidad\/la-escuela-infantil-de-lezkairu-preparada-para-acoger-114-ninas-y-ninos-de-0-a-3-anos-en-jornada-completa-este-proximo-curso\/","og_locale":"es_ES","og_type":"article","og_title":"La Escuela Infantil de Lezkairu, preparada para acoger 114 ni\u00f1as y ni\u00f1os de 0 a 3 a\u00f1os en jornada completa este pr\u00f3ximo curso","og_description":"Disfrutar\u00e1n de sus ambientes, material pedag\u00f3gico y mobiliario natural, en un edificio en el que la ciudad ha invertido m\u00e1s de 3,7 millones de euros","og_url":"https:\/\/www.laguiadepamplona.com\/actualidad\/la-escuela-infantil-de-lezkairu-preparada-para-acoger-114-ninas-y-ninos-de-0-a-3-anos-en-jornada-completa-este-proximo-curso\/","og_site_name":"La Gu\u00eda de Pamplona","article_publisher":"https:\/\/www.facebook.com\/laguiadepamplonacom-133175176762273\/?ref=hl","article_published_time":"2022-08-09T11:59:10+00:00","article_modified_time":"2023-04-11T09:47:55+00:00","og_image":[{"width":1543,"height":903,"url":"https:\/\/www.laguiadepamplona.com\/actualidad\/wp-content\/uploads\/2022\/08\/lezkairu0.jpg","type":"image\/jpeg"}],"author":"La Gu\u00eda de Pamplona","twitter_card":"summary_large_image","twitter_creator":"@LaGuiadPamplona","twitter_site":"@LaGuiadPamplona","twitter_misc":{"Escrito por":"La Gu\u00eda de Pamplona","Tiempo de lectura":"3 minutos"},"schema":{"@context":"https:\/\/schema.org","@graph":[{"@type":"Article","@id":"https:\/\/www.laguiadepamplona.com\/actualidad\/la-escuela-infantil-de-lezkairu-preparada-para-acoger-114-ninas-y-ninos-de-0-a-3-anos-en-jornada-completa-este-proximo-curso\/#article","isPartOf":{"@id":"https:\/\/www.laguiadepamplona.com\/actualidad\/la-escuela-infantil-de-lezkairu-preparada-para-acoger-114-ninas-y-ninos-de-0-a-3-anos-en-jornada-completa-este-proximo-curso\/"},"author":{"name":"La Gu\u00eda de Pamplona","@id":"https:\/\/www.laguiadepamplona.com\/actualidad\/#\/schema\/person\/efe887376f0213d4657c93adc50b1fdb"},"headline":"La Escuela Infantil de Lezkairu, preparada para acoger 114 ni\u00f1as y ni\u00f1os de 0 a 3 a\u00f1os en jornada completa este pr\u00f3ximo curso","datePublished":"2022-08-09T11:59:10+00:00","dateModified":"2023-04-11T09:47:55+00:00","mainEntityOfPage":{"@id":"https:\/\/www.laguiadepamplona.com\/actualidad\/la-escuela-infantil-de-lezkairu-preparada-para-acoger-114-ninas-y-ninos-de-0-a-3-anos-en-jornada-completa-este-proximo-curso\/"},"wordCount":499,"commentCount":0,"publisher":{"@id":"https:\/\/www.laguiadepamplona.com\/actualidad\/#organization"},"image":{"@id":"https:\/\/www.laguiadepamplona.com\/actualidad\/la-escuela-infantil-de-lezkairu-preparada-para-acoger-114-ninas-y-ninos-de-0-a-3-anos-en-jornada-completa-este-proximo-curso\/#primaryimage"},"thumbnailUrl":"https:\/\/www.laguiadepamplona.com\/actualidad\/wp-content\/uploads\/2022\/08\/lezkairu0.jpg","articleSection":["Ayto Pamplona"],"inLanguage":"es","potentialAction":[{"@type":"CommentAction","name":"Comment","target":["https:\/\/www.laguiadepamplona.com\/actualidad\/la-escuela-infantil-de-lezkairu-preparada-para-acoger-114-ninas-y-ninos-de-0-a-3-anos-en-jornada-completa-este-proximo-curso\/#respond"]}]},{"@type":"WebPage","@id":"https:\/\/www.laguiadepamplona.com\/actualidad\/la-escuela-infantil-de-lezkairu-preparada-para-acoger-114-ninas-y-ninos-de-0-a-3-anos-en-jornada-completa-este-proximo-curso\/","url":"https:\/\/www.laguiadepamplona.com\/actualidad\/la-escuela-infantil-de-lezkairu-preparada-para-acoger-114-ninas-y-ninos-de-0-a-3-anos-en-jornada-completa-este-proximo-curso\/","name":"La Escuela Infantil de Lezkairu, preparada para acoger 114 ni\u00f1as y ni\u00f1os de 0 a 3 a\u00f1os en jornada completa este pr\u00f3ximo curso","isPartOf":{"@id":"https:\/\/www.laguiadepamplona.com\/actualidad\/#website"},"primaryImageOfPage":{"@id":"https:\/\/www.laguiadepamplona.com\/actualidad\/la-escuela-infantil-de-lezkairu-preparada-para-acoger-114-ninas-y-ninos-de-0-a-3-anos-en-jornada-completa-este-proximo-curso\/#primaryimage"},"image":{"@id":"https:\/\/www.laguiadepamplona.com\/actualidad\/la-escuela-infantil-de-lezkairu-preparada-para-acoger-114-ninas-y-ninos-de-0-a-3-anos-en-jornada-completa-este-proximo-curso\/#primaryimage"},"thumbnailUrl":"https:\/\/www.laguiadepamplona.com\/actualidad\/wp-content\/uploads\/2022\/08\/lezkairu0.jpg","datePublished":"2022-08-09T11:59:10+00:00","dateModified":"2023-04-11T09:47:55+00:00","description":"Disfrutar\u00e1n de sus ambientes, material pedag\u00f3gico y mobiliario natural, en un edificio en el que la ciudad ha invertido m\u00e1s de 3,7 millones de euros","breadcrumb":{"@id":"https:\/\/www.laguiadepamplona.com\/actualidad\/la-escuela-infantil-de-lezkairu-preparada-para-acoger-114-ninas-y-ninos-de-0-a-3-anos-en-jornada-completa-este-proximo-curso\/#breadcrumb"},"inLanguage":"es","potentialAction":[{"@type":"ReadAction","target":["https:\/\/www.laguiadepamplona.com\/actualidad\/la-escuela-infantil-de-lezkairu-preparada-para-acoger-114-ninas-y-ninos-de-0-a-3-anos-en-jornada-completa-este-proximo-curso\/"]}]},{"@type":"ImageObject","inLanguage":"es","@id":"https:\/\/www.laguiadepamplona.com\/actualidad\/la-escuela-infantil-de-lezkairu-preparada-para-acoger-114-ninas-y-ninos-de-0-a-3-anos-en-jornada-completa-este-proximo-curso\/#primaryimage","url":"https:\/\/www.laguiadepamplona.com\/actualidad\/wp-content\/uploads\/2022\/08\/lezkairu0.jpg","contentUrl":"https:\/\/www.laguiadepamplona.com\/actualidad\/wp-content\/uploads\/2022\/08\/lezkairu0.jpg","width":1543,"height":903},{"@type":"BreadcrumbList","@id":"https:\/\/www.laguiadepamplona.com\/actualidad\/la-escuela-infantil-de-lezkairu-preparada-para-acoger-114-ninas-y-ninos-de-0-a-3-anos-en-jornada-completa-este-proximo-curso\/#breadcrumb","itemListElement":[{"@type":"ListItem","position":1,"name":"Portada","item":"https:\/\/www.laguiadepamplona.com\/actualidad\/"},{"@type":"ListItem","position":2,"name":"La Escuela Infantil de Lezkairu, preparada para acoger 114 ni\u00f1as y ni\u00f1os de 0 a 3 a\u00f1os en jornada completa este pr\u00f3ximo curso"}]},{"@type":"WebSite","@id":"https:\/\/www.laguiadepamplona.com\/actualidad\/#website","url":"https:\/\/www.laguiadepamplona.com\/actualidad\/","name":"La gu\u00eda de Pamplona","description":"Noticias de Pamplona","publisher":{"@id":"https:\/\/www.laguiadepamplona.com\/actualidad\/#organization"},"potentialAction":[{"@type":"SearchAction","target":{"@type":"EntryPoint","urlTemplate":"https:\/\/www.laguiadepamplona.com\/actualidad\/?s={search_term_string}"},"query-input":{"@type":"PropertyValueSpecification","valueRequired":true,"valueName":"search_term_string"}}],"inLanguage":"es"},{"@type":"Organization","@id":"https:\/\/www.laguiadepamplona.com\/actualidad\/#organization","name":"La Gu\u00eda de Pamplona \/ Noticias","url":"https:\/\/www.laguiadepamplona.com\/actualidad\/","logo":{"@type":"ImageObject","inLanguage":"es","@id":"https:\/\/www.laguiadepamplona.com\/actualidad\/#\/schema\/logo\/image\/","url":"https:\/\/www.laguiadepamplona.com\/actualidad\/wp-content\/uploads\/2018\/11\/logo-laguiadepamplona18-web1.png","contentUrl":"https:\/\/www.laguiadepamplona.com\/actualidad\/wp-content\/uploads\/2018\/11\/logo-laguiadepamplona18-web1.png","width":600,"height":196,"caption":"La Gu\u00eda de Pamplona \/ Noticias"},"image":{"@id":"https:\/\/www.laguiadepamplona.com\/actualidad\/#\/schema\/logo\/image\/"},"sameAs":["https:\/\/www.facebook.com\/laguiadepamplonacom-133175176762273\/?ref=hl","https:\/\/x.com\/LaGuiadPamplona","https:\/\/www.instagram.com\/la_guia_de_pamplona\/","https:\/\/www.youtube.com\/user\/laguiadepamplona"]},{"@type":"Person","@id":"https:\/\/www.laguiadepamplona.com\/actualidad\/#\/schema\/person\/efe887376f0213d4657c93adc50b1fdb","name":"La Gu\u00eda de Pamplona","image":{"@type":"ImageObject","inLanguage":"es","@id":"https:\/\/secure.gravatar.com\/avatar\/b6992f131dc8d30ab0dff15446e9d346d9dbd95992de0fef795073f5ea83a81c?s=96&d=mm&r=g","url":"https:\/\/secure.gravatar.com\/avatar\/b6992f131dc8d30ab0dff15446e9d346d9dbd95992de0fef795073f5ea83a81c?s=96&d=mm&r=g","contentUrl":"https:\/\/secure.gravatar.com\/avatar\/b6992f131dc8d30ab0dff15446e9d346d9dbd95992de0fef795073f5ea83a81c?s=96&d=mm&r=g","caption":"La Gu\u00eda de Pamplona"}}]}},"post_mailing_queue_ids":[],"_links":{"self":[{"href":"https:\/\/www.laguiadepamplona.com\/actualidad\/wp-json\/wp\/v2\/posts\/41277","targetHints":{"allow":["GET"]}}],"collection":[{"href":"https:\/\/www.laguiadepamplona.com\/actualidad\/wp-json\/wp\/v2\/posts"}],"about":[{"href":"https:\/\/www.laguiadepamplona.com\/actualidad\/wp-json\/wp\/v2\/types\/post"}],"author":[{"embeddable":true,"href":"https:\/\/www.laguiadepamplona.com\/actualidad\/wp-json\/wp\/v2\/users\/1"}],"replies":[{"embeddable":true,"href":"https:\/\/www.laguiadepamplona.com\/actualidad\/wp-json\/wp\/v2\/comments?post=41277"}],"version-history":[{"count":0,"href":"https:\/\/www.laguiadepamplona.com\/actualidad\/wp-json\/wp\/v2\/posts\/41277\/revisions"}],"wp:featuredmedia":[{"embeddable":true,"href":"https:\/\/www.laguiadepamplona.com\/actualidad\/wp-json\/wp\/v2\/media\/41278"}],"wp:attachment":[{"href":"https:\/\/www.laguiadepamplona.com\/actualidad\/wp-json\/wp\/v2\/media?parent=41277"}],"wp:term":[{"taxonomy":"category","embeddable":true,"href":"https:\/\/www.laguiadepamplona.com\/actualidad\/wp-json\/wp\/v2\/categories?post=41277"},{"taxonomy":"post_tag","embeddable":true,"href":"https:\/\/www.laguiadepamplona.com\/actualidad\/wp-json\/wp\/v2\/tags?post=41277"}],"curies":[{"name":"wp","href":"https:\/\/api.w.org\/{rel}","templated":true}]}}