{"id":41263,"date":"2022-08-09T13:47:32","date_gmt":"2022-08-09T11:47:32","guid":{"rendered":"https:\/\/www.laguiadepamplona.com\/actualidad\/?p=41263"},"modified":"2023-04-11T11:47:55","modified_gmt":"2023-04-11T09:47:55","slug":"el-alcalde-de-pamplona-visita-esta-manana-las-escuelas-con-intervencion-terapeutica-de-la-asociacion-navarra-de-autismo","status":"publish","type":"post","link":"https:\/\/www.laguiadepamplona.com\/actualidad\/el-alcalde-de-pamplona-visita-esta-manana-las-escuelas-con-intervencion-terapeutica-de-la-asociacion-navarra-de-autismo\/","title":{"rendered":"El alcalde de Pamplona visita esta ma\u00f1ana las Escuelas con intervenci\u00f3n terap\u00e9utica de la Asociaci\u00f3n Navarra de Autismo"},"content":{"rendered":"<h5>La iniciativa busca cubrir las necesidades espec\u00edficas de las personas con autismo y dar continuidad al trabajo que se realiza durante el curso<\/h5>\n<p><!--more--><\/p>\n<p>El alcalde de Pamplona, Enrique Maya, visita hoy a las diez las Escuelas con intervenci\u00f3n terap\u00e9utica organizadas por la Asociaci\u00f3n Navarra de Autismo (ANA) en Pamplona. Esta iniciativa, que cumple ya diez a\u00f1os, se celebra para dar respuesta a las necesidades que presentan las personas con autismo, especialmente las m\u00e1s j\u00f3venes, y dar continuidad al trabajo que se lleva a cabo durante el resto del a\u00f1o. En Pamplona, la escuela tiene lugar en el Colegio P\u00fablico Jos\u00e9 Mar\u00eda Huarte, del 18 de julio al 31 de agosto y en Tudela, del 11 al 22 de julio y todo el mes de agosto, en el Colegio P\u00fablico de Huertas Mayores. Ochenta ni\u00f1os, ni\u00f1as y j\u00f3venes se benefician desde este proyecto a lo largo del verano.<br \/>\n<script async src=\"\/\/pagead2.googlesyndication.com\/pagead\/js\/adsbygoogle.js\"><\/script><br \/>\n<!-- Noticias La Guia de Pamplona --><br \/>\n<ins class=\"adsbygoogle\"\nstyle=\"display:block\"\ndata-ad-client=\"ca-pub-6943679897239327\"\ndata-ad-slot=\"7048180777\"\ndata-ad-format=\"auto\"><\/ins><br \/>\n<script>\n(adsbygoogle = window.adsbygoogle || []).push({});\n<\/script><\/p>\n<p>Las Escuelas con intervenci\u00f3n terap\u00e9utica, que se ofrecen en Semana Santa, verano y Navidad, intervienen espec\u00edficamente en \u00e1reas de especial dificultad a trav\u00e9s de la logopedia, estimulaci\u00f3n cognitiva, psicomotricidad, terapia del habla, habilidades sociales y comunicaci\u00f3n, entre otras. Para ello, se cuenta con una tutora y cuidadora con experiencia en ni\u00f1os y ni\u00f1as con trastorno del espectro autista por cada aula, que alberga entre 4 y 6 ni\u00f1os y ni\u00f1as, y una persona voluntaria, formada previamente, por cada uno de ellos. De esta manera, se brinda un trabajo personalizado y adaptado a las necesidades de cada participante. Las Escuelas se completan con actividades en entornos naturales, como salidas a piscinas o viajes en piraguas. Tambi\u00e9n las familias pueden acudir como voluntarias para formarse en la metodolog\u00eda utilizada, TEACCH, y modelos sociales interactivos, como DENVER, DIR\/FlOORTIME o SCERTS.<\/p>\n<p>Las Escuelas se ofertan en horario de ma\u00f1ana, con comida incluida, y el alumnado debe acudir un m\u00ednimo de dos semanas consecutivas, para que haya continuidad y se puedan alcanzar objetivos concretos. A su t\u00e9rmino, la tutora de cada aula emite un informe exhaustivo donde se explica qu\u00e9 se ha trabajado, con qu\u00e9 apoyos, qu\u00e9 objetivos se han alcanzado y cu\u00e1les no, de manera que ese informe llegue al centro escolar del alumnado y el profesorado conozca el punto de partida para comenzar el curso.<br \/>\n<script async src=\"\/\/pagead2.googlesyndication.com\/pagead\/js\/adsbygoogle.js\"><\/script><br \/>\n<!-- Noticias La Guia de Pamplona --><br \/>\n<ins class=\"adsbygoogle\"\nstyle=\"display:block\"\ndata-ad-client=\"ca-pub-6943679897239327\"\ndata-ad-slot=\"7048180777\"\ndata-ad-format=\"auto\"><\/ins><br \/>\n<script>\n(adsbygoogle = window.adsbygoogle || []).push({});\n<\/script><\/p>\n<p>Las actividades de la Asociaci\u00f3n Navarra de Autismo reciben subvenci\u00f3n del Ayuntamiento de Pamplona, que adem\u00e1s les cede los locales que utilizan durante el a\u00f1o.<\/p>\n","protected":false},"excerpt":{"rendered":"<p>La iniciativa busca cubrir las necesidades espec\u00edficas de las personas con autismo y dar continuidad al trabajo que se realiza durante el curso<\/p>\n","protected":false},"author":1,"featured_media":41264,"comment_status":"open","ping_status":"closed","sticky":false,"template":"","format":"standard","meta":{"footnotes":""},"categories":[2],"tags":[],"class_list":["post-41263","post","type-post","status-publish","format-standard","has-post-thumbnail","hentry","category-ayuntamiento-pamplona"],"yoast_head":"<!-- This site is optimized with the Yoast SEO plugin v27.3 - https:\/\/yoast.com\/product\/yoast-seo-wordpress\/ -->\n<title>El alcalde de Pamplona visita esta ma\u00f1ana las Escuelas con intervenci\u00f3n terap\u00e9utica de la Asociaci\u00f3n Navarra de Autismo<\/title>\n<meta name=\"description\" content=\"La iniciativa busca cubrir las necesidades espec\u00edficas de las personas con autismo y dar continuidad al trabajo que se realiza durante el curso\" \/>\n<meta name=\"robots\" content=\"index, follow, max-snippet:-1, max-image-preview:large, max-video-preview:-1\" \/>\n<link rel=\"canonical\" href=\"https:\/\/www.laguiadepamplona.com\/actualidad\/el-alcalde-de-pamplona-visita-esta-manana-las-escuelas-con-intervencion-terapeutica-de-la-asociacion-navarra-de-autismo\/\" \/>\n<meta property=\"og:locale\" content=\"es_ES\" \/>\n<meta property=\"og:type\" content=\"article\" \/>\n<meta property=\"og:title\" content=\"El alcalde de Pamplona visita esta ma\u00f1ana las Escuelas con intervenci\u00f3n terap\u00e9utica de la Asociaci\u00f3n Navarra de Autismo\" \/>\n<meta property=\"og:description\" content=\"La iniciativa busca cubrir las necesidades espec\u00edficas de las personas con autismo y dar continuidad al trabajo que se realiza durante el curso\" \/>\n<meta property=\"og:url\" content=\"https:\/\/www.laguiadepamplona.com\/actualidad\/el-alcalde-de-pamplona-visita-esta-manana-las-escuelas-con-intervencion-terapeutica-de-la-asociacion-navarra-de-autismo\/\" \/>\n<meta property=\"og:site_name\" content=\"La Gu\u00eda de Pamplona\" \/>\n<meta property=\"article:publisher\" content=\"https:\/\/www.facebook.com\/laguiadepamplonacom-133175176762273\/?ref=hl\" \/>\n<meta property=\"article:published_time\" content=\"2022-08-09T11:47:32+00:00\" \/>\n<meta property=\"article:modified_time\" content=\"2023-04-11T09:47:55+00:00\" \/>\n<meta property=\"og:image\" content=\"https:\/\/www.laguiadepamplona.com\/actualidad\/wp-content\/uploads\/2022\/08\/autismojmhuarteee5a4657.webp\" \/>\n\t<meta property=\"og:image:width\" content=\"1920\" \/>\n\t<meta property=\"og:image:height\" content=\"1280\" \/>\n\t<meta property=\"og:image:type\" content=\"image\/webp\" \/>\n<meta name=\"author\" content=\"La Gu\u00eda de Pamplona\" \/>\n<meta name=\"twitter:card\" content=\"summary_large_image\" \/>\n<meta name=\"twitter:creator\" content=\"@LaGuiadPamplona\" \/>\n<meta name=\"twitter:site\" content=\"@LaGuiadPamplona\" \/>\n<meta name=\"twitter:label1\" content=\"Escrito por\" \/>\n\t<meta name=\"twitter:data1\" content=\"La Gu\u00eda de Pamplona\" \/>\n\t<meta name=\"twitter:label2\" content=\"Tiempo de lectura\" \/>\n\t<meta name=\"twitter:data2\" content=\"2 minutos\" \/>\n<script type=\"application\/ld+json\" class=\"yoast-schema-graph\">{\"@context\":\"https:\\\/\\\/schema.org\",\"@graph\":[{\"@type\":\"Article\",\"@id\":\"https:\\\/\\\/www.laguiadepamplona.com\\\/actualidad\\\/el-alcalde-de-pamplona-visita-esta-manana-las-escuelas-con-intervencion-terapeutica-de-la-asociacion-navarra-de-autismo\\\/#article\",\"isPartOf\":{\"@id\":\"https:\\\/\\\/www.laguiadepamplona.com\\\/actualidad\\\/el-alcalde-de-pamplona-visita-esta-manana-las-escuelas-con-intervencion-terapeutica-de-la-asociacion-navarra-de-autismo\\\/\"},\"author\":{\"name\":\"La Gu\u00eda de Pamplona\",\"@id\":\"https:\\\/\\\/www.laguiadepamplona.com\\\/actualidad\\\/#\\\/schema\\\/person\\\/efe887376f0213d4657c93adc50b1fdb\"},\"headline\":\"El alcalde de Pamplona visita esta ma\u00f1ana las Escuelas con intervenci\u00f3n terap\u00e9utica de la Asociaci\u00f3n Navarra de Autismo\",\"datePublished\":\"2022-08-09T11:47:32+00:00\",\"dateModified\":\"2023-04-11T09:47:55+00:00\",\"mainEntityOfPage\":{\"@id\":\"https:\\\/\\\/www.laguiadepamplona.com\\\/actualidad\\\/el-alcalde-de-pamplona-visita-esta-manana-las-escuelas-con-intervencion-terapeutica-de-la-asociacion-navarra-de-autismo\\\/\"},\"wordCount\":445,\"commentCount\":0,\"publisher\":{\"@id\":\"https:\\\/\\\/www.laguiadepamplona.com\\\/actualidad\\\/#organization\"},\"image\":{\"@id\":\"https:\\\/\\\/www.laguiadepamplona.com\\\/actualidad\\\/el-alcalde-de-pamplona-visita-esta-manana-las-escuelas-con-intervencion-terapeutica-de-la-asociacion-navarra-de-autismo\\\/#primaryimage\"},\"thumbnailUrl\":\"https:\\\/\\\/www.laguiadepamplona.com\\\/actualidad\\\/wp-content\\\/uploads\\\/2022\\\/08\\\/autismojmhuarteee5a4657.webp\",\"articleSection\":[\"Ayto Pamplona\"],\"inLanguage\":\"es\",\"potentialAction\":[{\"@type\":\"CommentAction\",\"name\":\"Comment\",\"target\":[\"https:\\\/\\\/www.laguiadepamplona.com\\\/actualidad\\\/el-alcalde-de-pamplona-visita-esta-manana-las-escuelas-con-intervencion-terapeutica-de-la-asociacion-navarra-de-autismo\\\/#respond\"]}]},{\"@type\":\"WebPage\",\"@id\":\"https:\\\/\\\/www.laguiadepamplona.com\\\/actualidad\\\/el-alcalde-de-pamplona-visita-esta-manana-las-escuelas-con-intervencion-terapeutica-de-la-asociacion-navarra-de-autismo\\\/\",\"url\":\"https:\\\/\\\/www.laguiadepamplona.com\\\/actualidad\\\/el-alcalde-de-pamplona-visita-esta-manana-las-escuelas-con-intervencion-terapeutica-de-la-asociacion-navarra-de-autismo\\\/\",\"name\":\"El alcalde de Pamplona visita esta ma\u00f1ana las Escuelas con intervenci\u00f3n terap\u00e9utica de la Asociaci\u00f3n Navarra de Autismo\",\"isPartOf\":{\"@id\":\"https:\\\/\\\/www.laguiadepamplona.com\\\/actualidad\\\/#website\"},\"primaryImageOfPage\":{\"@id\":\"https:\\\/\\\/www.laguiadepamplona.com\\\/actualidad\\\/el-alcalde-de-pamplona-visita-esta-manana-las-escuelas-con-intervencion-terapeutica-de-la-asociacion-navarra-de-autismo\\\/#primaryimage\"},\"image\":{\"@id\":\"https:\\\/\\\/www.laguiadepamplona.com\\\/actualidad\\\/el-alcalde-de-pamplona-visita-esta-manana-las-escuelas-con-intervencion-terapeutica-de-la-asociacion-navarra-de-autismo\\\/#primaryimage\"},\"thumbnailUrl\":\"https:\\\/\\\/www.laguiadepamplona.com\\\/actualidad\\\/wp-content\\\/uploads\\\/2022\\\/08\\\/autismojmhuarteee5a4657.webp\",\"datePublished\":\"2022-08-09T11:47:32+00:00\",\"dateModified\":\"2023-04-11T09:47:55+00:00\",\"description\":\"La iniciativa busca cubrir las necesidades espec\u00edficas de las personas con autismo y dar continuidad al trabajo que se realiza durante el curso\",\"breadcrumb\":{\"@id\":\"https:\\\/\\\/www.laguiadepamplona.com\\\/actualidad\\\/el-alcalde-de-pamplona-visita-esta-manana-las-escuelas-con-intervencion-terapeutica-de-la-asociacion-navarra-de-autismo\\\/#breadcrumb\"},\"inLanguage\":\"es\",\"potentialAction\":[{\"@type\":\"ReadAction\",\"target\":[\"https:\\\/\\\/www.laguiadepamplona.com\\\/actualidad\\\/el-alcalde-de-pamplona-visita-esta-manana-las-escuelas-con-intervencion-terapeutica-de-la-asociacion-navarra-de-autismo\\\/\"]}]},{\"@type\":\"ImageObject\",\"inLanguage\":\"es\",\"@id\":\"https:\\\/\\\/www.laguiadepamplona.com\\\/actualidad\\\/el-alcalde-de-pamplona-visita-esta-manana-las-escuelas-con-intervencion-terapeutica-de-la-asociacion-navarra-de-autismo\\\/#primaryimage\",\"url\":\"https:\\\/\\\/www.laguiadepamplona.com\\\/actualidad\\\/wp-content\\\/uploads\\\/2022\\\/08\\\/autismojmhuarteee5a4657.webp\",\"contentUrl\":\"https:\\\/\\\/www.laguiadepamplona.com\\\/actualidad\\\/wp-content\\\/uploads\\\/2022\\\/08\\\/autismojmhuarteee5a4657.webp\",\"width\":1920,\"height\":1280},{\"@type\":\"BreadcrumbList\",\"@id\":\"https:\\\/\\\/www.laguiadepamplona.com\\\/actualidad\\\/el-alcalde-de-pamplona-visita-esta-manana-las-escuelas-con-intervencion-terapeutica-de-la-asociacion-navarra-de-autismo\\\/#breadcrumb\",\"itemListElement\":[{\"@type\":\"ListItem\",\"position\":1,\"name\":\"Portada\",\"item\":\"https:\\\/\\\/www.laguiadepamplona.com\\\/actualidad\\\/\"},{\"@type\":\"ListItem\",\"position\":2,\"name\":\"El alcalde de Pamplona visita esta ma\u00f1ana las Escuelas con intervenci\u00f3n terap\u00e9utica de la Asociaci\u00f3n Navarra de Autismo\"}]},{\"@type\":\"WebSite\",\"@id\":\"https:\\\/\\\/www.laguiadepamplona.com\\\/actualidad\\\/#website\",\"url\":\"https:\\\/\\\/www.laguiadepamplona.com\\\/actualidad\\\/\",\"name\":\"La gu\u00eda de Pamplona\",\"description\":\"Noticias de Pamplona\",\"publisher\":{\"@id\":\"https:\\\/\\\/www.laguiadepamplona.com\\\/actualidad\\\/#organization\"},\"potentialAction\":[{\"@type\":\"SearchAction\",\"target\":{\"@type\":\"EntryPoint\",\"urlTemplate\":\"https:\\\/\\\/www.laguiadepamplona.com\\\/actualidad\\\/?s={search_term_string}\"},\"query-input\":{\"@type\":\"PropertyValueSpecification\",\"valueRequired\":true,\"valueName\":\"search_term_string\"}}],\"inLanguage\":\"es\"},{\"@type\":\"Organization\",\"@id\":\"https:\\\/\\\/www.laguiadepamplona.com\\\/actualidad\\\/#organization\",\"name\":\"La Gu\u00eda de Pamplona \\\/ Noticias\",\"url\":\"https:\\\/\\\/www.laguiadepamplona.com\\\/actualidad\\\/\",\"logo\":{\"@type\":\"ImageObject\",\"inLanguage\":\"es\",\"@id\":\"https:\\\/\\\/www.laguiadepamplona.com\\\/actualidad\\\/#\\\/schema\\\/logo\\\/image\\\/\",\"url\":\"https:\\\/\\\/www.laguiadepamplona.com\\\/actualidad\\\/wp-content\\\/uploads\\\/2018\\\/11\\\/logo-laguiadepamplona18-web1.png\",\"contentUrl\":\"https:\\\/\\\/www.laguiadepamplona.com\\\/actualidad\\\/wp-content\\\/uploads\\\/2018\\\/11\\\/logo-laguiadepamplona18-web1.png\",\"width\":600,\"height\":196,\"caption\":\"La Gu\u00eda de Pamplona \\\/ Noticias\"},\"image\":{\"@id\":\"https:\\\/\\\/www.laguiadepamplona.com\\\/actualidad\\\/#\\\/schema\\\/logo\\\/image\\\/\"},\"sameAs\":[\"https:\\\/\\\/www.facebook.com\\\/laguiadepamplonacom-133175176762273\\\/?ref=hl\",\"https:\\\/\\\/x.com\\\/LaGuiadPamplona\",\"https:\\\/\\\/www.instagram.com\\\/la_guia_de_pamplona\\\/\",\"https:\\\/\\\/www.youtube.com\\\/user\\\/laguiadepamplona\"]},{\"@type\":\"Person\",\"@id\":\"https:\\\/\\\/www.laguiadepamplona.com\\\/actualidad\\\/#\\\/schema\\\/person\\\/efe887376f0213d4657c93adc50b1fdb\",\"name\":\"La Gu\u00eda de Pamplona\",\"image\":{\"@type\":\"ImageObject\",\"inLanguage\":\"es\",\"@id\":\"https:\\\/\\\/secure.gravatar.com\\\/avatar\\\/b6992f131dc8d30ab0dff15446e9d346d9dbd95992de0fef795073f5ea83a81c?s=96&d=mm&r=g\",\"url\":\"https:\\\/\\\/secure.gravatar.com\\\/avatar\\\/b6992f131dc8d30ab0dff15446e9d346d9dbd95992de0fef795073f5ea83a81c?s=96&d=mm&r=g\",\"contentUrl\":\"https:\\\/\\\/secure.gravatar.com\\\/avatar\\\/b6992f131dc8d30ab0dff15446e9d346d9dbd95992de0fef795073f5ea83a81c?s=96&d=mm&r=g\",\"caption\":\"La Gu\u00eda de Pamplona\"}}]}<\/script>\n<!-- \/ Yoast SEO plugin. -->","yoast_head_json":{"title":"El alcalde de Pamplona visita esta ma\u00f1ana las Escuelas con intervenci\u00f3n terap\u00e9utica de la Asociaci\u00f3n Navarra de Autismo","description":"La iniciativa busca cubrir las necesidades espec\u00edficas de las personas con autismo y dar continuidad al trabajo que se realiza durante el curso","robots":{"index":"index","follow":"follow","max-snippet":"max-snippet:-1","max-image-preview":"max-image-preview:large","max-video-preview":"max-video-preview:-1"},"canonical":"https:\/\/www.laguiadepamplona.com\/actualidad\/el-alcalde-de-pamplona-visita-esta-manana-las-escuelas-con-intervencion-terapeutica-de-la-asociacion-navarra-de-autismo\/","og_locale":"es_ES","og_type":"article","og_title":"El alcalde de Pamplona visita esta ma\u00f1ana las Escuelas con intervenci\u00f3n terap\u00e9utica de la Asociaci\u00f3n Navarra de Autismo","og_description":"La iniciativa busca cubrir las necesidades espec\u00edficas de las personas con autismo y dar continuidad al trabajo que se realiza durante el curso","og_url":"https:\/\/www.laguiadepamplona.com\/actualidad\/el-alcalde-de-pamplona-visita-esta-manana-las-escuelas-con-intervencion-terapeutica-de-la-asociacion-navarra-de-autismo\/","og_site_name":"La Gu\u00eda de Pamplona","article_publisher":"https:\/\/www.facebook.com\/laguiadepamplonacom-133175176762273\/?ref=hl","article_published_time":"2022-08-09T11:47:32+00:00","article_modified_time":"2023-04-11T09:47:55+00:00","og_image":[{"width":1920,"height":1280,"url":"https:\/\/www.laguiadepamplona.com\/actualidad\/wp-content\/uploads\/2022\/08\/autismojmhuarteee5a4657.webp","type":"image\/webp"}],"author":"La Gu\u00eda de Pamplona","twitter_card":"summary_large_image","twitter_creator":"@LaGuiadPamplona","twitter_site":"@LaGuiadPamplona","twitter_misc":{"Escrito por":"La Gu\u00eda de Pamplona","Tiempo de lectura":"2 minutos"},"schema":{"@context":"https:\/\/schema.org","@graph":[{"@type":"Article","@id":"https:\/\/www.laguiadepamplona.com\/actualidad\/el-alcalde-de-pamplona-visita-esta-manana-las-escuelas-con-intervencion-terapeutica-de-la-asociacion-navarra-de-autismo\/#article","isPartOf":{"@id":"https:\/\/www.laguiadepamplona.com\/actualidad\/el-alcalde-de-pamplona-visita-esta-manana-las-escuelas-con-intervencion-terapeutica-de-la-asociacion-navarra-de-autismo\/"},"author":{"name":"La Gu\u00eda de Pamplona","@id":"https:\/\/www.laguiadepamplona.com\/actualidad\/#\/schema\/person\/efe887376f0213d4657c93adc50b1fdb"},"headline":"El alcalde de Pamplona visita esta ma\u00f1ana las Escuelas con intervenci\u00f3n terap\u00e9utica de la Asociaci\u00f3n Navarra de Autismo","datePublished":"2022-08-09T11:47:32+00:00","dateModified":"2023-04-11T09:47:55+00:00","mainEntityOfPage":{"@id":"https:\/\/www.laguiadepamplona.com\/actualidad\/el-alcalde-de-pamplona-visita-esta-manana-las-escuelas-con-intervencion-terapeutica-de-la-asociacion-navarra-de-autismo\/"},"wordCount":445,"commentCount":0,"publisher":{"@id":"https:\/\/www.laguiadepamplona.com\/actualidad\/#organization"},"image":{"@id":"https:\/\/www.laguiadepamplona.com\/actualidad\/el-alcalde-de-pamplona-visita-esta-manana-las-escuelas-con-intervencion-terapeutica-de-la-asociacion-navarra-de-autismo\/#primaryimage"},"thumbnailUrl":"https:\/\/www.laguiadepamplona.com\/actualidad\/wp-content\/uploads\/2022\/08\/autismojmhuarteee5a4657.webp","articleSection":["Ayto Pamplona"],"inLanguage":"es","potentialAction":[{"@type":"CommentAction","name":"Comment","target":["https:\/\/www.laguiadepamplona.com\/actualidad\/el-alcalde-de-pamplona-visita-esta-manana-las-escuelas-con-intervencion-terapeutica-de-la-asociacion-navarra-de-autismo\/#respond"]}]},{"@type":"WebPage","@id":"https:\/\/www.laguiadepamplona.com\/actualidad\/el-alcalde-de-pamplona-visita-esta-manana-las-escuelas-con-intervencion-terapeutica-de-la-asociacion-navarra-de-autismo\/","url":"https:\/\/www.laguiadepamplona.com\/actualidad\/el-alcalde-de-pamplona-visita-esta-manana-las-escuelas-con-intervencion-terapeutica-de-la-asociacion-navarra-de-autismo\/","name":"El alcalde de Pamplona visita esta ma\u00f1ana las Escuelas con intervenci\u00f3n terap\u00e9utica de la Asociaci\u00f3n Navarra de Autismo","isPartOf":{"@id":"https:\/\/www.laguiadepamplona.com\/actualidad\/#website"},"primaryImageOfPage":{"@id":"https:\/\/www.laguiadepamplona.com\/actualidad\/el-alcalde-de-pamplona-visita-esta-manana-las-escuelas-con-intervencion-terapeutica-de-la-asociacion-navarra-de-autismo\/#primaryimage"},"image":{"@id":"https:\/\/www.laguiadepamplona.com\/actualidad\/el-alcalde-de-pamplona-visita-esta-manana-las-escuelas-con-intervencion-terapeutica-de-la-asociacion-navarra-de-autismo\/#primaryimage"},"thumbnailUrl":"https:\/\/www.laguiadepamplona.com\/actualidad\/wp-content\/uploads\/2022\/08\/autismojmhuarteee5a4657.webp","datePublished":"2022-08-09T11:47:32+00:00","dateModified":"2023-04-11T09:47:55+00:00","description":"La iniciativa busca cubrir las necesidades espec\u00edficas de las personas con autismo y dar continuidad al trabajo que se realiza durante el curso","breadcrumb":{"@id":"https:\/\/www.laguiadepamplona.com\/actualidad\/el-alcalde-de-pamplona-visita-esta-manana-las-escuelas-con-intervencion-terapeutica-de-la-asociacion-navarra-de-autismo\/#breadcrumb"},"inLanguage":"es","potentialAction":[{"@type":"ReadAction","target":["https:\/\/www.laguiadepamplona.com\/actualidad\/el-alcalde-de-pamplona-visita-esta-manana-las-escuelas-con-intervencion-terapeutica-de-la-asociacion-navarra-de-autismo\/"]}]},{"@type":"ImageObject","inLanguage":"es","@id":"https:\/\/www.laguiadepamplona.com\/actualidad\/el-alcalde-de-pamplona-visita-esta-manana-las-escuelas-con-intervencion-terapeutica-de-la-asociacion-navarra-de-autismo\/#primaryimage","url":"https:\/\/www.laguiadepamplona.com\/actualidad\/wp-content\/uploads\/2022\/08\/autismojmhuarteee5a4657.webp","contentUrl":"https:\/\/www.laguiadepamplona.com\/actualidad\/wp-content\/uploads\/2022\/08\/autismojmhuarteee5a4657.webp","width":1920,"height":1280},{"@type":"BreadcrumbList","@id":"https:\/\/www.laguiadepamplona.com\/actualidad\/el-alcalde-de-pamplona-visita-esta-manana-las-escuelas-con-intervencion-terapeutica-de-la-asociacion-navarra-de-autismo\/#breadcrumb","itemListElement":[{"@type":"ListItem","position":1,"name":"Portada","item":"https:\/\/www.laguiadepamplona.com\/actualidad\/"},{"@type":"ListItem","position":2,"name":"El alcalde de Pamplona visita esta ma\u00f1ana las Escuelas con intervenci\u00f3n terap\u00e9utica de la Asociaci\u00f3n Navarra de Autismo"}]},{"@type":"WebSite","@id":"https:\/\/www.laguiadepamplona.com\/actualidad\/#website","url":"https:\/\/www.laguiadepamplona.com\/actualidad\/","name":"La gu\u00eda de Pamplona","description":"Noticias de Pamplona","publisher":{"@id":"https:\/\/www.laguiadepamplona.com\/actualidad\/#organization"},"potentialAction":[{"@type":"SearchAction","target":{"@type":"EntryPoint","urlTemplate":"https:\/\/www.laguiadepamplona.com\/actualidad\/?s={search_term_string}"},"query-input":{"@type":"PropertyValueSpecification","valueRequired":true,"valueName":"search_term_string"}}],"inLanguage":"es"},{"@type":"Organization","@id":"https:\/\/www.laguiadepamplona.com\/actualidad\/#organization","name":"La Gu\u00eda de Pamplona \/ Noticias","url":"https:\/\/www.laguiadepamplona.com\/actualidad\/","logo":{"@type":"ImageObject","inLanguage":"es","@id":"https:\/\/www.laguiadepamplona.com\/actualidad\/#\/schema\/logo\/image\/","url":"https:\/\/www.laguiadepamplona.com\/actualidad\/wp-content\/uploads\/2018\/11\/logo-laguiadepamplona18-web1.png","contentUrl":"https:\/\/www.laguiadepamplona.com\/actualidad\/wp-content\/uploads\/2018\/11\/logo-laguiadepamplona18-web1.png","width":600,"height":196,"caption":"La Gu\u00eda de Pamplona \/ Noticias"},"image":{"@id":"https:\/\/www.laguiadepamplona.com\/actualidad\/#\/schema\/logo\/image\/"},"sameAs":["https:\/\/www.facebook.com\/laguiadepamplonacom-133175176762273\/?ref=hl","https:\/\/x.com\/LaGuiadPamplona","https:\/\/www.instagram.com\/la_guia_de_pamplona\/","https:\/\/www.youtube.com\/user\/laguiadepamplona"]},{"@type":"Person","@id":"https:\/\/www.laguiadepamplona.com\/actualidad\/#\/schema\/person\/efe887376f0213d4657c93adc50b1fdb","name":"La Gu\u00eda de Pamplona","image":{"@type":"ImageObject","inLanguage":"es","@id":"https:\/\/secure.gravatar.com\/avatar\/b6992f131dc8d30ab0dff15446e9d346d9dbd95992de0fef795073f5ea83a81c?s=96&d=mm&r=g","url":"https:\/\/secure.gravatar.com\/avatar\/b6992f131dc8d30ab0dff15446e9d346d9dbd95992de0fef795073f5ea83a81c?s=96&d=mm&r=g","contentUrl":"https:\/\/secure.gravatar.com\/avatar\/b6992f131dc8d30ab0dff15446e9d346d9dbd95992de0fef795073f5ea83a81c?s=96&d=mm&r=g","caption":"La Gu\u00eda de Pamplona"}}]}},"post_mailing_queue_ids":[],"_links":{"self":[{"href":"https:\/\/www.laguiadepamplona.com\/actualidad\/wp-json\/wp\/v2\/posts\/41263","targetHints":{"allow":["GET"]}}],"collection":[{"href":"https:\/\/www.laguiadepamplona.com\/actualidad\/wp-json\/wp\/v2\/posts"}],"about":[{"href":"https:\/\/www.laguiadepamplona.com\/actualidad\/wp-json\/wp\/v2\/types\/post"}],"author":[{"embeddable":true,"href":"https:\/\/www.laguiadepamplona.com\/actualidad\/wp-json\/wp\/v2\/users\/1"}],"replies":[{"embeddable":true,"href":"https:\/\/www.laguiadepamplona.com\/actualidad\/wp-json\/wp\/v2\/comments?post=41263"}],"version-history":[{"count":0,"href":"https:\/\/www.laguiadepamplona.com\/actualidad\/wp-json\/wp\/v2\/posts\/41263\/revisions"}],"wp:featuredmedia":[{"embeddable":true,"href":"https:\/\/www.laguiadepamplona.com\/actualidad\/wp-json\/wp\/v2\/media\/41264"}],"wp:attachment":[{"href":"https:\/\/www.laguiadepamplona.com\/actualidad\/wp-json\/wp\/v2\/media?parent=41263"}],"wp:term":[{"taxonomy":"category","embeddable":true,"href":"https:\/\/www.laguiadepamplona.com\/actualidad\/wp-json\/wp\/v2\/categories?post=41263"},{"taxonomy":"post_tag","embeddable":true,"href":"https:\/\/www.laguiadepamplona.com\/actualidad\/wp-json\/wp\/v2\/tags?post=41263"}],"curies":[{"name":"wp","href":"https:\/\/api.w.org\/{rel}","templated":true}]}}