{"id":41260,"date":"2022-08-08T16:14:31","date_gmt":"2022-08-08T14:14:31","guid":{"rendered":"https:\/\/www.laguiadepamplona.com\/actualidad\/?p=41260"},"modified":"2023-04-11T11:47:55","modified_gmt":"2023-04-11T09:47:55","slug":"el-nuevo-fronton-infanto-juvenil-de-mendillorri-estrenara-cara-con-una-pintura-mural-de-gran-tamano-basada-en-los-elementos-mas-representativos-del-nombre-del-barrio","status":"publish","type":"post","link":"https:\/\/www.laguiadepamplona.com\/actualidad\/el-nuevo-fronton-infanto-juvenil-de-mendillorri-estrenara-cara-con-una-pintura-mural-de-gran-tamano-basada-en-los-elementos-mas-representativos-del-nombre-del-barrio\/","title":{"rendered":"El nuevo front\u00f3n infanto-juvenil de Mendillorri estrenar\u00e1 cara con una pintura mural de gran tama\u00f1o basada en los elementos m\u00e1s representativos del nombre del barrio"},"content":{"rendered":"<h5>Los endrinos y los gorriones son los protagonistas de la composici\u00f3n de la empresa Deltadec, que utiliza una paleta de colores verdes, azules y lilas<\/h5>\n<p><!--more--><\/p>\n<p>El front\u00f3n infanto-juvenil construido por el Ayuntamiento de Pamplona en el barrio de Mendillorri lucir\u00e1 nueva cara con una gran pintura mural que se est\u00e1 realizando estos d\u00edas. El mural art\u00edstico es un original de la empresa Deltadec, especializada en obras de este tipo de gran tama\u00f1o. Seg\u00fan explican en su propuesta, a partir del nombre del barrio, que puede traducirse como \u201cmonte de los endrinos\u201d, han dise\u00f1ado una composici\u00f3n din\u00e1mica con endrinos y gorriones, utilizando una paleta de colores \u201camables\u201d para el p\u00fablico al que se destina el espacio: verde en representaci\u00f3n de la naturaleza, y azules y lilas, como los frutos del endrino.<\/p>\n<p>En cuanto a la ejecuci\u00f3n, debido a la altura y dimensiones de los muros, se utiliza una gr\u00faa de tijera y el mural se realiza con pintura pl\u00e1stica para fachadas, que ofrece una mayor durabilidad por su pigmento m\u00e1s resistente al sol y al agua, y con brochas y rodillos de diferentes calibres dependiendo de la zona a trabajar. Al finalizar el trabajo, se aplicar\u00e1 un barniz protector para preservar la obra en el tiempo y prevenir posibles ara\u00f1azos en la zona inferior.<br \/>\n<script async src=\"\/\/pagead2.googlesyndication.com\/pagead\/js\/adsbygoogle.js\"><\/script><br \/>\n<!-- Noticias La Guia de Pamplona --><br \/>\n<ins class=\"adsbygoogle\"\nstyle=\"display:block\"\ndata-ad-client=\"ca-pub-6943679897239327\"\ndata-ad-slot=\"7048180777\"\ndata-ad-format=\"auto\"><\/ins><br \/>\n<script>\n(adsbygoogle = window.adsbygoogle || []).push({});\n<\/script><\/p>\n<p><strong>Dotaci\u00f3n inaugurada en junio<\/strong><\/p>\n<p>El front\u00f3n infanto-juvenil, ubicado en la calle Concejo de Sarriguren, junto al Centro Comunitario Antzara, en la misma v\u00eda que otras dotaciones p\u00fablicas como el civivox o la biblioteca, se inaugur\u00f3 a finales de junio, tras una inversi\u00f3n de 302.895,75 euros. La instalaci\u00f3n cuenta con una pared lateral de 25 metros de largo y un frontis de 15 metros de ancho, de los que 11 se corresponden con la zona de juego. La altura de ese frontis es de 13,20 metros, incluida una red de protecci\u00f3n en la parte superior. Con esas dimensiones, su uso previsto es el deportivo para juego de front\u00f3n de menores y j\u00f3venes, sin cumplir con las medidas precisas para uso reglado.<\/p>\n<p>El front\u00f3n est\u00e1 construido descubierto y algo soterrado, por debajo del nivel de la acera debido al desnivel del terreno. Desde la calle Concejo de Sarriguren, la zona de juego queda resguardada, ya que desde la acera se ve solo la trasera de la pared lateral. Se ha aprovechado para adecuar e iluminar el entorno, pues al no estar urbanizada la parcela no hab\u00eda otros elementos de edificaci\u00f3n o instalaciones. Se accede al front\u00f3n mediante un camino habilitado por detr\u00e1s del frontis, con su consiguiente alumbrado. Se completa la obra con la acometida de abastecimiento para una fuente y la consiguiente estructura para la recogida de aguas y su vertido a la red general de saneamiento.<\/p>\n","protected":false},"excerpt":{"rendered":"<p>Los endrinos y los gorriones son los protagonistas de la composici\u00f3n de la empresa Deltadec, que utiliza una paleta de colores verdes, azules y lilas<\/p>\n","protected":false},"author":1,"featured_media":41261,"comment_status":"open","ping_status":"closed","sticky":false,"template":"","format":"standard","meta":{"footnotes":""},"categories":[2],"tags":[],"class_list":["post-41260","post","type-post","status-publish","format-standard","has-post-thumbnail","hentry","category-ayuntamiento-pamplona"],"yoast_head":"<!-- This site is optimized with the Yoast SEO plugin v27.3 - https:\/\/yoast.com\/product\/yoast-seo-wordpress\/ -->\n<title>El nuevo front\u00f3n infanto-juvenil de Mendillorri estrenar\u00e1 cara con una pintura mural de gran tama\u00f1o basada en los elementos m\u00e1s representativos del nombre del barrio<\/title>\n<meta name=\"description\" content=\"Los endrinos y los gorriones son los protagonistas de la composici\u00f3n de la empresa Deltadec, que utiliza una paleta de colores verdes, azules y lilas\" \/>\n<meta name=\"robots\" content=\"index, follow, max-snippet:-1, max-image-preview:large, max-video-preview:-1\" \/>\n<link rel=\"canonical\" href=\"https:\/\/www.laguiadepamplona.com\/actualidad\/el-nuevo-fronton-infanto-juvenil-de-mendillorri-estrenara-cara-con-una-pintura-mural-de-gran-tamano-basada-en-los-elementos-mas-representativos-del-nombre-del-barrio\/\" \/>\n<meta property=\"og:locale\" content=\"es_ES\" \/>\n<meta property=\"og:type\" content=\"article\" \/>\n<meta property=\"og:title\" content=\"El nuevo front\u00f3n infanto-juvenil de Mendillorri estrenar\u00e1 cara con una pintura mural de gran tama\u00f1o basada en los elementos m\u00e1s representativos del nombre del barrio\" \/>\n<meta property=\"og:description\" content=\"Los endrinos y los gorriones son los protagonistas de la composici\u00f3n de la empresa Deltadec, que utiliza una paleta de colores verdes, azules y lilas\" \/>\n<meta property=\"og:url\" content=\"https:\/\/www.laguiadepamplona.com\/actualidad\/el-nuevo-fronton-infanto-juvenil-de-mendillorri-estrenara-cara-con-una-pintura-mural-de-gran-tamano-basada-en-los-elementos-mas-representativos-del-nombre-del-barrio\/\" \/>\n<meta property=\"og:site_name\" content=\"La Gu\u00eda de Pamplona\" \/>\n<meta property=\"article:publisher\" content=\"https:\/\/www.facebook.com\/laguiadepamplonacom-133175176762273\/?ref=hl\" \/>\n<meta property=\"article:published_time\" content=\"2022-08-08T14:14:31+00:00\" \/>\n<meta property=\"article:modified_time\" content=\"2023-04-11T09:47:55+00:00\" \/>\n<meta property=\"og:image\" content=\"https:\/\/www.laguiadepamplona.com\/actualidad\/wp-content\/uploads\/2022\/08\/fronton-mendillorri-pintura.webp\" \/>\n\t<meta property=\"og:image:width\" content=\"1920\" \/>\n\t<meta property=\"og:image:height\" content=\"2560\" \/>\n\t<meta property=\"og:image:type\" content=\"image\/webp\" \/>\n<meta name=\"author\" content=\"La Gu\u00eda de Pamplona\" \/>\n<meta name=\"twitter:card\" content=\"summary_large_image\" \/>\n<meta name=\"twitter:creator\" content=\"@LaGuiadPamplona\" \/>\n<meta name=\"twitter:site\" content=\"@LaGuiadPamplona\" \/>\n<meta name=\"twitter:label1\" content=\"Escrito por\" \/>\n\t<meta name=\"twitter:data1\" content=\"La Gu\u00eda de Pamplona\" \/>\n\t<meta name=\"twitter:label2\" content=\"Tiempo de lectura\" \/>\n\t<meta name=\"twitter:data2\" content=\"3 minutos\" \/>\n<script type=\"application\/ld+json\" class=\"yoast-schema-graph\">{\"@context\":\"https:\\\/\\\/schema.org\",\"@graph\":[{\"@type\":\"Article\",\"@id\":\"https:\\\/\\\/www.laguiadepamplona.com\\\/actualidad\\\/el-nuevo-fronton-infanto-juvenil-de-mendillorri-estrenara-cara-con-una-pintura-mural-de-gran-tamano-basada-en-los-elementos-mas-representativos-del-nombre-del-barrio\\\/#article\",\"isPartOf\":{\"@id\":\"https:\\\/\\\/www.laguiadepamplona.com\\\/actualidad\\\/el-nuevo-fronton-infanto-juvenil-de-mendillorri-estrenara-cara-con-una-pintura-mural-de-gran-tamano-basada-en-los-elementos-mas-representativos-del-nombre-del-barrio\\\/\"},\"author\":{\"name\":\"La Gu\u00eda de Pamplona\",\"@id\":\"https:\\\/\\\/www.laguiadepamplona.com\\\/actualidad\\\/#\\\/schema\\\/person\\\/efe887376f0213d4657c93adc50b1fdb\"},\"headline\":\"El nuevo front\u00f3n infanto-juvenil de Mendillorri estrenar\u00e1 cara con una pintura mural de gran tama\u00f1o basada en los elementos m\u00e1s representativos del nombre del barrio\",\"datePublished\":\"2022-08-08T14:14:31+00:00\",\"dateModified\":\"2023-04-11T09:47:55+00:00\",\"mainEntityOfPage\":{\"@id\":\"https:\\\/\\\/www.laguiadepamplona.com\\\/actualidad\\\/el-nuevo-fronton-infanto-juvenil-de-mendillorri-estrenara-cara-con-una-pintura-mural-de-gran-tamano-basada-en-los-elementos-mas-representativos-del-nombre-del-barrio\\\/\"},\"wordCount\":502,\"commentCount\":0,\"publisher\":{\"@id\":\"https:\\\/\\\/www.laguiadepamplona.com\\\/actualidad\\\/#organization\"},\"image\":{\"@id\":\"https:\\\/\\\/www.laguiadepamplona.com\\\/actualidad\\\/el-nuevo-fronton-infanto-juvenil-de-mendillorri-estrenara-cara-con-una-pintura-mural-de-gran-tamano-basada-en-los-elementos-mas-representativos-del-nombre-del-barrio\\\/#primaryimage\"},\"thumbnailUrl\":\"https:\\\/\\\/www.laguiadepamplona.com\\\/actualidad\\\/wp-content\\\/uploads\\\/2022\\\/08\\\/fronton-mendillorri-pintura.webp\",\"articleSection\":[\"Ayto Pamplona\"],\"inLanguage\":\"es\",\"potentialAction\":[{\"@type\":\"CommentAction\",\"name\":\"Comment\",\"target\":[\"https:\\\/\\\/www.laguiadepamplona.com\\\/actualidad\\\/el-nuevo-fronton-infanto-juvenil-de-mendillorri-estrenara-cara-con-una-pintura-mural-de-gran-tamano-basada-en-los-elementos-mas-representativos-del-nombre-del-barrio\\\/#respond\"]}]},{\"@type\":\"WebPage\",\"@id\":\"https:\\\/\\\/www.laguiadepamplona.com\\\/actualidad\\\/el-nuevo-fronton-infanto-juvenil-de-mendillorri-estrenara-cara-con-una-pintura-mural-de-gran-tamano-basada-en-los-elementos-mas-representativos-del-nombre-del-barrio\\\/\",\"url\":\"https:\\\/\\\/www.laguiadepamplona.com\\\/actualidad\\\/el-nuevo-fronton-infanto-juvenil-de-mendillorri-estrenara-cara-con-una-pintura-mural-de-gran-tamano-basada-en-los-elementos-mas-representativos-del-nombre-del-barrio\\\/\",\"name\":\"El nuevo front\u00f3n infanto-juvenil de Mendillorri estrenar\u00e1 cara con una pintura mural de gran tama\u00f1o basada en los elementos m\u00e1s representativos del nombre del barrio\",\"isPartOf\":{\"@id\":\"https:\\\/\\\/www.laguiadepamplona.com\\\/actualidad\\\/#website\"},\"primaryImageOfPage\":{\"@id\":\"https:\\\/\\\/www.laguiadepamplona.com\\\/actualidad\\\/el-nuevo-fronton-infanto-juvenil-de-mendillorri-estrenara-cara-con-una-pintura-mural-de-gran-tamano-basada-en-los-elementos-mas-representativos-del-nombre-del-barrio\\\/#primaryimage\"},\"image\":{\"@id\":\"https:\\\/\\\/www.laguiadepamplona.com\\\/actualidad\\\/el-nuevo-fronton-infanto-juvenil-de-mendillorri-estrenara-cara-con-una-pintura-mural-de-gran-tamano-basada-en-los-elementos-mas-representativos-del-nombre-del-barrio\\\/#primaryimage\"},\"thumbnailUrl\":\"https:\\\/\\\/www.laguiadepamplona.com\\\/actualidad\\\/wp-content\\\/uploads\\\/2022\\\/08\\\/fronton-mendillorri-pintura.webp\",\"datePublished\":\"2022-08-08T14:14:31+00:00\",\"dateModified\":\"2023-04-11T09:47:55+00:00\",\"description\":\"Los endrinos y los gorriones son los protagonistas de la composici\u00f3n de la empresa Deltadec, que utiliza una paleta de colores verdes, azules y lilas\",\"breadcrumb\":{\"@id\":\"https:\\\/\\\/www.laguiadepamplona.com\\\/actualidad\\\/el-nuevo-fronton-infanto-juvenil-de-mendillorri-estrenara-cara-con-una-pintura-mural-de-gran-tamano-basada-en-los-elementos-mas-representativos-del-nombre-del-barrio\\\/#breadcrumb\"},\"inLanguage\":\"es\",\"potentialAction\":[{\"@type\":\"ReadAction\",\"target\":[\"https:\\\/\\\/www.laguiadepamplona.com\\\/actualidad\\\/el-nuevo-fronton-infanto-juvenil-de-mendillorri-estrenara-cara-con-una-pintura-mural-de-gran-tamano-basada-en-los-elementos-mas-representativos-del-nombre-del-barrio\\\/\"]}]},{\"@type\":\"ImageObject\",\"inLanguage\":\"es\",\"@id\":\"https:\\\/\\\/www.laguiadepamplona.com\\\/actualidad\\\/el-nuevo-fronton-infanto-juvenil-de-mendillorri-estrenara-cara-con-una-pintura-mural-de-gran-tamano-basada-en-los-elementos-mas-representativos-del-nombre-del-barrio\\\/#primaryimage\",\"url\":\"https:\\\/\\\/www.laguiadepamplona.com\\\/actualidad\\\/wp-content\\\/uploads\\\/2022\\\/08\\\/fronton-mendillorri-pintura.webp\",\"contentUrl\":\"https:\\\/\\\/www.laguiadepamplona.com\\\/actualidad\\\/wp-content\\\/uploads\\\/2022\\\/08\\\/fronton-mendillorri-pintura.webp\",\"width\":1920,\"height\":2560},{\"@type\":\"BreadcrumbList\",\"@id\":\"https:\\\/\\\/www.laguiadepamplona.com\\\/actualidad\\\/el-nuevo-fronton-infanto-juvenil-de-mendillorri-estrenara-cara-con-una-pintura-mural-de-gran-tamano-basada-en-los-elementos-mas-representativos-del-nombre-del-barrio\\\/#breadcrumb\",\"itemListElement\":[{\"@type\":\"ListItem\",\"position\":1,\"name\":\"Portada\",\"item\":\"https:\\\/\\\/www.laguiadepamplona.com\\\/actualidad\\\/\"},{\"@type\":\"ListItem\",\"position\":2,\"name\":\"El nuevo front\u00f3n infanto-juvenil de Mendillorri estrenar\u00e1 cara con una pintura mural de gran tama\u00f1o basada en los elementos m\u00e1s representativos del nombre del barrio\"}]},{\"@type\":\"WebSite\",\"@id\":\"https:\\\/\\\/www.laguiadepamplona.com\\\/actualidad\\\/#website\",\"url\":\"https:\\\/\\\/www.laguiadepamplona.com\\\/actualidad\\\/\",\"name\":\"La gu\u00eda de Pamplona\",\"description\":\"Noticias de Pamplona\",\"publisher\":{\"@id\":\"https:\\\/\\\/www.laguiadepamplona.com\\\/actualidad\\\/#organization\"},\"potentialAction\":[{\"@type\":\"SearchAction\",\"target\":{\"@type\":\"EntryPoint\",\"urlTemplate\":\"https:\\\/\\\/www.laguiadepamplona.com\\\/actualidad\\\/?s={search_term_string}\"},\"query-input\":{\"@type\":\"PropertyValueSpecification\",\"valueRequired\":true,\"valueName\":\"search_term_string\"}}],\"inLanguage\":\"es\"},{\"@type\":\"Organization\",\"@id\":\"https:\\\/\\\/www.laguiadepamplona.com\\\/actualidad\\\/#organization\",\"name\":\"La Gu\u00eda de Pamplona \\\/ Noticias\",\"url\":\"https:\\\/\\\/www.laguiadepamplona.com\\\/actualidad\\\/\",\"logo\":{\"@type\":\"ImageObject\",\"inLanguage\":\"es\",\"@id\":\"https:\\\/\\\/www.laguiadepamplona.com\\\/actualidad\\\/#\\\/schema\\\/logo\\\/image\\\/\",\"url\":\"https:\\\/\\\/www.laguiadepamplona.com\\\/actualidad\\\/wp-content\\\/uploads\\\/2018\\\/11\\\/logo-laguiadepamplona18-web1.png\",\"contentUrl\":\"https:\\\/\\\/www.laguiadepamplona.com\\\/actualidad\\\/wp-content\\\/uploads\\\/2018\\\/11\\\/logo-laguiadepamplona18-web1.png\",\"width\":600,\"height\":196,\"caption\":\"La Gu\u00eda de Pamplona \\\/ Noticias\"},\"image\":{\"@id\":\"https:\\\/\\\/www.laguiadepamplona.com\\\/actualidad\\\/#\\\/schema\\\/logo\\\/image\\\/\"},\"sameAs\":[\"https:\\\/\\\/www.facebook.com\\\/laguiadepamplonacom-133175176762273\\\/?ref=hl\",\"https:\\\/\\\/x.com\\\/LaGuiadPamplona\",\"https:\\\/\\\/www.instagram.com\\\/la_guia_de_pamplona\\\/\",\"https:\\\/\\\/www.youtube.com\\\/user\\\/laguiadepamplona\"]},{\"@type\":\"Person\",\"@id\":\"https:\\\/\\\/www.laguiadepamplona.com\\\/actualidad\\\/#\\\/schema\\\/person\\\/efe887376f0213d4657c93adc50b1fdb\",\"name\":\"La Gu\u00eda de Pamplona\",\"image\":{\"@type\":\"ImageObject\",\"inLanguage\":\"es\",\"@id\":\"https:\\\/\\\/secure.gravatar.com\\\/avatar\\\/b6992f131dc8d30ab0dff15446e9d346d9dbd95992de0fef795073f5ea83a81c?s=96&d=mm&r=g\",\"url\":\"https:\\\/\\\/secure.gravatar.com\\\/avatar\\\/b6992f131dc8d30ab0dff15446e9d346d9dbd95992de0fef795073f5ea83a81c?s=96&d=mm&r=g\",\"contentUrl\":\"https:\\\/\\\/secure.gravatar.com\\\/avatar\\\/b6992f131dc8d30ab0dff15446e9d346d9dbd95992de0fef795073f5ea83a81c?s=96&d=mm&r=g\",\"caption\":\"La Gu\u00eda de Pamplona\"}}]}<\/script>\n<!-- \/ Yoast SEO plugin. -->","yoast_head_json":{"title":"El nuevo front\u00f3n infanto-juvenil de Mendillorri estrenar\u00e1 cara con una pintura mural de gran tama\u00f1o basada en los elementos m\u00e1s representativos del nombre del barrio","description":"Los endrinos y los gorriones son los protagonistas de la composici\u00f3n de la empresa Deltadec, que utiliza una paleta de colores verdes, azules y lilas","robots":{"index":"index","follow":"follow","max-snippet":"max-snippet:-1","max-image-preview":"max-image-preview:large","max-video-preview":"max-video-preview:-1"},"canonical":"https:\/\/www.laguiadepamplona.com\/actualidad\/el-nuevo-fronton-infanto-juvenil-de-mendillorri-estrenara-cara-con-una-pintura-mural-de-gran-tamano-basada-en-los-elementos-mas-representativos-del-nombre-del-barrio\/","og_locale":"es_ES","og_type":"article","og_title":"El nuevo front\u00f3n infanto-juvenil de Mendillorri estrenar\u00e1 cara con una pintura mural de gran tama\u00f1o basada en los elementos m\u00e1s representativos del nombre del barrio","og_description":"Los endrinos y los gorriones son los protagonistas de la composici\u00f3n de la empresa Deltadec, que utiliza una paleta de colores verdes, azules y lilas","og_url":"https:\/\/www.laguiadepamplona.com\/actualidad\/el-nuevo-fronton-infanto-juvenil-de-mendillorri-estrenara-cara-con-una-pintura-mural-de-gran-tamano-basada-en-los-elementos-mas-representativos-del-nombre-del-barrio\/","og_site_name":"La Gu\u00eda de Pamplona","article_publisher":"https:\/\/www.facebook.com\/laguiadepamplonacom-133175176762273\/?ref=hl","article_published_time":"2022-08-08T14:14:31+00:00","article_modified_time":"2023-04-11T09:47:55+00:00","og_image":[{"width":1920,"height":2560,"url":"https:\/\/www.laguiadepamplona.com\/actualidad\/wp-content\/uploads\/2022\/08\/fronton-mendillorri-pintura.webp","type":"image\/webp"}],"author":"La Gu\u00eda de Pamplona","twitter_card":"summary_large_image","twitter_creator":"@LaGuiadPamplona","twitter_site":"@LaGuiadPamplona","twitter_misc":{"Escrito por":"La Gu\u00eda de Pamplona","Tiempo de lectura":"3 minutos"},"schema":{"@context":"https:\/\/schema.org","@graph":[{"@type":"Article","@id":"https:\/\/www.laguiadepamplona.com\/actualidad\/el-nuevo-fronton-infanto-juvenil-de-mendillorri-estrenara-cara-con-una-pintura-mural-de-gran-tamano-basada-en-los-elementos-mas-representativos-del-nombre-del-barrio\/#article","isPartOf":{"@id":"https:\/\/www.laguiadepamplona.com\/actualidad\/el-nuevo-fronton-infanto-juvenil-de-mendillorri-estrenara-cara-con-una-pintura-mural-de-gran-tamano-basada-en-los-elementos-mas-representativos-del-nombre-del-barrio\/"},"author":{"name":"La Gu\u00eda de Pamplona","@id":"https:\/\/www.laguiadepamplona.com\/actualidad\/#\/schema\/person\/efe887376f0213d4657c93adc50b1fdb"},"headline":"El nuevo front\u00f3n infanto-juvenil de Mendillorri estrenar\u00e1 cara con una pintura mural de gran tama\u00f1o basada en los elementos m\u00e1s representativos del nombre del barrio","datePublished":"2022-08-08T14:14:31+00:00","dateModified":"2023-04-11T09:47:55+00:00","mainEntityOfPage":{"@id":"https:\/\/www.laguiadepamplona.com\/actualidad\/el-nuevo-fronton-infanto-juvenil-de-mendillorri-estrenara-cara-con-una-pintura-mural-de-gran-tamano-basada-en-los-elementos-mas-representativos-del-nombre-del-barrio\/"},"wordCount":502,"commentCount":0,"publisher":{"@id":"https:\/\/www.laguiadepamplona.com\/actualidad\/#organization"},"image":{"@id":"https:\/\/www.laguiadepamplona.com\/actualidad\/el-nuevo-fronton-infanto-juvenil-de-mendillorri-estrenara-cara-con-una-pintura-mural-de-gran-tamano-basada-en-los-elementos-mas-representativos-del-nombre-del-barrio\/#primaryimage"},"thumbnailUrl":"https:\/\/www.laguiadepamplona.com\/actualidad\/wp-content\/uploads\/2022\/08\/fronton-mendillorri-pintura.webp","articleSection":["Ayto Pamplona"],"inLanguage":"es","potentialAction":[{"@type":"CommentAction","name":"Comment","target":["https:\/\/www.laguiadepamplona.com\/actualidad\/el-nuevo-fronton-infanto-juvenil-de-mendillorri-estrenara-cara-con-una-pintura-mural-de-gran-tamano-basada-en-los-elementos-mas-representativos-del-nombre-del-barrio\/#respond"]}]},{"@type":"WebPage","@id":"https:\/\/www.laguiadepamplona.com\/actualidad\/el-nuevo-fronton-infanto-juvenil-de-mendillorri-estrenara-cara-con-una-pintura-mural-de-gran-tamano-basada-en-los-elementos-mas-representativos-del-nombre-del-barrio\/","url":"https:\/\/www.laguiadepamplona.com\/actualidad\/el-nuevo-fronton-infanto-juvenil-de-mendillorri-estrenara-cara-con-una-pintura-mural-de-gran-tamano-basada-en-los-elementos-mas-representativos-del-nombre-del-barrio\/","name":"El nuevo front\u00f3n infanto-juvenil de Mendillorri estrenar\u00e1 cara con una pintura mural de gran tama\u00f1o basada en los elementos m\u00e1s representativos del nombre del barrio","isPartOf":{"@id":"https:\/\/www.laguiadepamplona.com\/actualidad\/#website"},"primaryImageOfPage":{"@id":"https:\/\/www.laguiadepamplona.com\/actualidad\/el-nuevo-fronton-infanto-juvenil-de-mendillorri-estrenara-cara-con-una-pintura-mural-de-gran-tamano-basada-en-los-elementos-mas-representativos-del-nombre-del-barrio\/#primaryimage"},"image":{"@id":"https:\/\/www.laguiadepamplona.com\/actualidad\/el-nuevo-fronton-infanto-juvenil-de-mendillorri-estrenara-cara-con-una-pintura-mural-de-gran-tamano-basada-en-los-elementos-mas-representativos-del-nombre-del-barrio\/#primaryimage"},"thumbnailUrl":"https:\/\/www.laguiadepamplona.com\/actualidad\/wp-content\/uploads\/2022\/08\/fronton-mendillorri-pintura.webp","datePublished":"2022-08-08T14:14:31+00:00","dateModified":"2023-04-11T09:47:55+00:00","description":"Los endrinos y los gorriones son los protagonistas de la composici\u00f3n de la empresa Deltadec, que utiliza una paleta de colores verdes, azules y lilas","breadcrumb":{"@id":"https:\/\/www.laguiadepamplona.com\/actualidad\/el-nuevo-fronton-infanto-juvenil-de-mendillorri-estrenara-cara-con-una-pintura-mural-de-gran-tamano-basada-en-los-elementos-mas-representativos-del-nombre-del-barrio\/#breadcrumb"},"inLanguage":"es","potentialAction":[{"@type":"ReadAction","target":["https:\/\/www.laguiadepamplona.com\/actualidad\/el-nuevo-fronton-infanto-juvenil-de-mendillorri-estrenara-cara-con-una-pintura-mural-de-gran-tamano-basada-en-los-elementos-mas-representativos-del-nombre-del-barrio\/"]}]},{"@type":"ImageObject","inLanguage":"es","@id":"https:\/\/www.laguiadepamplona.com\/actualidad\/el-nuevo-fronton-infanto-juvenil-de-mendillorri-estrenara-cara-con-una-pintura-mural-de-gran-tamano-basada-en-los-elementos-mas-representativos-del-nombre-del-barrio\/#primaryimage","url":"https:\/\/www.laguiadepamplona.com\/actualidad\/wp-content\/uploads\/2022\/08\/fronton-mendillorri-pintura.webp","contentUrl":"https:\/\/www.laguiadepamplona.com\/actualidad\/wp-content\/uploads\/2022\/08\/fronton-mendillorri-pintura.webp","width":1920,"height":2560},{"@type":"BreadcrumbList","@id":"https:\/\/www.laguiadepamplona.com\/actualidad\/el-nuevo-fronton-infanto-juvenil-de-mendillorri-estrenara-cara-con-una-pintura-mural-de-gran-tamano-basada-en-los-elementos-mas-representativos-del-nombre-del-barrio\/#breadcrumb","itemListElement":[{"@type":"ListItem","position":1,"name":"Portada","item":"https:\/\/www.laguiadepamplona.com\/actualidad\/"},{"@type":"ListItem","position":2,"name":"El nuevo front\u00f3n infanto-juvenil de Mendillorri estrenar\u00e1 cara con una pintura mural de gran tama\u00f1o basada en los elementos m\u00e1s representativos del nombre del barrio"}]},{"@type":"WebSite","@id":"https:\/\/www.laguiadepamplona.com\/actualidad\/#website","url":"https:\/\/www.laguiadepamplona.com\/actualidad\/","name":"La gu\u00eda de Pamplona","description":"Noticias de Pamplona","publisher":{"@id":"https:\/\/www.laguiadepamplona.com\/actualidad\/#organization"},"potentialAction":[{"@type":"SearchAction","target":{"@type":"EntryPoint","urlTemplate":"https:\/\/www.laguiadepamplona.com\/actualidad\/?s={search_term_string}"},"query-input":{"@type":"PropertyValueSpecification","valueRequired":true,"valueName":"search_term_string"}}],"inLanguage":"es"},{"@type":"Organization","@id":"https:\/\/www.laguiadepamplona.com\/actualidad\/#organization","name":"La Gu\u00eda de Pamplona \/ Noticias","url":"https:\/\/www.laguiadepamplona.com\/actualidad\/","logo":{"@type":"ImageObject","inLanguage":"es","@id":"https:\/\/www.laguiadepamplona.com\/actualidad\/#\/schema\/logo\/image\/","url":"https:\/\/www.laguiadepamplona.com\/actualidad\/wp-content\/uploads\/2018\/11\/logo-laguiadepamplona18-web1.png","contentUrl":"https:\/\/www.laguiadepamplona.com\/actualidad\/wp-content\/uploads\/2018\/11\/logo-laguiadepamplona18-web1.png","width":600,"height":196,"caption":"La Gu\u00eda de Pamplona \/ Noticias"},"image":{"@id":"https:\/\/www.laguiadepamplona.com\/actualidad\/#\/schema\/logo\/image\/"},"sameAs":["https:\/\/www.facebook.com\/laguiadepamplonacom-133175176762273\/?ref=hl","https:\/\/x.com\/LaGuiadPamplona","https:\/\/www.instagram.com\/la_guia_de_pamplona\/","https:\/\/www.youtube.com\/user\/laguiadepamplona"]},{"@type":"Person","@id":"https:\/\/www.laguiadepamplona.com\/actualidad\/#\/schema\/person\/efe887376f0213d4657c93adc50b1fdb","name":"La Gu\u00eda de Pamplona","image":{"@type":"ImageObject","inLanguage":"es","@id":"https:\/\/secure.gravatar.com\/avatar\/b6992f131dc8d30ab0dff15446e9d346d9dbd95992de0fef795073f5ea83a81c?s=96&d=mm&r=g","url":"https:\/\/secure.gravatar.com\/avatar\/b6992f131dc8d30ab0dff15446e9d346d9dbd95992de0fef795073f5ea83a81c?s=96&d=mm&r=g","contentUrl":"https:\/\/secure.gravatar.com\/avatar\/b6992f131dc8d30ab0dff15446e9d346d9dbd95992de0fef795073f5ea83a81c?s=96&d=mm&r=g","caption":"La Gu\u00eda de Pamplona"}}]}},"post_mailing_queue_ids":[],"_links":{"self":[{"href":"https:\/\/www.laguiadepamplona.com\/actualidad\/wp-json\/wp\/v2\/posts\/41260","targetHints":{"allow":["GET"]}}],"collection":[{"href":"https:\/\/www.laguiadepamplona.com\/actualidad\/wp-json\/wp\/v2\/posts"}],"about":[{"href":"https:\/\/www.laguiadepamplona.com\/actualidad\/wp-json\/wp\/v2\/types\/post"}],"author":[{"embeddable":true,"href":"https:\/\/www.laguiadepamplona.com\/actualidad\/wp-json\/wp\/v2\/users\/1"}],"replies":[{"embeddable":true,"href":"https:\/\/www.laguiadepamplona.com\/actualidad\/wp-json\/wp\/v2\/comments?post=41260"}],"version-history":[{"count":0,"href":"https:\/\/www.laguiadepamplona.com\/actualidad\/wp-json\/wp\/v2\/posts\/41260\/revisions"}],"wp:featuredmedia":[{"embeddable":true,"href":"https:\/\/www.laguiadepamplona.com\/actualidad\/wp-json\/wp\/v2\/media\/41261"}],"wp:attachment":[{"href":"https:\/\/www.laguiadepamplona.com\/actualidad\/wp-json\/wp\/v2\/media?parent=41260"}],"wp:term":[{"taxonomy":"category","embeddable":true,"href":"https:\/\/www.laguiadepamplona.com\/actualidad\/wp-json\/wp\/v2\/categories?post=41260"},{"taxonomy":"post_tag","embeddable":true,"href":"https:\/\/www.laguiadepamplona.com\/actualidad\/wp-json\/wp\/v2\/tags?post=41260"}],"curies":[{"name":"wp","href":"https:\/\/api.w.org\/{rel}","templated":true}]}}