{"id":41258,"date":"2022-08-08T16:12:23","date_gmt":"2022-08-08T14:12:23","guid":{"rendered":"https:\/\/www.laguiadepamplona.com\/actualidad\/?p=41258"},"modified":"2023-04-11T11:47:55","modified_gmt":"2023-04-11T09:47:55","slug":"la-programacion-municipal-en-el-palacio-de-ezpeleta-esta-semana-una-comedia-magica-dos-espectaculos-de-titeres-y-un-taller-de-confeccion-de-marionetas","status":"publish","type":"post","link":"https:\/\/www.laguiadepamplona.com\/actualidad\/la-programacion-municipal-en-el-palacio-de-ezpeleta-esta-semana-una-comedia-magica-dos-espectaculos-de-titeres-y-un-taller-de-confeccion-de-marionetas\/","title":{"rendered":"La programaci\u00f3n municipal en el palacio de Ezpeleta esta semana: una comedia m\u00e1gica, dos espect\u00e1culos de t\u00edteres y un taller de confecci\u00f3n de marionetas"},"content":{"rendered":"<h5>Las actividades se desarrollar\u00e1n del martes 9 al jueves 11 de agosto por las tardes, con entrada libre, aunque el taller requiere inscripci\u00f3n previa<\/h5>\n<p><!--more--><\/p>\n<p>Esta semana el palacio de Ezpeleta (entrada por la calle San Francisco del Casco Antiguo) contin\u00faa con la programaci\u00f3n estival. Este martes 9 de agosto, como muestra de artes de calle La Chivata Teatro podr\u00e1 en escena \u2018Kross-Mic\u2019 una pieza c\u00f3mica en la que seis actores representan una veintena de personajes, entre el humor y la magia. Ser\u00e1 en el patio, a las 19 horas, con entrada libre.<br \/>\n<script async src=\"\/\/pagead2.googlesyndication.com\/pagead\/js\/adsbygoogle.js\"><\/script><br \/>\n<!-- Noticias La Guia de Pamplona --><br \/>\n<ins class=\"adsbygoogle\"\nstyle=\"display:block\"\ndata-ad-client=\"ca-pub-6943679897239327\"\ndata-ad-slot=\"7048180777\"\ndata-ad-format=\"auto\"><\/ins><br \/>\n<script>\n(adsbygoogle = window.adsbygoogle || []).push({});\n<\/script><\/p>\n<p>Al d\u00eda siguiente coger\u00e1n el relevo en ese espacio los \u2018Ritmos animalescos\u2019 de la compa\u00f1\u00eda alicantina La F\u00e0brica de Paraules, en colaboraci\u00f3n con los granadinos Arena en los bolsillos. Este espect\u00e1culo forma parte de \u2018Respirando m\u00fasica en familia\u2019 y a\u00fana en el escenario m\u00fasica en directo y distintas modalidades de t\u00edteres en una propuesta de car\u00e1cter educativo. La propuesta se construye desde la idea de brindarle a la ni\u00f1a y al ni\u00f1o la posibilidad de recuperar un espacio de juego propio, basado en su universo imaginativo y alejado del mundo \u201cvirtual\u201d a trav\u00e9s de canciones, compuestas e interpretadas por el m\u00fasico Jaime Aguirre y por Alberto Celdr\u00e1n, creador y director art\u00edstico del Festival de Teatre per a la Inf\u00e0ncia de Sant Joan d\u2019Alacant. La funci\u00f3n comenzar\u00e1 a las 19 horas<\/p>\n<p>Y el jueves 11 de agosto el patio combinar\u00e1 taller y espect\u00e1culo de la mano de El retablo de la ventana. A las 18.30 horas est\u00e1 previsto que se inicie un taller de marionetas de varilla y cart\u00f3n que se complementar\u00e1 con un espect\u00e1culo de marionetas sobre el cuento tradicional El gato con botas. El taller es gratuito, pero hace falta inscripci\u00f3n previa en <a href=\"http:\/\/www.pamplonaescultura.es\" target=\"_blank\" rel=\"noopener\">www.pamplonaescultura.es<\/a>, en el tel\u00e9fono de Atenci\u00f3n Ciudadana 010 o presencialmente en cualquier Civivox. El espect\u00e1culo final comenzar\u00e1 a las 20 horas y tiene entrada libre.<\/p>\n","protected":false},"excerpt":{"rendered":"<p>Las actividades se desarrollar\u00e1n del martes 9 al jueves 11 de agosto por las tardes, con entrada libre, aunque el taller requiere inscripci\u00f3n previa<\/p>\n","protected":false},"author":1,"featured_media":41150,"comment_status":"open","ping_status":"closed","sticky":false,"template":"","format":"standard","meta":{"footnotes":""},"categories":[2],"tags":[],"class_list":["post-41258","post","type-post","status-publish","format-standard","has-post-thumbnail","hentry","category-ayuntamiento-pamplona"],"yoast_head":"<!-- This site is optimized with the Yoast SEO plugin v27.3 - https:\/\/yoast.com\/product\/yoast-seo-wordpress\/ -->\n<title>La programaci\u00f3n municipal en el palacio de Ezpeleta esta semana: una comedia m\u00e1gica, dos espect\u00e1culos de t\u00edteres y un taller de confecci\u00f3n de marionetas<\/title>\n<meta name=\"description\" content=\"Las actividades se desarrollar\u00e1n del martes 9 al jueves 11 de agosto por las tardes, con entrada libre, aunque el taller requiere inscripci\u00f3n previa\" \/>\n<meta name=\"robots\" content=\"index, follow, max-snippet:-1, max-image-preview:large, max-video-preview:-1\" \/>\n<link rel=\"canonical\" href=\"https:\/\/www.laguiadepamplona.com\/actualidad\/la-programacion-municipal-en-el-palacio-de-ezpeleta-esta-semana-una-comedia-magica-dos-espectaculos-de-titeres-y-un-taller-de-confeccion-de-marionetas\/\" \/>\n<meta property=\"og:locale\" content=\"es_ES\" \/>\n<meta property=\"og:type\" content=\"article\" \/>\n<meta property=\"og:title\" content=\"La programaci\u00f3n municipal en el palacio de Ezpeleta esta semana: una comedia m\u00e1gica, dos espect\u00e1culos de t\u00edteres y un taller de confecci\u00f3n de marionetas\" \/>\n<meta property=\"og:description\" content=\"Las actividades se desarrollar\u00e1n del martes 9 al jueves 11 de agosto por las tardes, con entrada libre, aunque el taller requiere inscripci\u00f3n previa\" \/>\n<meta property=\"og:url\" content=\"https:\/\/www.laguiadepamplona.com\/actualidad\/la-programacion-municipal-en-el-palacio-de-ezpeleta-esta-semana-una-comedia-magica-dos-espectaculos-de-titeres-y-un-taller-de-confeccion-de-marionetas\/\" \/>\n<meta property=\"og:site_name\" content=\"La Gu\u00eda de Pamplona\" \/>\n<meta property=\"article:publisher\" content=\"https:\/\/www.facebook.com\/laguiadepamplonacom-133175176762273\/?ref=hl\" \/>\n<meta property=\"article:published_time\" content=\"2022-08-08T14:12:23+00:00\" \/>\n<meta property=\"article:modified_time\" content=\"2023-04-11T09:47:55+00:00\" \/>\n<meta property=\"og:image\" content=\"https:\/\/www.laguiadepamplona.com\/actualidad\/wp-content\/uploads\/2022\/08\/ARTE-EN-LA-CALLE-PALACIO-EZPELETA-F1A5877.webp\" \/>\n\t<meta property=\"og:image:width\" content=\"1920\" \/>\n\t<meta property=\"og:image:height\" content=\"1280\" \/>\n\t<meta property=\"og:image:type\" content=\"image\/webp\" \/>\n<meta name=\"author\" content=\"La Gu\u00eda de Pamplona\" \/>\n<meta name=\"twitter:card\" content=\"summary_large_image\" \/>\n<meta name=\"twitter:creator\" content=\"@LaGuiadPamplona\" \/>\n<meta name=\"twitter:site\" content=\"@LaGuiadPamplona\" \/>\n<meta name=\"twitter:label1\" content=\"Escrito por\" \/>\n\t<meta name=\"twitter:data1\" content=\"La Gu\u00eda de Pamplona\" \/>\n\t<meta name=\"twitter:label2\" content=\"Tiempo de lectura\" \/>\n\t<meta name=\"twitter:data2\" content=\"2 minutos\" \/>\n<script type=\"application\/ld+json\" class=\"yoast-schema-graph\">{\"@context\":\"https:\\\/\\\/schema.org\",\"@graph\":[{\"@type\":\"Article\",\"@id\":\"https:\\\/\\\/www.laguiadepamplona.com\\\/actualidad\\\/la-programacion-municipal-en-el-palacio-de-ezpeleta-esta-semana-una-comedia-magica-dos-espectaculos-de-titeres-y-un-taller-de-confeccion-de-marionetas\\\/#article\",\"isPartOf\":{\"@id\":\"https:\\\/\\\/www.laguiadepamplona.com\\\/actualidad\\\/la-programacion-municipal-en-el-palacio-de-ezpeleta-esta-semana-una-comedia-magica-dos-espectaculos-de-titeres-y-un-taller-de-confeccion-de-marionetas\\\/\"},\"author\":{\"name\":\"La Gu\u00eda de Pamplona\",\"@id\":\"https:\\\/\\\/www.laguiadepamplona.com\\\/actualidad\\\/#\\\/schema\\\/person\\\/efe887376f0213d4657c93adc50b1fdb\"},\"headline\":\"La programaci\u00f3n municipal en el palacio de Ezpeleta esta semana: una comedia m\u00e1gica, dos espect\u00e1culos de t\u00edteres y un taller de confecci\u00f3n de marionetas\",\"datePublished\":\"2022-08-08T14:12:23+00:00\",\"dateModified\":\"2023-04-11T09:47:55+00:00\",\"mainEntityOfPage\":{\"@id\":\"https:\\\/\\\/www.laguiadepamplona.com\\\/actualidad\\\/la-programacion-municipal-en-el-palacio-de-ezpeleta-esta-semana-una-comedia-magica-dos-espectaculos-de-titeres-y-un-taller-de-confeccion-de-marionetas\\\/\"},\"wordCount\":365,\"commentCount\":0,\"publisher\":{\"@id\":\"https:\\\/\\\/www.laguiadepamplona.com\\\/actualidad\\\/#organization\"},\"image\":{\"@id\":\"https:\\\/\\\/www.laguiadepamplona.com\\\/actualidad\\\/la-programacion-municipal-en-el-palacio-de-ezpeleta-esta-semana-una-comedia-magica-dos-espectaculos-de-titeres-y-un-taller-de-confeccion-de-marionetas\\\/#primaryimage\"},\"thumbnailUrl\":\"https:\\\/\\\/www.laguiadepamplona.com\\\/actualidad\\\/wp-content\\\/uploads\\\/2022\\\/08\\\/ARTE-EN-LA-CALLE-PALACIO-EZPELETA-F1A5877.webp\",\"articleSection\":[\"Ayto Pamplona\"],\"inLanguage\":\"es\",\"potentialAction\":[{\"@type\":\"CommentAction\",\"name\":\"Comment\",\"target\":[\"https:\\\/\\\/www.laguiadepamplona.com\\\/actualidad\\\/la-programacion-municipal-en-el-palacio-de-ezpeleta-esta-semana-una-comedia-magica-dos-espectaculos-de-titeres-y-un-taller-de-confeccion-de-marionetas\\\/#respond\"]}]},{\"@type\":\"WebPage\",\"@id\":\"https:\\\/\\\/www.laguiadepamplona.com\\\/actualidad\\\/la-programacion-municipal-en-el-palacio-de-ezpeleta-esta-semana-una-comedia-magica-dos-espectaculos-de-titeres-y-un-taller-de-confeccion-de-marionetas\\\/\",\"url\":\"https:\\\/\\\/www.laguiadepamplona.com\\\/actualidad\\\/la-programacion-municipal-en-el-palacio-de-ezpeleta-esta-semana-una-comedia-magica-dos-espectaculos-de-titeres-y-un-taller-de-confeccion-de-marionetas\\\/\",\"name\":\"La programaci\u00f3n municipal en el palacio de Ezpeleta esta semana: una comedia m\u00e1gica, dos espect\u00e1culos de t\u00edteres y un taller de confecci\u00f3n de marionetas\",\"isPartOf\":{\"@id\":\"https:\\\/\\\/www.laguiadepamplona.com\\\/actualidad\\\/#website\"},\"primaryImageOfPage\":{\"@id\":\"https:\\\/\\\/www.laguiadepamplona.com\\\/actualidad\\\/la-programacion-municipal-en-el-palacio-de-ezpeleta-esta-semana-una-comedia-magica-dos-espectaculos-de-titeres-y-un-taller-de-confeccion-de-marionetas\\\/#primaryimage\"},\"image\":{\"@id\":\"https:\\\/\\\/www.laguiadepamplona.com\\\/actualidad\\\/la-programacion-municipal-en-el-palacio-de-ezpeleta-esta-semana-una-comedia-magica-dos-espectaculos-de-titeres-y-un-taller-de-confeccion-de-marionetas\\\/#primaryimage\"},\"thumbnailUrl\":\"https:\\\/\\\/www.laguiadepamplona.com\\\/actualidad\\\/wp-content\\\/uploads\\\/2022\\\/08\\\/ARTE-EN-LA-CALLE-PALACIO-EZPELETA-F1A5877.webp\",\"datePublished\":\"2022-08-08T14:12:23+00:00\",\"dateModified\":\"2023-04-11T09:47:55+00:00\",\"description\":\"Las actividades se desarrollar\u00e1n del martes 9 al jueves 11 de agosto por las tardes, con entrada libre, aunque el taller requiere inscripci\u00f3n previa\",\"breadcrumb\":{\"@id\":\"https:\\\/\\\/www.laguiadepamplona.com\\\/actualidad\\\/la-programacion-municipal-en-el-palacio-de-ezpeleta-esta-semana-una-comedia-magica-dos-espectaculos-de-titeres-y-un-taller-de-confeccion-de-marionetas\\\/#breadcrumb\"},\"inLanguage\":\"es\",\"potentialAction\":[{\"@type\":\"ReadAction\",\"target\":[\"https:\\\/\\\/www.laguiadepamplona.com\\\/actualidad\\\/la-programacion-municipal-en-el-palacio-de-ezpeleta-esta-semana-una-comedia-magica-dos-espectaculos-de-titeres-y-un-taller-de-confeccion-de-marionetas\\\/\"]}]},{\"@type\":\"ImageObject\",\"inLanguage\":\"es\",\"@id\":\"https:\\\/\\\/www.laguiadepamplona.com\\\/actualidad\\\/la-programacion-municipal-en-el-palacio-de-ezpeleta-esta-semana-una-comedia-magica-dos-espectaculos-de-titeres-y-un-taller-de-confeccion-de-marionetas\\\/#primaryimage\",\"url\":\"https:\\\/\\\/www.laguiadepamplona.com\\\/actualidad\\\/wp-content\\\/uploads\\\/2022\\\/08\\\/ARTE-EN-LA-CALLE-PALACIO-EZPELETA-F1A5877.webp\",\"contentUrl\":\"https:\\\/\\\/www.laguiadepamplona.com\\\/actualidad\\\/wp-content\\\/uploads\\\/2022\\\/08\\\/ARTE-EN-LA-CALLE-PALACIO-EZPELETA-F1A5877.webp\",\"width\":1920,\"height\":1280},{\"@type\":\"BreadcrumbList\",\"@id\":\"https:\\\/\\\/www.laguiadepamplona.com\\\/actualidad\\\/la-programacion-municipal-en-el-palacio-de-ezpeleta-esta-semana-una-comedia-magica-dos-espectaculos-de-titeres-y-un-taller-de-confeccion-de-marionetas\\\/#breadcrumb\",\"itemListElement\":[{\"@type\":\"ListItem\",\"position\":1,\"name\":\"Portada\",\"item\":\"https:\\\/\\\/www.laguiadepamplona.com\\\/actualidad\\\/\"},{\"@type\":\"ListItem\",\"position\":2,\"name\":\"La programaci\u00f3n municipal en el palacio de Ezpeleta esta semana: una comedia m\u00e1gica, dos espect\u00e1culos de t\u00edteres y un taller de confecci\u00f3n de marionetas\"}]},{\"@type\":\"WebSite\",\"@id\":\"https:\\\/\\\/www.laguiadepamplona.com\\\/actualidad\\\/#website\",\"url\":\"https:\\\/\\\/www.laguiadepamplona.com\\\/actualidad\\\/\",\"name\":\"La gu\u00eda de Pamplona\",\"description\":\"Noticias de Pamplona\",\"publisher\":{\"@id\":\"https:\\\/\\\/www.laguiadepamplona.com\\\/actualidad\\\/#organization\"},\"potentialAction\":[{\"@type\":\"SearchAction\",\"target\":{\"@type\":\"EntryPoint\",\"urlTemplate\":\"https:\\\/\\\/www.laguiadepamplona.com\\\/actualidad\\\/?s={search_term_string}\"},\"query-input\":{\"@type\":\"PropertyValueSpecification\",\"valueRequired\":true,\"valueName\":\"search_term_string\"}}],\"inLanguage\":\"es\"},{\"@type\":\"Organization\",\"@id\":\"https:\\\/\\\/www.laguiadepamplona.com\\\/actualidad\\\/#organization\",\"name\":\"La Gu\u00eda de Pamplona \\\/ Noticias\",\"url\":\"https:\\\/\\\/www.laguiadepamplona.com\\\/actualidad\\\/\",\"logo\":{\"@type\":\"ImageObject\",\"inLanguage\":\"es\",\"@id\":\"https:\\\/\\\/www.laguiadepamplona.com\\\/actualidad\\\/#\\\/schema\\\/logo\\\/image\\\/\",\"url\":\"https:\\\/\\\/www.laguiadepamplona.com\\\/actualidad\\\/wp-content\\\/uploads\\\/2018\\\/11\\\/logo-laguiadepamplona18-web1.png\",\"contentUrl\":\"https:\\\/\\\/www.laguiadepamplona.com\\\/actualidad\\\/wp-content\\\/uploads\\\/2018\\\/11\\\/logo-laguiadepamplona18-web1.png\",\"width\":600,\"height\":196,\"caption\":\"La Gu\u00eda de Pamplona \\\/ Noticias\"},\"image\":{\"@id\":\"https:\\\/\\\/www.laguiadepamplona.com\\\/actualidad\\\/#\\\/schema\\\/logo\\\/image\\\/\"},\"sameAs\":[\"https:\\\/\\\/www.facebook.com\\\/laguiadepamplonacom-133175176762273\\\/?ref=hl\",\"https:\\\/\\\/x.com\\\/LaGuiadPamplona\",\"https:\\\/\\\/www.instagram.com\\\/la_guia_de_pamplona\\\/\",\"https:\\\/\\\/www.youtube.com\\\/user\\\/laguiadepamplona\"]},{\"@type\":\"Person\",\"@id\":\"https:\\\/\\\/www.laguiadepamplona.com\\\/actualidad\\\/#\\\/schema\\\/person\\\/efe887376f0213d4657c93adc50b1fdb\",\"name\":\"La Gu\u00eda de Pamplona\",\"image\":{\"@type\":\"ImageObject\",\"inLanguage\":\"es\",\"@id\":\"https:\\\/\\\/secure.gravatar.com\\\/avatar\\\/b6992f131dc8d30ab0dff15446e9d346d9dbd95992de0fef795073f5ea83a81c?s=96&d=mm&r=g\",\"url\":\"https:\\\/\\\/secure.gravatar.com\\\/avatar\\\/b6992f131dc8d30ab0dff15446e9d346d9dbd95992de0fef795073f5ea83a81c?s=96&d=mm&r=g\",\"contentUrl\":\"https:\\\/\\\/secure.gravatar.com\\\/avatar\\\/b6992f131dc8d30ab0dff15446e9d346d9dbd95992de0fef795073f5ea83a81c?s=96&d=mm&r=g\",\"caption\":\"La Gu\u00eda de Pamplona\"}}]}<\/script>\n<!-- \/ Yoast SEO plugin. -->","yoast_head_json":{"title":"La programaci\u00f3n municipal en el palacio de Ezpeleta esta semana: una comedia m\u00e1gica, dos espect\u00e1culos de t\u00edteres y un taller de confecci\u00f3n de marionetas","description":"Las actividades se desarrollar\u00e1n del martes 9 al jueves 11 de agosto por las tardes, con entrada libre, aunque el taller requiere inscripci\u00f3n previa","robots":{"index":"index","follow":"follow","max-snippet":"max-snippet:-1","max-image-preview":"max-image-preview:large","max-video-preview":"max-video-preview:-1"},"canonical":"https:\/\/www.laguiadepamplona.com\/actualidad\/la-programacion-municipal-en-el-palacio-de-ezpeleta-esta-semana-una-comedia-magica-dos-espectaculos-de-titeres-y-un-taller-de-confeccion-de-marionetas\/","og_locale":"es_ES","og_type":"article","og_title":"La programaci\u00f3n municipal en el palacio de Ezpeleta esta semana: una comedia m\u00e1gica, dos espect\u00e1culos de t\u00edteres y un taller de confecci\u00f3n de marionetas","og_description":"Las actividades se desarrollar\u00e1n del martes 9 al jueves 11 de agosto por las tardes, con entrada libre, aunque el taller requiere inscripci\u00f3n previa","og_url":"https:\/\/www.laguiadepamplona.com\/actualidad\/la-programacion-municipal-en-el-palacio-de-ezpeleta-esta-semana-una-comedia-magica-dos-espectaculos-de-titeres-y-un-taller-de-confeccion-de-marionetas\/","og_site_name":"La Gu\u00eda de Pamplona","article_publisher":"https:\/\/www.facebook.com\/laguiadepamplonacom-133175176762273\/?ref=hl","article_published_time":"2022-08-08T14:12:23+00:00","article_modified_time":"2023-04-11T09:47:55+00:00","og_image":[{"width":1920,"height":1280,"url":"https:\/\/www.laguiadepamplona.com\/actualidad\/wp-content\/uploads\/2022\/08\/ARTE-EN-LA-CALLE-PALACIO-EZPELETA-F1A5877.webp","type":"image\/webp"}],"author":"La Gu\u00eda de Pamplona","twitter_card":"summary_large_image","twitter_creator":"@LaGuiadPamplona","twitter_site":"@LaGuiadPamplona","twitter_misc":{"Escrito por":"La Gu\u00eda de Pamplona","Tiempo de lectura":"2 minutos"},"schema":{"@context":"https:\/\/schema.org","@graph":[{"@type":"Article","@id":"https:\/\/www.laguiadepamplona.com\/actualidad\/la-programacion-municipal-en-el-palacio-de-ezpeleta-esta-semana-una-comedia-magica-dos-espectaculos-de-titeres-y-un-taller-de-confeccion-de-marionetas\/#article","isPartOf":{"@id":"https:\/\/www.laguiadepamplona.com\/actualidad\/la-programacion-municipal-en-el-palacio-de-ezpeleta-esta-semana-una-comedia-magica-dos-espectaculos-de-titeres-y-un-taller-de-confeccion-de-marionetas\/"},"author":{"name":"La Gu\u00eda de Pamplona","@id":"https:\/\/www.laguiadepamplona.com\/actualidad\/#\/schema\/person\/efe887376f0213d4657c93adc50b1fdb"},"headline":"La programaci\u00f3n municipal en el palacio de Ezpeleta esta semana: una comedia m\u00e1gica, dos espect\u00e1culos de t\u00edteres y un taller de confecci\u00f3n de marionetas","datePublished":"2022-08-08T14:12:23+00:00","dateModified":"2023-04-11T09:47:55+00:00","mainEntityOfPage":{"@id":"https:\/\/www.laguiadepamplona.com\/actualidad\/la-programacion-municipal-en-el-palacio-de-ezpeleta-esta-semana-una-comedia-magica-dos-espectaculos-de-titeres-y-un-taller-de-confeccion-de-marionetas\/"},"wordCount":365,"commentCount":0,"publisher":{"@id":"https:\/\/www.laguiadepamplona.com\/actualidad\/#organization"},"image":{"@id":"https:\/\/www.laguiadepamplona.com\/actualidad\/la-programacion-municipal-en-el-palacio-de-ezpeleta-esta-semana-una-comedia-magica-dos-espectaculos-de-titeres-y-un-taller-de-confeccion-de-marionetas\/#primaryimage"},"thumbnailUrl":"https:\/\/www.laguiadepamplona.com\/actualidad\/wp-content\/uploads\/2022\/08\/ARTE-EN-LA-CALLE-PALACIO-EZPELETA-F1A5877.webp","articleSection":["Ayto Pamplona"],"inLanguage":"es","potentialAction":[{"@type":"CommentAction","name":"Comment","target":["https:\/\/www.laguiadepamplona.com\/actualidad\/la-programacion-municipal-en-el-palacio-de-ezpeleta-esta-semana-una-comedia-magica-dos-espectaculos-de-titeres-y-un-taller-de-confeccion-de-marionetas\/#respond"]}]},{"@type":"WebPage","@id":"https:\/\/www.laguiadepamplona.com\/actualidad\/la-programacion-municipal-en-el-palacio-de-ezpeleta-esta-semana-una-comedia-magica-dos-espectaculos-de-titeres-y-un-taller-de-confeccion-de-marionetas\/","url":"https:\/\/www.laguiadepamplona.com\/actualidad\/la-programacion-municipal-en-el-palacio-de-ezpeleta-esta-semana-una-comedia-magica-dos-espectaculos-de-titeres-y-un-taller-de-confeccion-de-marionetas\/","name":"La programaci\u00f3n municipal en el palacio de Ezpeleta esta semana: una comedia m\u00e1gica, dos espect\u00e1culos de t\u00edteres y un taller de confecci\u00f3n de marionetas","isPartOf":{"@id":"https:\/\/www.laguiadepamplona.com\/actualidad\/#website"},"primaryImageOfPage":{"@id":"https:\/\/www.laguiadepamplona.com\/actualidad\/la-programacion-municipal-en-el-palacio-de-ezpeleta-esta-semana-una-comedia-magica-dos-espectaculos-de-titeres-y-un-taller-de-confeccion-de-marionetas\/#primaryimage"},"image":{"@id":"https:\/\/www.laguiadepamplona.com\/actualidad\/la-programacion-municipal-en-el-palacio-de-ezpeleta-esta-semana-una-comedia-magica-dos-espectaculos-de-titeres-y-un-taller-de-confeccion-de-marionetas\/#primaryimage"},"thumbnailUrl":"https:\/\/www.laguiadepamplona.com\/actualidad\/wp-content\/uploads\/2022\/08\/ARTE-EN-LA-CALLE-PALACIO-EZPELETA-F1A5877.webp","datePublished":"2022-08-08T14:12:23+00:00","dateModified":"2023-04-11T09:47:55+00:00","description":"Las actividades se desarrollar\u00e1n del martes 9 al jueves 11 de agosto por las tardes, con entrada libre, aunque el taller requiere inscripci\u00f3n previa","breadcrumb":{"@id":"https:\/\/www.laguiadepamplona.com\/actualidad\/la-programacion-municipal-en-el-palacio-de-ezpeleta-esta-semana-una-comedia-magica-dos-espectaculos-de-titeres-y-un-taller-de-confeccion-de-marionetas\/#breadcrumb"},"inLanguage":"es","potentialAction":[{"@type":"ReadAction","target":["https:\/\/www.laguiadepamplona.com\/actualidad\/la-programacion-municipal-en-el-palacio-de-ezpeleta-esta-semana-una-comedia-magica-dos-espectaculos-de-titeres-y-un-taller-de-confeccion-de-marionetas\/"]}]},{"@type":"ImageObject","inLanguage":"es","@id":"https:\/\/www.laguiadepamplona.com\/actualidad\/la-programacion-municipal-en-el-palacio-de-ezpeleta-esta-semana-una-comedia-magica-dos-espectaculos-de-titeres-y-un-taller-de-confeccion-de-marionetas\/#primaryimage","url":"https:\/\/www.laguiadepamplona.com\/actualidad\/wp-content\/uploads\/2022\/08\/ARTE-EN-LA-CALLE-PALACIO-EZPELETA-F1A5877.webp","contentUrl":"https:\/\/www.laguiadepamplona.com\/actualidad\/wp-content\/uploads\/2022\/08\/ARTE-EN-LA-CALLE-PALACIO-EZPELETA-F1A5877.webp","width":1920,"height":1280},{"@type":"BreadcrumbList","@id":"https:\/\/www.laguiadepamplona.com\/actualidad\/la-programacion-municipal-en-el-palacio-de-ezpeleta-esta-semana-una-comedia-magica-dos-espectaculos-de-titeres-y-un-taller-de-confeccion-de-marionetas\/#breadcrumb","itemListElement":[{"@type":"ListItem","position":1,"name":"Portada","item":"https:\/\/www.laguiadepamplona.com\/actualidad\/"},{"@type":"ListItem","position":2,"name":"La programaci\u00f3n municipal en el palacio de Ezpeleta esta semana: una comedia m\u00e1gica, dos espect\u00e1culos de t\u00edteres y un taller de confecci\u00f3n de marionetas"}]},{"@type":"WebSite","@id":"https:\/\/www.laguiadepamplona.com\/actualidad\/#website","url":"https:\/\/www.laguiadepamplona.com\/actualidad\/","name":"La gu\u00eda de Pamplona","description":"Noticias de Pamplona","publisher":{"@id":"https:\/\/www.laguiadepamplona.com\/actualidad\/#organization"},"potentialAction":[{"@type":"SearchAction","target":{"@type":"EntryPoint","urlTemplate":"https:\/\/www.laguiadepamplona.com\/actualidad\/?s={search_term_string}"},"query-input":{"@type":"PropertyValueSpecification","valueRequired":true,"valueName":"search_term_string"}}],"inLanguage":"es"},{"@type":"Organization","@id":"https:\/\/www.laguiadepamplona.com\/actualidad\/#organization","name":"La Gu\u00eda de Pamplona \/ Noticias","url":"https:\/\/www.laguiadepamplona.com\/actualidad\/","logo":{"@type":"ImageObject","inLanguage":"es","@id":"https:\/\/www.laguiadepamplona.com\/actualidad\/#\/schema\/logo\/image\/","url":"https:\/\/www.laguiadepamplona.com\/actualidad\/wp-content\/uploads\/2018\/11\/logo-laguiadepamplona18-web1.png","contentUrl":"https:\/\/www.laguiadepamplona.com\/actualidad\/wp-content\/uploads\/2018\/11\/logo-laguiadepamplona18-web1.png","width":600,"height":196,"caption":"La Gu\u00eda de Pamplona \/ Noticias"},"image":{"@id":"https:\/\/www.laguiadepamplona.com\/actualidad\/#\/schema\/logo\/image\/"},"sameAs":["https:\/\/www.facebook.com\/laguiadepamplonacom-133175176762273\/?ref=hl","https:\/\/x.com\/LaGuiadPamplona","https:\/\/www.instagram.com\/la_guia_de_pamplona\/","https:\/\/www.youtube.com\/user\/laguiadepamplona"]},{"@type":"Person","@id":"https:\/\/www.laguiadepamplona.com\/actualidad\/#\/schema\/person\/efe887376f0213d4657c93adc50b1fdb","name":"La Gu\u00eda de Pamplona","image":{"@type":"ImageObject","inLanguage":"es","@id":"https:\/\/secure.gravatar.com\/avatar\/b6992f131dc8d30ab0dff15446e9d346d9dbd95992de0fef795073f5ea83a81c?s=96&d=mm&r=g","url":"https:\/\/secure.gravatar.com\/avatar\/b6992f131dc8d30ab0dff15446e9d346d9dbd95992de0fef795073f5ea83a81c?s=96&d=mm&r=g","contentUrl":"https:\/\/secure.gravatar.com\/avatar\/b6992f131dc8d30ab0dff15446e9d346d9dbd95992de0fef795073f5ea83a81c?s=96&d=mm&r=g","caption":"La Gu\u00eda de Pamplona"}}]}},"post_mailing_queue_ids":[],"_links":{"self":[{"href":"https:\/\/www.laguiadepamplona.com\/actualidad\/wp-json\/wp\/v2\/posts\/41258","targetHints":{"allow":["GET"]}}],"collection":[{"href":"https:\/\/www.laguiadepamplona.com\/actualidad\/wp-json\/wp\/v2\/posts"}],"about":[{"href":"https:\/\/www.laguiadepamplona.com\/actualidad\/wp-json\/wp\/v2\/types\/post"}],"author":[{"embeddable":true,"href":"https:\/\/www.laguiadepamplona.com\/actualidad\/wp-json\/wp\/v2\/users\/1"}],"replies":[{"embeddable":true,"href":"https:\/\/www.laguiadepamplona.com\/actualidad\/wp-json\/wp\/v2\/comments?post=41258"}],"version-history":[{"count":0,"href":"https:\/\/www.laguiadepamplona.com\/actualidad\/wp-json\/wp\/v2\/posts\/41258\/revisions"}],"wp:featuredmedia":[{"embeddable":true,"href":"https:\/\/www.laguiadepamplona.com\/actualidad\/wp-json\/wp\/v2\/media\/41150"}],"wp:attachment":[{"href":"https:\/\/www.laguiadepamplona.com\/actualidad\/wp-json\/wp\/v2\/media?parent=41258"}],"wp:term":[{"taxonomy":"category","embeddable":true,"href":"https:\/\/www.laguiadepamplona.com\/actualidad\/wp-json\/wp\/v2\/categories?post=41258"},{"taxonomy":"post_tag","embeddable":true,"href":"https:\/\/www.laguiadepamplona.com\/actualidad\/wp-json\/wp\/v2\/tags?post=41258"}],"curies":[{"name":"wp","href":"https:\/\/api.w.org\/{rel}","templated":true}]}}