{"id":41255,"date":"2022-08-08T16:11:13","date_gmt":"2022-08-08T14:11:13","guid":{"rendered":"https:\/\/www.laguiadepamplona.com\/actualidad\/?p=41255"},"modified":"2023-04-11T11:47:55","modified_gmt":"2023-04-11T09:47:55","slug":"la-txalaparta-las-camas-elasticas-y-las-acrobacias-circenses-protagonizan-esta-semana-los-tres-espectaculos-del-ciclo-cinco-puntas-del-festival-de-las-murallas","status":"publish","type":"post","link":"https:\/\/www.laguiadepamplona.com\/actualidad\/la-txalaparta-las-camas-elasticas-y-las-acrobacias-circenses-protagonizan-esta-semana-los-tres-espectaculos-del-ciclo-cinco-puntas-del-festival-de-las-murallas\/","title":{"rendered":"La txalaparta, las camas el\u00e1sticas y las acrobacias circenses protagonizan esta semana los tres espect\u00e1culos del ciclo \u2018Cinco Puntas\u2019 del Festival de las Murallas"},"content":{"rendered":"<h5>La Ciudadela acoger\u00e1 los tres montajes de Hutsun + Ortzi, Planeta Trampol\u00ed y Orain Bi martes, mi\u00e9rcoles y jueves, a partir de las 20 horas<\/h5>\n<p><!--more--><\/p>\n<p>Segunda semana del Festival de las Murallas con tres nuevos espect\u00e1culos en la Ciudadela dentro del ciclo \u2018Cinco puntas\u2019. Las artes circenses volver\u00e1n a ser protagonistas con tres propuestas que las fusionan con la m\u00fasica, con la t\u00e9cnica de la cama el\u00e1stica y con las acrobacias. \u2018Urbasa\u2019 con Hutsun+Ortzi, \u2018Back2 Classic\u2019 de Planeta Trampol\u00ed y \u2018Mute\u2019 de Orain Bi son los montajes y las compa\u00f1\u00edas que se subir\u00e1n al escenario de Ciudadela martes, mi\u00e9rcoles y jueves, respectivamente. Las funciones comenzar\u00e1n a las 20 horas, con entrada libre hasta completar el aforo.<\/p>\n<p>M\u00fasica y circo, txalaparta y artes circenses se funden el martes en \u2018Urbasa\u2019, el montaje que Hutsun+Ortzi presentar\u00e1n en esta Festival de las Murallas. Suena la txalaparta, escuchamos el bosque, las piedras y el riachuelo. La niebla se cierne sobre una monta\u00f1a que respira naturaleza y calma. De pronto un visitante rompe esta atm\u00f3sfera con la fuerza y la tecnolog\u00eda. En el fondo del montaje, la sierra de Urbasa, como representaci\u00f3n de una frontera f\u00edsica y clim\u00e1tica, que desde hace mucho tiempo ha sido punto de uni\u00f3n entre personas y naturaleza. Hutsun+Ortzi se forma en 2019. La compa\u00f1\u00eda nace fruto de la relaci\u00f3n que une en 2015 al grupo Hutsun (Mikel Urrutia y Anai Gambra) y al acr\u00f3bata Ortzi Acosta, dentro del espect\u00e1culo \u2018Lurrak\u2019. La experiencia y la profesionalidad de Acosta unido a la pasi\u00f3n por la txapalarta de Hutsun crean una simbiosis \u00fanica en el mundo del circo.<br \/>\n<script async src=\"\/\/pagead2.googlesyndication.com\/pagead\/js\/adsbygoogle.js\"><\/script><br \/>\n<!-- Noticias La Guia de Pamplona --><br \/>\n<ins class=\"adsbygoogle\"\nstyle=\"display:block\"\ndata-ad-client=\"ca-pub-6943679897239327\"\ndata-ad-slot=\"7048180777\"\ndata-ad-format=\"auto\"><\/ins><br \/>\n<script>\n(adsbygoogle = window.adsbygoogle || []).push({});\n<\/script><\/p>\n<p>La propuesta del mi\u00e9rcoles tiene como elemento protagonista la cama el\u00e1stica. Planeta Trampol\u00ed representar\u00e1 \u2018Back2 Classic\u2019, circo cl\u00e1sico y cultura urbana a trav\u00e9s del baile, la m\u00fasica y el arte del <em>turntablism<\/em> (scratch con vinilos). La cama el\u00e1stica toma vida propia con las acrobacias de su protagonista. Un viaje al pasado lleno de humor, poes\u00eda, ritmo y carambolas. \u00c1ngel de Miguel Garc\u00eda cre\u00f3 Planeta Trampol\u00ed en 2017 con la vocaci\u00f3n de crear un concepto de trabajo y un lenguaje polivalentes en torno a la cama el\u00e1stica. La compa\u00f1\u00eda es un proyecto \u00edntimo, personal e independiente que conjuga el riesgo y la calidad t\u00e9cnica del circo tradicional con la expresividad y el virtuosismo del contempor\u00e1neo.<\/p>\n<p>El jueves Orain Bi presenta \u2018Mute\u2019, montaje que consigui\u00f3 el Premio Umore al mejor espect\u00e1culo del Pa\u00eds Vasco 2022 y que combina circo, humor y momentos po\u00e9ticos. Un reencuentro de dos artistas de circo que retoman su espect\u00e1culo despu\u00e9s de los duros a\u00f1os de la pandemia. La mutaci\u00f3n es una constante para seguir avanzando, para llegar m\u00e1s lejos, m\u00e1s alto, al m\u00e1s dif\u00edcil todav\u00eda. Orain Bi lo forman Sara \u00c1lvarez y Rodrigo Lacasa. Tras varios encuentros y entrenamientos compartidos, en 2019 comenzar\u00e1n a formarse juntos en disciplinas de d\u00fao y a realizar peque\u00f1os espect\u00e1culos y n\u00fameros cortos, especializ\u00e1ndose en disciplinas art\u00edsticas como el mano-mano y la percha.<br \/>\n<script async src=\"\/\/pagead2.googlesyndication.com\/pagead\/js\/adsbygoogle.js\"><\/script><br \/>\n<!-- Noticias La Guia de Pamplona --><br \/>\n<ins class=\"adsbygoogle\"\nstyle=\"display:block\"\ndata-ad-client=\"ca-pub-6943679897239327\"\ndata-ad-slot=\"7048180777\"\ndata-ad-format=\"auto\"><\/ins><br \/>\n<script>\n(adsbygoogle = window.adsbygoogle || []).push({});\n<\/script><\/p>\n<p>&nbsp;<\/p>\n<h3>Festival de las murallas 2022. Cinco Puntas. 9, 10 y 11 de agosto<\/h3>\n<ul>\n<li><strong>Martes 9 de agosto. 20 horas. Ciudadela<\/strong>\n<ul>\n<li><strong>\u2018Urbasa\u2019. Hutsun+Ortzi.<\/strong> (M\u00fasica, circo)<\/li>\n<\/ul>\n<\/li>\n<li><strong>Mi\u00e9rcoles 10 de agosto. 20 horas. Ciudadela<\/strong>\n<ul>\n<li><strong>\u2018Back2 classic\u2019. Planeta Trampol\u00ed.<\/strong> (Danza, circo, m\u00fasica)<\/li>\n<\/ul>\n<\/li>\n<li><strong>Jueves 11 de agosto. 20 horas. Ciudadela<\/strong>\n<ul>\n<li><strong>\u2018Mute\u2019. Orain Bi.<\/strong> (Circo)<\/li>\n<\/ul>\n<\/li>\n<\/ul>\n","protected":false},"excerpt":{"rendered":"<p>La Ciudadela acoger\u00e1 los tres montajes de Hutsun + Ortzi, Planeta Trampol\u00ed y Orain Bi martes, mi\u00e9rcoles y jueves, a partir de las 20 horas<\/p>\n","protected":false},"author":1,"featured_media":41256,"comment_status":"open","ping_status":"closed","sticky":false,"template":"","format":"standard","meta":{"footnotes":""},"categories":[2],"tags":[],"class_list":["post-41255","post","type-post","status-publish","format-standard","has-post-thumbnail","hentry","category-ayuntamiento-pamplona"],"yoast_head":"<!-- This site is optimized with the Yoast SEO plugin v27.3 - https:\/\/yoast.com\/product\/yoast-seo-wordpress\/ -->\n<title>La txalaparta, las camas el\u00e1sticas y las acrobacias circenses protagonizan esta semana los tres espect\u00e1culos del ciclo \u2018Cinco Puntas\u2019 del Festival de las Murallas<\/title>\n<meta name=\"description\" content=\"La Ciudadela acoger\u00e1 los tres montajes de Hutsun + Ortzi, Planeta Trampol\u00ed y Orain Bi martes, mi\u00e9rcoles y jueves, a partir de las 20 horas\" \/>\n<meta name=\"robots\" content=\"index, follow, max-snippet:-1, max-image-preview:large, max-video-preview:-1\" \/>\n<link rel=\"canonical\" href=\"https:\/\/www.laguiadepamplona.com\/actualidad\/la-txalaparta-las-camas-elasticas-y-las-acrobacias-circenses-protagonizan-esta-semana-los-tres-espectaculos-del-ciclo-cinco-puntas-del-festival-de-las-murallas\/\" \/>\n<meta property=\"og:locale\" content=\"es_ES\" \/>\n<meta property=\"og:type\" content=\"article\" \/>\n<meta property=\"og:title\" content=\"La txalaparta, las camas el\u00e1sticas y las acrobacias circenses protagonizan esta semana los tres espect\u00e1culos del ciclo \u2018Cinco Puntas\u2019 del Festival de las Murallas\" \/>\n<meta property=\"og:description\" content=\"La Ciudadela acoger\u00e1 los tres montajes de Hutsun + Ortzi, Planeta Trampol\u00ed y Orain Bi martes, mi\u00e9rcoles y jueves, a partir de las 20 horas\" \/>\n<meta property=\"og:url\" content=\"https:\/\/www.laguiadepamplona.com\/actualidad\/la-txalaparta-las-camas-elasticas-y-las-acrobacias-circenses-protagonizan-esta-semana-los-tres-espectaculos-del-ciclo-cinco-puntas-del-festival-de-las-murallas\/\" \/>\n<meta property=\"og:site_name\" content=\"La Gu\u00eda de Pamplona\" \/>\n<meta property=\"article:publisher\" content=\"https:\/\/www.facebook.com\/laguiadepamplonacom-133175176762273\/?ref=hl\" \/>\n<meta property=\"article:published_time\" content=\"2022-08-08T14:11:13+00:00\" \/>\n<meta property=\"article:modified_time\" content=\"2023-04-11T09:47:55+00:00\" \/>\n<meta property=\"og:image\" content=\"https:\/\/www.laguiadepamplona.com\/actualidad\/wp-content\/uploads\/2022\/08\/urbasa1-x_0.webp\" \/>\n\t<meta property=\"og:image:width\" content=\"1920\" \/>\n\t<meta property=\"og:image:height\" content=\"1372\" \/>\n\t<meta property=\"og:image:type\" content=\"image\/webp\" \/>\n<meta name=\"author\" content=\"La Gu\u00eda de Pamplona\" \/>\n<meta name=\"twitter:card\" content=\"summary_large_image\" \/>\n<meta name=\"twitter:creator\" content=\"@LaGuiadPamplona\" \/>\n<meta name=\"twitter:site\" content=\"@LaGuiadPamplona\" \/>\n<meta name=\"twitter:label1\" content=\"Escrito por\" \/>\n\t<meta name=\"twitter:data1\" content=\"La Gu\u00eda de Pamplona\" \/>\n\t<meta name=\"twitter:label2\" content=\"Tiempo de lectura\" \/>\n\t<meta name=\"twitter:data2\" content=\"3 minutos\" \/>\n<script type=\"application\/ld+json\" class=\"yoast-schema-graph\">{\"@context\":\"https:\\\/\\\/schema.org\",\"@graph\":[{\"@type\":\"Article\",\"@id\":\"https:\\\/\\\/www.laguiadepamplona.com\\\/actualidad\\\/la-txalaparta-las-camas-elasticas-y-las-acrobacias-circenses-protagonizan-esta-semana-los-tres-espectaculos-del-ciclo-cinco-puntas-del-festival-de-las-murallas\\\/#article\",\"isPartOf\":{\"@id\":\"https:\\\/\\\/www.laguiadepamplona.com\\\/actualidad\\\/la-txalaparta-las-camas-elasticas-y-las-acrobacias-circenses-protagonizan-esta-semana-los-tres-espectaculos-del-ciclo-cinco-puntas-del-festival-de-las-murallas\\\/\"},\"author\":{\"name\":\"La Gu\u00eda de Pamplona\",\"@id\":\"https:\\\/\\\/www.laguiadepamplona.com\\\/actualidad\\\/#\\\/schema\\\/person\\\/efe887376f0213d4657c93adc50b1fdb\"},\"headline\":\"La txalaparta, las camas el\u00e1sticas y las acrobacias circenses protagonizan esta semana los tres espect\u00e1culos del ciclo \u2018Cinco Puntas\u2019 del Festival de las Murallas\",\"datePublished\":\"2022-08-08T14:11:13+00:00\",\"dateModified\":\"2023-04-11T09:47:55+00:00\",\"mainEntityOfPage\":{\"@id\":\"https:\\\/\\\/www.laguiadepamplona.com\\\/actualidad\\\/la-txalaparta-las-camas-elasticas-y-las-acrobacias-circenses-protagonizan-esta-semana-los-tres-espectaculos-del-ciclo-cinco-puntas-del-festival-de-las-murallas\\\/\"},\"wordCount\":607,\"commentCount\":0,\"publisher\":{\"@id\":\"https:\\\/\\\/www.laguiadepamplona.com\\\/actualidad\\\/#organization\"},\"image\":{\"@id\":\"https:\\\/\\\/www.laguiadepamplona.com\\\/actualidad\\\/la-txalaparta-las-camas-elasticas-y-las-acrobacias-circenses-protagonizan-esta-semana-los-tres-espectaculos-del-ciclo-cinco-puntas-del-festival-de-las-murallas\\\/#primaryimage\"},\"thumbnailUrl\":\"https:\\\/\\\/www.laguiadepamplona.com\\\/actualidad\\\/wp-content\\\/uploads\\\/2022\\\/08\\\/urbasa1-x_0.webp\",\"articleSection\":[\"Ayto Pamplona\"],\"inLanguage\":\"es\",\"potentialAction\":[{\"@type\":\"CommentAction\",\"name\":\"Comment\",\"target\":[\"https:\\\/\\\/www.laguiadepamplona.com\\\/actualidad\\\/la-txalaparta-las-camas-elasticas-y-las-acrobacias-circenses-protagonizan-esta-semana-los-tres-espectaculos-del-ciclo-cinco-puntas-del-festival-de-las-murallas\\\/#respond\"]}]},{\"@type\":\"WebPage\",\"@id\":\"https:\\\/\\\/www.laguiadepamplona.com\\\/actualidad\\\/la-txalaparta-las-camas-elasticas-y-las-acrobacias-circenses-protagonizan-esta-semana-los-tres-espectaculos-del-ciclo-cinco-puntas-del-festival-de-las-murallas\\\/\",\"url\":\"https:\\\/\\\/www.laguiadepamplona.com\\\/actualidad\\\/la-txalaparta-las-camas-elasticas-y-las-acrobacias-circenses-protagonizan-esta-semana-los-tres-espectaculos-del-ciclo-cinco-puntas-del-festival-de-las-murallas\\\/\",\"name\":\"La txalaparta, las camas el\u00e1sticas y las acrobacias circenses protagonizan esta semana los tres espect\u00e1culos del ciclo \u2018Cinco Puntas\u2019 del Festival de las Murallas\",\"isPartOf\":{\"@id\":\"https:\\\/\\\/www.laguiadepamplona.com\\\/actualidad\\\/#website\"},\"primaryImageOfPage\":{\"@id\":\"https:\\\/\\\/www.laguiadepamplona.com\\\/actualidad\\\/la-txalaparta-las-camas-elasticas-y-las-acrobacias-circenses-protagonizan-esta-semana-los-tres-espectaculos-del-ciclo-cinco-puntas-del-festival-de-las-murallas\\\/#primaryimage\"},\"image\":{\"@id\":\"https:\\\/\\\/www.laguiadepamplona.com\\\/actualidad\\\/la-txalaparta-las-camas-elasticas-y-las-acrobacias-circenses-protagonizan-esta-semana-los-tres-espectaculos-del-ciclo-cinco-puntas-del-festival-de-las-murallas\\\/#primaryimage\"},\"thumbnailUrl\":\"https:\\\/\\\/www.laguiadepamplona.com\\\/actualidad\\\/wp-content\\\/uploads\\\/2022\\\/08\\\/urbasa1-x_0.webp\",\"datePublished\":\"2022-08-08T14:11:13+00:00\",\"dateModified\":\"2023-04-11T09:47:55+00:00\",\"description\":\"La Ciudadela acoger\u00e1 los tres montajes de Hutsun + Ortzi, Planeta Trampol\u00ed y Orain Bi martes, mi\u00e9rcoles y jueves, a partir de las 20 horas\",\"breadcrumb\":{\"@id\":\"https:\\\/\\\/www.laguiadepamplona.com\\\/actualidad\\\/la-txalaparta-las-camas-elasticas-y-las-acrobacias-circenses-protagonizan-esta-semana-los-tres-espectaculos-del-ciclo-cinco-puntas-del-festival-de-las-murallas\\\/#breadcrumb\"},\"inLanguage\":\"es\",\"potentialAction\":[{\"@type\":\"ReadAction\",\"target\":[\"https:\\\/\\\/www.laguiadepamplona.com\\\/actualidad\\\/la-txalaparta-las-camas-elasticas-y-las-acrobacias-circenses-protagonizan-esta-semana-los-tres-espectaculos-del-ciclo-cinco-puntas-del-festival-de-las-murallas\\\/\"]}]},{\"@type\":\"ImageObject\",\"inLanguage\":\"es\",\"@id\":\"https:\\\/\\\/www.laguiadepamplona.com\\\/actualidad\\\/la-txalaparta-las-camas-elasticas-y-las-acrobacias-circenses-protagonizan-esta-semana-los-tres-espectaculos-del-ciclo-cinco-puntas-del-festival-de-las-murallas\\\/#primaryimage\",\"url\":\"https:\\\/\\\/www.laguiadepamplona.com\\\/actualidad\\\/wp-content\\\/uploads\\\/2022\\\/08\\\/urbasa1-x_0.webp\",\"contentUrl\":\"https:\\\/\\\/www.laguiadepamplona.com\\\/actualidad\\\/wp-content\\\/uploads\\\/2022\\\/08\\\/urbasa1-x_0.webp\",\"width\":1920,\"height\":1372},{\"@type\":\"BreadcrumbList\",\"@id\":\"https:\\\/\\\/www.laguiadepamplona.com\\\/actualidad\\\/la-txalaparta-las-camas-elasticas-y-las-acrobacias-circenses-protagonizan-esta-semana-los-tres-espectaculos-del-ciclo-cinco-puntas-del-festival-de-las-murallas\\\/#breadcrumb\",\"itemListElement\":[{\"@type\":\"ListItem\",\"position\":1,\"name\":\"Portada\",\"item\":\"https:\\\/\\\/www.laguiadepamplona.com\\\/actualidad\\\/\"},{\"@type\":\"ListItem\",\"position\":2,\"name\":\"La txalaparta, las camas el\u00e1sticas y las acrobacias circenses protagonizan esta semana los tres espect\u00e1culos del ciclo \u2018Cinco Puntas\u2019 del Festival de las Murallas\"}]},{\"@type\":\"WebSite\",\"@id\":\"https:\\\/\\\/www.laguiadepamplona.com\\\/actualidad\\\/#website\",\"url\":\"https:\\\/\\\/www.laguiadepamplona.com\\\/actualidad\\\/\",\"name\":\"La gu\u00eda de Pamplona\",\"description\":\"Noticias de Pamplona\",\"publisher\":{\"@id\":\"https:\\\/\\\/www.laguiadepamplona.com\\\/actualidad\\\/#organization\"},\"potentialAction\":[{\"@type\":\"SearchAction\",\"target\":{\"@type\":\"EntryPoint\",\"urlTemplate\":\"https:\\\/\\\/www.laguiadepamplona.com\\\/actualidad\\\/?s={search_term_string}\"},\"query-input\":{\"@type\":\"PropertyValueSpecification\",\"valueRequired\":true,\"valueName\":\"search_term_string\"}}],\"inLanguage\":\"es\"},{\"@type\":\"Organization\",\"@id\":\"https:\\\/\\\/www.laguiadepamplona.com\\\/actualidad\\\/#organization\",\"name\":\"La Gu\u00eda de Pamplona \\\/ Noticias\",\"url\":\"https:\\\/\\\/www.laguiadepamplona.com\\\/actualidad\\\/\",\"logo\":{\"@type\":\"ImageObject\",\"inLanguage\":\"es\",\"@id\":\"https:\\\/\\\/www.laguiadepamplona.com\\\/actualidad\\\/#\\\/schema\\\/logo\\\/image\\\/\",\"url\":\"https:\\\/\\\/www.laguiadepamplona.com\\\/actualidad\\\/wp-content\\\/uploads\\\/2018\\\/11\\\/logo-laguiadepamplona18-web1.png\",\"contentUrl\":\"https:\\\/\\\/www.laguiadepamplona.com\\\/actualidad\\\/wp-content\\\/uploads\\\/2018\\\/11\\\/logo-laguiadepamplona18-web1.png\",\"width\":600,\"height\":196,\"caption\":\"La Gu\u00eda de Pamplona \\\/ Noticias\"},\"image\":{\"@id\":\"https:\\\/\\\/www.laguiadepamplona.com\\\/actualidad\\\/#\\\/schema\\\/logo\\\/image\\\/\"},\"sameAs\":[\"https:\\\/\\\/www.facebook.com\\\/laguiadepamplonacom-133175176762273\\\/?ref=hl\",\"https:\\\/\\\/x.com\\\/LaGuiadPamplona\",\"https:\\\/\\\/www.instagram.com\\\/la_guia_de_pamplona\\\/\",\"https:\\\/\\\/www.youtube.com\\\/user\\\/laguiadepamplona\"]},{\"@type\":\"Person\",\"@id\":\"https:\\\/\\\/www.laguiadepamplona.com\\\/actualidad\\\/#\\\/schema\\\/person\\\/efe887376f0213d4657c93adc50b1fdb\",\"name\":\"La Gu\u00eda de Pamplona\",\"image\":{\"@type\":\"ImageObject\",\"inLanguage\":\"es\",\"@id\":\"https:\\\/\\\/secure.gravatar.com\\\/avatar\\\/b6992f131dc8d30ab0dff15446e9d346d9dbd95992de0fef795073f5ea83a81c?s=96&d=mm&r=g\",\"url\":\"https:\\\/\\\/secure.gravatar.com\\\/avatar\\\/b6992f131dc8d30ab0dff15446e9d346d9dbd95992de0fef795073f5ea83a81c?s=96&d=mm&r=g\",\"contentUrl\":\"https:\\\/\\\/secure.gravatar.com\\\/avatar\\\/b6992f131dc8d30ab0dff15446e9d346d9dbd95992de0fef795073f5ea83a81c?s=96&d=mm&r=g\",\"caption\":\"La Gu\u00eda de Pamplona\"}}]}<\/script>\n<!-- \/ Yoast SEO plugin. -->","yoast_head_json":{"title":"La txalaparta, las camas el\u00e1sticas y las acrobacias circenses protagonizan esta semana los tres espect\u00e1culos del ciclo \u2018Cinco Puntas\u2019 del Festival de las Murallas","description":"La Ciudadela acoger\u00e1 los tres montajes de Hutsun + Ortzi, Planeta Trampol\u00ed y Orain Bi martes, mi\u00e9rcoles y jueves, a partir de las 20 horas","robots":{"index":"index","follow":"follow","max-snippet":"max-snippet:-1","max-image-preview":"max-image-preview:large","max-video-preview":"max-video-preview:-1"},"canonical":"https:\/\/www.laguiadepamplona.com\/actualidad\/la-txalaparta-las-camas-elasticas-y-las-acrobacias-circenses-protagonizan-esta-semana-los-tres-espectaculos-del-ciclo-cinco-puntas-del-festival-de-las-murallas\/","og_locale":"es_ES","og_type":"article","og_title":"La txalaparta, las camas el\u00e1sticas y las acrobacias circenses protagonizan esta semana los tres espect\u00e1culos del ciclo \u2018Cinco Puntas\u2019 del Festival de las Murallas","og_description":"La Ciudadela acoger\u00e1 los tres montajes de Hutsun + Ortzi, Planeta Trampol\u00ed y Orain Bi martes, mi\u00e9rcoles y jueves, a partir de las 20 horas","og_url":"https:\/\/www.laguiadepamplona.com\/actualidad\/la-txalaparta-las-camas-elasticas-y-las-acrobacias-circenses-protagonizan-esta-semana-los-tres-espectaculos-del-ciclo-cinco-puntas-del-festival-de-las-murallas\/","og_site_name":"La Gu\u00eda de Pamplona","article_publisher":"https:\/\/www.facebook.com\/laguiadepamplonacom-133175176762273\/?ref=hl","article_published_time":"2022-08-08T14:11:13+00:00","article_modified_time":"2023-04-11T09:47:55+00:00","og_image":[{"width":1920,"height":1372,"url":"https:\/\/www.laguiadepamplona.com\/actualidad\/wp-content\/uploads\/2022\/08\/urbasa1-x_0.webp","type":"image\/webp"}],"author":"La Gu\u00eda de Pamplona","twitter_card":"summary_large_image","twitter_creator":"@LaGuiadPamplona","twitter_site":"@LaGuiadPamplona","twitter_misc":{"Escrito por":"La Gu\u00eda de Pamplona","Tiempo de lectura":"3 minutos"},"schema":{"@context":"https:\/\/schema.org","@graph":[{"@type":"Article","@id":"https:\/\/www.laguiadepamplona.com\/actualidad\/la-txalaparta-las-camas-elasticas-y-las-acrobacias-circenses-protagonizan-esta-semana-los-tres-espectaculos-del-ciclo-cinco-puntas-del-festival-de-las-murallas\/#article","isPartOf":{"@id":"https:\/\/www.laguiadepamplona.com\/actualidad\/la-txalaparta-las-camas-elasticas-y-las-acrobacias-circenses-protagonizan-esta-semana-los-tres-espectaculos-del-ciclo-cinco-puntas-del-festival-de-las-murallas\/"},"author":{"name":"La Gu\u00eda de Pamplona","@id":"https:\/\/www.laguiadepamplona.com\/actualidad\/#\/schema\/person\/efe887376f0213d4657c93adc50b1fdb"},"headline":"La txalaparta, las camas el\u00e1sticas y las acrobacias circenses protagonizan esta semana los tres espect\u00e1culos del ciclo \u2018Cinco Puntas\u2019 del Festival de las Murallas","datePublished":"2022-08-08T14:11:13+00:00","dateModified":"2023-04-11T09:47:55+00:00","mainEntityOfPage":{"@id":"https:\/\/www.laguiadepamplona.com\/actualidad\/la-txalaparta-las-camas-elasticas-y-las-acrobacias-circenses-protagonizan-esta-semana-los-tres-espectaculos-del-ciclo-cinco-puntas-del-festival-de-las-murallas\/"},"wordCount":607,"commentCount":0,"publisher":{"@id":"https:\/\/www.laguiadepamplona.com\/actualidad\/#organization"},"image":{"@id":"https:\/\/www.laguiadepamplona.com\/actualidad\/la-txalaparta-las-camas-elasticas-y-las-acrobacias-circenses-protagonizan-esta-semana-los-tres-espectaculos-del-ciclo-cinco-puntas-del-festival-de-las-murallas\/#primaryimage"},"thumbnailUrl":"https:\/\/www.laguiadepamplona.com\/actualidad\/wp-content\/uploads\/2022\/08\/urbasa1-x_0.webp","articleSection":["Ayto Pamplona"],"inLanguage":"es","potentialAction":[{"@type":"CommentAction","name":"Comment","target":["https:\/\/www.laguiadepamplona.com\/actualidad\/la-txalaparta-las-camas-elasticas-y-las-acrobacias-circenses-protagonizan-esta-semana-los-tres-espectaculos-del-ciclo-cinco-puntas-del-festival-de-las-murallas\/#respond"]}]},{"@type":"WebPage","@id":"https:\/\/www.laguiadepamplona.com\/actualidad\/la-txalaparta-las-camas-elasticas-y-las-acrobacias-circenses-protagonizan-esta-semana-los-tres-espectaculos-del-ciclo-cinco-puntas-del-festival-de-las-murallas\/","url":"https:\/\/www.laguiadepamplona.com\/actualidad\/la-txalaparta-las-camas-elasticas-y-las-acrobacias-circenses-protagonizan-esta-semana-los-tres-espectaculos-del-ciclo-cinco-puntas-del-festival-de-las-murallas\/","name":"La txalaparta, las camas el\u00e1sticas y las acrobacias circenses protagonizan esta semana los tres espect\u00e1culos del ciclo \u2018Cinco Puntas\u2019 del Festival de las Murallas","isPartOf":{"@id":"https:\/\/www.laguiadepamplona.com\/actualidad\/#website"},"primaryImageOfPage":{"@id":"https:\/\/www.laguiadepamplona.com\/actualidad\/la-txalaparta-las-camas-elasticas-y-las-acrobacias-circenses-protagonizan-esta-semana-los-tres-espectaculos-del-ciclo-cinco-puntas-del-festival-de-las-murallas\/#primaryimage"},"image":{"@id":"https:\/\/www.laguiadepamplona.com\/actualidad\/la-txalaparta-las-camas-elasticas-y-las-acrobacias-circenses-protagonizan-esta-semana-los-tres-espectaculos-del-ciclo-cinco-puntas-del-festival-de-las-murallas\/#primaryimage"},"thumbnailUrl":"https:\/\/www.laguiadepamplona.com\/actualidad\/wp-content\/uploads\/2022\/08\/urbasa1-x_0.webp","datePublished":"2022-08-08T14:11:13+00:00","dateModified":"2023-04-11T09:47:55+00:00","description":"La Ciudadela acoger\u00e1 los tres montajes de Hutsun + Ortzi, Planeta Trampol\u00ed y Orain Bi martes, mi\u00e9rcoles y jueves, a partir de las 20 horas","breadcrumb":{"@id":"https:\/\/www.laguiadepamplona.com\/actualidad\/la-txalaparta-las-camas-elasticas-y-las-acrobacias-circenses-protagonizan-esta-semana-los-tres-espectaculos-del-ciclo-cinco-puntas-del-festival-de-las-murallas\/#breadcrumb"},"inLanguage":"es","potentialAction":[{"@type":"ReadAction","target":["https:\/\/www.laguiadepamplona.com\/actualidad\/la-txalaparta-las-camas-elasticas-y-las-acrobacias-circenses-protagonizan-esta-semana-los-tres-espectaculos-del-ciclo-cinco-puntas-del-festival-de-las-murallas\/"]}]},{"@type":"ImageObject","inLanguage":"es","@id":"https:\/\/www.laguiadepamplona.com\/actualidad\/la-txalaparta-las-camas-elasticas-y-las-acrobacias-circenses-protagonizan-esta-semana-los-tres-espectaculos-del-ciclo-cinco-puntas-del-festival-de-las-murallas\/#primaryimage","url":"https:\/\/www.laguiadepamplona.com\/actualidad\/wp-content\/uploads\/2022\/08\/urbasa1-x_0.webp","contentUrl":"https:\/\/www.laguiadepamplona.com\/actualidad\/wp-content\/uploads\/2022\/08\/urbasa1-x_0.webp","width":1920,"height":1372},{"@type":"BreadcrumbList","@id":"https:\/\/www.laguiadepamplona.com\/actualidad\/la-txalaparta-las-camas-elasticas-y-las-acrobacias-circenses-protagonizan-esta-semana-los-tres-espectaculos-del-ciclo-cinco-puntas-del-festival-de-las-murallas\/#breadcrumb","itemListElement":[{"@type":"ListItem","position":1,"name":"Portada","item":"https:\/\/www.laguiadepamplona.com\/actualidad\/"},{"@type":"ListItem","position":2,"name":"La txalaparta, las camas el\u00e1sticas y las acrobacias circenses protagonizan esta semana los tres espect\u00e1culos del ciclo \u2018Cinco Puntas\u2019 del Festival de las Murallas"}]},{"@type":"WebSite","@id":"https:\/\/www.laguiadepamplona.com\/actualidad\/#website","url":"https:\/\/www.laguiadepamplona.com\/actualidad\/","name":"La gu\u00eda de Pamplona","description":"Noticias de Pamplona","publisher":{"@id":"https:\/\/www.laguiadepamplona.com\/actualidad\/#organization"},"potentialAction":[{"@type":"SearchAction","target":{"@type":"EntryPoint","urlTemplate":"https:\/\/www.laguiadepamplona.com\/actualidad\/?s={search_term_string}"},"query-input":{"@type":"PropertyValueSpecification","valueRequired":true,"valueName":"search_term_string"}}],"inLanguage":"es"},{"@type":"Organization","@id":"https:\/\/www.laguiadepamplona.com\/actualidad\/#organization","name":"La Gu\u00eda de Pamplona \/ Noticias","url":"https:\/\/www.laguiadepamplona.com\/actualidad\/","logo":{"@type":"ImageObject","inLanguage":"es","@id":"https:\/\/www.laguiadepamplona.com\/actualidad\/#\/schema\/logo\/image\/","url":"https:\/\/www.laguiadepamplona.com\/actualidad\/wp-content\/uploads\/2018\/11\/logo-laguiadepamplona18-web1.png","contentUrl":"https:\/\/www.laguiadepamplona.com\/actualidad\/wp-content\/uploads\/2018\/11\/logo-laguiadepamplona18-web1.png","width":600,"height":196,"caption":"La Gu\u00eda de Pamplona \/ Noticias"},"image":{"@id":"https:\/\/www.laguiadepamplona.com\/actualidad\/#\/schema\/logo\/image\/"},"sameAs":["https:\/\/www.facebook.com\/laguiadepamplonacom-133175176762273\/?ref=hl","https:\/\/x.com\/LaGuiadPamplona","https:\/\/www.instagram.com\/la_guia_de_pamplona\/","https:\/\/www.youtube.com\/user\/laguiadepamplona"]},{"@type":"Person","@id":"https:\/\/www.laguiadepamplona.com\/actualidad\/#\/schema\/person\/efe887376f0213d4657c93adc50b1fdb","name":"La Gu\u00eda de Pamplona","image":{"@type":"ImageObject","inLanguage":"es","@id":"https:\/\/secure.gravatar.com\/avatar\/b6992f131dc8d30ab0dff15446e9d346d9dbd95992de0fef795073f5ea83a81c?s=96&d=mm&r=g","url":"https:\/\/secure.gravatar.com\/avatar\/b6992f131dc8d30ab0dff15446e9d346d9dbd95992de0fef795073f5ea83a81c?s=96&d=mm&r=g","contentUrl":"https:\/\/secure.gravatar.com\/avatar\/b6992f131dc8d30ab0dff15446e9d346d9dbd95992de0fef795073f5ea83a81c?s=96&d=mm&r=g","caption":"La Gu\u00eda de Pamplona"}}]}},"post_mailing_queue_ids":[],"_links":{"self":[{"href":"https:\/\/www.laguiadepamplona.com\/actualidad\/wp-json\/wp\/v2\/posts\/41255","targetHints":{"allow":["GET"]}}],"collection":[{"href":"https:\/\/www.laguiadepamplona.com\/actualidad\/wp-json\/wp\/v2\/posts"}],"about":[{"href":"https:\/\/www.laguiadepamplona.com\/actualidad\/wp-json\/wp\/v2\/types\/post"}],"author":[{"embeddable":true,"href":"https:\/\/www.laguiadepamplona.com\/actualidad\/wp-json\/wp\/v2\/users\/1"}],"replies":[{"embeddable":true,"href":"https:\/\/www.laguiadepamplona.com\/actualidad\/wp-json\/wp\/v2\/comments?post=41255"}],"version-history":[{"count":0,"href":"https:\/\/www.laguiadepamplona.com\/actualidad\/wp-json\/wp\/v2\/posts\/41255\/revisions"}],"wp:featuredmedia":[{"embeddable":true,"href":"https:\/\/www.laguiadepamplona.com\/actualidad\/wp-json\/wp\/v2\/media\/41256"}],"wp:attachment":[{"href":"https:\/\/www.laguiadepamplona.com\/actualidad\/wp-json\/wp\/v2\/media?parent=41255"}],"wp:term":[{"taxonomy":"category","embeddable":true,"href":"https:\/\/www.laguiadepamplona.com\/actualidad\/wp-json\/wp\/v2\/categories?post=41255"},{"taxonomy":"post_tag","embeddable":true,"href":"https:\/\/www.laguiadepamplona.com\/actualidad\/wp-json\/wp\/v2\/tags?post=41255"}],"curies":[{"name":"wp","href":"https:\/\/api.w.org\/{rel}","templated":true}]}}