{"id":41249,"date":"2022-08-08T16:06:49","date_gmt":"2022-08-08T14:06:49","guid":{"rendered":"https:\/\/www.laguiadepamplona.com\/actualidad\/?p=41249"},"modified":"2023-04-11T11:47:55","modified_gmt":"2023-04-11T09:47:55","slug":"adjudicado-el-contrato-para-la-organizacion-y-desarrollo-del-programa-educativo-municipal-conozcamos-pamplona-dirigido-a-escolares-de-primaria-de-la-ciudad","status":"publish","type":"post","link":"https:\/\/www.laguiadepamplona.com\/actualidad\/adjudicado-el-contrato-para-la-organizacion-y-desarrollo-del-programa-educativo-municipal-conozcamos-pamplona-dirigido-a-escolares-de-primaria-de-la-ciudad\/","title":{"rendered":"Adjudicado el contrato para la organizaci\u00f3n y desarrollo del programa educativo municipal \u2018Conozcamos Pamplona\u2019, dirigido a escolares de Primaria de la ciudad"},"content":{"rendered":"<h5>El programa busca dar a conocer la historia y el patrimonio de Pamplona y cuenta con un presupuesto de 32.690,05 euros<\/h5>\n<p><!--more--><\/p>\n<p>La Junta de Gobierno Local del Ayuntamiento ha aprobado la adjudicaci\u00f3n del contrato para la organizaci\u00f3n y desarrollo del programa educativo municipal \u2018Conozcamos Pamplona\u2019, que se oferta a todos los colegios de Educaci\u00f3n Infantil y Primaria de la ciudad, principalmente, para alumnado de 5\u00ba curso, aunque se abre tambi\u00e9n a otros niveles. Este programa trata de facilitar el conocimiento de la ciudad y su historia, a trav\u00e9s de diferentes materiales did\u00e1cticos y visitas guiadas al Casco Antiguo.<br \/>\n<script async src=\"\/\/pagead2.googlesyndication.com\/pagead\/js\/adsbygoogle.js\"><\/script><br \/>\n<!-- Noticias La Guia de Pamplona --><br \/>\n<ins class=\"adsbygoogle\"\nstyle=\"display:block\"\ndata-ad-client=\"ca-pub-6943679897239327\"\ndata-ad-slot=\"7048180777\"\ndata-ad-format=\"auto\"><\/ins><br \/>\n<script>\n(adsbygoogle = window.adsbygoogle || []).push({});\n<\/script><\/p>\n<p>El programa contribuye al desarrollo de los contenidos que se establecen como obligatorios en el Decreto Foral del Curr\u00edculum de Educaci\u00f3n Primaria 174\/2014, de 5 de septiembre. Sus objetivos pasan por facilitar el conocimiento de la historia y la evoluci\u00f3n de Pamplona; reconocer el patrimonio hist\u00f3rico \u2013 art\u00edstico de la ciudad; identificar tradiciones, costumbres, caracter\u00edsticas, or\u00edgenes, significado y necesidad de conservaci\u00f3n; y visibilizar la huella femenina en los espacios de la ciudad y mujeres significativas de su historia. Adem\u00e1s de a alumnado de 5\u00ba de Primaria, \u2018Conozcamos Pamplona\u2019 se oferta a centros de otros niveles educativos y de fuera de la ciudad.<\/p>\n<p>La adjudicaci\u00f3n del contrato se ha realizado a la empresa Ouiplay SL por un importe de 32.690,05 euros, un 18,5% por debajo del precio de licitaci\u00f3n, que fue de 40.105 euros. El contrato cuenta con la opci\u00f3n de cuatro pr\u00f3rrogas anuales m\u00e1s, hasta el curso 2026 \u2013 2027, finalizando en ese caso el 30 de junio de 2027. El material did\u00e1ctico \u2018Descubre Pamplona\u2019, editado por el propio Ayuntamiento, se pondr\u00e1 a disposici\u00f3n de la empresa adjudicataria para llevar a cabo el programa.<br \/>\n<script async src=\"\/\/pagead2.googlesyndication.com\/pagead\/js\/adsbygoogle.js\"><\/script><br \/>\n<!-- Noticias La Guia de Pamplona --><br \/>\n<ins class=\"adsbygoogle\"\nstyle=\"display:block\"\ndata-ad-client=\"ca-pub-6943679897239327\"\ndata-ad-slot=\"7048180777\"\ndata-ad-format=\"auto\"><\/ins><br \/>\n<script>\n(adsbygoogle = window.adsbygoogle || []).push({});\n<\/script><\/p>\n<p>Ese material lo conforman un libro base, un \u00e1lbum, cromos y el contenido de trabajo de la p\u00e1gina web habilitada para \u2018Conozcamos Pamplona\u2019, con el que se prepara la visita a pie por el Casco Antiguo, que realiza el alumnado inscrito. La unidad did\u00e1ctica est\u00e1 confeccionada a modo de juego en el que se deben recopilar, analizar y organizar datos hist\u00f3ricos sobre Pamplona para crear una l\u00ednea de tiempo. Durante el primer trimestre del curso 2022 \u2013 2023 se prev\u00e9 para alumnado de 5\u00ba de Primaria un m\u00e1ximo de 23 visitas guiadas, mientras que en el segundo y el tercer trimestre se incrementar\u00e1n hasta las 77 salidas. Para el resto de niveles educativos se establece un m\u00e1ximo de 120 visitas. Las visitas las puede solicitar cada centro escolar en castellano, euskera, franc\u00e9s o ingl\u00e9s.<\/p>\n","protected":false},"excerpt":{"rendered":"<p>El programa busca dar a conocer la historia y el patrimonio de Pamplona y cuenta con un presupuesto de 32.690,05 euros<\/p>\n","protected":false},"author":1,"featured_media":41250,"comment_status":"open","ping_status":"closed","sticky":false,"template":"","format":"standard","meta":{"footnotes":""},"categories":[2],"tags":[],"class_list":["post-41249","post","type-post","status-publish","format-standard","has-post-thumbnail","hentry","category-ayuntamiento-pamplona"],"yoast_head":"<!-- This site is optimized with the Yoast SEO plugin v27.3 - https:\/\/yoast.com\/product\/yoast-seo-wordpress\/ -->\n<title>Adjudicado el contrato para la organizaci\u00f3n y desarrollo del programa educativo municipal \u2018Conozcamos Pamplona\u2019, dirigido a escolares de Primaria de la ciudad<\/title>\n<meta name=\"description\" content=\"El programa busca dar a conocer la historia y el patrimonio de Pamplona y cuenta con un presupuesto de 32.690,05 euros\" \/>\n<meta name=\"robots\" content=\"index, follow, max-snippet:-1, max-image-preview:large, max-video-preview:-1\" \/>\n<link rel=\"canonical\" href=\"https:\/\/www.laguiadepamplona.com\/actualidad\/adjudicado-el-contrato-para-la-organizacion-y-desarrollo-del-programa-educativo-municipal-conozcamos-pamplona-dirigido-a-escolares-de-primaria-de-la-ciudad\/\" \/>\n<meta property=\"og:locale\" content=\"es_ES\" \/>\n<meta property=\"og:type\" content=\"article\" \/>\n<meta property=\"og:title\" content=\"Adjudicado el contrato para la organizaci\u00f3n y desarrollo del programa educativo municipal \u2018Conozcamos Pamplona\u2019, dirigido a escolares de Primaria de la ciudad\" \/>\n<meta property=\"og:description\" content=\"El programa busca dar a conocer la historia y el patrimonio de Pamplona y cuenta con un presupuesto de 32.690,05 euros\" \/>\n<meta property=\"og:url\" content=\"https:\/\/www.laguiadepamplona.com\/actualidad\/adjudicado-el-contrato-para-la-organizacion-y-desarrollo-del-programa-educativo-municipal-conozcamos-pamplona-dirigido-a-escolares-de-primaria-de-la-ciudad\/\" \/>\n<meta property=\"og:site_name\" content=\"La Gu\u00eda de Pamplona\" \/>\n<meta property=\"article:publisher\" content=\"https:\/\/www.facebook.com\/laguiadepamplonacom-133175176762273\/?ref=hl\" \/>\n<meta property=\"article:published_time\" content=\"2022-08-08T14:06:49+00:00\" \/>\n<meta property=\"article:modified_time\" content=\"2023-04-11T09:47:55+00:00\" \/>\n<meta property=\"og:image\" content=\"https:\/\/www.laguiadepamplona.com\/actualidad\/wp-content\/uploads\/2022\/08\/conozcamos-1.jpg\" \/>\n\t<meta property=\"og:image:width\" content=\"1559\" \/>\n\t<meta property=\"og:image:height\" content=\"679\" \/>\n\t<meta property=\"og:image:type\" content=\"image\/jpeg\" \/>\n<meta name=\"author\" content=\"La Gu\u00eda de Pamplona\" \/>\n<meta name=\"twitter:card\" content=\"summary_large_image\" \/>\n<meta name=\"twitter:creator\" content=\"@LaGuiadPamplona\" \/>\n<meta name=\"twitter:site\" content=\"@LaGuiadPamplona\" \/>\n<meta name=\"twitter:label1\" content=\"Escrito por\" \/>\n\t<meta name=\"twitter:data1\" content=\"La Gu\u00eda de Pamplona\" \/>\n\t<meta name=\"twitter:label2\" content=\"Tiempo de lectura\" \/>\n\t<meta name=\"twitter:data2\" content=\"2 minutos\" \/>\n<script type=\"application\/ld+json\" class=\"yoast-schema-graph\">{\"@context\":\"https:\\\/\\\/schema.org\",\"@graph\":[{\"@type\":\"Article\",\"@id\":\"https:\\\/\\\/www.laguiadepamplona.com\\\/actualidad\\\/adjudicado-el-contrato-para-la-organizacion-y-desarrollo-del-programa-educativo-municipal-conozcamos-pamplona-dirigido-a-escolares-de-primaria-de-la-ciudad\\\/#article\",\"isPartOf\":{\"@id\":\"https:\\\/\\\/www.laguiadepamplona.com\\\/actualidad\\\/adjudicado-el-contrato-para-la-organizacion-y-desarrollo-del-programa-educativo-municipal-conozcamos-pamplona-dirigido-a-escolares-de-primaria-de-la-ciudad\\\/\"},\"author\":{\"name\":\"La Gu\u00eda de Pamplona\",\"@id\":\"https:\\\/\\\/www.laguiadepamplona.com\\\/actualidad\\\/#\\\/schema\\\/person\\\/efe887376f0213d4657c93adc50b1fdb\"},\"headline\":\"Adjudicado el contrato para la organizaci\u00f3n y desarrollo del programa educativo municipal \u2018Conozcamos Pamplona\u2019, dirigido a escolares de Primaria de la ciudad\",\"datePublished\":\"2022-08-08T14:06:49+00:00\",\"dateModified\":\"2023-04-11T09:47:55+00:00\",\"mainEntityOfPage\":{\"@id\":\"https:\\\/\\\/www.laguiadepamplona.com\\\/actualidad\\\/adjudicado-el-contrato-para-la-organizacion-y-desarrollo-del-programa-educativo-municipal-conozcamos-pamplona-dirigido-a-escolares-de-primaria-de-la-ciudad\\\/\"},\"wordCount\":449,\"commentCount\":0,\"publisher\":{\"@id\":\"https:\\\/\\\/www.laguiadepamplona.com\\\/actualidad\\\/#organization\"},\"image\":{\"@id\":\"https:\\\/\\\/www.laguiadepamplona.com\\\/actualidad\\\/adjudicado-el-contrato-para-la-organizacion-y-desarrollo-del-programa-educativo-municipal-conozcamos-pamplona-dirigido-a-escolares-de-primaria-de-la-ciudad\\\/#primaryimage\"},\"thumbnailUrl\":\"https:\\\/\\\/www.laguiadepamplona.com\\\/actualidad\\\/wp-content\\\/uploads\\\/2022\\\/08\\\/conozcamos-1.jpg\",\"articleSection\":[\"Ayto Pamplona\"],\"inLanguage\":\"es\",\"potentialAction\":[{\"@type\":\"CommentAction\",\"name\":\"Comment\",\"target\":[\"https:\\\/\\\/www.laguiadepamplona.com\\\/actualidad\\\/adjudicado-el-contrato-para-la-organizacion-y-desarrollo-del-programa-educativo-municipal-conozcamos-pamplona-dirigido-a-escolares-de-primaria-de-la-ciudad\\\/#respond\"]}]},{\"@type\":\"WebPage\",\"@id\":\"https:\\\/\\\/www.laguiadepamplona.com\\\/actualidad\\\/adjudicado-el-contrato-para-la-organizacion-y-desarrollo-del-programa-educativo-municipal-conozcamos-pamplona-dirigido-a-escolares-de-primaria-de-la-ciudad\\\/\",\"url\":\"https:\\\/\\\/www.laguiadepamplona.com\\\/actualidad\\\/adjudicado-el-contrato-para-la-organizacion-y-desarrollo-del-programa-educativo-municipal-conozcamos-pamplona-dirigido-a-escolares-de-primaria-de-la-ciudad\\\/\",\"name\":\"Adjudicado el contrato para la organizaci\u00f3n y desarrollo del programa educativo municipal \u2018Conozcamos Pamplona\u2019, dirigido a escolares de Primaria de la ciudad\",\"isPartOf\":{\"@id\":\"https:\\\/\\\/www.laguiadepamplona.com\\\/actualidad\\\/#website\"},\"primaryImageOfPage\":{\"@id\":\"https:\\\/\\\/www.laguiadepamplona.com\\\/actualidad\\\/adjudicado-el-contrato-para-la-organizacion-y-desarrollo-del-programa-educativo-municipal-conozcamos-pamplona-dirigido-a-escolares-de-primaria-de-la-ciudad\\\/#primaryimage\"},\"image\":{\"@id\":\"https:\\\/\\\/www.laguiadepamplona.com\\\/actualidad\\\/adjudicado-el-contrato-para-la-organizacion-y-desarrollo-del-programa-educativo-municipal-conozcamos-pamplona-dirigido-a-escolares-de-primaria-de-la-ciudad\\\/#primaryimage\"},\"thumbnailUrl\":\"https:\\\/\\\/www.laguiadepamplona.com\\\/actualidad\\\/wp-content\\\/uploads\\\/2022\\\/08\\\/conozcamos-1.jpg\",\"datePublished\":\"2022-08-08T14:06:49+00:00\",\"dateModified\":\"2023-04-11T09:47:55+00:00\",\"description\":\"El programa busca dar a conocer la historia y el patrimonio de Pamplona y cuenta con un presupuesto de 32.690,05 euros\",\"breadcrumb\":{\"@id\":\"https:\\\/\\\/www.laguiadepamplona.com\\\/actualidad\\\/adjudicado-el-contrato-para-la-organizacion-y-desarrollo-del-programa-educativo-municipal-conozcamos-pamplona-dirigido-a-escolares-de-primaria-de-la-ciudad\\\/#breadcrumb\"},\"inLanguage\":\"es\",\"potentialAction\":[{\"@type\":\"ReadAction\",\"target\":[\"https:\\\/\\\/www.laguiadepamplona.com\\\/actualidad\\\/adjudicado-el-contrato-para-la-organizacion-y-desarrollo-del-programa-educativo-municipal-conozcamos-pamplona-dirigido-a-escolares-de-primaria-de-la-ciudad\\\/\"]}]},{\"@type\":\"ImageObject\",\"inLanguage\":\"es\",\"@id\":\"https:\\\/\\\/www.laguiadepamplona.com\\\/actualidad\\\/adjudicado-el-contrato-para-la-organizacion-y-desarrollo-del-programa-educativo-municipal-conozcamos-pamplona-dirigido-a-escolares-de-primaria-de-la-ciudad\\\/#primaryimage\",\"url\":\"https:\\\/\\\/www.laguiadepamplona.com\\\/actualidad\\\/wp-content\\\/uploads\\\/2022\\\/08\\\/conozcamos-1.jpg\",\"contentUrl\":\"https:\\\/\\\/www.laguiadepamplona.com\\\/actualidad\\\/wp-content\\\/uploads\\\/2022\\\/08\\\/conozcamos-1.jpg\",\"width\":1559,\"height\":679},{\"@type\":\"BreadcrumbList\",\"@id\":\"https:\\\/\\\/www.laguiadepamplona.com\\\/actualidad\\\/adjudicado-el-contrato-para-la-organizacion-y-desarrollo-del-programa-educativo-municipal-conozcamos-pamplona-dirigido-a-escolares-de-primaria-de-la-ciudad\\\/#breadcrumb\",\"itemListElement\":[{\"@type\":\"ListItem\",\"position\":1,\"name\":\"Portada\",\"item\":\"https:\\\/\\\/www.laguiadepamplona.com\\\/actualidad\\\/\"},{\"@type\":\"ListItem\",\"position\":2,\"name\":\"Adjudicado el contrato para la organizaci\u00f3n y desarrollo del programa educativo municipal \u2018Conozcamos Pamplona\u2019, dirigido a escolares de Primaria de la ciudad\"}]},{\"@type\":\"WebSite\",\"@id\":\"https:\\\/\\\/www.laguiadepamplona.com\\\/actualidad\\\/#website\",\"url\":\"https:\\\/\\\/www.laguiadepamplona.com\\\/actualidad\\\/\",\"name\":\"La gu\u00eda de Pamplona\",\"description\":\"Noticias de Pamplona\",\"publisher\":{\"@id\":\"https:\\\/\\\/www.laguiadepamplona.com\\\/actualidad\\\/#organization\"},\"potentialAction\":[{\"@type\":\"SearchAction\",\"target\":{\"@type\":\"EntryPoint\",\"urlTemplate\":\"https:\\\/\\\/www.laguiadepamplona.com\\\/actualidad\\\/?s={search_term_string}\"},\"query-input\":{\"@type\":\"PropertyValueSpecification\",\"valueRequired\":true,\"valueName\":\"search_term_string\"}}],\"inLanguage\":\"es\"},{\"@type\":\"Organization\",\"@id\":\"https:\\\/\\\/www.laguiadepamplona.com\\\/actualidad\\\/#organization\",\"name\":\"La Gu\u00eda de Pamplona \\\/ Noticias\",\"url\":\"https:\\\/\\\/www.laguiadepamplona.com\\\/actualidad\\\/\",\"logo\":{\"@type\":\"ImageObject\",\"inLanguage\":\"es\",\"@id\":\"https:\\\/\\\/www.laguiadepamplona.com\\\/actualidad\\\/#\\\/schema\\\/logo\\\/image\\\/\",\"url\":\"https:\\\/\\\/www.laguiadepamplona.com\\\/actualidad\\\/wp-content\\\/uploads\\\/2018\\\/11\\\/logo-laguiadepamplona18-web1.png\",\"contentUrl\":\"https:\\\/\\\/www.laguiadepamplona.com\\\/actualidad\\\/wp-content\\\/uploads\\\/2018\\\/11\\\/logo-laguiadepamplona18-web1.png\",\"width\":600,\"height\":196,\"caption\":\"La Gu\u00eda de Pamplona \\\/ Noticias\"},\"image\":{\"@id\":\"https:\\\/\\\/www.laguiadepamplona.com\\\/actualidad\\\/#\\\/schema\\\/logo\\\/image\\\/\"},\"sameAs\":[\"https:\\\/\\\/www.facebook.com\\\/laguiadepamplonacom-133175176762273\\\/?ref=hl\",\"https:\\\/\\\/x.com\\\/LaGuiadPamplona\",\"https:\\\/\\\/www.instagram.com\\\/la_guia_de_pamplona\\\/\",\"https:\\\/\\\/www.youtube.com\\\/user\\\/laguiadepamplona\"]},{\"@type\":\"Person\",\"@id\":\"https:\\\/\\\/www.laguiadepamplona.com\\\/actualidad\\\/#\\\/schema\\\/person\\\/efe887376f0213d4657c93adc50b1fdb\",\"name\":\"La Gu\u00eda de Pamplona\",\"image\":{\"@type\":\"ImageObject\",\"inLanguage\":\"es\",\"@id\":\"https:\\\/\\\/secure.gravatar.com\\\/avatar\\\/b6992f131dc8d30ab0dff15446e9d346d9dbd95992de0fef795073f5ea83a81c?s=96&d=mm&r=g\",\"url\":\"https:\\\/\\\/secure.gravatar.com\\\/avatar\\\/b6992f131dc8d30ab0dff15446e9d346d9dbd95992de0fef795073f5ea83a81c?s=96&d=mm&r=g\",\"contentUrl\":\"https:\\\/\\\/secure.gravatar.com\\\/avatar\\\/b6992f131dc8d30ab0dff15446e9d346d9dbd95992de0fef795073f5ea83a81c?s=96&d=mm&r=g\",\"caption\":\"La Gu\u00eda de Pamplona\"}}]}<\/script>\n<!-- \/ Yoast SEO plugin. -->","yoast_head_json":{"title":"Adjudicado el contrato para la organizaci\u00f3n y desarrollo del programa educativo municipal \u2018Conozcamos Pamplona\u2019, dirigido a escolares de Primaria de la ciudad","description":"El programa busca dar a conocer la historia y el patrimonio de Pamplona y cuenta con un presupuesto de 32.690,05 euros","robots":{"index":"index","follow":"follow","max-snippet":"max-snippet:-1","max-image-preview":"max-image-preview:large","max-video-preview":"max-video-preview:-1"},"canonical":"https:\/\/www.laguiadepamplona.com\/actualidad\/adjudicado-el-contrato-para-la-organizacion-y-desarrollo-del-programa-educativo-municipal-conozcamos-pamplona-dirigido-a-escolares-de-primaria-de-la-ciudad\/","og_locale":"es_ES","og_type":"article","og_title":"Adjudicado el contrato para la organizaci\u00f3n y desarrollo del programa educativo municipal \u2018Conozcamos Pamplona\u2019, dirigido a escolares de Primaria de la ciudad","og_description":"El programa busca dar a conocer la historia y el patrimonio de Pamplona y cuenta con un presupuesto de 32.690,05 euros","og_url":"https:\/\/www.laguiadepamplona.com\/actualidad\/adjudicado-el-contrato-para-la-organizacion-y-desarrollo-del-programa-educativo-municipal-conozcamos-pamplona-dirigido-a-escolares-de-primaria-de-la-ciudad\/","og_site_name":"La Gu\u00eda de Pamplona","article_publisher":"https:\/\/www.facebook.com\/laguiadepamplonacom-133175176762273\/?ref=hl","article_published_time":"2022-08-08T14:06:49+00:00","article_modified_time":"2023-04-11T09:47:55+00:00","og_image":[{"width":1559,"height":679,"url":"https:\/\/www.laguiadepamplona.com\/actualidad\/wp-content\/uploads\/2022\/08\/conozcamos-1.jpg","type":"image\/jpeg"}],"author":"La Gu\u00eda de Pamplona","twitter_card":"summary_large_image","twitter_creator":"@LaGuiadPamplona","twitter_site":"@LaGuiadPamplona","twitter_misc":{"Escrito por":"La Gu\u00eda de Pamplona","Tiempo de lectura":"2 minutos"},"schema":{"@context":"https:\/\/schema.org","@graph":[{"@type":"Article","@id":"https:\/\/www.laguiadepamplona.com\/actualidad\/adjudicado-el-contrato-para-la-organizacion-y-desarrollo-del-programa-educativo-municipal-conozcamos-pamplona-dirigido-a-escolares-de-primaria-de-la-ciudad\/#article","isPartOf":{"@id":"https:\/\/www.laguiadepamplona.com\/actualidad\/adjudicado-el-contrato-para-la-organizacion-y-desarrollo-del-programa-educativo-municipal-conozcamos-pamplona-dirigido-a-escolares-de-primaria-de-la-ciudad\/"},"author":{"name":"La Gu\u00eda de Pamplona","@id":"https:\/\/www.laguiadepamplona.com\/actualidad\/#\/schema\/person\/efe887376f0213d4657c93adc50b1fdb"},"headline":"Adjudicado el contrato para la organizaci\u00f3n y desarrollo del programa educativo municipal \u2018Conozcamos Pamplona\u2019, dirigido a escolares de Primaria de la ciudad","datePublished":"2022-08-08T14:06:49+00:00","dateModified":"2023-04-11T09:47:55+00:00","mainEntityOfPage":{"@id":"https:\/\/www.laguiadepamplona.com\/actualidad\/adjudicado-el-contrato-para-la-organizacion-y-desarrollo-del-programa-educativo-municipal-conozcamos-pamplona-dirigido-a-escolares-de-primaria-de-la-ciudad\/"},"wordCount":449,"commentCount":0,"publisher":{"@id":"https:\/\/www.laguiadepamplona.com\/actualidad\/#organization"},"image":{"@id":"https:\/\/www.laguiadepamplona.com\/actualidad\/adjudicado-el-contrato-para-la-organizacion-y-desarrollo-del-programa-educativo-municipal-conozcamos-pamplona-dirigido-a-escolares-de-primaria-de-la-ciudad\/#primaryimage"},"thumbnailUrl":"https:\/\/www.laguiadepamplona.com\/actualidad\/wp-content\/uploads\/2022\/08\/conozcamos-1.jpg","articleSection":["Ayto Pamplona"],"inLanguage":"es","potentialAction":[{"@type":"CommentAction","name":"Comment","target":["https:\/\/www.laguiadepamplona.com\/actualidad\/adjudicado-el-contrato-para-la-organizacion-y-desarrollo-del-programa-educativo-municipal-conozcamos-pamplona-dirigido-a-escolares-de-primaria-de-la-ciudad\/#respond"]}]},{"@type":"WebPage","@id":"https:\/\/www.laguiadepamplona.com\/actualidad\/adjudicado-el-contrato-para-la-organizacion-y-desarrollo-del-programa-educativo-municipal-conozcamos-pamplona-dirigido-a-escolares-de-primaria-de-la-ciudad\/","url":"https:\/\/www.laguiadepamplona.com\/actualidad\/adjudicado-el-contrato-para-la-organizacion-y-desarrollo-del-programa-educativo-municipal-conozcamos-pamplona-dirigido-a-escolares-de-primaria-de-la-ciudad\/","name":"Adjudicado el contrato para la organizaci\u00f3n y desarrollo del programa educativo municipal \u2018Conozcamos Pamplona\u2019, dirigido a escolares de Primaria de la ciudad","isPartOf":{"@id":"https:\/\/www.laguiadepamplona.com\/actualidad\/#website"},"primaryImageOfPage":{"@id":"https:\/\/www.laguiadepamplona.com\/actualidad\/adjudicado-el-contrato-para-la-organizacion-y-desarrollo-del-programa-educativo-municipal-conozcamos-pamplona-dirigido-a-escolares-de-primaria-de-la-ciudad\/#primaryimage"},"image":{"@id":"https:\/\/www.laguiadepamplona.com\/actualidad\/adjudicado-el-contrato-para-la-organizacion-y-desarrollo-del-programa-educativo-municipal-conozcamos-pamplona-dirigido-a-escolares-de-primaria-de-la-ciudad\/#primaryimage"},"thumbnailUrl":"https:\/\/www.laguiadepamplona.com\/actualidad\/wp-content\/uploads\/2022\/08\/conozcamos-1.jpg","datePublished":"2022-08-08T14:06:49+00:00","dateModified":"2023-04-11T09:47:55+00:00","description":"El programa busca dar a conocer la historia y el patrimonio de Pamplona y cuenta con un presupuesto de 32.690,05 euros","breadcrumb":{"@id":"https:\/\/www.laguiadepamplona.com\/actualidad\/adjudicado-el-contrato-para-la-organizacion-y-desarrollo-del-programa-educativo-municipal-conozcamos-pamplona-dirigido-a-escolares-de-primaria-de-la-ciudad\/#breadcrumb"},"inLanguage":"es","potentialAction":[{"@type":"ReadAction","target":["https:\/\/www.laguiadepamplona.com\/actualidad\/adjudicado-el-contrato-para-la-organizacion-y-desarrollo-del-programa-educativo-municipal-conozcamos-pamplona-dirigido-a-escolares-de-primaria-de-la-ciudad\/"]}]},{"@type":"ImageObject","inLanguage":"es","@id":"https:\/\/www.laguiadepamplona.com\/actualidad\/adjudicado-el-contrato-para-la-organizacion-y-desarrollo-del-programa-educativo-municipal-conozcamos-pamplona-dirigido-a-escolares-de-primaria-de-la-ciudad\/#primaryimage","url":"https:\/\/www.laguiadepamplona.com\/actualidad\/wp-content\/uploads\/2022\/08\/conozcamos-1.jpg","contentUrl":"https:\/\/www.laguiadepamplona.com\/actualidad\/wp-content\/uploads\/2022\/08\/conozcamos-1.jpg","width":1559,"height":679},{"@type":"BreadcrumbList","@id":"https:\/\/www.laguiadepamplona.com\/actualidad\/adjudicado-el-contrato-para-la-organizacion-y-desarrollo-del-programa-educativo-municipal-conozcamos-pamplona-dirigido-a-escolares-de-primaria-de-la-ciudad\/#breadcrumb","itemListElement":[{"@type":"ListItem","position":1,"name":"Portada","item":"https:\/\/www.laguiadepamplona.com\/actualidad\/"},{"@type":"ListItem","position":2,"name":"Adjudicado el contrato para la organizaci\u00f3n y desarrollo del programa educativo municipal \u2018Conozcamos Pamplona\u2019, dirigido a escolares de Primaria de la ciudad"}]},{"@type":"WebSite","@id":"https:\/\/www.laguiadepamplona.com\/actualidad\/#website","url":"https:\/\/www.laguiadepamplona.com\/actualidad\/","name":"La gu\u00eda de Pamplona","description":"Noticias de Pamplona","publisher":{"@id":"https:\/\/www.laguiadepamplona.com\/actualidad\/#organization"},"potentialAction":[{"@type":"SearchAction","target":{"@type":"EntryPoint","urlTemplate":"https:\/\/www.laguiadepamplona.com\/actualidad\/?s={search_term_string}"},"query-input":{"@type":"PropertyValueSpecification","valueRequired":true,"valueName":"search_term_string"}}],"inLanguage":"es"},{"@type":"Organization","@id":"https:\/\/www.laguiadepamplona.com\/actualidad\/#organization","name":"La Gu\u00eda de Pamplona \/ Noticias","url":"https:\/\/www.laguiadepamplona.com\/actualidad\/","logo":{"@type":"ImageObject","inLanguage":"es","@id":"https:\/\/www.laguiadepamplona.com\/actualidad\/#\/schema\/logo\/image\/","url":"https:\/\/www.laguiadepamplona.com\/actualidad\/wp-content\/uploads\/2018\/11\/logo-laguiadepamplona18-web1.png","contentUrl":"https:\/\/www.laguiadepamplona.com\/actualidad\/wp-content\/uploads\/2018\/11\/logo-laguiadepamplona18-web1.png","width":600,"height":196,"caption":"La Gu\u00eda de Pamplona \/ Noticias"},"image":{"@id":"https:\/\/www.laguiadepamplona.com\/actualidad\/#\/schema\/logo\/image\/"},"sameAs":["https:\/\/www.facebook.com\/laguiadepamplonacom-133175176762273\/?ref=hl","https:\/\/x.com\/LaGuiadPamplona","https:\/\/www.instagram.com\/la_guia_de_pamplona\/","https:\/\/www.youtube.com\/user\/laguiadepamplona"]},{"@type":"Person","@id":"https:\/\/www.laguiadepamplona.com\/actualidad\/#\/schema\/person\/efe887376f0213d4657c93adc50b1fdb","name":"La Gu\u00eda de Pamplona","image":{"@type":"ImageObject","inLanguage":"es","@id":"https:\/\/secure.gravatar.com\/avatar\/b6992f131dc8d30ab0dff15446e9d346d9dbd95992de0fef795073f5ea83a81c?s=96&d=mm&r=g","url":"https:\/\/secure.gravatar.com\/avatar\/b6992f131dc8d30ab0dff15446e9d346d9dbd95992de0fef795073f5ea83a81c?s=96&d=mm&r=g","contentUrl":"https:\/\/secure.gravatar.com\/avatar\/b6992f131dc8d30ab0dff15446e9d346d9dbd95992de0fef795073f5ea83a81c?s=96&d=mm&r=g","caption":"La Gu\u00eda de Pamplona"}}]}},"post_mailing_queue_ids":[],"_links":{"self":[{"href":"https:\/\/www.laguiadepamplona.com\/actualidad\/wp-json\/wp\/v2\/posts\/41249","targetHints":{"allow":["GET"]}}],"collection":[{"href":"https:\/\/www.laguiadepamplona.com\/actualidad\/wp-json\/wp\/v2\/posts"}],"about":[{"href":"https:\/\/www.laguiadepamplona.com\/actualidad\/wp-json\/wp\/v2\/types\/post"}],"author":[{"embeddable":true,"href":"https:\/\/www.laguiadepamplona.com\/actualidad\/wp-json\/wp\/v2\/users\/1"}],"replies":[{"embeddable":true,"href":"https:\/\/www.laguiadepamplona.com\/actualidad\/wp-json\/wp\/v2\/comments?post=41249"}],"version-history":[{"count":0,"href":"https:\/\/www.laguiadepamplona.com\/actualidad\/wp-json\/wp\/v2\/posts\/41249\/revisions"}],"wp:featuredmedia":[{"embeddable":true,"href":"https:\/\/www.laguiadepamplona.com\/actualidad\/wp-json\/wp\/v2\/media\/41250"}],"wp:attachment":[{"href":"https:\/\/www.laguiadepamplona.com\/actualidad\/wp-json\/wp\/v2\/media?parent=41249"}],"wp:term":[{"taxonomy":"category","embeddable":true,"href":"https:\/\/www.laguiadepamplona.com\/actualidad\/wp-json\/wp\/v2\/categories?post=41249"},{"taxonomy":"post_tag","embeddable":true,"href":"https:\/\/www.laguiadepamplona.com\/actualidad\/wp-json\/wp\/v2\/tags?post=41249"}],"curies":[{"name":"wp","href":"https:\/\/api.w.org\/{rel}","templated":true}]}}