{"id":41246,"date":"2022-08-08T16:04:35","date_gmt":"2022-08-08T14:04:35","guid":{"rendered":"https:\/\/www.laguiadepamplona.com\/actualidad\/?p=41246"},"modified":"2023-04-11T11:47:55","modified_gmt":"2023-04-11T09:47:55","slug":"pamplona-creara-un-servicio-de-atencion-accion-y-promocion-del-voluntariado","status":"publish","type":"post","link":"https:\/\/www.laguiadepamplona.com\/actualidad\/pamplona-creara-un-servicio-de-atencion-accion-y-promocion-del-voluntariado\/","title":{"rendered":"Pamplona crear\u00e1 un Servicio de Atenci\u00f3n, Acci\u00f3n y Promoci\u00f3n del Voluntariado"},"content":{"rendered":"<h5>El presupuesto de licitaci\u00f3n del contrato de este servicio es de 143.733,34 euros<\/h5>\n<p><!--more--><\/p>\n<p>La Junta de Gobierno Local ha aprobado la licitaci\u00f3n de un contrato para la organizaci\u00f3n, metodolog\u00eda de trabajo, planificaci\u00f3n, dise\u00f1o y ejecuci\u00f3n de un Servicio de Atenci\u00f3n, Acci\u00f3n y Promoci\u00f3n del Voluntariado. El presupuesto asciende a 143.733,34 euros, con un plazo de ejecuci\u00f3n de 14 meses a partir, previsiblemente, del 1 de noviembre. Este servicio estar\u00e1 dirigido a toda la ciudadan\u00eda, empresas, asociaciones, colectivos y entidades ciudadanas, as\u00ed como a las \u00e1reas municipales del Ayuntamiento de Pamplona.<br \/>\n<script async src=\"\/\/pagead2.googlesyndication.com\/pagead\/js\/adsbygoogle.js\"><\/script><br \/>\n<!-- Noticias La Guia de Pamplona --><br \/>\n<ins class=\"adsbygoogle\"\nstyle=\"display:block\"\ndata-ad-client=\"ca-pub-6943679897239327\"\ndata-ad-slot=\"7048180777\"\ndata-ad-format=\"auto\"><\/ins><br \/>\n<script>\n(adsbygoogle = window.adsbygoogle || []).push({});\n<\/script><\/p>\n<p>El Servicio de Atenci\u00f3n y Acci\u00f3n Voluntaria del cuerpo municipal de Voluntariado por Pamplona es un instrumento p\u00fablico que se crea con el objetivo de apoyar a las diferentes \u00e1reas del Ayuntamiento con proyectos propios de voluntariado, gestionar las acciones de fomento, informaci\u00f3n, asesoramiento, captaci\u00f3n y formaci\u00f3n inherente al voluntariado, as\u00ed como el apoyo y asesoramiento a la gesti\u00f3n de proyectos de voluntariado en Pamplona y la atenci\u00f3n con entidades sociales en materia de voluntariado. El fin \u00faltimo del programa \u2018Voluntarios\/as por Pamplona\u2019 es que se convierta en una marca de calidad para la ciudadan\u00eda pamplonesa.<\/p>\n<p>El voluntariado es una forma de participaci\u00f3n social que favorece la socializaci\u00f3n, la adquisici\u00f3n de competencias, de valores solidarios, universales y democr\u00e1ticas, as\u00ed como la creaci\u00f3n de una identidad. El Ayuntamiento de Pamplona viene desarrollando diferentes actividades que apuestan por el voluntariado. Este servicio se contempla como una oportunidad para que todas las \u00e1reas municipales impulsen, potencien y faciliten los recursos para canalizar esta vocaci\u00f3n solidaria, facilitando una implicaci\u00f3n activa de la ciudadan\u00eda en la vida social y comunitaria.<br \/>\n<script async src=\"\/\/pagead2.googlesyndication.com\/pagead\/js\/adsbygoogle.js\"><\/script><br \/>\n<!-- Noticias La Guia de Pamplona --><br \/>\n<ins class=\"adsbygoogle\"\nstyle=\"display:block\"\ndata-ad-client=\"ca-pub-6943679897239327\"\ndata-ad-slot=\"7048180777\"\ndata-ad-format=\"auto\"><\/ins><br \/>\n<script>\n(adsbygoogle = window.adsbygoogle || []).push({});\n<\/script><\/p>\n<p><strong>Actividades de informaci\u00f3n, asesoramiento, promoci\u00f3n o formaci\u00f3n<\/strong><\/p>\n<p>El servicio llevar\u00e1 a cabo actividades de informaci\u00f3n, asesoramiento y gesti\u00f3n en materia de voluntariado tanto de forma directa como telef\u00f3nicamente y online. Adem\u00e1s, crear\u00e1 y mantendr\u00e1 v\u00ednculos de relaci\u00f3n con las personas voluntarias y los diferentes agentes vinculados a iniciativas voluntarias; orientar\u00e1 sobre las distintas actividades y oportunidades de voluntariado que ofrece el Ayuntamiento de Pamplona; o gestionar\u00e1 ofertas y demandas de voluntariado, entre otros aspectos.<\/p>\n<p>Asimismo, el servicio se concibe como instrumento p\u00fablico de promoci\u00f3n, sensibilizaci\u00f3n y formaci\u00f3n en materia de voluntariado. Entre las funciones que se reflejan, est\u00e1n el dar a conocer el servicio; realizar un plan de sensibilizaci\u00f3n, captaci\u00f3n y promoci\u00f3n del voluntariado en la ciudad; propiciar la participaci\u00f3n activa y la solidaridad entre la ciudadan\u00eda; organizar talleres y actividades de sensibilizaci\u00f3n; u ofrecer formaci\u00f3n continua.<br \/>\n<script async src=\"\/\/pagead2.googlesyndication.com\/pagead\/js\/adsbygoogle.js\"><\/script><br \/>\n<!-- Noticias La Guia de Pamplona --><br \/>\n<ins class=\"adsbygoogle\"\nstyle=\"display:block\"\ndata-ad-client=\"ca-pub-6943679897239327\"\ndata-ad-slot=\"7048180777\"\ndata-ad-format=\"auto\"><\/ins><br \/>\n<script>\n(adsbygoogle = window.adsbygoogle || []).push({});\n<\/script><\/p>\n<p>La empresa adjudicataria realizar\u00e1 labores de gesti\u00f3n inform\u00e1tica con la creaci\u00f3n, mantenimiento y actualizaci\u00f3n de una base de datos de personas inscritas en la oficina de atenci\u00f3n, acci\u00f3n, promoci\u00f3n del voluntariado \u2018Voluntarios\/as por Pamplona\u2019 del Ayuntamiento, as\u00ed como el an\u00e1lisis de datos o la expedici\u00f3n de certificados de actividad. El Ayuntamiento de Pamplona desarrollar\u00e1 una p\u00e1gina web que acoger\u00e1 toda la informaci\u00f3n y actividades relativas al voluntariado en Pamplona y las oportunidades de participar en acciones voluntarias.<\/p>\n<p>El Servicio de Atenci\u00f3n, Acci\u00f3n y Promoci\u00f3n del Voluntariado \u2018Voluntarios\/as por Pamplona\u2019 tendr\u00e1 un horario de lunes a jueves, de 9 a 14 horas y de 16.30 a 19.30 horas de lunes a jueves y de 9 a 15 horas los viernes entre el 1 de septiembre y el 30 de junio y durante el verano, del 1 de julio al 31 de agosto, de lunes a viernes de 9 a 15 horas. El Ayuntamiento de Pamplona pondr\u00e1 a disposici\u00f3n de la entidad adjudicataria un local municipal para el desarrollo del servicio.<\/p>\n","protected":false},"excerpt":{"rendered":"<p>El presupuesto de licitaci\u00f3n del contrato de este servicio es de 143.733,34 euros<\/p>\n","protected":false},"author":1,"featured_media":41247,"comment_status":"open","ping_status":"closed","sticky":false,"template":"","format":"standard","meta":{"footnotes":""},"categories":[2],"tags":[],"class_list":["post-41246","post","type-post","status-publish","format-standard","has-post-thumbnail","hentry","category-ayuntamiento-pamplona"],"yoast_head":"<!-- This site is optimized with the Yoast SEO plugin v27.3 - https:\/\/yoast.com\/product\/yoast-seo-wordpress\/ -->\n<title>Pamplona crear\u00e1 un Servicio de Atenci\u00f3n, Acci\u00f3n y Promoci\u00f3n del Voluntariado<\/title>\n<meta name=\"description\" content=\"El presupuesto de licitaci\u00f3n del contrato de este servicio es de 143.733,34 euros\" \/>\n<meta name=\"robots\" content=\"index, follow, max-snippet:-1, max-image-preview:large, max-video-preview:-1\" \/>\n<link rel=\"canonical\" href=\"https:\/\/www.laguiadepamplona.com\/actualidad\/pamplona-creara-un-servicio-de-atencion-accion-y-promocion-del-voluntariado\/\" \/>\n<meta property=\"og:locale\" content=\"es_ES\" \/>\n<meta property=\"og:type\" content=\"article\" \/>\n<meta property=\"og:title\" content=\"Pamplona crear\u00e1 un Servicio de Atenci\u00f3n, Acci\u00f3n y Promoci\u00f3n del Voluntariado\" \/>\n<meta property=\"og:description\" content=\"El presupuesto de licitaci\u00f3n del contrato de este servicio es de 143.733,34 euros\" \/>\n<meta property=\"og:url\" content=\"https:\/\/www.laguiadepamplona.com\/actualidad\/pamplona-creara-un-servicio-de-atencion-accion-y-promocion-del-voluntariado\/\" \/>\n<meta property=\"og:site_name\" content=\"La Gu\u00eda de Pamplona\" \/>\n<meta property=\"article:publisher\" content=\"https:\/\/www.facebook.com\/laguiadepamplonacom-133175176762273\/?ref=hl\" \/>\n<meta property=\"article:published_time\" content=\"2022-08-08T14:04:35+00:00\" \/>\n<meta property=\"article:modified_time\" content=\"2023-04-11T09:47:55+00:00\" \/>\n<meta property=\"og:image\" content=\"https:\/\/www.laguiadepamplona.com\/actualidad\/wp-content\/uploads\/2022\/08\/jornada_voluntariado_ambiental.webp\" \/>\n\t<meta property=\"og:image:width\" content=\"1920\" \/>\n\t<meta property=\"og:image:height\" content=\"1280\" \/>\n\t<meta property=\"og:image:type\" content=\"image\/webp\" \/>\n<meta name=\"author\" content=\"La Gu\u00eda de Pamplona\" \/>\n<meta name=\"twitter:card\" content=\"summary_large_image\" \/>\n<meta name=\"twitter:creator\" content=\"@LaGuiadPamplona\" \/>\n<meta name=\"twitter:site\" content=\"@LaGuiadPamplona\" \/>\n<meta name=\"twitter:label1\" content=\"Escrito por\" \/>\n\t<meta name=\"twitter:data1\" content=\"La Gu\u00eda de Pamplona\" \/>\n\t<meta name=\"twitter:label2\" content=\"Tiempo de lectura\" \/>\n\t<meta name=\"twitter:data2\" content=\"3 minutos\" \/>\n<script type=\"application\/ld+json\" class=\"yoast-schema-graph\">{\"@context\":\"https:\\\/\\\/schema.org\",\"@graph\":[{\"@type\":\"Article\",\"@id\":\"https:\\\/\\\/www.laguiadepamplona.com\\\/actualidad\\\/pamplona-creara-un-servicio-de-atencion-accion-y-promocion-del-voluntariado\\\/#article\",\"isPartOf\":{\"@id\":\"https:\\\/\\\/www.laguiadepamplona.com\\\/actualidad\\\/pamplona-creara-un-servicio-de-atencion-accion-y-promocion-del-voluntariado\\\/\"},\"author\":{\"name\":\"La Gu\u00eda de Pamplona\",\"@id\":\"https:\\\/\\\/www.laguiadepamplona.com\\\/actualidad\\\/#\\\/schema\\\/person\\\/efe887376f0213d4657c93adc50b1fdb\"},\"headline\":\"Pamplona crear\u00e1 un Servicio de Atenci\u00f3n, Acci\u00f3n y Promoci\u00f3n del Voluntariado\",\"datePublished\":\"2022-08-08T14:04:35+00:00\",\"dateModified\":\"2023-04-11T09:47:55+00:00\",\"mainEntityOfPage\":{\"@id\":\"https:\\\/\\\/www.laguiadepamplona.com\\\/actualidad\\\/pamplona-creara-un-servicio-de-atencion-accion-y-promocion-del-voluntariado\\\/\"},\"wordCount\":637,\"commentCount\":0,\"publisher\":{\"@id\":\"https:\\\/\\\/www.laguiadepamplona.com\\\/actualidad\\\/#organization\"},\"image\":{\"@id\":\"https:\\\/\\\/www.laguiadepamplona.com\\\/actualidad\\\/pamplona-creara-un-servicio-de-atencion-accion-y-promocion-del-voluntariado\\\/#primaryimage\"},\"thumbnailUrl\":\"https:\\\/\\\/www.laguiadepamplona.com\\\/actualidad\\\/wp-content\\\/uploads\\\/2022\\\/08\\\/jornada_voluntariado_ambiental.webp\",\"articleSection\":[\"Ayto Pamplona\"],\"inLanguage\":\"es\",\"potentialAction\":[{\"@type\":\"CommentAction\",\"name\":\"Comment\",\"target\":[\"https:\\\/\\\/www.laguiadepamplona.com\\\/actualidad\\\/pamplona-creara-un-servicio-de-atencion-accion-y-promocion-del-voluntariado\\\/#respond\"]}]},{\"@type\":\"WebPage\",\"@id\":\"https:\\\/\\\/www.laguiadepamplona.com\\\/actualidad\\\/pamplona-creara-un-servicio-de-atencion-accion-y-promocion-del-voluntariado\\\/\",\"url\":\"https:\\\/\\\/www.laguiadepamplona.com\\\/actualidad\\\/pamplona-creara-un-servicio-de-atencion-accion-y-promocion-del-voluntariado\\\/\",\"name\":\"Pamplona crear\u00e1 un Servicio de Atenci\u00f3n, Acci\u00f3n y Promoci\u00f3n del Voluntariado\",\"isPartOf\":{\"@id\":\"https:\\\/\\\/www.laguiadepamplona.com\\\/actualidad\\\/#website\"},\"primaryImageOfPage\":{\"@id\":\"https:\\\/\\\/www.laguiadepamplona.com\\\/actualidad\\\/pamplona-creara-un-servicio-de-atencion-accion-y-promocion-del-voluntariado\\\/#primaryimage\"},\"image\":{\"@id\":\"https:\\\/\\\/www.laguiadepamplona.com\\\/actualidad\\\/pamplona-creara-un-servicio-de-atencion-accion-y-promocion-del-voluntariado\\\/#primaryimage\"},\"thumbnailUrl\":\"https:\\\/\\\/www.laguiadepamplona.com\\\/actualidad\\\/wp-content\\\/uploads\\\/2022\\\/08\\\/jornada_voluntariado_ambiental.webp\",\"datePublished\":\"2022-08-08T14:04:35+00:00\",\"dateModified\":\"2023-04-11T09:47:55+00:00\",\"description\":\"El presupuesto de licitaci\u00f3n del contrato de este servicio es de 143.733,34 euros\",\"breadcrumb\":{\"@id\":\"https:\\\/\\\/www.laguiadepamplona.com\\\/actualidad\\\/pamplona-creara-un-servicio-de-atencion-accion-y-promocion-del-voluntariado\\\/#breadcrumb\"},\"inLanguage\":\"es\",\"potentialAction\":[{\"@type\":\"ReadAction\",\"target\":[\"https:\\\/\\\/www.laguiadepamplona.com\\\/actualidad\\\/pamplona-creara-un-servicio-de-atencion-accion-y-promocion-del-voluntariado\\\/\"]}]},{\"@type\":\"ImageObject\",\"inLanguage\":\"es\",\"@id\":\"https:\\\/\\\/www.laguiadepamplona.com\\\/actualidad\\\/pamplona-creara-un-servicio-de-atencion-accion-y-promocion-del-voluntariado\\\/#primaryimage\",\"url\":\"https:\\\/\\\/www.laguiadepamplona.com\\\/actualidad\\\/wp-content\\\/uploads\\\/2022\\\/08\\\/jornada_voluntariado_ambiental.webp\",\"contentUrl\":\"https:\\\/\\\/www.laguiadepamplona.com\\\/actualidad\\\/wp-content\\\/uploads\\\/2022\\\/08\\\/jornada_voluntariado_ambiental.webp\",\"width\":1920,\"height\":1280},{\"@type\":\"BreadcrumbList\",\"@id\":\"https:\\\/\\\/www.laguiadepamplona.com\\\/actualidad\\\/pamplona-creara-un-servicio-de-atencion-accion-y-promocion-del-voluntariado\\\/#breadcrumb\",\"itemListElement\":[{\"@type\":\"ListItem\",\"position\":1,\"name\":\"Portada\",\"item\":\"https:\\\/\\\/www.laguiadepamplona.com\\\/actualidad\\\/\"},{\"@type\":\"ListItem\",\"position\":2,\"name\":\"Pamplona crear\u00e1 un Servicio de Atenci\u00f3n, Acci\u00f3n y Promoci\u00f3n del Voluntariado\"}]},{\"@type\":\"WebSite\",\"@id\":\"https:\\\/\\\/www.laguiadepamplona.com\\\/actualidad\\\/#website\",\"url\":\"https:\\\/\\\/www.laguiadepamplona.com\\\/actualidad\\\/\",\"name\":\"La gu\u00eda de Pamplona\",\"description\":\"Noticias de Pamplona\",\"publisher\":{\"@id\":\"https:\\\/\\\/www.laguiadepamplona.com\\\/actualidad\\\/#organization\"},\"potentialAction\":[{\"@type\":\"SearchAction\",\"target\":{\"@type\":\"EntryPoint\",\"urlTemplate\":\"https:\\\/\\\/www.laguiadepamplona.com\\\/actualidad\\\/?s={search_term_string}\"},\"query-input\":{\"@type\":\"PropertyValueSpecification\",\"valueRequired\":true,\"valueName\":\"search_term_string\"}}],\"inLanguage\":\"es\"},{\"@type\":\"Organization\",\"@id\":\"https:\\\/\\\/www.laguiadepamplona.com\\\/actualidad\\\/#organization\",\"name\":\"La Gu\u00eda de Pamplona \\\/ Noticias\",\"url\":\"https:\\\/\\\/www.laguiadepamplona.com\\\/actualidad\\\/\",\"logo\":{\"@type\":\"ImageObject\",\"inLanguage\":\"es\",\"@id\":\"https:\\\/\\\/www.laguiadepamplona.com\\\/actualidad\\\/#\\\/schema\\\/logo\\\/image\\\/\",\"url\":\"https:\\\/\\\/www.laguiadepamplona.com\\\/actualidad\\\/wp-content\\\/uploads\\\/2018\\\/11\\\/logo-laguiadepamplona18-web1.png\",\"contentUrl\":\"https:\\\/\\\/www.laguiadepamplona.com\\\/actualidad\\\/wp-content\\\/uploads\\\/2018\\\/11\\\/logo-laguiadepamplona18-web1.png\",\"width\":600,\"height\":196,\"caption\":\"La Gu\u00eda de Pamplona \\\/ Noticias\"},\"image\":{\"@id\":\"https:\\\/\\\/www.laguiadepamplona.com\\\/actualidad\\\/#\\\/schema\\\/logo\\\/image\\\/\"},\"sameAs\":[\"https:\\\/\\\/www.facebook.com\\\/laguiadepamplonacom-133175176762273\\\/?ref=hl\",\"https:\\\/\\\/x.com\\\/LaGuiadPamplona\",\"https:\\\/\\\/www.instagram.com\\\/la_guia_de_pamplona\\\/\",\"https:\\\/\\\/www.youtube.com\\\/user\\\/laguiadepamplona\"]},{\"@type\":\"Person\",\"@id\":\"https:\\\/\\\/www.laguiadepamplona.com\\\/actualidad\\\/#\\\/schema\\\/person\\\/efe887376f0213d4657c93adc50b1fdb\",\"name\":\"La Gu\u00eda de Pamplona\",\"image\":{\"@type\":\"ImageObject\",\"inLanguage\":\"es\",\"@id\":\"https:\\\/\\\/secure.gravatar.com\\\/avatar\\\/b6992f131dc8d30ab0dff15446e9d346d9dbd95992de0fef795073f5ea83a81c?s=96&d=mm&r=g\",\"url\":\"https:\\\/\\\/secure.gravatar.com\\\/avatar\\\/b6992f131dc8d30ab0dff15446e9d346d9dbd95992de0fef795073f5ea83a81c?s=96&d=mm&r=g\",\"contentUrl\":\"https:\\\/\\\/secure.gravatar.com\\\/avatar\\\/b6992f131dc8d30ab0dff15446e9d346d9dbd95992de0fef795073f5ea83a81c?s=96&d=mm&r=g\",\"caption\":\"La Gu\u00eda de Pamplona\"}}]}<\/script>\n<!-- \/ Yoast SEO plugin. -->","yoast_head_json":{"title":"Pamplona crear\u00e1 un Servicio de Atenci\u00f3n, Acci\u00f3n y Promoci\u00f3n del Voluntariado","description":"El presupuesto de licitaci\u00f3n del contrato de este servicio es de 143.733,34 euros","robots":{"index":"index","follow":"follow","max-snippet":"max-snippet:-1","max-image-preview":"max-image-preview:large","max-video-preview":"max-video-preview:-1"},"canonical":"https:\/\/www.laguiadepamplona.com\/actualidad\/pamplona-creara-un-servicio-de-atencion-accion-y-promocion-del-voluntariado\/","og_locale":"es_ES","og_type":"article","og_title":"Pamplona crear\u00e1 un Servicio de Atenci\u00f3n, Acci\u00f3n y Promoci\u00f3n del Voluntariado","og_description":"El presupuesto de licitaci\u00f3n del contrato de este servicio es de 143.733,34 euros","og_url":"https:\/\/www.laguiadepamplona.com\/actualidad\/pamplona-creara-un-servicio-de-atencion-accion-y-promocion-del-voluntariado\/","og_site_name":"La Gu\u00eda de Pamplona","article_publisher":"https:\/\/www.facebook.com\/laguiadepamplonacom-133175176762273\/?ref=hl","article_published_time":"2022-08-08T14:04:35+00:00","article_modified_time":"2023-04-11T09:47:55+00:00","og_image":[{"width":1920,"height":1280,"url":"https:\/\/www.laguiadepamplona.com\/actualidad\/wp-content\/uploads\/2022\/08\/jornada_voluntariado_ambiental.webp","type":"image\/webp"}],"author":"La Gu\u00eda de Pamplona","twitter_card":"summary_large_image","twitter_creator":"@LaGuiadPamplona","twitter_site":"@LaGuiadPamplona","twitter_misc":{"Escrito por":"La Gu\u00eda de Pamplona","Tiempo de lectura":"3 minutos"},"schema":{"@context":"https:\/\/schema.org","@graph":[{"@type":"Article","@id":"https:\/\/www.laguiadepamplona.com\/actualidad\/pamplona-creara-un-servicio-de-atencion-accion-y-promocion-del-voluntariado\/#article","isPartOf":{"@id":"https:\/\/www.laguiadepamplona.com\/actualidad\/pamplona-creara-un-servicio-de-atencion-accion-y-promocion-del-voluntariado\/"},"author":{"name":"La Gu\u00eda de Pamplona","@id":"https:\/\/www.laguiadepamplona.com\/actualidad\/#\/schema\/person\/efe887376f0213d4657c93adc50b1fdb"},"headline":"Pamplona crear\u00e1 un Servicio de Atenci\u00f3n, Acci\u00f3n y Promoci\u00f3n del Voluntariado","datePublished":"2022-08-08T14:04:35+00:00","dateModified":"2023-04-11T09:47:55+00:00","mainEntityOfPage":{"@id":"https:\/\/www.laguiadepamplona.com\/actualidad\/pamplona-creara-un-servicio-de-atencion-accion-y-promocion-del-voluntariado\/"},"wordCount":637,"commentCount":0,"publisher":{"@id":"https:\/\/www.laguiadepamplona.com\/actualidad\/#organization"},"image":{"@id":"https:\/\/www.laguiadepamplona.com\/actualidad\/pamplona-creara-un-servicio-de-atencion-accion-y-promocion-del-voluntariado\/#primaryimage"},"thumbnailUrl":"https:\/\/www.laguiadepamplona.com\/actualidad\/wp-content\/uploads\/2022\/08\/jornada_voluntariado_ambiental.webp","articleSection":["Ayto Pamplona"],"inLanguage":"es","potentialAction":[{"@type":"CommentAction","name":"Comment","target":["https:\/\/www.laguiadepamplona.com\/actualidad\/pamplona-creara-un-servicio-de-atencion-accion-y-promocion-del-voluntariado\/#respond"]}]},{"@type":"WebPage","@id":"https:\/\/www.laguiadepamplona.com\/actualidad\/pamplona-creara-un-servicio-de-atencion-accion-y-promocion-del-voluntariado\/","url":"https:\/\/www.laguiadepamplona.com\/actualidad\/pamplona-creara-un-servicio-de-atencion-accion-y-promocion-del-voluntariado\/","name":"Pamplona crear\u00e1 un Servicio de Atenci\u00f3n, Acci\u00f3n y Promoci\u00f3n del Voluntariado","isPartOf":{"@id":"https:\/\/www.laguiadepamplona.com\/actualidad\/#website"},"primaryImageOfPage":{"@id":"https:\/\/www.laguiadepamplona.com\/actualidad\/pamplona-creara-un-servicio-de-atencion-accion-y-promocion-del-voluntariado\/#primaryimage"},"image":{"@id":"https:\/\/www.laguiadepamplona.com\/actualidad\/pamplona-creara-un-servicio-de-atencion-accion-y-promocion-del-voluntariado\/#primaryimage"},"thumbnailUrl":"https:\/\/www.laguiadepamplona.com\/actualidad\/wp-content\/uploads\/2022\/08\/jornada_voluntariado_ambiental.webp","datePublished":"2022-08-08T14:04:35+00:00","dateModified":"2023-04-11T09:47:55+00:00","description":"El presupuesto de licitaci\u00f3n del contrato de este servicio es de 143.733,34 euros","breadcrumb":{"@id":"https:\/\/www.laguiadepamplona.com\/actualidad\/pamplona-creara-un-servicio-de-atencion-accion-y-promocion-del-voluntariado\/#breadcrumb"},"inLanguage":"es","potentialAction":[{"@type":"ReadAction","target":["https:\/\/www.laguiadepamplona.com\/actualidad\/pamplona-creara-un-servicio-de-atencion-accion-y-promocion-del-voluntariado\/"]}]},{"@type":"ImageObject","inLanguage":"es","@id":"https:\/\/www.laguiadepamplona.com\/actualidad\/pamplona-creara-un-servicio-de-atencion-accion-y-promocion-del-voluntariado\/#primaryimage","url":"https:\/\/www.laguiadepamplona.com\/actualidad\/wp-content\/uploads\/2022\/08\/jornada_voluntariado_ambiental.webp","contentUrl":"https:\/\/www.laguiadepamplona.com\/actualidad\/wp-content\/uploads\/2022\/08\/jornada_voluntariado_ambiental.webp","width":1920,"height":1280},{"@type":"BreadcrumbList","@id":"https:\/\/www.laguiadepamplona.com\/actualidad\/pamplona-creara-un-servicio-de-atencion-accion-y-promocion-del-voluntariado\/#breadcrumb","itemListElement":[{"@type":"ListItem","position":1,"name":"Portada","item":"https:\/\/www.laguiadepamplona.com\/actualidad\/"},{"@type":"ListItem","position":2,"name":"Pamplona crear\u00e1 un Servicio de Atenci\u00f3n, Acci\u00f3n y Promoci\u00f3n del Voluntariado"}]},{"@type":"WebSite","@id":"https:\/\/www.laguiadepamplona.com\/actualidad\/#website","url":"https:\/\/www.laguiadepamplona.com\/actualidad\/","name":"La gu\u00eda de Pamplona","description":"Noticias de Pamplona","publisher":{"@id":"https:\/\/www.laguiadepamplona.com\/actualidad\/#organization"},"potentialAction":[{"@type":"SearchAction","target":{"@type":"EntryPoint","urlTemplate":"https:\/\/www.laguiadepamplona.com\/actualidad\/?s={search_term_string}"},"query-input":{"@type":"PropertyValueSpecification","valueRequired":true,"valueName":"search_term_string"}}],"inLanguage":"es"},{"@type":"Organization","@id":"https:\/\/www.laguiadepamplona.com\/actualidad\/#organization","name":"La Gu\u00eda de Pamplona \/ Noticias","url":"https:\/\/www.laguiadepamplona.com\/actualidad\/","logo":{"@type":"ImageObject","inLanguage":"es","@id":"https:\/\/www.laguiadepamplona.com\/actualidad\/#\/schema\/logo\/image\/","url":"https:\/\/www.laguiadepamplona.com\/actualidad\/wp-content\/uploads\/2018\/11\/logo-laguiadepamplona18-web1.png","contentUrl":"https:\/\/www.laguiadepamplona.com\/actualidad\/wp-content\/uploads\/2018\/11\/logo-laguiadepamplona18-web1.png","width":600,"height":196,"caption":"La Gu\u00eda de Pamplona \/ Noticias"},"image":{"@id":"https:\/\/www.laguiadepamplona.com\/actualidad\/#\/schema\/logo\/image\/"},"sameAs":["https:\/\/www.facebook.com\/laguiadepamplonacom-133175176762273\/?ref=hl","https:\/\/x.com\/LaGuiadPamplona","https:\/\/www.instagram.com\/la_guia_de_pamplona\/","https:\/\/www.youtube.com\/user\/laguiadepamplona"]},{"@type":"Person","@id":"https:\/\/www.laguiadepamplona.com\/actualidad\/#\/schema\/person\/efe887376f0213d4657c93adc50b1fdb","name":"La Gu\u00eda de Pamplona","image":{"@type":"ImageObject","inLanguage":"es","@id":"https:\/\/secure.gravatar.com\/avatar\/b6992f131dc8d30ab0dff15446e9d346d9dbd95992de0fef795073f5ea83a81c?s=96&d=mm&r=g","url":"https:\/\/secure.gravatar.com\/avatar\/b6992f131dc8d30ab0dff15446e9d346d9dbd95992de0fef795073f5ea83a81c?s=96&d=mm&r=g","contentUrl":"https:\/\/secure.gravatar.com\/avatar\/b6992f131dc8d30ab0dff15446e9d346d9dbd95992de0fef795073f5ea83a81c?s=96&d=mm&r=g","caption":"La Gu\u00eda de Pamplona"}}]}},"post_mailing_queue_ids":[],"_links":{"self":[{"href":"https:\/\/www.laguiadepamplona.com\/actualidad\/wp-json\/wp\/v2\/posts\/41246","targetHints":{"allow":["GET"]}}],"collection":[{"href":"https:\/\/www.laguiadepamplona.com\/actualidad\/wp-json\/wp\/v2\/posts"}],"about":[{"href":"https:\/\/www.laguiadepamplona.com\/actualidad\/wp-json\/wp\/v2\/types\/post"}],"author":[{"embeddable":true,"href":"https:\/\/www.laguiadepamplona.com\/actualidad\/wp-json\/wp\/v2\/users\/1"}],"replies":[{"embeddable":true,"href":"https:\/\/www.laguiadepamplona.com\/actualidad\/wp-json\/wp\/v2\/comments?post=41246"}],"version-history":[{"count":0,"href":"https:\/\/www.laguiadepamplona.com\/actualidad\/wp-json\/wp\/v2\/posts\/41246\/revisions"}],"wp:featuredmedia":[{"embeddable":true,"href":"https:\/\/www.laguiadepamplona.com\/actualidad\/wp-json\/wp\/v2\/media\/41247"}],"wp:attachment":[{"href":"https:\/\/www.laguiadepamplona.com\/actualidad\/wp-json\/wp\/v2\/media?parent=41246"}],"wp:term":[{"taxonomy":"category","embeddable":true,"href":"https:\/\/www.laguiadepamplona.com\/actualidad\/wp-json\/wp\/v2\/categories?post=41246"},{"taxonomy":"post_tag","embeddable":true,"href":"https:\/\/www.laguiadepamplona.com\/actualidad\/wp-json\/wp\/v2\/tags?post=41246"}],"curies":[{"name":"wp","href":"https:\/\/api.w.org\/{rel}","templated":true}]}}