{"id":41234,"date":"2022-08-05T14:22:27","date_gmt":"2022-08-05T12:22:27","guid":{"rendered":"https:\/\/www.laguiadepamplona.com\/actualidad\/?p=41234"},"modified":"2023-04-11T11:47:56","modified_gmt":"2023-04-11T09:47:56","slug":"el-lunes-8-de-agosto-el-parque-de-etxabakoiz-iniciara-con-sonic-la-pelicula-las-proyecciones-de-la-segunda-semana-del-ciclo-municipal-noches-de-cine","status":"publish","type":"post","link":"https:\/\/www.laguiadepamplona.com\/actualidad\/el-lunes-8-de-agosto-el-parque-de-etxabakoiz-iniciara-con-sonic-la-pelicula-las-proyecciones-de-la-segunda-semana-del-ciclo-municipal-noches-de-cine\/","title":{"rendered":"El lunes 8 de agosto el parque de Etxabakoiz iniciar\u00e1 con \u2018Sonic, la pel\u00edcula\u2019 las proyecciones de la segunda semana del ciclo municipal Noches de cine"},"content":{"rendered":"<h5>Este programa cumple 26 a\u00f1os de andadura en la ciudad y ofrece sesiones gratuitas en espacios abiertos durante todo el mes de agosto<\/h5>\n<p><!--more--><\/p>\n<p>Esta noche a las 22 horas se proyectar\u00e1 en euskera en el patio del palacio de Ezpeleta el filme \u2018Akelarre\u2019 (Espa\u00f1a, 2020, 90\u2019), del director Pablo Ag\u00fcero, una cinta galardonada con cinco premios Goya que trata la brujer\u00eda y est\u00e1 ambientada en Pa\u00eds Vasco en 1609. Tras esta sesi\u00f3n el lunes 8 de agosto continuar\u00e1n las noches de cine en el parque de Etxabakoitz.<br \/>\n<script async src=\"\/\/pagead2.googlesyndication.com\/pagead\/js\/adsbygoogle.js\"><\/script><br \/>\n<!-- Noticias La Guia de Pamplona --><br \/>\n<ins class=\"adsbygoogle\"\nstyle=\"display:block\"\ndata-ad-client=\"ca-pub-6943679897239327\"\ndata-ad-slot=\"7048180777\"\ndata-ad-format=\"auto\"><\/ins><br \/>\n<script>\n(adsbygoogle = window.adsbygoogle || []).push({});\n<\/script><\/p>\n<p>Lo previsto en la proyecci\u00f3n de \u2018Sonic, la pel\u00edcula\u2019 (EEUU, 2020, 99\u2019). Esta coproducci\u00f3n estadounidense-japonesa, basada en la franquicia de videojuegos del mismo nombre publicada por Sega, cuenta las aventuras del descarado erizo azul y su amigo humano y polic\u00eda, Tom Wachowski (James Marsden) que luchan contra el malvado Dr. Robotnik (Jim Carrey). Ser\u00e1 en el parque de Etxabakoitz. El martes la pantalla del Ayuntamiento se trasladar\u00e1 al paseo de Buztintxuri con la proyecci\u00f3n de \u2018Spirit. Indomable\u2019 (EEUU, 2021, 87\u2019) un filme infantil de animaci\u00f3n en el que una joven traba una especial relaci\u00f3n con un caballo salvaje en un peque\u00f1o pueblo fronterizo.<\/p>\n<p>Para el mi\u00e9rcoles 10 la propuesta de la cartelera municipal es \u2018\u00a1Va por nosotras!\u2019 (Francia, 2019, 95\u2019) un drama feminista ambientado en el \u00e1mbito del deporte femenino. El equipo de f\u00fatbol de Clourri\u00e8res, un peque\u00f1o f\u00fatbol del norte de Francia es suspendido en su totalidad hasta el final de la temporada tras una pelea. Su entrenador decide reconvertir el club a una categor\u00eda exclusivamente femenina para poder terminar el campeonato. La cinta cuenta con la direcci\u00f3n de Mohamed Hamidi. La pel\u00edcula de proyectar\u00e1 en las praderas del parque de Yamaguchi.<br \/>\n<script async src=\"\/\/pagead2.googlesyndication.com\/pagead\/js\/adsbygoogle.js\"><\/script><br \/>\n<!-- Noticias La Guia de Pamplona --><br \/>\n<ins class=\"adsbygoogle\"\nstyle=\"display:block\"\ndata-ad-client=\"ca-pub-6943679897239327\"\ndata-ad-slot=\"7048180777\"\ndata-ad-format=\"auto\"><\/ins><br \/>\n<script>\n(adsbygoogle = window.adsbygoogle || []).push({});\n<\/script><\/p>\n<p><strong>26 a\u00f1os con agostos \u2018de cine\u2019<\/strong><\/p>\n<p>El ciclo Noches de cine que realiza el Ayuntamiento de Pamplona a trav\u00e9s de la red Civivox, ha programado para esta edici\u00f3n veinte pel\u00edculas en diez escenarios de otros tantos barrios de la ciudad: el parque de Etxabakoitz, el paseo de Buztintxuri, el parque de Yamaguchi, el parque del Lago de Mendillorri, el patio del Palacio de Ezpeleta en el Casco Antiguo, la plaza de Arriurdi\u00f1eta en la Txantrea, la plaza del Doctor Gortari en San Jorge, la plaza de Alfredo Florist\u00e1n en la Milagrosa, el parque Enamorados de la Rochapea y el bulevar de Iturrama.<\/p>\n<p>Cada uno de estos espacios acoger\u00e1 dos proyecciones en dos semanas consecutivas, siempre el mismo d\u00eda de la semana, a las 22 horas y con entrada gratuita.<\/p>\n<p>Esta actividad se realiza en Pamplona desde el a\u00f1o 1997. En estos 26 a\u00f1os el ciclo ha ido extendiendo sus escenarios, aumentando su programaci\u00f3n y modificando los criterios de exhibici\u00f3n. Esta iniciativa, aunque depende en gran medida de tener una climatolog\u00eda favorable, obtiene cada verano la participaci\u00f3n de miles de pamploneses.<br \/>\n<script async src=\"\/\/pagead2.googlesyndication.com\/pagead\/js\/adsbygoogle.js\"><\/script><br \/>\n<!-- Noticias La Guia de Pamplona --><br \/>\n<ins class=\"adsbygoogle\"\nstyle=\"display:block\"\ndata-ad-client=\"ca-pub-6943679897239327\"\ndata-ad-slot=\"7048180777\"\ndata-ad-format=\"auto\"><\/ins><br \/>\n<script>\n(adsbygoogle = window.adsbygoogle || []).push({});\n<\/script><\/p>\n<p>&nbsp;<\/p>\n<h3><strong>Noches de Cine<\/strong><\/h3>\n<ul>\n<li><strong>Viernes 5 de agosto<\/strong>. Patio del Palacio de Ezpeleta.<\/li>\n<\/ul>\n<p>Akelarre (en euskera, con subt\u00edtulos en castellano)<\/p>\n<ul>\n<li><strong>Lunes 8 de agosto<\/strong>. Parque de Etxabakoitz<\/li>\n<\/ul>\n<p>Sonic, la pel\u00edcula<\/p>\n<ul>\n<li><strong>Martes 9 de agosto<\/strong>. Paseo de Buztintxuri<\/li>\n<\/ul>\n<p>Spirit. Indomable<\/p>\n<ul>\n<li><strong>Mi\u00e9rcoles 10 de agosto<\/strong>. Parque de Yamaguchi<\/li>\n<\/ul>\n<p>\u00a1Va por nosotras<\/p>\n","protected":false},"excerpt":{"rendered":"<p>Este programa cumple 26 a\u00f1os de andadura en la ciudad y ofrece sesiones gratuitas en espacios abiertos durante todo el mes de agosto<\/p>\n","protected":false},"author":1,"featured_media":41235,"comment_status":"open","ping_status":"closed","sticky":false,"template":"","format":"standard","meta":{"footnotes":""},"categories":[2],"tags":[],"class_list":["post-41234","post","type-post","status-publish","format-standard","has-post-thumbnail","hentry","category-ayuntamiento-pamplona"],"yoast_head":"<!-- This site is optimized with the Yoast SEO plugin v27.3 - https:\/\/yoast.com\/product\/yoast-seo-wordpress\/ -->\n<title>El lunes 8 de agosto el parque de Etxabakoiz iniciar\u00e1 con \u2018Sonic, la pel\u00edcula\u2019 las proyecciones de la segunda semana del ciclo municipal Noches de cine<\/title>\n<meta name=\"description\" content=\"Este programa cumple 26 a\u00f1os de andadura en la ciudad y ofrece sesiones gratuitas en espacios abiertos durante todo el mes de agosto\" \/>\n<meta name=\"robots\" content=\"index, follow, max-snippet:-1, max-image-preview:large, max-video-preview:-1\" \/>\n<link rel=\"canonical\" href=\"https:\/\/www.laguiadepamplona.com\/actualidad\/el-lunes-8-de-agosto-el-parque-de-etxabakoiz-iniciara-con-sonic-la-pelicula-las-proyecciones-de-la-segunda-semana-del-ciclo-municipal-noches-de-cine\/\" \/>\n<meta property=\"og:locale\" content=\"es_ES\" \/>\n<meta property=\"og:type\" content=\"article\" \/>\n<meta property=\"og:title\" content=\"El lunes 8 de agosto el parque de Etxabakoiz iniciar\u00e1 con \u2018Sonic, la pel\u00edcula\u2019 las proyecciones de la segunda semana del ciclo municipal Noches de cine\" \/>\n<meta property=\"og:description\" content=\"Este programa cumple 26 a\u00f1os de andadura en la ciudad y ofrece sesiones gratuitas en espacios abiertos durante todo el mes de agosto\" \/>\n<meta property=\"og:url\" content=\"https:\/\/www.laguiadepamplona.com\/actualidad\/el-lunes-8-de-agosto-el-parque-de-etxabakoiz-iniciara-con-sonic-la-pelicula-las-proyecciones-de-la-segunda-semana-del-ciclo-municipal-noches-de-cine\/\" \/>\n<meta property=\"og:site_name\" content=\"La Gu\u00eda de Pamplona\" \/>\n<meta property=\"article:publisher\" content=\"https:\/\/www.facebook.com\/laguiadepamplonacom-133175176762273\/?ref=hl\" \/>\n<meta property=\"article:published_time\" content=\"2022-08-05T12:22:27+00:00\" \/>\n<meta property=\"article:modified_time\" content=\"2023-04-11T09:47:56+00:00\" \/>\n<meta property=\"og:image\" content=\"https:\/\/www.laguiadepamplona.com\/actualidad\/wp-content\/uploads\/2022\/08\/CINE-VERANO-BUSTINTXURI_EE5A3973.webp\" \/>\n\t<meta property=\"og:image:width\" content=\"1920\" \/>\n\t<meta property=\"og:image:height\" content=\"1280\" \/>\n\t<meta property=\"og:image:type\" content=\"image\/webp\" \/>\n<meta name=\"author\" content=\"La Gu\u00eda de Pamplona\" \/>\n<meta name=\"twitter:card\" content=\"summary_large_image\" \/>\n<meta name=\"twitter:creator\" content=\"@LaGuiadPamplona\" \/>\n<meta name=\"twitter:site\" content=\"@LaGuiadPamplona\" \/>\n<meta name=\"twitter:label1\" content=\"Escrito por\" \/>\n\t<meta name=\"twitter:data1\" content=\"La Gu\u00eda de Pamplona\" \/>\n\t<meta name=\"twitter:label2\" content=\"Tiempo de lectura\" \/>\n\t<meta name=\"twitter:data2\" content=\"3 minutos\" \/>\n<script type=\"application\/ld+json\" class=\"yoast-schema-graph\">{\"@context\":\"https:\\\/\\\/schema.org\",\"@graph\":[{\"@type\":\"Article\",\"@id\":\"https:\\\/\\\/www.laguiadepamplona.com\\\/actualidad\\\/el-lunes-8-de-agosto-el-parque-de-etxabakoiz-iniciara-con-sonic-la-pelicula-las-proyecciones-de-la-segunda-semana-del-ciclo-municipal-noches-de-cine\\\/#article\",\"isPartOf\":{\"@id\":\"https:\\\/\\\/www.laguiadepamplona.com\\\/actualidad\\\/el-lunes-8-de-agosto-el-parque-de-etxabakoiz-iniciara-con-sonic-la-pelicula-las-proyecciones-de-la-segunda-semana-del-ciclo-municipal-noches-de-cine\\\/\"},\"author\":{\"name\":\"La Gu\u00eda de Pamplona\",\"@id\":\"https:\\\/\\\/www.laguiadepamplona.com\\\/actualidad\\\/#\\\/schema\\\/person\\\/efe887376f0213d4657c93adc50b1fdb\"},\"headline\":\"El lunes 8 de agosto el parque de Etxabakoiz iniciar\u00e1 con \u2018Sonic, la pel\u00edcula\u2019 las proyecciones de la segunda semana del ciclo municipal Noches de cine\",\"datePublished\":\"2022-08-05T12:22:27+00:00\",\"dateModified\":\"2023-04-11T09:47:56+00:00\",\"mainEntityOfPage\":{\"@id\":\"https:\\\/\\\/www.laguiadepamplona.com\\\/actualidad\\\/el-lunes-8-de-agosto-el-parque-de-etxabakoiz-iniciara-con-sonic-la-pelicula-las-proyecciones-de-la-segunda-semana-del-ciclo-municipal-noches-de-cine\\\/\"},\"wordCount\":553,\"commentCount\":0,\"publisher\":{\"@id\":\"https:\\\/\\\/www.laguiadepamplona.com\\\/actualidad\\\/#organization\"},\"image\":{\"@id\":\"https:\\\/\\\/www.laguiadepamplona.com\\\/actualidad\\\/el-lunes-8-de-agosto-el-parque-de-etxabakoiz-iniciara-con-sonic-la-pelicula-las-proyecciones-de-la-segunda-semana-del-ciclo-municipal-noches-de-cine\\\/#primaryimage\"},\"thumbnailUrl\":\"https:\\\/\\\/www.laguiadepamplona.com\\\/actualidad\\\/wp-content\\\/uploads\\\/2022\\\/08\\\/CINE-VERANO-BUSTINTXURI_EE5A3973.webp\",\"articleSection\":[\"Ayto Pamplona\"],\"inLanguage\":\"es\",\"potentialAction\":[{\"@type\":\"CommentAction\",\"name\":\"Comment\",\"target\":[\"https:\\\/\\\/www.laguiadepamplona.com\\\/actualidad\\\/el-lunes-8-de-agosto-el-parque-de-etxabakoiz-iniciara-con-sonic-la-pelicula-las-proyecciones-de-la-segunda-semana-del-ciclo-municipal-noches-de-cine\\\/#respond\"]}]},{\"@type\":\"WebPage\",\"@id\":\"https:\\\/\\\/www.laguiadepamplona.com\\\/actualidad\\\/el-lunes-8-de-agosto-el-parque-de-etxabakoiz-iniciara-con-sonic-la-pelicula-las-proyecciones-de-la-segunda-semana-del-ciclo-municipal-noches-de-cine\\\/\",\"url\":\"https:\\\/\\\/www.laguiadepamplona.com\\\/actualidad\\\/el-lunes-8-de-agosto-el-parque-de-etxabakoiz-iniciara-con-sonic-la-pelicula-las-proyecciones-de-la-segunda-semana-del-ciclo-municipal-noches-de-cine\\\/\",\"name\":\"El lunes 8 de agosto el parque de Etxabakoiz iniciar\u00e1 con \u2018Sonic, la pel\u00edcula\u2019 las proyecciones de la segunda semana del ciclo municipal Noches de cine\",\"isPartOf\":{\"@id\":\"https:\\\/\\\/www.laguiadepamplona.com\\\/actualidad\\\/#website\"},\"primaryImageOfPage\":{\"@id\":\"https:\\\/\\\/www.laguiadepamplona.com\\\/actualidad\\\/el-lunes-8-de-agosto-el-parque-de-etxabakoiz-iniciara-con-sonic-la-pelicula-las-proyecciones-de-la-segunda-semana-del-ciclo-municipal-noches-de-cine\\\/#primaryimage\"},\"image\":{\"@id\":\"https:\\\/\\\/www.laguiadepamplona.com\\\/actualidad\\\/el-lunes-8-de-agosto-el-parque-de-etxabakoiz-iniciara-con-sonic-la-pelicula-las-proyecciones-de-la-segunda-semana-del-ciclo-municipal-noches-de-cine\\\/#primaryimage\"},\"thumbnailUrl\":\"https:\\\/\\\/www.laguiadepamplona.com\\\/actualidad\\\/wp-content\\\/uploads\\\/2022\\\/08\\\/CINE-VERANO-BUSTINTXURI_EE5A3973.webp\",\"datePublished\":\"2022-08-05T12:22:27+00:00\",\"dateModified\":\"2023-04-11T09:47:56+00:00\",\"description\":\"Este programa cumple 26 a\u00f1os de andadura en la ciudad y ofrece sesiones gratuitas en espacios abiertos durante todo el mes de agosto\",\"breadcrumb\":{\"@id\":\"https:\\\/\\\/www.laguiadepamplona.com\\\/actualidad\\\/el-lunes-8-de-agosto-el-parque-de-etxabakoiz-iniciara-con-sonic-la-pelicula-las-proyecciones-de-la-segunda-semana-del-ciclo-municipal-noches-de-cine\\\/#breadcrumb\"},\"inLanguage\":\"es\",\"potentialAction\":[{\"@type\":\"ReadAction\",\"target\":[\"https:\\\/\\\/www.laguiadepamplona.com\\\/actualidad\\\/el-lunes-8-de-agosto-el-parque-de-etxabakoiz-iniciara-con-sonic-la-pelicula-las-proyecciones-de-la-segunda-semana-del-ciclo-municipal-noches-de-cine\\\/\"]}]},{\"@type\":\"ImageObject\",\"inLanguage\":\"es\",\"@id\":\"https:\\\/\\\/www.laguiadepamplona.com\\\/actualidad\\\/el-lunes-8-de-agosto-el-parque-de-etxabakoiz-iniciara-con-sonic-la-pelicula-las-proyecciones-de-la-segunda-semana-del-ciclo-municipal-noches-de-cine\\\/#primaryimage\",\"url\":\"https:\\\/\\\/www.laguiadepamplona.com\\\/actualidad\\\/wp-content\\\/uploads\\\/2022\\\/08\\\/CINE-VERANO-BUSTINTXURI_EE5A3973.webp\",\"contentUrl\":\"https:\\\/\\\/www.laguiadepamplona.com\\\/actualidad\\\/wp-content\\\/uploads\\\/2022\\\/08\\\/CINE-VERANO-BUSTINTXURI_EE5A3973.webp\",\"width\":1920,\"height\":1280,\"caption\":\"noche de cine\"},{\"@type\":\"BreadcrumbList\",\"@id\":\"https:\\\/\\\/www.laguiadepamplona.com\\\/actualidad\\\/el-lunes-8-de-agosto-el-parque-de-etxabakoiz-iniciara-con-sonic-la-pelicula-las-proyecciones-de-la-segunda-semana-del-ciclo-municipal-noches-de-cine\\\/#breadcrumb\",\"itemListElement\":[{\"@type\":\"ListItem\",\"position\":1,\"name\":\"Portada\",\"item\":\"https:\\\/\\\/www.laguiadepamplona.com\\\/actualidad\\\/\"},{\"@type\":\"ListItem\",\"position\":2,\"name\":\"El lunes 8 de agosto el parque de Etxabakoiz iniciar\u00e1 con \u2018Sonic, la pel\u00edcula\u2019 las proyecciones de la segunda semana del ciclo municipal Noches de cine\"}]},{\"@type\":\"WebSite\",\"@id\":\"https:\\\/\\\/www.laguiadepamplona.com\\\/actualidad\\\/#website\",\"url\":\"https:\\\/\\\/www.laguiadepamplona.com\\\/actualidad\\\/\",\"name\":\"La gu\u00eda de Pamplona\",\"description\":\"Noticias de Pamplona\",\"publisher\":{\"@id\":\"https:\\\/\\\/www.laguiadepamplona.com\\\/actualidad\\\/#organization\"},\"potentialAction\":[{\"@type\":\"SearchAction\",\"target\":{\"@type\":\"EntryPoint\",\"urlTemplate\":\"https:\\\/\\\/www.laguiadepamplona.com\\\/actualidad\\\/?s={search_term_string}\"},\"query-input\":{\"@type\":\"PropertyValueSpecification\",\"valueRequired\":true,\"valueName\":\"search_term_string\"}}],\"inLanguage\":\"es\"},{\"@type\":\"Organization\",\"@id\":\"https:\\\/\\\/www.laguiadepamplona.com\\\/actualidad\\\/#organization\",\"name\":\"La Gu\u00eda de Pamplona \\\/ Noticias\",\"url\":\"https:\\\/\\\/www.laguiadepamplona.com\\\/actualidad\\\/\",\"logo\":{\"@type\":\"ImageObject\",\"inLanguage\":\"es\",\"@id\":\"https:\\\/\\\/www.laguiadepamplona.com\\\/actualidad\\\/#\\\/schema\\\/logo\\\/image\\\/\",\"url\":\"https:\\\/\\\/www.laguiadepamplona.com\\\/actualidad\\\/wp-content\\\/uploads\\\/2018\\\/11\\\/logo-laguiadepamplona18-web1.png\",\"contentUrl\":\"https:\\\/\\\/www.laguiadepamplona.com\\\/actualidad\\\/wp-content\\\/uploads\\\/2018\\\/11\\\/logo-laguiadepamplona18-web1.png\",\"width\":600,\"height\":196,\"caption\":\"La Gu\u00eda de Pamplona \\\/ Noticias\"},\"image\":{\"@id\":\"https:\\\/\\\/www.laguiadepamplona.com\\\/actualidad\\\/#\\\/schema\\\/logo\\\/image\\\/\"},\"sameAs\":[\"https:\\\/\\\/www.facebook.com\\\/laguiadepamplonacom-133175176762273\\\/?ref=hl\",\"https:\\\/\\\/x.com\\\/LaGuiadPamplona\",\"https:\\\/\\\/www.instagram.com\\\/la_guia_de_pamplona\\\/\",\"https:\\\/\\\/www.youtube.com\\\/user\\\/laguiadepamplona\"]},{\"@type\":\"Person\",\"@id\":\"https:\\\/\\\/www.laguiadepamplona.com\\\/actualidad\\\/#\\\/schema\\\/person\\\/efe887376f0213d4657c93adc50b1fdb\",\"name\":\"La Gu\u00eda de Pamplona\",\"image\":{\"@type\":\"ImageObject\",\"inLanguage\":\"es\",\"@id\":\"https:\\\/\\\/secure.gravatar.com\\\/avatar\\\/b6992f131dc8d30ab0dff15446e9d346d9dbd95992de0fef795073f5ea83a81c?s=96&d=mm&r=g\",\"url\":\"https:\\\/\\\/secure.gravatar.com\\\/avatar\\\/b6992f131dc8d30ab0dff15446e9d346d9dbd95992de0fef795073f5ea83a81c?s=96&d=mm&r=g\",\"contentUrl\":\"https:\\\/\\\/secure.gravatar.com\\\/avatar\\\/b6992f131dc8d30ab0dff15446e9d346d9dbd95992de0fef795073f5ea83a81c?s=96&d=mm&r=g\",\"caption\":\"La Gu\u00eda de Pamplona\"}}]}<\/script>\n<!-- \/ Yoast SEO plugin. -->","yoast_head_json":{"title":"El lunes 8 de agosto el parque de Etxabakoiz iniciar\u00e1 con \u2018Sonic, la pel\u00edcula\u2019 las proyecciones de la segunda semana del ciclo municipal Noches de cine","description":"Este programa cumple 26 a\u00f1os de andadura en la ciudad y ofrece sesiones gratuitas en espacios abiertos durante todo el mes de agosto","robots":{"index":"index","follow":"follow","max-snippet":"max-snippet:-1","max-image-preview":"max-image-preview:large","max-video-preview":"max-video-preview:-1"},"canonical":"https:\/\/www.laguiadepamplona.com\/actualidad\/el-lunes-8-de-agosto-el-parque-de-etxabakoiz-iniciara-con-sonic-la-pelicula-las-proyecciones-de-la-segunda-semana-del-ciclo-municipal-noches-de-cine\/","og_locale":"es_ES","og_type":"article","og_title":"El lunes 8 de agosto el parque de Etxabakoiz iniciar\u00e1 con \u2018Sonic, la pel\u00edcula\u2019 las proyecciones de la segunda semana del ciclo municipal Noches de cine","og_description":"Este programa cumple 26 a\u00f1os de andadura en la ciudad y ofrece sesiones gratuitas en espacios abiertos durante todo el mes de agosto","og_url":"https:\/\/www.laguiadepamplona.com\/actualidad\/el-lunes-8-de-agosto-el-parque-de-etxabakoiz-iniciara-con-sonic-la-pelicula-las-proyecciones-de-la-segunda-semana-del-ciclo-municipal-noches-de-cine\/","og_site_name":"La Gu\u00eda de Pamplona","article_publisher":"https:\/\/www.facebook.com\/laguiadepamplonacom-133175176762273\/?ref=hl","article_published_time":"2022-08-05T12:22:27+00:00","article_modified_time":"2023-04-11T09:47:56+00:00","og_image":[{"width":1920,"height":1280,"url":"https:\/\/www.laguiadepamplona.com\/actualidad\/wp-content\/uploads\/2022\/08\/CINE-VERANO-BUSTINTXURI_EE5A3973.webp","type":"image\/webp"}],"author":"La Gu\u00eda de Pamplona","twitter_card":"summary_large_image","twitter_creator":"@LaGuiadPamplona","twitter_site":"@LaGuiadPamplona","twitter_misc":{"Escrito por":"La Gu\u00eda de Pamplona","Tiempo de lectura":"3 minutos"},"schema":{"@context":"https:\/\/schema.org","@graph":[{"@type":"Article","@id":"https:\/\/www.laguiadepamplona.com\/actualidad\/el-lunes-8-de-agosto-el-parque-de-etxabakoiz-iniciara-con-sonic-la-pelicula-las-proyecciones-de-la-segunda-semana-del-ciclo-municipal-noches-de-cine\/#article","isPartOf":{"@id":"https:\/\/www.laguiadepamplona.com\/actualidad\/el-lunes-8-de-agosto-el-parque-de-etxabakoiz-iniciara-con-sonic-la-pelicula-las-proyecciones-de-la-segunda-semana-del-ciclo-municipal-noches-de-cine\/"},"author":{"name":"La Gu\u00eda de Pamplona","@id":"https:\/\/www.laguiadepamplona.com\/actualidad\/#\/schema\/person\/efe887376f0213d4657c93adc50b1fdb"},"headline":"El lunes 8 de agosto el parque de Etxabakoiz iniciar\u00e1 con \u2018Sonic, la pel\u00edcula\u2019 las proyecciones de la segunda semana del ciclo municipal Noches de cine","datePublished":"2022-08-05T12:22:27+00:00","dateModified":"2023-04-11T09:47:56+00:00","mainEntityOfPage":{"@id":"https:\/\/www.laguiadepamplona.com\/actualidad\/el-lunes-8-de-agosto-el-parque-de-etxabakoiz-iniciara-con-sonic-la-pelicula-las-proyecciones-de-la-segunda-semana-del-ciclo-municipal-noches-de-cine\/"},"wordCount":553,"commentCount":0,"publisher":{"@id":"https:\/\/www.laguiadepamplona.com\/actualidad\/#organization"},"image":{"@id":"https:\/\/www.laguiadepamplona.com\/actualidad\/el-lunes-8-de-agosto-el-parque-de-etxabakoiz-iniciara-con-sonic-la-pelicula-las-proyecciones-de-la-segunda-semana-del-ciclo-municipal-noches-de-cine\/#primaryimage"},"thumbnailUrl":"https:\/\/www.laguiadepamplona.com\/actualidad\/wp-content\/uploads\/2022\/08\/CINE-VERANO-BUSTINTXURI_EE5A3973.webp","articleSection":["Ayto Pamplona"],"inLanguage":"es","potentialAction":[{"@type":"CommentAction","name":"Comment","target":["https:\/\/www.laguiadepamplona.com\/actualidad\/el-lunes-8-de-agosto-el-parque-de-etxabakoiz-iniciara-con-sonic-la-pelicula-las-proyecciones-de-la-segunda-semana-del-ciclo-municipal-noches-de-cine\/#respond"]}]},{"@type":"WebPage","@id":"https:\/\/www.laguiadepamplona.com\/actualidad\/el-lunes-8-de-agosto-el-parque-de-etxabakoiz-iniciara-con-sonic-la-pelicula-las-proyecciones-de-la-segunda-semana-del-ciclo-municipal-noches-de-cine\/","url":"https:\/\/www.laguiadepamplona.com\/actualidad\/el-lunes-8-de-agosto-el-parque-de-etxabakoiz-iniciara-con-sonic-la-pelicula-las-proyecciones-de-la-segunda-semana-del-ciclo-municipal-noches-de-cine\/","name":"El lunes 8 de agosto el parque de Etxabakoiz iniciar\u00e1 con \u2018Sonic, la pel\u00edcula\u2019 las proyecciones de la segunda semana del ciclo municipal Noches de cine","isPartOf":{"@id":"https:\/\/www.laguiadepamplona.com\/actualidad\/#website"},"primaryImageOfPage":{"@id":"https:\/\/www.laguiadepamplona.com\/actualidad\/el-lunes-8-de-agosto-el-parque-de-etxabakoiz-iniciara-con-sonic-la-pelicula-las-proyecciones-de-la-segunda-semana-del-ciclo-municipal-noches-de-cine\/#primaryimage"},"image":{"@id":"https:\/\/www.laguiadepamplona.com\/actualidad\/el-lunes-8-de-agosto-el-parque-de-etxabakoiz-iniciara-con-sonic-la-pelicula-las-proyecciones-de-la-segunda-semana-del-ciclo-municipal-noches-de-cine\/#primaryimage"},"thumbnailUrl":"https:\/\/www.laguiadepamplona.com\/actualidad\/wp-content\/uploads\/2022\/08\/CINE-VERANO-BUSTINTXURI_EE5A3973.webp","datePublished":"2022-08-05T12:22:27+00:00","dateModified":"2023-04-11T09:47:56+00:00","description":"Este programa cumple 26 a\u00f1os de andadura en la ciudad y ofrece sesiones gratuitas en espacios abiertos durante todo el mes de agosto","breadcrumb":{"@id":"https:\/\/www.laguiadepamplona.com\/actualidad\/el-lunes-8-de-agosto-el-parque-de-etxabakoiz-iniciara-con-sonic-la-pelicula-las-proyecciones-de-la-segunda-semana-del-ciclo-municipal-noches-de-cine\/#breadcrumb"},"inLanguage":"es","potentialAction":[{"@type":"ReadAction","target":["https:\/\/www.laguiadepamplona.com\/actualidad\/el-lunes-8-de-agosto-el-parque-de-etxabakoiz-iniciara-con-sonic-la-pelicula-las-proyecciones-de-la-segunda-semana-del-ciclo-municipal-noches-de-cine\/"]}]},{"@type":"ImageObject","inLanguage":"es","@id":"https:\/\/www.laguiadepamplona.com\/actualidad\/el-lunes-8-de-agosto-el-parque-de-etxabakoiz-iniciara-con-sonic-la-pelicula-las-proyecciones-de-la-segunda-semana-del-ciclo-municipal-noches-de-cine\/#primaryimage","url":"https:\/\/www.laguiadepamplona.com\/actualidad\/wp-content\/uploads\/2022\/08\/CINE-VERANO-BUSTINTXURI_EE5A3973.webp","contentUrl":"https:\/\/www.laguiadepamplona.com\/actualidad\/wp-content\/uploads\/2022\/08\/CINE-VERANO-BUSTINTXURI_EE5A3973.webp","width":1920,"height":1280,"caption":"noche de cine"},{"@type":"BreadcrumbList","@id":"https:\/\/www.laguiadepamplona.com\/actualidad\/el-lunes-8-de-agosto-el-parque-de-etxabakoiz-iniciara-con-sonic-la-pelicula-las-proyecciones-de-la-segunda-semana-del-ciclo-municipal-noches-de-cine\/#breadcrumb","itemListElement":[{"@type":"ListItem","position":1,"name":"Portada","item":"https:\/\/www.laguiadepamplona.com\/actualidad\/"},{"@type":"ListItem","position":2,"name":"El lunes 8 de agosto el parque de Etxabakoiz iniciar\u00e1 con \u2018Sonic, la pel\u00edcula\u2019 las proyecciones de la segunda semana del ciclo municipal Noches de cine"}]},{"@type":"WebSite","@id":"https:\/\/www.laguiadepamplona.com\/actualidad\/#website","url":"https:\/\/www.laguiadepamplona.com\/actualidad\/","name":"La gu\u00eda de Pamplona","description":"Noticias de Pamplona","publisher":{"@id":"https:\/\/www.laguiadepamplona.com\/actualidad\/#organization"},"potentialAction":[{"@type":"SearchAction","target":{"@type":"EntryPoint","urlTemplate":"https:\/\/www.laguiadepamplona.com\/actualidad\/?s={search_term_string}"},"query-input":{"@type":"PropertyValueSpecification","valueRequired":true,"valueName":"search_term_string"}}],"inLanguage":"es"},{"@type":"Organization","@id":"https:\/\/www.laguiadepamplona.com\/actualidad\/#organization","name":"La Gu\u00eda de Pamplona \/ Noticias","url":"https:\/\/www.laguiadepamplona.com\/actualidad\/","logo":{"@type":"ImageObject","inLanguage":"es","@id":"https:\/\/www.laguiadepamplona.com\/actualidad\/#\/schema\/logo\/image\/","url":"https:\/\/www.laguiadepamplona.com\/actualidad\/wp-content\/uploads\/2018\/11\/logo-laguiadepamplona18-web1.png","contentUrl":"https:\/\/www.laguiadepamplona.com\/actualidad\/wp-content\/uploads\/2018\/11\/logo-laguiadepamplona18-web1.png","width":600,"height":196,"caption":"La Gu\u00eda de Pamplona \/ Noticias"},"image":{"@id":"https:\/\/www.laguiadepamplona.com\/actualidad\/#\/schema\/logo\/image\/"},"sameAs":["https:\/\/www.facebook.com\/laguiadepamplonacom-133175176762273\/?ref=hl","https:\/\/x.com\/LaGuiadPamplona","https:\/\/www.instagram.com\/la_guia_de_pamplona\/","https:\/\/www.youtube.com\/user\/laguiadepamplona"]},{"@type":"Person","@id":"https:\/\/www.laguiadepamplona.com\/actualidad\/#\/schema\/person\/efe887376f0213d4657c93adc50b1fdb","name":"La Gu\u00eda de Pamplona","image":{"@type":"ImageObject","inLanguage":"es","@id":"https:\/\/secure.gravatar.com\/avatar\/b6992f131dc8d30ab0dff15446e9d346d9dbd95992de0fef795073f5ea83a81c?s=96&d=mm&r=g","url":"https:\/\/secure.gravatar.com\/avatar\/b6992f131dc8d30ab0dff15446e9d346d9dbd95992de0fef795073f5ea83a81c?s=96&d=mm&r=g","contentUrl":"https:\/\/secure.gravatar.com\/avatar\/b6992f131dc8d30ab0dff15446e9d346d9dbd95992de0fef795073f5ea83a81c?s=96&d=mm&r=g","caption":"La Gu\u00eda de Pamplona"}}]}},"post_mailing_queue_ids":[],"_links":{"self":[{"href":"https:\/\/www.laguiadepamplona.com\/actualidad\/wp-json\/wp\/v2\/posts\/41234","targetHints":{"allow":["GET"]}}],"collection":[{"href":"https:\/\/www.laguiadepamplona.com\/actualidad\/wp-json\/wp\/v2\/posts"}],"about":[{"href":"https:\/\/www.laguiadepamplona.com\/actualidad\/wp-json\/wp\/v2\/types\/post"}],"author":[{"embeddable":true,"href":"https:\/\/www.laguiadepamplona.com\/actualidad\/wp-json\/wp\/v2\/users\/1"}],"replies":[{"embeddable":true,"href":"https:\/\/www.laguiadepamplona.com\/actualidad\/wp-json\/wp\/v2\/comments?post=41234"}],"version-history":[{"count":0,"href":"https:\/\/www.laguiadepamplona.com\/actualidad\/wp-json\/wp\/v2\/posts\/41234\/revisions"}],"wp:featuredmedia":[{"embeddable":true,"href":"https:\/\/www.laguiadepamplona.com\/actualidad\/wp-json\/wp\/v2\/media\/41235"}],"wp:attachment":[{"href":"https:\/\/www.laguiadepamplona.com\/actualidad\/wp-json\/wp\/v2\/media?parent=41234"}],"wp:term":[{"taxonomy":"category","embeddable":true,"href":"https:\/\/www.laguiadepamplona.com\/actualidad\/wp-json\/wp\/v2\/categories?post=41234"},{"taxonomy":"post_tag","embeddable":true,"href":"https:\/\/www.laguiadepamplona.com\/actualidad\/wp-json\/wp\/v2\/tags?post=41234"}],"curies":[{"name":"wp","href":"https:\/\/api.w.org\/{rel}","templated":true}]}}